{"id":2824,"date":"2021-04-10T10:52:56","date_gmt":"2021-04-10T08:52:56","guid":{"rendered":"https:\/\/www.youthforequality.sk\/?p=2824"},"modified":"2021-04-10T10:59:58","modified_gmt":"2021-04-10T08:59:58","slug":"elementor-2824","status":"publish","type":"post","link":"https:\/\/www.youthforequality.sk\/index.php\/2021\/04\/10\/elementor-2824\/","title":{"rendered":"&#8222;Myslela som si, \u017ee nem\u00e1m dos\u0165 mo\u017enost\u00ed na to, aby som sa c\u00edtila ako s\u00fa\u010das\u0165 Eur\u00f3pskej \u00fanie.&#8220;"},"content":{"rendered":"\t\t<div data-elementor-type=\"wp-post\" data-elementor-id=\"2824\" class=\"elementor elementor-2824\">\n\t\t\t\t\t\t<section class=\"elementor-section elementor-top-section elementor-element elementor-element-d54a417 elementor-section-boxed elementor-section-height-default elementor-section-height-default\" data-id=\"d54a417\" data-element_type=\"section\" data-e-type=\"section\">\n\t\t\t\t\t\t<div class=\"elementor-container elementor-column-gap-default\">\n\t\t\t\t\t<div class=\"elementor-column elementor-col-100 elementor-top-column elementor-element elementor-element-b90444d\" data-id=\"b90444d\" data-element_type=\"column\" data-e-type=\"column\">\n\t\t\t<div class=\"elementor-widget-wrap elementor-element-populated\">\n\t\t\t\t\t\t<div class=\"elementor-element elementor-element-72788e3 elementor-widget elementor-widget-text-editor\" data-id=\"72788e3\" data-element_type=\"widget\" data-e-type=\"widget\" data-widget_type=\"text-editor.default\">\n\t\t\t\t<div class=\"elementor-widget-container\">\n\t\t\t\t\t\t\t\t\t<p><span style=\"font-weight: 400;\">Na mojej prvej ml\u00e1de\u017en\u00edckej v\u00fdmene som dostala ot\u00e1zku \u010di sa ja, ako mlad\u00fd \u010dlovek, c\u00edtim by\u0165 s\u00fa\u010das\u0165ou Eur\u00f3pskej \u00fanie. T\u00e1to ot\u00e1zka mi odvtedy zostala v pam\u00e4ti. Mo\u017eno preto, lebo som si vtedy myslela, \u017ee nem\u00e1m dostatok mo\u017enost\u00ed na to, aby som sa tak c\u00edtila a mo\u017eno preto, \u017ee som sa \u00faplne m\u00fdlila. Na mojej prvej ml\u00e1de\u017en\u00edckej v\u00fdmene som sa z\u00fa\u010dastnila ako p\u00e4tn\u00e1s\u0165ro\u010dn\u00e1 a moment\u00e1lne u\u017e piaty rok zis\u0165ujem, ak\u00e9 \u00fa\u017easn\u00e9 mo\u017enosti mi Eur\u00f3pska \u00fania pon\u00faka. Pravdepodobne sa ka\u017ed\u00fd op\u00fdta, \u010do mi ka\u017ed\u00e1 v\u00fdmena a tr\u00e9ning dali. Ur\u010dite nov\u00e9 kamar\u00e1tstva, vedomosti, nov\u00fd poh\u013ead na r\u00f4zne t\u00e9my, ale aj m\u00f4j celkov\u00fd poh\u013ead na svet a r\u00f4zne kult\u00fary a mnoho in\u00fdch zauj\u00edmav\u00fdch mo\u017enost\u00ed. Pr\u00e1ve jedna z t\u00fdchto mo\u017enost\u00ed je aj spolupr\u00e1ca s Youth for Equality. Nielen\u017ee som dostala mo\u017enos\u0165 z\u00fa\u010dastni\u0165 sa mnoh\u00fdch projektov ERASMUS+, ale aj mo\u017enos\u0165 nap\u00edsa\u0165 si vlastn\u00e9 projekty. Na\u0161ou prvou spolo\u010dnou spolupr\u00e1cou je projekt Think globally, act locally, v r\u00e1mci ktor\u00e9ho organizujeme r\u00f4zne eko podujatia ako skupina mlad\u00fdch \u013eud\u00ed. Je \u00fa\u017easn\u00e9 vidie\u0165 ako sa z jednej malej my\u0161lienky spravi\u0165 nie\u010do viac pre na\u0161u plan\u00e9tu vytvorilo nie\u010do ve\u013ek\u00e9. Podarilo sa n\u00e1m zorganizova\u0165 u\u017e nieko\u013eko podujat\u00ed ako napr\u00edklad swap oble\u010denia, veg\u00e1nsky piknik \u010di spolo\u010dn\u00e1 bicyklova\u010dka cez Trnavu. Na medzin\u00e1rodnej \u00farovni sa n\u00e1m podarilo nadviaza\u0165 spolupr\u00e1cu s organiz\u00e1ciou na Sv\u00e4tom Martine v Karibiku, kde pl\u00e1nujeme spolo\u010dne zorganizova\u0165 ml\u00e1de\u017en\u00edcku v\u00fdmenu. Spolu s in\u00fdmi krajinami budeme komunikova\u0165 o ekologick\u00fdch probl\u00e9moch, preto\u017ee bohu\u017eia\u013e sme v tom v\u0161etci spolu a na\u0161a plan\u00e9ta potrebuje, aby ka\u017ed\u00e1 jedna krajina prilo\u017eila ruku k dielu. Ver\u00edm, \u017ee spolu s Youth for Equality zorganizujeme aj na\u0161e \u010fal\u0161ie n\u00e1pady a z\u00e1rove\u0148, \u017ee som V\u00e1s presved\u010dila vyu\u017ei\u0165 t\u00fato \u00fa\u017easn\u00fa mo\u017enos\u0165 a pripoji\u0165 sa k n\u00e1m.\u00a0<\/span><\/p><p>\u00a0<\/p><p>Lenka \u010cern\u00e1, Bilingv\u00e1lne gymn\u00e1zium J\u00e1na Holl\u00e9ho, Trnava<\/p><p>\u00a0<\/p><p>Pre\u010d\u00edtajte si viac projektoch <a href=\"https:\/\/www.thinkgloballyactlocally.eu\/\">Think globally, act locally<\/a> a <a href=\"https:\/\/www.youthforequality.sk\/index.php\/2021\/04\/06\/eco-bridge-for-caribbean\/\">Eco &#8211; bridge for Caribbean<\/a>.<\/p><p><br \/><br \/><br \/><br \/><\/p>\t\t\t\t\t\t\t\t<\/div>\n\t\t\t\t<\/div>\n\t\t\t\t\t<\/div>\n\t\t<\/div>\n\t\t\t\t\t<\/div>\n\t\t<\/section>\n\t\t\t\t<\/div>\n\t\t","protected":false},"excerpt":{"rendered":"<p>Na mojej prvej ml\u00e1de\u017en\u00edckej v\u00fdmene som dostala ot\u00e1zku \u010di sa ja, ako mlad\u00fd \u010dlovek, c\u00edtim by\u0165 s\u00fa\u010das\u0165ou Eur\u00f3pskej \u00fanie. T\u00e1to ot\u00e1zka mi odvtedy zostala v pam\u00e4ti. Mo\u017eno preto, lebo som si vtedy myslela, \u017ee nem\u00e1m dostatok mo\u017enost\u00ed na to, aby som sa tak c\u00edtila a mo\u017eno preto, \u017ee som sa \u00faplne m\u00fdlila. Na mojej prvej&hellip;&nbsp;<a href=\"https:\/\/www.youthforequality.sk\/index.php\/2021\/04\/10\/elementor-2824\/\" class=\"\" rel=\"bookmark\">\u010c\u00edta\u0165 viac &raquo;<span class=\"screen-reader-text\">&#8222;Myslela som si, \u017ee nem\u00e1m dos\u0165 mo\u017enost\u00ed na to, aby som sa c\u00edtila ako s\u00fa\u010das\u0165 Eur\u00f3pskej \u00fanie.&#8220;<\/span><\/a><\/p>\n","protected":false},"author":2,"featured_media":2518,"comment_status":"closed","ping_status":"open","sticky":false,"template":"","format":"standard","meta":{"_uf_show_specific_survey":0,"_uf_disable_surveys":false,"neve_meta_sidebar":"","neve_meta_container":"","neve_meta_enable_content_width":"","neve_meta_content_width":0,"neve_meta_title_alignment":"","neve_meta_author_avatar":"","neve_post_elements_order":"","neve_meta_disable_header":"","neve_meta_disable_footer":"","neve_meta_disable_title":"","_themeisle_gutenberg_block_has_review":false,"footnotes":""},"categories":[3],"tags":[],"class_list":["post-2824","post","type-post","status-publish","format-standard","has-post-thumbnail","hentry","category-blog"],"yoast_head":"<!-- This site is optimized with the Yoast SEO plugin v27.4 - https:\/\/yoast.com\/product\/yoast-seo-wordpress\/ -->\n<title>&quot;Myslela som si, \u017ee nem\u00e1m dos\u0165 mo\u017enost\u00ed na to, aby som sa c\u00edtila ako s\u00fa\u010das\u0165 Eur\u00f3pskej \u00fanie.&quot; |<\/title>\n<meta name=\"robots\" content=\"index, follow, max-snippet:-1, max-image-preview:large, max-video-preview:-1\" \/>\n<link rel=\"canonical\" href=\"https:\/\/www.youthforequality.sk\/index.php\/2021\/04\/10\/elementor-2824\/\" \/>\n<meta property=\"og:locale\" content=\"sk_SK\" \/>\n<meta property=\"og:type\" content=\"article\" \/>\n<meta property=\"og:title\" content=\"&quot;Myslela som si, \u017ee nem\u00e1m dos\u0165 mo\u017enost\u00ed na to, aby som sa c\u00edtila ako s\u00fa\u010das\u0165 Eur\u00f3pskej \u00fanie.&quot; |\" \/>\n<meta property=\"og:description\" content=\"Na mojej prvej ml\u00e1de\u017en\u00edckej v\u00fdmene som dostala ot\u00e1zku \u010di sa ja, ako mlad\u00fd \u010dlovek, c\u00edtim by\u0165 s\u00fa\u010das\u0165ou Eur\u00f3pskej \u00fanie. T\u00e1to ot\u00e1zka mi odvtedy zostala v pam\u00e4ti. Mo\u017eno preto, lebo som si vtedy myslela, \u017ee nem\u00e1m dostatok mo\u017enost\u00ed na to, aby som sa tak c\u00edtila a mo\u017eno preto, \u017ee som sa \u00faplne m\u00fdlila. Na mojej prvej&hellip;&nbsp;\u010c\u00edta\u0165 viac &raquo;&#8222;Myslela som si, \u017ee nem\u00e1m dos\u0165 mo\u017enost\u00ed na to, aby som sa c\u00edtila ako s\u00fa\u010das\u0165 Eur\u00f3pskej \u00fanie.&#8220;\" \/>\n<meta property=\"og:url\" content=\"https:\/\/www.youthforequality.sk\/index.php\/2021\/04\/10\/elementor-2824\/\" \/>\n<meta property=\"article:publisher\" content=\"https:\/\/www.facebook.com\/yeslovakia\" \/>\n<meta property=\"article:published_time\" content=\"2021-04-10T08:52:56+00:00\" \/>\n<meta property=\"article:modified_time\" content=\"2021-04-10T08:59:58+00:00\" \/>\n<meta property=\"og:image\" content=\"https:\/\/www.youthforequality.sk\/wp-content\/uploads\/2021\/04\/hannah-busing-Zyx1bK9mqmA-unsplash.jpg\" \/>\n\t<meta property=\"og:image:width\" content=\"1920\" \/>\n\t<meta property=\"og:image:height\" content=\"1280\" \/>\n\t<meta property=\"og:image:type\" content=\"image\/jpeg\" \/>\n<meta name=\"author\" content=\"Diana Ja\u0161ekov\u00e1\" \/>\n<meta name=\"twitter:card\" content=\"summary_large_image\" \/>\n<meta name=\"twitter:label1\" content=\"Autor\" \/>\n\t<meta name=\"twitter:data1\" content=\"Diana Ja\u0161ekov\u00e1\" \/>\n\t<meta name=\"twitter:label2\" content=\"Predpokladan\u00fd \u010das \u010d\u00edtania\" \/>\n\t<meta name=\"twitter:data2\" content=\"2 min\u00faty\" \/>\n<script type=\"application\/ld+json\" class=\"yoast-schema-graph\">{\"@context\":\"https:\\\/\\\/schema.org\",\"@graph\":[{\"@type\":\"Article\",\"@id\":\"https:\\\/\\\/www.youthforequality.sk\\\/index.php\\\/2021\\\/04\\\/10\\\/elementor-2824\\\/#article\",\"isPartOf\":{\"@id\":\"https:\\\/\\\/www.youthforequality.sk\\\/index.php\\\/2021\\\/04\\\/10\\\/elementor-2824\\\/\"},\"author\":{\"name\":\"Diana Ja\u0161ekov\u00e1\",\"@id\":\"https:\\\/\\\/www.youthforequality.sk\\\/#\\\/schema\\\/person\\\/be8fe75a4ed9c28400bc99a029218b24\"},\"headline\":\"&#8222;Myslela som si, \u017ee nem\u00e1m dos\u0165 mo\u017enost\u00ed na to, aby som sa c\u00edtila ako s\u00fa\u010das\u0165 Eur\u00f3pskej \u00fanie.&#8220;\",\"datePublished\":\"2021-04-10T08:52:56+00:00\",\"dateModified\":\"2021-04-10T08:59:58+00:00\",\"mainEntityOfPage\":{\"@id\":\"https:\\\/\\\/www.youthforequality.sk\\\/index.php\\\/2021\\\/04\\\/10\\\/elementor-2824\\\/\"},\"wordCount\":432,\"publisher\":{\"@id\":\"https:\\\/\\\/www.youthforequality.sk\\\/#organization\"},\"image\":{\"@id\":\"https:\\\/\\\/www.youthforequality.sk\\\/index.php\\\/2021\\\/04\\\/10\\\/elementor-2824\\\/#primaryimage\"},\"thumbnailUrl\":\"https:\\\/\\\/www.youthforequality.sk\\\/wp-content\\\/uploads\\\/2021\\\/04\\\/hannah-busing-Zyx1bK9mqmA-unsplash.jpg\",\"articleSection\":[\"Blog\"],\"inLanguage\":\"sk-SK\"},{\"@type\":\"WebPage\",\"@id\":\"https:\\\/\\\/www.youthforequality.sk\\\/index.php\\\/2021\\\/04\\\/10\\\/elementor-2824\\\/\",\"url\":\"https:\\\/\\\/www.youthforequality.sk\\\/index.php\\\/2021\\\/04\\\/10\\\/elementor-2824\\\/\",\"name\":\"\\\"Myslela som si, \u017ee nem\u00e1m dos\u0165 mo\u017enost\u00ed na to, aby som sa c\u00edtila ako s\u00fa\u010das\u0165 Eur\u00f3pskej \u00fanie.\\\" |\",\"isPartOf\":{\"@id\":\"https:\\\/\\\/www.youthforequality.sk\\\/#website\"},\"primaryImageOfPage\":{\"@id\":\"https:\\\/\\\/www.youthforequality.sk\\\/index.php\\\/2021\\\/04\\\/10\\\/elementor-2824\\\/#primaryimage\"},\"image\":{\"@id\":\"https:\\\/\\\/www.youthforequality.sk\\\/index.php\\\/2021\\\/04\\\/10\\\/elementor-2824\\\/#primaryimage\"},\"thumbnailUrl\":\"https:\\\/\\\/www.youthforequality.sk\\\/wp-content\\\/uploads\\\/2021\\\/04\\\/hannah-busing-Zyx1bK9mqmA-unsplash.jpg\",\"datePublished\":\"2021-04-10T08:52:56+00:00\",\"dateModified\":\"2021-04-10T08:59:58+00:00\",\"breadcrumb\":{\"@id\":\"https:\\\/\\\/www.youthforequality.sk\\\/index.php\\\/2021\\\/04\\\/10\\\/elementor-2824\\\/#breadcrumb\"},\"inLanguage\":\"sk-SK\",\"potentialAction\":[{\"@type\":\"ReadAction\",\"target\":[\"https:\\\/\\\/www.youthforequality.sk\\\/index.php\\\/2021\\\/04\\\/10\\\/elementor-2824\\\/\"]}]},{\"@type\":\"ImageObject\",\"inLanguage\":\"sk-SK\",\"@id\":\"https:\\\/\\\/www.youthforequality.sk\\\/index.php\\\/2021\\\/04\\\/10\\\/elementor-2824\\\/#primaryimage\",\"url\":\"https:\\\/\\\/www.youthforequality.sk\\\/wp-content\\\/uploads\\\/2021\\\/04\\\/hannah-busing-Zyx1bK9mqmA-unsplash.jpg\",\"contentUrl\":\"https:\\\/\\\/www.youthforequality.sk\\\/wp-content\\\/uploads\\\/2021\\\/04\\\/hannah-busing-Zyx1bK9mqmA-unsplash.jpg\",\"width\":1920,\"height\":1280},{\"@type\":\"BreadcrumbList\",\"@id\":\"https:\\\/\\\/www.youthforequality.sk\\\/index.php\\\/2021\\\/04\\\/10\\\/elementor-2824\\\/#breadcrumb\",\"itemListElement\":[{\"@type\":\"ListItem\",\"position\":1,\"name\":\"Home\",\"item\":\"https:\\\/\\\/www.youthforequality.sk\\\/\"},{\"@type\":\"ListItem\",\"position\":2,\"name\":\"&#8222;Myslela som si, \u017ee nem\u00e1m dos\u0165 mo\u017enost\u00ed na to, aby som sa c\u00edtila ako s\u00fa\u010das\u0165 Eur\u00f3pskej \u00fanie.&#8220;\"}]},{\"@type\":\"WebSite\",\"@id\":\"https:\\\/\\\/www.youthforequality.sk\\\/#website\",\"url\":\"https:\\\/\\\/www.youthforequality.sk\\\/\",\"name\":\"\",\"description\":\"\",\"publisher\":{\"@id\":\"https:\\\/\\\/www.youthforequality.sk\\\/#organization\"},\"potentialAction\":[{\"@type\":\"SearchAction\",\"target\":{\"@type\":\"EntryPoint\",\"urlTemplate\":\"https:\\\/\\\/www.youthforequality.sk\\\/?s={search_term_string}\"},\"query-input\":{\"@type\":\"PropertyValueSpecification\",\"valueRequired\":true,\"valueName\":\"search_term_string\"}}],\"inLanguage\":\"sk-SK\"},{\"@type\":\"Organization\",\"@id\":\"https:\\\/\\\/www.youthforequality.sk\\\/#organization\",\"name\":\"Youth for Equality\",\"url\":\"https:\\\/\\\/www.youthforequality.sk\\\/\",\"logo\":{\"@type\":\"ImageObject\",\"inLanguage\":\"sk-SK\",\"@id\":\"https:\\\/\\\/www.youthforequality.sk\\\/#\\\/schema\\\/logo\\\/image\\\/\",\"url\":\"https:\\\/\\\/www.youthforequality.sk\\\/wp-content\\\/uploads\\\/2021\\\/01\\\/vynovene-logo-nove-farby_modra-na-web.png\",\"contentUrl\":\"https:\\\/\\\/www.youthforequality.sk\\\/wp-content\\\/uploads\\\/2021\\\/01\\\/vynovene-logo-nove-farby_modra-na-web.png\",\"width\":1,\"height\":1,\"caption\":\"Youth for Equality\"},\"image\":{\"@id\":\"https:\\\/\\\/www.youthforequality.sk\\\/#\\\/schema\\\/logo\\\/image\\\/\"},\"sameAs\":[\"https:\\\/\\\/www.facebook.com\\\/yeslovakia\"]},{\"@type\":\"Person\",\"@id\":\"https:\\\/\\\/www.youthforequality.sk\\\/#\\\/schema\\\/person\\\/be8fe75a4ed9c28400bc99a029218b24\",\"name\":\"Diana Ja\u0161ekov\u00e1\",\"image\":{\"@type\":\"ImageObject\",\"inLanguage\":\"sk-SK\",\"@id\":\"https:\\\/\\\/secure.gravatar.com\\\/avatar\\\/8c7454049523c9673804cf321f89b38fd4fcd5aa5ad8961f32caaf292dfd996f?s=96&d=mm&r=g\",\"url\":\"https:\\\/\\\/secure.gravatar.com\\\/avatar\\\/8c7454049523c9673804cf321f89b38fd4fcd5aa5ad8961f32caaf292dfd996f?s=96&d=mm&r=g\",\"contentUrl\":\"https:\\\/\\\/secure.gravatar.com\\\/avatar\\\/8c7454049523c9673804cf321f89b38fd4fcd5aa5ad8961f32caaf292dfd996f?s=96&d=mm&r=g\",\"caption\":\"Diana Ja\u0161ekov\u00e1\"},\"url\":\"https:\\\/\\\/www.youthforequality.sk\\\/index.php\\\/author\\\/diajas\\\/\"}]}<\/script>\n<!-- \/ Yoast SEO plugin. -->","yoast_head_json":{"title":"\"Myslela som si, \u017ee nem\u00e1m dos\u0165 mo\u017enost\u00ed na to, aby som sa c\u00edtila ako s\u00fa\u010das\u0165 Eur\u00f3pskej \u00fanie.\" |","robots":{"index":"index","follow":"follow","max-snippet":"max-snippet:-1","max-image-preview":"max-image-preview:large","max-video-preview":"max-video-preview:-1"},"canonical":"https:\/\/www.youthforequality.sk\/index.php\/2021\/04\/10\/elementor-2824\/","og_locale":"sk_SK","og_type":"article","og_title":"\"Myslela som si, \u017ee nem\u00e1m dos\u0165 mo\u017enost\u00ed na to, aby som sa c\u00edtila ako s\u00fa\u010das\u0165 Eur\u00f3pskej \u00fanie.\" |","og_description":"Na mojej prvej ml\u00e1de\u017en\u00edckej v\u00fdmene som dostala ot\u00e1zku \u010di sa ja, ako mlad\u00fd \u010dlovek, c\u00edtim by\u0165 s\u00fa\u010das\u0165ou Eur\u00f3pskej \u00fanie. T\u00e1to ot\u00e1zka mi odvtedy zostala v pam\u00e4ti. Mo\u017eno preto, lebo som si vtedy myslela, \u017ee nem\u00e1m dostatok mo\u017enost\u00ed na to, aby som sa tak c\u00edtila a mo\u017eno preto, \u017ee som sa \u00faplne m\u00fdlila. Na mojej prvej&hellip;&nbsp;\u010c\u00edta\u0165 viac &raquo;&#8222;Myslela som si, \u017ee nem\u00e1m dos\u0165 mo\u017enost\u00ed na to, aby som sa c\u00edtila ako s\u00fa\u010das\u0165 Eur\u00f3pskej \u00fanie.&#8220;","og_url":"https:\/\/www.youthforequality.sk\/index.php\/2021\/04\/10\/elementor-2824\/","article_publisher":"https:\/\/www.facebook.com\/yeslovakia","article_published_time":"2021-04-10T08:52:56+00:00","article_modified_time":"2021-04-10T08:59:58+00:00","og_image":[{"width":1920,"height":1280,"url":"https:\/\/www.youthforequality.sk\/wp-content\/uploads\/2021\/04\/hannah-busing-Zyx1bK9mqmA-unsplash.jpg","type":"image\/jpeg"}],"author":"Diana Ja\u0161ekov\u00e1","twitter_card":"summary_large_image","twitter_misc":{"Autor":"Diana Ja\u0161ekov\u00e1","Predpokladan\u00fd \u010das \u010d\u00edtania":"2 min\u00faty"},"schema":{"@context":"https:\/\/schema.org","@graph":[{"@type":"Article","@id":"https:\/\/www.youthforequality.sk\/index.php\/2021\/04\/10\/elementor-2824\/#article","isPartOf":{"@id":"https:\/\/www.youthforequality.sk\/index.php\/2021\/04\/10\/elementor-2824\/"},"author":{"name":"Diana Ja\u0161ekov\u00e1","@id":"https:\/\/www.youthforequality.sk\/#\/schema\/person\/be8fe75a4ed9c28400bc99a029218b24"},"headline":"&#8222;Myslela som si, \u017ee nem\u00e1m dos\u0165 mo\u017enost\u00ed na to, aby som sa c\u00edtila ako s\u00fa\u010das\u0165 Eur\u00f3pskej \u00fanie.&#8220;","datePublished":"2021-04-10T08:52:56+00:00","dateModified":"2021-04-10T08:59:58+00:00","mainEntityOfPage":{"@id":"https:\/\/www.youthforequality.sk\/index.php\/2021\/04\/10\/elementor-2824\/"},"wordCount":432,"publisher":{"@id":"https:\/\/www.youthforequality.sk\/#organization"},"image":{"@id":"https:\/\/www.youthforequality.sk\/index.php\/2021\/04\/10\/elementor-2824\/#primaryimage"},"thumbnailUrl":"https:\/\/www.youthforequality.sk\/wp-content\/uploads\/2021\/04\/hannah-busing-Zyx1bK9mqmA-unsplash.jpg","articleSection":["Blog"],"inLanguage":"sk-SK"},{"@type":"WebPage","@id":"https:\/\/www.youthforequality.sk\/index.php\/2021\/04\/10\/elementor-2824\/","url":"https:\/\/www.youthforequality.sk\/index.php\/2021\/04\/10\/elementor-2824\/","name":"\"Myslela som si, \u017ee nem\u00e1m dos\u0165 mo\u017enost\u00ed na to, aby som sa c\u00edtila ako s\u00fa\u010das\u0165 Eur\u00f3pskej \u00fanie.\" |","isPartOf":{"@id":"https:\/\/www.youthforequality.sk\/#website"},"primaryImageOfPage":{"@id":"https:\/\/www.youthforequality.sk\/index.php\/2021\/04\/10\/elementor-2824\/#primaryimage"},"image":{"@id":"https:\/\/www.youthforequality.sk\/index.php\/2021\/04\/10\/elementor-2824\/#primaryimage"},"thumbnailUrl":"https:\/\/www.youthforequality.sk\/wp-content\/uploads\/2021\/04\/hannah-busing-Zyx1bK9mqmA-unsplash.jpg","datePublished":"2021-04-10T08:52:56+00:00","dateModified":"2021-04-10T08:59:58+00:00","breadcrumb":{"@id":"https:\/\/www.youthforequality.sk\/index.php\/2021\/04\/10\/elementor-2824\/#breadcrumb"},"inLanguage":"sk-SK","potentialAction":[{"@type":"ReadAction","target":["https:\/\/www.youthforequality.sk\/index.php\/2021\/04\/10\/elementor-2824\/"]}]},{"@type":"ImageObject","inLanguage":"sk-SK","@id":"https:\/\/www.youthforequality.sk\/index.php\/2021\/04\/10\/elementor-2824\/#primaryimage","url":"https:\/\/www.youthforequality.sk\/wp-content\/uploads\/2021\/04\/hannah-busing-Zyx1bK9mqmA-unsplash.jpg","contentUrl":"https:\/\/www.youthforequality.sk\/wp-content\/uploads\/2021\/04\/hannah-busing-Zyx1bK9mqmA-unsplash.jpg","width":1920,"height":1280},{"@type":"BreadcrumbList","@id":"https:\/\/www.youthforequality.sk\/index.php\/2021\/04\/10\/elementor-2824\/#breadcrumb","itemListElement":[{"@type":"ListItem","position":1,"name":"Home","item":"https:\/\/www.youthforequality.sk\/"},{"@type":"ListItem","position":2,"name":"&#8222;Myslela som si, \u017ee nem\u00e1m dos\u0165 mo\u017enost\u00ed na to, aby som sa c\u00edtila ako s\u00fa\u010das\u0165 Eur\u00f3pskej \u00fanie.&#8220;"}]},{"@type":"WebSite","@id":"https:\/\/www.youthforequality.sk\/#website","url":"https:\/\/www.youthforequality.sk\/","name":"","description":"","publisher":{"@id":"https:\/\/www.youthforequality.sk\/#organization"},"potentialAction":[{"@type":"SearchAction","target":{"@type":"EntryPoint","urlTemplate":"https:\/\/www.youthforequality.sk\/?s={search_term_string}"},"query-input":{"@type":"PropertyValueSpecification","valueRequired":true,"valueName":"search_term_string"}}],"inLanguage":"sk-SK"},{"@type":"Organization","@id":"https:\/\/www.youthforequality.sk\/#organization","name":"Youth for Equality","url":"https:\/\/www.youthforequality.sk\/","logo":{"@type":"ImageObject","inLanguage":"sk-SK","@id":"https:\/\/www.youthforequality.sk\/#\/schema\/logo\/image\/","url":"https:\/\/www.youthforequality.sk\/wp-content\/uploads\/2021\/01\/vynovene-logo-nove-farby_modra-na-web.png","contentUrl":"https:\/\/www.youthforequality.sk\/wp-content\/uploads\/2021\/01\/vynovene-logo-nove-farby_modra-na-web.png","width":1,"height":1,"caption":"Youth for Equality"},"image":{"@id":"https:\/\/www.youthforequality.sk\/#\/schema\/logo\/image\/"},"sameAs":["https:\/\/www.facebook.com\/yeslovakia"]},{"@type":"Person","@id":"https:\/\/www.youthforequality.sk\/#\/schema\/person\/be8fe75a4ed9c28400bc99a029218b24","name":"Diana Ja\u0161ekov\u00e1","image":{"@type":"ImageObject","inLanguage":"sk-SK","@id":"https:\/\/secure.gravatar.com\/avatar\/8c7454049523c9673804cf321f89b38fd4fcd5aa5ad8961f32caaf292dfd996f?s=96&d=mm&r=g","url":"https:\/\/secure.gravatar.com\/avatar\/8c7454049523c9673804cf321f89b38fd4fcd5aa5ad8961f32caaf292dfd996f?s=96&d=mm&r=g","contentUrl":"https:\/\/secure.gravatar.com\/avatar\/8c7454049523c9673804cf321f89b38fd4fcd5aa5ad8961f32caaf292dfd996f?s=96&d=mm&r=g","caption":"Diana Ja\u0161ekov\u00e1"},"url":"https:\/\/www.youthforequality.sk\/index.php\/author\/diajas\/"}]}},"_links":{"self":[{"href":"https:\/\/www.youthforequality.sk\/index.php\/wp-json\/wp\/v2\/posts\/2824","targetHints":{"allow":["GET"]}}],"collection":[{"href":"https:\/\/www.youthforequality.sk\/index.php\/wp-json\/wp\/v2\/posts"}],"about":[{"href":"https:\/\/www.youthforequality.sk\/index.php\/wp-json\/wp\/v2\/types\/post"}],"author":[{"embeddable":true,"href":"https:\/\/www.youthforequality.sk\/index.php\/wp-json\/wp\/v2\/users\/2"}],"replies":[{"embeddable":true,"href":"https:\/\/www.youthforequality.sk\/index.php\/wp-json\/wp\/v2\/comments?post=2824"}],"version-history":[{"count":5,"href":"https:\/\/www.youthforequality.sk\/index.php\/wp-json\/wp\/v2\/posts\/2824\/revisions"}],"predecessor-version":[{"id":2831,"href":"https:\/\/www.youthforequality.sk\/index.php\/wp-json\/wp\/v2\/posts\/2824\/revisions\/2831"}],"wp:featuredmedia":[{"embeddable":true,"href":"https:\/\/www.youthforequality.sk\/index.php\/wp-json\/wp\/v2\/media\/2518"}],"wp:attachment":[{"href":"https:\/\/www.youthforequality.sk\/index.php\/wp-json\/wp\/v2\/media?parent=2824"}],"wp:term":[{"taxonomy":"category","embeddable":true,"href":"https:\/\/www.youthforequality.sk\/index.php\/wp-json\/wp\/v2\/categories?post=2824"},{"taxonomy":"post_tag","embeddable":true,"href":"https:\/\/www.youthforequality.sk\/index.php\/wp-json\/wp\/v2\/tags?post=2824"}],"curies":[{"name":"wp","href":"https:\/\/api.w.org\/{rel}","templated":true}]}}