{"id":2832,"date":"2021-04-10T11:06:53","date_gmt":"2021-04-10T09:06:53","guid":{"rendered":"https:\/\/www.youthforequality.sk\/?p=2832"},"modified":"2021-04-10T11:10:55","modified_gmt":"2021-04-10T09:10:55","slug":"elementor-2832","status":"publish","type":"post","link":"https:\/\/www.youthforequality.sk\/index.php\/2021\/04\/10\/elementor-2832\/","title":{"rendered":"&#8222;Chceli by sme ostatn\u00fdm uk\u00e1za\u0165 r\u00f4zne sp\u00f4soby, ako prispie\u0165 k ochrane na\u0161ej kl\u00edmy, tak\u017ee ka\u017ed\u00fd si bude m\u00f4c\u0165 n\u00e1js\u0165, \u010do ho bav\u00ed a nie\u010do si z toho zobra\u0165.&#8220;"},"content":{"rendered":"\t\t<div data-elementor-type=\"wp-post\" data-elementor-id=\"2832\" class=\"elementor elementor-2832\">\n\t\t\t\t\t\t<section class=\"elementor-section elementor-top-section elementor-element elementor-element-88ccb84 elementor-section-boxed elementor-section-height-default elementor-section-height-default\" data-id=\"88ccb84\" data-element_type=\"section\" data-e-type=\"section\">\n\t\t\t\t\t\t<div class=\"elementor-container elementor-column-gap-default\">\n\t\t\t\t\t<div class=\"elementor-column elementor-col-100 elementor-top-column elementor-element elementor-element-e88d0ec\" data-id=\"e88d0ec\" data-element_type=\"column\" data-e-type=\"column\">\n\t\t\t<div class=\"elementor-widget-wrap elementor-element-populated\">\n\t\t\t\t\t\t<div class=\"elementor-element elementor-element-e2410d0 elementor-widget elementor-widget-text-editor\" data-id=\"e2410d0\" data-element_type=\"widget\" data-e-type=\"widget\" data-widget_type=\"text-editor.default\">\n\t\t\t\t<div class=\"elementor-widget-container\">\n\t\t\t\t\t\t\t\t\t<p><span style=\"font-weight: 400;\">Vol\u00e1m sa Jakub a spolu s \u010fal\u0161\u00edmi mlad\u00fdmi \u013eu\u010fmi zo Slovenska sme sa rozhodli vytvori\u0165 projekty, ktor\u00e9 by uk\u00e1zali in\u00fdm mlad\u00fdm \u013eu\u010fom, ak\u00e9 mo\u017enosti pon\u00faka Eur\u00f3pska \u00dania pre n\u00e1\u0161 osobn\u00fd rozvoj, ale aj rozvoj na\u0161ich kraj\u00edn. Takto ako skupina sme sa u\u017e zi\u0161li na nieko\u013ek\u00fdch programoch Erasmus+, ktor\u00e9 n\u00e1s nau\u010dili r\u00f4znorod\u00fdm sk\u00fasenostiam a skillsetom. Ako skupina sme sa u\u010dili ako podnika\u0165 tak, aby to zlep\u0161ilo \u017eivoty ostatn\u00fdch, \u010di ak\u00fd podstatn\u00fd je multikulturalizmus v na\u0161ej modernej spolo\u010dnosti. Takto pred rokom sme sa zi\u0161li spolu s organiz\u00e1ciou Youth for Equality, aby sme vytvorili projekt, ktor\u00fd by sa zameriaval na \u017eivotn\u00e9 prostredie, konkr\u00e9tnej\u0161ie na to, ako m\u00f4\u017eeme sami prispie\u0165 k zmene. St\u00e1lo n\u00e1s to ve\u013ea roboty, ale nakoniec sa n\u00e1m podarilo sp\u00edsa\u0165 projekt, ktor\u00fd dostal grant od E\u00da. Mobilita projektu &#8222;Eco &#8211; bridge for Caribbean&#8220; sa mala organizova\u0165 na jese\u0148 2020, av\u0161ak pandemick\u00e1 situ\u00e1cia to nedovolila, preto ver\u00edme, \u017ee ju bude mo\u017en\u00e9 zorganizova\u0165 v j\u00fali 2021. Trvalo n\u00e1m mesiace, k\u00fdm sme pripravili aktivity, ktor\u00e9 by akt\u00edvne u\u010dili \u00fa\u010dastn\u00edkov, ako pom\u00e1ha\u0165 \u017eivotn\u00e9mu prostrediu, ale z\u00e1rove\u0148 im dod\u00e1vali odvahu a aj vedomosti k tomu, aby k tak\u00e9muto spr\u00e1vaniu viedli in\u00fdch. Ve\u013emi sa na to te\u0161\u00edme, preto\u017ee nielen, \u017ee je relat\u00edvne n\u00e1ro\u010dn\u00e9 dosta\u0165 pr\u00edle\u017eitos\u0165 zorganizova\u0165 projekt mimo Eur\u00f3py, ale taktie\u017e n\u00e1m to otvor\u00ed nov\u00e9 priate\u013estv\u00e1 a utmel\u00ed vz\u0165ahy medzi organiz\u00e1ciami. Ver\u00edme, \u017ee projekt tak\u00e9hoto rozsahu by mohol ma\u0165 nielen ve\u013ek\u00fa podporu medzi mlad\u00fdmi \u013eu\u010fmi, ale by mohol ma\u0165 obrovsk\u00fd dopad na \u017eivoty \u00fa\u010dastn\u00edkov, ke\u010f\u017ee m\u00e1me cie\u013e nau\u010di\u0165 ostatn\u00fdch r\u00f4zne sp\u00f4soby, ako prispie\u0165 k ochrane na\u0161ej kl\u00edmy, tak\u017ee ka\u017ed\u00fd si bude m\u00f4c\u0165 n\u00e1js\u0165, \u010do ho bav\u00ed a nie\u010do si z toho zobra\u0165. Ale, rovnako ako aj in\u00e9 projekty, aj tento n\u00e1\u0161 je o viac, ako len o obsahu. Ako \u00fa\u010dastn\u00edk si treba uvedomi\u0165, \u017ee rovnako ve\u013ea sa d\u00e1 nau\u010di\u0165 od ostatn\u00fdch \u00fa\u010dastn\u00edkov, ako sa d\u00e1 od prezentuj\u00facich. Treba sa nau\u010di\u0165 re\u0161pektova\u0165 \u013eud\u00ed a ich n\u00e1zory a argumentova\u0165, debatova\u0165, namiesto h\u00e1dania sa.\u00a0<\/span><\/p><p><span style=\"font-weight: 400;\">Tieto vlastnosti n\u00e1m ako spolo\u010dnosti ch\u00fdbaj\u00fa u\u017e dlh\u0161iu dobu, a predsa nie je nikdy neskoro za\u010da\u0165 so zmenou. Druh\u00fd projekt, ktor\u00fd moment\u00e1lne organizujeme, bol pripraven\u00fd u\u017e d\u00e1vnej\u0161ie, ale kv\u00f4li pand\u00e9mii sme ho museli pos\u00fava\u0165. Tento projekt, &#8222;Think Globally, Act Locally&#8220;, je zasaden\u00fd na Slovensku, v Trnave, a p\u00f4vodne mal trva\u0165 12 mesiacov. \u00da\u010delom tohto projektu je pribl\u00ed\u017ei\u0165 problematiku klimatickej kr\u00edzy slovenskej verejnosti. Dohromady m\u00e1 tento projekt 12 workshopov, pri\u010dom ka\u017ed\u00fd z nich sa zauj\u00edma in\u00fdm aspektom \u017eivotn\u00e9ho prostredia, ako napr\u00edklad r\u00fdchla m\u00f3da alebo veg\u00e1nstvo. Tieto workshopy sa sna\u017e\u00edme upriami\u0165 na mlad\u00fdch \u013eud\u00ed, pri\u010dom ale nezab\u00fadame aj na star\u0161ie gener\u00e1cie, preto\u017ee ver\u00edme, \u017ee mlad\u00ed \u013eudia s\u00fa na\u0161a bud\u00facnos\u0165, ale pom\u00e1ha\u0165 treba v\u0161etk\u00fdm. T\u00fdmto projektom by sme chceli uk\u00e1za\u0165 \u013eu\u010fom, \u017ee v\u00f4bec nie je n\u00e1ro\u010dn\u00e9 \u010di drah\u00e9, za\u010da\u0165 ochra\u0148ova\u0165 na\u0161e \u017eivotn\u00e9 prostredie, aby sa ho do\u017eili aj \u010fal\u0161ie gener\u00e1cie. Doteraz sme napr\u00edklad organizovali workshop, ktor\u00fd sa zaoberal vytv\u00e1ran\u00edm ekologick\u00fdch \u010distiacich prostriedkov alebo swapom oble\u010denia a v r\u00e1mci verejnosti maj\u00fa na\u0161e workshopy celkom ve\u013ek\u00fd ohlas, \u010do si mysl\u00edme, \u017ee iba dokazuje, ako ve\u013emi sa \u013eudia zaoberaj\u00fa o \u017eivotn\u00e9 prostredie a ako ho chr\u00e1ni\u0165. Z vlastn\u00e9ho poh\u013eadu si mysl\u00edme, \u017ee t\u00e1to t\u00e9matika je na Slovensku len m\u00e1lo rozvinut\u00e1 a je potreba ju roz\u0161irova\u0165, preto\u017ee nevedomos\u0165 je rovnako zl\u00e1 ako ignor\u00e1cia. Mlad\u00ed \u013eudia nie s\u00fa veden\u00ed k tomu, aby ochra\u0148ovali \u017eivotn\u00e9 prostredie a pokia\u013e neprejavia vlastn\u00fd z\u00e1ujem, tak maj\u00fa len ve\u013emi m\u00e1lo pr\u00edle\u017eitost\u00ed s t\u00fdm za\u010da\u0165. Ako spolo\u010dnos\u0165 by sme mali by\u0165 veden\u00ed k ochrane \u017eivotn\u00e9ho prostredia, ale nane\u0161\u0165astie sa v \u0161kol\u00e1ch o tomto probl\u00e9me ve\u013emi neu\u010d\u00ed, mlad\u00ed \u013eudia nevedia o probl\u00e9moch, ktor\u00e9 n\u00e1s obklopuj\u00fa, zatia\u013e \u010do star\u0161ie gener\u00e1cie tieto probl\u00e9my \u010dasto bu\u010f ignoruj\u00fa alebo z nich \u0165a\u017eia. Pr\u00e1ve kv\u00f4li tomuto sme sa rozhodli organizova\u0165 a vystupova\u0165 na t\u00fdchto projektoch, aby sme vytvorili pre mlad\u00fdch \u013eud\u00ed, rovnako ako aj pre star\u0161ie gener\u00e1cie, pr\u00edle\u017eitosti, ako pom\u00f4c\u0165 v kr\u00edze.<\/span><\/p><p>\u00a0<\/p><p>Jakub Dobe\u0161, Lomond school, Edinburgh<\/p><p>\u00a0<\/p><p>Viac o projektoch <a href=\"https:\/\/www.thinkgloballyactlocally.eu\/\">Think globally, act locally<\/a> a <a href=\"https:\/\/www.youthforequality.sk\/index.php\/2021\/04\/06\/eco-bridge-for-caribbean\/\">Eco &#8211; bridge for Caribbean<\/a>.<\/p>\t\t\t\t\t\t\t\t<\/div>\n\t\t\t\t<\/div>\n\t\t\t\t\t<\/div>\n\t\t<\/div>\n\t\t\t\t\t<\/div>\n\t\t<\/section>\n\t\t\t\t<\/div>\n\t\t","protected":false},"excerpt":{"rendered":"<p>Vol\u00e1m sa Jakub a spolu s \u010fal\u0161\u00edmi mlad\u00fdmi \u013eu\u010fmi zo Slovenska sme sa rozhodli vytvori\u0165 projekty, ktor\u00e9 by uk\u00e1zali in\u00fdm mlad\u00fdm \u013eu\u010fom, ak\u00e9 mo\u017enosti pon\u00faka Eur\u00f3pska \u00dania pre n\u00e1\u0161 osobn\u00fd rozvoj, ale aj rozvoj na\u0161ich kraj\u00edn. Takto ako skupina sme sa u\u017e zi\u0161li na nieko\u013ek\u00fdch programoch Erasmus+, ktor\u00e9 n\u00e1s nau\u010dili r\u00f4znorod\u00fdm sk\u00fasenostiam a skillsetom. Ako&hellip;&nbsp;<a href=\"https:\/\/www.youthforequality.sk\/index.php\/2021\/04\/10\/elementor-2832\/\" class=\"\" rel=\"bookmark\">\u010c\u00edta\u0165 viac &raquo;<span class=\"screen-reader-text\">&#8222;Chceli by sme ostatn\u00fdm uk\u00e1za\u0165 r\u00f4zne sp\u00f4soby, ako prispie\u0165 k ochrane na\u0161ej kl\u00edmy, tak\u017ee ka\u017ed\u00fd si bude m\u00f4c\u0165 n\u00e1js\u0165, \u010do ho bav\u00ed a nie\u010do si z toho zobra\u0165.&#8220;<\/span><\/a><\/p>\n","protected":false},"author":2,"featured_media":2689,"comment_status":"closed","ping_status":"open","sticky":false,"template":"","format":"standard","meta":{"_uf_show_specific_survey":0,"_uf_disable_surveys":false,"neve_meta_sidebar":"","neve_meta_container":"","neve_meta_enable_content_width":"","neve_meta_content_width":0,"neve_meta_title_alignment":"","neve_meta_author_avatar":"","neve_post_elements_order":"","neve_meta_disable_header":"","neve_meta_disable_footer":"","neve_meta_disable_title":"","_themeisle_gutenberg_block_has_review":false,"footnotes":""},"categories":[3],"tags":[],"class_list":["post-2832","post","type-post","status-publish","format-standard","has-post-thumbnail","hentry","category-blog"],"yoast_head":"<!-- This site is optimized with the Yoast SEO plugin v27.4 - https:\/\/yoast.com\/product\/yoast-seo-wordpress\/ -->\n<title>&quot;Chceli by sme ostatn\u00fdm uk\u00e1za\u0165 r\u00f4zne sp\u00f4soby, ako prispie\u0165 k ochrane na\u0161ej kl\u00edmy, tak\u017ee ka\u017ed\u00fd si bude m\u00f4c\u0165 n\u00e1js\u0165, \u010do ho bav\u00ed a nie\u010do si z toho zobra\u0165.&quot; |<\/title>\n<meta name=\"robots\" content=\"index, follow, max-snippet:-1, max-image-preview:large, max-video-preview:-1\" \/>\n<link rel=\"canonical\" href=\"https:\/\/www.youthforequality.sk\/index.php\/2021\/04\/10\/elementor-2832\/\" \/>\n<meta property=\"og:locale\" content=\"sk_SK\" \/>\n<meta property=\"og:type\" content=\"article\" \/>\n<meta property=\"og:title\" content=\"&quot;Chceli by sme ostatn\u00fdm uk\u00e1za\u0165 r\u00f4zne sp\u00f4soby, ako prispie\u0165 k ochrane na\u0161ej kl\u00edmy, tak\u017ee ka\u017ed\u00fd si bude m\u00f4c\u0165 n\u00e1js\u0165, \u010do ho bav\u00ed a nie\u010do si z toho zobra\u0165.&quot; |\" \/>\n<meta property=\"og:description\" content=\"Vol\u00e1m sa Jakub a spolu s \u010fal\u0161\u00edmi mlad\u00fdmi \u013eu\u010fmi zo Slovenska sme sa rozhodli vytvori\u0165 projekty, ktor\u00e9 by uk\u00e1zali in\u00fdm mlad\u00fdm \u013eu\u010fom, ak\u00e9 mo\u017enosti pon\u00faka Eur\u00f3pska \u00dania pre n\u00e1\u0161 osobn\u00fd rozvoj, ale aj rozvoj na\u0161ich kraj\u00edn. Takto ako skupina sme sa u\u017e zi\u0161li na nieko\u013ek\u00fdch programoch Erasmus+, ktor\u00e9 n\u00e1s nau\u010dili r\u00f4znorod\u00fdm sk\u00fasenostiam a skillsetom. Ako&hellip;&nbsp;\u010c\u00edta\u0165 viac &raquo;&#8222;Chceli by sme ostatn\u00fdm uk\u00e1za\u0165 r\u00f4zne sp\u00f4soby, ako prispie\u0165 k ochrane na\u0161ej kl\u00edmy, tak\u017ee ka\u017ed\u00fd si bude m\u00f4c\u0165 n\u00e1js\u0165, \u010do ho bav\u00ed a nie\u010do si z toho zobra\u0165.&#8220;\" \/>\n<meta property=\"og:url\" content=\"https:\/\/www.youthforequality.sk\/index.php\/2021\/04\/10\/elementor-2832\/\" \/>\n<meta property=\"article:publisher\" content=\"https:\/\/www.facebook.com\/yeslovakia\" \/>\n<meta property=\"article:published_time\" content=\"2021-04-10T09:06:53+00:00\" \/>\n<meta property=\"article:modified_time\" content=\"2021-04-10T09:10:55+00:00\" \/>\n<meta property=\"og:image\" content=\"https:\/\/www.youthforequality.sk\/wp-content\/uploads\/2021\/04\/youth-of-green-town.jpeg\" \/>\n\t<meta property=\"og:image:width\" content=\"1600\" \/>\n\t<meta property=\"og:image:height\" content=\"1067\" \/>\n\t<meta property=\"og:image:type\" content=\"image\/jpeg\" \/>\n<meta name=\"author\" content=\"Diana Ja\u0161ekov\u00e1\" \/>\n<meta name=\"twitter:card\" content=\"summary_large_image\" \/>\n<meta name=\"twitter:label1\" content=\"Autor\" \/>\n\t<meta name=\"twitter:data1\" content=\"Diana Ja\u0161ekov\u00e1\" \/>\n\t<meta name=\"twitter:label2\" content=\"Predpokladan\u00fd \u010das \u010d\u00edtania\" \/>\n\t<meta name=\"twitter:data2\" content=\"3 min\u00faty\" \/>\n<script type=\"application\/ld+json\" class=\"yoast-schema-graph\">{\"@context\":\"https:\\\/\\\/schema.org\",\"@graph\":[{\"@type\":\"Article\",\"@id\":\"https:\\\/\\\/www.youthforequality.sk\\\/index.php\\\/2021\\\/04\\\/10\\\/elementor-2832\\\/#article\",\"isPartOf\":{\"@id\":\"https:\\\/\\\/www.youthforequality.sk\\\/index.php\\\/2021\\\/04\\\/10\\\/elementor-2832\\\/\"},\"author\":{\"name\":\"Diana Ja\u0161ekov\u00e1\",\"@id\":\"https:\\\/\\\/www.youthforequality.sk\\\/#\\\/schema\\\/person\\\/be8fe75a4ed9c28400bc99a029218b24\"},\"headline\":\"&#8222;Chceli by sme ostatn\u00fdm uk\u00e1za\u0165 r\u00f4zne sp\u00f4soby, ako prispie\u0165 k ochrane na\u0161ej kl\u00edmy, tak\u017ee ka\u017ed\u00fd si bude m\u00f4c\u0165 n\u00e1js\u0165, \u010do ho bav\u00ed a nie\u010do si z toho zobra\u0165.&#8220;\",\"datePublished\":\"2021-04-10T09:06:53+00:00\",\"dateModified\":\"2021-04-10T09:10:55+00:00\",\"mainEntityOfPage\":{\"@id\":\"https:\\\/\\\/www.youthforequality.sk\\\/index.php\\\/2021\\\/04\\\/10\\\/elementor-2832\\\/\"},\"wordCount\":863,\"publisher\":{\"@id\":\"https:\\\/\\\/www.youthforequality.sk\\\/#organization\"},\"image\":{\"@id\":\"https:\\\/\\\/www.youthforequality.sk\\\/index.php\\\/2021\\\/04\\\/10\\\/elementor-2832\\\/#primaryimage\"},\"thumbnailUrl\":\"https:\\\/\\\/www.youthforequality.sk\\\/wp-content\\\/uploads\\\/2021\\\/04\\\/youth-of-green-town.jpeg\",\"articleSection\":[\"Blog\"],\"inLanguage\":\"sk-SK\"},{\"@type\":\"WebPage\",\"@id\":\"https:\\\/\\\/www.youthforequality.sk\\\/index.php\\\/2021\\\/04\\\/10\\\/elementor-2832\\\/\",\"url\":\"https:\\\/\\\/www.youthforequality.sk\\\/index.php\\\/2021\\\/04\\\/10\\\/elementor-2832\\\/\",\"name\":\"\\\"Chceli by sme ostatn\u00fdm uk\u00e1za\u0165 r\u00f4zne sp\u00f4soby, ako prispie\u0165 k ochrane na\u0161ej kl\u00edmy, tak\u017ee ka\u017ed\u00fd si bude m\u00f4c\u0165 n\u00e1js\u0165, \u010do ho bav\u00ed a nie\u010do si z toho zobra\u0165.\\\" |\",\"isPartOf\":{\"@id\":\"https:\\\/\\\/www.youthforequality.sk\\\/#website\"},\"primaryImageOfPage\":{\"@id\":\"https:\\\/\\\/www.youthforequality.sk\\\/index.php\\\/2021\\\/04\\\/10\\\/elementor-2832\\\/#primaryimage\"},\"image\":{\"@id\":\"https:\\\/\\\/www.youthforequality.sk\\\/index.php\\\/2021\\\/04\\\/10\\\/elementor-2832\\\/#primaryimage\"},\"thumbnailUrl\":\"https:\\\/\\\/www.youthforequality.sk\\\/wp-content\\\/uploads\\\/2021\\\/04\\\/youth-of-green-town.jpeg\",\"datePublished\":\"2021-04-10T09:06:53+00:00\",\"dateModified\":\"2021-04-10T09:10:55+00:00\",\"breadcrumb\":{\"@id\":\"https:\\\/\\\/www.youthforequality.sk\\\/index.php\\\/2021\\\/04\\\/10\\\/elementor-2832\\\/#breadcrumb\"},\"inLanguage\":\"sk-SK\",\"potentialAction\":[{\"@type\":\"ReadAction\",\"target\":[\"https:\\\/\\\/www.youthforequality.sk\\\/index.php\\\/2021\\\/04\\\/10\\\/elementor-2832\\\/\"]}]},{\"@type\":\"ImageObject\",\"inLanguage\":\"sk-SK\",\"@id\":\"https:\\\/\\\/www.youthforequality.sk\\\/index.php\\\/2021\\\/04\\\/10\\\/elementor-2832\\\/#primaryimage\",\"url\":\"https:\\\/\\\/www.youthforequality.sk\\\/wp-content\\\/uploads\\\/2021\\\/04\\\/youth-of-green-town.jpeg\",\"contentUrl\":\"https:\\\/\\\/www.youthforequality.sk\\\/wp-content\\\/uploads\\\/2021\\\/04\\\/youth-of-green-town.jpeg\",\"width\":1600,\"height\":1067},{\"@type\":\"BreadcrumbList\",\"@id\":\"https:\\\/\\\/www.youthforequality.sk\\\/index.php\\\/2021\\\/04\\\/10\\\/elementor-2832\\\/#breadcrumb\",\"itemListElement\":[{\"@type\":\"ListItem\",\"position\":1,\"name\":\"Home\",\"item\":\"https:\\\/\\\/www.youthforequality.sk\\\/\"},{\"@type\":\"ListItem\",\"position\":2,\"name\":\"&#8222;Chceli by sme ostatn\u00fdm uk\u00e1za\u0165 r\u00f4zne sp\u00f4soby, ako prispie\u0165 k ochrane na\u0161ej kl\u00edmy, tak\u017ee ka\u017ed\u00fd si bude m\u00f4c\u0165 n\u00e1js\u0165, \u010do ho bav\u00ed a nie\u010do si z toho zobra\u0165.&#8220;\"}]},{\"@type\":\"WebSite\",\"@id\":\"https:\\\/\\\/www.youthforequality.sk\\\/#website\",\"url\":\"https:\\\/\\\/www.youthforequality.sk\\\/\",\"name\":\"\",\"description\":\"\",\"publisher\":{\"@id\":\"https:\\\/\\\/www.youthforequality.sk\\\/#organization\"},\"potentialAction\":[{\"@type\":\"SearchAction\",\"target\":{\"@type\":\"EntryPoint\",\"urlTemplate\":\"https:\\\/\\\/www.youthforequality.sk\\\/?s={search_term_string}\"},\"query-input\":{\"@type\":\"PropertyValueSpecification\",\"valueRequired\":true,\"valueName\":\"search_term_string\"}}],\"inLanguage\":\"sk-SK\"},{\"@type\":\"Organization\",\"@id\":\"https:\\\/\\\/www.youthforequality.sk\\\/#organization\",\"name\":\"Youth for Equality\",\"url\":\"https:\\\/\\\/www.youthforequality.sk\\\/\",\"logo\":{\"@type\":\"ImageObject\",\"inLanguage\":\"sk-SK\",\"@id\":\"https:\\\/\\\/www.youthforequality.sk\\\/#\\\/schema\\\/logo\\\/image\\\/\",\"url\":\"https:\\\/\\\/www.youthforequality.sk\\\/wp-content\\\/uploads\\\/2021\\\/01\\\/vynovene-logo-nove-farby_modra-na-web.png\",\"contentUrl\":\"https:\\\/\\\/www.youthforequality.sk\\\/wp-content\\\/uploads\\\/2021\\\/01\\\/vynovene-logo-nove-farby_modra-na-web.png\",\"width\":1,\"height\":1,\"caption\":\"Youth for Equality\"},\"image\":{\"@id\":\"https:\\\/\\\/www.youthforequality.sk\\\/#\\\/schema\\\/logo\\\/image\\\/\"},\"sameAs\":[\"https:\\\/\\\/www.facebook.com\\\/yeslovakia\"]},{\"@type\":\"Person\",\"@id\":\"https:\\\/\\\/www.youthforequality.sk\\\/#\\\/schema\\\/person\\\/be8fe75a4ed9c28400bc99a029218b24\",\"name\":\"Diana Ja\u0161ekov\u00e1\",\"image\":{\"@type\":\"ImageObject\",\"inLanguage\":\"sk-SK\",\"@id\":\"https:\\\/\\\/secure.gravatar.com\\\/avatar\\\/8c7454049523c9673804cf321f89b38fd4fcd5aa5ad8961f32caaf292dfd996f?s=96&d=mm&r=g\",\"url\":\"https:\\\/\\\/secure.gravatar.com\\\/avatar\\\/8c7454049523c9673804cf321f89b38fd4fcd5aa5ad8961f32caaf292dfd996f?s=96&d=mm&r=g\",\"contentUrl\":\"https:\\\/\\\/secure.gravatar.com\\\/avatar\\\/8c7454049523c9673804cf321f89b38fd4fcd5aa5ad8961f32caaf292dfd996f?s=96&d=mm&r=g\",\"caption\":\"Diana Ja\u0161ekov\u00e1\"},\"url\":\"https:\\\/\\\/www.youthforequality.sk\\\/index.php\\\/author\\\/diajas\\\/\"}]}<\/script>\n<!-- \/ Yoast SEO plugin. -->","yoast_head_json":{"title":"\"Chceli by sme ostatn\u00fdm uk\u00e1za\u0165 r\u00f4zne sp\u00f4soby, ako prispie\u0165 k ochrane na\u0161ej kl\u00edmy, tak\u017ee ka\u017ed\u00fd si bude m\u00f4c\u0165 n\u00e1js\u0165, \u010do ho bav\u00ed a nie\u010do si z toho zobra\u0165.\" |","robots":{"index":"index","follow":"follow","max-snippet":"max-snippet:-1","max-image-preview":"max-image-preview:large","max-video-preview":"max-video-preview:-1"},"canonical":"https:\/\/www.youthforequality.sk\/index.php\/2021\/04\/10\/elementor-2832\/","og_locale":"sk_SK","og_type":"article","og_title":"\"Chceli by sme ostatn\u00fdm uk\u00e1za\u0165 r\u00f4zne sp\u00f4soby, ako prispie\u0165 k ochrane na\u0161ej kl\u00edmy, tak\u017ee ka\u017ed\u00fd si bude m\u00f4c\u0165 n\u00e1js\u0165, \u010do ho bav\u00ed a nie\u010do si z toho zobra\u0165.\" |","og_description":"Vol\u00e1m sa Jakub a spolu s \u010fal\u0161\u00edmi mlad\u00fdmi \u013eu\u010fmi zo Slovenska sme sa rozhodli vytvori\u0165 projekty, ktor\u00e9 by uk\u00e1zali in\u00fdm mlad\u00fdm \u013eu\u010fom, ak\u00e9 mo\u017enosti pon\u00faka Eur\u00f3pska \u00dania pre n\u00e1\u0161 osobn\u00fd rozvoj, ale aj rozvoj na\u0161ich kraj\u00edn. Takto ako skupina sme sa u\u017e zi\u0161li na nieko\u013ek\u00fdch programoch Erasmus+, ktor\u00e9 n\u00e1s nau\u010dili r\u00f4znorod\u00fdm sk\u00fasenostiam a skillsetom. Ako&hellip;&nbsp;\u010c\u00edta\u0165 viac &raquo;&#8222;Chceli by sme ostatn\u00fdm uk\u00e1za\u0165 r\u00f4zne sp\u00f4soby, ako prispie\u0165 k ochrane na\u0161ej kl\u00edmy, tak\u017ee ka\u017ed\u00fd si bude m\u00f4c\u0165 n\u00e1js\u0165, \u010do ho bav\u00ed a nie\u010do si z toho zobra\u0165.&#8220;","og_url":"https:\/\/www.youthforequality.sk\/index.php\/2021\/04\/10\/elementor-2832\/","article_publisher":"https:\/\/www.facebook.com\/yeslovakia","article_published_time":"2021-04-10T09:06:53+00:00","article_modified_time":"2021-04-10T09:10:55+00:00","og_image":[{"width":1600,"height":1067,"url":"https:\/\/www.youthforequality.sk\/wp-content\/uploads\/2021\/04\/youth-of-green-town.jpeg","type":"image\/jpeg"}],"author":"Diana Ja\u0161ekov\u00e1","twitter_card":"summary_large_image","twitter_misc":{"Autor":"Diana Ja\u0161ekov\u00e1","Predpokladan\u00fd \u010das \u010d\u00edtania":"3 min\u00faty"},"schema":{"@context":"https:\/\/schema.org","@graph":[{"@type":"Article","@id":"https:\/\/www.youthforequality.sk\/index.php\/2021\/04\/10\/elementor-2832\/#article","isPartOf":{"@id":"https:\/\/www.youthforequality.sk\/index.php\/2021\/04\/10\/elementor-2832\/"},"author":{"name":"Diana Ja\u0161ekov\u00e1","@id":"https:\/\/www.youthforequality.sk\/#\/schema\/person\/be8fe75a4ed9c28400bc99a029218b24"},"headline":"&#8222;Chceli by sme ostatn\u00fdm uk\u00e1za\u0165 r\u00f4zne sp\u00f4soby, ako prispie\u0165 k ochrane na\u0161ej kl\u00edmy, tak\u017ee ka\u017ed\u00fd si bude m\u00f4c\u0165 n\u00e1js\u0165, \u010do ho bav\u00ed a nie\u010do si z toho zobra\u0165.&#8220;","datePublished":"2021-04-10T09:06:53+00:00","dateModified":"2021-04-10T09:10:55+00:00","mainEntityOfPage":{"@id":"https:\/\/www.youthforequality.sk\/index.php\/2021\/04\/10\/elementor-2832\/"},"wordCount":863,"publisher":{"@id":"https:\/\/www.youthforequality.sk\/#organization"},"image":{"@id":"https:\/\/www.youthforequality.sk\/index.php\/2021\/04\/10\/elementor-2832\/#primaryimage"},"thumbnailUrl":"https:\/\/www.youthforequality.sk\/wp-content\/uploads\/2021\/04\/youth-of-green-town.jpeg","articleSection":["Blog"],"inLanguage":"sk-SK"},{"@type":"WebPage","@id":"https:\/\/www.youthforequality.sk\/index.php\/2021\/04\/10\/elementor-2832\/","url":"https:\/\/www.youthforequality.sk\/index.php\/2021\/04\/10\/elementor-2832\/","name":"\"Chceli by sme ostatn\u00fdm uk\u00e1za\u0165 r\u00f4zne sp\u00f4soby, ako prispie\u0165 k ochrane na\u0161ej kl\u00edmy, tak\u017ee ka\u017ed\u00fd si bude m\u00f4c\u0165 n\u00e1js\u0165, \u010do ho bav\u00ed a nie\u010do si z toho zobra\u0165.\" |","isPartOf":{"@id":"https:\/\/www.youthforequality.sk\/#website"},"primaryImageOfPage":{"@id":"https:\/\/www.youthforequality.sk\/index.php\/2021\/04\/10\/elementor-2832\/#primaryimage"},"image":{"@id":"https:\/\/www.youthforequality.sk\/index.php\/2021\/04\/10\/elementor-2832\/#primaryimage"},"thumbnailUrl":"https:\/\/www.youthforequality.sk\/wp-content\/uploads\/2021\/04\/youth-of-green-town.jpeg","datePublished":"2021-04-10T09:06:53+00:00","dateModified":"2021-04-10T09:10:55+00:00","breadcrumb":{"@id":"https:\/\/www.youthforequality.sk\/index.php\/2021\/04\/10\/elementor-2832\/#breadcrumb"},"inLanguage":"sk-SK","potentialAction":[{"@type":"ReadAction","target":["https:\/\/www.youthforequality.sk\/index.php\/2021\/04\/10\/elementor-2832\/"]}]},{"@type":"ImageObject","inLanguage":"sk-SK","@id":"https:\/\/www.youthforequality.sk\/index.php\/2021\/04\/10\/elementor-2832\/#primaryimage","url":"https:\/\/www.youthforequality.sk\/wp-content\/uploads\/2021\/04\/youth-of-green-town.jpeg","contentUrl":"https:\/\/www.youthforequality.sk\/wp-content\/uploads\/2021\/04\/youth-of-green-town.jpeg","width":1600,"height":1067},{"@type":"BreadcrumbList","@id":"https:\/\/www.youthforequality.sk\/index.php\/2021\/04\/10\/elementor-2832\/#breadcrumb","itemListElement":[{"@type":"ListItem","position":1,"name":"Home","item":"https:\/\/www.youthforequality.sk\/"},{"@type":"ListItem","position":2,"name":"&#8222;Chceli by sme ostatn\u00fdm uk\u00e1za\u0165 r\u00f4zne sp\u00f4soby, ako prispie\u0165 k ochrane na\u0161ej kl\u00edmy, tak\u017ee ka\u017ed\u00fd si bude m\u00f4c\u0165 n\u00e1js\u0165, \u010do ho bav\u00ed a nie\u010do si z toho zobra\u0165.&#8220;"}]},{"@type":"WebSite","@id":"https:\/\/www.youthforequality.sk\/#website","url":"https:\/\/www.youthforequality.sk\/","name":"","description":"","publisher":{"@id":"https:\/\/www.youthforequality.sk\/#organization"},"potentialAction":[{"@type":"SearchAction","target":{"@type":"EntryPoint","urlTemplate":"https:\/\/www.youthforequality.sk\/?s={search_term_string}"},"query-input":{"@type":"PropertyValueSpecification","valueRequired":true,"valueName":"search_term_string"}}],"inLanguage":"sk-SK"},{"@type":"Organization","@id":"https:\/\/www.youthforequality.sk\/#organization","name":"Youth for Equality","url":"https:\/\/www.youthforequality.sk\/","logo":{"@type":"ImageObject","inLanguage":"sk-SK","@id":"https:\/\/www.youthforequality.sk\/#\/schema\/logo\/image\/","url":"https:\/\/www.youthforequality.sk\/wp-content\/uploads\/2021\/01\/vynovene-logo-nove-farby_modra-na-web.png","contentUrl":"https:\/\/www.youthforequality.sk\/wp-content\/uploads\/2021\/01\/vynovene-logo-nove-farby_modra-na-web.png","width":1,"height":1,"caption":"Youth for Equality"},"image":{"@id":"https:\/\/www.youthforequality.sk\/#\/schema\/logo\/image\/"},"sameAs":["https:\/\/www.facebook.com\/yeslovakia"]},{"@type":"Person","@id":"https:\/\/www.youthforequality.sk\/#\/schema\/person\/be8fe75a4ed9c28400bc99a029218b24","name":"Diana Ja\u0161ekov\u00e1","image":{"@type":"ImageObject","inLanguage":"sk-SK","@id":"https:\/\/secure.gravatar.com\/avatar\/8c7454049523c9673804cf321f89b38fd4fcd5aa5ad8961f32caaf292dfd996f?s=96&d=mm&r=g","url":"https:\/\/secure.gravatar.com\/avatar\/8c7454049523c9673804cf321f89b38fd4fcd5aa5ad8961f32caaf292dfd996f?s=96&d=mm&r=g","contentUrl":"https:\/\/secure.gravatar.com\/avatar\/8c7454049523c9673804cf321f89b38fd4fcd5aa5ad8961f32caaf292dfd996f?s=96&d=mm&r=g","caption":"Diana Ja\u0161ekov\u00e1"},"url":"https:\/\/www.youthforequality.sk\/index.php\/author\/diajas\/"}]}},"_links":{"self":[{"href":"https:\/\/www.youthforequality.sk\/index.php\/wp-json\/wp\/v2\/posts\/2832","targetHints":{"allow":["GET"]}}],"collection":[{"href":"https:\/\/www.youthforequality.sk\/index.php\/wp-json\/wp\/v2\/posts"}],"about":[{"href":"https:\/\/www.youthforequality.sk\/index.php\/wp-json\/wp\/v2\/types\/post"}],"author":[{"embeddable":true,"href":"https:\/\/www.youthforequality.sk\/index.php\/wp-json\/wp\/v2\/users\/2"}],"replies":[{"embeddable":true,"href":"https:\/\/www.youthforequality.sk\/index.php\/wp-json\/wp\/v2\/comments?post=2832"}],"version-history":[{"count":5,"href":"https:\/\/www.youthforequality.sk\/index.php\/wp-json\/wp\/v2\/posts\/2832\/revisions"}],"predecessor-version":[{"id":2838,"href":"https:\/\/www.youthforequality.sk\/index.php\/wp-json\/wp\/v2\/posts\/2832\/revisions\/2838"}],"wp:featuredmedia":[{"embeddable":true,"href":"https:\/\/www.youthforequality.sk\/index.php\/wp-json\/wp\/v2\/media\/2689"}],"wp:attachment":[{"href":"https:\/\/www.youthforequality.sk\/index.php\/wp-json\/wp\/v2\/media?parent=2832"}],"wp:term":[{"taxonomy":"category","embeddable":true,"href":"https:\/\/www.youthforequality.sk\/index.php\/wp-json\/wp\/v2\/categories?post=2832"},{"taxonomy":"post_tag","embeddable":true,"href":"https:\/\/www.youthforequality.sk\/index.php\/wp-json\/wp\/v2\/tags?post=2832"}],"curies":[{"name":"wp","href":"https:\/\/api.w.org\/{rel}","templated":true}]}}