{"id":3227,"date":"2021-08-25T13:02:26","date_gmt":"2021-08-25T11:02:26","guid":{"rendered":"https:\/\/www.youthforequality.sk\/?p=3227"},"modified":"2021-11-25T12:49:55","modified_gmt":"2021-11-25T11:49:55","slug":"your-new-mission-torremolinos-spanielsko","status":"publish","type":"post","link":"https:\/\/www.youthforequality.sk\/index.php\/2021\/08\/25\/your-new-mission-torremolinos-spanielsko\/","title":{"rendered":"Your New Mission | Torremolinos, \u0160panielsko | 01. &#8211; 08. 10. 2021"},"content":{"rendered":"\t\t<div data-elementor-type=\"wp-post\" data-elementor-id=\"3227\" class=\"elementor elementor-3227\">\n\t\t\t\t\t\t<section class=\"elementor-section elementor-top-section elementor-element elementor-element-645afea elementor-section-boxed elementor-section-height-default elementor-section-height-default\" data-id=\"645afea\" data-element_type=\"section\" data-e-type=\"section\">\n\t\t\t\t\t\t<div class=\"elementor-container elementor-column-gap-default\">\n\t\t\t\t\t<div class=\"elementor-column elementor-col-100 elementor-top-column elementor-element elementor-element-b609aaa\" data-id=\"b609aaa\" data-element_type=\"column\" data-e-type=\"column\">\n\t\t\t<div class=\"elementor-widget-wrap elementor-element-populated\">\n\t\t\t\t\t\t<div class=\"elementor-element elementor-element-4edd7b3 elementor-widget elementor-widget-text-editor\" data-id=\"4edd7b3\" data-element_type=\"widget\" data-e-type=\"widget\" data-widget_type=\"text-editor.default\">\n\t\t\t\t<div class=\"elementor-widget-container\">\n\t\t\t\t\t\t\t\t\t<p id=\"tw-target-text\" class=\"tw-data-text tw-text-large XcVN5d tw-ta\" dir=\"ltr\" data-placeholder=\"Translation\"><span style=\"font-weight: 400;\">Projekt pon\u00faka diskusiu na medzin\u00e1rodnej \u00farovni medzi 8 krajinami na t\u00e9my ako s\u00fa populizmus, xenof\u00f3bia a terorizmus. \u0160kolenie \u201cTvoja nov\u00e1 misia!\u201d si kladie za cie\u013e podnieti\u0165 pracovn\u00edkov s ml\u00e1de\u017eou zamyslie\u0165 sa nad d\u00f4le\u017eitos\u0165ou Eur\u00f3pskej identity a akt\u00edvnej \u00fa\u010dasti pri organizovan\u00ed medzin\u00e1rodn\u00fdch ml\u00e1de\u017en\u00edckych projektov rovnako ako aj \u0161\u00edri\u0165 d\u00f4le\u017eitos\u0165 programu Erasmus Plus. Ak m\u00e1 \u010dlovek definovan\u00e9 svoje hodnoty, pr\u00fadi mu v \u017eil\u00e1ch spolupatri\u010dnos\u0165 a je si vedom\u00fd svojich pr\u00e1v a povinnost\u00ed, je pripraven\u00fd reagova\u0165 na r\u00f4zne ideologick\u00e9 v\u00fdzvy s v\u00e4\u010d\u0161\u00edm nadh\u013eadom. <\/span><\/p>\t\t\t\t\t\t\t\t<\/div>\n\t\t\t\t<\/div>\n\t\t\t\t\t<\/div>\n\t\t<\/div>\n\t\t\t\t\t<\/div>\n\t\t<\/section>\n\t\t\t\t<section class=\"elementor-section elementor-top-section elementor-element elementor-element-40d2248 elementor-section-boxed elementor-section-height-default elementor-section-height-default\" data-id=\"40d2248\" data-element_type=\"section\" data-e-type=\"section\">\n\t\t\t\t\t\t<div class=\"elementor-container elementor-column-gap-default\">\n\t\t\t\t\t<div class=\"elementor-column elementor-col-100 elementor-top-column elementor-element elementor-element-f33d5c0\" data-id=\"f33d5c0\" data-element_type=\"column\" data-e-type=\"column\">\n\t\t\t<div class=\"elementor-widget-wrap elementor-element-populated\">\n\t\t\t\t\t\t<div class=\"elementor-element elementor-element-aca9bc3 elementor-widget elementor-widget-text-editor\" data-id=\"aca9bc3\" data-element_type=\"widget\" data-e-type=\"widget\" data-widget_type=\"text-editor.default\">\n\t\t\t\t<div class=\"elementor-widget-container\">\n\t\t\t\t\t\t\t\t\t<p><strong>H\u013ead\u00e1me:<\/strong> 4 \u00fa\u010dastn\u00edkov od 18 do 35\u00a0 rokov<\/p><p><strong>Deadline na prihl\u00e1senie<\/strong>: 29. 08. 2021<\/p>\t\t\t\t\t\t\t\t<\/div>\n\t\t\t\t<\/div>\n\t\t\t\t\t<\/div>\n\t\t<\/div>\n\t\t\t\t\t<\/div>\n\t\t<\/section>\n\t\t\t\t<\/div>\n\t\t","protected":false},"excerpt":{"rendered":"<p>Projekt pon\u00faka diskusiu na medzin\u00e1rodnej \u00farovni medzi 8 krajinami na t\u00e9my ako s\u00fa populizmus, xenof\u00f3bia a terorizmus. \u0160kolenie \u201cTvoja nov\u00e1 misia!\u201d si kladie za cie\u013e podnieti\u0165 pracovn\u00edkov s ml\u00e1de\u017eou zamyslie\u0165 sa nad d\u00f4le\u017eitos\u0165ou Eur\u00f3pskej identity a akt\u00edvnej \u00fa\u010dasti pri organizovan\u00ed medzin\u00e1rodn\u00fdch ml\u00e1de\u017en\u00edckych projektov rovnako ako aj \u0161\u00edri\u0165 d\u00f4le\u017eitos\u0165 programu Erasmus Plus. Ak m\u00e1 \u010dlovek definovan\u00e9&hellip;&nbsp;<a href=\"https:\/\/www.youthforequality.sk\/index.php\/2021\/08\/25\/your-new-mission-torremolinos-spanielsko\/\" class=\"\" rel=\"bookmark\">\u010c\u00edta\u0165 viac &raquo;<span class=\"screen-reader-text\">Your New Mission | Torremolinos, \u0160panielsko | 01. &#8211; 08. 10. 2021<\/span><\/a><\/p>\n","protected":false},"author":2,"featured_media":3229,"comment_status":"closed","ping_status":"open","sticky":false,"template":"","format":"standard","meta":{"_uf_show_specific_survey":0,"_uf_disable_surveys":false,"neve_meta_sidebar":"","neve_meta_container":"","neve_meta_enable_content_width":"","neve_meta_content_width":0,"neve_meta_title_alignment":"","neve_meta_author_avatar":"","neve_post_elements_order":"","neve_meta_disable_header":"","neve_meta_disable_footer":"","neve_meta_disable_title":"","_themeisle_gutenberg_block_has_review":false,"footnotes":""},"categories":[1],"tags":[],"class_list":["post-3227","post","type-post","status-publish","format-standard","has-post-thumbnail","hentry","category-uncategorized"],"yoast_head":"<!-- This site is optimized with the Yoast SEO plugin v27.4 - https:\/\/yoast.com\/product\/yoast-seo-wordpress\/ -->\n<title>Your New Mission | Torremolinos, \u0160panielsko | 01. - 08. 10. 2021 |<\/title>\n<meta name=\"description\" content=\"Projekt pon\u00faka diskusiu na medzin\u00e1rodnej \u00farovni medzi 8 krajinami na t\u00e9my ako s\u00fa populizmus, xenof\u00f3bia a terorizmus.\" \/>\n<meta name=\"robots\" content=\"index, follow, max-snippet:-1, max-image-preview:large, max-video-preview:-1\" \/>\n<link rel=\"canonical\" href=\"https:\/\/www.youthforequality.sk\/index.php\/2021\/08\/25\/your-new-mission-torremolinos-spanielsko\/\" \/>\n<meta property=\"og:locale\" content=\"sk_SK\" \/>\n<meta property=\"og:type\" content=\"article\" \/>\n<meta property=\"og:title\" content=\"YOUR NEW MISSION\" \/>\n<meta property=\"og:description\" content=\"Po\u010f s nami do \u0160panielska od 01. do 08. okt\u00f3bra na \u0161kolenie s n\u00e1zvom &quot;Your New Mission&quot;! Projekt pon\u00faka diskusiu na medzin\u00e1rodnej \u00farovni medzi 8 krajinami na t\u00e9my ako s\u00fa populizmus, xenof\u00f3bia a terorizmus. \u0160kolenie \u201cTvoja nov\u00e1 misia!\u201d si kladie za cie\u013e podnieti\u0165 pracovn\u00edkov s ml\u00e1de\u017eou zamyslie\u0165 sa nad d\u00f4le\u017eitos\u0165ou Eur\u00f3pskej identity a akt\u00edvnej \u00fa\u010dasti pri organizovan\u00ed medzin\u00e1rodn\u00fdch ml\u00e1de\u017en\u00edckych projektov rovnako ako aj \u0161\u00edri\u0165 d\u00f4le\u017eitos\u0165 programu Erasmus Plus. Ak m\u00e1 \u010dlovek definovan\u00e9 svoje hodnoty, pr\u00fadi mi v \u017eil\u00e1ch spolupatri\u010dnos\u0165 a je si vedom\u00fd svojich pr\u00e1v a povinnost\u00ed, je pripraven\u00fd reagova\u0165 na r\u00f4zne ideologick\u00e9 v\u00fdzvy s v\u00e4\u010d\u0161\u00edm nadh\u013eadom. H\u013ead\u00e1me 4 \u013eud\u00ed vo veku od 18 do 35 rokov. Prihl\u00e1\u0161ku n\u00e1jde\u0161 na linku https:\/\/docs.google.com\/forms\/d\/e\/1FAIpQLSda0sEj4VZ_WJgOKyyMww9glPBBKr43ZhLe4Q4Xz_YlPMlD_g\/viewform. Vyu\u017ei svoju \u0161ancu do 29. 08.!\" \/>\n<meta property=\"og:url\" content=\"https:\/\/www.youthforequality.sk\/index.php\/2021\/08\/25\/your-new-mission-torremolinos-spanielsko\/\" \/>\n<meta property=\"article:publisher\" content=\"https:\/\/www.facebook.com\/yeslovakia\" \/>\n<meta property=\"article:published_time\" content=\"2021-08-25T11:02:26+00:00\" \/>\n<meta property=\"article:modified_time\" content=\"2021-11-25T11:49:55+00:00\" \/>\n<meta property=\"og:image\" content=\"https:\/\/www.youthforequality.sk\/wp-content\/uploads\/2021\/08\/maxresdefault.jpg\" \/>\n\t<meta property=\"og:image:width\" content=\"1280\" \/>\n\t<meta property=\"og:image:height\" content=\"720\" \/>\n\t<meta property=\"og:image:type\" content=\"image\/jpeg\" \/>\n<meta name=\"author\" content=\"Diana Ja\u0161ekov\u00e1\" \/>\n<meta name=\"twitter:card\" content=\"summary_large_image\" \/>\n<meta name=\"twitter:label1\" content=\"Autor\" \/>\n\t<meta name=\"twitter:data1\" content=\"Diana Ja\u0161ekov\u00e1\" \/>\n\t<meta name=\"twitter:label2\" content=\"Predpokladan\u00fd \u010das \u010d\u00edtania\" \/>\n\t<meta name=\"twitter:data2\" content=\"1 min\u00fata\" \/>\n<script type=\"application\/ld+json\" class=\"yoast-schema-graph\">{\"@context\":\"https:\\\/\\\/schema.org\",\"@graph\":[{\"@type\":\"Article\",\"@id\":\"https:\\\/\\\/www.youthforequality.sk\\\/index.php\\\/2021\\\/08\\\/25\\\/your-new-mission-torremolinos-spanielsko\\\/#article\",\"isPartOf\":{\"@id\":\"https:\\\/\\\/www.youthforequality.sk\\\/index.php\\\/2021\\\/08\\\/25\\\/your-new-mission-torremolinos-spanielsko\\\/\"},\"author\":{\"name\":\"Diana Ja\u0161ekov\u00e1\",\"@id\":\"https:\\\/\\\/www.youthforequality.sk\\\/#\\\/schema\\\/person\\\/be8fe75a4ed9c28400bc99a029218b24\"},\"headline\":\"Your New Mission | Torremolinos, \u0160panielsko | 01. &#8211; 08. 10. 2021\",\"datePublished\":\"2021-08-25T11:02:26+00:00\",\"dateModified\":\"2021-11-25T11:49:55+00:00\",\"mainEntityOfPage\":{\"@id\":\"https:\\\/\\\/www.youthforequality.sk\\\/index.php\\\/2021\\\/08\\\/25\\\/your-new-mission-torremolinos-spanielsko\\\/\"},\"wordCount\":125,\"publisher\":{\"@id\":\"https:\\\/\\\/www.youthforequality.sk\\\/#organization\"},\"image\":{\"@id\":\"https:\\\/\\\/www.youthforequality.sk\\\/index.php\\\/2021\\\/08\\\/25\\\/your-new-mission-torremolinos-spanielsko\\\/#primaryimage\"},\"thumbnailUrl\":\"https:\\\/\\\/www.youthforequality.sk\\\/wp-content\\\/uploads\\\/2021\\\/08\\\/maxresdefault.jpg\",\"articleSection\":[\"Uncategorized\"],\"inLanguage\":\"sk-SK\"},{\"@type\":\"WebPage\",\"@id\":\"https:\\\/\\\/www.youthforequality.sk\\\/index.php\\\/2021\\\/08\\\/25\\\/your-new-mission-torremolinos-spanielsko\\\/\",\"url\":\"https:\\\/\\\/www.youthforequality.sk\\\/index.php\\\/2021\\\/08\\\/25\\\/your-new-mission-torremolinos-spanielsko\\\/\",\"name\":\"Your New Mission | Torremolinos, \u0160panielsko | 01. - 08. 10. 2021 |\",\"isPartOf\":{\"@id\":\"https:\\\/\\\/www.youthforequality.sk\\\/#website\"},\"primaryImageOfPage\":{\"@id\":\"https:\\\/\\\/www.youthforequality.sk\\\/index.php\\\/2021\\\/08\\\/25\\\/your-new-mission-torremolinos-spanielsko\\\/#primaryimage\"},\"image\":{\"@id\":\"https:\\\/\\\/www.youthforequality.sk\\\/index.php\\\/2021\\\/08\\\/25\\\/your-new-mission-torremolinos-spanielsko\\\/#primaryimage\"},\"thumbnailUrl\":\"https:\\\/\\\/www.youthforequality.sk\\\/wp-content\\\/uploads\\\/2021\\\/08\\\/maxresdefault.jpg\",\"datePublished\":\"2021-08-25T11:02:26+00:00\",\"dateModified\":\"2021-11-25T11:49:55+00:00\",\"description\":\"Projekt pon\u00faka diskusiu na medzin\u00e1rodnej \u00farovni medzi 8 krajinami na t\u00e9my ako s\u00fa populizmus, xenof\u00f3bia a terorizmus.\",\"breadcrumb\":{\"@id\":\"https:\\\/\\\/www.youthforequality.sk\\\/index.php\\\/2021\\\/08\\\/25\\\/your-new-mission-torremolinos-spanielsko\\\/#breadcrumb\"},\"inLanguage\":\"sk-SK\",\"potentialAction\":[{\"@type\":\"ReadAction\",\"target\":[\"https:\\\/\\\/www.youthforequality.sk\\\/index.php\\\/2021\\\/08\\\/25\\\/your-new-mission-torremolinos-spanielsko\\\/\"]}]},{\"@type\":\"ImageObject\",\"inLanguage\":\"sk-SK\",\"@id\":\"https:\\\/\\\/www.youthforequality.sk\\\/index.php\\\/2021\\\/08\\\/25\\\/your-new-mission-torremolinos-spanielsko\\\/#primaryimage\",\"url\":\"https:\\\/\\\/www.youthforequality.sk\\\/wp-content\\\/uploads\\\/2021\\\/08\\\/maxresdefault.jpg\",\"contentUrl\":\"https:\\\/\\\/www.youthforequality.sk\\\/wp-content\\\/uploads\\\/2021\\\/08\\\/maxresdefault.jpg\",\"width\":1280,\"height\":720},{\"@type\":\"BreadcrumbList\",\"@id\":\"https:\\\/\\\/www.youthforequality.sk\\\/index.php\\\/2021\\\/08\\\/25\\\/your-new-mission-torremolinos-spanielsko\\\/#breadcrumb\",\"itemListElement\":[{\"@type\":\"ListItem\",\"position\":1,\"name\":\"Home\",\"item\":\"https:\\\/\\\/www.youthforequality.sk\\\/\"},{\"@type\":\"ListItem\",\"position\":2,\"name\":\"Your New Mission | Torremolinos, \u0160panielsko | 01. &#8211; 08. 10. 2021\"}]},{\"@type\":\"WebSite\",\"@id\":\"https:\\\/\\\/www.youthforequality.sk\\\/#website\",\"url\":\"https:\\\/\\\/www.youthforequality.sk\\\/\",\"name\":\"\",\"description\":\"\",\"publisher\":{\"@id\":\"https:\\\/\\\/www.youthforequality.sk\\\/#organization\"},\"potentialAction\":[{\"@type\":\"SearchAction\",\"target\":{\"@type\":\"EntryPoint\",\"urlTemplate\":\"https:\\\/\\\/www.youthforequality.sk\\\/?s={search_term_string}\"},\"query-input\":{\"@type\":\"PropertyValueSpecification\",\"valueRequired\":true,\"valueName\":\"search_term_string\"}}],\"inLanguage\":\"sk-SK\"},{\"@type\":\"Organization\",\"@id\":\"https:\\\/\\\/www.youthforequality.sk\\\/#organization\",\"name\":\"Youth for Equality\",\"url\":\"https:\\\/\\\/www.youthforequality.sk\\\/\",\"logo\":{\"@type\":\"ImageObject\",\"inLanguage\":\"sk-SK\",\"@id\":\"https:\\\/\\\/www.youthforequality.sk\\\/#\\\/schema\\\/logo\\\/image\\\/\",\"url\":\"https:\\\/\\\/www.youthforequality.sk\\\/wp-content\\\/uploads\\\/2021\\\/01\\\/vynovene-logo-nove-farby_modra-na-web.png\",\"contentUrl\":\"https:\\\/\\\/www.youthforequality.sk\\\/wp-content\\\/uploads\\\/2021\\\/01\\\/vynovene-logo-nove-farby_modra-na-web.png\",\"width\":1,\"height\":1,\"caption\":\"Youth for Equality\"},\"image\":{\"@id\":\"https:\\\/\\\/www.youthforequality.sk\\\/#\\\/schema\\\/logo\\\/image\\\/\"},\"sameAs\":[\"https:\\\/\\\/www.facebook.com\\\/yeslovakia\"]},{\"@type\":\"Person\",\"@id\":\"https:\\\/\\\/www.youthforequality.sk\\\/#\\\/schema\\\/person\\\/be8fe75a4ed9c28400bc99a029218b24\",\"name\":\"Diana Ja\u0161ekov\u00e1\",\"image\":{\"@type\":\"ImageObject\",\"inLanguage\":\"sk-SK\",\"@id\":\"https:\\\/\\\/secure.gravatar.com\\\/avatar\\\/8c7454049523c9673804cf321f89b38fd4fcd5aa5ad8961f32caaf292dfd996f?s=96&d=mm&r=g\",\"url\":\"https:\\\/\\\/secure.gravatar.com\\\/avatar\\\/8c7454049523c9673804cf321f89b38fd4fcd5aa5ad8961f32caaf292dfd996f?s=96&d=mm&r=g\",\"contentUrl\":\"https:\\\/\\\/secure.gravatar.com\\\/avatar\\\/8c7454049523c9673804cf321f89b38fd4fcd5aa5ad8961f32caaf292dfd996f?s=96&d=mm&r=g\",\"caption\":\"Diana Ja\u0161ekov\u00e1\"},\"url\":\"https:\\\/\\\/www.youthforequality.sk\\\/index.php\\\/author\\\/diajas\\\/\"}]}<\/script>\n<!-- \/ Yoast SEO plugin. -->","yoast_head_json":{"title":"Your New Mission | Torremolinos, \u0160panielsko | 01. - 08. 10. 2021 |","description":"Projekt pon\u00faka diskusiu na medzin\u00e1rodnej \u00farovni medzi 8 krajinami na t\u00e9my ako s\u00fa populizmus, xenof\u00f3bia a terorizmus.","robots":{"index":"index","follow":"follow","max-snippet":"max-snippet:-1","max-image-preview":"max-image-preview:large","max-video-preview":"max-video-preview:-1"},"canonical":"https:\/\/www.youthforequality.sk\/index.php\/2021\/08\/25\/your-new-mission-torremolinos-spanielsko\/","og_locale":"sk_SK","og_type":"article","og_title":"YOUR NEW MISSION","og_description":"Po\u010f s nami do \u0160panielska od 01. do 08. okt\u00f3bra na \u0161kolenie s n\u00e1zvom \"Your New Mission\"! Projekt pon\u00faka diskusiu na medzin\u00e1rodnej \u00farovni medzi 8 krajinami na t\u00e9my ako s\u00fa populizmus, xenof\u00f3bia a terorizmus. \u0160kolenie \u201cTvoja nov\u00e1 misia!\u201d si kladie za cie\u013e podnieti\u0165 pracovn\u00edkov s ml\u00e1de\u017eou zamyslie\u0165 sa nad d\u00f4le\u017eitos\u0165ou Eur\u00f3pskej identity a akt\u00edvnej \u00fa\u010dasti pri organizovan\u00ed medzin\u00e1rodn\u00fdch ml\u00e1de\u017en\u00edckych projektov rovnako ako aj \u0161\u00edri\u0165 d\u00f4le\u017eitos\u0165 programu Erasmus Plus. Ak m\u00e1 \u010dlovek definovan\u00e9 svoje hodnoty, pr\u00fadi mi v \u017eil\u00e1ch spolupatri\u010dnos\u0165 a je si vedom\u00fd svojich pr\u00e1v a povinnost\u00ed, je pripraven\u00fd reagova\u0165 na r\u00f4zne ideologick\u00e9 v\u00fdzvy s v\u00e4\u010d\u0161\u00edm nadh\u013eadom. H\u013ead\u00e1me 4 \u013eud\u00ed vo veku od 18 do 35 rokov. Prihl\u00e1\u0161ku n\u00e1jde\u0161 na linku https:\/\/docs.google.com\/forms\/d\/e\/1FAIpQLSda0sEj4VZ_WJgOKyyMww9glPBBKr43ZhLe4Q4Xz_YlPMlD_g\/viewform. Vyu\u017ei svoju \u0161ancu do 29. 08.!","og_url":"https:\/\/www.youthforequality.sk\/index.php\/2021\/08\/25\/your-new-mission-torremolinos-spanielsko\/","article_publisher":"https:\/\/www.facebook.com\/yeslovakia","article_published_time":"2021-08-25T11:02:26+00:00","article_modified_time":"2021-11-25T11:49:55+00:00","og_image":[{"width":1280,"height":720,"url":"https:\/\/www.youthforequality.sk\/wp-content\/uploads\/2021\/08\/maxresdefault.jpg","type":"image\/jpeg"}],"author":"Diana Ja\u0161ekov\u00e1","twitter_card":"summary_large_image","twitter_misc":{"Autor":"Diana Ja\u0161ekov\u00e1","Predpokladan\u00fd \u010das \u010d\u00edtania":"1 min\u00fata"},"schema":{"@context":"https:\/\/schema.org","@graph":[{"@type":"Article","@id":"https:\/\/www.youthforequality.sk\/index.php\/2021\/08\/25\/your-new-mission-torremolinos-spanielsko\/#article","isPartOf":{"@id":"https:\/\/www.youthforequality.sk\/index.php\/2021\/08\/25\/your-new-mission-torremolinos-spanielsko\/"},"author":{"name":"Diana Ja\u0161ekov\u00e1","@id":"https:\/\/www.youthforequality.sk\/#\/schema\/person\/be8fe75a4ed9c28400bc99a029218b24"},"headline":"Your New Mission | Torremolinos, \u0160panielsko | 01. &#8211; 08. 10. 2021","datePublished":"2021-08-25T11:02:26+00:00","dateModified":"2021-11-25T11:49:55+00:00","mainEntityOfPage":{"@id":"https:\/\/www.youthforequality.sk\/index.php\/2021\/08\/25\/your-new-mission-torremolinos-spanielsko\/"},"wordCount":125,"publisher":{"@id":"https:\/\/www.youthforequality.sk\/#organization"},"image":{"@id":"https:\/\/www.youthforequality.sk\/index.php\/2021\/08\/25\/your-new-mission-torremolinos-spanielsko\/#primaryimage"},"thumbnailUrl":"https:\/\/www.youthforequality.sk\/wp-content\/uploads\/2021\/08\/maxresdefault.jpg","articleSection":["Uncategorized"],"inLanguage":"sk-SK"},{"@type":"WebPage","@id":"https:\/\/www.youthforequality.sk\/index.php\/2021\/08\/25\/your-new-mission-torremolinos-spanielsko\/","url":"https:\/\/www.youthforequality.sk\/index.php\/2021\/08\/25\/your-new-mission-torremolinos-spanielsko\/","name":"Your New Mission | Torremolinos, \u0160panielsko | 01. - 08. 10. 2021 |","isPartOf":{"@id":"https:\/\/www.youthforequality.sk\/#website"},"primaryImageOfPage":{"@id":"https:\/\/www.youthforequality.sk\/index.php\/2021\/08\/25\/your-new-mission-torremolinos-spanielsko\/#primaryimage"},"image":{"@id":"https:\/\/www.youthforequality.sk\/index.php\/2021\/08\/25\/your-new-mission-torremolinos-spanielsko\/#primaryimage"},"thumbnailUrl":"https:\/\/www.youthforequality.sk\/wp-content\/uploads\/2021\/08\/maxresdefault.jpg","datePublished":"2021-08-25T11:02:26+00:00","dateModified":"2021-11-25T11:49:55+00:00","description":"Projekt pon\u00faka diskusiu na medzin\u00e1rodnej \u00farovni medzi 8 krajinami na t\u00e9my ako s\u00fa populizmus, xenof\u00f3bia a terorizmus.","breadcrumb":{"@id":"https:\/\/www.youthforequality.sk\/index.php\/2021\/08\/25\/your-new-mission-torremolinos-spanielsko\/#breadcrumb"},"inLanguage":"sk-SK","potentialAction":[{"@type":"ReadAction","target":["https:\/\/www.youthforequality.sk\/index.php\/2021\/08\/25\/your-new-mission-torremolinos-spanielsko\/"]}]},{"@type":"ImageObject","inLanguage":"sk-SK","@id":"https:\/\/www.youthforequality.sk\/index.php\/2021\/08\/25\/your-new-mission-torremolinos-spanielsko\/#primaryimage","url":"https:\/\/www.youthforequality.sk\/wp-content\/uploads\/2021\/08\/maxresdefault.jpg","contentUrl":"https:\/\/www.youthforequality.sk\/wp-content\/uploads\/2021\/08\/maxresdefault.jpg","width":1280,"height":720},{"@type":"BreadcrumbList","@id":"https:\/\/www.youthforequality.sk\/index.php\/2021\/08\/25\/your-new-mission-torremolinos-spanielsko\/#breadcrumb","itemListElement":[{"@type":"ListItem","position":1,"name":"Home","item":"https:\/\/www.youthforequality.sk\/"},{"@type":"ListItem","position":2,"name":"Your New Mission | Torremolinos, \u0160panielsko | 01. &#8211; 08. 10. 2021"}]},{"@type":"WebSite","@id":"https:\/\/www.youthforequality.sk\/#website","url":"https:\/\/www.youthforequality.sk\/","name":"","description":"","publisher":{"@id":"https:\/\/www.youthforequality.sk\/#organization"},"potentialAction":[{"@type":"SearchAction","target":{"@type":"EntryPoint","urlTemplate":"https:\/\/www.youthforequality.sk\/?s={search_term_string}"},"query-input":{"@type":"PropertyValueSpecification","valueRequired":true,"valueName":"search_term_string"}}],"inLanguage":"sk-SK"},{"@type":"Organization","@id":"https:\/\/www.youthforequality.sk\/#organization","name":"Youth for Equality","url":"https:\/\/www.youthforequality.sk\/","logo":{"@type":"ImageObject","inLanguage":"sk-SK","@id":"https:\/\/www.youthforequality.sk\/#\/schema\/logo\/image\/","url":"https:\/\/www.youthforequality.sk\/wp-content\/uploads\/2021\/01\/vynovene-logo-nove-farby_modra-na-web.png","contentUrl":"https:\/\/www.youthforequality.sk\/wp-content\/uploads\/2021\/01\/vynovene-logo-nove-farby_modra-na-web.png","width":1,"height":1,"caption":"Youth for Equality"},"image":{"@id":"https:\/\/www.youthforequality.sk\/#\/schema\/logo\/image\/"},"sameAs":["https:\/\/www.facebook.com\/yeslovakia"]},{"@type":"Person","@id":"https:\/\/www.youthforequality.sk\/#\/schema\/person\/be8fe75a4ed9c28400bc99a029218b24","name":"Diana Ja\u0161ekov\u00e1","image":{"@type":"ImageObject","inLanguage":"sk-SK","@id":"https:\/\/secure.gravatar.com\/avatar\/8c7454049523c9673804cf321f89b38fd4fcd5aa5ad8961f32caaf292dfd996f?s=96&d=mm&r=g","url":"https:\/\/secure.gravatar.com\/avatar\/8c7454049523c9673804cf321f89b38fd4fcd5aa5ad8961f32caaf292dfd996f?s=96&d=mm&r=g","contentUrl":"https:\/\/secure.gravatar.com\/avatar\/8c7454049523c9673804cf321f89b38fd4fcd5aa5ad8961f32caaf292dfd996f?s=96&d=mm&r=g","caption":"Diana Ja\u0161ekov\u00e1"},"url":"https:\/\/www.youthforequality.sk\/index.php\/author\/diajas\/"}]}},"_links":{"self":[{"href":"https:\/\/www.youthforequality.sk\/index.php\/wp-json\/wp\/v2\/posts\/3227","targetHints":{"allow":["GET"]}}],"collection":[{"href":"https:\/\/www.youthforequality.sk\/index.php\/wp-json\/wp\/v2\/posts"}],"about":[{"href":"https:\/\/www.youthforequality.sk\/index.php\/wp-json\/wp\/v2\/types\/post"}],"author":[{"embeddable":true,"href":"https:\/\/www.youthforequality.sk\/index.php\/wp-json\/wp\/v2\/users\/2"}],"replies":[{"embeddable":true,"href":"https:\/\/www.youthforequality.sk\/index.php\/wp-json\/wp\/v2\/comments?post=3227"}],"version-history":[{"count":16,"href":"https:\/\/www.youthforequality.sk\/index.php\/wp-json\/wp\/v2\/posts\/3227\/revisions"}],"predecessor-version":[{"id":3247,"href":"https:\/\/www.youthforequality.sk\/index.php\/wp-json\/wp\/v2\/posts\/3227\/revisions\/3247"}],"wp:featuredmedia":[{"embeddable":true,"href":"https:\/\/www.youthforequality.sk\/index.php\/wp-json\/wp\/v2\/media\/3229"}],"wp:attachment":[{"href":"https:\/\/www.youthforequality.sk\/index.php\/wp-json\/wp\/v2\/media?parent=3227"}],"wp:term":[{"taxonomy":"category","embeddable":true,"href":"https:\/\/www.youthforequality.sk\/index.php\/wp-json\/wp\/v2\/categories?post=3227"},{"taxonomy":"post_tag","embeddable":true,"href":"https:\/\/www.youthforequality.sk\/index.php\/wp-json\/wp\/v2\/tags?post=3227"}],"curies":[{"name":"wp","href":"https:\/\/api.w.org\/{rel}","templated":true}]}}