{"id":3249,"date":"2021-08-26T18:17:07","date_gmt":"2021-08-26T16:17:07","guid":{"rendered":"https:\/\/www.youthforequality.sk\/?p=3249"},"modified":"2021-11-25T12:48:48","modified_gmt":"2021-11-25T11:48:48","slug":"fake-or-fact-torremolinos-spanielsko-04-12-10-2021","status":"publish","type":"post","link":"https:\/\/www.youthforequality.sk\/index.php\/2021\/08\/26\/fake-or-fact-torremolinos-spanielsko-04-12-10-2021\/","title":{"rendered":"FAke or FAct | Torremolinos, \u0160panielsko | 04. &#8211; 12. 10. 2021"},"content":{"rendered":"\t\t<div data-elementor-type=\"wp-post\" data-elementor-id=\"3249\" class=\"elementor elementor-3249\">\n\t\t\t\t\t\t<section class=\"elementor-section elementor-top-section elementor-element elementor-element-167f693 elementor-section-boxed elementor-section-height-default elementor-section-height-default\" data-id=\"167f693\" data-element_type=\"section\" data-e-type=\"section\">\n\t\t\t\t\t\t<div class=\"elementor-container elementor-column-gap-default\">\n\t\t\t\t\t<div class=\"elementor-column elementor-col-100 elementor-top-column elementor-element elementor-element-82ae472\" data-id=\"82ae472\" data-element_type=\"column\" data-e-type=\"column\">\n\t\t\t<div class=\"elementor-widget-wrap elementor-element-populated\">\n\t\t\t\t\t\t<div class=\"elementor-element elementor-element-33f8c34 elementor-widget elementor-widget-text-editor\" data-id=\"33f8c34\" data-element_type=\"widget\" data-e-type=\"widget\" data-widget_type=\"text-editor.default\">\n\t\t\t\t<div class=\"elementor-widget-container\">\n\t\t\t\t\t\t\t\t\t<p>\u0160kolenie s n\u00e1zvom \u201cFAke or FAct\u201d poukazuje na to, ak\u00e9mu mno\u017estvu inform\u00e1ci\u00ed sme dnes vystaven\u00ed, \u010do m\u00e1 za n\u00e1sledok aj \u0161\u00edrenie dezinform\u00e1ci\u00ed.\u00a0 Preto cie\u013eom tohto projektu je pripravi\u0165 ml\u00e1de\u017en\u00edckych pracovn\u00edkov ako sa vysporiada\u0165 s falo\u0161n\u00fdmi spr\u00e1vami a ako obmedzi\u0165 ich negat\u00edvne vplyvy na mlad\u00fdch \u013eud\u00ed. Do projektu je zapojen\u00fdch 7 kraj\u00edn, \u010do pon\u00faka r\u00f4znorodos\u0165 n\u00e1zorov a efekt\u00edvnych sp\u00f4sobov pri pr\u00e1ci s inform\u00e1ciami.<\/p><p>\u00a0<\/p>\t\t\t\t\t\t\t\t<\/div>\n\t\t\t\t<\/div>\n\t\t\t\t\t<\/div>\n\t\t<\/div>\n\t\t\t\t\t<\/div>\n\t\t<\/section>\n\t\t\t\t<section class=\"elementor-section elementor-top-section elementor-element elementor-element-e1ce200 elementor-section-boxed elementor-section-height-default elementor-section-height-default\" data-id=\"e1ce200\" data-element_type=\"section\" data-e-type=\"section\">\n\t\t\t\t\t\t<div class=\"elementor-container elementor-column-gap-default\">\n\t\t\t\t\t<div class=\"elementor-column elementor-col-100 elementor-top-column elementor-element elementor-element-49527f7\" data-id=\"49527f7\" data-element_type=\"column\" data-e-type=\"column\">\n\t\t\t<div class=\"elementor-widget-wrap elementor-element-populated\">\n\t\t\t\t\t\t<div class=\"elementor-element elementor-element-ac3a1a0 elementor-widget elementor-widget-text-editor\" data-id=\"ac3a1a0\" data-element_type=\"widget\" data-e-type=\"widget\" data-widget_type=\"text-editor.default\">\n\t\t\t\t<div class=\"elementor-widget-container\">\n\t\t\t\t\t\t\t\t\t<p><strong>H\u013ead\u00e1me:<\/strong>\u00a04 \u00fa\u010dastn\u00edkov od 18 do 35\u00a0 rokov<\/p><p><strong>Deadline na prihl\u00e1senie<\/strong>: 29. 08. 2021<\/p>\t\t\t\t\t\t\t\t<\/div>\n\t\t\t\t<\/div>\n\t\t\t\t\t<\/div>\n\t\t<\/div>\n\t\t\t\t\t<\/div>\n\t\t<\/section>\n\t\t\t\t<\/div>\n\t\t","protected":false},"excerpt":{"rendered":"<p>\u0160kolenie s n\u00e1zvom \u201cFAke or FAct\u201d poukazuje na to, ak\u00e9mu mno\u017estvu inform\u00e1ci\u00ed sme dnes vystaven\u00ed, \u010do m\u00e1 za n\u00e1sledok aj \u0161\u00edrenie dezinform\u00e1ci\u00ed.&nbsp; Preto cie\u013eom tohto projektu je pripravi\u0165 ml\u00e1de\u017en\u00edckych pracovn\u00edkov ako sa vysporiada\u0165 s falo\u0161n\u00fdmi spr\u00e1vami a ako obmedzi\u0165 ich negat\u00edvne vplyvy na mlad\u00fdch \u013eud\u00ed. Do projektu je zapojen\u00fdch 7 kraj\u00edn, \u010do pon\u00faka r\u00f4znorodos\u0165 n\u00e1zorov&hellip;&nbsp;<a href=\"https:\/\/www.youthforequality.sk\/index.php\/2021\/08\/26\/fake-or-fact-torremolinos-spanielsko-04-12-10-2021\/\" class=\"\" rel=\"bookmark\">\u010c\u00edta\u0165 viac &raquo;<span class=\"screen-reader-text\">FAke or FAct | Torremolinos, \u0160panielsko | 04. &#8211; 12. 10. 2021<\/span><\/a><\/p>\n","protected":false},"author":2,"featured_media":3254,"comment_status":"closed","ping_status":"open","sticky":false,"template":"","format":"standard","meta":{"_uf_show_specific_survey":0,"_uf_disable_surveys":false,"neve_meta_sidebar":"","neve_meta_container":"","neve_meta_enable_content_width":"","neve_meta_content_width":0,"neve_meta_title_alignment":"","neve_meta_author_avatar":"","neve_post_elements_order":"","neve_meta_disable_header":"","neve_meta_disable_footer":"","neve_meta_disable_title":"","_themeisle_gutenberg_block_has_review":false,"footnotes":""},"categories":[1],"tags":[],"class_list":["post-3249","post","type-post","status-publish","format-standard","has-post-thumbnail","hentry","category-uncategorized"],"yoast_head":"<!-- This site is optimized with the Yoast SEO plugin v27.4 - https:\/\/yoast.com\/product\/yoast-seo-wordpress\/ -->\n<title>FAke or FAct | Torremolinos, \u0160panielsko | 04. - 12. 10. 2021 |<\/title>\n<meta name=\"robots\" content=\"index, follow, max-snippet:-1, max-image-preview:large, max-video-preview:-1\" \/>\n<link rel=\"canonical\" href=\"https:\/\/www.youthforequality.sk\/index.php\/2021\/08\/26\/fake-or-fact-torremolinos-spanielsko-04-12-10-2021\/\" \/>\n<meta property=\"og:locale\" content=\"sk_SK\" \/>\n<meta property=\"og:type\" content=\"article\" \/>\n<meta property=\"og:title\" content=\"FAke or FAct | Torremolinos, \u0160panielsko | 04. - 12. 10. 2021 |\" \/>\n<meta property=\"og:description\" content=\"\u0160kolenie s n\u00e1zvom \u201cFAke or FAct\u201d poukazuje na to, ak\u00e9mu mno\u017estvu inform\u00e1ci\u00ed sme dnes vystaven\u00ed, \u010do m\u00e1 za n\u00e1sledok aj \u0161\u00edrenie dezinform\u00e1ci\u00ed.&nbsp; Preto cie\u013eom tohto projektu je pripravi\u0165 ml\u00e1de\u017en\u00edckych pracovn\u00edkov ako sa vysporiada\u0165 s falo\u0161n\u00fdmi spr\u00e1vami a ako obmedzi\u0165 ich negat\u00edvne vplyvy na mlad\u00fdch \u013eud\u00ed. Do projektu je zapojen\u00fdch 7 kraj\u00edn, \u010do pon\u00faka r\u00f4znorodos\u0165 n\u00e1zorov&hellip;&nbsp;\u010c\u00edta\u0165 viac &raquo;FAke or FAct | Torremolinos, \u0160panielsko | 04. &#8211; 12. 10. 2021\" \/>\n<meta property=\"og:url\" content=\"https:\/\/www.youthforequality.sk\/index.php\/2021\/08\/26\/fake-or-fact-torremolinos-spanielsko-04-12-10-2021\/\" \/>\n<meta property=\"article:publisher\" content=\"https:\/\/www.facebook.com\/yeslovakia\" \/>\n<meta property=\"article:published_time\" content=\"2021-08-26T16:17:07+00:00\" \/>\n<meta property=\"article:modified_time\" content=\"2021-11-25T11:48:48+00:00\" \/>\n<meta property=\"og:image\" content=\"https:\/\/www.youthforequality.sk\/wp-content\/uploads\/2021\/08\/https___specials-images.forbesimg.com_imageserve_5f8b53d83ad376bd758e6b23_0x0.jpg\" \/>\n\t<meta property=\"og:image:width\" content=\"1200\" \/>\n\t<meta property=\"og:image:height\" content=\"800\" \/>\n\t<meta property=\"og:image:type\" content=\"image\/jpeg\" \/>\n<meta name=\"author\" content=\"Diana Ja\u0161ekov\u00e1\" \/>\n<meta name=\"twitter:card\" content=\"summary_large_image\" \/>\n<meta name=\"twitter:label1\" content=\"Autor\" \/>\n\t<meta name=\"twitter:data1\" content=\"Diana Ja\u0161ekov\u00e1\" \/>\n\t<meta name=\"twitter:label2\" content=\"Predpokladan\u00fd \u010das \u010d\u00edtania\" \/>\n\t<meta name=\"twitter:data2\" content=\"1 min\u00fata\" \/>\n<script type=\"application\/ld+json\" class=\"yoast-schema-graph\">{\"@context\":\"https:\\\/\\\/schema.org\",\"@graph\":[{\"@type\":\"Article\",\"@id\":\"https:\\\/\\\/www.youthforequality.sk\\\/index.php\\\/2021\\\/08\\\/26\\\/fake-or-fact-torremolinos-spanielsko-04-12-10-2021\\\/#article\",\"isPartOf\":{\"@id\":\"https:\\\/\\\/www.youthforequality.sk\\\/index.php\\\/2021\\\/08\\\/26\\\/fake-or-fact-torremolinos-spanielsko-04-12-10-2021\\\/\"},\"author\":{\"name\":\"Diana Ja\u0161ekov\u00e1\",\"@id\":\"https:\\\/\\\/www.youthforequality.sk\\\/#\\\/schema\\\/person\\\/be8fe75a4ed9c28400bc99a029218b24\"},\"headline\":\"FAke or FAct | Torremolinos, \u0160panielsko | 04. &#8211; 12. 10. 2021\",\"datePublished\":\"2021-08-26T16:17:07+00:00\",\"dateModified\":\"2021-11-25T11:48:48+00:00\",\"mainEntityOfPage\":{\"@id\":\"https:\\\/\\\/www.youthforequality.sk\\\/index.php\\\/2021\\\/08\\\/26\\\/fake-or-fact-torremolinos-spanielsko-04-12-10-2021\\\/\"},\"wordCount\":107,\"publisher\":{\"@id\":\"https:\\\/\\\/www.youthforequality.sk\\\/#organization\"},\"image\":{\"@id\":\"https:\\\/\\\/www.youthforequality.sk\\\/index.php\\\/2021\\\/08\\\/26\\\/fake-or-fact-torremolinos-spanielsko-04-12-10-2021\\\/#primaryimage\"},\"thumbnailUrl\":\"https:\\\/\\\/www.youthforequality.sk\\\/wp-content\\\/uploads\\\/2021\\\/08\\\/https___specials-images.forbesimg.com_imageserve_5f8b53d83ad376bd758e6b23_0x0.jpg\",\"articleSection\":[\"Uncategorized\"],\"inLanguage\":\"sk-SK\"},{\"@type\":\"WebPage\",\"@id\":\"https:\\\/\\\/www.youthforequality.sk\\\/index.php\\\/2021\\\/08\\\/26\\\/fake-or-fact-torremolinos-spanielsko-04-12-10-2021\\\/\",\"url\":\"https:\\\/\\\/www.youthforequality.sk\\\/index.php\\\/2021\\\/08\\\/26\\\/fake-or-fact-torremolinos-spanielsko-04-12-10-2021\\\/\",\"name\":\"FAke or FAct | Torremolinos, \u0160panielsko | 04. - 12. 10. 2021 |\",\"isPartOf\":{\"@id\":\"https:\\\/\\\/www.youthforequality.sk\\\/#website\"},\"primaryImageOfPage\":{\"@id\":\"https:\\\/\\\/www.youthforequality.sk\\\/index.php\\\/2021\\\/08\\\/26\\\/fake-or-fact-torremolinos-spanielsko-04-12-10-2021\\\/#primaryimage\"},\"image\":{\"@id\":\"https:\\\/\\\/www.youthforequality.sk\\\/index.php\\\/2021\\\/08\\\/26\\\/fake-or-fact-torremolinos-spanielsko-04-12-10-2021\\\/#primaryimage\"},\"thumbnailUrl\":\"https:\\\/\\\/www.youthforequality.sk\\\/wp-content\\\/uploads\\\/2021\\\/08\\\/https___specials-images.forbesimg.com_imageserve_5f8b53d83ad376bd758e6b23_0x0.jpg\",\"datePublished\":\"2021-08-26T16:17:07+00:00\",\"dateModified\":\"2021-11-25T11:48:48+00:00\",\"breadcrumb\":{\"@id\":\"https:\\\/\\\/www.youthforequality.sk\\\/index.php\\\/2021\\\/08\\\/26\\\/fake-or-fact-torremolinos-spanielsko-04-12-10-2021\\\/#breadcrumb\"},\"inLanguage\":\"sk-SK\",\"potentialAction\":[{\"@type\":\"ReadAction\",\"target\":[\"https:\\\/\\\/www.youthforequality.sk\\\/index.php\\\/2021\\\/08\\\/26\\\/fake-or-fact-torremolinos-spanielsko-04-12-10-2021\\\/\"]}]},{\"@type\":\"ImageObject\",\"inLanguage\":\"sk-SK\",\"@id\":\"https:\\\/\\\/www.youthforequality.sk\\\/index.php\\\/2021\\\/08\\\/26\\\/fake-or-fact-torremolinos-spanielsko-04-12-10-2021\\\/#primaryimage\",\"url\":\"https:\\\/\\\/www.youthforequality.sk\\\/wp-content\\\/uploads\\\/2021\\\/08\\\/https___specials-images.forbesimg.com_imageserve_5f8b53d83ad376bd758e6b23_0x0.jpg\",\"contentUrl\":\"https:\\\/\\\/www.youthforequality.sk\\\/wp-content\\\/uploads\\\/2021\\\/08\\\/https___specials-images.forbesimg.com_imageserve_5f8b53d83ad376bd758e6b23_0x0.jpg\",\"width\":1200,\"height\":800},{\"@type\":\"BreadcrumbList\",\"@id\":\"https:\\\/\\\/www.youthforequality.sk\\\/index.php\\\/2021\\\/08\\\/26\\\/fake-or-fact-torremolinos-spanielsko-04-12-10-2021\\\/#breadcrumb\",\"itemListElement\":[{\"@type\":\"ListItem\",\"position\":1,\"name\":\"Home\",\"item\":\"https:\\\/\\\/www.youthforequality.sk\\\/\"},{\"@type\":\"ListItem\",\"position\":2,\"name\":\"FAke or FAct | Torremolinos, \u0160panielsko | 04. &#8211; 12. 10. 2021\"}]},{\"@type\":\"WebSite\",\"@id\":\"https:\\\/\\\/www.youthforequality.sk\\\/#website\",\"url\":\"https:\\\/\\\/www.youthforequality.sk\\\/\",\"name\":\"\",\"description\":\"\",\"publisher\":{\"@id\":\"https:\\\/\\\/www.youthforequality.sk\\\/#organization\"},\"potentialAction\":[{\"@type\":\"SearchAction\",\"target\":{\"@type\":\"EntryPoint\",\"urlTemplate\":\"https:\\\/\\\/www.youthforequality.sk\\\/?s={search_term_string}\"},\"query-input\":{\"@type\":\"PropertyValueSpecification\",\"valueRequired\":true,\"valueName\":\"search_term_string\"}}],\"inLanguage\":\"sk-SK\"},{\"@type\":\"Organization\",\"@id\":\"https:\\\/\\\/www.youthforequality.sk\\\/#organization\",\"name\":\"Youth for Equality\",\"url\":\"https:\\\/\\\/www.youthforequality.sk\\\/\",\"logo\":{\"@type\":\"ImageObject\",\"inLanguage\":\"sk-SK\",\"@id\":\"https:\\\/\\\/www.youthforequality.sk\\\/#\\\/schema\\\/logo\\\/image\\\/\",\"url\":\"https:\\\/\\\/www.youthforequality.sk\\\/wp-content\\\/uploads\\\/2021\\\/01\\\/vynovene-logo-nove-farby_modra-na-web.png\",\"contentUrl\":\"https:\\\/\\\/www.youthforequality.sk\\\/wp-content\\\/uploads\\\/2021\\\/01\\\/vynovene-logo-nove-farby_modra-na-web.png\",\"width\":1,\"height\":1,\"caption\":\"Youth for Equality\"},\"image\":{\"@id\":\"https:\\\/\\\/www.youthforequality.sk\\\/#\\\/schema\\\/logo\\\/image\\\/\"},\"sameAs\":[\"https:\\\/\\\/www.facebook.com\\\/yeslovakia\"]},{\"@type\":\"Person\",\"@id\":\"https:\\\/\\\/www.youthforequality.sk\\\/#\\\/schema\\\/person\\\/be8fe75a4ed9c28400bc99a029218b24\",\"name\":\"Diana Ja\u0161ekov\u00e1\",\"image\":{\"@type\":\"ImageObject\",\"inLanguage\":\"sk-SK\",\"@id\":\"https:\\\/\\\/secure.gravatar.com\\\/avatar\\\/8c7454049523c9673804cf321f89b38fd4fcd5aa5ad8961f32caaf292dfd996f?s=96&d=mm&r=g\",\"url\":\"https:\\\/\\\/secure.gravatar.com\\\/avatar\\\/8c7454049523c9673804cf321f89b38fd4fcd5aa5ad8961f32caaf292dfd996f?s=96&d=mm&r=g\",\"contentUrl\":\"https:\\\/\\\/secure.gravatar.com\\\/avatar\\\/8c7454049523c9673804cf321f89b38fd4fcd5aa5ad8961f32caaf292dfd996f?s=96&d=mm&r=g\",\"caption\":\"Diana Ja\u0161ekov\u00e1\"},\"url\":\"https:\\\/\\\/www.youthforequality.sk\\\/index.php\\\/author\\\/diajas\\\/\"}]}<\/script>\n<!-- \/ Yoast SEO plugin. -->","yoast_head_json":{"title":"FAke or FAct | Torremolinos, \u0160panielsko | 04. - 12. 10. 2021 |","robots":{"index":"index","follow":"follow","max-snippet":"max-snippet:-1","max-image-preview":"max-image-preview:large","max-video-preview":"max-video-preview:-1"},"canonical":"https:\/\/www.youthforequality.sk\/index.php\/2021\/08\/26\/fake-or-fact-torremolinos-spanielsko-04-12-10-2021\/","og_locale":"sk_SK","og_type":"article","og_title":"FAke or FAct | Torremolinos, \u0160panielsko | 04. - 12. 10. 2021 |","og_description":"\u0160kolenie s n\u00e1zvom \u201cFAke or FAct\u201d poukazuje na to, ak\u00e9mu mno\u017estvu inform\u00e1ci\u00ed sme dnes vystaven\u00ed, \u010do m\u00e1 za n\u00e1sledok aj \u0161\u00edrenie dezinform\u00e1ci\u00ed.&nbsp; Preto cie\u013eom tohto projektu je pripravi\u0165 ml\u00e1de\u017en\u00edckych pracovn\u00edkov ako sa vysporiada\u0165 s falo\u0161n\u00fdmi spr\u00e1vami a ako obmedzi\u0165 ich negat\u00edvne vplyvy na mlad\u00fdch \u013eud\u00ed. Do projektu je zapojen\u00fdch 7 kraj\u00edn, \u010do pon\u00faka r\u00f4znorodos\u0165 n\u00e1zorov&hellip;&nbsp;\u010c\u00edta\u0165 viac &raquo;FAke or FAct | Torremolinos, \u0160panielsko | 04. &#8211; 12. 10. 2021","og_url":"https:\/\/www.youthforequality.sk\/index.php\/2021\/08\/26\/fake-or-fact-torremolinos-spanielsko-04-12-10-2021\/","article_publisher":"https:\/\/www.facebook.com\/yeslovakia","article_published_time":"2021-08-26T16:17:07+00:00","article_modified_time":"2021-11-25T11:48:48+00:00","og_image":[{"width":1200,"height":800,"url":"https:\/\/www.youthforequality.sk\/wp-content\/uploads\/2021\/08\/https___specials-images.forbesimg.com_imageserve_5f8b53d83ad376bd758e6b23_0x0.jpg","type":"image\/jpeg"}],"author":"Diana Ja\u0161ekov\u00e1","twitter_card":"summary_large_image","twitter_misc":{"Autor":"Diana Ja\u0161ekov\u00e1","Predpokladan\u00fd \u010das \u010d\u00edtania":"1 min\u00fata"},"schema":{"@context":"https:\/\/schema.org","@graph":[{"@type":"Article","@id":"https:\/\/www.youthforequality.sk\/index.php\/2021\/08\/26\/fake-or-fact-torremolinos-spanielsko-04-12-10-2021\/#article","isPartOf":{"@id":"https:\/\/www.youthforequality.sk\/index.php\/2021\/08\/26\/fake-or-fact-torremolinos-spanielsko-04-12-10-2021\/"},"author":{"name":"Diana Ja\u0161ekov\u00e1","@id":"https:\/\/www.youthforequality.sk\/#\/schema\/person\/be8fe75a4ed9c28400bc99a029218b24"},"headline":"FAke or FAct | Torremolinos, \u0160panielsko | 04. &#8211; 12. 10. 2021","datePublished":"2021-08-26T16:17:07+00:00","dateModified":"2021-11-25T11:48:48+00:00","mainEntityOfPage":{"@id":"https:\/\/www.youthforequality.sk\/index.php\/2021\/08\/26\/fake-or-fact-torremolinos-spanielsko-04-12-10-2021\/"},"wordCount":107,"publisher":{"@id":"https:\/\/www.youthforequality.sk\/#organization"},"image":{"@id":"https:\/\/www.youthforequality.sk\/index.php\/2021\/08\/26\/fake-or-fact-torremolinos-spanielsko-04-12-10-2021\/#primaryimage"},"thumbnailUrl":"https:\/\/www.youthforequality.sk\/wp-content\/uploads\/2021\/08\/https___specials-images.forbesimg.com_imageserve_5f8b53d83ad376bd758e6b23_0x0.jpg","articleSection":["Uncategorized"],"inLanguage":"sk-SK"},{"@type":"WebPage","@id":"https:\/\/www.youthforequality.sk\/index.php\/2021\/08\/26\/fake-or-fact-torremolinos-spanielsko-04-12-10-2021\/","url":"https:\/\/www.youthforequality.sk\/index.php\/2021\/08\/26\/fake-or-fact-torremolinos-spanielsko-04-12-10-2021\/","name":"FAke or FAct | Torremolinos, \u0160panielsko | 04. - 12. 10. 2021 |","isPartOf":{"@id":"https:\/\/www.youthforequality.sk\/#website"},"primaryImageOfPage":{"@id":"https:\/\/www.youthforequality.sk\/index.php\/2021\/08\/26\/fake-or-fact-torremolinos-spanielsko-04-12-10-2021\/#primaryimage"},"image":{"@id":"https:\/\/www.youthforequality.sk\/index.php\/2021\/08\/26\/fake-or-fact-torremolinos-spanielsko-04-12-10-2021\/#primaryimage"},"thumbnailUrl":"https:\/\/www.youthforequality.sk\/wp-content\/uploads\/2021\/08\/https___specials-images.forbesimg.com_imageserve_5f8b53d83ad376bd758e6b23_0x0.jpg","datePublished":"2021-08-26T16:17:07+00:00","dateModified":"2021-11-25T11:48:48+00:00","breadcrumb":{"@id":"https:\/\/www.youthforequality.sk\/index.php\/2021\/08\/26\/fake-or-fact-torremolinos-spanielsko-04-12-10-2021\/#breadcrumb"},"inLanguage":"sk-SK","potentialAction":[{"@type":"ReadAction","target":["https:\/\/www.youthforequality.sk\/index.php\/2021\/08\/26\/fake-or-fact-torremolinos-spanielsko-04-12-10-2021\/"]}]},{"@type":"ImageObject","inLanguage":"sk-SK","@id":"https:\/\/www.youthforequality.sk\/index.php\/2021\/08\/26\/fake-or-fact-torremolinos-spanielsko-04-12-10-2021\/#primaryimage","url":"https:\/\/www.youthforequality.sk\/wp-content\/uploads\/2021\/08\/https___specials-images.forbesimg.com_imageserve_5f8b53d83ad376bd758e6b23_0x0.jpg","contentUrl":"https:\/\/www.youthforequality.sk\/wp-content\/uploads\/2021\/08\/https___specials-images.forbesimg.com_imageserve_5f8b53d83ad376bd758e6b23_0x0.jpg","width":1200,"height":800},{"@type":"BreadcrumbList","@id":"https:\/\/www.youthforequality.sk\/index.php\/2021\/08\/26\/fake-or-fact-torremolinos-spanielsko-04-12-10-2021\/#breadcrumb","itemListElement":[{"@type":"ListItem","position":1,"name":"Home","item":"https:\/\/www.youthforequality.sk\/"},{"@type":"ListItem","position":2,"name":"FAke or FAct | Torremolinos, \u0160panielsko | 04. &#8211; 12. 10. 2021"}]},{"@type":"WebSite","@id":"https:\/\/www.youthforequality.sk\/#website","url":"https:\/\/www.youthforequality.sk\/","name":"","description":"","publisher":{"@id":"https:\/\/www.youthforequality.sk\/#organization"},"potentialAction":[{"@type":"SearchAction","target":{"@type":"EntryPoint","urlTemplate":"https:\/\/www.youthforequality.sk\/?s={search_term_string}"},"query-input":{"@type":"PropertyValueSpecification","valueRequired":true,"valueName":"search_term_string"}}],"inLanguage":"sk-SK"},{"@type":"Organization","@id":"https:\/\/www.youthforequality.sk\/#organization","name":"Youth for Equality","url":"https:\/\/www.youthforequality.sk\/","logo":{"@type":"ImageObject","inLanguage":"sk-SK","@id":"https:\/\/www.youthforequality.sk\/#\/schema\/logo\/image\/","url":"https:\/\/www.youthforequality.sk\/wp-content\/uploads\/2021\/01\/vynovene-logo-nove-farby_modra-na-web.png","contentUrl":"https:\/\/www.youthforequality.sk\/wp-content\/uploads\/2021\/01\/vynovene-logo-nove-farby_modra-na-web.png","width":1,"height":1,"caption":"Youth for Equality"},"image":{"@id":"https:\/\/www.youthforequality.sk\/#\/schema\/logo\/image\/"},"sameAs":["https:\/\/www.facebook.com\/yeslovakia"]},{"@type":"Person","@id":"https:\/\/www.youthforequality.sk\/#\/schema\/person\/be8fe75a4ed9c28400bc99a029218b24","name":"Diana Ja\u0161ekov\u00e1","image":{"@type":"ImageObject","inLanguage":"sk-SK","@id":"https:\/\/secure.gravatar.com\/avatar\/8c7454049523c9673804cf321f89b38fd4fcd5aa5ad8961f32caaf292dfd996f?s=96&d=mm&r=g","url":"https:\/\/secure.gravatar.com\/avatar\/8c7454049523c9673804cf321f89b38fd4fcd5aa5ad8961f32caaf292dfd996f?s=96&d=mm&r=g","contentUrl":"https:\/\/secure.gravatar.com\/avatar\/8c7454049523c9673804cf321f89b38fd4fcd5aa5ad8961f32caaf292dfd996f?s=96&d=mm&r=g","caption":"Diana Ja\u0161ekov\u00e1"},"url":"https:\/\/www.youthforequality.sk\/index.php\/author\/diajas\/"}]}},"_links":{"self":[{"href":"https:\/\/www.youthforequality.sk\/index.php\/wp-json\/wp\/v2\/posts\/3249","targetHints":{"allow":["GET"]}}],"collection":[{"href":"https:\/\/www.youthforequality.sk\/index.php\/wp-json\/wp\/v2\/posts"}],"about":[{"href":"https:\/\/www.youthforequality.sk\/index.php\/wp-json\/wp\/v2\/types\/post"}],"author":[{"embeddable":true,"href":"https:\/\/www.youthforequality.sk\/index.php\/wp-json\/wp\/v2\/users\/2"}],"replies":[{"embeddable":true,"href":"https:\/\/www.youthforequality.sk\/index.php\/wp-json\/wp\/v2\/comments?post=3249"}],"version-history":[{"count":9,"href":"https:\/\/www.youthforequality.sk\/index.php\/wp-json\/wp\/v2\/posts\/3249\/revisions"}],"predecessor-version":[{"id":3261,"href":"https:\/\/www.youthforequality.sk\/index.php\/wp-json\/wp\/v2\/posts\/3249\/revisions\/3261"}],"wp:featuredmedia":[{"embeddable":true,"href":"https:\/\/www.youthforequality.sk\/index.php\/wp-json\/wp\/v2\/media\/3254"}],"wp:attachment":[{"href":"https:\/\/www.youthforequality.sk\/index.php\/wp-json\/wp\/v2\/media?parent=3249"}],"wp:term":[{"taxonomy":"category","embeddable":true,"href":"https:\/\/www.youthforequality.sk\/index.php\/wp-json\/wp\/v2\/categories?post=3249"},{"taxonomy":"post_tag","embeddable":true,"href":"https:\/\/www.youthforequality.sk\/index.php\/wp-json\/wp\/v2\/tags?post=3249"}],"curies":[{"name":"wp","href":"https:\/\/api.w.org\/{rel}","templated":true}]}}