{"id":3262,"date":"2021-08-27T10:41:01","date_gmt":"2021-08-27T08:41:01","guid":{"rendered":"https:\/\/www.youthforequality.sk\/?p=3262"},"modified":"2021-11-25T12:49:16","modified_gmt":"2021-11-25T11:49:16","slug":"contact-making-event-slettestrand-denmark-24-11-01-12-2021","status":"publish","type":"post","link":"https:\/\/www.youthforequality.sk\/index.php\/2021\/08\/27\/contact-making-event-slettestrand-denmark-24-11-01-12-2021\/","title":{"rendered":"Contact Making Event | Slettestrand, Denmark | 24.11. &#8211; 01.12.2021"},"content":{"rendered":"\t\t<div data-elementor-type=\"wp-post\" data-elementor-id=\"3262\" class=\"elementor elementor-3262\">\n\t\t\t\t\t\t<section class=\"elementor-section elementor-top-section elementor-element elementor-element-84d5c16 elementor-section-boxed elementor-section-height-default elementor-section-height-default\" data-id=\"84d5c16\" data-element_type=\"section\" data-e-type=\"section\">\n\t\t\t\t\t\t<div class=\"elementor-container elementor-column-gap-default\">\n\t\t\t\t\t<div class=\"elementor-column elementor-col-100 elementor-top-column elementor-element elementor-element-2a88d75\" data-id=\"2a88d75\" data-element_type=\"column\" data-e-type=\"column\">\n\t\t\t<div class=\"elementor-widget-wrap elementor-element-populated\">\n\t\t\t\t\t\t<div class=\"elementor-element elementor-element-61590d9 elementor-widget elementor-widget-text-editor\" data-id=\"61590d9\" data-element_type=\"widget\" data-e-type=\"widget\" data-widget_type=\"text-editor.default\">\n\t\t\t\t<div class=\"elementor-widget-container\">\n\t\t\t\t\t\t\t\t\t<p><b>Contact Making Event <\/b><span style=\"font-weight: 400;\">je prvou \u010das\u0165ou dvojf\u00e1zov\u00e9ho projektu <em>\u201cInnoBoost &#8211; Boosting Value Creation Through Innovation\u201d<\/em>.\u00a0\u00a0<\/span><\/p><p>\u00a0<\/p><p><span style=\"font-weight: 400;\">Za cie\u013e si projekt kladie podporova\u0165 vytv\u00e1ranie hodn\u00f4t v nadn\u00e1rodn\u00fdch ml\u00e1de\u017en\u00edckych projektoch prostredn\u00edctvom podpori podnikate\u013esk\u00e9ho myslenia a inovat\u00edvnych opatren\u00ed pracovn\u00edkov s ml\u00e1de\u017eou.<\/span><\/p><p><span style=\"font-weight: 400;\">Preto h\u013ead\u00e1me 2 zanieten\u00fdch sk\u00fasen\u00fdch \u00fa\u010dastn\u00edkov, ktor\u00ed sa chopia tejto pr\u00edle\u017eitosti a vycestuj\u00fa do D\u00e1nska. O r\u00f4znorodos\u0165 bude postaran\u00e9, preto\u017ee do projektu je zapojen\u00fdch 18 partnersk\u00fdch organiz\u00e1ci\u00ed. Z \u010doho 11 je mimovl\u00e1dnych organiz\u00e1ci\u00ed, 5 soci\u00e1lnych podnikov a 2 s\u00fa miestne verejn\u00e9 org\u00e1ny v oblasti pr\u00e1ce s ml\u00e1de\u017eou a n\u00e1rodn\u00e9ho vzdel\u00e1vania.\u00a0<\/span><\/p><p>\u00a0<\/p><p><span style=\"font-weight: 400;\">Prv\u00e1 \u010das\u0165 sa zameriava na stretnutie \u00fa\u010dastn\u00edkov a zdie\u013eanie inovat\u00edvnych n\u00e1padov, ktor\u00e9 maj\u00fa potenci\u00e1l prinies\u0165 vysok\u00fa hodnotu z dlhodob\u00e9ho h\u013eadiska. <\/span>Druh\u00e1 \u010das\u0165 sa bude kona\u0165 v Nemecku bud\u00faci rok. Bli\u017e\u0161ie inform\u00e1cie bud\u00fa poskytnut\u00e9 nesk\u00f4r.\u00a0<\/p>\t\t\t\t\t\t\t\t<\/div>\n\t\t\t\t<\/div>\n\t\t\t\t\t<\/div>\n\t\t<\/div>\n\t\t\t\t\t<\/div>\n\t\t<\/section>\n\t\t\t\t<section class=\"elementor-section elementor-top-section elementor-element elementor-element-3c20d0e elementor-section-boxed elementor-section-height-default elementor-section-height-default\" data-id=\"3c20d0e\" data-element_type=\"section\" data-e-type=\"section\">\n\t\t\t\t\t\t<div class=\"elementor-container elementor-column-gap-default\">\n\t\t\t\t\t<div class=\"elementor-column elementor-col-100 elementor-top-column elementor-element elementor-element-5c35fa0\" data-id=\"5c35fa0\" data-element_type=\"column\" data-e-type=\"column\">\n\t\t\t<div class=\"elementor-widget-wrap elementor-element-populated\">\n\t\t\t\t\t\t<div class=\"elementor-element elementor-element-afe43f9 elementor-widget elementor-widget-text-editor\" data-id=\"afe43f9\" data-element_type=\"widget\" data-e-type=\"widget\" data-widget_type=\"text-editor.default\">\n\t\t\t\t<div class=\"elementor-widget-container\">\n\t\t\t\t\t\t\t\t\t<p><strong>H\u013ead\u00e1me:<\/strong> 2 sk\u00fasen\u00fdch \u00fa\u010dastn\u00edkov od 21 do 35\u00a0 rokov<\/p><p><strong>Deadline na prihl\u00e1senie<\/strong>: 30. 08. 2021<\/p>\t\t\t\t\t\t\t\t<\/div>\n\t\t\t\t<\/div>\n\t\t\t\t\t<\/div>\n\t\t<\/div>\n\t\t\t\t\t<\/div>\n\t\t<\/section>\n\t\t\t\t<\/div>\n\t\t","protected":false},"excerpt":{"rendered":"<p>Contact Making Event je prvou \u010das\u0165ou dvojf\u00e1zov\u00e9ho projektu \u201cInnoBoost &#8211; Boosting Value Creation Through Innovation\u201d.&nbsp;&nbsp; Za cie\u013e si projekt kladie podporova\u0165 vytv\u00e1ranie hodn\u00f4t v nadn\u00e1rodn\u00fdch ml\u00e1de\u017en\u00edckych projektoch prostredn\u00edctvom podpori podnikate\u013esk\u00e9ho myslenia a inovat\u00edvnych opatren\u00ed pracovn\u00edkov s ml\u00e1de\u017eou. Preto h\u013ead\u00e1me 2 zanieten\u00fdch sk\u00fasen\u00fdch \u00fa\u010dastn\u00edkov, ktor\u00ed sa chopia tejto pr\u00edle\u017eitosti a vycestuj\u00fa do D\u00e1nska. O r\u00f4znorodos\u0165 bude&hellip;&nbsp;<a href=\"https:\/\/www.youthforequality.sk\/index.php\/2021\/08\/27\/contact-making-event-slettestrand-denmark-24-11-01-12-2021\/\" class=\"\" rel=\"bookmark\">\u010c\u00edta\u0165 viac &raquo;<span class=\"screen-reader-text\">Contact Making Event | Slettestrand, Denmark | 24.11. &#8211; 01.12.2021<\/span><\/a><\/p>\n","protected":false},"author":2,"featured_media":3268,"comment_status":"closed","ping_status":"open","sticky":false,"template":"","format":"standard","meta":{"_uf_show_specific_survey":0,"_uf_disable_surveys":false,"neve_meta_sidebar":"","neve_meta_container":"","neve_meta_enable_content_width":"","neve_meta_content_width":0,"neve_meta_title_alignment":"","neve_meta_author_avatar":"","neve_post_elements_order":"","neve_meta_disable_header":"","neve_meta_disable_footer":"","neve_meta_disable_title":"","_themeisle_gutenberg_block_has_review":false,"footnotes":""},"categories":[1],"tags":[],"class_list":["post-3262","post","type-post","status-publish","format-standard","has-post-thumbnail","hentry","category-uncategorized"],"yoast_head":"<!-- This site is optimized with the Yoast SEO plugin v27.4 - https:\/\/yoast.com\/product\/yoast-seo-wordpress\/ -->\n<title>Contact Making Event | Slettestrand, Denmark | 24.11. - 01.12.2021 |<\/title>\n<meta name=\"description\" content=\"Contact Making Event je prvou \u010das\u0165ou dvojf\u00e1zov\u00e9ho projektu \u201cInnoBoost - Boosting Value Creation Through Innovation\u201d.\u00a0\u00a0H\u013ead\u00e1me 2 zanieten\u00fdch \u00fa\u010dastn\u00edkov, ktor\u00ed sa chopia tejto pr\u00edle\u017eitosti a vycestuj\u00fa do D\u00e1nska.\" \/>\n<meta name=\"robots\" content=\"index, follow, max-snippet:-1, max-image-preview:large, max-video-preview:-1\" \/>\n<link rel=\"canonical\" href=\"https:\/\/www.youthforequality.sk\/index.php\/2021\/08\/27\/contact-making-event-slettestrand-denmark-24-11-01-12-2021\/\" \/>\n<meta property=\"og:locale\" content=\"sk_SK\" \/>\n<meta property=\"og:type\" content=\"article\" \/>\n<meta property=\"og:title\" content=\"Contact Making Event | Slettestrand, Denmark | 24.11. - 01.12.2021 |\" \/>\n<meta property=\"og:description\" content=\"Contact Making Event je prvou \u010das\u0165ou dvojf\u00e1zov\u00e9ho projektu \u201cInnoBoost - Boosting Value Creation Through Innovation\u201d.\u00a0\u00a0H\u013ead\u00e1me 2 zanieten\u00fdch \u00fa\u010dastn\u00edkov, ktor\u00ed sa chopia tejto pr\u00edle\u017eitosti a vycestuj\u00fa do D\u00e1nska.\" \/>\n<meta property=\"og:url\" content=\"https:\/\/www.youthforequality.sk\/index.php\/2021\/08\/27\/contact-making-event-slettestrand-denmark-24-11-01-12-2021\/\" \/>\n<meta property=\"article:publisher\" content=\"https:\/\/www.facebook.com\/yeslovakia\" \/>\n<meta property=\"article:published_time\" content=\"2021-08-27T08:41:01+00:00\" \/>\n<meta property=\"article:modified_time\" content=\"2021-11-25T11:49:16+00:00\" \/>\n<meta property=\"og:image\" content=\"https:\/\/www.youthforequality.sk\/wp-content\/uploads\/2021\/08\/ToyInsider_Innovation.jpg\" \/>\n\t<meta property=\"og:image:width\" content=\"845\" \/>\n\t<meta property=\"og:image:height\" content=\"498\" \/>\n\t<meta property=\"og:image:type\" content=\"image\/jpeg\" \/>\n<meta name=\"author\" content=\"Diana Ja\u0161ekov\u00e1\" \/>\n<meta name=\"twitter:card\" content=\"summary_large_image\" \/>\n<meta name=\"twitter:label1\" content=\"Autor\" \/>\n\t<meta name=\"twitter:data1\" content=\"Diana Ja\u0161ekov\u00e1\" \/>\n\t<meta name=\"twitter:label2\" content=\"Predpokladan\u00fd \u010das \u010d\u00edtania\" \/>\n\t<meta name=\"twitter:data2\" content=\"1 min\u00fata\" \/>\n<script type=\"application\/ld+json\" class=\"yoast-schema-graph\">{\"@context\":\"https:\\\/\\\/schema.org\",\"@graph\":[{\"@type\":\"Article\",\"@id\":\"https:\\\/\\\/www.youthforequality.sk\\\/index.php\\\/2021\\\/08\\\/27\\\/contact-making-event-slettestrand-denmark-24-11-01-12-2021\\\/#article\",\"isPartOf\":{\"@id\":\"https:\\\/\\\/www.youthforequality.sk\\\/index.php\\\/2021\\\/08\\\/27\\\/contact-making-event-slettestrand-denmark-24-11-01-12-2021\\\/\"},\"author\":{\"name\":\"Diana Ja\u0161ekov\u00e1\",\"@id\":\"https:\\\/\\\/www.youthforequality.sk\\\/#\\\/schema\\\/person\\\/be8fe75a4ed9c28400bc99a029218b24\"},\"headline\":\"Contact Making Event | Slettestrand, Denmark | 24.11. &#8211; 01.12.2021\",\"datePublished\":\"2021-08-27T08:41:01+00:00\",\"dateModified\":\"2021-11-25T11:49:16+00:00\",\"mainEntityOfPage\":{\"@id\":\"https:\\\/\\\/www.youthforequality.sk\\\/index.php\\\/2021\\\/08\\\/27\\\/contact-making-event-slettestrand-denmark-24-11-01-12-2021\\\/\"},\"wordCount\":194,\"publisher\":{\"@id\":\"https:\\\/\\\/www.youthforequality.sk\\\/#organization\"},\"image\":{\"@id\":\"https:\\\/\\\/www.youthforequality.sk\\\/index.php\\\/2021\\\/08\\\/27\\\/contact-making-event-slettestrand-denmark-24-11-01-12-2021\\\/#primaryimage\"},\"thumbnailUrl\":\"https:\\\/\\\/www.youthforequality.sk\\\/wp-content\\\/uploads\\\/2021\\\/08\\\/ToyInsider_Innovation.jpg\",\"articleSection\":[\"Uncategorized\"],\"inLanguage\":\"sk-SK\"},{\"@type\":\"WebPage\",\"@id\":\"https:\\\/\\\/www.youthforequality.sk\\\/index.php\\\/2021\\\/08\\\/27\\\/contact-making-event-slettestrand-denmark-24-11-01-12-2021\\\/\",\"url\":\"https:\\\/\\\/www.youthforequality.sk\\\/index.php\\\/2021\\\/08\\\/27\\\/contact-making-event-slettestrand-denmark-24-11-01-12-2021\\\/\",\"name\":\"Contact Making Event | Slettestrand, Denmark | 24.11. - 01.12.2021 |\",\"isPartOf\":{\"@id\":\"https:\\\/\\\/www.youthforequality.sk\\\/#website\"},\"primaryImageOfPage\":{\"@id\":\"https:\\\/\\\/www.youthforequality.sk\\\/index.php\\\/2021\\\/08\\\/27\\\/contact-making-event-slettestrand-denmark-24-11-01-12-2021\\\/#primaryimage\"},\"image\":{\"@id\":\"https:\\\/\\\/www.youthforequality.sk\\\/index.php\\\/2021\\\/08\\\/27\\\/contact-making-event-slettestrand-denmark-24-11-01-12-2021\\\/#primaryimage\"},\"thumbnailUrl\":\"https:\\\/\\\/www.youthforequality.sk\\\/wp-content\\\/uploads\\\/2021\\\/08\\\/ToyInsider_Innovation.jpg\",\"datePublished\":\"2021-08-27T08:41:01+00:00\",\"dateModified\":\"2021-11-25T11:49:16+00:00\",\"description\":\"Contact Making Event je prvou \u010das\u0165ou dvojf\u00e1zov\u00e9ho projektu \u201cInnoBoost - Boosting Value Creation Through Innovation\u201d.\u00a0\u00a0H\u013ead\u00e1me 2 zanieten\u00fdch \u00fa\u010dastn\u00edkov, ktor\u00ed sa chopia tejto pr\u00edle\u017eitosti a vycestuj\u00fa do D\u00e1nska.\",\"breadcrumb\":{\"@id\":\"https:\\\/\\\/www.youthforequality.sk\\\/index.php\\\/2021\\\/08\\\/27\\\/contact-making-event-slettestrand-denmark-24-11-01-12-2021\\\/#breadcrumb\"},\"inLanguage\":\"sk-SK\",\"potentialAction\":[{\"@type\":\"ReadAction\",\"target\":[\"https:\\\/\\\/www.youthforequality.sk\\\/index.php\\\/2021\\\/08\\\/27\\\/contact-making-event-slettestrand-denmark-24-11-01-12-2021\\\/\"]}]},{\"@type\":\"ImageObject\",\"inLanguage\":\"sk-SK\",\"@id\":\"https:\\\/\\\/www.youthforequality.sk\\\/index.php\\\/2021\\\/08\\\/27\\\/contact-making-event-slettestrand-denmark-24-11-01-12-2021\\\/#primaryimage\",\"url\":\"https:\\\/\\\/www.youthforequality.sk\\\/wp-content\\\/uploads\\\/2021\\\/08\\\/ToyInsider_Innovation.jpg\",\"contentUrl\":\"https:\\\/\\\/www.youthforequality.sk\\\/wp-content\\\/uploads\\\/2021\\\/08\\\/ToyInsider_Innovation.jpg\",\"width\":845,\"height\":498},{\"@type\":\"BreadcrumbList\",\"@id\":\"https:\\\/\\\/www.youthforequality.sk\\\/index.php\\\/2021\\\/08\\\/27\\\/contact-making-event-slettestrand-denmark-24-11-01-12-2021\\\/#breadcrumb\",\"itemListElement\":[{\"@type\":\"ListItem\",\"position\":1,\"name\":\"Home\",\"item\":\"https:\\\/\\\/www.youthforequality.sk\\\/\"},{\"@type\":\"ListItem\",\"position\":2,\"name\":\"Contact Making Event | Slettestrand, Denmark | 24.11. &#8211; 01.12.2021\"}]},{\"@type\":\"WebSite\",\"@id\":\"https:\\\/\\\/www.youthforequality.sk\\\/#website\",\"url\":\"https:\\\/\\\/www.youthforequality.sk\\\/\",\"name\":\"\",\"description\":\"\",\"publisher\":{\"@id\":\"https:\\\/\\\/www.youthforequality.sk\\\/#organization\"},\"potentialAction\":[{\"@type\":\"SearchAction\",\"target\":{\"@type\":\"EntryPoint\",\"urlTemplate\":\"https:\\\/\\\/www.youthforequality.sk\\\/?s={search_term_string}\"},\"query-input\":{\"@type\":\"PropertyValueSpecification\",\"valueRequired\":true,\"valueName\":\"search_term_string\"}}],\"inLanguage\":\"sk-SK\"},{\"@type\":\"Organization\",\"@id\":\"https:\\\/\\\/www.youthforequality.sk\\\/#organization\",\"name\":\"Youth for Equality\",\"url\":\"https:\\\/\\\/www.youthforequality.sk\\\/\",\"logo\":{\"@type\":\"ImageObject\",\"inLanguage\":\"sk-SK\",\"@id\":\"https:\\\/\\\/www.youthforequality.sk\\\/#\\\/schema\\\/logo\\\/image\\\/\",\"url\":\"https:\\\/\\\/www.youthforequality.sk\\\/wp-content\\\/uploads\\\/2021\\\/01\\\/vynovene-logo-nove-farby_modra-na-web.png\",\"contentUrl\":\"https:\\\/\\\/www.youthforequality.sk\\\/wp-content\\\/uploads\\\/2021\\\/01\\\/vynovene-logo-nove-farby_modra-na-web.png\",\"width\":1,\"height\":1,\"caption\":\"Youth for Equality\"},\"image\":{\"@id\":\"https:\\\/\\\/www.youthforequality.sk\\\/#\\\/schema\\\/logo\\\/image\\\/\"},\"sameAs\":[\"https:\\\/\\\/www.facebook.com\\\/yeslovakia\"]},{\"@type\":\"Person\",\"@id\":\"https:\\\/\\\/www.youthforequality.sk\\\/#\\\/schema\\\/person\\\/be8fe75a4ed9c28400bc99a029218b24\",\"name\":\"Diana Ja\u0161ekov\u00e1\",\"image\":{\"@type\":\"ImageObject\",\"inLanguage\":\"sk-SK\",\"@id\":\"https:\\\/\\\/secure.gravatar.com\\\/avatar\\\/8c7454049523c9673804cf321f89b38fd4fcd5aa5ad8961f32caaf292dfd996f?s=96&d=mm&r=g\",\"url\":\"https:\\\/\\\/secure.gravatar.com\\\/avatar\\\/8c7454049523c9673804cf321f89b38fd4fcd5aa5ad8961f32caaf292dfd996f?s=96&d=mm&r=g\",\"contentUrl\":\"https:\\\/\\\/secure.gravatar.com\\\/avatar\\\/8c7454049523c9673804cf321f89b38fd4fcd5aa5ad8961f32caaf292dfd996f?s=96&d=mm&r=g\",\"caption\":\"Diana Ja\u0161ekov\u00e1\"},\"url\":\"https:\\\/\\\/www.youthforequality.sk\\\/index.php\\\/author\\\/diajas\\\/\"}]}<\/script>\n<!-- \/ Yoast SEO plugin. -->","yoast_head_json":{"title":"Contact Making Event | Slettestrand, Denmark | 24.11. - 01.12.2021 |","description":"Contact Making Event je prvou \u010das\u0165ou dvojf\u00e1zov\u00e9ho projektu \u201cInnoBoost - Boosting Value Creation Through Innovation\u201d.\u00a0\u00a0H\u013ead\u00e1me 2 zanieten\u00fdch \u00fa\u010dastn\u00edkov, ktor\u00ed sa chopia tejto pr\u00edle\u017eitosti a vycestuj\u00fa do D\u00e1nska.","robots":{"index":"index","follow":"follow","max-snippet":"max-snippet:-1","max-image-preview":"max-image-preview:large","max-video-preview":"max-video-preview:-1"},"canonical":"https:\/\/www.youthforequality.sk\/index.php\/2021\/08\/27\/contact-making-event-slettestrand-denmark-24-11-01-12-2021\/","og_locale":"sk_SK","og_type":"article","og_title":"Contact Making Event | Slettestrand, Denmark | 24.11. - 01.12.2021 |","og_description":"Contact Making Event je prvou \u010das\u0165ou dvojf\u00e1zov\u00e9ho projektu \u201cInnoBoost - Boosting Value Creation Through Innovation\u201d.\u00a0\u00a0H\u013ead\u00e1me 2 zanieten\u00fdch \u00fa\u010dastn\u00edkov, ktor\u00ed sa chopia tejto pr\u00edle\u017eitosti a vycestuj\u00fa do D\u00e1nska.","og_url":"https:\/\/www.youthforequality.sk\/index.php\/2021\/08\/27\/contact-making-event-slettestrand-denmark-24-11-01-12-2021\/","article_publisher":"https:\/\/www.facebook.com\/yeslovakia","article_published_time":"2021-08-27T08:41:01+00:00","article_modified_time":"2021-11-25T11:49:16+00:00","og_image":[{"width":845,"height":498,"url":"https:\/\/www.youthforequality.sk\/wp-content\/uploads\/2021\/08\/ToyInsider_Innovation.jpg","type":"image\/jpeg"}],"author":"Diana Ja\u0161ekov\u00e1","twitter_card":"summary_large_image","twitter_misc":{"Autor":"Diana Ja\u0161ekov\u00e1","Predpokladan\u00fd \u010das \u010d\u00edtania":"1 min\u00fata"},"schema":{"@context":"https:\/\/schema.org","@graph":[{"@type":"Article","@id":"https:\/\/www.youthforequality.sk\/index.php\/2021\/08\/27\/contact-making-event-slettestrand-denmark-24-11-01-12-2021\/#article","isPartOf":{"@id":"https:\/\/www.youthforequality.sk\/index.php\/2021\/08\/27\/contact-making-event-slettestrand-denmark-24-11-01-12-2021\/"},"author":{"name":"Diana Ja\u0161ekov\u00e1","@id":"https:\/\/www.youthforequality.sk\/#\/schema\/person\/be8fe75a4ed9c28400bc99a029218b24"},"headline":"Contact Making Event | Slettestrand, Denmark | 24.11. &#8211; 01.12.2021","datePublished":"2021-08-27T08:41:01+00:00","dateModified":"2021-11-25T11:49:16+00:00","mainEntityOfPage":{"@id":"https:\/\/www.youthforequality.sk\/index.php\/2021\/08\/27\/contact-making-event-slettestrand-denmark-24-11-01-12-2021\/"},"wordCount":194,"publisher":{"@id":"https:\/\/www.youthforequality.sk\/#organization"},"image":{"@id":"https:\/\/www.youthforequality.sk\/index.php\/2021\/08\/27\/contact-making-event-slettestrand-denmark-24-11-01-12-2021\/#primaryimage"},"thumbnailUrl":"https:\/\/www.youthforequality.sk\/wp-content\/uploads\/2021\/08\/ToyInsider_Innovation.jpg","articleSection":["Uncategorized"],"inLanguage":"sk-SK"},{"@type":"WebPage","@id":"https:\/\/www.youthforequality.sk\/index.php\/2021\/08\/27\/contact-making-event-slettestrand-denmark-24-11-01-12-2021\/","url":"https:\/\/www.youthforequality.sk\/index.php\/2021\/08\/27\/contact-making-event-slettestrand-denmark-24-11-01-12-2021\/","name":"Contact Making Event | Slettestrand, Denmark | 24.11. - 01.12.2021 |","isPartOf":{"@id":"https:\/\/www.youthforequality.sk\/#website"},"primaryImageOfPage":{"@id":"https:\/\/www.youthforequality.sk\/index.php\/2021\/08\/27\/contact-making-event-slettestrand-denmark-24-11-01-12-2021\/#primaryimage"},"image":{"@id":"https:\/\/www.youthforequality.sk\/index.php\/2021\/08\/27\/contact-making-event-slettestrand-denmark-24-11-01-12-2021\/#primaryimage"},"thumbnailUrl":"https:\/\/www.youthforequality.sk\/wp-content\/uploads\/2021\/08\/ToyInsider_Innovation.jpg","datePublished":"2021-08-27T08:41:01+00:00","dateModified":"2021-11-25T11:49:16+00:00","description":"Contact Making Event je prvou \u010das\u0165ou dvojf\u00e1zov\u00e9ho projektu \u201cInnoBoost - Boosting Value Creation Through Innovation\u201d.\u00a0\u00a0H\u013ead\u00e1me 2 zanieten\u00fdch \u00fa\u010dastn\u00edkov, ktor\u00ed sa chopia tejto pr\u00edle\u017eitosti a vycestuj\u00fa do D\u00e1nska.","breadcrumb":{"@id":"https:\/\/www.youthforequality.sk\/index.php\/2021\/08\/27\/contact-making-event-slettestrand-denmark-24-11-01-12-2021\/#breadcrumb"},"inLanguage":"sk-SK","potentialAction":[{"@type":"ReadAction","target":["https:\/\/www.youthforequality.sk\/index.php\/2021\/08\/27\/contact-making-event-slettestrand-denmark-24-11-01-12-2021\/"]}]},{"@type":"ImageObject","inLanguage":"sk-SK","@id":"https:\/\/www.youthforequality.sk\/index.php\/2021\/08\/27\/contact-making-event-slettestrand-denmark-24-11-01-12-2021\/#primaryimage","url":"https:\/\/www.youthforequality.sk\/wp-content\/uploads\/2021\/08\/ToyInsider_Innovation.jpg","contentUrl":"https:\/\/www.youthforequality.sk\/wp-content\/uploads\/2021\/08\/ToyInsider_Innovation.jpg","width":845,"height":498},{"@type":"BreadcrumbList","@id":"https:\/\/www.youthforequality.sk\/index.php\/2021\/08\/27\/contact-making-event-slettestrand-denmark-24-11-01-12-2021\/#breadcrumb","itemListElement":[{"@type":"ListItem","position":1,"name":"Home","item":"https:\/\/www.youthforequality.sk\/"},{"@type":"ListItem","position":2,"name":"Contact Making Event | Slettestrand, Denmark | 24.11. &#8211; 01.12.2021"}]},{"@type":"WebSite","@id":"https:\/\/www.youthforequality.sk\/#website","url":"https:\/\/www.youthforequality.sk\/","name":"","description":"","publisher":{"@id":"https:\/\/www.youthforequality.sk\/#organization"},"potentialAction":[{"@type":"SearchAction","target":{"@type":"EntryPoint","urlTemplate":"https:\/\/www.youthforequality.sk\/?s={search_term_string}"},"query-input":{"@type":"PropertyValueSpecification","valueRequired":true,"valueName":"search_term_string"}}],"inLanguage":"sk-SK"},{"@type":"Organization","@id":"https:\/\/www.youthforequality.sk\/#organization","name":"Youth for Equality","url":"https:\/\/www.youthforequality.sk\/","logo":{"@type":"ImageObject","inLanguage":"sk-SK","@id":"https:\/\/www.youthforequality.sk\/#\/schema\/logo\/image\/","url":"https:\/\/www.youthforequality.sk\/wp-content\/uploads\/2021\/01\/vynovene-logo-nove-farby_modra-na-web.png","contentUrl":"https:\/\/www.youthforequality.sk\/wp-content\/uploads\/2021\/01\/vynovene-logo-nove-farby_modra-na-web.png","width":1,"height":1,"caption":"Youth for Equality"},"image":{"@id":"https:\/\/www.youthforequality.sk\/#\/schema\/logo\/image\/"},"sameAs":["https:\/\/www.facebook.com\/yeslovakia"]},{"@type":"Person","@id":"https:\/\/www.youthforequality.sk\/#\/schema\/person\/be8fe75a4ed9c28400bc99a029218b24","name":"Diana Ja\u0161ekov\u00e1","image":{"@type":"ImageObject","inLanguage":"sk-SK","@id":"https:\/\/secure.gravatar.com\/avatar\/8c7454049523c9673804cf321f89b38fd4fcd5aa5ad8961f32caaf292dfd996f?s=96&d=mm&r=g","url":"https:\/\/secure.gravatar.com\/avatar\/8c7454049523c9673804cf321f89b38fd4fcd5aa5ad8961f32caaf292dfd996f?s=96&d=mm&r=g","contentUrl":"https:\/\/secure.gravatar.com\/avatar\/8c7454049523c9673804cf321f89b38fd4fcd5aa5ad8961f32caaf292dfd996f?s=96&d=mm&r=g","caption":"Diana Ja\u0161ekov\u00e1"},"url":"https:\/\/www.youthforequality.sk\/index.php\/author\/diajas\/"}]}},"_links":{"self":[{"href":"https:\/\/www.youthforequality.sk\/index.php\/wp-json\/wp\/v2\/posts\/3262","targetHints":{"allow":["GET"]}}],"collection":[{"href":"https:\/\/www.youthforequality.sk\/index.php\/wp-json\/wp\/v2\/posts"}],"about":[{"href":"https:\/\/www.youthforequality.sk\/index.php\/wp-json\/wp\/v2\/types\/post"}],"author":[{"embeddable":true,"href":"https:\/\/www.youthforequality.sk\/index.php\/wp-json\/wp\/v2\/users\/2"}],"replies":[{"embeddable":true,"href":"https:\/\/www.youthforequality.sk\/index.php\/wp-json\/wp\/v2\/comments?post=3262"}],"version-history":[{"count":5,"href":"https:\/\/www.youthforequality.sk\/index.php\/wp-json\/wp\/v2\/posts\/3262\/revisions"}],"predecessor-version":[{"id":3269,"href":"https:\/\/www.youthforequality.sk\/index.php\/wp-json\/wp\/v2\/posts\/3262\/revisions\/3269"}],"wp:featuredmedia":[{"embeddable":true,"href":"https:\/\/www.youthforequality.sk\/index.php\/wp-json\/wp\/v2\/media\/3268"}],"wp:attachment":[{"href":"https:\/\/www.youthforequality.sk\/index.php\/wp-json\/wp\/v2\/media?parent=3262"}],"wp:term":[{"taxonomy":"category","embeddable":true,"href":"https:\/\/www.youthforequality.sk\/index.php\/wp-json\/wp\/v2\/categories?post=3262"},{"taxonomy":"post_tag","embeddable":true,"href":"https:\/\/www.youthforequality.sk\/index.php\/wp-json\/wp\/v2\/tags?post=3262"}],"curies":[{"name":"wp","href":"https:\/\/api.w.org\/{rel}","templated":true}]}}