{"id":3274,"date":"2021-08-30T12:46:41","date_gmt":"2021-08-30T10:46:41","guid":{"rendered":"https:\/\/www.youthforequality.sk\/?p=3274"},"modified":"2021-08-30T12:59:17","modified_gmt":"2021-08-30T10:59:17","slug":"internship-through-the-eyes-of-byouth-for-equality-internship","status":"publish","type":"post","link":"https:\/\/www.youthforequality.sk\/index.php\/2021\/08\/30\/internship-through-the-eyes-of-byouth-for-equality-internship\/","title":{"rendered":"Internship through the eyes of Beatriz"},"content":{"rendered":"\t\t<div data-elementor-type=\"wp-post\" data-elementor-id=\"3274\" class=\"elementor elementor-3274\">\n\t\t\t\t\t\t<section class=\"elementor-section elementor-top-section elementor-element elementor-element-5b98c180 elementor-section-boxed elementor-section-height-default elementor-section-height-default\" data-id=\"5b98c180\" data-element_type=\"section\" data-e-type=\"section\">\n\t\t\t\t\t\t<div class=\"elementor-container elementor-column-gap-default\">\n\t\t\t\t\t<div class=\"elementor-column elementor-col-100 elementor-top-column elementor-element elementor-element-72d92790\" data-id=\"72d92790\" data-element_type=\"column\" data-e-type=\"column\">\n\t\t\t<div class=\"elementor-widget-wrap elementor-element-populated\">\n\t\t\t\t\t\t\t<\/div>\n\t\t<\/div>\n\t\t\t\t\t<\/div>\n\t\t<\/section>\n\t\t\t\t<section class=\"elementor-section elementor-top-section elementor-element elementor-element-e0bc104 elementor-section-boxed elementor-section-height-default elementor-section-height-default\" data-id=\"e0bc104\" data-element_type=\"section\" data-e-type=\"section\">\n\t\t\t\t\t\t<div class=\"elementor-container elementor-column-gap-default\">\n\t\t\t\t\t<div class=\"elementor-column elementor-col-100 elementor-top-column elementor-element elementor-element-a8eee6c\" data-id=\"a8eee6c\" data-element_type=\"column\" data-e-type=\"column\">\n\t\t\t<div class=\"elementor-widget-wrap elementor-element-populated\">\n\t\t\t\t\t\t<div class=\"elementor-element elementor-element-28e57ec elementor-widget elementor-widget-text-editor\" data-id=\"28e57ec\" data-element_type=\"widget\" data-e-type=\"widget\" data-widget_type=\"text-editor.default\">\n\t\t\t\t<div class=\"elementor-widget-container\">\n\t\t\t\t\t\t\t\t\t<p><span style=\"font-weight: 400;\">My time has been amazing since day one in Slovakia. Before I even started my internship I had the chance to explore the country a little bit thanks to my father who stayed with me during the first week. So we visited so many incredible places. Tatra Mountains were the best for me as they are abounded by amazing views and inmensity. I have been lucky enough to visit them twice.\u00a0<\/span><\/p>\n<p>\u00a0<\/p>\n<p><span style=\"font-weight: 400;\">When I started the internship I met Diana who is a really kind person and always has been. She has helped me with any problem. I have learnt a bit about the unseen side of Erasmus+ Projects. I have been helping her with little things such as creating banners or infopacks in\u00a0 Canva which was a totally new thing for me. I also helped with final reports of the projects. This was so useful as I met with some people during the project that are also interested in creating their own project. I have organized Spanish lessons trying to teach people from Trnava some basics. I hope some of them will at least remember how to say beer. Hahaha&#8230;<\/span><\/p>\n<p>\u00a0<\/p>\n<p><span style=\"font-weight: 400;\">Every Friday I had a session with Filip for a couple of hours in order to create a strategic document with European policymakers for the European Commission about LGTBIAQ+ rights from the point of view of young people. Filip prepared a few workshops for me as well where he taught me about creating my own project and how I can apply for a grant. All of those things have been new to me so I am very glad for an opportunity to spend some quality time with Filip.<\/span><\/p>\n<p>\u00a0<\/p>\n<p><span style=\"font-weight: 400;\">As Youth for Equality organized a project called Treat Yourself in Trnava during my internship I could be part of it. It has been one of the best experiences of my internship. I met incredible people from other countries and I have realized how important our mental health is as it was the main topic of the project. We have built such a tight relationship with some participants that as a result of this, some girls and I want to create our own project! Hope we can achieve it thanks to my overall experience.\u00a0<\/span><\/p>\n<p>\u00a0<\/p>\n<p><span style=\"font-weight: 400;\">Being away from home for the first time was a little bit scary at the beginning. I was exposed to learn and discover myself more. However I do not regret my decision to come to Slovakia. I love this place, its landscapes, people, food and the list would continue. Location of the country is a big advantage so I was able to visit other countries and cities apart from Slovakia. I am very grateful and satisfied for those two months here, which unfortunately has passed so quickly. I met new people with whom I shared good beer and wine. I changed the sea for the mountain; parties for traveling; Spanish for English. Now I see many things from different perspectives. I know that doing things on your own is not to be alone, it is to appreciate your own company; but now I know it is better than before. I am very thankful to Diana and Youth for Equality for giving me this huge opportunity. I have been loving it! Definitely I can surely say that this has been one of my favourite summers: different, full of experiences and discovery\u2026<\/span><\/p>\n<p>\u00a0<\/p>\n<p>With love,<\/p>\n<p>\u00a0<\/p>\n<p><span style=\"font-weight: 400;\">Beatriz<\/span><\/p>\n<p>\u00a0<\/p>\n<p><div id='gallery-1' class='gallery galleryid-3274 gallery-columns-3 gallery-size-medium'><figure class='gallery-item'>\n\t\t\t<div class='gallery-icon portrait'>\n\t\t\t\t<a href='https:\/\/www.youthforequality.sk\/index.php\/2021\/08\/30\/internship-through-the-eyes-of-byouth-for-equality-internship\/ffkd4853\/'><img fetchpriority=\"high\" decoding=\"async\" width=\"225\" height=\"300\" src=\"https:\/\/www.youthforequality.sk\/wp-content\/uploads\/2021\/08\/FFKD4853-225x300.jpg\" class=\"attachment-medium size-medium\" alt=\"\" srcset=\"https:\/\/www.youthforequality.sk\/wp-content\/uploads\/2021\/08\/FFKD4853-225x300.jpg 225w, https:\/\/www.youthforequality.sk\/wp-content\/uploads\/2021\/08\/FFKD4853-768x1024.jpg 768w, https:\/\/www.youthforequality.sk\/wp-content\/uploads\/2021\/08\/FFKD4853-1152x1536.jpg 1152w, https:\/\/www.youthforequality.sk\/wp-content\/uploads\/2021\/08\/FFKD4853.jpg 1200w\" sizes=\"(max-width: 225px) 100vw, 225px\" \/><\/a>\n\t\t\t<\/div><\/figure><figure class='gallery-item'>\n\t\t\t<div class='gallery-icon landscape'>\n\t\t\t\t<a href='https:\/\/www.youthforequality.sk\/index.php\/2021\/08\/30\/internship-through-the-eyes-of-byouth-for-equality-internship\/liqf5847\/'><img decoding=\"async\" width=\"300\" height=\"208\" src=\"https:\/\/www.youthforequality.sk\/wp-content\/uploads\/2021\/08\/LIQF5847-e1630321043213-300x208.jpg\" class=\"attachment-medium size-medium\" alt=\"\" srcset=\"https:\/\/www.youthforequality.sk\/wp-content\/uploads\/2021\/08\/LIQF5847-e1630321043213-300x208.jpg 300w, https:\/\/www.youthforequality.sk\/wp-content\/uploads\/2021\/08\/LIQF5847-e1630321043213-1024x710.jpg 1024w, https:\/\/www.youthforequality.sk\/wp-content\/uploads\/2021\/08\/LIQF5847-e1630321043213-768x532.jpg 768w\" sizes=\"(max-width: 300px) 100vw, 300px\" \/><\/a>\n\t\t\t<\/div><\/figure><figure class='gallery-item'>\n\t\t\t<div class='gallery-icon landscape'>\n\t\t\t\t<a href='https:\/\/www.youthforequality.sk\/index.php\/2021\/08\/30\/internship-through-the-eyes-of-byouth-for-equality-internship\/njgx4251\/'><img decoding=\"async\" width=\"300\" height=\"300\" src=\"https:\/\/www.youthforequality.sk\/wp-content\/uploads\/2021\/08\/NJGX4251-300x300.jpg\" class=\"attachment-medium size-medium\" alt=\"\" srcset=\"https:\/\/www.youthforequality.sk\/wp-content\/uploads\/2021\/08\/NJGX4251-300x300.jpg 300w, https:\/\/www.youthforequality.sk\/wp-content\/uploads\/2021\/08\/NJGX4251-1024x1024.jpg 1024w, https:\/\/www.youthforequality.sk\/wp-content\/uploads\/2021\/08\/NJGX4251-150x150.jpg 150w, https:\/\/www.youthforequality.sk\/wp-content\/uploads\/2021\/08\/NJGX4251-768x768.jpg 768w, https:\/\/www.youthforequality.sk\/wp-content\/uploads\/2021\/08\/NJGX4251.jpg 1440w\" sizes=\"(max-width: 300px) 100vw, 300px\" \/><\/a>\n\t\t\t<\/div><\/figure><figure class='gallery-item'>\n\t\t\t<div class='gallery-icon portrait'>\n\t\t\t\t<a href='https:\/\/www.youthforequality.sk\/index.php\/2021\/08\/30\/internship-through-the-eyes-of-byouth-for-equality-internship\/uhii8282\/'><img loading=\"lazy\" decoding=\"async\" width=\"225\" height=\"300\" src=\"https:\/\/www.youthforequality.sk\/wp-content\/uploads\/2021\/08\/UHII8282-225x300.jpg\" class=\"attachment-medium size-medium\" alt=\"\" srcset=\"https:\/\/www.youthforequality.sk\/wp-content\/uploads\/2021\/08\/UHII8282-225x300.jpg 225w, https:\/\/www.youthforequality.sk\/wp-content\/uploads\/2021\/08\/UHII8282-768x1024.jpg 768w, https:\/\/www.youthforequality.sk\/wp-content\/uploads\/2021\/08\/UHII8282-1152x1536.jpg 1152w, https:\/\/www.youthforequality.sk\/wp-content\/uploads\/2021\/08\/UHII8282.jpg 1200w\" sizes=\"(max-width: 225px) 100vw, 225px\" \/><\/a>\n\t\t\t<\/div><\/figure><figure class='gallery-item'>\n\t\t\t<div class='gallery-icon portrait'>\n\t\t\t\t<a href='https:\/\/www.youthforequality.sk\/index.php\/2021\/08\/30\/internship-through-the-eyes-of-byouth-for-equality-internship\/lami6969\/'><img loading=\"lazy\" decoding=\"async\" width=\"225\" height=\"300\" src=\"https:\/\/www.youthforequality.sk\/wp-content\/uploads\/2021\/08\/LAMI6969-225x300.jpg\" class=\"attachment-medium size-medium\" alt=\"\" srcset=\"https:\/\/www.youthforequality.sk\/wp-content\/uploads\/2021\/08\/LAMI6969-225x300.jpg 225w, https:\/\/www.youthforequality.sk\/wp-content\/uploads\/2021\/08\/LAMI6969-768x1024.jpg 768w, https:\/\/www.youthforequality.sk\/wp-content\/uploads\/2021\/08\/LAMI6969-1152x1536.jpg 1152w, https:\/\/www.youthforequality.sk\/wp-content\/uploads\/2021\/08\/LAMI6969.jpg 1200w\" sizes=\"(max-width: 225px) 100vw, 225px\" \/><\/a>\n\t\t\t<\/div><\/figure><figure class='gallery-item'>\n\t\t\t<div class='gallery-icon portrait'>\n\t\t\t\t<a href='https:\/\/www.youthforequality.sk\/index.php\/2021\/08\/30\/internship-through-the-eyes-of-byouth-for-equality-internship\/scine2197\/'><img loading=\"lazy\" decoding=\"async\" width=\"225\" height=\"300\" src=\"https:\/\/www.youthforequality.sk\/wp-content\/uploads\/2021\/08\/SCINE2197-225x300.jpg\" class=\"attachment-medium size-medium\" alt=\"\" srcset=\"https:\/\/www.youthforequality.sk\/wp-content\/uploads\/2021\/08\/SCINE2197-225x300.jpg 225w, https:\/\/www.youthforequality.sk\/wp-content\/uploads\/2021\/08\/SCINE2197-768x1024.jpg 768w, https:\/\/www.youthforequality.sk\/wp-content\/uploads\/2021\/08\/SCINE2197-1152x1536.jpg 1152w, https:\/\/www.youthforequality.sk\/wp-content\/uploads\/2021\/08\/SCINE2197.jpg 1200w\" sizes=\"(max-width: 225px) 100vw, 225px\" \/><\/a>\n\t\t\t<\/div><\/figure>\n\t\t<\/div>\n<\/p>\t\t\t\t\t\t\t\t<\/div>\n\t\t\t\t<\/div>\n\t\t\t\t\t<\/div>\n\t\t<\/div>\n\t\t\t\t\t<\/div>\n\t\t<\/section>\n\t\t\t\t<\/div>\n\t\t","protected":false},"excerpt":{"rendered":"<p>My time has been amazing since day one in Slovakia. Before I even started my internship I had the chance to explore the country a little bit thanks to my father who stayed with me during the first week. So we visited so many incredible places. Tatra Mountains were the best for me as they&hellip;&nbsp;<a href=\"https:\/\/www.youthforequality.sk\/index.php\/2021\/08\/30\/internship-through-the-eyes-of-byouth-for-equality-internship\/\" class=\"\" rel=\"bookmark\">\u010c\u00edta\u0165 viac &raquo;<span class=\"screen-reader-text\">Internship through the eyes of Beatriz<\/span><\/a><\/p>\n","protected":false},"author":2,"featured_media":3279,"comment_status":"closed","ping_status":"open","sticky":false,"template":"","format":"standard","meta":{"_uf_show_specific_survey":0,"_uf_disable_surveys":false,"neve_meta_sidebar":"","neve_meta_container":"","neve_meta_enable_content_width":"","neve_meta_content_width":0,"neve_meta_title_alignment":"","neve_meta_author_avatar":"","neve_post_elements_order":"","neve_meta_disable_header":"","neve_meta_disable_footer":"","neve_meta_disable_title":"","_themeisle_gutenberg_block_has_review":false,"footnotes":""},"categories":[3],"tags":[],"class_list":["post-3274","post","type-post","status-publish","format-standard","has-post-thumbnail","hentry","category-blog"],"yoast_head":"<!-- This site is optimized with the Yoast SEO plugin v27.4 - https:\/\/yoast.com\/product\/yoast-seo-wordpress\/ -->\n<title>Internship through the eyes of Beatriz |<\/title>\n<meta name=\"robots\" content=\"index, follow, max-snippet:-1, max-image-preview:large, max-video-preview:-1\" \/>\n<link rel=\"canonical\" href=\"https:\/\/www.youthforequality.sk\/index.php\/2021\/08\/30\/internship-through-the-eyes-of-byouth-for-equality-internship\/\" \/>\n<meta property=\"og:locale\" content=\"sk_SK\" \/>\n<meta property=\"og:type\" content=\"article\" \/>\n<meta property=\"og:title\" content=\"Internship through the eyes of Beatriz |\" \/>\n<meta property=\"og:description\" content=\"My time has been amazing since day one in Slovakia. Before I even started my internship I had the chance to explore the country a little bit thanks to my father who stayed with me during the first week. So we visited so many incredible places. Tatra Mountains were the best for me as they&hellip;&nbsp;\u010c\u00edta\u0165 viac &raquo;Internship through the eyes of Beatriz\" \/>\n<meta property=\"og:url\" content=\"https:\/\/www.youthforequality.sk\/index.php\/2021\/08\/30\/internship-through-the-eyes-of-byouth-for-equality-internship\/\" \/>\n<meta property=\"article:publisher\" content=\"https:\/\/www.facebook.com\/yeslovakia\" \/>\n<meta property=\"article:published_time\" content=\"2021-08-30T10:46:41+00:00\" \/>\n<meta property=\"article:modified_time\" content=\"2021-08-30T10:59:17+00:00\" \/>\n<meta property=\"og:image\" content=\"https:\/\/www.youthforequality.sk\/wp-content\/uploads\/2021\/08\/LIQF5847-e1630321131213.jpg\" \/>\n\t<meta property=\"og:image:width\" content=\"1111\" \/>\n\t<meta property=\"og:image:height\" content=\"770\" \/>\n\t<meta property=\"og:image:type\" content=\"image\/jpeg\" \/>\n<meta name=\"author\" content=\"Diana Ja\u0161ekov\u00e1\" \/>\n<meta name=\"twitter:card\" content=\"summary_large_image\" \/>\n<meta name=\"twitter:label1\" content=\"Autor\" \/>\n\t<meta name=\"twitter:data1\" content=\"Diana Ja\u0161ekov\u00e1\" \/>\n\t<meta name=\"twitter:label2\" content=\"Predpokladan\u00fd \u010das \u010d\u00edtania\" \/>\n\t<meta name=\"twitter:data2\" content=\"3 min\u00faty\" \/>\n<script type=\"application\/ld+json\" class=\"yoast-schema-graph\">{\"@context\":\"https:\\\/\\\/schema.org\",\"@graph\":[{\"@type\":\"Article\",\"@id\":\"https:\\\/\\\/www.youthforequality.sk\\\/index.php\\\/2021\\\/08\\\/30\\\/internship-through-the-eyes-of-byouth-for-equality-internship\\\/#article\",\"isPartOf\":{\"@id\":\"https:\\\/\\\/www.youthforequality.sk\\\/index.php\\\/2021\\\/08\\\/30\\\/internship-through-the-eyes-of-byouth-for-equality-internship\\\/\"},\"author\":{\"name\":\"Diana Ja\u0161ekov\u00e1\",\"@id\":\"https:\\\/\\\/www.youthforequality.sk\\\/#\\\/schema\\\/person\\\/be8fe75a4ed9c28400bc99a029218b24\"},\"headline\":\"Internship through the eyes of Beatriz\",\"datePublished\":\"2021-08-30T10:46:41+00:00\",\"dateModified\":\"2021-08-30T10:59:17+00:00\",\"mainEntityOfPage\":{\"@id\":\"https:\\\/\\\/www.youthforequality.sk\\\/index.php\\\/2021\\\/08\\\/30\\\/internship-through-the-eyes-of-byouth-for-equality-internship\\\/\"},\"wordCount\":578,\"publisher\":{\"@id\":\"https:\\\/\\\/www.youthforequality.sk\\\/#organization\"},\"image\":{\"@id\":\"https:\\\/\\\/www.youthforequality.sk\\\/index.php\\\/2021\\\/08\\\/30\\\/internship-through-the-eyes-of-byouth-for-equality-internship\\\/#primaryimage\"},\"thumbnailUrl\":\"https:\\\/\\\/www.youthforequality.sk\\\/wp-content\\\/uploads\\\/2021\\\/08\\\/LIQF5847-e1630321131213.jpg\",\"articleSection\":[\"Blog\"],\"inLanguage\":\"sk-SK\"},{\"@type\":\"WebPage\",\"@id\":\"https:\\\/\\\/www.youthforequality.sk\\\/index.php\\\/2021\\\/08\\\/30\\\/internship-through-the-eyes-of-byouth-for-equality-internship\\\/\",\"url\":\"https:\\\/\\\/www.youthforequality.sk\\\/index.php\\\/2021\\\/08\\\/30\\\/internship-through-the-eyes-of-byouth-for-equality-internship\\\/\",\"name\":\"Internship through the eyes of Beatriz |\",\"isPartOf\":{\"@id\":\"https:\\\/\\\/www.youthforequality.sk\\\/#website\"},\"primaryImageOfPage\":{\"@id\":\"https:\\\/\\\/www.youthforequality.sk\\\/index.php\\\/2021\\\/08\\\/30\\\/internship-through-the-eyes-of-byouth-for-equality-internship\\\/#primaryimage\"},\"image\":{\"@id\":\"https:\\\/\\\/www.youthforequality.sk\\\/index.php\\\/2021\\\/08\\\/30\\\/internship-through-the-eyes-of-byouth-for-equality-internship\\\/#primaryimage\"},\"thumbnailUrl\":\"https:\\\/\\\/www.youthforequality.sk\\\/wp-content\\\/uploads\\\/2021\\\/08\\\/LIQF5847-e1630321131213.jpg\",\"datePublished\":\"2021-08-30T10:46:41+00:00\",\"dateModified\":\"2021-08-30T10:59:17+00:00\",\"breadcrumb\":{\"@id\":\"https:\\\/\\\/www.youthforequality.sk\\\/index.php\\\/2021\\\/08\\\/30\\\/internship-through-the-eyes-of-byouth-for-equality-internship\\\/#breadcrumb\"},\"inLanguage\":\"sk-SK\",\"potentialAction\":[{\"@type\":\"ReadAction\",\"target\":[\"https:\\\/\\\/www.youthforequality.sk\\\/index.php\\\/2021\\\/08\\\/30\\\/internship-through-the-eyes-of-byouth-for-equality-internship\\\/\"]}]},{\"@type\":\"ImageObject\",\"inLanguage\":\"sk-SK\",\"@id\":\"https:\\\/\\\/www.youthforequality.sk\\\/index.php\\\/2021\\\/08\\\/30\\\/internship-through-the-eyes-of-byouth-for-equality-internship\\\/#primaryimage\",\"url\":\"https:\\\/\\\/www.youthforequality.sk\\\/wp-content\\\/uploads\\\/2021\\\/08\\\/LIQF5847-e1630321131213.jpg\",\"contentUrl\":\"https:\\\/\\\/www.youthforequality.sk\\\/wp-content\\\/uploads\\\/2021\\\/08\\\/LIQF5847-e1630321131213.jpg\",\"width\":1111,\"height\":770},{\"@type\":\"BreadcrumbList\",\"@id\":\"https:\\\/\\\/www.youthforequality.sk\\\/index.php\\\/2021\\\/08\\\/30\\\/internship-through-the-eyes-of-byouth-for-equality-internship\\\/#breadcrumb\",\"itemListElement\":[{\"@type\":\"ListItem\",\"position\":1,\"name\":\"Home\",\"item\":\"https:\\\/\\\/www.youthforequality.sk\\\/\"},{\"@type\":\"ListItem\",\"position\":2,\"name\":\"Internship through the eyes of Beatriz\"}]},{\"@type\":\"WebSite\",\"@id\":\"https:\\\/\\\/www.youthforequality.sk\\\/#website\",\"url\":\"https:\\\/\\\/www.youthforequality.sk\\\/\",\"name\":\"\",\"description\":\"\",\"publisher\":{\"@id\":\"https:\\\/\\\/www.youthforequality.sk\\\/#organization\"},\"potentialAction\":[{\"@type\":\"SearchAction\",\"target\":{\"@type\":\"EntryPoint\",\"urlTemplate\":\"https:\\\/\\\/www.youthforequality.sk\\\/?s={search_term_string}\"},\"query-input\":{\"@type\":\"PropertyValueSpecification\",\"valueRequired\":true,\"valueName\":\"search_term_string\"}}],\"inLanguage\":\"sk-SK\"},{\"@type\":\"Organization\",\"@id\":\"https:\\\/\\\/www.youthforequality.sk\\\/#organization\",\"name\":\"Youth for Equality\",\"url\":\"https:\\\/\\\/www.youthforequality.sk\\\/\",\"logo\":{\"@type\":\"ImageObject\",\"inLanguage\":\"sk-SK\",\"@id\":\"https:\\\/\\\/www.youthforequality.sk\\\/#\\\/schema\\\/logo\\\/image\\\/\",\"url\":\"https:\\\/\\\/www.youthforequality.sk\\\/wp-content\\\/uploads\\\/2021\\\/01\\\/vynovene-logo-nove-farby_modra-na-web.png\",\"contentUrl\":\"https:\\\/\\\/www.youthforequality.sk\\\/wp-content\\\/uploads\\\/2021\\\/01\\\/vynovene-logo-nove-farby_modra-na-web.png\",\"width\":1,\"height\":1,\"caption\":\"Youth for Equality\"},\"image\":{\"@id\":\"https:\\\/\\\/www.youthforequality.sk\\\/#\\\/schema\\\/logo\\\/image\\\/\"},\"sameAs\":[\"https:\\\/\\\/www.facebook.com\\\/yeslovakia\"]},{\"@type\":\"Person\",\"@id\":\"https:\\\/\\\/www.youthforequality.sk\\\/#\\\/schema\\\/person\\\/be8fe75a4ed9c28400bc99a029218b24\",\"name\":\"Diana Ja\u0161ekov\u00e1\",\"image\":{\"@type\":\"ImageObject\",\"inLanguage\":\"sk-SK\",\"@id\":\"https:\\\/\\\/secure.gravatar.com\\\/avatar\\\/8c7454049523c9673804cf321f89b38fd4fcd5aa5ad8961f32caaf292dfd996f?s=96&d=mm&r=g\",\"url\":\"https:\\\/\\\/secure.gravatar.com\\\/avatar\\\/8c7454049523c9673804cf321f89b38fd4fcd5aa5ad8961f32caaf292dfd996f?s=96&d=mm&r=g\",\"contentUrl\":\"https:\\\/\\\/secure.gravatar.com\\\/avatar\\\/8c7454049523c9673804cf321f89b38fd4fcd5aa5ad8961f32caaf292dfd996f?s=96&d=mm&r=g\",\"caption\":\"Diana Ja\u0161ekov\u00e1\"},\"url\":\"https:\\\/\\\/www.youthforequality.sk\\\/index.php\\\/author\\\/diajas\\\/\"}]}<\/script>\n<!-- \/ Yoast SEO plugin. -->","yoast_head_json":{"title":"Internship through the eyes of Beatriz |","robots":{"index":"index","follow":"follow","max-snippet":"max-snippet:-1","max-image-preview":"max-image-preview:large","max-video-preview":"max-video-preview:-1"},"canonical":"https:\/\/www.youthforequality.sk\/index.php\/2021\/08\/30\/internship-through-the-eyes-of-byouth-for-equality-internship\/","og_locale":"sk_SK","og_type":"article","og_title":"Internship through the eyes of Beatriz |","og_description":"My time has been amazing since day one in Slovakia. Before I even started my internship I had the chance to explore the country a little bit thanks to my father who stayed with me during the first week. So we visited so many incredible places. Tatra Mountains were the best for me as they&hellip;&nbsp;\u010c\u00edta\u0165 viac &raquo;Internship through the eyes of Beatriz","og_url":"https:\/\/www.youthforequality.sk\/index.php\/2021\/08\/30\/internship-through-the-eyes-of-byouth-for-equality-internship\/","article_publisher":"https:\/\/www.facebook.com\/yeslovakia","article_published_time":"2021-08-30T10:46:41+00:00","article_modified_time":"2021-08-30T10:59:17+00:00","og_image":[{"width":1111,"height":770,"url":"https:\/\/www.youthforequality.sk\/wp-content\/uploads\/2021\/08\/LIQF5847-e1630321131213.jpg","type":"image\/jpeg"}],"author":"Diana Ja\u0161ekov\u00e1","twitter_card":"summary_large_image","twitter_misc":{"Autor":"Diana Ja\u0161ekov\u00e1","Predpokladan\u00fd \u010das \u010d\u00edtania":"3 min\u00faty"},"schema":{"@context":"https:\/\/schema.org","@graph":[{"@type":"Article","@id":"https:\/\/www.youthforequality.sk\/index.php\/2021\/08\/30\/internship-through-the-eyes-of-byouth-for-equality-internship\/#article","isPartOf":{"@id":"https:\/\/www.youthforequality.sk\/index.php\/2021\/08\/30\/internship-through-the-eyes-of-byouth-for-equality-internship\/"},"author":{"name":"Diana Ja\u0161ekov\u00e1","@id":"https:\/\/www.youthforequality.sk\/#\/schema\/person\/be8fe75a4ed9c28400bc99a029218b24"},"headline":"Internship through the eyes of Beatriz","datePublished":"2021-08-30T10:46:41+00:00","dateModified":"2021-08-30T10:59:17+00:00","mainEntityOfPage":{"@id":"https:\/\/www.youthforequality.sk\/index.php\/2021\/08\/30\/internship-through-the-eyes-of-byouth-for-equality-internship\/"},"wordCount":578,"publisher":{"@id":"https:\/\/www.youthforequality.sk\/#organization"},"image":{"@id":"https:\/\/www.youthforequality.sk\/index.php\/2021\/08\/30\/internship-through-the-eyes-of-byouth-for-equality-internship\/#primaryimage"},"thumbnailUrl":"https:\/\/www.youthforequality.sk\/wp-content\/uploads\/2021\/08\/LIQF5847-e1630321131213.jpg","articleSection":["Blog"],"inLanguage":"sk-SK"},{"@type":"WebPage","@id":"https:\/\/www.youthforequality.sk\/index.php\/2021\/08\/30\/internship-through-the-eyes-of-byouth-for-equality-internship\/","url":"https:\/\/www.youthforequality.sk\/index.php\/2021\/08\/30\/internship-through-the-eyes-of-byouth-for-equality-internship\/","name":"Internship through the eyes of Beatriz |","isPartOf":{"@id":"https:\/\/www.youthforequality.sk\/#website"},"primaryImageOfPage":{"@id":"https:\/\/www.youthforequality.sk\/index.php\/2021\/08\/30\/internship-through-the-eyes-of-byouth-for-equality-internship\/#primaryimage"},"image":{"@id":"https:\/\/www.youthforequality.sk\/index.php\/2021\/08\/30\/internship-through-the-eyes-of-byouth-for-equality-internship\/#primaryimage"},"thumbnailUrl":"https:\/\/www.youthforequality.sk\/wp-content\/uploads\/2021\/08\/LIQF5847-e1630321131213.jpg","datePublished":"2021-08-30T10:46:41+00:00","dateModified":"2021-08-30T10:59:17+00:00","breadcrumb":{"@id":"https:\/\/www.youthforequality.sk\/index.php\/2021\/08\/30\/internship-through-the-eyes-of-byouth-for-equality-internship\/#breadcrumb"},"inLanguage":"sk-SK","potentialAction":[{"@type":"ReadAction","target":["https:\/\/www.youthforequality.sk\/index.php\/2021\/08\/30\/internship-through-the-eyes-of-byouth-for-equality-internship\/"]}]},{"@type":"ImageObject","inLanguage":"sk-SK","@id":"https:\/\/www.youthforequality.sk\/index.php\/2021\/08\/30\/internship-through-the-eyes-of-byouth-for-equality-internship\/#primaryimage","url":"https:\/\/www.youthforequality.sk\/wp-content\/uploads\/2021\/08\/LIQF5847-e1630321131213.jpg","contentUrl":"https:\/\/www.youthforequality.sk\/wp-content\/uploads\/2021\/08\/LIQF5847-e1630321131213.jpg","width":1111,"height":770},{"@type":"BreadcrumbList","@id":"https:\/\/www.youthforequality.sk\/index.php\/2021\/08\/30\/internship-through-the-eyes-of-byouth-for-equality-internship\/#breadcrumb","itemListElement":[{"@type":"ListItem","position":1,"name":"Home","item":"https:\/\/www.youthforequality.sk\/"},{"@type":"ListItem","position":2,"name":"Internship through the eyes of Beatriz"}]},{"@type":"WebSite","@id":"https:\/\/www.youthforequality.sk\/#website","url":"https:\/\/www.youthforequality.sk\/","name":"","description":"","publisher":{"@id":"https:\/\/www.youthforequality.sk\/#organization"},"potentialAction":[{"@type":"SearchAction","target":{"@type":"EntryPoint","urlTemplate":"https:\/\/www.youthforequality.sk\/?s={search_term_string}"},"query-input":{"@type":"PropertyValueSpecification","valueRequired":true,"valueName":"search_term_string"}}],"inLanguage":"sk-SK"},{"@type":"Organization","@id":"https:\/\/www.youthforequality.sk\/#organization","name":"Youth for Equality","url":"https:\/\/www.youthforequality.sk\/","logo":{"@type":"ImageObject","inLanguage":"sk-SK","@id":"https:\/\/www.youthforequality.sk\/#\/schema\/logo\/image\/","url":"https:\/\/www.youthforequality.sk\/wp-content\/uploads\/2021\/01\/vynovene-logo-nove-farby_modra-na-web.png","contentUrl":"https:\/\/www.youthforequality.sk\/wp-content\/uploads\/2021\/01\/vynovene-logo-nove-farby_modra-na-web.png","width":1,"height":1,"caption":"Youth for Equality"},"image":{"@id":"https:\/\/www.youthforequality.sk\/#\/schema\/logo\/image\/"},"sameAs":["https:\/\/www.facebook.com\/yeslovakia"]},{"@type":"Person","@id":"https:\/\/www.youthforequality.sk\/#\/schema\/person\/be8fe75a4ed9c28400bc99a029218b24","name":"Diana Ja\u0161ekov\u00e1","image":{"@type":"ImageObject","inLanguage":"sk-SK","@id":"https:\/\/secure.gravatar.com\/avatar\/8c7454049523c9673804cf321f89b38fd4fcd5aa5ad8961f32caaf292dfd996f?s=96&d=mm&r=g","url":"https:\/\/secure.gravatar.com\/avatar\/8c7454049523c9673804cf321f89b38fd4fcd5aa5ad8961f32caaf292dfd996f?s=96&d=mm&r=g","contentUrl":"https:\/\/secure.gravatar.com\/avatar\/8c7454049523c9673804cf321f89b38fd4fcd5aa5ad8961f32caaf292dfd996f?s=96&d=mm&r=g","caption":"Diana Ja\u0161ekov\u00e1"},"url":"https:\/\/www.youthforequality.sk\/index.php\/author\/diajas\/"}]}},"_links":{"self":[{"href":"https:\/\/www.youthforequality.sk\/index.php\/wp-json\/wp\/v2\/posts\/3274","targetHints":{"allow":["GET"]}}],"collection":[{"href":"https:\/\/www.youthforequality.sk\/index.php\/wp-json\/wp\/v2\/posts"}],"about":[{"href":"https:\/\/www.youthforequality.sk\/index.php\/wp-json\/wp\/v2\/types\/post"}],"author":[{"embeddable":true,"href":"https:\/\/www.youthforequality.sk\/index.php\/wp-json\/wp\/v2\/users\/2"}],"replies":[{"embeddable":true,"href":"https:\/\/www.youthforequality.sk\/index.php\/wp-json\/wp\/v2\/comments?post=3274"}],"version-history":[{"count":4,"href":"https:\/\/www.youthforequality.sk\/index.php\/wp-json\/wp\/v2\/posts\/3274\/revisions"}],"predecessor-version":[{"id":3285,"href":"https:\/\/www.youthforequality.sk\/index.php\/wp-json\/wp\/v2\/posts\/3274\/revisions\/3285"}],"wp:featuredmedia":[{"embeddable":true,"href":"https:\/\/www.youthforequality.sk\/index.php\/wp-json\/wp\/v2\/media\/3279"}],"wp:attachment":[{"href":"https:\/\/www.youthforequality.sk\/index.php\/wp-json\/wp\/v2\/media?parent=3274"}],"wp:term":[{"taxonomy":"category","embeddable":true,"href":"https:\/\/www.youthforequality.sk\/index.php\/wp-json\/wp\/v2\/categories?post=3274"},{"taxonomy":"post_tag","embeddable":true,"href":"https:\/\/www.youthforequality.sk\/index.php\/wp-json\/wp\/v2\/tags?post=3274"}],"curies":[{"name":"wp","href":"https:\/\/api.w.org\/{rel}","templated":true}]}}