{"id":3341,"date":"2021-09-13T16:14:17","date_gmt":"2021-09-13T14:14:17","guid":{"rendered":"https:\/\/www.youthforequality.sk\/?p=3341"},"modified":"2021-11-25T12:47:39","modified_gmt":"2021-11-25T11:47:39","slug":"youth-work-bad-laer-germany-01-06-10-2021","status":"publish","type":"post","link":"https:\/\/www.youthforequality.sk\/index.php\/2021\/09\/13\/youth-work-bad-laer-germany-01-06-10-2021\/","title":{"rendered":"Youth Work | Bad Laer, Germany | 01. &#8211; 06. 10. 2021"},"content":{"rendered":"\t\t<div data-elementor-type=\"wp-post\" data-elementor-id=\"3341\" class=\"elementor elementor-3341\">\n\t\t\t\t\t\t<section class=\"elementor-section elementor-top-section elementor-element elementor-element-eccd765 elementor-section-boxed elementor-section-height-default elementor-section-height-default\" data-id=\"eccd765\" data-element_type=\"section\" data-e-type=\"section\">\n\t\t\t\t\t\t<div class=\"elementor-container elementor-column-gap-default\">\n\t\t\t\t\t<div class=\"elementor-column elementor-col-100 elementor-top-column elementor-element elementor-element-7627e56\" data-id=\"7627e56\" data-element_type=\"column\" data-e-type=\"column\">\n\t\t\t<div class=\"elementor-widget-wrap elementor-element-populated\">\n\t\t\t\t\t\t<div class=\"elementor-element elementor-element-cda4b8a elementor-widget elementor-widget-text-editor\" data-id=\"cda4b8a\" data-element_type=\"widget\" data-e-type=\"widget\" data-widget_type=\"text-editor.default\">\n\t\t\t\t<div class=\"elementor-widget-container\">\n\t\t\t\t\t\t\t\t\t<p><span style=\"font-weight: 400;\">Ka\u017ed\u00fd z n\u00e1s sa ocitol v situ\u00e1cii kedy musel \u010deli\u0165 konfront\u00e1cii. Zvl\u00e1danie konfliktn\u00fdch situ\u00e1ci\u00ed nie je ni\u010d viac ako len nau\u010den\u00fd mechanizmus. Preto toto \u0161kolenie pon\u00faka \u0161ir\u0161\u00ed poh\u013ead na kr\u00edzov\u00fd mana\u017ement a dosiahnutie zmierenia tak, aby boli obe strany spokojn\u00e9.\u00a0 \u00da\u010dastn\u00edci sa nau\u010dia niektor\u00e9 n\u00e1stroje a met\u00f3dy na zvl\u00e1danie konfliktov, komunik\u00e1cie, vyjedn\u00e1vanie. Z\u00edskaj\u00fa z\u00e1kladn\u00fd bal\u00edk met\u00f3d a n\u00e1strojov, ktor\u00e9 m\u00f4\u017eu vyu\u017ei\u0165 vo svojom osobnom \u017eivote a taktie\u017e sa o ne podeli\u0165 v r\u00e1mci organiz\u00e1cie. T\u00fdm bud\u00fa vedie\u0165 podpori\u0165 in\u00fdch pracovn\u00edkov, u\u010dite\u013eov, dobrovo\u013en\u00edkov so z\u00e1merom zlep\u0161i\u0165 pr\u00e1cu s ich cie\u013eovou skupinou. \u00da\u010dastn\u00edci bud\u00fa pracova\u0165 na n\u00e1vrhoch online vzdel\u00e1vacej bro\u017e\u00fary. Z\u00edskaj\u00fa taktie\u017e podnety na vytvorenie vlastn\u00fdch aktiv\u00edt na miestnej \u00farovni.<\/span><\/p><p>\u00a0<\/p><p><strong>H\u013ead\u00e1me:<\/strong> 3 sk\u00fasen\u00fdch \u00fa\u010dastn\u00edkov od 18 rokov<\/p><p><strong>Deadline na prihl\u00e1senie<\/strong>: 15. 09. 2021<\/p>\t\t\t\t\t\t\t\t<\/div>\n\t\t\t\t<\/div>\n\t\t\t\t\t<\/div>\n\t\t<\/div>\n\t\t\t\t\t<\/div>\n\t\t<\/section>\n\t\t\t\t<\/div>\n\t\t","protected":false},"excerpt":{"rendered":"<p>Ka\u017ed\u00fd z n\u00e1s sa ocitol v situ\u00e1cii kedy musel \u010deli\u0165 konfront\u00e1cii. Zvl\u00e1danie konfliktn\u00fdch situ\u00e1ci\u00ed nie je ni\u010d viac ako len nau\u010den\u00fd mechanizmus. Preto toto \u0161kolenie pon\u00faka \u0161ir\u0161\u00ed poh\u013ead na kr\u00edzov\u00fd mana\u017ement a dosiahnutie zmierenia tak, aby boli obe strany spokojn\u00e9.&nbsp; \u00da\u010dastn\u00edci sa nau\u010dia niektor\u00e9 n\u00e1stroje a met\u00f3dy na zvl\u00e1danie konfliktov, komunik\u00e1cie, vyjedn\u00e1vanie. Z\u00edskaj\u00fa z\u00e1kladn\u00fd bal\u00edk&hellip;&nbsp;<a href=\"https:\/\/www.youthforequality.sk\/index.php\/2021\/09\/13\/youth-work-bad-laer-germany-01-06-10-2021\/\" class=\"\" rel=\"bookmark\">\u010c\u00edta\u0165 viac &raquo;<span class=\"screen-reader-text\">Youth Work | Bad Laer, Germany | 01. &#8211; 06. 10. 2021<\/span><\/a><\/p>\n","protected":false},"author":2,"featured_media":3346,"comment_status":"closed","ping_status":"open","sticky":false,"template":"","format":"standard","meta":{"_uf_show_specific_survey":0,"_uf_disable_surveys":false,"neve_meta_sidebar":"","neve_meta_container":"","neve_meta_enable_content_width":"","neve_meta_content_width":0,"neve_meta_title_alignment":"","neve_meta_author_avatar":"","neve_post_elements_order":"","neve_meta_disable_header":"","neve_meta_disable_footer":"","neve_meta_disable_title":"","_themeisle_gutenberg_block_has_review":false,"footnotes":""},"categories":[1],"tags":[],"class_list":["post-3341","post","type-post","status-publish","format-standard","has-post-thumbnail","hentry","category-uncategorized"],"yoast_head":"<!-- This site is optimized with the Yoast SEO plugin v27.4 - https:\/\/yoast.com\/product\/yoast-seo-wordpress\/ -->\n<title>Youth Work | Bad Laer, Germany | 01. - 06. 10. 2021 |<\/title>\n<meta name=\"robots\" content=\"index, follow, max-snippet:-1, max-image-preview:large, max-video-preview:-1\" \/>\n<link rel=\"canonical\" href=\"https:\/\/www.youthforequality.sk\/index.php\/2021\/09\/13\/youth-work-bad-laer-germany-01-06-10-2021\/\" \/>\n<meta property=\"og:locale\" content=\"sk_SK\" \/>\n<meta property=\"og:type\" content=\"article\" \/>\n<meta property=\"og:title\" content=\"Youth Work | Bad Laer, Germany | 01. - 06. 10. 2021 |\" \/>\n<meta property=\"og:description\" content=\"Ka\u017ed\u00fd z n\u00e1s sa ocitol v situ\u00e1cii kedy musel \u010deli\u0165 konfront\u00e1cii. Zvl\u00e1danie konfliktn\u00fdch situ\u00e1ci\u00ed nie je ni\u010d viac ako len nau\u010den\u00fd mechanizmus. Preto toto \u0161kolenie pon\u00faka \u0161ir\u0161\u00ed poh\u013ead na kr\u00edzov\u00fd mana\u017ement a dosiahnutie zmierenia tak, aby boli obe strany spokojn\u00e9.&nbsp; \u00da\u010dastn\u00edci sa nau\u010dia niektor\u00e9 n\u00e1stroje a met\u00f3dy na zvl\u00e1danie konfliktov, komunik\u00e1cie, vyjedn\u00e1vanie. Z\u00edskaj\u00fa z\u00e1kladn\u00fd bal\u00edk&hellip;&nbsp;\u010c\u00edta\u0165 viac &raquo;Youth Work | Bad Laer, Germany | 01. &#8211; 06. 10. 2021\" \/>\n<meta property=\"og:url\" content=\"https:\/\/www.youthforequality.sk\/index.php\/2021\/09\/13\/youth-work-bad-laer-germany-01-06-10-2021\/\" \/>\n<meta property=\"article:publisher\" content=\"https:\/\/www.facebook.com\/yeslovakia\" \/>\n<meta property=\"article:published_time\" content=\"2021-09-13T14:14:17+00:00\" \/>\n<meta property=\"article:modified_time\" content=\"2021-11-25T11:47:39+00:00\" \/>\n<meta property=\"og:image\" content=\"https:\/\/www.youthforequality.sk\/wp-content\/uploads\/2021\/09\/Types-of-conflicts-Recovered-.png\" \/>\n\t<meta property=\"og:image:width\" content=\"681\" \/>\n\t<meta property=\"og:image:height\" content=\"382\" \/>\n\t<meta property=\"og:image:type\" content=\"image\/png\" \/>\n<meta name=\"author\" content=\"Diana Ja\u0161ekov\u00e1\" \/>\n<meta name=\"twitter:card\" content=\"summary_large_image\" \/>\n<meta name=\"twitter:label1\" content=\"Autor\" \/>\n\t<meta name=\"twitter:data1\" content=\"Diana Ja\u0161ekov\u00e1\" \/>\n\t<meta name=\"twitter:label2\" content=\"Predpokladan\u00fd \u010das \u010d\u00edtania\" \/>\n\t<meta name=\"twitter:data2\" content=\"1 min\u00fata\" \/>\n<script type=\"application\/ld+json\" class=\"yoast-schema-graph\">{\"@context\":\"https:\\\/\\\/schema.org\",\"@graph\":[{\"@type\":\"Article\",\"@id\":\"https:\\\/\\\/www.youthforequality.sk\\\/index.php\\\/2021\\\/09\\\/13\\\/youth-work-bad-laer-germany-01-06-10-2021\\\/#article\",\"isPartOf\":{\"@id\":\"https:\\\/\\\/www.youthforequality.sk\\\/index.php\\\/2021\\\/09\\\/13\\\/youth-work-bad-laer-germany-01-06-10-2021\\\/\"},\"author\":{\"name\":\"Diana Ja\u0161ekov\u00e1\",\"@id\":\"https:\\\/\\\/www.youthforequality.sk\\\/#\\\/schema\\\/person\\\/be8fe75a4ed9c28400bc99a029218b24\"},\"headline\":\"Youth Work | Bad Laer, Germany | 01. &#8211; 06. 10. 2021\",\"datePublished\":\"2021-09-13T14:14:17+00:00\",\"dateModified\":\"2021-11-25T11:47:39+00:00\",\"mainEntityOfPage\":{\"@id\":\"https:\\\/\\\/www.youthforequality.sk\\\/index.php\\\/2021\\\/09\\\/13\\\/youth-work-bad-laer-germany-01-06-10-2021\\\/\"},\"wordCount\":175,\"publisher\":{\"@id\":\"https:\\\/\\\/www.youthforequality.sk\\\/#organization\"},\"image\":{\"@id\":\"https:\\\/\\\/www.youthforequality.sk\\\/index.php\\\/2021\\\/09\\\/13\\\/youth-work-bad-laer-germany-01-06-10-2021\\\/#primaryimage\"},\"thumbnailUrl\":\"https:\\\/\\\/www.youthforequality.sk\\\/wp-content\\\/uploads\\\/2021\\\/09\\\/Types-of-conflicts-Recovered-.png\",\"articleSection\":[\"Uncategorized\"],\"inLanguage\":\"sk-SK\"},{\"@type\":\"WebPage\",\"@id\":\"https:\\\/\\\/www.youthforequality.sk\\\/index.php\\\/2021\\\/09\\\/13\\\/youth-work-bad-laer-germany-01-06-10-2021\\\/\",\"url\":\"https:\\\/\\\/www.youthforequality.sk\\\/index.php\\\/2021\\\/09\\\/13\\\/youth-work-bad-laer-germany-01-06-10-2021\\\/\",\"name\":\"Youth Work | Bad Laer, Germany | 01. - 06. 10. 2021 |\",\"isPartOf\":{\"@id\":\"https:\\\/\\\/www.youthforequality.sk\\\/#website\"},\"primaryImageOfPage\":{\"@id\":\"https:\\\/\\\/www.youthforequality.sk\\\/index.php\\\/2021\\\/09\\\/13\\\/youth-work-bad-laer-germany-01-06-10-2021\\\/#primaryimage\"},\"image\":{\"@id\":\"https:\\\/\\\/www.youthforequality.sk\\\/index.php\\\/2021\\\/09\\\/13\\\/youth-work-bad-laer-germany-01-06-10-2021\\\/#primaryimage\"},\"thumbnailUrl\":\"https:\\\/\\\/www.youthforequality.sk\\\/wp-content\\\/uploads\\\/2021\\\/09\\\/Types-of-conflicts-Recovered-.png\",\"datePublished\":\"2021-09-13T14:14:17+00:00\",\"dateModified\":\"2021-11-25T11:47:39+00:00\",\"breadcrumb\":{\"@id\":\"https:\\\/\\\/www.youthforequality.sk\\\/index.php\\\/2021\\\/09\\\/13\\\/youth-work-bad-laer-germany-01-06-10-2021\\\/#breadcrumb\"},\"inLanguage\":\"sk-SK\",\"potentialAction\":[{\"@type\":\"ReadAction\",\"target\":[\"https:\\\/\\\/www.youthforequality.sk\\\/index.php\\\/2021\\\/09\\\/13\\\/youth-work-bad-laer-germany-01-06-10-2021\\\/\"]}]},{\"@type\":\"ImageObject\",\"inLanguage\":\"sk-SK\",\"@id\":\"https:\\\/\\\/www.youthforequality.sk\\\/index.php\\\/2021\\\/09\\\/13\\\/youth-work-bad-laer-germany-01-06-10-2021\\\/#primaryimage\",\"url\":\"https:\\\/\\\/www.youthforequality.sk\\\/wp-content\\\/uploads\\\/2021\\\/09\\\/Types-of-conflicts-Recovered-.png\",\"contentUrl\":\"https:\\\/\\\/www.youthforequality.sk\\\/wp-content\\\/uploads\\\/2021\\\/09\\\/Types-of-conflicts-Recovered-.png\",\"width\":681,\"height\":382},{\"@type\":\"BreadcrumbList\",\"@id\":\"https:\\\/\\\/www.youthforequality.sk\\\/index.php\\\/2021\\\/09\\\/13\\\/youth-work-bad-laer-germany-01-06-10-2021\\\/#breadcrumb\",\"itemListElement\":[{\"@type\":\"ListItem\",\"position\":1,\"name\":\"Home\",\"item\":\"https:\\\/\\\/www.youthforequality.sk\\\/\"},{\"@type\":\"ListItem\",\"position\":2,\"name\":\"Youth Work | Bad Laer, Germany | 01. &#8211; 06. 10. 2021\"}]},{\"@type\":\"WebSite\",\"@id\":\"https:\\\/\\\/www.youthforequality.sk\\\/#website\",\"url\":\"https:\\\/\\\/www.youthforequality.sk\\\/\",\"name\":\"\",\"description\":\"\",\"publisher\":{\"@id\":\"https:\\\/\\\/www.youthforequality.sk\\\/#organization\"},\"potentialAction\":[{\"@type\":\"SearchAction\",\"target\":{\"@type\":\"EntryPoint\",\"urlTemplate\":\"https:\\\/\\\/www.youthforequality.sk\\\/?s={search_term_string}\"},\"query-input\":{\"@type\":\"PropertyValueSpecification\",\"valueRequired\":true,\"valueName\":\"search_term_string\"}}],\"inLanguage\":\"sk-SK\"},{\"@type\":\"Organization\",\"@id\":\"https:\\\/\\\/www.youthforequality.sk\\\/#organization\",\"name\":\"Youth for Equality\",\"url\":\"https:\\\/\\\/www.youthforequality.sk\\\/\",\"logo\":{\"@type\":\"ImageObject\",\"inLanguage\":\"sk-SK\",\"@id\":\"https:\\\/\\\/www.youthforequality.sk\\\/#\\\/schema\\\/logo\\\/image\\\/\",\"url\":\"https:\\\/\\\/www.youthforequality.sk\\\/wp-content\\\/uploads\\\/2021\\\/01\\\/vynovene-logo-nove-farby_modra-na-web.png\",\"contentUrl\":\"https:\\\/\\\/www.youthforequality.sk\\\/wp-content\\\/uploads\\\/2021\\\/01\\\/vynovene-logo-nove-farby_modra-na-web.png\",\"width\":1,\"height\":1,\"caption\":\"Youth for Equality\"},\"image\":{\"@id\":\"https:\\\/\\\/www.youthforequality.sk\\\/#\\\/schema\\\/logo\\\/image\\\/\"},\"sameAs\":[\"https:\\\/\\\/www.facebook.com\\\/yeslovakia\"]},{\"@type\":\"Person\",\"@id\":\"https:\\\/\\\/www.youthforequality.sk\\\/#\\\/schema\\\/person\\\/be8fe75a4ed9c28400bc99a029218b24\",\"name\":\"Diana Ja\u0161ekov\u00e1\",\"image\":{\"@type\":\"ImageObject\",\"inLanguage\":\"sk-SK\",\"@id\":\"https:\\\/\\\/secure.gravatar.com\\\/avatar\\\/8c7454049523c9673804cf321f89b38fd4fcd5aa5ad8961f32caaf292dfd996f?s=96&d=mm&r=g\",\"url\":\"https:\\\/\\\/secure.gravatar.com\\\/avatar\\\/8c7454049523c9673804cf321f89b38fd4fcd5aa5ad8961f32caaf292dfd996f?s=96&d=mm&r=g\",\"contentUrl\":\"https:\\\/\\\/secure.gravatar.com\\\/avatar\\\/8c7454049523c9673804cf321f89b38fd4fcd5aa5ad8961f32caaf292dfd996f?s=96&d=mm&r=g\",\"caption\":\"Diana Ja\u0161ekov\u00e1\"},\"url\":\"https:\\\/\\\/www.youthforequality.sk\\\/index.php\\\/author\\\/diajas\\\/\"}]}<\/script>\n<!-- \/ Yoast SEO plugin. -->","yoast_head_json":{"title":"Youth Work | Bad Laer, Germany | 01. - 06. 10. 2021 |","robots":{"index":"index","follow":"follow","max-snippet":"max-snippet:-1","max-image-preview":"max-image-preview:large","max-video-preview":"max-video-preview:-1"},"canonical":"https:\/\/www.youthforequality.sk\/index.php\/2021\/09\/13\/youth-work-bad-laer-germany-01-06-10-2021\/","og_locale":"sk_SK","og_type":"article","og_title":"Youth Work | Bad Laer, Germany | 01. - 06. 10. 2021 |","og_description":"Ka\u017ed\u00fd z n\u00e1s sa ocitol v situ\u00e1cii kedy musel \u010deli\u0165 konfront\u00e1cii. Zvl\u00e1danie konfliktn\u00fdch situ\u00e1ci\u00ed nie je ni\u010d viac ako len nau\u010den\u00fd mechanizmus. Preto toto \u0161kolenie pon\u00faka \u0161ir\u0161\u00ed poh\u013ead na kr\u00edzov\u00fd mana\u017ement a dosiahnutie zmierenia tak, aby boli obe strany spokojn\u00e9.&nbsp; \u00da\u010dastn\u00edci sa nau\u010dia niektor\u00e9 n\u00e1stroje a met\u00f3dy na zvl\u00e1danie konfliktov, komunik\u00e1cie, vyjedn\u00e1vanie. Z\u00edskaj\u00fa z\u00e1kladn\u00fd bal\u00edk&hellip;&nbsp;\u010c\u00edta\u0165 viac &raquo;Youth Work | Bad Laer, Germany | 01. &#8211; 06. 10. 2021","og_url":"https:\/\/www.youthforequality.sk\/index.php\/2021\/09\/13\/youth-work-bad-laer-germany-01-06-10-2021\/","article_publisher":"https:\/\/www.facebook.com\/yeslovakia","article_published_time":"2021-09-13T14:14:17+00:00","article_modified_time":"2021-11-25T11:47:39+00:00","og_image":[{"width":681,"height":382,"url":"https:\/\/www.youthforequality.sk\/wp-content\/uploads\/2021\/09\/Types-of-conflicts-Recovered-.png","type":"image\/png"}],"author":"Diana Ja\u0161ekov\u00e1","twitter_card":"summary_large_image","twitter_misc":{"Autor":"Diana Ja\u0161ekov\u00e1","Predpokladan\u00fd \u010das \u010d\u00edtania":"1 min\u00fata"},"schema":{"@context":"https:\/\/schema.org","@graph":[{"@type":"Article","@id":"https:\/\/www.youthforequality.sk\/index.php\/2021\/09\/13\/youth-work-bad-laer-germany-01-06-10-2021\/#article","isPartOf":{"@id":"https:\/\/www.youthforequality.sk\/index.php\/2021\/09\/13\/youth-work-bad-laer-germany-01-06-10-2021\/"},"author":{"name":"Diana Ja\u0161ekov\u00e1","@id":"https:\/\/www.youthforequality.sk\/#\/schema\/person\/be8fe75a4ed9c28400bc99a029218b24"},"headline":"Youth Work | Bad Laer, Germany | 01. &#8211; 06. 10. 2021","datePublished":"2021-09-13T14:14:17+00:00","dateModified":"2021-11-25T11:47:39+00:00","mainEntityOfPage":{"@id":"https:\/\/www.youthforequality.sk\/index.php\/2021\/09\/13\/youth-work-bad-laer-germany-01-06-10-2021\/"},"wordCount":175,"publisher":{"@id":"https:\/\/www.youthforequality.sk\/#organization"},"image":{"@id":"https:\/\/www.youthforequality.sk\/index.php\/2021\/09\/13\/youth-work-bad-laer-germany-01-06-10-2021\/#primaryimage"},"thumbnailUrl":"https:\/\/www.youthforequality.sk\/wp-content\/uploads\/2021\/09\/Types-of-conflicts-Recovered-.png","articleSection":["Uncategorized"],"inLanguage":"sk-SK"},{"@type":"WebPage","@id":"https:\/\/www.youthforequality.sk\/index.php\/2021\/09\/13\/youth-work-bad-laer-germany-01-06-10-2021\/","url":"https:\/\/www.youthforequality.sk\/index.php\/2021\/09\/13\/youth-work-bad-laer-germany-01-06-10-2021\/","name":"Youth Work | Bad Laer, Germany | 01. - 06. 10. 2021 |","isPartOf":{"@id":"https:\/\/www.youthforequality.sk\/#website"},"primaryImageOfPage":{"@id":"https:\/\/www.youthforequality.sk\/index.php\/2021\/09\/13\/youth-work-bad-laer-germany-01-06-10-2021\/#primaryimage"},"image":{"@id":"https:\/\/www.youthforequality.sk\/index.php\/2021\/09\/13\/youth-work-bad-laer-germany-01-06-10-2021\/#primaryimage"},"thumbnailUrl":"https:\/\/www.youthforequality.sk\/wp-content\/uploads\/2021\/09\/Types-of-conflicts-Recovered-.png","datePublished":"2021-09-13T14:14:17+00:00","dateModified":"2021-11-25T11:47:39+00:00","breadcrumb":{"@id":"https:\/\/www.youthforequality.sk\/index.php\/2021\/09\/13\/youth-work-bad-laer-germany-01-06-10-2021\/#breadcrumb"},"inLanguage":"sk-SK","potentialAction":[{"@type":"ReadAction","target":["https:\/\/www.youthforequality.sk\/index.php\/2021\/09\/13\/youth-work-bad-laer-germany-01-06-10-2021\/"]}]},{"@type":"ImageObject","inLanguage":"sk-SK","@id":"https:\/\/www.youthforequality.sk\/index.php\/2021\/09\/13\/youth-work-bad-laer-germany-01-06-10-2021\/#primaryimage","url":"https:\/\/www.youthforequality.sk\/wp-content\/uploads\/2021\/09\/Types-of-conflicts-Recovered-.png","contentUrl":"https:\/\/www.youthforequality.sk\/wp-content\/uploads\/2021\/09\/Types-of-conflicts-Recovered-.png","width":681,"height":382},{"@type":"BreadcrumbList","@id":"https:\/\/www.youthforequality.sk\/index.php\/2021\/09\/13\/youth-work-bad-laer-germany-01-06-10-2021\/#breadcrumb","itemListElement":[{"@type":"ListItem","position":1,"name":"Home","item":"https:\/\/www.youthforequality.sk\/"},{"@type":"ListItem","position":2,"name":"Youth Work | Bad Laer, Germany | 01. &#8211; 06. 10. 2021"}]},{"@type":"WebSite","@id":"https:\/\/www.youthforequality.sk\/#website","url":"https:\/\/www.youthforequality.sk\/","name":"","description":"","publisher":{"@id":"https:\/\/www.youthforequality.sk\/#organization"},"potentialAction":[{"@type":"SearchAction","target":{"@type":"EntryPoint","urlTemplate":"https:\/\/www.youthforequality.sk\/?s={search_term_string}"},"query-input":{"@type":"PropertyValueSpecification","valueRequired":true,"valueName":"search_term_string"}}],"inLanguage":"sk-SK"},{"@type":"Organization","@id":"https:\/\/www.youthforequality.sk\/#organization","name":"Youth for Equality","url":"https:\/\/www.youthforequality.sk\/","logo":{"@type":"ImageObject","inLanguage":"sk-SK","@id":"https:\/\/www.youthforequality.sk\/#\/schema\/logo\/image\/","url":"https:\/\/www.youthforequality.sk\/wp-content\/uploads\/2021\/01\/vynovene-logo-nove-farby_modra-na-web.png","contentUrl":"https:\/\/www.youthforequality.sk\/wp-content\/uploads\/2021\/01\/vynovene-logo-nove-farby_modra-na-web.png","width":1,"height":1,"caption":"Youth for Equality"},"image":{"@id":"https:\/\/www.youthforequality.sk\/#\/schema\/logo\/image\/"},"sameAs":["https:\/\/www.facebook.com\/yeslovakia"]},{"@type":"Person","@id":"https:\/\/www.youthforequality.sk\/#\/schema\/person\/be8fe75a4ed9c28400bc99a029218b24","name":"Diana Ja\u0161ekov\u00e1","image":{"@type":"ImageObject","inLanguage":"sk-SK","@id":"https:\/\/secure.gravatar.com\/avatar\/8c7454049523c9673804cf321f89b38fd4fcd5aa5ad8961f32caaf292dfd996f?s=96&d=mm&r=g","url":"https:\/\/secure.gravatar.com\/avatar\/8c7454049523c9673804cf321f89b38fd4fcd5aa5ad8961f32caaf292dfd996f?s=96&d=mm&r=g","contentUrl":"https:\/\/secure.gravatar.com\/avatar\/8c7454049523c9673804cf321f89b38fd4fcd5aa5ad8961f32caaf292dfd996f?s=96&d=mm&r=g","caption":"Diana Ja\u0161ekov\u00e1"},"url":"https:\/\/www.youthforequality.sk\/index.php\/author\/diajas\/"}]}},"_links":{"self":[{"href":"https:\/\/www.youthforequality.sk\/index.php\/wp-json\/wp\/v2\/posts\/3341","targetHints":{"allow":["GET"]}}],"collection":[{"href":"https:\/\/www.youthforequality.sk\/index.php\/wp-json\/wp\/v2\/posts"}],"about":[{"href":"https:\/\/www.youthforequality.sk\/index.php\/wp-json\/wp\/v2\/types\/post"}],"author":[{"embeddable":true,"href":"https:\/\/www.youthforequality.sk\/index.php\/wp-json\/wp\/v2\/users\/2"}],"replies":[{"embeddable":true,"href":"https:\/\/www.youthforequality.sk\/index.php\/wp-json\/wp\/v2\/comments?post=3341"}],"version-history":[{"count":5,"href":"https:\/\/www.youthforequality.sk\/index.php\/wp-json\/wp\/v2\/posts\/3341\/revisions"}],"predecessor-version":[{"id":3347,"href":"https:\/\/www.youthforequality.sk\/index.php\/wp-json\/wp\/v2\/posts\/3341\/revisions\/3347"}],"wp:featuredmedia":[{"embeddable":true,"href":"https:\/\/www.youthforequality.sk\/index.php\/wp-json\/wp\/v2\/media\/3346"}],"wp:attachment":[{"href":"https:\/\/www.youthforequality.sk\/index.php\/wp-json\/wp\/v2\/media?parent=3341"}],"wp:term":[{"taxonomy":"category","embeddable":true,"href":"https:\/\/www.youthforequality.sk\/index.php\/wp-json\/wp\/v2\/categories?post=3341"},{"taxonomy":"post_tag","embeddable":true,"href":"https:\/\/www.youthforequality.sk\/index.php\/wp-json\/wp\/v2\/tags?post=3341"}],"curies":[{"name":"wp","href":"https:\/\/api.w.org\/{rel}","templated":true}]}}