{"id":3348,"date":"2021-09-13T16:44:33","date_gmt":"2021-09-13T14:44:33","guid":{"rendered":"https:\/\/www.youthforequality.sk\/?p=3348"},"modified":"2021-11-25T12:47:10","modified_gmt":"2021-11-25T11:47:10","slug":"aeneas-palermo-italy-20-25-10-2021","status":"publish","type":"post","link":"https:\/\/www.youthforequality.sk\/index.php\/2021\/09\/13\/aeneas-palermo-italy-20-25-10-2021\/","title":{"rendered":"AENEAS | Palermo, Italy\t| 20. &#8211; 25. 10. 2021"},"content":{"rendered":"\t\t<div data-elementor-type=\"wp-post\" data-elementor-id=\"3348\" class=\"elementor elementor-3348\">\n\t\t\t\t\t\t<section class=\"elementor-section elementor-top-section elementor-element elementor-element-f502a07 elementor-section-boxed elementor-section-height-default elementor-section-height-default\" data-id=\"f502a07\" data-element_type=\"section\" data-e-type=\"section\">\n\t\t\t\t\t\t<div class=\"elementor-container elementor-column-gap-default\">\n\t\t\t\t\t<div class=\"elementor-column elementor-col-100 elementor-top-column elementor-element elementor-element-435270a\" data-id=\"435270a\" data-element_type=\"column\" data-e-type=\"column\">\n\t\t\t<div class=\"elementor-widget-wrap elementor-element-populated\">\n\t\t\t\t\t\t<div class=\"elementor-element elementor-element-7737138 elementor-widget elementor-widget-text-editor\" data-id=\"7737138\" data-element_type=\"widget\" data-e-type=\"widget\" data-widget_type=\"text-editor.default\">\n\t\t\t\t<div class=\"elementor-widget-container\">\n\t\t\t\t\t\t\t\t\t<p><span style=\"font-weight: 400;\">Na ml\u00e1de\u017en\u00edcku v\u00fdmenu h\u013ead\u00e1me \u00fa\u010dastn\u00edkov so z\u00e1ujmom o umenie, preto\u017ee po\u010das projektu za\u017eijete ve\u013ea kreat\u00edvnych aktiv\u00edt ako s\u00fa tane\u010dn\u00e1 improviz\u00e1cia, divadeln\u00e9 techniky, at\u010f. Nahliadneme do t\u00e9m ako s\u00fa migr\u00e1cia, antidiskimin\u00e1cia, soci\u00e1lne za\u010dlenenie za \u00fa\u010delom prijatia a rozv\u00edjania eur\u00f3pskeho ob\u010dianstva na miestnej \u00farovni. Nav\u0161t\u00edvime miestne centr\u00e1 pracuj\u00face s ml\u00e1de\u017eou, ktor\u00fdch mo\u017enosti na rozvoj s\u00fa obmedzen\u00e9. Pomocou hudby, divadla a tanca podnietime informovanos\u0165 o diskrimin\u00e1cii a pochopenie vlastnej identity. <\/span><\/p>\n<p>\u00a0<\/p>\n<p><strong>H\u013ead\u00e1me:<\/strong> 5 \u00fa\u010dastn\u00edkov od 18 do 30 rokov<\/p>\n<p><strong>Deadline na prihl\u00e1senie<\/strong>: 19. 09. 2021<\/p>\t\t\t\t\t\t\t\t<\/div>\n\t\t\t\t<\/div>\n\t\t\t\t\t<\/div>\n\t\t<\/div>\n\t\t\t\t\t<\/div>\n\t\t<\/section>\n\t\t\t\t<\/div>\n\t\t","protected":false},"excerpt":{"rendered":"<p>Na ml\u00e1de\u017en\u00edcku v\u00fdmenu h\u013ead\u00e1me \u00fa\u010dastn\u00edkov so z\u00e1ujmom o umenie, preto\u017ee po\u010das projektu za\u017eijete ve\u013ea kreat\u00edvnych aktiv\u00edt ako s\u00fa tane\u010dn\u00e1 improviz\u00e1cia, divadeln\u00e9 techniky, at\u010f. Nahliadneme do t\u00e9m ako s\u00fa migr\u00e1cia, antidiskimin\u00e1cia, soci\u00e1lne za\u010dlenenie za \u00fa\u010delom prijatia a rozv\u00edjania eur\u00f3pskeho ob\u010dianstva na miestnej \u00farovni. Nav\u0161t\u00edvime miestne centr\u00e1 pracuj\u00face s ml\u00e1de\u017eou, ktor\u00fdch mo\u017enosti na rozvoj s\u00fa obmedzen\u00e9. Pomocou&hellip;&nbsp;<a href=\"https:\/\/www.youthforequality.sk\/index.php\/2021\/09\/13\/aeneas-palermo-italy-20-25-10-2021\/\" class=\"\" rel=\"bookmark\">\u010c\u00edta\u0165 viac &raquo;<span class=\"screen-reader-text\">AENEAS | Palermo, Italy\t| 20. &#8211; 25. 10. 2021<\/span><\/a><\/p>\n","protected":false},"author":2,"featured_media":3356,"comment_status":"closed","ping_status":"open","sticky":false,"template":"","format":"standard","meta":{"_uf_show_specific_survey":0,"_uf_disable_surveys":false,"neve_meta_sidebar":"","neve_meta_container":"","neve_meta_enable_content_width":"","neve_meta_content_width":0,"neve_meta_title_alignment":"","neve_meta_author_avatar":"","neve_post_elements_order":"","neve_meta_disable_header":"","neve_meta_disable_footer":"","neve_meta_disable_title":"","_themeisle_gutenberg_block_has_review":false,"footnotes":""},"categories":[1],"tags":[],"class_list":["post-3348","post","type-post","status-publish","format-standard","has-post-thumbnail","hentry","category-uncategorized"],"yoast_head":"<!-- This site is optimized with the Yoast SEO plugin v27.4 - https:\/\/yoast.com\/product\/yoast-seo-wordpress\/ -->\n<title>AENEAS | Palermo, Italy | 20. - 25. 10. 2021 |<\/title>\n<meta name=\"robots\" content=\"index, follow, max-snippet:-1, max-image-preview:large, max-video-preview:-1\" \/>\n<link rel=\"canonical\" href=\"https:\/\/www.youthforequality.sk\/index.php\/2021\/09\/13\/aeneas-palermo-italy-20-25-10-2021\/\" \/>\n<meta property=\"og:locale\" content=\"sk_SK\" \/>\n<meta property=\"og:type\" content=\"article\" \/>\n<meta property=\"og:title\" content=\"AENEAS | Palermo, Italy | 20. - 25. 10. 2021 |\" \/>\n<meta property=\"og:description\" content=\"Na ml\u00e1de\u017en\u00edcku v\u00fdmenu h\u013ead\u00e1me \u00fa\u010dastn\u00edkov so z\u00e1ujmom o umenie, preto\u017ee po\u010das projektu za\u017eijete ve\u013ea kreat\u00edvnych aktiv\u00edt ako s\u00fa tane\u010dn\u00e1 improviz\u00e1cia, divadeln\u00e9 techniky, at\u010f. Nahliadneme do t\u00e9m ako s\u00fa migr\u00e1cia, antidiskimin\u00e1cia, soci\u00e1lne za\u010dlenenie za \u00fa\u010delom prijatia a rozv\u00edjania eur\u00f3pskeho ob\u010dianstva na miestnej \u00farovni. Nav\u0161t\u00edvime miestne centr\u00e1 pracuj\u00face s ml\u00e1de\u017eou, ktor\u00fdch mo\u017enosti na rozvoj s\u00fa obmedzen\u00e9. Pomocou&hellip;&nbsp;\u010c\u00edta\u0165 viac &raquo;AENEAS | Palermo, Italy | 20. &#8211; 25. 10. 2021\" \/>\n<meta property=\"og:url\" content=\"https:\/\/www.youthforequality.sk\/index.php\/2021\/09\/13\/aeneas-palermo-italy-20-25-10-2021\/\" \/>\n<meta property=\"article:publisher\" content=\"https:\/\/www.facebook.com\/yeslovakia\" \/>\n<meta property=\"article:published_time\" content=\"2021-09-13T14:44:33+00:00\" \/>\n<meta property=\"article:modified_time\" content=\"2021-11-25T11:47:10+00:00\" \/>\n<meta property=\"og:image\" content=\"https:\/\/www.youthforequality.sk\/wp-content\/uploads\/2021\/09\/image00008.jpeg\" \/>\n\t<meta property=\"og:image:width\" content=\"2160\" \/>\n\t<meta property=\"og:image:height\" content=\"1080\" \/>\n\t<meta property=\"og:image:type\" content=\"image\/jpeg\" \/>\n<meta name=\"author\" content=\"Diana Ja\u0161ekov\u00e1\" \/>\n<meta name=\"twitter:card\" content=\"summary_large_image\" \/>\n<meta name=\"twitter:label1\" content=\"Autor\" \/>\n\t<meta name=\"twitter:data1\" content=\"Diana Ja\u0161ekov\u00e1\" \/>\n\t<meta name=\"twitter:label2\" content=\"Predpokladan\u00fd \u010das \u010d\u00edtania\" \/>\n\t<meta name=\"twitter:data2\" content=\"1 min\u00fata\" \/>\n<script type=\"application\/ld+json\" class=\"yoast-schema-graph\">{\"@context\":\"https:\\\/\\\/schema.org\",\"@graph\":[{\"@type\":\"Article\",\"@id\":\"https:\\\/\\\/www.youthforequality.sk\\\/index.php\\\/2021\\\/09\\\/13\\\/aeneas-palermo-italy-20-25-10-2021\\\/#article\",\"isPartOf\":{\"@id\":\"https:\\\/\\\/www.youthforequality.sk\\\/index.php\\\/2021\\\/09\\\/13\\\/aeneas-palermo-italy-20-25-10-2021\\\/\"},\"author\":{\"name\":\"Diana Ja\u0161ekov\u00e1\",\"@id\":\"https:\\\/\\\/www.youthforequality.sk\\\/#\\\/schema\\\/person\\\/be8fe75a4ed9c28400bc99a029218b24\"},\"headline\":\"AENEAS | Palermo, Italy | 20. &#8211; 25. 10. 2021\",\"datePublished\":\"2021-09-13T14:44:33+00:00\",\"dateModified\":\"2021-11-25T11:47:10+00:00\",\"mainEntityOfPage\":{\"@id\":\"https:\\\/\\\/www.youthforequality.sk\\\/index.php\\\/2021\\\/09\\\/13\\\/aeneas-palermo-italy-20-25-10-2021\\\/\"},\"wordCount\":115,\"publisher\":{\"@id\":\"https:\\\/\\\/www.youthforequality.sk\\\/#organization\"},\"image\":{\"@id\":\"https:\\\/\\\/www.youthforequality.sk\\\/index.php\\\/2021\\\/09\\\/13\\\/aeneas-palermo-italy-20-25-10-2021\\\/#primaryimage\"},\"thumbnailUrl\":\"https:\\\/\\\/www.youthforequality.sk\\\/wp-content\\\/uploads\\\/2021\\\/09\\\/image00008.jpeg\",\"articleSection\":[\"Uncategorized\"],\"inLanguage\":\"sk-SK\"},{\"@type\":\"WebPage\",\"@id\":\"https:\\\/\\\/www.youthforequality.sk\\\/index.php\\\/2021\\\/09\\\/13\\\/aeneas-palermo-italy-20-25-10-2021\\\/\",\"url\":\"https:\\\/\\\/www.youthforequality.sk\\\/index.php\\\/2021\\\/09\\\/13\\\/aeneas-palermo-italy-20-25-10-2021\\\/\",\"name\":\"AENEAS | Palermo, Italy | 20. - 25. 10. 2021 |\",\"isPartOf\":{\"@id\":\"https:\\\/\\\/www.youthforequality.sk\\\/#website\"},\"primaryImageOfPage\":{\"@id\":\"https:\\\/\\\/www.youthforequality.sk\\\/index.php\\\/2021\\\/09\\\/13\\\/aeneas-palermo-italy-20-25-10-2021\\\/#primaryimage\"},\"image\":{\"@id\":\"https:\\\/\\\/www.youthforequality.sk\\\/index.php\\\/2021\\\/09\\\/13\\\/aeneas-palermo-italy-20-25-10-2021\\\/#primaryimage\"},\"thumbnailUrl\":\"https:\\\/\\\/www.youthforequality.sk\\\/wp-content\\\/uploads\\\/2021\\\/09\\\/image00008.jpeg\",\"datePublished\":\"2021-09-13T14:44:33+00:00\",\"dateModified\":\"2021-11-25T11:47:10+00:00\",\"breadcrumb\":{\"@id\":\"https:\\\/\\\/www.youthforequality.sk\\\/index.php\\\/2021\\\/09\\\/13\\\/aeneas-palermo-italy-20-25-10-2021\\\/#breadcrumb\"},\"inLanguage\":\"sk-SK\",\"potentialAction\":[{\"@type\":\"ReadAction\",\"target\":[\"https:\\\/\\\/www.youthforequality.sk\\\/index.php\\\/2021\\\/09\\\/13\\\/aeneas-palermo-italy-20-25-10-2021\\\/\"]}]},{\"@type\":\"ImageObject\",\"inLanguage\":\"sk-SK\",\"@id\":\"https:\\\/\\\/www.youthforequality.sk\\\/index.php\\\/2021\\\/09\\\/13\\\/aeneas-palermo-italy-20-25-10-2021\\\/#primaryimage\",\"url\":\"https:\\\/\\\/www.youthforequality.sk\\\/wp-content\\\/uploads\\\/2021\\\/09\\\/image00008.jpeg\",\"contentUrl\":\"https:\\\/\\\/www.youthforequality.sk\\\/wp-content\\\/uploads\\\/2021\\\/09\\\/image00008.jpeg\",\"width\":2160,\"height\":1080},{\"@type\":\"BreadcrumbList\",\"@id\":\"https:\\\/\\\/www.youthforequality.sk\\\/index.php\\\/2021\\\/09\\\/13\\\/aeneas-palermo-italy-20-25-10-2021\\\/#breadcrumb\",\"itemListElement\":[{\"@type\":\"ListItem\",\"position\":1,\"name\":\"Home\",\"item\":\"https:\\\/\\\/www.youthforequality.sk\\\/\"},{\"@type\":\"ListItem\",\"position\":2,\"name\":\"AENEAS | Palermo, Italy | 20. &#8211; 25. 10. 2021\"}]},{\"@type\":\"WebSite\",\"@id\":\"https:\\\/\\\/www.youthforequality.sk\\\/#website\",\"url\":\"https:\\\/\\\/www.youthforequality.sk\\\/\",\"name\":\"\",\"description\":\"\",\"publisher\":{\"@id\":\"https:\\\/\\\/www.youthforequality.sk\\\/#organization\"},\"potentialAction\":[{\"@type\":\"SearchAction\",\"target\":{\"@type\":\"EntryPoint\",\"urlTemplate\":\"https:\\\/\\\/www.youthforequality.sk\\\/?s={search_term_string}\"},\"query-input\":{\"@type\":\"PropertyValueSpecification\",\"valueRequired\":true,\"valueName\":\"search_term_string\"}}],\"inLanguage\":\"sk-SK\"},{\"@type\":\"Organization\",\"@id\":\"https:\\\/\\\/www.youthforequality.sk\\\/#organization\",\"name\":\"Youth for Equality\",\"url\":\"https:\\\/\\\/www.youthforequality.sk\\\/\",\"logo\":{\"@type\":\"ImageObject\",\"inLanguage\":\"sk-SK\",\"@id\":\"https:\\\/\\\/www.youthforequality.sk\\\/#\\\/schema\\\/logo\\\/image\\\/\",\"url\":\"https:\\\/\\\/www.youthforequality.sk\\\/wp-content\\\/uploads\\\/2021\\\/01\\\/vynovene-logo-nove-farby_modra-na-web.png\",\"contentUrl\":\"https:\\\/\\\/www.youthforequality.sk\\\/wp-content\\\/uploads\\\/2021\\\/01\\\/vynovene-logo-nove-farby_modra-na-web.png\",\"width\":1,\"height\":1,\"caption\":\"Youth for Equality\"},\"image\":{\"@id\":\"https:\\\/\\\/www.youthforequality.sk\\\/#\\\/schema\\\/logo\\\/image\\\/\"},\"sameAs\":[\"https:\\\/\\\/www.facebook.com\\\/yeslovakia\"]},{\"@type\":\"Person\",\"@id\":\"https:\\\/\\\/www.youthforequality.sk\\\/#\\\/schema\\\/person\\\/be8fe75a4ed9c28400bc99a029218b24\",\"name\":\"Diana Ja\u0161ekov\u00e1\",\"image\":{\"@type\":\"ImageObject\",\"inLanguage\":\"sk-SK\",\"@id\":\"https:\\\/\\\/secure.gravatar.com\\\/avatar\\\/8c7454049523c9673804cf321f89b38fd4fcd5aa5ad8961f32caaf292dfd996f?s=96&d=mm&r=g\",\"url\":\"https:\\\/\\\/secure.gravatar.com\\\/avatar\\\/8c7454049523c9673804cf321f89b38fd4fcd5aa5ad8961f32caaf292dfd996f?s=96&d=mm&r=g\",\"contentUrl\":\"https:\\\/\\\/secure.gravatar.com\\\/avatar\\\/8c7454049523c9673804cf321f89b38fd4fcd5aa5ad8961f32caaf292dfd996f?s=96&d=mm&r=g\",\"caption\":\"Diana Ja\u0161ekov\u00e1\"},\"url\":\"https:\\\/\\\/www.youthforequality.sk\\\/index.php\\\/author\\\/diajas\\\/\"}]}<\/script>\n<!-- \/ Yoast SEO plugin. -->","yoast_head_json":{"title":"AENEAS | Palermo, Italy | 20. - 25. 10. 2021 |","robots":{"index":"index","follow":"follow","max-snippet":"max-snippet:-1","max-image-preview":"max-image-preview:large","max-video-preview":"max-video-preview:-1"},"canonical":"https:\/\/www.youthforequality.sk\/index.php\/2021\/09\/13\/aeneas-palermo-italy-20-25-10-2021\/","og_locale":"sk_SK","og_type":"article","og_title":"AENEAS | Palermo, Italy | 20. - 25. 10. 2021 |","og_description":"Na ml\u00e1de\u017en\u00edcku v\u00fdmenu h\u013ead\u00e1me \u00fa\u010dastn\u00edkov so z\u00e1ujmom o umenie, preto\u017ee po\u010das projektu za\u017eijete ve\u013ea kreat\u00edvnych aktiv\u00edt ako s\u00fa tane\u010dn\u00e1 improviz\u00e1cia, divadeln\u00e9 techniky, at\u010f. Nahliadneme do t\u00e9m ako s\u00fa migr\u00e1cia, antidiskimin\u00e1cia, soci\u00e1lne za\u010dlenenie za \u00fa\u010delom prijatia a rozv\u00edjania eur\u00f3pskeho ob\u010dianstva na miestnej \u00farovni. Nav\u0161t\u00edvime miestne centr\u00e1 pracuj\u00face s ml\u00e1de\u017eou, ktor\u00fdch mo\u017enosti na rozvoj s\u00fa obmedzen\u00e9. Pomocou&hellip;&nbsp;\u010c\u00edta\u0165 viac &raquo;AENEAS | Palermo, Italy | 20. &#8211; 25. 10. 2021","og_url":"https:\/\/www.youthforequality.sk\/index.php\/2021\/09\/13\/aeneas-palermo-italy-20-25-10-2021\/","article_publisher":"https:\/\/www.facebook.com\/yeslovakia","article_published_time":"2021-09-13T14:44:33+00:00","article_modified_time":"2021-11-25T11:47:10+00:00","og_image":[{"width":2160,"height":1080,"url":"https:\/\/www.youthforequality.sk\/wp-content\/uploads\/2021\/09\/image00008.jpeg","type":"image\/jpeg"}],"author":"Diana Ja\u0161ekov\u00e1","twitter_card":"summary_large_image","twitter_misc":{"Autor":"Diana Ja\u0161ekov\u00e1","Predpokladan\u00fd \u010das \u010d\u00edtania":"1 min\u00fata"},"schema":{"@context":"https:\/\/schema.org","@graph":[{"@type":"Article","@id":"https:\/\/www.youthforequality.sk\/index.php\/2021\/09\/13\/aeneas-palermo-italy-20-25-10-2021\/#article","isPartOf":{"@id":"https:\/\/www.youthforequality.sk\/index.php\/2021\/09\/13\/aeneas-palermo-italy-20-25-10-2021\/"},"author":{"name":"Diana Ja\u0161ekov\u00e1","@id":"https:\/\/www.youthforequality.sk\/#\/schema\/person\/be8fe75a4ed9c28400bc99a029218b24"},"headline":"AENEAS | Palermo, Italy | 20. &#8211; 25. 10. 2021","datePublished":"2021-09-13T14:44:33+00:00","dateModified":"2021-11-25T11:47:10+00:00","mainEntityOfPage":{"@id":"https:\/\/www.youthforequality.sk\/index.php\/2021\/09\/13\/aeneas-palermo-italy-20-25-10-2021\/"},"wordCount":115,"publisher":{"@id":"https:\/\/www.youthforequality.sk\/#organization"},"image":{"@id":"https:\/\/www.youthforequality.sk\/index.php\/2021\/09\/13\/aeneas-palermo-italy-20-25-10-2021\/#primaryimage"},"thumbnailUrl":"https:\/\/www.youthforequality.sk\/wp-content\/uploads\/2021\/09\/image00008.jpeg","articleSection":["Uncategorized"],"inLanguage":"sk-SK"},{"@type":"WebPage","@id":"https:\/\/www.youthforequality.sk\/index.php\/2021\/09\/13\/aeneas-palermo-italy-20-25-10-2021\/","url":"https:\/\/www.youthforequality.sk\/index.php\/2021\/09\/13\/aeneas-palermo-italy-20-25-10-2021\/","name":"AENEAS | Palermo, Italy | 20. - 25. 10. 2021 |","isPartOf":{"@id":"https:\/\/www.youthforequality.sk\/#website"},"primaryImageOfPage":{"@id":"https:\/\/www.youthforequality.sk\/index.php\/2021\/09\/13\/aeneas-palermo-italy-20-25-10-2021\/#primaryimage"},"image":{"@id":"https:\/\/www.youthforequality.sk\/index.php\/2021\/09\/13\/aeneas-palermo-italy-20-25-10-2021\/#primaryimage"},"thumbnailUrl":"https:\/\/www.youthforequality.sk\/wp-content\/uploads\/2021\/09\/image00008.jpeg","datePublished":"2021-09-13T14:44:33+00:00","dateModified":"2021-11-25T11:47:10+00:00","breadcrumb":{"@id":"https:\/\/www.youthforequality.sk\/index.php\/2021\/09\/13\/aeneas-palermo-italy-20-25-10-2021\/#breadcrumb"},"inLanguage":"sk-SK","potentialAction":[{"@type":"ReadAction","target":["https:\/\/www.youthforequality.sk\/index.php\/2021\/09\/13\/aeneas-palermo-italy-20-25-10-2021\/"]}]},{"@type":"ImageObject","inLanguage":"sk-SK","@id":"https:\/\/www.youthforequality.sk\/index.php\/2021\/09\/13\/aeneas-palermo-italy-20-25-10-2021\/#primaryimage","url":"https:\/\/www.youthforequality.sk\/wp-content\/uploads\/2021\/09\/image00008.jpeg","contentUrl":"https:\/\/www.youthforequality.sk\/wp-content\/uploads\/2021\/09\/image00008.jpeg","width":2160,"height":1080},{"@type":"BreadcrumbList","@id":"https:\/\/www.youthforequality.sk\/index.php\/2021\/09\/13\/aeneas-palermo-italy-20-25-10-2021\/#breadcrumb","itemListElement":[{"@type":"ListItem","position":1,"name":"Home","item":"https:\/\/www.youthforequality.sk\/"},{"@type":"ListItem","position":2,"name":"AENEAS | Palermo, Italy | 20. &#8211; 25. 10. 2021"}]},{"@type":"WebSite","@id":"https:\/\/www.youthforequality.sk\/#website","url":"https:\/\/www.youthforequality.sk\/","name":"","description":"","publisher":{"@id":"https:\/\/www.youthforequality.sk\/#organization"},"potentialAction":[{"@type":"SearchAction","target":{"@type":"EntryPoint","urlTemplate":"https:\/\/www.youthforequality.sk\/?s={search_term_string}"},"query-input":{"@type":"PropertyValueSpecification","valueRequired":true,"valueName":"search_term_string"}}],"inLanguage":"sk-SK"},{"@type":"Organization","@id":"https:\/\/www.youthforequality.sk\/#organization","name":"Youth for Equality","url":"https:\/\/www.youthforequality.sk\/","logo":{"@type":"ImageObject","inLanguage":"sk-SK","@id":"https:\/\/www.youthforequality.sk\/#\/schema\/logo\/image\/","url":"https:\/\/www.youthforequality.sk\/wp-content\/uploads\/2021\/01\/vynovene-logo-nove-farby_modra-na-web.png","contentUrl":"https:\/\/www.youthforequality.sk\/wp-content\/uploads\/2021\/01\/vynovene-logo-nove-farby_modra-na-web.png","width":1,"height":1,"caption":"Youth for Equality"},"image":{"@id":"https:\/\/www.youthforequality.sk\/#\/schema\/logo\/image\/"},"sameAs":["https:\/\/www.facebook.com\/yeslovakia"]},{"@type":"Person","@id":"https:\/\/www.youthforequality.sk\/#\/schema\/person\/be8fe75a4ed9c28400bc99a029218b24","name":"Diana Ja\u0161ekov\u00e1","image":{"@type":"ImageObject","inLanguage":"sk-SK","@id":"https:\/\/secure.gravatar.com\/avatar\/8c7454049523c9673804cf321f89b38fd4fcd5aa5ad8961f32caaf292dfd996f?s=96&d=mm&r=g","url":"https:\/\/secure.gravatar.com\/avatar\/8c7454049523c9673804cf321f89b38fd4fcd5aa5ad8961f32caaf292dfd996f?s=96&d=mm&r=g","contentUrl":"https:\/\/secure.gravatar.com\/avatar\/8c7454049523c9673804cf321f89b38fd4fcd5aa5ad8961f32caaf292dfd996f?s=96&d=mm&r=g","caption":"Diana Ja\u0161ekov\u00e1"},"url":"https:\/\/www.youthforequality.sk\/index.php\/author\/diajas\/"}]}},"_links":{"self":[{"href":"https:\/\/www.youthforequality.sk\/index.php\/wp-json\/wp\/v2\/posts\/3348","targetHints":{"allow":["GET"]}}],"collection":[{"href":"https:\/\/www.youthforequality.sk\/index.php\/wp-json\/wp\/v2\/posts"}],"about":[{"href":"https:\/\/www.youthforequality.sk\/index.php\/wp-json\/wp\/v2\/types\/post"}],"author":[{"embeddable":true,"href":"https:\/\/www.youthforequality.sk\/index.php\/wp-json\/wp\/v2\/users\/2"}],"replies":[{"embeddable":true,"href":"https:\/\/www.youthforequality.sk\/index.php\/wp-json\/wp\/v2\/comments?post=3348"}],"version-history":[{"count":8,"href":"https:\/\/www.youthforequality.sk\/index.php\/wp-json\/wp\/v2\/posts\/3348\/revisions"}],"predecessor-version":[{"id":3357,"href":"https:\/\/www.youthforequality.sk\/index.php\/wp-json\/wp\/v2\/posts\/3348\/revisions\/3357"}],"wp:featuredmedia":[{"embeddable":true,"href":"https:\/\/www.youthforequality.sk\/index.php\/wp-json\/wp\/v2\/media\/3356"}],"wp:attachment":[{"href":"https:\/\/www.youthforequality.sk\/index.php\/wp-json\/wp\/v2\/media?parent=3348"}],"wp:term":[{"taxonomy":"category","embeddable":true,"href":"https:\/\/www.youthforequality.sk\/index.php\/wp-json\/wp\/v2\/categories?post=3348"},{"taxonomy":"post_tag","embeddable":true,"href":"https:\/\/www.youthforequality.sk\/index.php\/wp-json\/wp\/v2\/tags?post=3348"}],"curies":[{"name":"wp","href":"https:\/\/api.w.org\/{rel}","templated":true}]}}