{"id":3358,"date":"2021-09-13T17:29:27","date_gmt":"2021-09-13T15:29:27","guid":{"rendered":"https:\/\/www.youthforequality.sk\/?p=3358"},"modified":"2021-09-13T17:43:06","modified_gmt":"2021-09-13T15:43:06","slug":"nika-ti-povie-niekolko-dovodov-preco-a-ako-zazit-grecko-zadarmo","status":"publish","type":"post","link":"https:\/\/www.youthforequality.sk\/index.php\/2021\/09\/13\/nika-ti-povie-niekolko-dovodov-preco-a-ako-zazit-grecko-zadarmo\/","title":{"rendered":"Nika Ti povie nieko\u013eko d\u00f4vodov, pre\u010do a ako za\u017ei\u0165 Gr\u00e9cko zadarmo&#8230;"},"content":{"rendered":"\t\t<div data-elementor-type=\"wp-post\" data-elementor-id=\"3358\" class=\"elementor elementor-3358\">\n\t\t\t\t\t\t<section class=\"elementor-section elementor-top-section elementor-element elementor-element-992be1d elementor-section-boxed elementor-section-height-default elementor-section-height-default\" data-id=\"992be1d\" data-element_type=\"section\" data-e-type=\"section\">\n\t\t\t\t\t\t<div class=\"elementor-container elementor-column-gap-default\">\n\t\t\t\t\t<div class=\"elementor-column elementor-col-100 elementor-top-column elementor-element elementor-element-e577aa1\" data-id=\"e577aa1\" data-element_type=\"column\" data-e-type=\"column\">\n\t\t\t<div class=\"elementor-widget-wrap elementor-element-populated\">\n\t\t\t\t\t\t<div class=\"elementor-element elementor-element-c6f9897 elementor-widget elementor-widget-text-editor\" data-id=\"c6f9897\" data-element_type=\"widget\" data-e-type=\"widget\" data-widget_type=\"text-editor.default\">\n\t\t\t\t<div class=\"elementor-widget-container\">\n\t\t\t\t\t\t\t\t\t<p><span style=\"font-weight: 400;\">Moje meno je Nika a pop\u00ed\u0161em ti o mojom dobrovo\u013en\u00edctve v Gr\u00e9cku, ktor\u00e9 som absolvovala v auguste v roku 2020.\u00a0<\/span><\/p><p>\u00a0<\/p><p><span style=\"font-weight: 400;\">P\u00f4vodne som ani nepl\u00e1novala od\u00eds\u0165 na dobrovo\u013en\u00edctvo, ale na Erasmus st\u00e1\u017e do \u010ceska, av\u0161ak ani ja som nebola v\u00fdnimkou, ktor\u00fa by neovplyvnila pand\u00e9mia. Ke\u010f mi ozn\u00e1mili, \u017ee sa st\u00e1\u017e ru\u0161\u00ed, hne\u010f som si za\u010dala h\u013eada\u0165 alternat\u00edvu. Vo facebookovej skupine som na\u0161la ponuku od Youth for Equality, kde pon\u00fakali mesa\u010dn\u00fd program v Gr\u00e9cku v meste Komotini, a tak som si poslala \u017eivotopis a motiva\u010dn\u00fd list v n\u00e1dej\u00ed, \u017ee ma vyber\u00fa. Po p\u00e1r d\u0148och ma kontaktovala koordin\u00e1torka programu, \u017ee ma vybrali a tak sa mohlo za\u010da\u0165 s pl\u00e1novan\u00edm cesty.<\/span><\/p><p>\u00a0<\/p><p><strong>CESTA<\/strong><\/p><p><span style=\"font-weight: 400;\">Pred cestou som musela posla\u0165 potrebn\u00e9 \u00fadaje mojej koordin\u00e1torke a ona sa n\u00e1sledne postarala o poistenie, letenku a in\u00e9 administrat\u00edvne veci, ktor\u00fdmi som sa nemusela v\u00f4bec za\u0165a\u017eova\u0165. Mojou \u00falohou bolo len nast\u00fapi\u0165 do spr\u00e1vneho lietadla a odletie\u0165. Dokonca som sa nemusela stara\u0165 ani o financie, preto\u017ee tieto projekty s\u00fa hraden\u00e9 cez Erasmus+ program, tak\u017ee vycestova\u0165 do zahrani\u010dia m\u00f4\u017ee naozaj ktoko\u013evek, kto m\u00e1 chu\u0165 vidie\u0165 k\u00fasok sveta. Na letisku vo Viedni som sa prv\u00fdkr\u00e1t spoznala s ostatn\u00fdmi dobrovo\u013en\u00edkmi zo Slovenska a spolu sme odleteli do Sol\u00fana, kde sme prespali jednu noc a r\u00e1no pre n\u00e1s pri\u0161iel gr\u00e9cky koordin\u00e1tor programu, ktor\u00fd n\u00e1s odviezol do Komotini. Tam sme vyp\u00edsali tla\u010div\u00e1, dostali &#8222;kapesn\u00e9&#8220; a ubytovali sa (ubytovanie bolo hraden\u00e9, tak\u017ee sme nemuseli plati\u0165 ni\u010d).<\/span><\/p><p>\u00a0<\/p><p><strong>KOMOTINI<\/strong><\/p><p><span style=\"font-weight: 400;\">Prv\u00fd de\u0148 sme si pre\u0161li mesto, ktor\u00e9 bolo mal\u00e9, ale malo svoje \u010daro na ktor\u00e9 nikdy nezabudnem! Na druh\u00fd de\u0148 sme sa zozn\u00e1mili s ostatn\u00fdmi dobrovo\u013en\u00edkmi z Tuniska, mali sme tam by\u0165 dobrovo\u013en\u00edci zo Slovenska, Tuniska a Ukrajiny, av\u0161ak \u00fa\u010dastn\u00edci z Ukrajiny sa nemohli z\u00fa\u010dastni\u0165 kv\u00f4li pand\u00e9mii.\u00a0<\/span><\/p><p>\u00a0<\/p><p><strong>PROJEKTY<\/strong><\/p><p><span style=\"font-weight: 400;\">Cie\u013eom projektu, bolo zve\u013ea\u010fovanie mesta, zv\u00fd\u0161i\u0165 povedomie a turizmus v meste. Okrem toho sme mali mo\u017enos\u0165 p\u00edsa\u0165 do miestneho \u010dasopisu. Na za\u010diatku n\u00e1m vyp\u00edsali r\u00f4zne projekty, do ktor\u00fdch sme sa mohli zapoji\u0165, ako je propag\u00e1cia organiz\u00e1cie, vytvorenie s\u00fa\u0165a\u017e\u00ed pre lok\u00e1lnych obyvate\u013eov alebo aj zorganizovanie diskusi\u00ed na r\u00f4zne t\u00e9my. Ja som sa zapojila do organizovania event-u na t\u00e9mu stereotypov. Taktie\u017e som sa zapojila do p\u00edsania \u010dl\u00e1nku pre miestne noviny na t\u00e9mu ekol\u00f3gie.\u00a0<\/span><\/p><p><span style=\"font-weight: 400;\">Robila som rozhovory s miestnymi obyvate\u013emi, aby som zistila \u010do v meste ch\u00fdba a na \u010dom treba popracova\u0165. Pre m\u0148a, ako ve\u013ek\u00e9ho introverta to bolo ve\u013emi n\u00e1ro\u010dn\u00e9, oslovova\u0165 cudz\u00edch \u013eud\u00ed, ale ve\u013emi mi to pomohlo v sebarozvoji.\u00a0\u00a0<\/span><\/p><p>\u00a0<\/p><p><strong>\u017dIVOT DOBROVO\u013dN\u00cdKA<\/strong><\/p><p><span style=\"font-weight: 400;\">Pracovali sme 5 dn\u00ed v t\u00fd\u017edni a v\u00edkendy sme mali vo\u013eno. V\u00e4\u010d\u0161inou sme ich str\u00e1vili pri pl\u00e1\u017ei, ktor\u00e1 bola vzdialen\u00e1 asi 30 min\u00fat autobusom od mesta. Pl\u00e1\u017e bola \u00fa\u017easn\u00e1, more \u010dist\u00e9 a priezra\u010dn\u00e9 a to jedlo! Jednoducho raj na zemi!\u00a0<\/span><\/p><p><span style=\"font-weight: 400;\">Okrem pl\u00e1\u017ee sme vyu\u017e\u00edvali aj miestny trh, kde bola vynikaj\u00faca zelenina a ovocie. V meste boli aj obyvatelia z Turecka, preto m\u00f4\u017ee\u0161 vidie\u0165 na fotke aj \u017eeny so zahalen\u00fdmi vlasmi, popul\u00e1cia mesta bola 50% kres\u0165ania a 50% moslimovia.\u00a0<\/span><\/p><p>\u00a0<\/p><p><strong>\u010cO MI DOBROVO\u013dN\u00cdCTVO DALO?<\/strong><\/p><p><span style=\"font-weight: 400;\">Dobrovo\u013en\u00edctvo v zahrani\u010d\u00ed mi okrem spoznania novej kult\u00fary a nov\u00fdch z\u00e1\u017eitkov dalo aj nov\u00fdch priate\u013eov, s ktor\u00fdmi sme za\u017eili neoby\u010dajn\u00fd mesiac. Mus\u00edm tie\u017e poveda\u0165, \u017ee po\u010das m\u00f4jho pobytu v Gr\u00e9cku som z\u00edskala sebavedomie a nau\u010dila som sa u\u017e\u00edva\u0165 si \u017eivot pln\u00fdmi d\u00fa\u0161kami za \u010do som najviac v\u010fa\u010dn\u00e1, preto\u017ee pred t\u00fdmto projektom, som bola sk\u00f4r zakr\u00edknut\u00e1 a miestami som pripom\u00ednala siv\u00fa my\u0161, av\u0161ak tento projekt bol pre m\u0148a, ako liek na du\u0161u!\u00a0<\/span><\/p><p>\u00a0<\/p><p><span style=\"font-weight: 400;\">Na z\u00e1ver by som ti chcela poveda\u0165, \u017ee ak m\u00e1\u0161 pr\u00edle\u017eitos\u0165 sa do nie\u010doho pusti\u0165, vysk\u00fa\u0161a\u0165 nie\u010do nov\u00e9, tak cho\u010f ur\u010dite do toho a neboj sa, preto\u017ee nesk\u00f4r m\u00f4\u017ee\u0161 \u013eutova\u0165, \u017ee si to aspo\u0148 nevysk\u00fa\u0161al\/-a! Nie nadarmo sa hovor\u00ed, \u017ee je lep\u0161ie raz vidie\u0165, ako sto kr\u00e1t po\u010du\u0165.\u00a0\u00a0<\/span><\/p><p>\u00a0<\/p><p>S pozdravom,\u00a0<\/p><p>\u00a0<\/p><p>Nika<\/p><p>\u00a0<\/p><p><div id='gallery-1' class='gallery galleryid-3358 gallery-columns-3 gallery-size-large'><figure class='gallery-item'>\n\t\t\t<div class='gallery-icon landscape'>\n\t\t\t\t<a href='https:\/\/www.youthforequality.sk\/image5\/'><img fetchpriority=\"high\" decoding=\"async\" width=\"1024\" height=\"577\" src=\"https:\/\/www.youthforequality.sk\/wp-content\/uploads\/2021\/09\/image5-1024x577.jpg\" class=\"attachment-large size-large\" alt=\"\" srcset=\"https:\/\/www.youthforequality.sk\/wp-content\/uploads\/2021\/09\/image5-1024x577.jpg 1024w, https:\/\/www.youthforequality.sk\/wp-content\/uploads\/2021\/09\/image5-300x169.jpg 300w, https:\/\/www.youthforequality.sk\/wp-content\/uploads\/2021\/09\/image5-768x433.jpg 768w, https:\/\/www.youthforequality.sk\/wp-content\/uploads\/2021\/09\/image5.jpg 1384w\" sizes=\"(max-width: 1024px) 100vw, 1024px\" \/><\/a>\n\t\t\t<\/div><\/figure><figure class='gallery-item'>\n\t\t\t<div class='gallery-icon landscape'>\n\t\t\t\t<a href='https:\/\/www.youthforequality.sk\/image2\/'><img decoding=\"async\" width=\"1024\" height=\"577\" src=\"https:\/\/www.youthforequality.sk\/wp-content\/uploads\/2021\/09\/image2-1024x577.jpg\" class=\"attachment-large size-large\" alt=\"\" srcset=\"https:\/\/www.youthforequality.sk\/wp-content\/uploads\/2021\/09\/image2-1024x577.jpg 1024w, https:\/\/www.youthforequality.sk\/wp-content\/uploads\/2021\/09\/image2-300x169.jpg 300w, https:\/\/www.youthforequality.sk\/wp-content\/uploads\/2021\/09\/image2-768x433.jpg 768w, https:\/\/www.youthforequality.sk\/wp-content\/uploads\/2021\/09\/image2.jpg 1384w\" sizes=\"(max-width: 1024px) 100vw, 1024px\" \/><\/a>\n\t\t\t<\/div><\/figure><figure class='gallery-item'>\n\t\t\t<div class='gallery-icon landscape'>\n\t\t\t\t<a href='https:\/\/www.youthforequality.sk\/image7\/'><img decoding=\"async\" width=\"1024\" height=\"768\" src=\"https:\/\/www.youthforequality.sk\/wp-content\/uploads\/2021\/09\/image7-1024x768.jpg\" class=\"attachment-large size-large\" alt=\"\" srcset=\"https:\/\/www.youthforequality.sk\/wp-content\/uploads\/2021\/09\/image7-1024x768.jpg 1024w, https:\/\/www.youthforequality.sk\/wp-content\/uploads\/2021\/09\/image7-300x225.jpg 300w, https:\/\/www.youthforequality.sk\/wp-content\/uploads\/2021\/09\/image7-768x576.jpg 768w, https:\/\/www.youthforequality.sk\/wp-content\/uploads\/2021\/09\/image7.jpg 1386w\" sizes=\"(max-width: 1024px) 100vw, 1024px\" \/><\/a>\n\t\t\t<\/div><\/figure><figure class='gallery-item'>\n\t\t\t<div class='gallery-icon landscape'>\n\t\t\t\t<a href='https:\/\/www.youthforequality.sk\/image8\/'><img loading=\"lazy\" decoding=\"async\" width=\"1024\" height=\"766\" src=\"https:\/\/www.youthforequality.sk\/wp-content\/uploads\/2021\/09\/image8-1024x766.jpg\" class=\"attachment-large size-large\" alt=\"\" srcset=\"https:\/\/www.youthforequality.sk\/wp-content\/uploads\/2021\/09\/image8-1024x766.jpg 1024w, https:\/\/www.youthforequality.sk\/wp-content\/uploads\/2021\/09\/image8-300x225.jpg 300w, https:\/\/www.youthforequality.sk\/wp-content\/uploads\/2021\/09\/image8-768x575.jpg 768w, https:\/\/www.youthforequality.sk\/wp-content\/uploads\/2021\/09\/image8.jpg 1352w\" sizes=\"(max-width: 1024px) 100vw, 1024px\" \/><\/a>\n\t\t\t<\/div><\/figure><figure class='gallery-item'>\n\t\t\t<div class='gallery-icon landscape'>\n\t\t\t\t<a href='https:\/\/www.youthforequality.sk\/image3\/'><img loading=\"lazy\" decoding=\"async\" width=\"1024\" height=\"577\" src=\"https:\/\/www.youthforequality.sk\/wp-content\/uploads\/2021\/09\/image3-1024x577.jpg\" class=\"attachment-large size-large\" alt=\"\" srcset=\"https:\/\/www.youthforequality.sk\/wp-content\/uploads\/2021\/09\/image3-1024x577.jpg 1024w, https:\/\/www.youthforequality.sk\/wp-content\/uploads\/2021\/09\/image3-300x169.jpg 300w, https:\/\/www.youthforequality.sk\/wp-content\/uploads\/2021\/09\/image3-768x433.jpg 768w, https:\/\/www.youthforequality.sk\/wp-content\/uploads\/2021\/09\/image3.jpg 1384w\" sizes=\"(max-width: 1024px) 100vw, 1024px\" \/><\/a>\n\t\t\t<\/div><\/figure><figure class='gallery-item'>\n\t\t\t<div class='gallery-icon landscape'>\n\t\t\t\t<a href='https:\/\/www.youthforequality.sk\/image1\/'><img loading=\"lazy\" decoding=\"async\" width=\"960\" height=\"720\" src=\"https:\/\/www.youthforequality.sk\/wp-content\/uploads\/2021\/09\/image1.jpg\" class=\"attachment-large size-large\" alt=\"\" srcset=\"https:\/\/www.youthforequality.sk\/wp-content\/uploads\/2021\/09\/image1.jpg 960w, https:\/\/www.youthforequality.sk\/wp-content\/uploads\/2021\/09\/image1-300x225.jpg 300w, https:\/\/www.youthforequality.sk\/wp-content\/uploads\/2021\/09\/image1-768x576.jpg 768w\" sizes=\"(max-width: 960px) 100vw, 960px\" \/><\/a>\n\t\t\t<\/div><\/figure>\n\t\t<\/div>\n<\/p>\t\t\t\t\t\t\t\t<\/div>\n\t\t\t\t<\/div>\n\t\t\t\t\t<\/div>\n\t\t<\/div>\n\t\t\t\t\t<\/div>\n\t\t<\/section>\n\t\t\t\t<\/div>\n\t\t","protected":false},"excerpt":{"rendered":"<p>Moje meno je Nika a pop\u00ed\u0161em ti o mojom dobrovo\u013en\u00edctve v Gr\u00e9cku, ktor\u00e9 som absolvovala v auguste v roku 2020.&nbsp; P\u00f4vodne som ani nepl\u00e1novala od\u00eds\u0165 na dobrovo\u013en\u00edctvo, ale na Erasmus st\u00e1\u017e do \u010ceska, av\u0161ak ani ja som nebola v\u00fdnimkou, ktor\u00fa by neovplyvnila pand\u00e9mia. Ke\u010f mi ozn\u00e1mili, \u017ee sa st\u00e1\u017e ru\u0161\u00ed, hne\u010f som si za\u010dala h\u013eada\u0165&hellip;&nbsp;<a href=\"https:\/\/www.youthforequality.sk\/index.php\/2021\/09\/13\/nika-ti-povie-niekolko-dovodov-preco-a-ako-zazit-grecko-zadarmo\/\" class=\"\" rel=\"bookmark\">\u010c\u00edta\u0165 viac &raquo;<span class=\"screen-reader-text\">Nika Ti povie nieko\u013eko d\u00f4vodov, pre\u010do a ako za\u017ei\u0165 Gr\u00e9cko zadarmo&#8230;<\/span><\/a><\/p>\n","protected":false},"author":2,"featured_media":3359,"comment_status":"closed","ping_status":"open","sticky":false,"template":"","format":"standard","meta":{"_uf_show_specific_survey":0,"_uf_disable_surveys":false,"neve_meta_sidebar":"","neve_meta_container":"","neve_meta_enable_content_width":"","neve_meta_content_width":0,"neve_meta_title_alignment":"","neve_meta_author_avatar":"","neve_post_elements_order":"","neve_meta_disable_header":"","neve_meta_disable_footer":"","neve_meta_disable_title":"","_themeisle_gutenberg_block_has_review":false,"footnotes":""},"categories":[3],"tags":[],"class_list":["post-3358","post","type-post","status-publish","format-standard","has-post-thumbnail","hentry","category-blog"],"yoast_head":"<!-- This site is optimized with the Yoast SEO plugin v27.4 - https:\/\/yoast.com\/product\/yoast-seo-wordpress\/ -->\n<title>Nika Ti povie nieko\u013eko d\u00f4vodov, pre\u010do a ako za\u017ei\u0165 Gr\u00e9cko zadarmo... |<\/title>\n<meta name=\"robots\" content=\"index, follow, max-snippet:-1, max-image-preview:large, max-video-preview:-1\" \/>\n<link rel=\"canonical\" href=\"https:\/\/www.youthforequality.sk\/index.php\/2021\/09\/13\/nika-ti-povie-niekolko-dovodov-preco-a-ako-zazit-grecko-zadarmo\/\" \/>\n<meta property=\"og:locale\" content=\"sk_SK\" \/>\n<meta property=\"og:type\" content=\"article\" \/>\n<meta property=\"og:title\" content=\"Nika Ti povie nieko\u013eko d\u00f4vodov, pre\u010do a ako za\u017ei\u0165 Gr\u00e9cko zadarmo... |\" \/>\n<meta property=\"og:description\" content=\"Moje meno je Nika a pop\u00ed\u0161em ti o mojom dobrovo\u013en\u00edctve v Gr\u00e9cku, ktor\u00e9 som absolvovala v auguste v roku 2020.&nbsp; P\u00f4vodne som ani nepl\u00e1novala od\u00eds\u0165 na dobrovo\u013en\u00edctvo, ale na Erasmus st\u00e1\u017e do \u010ceska, av\u0161ak ani ja som nebola v\u00fdnimkou, ktor\u00fa by neovplyvnila pand\u00e9mia. Ke\u010f mi ozn\u00e1mili, \u017ee sa st\u00e1\u017e ru\u0161\u00ed, hne\u010f som si za\u010dala h\u013eada\u0165&hellip;&nbsp;\u010c\u00edta\u0165 viac &raquo;Nika Ti povie nieko\u013eko d\u00f4vodov, pre\u010do a ako za\u017ei\u0165 Gr\u00e9cko zadarmo&#8230;\" \/>\n<meta property=\"og:url\" content=\"https:\/\/www.youthforequality.sk\/index.php\/2021\/09\/13\/nika-ti-povie-niekolko-dovodov-preco-a-ako-zazit-grecko-zadarmo\/\" \/>\n<meta property=\"article:publisher\" content=\"https:\/\/www.facebook.com\/yeslovakia\" \/>\n<meta property=\"article:published_time\" content=\"2021-09-13T15:29:27+00:00\" \/>\n<meta property=\"article:modified_time\" content=\"2021-09-13T15:43:06+00:00\" \/>\n<meta property=\"og:image\" content=\"https:\/\/www.youthforequality.sk\/wp-content\/uploads\/2021\/09\/image8.jpg\" \/>\n\t<meta property=\"og:image:width\" content=\"1352\" \/>\n\t<meta property=\"og:image:height\" content=\"1012\" \/>\n\t<meta property=\"og:image:type\" content=\"image\/jpeg\" \/>\n<meta name=\"author\" content=\"Diana Ja\u0161ekov\u00e1\" \/>\n<meta name=\"twitter:card\" content=\"summary_large_image\" \/>\n<meta name=\"twitter:label1\" content=\"Autor\" \/>\n\t<meta name=\"twitter:data1\" content=\"Diana Ja\u0161ekov\u00e1\" \/>\n\t<meta name=\"twitter:label2\" content=\"Predpokladan\u00fd \u010das \u010d\u00edtania\" \/>\n\t<meta name=\"twitter:data2\" content=\"3 min\u00faty\" \/>\n<script type=\"application\/ld+json\" class=\"yoast-schema-graph\">{\"@context\":\"https:\\\/\\\/schema.org\",\"@graph\":[{\"@type\":\"Article\",\"@id\":\"https:\\\/\\\/www.youthforequality.sk\\\/index.php\\\/2021\\\/09\\\/13\\\/nika-ti-povie-niekolko-dovodov-preco-a-ako-zazit-grecko-zadarmo\\\/#article\",\"isPartOf\":{\"@id\":\"https:\\\/\\\/www.youthforequality.sk\\\/index.php\\\/2021\\\/09\\\/13\\\/nika-ti-povie-niekolko-dovodov-preco-a-ako-zazit-grecko-zadarmo\\\/\"},\"author\":{\"name\":\"Diana Ja\u0161ekov\u00e1\",\"@id\":\"https:\\\/\\\/www.youthforequality.sk\\\/#\\\/schema\\\/person\\\/be8fe75a4ed9c28400bc99a029218b24\"},\"headline\":\"Nika Ti povie nieko\u013eko d\u00f4vodov, pre\u010do a ako za\u017ei\u0165 Gr\u00e9cko zadarmo&#8230;\",\"datePublished\":\"2021-09-13T15:29:27+00:00\",\"dateModified\":\"2021-09-13T15:43:06+00:00\",\"mainEntityOfPage\":{\"@id\":\"https:\\\/\\\/www.youthforequality.sk\\\/index.php\\\/2021\\\/09\\\/13\\\/nika-ti-povie-niekolko-dovodov-preco-a-ako-zazit-grecko-zadarmo\\\/\"},\"wordCount\":783,\"publisher\":{\"@id\":\"https:\\\/\\\/www.youthforequality.sk\\\/#organization\"},\"image\":{\"@id\":\"https:\\\/\\\/www.youthforequality.sk\\\/index.php\\\/2021\\\/09\\\/13\\\/nika-ti-povie-niekolko-dovodov-preco-a-ako-zazit-grecko-zadarmo\\\/#primaryimage\"},\"thumbnailUrl\":\"https:\\\/\\\/www.youthforequality.sk\\\/wp-content\\\/uploads\\\/2021\\\/09\\\/image8.jpg\",\"articleSection\":[\"Blog\"],\"inLanguage\":\"sk-SK\"},{\"@type\":\"WebPage\",\"@id\":\"https:\\\/\\\/www.youthforequality.sk\\\/index.php\\\/2021\\\/09\\\/13\\\/nika-ti-povie-niekolko-dovodov-preco-a-ako-zazit-grecko-zadarmo\\\/\",\"url\":\"https:\\\/\\\/www.youthforequality.sk\\\/index.php\\\/2021\\\/09\\\/13\\\/nika-ti-povie-niekolko-dovodov-preco-a-ako-zazit-grecko-zadarmo\\\/\",\"name\":\"Nika Ti povie nieko\u013eko d\u00f4vodov, pre\u010do a ako za\u017ei\u0165 Gr\u00e9cko zadarmo... |\",\"isPartOf\":{\"@id\":\"https:\\\/\\\/www.youthforequality.sk\\\/#website\"},\"primaryImageOfPage\":{\"@id\":\"https:\\\/\\\/www.youthforequality.sk\\\/index.php\\\/2021\\\/09\\\/13\\\/nika-ti-povie-niekolko-dovodov-preco-a-ako-zazit-grecko-zadarmo\\\/#primaryimage\"},\"image\":{\"@id\":\"https:\\\/\\\/www.youthforequality.sk\\\/index.php\\\/2021\\\/09\\\/13\\\/nika-ti-povie-niekolko-dovodov-preco-a-ako-zazit-grecko-zadarmo\\\/#primaryimage\"},\"thumbnailUrl\":\"https:\\\/\\\/www.youthforequality.sk\\\/wp-content\\\/uploads\\\/2021\\\/09\\\/image8.jpg\",\"datePublished\":\"2021-09-13T15:29:27+00:00\",\"dateModified\":\"2021-09-13T15:43:06+00:00\",\"breadcrumb\":{\"@id\":\"https:\\\/\\\/www.youthforequality.sk\\\/index.php\\\/2021\\\/09\\\/13\\\/nika-ti-povie-niekolko-dovodov-preco-a-ako-zazit-grecko-zadarmo\\\/#breadcrumb\"},\"inLanguage\":\"sk-SK\",\"potentialAction\":[{\"@type\":\"ReadAction\",\"target\":[\"https:\\\/\\\/www.youthforequality.sk\\\/index.php\\\/2021\\\/09\\\/13\\\/nika-ti-povie-niekolko-dovodov-preco-a-ako-zazit-grecko-zadarmo\\\/\"]}]},{\"@type\":\"ImageObject\",\"inLanguage\":\"sk-SK\",\"@id\":\"https:\\\/\\\/www.youthforequality.sk\\\/index.php\\\/2021\\\/09\\\/13\\\/nika-ti-povie-niekolko-dovodov-preco-a-ako-zazit-grecko-zadarmo\\\/#primaryimage\",\"url\":\"https:\\\/\\\/www.youthforequality.sk\\\/wp-content\\\/uploads\\\/2021\\\/09\\\/image8.jpg\",\"contentUrl\":\"https:\\\/\\\/www.youthforequality.sk\\\/wp-content\\\/uploads\\\/2021\\\/09\\\/image8.jpg\",\"width\":1352,\"height\":1012},{\"@type\":\"BreadcrumbList\",\"@id\":\"https:\\\/\\\/www.youthforequality.sk\\\/index.php\\\/2021\\\/09\\\/13\\\/nika-ti-povie-niekolko-dovodov-preco-a-ako-zazit-grecko-zadarmo\\\/#breadcrumb\",\"itemListElement\":[{\"@type\":\"ListItem\",\"position\":1,\"name\":\"Home\",\"item\":\"https:\\\/\\\/www.youthforequality.sk\\\/\"},{\"@type\":\"ListItem\",\"position\":2,\"name\":\"Nika Ti povie nieko\u013eko d\u00f4vodov, pre\u010do a ako za\u017ei\u0165 Gr\u00e9cko zadarmo&#8230;\"}]},{\"@type\":\"WebSite\",\"@id\":\"https:\\\/\\\/www.youthforequality.sk\\\/#website\",\"url\":\"https:\\\/\\\/www.youthforequality.sk\\\/\",\"name\":\"\",\"description\":\"\",\"publisher\":{\"@id\":\"https:\\\/\\\/www.youthforequality.sk\\\/#organization\"},\"potentialAction\":[{\"@type\":\"SearchAction\",\"target\":{\"@type\":\"EntryPoint\",\"urlTemplate\":\"https:\\\/\\\/www.youthforequality.sk\\\/?s={search_term_string}\"},\"query-input\":{\"@type\":\"PropertyValueSpecification\",\"valueRequired\":true,\"valueName\":\"search_term_string\"}}],\"inLanguage\":\"sk-SK\"},{\"@type\":\"Organization\",\"@id\":\"https:\\\/\\\/www.youthforequality.sk\\\/#organization\",\"name\":\"Youth for Equality\",\"url\":\"https:\\\/\\\/www.youthforequality.sk\\\/\",\"logo\":{\"@type\":\"ImageObject\",\"inLanguage\":\"sk-SK\",\"@id\":\"https:\\\/\\\/www.youthforequality.sk\\\/#\\\/schema\\\/logo\\\/image\\\/\",\"url\":\"https:\\\/\\\/www.youthforequality.sk\\\/wp-content\\\/uploads\\\/2021\\\/01\\\/vynovene-logo-nove-farby_modra-na-web.png\",\"contentUrl\":\"https:\\\/\\\/www.youthforequality.sk\\\/wp-content\\\/uploads\\\/2021\\\/01\\\/vynovene-logo-nove-farby_modra-na-web.png\",\"width\":1,\"height\":1,\"caption\":\"Youth for Equality\"},\"image\":{\"@id\":\"https:\\\/\\\/www.youthforequality.sk\\\/#\\\/schema\\\/logo\\\/image\\\/\"},\"sameAs\":[\"https:\\\/\\\/www.facebook.com\\\/yeslovakia\"]},{\"@type\":\"Person\",\"@id\":\"https:\\\/\\\/www.youthforequality.sk\\\/#\\\/schema\\\/person\\\/be8fe75a4ed9c28400bc99a029218b24\",\"name\":\"Diana Ja\u0161ekov\u00e1\",\"image\":{\"@type\":\"ImageObject\",\"inLanguage\":\"sk-SK\",\"@id\":\"https:\\\/\\\/secure.gravatar.com\\\/avatar\\\/8c7454049523c9673804cf321f89b38fd4fcd5aa5ad8961f32caaf292dfd996f?s=96&d=mm&r=g\",\"url\":\"https:\\\/\\\/secure.gravatar.com\\\/avatar\\\/8c7454049523c9673804cf321f89b38fd4fcd5aa5ad8961f32caaf292dfd996f?s=96&d=mm&r=g\",\"contentUrl\":\"https:\\\/\\\/secure.gravatar.com\\\/avatar\\\/8c7454049523c9673804cf321f89b38fd4fcd5aa5ad8961f32caaf292dfd996f?s=96&d=mm&r=g\",\"caption\":\"Diana Ja\u0161ekov\u00e1\"},\"url\":\"https:\\\/\\\/www.youthforequality.sk\\\/index.php\\\/author\\\/diajas\\\/\"}]}<\/script>\n<!-- \/ Yoast SEO plugin. -->","yoast_head_json":{"title":"Nika Ti povie nieko\u013eko d\u00f4vodov, pre\u010do a ako za\u017ei\u0165 Gr\u00e9cko zadarmo... |","robots":{"index":"index","follow":"follow","max-snippet":"max-snippet:-1","max-image-preview":"max-image-preview:large","max-video-preview":"max-video-preview:-1"},"canonical":"https:\/\/www.youthforequality.sk\/index.php\/2021\/09\/13\/nika-ti-povie-niekolko-dovodov-preco-a-ako-zazit-grecko-zadarmo\/","og_locale":"sk_SK","og_type":"article","og_title":"Nika Ti povie nieko\u013eko d\u00f4vodov, pre\u010do a ako za\u017ei\u0165 Gr\u00e9cko zadarmo... |","og_description":"Moje meno je Nika a pop\u00ed\u0161em ti o mojom dobrovo\u013en\u00edctve v Gr\u00e9cku, ktor\u00e9 som absolvovala v auguste v roku 2020.&nbsp; P\u00f4vodne som ani nepl\u00e1novala od\u00eds\u0165 na dobrovo\u013en\u00edctvo, ale na Erasmus st\u00e1\u017e do \u010ceska, av\u0161ak ani ja som nebola v\u00fdnimkou, ktor\u00fa by neovplyvnila pand\u00e9mia. Ke\u010f mi ozn\u00e1mili, \u017ee sa st\u00e1\u017e ru\u0161\u00ed, hne\u010f som si za\u010dala h\u013eada\u0165&hellip;&nbsp;\u010c\u00edta\u0165 viac &raquo;Nika Ti povie nieko\u013eko d\u00f4vodov, pre\u010do a ako za\u017ei\u0165 Gr\u00e9cko zadarmo&#8230;","og_url":"https:\/\/www.youthforequality.sk\/index.php\/2021\/09\/13\/nika-ti-povie-niekolko-dovodov-preco-a-ako-zazit-grecko-zadarmo\/","article_publisher":"https:\/\/www.facebook.com\/yeslovakia","article_published_time":"2021-09-13T15:29:27+00:00","article_modified_time":"2021-09-13T15:43:06+00:00","og_image":[{"width":1352,"height":1012,"url":"https:\/\/www.youthforequality.sk\/wp-content\/uploads\/2021\/09\/image8.jpg","type":"image\/jpeg"}],"author":"Diana Ja\u0161ekov\u00e1","twitter_card":"summary_large_image","twitter_misc":{"Autor":"Diana Ja\u0161ekov\u00e1","Predpokladan\u00fd \u010das \u010d\u00edtania":"3 min\u00faty"},"schema":{"@context":"https:\/\/schema.org","@graph":[{"@type":"Article","@id":"https:\/\/www.youthforequality.sk\/index.php\/2021\/09\/13\/nika-ti-povie-niekolko-dovodov-preco-a-ako-zazit-grecko-zadarmo\/#article","isPartOf":{"@id":"https:\/\/www.youthforequality.sk\/index.php\/2021\/09\/13\/nika-ti-povie-niekolko-dovodov-preco-a-ako-zazit-grecko-zadarmo\/"},"author":{"name":"Diana Ja\u0161ekov\u00e1","@id":"https:\/\/www.youthforequality.sk\/#\/schema\/person\/be8fe75a4ed9c28400bc99a029218b24"},"headline":"Nika Ti povie nieko\u013eko d\u00f4vodov, pre\u010do a ako za\u017ei\u0165 Gr\u00e9cko zadarmo&#8230;","datePublished":"2021-09-13T15:29:27+00:00","dateModified":"2021-09-13T15:43:06+00:00","mainEntityOfPage":{"@id":"https:\/\/www.youthforequality.sk\/index.php\/2021\/09\/13\/nika-ti-povie-niekolko-dovodov-preco-a-ako-zazit-grecko-zadarmo\/"},"wordCount":783,"publisher":{"@id":"https:\/\/www.youthforequality.sk\/#organization"},"image":{"@id":"https:\/\/www.youthforequality.sk\/index.php\/2021\/09\/13\/nika-ti-povie-niekolko-dovodov-preco-a-ako-zazit-grecko-zadarmo\/#primaryimage"},"thumbnailUrl":"https:\/\/www.youthforequality.sk\/wp-content\/uploads\/2021\/09\/image8.jpg","articleSection":["Blog"],"inLanguage":"sk-SK"},{"@type":"WebPage","@id":"https:\/\/www.youthforequality.sk\/index.php\/2021\/09\/13\/nika-ti-povie-niekolko-dovodov-preco-a-ako-zazit-grecko-zadarmo\/","url":"https:\/\/www.youthforequality.sk\/index.php\/2021\/09\/13\/nika-ti-povie-niekolko-dovodov-preco-a-ako-zazit-grecko-zadarmo\/","name":"Nika Ti povie nieko\u013eko d\u00f4vodov, pre\u010do a ako za\u017ei\u0165 Gr\u00e9cko zadarmo... |","isPartOf":{"@id":"https:\/\/www.youthforequality.sk\/#website"},"primaryImageOfPage":{"@id":"https:\/\/www.youthforequality.sk\/index.php\/2021\/09\/13\/nika-ti-povie-niekolko-dovodov-preco-a-ako-zazit-grecko-zadarmo\/#primaryimage"},"image":{"@id":"https:\/\/www.youthforequality.sk\/index.php\/2021\/09\/13\/nika-ti-povie-niekolko-dovodov-preco-a-ako-zazit-grecko-zadarmo\/#primaryimage"},"thumbnailUrl":"https:\/\/www.youthforequality.sk\/wp-content\/uploads\/2021\/09\/image8.jpg","datePublished":"2021-09-13T15:29:27+00:00","dateModified":"2021-09-13T15:43:06+00:00","breadcrumb":{"@id":"https:\/\/www.youthforequality.sk\/index.php\/2021\/09\/13\/nika-ti-povie-niekolko-dovodov-preco-a-ako-zazit-grecko-zadarmo\/#breadcrumb"},"inLanguage":"sk-SK","potentialAction":[{"@type":"ReadAction","target":["https:\/\/www.youthforequality.sk\/index.php\/2021\/09\/13\/nika-ti-povie-niekolko-dovodov-preco-a-ako-zazit-grecko-zadarmo\/"]}]},{"@type":"ImageObject","inLanguage":"sk-SK","@id":"https:\/\/www.youthforequality.sk\/index.php\/2021\/09\/13\/nika-ti-povie-niekolko-dovodov-preco-a-ako-zazit-grecko-zadarmo\/#primaryimage","url":"https:\/\/www.youthforequality.sk\/wp-content\/uploads\/2021\/09\/image8.jpg","contentUrl":"https:\/\/www.youthforequality.sk\/wp-content\/uploads\/2021\/09\/image8.jpg","width":1352,"height":1012},{"@type":"BreadcrumbList","@id":"https:\/\/www.youthforequality.sk\/index.php\/2021\/09\/13\/nika-ti-povie-niekolko-dovodov-preco-a-ako-zazit-grecko-zadarmo\/#breadcrumb","itemListElement":[{"@type":"ListItem","position":1,"name":"Home","item":"https:\/\/www.youthforequality.sk\/"},{"@type":"ListItem","position":2,"name":"Nika Ti povie nieko\u013eko d\u00f4vodov, pre\u010do a ako za\u017ei\u0165 Gr\u00e9cko zadarmo&#8230;"}]},{"@type":"WebSite","@id":"https:\/\/www.youthforequality.sk\/#website","url":"https:\/\/www.youthforequality.sk\/","name":"","description":"","publisher":{"@id":"https:\/\/www.youthforequality.sk\/#organization"},"potentialAction":[{"@type":"SearchAction","target":{"@type":"EntryPoint","urlTemplate":"https:\/\/www.youthforequality.sk\/?s={search_term_string}"},"query-input":{"@type":"PropertyValueSpecification","valueRequired":true,"valueName":"search_term_string"}}],"inLanguage":"sk-SK"},{"@type":"Organization","@id":"https:\/\/www.youthforequality.sk\/#organization","name":"Youth for Equality","url":"https:\/\/www.youthforequality.sk\/","logo":{"@type":"ImageObject","inLanguage":"sk-SK","@id":"https:\/\/www.youthforequality.sk\/#\/schema\/logo\/image\/","url":"https:\/\/www.youthforequality.sk\/wp-content\/uploads\/2021\/01\/vynovene-logo-nove-farby_modra-na-web.png","contentUrl":"https:\/\/www.youthforequality.sk\/wp-content\/uploads\/2021\/01\/vynovene-logo-nove-farby_modra-na-web.png","width":1,"height":1,"caption":"Youth for Equality"},"image":{"@id":"https:\/\/www.youthforequality.sk\/#\/schema\/logo\/image\/"},"sameAs":["https:\/\/www.facebook.com\/yeslovakia"]},{"@type":"Person","@id":"https:\/\/www.youthforequality.sk\/#\/schema\/person\/be8fe75a4ed9c28400bc99a029218b24","name":"Diana Ja\u0161ekov\u00e1","image":{"@type":"ImageObject","inLanguage":"sk-SK","@id":"https:\/\/secure.gravatar.com\/avatar\/8c7454049523c9673804cf321f89b38fd4fcd5aa5ad8961f32caaf292dfd996f?s=96&d=mm&r=g","url":"https:\/\/secure.gravatar.com\/avatar\/8c7454049523c9673804cf321f89b38fd4fcd5aa5ad8961f32caaf292dfd996f?s=96&d=mm&r=g","contentUrl":"https:\/\/secure.gravatar.com\/avatar\/8c7454049523c9673804cf321f89b38fd4fcd5aa5ad8961f32caaf292dfd996f?s=96&d=mm&r=g","caption":"Diana Ja\u0161ekov\u00e1"},"url":"https:\/\/www.youthforequality.sk\/index.php\/author\/diajas\/"}]}},"_links":{"self":[{"href":"https:\/\/www.youthforequality.sk\/index.php\/wp-json\/wp\/v2\/posts\/3358","targetHints":{"allow":["GET"]}}],"collection":[{"href":"https:\/\/www.youthforequality.sk\/index.php\/wp-json\/wp\/v2\/posts"}],"about":[{"href":"https:\/\/www.youthforequality.sk\/index.php\/wp-json\/wp\/v2\/types\/post"}],"author":[{"embeddable":true,"href":"https:\/\/www.youthforequality.sk\/index.php\/wp-json\/wp\/v2\/users\/2"}],"replies":[{"embeddable":true,"href":"https:\/\/www.youthforequality.sk\/index.php\/wp-json\/wp\/v2\/comments?post=3358"}],"version-history":[{"count":8,"href":"https:\/\/www.youthforequality.sk\/index.php\/wp-json\/wp\/v2\/posts\/3358\/revisions"}],"predecessor-version":[{"id":3372,"href":"https:\/\/www.youthforequality.sk\/index.php\/wp-json\/wp\/v2\/posts\/3358\/revisions\/3372"}],"wp:featuredmedia":[{"embeddable":true,"href":"https:\/\/www.youthforequality.sk\/index.php\/wp-json\/wp\/v2\/media\/3359"}],"wp:attachment":[{"href":"https:\/\/www.youthforequality.sk\/index.php\/wp-json\/wp\/v2\/media?parent=3358"}],"wp:term":[{"taxonomy":"category","embeddable":true,"href":"https:\/\/www.youthforequality.sk\/index.php\/wp-json\/wp\/v2\/categories?post=3358"},{"taxonomy":"post_tag","embeddable":true,"href":"https:\/\/www.youthforequality.sk\/index.php\/wp-json\/wp\/v2\/tags?post=3358"}],"curies":[{"name":"wp","href":"https:\/\/api.w.org\/{rel}","templated":true}]}}