{"id":3406,"date":"2021-10-06T10:11:16","date_gmt":"2021-10-06T08:11:16","guid":{"rendered":"https:\/\/www.youthforequality.sk\/?p=3406"},"modified":"2022-01-12T13:34:08","modified_gmt":"2022-01-12T12:34:08","slug":"we-are-europe-reggio-calabria-taliansko-26-11-06-12-2021","status":"publish","type":"post","link":"https:\/\/www.youthforequality.sk\/index.php\/2021\/10\/06\/we-are-europe-reggio-calabria-taliansko-26-11-06-12-2021\/","title":{"rendered":"We are Europe! | Reggio Calabria, Taliansko | 26.11. &#8211; 04.12.2021"},"content":{"rendered":"\t\t<div data-elementor-type=\"wp-post\" data-elementor-id=\"3406\" class=\"elementor elementor-3406\">\n\t\t\t\t\t\t<section class=\"elementor-section elementor-top-section elementor-element elementor-element-4c86dde elementor-section-boxed elementor-section-height-default elementor-section-height-default\" data-id=\"4c86dde\" data-element_type=\"section\" data-e-type=\"section\">\n\t\t\t\t\t\t<div class=\"elementor-container elementor-column-gap-default\">\n\t\t\t\t\t<div class=\"elementor-column elementor-col-100 elementor-top-column elementor-element elementor-element-e878bd2\" data-id=\"e878bd2\" data-element_type=\"column\" data-e-type=\"column\">\n\t\t\t<div class=\"elementor-widget-wrap elementor-element-populated\">\n\t\t\t\t\t\t<div class=\"elementor-element elementor-element-381bb13 elementor-widget elementor-widget-text-editor\" data-id=\"381bb13\" data-element_type=\"widget\" data-e-type=\"widget\" data-widget_type=\"text-editor.default\">\n\t\t\t\t<div class=\"elementor-widget-container\">\n\t\t\t\t\t\t\t\t\t<p>Ml\u00e1de\u017en\u00edcka v\u00fdmena s\u00a0n\u00e1zvom WE ARE EUROPE<span lang=\"EN-US\">!, ktor<\/span>\u00e1 sa bude kona\u0165 v\u00a0meste Reggio Calabria v\u00a0Taliansku v\u00a0d\u00e1tumoch 26.11.-04.12.2021.<\/p><p>\u00a0<\/p><p>N\u00e1pl\u0148ou tejto ml\u00e1de\u017en\u00edckej v\u00fdmeny je soci\u00e1lna integr\u00e1cia \u013eud\u00ed s\u00a0r\u00f4znych n\u00e1rodnost\u00ed z\u00a0h\u013eadiska zvy\u0161ovania tolerancie r\u00f4znorodosti \u010do sa t\u00fdka rasy, kult\u00fary, trad\u00edci\u00ed, zvykov a\u00a0\u010fal\u0161\u00edch. Budeme rozobera\u0165 t\u00e9my \u013eudsk\u00fdch pr\u00e1v, tolerancie \u010di potrebe re\u0161pektovania z\u00a0h\u013eadiska kult\u00farnych rozdielov vr\u00e1mci r\u00f4zynch n\u00e1rodnost\u00ed Eur\u00f3py aj t\u00fdch mimo Eur\u00f3py. Formou neform\u00e1lneho vzdel\u00e1vania spozn\u00e1te rozmanitos\u0165 kult\u00far \u00a0a\u00a0tie\u017e ako akt\u00edvne zast\u00e1va\u0165 potrebu tolerancie a za\u010dlenenia r\u00f4znych etnic\u00edt vr\u00e1mci spolo\u010dnosti.<\/p><p>\u00a0<\/p><p><strong>H\u013ead\u00e1me<\/strong> 5 \u00fa\u010dastn\u00edkov od 18 rokov.<\/p><p><strong>Deadline na prihl\u00e1senie: <\/strong>15.10.2021<\/p>\t\t\t\t\t\t\t\t<\/div>\n\t\t\t\t<\/div>\n\t\t\t\t\t<\/div>\n\t\t<\/div>\n\t\t\t\t\t<\/div>\n\t\t<\/section>\n\t\t\t\t<section class=\"elementor-section elementor-top-section elementor-element elementor-element-0cde48a elementor-section-boxed elementor-section-height-default elementor-section-height-default\" data-id=\"0cde48a\" data-element_type=\"section\" data-e-type=\"section\">\n\t\t\t\t\t\t<div class=\"elementor-container elementor-column-gap-default\">\n\t\t\t\t\t<div class=\"elementor-column elementor-col-100 elementor-top-column elementor-element elementor-element-2752988\" data-id=\"2752988\" data-element_type=\"column\" data-e-type=\"column\">\n\t\t\t<div class=\"elementor-widget-wrap\">\n\t\t\t\t\t\t\t<\/div>\n\t\t<\/div>\n\t\t\t\t\t<\/div>\n\t\t<\/section>\n\t\t\t\t<\/div>\n\t\t","protected":false},"excerpt":{"rendered":"<p>Ml\u00e1de\u017en\u00edcka v\u00fdmena s&nbsp;n\u00e1zvom WE ARE EUROPE!, ktor\u00e1 sa bude kona\u0165 v&nbsp;meste Reggio Calabria v&nbsp;Taliansku v&nbsp;d\u00e1tumoch 26.11.-04.12.2021. N\u00e1pl\u0148ou tejto ml\u00e1de\u017en\u00edckej v\u00fdmeny je soci\u00e1lna integr\u00e1cia \u013eud\u00ed s&nbsp;r\u00f4znych n\u00e1rodnost\u00ed z&nbsp;h\u013eadiska zvy\u0161ovania tolerancie r\u00f4znorodosti \u010do sa t\u00fdka rasy, kult\u00fary, trad\u00edci\u00ed, zvykov a&nbsp;\u010fal\u0161\u00edch. Budeme rozobera\u0165 t\u00e9my \u013eudsk\u00fdch pr\u00e1v, tolerancie \u010di potrebe re\u0161pektovania z&nbsp;h\u013eadiska kult\u00farnych rozdielov vr\u00e1mci r\u00f4zynch n\u00e1rodnost\u00ed Eur\u00f3py aj&hellip;&nbsp;<a href=\"https:\/\/www.youthforequality.sk\/index.php\/2021\/10\/06\/we-are-europe-reggio-calabria-taliansko-26-11-06-12-2021\/\" class=\"\" rel=\"bookmark\">\u010c\u00edta\u0165 viac &raquo;<span class=\"screen-reader-text\">We are Europe! | Reggio Calabria, Taliansko | 26.11. &#8211; 04.12.2021<\/span><\/a><\/p>\n","protected":false},"author":6,"featured_media":3410,"comment_status":"closed","ping_status":"open","sticky":false,"template":"","format":"standard","meta":{"_uf_show_specific_survey":0,"_uf_disable_surveys":false,"neve_meta_sidebar":"","neve_meta_container":"","neve_meta_enable_content_width":"","neve_meta_content_width":0,"neve_meta_title_alignment":"","neve_meta_author_avatar":"","neve_post_elements_order":"","neve_meta_disable_header":"","neve_meta_disable_footer":"","neve_meta_disable_title":"","_themeisle_gutenberg_block_has_review":false,"footnotes":""},"categories":[1],"tags":[],"class_list":["post-3406","post","type-post","status-publish","format-standard","has-post-thumbnail","hentry","category-uncategorized"],"yoast_head":"<!-- This site is optimized with the Yoast SEO plugin v27.4 - https:\/\/yoast.com\/product\/yoast-seo-wordpress\/ -->\n<title>We are Europe! | Reggio Calabria, Taliansko | 26.11. - 04.12.2021 |<\/title>\n<meta name=\"robots\" content=\"index, follow, max-snippet:-1, max-image-preview:large, max-video-preview:-1\" \/>\n<link rel=\"canonical\" href=\"https:\/\/www.youthforequality.sk\/index.php\/2021\/10\/06\/we-are-europe-reggio-calabria-taliansko-26-11-06-12-2021\/\" \/>\n<meta property=\"og:locale\" content=\"sk_SK\" \/>\n<meta property=\"og:type\" content=\"article\" \/>\n<meta property=\"og:title\" content=\"We are Europe! | Reggio Calabria, Taliansko | 26.11. - 04.12.2021 |\" \/>\n<meta property=\"og:description\" content=\"Ml\u00e1de\u017en\u00edcka v\u00fdmena s&nbsp;n\u00e1zvom WE ARE EUROPE!, ktor\u00e1 sa bude kona\u0165 v&nbsp;meste Reggio Calabria v&nbsp;Taliansku v&nbsp;d\u00e1tumoch 26.11.-04.12.2021. N\u00e1pl\u0148ou tejto ml\u00e1de\u017en\u00edckej v\u00fdmeny je soci\u00e1lna integr\u00e1cia \u013eud\u00ed s&nbsp;r\u00f4znych n\u00e1rodnost\u00ed z&nbsp;h\u013eadiska zvy\u0161ovania tolerancie r\u00f4znorodosti \u010do sa t\u00fdka rasy, kult\u00fary, trad\u00edci\u00ed, zvykov a&nbsp;\u010fal\u0161\u00edch. Budeme rozobera\u0165 t\u00e9my \u013eudsk\u00fdch pr\u00e1v, tolerancie \u010di potrebe re\u0161pektovania z&nbsp;h\u013eadiska kult\u00farnych rozdielov vr\u00e1mci r\u00f4zynch n\u00e1rodnost\u00ed Eur\u00f3py aj&hellip;&nbsp;\u010c\u00edta\u0165 viac &raquo;We are Europe! | Reggio Calabria, Taliansko | 26.11. &#8211; 04.12.2021\" \/>\n<meta property=\"og:url\" content=\"https:\/\/www.youthforequality.sk\/index.php\/2021\/10\/06\/we-are-europe-reggio-calabria-taliansko-26-11-06-12-2021\/\" \/>\n<meta property=\"article:publisher\" content=\"https:\/\/www.facebook.com\/yeslovakia\" \/>\n<meta property=\"article:published_time\" content=\"2021-10-06T08:11:16+00:00\" \/>\n<meta property=\"article:modified_time\" content=\"2022-01-12T12:34:08+00:00\" \/>\n<meta property=\"og:image\" content=\"https:\/\/www.youthforequality.sk\/wp-content\/uploads\/2021\/10\/Untitled-design-e1633508041238.png\" \/>\n\t<meta property=\"og:image:width\" content=\"940\" \/>\n\t<meta property=\"og:image:height\" content=\"613\" \/>\n\t<meta property=\"og:image:type\" content=\"image\/png\" \/>\n<meta name=\"author\" content=\"wiki\" \/>\n<meta name=\"twitter:card\" content=\"summary_large_image\" \/>\n<meta name=\"twitter:label1\" content=\"Autor\" \/>\n\t<meta name=\"twitter:data1\" content=\"wiki\" \/>\n\t<meta name=\"twitter:label2\" content=\"Predpokladan\u00fd \u010das \u010d\u00edtania\" \/>\n\t<meta name=\"twitter:data2\" content=\"1 min\u00fata\" \/>\n<script type=\"application\/ld+json\" class=\"yoast-schema-graph\">{\"@context\":\"https:\\\/\\\/schema.org\",\"@graph\":[{\"@type\":\"Article\",\"@id\":\"https:\\\/\\\/www.youthforequality.sk\\\/index.php\\\/2021\\\/10\\\/06\\\/we-are-europe-reggio-calabria-taliansko-26-11-06-12-2021\\\/#article\",\"isPartOf\":{\"@id\":\"https:\\\/\\\/www.youthforequality.sk\\\/index.php\\\/2021\\\/10\\\/06\\\/we-are-europe-reggio-calabria-taliansko-26-11-06-12-2021\\\/\"},\"author\":{\"name\":\"wiki\",\"@id\":\"https:\\\/\\\/www.youthforequality.sk\\\/#\\\/schema\\\/person\\\/41e987664144336433c641d34b270d1b\"},\"headline\":\"We are Europe! | Reggio Calabria, Taliansko | 26.11. &#8211; 04.12.2021\",\"datePublished\":\"2021-10-06T08:11:16+00:00\",\"dateModified\":\"2022-01-12T12:34:08+00:00\",\"mainEntityOfPage\":{\"@id\":\"https:\\\/\\\/www.youthforequality.sk\\\/index.php\\\/2021\\\/10\\\/06\\\/we-are-europe-reggio-calabria-taliansko-26-11-06-12-2021\\\/\"},\"wordCount\":159,\"publisher\":{\"@id\":\"https:\\\/\\\/www.youthforequality.sk\\\/#organization\"},\"image\":{\"@id\":\"https:\\\/\\\/www.youthforequality.sk\\\/index.php\\\/2021\\\/10\\\/06\\\/we-are-europe-reggio-calabria-taliansko-26-11-06-12-2021\\\/#primaryimage\"},\"thumbnailUrl\":\"https:\\\/\\\/www.youthforequality.sk\\\/wp-content\\\/uploads\\\/2021\\\/10\\\/Untitled-design-e1633508041238.png\",\"articleSection\":[\"Uncategorized\"],\"inLanguage\":\"sk-SK\"},{\"@type\":\"WebPage\",\"@id\":\"https:\\\/\\\/www.youthforequality.sk\\\/index.php\\\/2021\\\/10\\\/06\\\/we-are-europe-reggio-calabria-taliansko-26-11-06-12-2021\\\/\",\"url\":\"https:\\\/\\\/www.youthforequality.sk\\\/index.php\\\/2021\\\/10\\\/06\\\/we-are-europe-reggio-calabria-taliansko-26-11-06-12-2021\\\/\",\"name\":\"We are Europe! | Reggio Calabria, Taliansko | 26.11. - 04.12.2021 |\",\"isPartOf\":{\"@id\":\"https:\\\/\\\/www.youthforequality.sk\\\/#website\"},\"primaryImageOfPage\":{\"@id\":\"https:\\\/\\\/www.youthforequality.sk\\\/index.php\\\/2021\\\/10\\\/06\\\/we-are-europe-reggio-calabria-taliansko-26-11-06-12-2021\\\/#primaryimage\"},\"image\":{\"@id\":\"https:\\\/\\\/www.youthforequality.sk\\\/index.php\\\/2021\\\/10\\\/06\\\/we-are-europe-reggio-calabria-taliansko-26-11-06-12-2021\\\/#primaryimage\"},\"thumbnailUrl\":\"https:\\\/\\\/www.youthforequality.sk\\\/wp-content\\\/uploads\\\/2021\\\/10\\\/Untitled-design-e1633508041238.png\",\"datePublished\":\"2021-10-06T08:11:16+00:00\",\"dateModified\":\"2022-01-12T12:34:08+00:00\",\"breadcrumb\":{\"@id\":\"https:\\\/\\\/www.youthforequality.sk\\\/index.php\\\/2021\\\/10\\\/06\\\/we-are-europe-reggio-calabria-taliansko-26-11-06-12-2021\\\/#breadcrumb\"},\"inLanguage\":\"sk-SK\",\"potentialAction\":[{\"@type\":\"ReadAction\",\"target\":[\"https:\\\/\\\/www.youthforequality.sk\\\/index.php\\\/2021\\\/10\\\/06\\\/we-are-europe-reggio-calabria-taliansko-26-11-06-12-2021\\\/\"]}]},{\"@type\":\"ImageObject\",\"inLanguage\":\"sk-SK\",\"@id\":\"https:\\\/\\\/www.youthforequality.sk\\\/index.php\\\/2021\\\/10\\\/06\\\/we-are-europe-reggio-calabria-taliansko-26-11-06-12-2021\\\/#primaryimage\",\"url\":\"https:\\\/\\\/www.youthforequality.sk\\\/wp-content\\\/uploads\\\/2021\\\/10\\\/Untitled-design-e1633508041238.png\",\"contentUrl\":\"https:\\\/\\\/www.youthforequality.sk\\\/wp-content\\\/uploads\\\/2021\\\/10\\\/Untitled-design-e1633508041238.png\",\"width\":940,\"height\":613},{\"@type\":\"BreadcrumbList\",\"@id\":\"https:\\\/\\\/www.youthforequality.sk\\\/index.php\\\/2021\\\/10\\\/06\\\/we-are-europe-reggio-calabria-taliansko-26-11-06-12-2021\\\/#breadcrumb\",\"itemListElement\":[{\"@type\":\"ListItem\",\"position\":1,\"name\":\"Home\",\"item\":\"https:\\\/\\\/www.youthforequality.sk\\\/\"},{\"@type\":\"ListItem\",\"position\":2,\"name\":\"We are Europe! | Reggio Calabria, Taliansko | 26.11. &#8211; 04.12.2021\"}]},{\"@type\":\"WebSite\",\"@id\":\"https:\\\/\\\/www.youthforequality.sk\\\/#website\",\"url\":\"https:\\\/\\\/www.youthforequality.sk\\\/\",\"name\":\"\",\"description\":\"\",\"publisher\":{\"@id\":\"https:\\\/\\\/www.youthforequality.sk\\\/#organization\"},\"potentialAction\":[{\"@type\":\"SearchAction\",\"target\":{\"@type\":\"EntryPoint\",\"urlTemplate\":\"https:\\\/\\\/www.youthforequality.sk\\\/?s={search_term_string}\"},\"query-input\":{\"@type\":\"PropertyValueSpecification\",\"valueRequired\":true,\"valueName\":\"search_term_string\"}}],\"inLanguage\":\"sk-SK\"},{\"@type\":\"Organization\",\"@id\":\"https:\\\/\\\/www.youthforequality.sk\\\/#organization\",\"name\":\"Youth for Equality\",\"url\":\"https:\\\/\\\/www.youthforequality.sk\\\/\",\"logo\":{\"@type\":\"ImageObject\",\"inLanguage\":\"sk-SK\",\"@id\":\"https:\\\/\\\/www.youthforequality.sk\\\/#\\\/schema\\\/logo\\\/image\\\/\",\"url\":\"https:\\\/\\\/www.youthforequality.sk\\\/wp-content\\\/uploads\\\/2021\\\/01\\\/vynovene-logo-nove-farby_modra-na-web.png\",\"contentUrl\":\"https:\\\/\\\/www.youthforequality.sk\\\/wp-content\\\/uploads\\\/2021\\\/01\\\/vynovene-logo-nove-farby_modra-na-web.png\",\"width\":1,\"height\":1,\"caption\":\"Youth for Equality\"},\"image\":{\"@id\":\"https:\\\/\\\/www.youthforequality.sk\\\/#\\\/schema\\\/logo\\\/image\\\/\"},\"sameAs\":[\"https:\\\/\\\/www.facebook.com\\\/yeslovakia\"]},{\"@type\":\"Person\",\"@id\":\"https:\\\/\\\/www.youthforequality.sk\\\/#\\\/schema\\\/person\\\/41e987664144336433c641d34b270d1b\",\"name\":\"wiki\",\"image\":{\"@type\":\"ImageObject\",\"inLanguage\":\"sk-SK\",\"@id\":\"https:\\\/\\\/secure.gravatar.com\\\/avatar\\\/57cac84b94061d1af6548f41cd07cbee960ab67f3b80825c4b192af947aa3c0f?s=96&d=mm&r=g\",\"url\":\"https:\\\/\\\/secure.gravatar.com\\\/avatar\\\/57cac84b94061d1af6548f41cd07cbee960ab67f3b80825c4b192af947aa3c0f?s=96&d=mm&r=g\",\"contentUrl\":\"https:\\\/\\\/secure.gravatar.com\\\/avatar\\\/57cac84b94061d1af6548f41cd07cbee960ab67f3b80825c4b192af947aa3c0f?s=96&d=mm&r=g\",\"caption\":\"wiki\"},\"url\":\"https:\\\/\\\/www.youthforequality.sk\\\/index.php\\\/author\\\/janbor\\\/\"}]}<\/script>\n<!-- \/ Yoast SEO plugin. -->","yoast_head_json":{"title":"We are Europe! | Reggio Calabria, Taliansko | 26.11. - 04.12.2021 |","robots":{"index":"index","follow":"follow","max-snippet":"max-snippet:-1","max-image-preview":"max-image-preview:large","max-video-preview":"max-video-preview:-1"},"canonical":"https:\/\/www.youthforequality.sk\/index.php\/2021\/10\/06\/we-are-europe-reggio-calabria-taliansko-26-11-06-12-2021\/","og_locale":"sk_SK","og_type":"article","og_title":"We are Europe! | Reggio Calabria, Taliansko | 26.11. - 04.12.2021 |","og_description":"Ml\u00e1de\u017en\u00edcka v\u00fdmena s&nbsp;n\u00e1zvom WE ARE EUROPE!, ktor\u00e1 sa bude kona\u0165 v&nbsp;meste Reggio Calabria v&nbsp;Taliansku v&nbsp;d\u00e1tumoch 26.11.-04.12.2021. N\u00e1pl\u0148ou tejto ml\u00e1de\u017en\u00edckej v\u00fdmeny je soci\u00e1lna integr\u00e1cia \u013eud\u00ed s&nbsp;r\u00f4znych n\u00e1rodnost\u00ed z&nbsp;h\u013eadiska zvy\u0161ovania tolerancie r\u00f4znorodosti \u010do sa t\u00fdka rasy, kult\u00fary, trad\u00edci\u00ed, zvykov a&nbsp;\u010fal\u0161\u00edch. Budeme rozobera\u0165 t\u00e9my \u013eudsk\u00fdch pr\u00e1v, tolerancie \u010di potrebe re\u0161pektovania z&nbsp;h\u013eadiska kult\u00farnych rozdielov vr\u00e1mci r\u00f4zynch n\u00e1rodnost\u00ed Eur\u00f3py aj&hellip;&nbsp;\u010c\u00edta\u0165 viac &raquo;We are Europe! | Reggio Calabria, Taliansko | 26.11. &#8211; 04.12.2021","og_url":"https:\/\/www.youthforequality.sk\/index.php\/2021\/10\/06\/we-are-europe-reggio-calabria-taliansko-26-11-06-12-2021\/","article_publisher":"https:\/\/www.facebook.com\/yeslovakia","article_published_time":"2021-10-06T08:11:16+00:00","article_modified_time":"2022-01-12T12:34:08+00:00","og_image":[{"width":940,"height":613,"url":"https:\/\/www.youthforequality.sk\/wp-content\/uploads\/2021\/10\/Untitled-design-e1633508041238.png","type":"image\/png"}],"author":"wiki","twitter_card":"summary_large_image","twitter_misc":{"Autor":"wiki","Predpokladan\u00fd \u010das \u010d\u00edtania":"1 min\u00fata"},"schema":{"@context":"https:\/\/schema.org","@graph":[{"@type":"Article","@id":"https:\/\/www.youthforequality.sk\/index.php\/2021\/10\/06\/we-are-europe-reggio-calabria-taliansko-26-11-06-12-2021\/#article","isPartOf":{"@id":"https:\/\/www.youthforequality.sk\/index.php\/2021\/10\/06\/we-are-europe-reggio-calabria-taliansko-26-11-06-12-2021\/"},"author":{"name":"wiki","@id":"https:\/\/www.youthforequality.sk\/#\/schema\/person\/41e987664144336433c641d34b270d1b"},"headline":"We are Europe! | Reggio Calabria, Taliansko | 26.11. &#8211; 04.12.2021","datePublished":"2021-10-06T08:11:16+00:00","dateModified":"2022-01-12T12:34:08+00:00","mainEntityOfPage":{"@id":"https:\/\/www.youthforequality.sk\/index.php\/2021\/10\/06\/we-are-europe-reggio-calabria-taliansko-26-11-06-12-2021\/"},"wordCount":159,"publisher":{"@id":"https:\/\/www.youthforequality.sk\/#organization"},"image":{"@id":"https:\/\/www.youthforequality.sk\/index.php\/2021\/10\/06\/we-are-europe-reggio-calabria-taliansko-26-11-06-12-2021\/#primaryimage"},"thumbnailUrl":"https:\/\/www.youthforequality.sk\/wp-content\/uploads\/2021\/10\/Untitled-design-e1633508041238.png","articleSection":["Uncategorized"],"inLanguage":"sk-SK"},{"@type":"WebPage","@id":"https:\/\/www.youthforequality.sk\/index.php\/2021\/10\/06\/we-are-europe-reggio-calabria-taliansko-26-11-06-12-2021\/","url":"https:\/\/www.youthforequality.sk\/index.php\/2021\/10\/06\/we-are-europe-reggio-calabria-taliansko-26-11-06-12-2021\/","name":"We are Europe! | Reggio Calabria, Taliansko | 26.11. - 04.12.2021 |","isPartOf":{"@id":"https:\/\/www.youthforequality.sk\/#website"},"primaryImageOfPage":{"@id":"https:\/\/www.youthforequality.sk\/index.php\/2021\/10\/06\/we-are-europe-reggio-calabria-taliansko-26-11-06-12-2021\/#primaryimage"},"image":{"@id":"https:\/\/www.youthforequality.sk\/index.php\/2021\/10\/06\/we-are-europe-reggio-calabria-taliansko-26-11-06-12-2021\/#primaryimage"},"thumbnailUrl":"https:\/\/www.youthforequality.sk\/wp-content\/uploads\/2021\/10\/Untitled-design-e1633508041238.png","datePublished":"2021-10-06T08:11:16+00:00","dateModified":"2022-01-12T12:34:08+00:00","breadcrumb":{"@id":"https:\/\/www.youthforequality.sk\/index.php\/2021\/10\/06\/we-are-europe-reggio-calabria-taliansko-26-11-06-12-2021\/#breadcrumb"},"inLanguage":"sk-SK","potentialAction":[{"@type":"ReadAction","target":["https:\/\/www.youthforequality.sk\/index.php\/2021\/10\/06\/we-are-europe-reggio-calabria-taliansko-26-11-06-12-2021\/"]}]},{"@type":"ImageObject","inLanguage":"sk-SK","@id":"https:\/\/www.youthforequality.sk\/index.php\/2021\/10\/06\/we-are-europe-reggio-calabria-taliansko-26-11-06-12-2021\/#primaryimage","url":"https:\/\/www.youthforequality.sk\/wp-content\/uploads\/2021\/10\/Untitled-design-e1633508041238.png","contentUrl":"https:\/\/www.youthforequality.sk\/wp-content\/uploads\/2021\/10\/Untitled-design-e1633508041238.png","width":940,"height":613},{"@type":"BreadcrumbList","@id":"https:\/\/www.youthforequality.sk\/index.php\/2021\/10\/06\/we-are-europe-reggio-calabria-taliansko-26-11-06-12-2021\/#breadcrumb","itemListElement":[{"@type":"ListItem","position":1,"name":"Home","item":"https:\/\/www.youthforequality.sk\/"},{"@type":"ListItem","position":2,"name":"We are Europe! | Reggio Calabria, Taliansko | 26.11. &#8211; 04.12.2021"}]},{"@type":"WebSite","@id":"https:\/\/www.youthforequality.sk\/#website","url":"https:\/\/www.youthforequality.sk\/","name":"","description":"","publisher":{"@id":"https:\/\/www.youthforequality.sk\/#organization"},"potentialAction":[{"@type":"SearchAction","target":{"@type":"EntryPoint","urlTemplate":"https:\/\/www.youthforequality.sk\/?s={search_term_string}"},"query-input":{"@type":"PropertyValueSpecification","valueRequired":true,"valueName":"search_term_string"}}],"inLanguage":"sk-SK"},{"@type":"Organization","@id":"https:\/\/www.youthforequality.sk\/#organization","name":"Youth for Equality","url":"https:\/\/www.youthforequality.sk\/","logo":{"@type":"ImageObject","inLanguage":"sk-SK","@id":"https:\/\/www.youthforequality.sk\/#\/schema\/logo\/image\/","url":"https:\/\/www.youthforequality.sk\/wp-content\/uploads\/2021\/01\/vynovene-logo-nove-farby_modra-na-web.png","contentUrl":"https:\/\/www.youthforequality.sk\/wp-content\/uploads\/2021\/01\/vynovene-logo-nove-farby_modra-na-web.png","width":1,"height":1,"caption":"Youth for Equality"},"image":{"@id":"https:\/\/www.youthforequality.sk\/#\/schema\/logo\/image\/"},"sameAs":["https:\/\/www.facebook.com\/yeslovakia"]},{"@type":"Person","@id":"https:\/\/www.youthforequality.sk\/#\/schema\/person\/41e987664144336433c641d34b270d1b","name":"wiki","image":{"@type":"ImageObject","inLanguage":"sk-SK","@id":"https:\/\/secure.gravatar.com\/avatar\/57cac84b94061d1af6548f41cd07cbee960ab67f3b80825c4b192af947aa3c0f?s=96&d=mm&r=g","url":"https:\/\/secure.gravatar.com\/avatar\/57cac84b94061d1af6548f41cd07cbee960ab67f3b80825c4b192af947aa3c0f?s=96&d=mm&r=g","contentUrl":"https:\/\/secure.gravatar.com\/avatar\/57cac84b94061d1af6548f41cd07cbee960ab67f3b80825c4b192af947aa3c0f?s=96&d=mm&r=g","caption":"wiki"},"url":"https:\/\/www.youthforequality.sk\/index.php\/author\/janbor\/"}]}},"_links":{"self":[{"href":"https:\/\/www.youthforequality.sk\/index.php\/wp-json\/wp\/v2\/posts\/3406","targetHints":{"allow":["GET"]}}],"collection":[{"href":"https:\/\/www.youthforequality.sk\/index.php\/wp-json\/wp\/v2\/posts"}],"about":[{"href":"https:\/\/www.youthforequality.sk\/index.php\/wp-json\/wp\/v2\/types\/post"}],"author":[{"embeddable":true,"href":"https:\/\/www.youthforequality.sk\/index.php\/wp-json\/wp\/v2\/users\/6"}],"replies":[{"embeddable":true,"href":"https:\/\/www.youthforequality.sk\/index.php\/wp-json\/wp\/v2\/comments?post=3406"}],"version-history":[{"count":11,"href":"https:\/\/www.youthforequality.sk\/index.php\/wp-json\/wp\/v2\/posts\/3406\/revisions"}],"predecessor-version":[{"id":3419,"href":"https:\/\/www.youthforequality.sk\/index.php\/wp-json\/wp\/v2\/posts\/3406\/revisions\/3419"}],"wp:featuredmedia":[{"embeddable":true,"href":"https:\/\/www.youthforequality.sk\/index.php\/wp-json\/wp\/v2\/media\/3410"}],"wp:attachment":[{"href":"https:\/\/www.youthforequality.sk\/index.php\/wp-json\/wp\/v2\/media?parent=3406"}],"wp:term":[{"taxonomy":"category","embeddable":true,"href":"https:\/\/www.youthforequality.sk\/index.php\/wp-json\/wp\/v2\/categories?post=3406"},{"taxonomy":"post_tag","embeddable":true,"href":"https:\/\/www.youthforequality.sk\/index.php\/wp-json\/wp\/v2\/tags?post=3406"}],"curies":[{"name":"wp","href":"https:\/\/api.w.org\/{rel}","templated":true}]}}