{"id":3431,"date":"2021-10-20T14:29:44","date_gmt":"2021-10-20T12:29:44","guid":{"rendered":"https:\/\/www.youthforequality.sk\/?p=3431"},"modified":"2021-10-20T14:47:52","modified_gmt":"2021-10-20T12:47:52","slug":"spolocne-sme-sapretancovali-do-zdravsieho-zivotneho-stylu","status":"publish","type":"post","link":"https:\/\/www.youthforequality.sk\/index.php\/2021\/10\/20\/spolocne-sme-sapretancovali-do-zdravsieho-zivotneho-stylu\/","title":{"rendered":"&#8222;Spolo\u010dne sme sa pretancovali do zdrav\u0161ieho \u017eivotn\u00e9ho \u0161t\u00fdlu.&#8220;"},"content":{"rendered":"\t\t<div data-elementor-type=\"wp-post\" data-elementor-id=\"3431\" class=\"elementor elementor-3431\">\n\t\t\t\t\t\t<section class=\"elementor-section elementor-top-section elementor-element elementor-element-c2b5786 elementor-section-boxed elementor-section-height-default elementor-section-height-default\" data-id=\"c2b5786\" data-element_type=\"section\" data-e-type=\"section\">\n\t\t\t\t\t\t<div class=\"elementor-container elementor-column-gap-default\">\n\t\t\t\t\t<div class=\"elementor-column elementor-col-100 elementor-top-column elementor-element elementor-element-b7c38c9\" data-id=\"b7c38c9\" data-element_type=\"column\" data-e-type=\"column\">\n\t\t\t<div class=\"elementor-widget-wrap elementor-element-populated\">\n\t\t\t\t\t\t<div class=\"elementor-element elementor-element-0e8d74f elementor-widget elementor-widget-text-editor\" data-id=\"0e8d74f\" data-element_type=\"widget\" data-e-type=\"widget\" data-widget_type=\"text-editor.default\">\n\t\t\t\t<div class=\"elementor-widget-container\">\n\t\t\t\t\t\t\t\t\t<p>Prv\u00fd okt\u00f3brov\u00fd t\u00fd\u017ede\u0148 sme str\u00e1vili na kr\u00e1snej Kr\u00e9te v meste\u010dku<\/p><p>Chania. Bol to jeden z naj\u00fa\u017easnej\u0161\u00edch z\u00e1\u017eitkov ak\u00e9 m\u00e1m. Lep\u0161iu t\u00e9mu<\/p><p>projektu som si ani nemohla predstavi\u0165 a samozrejme bolo to aj o<\/p><p>\u013eudoch. Stretli sme sa skupiny z r\u00f4znych kraj\u00edn, Slovenska, Litvy,<\/p><p>Portugalska, Gr\u00e9cka, Tuniska, po\u010das cel\u00e9ho projektu sme boli na<\/p><p>rovnakej vlne a stali sme sa na 9 dn\u00ed ve\u013ekou rodinou.<\/p><p>U\u017e ako n\u00e1zov projektu napoved\u00e1, z\u00fa\u010dastnili sme sa projektu o<\/p><p>zdravom \u017eivotnom \u0161t\u00fdle, ktor\u00fd bol zameran\u00fd hlavne na pohyb, cvi\u010denie<\/p><p>Zumby so mnou a obrovsk\u00e9 mno\u017estvo workshopov o zdravej strave, o<\/p><p>dobr\u00fdch a zl\u00fdch n\u00e1vykoch, o zdravotn\u00fdch rizik\u00e1ch pri nedostatku<\/p><p>pohybu a jednotliv\u00fdch \u0161portoch v krajin\u00e1ch odkia\u013e sme poch\u00e1dzali a<\/p><p>diskutovali sme na r\u00f4zne tematiky ako bojova\u0165 proti obezite a pod.<\/p><p>Cvi\u010denie Zumby perfektne spestrilo workshopy a zahnalo \u00fanavu z<\/p><p>no\u010dn\u00e9ho \u017eivota \ud83d\ude42 \u00da\u010dastn\u00edci si mohli vysk\u00fa\u0161a\u0165 aj AquaZumbu v baz\u00e9ne,<\/p><p>po\u010dasie n\u00e1m prialo aj v okt\u00f3bri. Na konci tohto projektu sme spolu<\/p><p>vytvorili v meste Chania flashmob, ktor\u00fd sa vydaril na 1*. Dostali sme sa<\/p><p>dokonca aj do lok\u00e1lnej TV, kde s nami robili rozhovor a v\u00fdsledkom bola<\/p><p>kr\u00e1tka report\u00e1\u017e.<\/p><p>Mali sme \u010das aj na v\u00fdlet na pl\u00e1\u017e, ktor\u00e1 bola k\u00fasok od ubytovania a<\/p><p>z\u00e1rove\u0148 sme mali priestor aj na v\u00fdlet do in\u00fdch miest na Kr\u00e9te. Spolo\u010dne<\/p><p>sme si pripravili kult\u00farnu noc, kde ka\u017ed\u00e1 krajina odprezentovala svoje<\/p><p>zvyky a trad\u00edcie. Taktie\u017e n\u00e1s neminula ani karaoke noc pri bare. Za<\/p><p>t\u00fdchto 9 dn\u00ed sme za\u017eili toho to\u013eko ako keby sme tam boli mesiac.<\/p><p>Odniesli sme si kopec inform\u00e1cii, sk\u00fasenost\u00ed, zlep\u0161ili sme sa v jazyku a<\/p><p>teraz m\u00e1me priate\u013eov aj v in\u00fdch k\u00fatoch sveta. Spolo\u010dne sme sa<\/p><p>pretancovali do zdrav\u0161ieho \u017eivotn\u00e9ho \u0161t\u00fdlu, na ktor\u00fd nikdy nezabudnem.<\/p><p>Chcela by som sa ve\u013emi pekne po\u010fakova\u0165 za oslovenie do tohto<\/p><p>projektu, odpor\u00fa\u010dam v\u0161etk\u00fdmi desiatimi a pri najbli\u017e\u0161ej pr\u00edle\u017eitosti idem<\/p><p>znovu! \ud83d\ude42<\/p><p><br><\/p><p>S l\u00e1skou Michaela (Mily) Haspra<\/p><p>&#8222;World is our dance floor&#8220;<\/p>\t\t\t\t\t\t\t\t<\/div>\n\t\t\t\t<\/div>\n\t\t\t\t\t<\/div>\n\t\t<\/div>\n\t\t\t\t\t<\/div>\n\t\t<\/section>\n\t\t\t\t<\/div>\n\t\t","protected":false},"excerpt":{"rendered":"<p>Prv\u00fd okt\u00f3brov\u00fd t\u00fd\u017ede\u0148 sme str\u00e1vili na kr\u00e1snej Kr\u00e9te v meste\u010dku Chania. Bol to jeden z naj\u00fa\u017easnej\u0161\u00edch z\u00e1\u017eitkov ak\u00e9 m\u00e1m. Lep\u0161iu t\u00e9mu projektu som si ani nemohla predstavi\u0165 a samozrejme bolo to aj o \u013eudoch. Stretli sme sa skupiny z r\u00f4znych kraj\u00edn, Slovenska, Litvy, Portugalska, Gr\u00e9cka, Tuniska, po\u010das cel\u00e9ho projektu sme boli na rovnakej vlne a&hellip;&nbsp;<a href=\"https:\/\/www.youthforequality.sk\/index.php\/2021\/10\/20\/spolocne-sme-sapretancovali-do-zdravsieho-zivotneho-stylu\/\" class=\"\" rel=\"bookmark\">\u010c\u00edta\u0165 viac &raquo;<span class=\"screen-reader-text\">&#8222;Spolo\u010dne sme sa pretancovali do zdrav\u0161ieho \u017eivotn\u00e9ho \u0161t\u00fdlu.&#8220;<\/span><\/a><\/p>\n","protected":false},"author":6,"featured_media":3435,"comment_status":"closed","ping_status":"open","sticky":false,"template":"","format":"standard","meta":{"_uf_show_specific_survey":0,"_uf_disable_surveys":false,"neve_meta_sidebar":"","neve_meta_container":"","neve_meta_enable_content_width":"","neve_meta_content_width":0,"neve_meta_title_alignment":"","neve_meta_author_avatar":"","neve_post_elements_order":"","neve_meta_disable_header":"","neve_meta_disable_footer":"","neve_meta_disable_title":"","_themeisle_gutenberg_block_has_review":false,"footnotes":""},"categories":[3],"tags":[],"class_list":["post-3431","post","type-post","status-publish","format-standard","has-post-thumbnail","hentry","category-blog"],"yoast_head":"<!-- This site is optimized with the Yoast SEO plugin v27.4 - https:\/\/yoast.com\/product\/yoast-seo-wordpress\/ -->\n<title>&quot;Spolo\u010dne sme sa pretancovali do zdrav\u0161ieho \u017eivotn\u00e9ho \u0161t\u00fdlu.&quot; |<\/title>\n<meta name=\"robots\" content=\"index, follow, max-snippet:-1, max-image-preview:large, max-video-preview:-1\" \/>\n<link rel=\"canonical\" href=\"https:\/\/www.youthforequality.sk\/index.php\/2021\/10\/20\/spolocne-sme-sapretancovali-do-zdravsieho-zivotneho-stylu\/\" \/>\n<meta property=\"og:locale\" content=\"sk_SK\" \/>\n<meta property=\"og:type\" content=\"article\" \/>\n<meta property=\"og:title\" content=\"&quot;Spolo\u010dne sme sa pretancovali do zdrav\u0161ieho \u017eivotn\u00e9ho \u0161t\u00fdlu.&quot; |\" \/>\n<meta property=\"og:description\" content=\"Prv\u00fd okt\u00f3brov\u00fd t\u00fd\u017ede\u0148 sme str\u00e1vili na kr\u00e1snej Kr\u00e9te v meste\u010dku Chania. Bol to jeden z naj\u00fa\u017easnej\u0161\u00edch z\u00e1\u017eitkov ak\u00e9 m\u00e1m. Lep\u0161iu t\u00e9mu projektu som si ani nemohla predstavi\u0165 a samozrejme bolo to aj o \u013eudoch. Stretli sme sa skupiny z r\u00f4znych kraj\u00edn, Slovenska, Litvy, Portugalska, Gr\u00e9cka, Tuniska, po\u010das cel\u00e9ho projektu sme boli na rovnakej vlne a&hellip;&nbsp;\u010c\u00edta\u0165 viac &raquo;&#8222;Spolo\u010dne sme sa pretancovali do zdrav\u0161ieho \u017eivotn\u00e9ho \u0161t\u00fdlu.&#8220;\" \/>\n<meta property=\"og:url\" content=\"https:\/\/www.youthforequality.sk\/index.php\/2021\/10\/20\/spolocne-sme-sapretancovali-do-zdravsieho-zivotneho-stylu\/\" \/>\n<meta property=\"article:publisher\" content=\"https:\/\/www.facebook.com\/yeslovakia\" \/>\n<meta property=\"article:published_time\" content=\"2021-10-20T12:29:44+00:00\" \/>\n<meta property=\"article:modified_time\" content=\"2021-10-20T12:47:52+00:00\" \/>\n<meta property=\"og:image\" content=\"https:\/\/www.youthforequality.sk\/wp-content\/uploads\/2021\/10\/245807977_1218823445266694_3589897348475746664_n-scaled.jpg\" \/>\n\t<meta property=\"og:image:width\" content=\"2560\" \/>\n\t<meta property=\"og:image:height\" content=\"2159\" \/>\n\t<meta property=\"og:image:type\" content=\"image\/jpeg\" \/>\n<meta name=\"author\" content=\"wiki\" \/>\n<meta name=\"twitter:card\" content=\"summary_large_image\" \/>\n<meta name=\"twitter:label1\" content=\"Autor\" \/>\n\t<meta name=\"twitter:data1\" content=\"wiki\" \/>\n\t<meta name=\"twitter:label2\" content=\"Predpokladan\u00fd \u010das \u010d\u00edtania\" \/>\n\t<meta name=\"twitter:data2\" content=\"2 min\u00faty\" \/>\n<script type=\"application\/ld+json\" class=\"yoast-schema-graph\">{\"@context\":\"https:\\\/\\\/schema.org\",\"@graph\":[{\"@type\":\"Article\",\"@id\":\"https:\\\/\\\/www.youthforequality.sk\\\/index.php\\\/2021\\\/10\\\/20\\\/spolocne-sme-sapretancovali-do-zdravsieho-zivotneho-stylu\\\/#article\",\"isPartOf\":{\"@id\":\"https:\\\/\\\/www.youthforequality.sk\\\/index.php\\\/2021\\\/10\\\/20\\\/spolocne-sme-sapretancovali-do-zdravsieho-zivotneho-stylu\\\/\"},\"author\":{\"name\":\"wiki\",\"@id\":\"https:\\\/\\\/www.youthforequality.sk\\\/#\\\/schema\\\/person\\\/41e987664144336433c641d34b270d1b\"},\"headline\":\"&#8222;Spolo\u010dne sme sa pretancovali do zdrav\u0161ieho \u017eivotn\u00e9ho \u0161t\u00fdlu.&#8220;\",\"datePublished\":\"2021-10-20T12:29:44+00:00\",\"dateModified\":\"2021-10-20T12:47:52+00:00\",\"mainEntityOfPage\":{\"@id\":\"https:\\\/\\\/www.youthforequality.sk\\\/index.php\\\/2021\\\/10\\\/20\\\/spolocne-sme-sapretancovali-do-zdravsieho-zivotneho-stylu\\\/\"},\"wordCount\":395,\"publisher\":{\"@id\":\"https:\\\/\\\/www.youthforequality.sk\\\/#organization\"},\"image\":{\"@id\":\"https:\\\/\\\/www.youthforequality.sk\\\/index.php\\\/2021\\\/10\\\/20\\\/spolocne-sme-sapretancovali-do-zdravsieho-zivotneho-stylu\\\/#primaryimage\"},\"thumbnailUrl\":\"https:\\\/\\\/www.youthforequality.sk\\\/wp-content\\\/uploads\\\/2021\\\/10\\\/245807977_1218823445266694_3589897348475746664_n-scaled.jpg\",\"articleSection\":[\"Blog\"],\"inLanguage\":\"sk-SK\"},{\"@type\":\"WebPage\",\"@id\":\"https:\\\/\\\/www.youthforequality.sk\\\/index.php\\\/2021\\\/10\\\/20\\\/spolocne-sme-sapretancovali-do-zdravsieho-zivotneho-stylu\\\/\",\"url\":\"https:\\\/\\\/www.youthforequality.sk\\\/index.php\\\/2021\\\/10\\\/20\\\/spolocne-sme-sapretancovali-do-zdravsieho-zivotneho-stylu\\\/\",\"name\":\"\\\"Spolo\u010dne sme sa pretancovali do zdrav\u0161ieho \u017eivotn\u00e9ho \u0161t\u00fdlu.\\\" |\",\"isPartOf\":{\"@id\":\"https:\\\/\\\/www.youthforequality.sk\\\/#website\"},\"primaryImageOfPage\":{\"@id\":\"https:\\\/\\\/www.youthforequality.sk\\\/index.php\\\/2021\\\/10\\\/20\\\/spolocne-sme-sapretancovali-do-zdravsieho-zivotneho-stylu\\\/#primaryimage\"},\"image\":{\"@id\":\"https:\\\/\\\/www.youthforequality.sk\\\/index.php\\\/2021\\\/10\\\/20\\\/spolocne-sme-sapretancovali-do-zdravsieho-zivotneho-stylu\\\/#primaryimage\"},\"thumbnailUrl\":\"https:\\\/\\\/www.youthforequality.sk\\\/wp-content\\\/uploads\\\/2021\\\/10\\\/245807977_1218823445266694_3589897348475746664_n-scaled.jpg\",\"datePublished\":\"2021-10-20T12:29:44+00:00\",\"dateModified\":\"2021-10-20T12:47:52+00:00\",\"breadcrumb\":{\"@id\":\"https:\\\/\\\/www.youthforequality.sk\\\/index.php\\\/2021\\\/10\\\/20\\\/spolocne-sme-sapretancovali-do-zdravsieho-zivotneho-stylu\\\/#breadcrumb\"},\"inLanguage\":\"sk-SK\",\"potentialAction\":[{\"@type\":\"ReadAction\",\"target\":[\"https:\\\/\\\/www.youthforequality.sk\\\/index.php\\\/2021\\\/10\\\/20\\\/spolocne-sme-sapretancovali-do-zdravsieho-zivotneho-stylu\\\/\"]}]},{\"@type\":\"ImageObject\",\"inLanguage\":\"sk-SK\",\"@id\":\"https:\\\/\\\/www.youthforequality.sk\\\/index.php\\\/2021\\\/10\\\/20\\\/spolocne-sme-sapretancovali-do-zdravsieho-zivotneho-stylu\\\/#primaryimage\",\"url\":\"https:\\\/\\\/www.youthforequality.sk\\\/wp-content\\\/uploads\\\/2021\\\/10\\\/245807977_1218823445266694_3589897348475746664_n-scaled.jpg\",\"contentUrl\":\"https:\\\/\\\/www.youthforequality.sk\\\/wp-content\\\/uploads\\\/2021\\\/10\\\/245807977_1218823445266694_3589897348475746664_n-scaled.jpg\",\"width\":2560,\"height\":2159},{\"@type\":\"BreadcrumbList\",\"@id\":\"https:\\\/\\\/www.youthforequality.sk\\\/index.php\\\/2021\\\/10\\\/20\\\/spolocne-sme-sapretancovali-do-zdravsieho-zivotneho-stylu\\\/#breadcrumb\",\"itemListElement\":[{\"@type\":\"ListItem\",\"position\":1,\"name\":\"Home\",\"item\":\"https:\\\/\\\/www.youthforequality.sk\\\/\"},{\"@type\":\"ListItem\",\"position\":2,\"name\":\"&#8222;Spolo\u010dne sme sa pretancovali do zdrav\u0161ieho \u017eivotn\u00e9ho \u0161t\u00fdlu.&#8220;\"}]},{\"@type\":\"WebSite\",\"@id\":\"https:\\\/\\\/www.youthforequality.sk\\\/#website\",\"url\":\"https:\\\/\\\/www.youthforequality.sk\\\/\",\"name\":\"\",\"description\":\"\",\"publisher\":{\"@id\":\"https:\\\/\\\/www.youthforequality.sk\\\/#organization\"},\"potentialAction\":[{\"@type\":\"SearchAction\",\"target\":{\"@type\":\"EntryPoint\",\"urlTemplate\":\"https:\\\/\\\/www.youthforequality.sk\\\/?s={search_term_string}\"},\"query-input\":{\"@type\":\"PropertyValueSpecification\",\"valueRequired\":true,\"valueName\":\"search_term_string\"}}],\"inLanguage\":\"sk-SK\"},{\"@type\":\"Organization\",\"@id\":\"https:\\\/\\\/www.youthforequality.sk\\\/#organization\",\"name\":\"Youth for Equality\",\"url\":\"https:\\\/\\\/www.youthforequality.sk\\\/\",\"logo\":{\"@type\":\"ImageObject\",\"inLanguage\":\"sk-SK\",\"@id\":\"https:\\\/\\\/www.youthforequality.sk\\\/#\\\/schema\\\/logo\\\/image\\\/\",\"url\":\"https:\\\/\\\/www.youthforequality.sk\\\/wp-content\\\/uploads\\\/2021\\\/01\\\/vynovene-logo-nove-farby_modra-na-web.png\",\"contentUrl\":\"https:\\\/\\\/www.youthforequality.sk\\\/wp-content\\\/uploads\\\/2021\\\/01\\\/vynovene-logo-nove-farby_modra-na-web.png\",\"width\":1,\"height\":1,\"caption\":\"Youth for Equality\"},\"image\":{\"@id\":\"https:\\\/\\\/www.youthforequality.sk\\\/#\\\/schema\\\/logo\\\/image\\\/\"},\"sameAs\":[\"https:\\\/\\\/www.facebook.com\\\/yeslovakia\"]},{\"@type\":\"Person\",\"@id\":\"https:\\\/\\\/www.youthforequality.sk\\\/#\\\/schema\\\/person\\\/41e987664144336433c641d34b270d1b\",\"name\":\"wiki\",\"image\":{\"@type\":\"ImageObject\",\"inLanguage\":\"sk-SK\",\"@id\":\"https:\\\/\\\/secure.gravatar.com\\\/avatar\\\/57cac84b94061d1af6548f41cd07cbee960ab67f3b80825c4b192af947aa3c0f?s=96&d=mm&r=g\",\"url\":\"https:\\\/\\\/secure.gravatar.com\\\/avatar\\\/57cac84b94061d1af6548f41cd07cbee960ab67f3b80825c4b192af947aa3c0f?s=96&d=mm&r=g\",\"contentUrl\":\"https:\\\/\\\/secure.gravatar.com\\\/avatar\\\/57cac84b94061d1af6548f41cd07cbee960ab67f3b80825c4b192af947aa3c0f?s=96&d=mm&r=g\",\"caption\":\"wiki\"},\"url\":\"https:\\\/\\\/www.youthforequality.sk\\\/index.php\\\/author\\\/janbor\\\/\"}]}<\/script>\n<!-- \/ Yoast SEO plugin. -->","yoast_head_json":{"title":"\"Spolo\u010dne sme sa pretancovali do zdrav\u0161ieho \u017eivotn\u00e9ho \u0161t\u00fdlu.\" |","robots":{"index":"index","follow":"follow","max-snippet":"max-snippet:-1","max-image-preview":"max-image-preview:large","max-video-preview":"max-video-preview:-1"},"canonical":"https:\/\/www.youthforequality.sk\/index.php\/2021\/10\/20\/spolocne-sme-sapretancovali-do-zdravsieho-zivotneho-stylu\/","og_locale":"sk_SK","og_type":"article","og_title":"\"Spolo\u010dne sme sa pretancovali do zdrav\u0161ieho \u017eivotn\u00e9ho \u0161t\u00fdlu.\" |","og_description":"Prv\u00fd okt\u00f3brov\u00fd t\u00fd\u017ede\u0148 sme str\u00e1vili na kr\u00e1snej Kr\u00e9te v meste\u010dku Chania. Bol to jeden z naj\u00fa\u017easnej\u0161\u00edch z\u00e1\u017eitkov ak\u00e9 m\u00e1m. Lep\u0161iu t\u00e9mu projektu som si ani nemohla predstavi\u0165 a samozrejme bolo to aj o \u013eudoch. Stretli sme sa skupiny z r\u00f4znych kraj\u00edn, Slovenska, Litvy, Portugalska, Gr\u00e9cka, Tuniska, po\u010das cel\u00e9ho projektu sme boli na rovnakej vlne a&hellip;&nbsp;\u010c\u00edta\u0165 viac &raquo;&#8222;Spolo\u010dne sme sa pretancovali do zdrav\u0161ieho \u017eivotn\u00e9ho \u0161t\u00fdlu.&#8220;","og_url":"https:\/\/www.youthforequality.sk\/index.php\/2021\/10\/20\/spolocne-sme-sapretancovali-do-zdravsieho-zivotneho-stylu\/","article_publisher":"https:\/\/www.facebook.com\/yeslovakia","article_published_time":"2021-10-20T12:29:44+00:00","article_modified_time":"2021-10-20T12:47:52+00:00","og_image":[{"width":2560,"height":2159,"url":"https:\/\/www.youthforequality.sk\/wp-content\/uploads\/2021\/10\/245807977_1218823445266694_3589897348475746664_n-scaled.jpg","type":"image\/jpeg"}],"author":"wiki","twitter_card":"summary_large_image","twitter_misc":{"Autor":"wiki","Predpokladan\u00fd \u010das \u010d\u00edtania":"2 min\u00faty"},"schema":{"@context":"https:\/\/schema.org","@graph":[{"@type":"Article","@id":"https:\/\/www.youthforequality.sk\/index.php\/2021\/10\/20\/spolocne-sme-sapretancovali-do-zdravsieho-zivotneho-stylu\/#article","isPartOf":{"@id":"https:\/\/www.youthforequality.sk\/index.php\/2021\/10\/20\/spolocne-sme-sapretancovali-do-zdravsieho-zivotneho-stylu\/"},"author":{"name":"wiki","@id":"https:\/\/www.youthforequality.sk\/#\/schema\/person\/41e987664144336433c641d34b270d1b"},"headline":"&#8222;Spolo\u010dne sme sa pretancovali do zdrav\u0161ieho \u017eivotn\u00e9ho \u0161t\u00fdlu.&#8220;","datePublished":"2021-10-20T12:29:44+00:00","dateModified":"2021-10-20T12:47:52+00:00","mainEntityOfPage":{"@id":"https:\/\/www.youthforequality.sk\/index.php\/2021\/10\/20\/spolocne-sme-sapretancovali-do-zdravsieho-zivotneho-stylu\/"},"wordCount":395,"publisher":{"@id":"https:\/\/www.youthforequality.sk\/#organization"},"image":{"@id":"https:\/\/www.youthforequality.sk\/index.php\/2021\/10\/20\/spolocne-sme-sapretancovali-do-zdravsieho-zivotneho-stylu\/#primaryimage"},"thumbnailUrl":"https:\/\/www.youthforequality.sk\/wp-content\/uploads\/2021\/10\/245807977_1218823445266694_3589897348475746664_n-scaled.jpg","articleSection":["Blog"],"inLanguage":"sk-SK"},{"@type":"WebPage","@id":"https:\/\/www.youthforequality.sk\/index.php\/2021\/10\/20\/spolocne-sme-sapretancovali-do-zdravsieho-zivotneho-stylu\/","url":"https:\/\/www.youthforequality.sk\/index.php\/2021\/10\/20\/spolocne-sme-sapretancovali-do-zdravsieho-zivotneho-stylu\/","name":"\"Spolo\u010dne sme sa pretancovali do zdrav\u0161ieho \u017eivotn\u00e9ho \u0161t\u00fdlu.\" |","isPartOf":{"@id":"https:\/\/www.youthforequality.sk\/#website"},"primaryImageOfPage":{"@id":"https:\/\/www.youthforequality.sk\/index.php\/2021\/10\/20\/spolocne-sme-sapretancovali-do-zdravsieho-zivotneho-stylu\/#primaryimage"},"image":{"@id":"https:\/\/www.youthforequality.sk\/index.php\/2021\/10\/20\/spolocne-sme-sapretancovali-do-zdravsieho-zivotneho-stylu\/#primaryimage"},"thumbnailUrl":"https:\/\/www.youthforequality.sk\/wp-content\/uploads\/2021\/10\/245807977_1218823445266694_3589897348475746664_n-scaled.jpg","datePublished":"2021-10-20T12:29:44+00:00","dateModified":"2021-10-20T12:47:52+00:00","breadcrumb":{"@id":"https:\/\/www.youthforequality.sk\/index.php\/2021\/10\/20\/spolocne-sme-sapretancovali-do-zdravsieho-zivotneho-stylu\/#breadcrumb"},"inLanguage":"sk-SK","potentialAction":[{"@type":"ReadAction","target":["https:\/\/www.youthforequality.sk\/index.php\/2021\/10\/20\/spolocne-sme-sapretancovali-do-zdravsieho-zivotneho-stylu\/"]}]},{"@type":"ImageObject","inLanguage":"sk-SK","@id":"https:\/\/www.youthforequality.sk\/index.php\/2021\/10\/20\/spolocne-sme-sapretancovali-do-zdravsieho-zivotneho-stylu\/#primaryimage","url":"https:\/\/www.youthforequality.sk\/wp-content\/uploads\/2021\/10\/245807977_1218823445266694_3589897348475746664_n-scaled.jpg","contentUrl":"https:\/\/www.youthforequality.sk\/wp-content\/uploads\/2021\/10\/245807977_1218823445266694_3589897348475746664_n-scaled.jpg","width":2560,"height":2159},{"@type":"BreadcrumbList","@id":"https:\/\/www.youthforequality.sk\/index.php\/2021\/10\/20\/spolocne-sme-sapretancovali-do-zdravsieho-zivotneho-stylu\/#breadcrumb","itemListElement":[{"@type":"ListItem","position":1,"name":"Home","item":"https:\/\/www.youthforequality.sk\/"},{"@type":"ListItem","position":2,"name":"&#8222;Spolo\u010dne sme sa pretancovali do zdrav\u0161ieho \u017eivotn\u00e9ho \u0161t\u00fdlu.&#8220;"}]},{"@type":"WebSite","@id":"https:\/\/www.youthforequality.sk\/#website","url":"https:\/\/www.youthforequality.sk\/","name":"","description":"","publisher":{"@id":"https:\/\/www.youthforequality.sk\/#organization"},"potentialAction":[{"@type":"SearchAction","target":{"@type":"EntryPoint","urlTemplate":"https:\/\/www.youthforequality.sk\/?s={search_term_string}"},"query-input":{"@type":"PropertyValueSpecification","valueRequired":true,"valueName":"search_term_string"}}],"inLanguage":"sk-SK"},{"@type":"Organization","@id":"https:\/\/www.youthforequality.sk\/#organization","name":"Youth for Equality","url":"https:\/\/www.youthforequality.sk\/","logo":{"@type":"ImageObject","inLanguage":"sk-SK","@id":"https:\/\/www.youthforequality.sk\/#\/schema\/logo\/image\/","url":"https:\/\/www.youthforequality.sk\/wp-content\/uploads\/2021\/01\/vynovene-logo-nove-farby_modra-na-web.png","contentUrl":"https:\/\/www.youthforequality.sk\/wp-content\/uploads\/2021\/01\/vynovene-logo-nove-farby_modra-na-web.png","width":1,"height":1,"caption":"Youth for Equality"},"image":{"@id":"https:\/\/www.youthforequality.sk\/#\/schema\/logo\/image\/"},"sameAs":["https:\/\/www.facebook.com\/yeslovakia"]},{"@type":"Person","@id":"https:\/\/www.youthforequality.sk\/#\/schema\/person\/41e987664144336433c641d34b270d1b","name":"wiki","image":{"@type":"ImageObject","inLanguage":"sk-SK","@id":"https:\/\/secure.gravatar.com\/avatar\/57cac84b94061d1af6548f41cd07cbee960ab67f3b80825c4b192af947aa3c0f?s=96&d=mm&r=g","url":"https:\/\/secure.gravatar.com\/avatar\/57cac84b94061d1af6548f41cd07cbee960ab67f3b80825c4b192af947aa3c0f?s=96&d=mm&r=g","contentUrl":"https:\/\/secure.gravatar.com\/avatar\/57cac84b94061d1af6548f41cd07cbee960ab67f3b80825c4b192af947aa3c0f?s=96&d=mm&r=g","caption":"wiki"},"url":"https:\/\/www.youthforequality.sk\/index.php\/author\/janbor\/"}]}},"_links":{"self":[{"href":"https:\/\/www.youthforequality.sk\/index.php\/wp-json\/wp\/v2\/posts\/3431","targetHints":{"allow":["GET"]}}],"collection":[{"href":"https:\/\/www.youthforequality.sk\/index.php\/wp-json\/wp\/v2\/posts"}],"about":[{"href":"https:\/\/www.youthforequality.sk\/index.php\/wp-json\/wp\/v2\/types\/post"}],"author":[{"embeddable":true,"href":"https:\/\/www.youthforequality.sk\/index.php\/wp-json\/wp\/v2\/users\/6"}],"replies":[{"embeddable":true,"href":"https:\/\/www.youthforequality.sk\/index.php\/wp-json\/wp\/v2\/comments?post=3431"}],"version-history":[{"count":5,"href":"https:\/\/www.youthforequality.sk\/index.php\/wp-json\/wp\/v2\/posts\/3431\/revisions"}],"predecessor-version":[{"id":3438,"href":"https:\/\/www.youthforequality.sk\/index.php\/wp-json\/wp\/v2\/posts\/3431\/revisions\/3438"}],"wp:featuredmedia":[{"embeddable":true,"href":"https:\/\/www.youthforequality.sk\/index.php\/wp-json\/wp\/v2\/media\/3435"}],"wp:attachment":[{"href":"https:\/\/www.youthforequality.sk\/index.php\/wp-json\/wp\/v2\/media?parent=3431"}],"wp:term":[{"taxonomy":"category","embeddable":true,"href":"https:\/\/www.youthforequality.sk\/index.php\/wp-json\/wp\/v2\/categories?post=3431"},{"taxonomy":"post_tag","embeddable":true,"href":"https:\/\/www.youthforequality.sk\/index.php\/wp-json\/wp\/v2\/tags?post=3431"}],"curies":[{"name":"wp","href":"https:\/\/api.w.org\/{rel}","templated":true}]}}