{"id":3439,"date":"2021-10-26T17:16:15","date_gmt":"2021-10-26T15:16:15","guid":{"rendered":"https:\/\/www.youthforequality.sk\/?p=3439"},"modified":"2022-01-10T12:34:08","modified_gmt":"2022-01-10T11:34:08","slug":"silence-hate-berlin-germany-02-09-10-2021","status":"publish","type":"post","link":"https:\/\/www.youthforequality.sk\/index.php\/2021\/10\/26\/silence-hate-berlin-germany-02-09-10-2021\/","title":{"rendered":"Silence Hate | Berlin, Nemecko | 02. \u2013 09. 12. 2021"},"content":{"rendered":"\t\t<div data-elementor-type=\"wp-post\" data-elementor-id=\"3439\" class=\"elementor elementor-3439\">\n\t\t\t\t\t\t<section class=\"elementor-section elementor-top-section elementor-element elementor-element-a068101 elementor-section-boxed elementor-section-height-default elementor-section-height-default\" data-id=\"a068101\" data-element_type=\"section\" data-e-type=\"section\">\n\t\t\t\t\t\t<div class=\"elementor-container elementor-column-gap-default\">\n\t\t\t\t\t<div class=\"elementor-column elementor-col-100 elementor-top-column elementor-element elementor-element-28af243\" data-id=\"28af243\" data-element_type=\"column\" data-e-type=\"column\">\n\t\t\t<div class=\"elementor-widget-wrap elementor-element-populated\">\n\t\t\t\t\t\t<div class=\"elementor-element elementor-element-5cfeb7a elementor-widget elementor-widget-text-editor\" data-id=\"5cfeb7a\" data-element_type=\"widget\" data-e-type=\"widget\" data-widget_type=\"text-editor.default\">\n\t\t\t\t<div class=\"elementor-widget-container\">\n\t\t\t\t\t\t\t\t\t<p>Medzin\u00e1rodn\u00e9 \u0161kolenie v\u00a0Berl\u00edne je pre t\u00fdch, ktor\u00fdch zauj\u00edma t\u00e9ma \u201ehate speech\u201c tzn. prejav, ktor\u00fd \u0161\u00edri a\u00a0podnecuje nen\u00e1vis\u0165 vo\u010di istej skupine \u013eud\u00ed, a\u00a0to hlavne v\u00a0online svete. \u00da\u010dastn\u00edci sa nau\u010dia zru\u010dnosti a\u00a0vedomosti ako argumentova\u0165 na tak\u00fdto prejav a\u00a0dostan\u00fa n\u00e1stroje ako s\u00a0t\u00fdm pracova\u0165 vr\u00e1mci svojej profesie.<\/p><p>\u00a0<\/p><p>Tr\u00e9ning bude hos\u0165ova\u0165 \u00fa\u010dastn\u00edkov z 8 kraj\u00edn a samozrejmos\u0165ou je, \u017ee vyu\u017e\u00edva metodol\u00f3giu neform\u00e1lneho vzdel\u00e1vania. V\u00fddavky ako cestovn\u00e9, ubytovanie a strava s\u00fa zastre\u0161n\u00e9 programom Erasmus+.<\/p><p>\u00a0<\/p><p>\u0160kolenie je ur\u010den\u00e9 hlavne pracovn\u00edkom s\u00a0ml\u00e1de\u017eou, ktor\u00fdch sa dot\u00fdka t\u00e9ma \u013eudsk\u00fdch pr\u00e1v a\u00a0t\u00e9ma nen\u00e1vistn\u00fdch prejavov na internete.<\/p><p>\u00a0<\/p><p>Te\u0161\u00edme sa na Va\u0161e prihl\u00e1\u0161ky do 31.10.<\/p>\t\t\t\t\t\t\t\t<\/div>\n\t\t\t\t<\/div>\n\t\t\t\t\t<\/div>\n\t\t<\/div>\n\t\t\t\t\t<\/div>\n\t\t<\/section>\n\t\t\t\t<\/div>\n\t\t","protected":false},"excerpt":{"rendered":"<p>Medzin\u00e1rodn\u00e9 \u0161kolenie v&nbsp;Berl\u00edne je pre t\u00fdch, ktor\u00fdch zauj\u00edma t\u00e9ma \u201ehate speech\u201c tzn. prejav, ktor\u00fd \u0161\u00edri a&nbsp;podnecuje nen\u00e1vis\u0165 vo\u010di istej skupine \u013eud\u00ed, a&nbsp;to hlavne v&nbsp;online svete. \u00da\u010dastn\u00edci sa nau\u010dia zru\u010dnosti a&nbsp;vedomosti ako argumentova\u0165 na tak\u00fdto prejav a&nbsp;dostan\u00fa n\u00e1stroje ako s&nbsp;t\u00fdm pracova\u0165 vr\u00e1mci svojej profesie. Tr\u00e9ning bude hos\u0165ova\u0165 \u00fa\u010dastn\u00edkov z 8 kraj\u00edn a samozrejmos\u0165ou je, \u017ee vyu\u017e\u00edva&hellip;&nbsp;<a href=\"https:\/\/www.youthforequality.sk\/index.php\/2021\/10\/26\/silence-hate-berlin-germany-02-09-10-2021\/\" class=\"\" rel=\"bookmark\">\u010c\u00edta\u0165 viac &raquo;<span class=\"screen-reader-text\">Silence Hate | Berlin, Nemecko | 02. \u2013 09. 12. 2021<\/span><\/a><\/p>\n","protected":false},"author":6,"featured_media":3443,"comment_status":"closed","ping_status":"open","sticky":false,"template":"","format":"standard","meta":{"_uf_show_specific_survey":0,"_uf_disable_surveys":false,"neve_meta_sidebar":"","neve_meta_container":"","neve_meta_enable_content_width":"","neve_meta_content_width":0,"neve_meta_title_alignment":"","neve_meta_author_avatar":"","neve_post_elements_order":"","neve_meta_disable_header":"","neve_meta_disable_footer":"","neve_meta_disable_title":"","_themeisle_gutenberg_block_has_review":false,"footnotes":""},"categories":[1],"tags":[],"class_list":["post-3439","post","type-post","status-publish","format-standard","has-post-thumbnail","hentry","category-uncategorized"],"yoast_head":"<!-- This site is optimized with the Yoast SEO plugin v27.4 - https:\/\/yoast.com\/product\/yoast-seo-wordpress\/ -->\n<title>Silence Hate | Berlin, Nemecko | 02. \u2013 09. 12. 2021 |<\/title>\n<meta name=\"robots\" content=\"index, follow, max-snippet:-1, max-image-preview:large, max-video-preview:-1\" \/>\n<link rel=\"canonical\" href=\"https:\/\/www.youthforequality.sk\/index.php\/2021\/10\/26\/silence-hate-berlin-germany-02-09-10-2021\/\" \/>\n<meta property=\"og:locale\" content=\"sk_SK\" \/>\n<meta property=\"og:type\" content=\"article\" \/>\n<meta property=\"og:title\" content=\"Silence Hate | Berlin, Nemecko | 02. \u2013 09. 12. 2021 |\" \/>\n<meta property=\"og:description\" content=\"Medzin\u00e1rodn\u00e9 \u0161kolenie v&nbsp;Berl\u00edne je pre t\u00fdch, ktor\u00fdch zauj\u00edma t\u00e9ma \u201ehate speech\u201c tzn. prejav, ktor\u00fd \u0161\u00edri a&nbsp;podnecuje nen\u00e1vis\u0165 vo\u010di istej skupine \u013eud\u00ed, a&nbsp;to hlavne v&nbsp;online svete. \u00da\u010dastn\u00edci sa nau\u010dia zru\u010dnosti a&nbsp;vedomosti ako argumentova\u0165 na tak\u00fdto prejav a&nbsp;dostan\u00fa n\u00e1stroje ako s&nbsp;t\u00fdm pracova\u0165 vr\u00e1mci svojej profesie. Tr\u00e9ning bude hos\u0165ova\u0165 \u00fa\u010dastn\u00edkov z 8 kraj\u00edn a samozrejmos\u0165ou je, \u017ee vyu\u017e\u00edva&hellip;&nbsp;\u010c\u00edta\u0165 viac &raquo;Silence Hate | Berlin, Nemecko | 02. \u2013 09. 12. 2021\" \/>\n<meta property=\"og:url\" content=\"https:\/\/www.youthforequality.sk\/index.php\/2021\/10\/26\/silence-hate-berlin-germany-02-09-10-2021\/\" \/>\n<meta property=\"article:publisher\" content=\"https:\/\/www.facebook.com\/yeslovakia\" \/>\n<meta property=\"article:published_time\" content=\"2021-10-26T15:16:15+00:00\" \/>\n<meta property=\"article:modified_time\" content=\"2022-01-10T11:34:08+00:00\" \/>\n<meta property=\"og:image\" content=\"https:\/\/www.youthforequality.sk\/wp-content\/uploads\/2021\/10\/Silent-hate-FB-post.png\" \/>\n\t<meta property=\"og:image:width\" content=\"940\" \/>\n\t<meta property=\"og:image:height\" content=\"788\" \/>\n\t<meta property=\"og:image:type\" content=\"image\/png\" \/>\n<meta name=\"author\" content=\"wiki\" \/>\n<meta name=\"twitter:card\" content=\"summary_large_image\" \/>\n<meta name=\"twitter:label1\" content=\"Autor\" \/>\n\t<meta name=\"twitter:data1\" content=\"wiki\" \/>\n\t<meta name=\"twitter:label2\" content=\"Predpokladan\u00fd \u010das \u010d\u00edtania\" \/>\n\t<meta name=\"twitter:data2\" content=\"1 min\u00fata\" \/>\n<script type=\"application\/ld+json\" class=\"yoast-schema-graph\">{\"@context\":\"https:\\\/\\\/schema.org\",\"@graph\":[{\"@type\":\"Article\",\"@id\":\"https:\\\/\\\/www.youthforequality.sk\\\/index.php\\\/2021\\\/10\\\/26\\\/silence-hate-berlin-germany-02-09-10-2021\\\/#article\",\"isPartOf\":{\"@id\":\"https:\\\/\\\/www.youthforequality.sk\\\/index.php\\\/2021\\\/10\\\/26\\\/silence-hate-berlin-germany-02-09-10-2021\\\/\"},\"author\":{\"name\":\"wiki\",\"@id\":\"https:\\\/\\\/www.youthforequality.sk\\\/#\\\/schema\\\/person\\\/41e987664144336433c641d34b270d1b\"},\"headline\":\"Silence Hate | Berlin, Nemecko | 02. \u2013 09. 12. 2021\",\"datePublished\":\"2021-10-26T15:16:15+00:00\",\"dateModified\":\"2022-01-10T11:34:08+00:00\",\"mainEntityOfPage\":{\"@id\":\"https:\\\/\\\/www.youthforequality.sk\\\/index.php\\\/2021\\\/10\\\/26\\\/silence-hate-berlin-germany-02-09-10-2021\\\/\"},\"wordCount\":153,\"publisher\":{\"@id\":\"https:\\\/\\\/www.youthforequality.sk\\\/#organization\"},\"image\":{\"@id\":\"https:\\\/\\\/www.youthforequality.sk\\\/index.php\\\/2021\\\/10\\\/26\\\/silence-hate-berlin-germany-02-09-10-2021\\\/#primaryimage\"},\"thumbnailUrl\":\"https:\\\/\\\/www.youthforequality.sk\\\/wp-content\\\/uploads\\\/2021\\\/10\\\/Silent-hate-FB-post.png\",\"articleSection\":[\"Uncategorized\"],\"inLanguage\":\"sk-SK\"},{\"@type\":\"WebPage\",\"@id\":\"https:\\\/\\\/www.youthforequality.sk\\\/index.php\\\/2021\\\/10\\\/26\\\/silence-hate-berlin-germany-02-09-10-2021\\\/\",\"url\":\"https:\\\/\\\/www.youthforequality.sk\\\/index.php\\\/2021\\\/10\\\/26\\\/silence-hate-berlin-germany-02-09-10-2021\\\/\",\"name\":\"Silence Hate | Berlin, Nemecko | 02. \u2013 09. 12. 2021 |\",\"isPartOf\":{\"@id\":\"https:\\\/\\\/www.youthforequality.sk\\\/#website\"},\"primaryImageOfPage\":{\"@id\":\"https:\\\/\\\/www.youthforequality.sk\\\/index.php\\\/2021\\\/10\\\/26\\\/silence-hate-berlin-germany-02-09-10-2021\\\/#primaryimage\"},\"image\":{\"@id\":\"https:\\\/\\\/www.youthforequality.sk\\\/index.php\\\/2021\\\/10\\\/26\\\/silence-hate-berlin-germany-02-09-10-2021\\\/#primaryimage\"},\"thumbnailUrl\":\"https:\\\/\\\/www.youthforequality.sk\\\/wp-content\\\/uploads\\\/2021\\\/10\\\/Silent-hate-FB-post.png\",\"datePublished\":\"2021-10-26T15:16:15+00:00\",\"dateModified\":\"2022-01-10T11:34:08+00:00\",\"breadcrumb\":{\"@id\":\"https:\\\/\\\/www.youthforequality.sk\\\/index.php\\\/2021\\\/10\\\/26\\\/silence-hate-berlin-germany-02-09-10-2021\\\/#breadcrumb\"},\"inLanguage\":\"sk-SK\",\"potentialAction\":[{\"@type\":\"ReadAction\",\"target\":[\"https:\\\/\\\/www.youthforequality.sk\\\/index.php\\\/2021\\\/10\\\/26\\\/silence-hate-berlin-germany-02-09-10-2021\\\/\"]}]},{\"@type\":\"ImageObject\",\"inLanguage\":\"sk-SK\",\"@id\":\"https:\\\/\\\/www.youthforequality.sk\\\/index.php\\\/2021\\\/10\\\/26\\\/silence-hate-berlin-germany-02-09-10-2021\\\/#primaryimage\",\"url\":\"https:\\\/\\\/www.youthforequality.sk\\\/wp-content\\\/uploads\\\/2021\\\/10\\\/Silent-hate-FB-post.png\",\"contentUrl\":\"https:\\\/\\\/www.youthforequality.sk\\\/wp-content\\\/uploads\\\/2021\\\/10\\\/Silent-hate-FB-post.png\",\"width\":940,\"height\":788},{\"@type\":\"BreadcrumbList\",\"@id\":\"https:\\\/\\\/www.youthforequality.sk\\\/index.php\\\/2021\\\/10\\\/26\\\/silence-hate-berlin-germany-02-09-10-2021\\\/#breadcrumb\",\"itemListElement\":[{\"@type\":\"ListItem\",\"position\":1,\"name\":\"Home\",\"item\":\"https:\\\/\\\/www.youthforequality.sk\\\/\"},{\"@type\":\"ListItem\",\"position\":2,\"name\":\"Silence Hate | Berlin, Nemecko | 02. \u2013 09. 12. 2021\"}]},{\"@type\":\"WebSite\",\"@id\":\"https:\\\/\\\/www.youthforequality.sk\\\/#website\",\"url\":\"https:\\\/\\\/www.youthforequality.sk\\\/\",\"name\":\"\",\"description\":\"\",\"publisher\":{\"@id\":\"https:\\\/\\\/www.youthforequality.sk\\\/#organization\"},\"potentialAction\":[{\"@type\":\"SearchAction\",\"target\":{\"@type\":\"EntryPoint\",\"urlTemplate\":\"https:\\\/\\\/www.youthforequality.sk\\\/?s={search_term_string}\"},\"query-input\":{\"@type\":\"PropertyValueSpecification\",\"valueRequired\":true,\"valueName\":\"search_term_string\"}}],\"inLanguage\":\"sk-SK\"},{\"@type\":\"Organization\",\"@id\":\"https:\\\/\\\/www.youthforequality.sk\\\/#organization\",\"name\":\"Youth for Equality\",\"url\":\"https:\\\/\\\/www.youthforequality.sk\\\/\",\"logo\":{\"@type\":\"ImageObject\",\"inLanguage\":\"sk-SK\",\"@id\":\"https:\\\/\\\/www.youthforequality.sk\\\/#\\\/schema\\\/logo\\\/image\\\/\",\"url\":\"https:\\\/\\\/www.youthforequality.sk\\\/wp-content\\\/uploads\\\/2021\\\/01\\\/vynovene-logo-nove-farby_modra-na-web.png\",\"contentUrl\":\"https:\\\/\\\/www.youthforequality.sk\\\/wp-content\\\/uploads\\\/2021\\\/01\\\/vynovene-logo-nove-farby_modra-na-web.png\",\"width\":1,\"height\":1,\"caption\":\"Youth for Equality\"},\"image\":{\"@id\":\"https:\\\/\\\/www.youthforequality.sk\\\/#\\\/schema\\\/logo\\\/image\\\/\"},\"sameAs\":[\"https:\\\/\\\/www.facebook.com\\\/yeslovakia\"]},{\"@type\":\"Person\",\"@id\":\"https:\\\/\\\/www.youthforequality.sk\\\/#\\\/schema\\\/person\\\/41e987664144336433c641d34b270d1b\",\"name\":\"wiki\",\"image\":{\"@type\":\"ImageObject\",\"inLanguage\":\"sk-SK\",\"@id\":\"https:\\\/\\\/secure.gravatar.com\\\/avatar\\\/57cac84b94061d1af6548f41cd07cbee960ab67f3b80825c4b192af947aa3c0f?s=96&d=mm&r=g\",\"url\":\"https:\\\/\\\/secure.gravatar.com\\\/avatar\\\/57cac84b94061d1af6548f41cd07cbee960ab67f3b80825c4b192af947aa3c0f?s=96&d=mm&r=g\",\"contentUrl\":\"https:\\\/\\\/secure.gravatar.com\\\/avatar\\\/57cac84b94061d1af6548f41cd07cbee960ab67f3b80825c4b192af947aa3c0f?s=96&d=mm&r=g\",\"caption\":\"wiki\"},\"url\":\"https:\\\/\\\/www.youthforequality.sk\\\/index.php\\\/author\\\/janbor\\\/\"}]}<\/script>\n<!-- \/ Yoast SEO plugin. -->","yoast_head_json":{"title":"Silence Hate | Berlin, Nemecko | 02. \u2013 09. 12. 2021 |","robots":{"index":"index","follow":"follow","max-snippet":"max-snippet:-1","max-image-preview":"max-image-preview:large","max-video-preview":"max-video-preview:-1"},"canonical":"https:\/\/www.youthforequality.sk\/index.php\/2021\/10\/26\/silence-hate-berlin-germany-02-09-10-2021\/","og_locale":"sk_SK","og_type":"article","og_title":"Silence Hate | Berlin, Nemecko | 02. \u2013 09. 12. 2021 |","og_description":"Medzin\u00e1rodn\u00e9 \u0161kolenie v&nbsp;Berl\u00edne je pre t\u00fdch, ktor\u00fdch zauj\u00edma t\u00e9ma \u201ehate speech\u201c tzn. prejav, ktor\u00fd \u0161\u00edri a&nbsp;podnecuje nen\u00e1vis\u0165 vo\u010di istej skupine \u013eud\u00ed, a&nbsp;to hlavne v&nbsp;online svete. \u00da\u010dastn\u00edci sa nau\u010dia zru\u010dnosti a&nbsp;vedomosti ako argumentova\u0165 na tak\u00fdto prejav a&nbsp;dostan\u00fa n\u00e1stroje ako s&nbsp;t\u00fdm pracova\u0165 vr\u00e1mci svojej profesie. Tr\u00e9ning bude hos\u0165ova\u0165 \u00fa\u010dastn\u00edkov z 8 kraj\u00edn a samozrejmos\u0165ou je, \u017ee vyu\u017e\u00edva&hellip;&nbsp;\u010c\u00edta\u0165 viac &raquo;Silence Hate | Berlin, Nemecko | 02. \u2013 09. 12. 2021","og_url":"https:\/\/www.youthforequality.sk\/index.php\/2021\/10\/26\/silence-hate-berlin-germany-02-09-10-2021\/","article_publisher":"https:\/\/www.facebook.com\/yeslovakia","article_published_time":"2021-10-26T15:16:15+00:00","article_modified_time":"2022-01-10T11:34:08+00:00","og_image":[{"width":940,"height":788,"url":"https:\/\/www.youthforequality.sk\/wp-content\/uploads\/2021\/10\/Silent-hate-FB-post.png","type":"image\/png"}],"author":"wiki","twitter_card":"summary_large_image","twitter_misc":{"Autor":"wiki","Predpokladan\u00fd \u010das \u010d\u00edtania":"1 min\u00fata"},"schema":{"@context":"https:\/\/schema.org","@graph":[{"@type":"Article","@id":"https:\/\/www.youthforequality.sk\/index.php\/2021\/10\/26\/silence-hate-berlin-germany-02-09-10-2021\/#article","isPartOf":{"@id":"https:\/\/www.youthforequality.sk\/index.php\/2021\/10\/26\/silence-hate-berlin-germany-02-09-10-2021\/"},"author":{"name":"wiki","@id":"https:\/\/www.youthforequality.sk\/#\/schema\/person\/41e987664144336433c641d34b270d1b"},"headline":"Silence Hate | Berlin, Nemecko | 02. \u2013 09. 12. 2021","datePublished":"2021-10-26T15:16:15+00:00","dateModified":"2022-01-10T11:34:08+00:00","mainEntityOfPage":{"@id":"https:\/\/www.youthforequality.sk\/index.php\/2021\/10\/26\/silence-hate-berlin-germany-02-09-10-2021\/"},"wordCount":153,"publisher":{"@id":"https:\/\/www.youthforequality.sk\/#organization"},"image":{"@id":"https:\/\/www.youthforequality.sk\/index.php\/2021\/10\/26\/silence-hate-berlin-germany-02-09-10-2021\/#primaryimage"},"thumbnailUrl":"https:\/\/www.youthforequality.sk\/wp-content\/uploads\/2021\/10\/Silent-hate-FB-post.png","articleSection":["Uncategorized"],"inLanguage":"sk-SK"},{"@type":"WebPage","@id":"https:\/\/www.youthforequality.sk\/index.php\/2021\/10\/26\/silence-hate-berlin-germany-02-09-10-2021\/","url":"https:\/\/www.youthforequality.sk\/index.php\/2021\/10\/26\/silence-hate-berlin-germany-02-09-10-2021\/","name":"Silence Hate | Berlin, Nemecko | 02. \u2013 09. 12. 2021 |","isPartOf":{"@id":"https:\/\/www.youthforequality.sk\/#website"},"primaryImageOfPage":{"@id":"https:\/\/www.youthforequality.sk\/index.php\/2021\/10\/26\/silence-hate-berlin-germany-02-09-10-2021\/#primaryimage"},"image":{"@id":"https:\/\/www.youthforequality.sk\/index.php\/2021\/10\/26\/silence-hate-berlin-germany-02-09-10-2021\/#primaryimage"},"thumbnailUrl":"https:\/\/www.youthforequality.sk\/wp-content\/uploads\/2021\/10\/Silent-hate-FB-post.png","datePublished":"2021-10-26T15:16:15+00:00","dateModified":"2022-01-10T11:34:08+00:00","breadcrumb":{"@id":"https:\/\/www.youthforequality.sk\/index.php\/2021\/10\/26\/silence-hate-berlin-germany-02-09-10-2021\/#breadcrumb"},"inLanguage":"sk-SK","potentialAction":[{"@type":"ReadAction","target":["https:\/\/www.youthforequality.sk\/index.php\/2021\/10\/26\/silence-hate-berlin-germany-02-09-10-2021\/"]}]},{"@type":"ImageObject","inLanguage":"sk-SK","@id":"https:\/\/www.youthforequality.sk\/index.php\/2021\/10\/26\/silence-hate-berlin-germany-02-09-10-2021\/#primaryimage","url":"https:\/\/www.youthforequality.sk\/wp-content\/uploads\/2021\/10\/Silent-hate-FB-post.png","contentUrl":"https:\/\/www.youthforequality.sk\/wp-content\/uploads\/2021\/10\/Silent-hate-FB-post.png","width":940,"height":788},{"@type":"BreadcrumbList","@id":"https:\/\/www.youthforequality.sk\/index.php\/2021\/10\/26\/silence-hate-berlin-germany-02-09-10-2021\/#breadcrumb","itemListElement":[{"@type":"ListItem","position":1,"name":"Home","item":"https:\/\/www.youthforequality.sk\/"},{"@type":"ListItem","position":2,"name":"Silence Hate | Berlin, Nemecko | 02. \u2013 09. 12. 2021"}]},{"@type":"WebSite","@id":"https:\/\/www.youthforequality.sk\/#website","url":"https:\/\/www.youthforequality.sk\/","name":"","description":"","publisher":{"@id":"https:\/\/www.youthforequality.sk\/#organization"},"potentialAction":[{"@type":"SearchAction","target":{"@type":"EntryPoint","urlTemplate":"https:\/\/www.youthforequality.sk\/?s={search_term_string}"},"query-input":{"@type":"PropertyValueSpecification","valueRequired":true,"valueName":"search_term_string"}}],"inLanguage":"sk-SK"},{"@type":"Organization","@id":"https:\/\/www.youthforequality.sk\/#organization","name":"Youth for Equality","url":"https:\/\/www.youthforequality.sk\/","logo":{"@type":"ImageObject","inLanguage":"sk-SK","@id":"https:\/\/www.youthforequality.sk\/#\/schema\/logo\/image\/","url":"https:\/\/www.youthforequality.sk\/wp-content\/uploads\/2021\/01\/vynovene-logo-nove-farby_modra-na-web.png","contentUrl":"https:\/\/www.youthforequality.sk\/wp-content\/uploads\/2021\/01\/vynovene-logo-nove-farby_modra-na-web.png","width":1,"height":1,"caption":"Youth for Equality"},"image":{"@id":"https:\/\/www.youthforequality.sk\/#\/schema\/logo\/image\/"},"sameAs":["https:\/\/www.facebook.com\/yeslovakia"]},{"@type":"Person","@id":"https:\/\/www.youthforequality.sk\/#\/schema\/person\/41e987664144336433c641d34b270d1b","name":"wiki","image":{"@type":"ImageObject","inLanguage":"sk-SK","@id":"https:\/\/secure.gravatar.com\/avatar\/57cac84b94061d1af6548f41cd07cbee960ab67f3b80825c4b192af947aa3c0f?s=96&d=mm&r=g","url":"https:\/\/secure.gravatar.com\/avatar\/57cac84b94061d1af6548f41cd07cbee960ab67f3b80825c4b192af947aa3c0f?s=96&d=mm&r=g","contentUrl":"https:\/\/secure.gravatar.com\/avatar\/57cac84b94061d1af6548f41cd07cbee960ab67f3b80825c4b192af947aa3c0f?s=96&d=mm&r=g","caption":"wiki"},"url":"https:\/\/www.youthforequality.sk\/index.php\/author\/janbor\/"}]}},"_links":{"self":[{"href":"https:\/\/www.youthforequality.sk\/index.php\/wp-json\/wp\/v2\/posts\/3439","targetHints":{"allow":["GET"]}}],"collection":[{"href":"https:\/\/www.youthforequality.sk\/index.php\/wp-json\/wp\/v2\/posts"}],"about":[{"href":"https:\/\/www.youthforequality.sk\/index.php\/wp-json\/wp\/v2\/types\/post"}],"author":[{"embeddable":true,"href":"https:\/\/www.youthforequality.sk\/index.php\/wp-json\/wp\/v2\/users\/6"}],"replies":[{"embeddable":true,"href":"https:\/\/www.youthforequality.sk\/index.php\/wp-json\/wp\/v2\/comments?post=3439"}],"version-history":[{"count":5,"href":"https:\/\/www.youthforequality.sk\/index.php\/wp-json\/wp\/v2\/posts\/3439\/revisions"}],"predecessor-version":[{"id":3445,"href":"https:\/\/www.youthforequality.sk\/index.php\/wp-json\/wp\/v2\/posts\/3439\/revisions\/3445"}],"wp:featuredmedia":[{"embeddable":true,"href":"https:\/\/www.youthforequality.sk\/index.php\/wp-json\/wp\/v2\/media\/3443"}],"wp:attachment":[{"href":"https:\/\/www.youthforequality.sk\/index.php\/wp-json\/wp\/v2\/media?parent=3439"}],"wp:term":[{"taxonomy":"category","embeddable":true,"href":"https:\/\/www.youthforequality.sk\/index.php\/wp-json\/wp\/v2\/categories?post=3439"},{"taxonomy":"post_tag","embeddable":true,"href":"https:\/\/www.youthforequality.sk\/index.php\/wp-json\/wp\/v2\/tags?post=3439"}],"curies":[{"name":"wp","href":"https:\/\/api.w.org\/{rel}","templated":true}]}}