{"id":3450,"date":"2021-10-28T17:02:45","date_gmt":"2021-10-28T15:02:45","guid":{"rendered":"https:\/\/www.youthforequality.sk\/?p=3450"},"modified":"2022-01-10T12:38:27","modified_gmt":"2022-01-10T11:38:27","slug":"its-about-choice-berlin-nemecko-02-09-12-2021","status":"publish","type":"post","link":"https:\/\/www.youthforequality.sk\/index.php\/2021\/10\/28\/its-about-choice-berlin-nemecko-02-09-12-2021\/","title":{"rendered":"It`s about choice | Berlin, Nemecko | 02. \u2013 09. 12. 2021"},"content":{"rendered":"\t\t<div data-elementor-type=\"wp-post\" data-elementor-id=\"3450\" class=\"elementor elementor-3450\">\n\t\t\t\t\t\t<section class=\"elementor-section elementor-top-section elementor-element elementor-element-148f35c elementor-section-boxed elementor-section-height-default elementor-section-height-default\" data-id=\"148f35c\" data-element_type=\"section\" data-e-type=\"section\">\n\t\t\t\t\t\t<div class=\"elementor-container elementor-column-gap-default\">\n\t\t\t\t\t<div class=\"elementor-column elementor-col-100 elementor-top-column elementor-element elementor-element-70c4846\" data-id=\"70c4846\" data-element_type=\"column\" data-e-type=\"column\">\n\t\t\t<div class=\"elementor-widget-wrap elementor-element-populated\">\n\t\t\t\t\t\t<div class=\"elementor-element elementor-element-e772670 elementor-widget elementor-widget-text-editor\" data-id=\"e772670\" data-element_type=\"widget\" data-e-type=\"widget\" data-widget_type=\"text-editor.default\">\n\t\t\t\t<div class=\"elementor-widget-container\">\n\t\t\t\t\t\t\t\t\t<div class=\"kvgmc6g5 cxmmr5t8 oygrvhab hcukyx3x c1et5uql ii04i59q\"><div dir=\"auto\">M\u00e1me tu \u010fal\u0161ie medzin\u00e1rodn\u00e9 \u0161kolenie v Berl\u00edne v d\u00e1tumoch 2.12.-9.12.2021 s n\u00e1zvom It`s about choice, ktor\u00e9ho hlavnou t\u00e9mou je islamof\u00f3bia.<\/div><div dir=\"auto\">\u00a0<\/div><div dir=\"auto\">\u00da\u010dastn\u00edci sa nau\u010dia ako sa postavi\u0165 proti islamof\u00f3bii a \u0161\u00edreniu negat\u00edvnych predst\u00e1v o islame a moslimoch.<\/div><div dir=\"auto\">\u00a0<\/div><\/div><div class=\"o9v6fnle cxmmr5t8 oygrvhab hcukyx3x c1et5uql ii04i59q\"><div dir=\"auto\">H\u013ead\u00e1me 4 \u00fa\u010dastn\u00edkov \u2013 pracovn\u00edkov s ml\u00e1de\u017eou, ktor\u00fd pracuj\u00fa v prostred\u00ed s r\u00f4znymi kult\u00farami a dot\u00fdka sa ich t\u00e9ma diskrimin\u00e1cie a intolerancie. Na tomto \u0161kolen\u00ed budeme zdie\u013ea\u0165 a analyzova\u0165 n\u00e1rodnostne stereotypy z r\u00f4znych uhlov poh\u013eadu.<\/div><div dir=\"auto\">\u00a0<\/div><\/div><div class=\"o9v6fnle cxmmr5t8 oygrvhab hcukyx3x c1et5uql ii04i59q\"><div dir=\"auto\">V\u00fddavky ako cestovn\u00e9, ubytovanie a strava s\u00fa pokryt\u00e9 programom Erasmus+.<\/div><div dir=\"auto\">\u00a0<\/div><\/div><div class=\"o9v6fnle cxmmr5t8 oygrvhab hcukyx3x c1et5uql ii04i59q\"><div dir=\"auto\">Te\u0161\u00edme sa na Va\u0161e prihl\u00e1\u0161ky do 31.10.<\/div><\/div>\t\t\t\t\t\t\t\t<\/div>\n\t\t\t\t<\/div>\n\t\t\t\t\t<\/div>\n\t\t<\/div>\n\t\t\t\t\t<\/div>\n\t\t<\/section>\n\t\t\t\t<\/div>\n\t\t","protected":false},"excerpt":{"rendered":"<p>M\u00e1me tu \u010fal\u0161ie medzin\u00e1rodn\u00e9 \u0161kolenie v Berl\u00edne v d\u00e1tumoch 2.12.-9.12.2021 s n\u00e1zvom It`s about choice, ktor\u00e9ho hlavnou t\u00e9mou je islamof\u00f3bia.&nbsp;\u00da\u010dastn\u00edci sa nau\u010dia ako sa postavi\u0165 proti islamof\u00f3bii a \u0161\u00edreniu negat\u00edvnych predst\u00e1v o islame a moslimoch.&nbsp;H\u013ead\u00e1me 4 \u00fa\u010dastn\u00edkov \u2013 pracovn\u00edkov s ml\u00e1de\u017eou, ktor\u00fd pracuj\u00fa v prostred\u00ed s r\u00f4znymi kult\u00farami a dot\u00fdka sa ich t\u00e9ma diskrimin\u00e1cie a&hellip;&nbsp;<a href=\"https:\/\/www.youthforequality.sk\/index.php\/2021\/10\/28\/its-about-choice-berlin-nemecko-02-09-12-2021\/\" class=\"\" rel=\"bookmark\">\u010c\u00edta\u0165 viac &raquo;<span class=\"screen-reader-text\">It`s about choice | Berlin, Nemecko | 02. \u2013 09. 12. 2021<\/span><\/a><\/p>\n","protected":false},"author":6,"featured_media":3455,"comment_status":"closed","ping_status":"open","sticky":false,"template":"","format":"standard","meta":{"_uf_show_specific_survey":0,"_uf_disable_surveys":false,"neve_meta_sidebar":"","neve_meta_container":"","neve_meta_enable_content_width":"","neve_meta_content_width":0,"neve_meta_title_alignment":"","neve_meta_author_avatar":"","neve_post_elements_order":"","neve_meta_disable_header":"","neve_meta_disable_footer":"","neve_meta_disable_title":"","_themeisle_gutenberg_block_has_review":false,"footnotes":""},"categories":[1],"tags":[],"class_list":["post-3450","post","type-post","status-publish","format-standard","has-post-thumbnail","hentry","category-uncategorized"],"yoast_head":"<!-- This site is optimized with the Yoast SEO plugin v27.4 - https:\/\/yoast.com\/product\/yoast-seo-wordpress\/ -->\n<title>It`s about choice | Berlin, Nemecko | 02. \u2013 09. 12. 2021 |<\/title>\n<meta name=\"robots\" content=\"index, follow, max-snippet:-1, max-image-preview:large, max-video-preview:-1\" \/>\n<link rel=\"canonical\" href=\"https:\/\/www.youthforequality.sk\/index.php\/2021\/10\/28\/its-about-choice-berlin-nemecko-02-09-12-2021\/\" \/>\n<meta property=\"og:locale\" content=\"sk_SK\" \/>\n<meta property=\"og:type\" content=\"article\" \/>\n<meta property=\"og:title\" content=\"It`s about choice | Berlin, Nemecko | 02. \u2013 09. 12. 2021 |\" \/>\n<meta property=\"og:description\" content=\"M\u00e1me tu \u010fal\u0161ie medzin\u00e1rodn\u00e9 \u0161kolenie v Berl\u00edne v d\u00e1tumoch 2.12.-9.12.2021 s n\u00e1zvom It`s about choice, ktor\u00e9ho hlavnou t\u00e9mou je islamof\u00f3bia.&nbsp;\u00da\u010dastn\u00edci sa nau\u010dia ako sa postavi\u0165 proti islamof\u00f3bii a \u0161\u00edreniu negat\u00edvnych predst\u00e1v o islame a moslimoch.&nbsp;H\u013ead\u00e1me 4 \u00fa\u010dastn\u00edkov \u2013 pracovn\u00edkov s ml\u00e1de\u017eou, ktor\u00fd pracuj\u00fa v prostred\u00ed s r\u00f4znymi kult\u00farami a dot\u00fdka sa ich t\u00e9ma diskrimin\u00e1cie a&hellip;&nbsp;\u010c\u00edta\u0165 viac &raquo;It`s about choice | Berlin, Nemecko | 02. \u2013 09. 12. 2021\" \/>\n<meta property=\"og:url\" content=\"https:\/\/www.youthforequality.sk\/index.php\/2021\/10\/28\/its-about-choice-berlin-nemecko-02-09-12-2021\/\" \/>\n<meta property=\"article:publisher\" content=\"https:\/\/www.facebook.com\/yeslovakia\" \/>\n<meta property=\"article:published_time\" content=\"2021-10-28T15:02:45+00:00\" \/>\n<meta property=\"article:modified_time\" content=\"2022-01-10T11:38:27+00:00\" \/>\n<meta property=\"og:image\" content=\"https:\/\/www.youthforequality.sk\/wp-content\/uploads\/2021\/10\/1.png\" \/>\n\t<meta property=\"og:image:width\" content=\"940\" \/>\n\t<meta property=\"og:image:height\" content=\"788\" \/>\n\t<meta property=\"og:image:type\" content=\"image\/png\" \/>\n<meta name=\"author\" content=\"wiki\" \/>\n<meta name=\"twitter:card\" content=\"summary_large_image\" \/>\n<meta name=\"twitter:label1\" content=\"Autor\" \/>\n\t<meta name=\"twitter:data1\" content=\"wiki\" \/>\n\t<meta name=\"twitter:label2\" content=\"Predpokladan\u00fd \u010das \u010d\u00edtania\" \/>\n\t<meta name=\"twitter:data2\" content=\"1 min\u00fata\" \/>\n<script type=\"application\/ld+json\" class=\"yoast-schema-graph\">{\"@context\":\"https:\\\/\\\/schema.org\",\"@graph\":[{\"@type\":\"Article\",\"@id\":\"https:\\\/\\\/www.youthforequality.sk\\\/index.php\\\/2021\\\/10\\\/28\\\/its-about-choice-berlin-nemecko-02-09-12-2021\\\/#article\",\"isPartOf\":{\"@id\":\"https:\\\/\\\/www.youthforequality.sk\\\/index.php\\\/2021\\\/10\\\/28\\\/its-about-choice-berlin-nemecko-02-09-12-2021\\\/\"},\"author\":{\"name\":\"wiki\",\"@id\":\"https:\\\/\\\/www.youthforequality.sk\\\/#\\\/schema\\\/person\\\/41e987664144336433c641d34b270d1b\"},\"headline\":\"It`s about choice | Berlin, Nemecko | 02. \u2013 09. 12. 2021\",\"datePublished\":\"2021-10-28T15:02:45+00:00\",\"dateModified\":\"2022-01-10T11:38:27+00:00\",\"mainEntityOfPage\":{\"@id\":\"https:\\\/\\\/www.youthforequality.sk\\\/index.php\\\/2021\\\/10\\\/28\\\/its-about-choice-berlin-nemecko-02-09-12-2021\\\/\"},\"wordCount\":129,\"publisher\":{\"@id\":\"https:\\\/\\\/www.youthforequality.sk\\\/#organization\"},\"image\":{\"@id\":\"https:\\\/\\\/www.youthforequality.sk\\\/index.php\\\/2021\\\/10\\\/28\\\/its-about-choice-berlin-nemecko-02-09-12-2021\\\/#primaryimage\"},\"thumbnailUrl\":\"https:\\\/\\\/www.youthforequality.sk\\\/wp-content\\\/uploads\\\/2021\\\/10\\\/1.png\",\"articleSection\":[\"Uncategorized\"],\"inLanguage\":\"sk-SK\"},{\"@type\":\"WebPage\",\"@id\":\"https:\\\/\\\/www.youthforequality.sk\\\/index.php\\\/2021\\\/10\\\/28\\\/its-about-choice-berlin-nemecko-02-09-12-2021\\\/\",\"url\":\"https:\\\/\\\/www.youthforequality.sk\\\/index.php\\\/2021\\\/10\\\/28\\\/its-about-choice-berlin-nemecko-02-09-12-2021\\\/\",\"name\":\"It`s about choice | Berlin, Nemecko | 02. \u2013 09. 12. 2021 |\",\"isPartOf\":{\"@id\":\"https:\\\/\\\/www.youthforequality.sk\\\/#website\"},\"primaryImageOfPage\":{\"@id\":\"https:\\\/\\\/www.youthforequality.sk\\\/index.php\\\/2021\\\/10\\\/28\\\/its-about-choice-berlin-nemecko-02-09-12-2021\\\/#primaryimage\"},\"image\":{\"@id\":\"https:\\\/\\\/www.youthforequality.sk\\\/index.php\\\/2021\\\/10\\\/28\\\/its-about-choice-berlin-nemecko-02-09-12-2021\\\/#primaryimage\"},\"thumbnailUrl\":\"https:\\\/\\\/www.youthforequality.sk\\\/wp-content\\\/uploads\\\/2021\\\/10\\\/1.png\",\"datePublished\":\"2021-10-28T15:02:45+00:00\",\"dateModified\":\"2022-01-10T11:38:27+00:00\",\"breadcrumb\":{\"@id\":\"https:\\\/\\\/www.youthforequality.sk\\\/index.php\\\/2021\\\/10\\\/28\\\/its-about-choice-berlin-nemecko-02-09-12-2021\\\/#breadcrumb\"},\"inLanguage\":\"sk-SK\",\"potentialAction\":[{\"@type\":\"ReadAction\",\"target\":[\"https:\\\/\\\/www.youthforequality.sk\\\/index.php\\\/2021\\\/10\\\/28\\\/its-about-choice-berlin-nemecko-02-09-12-2021\\\/\"]}]},{\"@type\":\"ImageObject\",\"inLanguage\":\"sk-SK\",\"@id\":\"https:\\\/\\\/www.youthforequality.sk\\\/index.php\\\/2021\\\/10\\\/28\\\/its-about-choice-berlin-nemecko-02-09-12-2021\\\/#primaryimage\",\"url\":\"https:\\\/\\\/www.youthforequality.sk\\\/wp-content\\\/uploads\\\/2021\\\/10\\\/1.png\",\"contentUrl\":\"https:\\\/\\\/www.youthforequality.sk\\\/wp-content\\\/uploads\\\/2021\\\/10\\\/1.png\",\"width\":940,\"height\":788},{\"@type\":\"BreadcrumbList\",\"@id\":\"https:\\\/\\\/www.youthforequality.sk\\\/index.php\\\/2021\\\/10\\\/28\\\/its-about-choice-berlin-nemecko-02-09-12-2021\\\/#breadcrumb\",\"itemListElement\":[{\"@type\":\"ListItem\",\"position\":1,\"name\":\"Home\",\"item\":\"https:\\\/\\\/www.youthforequality.sk\\\/\"},{\"@type\":\"ListItem\",\"position\":2,\"name\":\"It`s about choice | Berlin, Nemecko | 02. \u2013 09. 12. 2021\"}]},{\"@type\":\"WebSite\",\"@id\":\"https:\\\/\\\/www.youthforequality.sk\\\/#website\",\"url\":\"https:\\\/\\\/www.youthforequality.sk\\\/\",\"name\":\"\",\"description\":\"\",\"publisher\":{\"@id\":\"https:\\\/\\\/www.youthforequality.sk\\\/#organization\"},\"potentialAction\":[{\"@type\":\"SearchAction\",\"target\":{\"@type\":\"EntryPoint\",\"urlTemplate\":\"https:\\\/\\\/www.youthforequality.sk\\\/?s={search_term_string}\"},\"query-input\":{\"@type\":\"PropertyValueSpecification\",\"valueRequired\":true,\"valueName\":\"search_term_string\"}}],\"inLanguage\":\"sk-SK\"},{\"@type\":\"Organization\",\"@id\":\"https:\\\/\\\/www.youthforequality.sk\\\/#organization\",\"name\":\"Youth for Equality\",\"url\":\"https:\\\/\\\/www.youthforequality.sk\\\/\",\"logo\":{\"@type\":\"ImageObject\",\"inLanguage\":\"sk-SK\",\"@id\":\"https:\\\/\\\/www.youthforequality.sk\\\/#\\\/schema\\\/logo\\\/image\\\/\",\"url\":\"https:\\\/\\\/www.youthforequality.sk\\\/wp-content\\\/uploads\\\/2021\\\/01\\\/vynovene-logo-nove-farby_modra-na-web.png\",\"contentUrl\":\"https:\\\/\\\/www.youthforequality.sk\\\/wp-content\\\/uploads\\\/2021\\\/01\\\/vynovene-logo-nove-farby_modra-na-web.png\",\"width\":1,\"height\":1,\"caption\":\"Youth for Equality\"},\"image\":{\"@id\":\"https:\\\/\\\/www.youthforequality.sk\\\/#\\\/schema\\\/logo\\\/image\\\/\"},\"sameAs\":[\"https:\\\/\\\/www.facebook.com\\\/yeslovakia\"]},{\"@type\":\"Person\",\"@id\":\"https:\\\/\\\/www.youthforequality.sk\\\/#\\\/schema\\\/person\\\/41e987664144336433c641d34b270d1b\",\"name\":\"wiki\",\"image\":{\"@type\":\"ImageObject\",\"inLanguage\":\"sk-SK\",\"@id\":\"https:\\\/\\\/secure.gravatar.com\\\/avatar\\\/57cac84b94061d1af6548f41cd07cbee960ab67f3b80825c4b192af947aa3c0f?s=96&d=mm&r=g\",\"url\":\"https:\\\/\\\/secure.gravatar.com\\\/avatar\\\/57cac84b94061d1af6548f41cd07cbee960ab67f3b80825c4b192af947aa3c0f?s=96&d=mm&r=g\",\"contentUrl\":\"https:\\\/\\\/secure.gravatar.com\\\/avatar\\\/57cac84b94061d1af6548f41cd07cbee960ab67f3b80825c4b192af947aa3c0f?s=96&d=mm&r=g\",\"caption\":\"wiki\"},\"url\":\"https:\\\/\\\/www.youthforequality.sk\\\/index.php\\\/author\\\/janbor\\\/\"}]}<\/script>\n<!-- \/ Yoast SEO plugin. -->","yoast_head_json":{"title":"It`s about choice | Berlin, Nemecko | 02. \u2013 09. 12. 2021 |","robots":{"index":"index","follow":"follow","max-snippet":"max-snippet:-1","max-image-preview":"max-image-preview:large","max-video-preview":"max-video-preview:-1"},"canonical":"https:\/\/www.youthforequality.sk\/index.php\/2021\/10\/28\/its-about-choice-berlin-nemecko-02-09-12-2021\/","og_locale":"sk_SK","og_type":"article","og_title":"It`s about choice | Berlin, Nemecko | 02. \u2013 09. 12. 2021 |","og_description":"M\u00e1me tu \u010fal\u0161ie medzin\u00e1rodn\u00e9 \u0161kolenie v Berl\u00edne v d\u00e1tumoch 2.12.-9.12.2021 s n\u00e1zvom It`s about choice, ktor\u00e9ho hlavnou t\u00e9mou je islamof\u00f3bia.&nbsp;\u00da\u010dastn\u00edci sa nau\u010dia ako sa postavi\u0165 proti islamof\u00f3bii a \u0161\u00edreniu negat\u00edvnych predst\u00e1v o islame a moslimoch.&nbsp;H\u013ead\u00e1me 4 \u00fa\u010dastn\u00edkov \u2013 pracovn\u00edkov s ml\u00e1de\u017eou, ktor\u00fd pracuj\u00fa v prostred\u00ed s r\u00f4znymi kult\u00farami a dot\u00fdka sa ich t\u00e9ma diskrimin\u00e1cie a&hellip;&nbsp;\u010c\u00edta\u0165 viac &raquo;It`s about choice | Berlin, Nemecko | 02. \u2013 09. 12. 2021","og_url":"https:\/\/www.youthforequality.sk\/index.php\/2021\/10\/28\/its-about-choice-berlin-nemecko-02-09-12-2021\/","article_publisher":"https:\/\/www.facebook.com\/yeslovakia","article_published_time":"2021-10-28T15:02:45+00:00","article_modified_time":"2022-01-10T11:38:27+00:00","og_image":[{"width":940,"height":788,"url":"https:\/\/www.youthforequality.sk\/wp-content\/uploads\/2021\/10\/1.png","type":"image\/png"}],"author":"wiki","twitter_card":"summary_large_image","twitter_misc":{"Autor":"wiki","Predpokladan\u00fd \u010das \u010d\u00edtania":"1 min\u00fata"},"schema":{"@context":"https:\/\/schema.org","@graph":[{"@type":"Article","@id":"https:\/\/www.youthforequality.sk\/index.php\/2021\/10\/28\/its-about-choice-berlin-nemecko-02-09-12-2021\/#article","isPartOf":{"@id":"https:\/\/www.youthforequality.sk\/index.php\/2021\/10\/28\/its-about-choice-berlin-nemecko-02-09-12-2021\/"},"author":{"name":"wiki","@id":"https:\/\/www.youthforequality.sk\/#\/schema\/person\/41e987664144336433c641d34b270d1b"},"headline":"It`s about choice | Berlin, Nemecko | 02. \u2013 09. 12. 2021","datePublished":"2021-10-28T15:02:45+00:00","dateModified":"2022-01-10T11:38:27+00:00","mainEntityOfPage":{"@id":"https:\/\/www.youthforequality.sk\/index.php\/2021\/10\/28\/its-about-choice-berlin-nemecko-02-09-12-2021\/"},"wordCount":129,"publisher":{"@id":"https:\/\/www.youthforequality.sk\/#organization"},"image":{"@id":"https:\/\/www.youthforequality.sk\/index.php\/2021\/10\/28\/its-about-choice-berlin-nemecko-02-09-12-2021\/#primaryimage"},"thumbnailUrl":"https:\/\/www.youthforequality.sk\/wp-content\/uploads\/2021\/10\/1.png","articleSection":["Uncategorized"],"inLanguage":"sk-SK"},{"@type":"WebPage","@id":"https:\/\/www.youthforequality.sk\/index.php\/2021\/10\/28\/its-about-choice-berlin-nemecko-02-09-12-2021\/","url":"https:\/\/www.youthforequality.sk\/index.php\/2021\/10\/28\/its-about-choice-berlin-nemecko-02-09-12-2021\/","name":"It`s about choice | Berlin, Nemecko | 02. \u2013 09. 12. 2021 |","isPartOf":{"@id":"https:\/\/www.youthforequality.sk\/#website"},"primaryImageOfPage":{"@id":"https:\/\/www.youthforequality.sk\/index.php\/2021\/10\/28\/its-about-choice-berlin-nemecko-02-09-12-2021\/#primaryimage"},"image":{"@id":"https:\/\/www.youthforequality.sk\/index.php\/2021\/10\/28\/its-about-choice-berlin-nemecko-02-09-12-2021\/#primaryimage"},"thumbnailUrl":"https:\/\/www.youthforequality.sk\/wp-content\/uploads\/2021\/10\/1.png","datePublished":"2021-10-28T15:02:45+00:00","dateModified":"2022-01-10T11:38:27+00:00","breadcrumb":{"@id":"https:\/\/www.youthforequality.sk\/index.php\/2021\/10\/28\/its-about-choice-berlin-nemecko-02-09-12-2021\/#breadcrumb"},"inLanguage":"sk-SK","potentialAction":[{"@type":"ReadAction","target":["https:\/\/www.youthforequality.sk\/index.php\/2021\/10\/28\/its-about-choice-berlin-nemecko-02-09-12-2021\/"]}]},{"@type":"ImageObject","inLanguage":"sk-SK","@id":"https:\/\/www.youthforequality.sk\/index.php\/2021\/10\/28\/its-about-choice-berlin-nemecko-02-09-12-2021\/#primaryimage","url":"https:\/\/www.youthforequality.sk\/wp-content\/uploads\/2021\/10\/1.png","contentUrl":"https:\/\/www.youthforequality.sk\/wp-content\/uploads\/2021\/10\/1.png","width":940,"height":788},{"@type":"BreadcrumbList","@id":"https:\/\/www.youthforequality.sk\/index.php\/2021\/10\/28\/its-about-choice-berlin-nemecko-02-09-12-2021\/#breadcrumb","itemListElement":[{"@type":"ListItem","position":1,"name":"Home","item":"https:\/\/www.youthforequality.sk\/"},{"@type":"ListItem","position":2,"name":"It`s about choice | Berlin, Nemecko | 02. \u2013 09. 12. 2021"}]},{"@type":"WebSite","@id":"https:\/\/www.youthforequality.sk\/#website","url":"https:\/\/www.youthforequality.sk\/","name":"","description":"","publisher":{"@id":"https:\/\/www.youthforequality.sk\/#organization"},"potentialAction":[{"@type":"SearchAction","target":{"@type":"EntryPoint","urlTemplate":"https:\/\/www.youthforequality.sk\/?s={search_term_string}"},"query-input":{"@type":"PropertyValueSpecification","valueRequired":true,"valueName":"search_term_string"}}],"inLanguage":"sk-SK"},{"@type":"Organization","@id":"https:\/\/www.youthforequality.sk\/#organization","name":"Youth for Equality","url":"https:\/\/www.youthforequality.sk\/","logo":{"@type":"ImageObject","inLanguage":"sk-SK","@id":"https:\/\/www.youthforequality.sk\/#\/schema\/logo\/image\/","url":"https:\/\/www.youthforequality.sk\/wp-content\/uploads\/2021\/01\/vynovene-logo-nove-farby_modra-na-web.png","contentUrl":"https:\/\/www.youthforequality.sk\/wp-content\/uploads\/2021\/01\/vynovene-logo-nove-farby_modra-na-web.png","width":1,"height":1,"caption":"Youth for Equality"},"image":{"@id":"https:\/\/www.youthforequality.sk\/#\/schema\/logo\/image\/"},"sameAs":["https:\/\/www.facebook.com\/yeslovakia"]},{"@type":"Person","@id":"https:\/\/www.youthforequality.sk\/#\/schema\/person\/41e987664144336433c641d34b270d1b","name":"wiki","image":{"@type":"ImageObject","inLanguage":"sk-SK","@id":"https:\/\/secure.gravatar.com\/avatar\/57cac84b94061d1af6548f41cd07cbee960ab67f3b80825c4b192af947aa3c0f?s=96&d=mm&r=g","url":"https:\/\/secure.gravatar.com\/avatar\/57cac84b94061d1af6548f41cd07cbee960ab67f3b80825c4b192af947aa3c0f?s=96&d=mm&r=g","contentUrl":"https:\/\/secure.gravatar.com\/avatar\/57cac84b94061d1af6548f41cd07cbee960ab67f3b80825c4b192af947aa3c0f?s=96&d=mm&r=g","caption":"wiki"},"url":"https:\/\/www.youthforequality.sk\/index.php\/author\/janbor\/"}]}},"_links":{"self":[{"href":"https:\/\/www.youthforequality.sk\/index.php\/wp-json\/wp\/v2\/posts\/3450","targetHints":{"allow":["GET"]}}],"collection":[{"href":"https:\/\/www.youthforequality.sk\/index.php\/wp-json\/wp\/v2\/posts"}],"about":[{"href":"https:\/\/www.youthforequality.sk\/index.php\/wp-json\/wp\/v2\/types\/post"}],"author":[{"embeddable":true,"href":"https:\/\/www.youthforequality.sk\/index.php\/wp-json\/wp\/v2\/users\/6"}],"replies":[{"embeddable":true,"href":"https:\/\/www.youthforequality.sk\/index.php\/wp-json\/wp\/v2\/comments?post=3450"}],"version-history":[{"count":5,"href":"https:\/\/www.youthforequality.sk\/index.php\/wp-json\/wp\/v2\/posts\/3450\/revisions"}],"predecessor-version":[{"id":3456,"href":"https:\/\/www.youthforequality.sk\/index.php\/wp-json\/wp\/v2\/posts\/3450\/revisions\/3456"}],"wp:featuredmedia":[{"embeddable":true,"href":"https:\/\/www.youthforequality.sk\/index.php\/wp-json\/wp\/v2\/media\/3455"}],"wp:attachment":[{"href":"https:\/\/www.youthforequality.sk\/index.php\/wp-json\/wp\/v2\/media?parent=3450"}],"wp:term":[{"taxonomy":"category","embeddable":true,"href":"https:\/\/www.youthforequality.sk\/index.php\/wp-json\/wp\/v2\/categories?post=3450"},{"taxonomy":"post_tag","embeddable":true,"href":"https:\/\/www.youthforequality.sk\/index.php\/wp-json\/wp\/v2\/tags?post=3450"}],"curies":[{"name":"wp","href":"https:\/\/api.w.org\/{rel}","templated":true}]}}