{"id":3479,"date":"2021-11-10T11:29:37","date_gmt":"2021-11-10T10:29:37","guid":{"rendered":"https:\/\/www.youthforequality.sk\/?p=3479"},"modified":"2021-11-10T11:39:45","modified_gmt":"2021-11-10T10:39:45","slug":"aeneas-v-palerme-alebo-ako-som-si-zahrala-v-divadle-na-slnecnej-sicilii","status":"publish","type":"post","link":"https:\/\/www.youthforequality.sk\/index.php\/2021\/11\/10\/aeneas-v-palerme-alebo-ako-som-si-zahrala-v-divadle-na-slnecnej-sicilii\/","title":{"rendered":"AENEAS v Palerme alebo ako som si zahrala v divadle na slne\u010dnej Sic\u00edlii"},"content":{"rendered":"\t\t<div data-elementor-type=\"wp-post\" data-elementor-id=\"3479\" class=\"elementor elementor-3479\">\n\t\t\t\t\t\t<section class=\"elementor-section elementor-top-section elementor-element elementor-element-1a59ea7 elementor-section-boxed elementor-section-height-default elementor-section-height-default\" data-id=\"1a59ea7\" data-element_type=\"section\" data-e-type=\"section\">\n\t\t\t\t\t\t<div class=\"elementor-container elementor-column-gap-default\">\n\t\t\t\t\t<div class=\"elementor-column elementor-col-100 elementor-top-column elementor-element elementor-element-048f075\" data-id=\"048f075\" data-element_type=\"column\" data-e-type=\"column\">\n\t\t\t<div class=\"elementor-widget-wrap elementor-element-populated\">\n\t\t\t\t\t\t<div class=\"elementor-element elementor-element-783a24c elementor-widget elementor-widget-text-editor\" data-id=\"783a24c\" data-element_type=\"widget\" data-e-type=\"widget\" data-widget_type=\"text-editor.default\">\n\t\t\t\t<div class=\"elementor-widget-container\">\n\t\t\t\t\t\t\t\t\t<p>Taliansko, umenie, tanec, divadlo, zvu\u010dn\u00e1 talian\u010dina, temperamentn\u00ed Taliani, najchutnej\u0161ie jedlo, \u00fa\u017easn\u00ed \u013eudia = jeden z\u00a0najlep\u0161\u00edch t\u00fd\u017ed\u0148ov m\u00f4jho \u017eivota! V\u00a0druhej polovici okt\u00f3bra som spolu s\u00a0\u010fal\u0161\u00edmi \u0161tyrmi Slovenkami vycestovala na slne\u010dn\u00fa Sic\u00edliu, kde sa konala ml\u00e1de\u017en\u00edcka v\u00fdmena na ve\u013emi aktu\u00e1lnu t\u00e9mu diskrimin\u00e1cie. Hlavn\u00fdm cie\u013eom projektu bolo hlb\u0161ie porozumie\u0165 t\u00e9mam migr\u00e1cie, soci\u00e1lneho za\u010dlenenia a\u00a0diskrimin\u00e1cie, \u010do n\u00e1s \u00fa\u010dastn\u00edkov malo prin\u00fati\u0165 prem\u00fd\u0161\u013ea\u0165 o\u00a0inkluz\u00edvnej\u0161ej Eur\u00f3pe, a\u00a0tie\u017e prija\u0165 proakt\u00edvnej\u0161ie opatrenia na miestnej \u00farovni, \u010d\u00edm by sme roz\u0161irovali povedomie ostatn\u00fdch o\u00a0danej problematike. Toto v\u0161etko sa dialo prostredn\u00edctvom divadeln\u00e9ho umenia, ktor\u00e9 bolo in\u0161pirovan\u00e9 postavou gr\u00e9cko-r\u00edmskej mytol\u00f3gie \u2013 AENEASom.<\/p><p>\u00a0<\/p><p><strong>CESTA A V\u00ddLETY<\/strong><\/p><p>Tomu, \u017ee sme na\u0161u krajinu v Taliansku odprezentovali ako super partia nasved\u010dovalo u\u017e na\u0161e prv\u00e9 stretnutie na letisku vo Viedni, kde sme sa v kaviarni tak zarozpr\u00e1vali, \u017ee sme do lietadla nast\u00fapili ako posledn\u00e9. \u00dasmev na per\u00e1ch n\u00e1m v\u0161ak nezamrzol, pr\u00e1ve naopak, a v tomto duchu sa niesol cel\u00fd t\u00fd\u017ede\u0148. Do Palerma sme prileteli o de\u0148 sk\u00f4r, a tak sme si s diev\u010datami po\u017ei\u010dali na letisku auto, aby sme toho stihli \u010do najviac. Prileteli sme ve\u010der a na prv\u00fa noc sme si bookli naozaj pekn\u00e9 airbnb (vyberala na\u0161a Nata\u0161ka \u2013 \u010fakujeme). Na druh\u00fd de\u0148 r\u00e1no bola na\u0161ou prvou zast\u00e1vkou pl\u00e1\u017e Mondello Beach, ktor\u00e1 sa nach\u00e1dza 11km od Palerma. E\u0161te predt\u00fdm nesmiem opomen\u00fa\u0165 \u00fa\u017easn\u00e9 ra\u0148ajky, na ktor\u00e9 sme sa po ceste zastavili (n\u00e1\u0161 ofici\u00e1lny program za\u010d\u00ednal a\u017e ve\u010derou), ke\u010f\u017ee tento projekt bol tak trochu aj gastro z\u00e1\u017eitkom. \u010co si budeme hovori\u0165, proste Taliansko.J Na\u0161e \u010fal\u0161ie kroky viedli do rezerv\u00e1cie Zingaro, ktor\u00e1 n\u00e1s tot\u00e1lne uchv\u00e1tila. To prostredie bolo dychber\u00face! Zakotvili sme v n\u00e1dhernej z\u00e1toke s naj\u010distej\u0161ou vodou, ak\u00fa som doteraz videla a dokonca sa stihli aj ok\u00fapa\u0165. \u00c1no, koncom okt\u00f3bra! To sicilsk\u00e9 slnko a teplo mi ch\u00fdba doteraz&#8230; Po ceste nasp\u00e4\u0165 sme e\u0161te odbo\u010dili na p\u00e1r pekn\u00fdch miest, kde sme obdivovali pr\u00edrodu, v\u00fdh\u013eady, jedli, smiali sa, prij\u00edmali\u00a0pr\u00edrodn\u00fd vitam\u00edn D a\u00a0u\u017e\u00edvali si pohodu. La dolce vita!<\/p>\t\t\t\t\t\t\t\t<\/div>\n\t\t\t\t<\/div>\n\t\t\t\t\t<\/div>\n\t\t<\/div>\n\t\t\t\t\t<\/div>\n\t\t<\/section>\n\t\t\t\t<section class=\"elementor-section elementor-top-section elementor-element elementor-element-2dc6a00 elementor-section-boxed elementor-section-height-default elementor-section-height-default\" data-id=\"2dc6a00\" data-element_type=\"section\" data-e-type=\"section\">\n\t\t\t\t\t\t<div class=\"elementor-container elementor-column-gap-default\">\n\t\t\t\t\t<div class=\"elementor-column elementor-col-100 elementor-top-column elementor-element elementor-element-f7f7738\" data-id=\"f7f7738\" data-element_type=\"column\" data-e-type=\"column\">\n\t\t\t<div class=\"elementor-widget-wrap elementor-element-populated\">\n\t\t\t\t\t\t<div class=\"elementor-element elementor-element-ee59b0b elementor-widget elementor-widget-image-gallery\" data-id=\"ee59b0b\" data-element_type=\"widget\" data-e-type=\"widget\" data-widget_type=\"image-gallery.default\">\n\t\t\t\t<div class=\"elementor-widget-container\">\n\t\t\t\t\t\t\t<div class=\"elementor-image-gallery\">\n\t\t\t<div id='gallery-1' class='gallery galleryid-3479 gallery-columns-2 gallery-size-medium_large'><figure class='gallery-item'>\n\t\t\t<div class='gallery-icon portrait'>\n\t\t\t\t<a data-elementor-open-lightbox=\"yes\" data-elementor-lightbox-slideshow=\"ee59b0b\" data-elementor-lightbox-title=\"2\" data-e-action-hash=\"#elementor-action%3Aaction%3Dlightbox%26settings%3DeyJpZCI6MzQ4NCwidXJsIjoiaHR0cHM6XC9cL3d3dy55b3V0aGZvcmVxdWFsaXR5LnNrXC93cC1jb250ZW50XC91cGxvYWRzXC8yMDIxXC8xMVwvMi5qcGciLCJzbGlkZXNob3ciOiJlZTU5YjBiIn0%3D\" href='https:\/\/www.youthforequality.sk\/wp-content\/uploads\/2021\/11\/2.jpg'><img fetchpriority=\"high\" decoding=\"async\" width=\"642\" height=\"858\" src=\"https:\/\/www.youthforequality.sk\/wp-content\/uploads\/2021\/11\/2.jpg\" class=\"attachment-medium_large size-medium_large\" alt=\"\" srcset=\"https:\/\/www.youthforequality.sk\/wp-content\/uploads\/2021\/11\/2.jpg 642w, https:\/\/www.youthforequality.sk\/wp-content\/uploads\/2021\/11\/2-224x300.jpg 224w\" sizes=\"(max-width: 642px) 100vw, 642px\" \/><\/a>\n\t\t\t<\/div><\/figure><figure class='gallery-item'>\n\t\t\t<div class='gallery-icon portrait'>\n\t\t\t\t<a data-elementor-open-lightbox=\"yes\" data-elementor-lightbox-slideshow=\"ee59b0b\" data-elementor-lightbox-title=\"4\" data-e-action-hash=\"#elementor-action%3Aaction%3Dlightbox%26settings%3DeyJpZCI6MzQ4MiwidXJsIjoiaHR0cHM6XC9cL3d3dy55b3V0aGZvcmVxdWFsaXR5LnNrXC93cC1jb250ZW50XC91cGxvYWRzXC8yMDIxXC8xMVwvNC5qcGciLCJzbGlkZXNob3ciOiJlZTU5YjBiIn0%3D\" href='https:\/\/www.youthforequality.sk\/wp-content\/uploads\/2021\/11\/4.jpg'><img decoding=\"async\" width=\"582\" height=\"777\" src=\"https:\/\/www.youthforequality.sk\/wp-content\/uploads\/2021\/11\/4.jpg\" class=\"attachment-medium_large size-medium_large\" alt=\"\" srcset=\"https:\/\/www.youthforequality.sk\/wp-content\/uploads\/2021\/11\/4.jpg 582w, https:\/\/www.youthforequality.sk\/wp-content\/uploads\/2021\/11\/4-225x300.jpg 225w\" sizes=\"(max-width: 582px) 100vw, 582px\" \/><\/a>\n\t\t\t<\/div><\/figure>\n\t\t<\/div>\n\t\t<\/div>\n\t\t\t\t\t\t<\/div>\n\t\t\t\t<\/div>\n\t\t\t\t\t<\/div>\n\t\t<\/div>\n\t\t\t\t\t<\/div>\n\t\t<\/section>\n\t\t\t\t<section class=\"elementor-section elementor-top-section elementor-element elementor-element-74e414b elementor-section-boxed elementor-section-height-default elementor-section-height-default\" data-id=\"74e414b\" data-element_type=\"section\" data-e-type=\"section\">\n\t\t\t\t\t\t<div class=\"elementor-container elementor-column-gap-default\">\n\t\t\t\t\t<div class=\"elementor-column elementor-col-100 elementor-top-column elementor-element elementor-element-cea7206\" data-id=\"cea7206\" data-element_type=\"column\" data-e-type=\"column\">\n\t\t\t<div class=\"elementor-widget-wrap elementor-element-populated\">\n\t\t\t\t\t\t<div class=\"elementor-element elementor-element-4b407be elementor-widget elementor-widget-image-gallery\" data-id=\"4b407be\" data-element_type=\"widget\" data-e-type=\"widget\" data-widget_type=\"image-gallery.default\">\n\t\t\t\t<div class=\"elementor-widget-container\">\n\t\t\t\t\t\t\t<div class=\"elementor-image-gallery\">\n\t\t\t<div id='gallery-2' class='gallery galleryid-3479 gallery-columns-2 gallery-size-medium_large'><figure class='gallery-item'>\n\t\t\t<div class='gallery-icon portrait'>\n\t\t\t\t<a data-elementor-open-lightbox=\"yes\" data-elementor-lightbox-slideshow=\"4b407be\" data-elementor-lightbox-title=\"3\" data-e-action-hash=\"#elementor-action%3Aaction%3Dlightbox%26settings%3DeyJpZCI6MzQ4MywidXJsIjoiaHR0cHM6XC9cL3d3dy55b3V0aGZvcmVxdWFsaXR5LnNrXC93cC1jb250ZW50XC91cGxvYWRzXC8yMDIxXC8xMVwvMy5qcGciLCJzbGlkZXNob3ciOiI0YjQwN2JlIn0%3D\" href='https:\/\/www.youthforequality.sk\/wp-content\/uploads\/2021\/11\/3.jpg'><img decoding=\"async\" width=\"657\" height=\"859\" src=\"https:\/\/www.youthforequality.sk\/wp-content\/uploads\/2021\/11\/3.jpg\" class=\"attachment-medium_large size-medium_large\" alt=\"\" srcset=\"https:\/\/www.youthforequality.sk\/wp-content\/uploads\/2021\/11\/3.jpg 657w, https:\/\/www.youthforequality.sk\/wp-content\/uploads\/2021\/11\/3-229x300.jpg 229w\" sizes=\"(max-width: 657px) 100vw, 657px\" \/><\/a>\n\t\t\t<\/div><\/figure><figure class='gallery-item'>\n\t\t\t<div class='gallery-icon portrait'>\n\t\t\t\t<a data-elementor-open-lightbox=\"yes\" data-elementor-lightbox-slideshow=\"4b407be\" data-elementor-lightbox-title=\"5\" data-e-action-hash=\"#elementor-action%3Aaction%3Dlightbox%26settings%3DeyJpZCI6MzQ4MSwidXJsIjoiaHR0cHM6XC9cL3d3dy55b3V0aGZvcmVxdWFsaXR5LnNrXC93cC1jb250ZW50XC91cGxvYWRzXC8yMDIxXC8xMVwvNS5qcGciLCJzbGlkZXNob3ciOiI0YjQwN2JlIn0%3D\" href='https:\/\/www.youthforequality.sk\/wp-content\/uploads\/2021\/11\/5.jpg'><img loading=\"lazy\" decoding=\"async\" width=\"584\" height=\"777\" src=\"https:\/\/www.youthforequality.sk\/wp-content\/uploads\/2021\/11\/5.jpg\" class=\"attachment-medium_large size-medium_large\" alt=\"\" srcset=\"https:\/\/www.youthforequality.sk\/wp-content\/uploads\/2021\/11\/5.jpg 584w, https:\/\/www.youthforequality.sk\/wp-content\/uploads\/2021\/11\/5-225x300.jpg 225w\" sizes=\"(max-width: 584px) 100vw, 584px\" \/><\/a>\n\t\t\t<\/div><\/figure>\n\t\t<\/div>\n\t\t<\/div>\n\t\t\t\t\t\t<\/div>\n\t\t\t\t<\/div>\n\t\t\t\t\t<\/div>\n\t\t<\/div>\n\t\t\t\t\t<\/div>\n\t\t<\/section>\n\t\t\t\t<section class=\"elementor-section elementor-top-section elementor-element elementor-element-69cf95a elementor-section-boxed elementor-section-height-default elementor-section-height-default\" data-id=\"69cf95a\" data-element_type=\"section\" data-e-type=\"section\">\n\t\t\t\t\t\t<div class=\"elementor-container elementor-column-gap-default\">\n\t\t\t\t\t<div class=\"elementor-column elementor-col-100 elementor-top-column elementor-element elementor-element-55a2e43\" data-id=\"55a2e43\" data-element_type=\"column\" data-e-type=\"column\">\n\t\t\t<div class=\"elementor-widget-wrap elementor-element-populated\">\n\t\t\t\t\t\t<div class=\"elementor-element elementor-element-d50513d elementor-widget elementor-widget-text-editor\" data-id=\"d50513d\" data-element_type=\"widget\" data-e-type=\"widget\" data-widget_type=\"text-editor.default\">\n\t\t\t\t<div class=\"elementor-widget-container\">\n\t\t\t\t\t\t\t\t\t<p><strong>PROJEKT<\/strong><\/p><p>Ve\u010der sme sa ubytovali v\u00a0n\u00e1dhern\u00fdch priestoroch kl\u00e1\u0161tora spolu s\u00a0\u010fal\u0161\u00edmi \u00fa\u010dastn\u00edkmi projektu a\u00a0vyrazili na spolo\u010dn\u00fa ve\u010deru. Okrem Slovenska na projekte participovali mlad\u00ed \u013eudia z\u00a0Po\u013eska, Litvy, Bulharska, Rumunska, Portugalska, Gr\u00e9cka a\u00a0Talianska. N\u00e1\u0161 ka\u017edodenn\u00fd program spo\u010d\u00edval z\u00a0doobed\u0148aj\u0161ej teoretickej \u010dasti, kde sme sa venovali vy\u0161\u0161ie spom\u00ednan\u00fdm t\u00e9mam, poobedn\u00fdch prest\u00e1vok, kedy sme mali mo\u017enos\u0165 bli\u017e\u0161ie spozna\u0165 kr\u00e1sy Palerma a\u00a0poobednej \u010dasti, kde sme sa venovali n\u00e1cviku n\u00e1\u0161ho z\u00e1vere\u010dn\u00e9ho divadeln\u00e9ho predstavenia. U\u010dili sme sa tane\u010dn\u00e9 a\u00a0divadeln\u00e9 techniky, ktor\u00e9 n\u00e1m na konci pomohli vyjadri\u0165 sam\u00fdch seba a\u00a0poda\u0165 emot\u00edvny v\u00fdkon, z\u00a0ktor\u00e9ho naskakovali zimomriavky. Nie nadarmo sa hovor\u00ed, \u017ee v\u00a0jednote je sila. Tr\u00e9ningy aj z\u00e1vere\u010dn\u00e9 vyst\u00fapenie sa odohr\u00e1valo v\u00a0spom\u00ednan\u00fdch priestoroch kl\u00e1\u0161tora, kde sme boli ubytovan\u00ed, \u010do e\u0161te umocnilo ten dokonal\u00fd z\u00e1\u017eitok. Ve\u010dern\u00fd program spo\u010d\u00edval zo spolo\u010dnej ve\u010dere a\u00a0n\u00e1sledne sme mali vo\u013eno na spozn\u00e1vanie no\u010dn\u00e9ho \u017eivota v\u00a0Palerme, alebo sme po\u010das tzv. cultural evenings mali mo\u017enos\u0165 spozna\u0165 na\u0161e kult\u00fary navz\u00e1jom.<\/p>\t\t\t\t\t\t\t\t<\/div>\n\t\t\t\t<\/div>\n\t\t\t\t\t<\/div>\n\t\t<\/div>\n\t\t\t\t\t<\/div>\n\t\t<\/section>\n\t\t\t\t<section class=\"elementor-section elementor-top-section elementor-element elementor-element-6c809fd elementor-section-boxed elementor-section-height-default elementor-section-height-default\" data-id=\"6c809fd\" data-element_type=\"section\" data-e-type=\"section\">\n\t\t\t\t\t\t<div class=\"elementor-container elementor-column-gap-default\">\n\t\t\t\t\t<div class=\"elementor-column elementor-col-100 elementor-top-column elementor-element elementor-element-5abba3c\" data-id=\"5abba3c\" data-element_type=\"column\" data-e-type=\"column\">\n\t\t\t<div class=\"elementor-widget-wrap elementor-element-populated\">\n\t\t\t\t\t\t<div class=\"elementor-element elementor-element-aef6904 elementor-widget elementor-widget-image-gallery\" data-id=\"aef6904\" data-element_type=\"widget\" data-e-type=\"widget\" data-widget_type=\"image-gallery.default\">\n\t\t\t\t<div class=\"elementor-widget-container\">\n\t\t\t\t\t\t\t<div class=\"elementor-image-gallery\">\n\t\t\t<div id='gallery-3' class='gallery galleryid-3479 gallery-columns-2 gallery-size-medium_large'><figure class='gallery-item'>\n\t\t\t<div class='gallery-icon landscape'>\n\t\t\t\t<a data-elementor-open-lightbox=\"yes\" data-elementor-lightbox-slideshow=\"aef6904\" data-elementor-lightbox-title=\"6\" data-e-action-hash=\"#elementor-action%3Aaction%3Dlightbox%26settings%3DeyJpZCI6MzQ4NiwidXJsIjoiaHR0cHM6XC9cL3d3dy55b3V0aGZvcmVxdWFsaXR5LnNrXC93cC1jb250ZW50XC91cGxvYWRzXC8yMDIxXC8xMVwvNi5qcGciLCJzbGlkZXNob3ciOiJhZWY2OTA0In0%3D\" href='https:\/\/www.youthforequality.sk\/wp-content\/uploads\/2021\/11\/6.jpg'><img loading=\"lazy\" decoding=\"async\" width=\"768\" height=\"576\" src=\"https:\/\/www.youthforequality.sk\/wp-content\/uploads\/2021\/11\/6-768x576.jpg\" class=\"attachment-medium_large size-medium_large\" alt=\"\" srcset=\"https:\/\/www.youthforequality.sk\/wp-content\/uploads\/2021\/11\/6-768x576.jpg 768w, https:\/\/www.youthforequality.sk\/wp-content\/uploads\/2021\/11\/6-300x225.jpg 300w, https:\/\/www.youthforequality.sk\/wp-content\/uploads\/2021\/11\/6.jpg 850w\" sizes=\"(max-width: 768px) 100vw, 768px\" \/><\/a>\n\t\t\t<\/div><\/figure><figure class='gallery-item'>\n\t\t\t<div class='gallery-icon portrait'>\n\t\t\t\t<a data-elementor-open-lightbox=\"yes\" data-elementor-lightbox-slideshow=\"aef6904\" data-elementor-lightbox-title=\"7\" data-e-action-hash=\"#elementor-action%3Aaction%3Dlightbox%26settings%3DeyJpZCI6MzQ4NSwidXJsIjoiaHR0cHM6XC9cL3d3dy55b3V0aGZvcmVxdWFsaXR5LnNrXC93cC1jb250ZW50XC91cGxvYWRzXC8yMDIxXC8xMVwvNy5qcGciLCJzbGlkZXNob3ciOiJhZWY2OTA0In0%3D\" href='https:\/\/www.youthforequality.sk\/wp-content\/uploads\/2021\/11\/7.jpg'><img loading=\"lazy\" decoding=\"async\" width=\"600\" height=\"800\" src=\"https:\/\/www.youthforequality.sk\/wp-content\/uploads\/2021\/11\/7.jpg\" class=\"attachment-medium_large size-medium_large\" alt=\"\" srcset=\"https:\/\/www.youthforequality.sk\/wp-content\/uploads\/2021\/11\/7.jpg 600w, https:\/\/www.youthforequality.sk\/wp-content\/uploads\/2021\/11\/7-225x300.jpg 225w\" sizes=\"(max-width: 600px) 100vw, 600px\" \/><\/a>\n\t\t\t<\/div><\/figure>\n\t\t<\/div>\n\t\t<\/div>\n\t\t\t\t\t\t<\/div>\n\t\t\t\t<\/div>\n\t\t\t\t\t<\/div>\n\t\t<\/div>\n\t\t\t\t\t<\/div>\n\t\t<\/section>\n\t\t\t\t<section class=\"elementor-section elementor-top-section elementor-element elementor-element-833fcb4 elementor-section-boxed elementor-section-height-default elementor-section-height-default\" data-id=\"833fcb4\" data-element_type=\"section\" data-e-type=\"section\">\n\t\t\t\t\t\t<div class=\"elementor-container elementor-column-gap-default\">\n\t\t\t\t\t<div class=\"elementor-column elementor-col-100 elementor-top-column elementor-element elementor-element-758da03\" data-id=\"758da03\" data-element_type=\"column\" data-e-type=\"column\">\n\t\t\t<div class=\"elementor-widget-wrap elementor-element-populated\">\n\t\t\t\t\t\t<div class=\"elementor-element elementor-element-d30ba04 elementor-widget elementor-widget-text-editor\" data-id=\"d30ba04\" data-element_type=\"widget\" data-e-type=\"widget\" data-widget_type=\"text-editor.default\">\n\t\t\t\t<div class=\"elementor-widget-container\">\n\t\t\t\t\t\t\t\t\t<p><strong>PRAV\u00c1 TV\u00c1R PALERMA<\/strong><\/p><p>Odvr\u00e1tenou str\u00e1nkou bolo prostredie, v\u00a0ktorom sa nach\u00e1dzalo na\u0161e ubytovanie aj re\u0161taur\u00e1cie, kam sme chodili jes\u0165. Sic\u00edlia je rodiskom mafie a\u00a0miestami som mala pocit, \u017ee hr\u00e1m v\u00a0nejakom mafi\u00e1nskom filme, a\u00a0preto sa (najm\u00e4) po ve\u010deroch budem zdr\u017eiava\u0165 len v\u00a0skupinke. Bolo to premyslen\u00e9, preto\u017ee dan\u00e9 prostredie kr\u00e1sne zapadalo do hlavnej my\u0161lienky n\u00e1\u0161ho projektu, a\u00a0tak sme si na vlastnej ko\u017ei mohli vysk\u00fa\u0161a\u0165 ak\u00e9 to je, ke\u010f niekde skr\u00e1tka nepatr\u00edte. A\u00a0tie\u017e sme na vlastn\u00e9 o\u010di videli osudy \u013eud\u00ed, ktor\u00ed nemali to \u0161\u0165astie, aby pre\u017eili cel\u00fd svoj \u017eivot vo svojich rodn\u00fdch krajin\u00e1ch, a\u00a0tak robia, \u010do m\u00f4\u017eu, len aby nejako pre\u017eili a\u00a0udr\u017eali si\u00a0strechu nad hlavou. Keby sa ma niekto op\u00fdtal, \u010di to ubralo na pozit\u00edvnom hodnoten\u00ed cel\u00e9ho projektu, odpovedala by som, \u017ee pr\u00e1ve naopak. Bolo to autentick\u00e9, \u010do dne\u0161n\u00e9mu svetu tak trochu ch\u00fdba. Prin\u00fatilo to \u010dloveka zamyslie\u0165 sa, a\u00a0o\u00a0to v\u00a0kone\u010dnom d\u00f4sledku na podobn\u00fdch projektoch ide. V\u00a0dne\u0161nom instagramovom svete maj\u00fa mnoh\u00ed z\u00a0n\u00e1s probl\u00e9m rozl\u00ed\u0161i\u0165 skuto\u010dnos\u0165 od umelo vytvoren\u00e9ho, a\u00a0preto je dobr\u00e9 si ob\u010das pripomen\u00fa\u0165 autentickos\u0165 ka\u017edodenn\u00e9ho \u017eivota.<\/p>\t\t\t\t\t\t\t\t<\/div>\n\t\t\t\t<\/div>\n\t\t\t\t\t<\/div>\n\t\t<\/div>\n\t\t\t\t\t<\/div>\n\t\t<\/section>\n\t\t\t\t<section class=\"elementor-section elementor-top-section elementor-element elementor-element-dd77b6f elementor-section-boxed elementor-section-height-default elementor-section-height-default\" data-id=\"dd77b6f\" data-element_type=\"section\" data-e-type=\"section\">\n\t\t\t\t\t\t<div class=\"elementor-container elementor-column-gap-default\">\n\t\t\t\t\t<div class=\"elementor-column elementor-col-100 elementor-top-column elementor-element elementor-element-c48d9f9\" data-id=\"c48d9f9\" data-element_type=\"column\" data-e-type=\"column\">\n\t\t\t<div class=\"elementor-widget-wrap elementor-element-populated\">\n\t\t\t\t\t\t<div class=\"elementor-element elementor-element-1870160 elementor-widget elementor-widget-image-gallery\" data-id=\"1870160\" data-element_type=\"widget\" data-e-type=\"widget\" data-widget_type=\"image-gallery.default\">\n\t\t\t\t<div class=\"elementor-widget-container\">\n\t\t\t\t\t\t\t<div class=\"elementor-image-gallery\">\n\t\t\t<div id='gallery-4' class='gallery galleryid-3479 gallery-columns-3 gallery-size-medium'><figure class='gallery-item'>\n\t\t\t<div class='gallery-icon portrait'>\n\t\t\t\t<a data-elementor-open-lightbox=\"yes\" data-elementor-lightbox-slideshow=\"1870160\" data-elementor-lightbox-title=\"8\" data-e-action-hash=\"#elementor-action%3Aaction%3Dlightbox%26settings%3DeyJpZCI6MzQ4OSwidXJsIjoiaHR0cHM6XC9cL3d3dy55b3V0aGZvcmVxdWFsaXR5LnNrXC93cC1jb250ZW50XC91cGxvYWRzXC8yMDIxXC8xMVwvOC5qcGciLCJzbGlkZXNob3ciOiIxODcwMTYwIn0%3D\" href='https:\/\/www.youthforequality.sk\/wp-content\/uploads\/2021\/11\/8.jpg'><img loading=\"lazy\" decoding=\"async\" width=\"184\" height=\"300\" src=\"https:\/\/www.youthforequality.sk\/wp-content\/uploads\/2021\/11\/8-184x300.jpg\" class=\"attachment-medium size-medium\" alt=\"\" srcset=\"https:\/\/www.youthforequality.sk\/wp-content\/uploads\/2021\/11\/8-184x300.jpg 184w, https:\/\/www.youthforequality.sk\/wp-content\/uploads\/2021\/11\/8.jpg 534w\" sizes=\"(max-width: 184px) 100vw, 184px\" \/><\/a>\n\t\t\t<\/div><\/figure><figure class='gallery-item'>\n\t\t\t<div class='gallery-icon portrait'>\n\t\t\t\t<a data-elementor-open-lightbox=\"yes\" data-elementor-lightbox-slideshow=\"1870160\" data-elementor-lightbox-title=\"10\" data-e-action-hash=\"#elementor-action%3Aaction%3Dlightbox%26settings%3DeyJpZCI6MzQ4NywidXJsIjoiaHR0cHM6XC9cL3d3dy55b3V0aGZvcmVxdWFsaXR5LnNrXC93cC1jb250ZW50XC91cGxvYWRzXC8yMDIxXC8xMVwvMTAtcm90YXRlZC5qcGciLCJzbGlkZXNob3ciOiIxODcwMTYwIn0%3D\" href='https:\/\/www.youthforequality.sk\/wp-content\/uploads\/2021\/11\/10-rotated.jpg'><img loading=\"lazy\" decoding=\"async\" width=\"191\" height=\"300\" src=\"https:\/\/www.youthforequality.sk\/wp-content\/uploads\/2021\/11\/10-191x300.jpg\" class=\"attachment-medium size-medium\" alt=\"\" srcset=\"https:\/\/www.youthforequality.sk\/wp-content\/uploads\/2021\/11\/10-191x300.jpg 191w, https:\/\/www.youthforequality.sk\/wp-content\/uploads\/2021\/11\/10-rotated.jpg 449w\" sizes=\"(max-width: 191px) 100vw, 191px\" \/><\/a>\n\t\t\t<\/div><\/figure><figure class='gallery-item'>\n\t\t\t<div class='gallery-icon portrait'>\n\t\t\t\t<a data-elementor-open-lightbox=\"yes\" data-elementor-lightbox-slideshow=\"1870160\" data-elementor-lightbox-title=\"9\" data-e-action-hash=\"#elementor-action%3Aaction%3Dlightbox%26settings%3DeyJpZCI6MzQ4OCwidXJsIjoiaHR0cHM6XC9cL3d3dy55b3V0aGZvcmVxdWFsaXR5LnNrXC93cC1jb250ZW50XC91cGxvYWRzXC8yMDIxXC8xMVwvOS5qcGciLCJzbGlkZXNob3ciOiIxODcwMTYwIn0%3D\" href='https:\/\/www.youthforequality.sk\/wp-content\/uploads\/2021\/11\/9.jpg'><img loading=\"lazy\" decoding=\"async\" width=\"222\" height=\"300\" src=\"https:\/\/www.youthforequality.sk\/wp-content\/uploads\/2021\/11\/9-222x300.jpg\" class=\"attachment-medium size-medium\" alt=\"\" srcset=\"https:\/\/www.youthforequality.sk\/wp-content\/uploads\/2021\/11\/9-222x300.jpg 222w, https:\/\/www.youthforequality.sk\/wp-content\/uploads\/2021\/11\/9.jpg 644w\" sizes=\"(max-width: 222px) 100vw, 222px\" \/><\/a>\n\t\t\t<\/div><\/figure>\n\t\t<\/div>\n\t\t<\/div>\n\t\t\t\t\t\t<\/div>\n\t\t\t\t<\/div>\n\t\t\t\t\t<\/div>\n\t\t<\/div>\n\t\t\t\t\t<\/div>\n\t\t<\/section>\n\t\t\t\t<section class=\"elementor-section elementor-top-section elementor-element elementor-element-3df23c2 elementor-section-boxed elementor-section-height-default elementor-section-height-default\" data-id=\"3df23c2\" data-element_type=\"section\" data-e-type=\"section\">\n\t\t\t\t\t\t<div class=\"elementor-container elementor-column-gap-default\">\n\t\t\t\t\t<div class=\"elementor-column elementor-col-100 elementor-top-column elementor-element elementor-element-6e955ee\" data-id=\"6e955ee\" data-element_type=\"column\" data-e-type=\"column\">\n\t\t\t<div class=\"elementor-widget-wrap elementor-element-populated\">\n\t\t\t\t\t\t<div class=\"elementor-element elementor-element-0aff229 elementor-widget elementor-widget-text-editor\" data-id=\"0aff229\" data-element_type=\"widget\" data-e-type=\"widget\" data-widget_type=\"text-editor.default\">\n\t\t\t\t<div class=\"elementor-widget-container\">\n\t\t\t\t\t\t\t\t\t<p><strong>CHO\u010e DO TOHO!<\/strong><\/p><p>\u00a0A keby sa ma niekto op\u00fdtal, \u010di by som si ml\u00e1de\u017en\u00edcku v\u00fdmenu zopakovala, bez v\u00e1hania by som odpovedala, \u017ee \u00e1no! Ak niekto rozm\u00fd\u0161\u013ea alebo pochybuje, tak m\u00f4j odkaz znie, nech na chv\u00ed\u013eu vypne hlavu a riadi sa srdcom, potom vznikaj\u00fa tie najkraj\u0161ie z\u00e1\u017eitky a priate\u013estv\u00e1 na cel\u00fd \u017eivot. \ud83d\ude42\u00a0<\/p><p>\u00a0<\/p><p>Zuzka Kropuchov\u00e1<\/p>\t\t\t\t\t\t\t\t<\/div>\n\t\t\t\t<\/div>\n\t\t\t\t\t<\/div>\n\t\t<\/div>\n\t\t\t\t\t<\/div>\n\t\t<\/section>\n\t\t\t\t<section class=\"elementor-section elementor-top-section elementor-element elementor-element-2ce4ccd elementor-section-boxed elementor-section-height-default elementor-section-height-default\" data-id=\"2ce4ccd\" data-element_type=\"section\" data-e-type=\"section\">\n\t\t\t\t\t\t<div class=\"elementor-container elementor-column-gap-default\">\n\t\t\t\t\t<div class=\"elementor-column elementor-col-100 elementor-top-column elementor-element elementor-element-31f24a2\" data-id=\"31f24a2\" data-element_type=\"column\" data-e-type=\"column\">\n\t\t\t<div class=\"elementor-widget-wrap elementor-element-populated\">\n\t\t\t\t\t\t<div class=\"elementor-element elementor-element-c1955db elementor-widget elementor-widget-image-gallery\" data-id=\"c1955db\" data-element_type=\"widget\" data-e-type=\"widget\" data-widget_type=\"image-gallery.default\">\n\t\t\t\t<div class=\"elementor-widget-container\">\n\t\t\t\t\t\t\t<div class=\"elementor-image-gallery\">\n\t\t\t<div id='gallery-5' class='gallery galleryid-3479 gallery-columns-2 gallery-size-medium_large'><figure class='gallery-item'>\n\t\t\t<div class='gallery-icon portrait'>\n\t\t\t\t<a data-elementor-open-lightbox=\"yes\" data-elementor-lightbox-slideshow=\"c1955db\" data-elementor-lightbox-title=\"11\" data-e-action-hash=\"#elementor-action%3Aaction%3Dlightbox%26settings%3DeyJpZCI6MzQ5MiwidXJsIjoiaHR0cHM6XC9cL3d3dy55b3V0aGZvcmVxdWFsaXR5LnNrXC93cC1jb250ZW50XC91cGxvYWRzXC8yMDIxXC8xMVwvMTEuanBnIiwic2xpZGVzaG93IjoiYzE5NTVkYiJ9\" href='https:\/\/www.youthforequality.sk\/wp-content\/uploads\/2021\/11\/11.jpg'><img loading=\"lazy\" decoding=\"async\" width=\"621\" height=\"827\" src=\"https:\/\/www.youthforequality.sk\/wp-content\/uploads\/2021\/11\/11.jpg\" class=\"attachment-medium_large size-medium_large\" alt=\"\" srcset=\"https:\/\/www.youthforequality.sk\/wp-content\/uploads\/2021\/11\/11.jpg 621w, https:\/\/www.youthforequality.sk\/wp-content\/uploads\/2021\/11\/11-225x300.jpg 225w\" sizes=\"(max-width: 621px) 100vw, 621px\" \/><\/a>\n\t\t\t<\/div><\/figure><figure class='gallery-item'>\n\t\t\t<div class='gallery-icon portrait'>\n\t\t\t\t<a data-elementor-open-lightbox=\"yes\" data-elementor-lightbox-slideshow=\"c1955db\" data-elementor-lightbox-title=\"12\" data-e-action-hash=\"#elementor-action%3Aaction%3Dlightbox%26settings%3DeyJpZCI6MzQ5MSwidXJsIjoiaHR0cHM6XC9cL3d3dy55b3V0aGZvcmVxdWFsaXR5LnNrXC93cC1jb250ZW50XC91cGxvYWRzXC8yMDIxXC8xMVwvMTIuanBnIiwic2xpZGVzaG93IjoiYzE5NTVkYiJ9\" href='https:\/\/www.youthforequality.sk\/wp-content\/uploads\/2021\/11\/12.jpg'><img loading=\"lazy\" decoding=\"async\" width=\"620\" height=\"827\" src=\"https:\/\/www.youthforequality.sk\/wp-content\/uploads\/2021\/11\/12.jpg\" class=\"attachment-medium_large size-medium_large\" alt=\"\" srcset=\"https:\/\/www.youthforequality.sk\/wp-content\/uploads\/2021\/11\/12.jpg 620w, https:\/\/www.youthforequality.sk\/wp-content\/uploads\/2021\/11\/12-225x300.jpg 225w\" sizes=\"(max-width: 620px) 100vw, 620px\" \/><\/a>\n\t\t\t<\/div><\/figure>\n\t\t<\/div>\n\t\t<\/div>\n\t\t\t\t\t\t<\/div>\n\t\t\t\t<\/div>\n\t\t\t\t\t<\/div>\n\t\t<\/div>\n\t\t\t\t\t<\/div>\n\t\t<\/section>\n\t\t\t\t<section class=\"elementor-section elementor-top-section elementor-element elementor-element-dafa53c elementor-section-boxed elementor-section-height-default elementor-section-height-default\" data-id=\"dafa53c\" data-element_type=\"section\" data-e-type=\"section\">\n\t\t\t\t\t\t<div class=\"elementor-container elementor-column-gap-default\">\n\t\t\t\t\t<div class=\"elementor-column elementor-col-100 elementor-top-column elementor-element elementor-element-3020f78\" data-id=\"3020f78\" data-element_type=\"column\" data-e-type=\"column\">\n\t\t\t<div class=\"elementor-widget-wrap elementor-element-populated\">\n\t\t\t\t\t\t<div class=\"elementor-element elementor-element-b30386b elementor-widget elementor-widget-image\" data-id=\"b30386b\" data-element_type=\"widget\" data-e-type=\"widget\" data-widget_type=\"image.default\">\n\t\t\t\t<div class=\"elementor-widget-container\">\n\t\t\t\t\t\t\t\t\t\t\t\t\t\t\t<img loading=\"lazy\" decoding=\"async\" width=\"1001\" height=\"752\" src=\"https:\/\/www.youthforequality.sk\/wp-content\/uploads\/2021\/11\/13.jpg\" class=\"attachment-large size-large wp-image-3490\" alt=\"\" srcset=\"https:\/\/www.youthforequality.sk\/wp-content\/uploads\/2021\/11\/13.jpg 1001w, https:\/\/www.youthforequality.sk\/wp-content\/uploads\/2021\/11\/13-300x225.jpg 300w, https:\/\/www.youthforequality.sk\/wp-content\/uploads\/2021\/11\/13-768x577.jpg 768w\" sizes=\"(max-width: 1001px) 100vw, 1001px\" \/>\t\t\t\t\t\t\t\t\t\t\t\t\t\t\t<\/div>\n\t\t\t\t<\/div>\n\t\t\t\t\t<\/div>\n\t\t<\/div>\n\t\t\t\t\t<\/div>\n\t\t<\/section>\n\t\t\t\t<\/div>\n\t\t","protected":false},"excerpt":{"rendered":"<p>Taliansko, umenie, tanec, divadlo, zvu\u010dn\u00e1 talian\u010dina, temperamentn\u00ed Taliani, najchutnej\u0161ie jedlo, \u00fa\u017easn\u00ed \u013eudia = jeden z&nbsp;najlep\u0161\u00edch t\u00fd\u017ed\u0148ov m\u00f4jho \u017eivota! V&nbsp;druhej polovici okt\u00f3bra som spolu s&nbsp;\u010fal\u0161\u00edmi \u0161tyrmi Slovenkami vycestovala na slne\u010dn\u00fa Sic\u00edliu, kde sa konala ml\u00e1de\u017en\u00edcka v\u00fdmena na ve\u013emi aktu\u00e1lnu t\u00e9mu diskrimin\u00e1cie. Hlavn\u00fdm cie\u013eom projektu bolo hlb\u0161ie porozumie\u0165 t\u00e9mam migr\u00e1cie, soci\u00e1lneho za\u010dlenenia a&nbsp;diskrimin\u00e1cie, \u010do n\u00e1s \u00fa\u010dastn\u00edkov malo&hellip;&nbsp;<a href=\"https:\/\/www.youthforequality.sk\/index.php\/2021\/11\/10\/aeneas-v-palerme-alebo-ako-som-si-zahrala-v-divadle-na-slnecnej-sicilii\/\" class=\"\" rel=\"bookmark\">\u010c\u00edta\u0165 viac &raquo;<span class=\"screen-reader-text\">AENEAS v Palerme alebo ako som si zahrala v divadle na slne\u010dnej Sic\u00edlii<\/span><\/a><\/p>\n","protected":false},"author":6,"featured_media":3480,"comment_status":"closed","ping_status":"open","sticky":false,"template":"","format":"standard","meta":{"_uf_show_specific_survey":0,"_uf_disable_surveys":false,"neve_meta_sidebar":"","neve_meta_container":"","neve_meta_enable_content_width":"","neve_meta_content_width":0,"neve_meta_title_alignment":"","neve_meta_author_avatar":"","neve_post_elements_order":"","neve_meta_disable_header":"","neve_meta_disable_footer":"","neve_meta_disable_title":"","_themeisle_gutenberg_block_has_review":false,"footnotes":""},"categories":[3],"tags":[],"class_list":["post-3479","post","type-post","status-publish","format-standard","has-post-thumbnail","hentry","category-blog"],"yoast_head":"<!-- This site is optimized with the Yoast SEO plugin v27.4 - https:\/\/yoast.com\/product\/yoast-seo-wordpress\/ -->\n<title>AENEAS v Palerme alebo ako som si zahrala v divadle na slne\u010dnej Sic\u00edlii |<\/title>\n<meta name=\"robots\" content=\"index, follow, max-snippet:-1, max-image-preview:large, max-video-preview:-1\" \/>\n<link rel=\"canonical\" href=\"https:\/\/www.youthforequality.sk\/index.php\/2021\/11\/10\/aeneas-v-palerme-alebo-ako-som-si-zahrala-v-divadle-na-slnecnej-sicilii\/\" \/>\n<meta property=\"og:locale\" content=\"sk_SK\" \/>\n<meta property=\"og:type\" content=\"article\" \/>\n<meta property=\"og:title\" content=\"AENEAS v Palerme alebo ako som si zahrala v divadle na slne\u010dnej Sic\u00edlii |\" \/>\n<meta property=\"og:description\" content=\"Taliansko, umenie, tanec, divadlo, zvu\u010dn\u00e1 talian\u010dina, temperamentn\u00ed Taliani, najchutnej\u0161ie jedlo, \u00fa\u017easn\u00ed \u013eudia = jeden z&nbsp;najlep\u0161\u00edch t\u00fd\u017ed\u0148ov m\u00f4jho \u017eivota! V&nbsp;druhej polovici okt\u00f3bra som spolu s&nbsp;\u010fal\u0161\u00edmi \u0161tyrmi Slovenkami vycestovala na slne\u010dn\u00fa Sic\u00edliu, kde sa konala ml\u00e1de\u017en\u00edcka v\u00fdmena na ve\u013emi aktu\u00e1lnu t\u00e9mu diskrimin\u00e1cie. Hlavn\u00fdm cie\u013eom projektu bolo hlb\u0161ie porozumie\u0165 t\u00e9mam migr\u00e1cie, soci\u00e1lneho za\u010dlenenia a&nbsp;diskrimin\u00e1cie, \u010do n\u00e1s \u00fa\u010dastn\u00edkov malo&hellip;&nbsp;\u010c\u00edta\u0165 viac &raquo;AENEAS v Palerme alebo ako som si zahrala v divadle na slne\u010dnej Sic\u00edlii\" \/>\n<meta property=\"og:url\" content=\"https:\/\/www.youthforequality.sk\/index.php\/2021\/11\/10\/aeneas-v-palerme-alebo-ako-som-si-zahrala-v-divadle-na-slnecnej-sicilii\/\" \/>\n<meta property=\"article:publisher\" content=\"https:\/\/www.facebook.com\/yeslovakia\" \/>\n<meta property=\"article:published_time\" content=\"2021-11-10T10:29:37+00:00\" \/>\n<meta property=\"article:modified_time\" content=\"2021-11-10T10:39:45+00:00\" \/>\n<meta property=\"og:image\" content=\"https:\/\/www.youthforequality.sk\/wp-content\/uploads\/2021\/11\/1.jpg\" \/>\n\t<meta property=\"og:image:width\" content=\"1600\" \/>\n\t<meta property=\"og:image:height\" content=\"940\" \/>\n\t<meta property=\"og:image:type\" content=\"image\/jpeg\" \/>\n<meta name=\"author\" content=\"wiki\" \/>\n<meta name=\"twitter:card\" content=\"summary_large_image\" \/>\n<meta name=\"twitter:label1\" content=\"Autor\" \/>\n\t<meta name=\"twitter:data1\" content=\"wiki\" \/>\n\t<meta name=\"twitter:label2\" content=\"Predpokladan\u00fd \u010das \u010d\u00edtania\" \/>\n\t<meta name=\"twitter:data2\" content=\"6 min\u00fat\" \/>\n<script type=\"application\/ld+json\" class=\"yoast-schema-graph\">{\"@context\":\"https:\\\/\\\/schema.org\",\"@graph\":[{\"@type\":\"Article\",\"@id\":\"https:\\\/\\\/www.youthforequality.sk\\\/index.php\\\/2021\\\/11\\\/10\\\/aeneas-v-palerme-alebo-ako-som-si-zahrala-v-divadle-na-slnecnej-sicilii\\\/#article\",\"isPartOf\":{\"@id\":\"https:\\\/\\\/www.youthforequality.sk\\\/index.php\\\/2021\\\/11\\\/10\\\/aeneas-v-palerme-alebo-ako-som-si-zahrala-v-divadle-na-slnecnej-sicilii\\\/\"},\"author\":{\"name\":\"wiki\",\"@id\":\"https:\\\/\\\/www.youthforequality.sk\\\/#\\\/schema\\\/person\\\/41e987664144336433c641d34b270d1b\"},\"headline\":\"AENEAS v Palerme alebo ako som si zahrala v divadle na slne\u010dnej Sic\u00edlii\",\"datePublished\":\"2021-11-10T10:29:37+00:00\",\"dateModified\":\"2021-11-10T10:39:45+00:00\",\"mainEntityOfPage\":{\"@id\":\"https:\\\/\\\/www.youthforequality.sk\\\/index.php\\\/2021\\\/11\\\/10\\\/aeneas-v-palerme-alebo-ako-som-si-zahrala-v-divadle-na-slnecnej-sicilii\\\/\"},\"wordCount\":971,\"publisher\":{\"@id\":\"https:\\\/\\\/www.youthforequality.sk\\\/#organization\"},\"image\":{\"@id\":\"https:\\\/\\\/www.youthforequality.sk\\\/index.php\\\/2021\\\/11\\\/10\\\/aeneas-v-palerme-alebo-ako-som-si-zahrala-v-divadle-na-slnecnej-sicilii\\\/#primaryimage\"},\"thumbnailUrl\":\"https:\\\/\\\/www.youthforequality.sk\\\/wp-content\\\/uploads\\\/2021\\\/11\\\/1.jpg\",\"articleSection\":[\"Blog\"],\"inLanguage\":\"sk-SK\"},{\"@type\":\"WebPage\",\"@id\":\"https:\\\/\\\/www.youthforequality.sk\\\/index.php\\\/2021\\\/11\\\/10\\\/aeneas-v-palerme-alebo-ako-som-si-zahrala-v-divadle-na-slnecnej-sicilii\\\/\",\"url\":\"https:\\\/\\\/www.youthforequality.sk\\\/index.php\\\/2021\\\/11\\\/10\\\/aeneas-v-palerme-alebo-ako-som-si-zahrala-v-divadle-na-slnecnej-sicilii\\\/\",\"name\":\"AENEAS v Palerme alebo ako som si zahrala v divadle na slne\u010dnej Sic\u00edlii |\",\"isPartOf\":{\"@id\":\"https:\\\/\\\/www.youthforequality.sk\\\/#website\"},\"primaryImageOfPage\":{\"@id\":\"https:\\\/\\\/www.youthforequality.sk\\\/index.php\\\/2021\\\/11\\\/10\\\/aeneas-v-palerme-alebo-ako-som-si-zahrala-v-divadle-na-slnecnej-sicilii\\\/#primaryimage\"},\"image\":{\"@id\":\"https:\\\/\\\/www.youthforequality.sk\\\/index.php\\\/2021\\\/11\\\/10\\\/aeneas-v-palerme-alebo-ako-som-si-zahrala-v-divadle-na-slnecnej-sicilii\\\/#primaryimage\"},\"thumbnailUrl\":\"https:\\\/\\\/www.youthforequality.sk\\\/wp-content\\\/uploads\\\/2021\\\/11\\\/1.jpg\",\"datePublished\":\"2021-11-10T10:29:37+00:00\",\"dateModified\":\"2021-11-10T10:39:45+00:00\",\"breadcrumb\":{\"@id\":\"https:\\\/\\\/www.youthforequality.sk\\\/index.php\\\/2021\\\/11\\\/10\\\/aeneas-v-palerme-alebo-ako-som-si-zahrala-v-divadle-na-slnecnej-sicilii\\\/#breadcrumb\"},\"inLanguage\":\"sk-SK\",\"potentialAction\":[{\"@type\":\"ReadAction\",\"target\":[\"https:\\\/\\\/www.youthforequality.sk\\\/index.php\\\/2021\\\/11\\\/10\\\/aeneas-v-palerme-alebo-ako-som-si-zahrala-v-divadle-na-slnecnej-sicilii\\\/\"]}]},{\"@type\":\"ImageObject\",\"inLanguage\":\"sk-SK\",\"@id\":\"https:\\\/\\\/www.youthforequality.sk\\\/index.php\\\/2021\\\/11\\\/10\\\/aeneas-v-palerme-alebo-ako-som-si-zahrala-v-divadle-na-slnecnej-sicilii\\\/#primaryimage\",\"url\":\"https:\\\/\\\/www.youthforequality.sk\\\/wp-content\\\/uploads\\\/2021\\\/11\\\/1.jpg\",\"contentUrl\":\"https:\\\/\\\/www.youthforequality.sk\\\/wp-content\\\/uploads\\\/2021\\\/11\\\/1.jpg\",\"width\":1600,\"height\":940},{\"@type\":\"BreadcrumbList\",\"@id\":\"https:\\\/\\\/www.youthforequality.sk\\\/index.php\\\/2021\\\/11\\\/10\\\/aeneas-v-palerme-alebo-ako-som-si-zahrala-v-divadle-na-slnecnej-sicilii\\\/#breadcrumb\",\"itemListElement\":[{\"@type\":\"ListItem\",\"position\":1,\"name\":\"Home\",\"item\":\"https:\\\/\\\/www.youthforequality.sk\\\/\"},{\"@type\":\"ListItem\",\"position\":2,\"name\":\"AENEAS v Palerme alebo ako som si zahrala v divadle na slne\u010dnej Sic\u00edlii\"}]},{\"@type\":\"WebSite\",\"@id\":\"https:\\\/\\\/www.youthforequality.sk\\\/#website\",\"url\":\"https:\\\/\\\/www.youthforequality.sk\\\/\",\"name\":\"\",\"description\":\"\",\"publisher\":{\"@id\":\"https:\\\/\\\/www.youthforequality.sk\\\/#organization\"},\"potentialAction\":[{\"@type\":\"SearchAction\",\"target\":{\"@type\":\"EntryPoint\",\"urlTemplate\":\"https:\\\/\\\/www.youthforequality.sk\\\/?s={search_term_string}\"},\"query-input\":{\"@type\":\"PropertyValueSpecification\",\"valueRequired\":true,\"valueName\":\"search_term_string\"}}],\"inLanguage\":\"sk-SK\"},{\"@type\":\"Organization\",\"@id\":\"https:\\\/\\\/www.youthforequality.sk\\\/#organization\",\"name\":\"Youth for Equality\",\"url\":\"https:\\\/\\\/www.youthforequality.sk\\\/\",\"logo\":{\"@type\":\"ImageObject\",\"inLanguage\":\"sk-SK\",\"@id\":\"https:\\\/\\\/www.youthforequality.sk\\\/#\\\/schema\\\/logo\\\/image\\\/\",\"url\":\"https:\\\/\\\/www.youthforequality.sk\\\/wp-content\\\/uploads\\\/2021\\\/01\\\/vynovene-logo-nove-farby_modra-na-web.png\",\"contentUrl\":\"https:\\\/\\\/www.youthforequality.sk\\\/wp-content\\\/uploads\\\/2021\\\/01\\\/vynovene-logo-nove-farby_modra-na-web.png\",\"width\":1,\"height\":1,\"caption\":\"Youth for Equality\"},\"image\":{\"@id\":\"https:\\\/\\\/www.youthforequality.sk\\\/#\\\/schema\\\/logo\\\/image\\\/\"},\"sameAs\":[\"https:\\\/\\\/www.facebook.com\\\/yeslovakia\"]},{\"@type\":\"Person\",\"@id\":\"https:\\\/\\\/www.youthforequality.sk\\\/#\\\/schema\\\/person\\\/41e987664144336433c641d34b270d1b\",\"name\":\"wiki\",\"image\":{\"@type\":\"ImageObject\",\"inLanguage\":\"sk-SK\",\"@id\":\"https:\\\/\\\/secure.gravatar.com\\\/avatar\\\/57cac84b94061d1af6548f41cd07cbee960ab67f3b80825c4b192af947aa3c0f?s=96&d=mm&r=g\",\"url\":\"https:\\\/\\\/secure.gravatar.com\\\/avatar\\\/57cac84b94061d1af6548f41cd07cbee960ab67f3b80825c4b192af947aa3c0f?s=96&d=mm&r=g\",\"contentUrl\":\"https:\\\/\\\/secure.gravatar.com\\\/avatar\\\/57cac84b94061d1af6548f41cd07cbee960ab67f3b80825c4b192af947aa3c0f?s=96&d=mm&r=g\",\"caption\":\"wiki\"},\"url\":\"https:\\\/\\\/www.youthforequality.sk\\\/index.php\\\/author\\\/janbor\\\/\"}]}<\/script>\n<!-- \/ Yoast SEO plugin. -->","yoast_head_json":{"title":"AENEAS v Palerme alebo ako som si zahrala v divadle na slne\u010dnej Sic\u00edlii |","robots":{"index":"index","follow":"follow","max-snippet":"max-snippet:-1","max-image-preview":"max-image-preview:large","max-video-preview":"max-video-preview:-1"},"canonical":"https:\/\/www.youthforequality.sk\/index.php\/2021\/11\/10\/aeneas-v-palerme-alebo-ako-som-si-zahrala-v-divadle-na-slnecnej-sicilii\/","og_locale":"sk_SK","og_type":"article","og_title":"AENEAS v Palerme alebo ako som si zahrala v divadle na slne\u010dnej Sic\u00edlii |","og_description":"Taliansko, umenie, tanec, divadlo, zvu\u010dn\u00e1 talian\u010dina, temperamentn\u00ed Taliani, najchutnej\u0161ie jedlo, \u00fa\u017easn\u00ed \u013eudia = jeden z&nbsp;najlep\u0161\u00edch t\u00fd\u017ed\u0148ov m\u00f4jho \u017eivota! V&nbsp;druhej polovici okt\u00f3bra som spolu s&nbsp;\u010fal\u0161\u00edmi \u0161tyrmi Slovenkami vycestovala na slne\u010dn\u00fa Sic\u00edliu, kde sa konala ml\u00e1de\u017en\u00edcka v\u00fdmena na ve\u013emi aktu\u00e1lnu t\u00e9mu diskrimin\u00e1cie. Hlavn\u00fdm cie\u013eom projektu bolo hlb\u0161ie porozumie\u0165 t\u00e9mam migr\u00e1cie, soci\u00e1lneho za\u010dlenenia a&nbsp;diskrimin\u00e1cie, \u010do n\u00e1s \u00fa\u010dastn\u00edkov malo&hellip;&nbsp;\u010c\u00edta\u0165 viac &raquo;AENEAS v Palerme alebo ako som si zahrala v divadle na slne\u010dnej Sic\u00edlii","og_url":"https:\/\/www.youthforequality.sk\/index.php\/2021\/11\/10\/aeneas-v-palerme-alebo-ako-som-si-zahrala-v-divadle-na-slnecnej-sicilii\/","article_publisher":"https:\/\/www.facebook.com\/yeslovakia","article_published_time":"2021-11-10T10:29:37+00:00","article_modified_time":"2021-11-10T10:39:45+00:00","og_image":[{"width":1600,"height":940,"url":"https:\/\/www.youthforequality.sk\/wp-content\/uploads\/2021\/11\/1.jpg","type":"image\/jpeg"}],"author":"wiki","twitter_card":"summary_large_image","twitter_misc":{"Autor":"wiki","Predpokladan\u00fd \u010das \u010d\u00edtania":"6 min\u00fat"},"schema":{"@context":"https:\/\/schema.org","@graph":[{"@type":"Article","@id":"https:\/\/www.youthforequality.sk\/index.php\/2021\/11\/10\/aeneas-v-palerme-alebo-ako-som-si-zahrala-v-divadle-na-slnecnej-sicilii\/#article","isPartOf":{"@id":"https:\/\/www.youthforequality.sk\/index.php\/2021\/11\/10\/aeneas-v-palerme-alebo-ako-som-si-zahrala-v-divadle-na-slnecnej-sicilii\/"},"author":{"name":"wiki","@id":"https:\/\/www.youthforequality.sk\/#\/schema\/person\/41e987664144336433c641d34b270d1b"},"headline":"AENEAS v Palerme alebo ako som si zahrala v divadle na slne\u010dnej Sic\u00edlii","datePublished":"2021-11-10T10:29:37+00:00","dateModified":"2021-11-10T10:39:45+00:00","mainEntityOfPage":{"@id":"https:\/\/www.youthforequality.sk\/index.php\/2021\/11\/10\/aeneas-v-palerme-alebo-ako-som-si-zahrala-v-divadle-na-slnecnej-sicilii\/"},"wordCount":971,"publisher":{"@id":"https:\/\/www.youthforequality.sk\/#organization"},"image":{"@id":"https:\/\/www.youthforequality.sk\/index.php\/2021\/11\/10\/aeneas-v-palerme-alebo-ako-som-si-zahrala-v-divadle-na-slnecnej-sicilii\/#primaryimage"},"thumbnailUrl":"https:\/\/www.youthforequality.sk\/wp-content\/uploads\/2021\/11\/1.jpg","articleSection":["Blog"],"inLanguage":"sk-SK"},{"@type":"WebPage","@id":"https:\/\/www.youthforequality.sk\/index.php\/2021\/11\/10\/aeneas-v-palerme-alebo-ako-som-si-zahrala-v-divadle-na-slnecnej-sicilii\/","url":"https:\/\/www.youthforequality.sk\/index.php\/2021\/11\/10\/aeneas-v-palerme-alebo-ako-som-si-zahrala-v-divadle-na-slnecnej-sicilii\/","name":"AENEAS v Palerme alebo ako som si zahrala v divadle na slne\u010dnej Sic\u00edlii |","isPartOf":{"@id":"https:\/\/www.youthforequality.sk\/#website"},"primaryImageOfPage":{"@id":"https:\/\/www.youthforequality.sk\/index.php\/2021\/11\/10\/aeneas-v-palerme-alebo-ako-som-si-zahrala-v-divadle-na-slnecnej-sicilii\/#primaryimage"},"image":{"@id":"https:\/\/www.youthforequality.sk\/index.php\/2021\/11\/10\/aeneas-v-palerme-alebo-ako-som-si-zahrala-v-divadle-na-slnecnej-sicilii\/#primaryimage"},"thumbnailUrl":"https:\/\/www.youthforequality.sk\/wp-content\/uploads\/2021\/11\/1.jpg","datePublished":"2021-11-10T10:29:37+00:00","dateModified":"2021-11-10T10:39:45+00:00","breadcrumb":{"@id":"https:\/\/www.youthforequality.sk\/index.php\/2021\/11\/10\/aeneas-v-palerme-alebo-ako-som-si-zahrala-v-divadle-na-slnecnej-sicilii\/#breadcrumb"},"inLanguage":"sk-SK","potentialAction":[{"@type":"ReadAction","target":["https:\/\/www.youthforequality.sk\/index.php\/2021\/11\/10\/aeneas-v-palerme-alebo-ako-som-si-zahrala-v-divadle-na-slnecnej-sicilii\/"]}]},{"@type":"ImageObject","inLanguage":"sk-SK","@id":"https:\/\/www.youthforequality.sk\/index.php\/2021\/11\/10\/aeneas-v-palerme-alebo-ako-som-si-zahrala-v-divadle-na-slnecnej-sicilii\/#primaryimage","url":"https:\/\/www.youthforequality.sk\/wp-content\/uploads\/2021\/11\/1.jpg","contentUrl":"https:\/\/www.youthforequality.sk\/wp-content\/uploads\/2021\/11\/1.jpg","width":1600,"height":940},{"@type":"BreadcrumbList","@id":"https:\/\/www.youthforequality.sk\/index.php\/2021\/11\/10\/aeneas-v-palerme-alebo-ako-som-si-zahrala-v-divadle-na-slnecnej-sicilii\/#breadcrumb","itemListElement":[{"@type":"ListItem","position":1,"name":"Home","item":"https:\/\/www.youthforequality.sk\/"},{"@type":"ListItem","position":2,"name":"AENEAS v Palerme alebo ako som si zahrala v divadle na slne\u010dnej Sic\u00edlii"}]},{"@type":"WebSite","@id":"https:\/\/www.youthforequality.sk\/#website","url":"https:\/\/www.youthforequality.sk\/","name":"","description":"","publisher":{"@id":"https:\/\/www.youthforequality.sk\/#organization"},"potentialAction":[{"@type":"SearchAction","target":{"@type":"EntryPoint","urlTemplate":"https:\/\/www.youthforequality.sk\/?s={search_term_string}"},"query-input":{"@type":"PropertyValueSpecification","valueRequired":true,"valueName":"search_term_string"}}],"inLanguage":"sk-SK"},{"@type":"Organization","@id":"https:\/\/www.youthforequality.sk\/#organization","name":"Youth for Equality","url":"https:\/\/www.youthforequality.sk\/","logo":{"@type":"ImageObject","inLanguage":"sk-SK","@id":"https:\/\/www.youthforequality.sk\/#\/schema\/logo\/image\/","url":"https:\/\/www.youthforequality.sk\/wp-content\/uploads\/2021\/01\/vynovene-logo-nove-farby_modra-na-web.png","contentUrl":"https:\/\/www.youthforequality.sk\/wp-content\/uploads\/2021\/01\/vynovene-logo-nove-farby_modra-na-web.png","width":1,"height":1,"caption":"Youth for Equality"},"image":{"@id":"https:\/\/www.youthforequality.sk\/#\/schema\/logo\/image\/"},"sameAs":["https:\/\/www.facebook.com\/yeslovakia"]},{"@type":"Person","@id":"https:\/\/www.youthforequality.sk\/#\/schema\/person\/41e987664144336433c641d34b270d1b","name":"wiki","image":{"@type":"ImageObject","inLanguage":"sk-SK","@id":"https:\/\/secure.gravatar.com\/avatar\/57cac84b94061d1af6548f41cd07cbee960ab67f3b80825c4b192af947aa3c0f?s=96&d=mm&r=g","url":"https:\/\/secure.gravatar.com\/avatar\/57cac84b94061d1af6548f41cd07cbee960ab67f3b80825c4b192af947aa3c0f?s=96&d=mm&r=g","contentUrl":"https:\/\/secure.gravatar.com\/avatar\/57cac84b94061d1af6548f41cd07cbee960ab67f3b80825c4b192af947aa3c0f?s=96&d=mm&r=g","caption":"wiki"},"url":"https:\/\/www.youthforequality.sk\/index.php\/author\/janbor\/"}]}},"_links":{"self":[{"href":"https:\/\/www.youthforequality.sk\/index.php\/wp-json\/wp\/v2\/posts\/3479","targetHints":{"allow":["GET"]}}],"collection":[{"href":"https:\/\/www.youthforequality.sk\/index.php\/wp-json\/wp\/v2\/posts"}],"about":[{"href":"https:\/\/www.youthforequality.sk\/index.php\/wp-json\/wp\/v2\/types\/post"}],"author":[{"embeddable":true,"href":"https:\/\/www.youthforequality.sk\/index.php\/wp-json\/wp\/v2\/users\/6"}],"replies":[{"embeddable":true,"href":"https:\/\/www.youthforequality.sk\/index.php\/wp-json\/wp\/v2\/comments?post=3479"}],"version-history":[{"count":8,"href":"https:\/\/www.youthforequality.sk\/index.php\/wp-json\/wp\/v2\/posts\/3479\/revisions"}],"predecessor-version":[{"id":3500,"href":"https:\/\/www.youthforequality.sk\/index.php\/wp-json\/wp\/v2\/posts\/3479\/revisions\/3500"}],"wp:featuredmedia":[{"embeddable":true,"href":"https:\/\/www.youthforequality.sk\/index.php\/wp-json\/wp\/v2\/media\/3480"}],"wp:attachment":[{"href":"https:\/\/www.youthforequality.sk\/index.php\/wp-json\/wp\/v2\/media?parent=3479"}],"wp:term":[{"taxonomy":"category","embeddable":true,"href":"https:\/\/www.youthforequality.sk\/index.php\/wp-json\/wp\/v2\/categories?post=3479"},{"taxonomy":"post_tag","embeddable":true,"href":"https:\/\/www.youthforequality.sk\/index.php\/wp-json\/wp\/v2\/tags?post=3479"}],"curies":[{"name":"wp","href":"https:\/\/api.w.org\/{rel}","templated":true}]}}