{"id":3644,"date":"2021-12-07T14:52:36","date_gmt":"2021-12-07T13:52:36","guid":{"rendered":"https:\/\/www.youthforequality.sk\/?p=3644"},"modified":"2021-12-10T16:46:26","modified_gmt":"2021-12-10T15:46:26","slug":"donate-organs-safe-lives","status":"publish","type":"post","link":"https:\/\/www.youthforequality.sk\/index.php\/2021\/12\/07\/donate-organs-safe-lives\/","title":{"rendered":"5 n\u00e1rodnost\u00ed, 1 miesto, 1 projekt"},"content":{"rendered":"\t\t<div data-elementor-type=\"wp-post\" data-elementor-id=\"3644\" class=\"elementor elementor-3644\">\n\t\t\t\t\t\t<section class=\"elementor-section elementor-top-section elementor-element elementor-element-dedb672 elementor-section-boxed elementor-section-height-default elementor-section-height-default\" data-id=\"dedb672\" data-element_type=\"section\" data-e-type=\"section\">\n\t\t\t\t\t\t<div class=\"elementor-container elementor-column-gap-default\">\n\t\t\t\t\t<div class=\"elementor-column elementor-col-50 elementor-top-column elementor-element elementor-element-2aa02d9\" data-id=\"2aa02d9\" data-element_type=\"column\" data-e-type=\"column\">\n\t\t\t<div class=\"elementor-widget-wrap elementor-element-populated\">\n\t\t\t\t\t\t<div class=\"elementor-element elementor-element-63376c2 elementor-widget elementor-widget-text-editor\" data-id=\"63376c2\" data-element_type=\"widget\" data-e-type=\"widget\" data-widget_type=\"text-editor.default\">\n\t\t\t\t<div class=\"elementor-widget-container\">\n\t\t\t\t\t\t\t\t\t<p>V d\u0148och od 16. do 23. septembra sa skupina \u00f4smich odv\u00e1\u017enych mlad\u00fdch Slov\u00e1kov z\u00fa\u010dastnila medzin\u00e1rodnej ml\u00e1de\u017en\u00edckej v\u00fdmeny s n\u00e1zvom &#8222;Donate organs, save lives!&#8220; v slne\u010dnom tureckom meste Izmir.<\/p><p>\u00a0<\/p><p>Po\u010das t\u00fd\u017ed\u0148a sme diskutovali o kladoch a z\u00e1poroch darovania org\u00e1nov, tvorili sme r\u00f4zne projekty, porovn\u00e1vali priebeh tohto procesu v rozli\u010dn\u00fdch krajin\u00e1ch a pomocou city-game sme nie len spoznali mesto, ale zis\u0165ovali sme aj povedomie miestnych obyvate\u013eov oh\u013eadom danej t\u00e9my.<\/p>\t\t\t\t\t\t\t\t<\/div>\n\t\t\t\t<\/div>\n\t\t\t\t\t<\/div>\n\t\t<\/div>\n\t\t\t\t<div class=\"elementor-column elementor-col-50 elementor-top-column elementor-element elementor-element-58d9535\" data-id=\"58d9535\" data-element_type=\"column\" data-e-type=\"column\">\n\t\t\t<div class=\"elementor-widget-wrap elementor-element-populated\">\n\t\t\t\t\t\t<div class=\"elementor-element elementor-element-3836220 elementor-widget elementor-widget-image\" data-id=\"3836220\" data-element_type=\"widget\" data-e-type=\"widget\" data-widget_type=\"image.default\">\n\t\t\t\t<div class=\"elementor-widget-container\">\n\t\t\t\t\t\t\t\t\t\t\t\t\t\t\t<img fetchpriority=\"high\" decoding=\"async\" width=\"768\" height=\"843\" src=\"https:\/\/www.youthforequality.sk\/wp-content\/uploads\/2021\/12\/IMG-20210929-WA0071-768x843.jpg\" class=\"attachment-medium_large size-medium_large wp-image-3645\" alt=\"\" srcset=\"https:\/\/www.youthforequality.sk\/wp-content\/uploads\/2021\/12\/IMG-20210929-WA0071-768x843.jpg 768w, https:\/\/www.youthforequality.sk\/wp-content\/uploads\/2021\/12\/IMG-20210929-WA0071-273x300.jpg 273w, https:\/\/www.youthforequality.sk\/wp-content\/uploads\/2021\/12\/IMG-20210929-WA0071-933x1024.jpg 933w, https:\/\/www.youthforequality.sk\/wp-content\/uploads\/2021\/12\/IMG-20210929-WA0071.jpg 1140w\" sizes=\"(max-width: 768px) 100vw, 768px\" \/>\t\t\t\t\t\t\t\t\t\t\t\t\t\t\t<\/div>\n\t\t\t\t<\/div>\n\t\t\t\t\t<\/div>\n\t\t<\/div>\n\t\t\t\t\t<\/div>\n\t\t<\/section>\n\t\t\t\t<section class=\"elementor-section elementor-top-section elementor-element elementor-element-a1bed13 elementor-section-boxed elementor-section-height-default elementor-section-height-default\" data-id=\"a1bed13\" data-element_type=\"section\" data-e-type=\"section\">\n\t\t\t\t\t\t<div class=\"elementor-container elementor-column-gap-default\">\n\t\t\t\t\t<div class=\"elementor-column elementor-col-100 elementor-top-column elementor-element elementor-element-b8b66e2\" data-id=\"b8b66e2\" data-element_type=\"column\" data-e-type=\"column\">\n\t\t\t<div class=\"elementor-widget-wrap elementor-element-populated\">\n\t\t\t\t\t\t<div class=\"elementor-element elementor-element-0a85a02 elementor-widget elementor-widget-text-editor\" data-id=\"0a85a02\" data-element_type=\"widget\" data-e-type=\"widget\" data-widget_type=\"text-editor.default\">\n\t\t\t\t<div class=\"elementor-widget-container\">\n\t\t\t\t\t\t\t\t\t<p>Projekt sa v\u0161ak neniesol iba v duchu predn\u00e1\u0161ok a diskusi\u00ed, ale napr\u00edklad ka\u017ed\u00fd ve\u010der sme nav\u0161tevovali hodiny zumby, a tak sa pripravovali na na\u0161u z\u00e1vere\u010dn\u00fa aktivitu, pri ktorej sme cvi\u010dili v centre mesta a pomocou vlastne vytvoren\u00fdch plag\u00e1tov sme sa o problematike darovania org\u00e1nov sna\u017eili obozn\u00e1mi\u0165 \u010do najv\u00e4\u010d\u0161ie mno\u017estvo \u013eud\u00ed.\u00a0<\/p><p>Napriek nabit\u00e9mu programu sme v\u0161ak mali \u010das aj na relax, z\u00e1bavu, spozn\u00e1vanie novej kult\u00fary, tureck\u00fa k\u00e1vu a utu\u017eovanie vz\u0165ahov medzi \u00fa\u010dastn\u00edkmi. Organiz\u00e1tori n\u00e1s cez vo\u013en\u00fd de\u0148 zobrali do starogr\u00e9ckeho mesta Ephesus, vinnej dedinky \u015eirince a dokonca sme mali mo\u017eno u\u017ei\u0165 si aj slnko na jednej z tureck\u00fdch pl\u00e1\u017e\u00ed.<\/p><p>Mysl\u00edm, \u017ee v Turecku sme sa stretli naozaj dobr\u00e1 partia a domov sme si odniesli mno\u017estvo nov\u00fdch inform\u00e1ci\u00ed, sk\u00fasenost\u00ed, z\u00edskali sme nespo\u010detne ve\u013ea nov\u00fdch z\u00e1\u017eitkov a priate\u013estiev na cel\u00fd \u017eivot.<\/p><p>\u00a0<\/p><p>Lucia Prokopov\u00e1<\/p>\t\t\t\t\t\t\t\t<\/div>\n\t\t\t\t<\/div>\n\t\t\t\t\t<\/div>\n\t\t<\/div>\n\t\t\t\t\t<\/div>\n\t\t<\/section>\n\t\t\t\t<section class=\"elementor-section elementor-top-section elementor-element elementor-element-67713ac elementor-section-boxed elementor-section-height-default elementor-section-height-default\" data-id=\"67713ac\" data-element_type=\"section\" data-e-type=\"section\">\n\t\t\t\t\t\t<div class=\"elementor-container elementor-column-gap-default\">\n\t\t\t\t\t<div class=\"elementor-column elementor-col-100 elementor-top-column elementor-element elementor-element-6a3d18f\" data-id=\"6a3d18f\" data-element_type=\"column\" data-e-type=\"column\">\n\t\t\t<div class=\"elementor-widget-wrap elementor-element-populated\">\n\t\t\t\t\t\t<div class=\"elementor-element elementor-element-9a45fd2 elementor-widget elementor-widget-image\" data-id=\"9a45fd2\" data-element_type=\"widget\" data-e-type=\"widget\" data-widget_type=\"image.default\">\n\t\t\t\t<div class=\"elementor-widget-container\">\n\t\t\t\t\t\t\t\t\t\t\t\t\t\t\t<img decoding=\"async\" width=\"1024\" height=\"983\" src=\"https:\/\/www.youthforequality.sk\/wp-content\/uploads\/2021\/12\/IMG-20210929-WA0044-1-1024x983.jpg\" class=\"attachment-large size-large wp-image-3647\" alt=\"\" srcset=\"https:\/\/www.youthforequality.sk\/wp-content\/uploads\/2021\/12\/IMG-20210929-WA0044-1-1024x983.jpg 1024w, https:\/\/www.youthforequality.sk\/wp-content\/uploads\/2021\/12\/IMG-20210929-WA0044-1-300x288.jpg 300w, https:\/\/www.youthforequality.sk\/wp-content\/uploads\/2021\/12\/IMG-20210929-WA0044-1-768x737.jpg 768w, https:\/\/www.youthforequality.sk\/wp-content\/uploads\/2021\/12\/IMG-20210929-WA0044-1.jpg 1199w\" sizes=\"(max-width: 1024px) 100vw, 1024px\" \/>\t\t\t\t\t\t\t\t\t\t\t\t\t\t\t<\/div>\n\t\t\t\t<\/div>\n\t\t\t\t\t<\/div>\n\t\t<\/div>\n\t\t\t\t\t<\/div>\n\t\t<\/section>\n\t\t\t\t<\/div>\n\t\t","protected":false},"excerpt":{"rendered":"<p>V d\u0148och od 16. do 23. septembra sa skupina \u00f4smich odv\u00e1\u017enych mlad\u00fdch Slov\u00e1kov z\u00fa\u010dastnila medzin\u00e1rodnej ml\u00e1de\u017en\u00edckej v\u00fdmeny s n\u00e1zvom &#8222;Donate organs, save lives!&#8220; v slne\u010dnom tureckom meste Izmir. \u00a0 Po\u010das t\u00fd\u017ed\u0148a sme diskutovali o kladoch a z\u00e1poroch darovania org\u00e1nov, tvorili sme r\u00f4zne projekty, porovn\u00e1vali priebeh tohto procesu v rozli\u010dn\u00fdch krajin\u00e1ch a pomocou city-game sme nie&hellip;&nbsp;<a href=\"https:\/\/www.youthforequality.sk\/index.php\/2021\/12\/07\/donate-organs-safe-lives\/\" class=\"\" rel=\"bookmark\">\u010c\u00edta\u0165 viac &raquo;<span class=\"screen-reader-text\">5 n\u00e1rodnost\u00ed, 1 miesto, 1 projekt<\/span><\/a><\/p>\n","protected":false},"author":6,"featured_media":3654,"comment_status":"closed","ping_status":"open","sticky":false,"template":"","format":"standard","meta":{"_uf_show_specific_survey":0,"_uf_disable_surveys":false,"neve_meta_sidebar":"","neve_meta_container":"","neve_meta_enable_content_width":"","neve_meta_content_width":0,"neve_meta_title_alignment":"","neve_meta_author_avatar":"","neve_post_elements_order":"","neve_meta_disable_header":"","neve_meta_disable_footer":"","neve_meta_disable_title":"","_themeisle_gutenberg_block_has_review":false,"footnotes":""},"categories":[3],"tags":[],"class_list":["post-3644","post","type-post","status-publish","format-standard","has-post-thumbnail","hentry","category-blog"],"yoast_head":"<!-- This site is optimized with the Yoast SEO plugin v27.4 - https:\/\/yoast.com\/product\/yoast-seo-wordpress\/ -->\n<title>5 n\u00e1rodnost\u00ed, 1 miesto, 1 projekt |<\/title>\n<meta name=\"robots\" content=\"index, follow, max-snippet:-1, max-image-preview:large, max-video-preview:-1\" \/>\n<link rel=\"canonical\" href=\"https:\/\/www.youthforequality.sk\/index.php\/2021\/12\/07\/donate-organs-safe-lives\/\" \/>\n<meta property=\"og:locale\" content=\"sk_SK\" \/>\n<meta property=\"og:type\" content=\"article\" \/>\n<meta property=\"og:title\" content=\"5 n\u00e1rodnost\u00ed, 1 miesto, 1 projekt |\" \/>\n<meta property=\"og:description\" content=\"V d\u0148och od 16. do 23. septembra sa skupina \u00f4smich odv\u00e1\u017enych mlad\u00fdch Slov\u00e1kov z\u00fa\u010dastnila medzin\u00e1rodnej ml\u00e1de\u017en\u00edckej v\u00fdmeny s n\u00e1zvom &#8222;Donate organs, save lives!&#8220; v slne\u010dnom tureckom meste Izmir. \u00a0 Po\u010das t\u00fd\u017ed\u0148a sme diskutovali o kladoch a z\u00e1poroch darovania org\u00e1nov, tvorili sme r\u00f4zne projekty, porovn\u00e1vali priebeh tohto procesu v rozli\u010dn\u00fdch krajin\u00e1ch a pomocou city-game sme nie&hellip;&nbsp;\u010c\u00edta\u0165 viac &raquo;5 n\u00e1rodnost\u00ed, 1 miesto, 1 projekt\" \/>\n<meta property=\"og:url\" content=\"https:\/\/www.youthforequality.sk\/index.php\/2021\/12\/07\/donate-organs-safe-lives\/\" \/>\n<meta property=\"article:publisher\" content=\"https:\/\/www.facebook.com\/yeslovakia\" \/>\n<meta property=\"article:published_time\" content=\"2021-12-07T13:52:36+00:00\" \/>\n<meta property=\"article:modified_time\" content=\"2021-12-10T15:46:26+00:00\" \/>\n<meta property=\"og:image\" content=\"https:\/\/www.youthforequality.sk\/wp-content\/uploads\/2021\/12\/izmir1-1.jpg\" \/>\n\t<meta property=\"og:image:width\" content=\"1682\" \/>\n\t<meta property=\"og:image:height\" content=\"1330\" \/>\n\t<meta property=\"og:image:type\" content=\"image\/jpeg\" \/>\n<meta name=\"author\" content=\"wiki\" \/>\n<meta name=\"twitter:card\" content=\"summary_large_image\" \/>\n<meta name=\"twitter:label1\" content=\"Autor\" \/>\n\t<meta name=\"twitter:data1\" content=\"wiki\" \/>\n\t<meta name=\"twitter:label2\" content=\"Predpokladan\u00fd \u010das \u010d\u00edtania\" \/>\n\t<meta name=\"twitter:data2\" content=\"2 min\u00faty\" \/>\n<script type=\"application\/ld+json\" class=\"yoast-schema-graph\">{\"@context\":\"https:\\\/\\\/schema.org\",\"@graph\":[{\"@type\":\"Article\",\"@id\":\"https:\\\/\\\/www.youthforequality.sk\\\/index.php\\\/2021\\\/12\\\/07\\\/donate-organs-safe-lives\\\/#article\",\"isPartOf\":{\"@id\":\"https:\\\/\\\/www.youthforequality.sk\\\/index.php\\\/2021\\\/12\\\/07\\\/donate-organs-safe-lives\\\/\"},\"author\":{\"name\":\"wiki\",\"@id\":\"https:\\\/\\\/www.youthforequality.sk\\\/#\\\/schema\\\/person\\\/41e987664144336433c641d34b270d1b\"},\"headline\":\"5 n\u00e1rodnost\u00ed, 1 miesto, 1 projekt\",\"datePublished\":\"2021-12-07T13:52:36+00:00\",\"dateModified\":\"2021-12-10T15:46:26+00:00\",\"mainEntityOfPage\":{\"@id\":\"https:\\\/\\\/www.youthforequality.sk\\\/index.php\\\/2021\\\/12\\\/07\\\/donate-organs-safe-lives\\\/\"},\"wordCount\":269,\"publisher\":{\"@id\":\"https:\\\/\\\/www.youthforequality.sk\\\/#organization\"},\"image\":{\"@id\":\"https:\\\/\\\/www.youthforequality.sk\\\/index.php\\\/2021\\\/12\\\/07\\\/donate-organs-safe-lives\\\/#primaryimage\"},\"thumbnailUrl\":\"https:\\\/\\\/www.youthforequality.sk\\\/wp-content\\\/uploads\\\/2021\\\/12\\\/izmir1-1.jpg\",\"articleSection\":[\"Blog\"],\"inLanguage\":\"sk-SK\"},{\"@type\":\"WebPage\",\"@id\":\"https:\\\/\\\/www.youthforequality.sk\\\/index.php\\\/2021\\\/12\\\/07\\\/donate-organs-safe-lives\\\/\",\"url\":\"https:\\\/\\\/www.youthforequality.sk\\\/index.php\\\/2021\\\/12\\\/07\\\/donate-organs-safe-lives\\\/\",\"name\":\"5 n\u00e1rodnost\u00ed, 1 miesto, 1 projekt |\",\"isPartOf\":{\"@id\":\"https:\\\/\\\/www.youthforequality.sk\\\/#website\"},\"primaryImageOfPage\":{\"@id\":\"https:\\\/\\\/www.youthforequality.sk\\\/index.php\\\/2021\\\/12\\\/07\\\/donate-organs-safe-lives\\\/#primaryimage\"},\"image\":{\"@id\":\"https:\\\/\\\/www.youthforequality.sk\\\/index.php\\\/2021\\\/12\\\/07\\\/donate-organs-safe-lives\\\/#primaryimage\"},\"thumbnailUrl\":\"https:\\\/\\\/www.youthforequality.sk\\\/wp-content\\\/uploads\\\/2021\\\/12\\\/izmir1-1.jpg\",\"datePublished\":\"2021-12-07T13:52:36+00:00\",\"dateModified\":\"2021-12-10T15:46:26+00:00\",\"breadcrumb\":{\"@id\":\"https:\\\/\\\/www.youthforequality.sk\\\/index.php\\\/2021\\\/12\\\/07\\\/donate-organs-safe-lives\\\/#breadcrumb\"},\"inLanguage\":\"sk-SK\",\"potentialAction\":[{\"@type\":\"ReadAction\",\"target\":[\"https:\\\/\\\/www.youthforequality.sk\\\/index.php\\\/2021\\\/12\\\/07\\\/donate-organs-safe-lives\\\/\"]}]},{\"@type\":\"ImageObject\",\"inLanguage\":\"sk-SK\",\"@id\":\"https:\\\/\\\/www.youthforequality.sk\\\/index.php\\\/2021\\\/12\\\/07\\\/donate-organs-safe-lives\\\/#primaryimage\",\"url\":\"https:\\\/\\\/www.youthforequality.sk\\\/wp-content\\\/uploads\\\/2021\\\/12\\\/izmir1-1.jpg\",\"contentUrl\":\"https:\\\/\\\/www.youthforequality.sk\\\/wp-content\\\/uploads\\\/2021\\\/12\\\/izmir1-1.jpg\",\"width\":1682,\"height\":1330},{\"@type\":\"BreadcrumbList\",\"@id\":\"https:\\\/\\\/www.youthforequality.sk\\\/index.php\\\/2021\\\/12\\\/07\\\/donate-organs-safe-lives\\\/#breadcrumb\",\"itemListElement\":[{\"@type\":\"ListItem\",\"position\":1,\"name\":\"Home\",\"item\":\"https:\\\/\\\/www.youthforequality.sk\\\/\"},{\"@type\":\"ListItem\",\"position\":2,\"name\":\"5 n\u00e1rodnost\u00ed, 1 miesto, 1 projekt\"}]},{\"@type\":\"WebSite\",\"@id\":\"https:\\\/\\\/www.youthforequality.sk\\\/#website\",\"url\":\"https:\\\/\\\/www.youthforequality.sk\\\/\",\"name\":\"\",\"description\":\"\",\"publisher\":{\"@id\":\"https:\\\/\\\/www.youthforequality.sk\\\/#organization\"},\"potentialAction\":[{\"@type\":\"SearchAction\",\"target\":{\"@type\":\"EntryPoint\",\"urlTemplate\":\"https:\\\/\\\/www.youthforequality.sk\\\/?s={search_term_string}\"},\"query-input\":{\"@type\":\"PropertyValueSpecification\",\"valueRequired\":true,\"valueName\":\"search_term_string\"}}],\"inLanguage\":\"sk-SK\"},{\"@type\":\"Organization\",\"@id\":\"https:\\\/\\\/www.youthforequality.sk\\\/#organization\",\"name\":\"Youth for Equality\",\"url\":\"https:\\\/\\\/www.youthforequality.sk\\\/\",\"logo\":{\"@type\":\"ImageObject\",\"inLanguage\":\"sk-SK\",\"@id\":\"https:\\\/\\\/www.youthforequality.sk\\\/#\\\/schema\\\/logo\\\/image\\\/\",\"url\":\"https:\\\/\\\/www.youthforequality.sk\\\/wp-content\\\/uploads\\\/2021\\\/01\\\/vynovene-logo-nove-farby_modra-na-web.png\",\"contentUrl\":\"https:\\\/\\\/www.youthforequality.sk\\\/wp-content\\\/uploads\\\/2021\\\/01\\\/vynovene-logo-nove-farby_modra-na-web.png\",\"width\":1,\"height\":1,\"caption\":\"Youth for Equality\"},\"image\":{\"@id\":\"https:\\\/\\\/www.youthforequality.sk\\\/#\\\/schema\\\/logo\\\/image\\\/\"},\"sameAs\":[\"https:\\\/\\\/www.facebook.com\\\/yeslovakia\"]},{\"@type\":\"Person\",\"@id\":\"https:\\\/\\\/www.youthforequality.sk\\\/#\\\/schema\\\/person\\\/41e987664144336433c641d34b270d1b\",\"name\":\"wiki\",\"image\":{\"@type\":\"ImageObject\",\"inLanguage\":\"sk-SK\",\"@id\":\"https:\\\/\\\/secure.gravatar.com\\\/avatar\\\/57cac84b94061d1af6548f41cd07cbee960ab67f3b80825c4b192af947aa3c0f?s=96&d=mm&r=g\",\"url\":\"https:\\\/\\\/secure.gravatar.com\\\/avatar\\\/57cac84b94061d1af6548f41cd07cbee960ab67f3b80825c4b192af947aa3c0f?s=96&d=mm&r=g\",\"contentUrl\":\"https:\\\/\\\/secure.gravatar.com\\\/avatar\\\/57cac84b94061d1af6548f41cd07cbee960ab67f3b80825c4b192af947aa3c0f?s=96&d=mm&r=g\",\"caption\":\"wiki\"},\"url\":\"https:\\\/\\\/www.youthforequality.sk\\\/index.php\\\/author\\\/janbor\\\/\"}]}<\/script>\n<!-- \/ Yoast SEO plugin. -->","yoast_head_json":{"title":"5 n\u00e1rodnost\u00ed, 1 miesto, 1 projekt |","robots":{"index":"index","follow":"follow","max-snippet":"max-snippet:-1","max-image-preview":"max-image-preview:large","max-video-preview":"max-video-preview:-1"},"canonical":"https:\/\/www.youthforequality.sk\/index.php\/2021\/12\/07\/donate-organs-safe-lives\/","og_locale":"sk_SK","og_type":"article","og_title":"5 n\u00e1rodnost\u00ed, 1 miesto, 1 projekt |","og_description":"V d\u0148och od 16. do 23. septembra sa skupina \u00f4smich odv\u00e1\u017enych mlad\u00fdch Slov\u00e1kov z\u00fa\u010dastnila medzin\u00e1rodnej ml\u00e1de\u017en\u00edckej v\u00fdmeny s n\u00e1zvom &#8222;Donate organs, save lives!&#8220; v slne\u010dnom tureckom meste Izmir. \u00a0 Po\u010das t\u00fd\u017ed\u0148a sme diskutovali o kladoch a z\u00e1poroch darovania org\u00e1nov, tvorili sme r\u00f4zne projekty, porovn\u00e1vali priebeh tohto procesu v rozli\u010dn\u00fdch krajin\u00e1ch a pomocou city-game sme nie&hellip;&nbsp;\u010c\u00edta\u0165 viac &raquo;5 n\u00e1rodnost\u00ed, 1 miesto, 1 projekt","og_url":"https:\/\/www.youthforequality.sk\/index.php\/2021\/12\/07\/donate-organs-safe-lives\/","article_publisher":"https:\/\/www.facebook.com\/yeslovakia","article_published_time":"2021-12-07T13:52:36+00:00","article_modified_time":"2021-12-10T15:46:26+00:00","og_image":[{"width":1682,"height":1330,"url":"https:\/\/www.youthforequality.sk\/wp-content\/uploads\/2021\/12\/izmir1-1.jpg","type":"image\/jpeg"}],"author":"wiki","twitter_card":"summary_large_image","twitter_misc":{"Autor":"wiki","Predpokladan\u00fd \u010das \u010d\u00edtania":"2 min\u00faty"},"schema":{"@context":"https:\/\/schema.org","@graph":[{"@type":"Article","@id":"https:\/\/www.youthforequality.sk\/index.php\/2021\/12\/07\/donate-organs-safe-lives\/#article","isPartOf":{"@id":"https:\/\/www.youthforequality.sk\/index.php\/2021\/12\/07\/donate-organs-safe-lives\/"},"author":{"name":"wiki","@id":"https:\/\/www.youthforequality.sk\/#\/schema\/person\/41e987664144336433c641d34b270d1b"},"headline":"5 n\u00e1rodnost\u00ed, 1 miesto, 1 projekt","datePublished":"2021-12-07T13:52:36+00:00","dateModified":"2021-12-10T15:46:26+00:00","mainEntityOfPage":{"@id":"https:\/\/www.youthforequality.sk\/index.php\/2021\/12\/07\/donate-organs-safe-lives\/"},"wordCount":269,"publisher":{"@id":"https:\/\/www.youthforequality.sk\/#organization"},"image":{"@id":"https:\/\/www.youthforequality.sk\/index.php\/2021\/12\/07\/donate-organs-safe-lives\/#primaryimage"},"thumbnailUrl":"https:\/\/www.youthforequality.sk\/wp-content\/uploads\/2021\/12\/izmir1-1.jpg","articleSection":["Blog"],"inLanguage":"sk-SK"},{"@type":"WebPage","@id":"https:\/\/www.youthforequality.sk\/index.php\/2021\/12\/07\/donate-organs-safe-lives\/","url":"https:\/\/www.youthforequality.sk\/index.php\/2021\/12\/07\/donate-organs-safe-lives\/","name":"5 n\u00e1rodnost\u00ed, 1 miesto, 1 projekt |","isPartOf":{"@id":"https:\/\/www.youthforequality.sk\/#website"},"primaryImageOfPage":{"@id":"https:\/\/www.youthforequality.sk\/index.php\/2021\/12\/07\/donate-organs-safe-lives\/#primaryimage"},"image":{"@id":"https:\/\/www.youthforequality.sk\/index.php\/2021\/12\/07\/donate-organs-safe-lives\/#primaryimage"},"thumbnailUrl":"https:\/\/www.youthforequality.sk\/wp-content\/uploads\/2021\/12\/izmir1-1.jpg","datePublished":"2021-12-07T13:52:36+00:00","dateModified":"2021-12-10T15:46:26+00:00","breadcrumb":{"@id":"https:\/\/www.youthforequality.sk\/index.php\/2021\/12\/07\/donate-organs-safe-lives\/#breadcrumb"},"inLanguage":"sk-SK","potentialAction":[{"@type":"ReadAction","target":["https:\/\/www.youthforequality.sk\/index.php\/2021\/12\/07\/donate-organs-safe-lives\/"]}]},{"@type":"ImageObject","inLanguage":"sk-SK","@id":"https:\/\/www.youthforequality.sk\/index.php\/2021\/12\/07\/donate-organs-safe-lives\/#primaryimage","url":"https:\/\/www.youthforequality.sk\/wp-content\/uploads\/2021\/12\/izmir1-1.jpg","contentUrl":"https:\/\/www.youthforequality.sk\/wp-content\/uploads\/2021\/12\/izmir1-1.jpg","width":1682,"height":1330},{"@type":"BreadcrumbList","@id":"https:\/\/www.youthforequality.sk\/index.php\/2021\/12\/07\/donate-organs-safe-lives\/#breadcrumb","itemListElement":[{"@type":"ListItem","position":1,"name":"Home","item":"https:\/\/www.youthforequality.sk\/"},{"@type":"ListItem","position":2,"name":"5 n\u00e1rodnost\u00ed, 1 miesto, 1 projekt"}]},{"@type":"WebSite","@id":"https:\/\/www.youthforequality.sk\/#website","url":"https:\/\/www.youthforequality.sk\/","name":"","description":"","publisher":{"@id":"https:\/\/www.youthforequality.sk\/#organization"},"potentialAction":[{"@type":"SearchAction","target":{"@type":"EntryPoint","urlTemplate":"https:\/\/www.youthforequality.sk\/?s={search_term_string}"},"query-input":{"@type":"PropertyValueSpecification","valueRequired":true,"valueName":"search_term_string"}}],"inLanguage":"sk-SK"},{"@type":"Organization","@id":"https:\/\/www.youthforequality.sk\/#organization","name":"Youth for Equality","url":"https:\/\/www.youthforequality.sk\/","logo":{"@type":"ImageObject","inLanguage":"sk-SK","@id":"https:\/\/www.youthforequality.sk\/#\/schema\/logo\/image\/","url":"https:\/\/www.youthforequality.sk\/wp-content\/uploads\/2021\/01\/vynovene-logo-nove-farby_modra-na-web.png","contentUrl":"https:\/\/www.youthforequality.sk\/wp-content\/uploads\/2021\/01\/vynovene-logo-nove-farby_modra-na-web.png","width":1,"height":1,"caption":"Youth for Equality"},"image":{"@id":"https:\/\/www.youthforequality.sk\/#\/schema\/logo\/image\/"},"sameAs":["https:\/\/www.facebook.com\/yeslovakia"]},{"@type":"Person","@id":"https:\/\/www.youthforequality.sk\/#\/schema\/person\/41e987664144336433c641d34b270d1b","name":"wiki","image":{"@type":"ImageObject","inLanguage":"sk-SK","@id":"https:\/\/secure.gravatar.com\/avatar\/57cac84b94061d1af6548f41cd07cbee960ab67f3b80825c4b192af947aa3c0f?s=96&d=mm&r=g","url":"https:\/\/secure.gravatar.com\/avatar\/57cac84b94061d1af6548f41cd07cbee960ab67f3b80825c4b192af947aa3c0f?s=96&d=mm&r=g","contentUrl":"https:\/\/secure.gravatar.com\/avatar\/57cac84b94061d1af6548f41cd07cbee960ab67f3b80825c4b192af947aa3c0f?s=96&d=mm&r=g","caption":"wiki"},"url":"https:\/\/www.youthforequality.sk\/index.php\/author\/janbor\/"}]}},"_links":{"self":[{"href":"https:\/\/www.youthforequality.sk\/index.php\/wp-json\/wp\/v2\/posts\/3644","targetHints":{"allow":["GET"]}}],"collection":[{"href":"https:\/\/www.youthforequality.sk\/index.php\/wp-json\/wp\/v2\/posts"}],"about":[{"href":"https:\/\/www.youthforequality.sk\/index.php\/wp-json\/wp\/v2\/types\/post"}],"author":[{"embeddable":true,"href":"https:\/\/www.youthforequality.sk\/index.php\/wp-json\/wp\/v2\/users\/6"}],"replies":[{"embeddable":true,"href":"https:\/\/www.youthforequality.sk\/index.php\/wp-json\/wp\/v2\/comments?post=3644"}],"version-history":[{"count":8,"href":"https:\/\/www.youthforequality.sk\/index.php\/wp-json\/wp\/v2\/posts\/3644\/revisions"}],"predecessor-version":[{"id":3682,"href":"https:\/\/www.youthforequality.sk\/index.php\/wp-json\/wp\/v2\/posts\/3644\/revisions\/3682"}],"wp:featuredmedia":[{"embeddable":true,"href":"https:\/\/www.youthforequality.sk\/index.php\/wp-json\/wp\/v2\/media\/3654"}],"wp:attachment":[{"href":"https:\/\/www.youthforequality.sk\/index.php\/wp-json\/wp\/v2\/media?parent=3644"}],"wp:term":[{"taxonomy":"category","embeddable":true,"href":"https:\/\/www.youthforequality.sk\/index.php\/wp-json\/wp\/v2\/categories?post=3644"},{"taxonomy":"post_tag","embeddable":true,"href":"https:\/\/www.youthforequality.sk\/index.php\/wp-json\/wp\/v2\/tags?post=3644"}],"curies":[{"name":"wp","href":"https:\/\/api.w.org\/{rel}","templated":true}]}}