{"id":3656,"date":"2021-12-10T15:30:36","date_gmt":"2021-12-10T14:30:36","guid":{"rendered":"https:\/\/www.youthforequality.sk\/?p=3656"},"modified":"2022-02-17T14:54:09","modified_gmt":"2022-02-17T13:54:09","slug":"the-r-projce-lorca-spanielsko-11-01-17-1-2022","status":"publish","type":"post","link":"https:\/\/www.youthforequality.sk\/index.php\/2021\/12\/10\/the-r-projce-lorca-spanielsko-11-01-17-1-2022\/","title":{"rendered":"The R project | Komotini, Gr\u00e9cko | 21.01. \u2013 24.1.2022"},"content":{"rendered":"\t\t<div data-elementor-type=\"wp-post\" data-elementor-id=\"3656\" class=\"elementor elementor-3656\">\n\t\t\t\t\t\t<section class=\"elementor-section elementor-top-section elementor-element elementor-element-0bf5508 elementor-section-boxed elementor-section-height-default elementor-section-height-default\" data-id=\"0bf5508\" data-element_type=\"section\" data-e-type=\"section\">\n\t\t\t\t\t\t<div class=\"elementor-container elementor-column-gap-default\">\n\t\t\t\t\t<div class=\"elementor-column elementor-col-100 elementor-top-column elementor-element elementor-element-7302fce\" data-id=\"7302fce\" data-element_type=\"column\" data-e-type=\"column\">\n\t\t\t<div class=\"elementor-widget-wrap elementor-element-populated\">\n\t\t\t\t\t\t<div class=\"elementor-element elementor-element-60fadc3 elementor-widget elementor-widget-text-editor\" data-id=\"60fadc3\" data-element_type=\"widget\" data-e-type=\"widget\" data-widget_type=\"text-editor.default\">\n\t\t\t\t<div class=\"elementor-widget-container\">\n\t\t\t\t\t\t\t\t\t<p>The R projekt &#8211; Remember the past, Remind to the present and React for the future .<\/p><p>\u00a0<\/p><p>Cie\u013eom tohto projektu je motivova\u0165 mlad\u00fdch Eur\u00f3panov z 6 r\u00f4znych kraj\u00edn, diskutova\u0165, preh\u013abi\u0165 porozumenie a taktie\u017e vedie\u0165 kona\u0165 ke\u010f \u010delia probl\u00e9mom, ktor\u00e9 sa dot\u00fdkaj\u00fa n\u00e1rodnostn\u00fdch a vyl\u00fa\u010den\u00fdch skup\u00edn. Vezmeme si za pr\u00edklad jednu z najtemnej\u0161\u00edch udalost\u00ed v hist\u00f3rii \u2013 holokaust \u2013 a otv\u00e1ra\u0165 diskusie oh\u013eadom s\u00fa\u010dasnej situ\u00e1cie v Eur\u00f3pe \u010do sa t\u00fdka imigrantov, R\u00f3mov a pod.<\/p><p>\u00a0<\/p><p>Tento projekt m\u00e1 viacero aktiv\u00edt a\u00a0aktu\u00e1lne h\u013ead\u00e1me 9 \u00fa\u010dastn\u00edkov do 26 rokov a\u00a01 l\u00eddra bez vekov\u00e9ho obmedzenia, ktor\u00ed sa z\u00fa\u010dastnia medzin\u00e1rodn\u00e9ho stretnutia za \u00fa\u010delom vytvorenia pr\u00edbehu na z\u00e1klade n\u00e1rodn\u00fdch rozpr\u00e1vkov\u00fdch pr\u00edbehov v\u0161etk\u00fdch z\u00fa\u010dastnen\u00fdch kraj\u00edn.<\/p><p>\u00a0<\/p><p>Cestovn\u00e9, strava a ubytovanie s\u00fa preplaten\u00e9.\u00a0Pros\u00edme posla\u0165 prihl\u00e1\u0161ky do 16.12. <\/p>\t\t\t\t\t\t\t\t<\/div>\n\t\t\t\t<\/div>\n\t\t\t\t\t<\/div>\n\t\t<\/div>\n\t\t\t\t\t<\/div>\n\t\t<\/section>\n\t\t\t\t<\/div>\n\t\t","protected":false},"excerpt":{"rendered":"<p>The R projekt &#8211; Remember the past, Remind to the present and React for the future . Cie\u013eom tohto projektu je motivova\u0165 mlad\u00fdch Eur\u00f3panov z 6 r\u00f4znych kraj\u00edn, diskutova\u0165, preh\u013abi\u0165 porozumenie a taktie\u017e vedie\u0165 kona\u0165 ke\u010f \u010delia probl\u00e9mom, ktor\u00e9 sa dot\u00fdkaj\u00fa n\u00e1rodnostn\u00fdch a vyl\u00fa\u010den\u00fdch skup\u00edn. Vezmeme si za pr\u00edklad jednu z najtemnej\u0161\u00edch udalost\u00ed v hist\u00f3rii&hellip;&nbsp;<a href=\"https:\/\/www.youthforequality.sk\/index.php\/2021\/12\/10\/the-r-projce-lorca-spanielsko-11-01-17-1-2022\/\" class=\"\" rel=\"bookmark\">\u010c\u00edta\u0165 viac &raquo;<span class=\"screen-reader-text\">The R project | Komotini, Gr\u00e9cko | 21.01. \u2013 24.1.2022<\/span><\/a><\/p>\n","protected":false},"author":6,"featured_media":3660,"comment_status":"closed","ping_status":"open","sticky":false,"template":"","format":"standard","meta":{"_uf_show_specific_survey":0,"_uf_disable_surveys":false,"neve_meta_sidebar":"","neve_meta_container":"","neve_meta_enable_content_width":"","neve_meta_content_width":0,"neve_meta_title_alignment":"","neve_meta_author_avatar":"","neve_post_elements_order":"","neve_meta_disable_header":"","neve_meta_disable_footer":"","neve_meta_disable_title":"","_themeisle_gutenberg_block_has_review":false,"footnotes":""},"categories":[1],"tags":[],"class_list":["post-3656","post","type-post","status-publish","format-standard","has-post-thumbnail","hentry","category-uncategorized"],"yoast_head":"<!-- This site is optimized with the Yoast SEO plugin v27.4 - https:\/\/yoast.com\/product\/yoast-seo-wordpress\/ -->\n<title>The R project | Komotini, Gr\u00e9cko | 21.01. \u2013 24.1.2022 |<\/title>\n<meta name=\"robots\" content=\"index, follow, max-snippet:-1, max-image-preview:large, max-video-preview:-1\" \/>\n<link rel=\"canonical\" href=\"https:\/\/www.youthforequality.sk\/index.php\/2021\/12\/10\/the-r-projce-lorca-spanielsko-11-01-17-1-2022\/\" \/>\n<meta property=\"og:locale\" content=\"sk_SK\" \/>\n<meta property=\"og:type\" content=\"article\" \/>\n<meta property=\"og:title\" content=\"The R project | Komotini, Gr\u00e9cko | 21.01. \u2013 24.1.2022 |\" \/>\n<meta property=\"og:description\" content=\"The R projekt &#8211; Remember the past, Remind to the present and React for the future . Cie\u013eom tohto projektu je motivova\u0165 mlad\u00fdch Eur\u00f3panov z 6 r\u00f4znych kraj\u00edn, diskutova\u0165, preh\u013abi\u0165 porozumenie a taktie\u017e vedie\u0165 kona\u0165 ke\u010f \u010delia probl\u00e9mom, ktor\u00e9 sa dot\u00fdkaj\u00fa n\u00e1rodnostn\u00fdch a vyl\u00fa\u010den\u00fdch skup\u00edn. Vezmeme si za pr\u00edklad jednu z najtemnej\u0161\u00edch udalost\u00ed v hist\u00f3rii&hellip;&nbsp;\u010c\u00edta\u0165 viac &raquo;The R project | Komotini, Gr\u00e9cko | 21.01. \u2013 24.1.2022\" \/>\n<meta property=\"og:url\" content=\"https:\/\/www.youthforequality.sk\/index.php\/2021\/12\/10\/the-r-projce-lorca-spanielsko-11-01-17-1-2022\/\" \/>\n<meta property=\"article:publisher\" content=\"https:\/\/www.facebook.com\/yeslovakia\" \/>\n<meta property=\"article:published_time\" content=\"2021-12-10T14:30:36+00:00\" \/>\n<meta property=\"article:modified_time\" content=\"2022-02-17T13:54:09+00:00\" \/>\n<meta property=\"og:image\" content=\"https:\/\/www.youthforequality.sk\/wp-content\/uploads\/2021\/12\/Untitled-design-6.png\" \/>\n\t<meta property=\"og:image:width\" content=\"940\" \/>\n\t<meta property=\"og:image:height\" content=\"788\" \/>\n\t<meta property=\"og:image:type\" content=\"image\/png\" \/>\n<meta name=\"author\" content=\"wiki\" \/>\n<meta name=\"twitter:card\" content=\"summary_large_image\" \/>\n<meta name=\"twitter:label1\" content=\"Autor\" \/>\n\t<meta name=\"twitter:data1\" content=\"wiki\" \/>\n\t<meta name=\"twitter:label2\" content=\"Predpokladan\u00fd \u010das \u010d\u00edtania\" \/>\n\t<meta name=\"twitter:data2\" content=\"1 min\u00fata\" \/>\n<script type=\"application\/ld+json\" class=\"yoast-schema-graph\">{\"@context\":\"https:\\\/\\\/schema.org\",\"@graph\":[{\"@type\":\"Article\",\"@id\":\"https:\\\/\\\/www.youthforequality.sk\\\/index.php\\\/2021\\\/12\\\/10\\\/the-r-projce-lorca-spanielsko-11-01-17-1-2022\\\/#article\",\"isPartOf\":{\"@id\":\"https:\\\/\\\/www.youthforequality.sk\\\/index.php\\\/2021\\\/12\\\/10\\\/the-r-projce-lorca-spanielsko-11-01-17-1-2022\\\/\"},\"author\":{\"name\":\"wiki\",\"@id\":\"https:\\\/\\\/www.youthforequality.sk\\\/#\\\/schema\\\/person\\\/41e987664144336433c641d34b270d1b\"},\"headline\":\"The R project | Komotini, Gr\u00e9cko | 21.01. \u2013 24.1.2022\",\"datePublished\":\"2021-12-10T14:30:36+00:00\",\"dateModified\":\"2022-02-17T13:54:09+00:00\",\"mainEntityOfPage\":{\"@id\":\"https:\\\/\\\/www.youthforequality.sk\\\/index.php\\\/2021\\\/12\\\/10\\\/the-r-projce-lorca-spanielsko-11-01-17-1-2022\\\/\"},\"wordCount\":168,\"publisher\":{\"@id\":\"https:\\\/\\\/www.youthforequality.sk\\\/#organization\"},\"image\":{\"@id\":\"https:\\\/\\\/www.youthforequality.sk\\\/index.php\\\/2021\\\/12\\\/10\\\/the-r-projce-lorca-spanielsko-11-01-17-1-2022\\\/#primaryimage\"},\"thumbnailUrl\":\"https:\\\/\\\/www.youthforequality.sk\\\/wp-content\\\/uploads\\\/2021\\\/12\\\/Untitled-design-6.png\",\"articleSection\":[\"Uncategorized\"],\"inLanguage\":\"sk-SK\"},{\"@type\":\"WebPage\",\"@id\":\"https:\\\/\\\/www.youthforequality.sk\\\/index.php\\\/2021\\\/12\\\/10\\\/the-r-projce-lorca-spanielsko-11-01-17-1-2022\\\/\",\"url\":\"https:\\\/\\\/www.youthforequality.sk\\\/index.php\\\/2021\\\/12\\\/10\\\/the-r-projce-lorca-spanielsko-11-01-17-1-2022\\\/\",\"name\":\"The R project | Komotini, Gr\u00e9cko | 21.01. \u2013 24.1.2022 |\",\"isPartOf\":{\"@id\":\"https:\\\/\\\/www.youthforequality.sk\\\/#website\"},\"primaryImageOfPage\":{\"@id\":\"https:\\\/\\\/www.youthforequality.sk\\\/index.php\\\/2021\\\/12\\\/10\\\/the-r-projce-lorca-spanielsko-11-01-17-1-2022\\\/#primaryimage\"},\"image\":{\"@id\":\"https:\\\/\\\/www.youthforequality.sk\\\/index.php\\\/2021\\\/12\\\/10\\\/the-r-projce-lorca-spanielsko-11-01-17-1-2022\\\/#primaryimage\"},\"thumbnailUrl\":\"https:\\\/\\\/www.youthforequality.sk\\\/wp-content\\\/uploads\\\/2021\\\/12\\\/Untitled-design-6.png\",\"datePublished\":\"2021-12-10T14:30:36+00:00\",\"dateModified\":\"2022-02-17T13:54:09+00:00\",\"breadcrumb\":{\"@id\":\"https:\\\/\\\/www.youthforequality.sk\\\/index.php\\\/2021\\\/12\\\/10\\\/the-r-projce-lorca-spanielsko-11-01-17-1-2022\\\/#breadcrumb\"},\"inLanguage\":\"sk-SK\",\"potentialAction\":[{\"@type\":\"ReadAction\",\"target\":[\"https:\\\/\\\/www.youthforequality.sk\\\/index.php\\\/2021\\\/12\\\/10\\\/the-r-projce-lorca-spanielsko-11-01-17-1-2022\\\/\"]}]},{\"@type\":\"ImageObject\",\"inLanguage\":\"sk-SK\",\"@id\":\"https:\\\/\\\/www.youthforequality.sk\\\/index.php\\\/2021\\\/12\\\/10\\\/the-r-projce-lorca-spanielsko-11-01-17-1-2022\\\/#primaryimage\",\"url\":\"https:\\\/\\\/www.youthforequality.sk\\\/wp-content\\\/uploads\\\/2021\\\/12\\\/Untitled-design-6.png\",\"contentUrl\":\"https:\\\/\\\/www.youthforequality.sk\\\/wp-content\\\/uploads\\\/2021\\\/12\\\/Untitled-design-6.png\",\"width\":940,\"height\":788},{\"@type\":\"BreadcrumbList\",\"@id\":\"https:\\\/\\\/www.youthforequality.sk\\\/index.php\\\/2021\\\/12\\\/10\\\/the-r-projce-lorca-spanielsko-11-01-17-1-2022\\\/#breadcrumb\",\"itemListElement\":[{\"@type\":\"ListItem\",\"position\":1,\"name\":\"Home\",\"item\":\"https:\\\/\\\/www.youthforequality.sk\\\/\"},{\"@type\":\"ListItem\",\"position\":2,\"name\":\"The R project | Komotini, Gr\u00e9cko | 21.01. \u2013 24.1.2022\"}]},{\"@type\":\"WebSite\",\"@id\":\"https:\\\/\\\/www.youthforequality.sk\\\/#website\",\"url\":\"https:\\\/\\\/www.youthforequality.sk\\\/\",\"name\":\"\",\"description\":\"\",\"publisher\":{\"@id\":\"https:\\\/\\\/www.youthforequality.sk\\\/#organization\"},\"potentialAction\":[{\"@type\":\"SearchAction\",\"target\":{\"@type\":\"EntryPoint\",\"urlTemplate\":\"https:\\\/\\\/www.youthforequality.sk\\\/?s={search_term_string}\"},\"query-input\":{\"@type\":\"PropertyValueSpecification\",\"valueRequired\":true,\"valueName\":\"search_term_string\"}}],\"inLanguage\":\"sk-SK\"},{\"@type\":\"Organization\",\"@id\":\"https:\\\/\\\/www.youthforequality.sk\\\/#organization\",\"name\":\"Youth for Equality\",\"url\":\"https:\\\/\\\/www.youthforequality.sk\\\/\",\"logo\":{\"@type\":\"ImageObject\",\"inLanguage\":\"sk-SK\",\"@id\":\"https:\\\/\\\/www.youthforequality.sk\\\/#\\\/schema\\\/logo\\\/image\\\/\",\"url\":\"https:\\\/\\\/www.youthforequality.sk\\\/wp-content\\\/uploads\\\/2021\\\/01\\\/vynovene-logo-nove-farby_modra-na-web.png\",\"contentUrl\":\"https:\\\/\\\/www.youthforequality.sk\\\/wp-content\\\/uploads\\\/2021\\\/01\\\/vynovene-logo-nove-farby_modra-na-web.png\",\"width\":1,\"height\":1,\"caption\":\"Youth for Equality\"},\"image\":{\"@id\":\"https:\\\/\\\/www.youthforequality.sk\\\/#\\\/schema\\\/logo\\\/image\\\/\"},\"sameAs\":[\"https:\\\/\\\/www.facebook.com\\\/yeslovakia\"]},{\"@type\":\"Person\",\"@id\":\"https:\\\/\\\/www.youthforequality.sk\\\/#\\\/schema\\\/person\\\/41e987664144336433c641d34b270d1b\",\"name\":\"wiki\",\"image\":{\"@type\":\"ImageObject\",\"inLanguage\":\"sk-SK\",\"@id\":\"https:\\\/\\\/secure.gravatar.com\\\/avatar\\\/57cac84b94061d1af6548f41cd07cbee960ab67f3b80825c4b192af947aa3c0f?s=96&d=mm&r=g\",\"url\":\"https:\\\/\\\/secure.gravatar.com\\\/avatar\\\/57cac84b94061d1af6548f41cd07cbee960ab67f3b80825c4b192af947aa3c0f?s=96&d=mm&r=g\",\"contentUrl\":\"https:\\\/\\\/secure.gravatar.com\\\/avatar\\\/57cac84b94061d1af6548f41cd07cbee960ab67f3b80825c4b192af947aa3c0f?s=96&d=mm&r=g\",\"caption\":\"wiki\"},\"url\":\"https:\\\/\\\/www.youthforequality.sk\\\/index.php\\\/author\\\/janbor\\\/\"}]}<\/script>\n<!-- \/ Yoast SEO plugin. -->","yoast_head_json":{"title":"The R project | Komotini, Gr\u00e9cko | 21.01. \u2013 24.1.2022 |","robots":{"index":"index","follow":"follow","max-snippet":"max-snippet:-1","max-image-preview":"max-image-preview:large","max-video-preview":"max-video-preview:-1"},"canonical":"https:\/\/www.youthforequality.sk\/index.php\/2021\/12\/10\/the-r-projce-lorca-spanielsko-11-01-17-1-2022\/","og_locale":"sk_SK","og_type":"article","og_title":"The R project | Komotini, Gr\u00e9cko | 21.01. \u2013 24.1.2022 |","og_description":"The R projekt &#8211; Remember the past, Remind to the present and React for the future . Cie\u013eom tohto projektu je motivova\u0165 mlad\u00fdch Eur\u00f3panov z 6 r\u00f4znych kraj\u00edn, diskutova\u0165, preh\u013abi\u0165 porozumenie a taktie\u017e vedie\u0165 kona\u0165 ke\u010f \u010delia probl\u00e9mom, ktor\u00e9 sa dot\u00fdkaj\u00fa n\u00e1rodnostn\u00fdch a vyl\u00fa\u010den\u00fdch skup\u00edn. Vezmeme si za pr\u00edklad jednu z najtemnej\u0161\u00edch udalost\u00ed v hist\u00f3rii&hellip;&nbsp;\u010c\u00edta\u0165 viac &raquo;The R project | Komotini, Gr\u00e9cko | 21.01. \u2013 24.1.2022","og_url":"https:\/\/www.youthforequality.sk\/index.php\/2021\/12\/10\/the-r-projce-lorca-spanielsko-11-01-17-1-2022\/","article_publisher":"https:\/\/www.facebook.com\/yeslovakia","article_published_time":"2021-12-10T14:30:36+00:00","article_modified_time":"2022-02-17T13:54:09+00:00","og_image":[{"width":940,"height":788,"url":"https:\/\/www.youthforequality.sk\/wp-content\/uploads\/2021\/12\/Untitled-design-6.png","type":"image\/png"}],"author":"wiki","twitter_card":"summary_large_image","twitter_misc":{"Autor":"wiki","Predpokladan\u00fd \u010das \u010d\u00edtania":"1 min\u00fata"},"schema":{"@context":"https:\/\/schema.org","@graph":[{"@type":"Article","@id":"https:\/\/www.youthforequality.sk\/index.php\/2021\/12\/10\/the-r-projce-lorca-spanielsko-11-01-17-1-2022\/#article","isPartOf":{"@id":"https:\/\/www.youthforequality.sk\/index.php\/2021\/12\/10\/the-r-projce-lorca-spanielsko-11-01-17-1-2022\/"},"author":{"name":"wiki","@id":"https:\/\/www.youthforequality.sk\/#\/schema\/person\/41e987664144336433c641d34b270d1b"},"headline":"The R project | Komotini, Gr\u00e9cko | 21.01. \u2013 24.1.2022","datePublished":"2021-12-10T14:30:36+00:00","dateModified":"2022-02-17T13:54:09+00:00","mainEntityOfPage":{"@id":"https:\/\/www.youthforequality.sk\/index.php\/2021\/12\/10\/the-r-projce-lorca-spanielsko-11-01-17-1-2022\/"},"wordCount":168,"publisher":{"@id":"https:\/\/www.youthforequality.sk\/#organization"},"image":{"@id":"https:\/\/www.youthforequality.sk\/index.php\/2021\/12\/10\/the-r-projce-lorca-spanielsko-11-01-17-1-2022\/#primaryimage"},"thumbnailUrl":"https:\/\/www.youthforequality.sk\/wp-content\/uploads\/2021\/12\/Untitled-design-6.png","articleSection":["Uncategorized"],"inLanguage":"sk-SK"},{"@type":"WebPage","@id":"https:\/\/www.youthforequality.sk\/index.php\/2021\/12\/10\/the-r-projce-lorca-spanielsko-11-01-17-1-2022\/","url":"https:\/\/www.youthforequality.sk\/index.php\/2021\/12\/10\/the-r-projce-lorca-spanielsko-11-01-17-1-2022\/","name":"The R project | Komotini, Gr\u00e9cko | 21.01. \u2013 24.1.2022 |","isPartOf":{"@id":"https:\/\/www.youthforequality.sk\/#website"},"primaryImageOfPage":{"@id":"https:\/\/www.youthforequality.sk\/index.php\/2021\/12\/10\/the-r-projce-lorca-spanielsko-11-01-17-1-2022\/#primaryimage"},"image":{"@id":"https:\/\/www.youthforequality.sk\/index.php\/2021\/12\/10\/the-r-projce-lorca-spanielsko-11-01-17-1-2022\/#primaryimage"},"thumbnailUrl":"https:\/\/www.youthforequality.sk\/wp-content\/uploads\/2021\/12\/Untitled-design-6.png","datePublished":"2021-12-10T14:30:36+00:00","dateModified":"2022-02-17T13:54:09+00:00","breadcrumb":{"@id":"https:\/\/www.youthforequality.sk\/index.php\/2021\/12\/10\/the-r-projce-lorca-spanielsko-11-01-17-1-2022\/#breadcrumb"},"inLanguage":"sk-SK","potentialAction":[{"@type":"ReadAction","target":["https:\/\/www.youthforequality.sk\/index.php\/2021\/12\/10\/the-r-projce-lorca-spanielsko-11-01-17-1-2022\/"]}]},{"@type":"ImageObject","inLanguage":"sk-SK","@id":"https:\/\/www.youthforequality.sk\/index.php\/2021\/12\/10\/the-r-projce-lorca-spanielsko-11-01-17-1-2022\/#primaryimage","url":"https:\/\/www.youthforequality.sk\/wp-content\/uploads\/2021\/12\/Untitled-design-6.png","contentUrl":"https:\/\/www.youthforequality.sk\/wp-content\/uploads\/2021\/12\/Untitled-design-6.png","width":940,"height":788},{"@type":"BreadcrumbList","@id":"https:\/\/www.youthforequality.sk\/index.php\/2021\/12\/10\/the-r-projce-lorca-spanielsko-11-01-17-1-2022\/#breadcrumb","itemListElement":[{"@type":"ListItem","position":1,"name":"Home","item":"https:\/\/www.youthforequality.sk\/"},{"@type":"ListItem","position":2,"name":"The R project | Komotini, Gr\u00e9cko | 21.01. \u2013 24.1.2022"}]},{"@type":"WebSite","@id":"https:\/\/www.youthforequality.sk\/#website","url":"https:\/\/www.youthforequality.sk\/","name":"","description":"","publisher":{"@id":"https:\/\/www.youthforequality.sk\/#organization"},"potentialAction":[{"@type":"SearchAction","target":{"@type":"EntryPoint","urlTemplate":"https:\/\/www.youthforequality.sk\/?s={search_term_string}"},"query-input":{"@type":"PropertyValueSpecification","valueRequired":true,"valueName":"search_term_string"}}],"inLanguage":"sk-SK"},{"@type":"Organization","@id":"https:\/\/www.youthforequality.sk\/#organization","name":"Youth for Equality","url":"https:\/\/www.youthforequality.sk\/","logo":{"@type":"ImageObject","inLanguage":"sk-SK","@id":"https:\/\/www.youthforequality.sk\/#\/schema\/logo\/image\/","url":"https:\/\/www.youthforequality.sk\/wp-content\/uploads\/2021\/01\/vynovene-logo-nove-farby_modra-na-web.png","contentUrl":"https:\/\/www.youthforequality.sk\/wp-content\/uploads\/2021\/01\/vynovene-logo-nove-farby_modra-na-web.png","width":1,"height":1,"caption":"Youth for Equality"},"image":{"@id":"https:\/\/www.youthforequality.sk\/#\/schema\/logo\/image\/"},"sameAs":["https:\/\/www.facebook.com\/yeslovakia"]},{"@type":"Person","@id":"https:\/\/www.youthforequality.sk\/#\/schema\/person\/41e987664144336433c641d34b270d1b","name":"wiki","image":{"@type":"ImageObject","inLanguage":"sk-SK","@id":"https:\/\/secure.gravatar.com\/avatar\/57cac84b94061d1af6548f41cd07cbee960ab67f3b80825c4b192af947aa3c0f?s=96&d=mm&r=g","url":"https:\/\/secure.gravatar.com\/avatar\/57cac84b94061d1af6548f41cd07cbee960ab67f3b80825c4b192af947aa3c0f?s=96&d=mm&r=g","contentUrl":"https:\/\/secure.gravatar.com\/avatar\/57cac84b94061d1af6548f41cd07cbee960ab67f3b80825c4b192af947aa3c0f?s=96&d=mm&r=g","caption":"wiki"},"url":"https:\/\/www.youthforequality.sk\/index.php\/author\/janbor\/"}]}},"_links":{"self":[{"href":"https:\/\/www.youthforequality.sk\/index.php\/wp-json\/wp\/v2\/posts\/3656","targetHints":{"allow":["GET"]}}],"collection":[{"href":"https:\/\/www.youthforequality.sk\/index.php\/wp-json\/wp\/v2\/posts"}],"about":[{"href":"https:\/\/www.youthforequality.sk\/index.php\/wp-json\/wp\/v2\/types\/post"}],"author":[{"embeddable":true,"href":"https:\/\/www.youthforequality.sk\/index.php\/wp-json\/wp\/v2\/users\/6"}],"replies":[{"embeddable":true,"href":"https:\/\/www.youthforequality.sk\/index.php\/wp-json\/wp\/v2\/comments?post=3656"}],"version-history":[{"count":4,"href":"https:\/\/www.youthforequality.sk\/index.php\/wp-json\/wp\/v2\/posts\/3656\/revisions"}],"predecessor-version":[{"id":3661,"href":"https:\/\/www.youthforequality.sk\/index.php\/wp-json\/wp\/v2\/posts\/3656\/revisions\/3661"}],"wp:featuredmedia":[{"embeddable":true,"href":"https:\/\/www.youthforequality.sk\/index.php\/wp-json\/wp\/v2\/media\/3660"}],"wp:attachment":[{"href":"https:\/\/www.youthforequality.sk\/index.php\/wp-json\/wp\/v2\/media?parent=3656"}],"wp:term":[{"taxonomy":"category","embeddable":true,"href":"https:\/\/www.youthforequality.sk\/index.php\/wp-json\/wp\/v2\/categories?post=3656"},{"taxonomy":"post_tag","embeddable":true,"href":"https:\/\/www.youthforequality.sk\/index.php\/wp-json\/wp\/v2\/tags?post=3656"}],"curies":[{"name":"wp","href":"https:\/\/api.w.org\/{rel}","templated":true}]}}