{"id":3662,"date":"2021-12-10T16:42:18","date_gmt":"2021-12-10T15:42:18","guid":{"rendered":"https:\/\/www.youthforequality.sk\/?p=3662"},"modified":"2021-12-10T16:55:57","modified_gmt":"2021-12-10T15:55:57","slug":"conta","status":"publish","type":"post","link":"https:\/\/www.youthforequality.sk\/index.php\/2021\/12\/10\/conta\/","title":{"rendered":"Viete \u010do je &#8222;hygge&#8220;?"},"content":{"rendered":"\t\t<div data-elementor-type=\"wp-post\" data-elementor-id=\"3662\" class=\"elementor elementor-3662\">\n\t\t\t\t\t\t<section class=\"elementor-section elementor-top-section elementor-element elementor-element-ef655c9 elementor-section-boxed elementor-section-height-default elementor-section-height-default\" data-id=\"ef655c9\" data-element_type=\"section\" data-e-type=\"section\">\n\t\t\t\t\t\t<div class=\"elementor-container elementor-column-gap-default\">\n\t\t\t\t\t<div class=\"elementor-column elementor-col-100 elementor-top-column elementor-element elementor-element-da87a8d\" data-id=\"da87a8d\" data-element_type=\"column\" data-e-type=\"column\">\n\t\t\t<div class=\"elementor-widget-wrap elementor-element-populated\">\n\t\t\t\t\t\t<div class=\"elementor-element elementor-element-d0bc73c elementor-widget elementor-widget-text-editor\" data-id=\"d0bc73c\" data-element_type=\"widget\" data-e-type=\"widget\" data-widget_type=\"text-editor.default\">\n\t\t\t\t<div class=\"elementor-widget-container\">\n\t\t\t\t\t\t\t\t\t<p>Len na nieko\u013ek\u00fdch miestach v\u00a0D\u00e1nsku je mo\u017en\u00e9 stretn\u00fa\u0165 tak\u00fa n\u00e1dhern\u00fa a\u00a0osobit\u00fa pr\u00edrodu ako v\u00a0oblasti Slettestrand. Miesto pon\u00faka \u0161peci\u00e1lnu kombin\u00e1ciu akt\u00edvnej dovolenky a\u00a0kr\u00e1snej pr\u00edrody, ktor\u00e1 v\u00e1s l\u00e1ka zosta\u0165 a\u00a0u\u017e\u00edva\u0165 si jej tajupln\u00e9 ticho. V\u00a0celom regi\u00f3ne je mno\u017estvo turistick\u00fdch a\u00a0cyklistick\u00fdch tr\u00e1s pre za\u010diato\u010dn\u00edkov aj n\u00e1ro\u010dnej\u0161\u00edch cyklistov. Vrchol hrebe\u0148a v\u00a0Sanden Bjerggard poskytuje vynikaj\u00faci v\u00fdh\u013ead na z\u00e1liv Jammerbugten, tento bod predstavoval strategick\u00e9 miesto, kde nemeck\u00e1 arm\u00e1da vybudovala v\u00a0marci 1943 st\u00e1lu pobre\u017en\u00fa bat\u00e9riu.\u00a0<\/p>\t\t\t\t\t\t\t\t<\/div>\n\t\t\t\t<\/div>\n\t\t\t\t<div class=\"elementor-element elementor-element-0afebcd elementor-widget elementor-widget-image-gallery\" data-id=\"0afebcd\" data-element_type=\"widget\" data-e-type=\"widget\" data-widget_type=\"image-gallery.default\">\n\t\t\t\t<div class=\"elementor-widget-container\">\n\t\t\t\t\t\t\t<div class=\"elementor-image-gallery\">\n\t\t\t<div id='gallery-1' class='gallery galleryid-3662 gallery-columns-2 gallery-size-medium'><figure class='gallery-item'>\n\t\t\t<div class='gallery-icon landscape'>\n\t\t\t\t<a data-elementor-open-lightbox=\"yes\" data-elementor-lightbox-slideshow=\"0afebcd\" data-elementor-lightbox-title=\"20211127_140028\" data-e-action-hash=\"#elementor-action%3Aaction%3Dlightbox%26settings%3DeyJpZCI6MzY2MywidXJsIjoiaHR0cHM6XC9cL3d3dy55b3V0aGZvcmVxdWFsaXR5LnNrXC93cC1jb250ZW50XC91cGxvYWRzXC8yMDIxXC8xMlwvMjAyMTExMjdfMTQwMDI4LmpwZyIsInNsaWRlc2hvdyI6IjBhZmViY2QifQ%3D%3D\" href='https:\/\/www.youthforequality.sk\/wp-content\/uploads\/2021\/12\/20211127_140028.jpg'><img fetchpriority=\"high\" decoding=\"async\" width=\"300\" height=\"225\" src=\"https:\/\/www.youthforequality.sk\/wp-content\/uploads\/2021\/12\/20211127_140028-300x225.jpg\" class=\"attachment-medium size-medium\" alt=\"\" srcset=\"https:\/\/www.youthforequality.sk\/wp-content\/uploads\/2021\/12\/20211127_140028-300x225.jpg 300w, https:\/\/www.youthforequality.sk\/wp-content\/uploads\/2021\/12\/20211127_140028-1024x768.jpg 1024w, https:\/\/www.youthforequality.sk\/wp-content\/uploads\/2021\/12\/20211127_140028-768x576.jpg 768w, https:\/\/www.youthforequality.sk\/wp-content\/uploads\/2021\/12\/20211127_140028.jpg 1107w\" sizes=\"(max-width: 300px) 100vw, 300px\" \/><\/a>\n\t\t\t<\/div><\/figure><figure class='gallery-item'>\n\t\t\t<div class='gallery-icon landscape'>\n\t\t\t\t<a data-elementor-open-lightbox=\"yes\" data-elementor-lightbox-slideshow=\"0afebcd\" data-elementor-lightbox-title=\"20211125_142957\" data-e-action-hash=\"#elementor-action%3Aaction%3Dlightbox%26settings%3DeyJpZCI6MzY2NCwidXJsIjoiaHR0cHM6XC9cL3d3dy55b3V0aGZvcmVxdWFsaXR5LnNrXC93cC1jb250ZW50XC91cGxvYWRzXC8yMDIxXC8xMlwvMjAyMTExMjVfMTQyOTU3LmpwZyIsInNsaWRlc2hvdyI6IjBhZmViY2QifQ%3D%3D\" href='https:\/\/www.youthforequality.sk\/wp-content\/uploads\/2021\/12\/20211125_142957.jpg'><img decoding=\"async\" width=\"300\" height=\"225\" src=\"https:\/\/www.youthforequality.sk\/wp-content\/uploads\/2021\/12\/20211125_142957-300x225.jpg\" class=\"attachment-medium size-medium\" alt=\"\" srcset=\"https:\/\/www.youthforequality.sk\/wp-content\/uploads\/2021\/12\/20211125_142957-300x225.jpg 300w, https:\/\/www.youthforequality.sk\/wp-content\/uploads\/2021\/12\/20211125_142957-1024x768.jpg 1024w, https:\/\/www.youthforequality.sk\/wp-content\/uploads\/2021\/12\/20211125_142957-768x576.jpg 768w, https:\/\/www.youthforequality.sk\/wp-content\/uploads\/2021\/12\/20211125_142957.jpg 1107w\" sizes=\"(max-width: 300px) 100vw, 300px\" \/><\/a>\n\t\t\t<\/div><\/figure>\n\t\t<\/div>\n\t\t<\/div>\n\t\t\t\t\t\t<\/div>\n\t\t\t\t<\/div>\n\t\t\t\t\t<\/div>\n\t\t<\/div>\n\t\t\t\t\t<\/div>\n\t\t<\/section>\n\t\t\t\t<section class=\"elementor-section elementor-top-section elementor-element elementor-element-c58264d elementor-section-boxed elementor-section-height-default elementor-section-height-default\" data-id=\"c58264d\" data-element_type=\"section\" data-e-type=\"section\">\n\t\t\t\t\t\t<div class=\"elementor-container elementor-column-gap-default\">\n\t\t\t\t\t<div class=\"elementor-column elementor-col-100 elementor-top-column elementor-element elementor-element-c13091b\" data-id=\"c13091b\" data-element_type=\"column\" data-e-type=\"column\">\n\t\t\t<div class=\"elementor-widget-wrap elementor-element-populated\">\n\t\t\t\t\t\t<div class=\"elementor-element elementor-element-9ec25a4 elementor-widget elementor-widget-text-editor\" data-id=\"9ec25a4\" data-element_type=\"widget\" data-e-type=\"widget\" data-widget_type=\"text-editor.default\">\n\t\t\t\t<div class=\"elementor-widget-container\">\n\t\t\t\t\t\t\t\t\t<p><strong>Pr\u00edrodn\u00e1 gastron\u00f3mia v\u00a0Slettestrande<\/strong><\/p><p>\u00a0<\/p><p>Pod\u013ea Jutsk\u00e9ho stredovek\u00e9ho z\u00e1kona z\u00a0roku 1241 m\u00f4\u017eete v\u00a0pr\u00edrode zbiera\u0165 v\u0161etko, \u010do n\u00e1jdete a\u00a0zmest\u00ed sa V\u00e1m do ko\u0161\u00edka. V\u00a0tejto oblasti sa nach\u00e1dza viac ako 370 jedl\u00fdch divo rast\u00facich rastl\u00edn.<\/p><p>Mno\u017estvo mal\u00fdch hotelov a\u00a0priv\u00e1tnych dom\u010dekov architektonicky zladen\u00fdch do pr\u00edrodn\u00e9ho prostredia pobre\u017en\u00e9ho regi\u00f3nu pon\u00faka bezstresov\u00e9 tr\u00e1venie vo\u013en\u00e9ho \u010dasu s\u00a0dom\u00e1cou kuchy\u0148ou a\u00a0z\u00e1padmi slnka nad horizontom Severn\u00e9ho mora.<\/p>\t\t\t\t\t\t\t\t<\/div>\n\t\t\t\t<\/div>\n\t\t\t\t<div class=\"elementor-element elementor-element-e7da712 elementor-widget elementor-widget-image-gallery\" data-id=\"e7da712\" data-element_type=\"widget\" data-e-type=\"widget\" data-widget_type=\"image-gallery.default\">\n\t\t\t\t<div class=\"elementor-widget-container\">\n\t\t\t\t\t\t\t<div class=\"elementor-image-gallery\">\n\t\t\t<div id='gallery-2' class='gallery galleryid-3662 gallery-columns-2 gallery-size-medium'><figure class='gallery-item'>\n\t\t\t<div class='gallery-icon landscape'>\n\t\t\t\t<a data-elementor-open-lightbox=\"yes\" data-elementor-lightbox-slideshow=\"e7da712\" data-elementor-lightbox-title=\"\u017e\u0165\u017e\u0165\" data-e-action-hash=\"#elementor-action%3Aaction%3Dlightbox%26settings%3DeyJpZCI6MzY2NywidXJsIjoiaHR0cHM6XC9cL3d3dy55b3V0aGZvcmVxdWFsaXR5LnNrXC93cC1jb250ZW50XC91cGxvYWRzXC8yMDIxXC8xMlwvenR6dC5qcGciLCJzbGlkZXNob3ciOiJlN2RhNzEyIn0%3D\" href='https:\/\/www.youthforequality.sk\/wp-content\/uploads\/2021\/12\/ztzt.jpg'><img decoding=\"async\" width=\"300\" height=\"157\" src=\"https:\/\/www.youthforequality.sk\/wp-content\/uploads\/2021\/12\/ztzt-300x157.jpg\" class=\"attachment-medium size-medium\" alt=\"\" srcset=\"https:\/\/www.youthforequality.sk\/wp-content\/uploads\/2021\/12\/ztzt-300x157.jpg 300w, https:\/\/www.youthforequality.sk\/wp-content\/uploads\/2021\/12\/ztzt-1024x537.jpg 1024w, https:\/\/www.youthforequality.sk\/wp-content\/uploads\/2021\/12\/ztzt-768x403.jpg 768w, https:\/\/www.youthforequality.sk\/wp-content\/uploads\/2021\/12\/ztzt.jpg 1290w\" sizes=\"(max-width: 300px) 100vw, 300px\" \/><\/a>\n\t\t\t<\/div><\/figure><figure class='gallery-item'>\n\t\t\t<div class='gallery-icon landscape'>\n\t\t\t\t<a data-elementor-open-lightbox=\"yes\" data-elementor-lightbox-slideshow=\"e7da712\" data-elementor-lightbox-title=\"kjh\" data-e-action-hash=\"#elementor-action%3Aaction%3Dlightbox%26settings%3DeyJpZCI6MzY3MCwidXJsIjoiaHR0cHM6XC9cL3d3dy55b3V0aGZvcmVxdWFsaXR5LnNrXC93cC1jb250ZW50XC91cGxvYWRzXC8yMDIxXC8xMlwva2poLmpwZyIsInNsaWRlc2hvdyI6ImU3ZGE3MTIifQ%3D%3D\" href='https:\/\/www.youthforequality.sk\/wp-content\/uploads\/2021\/12\/kjh.jpg'><img loading=\"lazy\" decoding=\"async\" width=\"300\" height=\"143\" src=\"https:\/\/www.youthforequality.sk\/wp-content\/uploads\/2021\/12\/kjh-300x143.jpg\" class=\"attachment-medium size-medium\" alt=\"\" srcset=\"https:\/\/www.youthforequality.sk\/wp-content\/uploads\/2021\/12\/kjh-300x143.jpg 300w, https:\/\/www.youthforequality.sk\/wp-content\/uploads\/2021\/12\/kjh-1024x488.jpg 1024w, https:\/\/www.youthforequality.sk\/wp-content\/uploads\/2021\/12\/kjh-768x366.jpg 768w, https:\/\/www.youthforequality.sk\/wp-content\/uploads\/2021\/12\/kjh.jpg 1428w\" sizes=\"(max-width: 300px) 100vw, 300px\" \/><\/a>\n\t\t\t<\/div><\/figure>\n\t\t<\/div>\n\t\t<\/div>\n\t\t\t\t\t\t<\/div>\n\t\t\t\t<\/div>\n\t\t\t\t\t<\/div>\n\t\t<\/div>\n\t\t\t\t\t<\/div>\n\t\t<\/section>\n\t\t\t\t<section class=\"elementor-section elementor-top-section elementor-element elementor-element-93e6406 elementor-section-boxed elementor-section-height-default elementor-section-height-default\" data-id=\"93e6406\" data-element_type=\"section\" data-e-type=\"section\">\n\t\t\t\t\t\t<div class=\"elementor-container elementor-column-gap-default\">\n\t\t\t\t\t<div class=\"elementor-column elementor-col-50 elementor-top-column elementor-element elementor-element-5c074df\" data-id=\"5c074df\" data-element_type=\"column\" data-e-type=\"column\">\n\t\t\t<div class=\"elementor-widget-wrap elementor-element-populated\">\n\t\t\t\t\t\t<div class=\"elementor-element elementor-element-a25deec elementor-widget elementor-widget-text-editor\" data-id=\"a25deec\" data-element_type=\"widget\" data-e-type=\"widget\" data-widget_type=\"text-editor.default\">\n\t\t\t\t<div class=\"elementor-widget-container\">\n\t\t\t\t\t\t\t\t\t<p><strong>Viete \u010do je \u201ehygge\u201c ?<\/strong><\/p><p>D\u00e1nsky koncept \u201ehygge\u201c alebo \u201ehygg (pr\u00edsl.)\u201c sa sna\u017e\u00ed h\u013eada\u0165 pohodlie, pote\u0161enie a\u00a0teplo domova prostredn\u00edctvom jednoduch\u00fdch, obklopuj\u00facich vec\u00ed, ako je akcept\u00e1cia spolu\u017eitia \u010dloveka s\u00a0pr\u00edrodou, miestna architekt\u00fara, gastron\u00f3mia, \u010di vytvorenie \u00fatulnej atmosf\u00e9ry a\u00a0pocitu priate\u013estva. \u0160kandin\u00e1vsky v\u00fdraz zah\u0155\u0148a pocit \u00fatulnosti, spokojnosti a\u00a0pohody, ktor\u00fd mo\u017eno n\u00e1js\u0165 v\u00a0\u017eivote v\u010faka pote\u0161eniu z\u00a0mali\u010dkost\u00ed okolo n\u00e1s.<\/p>\t\t\t\t\t\t\t\t<\/div>\n\t\t\t\t<\/div>\n\t\t\t\t\t<\/div>\n\t\t<\/div>\n\t\t\t\t<div class=\"elementor-column elementor-col-50 elementor-top-column elementor-element elementor-element-99d332a\" data-id=\"99d332a\" data-element_type=\"column\" data-e-type=\"column\">\n\t\t\t<div class=\"elementor-widget-wrap elementor-element-populated\">\n\t\t\t\t\t\t<div class=\"elementor-element elementor-element-7566a80 elementor-widget elementor-widget-image\" data-id=\"7566a80\" data-element_type=\"widget\" data-e-type=\"widget\" data-widget_type=\"image.default\">\n\t\t\t\t<div class=\"elementor-widget-container\">\n\t\t\t\t\t\t\t\t\t\t\t\t\t\t\t<img loading=\"lazy\" decoding=\"async\" width=\"800\" height=\"800\" src=\"https:\/\/www.youthforequality.sk\/wp-content\/uploads\/2021\/12\/ttt.jpg\" class=\"attachment-large size-large wp-image-3666\" alt=\"\" srcset=\"https:\/\/www.youthforequality.sk\/wp-content\/uploads\/2021\/12\/ttt.jpg 800w, https:\/\/www.youthforequality.sk\/wp-content\/uploads\/2021\/12\/ttt-300x300.jpg 300w, https:\/\/www.youthforequality.sk\/wp-content\/uploads\/2021\/12\/ttt-150x150.jpg 150w, https:\/\/www.youthforequality.sk\/wp-content\/uploads\/2021\/12\/ttt-768x768.jpg 768w\" sizes=\"(max-width: 800px) 100vw, 800px\" \/>\t\t\t\t\t\t\t\t\t\t\t\t\t\t\t<\/div>\n\t\t\t\t<\/div>\n\t\t\t\t\t<\/div>\n\t\t<\/div>\n\t\t\t\t\t<\/div>\n\t\t<\/section>\n\t\t\t\t<section class=\"elementor-section elementor-top-section elementor-element elementor-element-ed0c560 elementor-section-boxed elementor-section-height-default elementor-section-height-default\" data-id=\"ed0c560\" data-element_type=\"section\" data-e-type=\"section\">\n\t\t\t\t\t\t<div class=\"elementor-container elementor-column-gap-default\">\n\t\t\t\t\t<div class=\"elementor-column elementor-col-100 elementor-top-column elementor-element elementor-element-e3fadee\" data-id=\"e3fadee\" data-element_type=\"column\" data-e-type=\"column\">\n\t\t\t<div class=\"elementor-widget-wrap elementor-element-populated\">\n\t\t\t\t\t\t<div class=\"elementor-element elementor-element-aebf4d9 elementor-widget elementor-widget-image-gallery\" data-id=\"aebf4d9\" data-element_type=\"widget\" data-e-type=\"widget\" data-widget_type=\"image-gallery.default\">\n\t\t\t\t<div class=\"elementor-widget-container\">\n\t\t\t\t\t\t\t<div class=\"elementor-image-gallery\">\n\t\t\t<div id='gallery-3' class='gallery galleryid-3662 gallery-columns-2 gallery-size-medium'><figure class='gallery-item'>\n\t\t\t<div class='gallery-icon landscape'>\n\t\t\t\t<a data-elementor-open-lightbox=\"yes\" data-elementor-lightbox-slideshow=\"aebf4d9\" data-elementor-lightbox-title=\"20211126_144331\" data-e-action-hash=\"#elementor-action%3Aaction%3Dlightbox%26settings%3DeyJpZCI6MzY3MSwidXJsIjoiaHR0cHM6XC9cL3d3dy55b3V0aGZvcmVxdWFsaXR5LnNrXC93cC1jb250ZW50XC91cGxvYWRzXC8yMDIxXC8xMlwvMjAyMTExMjZfMTQ0MzMxLmpwZyIsInNsaWRlc2hvdyI6ImFlYmY0ZDkifQ%3D%3D\" href='https:\/\/www.youthforequality.sk\/wp-content\/uploads\/2021\/12\/20211126_144331.jpg'><img loading=\"lazy\" decoding=\"async\" width=\"300\" height=\"225\" src=\"https:\/\/www.youthforequality.sk\/wp-content\/uploads\/2021\/12\/20211126_144331-300x225.jpg\" class=\"attachment-medium size-medium\" alt=\"\" srcset=\"https:\/\/www.youthforequality.sk\/wp-content\/uploads\/2021\/12\/20211126_144331-300x225.jpg 300w, https:\/\/www.youthforequality.sk\/wp-content\/uploads\/2021\/12\/20211126_144331-1024x768.jpg 1024w, https:\/\/www.youthforequality.sk\/wp-content\/uploads\/2021\/12\/20211126_144331-768x576.jpg 768w, https:\/\/www.youthforequality.sk\/wp-content\/uploads\/2021\/12\/20211126_144331.jpg 1107w\" sizes=\"(max-width: 300px) 100vw, 300px\" \/><\/a>\n\t\t\t<\/div><\/figure><figure class='gallery-item'>\n\t\t\t<div class='gallery-icon landscape'>\n\t\t\t\t<a data-elementor-open-lightbox=\"yes\" data-elementor-lightbox-slideshow=\"aebf4d9\" data-elementor-lightbox-title=\"\u010d\u0165\u010d\u0165\u013e\" data-e-action-hash=\"#elementor-action%3Aaction%3Dlightbox%26settings%3DeyJpZCI6MzY2NSwidXJsIjoiaHR0cHM6XC9cL3d3dy55b3V0aGZvcmVxdWFsaXR5LnNrXC93cC1jb250ZW50XC91cGxvYWRzXC8yMDIxXC8xMlwvY3RjdGwuanBnIiwic2xpZGVzaG93IjoiYWViZjRkOSJ9\" href='https:\/\/www.youthforequality.sk\/wp-content\/uploads\/2021\/12\/ctctl.jpg'><img loading=\"lazy\" decoding=\"async\" width=\"300\" height=\"225\" src=\"https:\/\/www.youthforequality.sk\/wp-content\/uploads\/2021\/12\/ctctl-300x225.jpg\" class=\"attachment-medium size-medium\" alt=\"\" srcset=\"https:\/\/www.youthforequality.sk\/wp-content\/uploads\/2021\/12\/ctctl-300x225.jpg 300w, https:\/\/www.youthforequality.sk\/wp-content\/uploads\/2021\/12\/ctctl-1024x768.jpg 1024w, https:\/\/www.youthforequality.sk\/wp-content\/uploads\/2021\/12\/ctctl-768x576.jpg 768w, https:\/\/www.youthforequality.sk\/wp-content\/uploads\/2021\/12\/ctctl-1536x1152.jpg 1536w, https:\/\/www.youthforequality.sk\/wp-content\/uploads\/2021\/12\/ctctl.jpg 1792w\" sizes=\"(max-width: 300px) 100vw, 300px\" \/><\/a>\n\t\t\t<\/div><\/figure>\n\t\t<\/div>\n\t\t<\/div>\n\t\t\t\t\t\t<\/div>\n\t\t\t\t<\/div>\n\t\t\t\t<div class=\"elementor-element elementor-element-9fe99d2 elementor-widget elementor-widget-text-editor\" data-id=\"9fe99d2\" data-element_type=\"widget\" data-e-type=\"widget\" data-widget_type=\"text-editor.default\">\n\t\t\t\t<div class=\"elementor-widget-container\">\n\t\t\t\t\t\t\t\t\t<p><strong>Aktivita a\u00a0program<\/strong><\/p>\n<p>\u00a0<\/p>\n<p>Hlavn\u00e1 aktivita bola spolufinancovan\u00e1 prostredn\u00edctvom programu Erasmus+ KA1 \u2013 Mobilita pracovn\u00edkov s\u00a0ml\u00e1de\u017eou a\u00a0rie\u0161ila potrebu pracovn\u00edkov s\u00a0ml\u00e1de\u017eou na ved\u00facich\/mana\u017e\u00e9rskych poz\u00edci\u00e1ch v\u00a0partnersk\u00fdch organiz\u00e1ci\u00e1ch spoji\u0165 sa s\u00a0cie\u013eom zdie\u013ea\u0165 a\u00a0podporova\u0165 inovat\u00edvne n\u00e1pady pre nadn\u00e1rodn\u00e9 ml\u00e1de\u017en\u00edcke projekty, ktor\u00e9 maj\u00fa potenci\u00e1l ma\u0165 vysok\u00fa \u00farove\u0148 dlhodob\u00e9ho vplyvu na ml\u00e1de\u017e v\u00a0E\u00da.<\/p>\n<p>Ciele aktivity s\u00fa nasledovn\u00e9:<\/p>\n<ol>\n<li>Vytvori\u0165 platformu pre pracovn\u00edkov s\u00a0ml\u00e1de\u017eou na testovanie a\u00a0\u0161\u00edrenie kreat\u00edvnych a\u00a0inovat\u00edvnych n\u00e1padov s\u00a0kolegami z\u00a0in\u00fdch kraj\u00edn<\/li>\n<li>Podpori\u0165 kreat\u00edvne myslenie medzi pracovn\u00edkmi s\u00a0ml\u00e1de\u017eou<\/li>\n<li>In\u0161pirova\u0165 pracovn\u00edkov s\u00a0ml\u00e1de\u017eou dobr\u00fdmi pr\u00edkladmi z\u00a0praxe, pr\u00edpravou ambici\u00f3znych projektov s\u00a0cie\u013eom podnieti\u0165 kreativitu<\/li>\n<li>Podporova\u0165 spolupr\u00e1cu medzi pracovn\u00edkmi s\u00a0ml\u00e1de\u017eou pri rozvoji inovat\u00edvnych projektov mobility<\/li>\n<\/ol>\n<p>\u00a0<\/p>\n<p>Spolu sa na projekte z\u00fa\u010dastnilo 40 \u00fa\u010dastn\u00edkov z\u00a018 organiz\u00e1ci\u00ed, r\u00f4znych n\u00e1rodnost\u00ed a\u00a0kult\u00far. Spolo\u010dn\u00fdm cie\u013eom bolo zv\u00fd\u0161enie tvoriv\u00fdch kompetenci\u00ed a\u00a0inov\u00e1ci\u00ed prostredn\u00edctvom n\u00e1padov a\u00a0zdie\u013ean\u00edm vedomost\u00ed v\u00a0oblasti pr\u00e1ce s\u00a0ml\u00e1de\u017eou.<\/p>\n<p>\u00a0<\/p>\n<p>Aktivita bola zalo\u017een\u00e1 na podnikate\u013eskom a inovat\u00edvnom myslen\u00ed v sektore ml\u00e1de\u017ee.<\/p>\n<p>\u00a0<\/p>\n<p>Z\u00e1merom aktivity bolo vytvorenie spolupr\u00e1ce medzi z\u00fa\u010dastnen\u00fdmi organiz\u00e1ciami a vytvorenie z\u00e1sobn\u00edka inovat\u00edvnych projektov v r\u00e1mci sektora ml\u00e1de\u017ee. \u00da\u010dastn\u00edci dostali priestor na networking a z\u00edskali povzbudenie v podnikate\u013eskom myslen\u00ed. Mali mo\u017enos\u0165 rozv\u00edja\u0165 svoje n\u00e1pady na konkr\u00e9tne n\u00e1vrhy projektov v otvorenom prostred\u00ed prostredn\u00edctvom interakt\u00edvnych stretnut\u00ed, diskusi\u00ed, cvi\u010den\u00ed, skupinovej pr\u00e1ce a prezent\u00e1ci\u00ed.<\/p>\n<p>\u00a0<\/p>\n<p>Slavom\u00edr &amp; Michal<\/p>\t\t\t\t\t\t\t\t<\/div>\n\t\t\t\t<\/div>\n\t\t\t\t\t<\/div>\n\t\t<\/div>\n\t\t\t\t\t<\/div>\n\t\t<\/section>\n\t\t\t\t<section class=\"elementor-section elementor-top-section elementor-element elementor-element-4515788 elementor-section-boxed elementor-section-height-default elementor-section-height-default\" data-id=\"4515788\" data-element_type=\"section\" data-e-type=\"section\">\n\t\t\t\t\t\t<div class=\"elementor-container elementor-column-gap-default\">\n\t\t\t\t\t<div class=\"elementor-column elementor-col-100 elementor-top-column elementor-element elementor-element-25bdcde\" data-id=\"25bdcde\" data-element_type=\"column\" data-e-type=\"column\">\n\t\t\t<div class=\"elementor-widget-wrap\">\n\t\t\t\t\t\t\t<\/div>\n\t\t<\/div>\n\t\t\t\t\t<\/div>\n\t\t<\/section>\n\t\t\t\t<section class=\"elementor-section elementor-top-section elementor-element elementor-element-dc4f447 elementor-section-boxed elementor-section-height-default elementor-section-height-default\" data-id=\"dc4f447\" data-element_type=\"section\" data-e-type=\"section\">\n\t\t\t\t\t\t<div class=\"elementor-container elementor-column-gap-default\">\n\t\t\t\t\t<div class=\"elementor-column elementor-col-100 elementor-top-column elementor-element elementor-element-a9ae0f0\" data-id=\"a9ae0f0\" data-element_type=\"column\" data-e-type=\"column\">\n\t\t\t<div class=\"elementor-widget-wrap elementor-element-populated\">\n\t\t\t\t\t\t<div class=\"elementor-element elementor-element-df921d5 elementor-widget elementor-widget-image-gallery\" data-id=\"df921d5\" data-element_type=\"widget\" data-e-type=\"widget\" data-widget_type=\"image-gallery.default\">\n\t\t\t\t<div class=\"elementor-widget-container\">\n\t\t\t\t\t\t\t<div class=\"elementor-image-gallery\">\n\t\t\t<div id='gallery-4' class='gallery galleryid-3662 gallery-columns-2 gallery-size-medium'><figure class='gallery-item'>\n\t\t\t<div class='gallery-icon landscape'>\n\t\t\t\t<a data-elementor-open-lightbox=\"yes\" data-elementor-lightbox-slideshow=\"df921d5\" data-elementor-lightbox-title=\"20211128_091902\" data-e-action-hash=\"#elementor-action%3Aaction%3Dlightbox%26settings%3DeyJpZCI6MzY3NCwidXJsIjoiaHR0cHM6XC9cL3d3dy55b3V0aGZvcmVxdWFsaXR5LnNrXC93cC1jb250ZW50XC91cGxvYWRzXC8yMDIxXC8xMlwvMjAyMTExMjhfMDkxOTAyLmpwZyIsInNsaWRlc2hvdyI6ImRmOTIxZDUifQ%3D%3D\" href='https:\/\/www.youthforequality.sk\/wp-content\/uploads\/2021\/12\/20211128_091902.jpg'><img loading=\"lazy\" decoding=\"async\" width=\"300\" height=\"225\" src=\"https:\/\/www.youthforequality.sk\/wp-content\/uploads\/2021\/12\/20211128_091902-300x225.jpg\" class=\"attachment-medium size-medium\" alt=\"\" srcset=\"https:\/\/www.youthforequality.sk\/wp-content\/uploads\/2021\/12\/20211128_091902-300x225.jpg 300w, https:\/\/www.youthforequality.sk\/wp-content\/uploads\/2021\/12\/20211128_091902-1024x768.jpg 1024w, https:\/\/www.youthforequality.sk\/wp-content\/uploads\/2021\/12\/20211128_091902-768x576.jpg 768w, https:\/\/www.youthforequality.sk\/wp-content\/uploads\/2021\/12\/20211128_091902.jpg 1107w\" sizes=\"(max-width: 300px) 100vw, 300px\" \/><\/a>\n\t\t\t<\/div><\/figure><figure class='gallery-item'>\n\t\t\t<div class='gallery-icon landscape'>\n\t\t\t\t<a data-elementor-open-lightbox=\"yes\" data-elementor-lightbox-slideshow=\"df921d5\" data-elementor-lightbox-title=\"oi\" data-e-action-hash=\"#elementor-action%3Aaction%3Dlightbox%26settings%3DeyJpZCI6MzY2OSwidXJsIjoiaHR0cHM6XC9cL3d3dy55b3V0aGZvcmVxdWFsaXR5LnNrXC93cC1jb250ZW50XC91cGxvYWRzXC8yMDIxXC8xMlwvb2kuanBnIiwic2xpZGVzaG93IjoiZGY5MjFkNSJ9\" href='https:\/\/www.youthforequality.sk\/wp-content\/uploads\/2021\/12\/oi.jpg'><img loading=\"lazy\" decoding=\"async\" width=\"300\" height=\"161\" src=\"https:\/\/www.youthforequality.sk\/wp-content\/uploads\/2021\/12\/oi-300x161.jpg\" class=\"attachment-medium size-medium\" alt=\"\" srcset=\"https:\/\/www.youthforequality.sk\/wp-content\/uploads\/2021\/12\/oi-300x161.jpg 300w, https:\/\/www.youthforequality.sk\/wp-content\/uploads\/2021\/12\/oi-1024x549.jpg 1024w, https:\/\/www.youthforequality.sk\/wp-content\/uploads\/2021\/12\/oi-768x412.jpg 768w, https:\/\/www.youthforequality.sk\/wp-content\/uploads\/2021\/12\/oi.jpg 1448w\" sizes=\"(max-width: 300px) 100vw, 300px\" \/><\/a>\n\t\t\t<\/div><\/figure><figure class='gallery-item'>\n\t\t\t<div class='gallery-icon landscape'>\n\t\t\t\t<a data-elementor-open-lightbox=\"yes\" data-elementor-lightbox-slideshow=\"df921d5\" data-elementor-lightbox-title=\"20211130_155956\" data-e-action-hash=\"#elementor-action%3Aaction%3Dlightbox%26settings%3DeyJpZCI6MzY3MywidXJsIjoiaHR0cHM6XC9cL3d3dy55b3V0aGZvcmVxdWFsaXR5LnNrXC93cC1jb250ZW50XC91cGxvYWRzXC8yMDIxXC8xMlwvMjAyMTExMzBfMTU1OTU2LmpwZyIsInNsaWRlc2hvdyI6ImRmOTIxZDUifQ%3D%3D\" href='https:\/\/www.youthforequality.sk\/wp-content\/uploads\/2021\/12\/20211130_155956.jpg'><img loading=\"lazy\" decoding=\"async\" width=\"300\" height=\"225\" src=\"https:\/\/www.youthforequality.sk\/wp-content\/uploads\/2021\/12\/20211130_155956-300x225.jpg\" class=\"attachment-medium size-medium\" alt=\"\" srcset=\"https:\/\/www.youthforequality.sk\/wp-content\/uploads\/2021\/12\/20211130_155956-300x225.jpg 300w, https:\/\/www.youthforequality.sk\/wp-content\/uploads\/2021\/12\/20211130_155956-1024x768.jpg 1024w, https:\/\/www.youthforequality.sk\/wp-content\/uploads\/2021\/12\/20211130_155956-768x576.jpg 768w, https:\/\/www.youthforequality.sk\/wp-content\/uploads\/2021\/12\/20211130_155956.jpg 1107w\" sizes=\"(max-width: 300px) 100vw, 300px\" \/><\/a>\n\t\t\t<\/div><\/figure><figure class='gallery-item'>\n\t\t\t<div class='gallery-icon landscape'>\n\t\t\t\t<a data-elementor-open-lightbox=\"yes\" data-elementor-lightbox-slideshow=\"df921d5\" data-elementor-lightbox-title=\"20211128_131353\" data-e-action-hash=\"#elementor-action%3Aaction%3Dlightbox%26settings%3DeyJpZCI6MzY3NSwidXJsIjoiaHR0cHM6XC9cL3d3dy55b3V0aGZvcmVxdWFsaXR5LnNrXC93cC1jb250ZW50XC91cGxvYWRzXC8yMDIxXC8xMlwvMjAyMTExMjhfMTMxMzUzLmpwZyIsInNsaWRlc2hvdyI6ImRmOTIxZDUifQ%3D%3D\" href='https:\/\/www.youthforequality.sk\/wp-content\/uploads\/2021\/12\/20211128_131353.jpg'><img loading=\"lazy\" decoding=\"async\" width=\"300\" height=\"225\" src=\"https:\/\/www.youthforequality.sk\/wp-content\/uploads\/2021\/12\/20211128_131353-300x225.jpg\" class=\"attachment-medium size-medium\" alt=\"\" srcset=\"https:\/\/www.youthforequality.sk\/wp-content\/uploads\/2021\/12\/20211128_131353-300x225.jpg 300w, https:\/\/www.youthforequality.sk\/wp-content\/uploads\/2021\/12\/20211128_131353-1024x768.jpg 1024w, https:\/\/www.youthforequality.sk\/wp-content\/uploads\/2021\/12\/20211128_131353-768x576.jpg 768w, https:\/\/www.youthforequality.sk\/wp-content\/uploads\/2021\/12\/20211128_131353.jpg 1107w\" sizes=\"(max-width: 300px) 100vw, 300px\" \/><\/a>\n\t\t\t<\/div><\/figure>\n\t\t<\/div>\n\t\t<\/div>\n\t\t\t\t\t\t<\/div>\n\t\t\t\t<\/div>\n\t\t\t\t\t<\/div>\n\t\t<\/div>\n\t\t\t\t\t<\/div>\n\t\t<\/section>\n\t\t\t\t<\/div>\n\t\t","protected":false},"excerpt":{"rendered":"<p>Len na nieko\u013ek\u00fdch miestach v&nbsp;D\u00e1nsku je mo\u017en\u00e9 stretn\u00fa\u0165 tak\u00fa n\u00e1dhern\u00fa a&nbsp;osobit\u00fa pr\u00edrodu ako v&nbsp;oblasti Slettestrand. Miesto pon\u00faka \u0161peci\u00e1lnu kombin\u00e1ciu akt\u00edvnej dovolenky a&nbsp;kr\u00e1snej pr\u00edrody, ktor\u00e1 v\u00e1s l\u00e1ka zosta\u0165 a&nbsp;u\u017e\u00edva\u0165 si jej tajupln\u00e9 ticho. V&nbsp;celom regi\u00f3ne je mno\u017estvo turistick\u00fdch a&nbsp;cyklistick\u00fdch tr\u00e1s pre za\u010diato\u010dn\u00edkov aj n\u00e1ro\u010dnej\u0161\u00edch cyklistov. Vrchol hrebe\u0148a v&nbsp;Sanden Bjerggard poskytuje vynikaj\u00faci v\u00fdh\u013ead na z\u00e1liv Jammerbugten, tento&hellip;&nbsp;<a href=\"https:\/\/www.youthforequality.sk\/index.php\/2021\/12\/10\/conta\/\" class=\"\" rel=\"bookmark\">\u010c\u00edta\u0165 viac &raquo;<span class=\"screen-reader-text\">Viete \u010do je &#8222;hygge&#8220;?<\/span><\/a><\/p>\n","protected":false},"author":6,"featured_media":3673,"comment_status":"closed","ping_status":"open","sticky":false,"template":"","format":"standard","meta":{"_uf_show_specific_survey":0,"_uf_disable_surveys":false,"neve_meta_sidebar":"","neve_meta_container":"","neve_meta_enable_content_width":"","neve_meta_content_width":0,"neve_meta_title_alignment":"","neve_meta_author_avatar":"","neve_post_elements_order":"","neve_meta_disable_header":"","neve_meta_disable_footer":"","neve_meta_disable_title":"","_themeisle_gutenberg_block_has_review":false,"footnotes":""},"categories":[3],"tags":[],"class_list":["post-3662","post","type-post","status-publish","format-standard","has-post-thumbnail","hentry","category-blog"],"yoast_head":"<!-- This site is optimized with the Yoast SEO plugin v27.4 - https:\/\/yoast.com\/product\/yoast-seo-wordpress\/ -->\n<title>Viete \u010do je &quot;hygge&quot;? |<\/title>\n<meta name=\"robots\" content=\"index, follow, max-snippet:-1, max-image-preview:large, max-video-preview:-1\" \/>\n<link rel=\"canonical\" href=\"https:\/\/www.youthforequality.sk\/index.php\/2021\/12\/10\/conta\/\" \/>\n<meta property=\"og:locale\" content=\"sk_SK\" \/>\n<meta property=\"og:type\" content=\"article\" \/>\n<meta property=\"og:title\" content=\"Viete \u010do je &quot;hygge&quot;? |\" \/>\n<meta property=\"og:description\" content=\"Len na nieko\u013ek\u00fdch miestach v&nbsp;D\u00e1nsku je mo\u017en\u00e9 stretn\u00fa\u0165 tak\u00fa n\u00e1dhern\u00fa a&nbsp;osobit\u00fa pr\u00edrodu ako v&nbsp;oblasti Slettestrand. Miesto pon\u00faka \u0161peci\u00e1lnu kombin\u00e1ciu akt\u00edvnej dovolenky a&nbsp;kr\u00e1snej pr\u00edrody, ktor\u00e1 v\u00e1s l\u00e1ka zosta\u0165 a&nbsp;u\u017e\u00edva\u0165 si jej tajupln\u00e9 ticho. V&nbsp;celom regi\u00f3ne je mno\u017estvo turistick\u00fdch a&nbsp;cyklistick\u00fdch tr\u00e1s pre za\u010diato\u010dn\u00edkov aj n\u00e1ro\u010dnej\u0161\u00edch cyklistov. Vrchol hrebe\u0148a v&nbsp;Sanden Bjerggard poskytuje vynikaj\u00faci v\u00fdh\u013ead na z\u00e1liv Jammerbugten, tento&hellip;&nbsp;\u010c\u00edta\u0165 viac &raquo;Viete \u010do je &#8222;hygge&#8220;?\" \/>\n<meta property=\"og:url\" content=\"https:\/\/www.youthforequality.sk\/index.php\/2021\/12\/10\/conta\/\" \/>\n<meta property=\"article:publisher\" content=\"https:\/\/www.facebook.com\/yeslovakia\" \/>\n<meta property=\"article:published_time\" content=\"2021-12-10T15:42:18+00:00\" \/>\n<meta property=\"article:modified_time\" content=\"2021-12-10T15:55:57+00:00\" \/>\n<meta property=\"og:image\" content=\"https:\/\/www.youthforequality.sk\/wp-content\/uploads\/2021\/12\/20211130_155956.jpg\" \/>\n\t<meta property=\"og:image:width\" content=\"1107\" \/>\n\t<meta property=\"og:image:height\" content=\"830\" \/>\n\t<meta property=\"og:image:type\" content=\"image\/jpeg\" \/>\n<meta name=\"author\" content=\"wiki\" \/>\n<meta name=\"twitter:card\" content=\"summary_large_image\" \/>\n<meta name=\"twitter:label1\" content=\"Autor\" \/>\n\t<meta name=\"twitter:data1\" content=\"wiki\" \/>\n\t<meta name=\"twitter:label2\" content=\"Predpokladan\u00fd \u010das \u010d\u00edtania\" \/>\n\t<meta name=\"twitter:data2\" content=\"4 min\u00faty\" \/>\n<script type=\"application\/ld+json\" class=\"yoast-schema-graph\">{\"@context\":\"https:\\\/\\\/schema.org\",\"@graph\":[{\"@type\":\"Article\",\"@id\":\"https:\\\/\\\/www.youthforequality.sk\\\/index.php\\\/2021\\\/12\\\/10\\\/conta\\\/#article\",\"isPartOf\":{\"@id\":\"https:\\\/\\\/www.youthforequality.sk\\\/index.php\\\/2021\\\/12\\\/10\\\/conta\\\/\"},\"author\":{\"name\":\"wiki\",\"@id\":\"https:\\\/\\\/www.youthforequality.sk\\\/#\\\/schema\\\/person\\\/41e987664144336433c641d34b270d1b\"},\"headline\":\"Viete \u010do je &#8222;hygge&#8220;?\",\"datePublished\":\"2021-12-10T15:42:18+00:00\",\"dateModified\":\"2021-12-10T15:55:57+00:00\",\"mainEntityOfPage\":{\"@id\":\"https:\\\/\\\/www.youthforequality.sk\\\/index.php\\\/2021\\\/12\\\/10\\\/conta\\\/\"},\"wordCount\":643,\"publisher\":{\"@id\":\"https:\\\/\\\/www.youthforequality.sk\\\/#organization\"},\"image\":{\"@id\":\"https:\\\/\\\/www.youthforequality.sk\\\/index.php\\\/2021\\\/12\\\/10\\\/conta\\\/#primaryimage\"},\"thumbnailUrl\":\"https:\\\/\\\/www.youthforequality.sk\\\/wp-content\\\/uploads\\\/2021\\\/12\\\/20211130_155956.jpg\",\"articleSection\":[\"Blog\"],\"inLanguage\":\"sk-SK\"},{\"@type\":\"WebPage\",\"@id\":\"https:\\\/\\\/www.youthforequality.sk\\\/index.php\\\/2021\\\/12\\\/10\\\/conta\\\/\",\"url\":\"https:\\\/\\\/www.youthforequality.sk\\\/index.php\\\/2021\\\/12\\\/10\\\/conta\\\/\",\"name\":\"Viete \u010do je \\\"hygge\\\"? |\",\"isPartOf\":{\"@id\":\"https:\\\/\\\/www.youthforequality.sk\\\/#website\"},\"primaryImageOfPage\":{\"@id\":\"https:\\\/\\\/www.youthforequality.sk\\\/index.php\\\/2021\\\/12\\\/10\\\/conta\\\/#primaryimage\"},\"image\":{\"@id\":\"https:\\\/\\\/www.youthforequality.sk\\\/index.php\\\/2021\\\/12\\\/10\\\/conta\\\/#primaryimage\"},\"thumbnailUrl\":\"https:\\\/\\\/www.youthforequality.sk\\\/wp-content\\\/uploads\\\/2021\\\/12\\\/20211130_155956.jpg\",\"datePublished\":\"2021-12-10T15:42:18+00:00\",\"dateModified\":\"2021-12-10T15:55:57+00:00\",\"breadcrumb\":{\"@id\":\"https:\\\/\\\/www.youthforequality.sk\\\/index.php\\\/2021\\\/12\\\/10\\\/conta\\\/#breadcrumb\"},\"inLanguage\":\"sk-SK\",\"potentialAction\":[{\"@type\":\"ReadAction\",\"target\":[\"https:\\\/\\\/www.youthforequality.sk\\\/index.php\\\/2021\\\/12\\\/10\\\/conta\\\/\"]}]},{\"@type\":\"ImageObject\",\"inLanguage\":\"sk-SK\",\"@id\":\"https:\\\/\\\/www.youthforequality.sk\\\/index.php\\\/2021\\\/12\\\/10\\\/conta\\\/#primaryimage\",\"url\":\"https:\\\/\\\/www.youthforequality.sk\\\/wp-content\\\/uploads\\\/2021\\\/12\\\/20211130_155956.jpg\",\"contentUrl\":\"https:\\\/\\\/www.youthforequality.sk\\\/wp-content\\\/uploads\\\/2021\\\/12\\\/20211130_155956.jpg\",\"width\":1107,\"height\":830},{\"@type\":\"BreadcrumbList\",\"@id\":\"https:\\\/\\\/www.youthforequality.sk\\\/index.php\\\/2021\\\/12\\\/10\\\/conta\\\/#breadcrumb\",\"itemListElement\":[{\"@type\":\"ListItem\",\"position\":1,\"name\":\"Home\",\"item\":\"https:\\\/\\\/www.youthforequality.sk\\\/\"},{\"@type\":\"ListItem\",\"position\":2,\"name\":\"Viete \u010do je &#8222;hygge&#8220;?\"}]},{\"@type\":\"WebSite\",\"@id\":\"https:\\\/\\\/www.youthforequality.sk\\\/#website\",\"url\":\"https:\\\/\\\/www.youthforequality.sk\\\/\",\"name\":\"\",\"description\":\"\",\"publisher\":{\"@id\":\"https:\\\/\\\/www.youthforequality.sk\\\/#organization\"},\"potentialAction\":[{\"@type\":\"SearchAction\",\"target\":{\"@type\":\"EntryPoint\",\"urlTemplate\":\"https:\\\/\\\/www.youthforequality.sk\\\/?s={search_term_string}\"},\"query-input\":{\"@type\":\"PropertyValueSpecification\",\"valueRequired\":true,\"valueName\":\"search_term_string\"}}],\"inLanguage\":\"sk-SK\"},{\"@type\":\"Organization\",\"@id\":\"https:\\\/\\\/www.youthforequality.sk\\\/#organization\",\"name\":\"Youth for Equality\",\"url\":\"https:\\\/\\\/www.youthforequality.sk\\\/\",\"logo\":{\"@type\":\"ImageObject\",\"inLanguage\":\"sk-SK\",\"@id\":\"https:\\\/\\\/www.youthforequality.sk\\\/#\\\/schema\\\/logo\\\/image\\\/\",\"url\":\"https:\\\/\\\/www.youthforequality.sk\\\/wp-content\\\/uploads\\\/2021\\\/01\\\/vynovene-logo-nove-farby_modra-na-web.png\",\"contentUrl\":\"https:\\\/\\\/www.youthforequality.sk\\\/wp-content\\\/uploads\\\/2021\\\/01\\\/vynovene-logo-nove-farby_modra-na-web.png\",\"width\":1,\"height\":1,\"caption\":\"Youth for Equality\"},\"image\":{\"@id\":\"https:\\\/\\\/www.youthforequality.sk\\\/#\\\/schema\\\/logo\\\/image\\\/\"},\"sameAs\":[\"https:\\\/\\\/www.facebook.com\\\/yeslovakia\"]},{\"@type\":\"Person\",\"@id\":\"https:\\\/\\\/www.youthforequality.sk\\\/#\\\/schema\\\/person\\\/41e987664144336433c641d34b270d1b\",\"name\":\"wiki\",\"image\":{\"@type\":\"ImageObject\",\"inLanguage\":\"sk-SK\",\"@id\":\"https:\\\/\\\/secure.gravatar.com\\\/avatar\\\/57cac84b94061d1af6548f41cd07cbee960ab67f3b80825c4b192af947aa3c0f?s=96&d=mm&r=g\",\"url\":\"https:\\\/\\\/secure.gravatar.com\\\/avatar\\\/57cac84b94061d1af6548f41cd07cbee960ab67f3b80825c4b192af947aa3c0f?s=96&d=mm&r=g\",\"contentUrl\":\"https:\\\/\\\/secure.gravatar.com\\\/avatar\\\/57cac84b94061d1af6548f41cd07cbee960ab67f3b80825c4b192af947aa3c0f?s=96&d=mm&r=g\",\"caption\":\"wiki\"},\"url\":\"https:\\\/\\\/www.youthforequality.sk\\\/index.php\\\/author\\\/janbor\\\/\"}]}<\/script>\n<!-- \/ Yoast SEO plugin. -->","yoast_head_json":{"title":"Viete \u010do je \"hygge\"? |","robots":{"index":"index","follow":"follow","max-snippet":"max-snippet:-1","max-image-preview":"max-image-preview:large","max-video-preview":"max-video-preview:-1"},"canonical":"https:\/\/www.youthforequality.sk\/index.php\/2021\/12\/10\/conta\/","og_locale":"sk_SK","og_type":"article","og_title":"Viete \u010do je \"hygge\"? |","og_description":"Len na nieko\u013ek\u00fdch miestach v&nbsp;D\u00e1nsku je mo\u017en\u00e9 stretn\u00fa\u0165 tak\u00fa n\u00e1dhern\u00fa a&nbsp;osobit\u00fa pr\u00edrodu ako v&nbsp;oblasti Slettestrand. Miesto pon\u00faka \u0161peci\u00e1lnu kombin\u00e1ciu akt\u00edvnej dovolenky a&nbsp;kr\u00e1snej pr\u00edrody, ktor\u00e1 v\u00e1s l\u00e1ka zosta\u0165 a&nbsp;u\u017e\u00edva\u0165 si jej tajupln\u00e9 ticho. V&nbsp;celom regi\u00f3ne je mno\u017estvo turistick\u00fdch a&nbsp;cyklistick\u00fdch tr\u00e1s pre za\u010diato\u010dn\u00edkov aj n\u00e1ro\u010dnej\u0161\u00edch cyklistov. Vrchol hrebe\u0148a v&nbsp;Sanden Bjerggard poskytuje vynikaj\u00faci v\u00fdh\u013ead na z\u00e1liv Jammerbugten, tento&hellip;&nbsp;\u010c\u00edta\u0165 viac &raquo;Viete \u010do je &#8222;hygge&#8220;?","og_url":"https:\/\/www.youthforequality.sk\/index.php\/2021\/12\/10\/conta\/","article_publisher":"https:\/\/www.facebook.com\/yeslovakia","article_published_time":"2021-12-10T15:42:18+00:00","article_modified_time":"2021-12-10T15:55:57+00:00","og_image":[{"width":1107,"height":830,"url":"https:\/\/www.youthforequality.sk\/wp-content\/uploads\/2021\/12\/20211130_155956.jpg","type":"image\/jpeg"}],"author":"wiki","twitter_card":"summary_large_image","twitter_misc":{"Autor":"wiki","Predpokladan\u00fd \u010das \u010d\u00edtania":"4 min\u00faty"},"schema":{"@context":"https:\/\/schema.org","@graph":[{"@type":"Article","@id":"https:\/\/www.youthforequality.sk\/index.php\/2021\/12\/10\/conta\/#article","isPartOf":{"@id":"https:\/\/www.youthforequality.sk\/index.php\/2021\/12\/10\/conta\/"},"author":{"name":"wiki","@id":"https:\/\/www.youthforequality.sk\/#\/schema\/person\/41e987664144336433c641d34b270d1b"},"headline":"Viete \u010do je &#8222;hygge&#8220;?","datePublished":"2021-12-10T15:42:18+00:00","dateModified":"2021-12-10T15:55:57+00:00","mainEntityOfPage":{"@id":"https:\/\/www.youthforequality.sk\/index.php\/2021\/12\/10\/conta\/"},"wordCount":643,"publisher":{"@id":"https:\/\/www.youthforequality.sk\/#organization"},"image":{"@id":"https:\/\/www.youthforequality.sk\/index.php\/2021\/12\/10\/conta\/#primaryimage"},"thumbnailUrl":"https:\/\/www.youthforequality.sk\/wp-content\/uploads\/2021\/12\/20211130_155956.jpg","articleSection":["Blog"],"inLanguage":"sk-SK"},{"@type":"WebPage","@id":"https:\/\/www.youthforequality.sk\/index.php\/2021\/12\/10\/conta\/","url":"https:\/\/www.youthforequality.sk\/index.php\/2021\/12\/10\/conta\/","name":"Viete \u010do je \"hygge\"? |","isPartOf":{"@id":"https:\/\/www.youthforequality.sk\/#website"},"primaryImageOfPage":{"@id":"https:\/\/www.youthforequality.sk\/index.php\/2021\/12\/10\/conta\/#primaryimage"},"image":{"@id":"https:\/\/www.youthforequality.sk\/index.php\/2021\/12\/10\/conta\/#primaryimage"},"thumbnailUrl":"https:\/\/www.youthforequality.sk\/wp-content\/uploads\/2021\/12\/20211130_155956.jpg","datePublished":"2021-12-10T15:42:18+00:00","dateModified":"2021-12-10T15:55:57+00:00","breadcrumb":{"@id":"https:\/\/www.youthforequality.sk\/index.php\/2021\/12\/10\/conta\/#breadcrumb"},"inLanguage":"sk-SK","potentialAction":[{"@type":"ReadAction","target":["https:\/\/www.youthforequality.sk\/index.php\/2021\/12\/10\/conta\/"]}]},{"@type":"ImageObject","inLanguage":"sk-SK","@id":"https:\/\/www.youthforequality.sk\/index.php\/2021\/12\/10\/conta\/#primaryimage","url":"https:\/\/www.youthforequality.sk\/wp-content\/uploads\/2021\/12\/20211130_155956.jpg","contentUrl":"https:\/\/www.youthforequality.sk\/wp-content\/uploads\/2021\/12\/20211130_155956.jpg","width":1107,"height":830},{"@type":"BreadcrumbList","@id":"https:\/\/www.youthforequality.sk\/index.php\/2021\/12\/10\/conta\/#breadcrumb","itemListElement":[{"@type":"ListItem","position":1,"name":"Home","item":"https:\/\/www.youthforequality.sk\/"},{"@type":"ListItem","position":2,"name":"Viete \u010do je &#8222;hygge&#8220;?"}]},{"@type":"WebSite","@id":"https:\/\/www.youthforequality.sk\/#website","url":"https:\/\/www.youthforequality.sk\/","name":"","description":"","publisher":{"@id":"https:\/\/www.youthforequality.sk\/#organization"},"potentialAction":[{"@type":"SearchAction","target":{"@type":"EntryPoint","urlTemplate":"https:\/\/www.youthforequality.sk\/?s={search_term_string}"},"query-input":{"@type":"PropertyValueSpecification","valueRequired":true,"valueName":"search_term_string"}}],"inLanguage":"sk-SK"},{"@type":"Organization","@id":"https:\/\/www.youthforequality.sk\/#organization","name":"Youth for Equality","url":"https:\/\/www.youthforequality.sk\/","logo":{"@type":"ImageObject","inLanguage":"sk-SK","@id":"https:\/\/www.youthforequality.sk\/#\/schema\/logo\/image\/","url":"https:\/\/www.youthforequality.sk\/wp-content\/uploads\/2021\/01\/vynovene-logo-nove-farby_modra-na-web.png","contentUrl":"https:\/\/www.youthforequality.sk\/wp-content\/uploads\/2021\/01\/vynovene-logo-nove-farby_modra-na-web.png","width":1,"height":1,"caption":"Youth for Equality"},"image":{"@id":"https:\/\/www.youthforequality.sk\/#\/schema\/logo\/image\/"},"sameAs":["https:\/\/www.facebook.com\/yeslovakia"]},{"@type":"Person","@id":"https:\/\/www.youthforequality.sk\/#\/schema\/person\/41e987664144336433c641d34b270d1b","name":"wiki","image":{"@type":"ImageObject","inLanguage":"sk-SK","@id":"https:\/\/secure.gravatar.com\/avatar\/57cac84b94061d1af6548f41cd07cbee960ab67f3b80825c4b192af947aa3c0f?s=96&d=mm&r=g","url":"https:\/\/secure.gravatar.com\/avatar\/57cac84b94061d1af6548f41cd07cbee960ab67f3b80825c4b192af947aa3c0f?s=96&d=mm&r=g","contentUrl":"https:\/\/secure.gravatar.com\/avatar\/57cac84b94061d1af6548f41cd07cbee960ab67f3b80825c4b192af947aa3c0f?s=96&d=mm&r=g","caption":"wiki"},"url":"https:\/\/www.youthforequality.sk\/index.php\/author\/janbor\/"}]}},"_links":{"self":[{"href":"https:\/\/www.youthforequality.sk\/index.php\/wp-json\/wp\/v2\/posts\/3662","targetHints":{"allow":["GET"]}}],"collection":[{"href":"https:\/\/www.youthforequality.sk\/index.php\/wp-json\/wp\/v2\/posts"}],"about":[{"href":"https:\/\/www.youthforequality.sk\/index.php\/wp-json\/wp\/v2\/types\/post"}],"author":[{"embeddable":true,"href":"https:\/\/www.youthforequality.sk\/index.php\/wp-json\/wp\/v2\/users\/6"}],"replies":[{"embeddable":true,"href":"https:\/\/www.youthforequality.sk\/index.php\/wp-json\/wp\/v2\/comments?post=3662"}],"version-history":[{"count":8,"href":"https:\/\/www.youthforequality.sk\/index.php\/wp-json\/wp\/v2\/posts\/3662\/revisions"}],"predecessor-version":[{"id":3687,"href":"https:\/\/www.youthforequality.sk\/index.php\/wp-json\/wp\/v2\/posts\/3662\/revisions\/3687"}],"wp:featuredmedia":[{"embeddable":true,"href":"https:\/\/www.youthforequality.sk\/index.php\/wp-json\/wp\/v2\/media\/3673"}],"wp:attachment":[{"href":"https:\/\/www.youthforequality.sk\/index.php\/wp-json\/wp\/v2\/media?parent=3662"}],"wp:term":[{"taxonomy":"category","embeddable":true,"href":"https:\/\/www.youthforequality.sk\/index.php\/wp-json\/wp\/v2\/categories?post=3662"},{"taxonomy":"post_tag","embeddable":true,"href":"https:\/\/www.youthforequality.sk\/index.php\/wp-json\/wp\/v2\/tags?post=3662"}],"curies":[{"name":"wp","href":"https:\/\/api.w.org\/{rel}","templated":true}]}}