{"id":3729,"date":"2022-01-11T11:10:07","date_gmt":"2022-01-11T10:10:07","guid":{"rendered":"https:\/\/www.youthforequality.sk\/?p=3729"},"modified":"2022-01-11T11:15:57","modified_gmt":"2022-01-11T10:15:57","slug":"skolenia-v-berline-ocami-troch-ucastnikov","status":"publish","type":"post","link":"https:\/\/www.youthforequality.sk\/index.php\/2022\/01\/11\/skolenia-v-berline-ocami-troch-ucastnikov\/","title":{"rendered":"\u0160kolenia v Berl\u00edne o\u010dami troch \u00fa\u010dastn\u00edkov"},"content":{"rendered":"\t\t<div data-elementor-type=\"wp-post\" data-elementor-id=\"3729\" class=\"elementor elementor-3729\">\n\t\t\t\t\t\t<section class=\"elementor-section elementor-top-section elementor-element elementor-element-00f62de elementor-section-boxed elementor-section-height-default elementor-section-height-default\" data-id=\"00f62de\" data-element_type=\"section\" data-e-type=\"section\">\n\t\t\t\t\t\t<div class=\"elementor-container elementor-column-gap-default\">\n\t\t\t\t\t<div class=\"elementor-column elementor-col-100 elementor-top-column elementor-element elementor-element-38d4d1a\" data-id=\"38d4d1a\" data-element_type=\"column\" data-e-type=\"column\">\n\t\t\t<div class=\"elementor-widget-wrap elementor-element-populated\">\n\t\t\t\t\t\t<div class=\"elementor-element elementor-element-403ef3d elementor-widget elementor-widget-text-editor\" data-id=\"403ef3d\" data-element_type=\"widget\" data-e-type=\"widget\" data-widget_type=\"text-editor.default\">\n\t\t\t\t<div class=\"elementor-widget-container\">\n\t\t\t\t\t\t\t\t\t<p><span style=\"font-weight: 400;\">Berl\u00edn bol pre m\u0148a \u00faplne nov\u00e1 sk\u00fasenos\u0165. Mesto bolo in\u00e9 ne\u017e kdeko\u013evek, kde som doteraz bola.\u00a0<\/span><\/p><p>\u00a0<\/p><p><span style=\"font-weight: 400;\">Mesto protikladov. Na jednej strane mnoho hist\u00f3rie, pamiatok a tak\u00fdch t\u00fdch miest, kde skr\u00e1tka chcete len ml\u010da\u0165. Lebo m\u00e1te pocit, \u017ee v\u0161etko, \u010do by ste povedali je nepatri\u010dn\u00e9. Na jednej strane kr\u00e1sne, nov\u00e9, \u010dist\u00e9 mesto, na druhej strane pozostatky komunizmu, a ob\u010das aj smet\u00ed na zemi. Po\u010das n\u00e1\u0161ho pobytu sme stihli nav\u0161t\u00edvi\u0165 Brandenbursk\u00fa br\u00e1nu, ktor\u00e1 je hlavnou dominantou centra, ale aj East side gallery, ktor\u00e1 je najzachovalej\u0161\u00edm zbytkom b\u00fdval\u00e9ho Berl\u00ednskeho m\u00faru. Mesto rozde\u013eoval na z\u00e1padn\u00fa a v\u00fdchodn\u00fa \u010das\u0165 a bolo skvel\u00e9 vidie\u0165 ako vedia Nemci prepoji\u0165 minulos\u0165 s pr\u00edtomnos\u0165ou. Stenu zdobia v\u00fdnimo\u010dn\u00e9 street art diela, vr\u00e1tane najzn\u00e1mej\u0161ej ma\u013eby bozk\u00e1vaj\u00faceho sa Bre\u017eneva. Diela sa po \u010dase obmie\u0148aj\u00fa a pre ka\u017ed\u00e9ho umelca je to obrovsk\u00e1 pocta tam m\u00f4c\u0165 nie\u010do vytvori\u0165. Ka\u017ed\u00e9mu milovn\u00edkovi s\u00fa\u010dasn\u00e9ho umenia ju vrelo odpor\u00fa\u010dam vidie\u0165. <\/span><span style=\"font-weight: 400;\">\u00a0<\/span><\/p><p>\u00a0<\/p><p><span style=\"font-weight: 400;\">Pl\u00e1novali sme \u00eds\u0165 aj do \u017eidovsk\u00e9ho m\u00fazea, ale to u\u017e sme, bohu\u017eia\u013e, nestihli. \u013dudia boli aj mil\u00ed, aj nemil\u00ed. <\/span><span style=\"font-weight: 400;\"> Mnoho nemcov st\u00e1le nehovor\u00ed po anglicky a pokia\u013e niekto od poh\u013eadu vyzer\u00e1 ako cudzinec, vedia by\u0165 ob\u010das nepr\u00edjemn\u00ed. Ale za\u017eili sme aj ve\u013emi l\u00e1skav\u00e9 stretnutia, kde n\u00e1m uk\u00e1zali ich typick\u00fd, trochu such\u0161\u00ed zmysel pre humor. Od mesta ako Berl\u00edn by som \u010dakala, \u017ee platba kartou bude v\u0161ade samozrejmos\u0165ou, av\u0161ak nemohla som sa viac m\u00fdli\u0165. \u010castokr\u00e1t na\u0161e v\u00fdlety vo vo\u013enom \u010dase spo\u010d\u00edvali v uloven\u00ed nejak\u00e9ho bankomatu, \u010do ob\u010das tie\u017e vedela by\u0165 v\u00fdzva. Mus\u00edm v\u0161ak vyzdvihn\u00fat disciplinovanos\u0165 krajiny, \u010do sa t\u00fdka covidov\u00fdch opatren\u00ed. V\u0161ade kontroluj\u00fa greenpassy a nen\u00e1jdete tam jedn\u00e9ho \u010dloveka s respir\u00e1torom pod nosom.<\/span><\/p><p>\u00a0<\/p><p><span style=\"font-weight: 400;\">Bola to moja prv\u00e1 sk\u00fasenos\u0165 s erasmom ako \u00fa\u010dastn\u00edk a sama som bola zvedav\u00e1, ak\u00e9 to bude. Ve\u013ekou in\u0161pir\u00e1ciou bola mo\u017enos\u0165 spozna\u0165 to\u013eko nov\u00fdch, kr\u00e1snych \u013eud\u00ed s kr\u00e1snymi my\u0161lienkami. Nadviaza\u0165 nov\u00e9 kontakty, \u010di pr\u00edpadn\u00fa spolupr\u00e1cu. Tr\u00e9ning Silence hate hodnot\u00edm v s\u00fa\u010dasnej dobe ako ve\u013emi aktu\u00e1lny a d\u00f4le\u017eit\u00fd. V\u0161etci sa, bohu\u017eia\u013e, v dne\u0161n\u00fdch d\u0148och stret\u00e1vame s prejavmi nen\u00e1visti, \u010di v online priestore alebo re\u00e1lnom \u017eivote. Rozoberali sme konkr\u00e9tne pr\u00edklady a formy hate speechu z r\u00f4znych oblast\u00ed. V tejto t\u00e9me sa pohybujem u\u017e 10 rokov a bola som ve\u013emi zvedav\u00e1 na sk\u00fasenosti \u013eud\u00ed z in\u00fdch kraj\u00edn.\u00a0 Je d\u00f4le\u017eit\u00e9 vedie\u0165 ako s nen\u00e1vistn\u00fdm prejavom vhodne nalo\u017ei\u0165 a ako proti nemu efekt\u00edvne bojova\u0165, \u010di u\u017e v osobnej alebo pracovnej rovine.\u00a0<\/span><\/p><p>\u00a0<\/p><p><span style=\"font-weight: 400;\">Celkovo hodnot\u00edm tento tr\u00e9ning ako ve\u013emi dobr\u00fd a u\u017eito\u010dn\u00fd z\u00e1\u017eitok, kde m\u00e1te mo\u017enos\u0165 sa nielen nie\u010do nov\u00e9 nau\u010di\u0165, ale aj vidie\u0165 kus sveta. Sk\u00fasenos\u0165 s erasmom vrelo odpor\u00fa\u010dam \u00faplne ka\u017ed\u00e9mu.<\/span><\/p><p>\u00a0<\/p><p><span style=\"font-weight: 400;\">Iv<\/span><\/p>\t\t\t\t\t\t\t\t<\/div>\n\t\t\t\t<\/div>\n\t\t\t\t\t<\/div>\n\t\t<\/div>\n\t\t\t\t\t<\/div>\n\t\t<\/section>\n\t\t\t\t<section class=\"elementor-section elementor-top-section elementor-element elementor-element-ec85c51 elementor-section-boxed elementor-section-height-default elementor-section-height-default\" data-id=\"ec85c51\" data-element_type=\"section\" data-e-type=\"section\">\n\t\t\t\t\t\t<div class=\"elementor-container elementor-column-gap-default\">\n\t\t\t\t\t<div class=\"elementor-column elementor-col-100 elementor-top-column elementor-element elementor-element-fe461e1\" data-id=\"fe461e1\" data-element_type=\"column\" data-e-type=\"column\">\n\t\t\t<div class=\"elementor-widget-wrap elementor-element-populated\">\n\t\t\t\t\t\t<div class=\"elementor-element elementor-element-39595e5 elementor-arrows-position-inside elementor-pagination-position-outside elementor-widget elementor-widget-image-carousel\" data-id=\"39595e5\" data-element_type=\"widget\" data-e-type=\"widget\" data-settings=\"{&quot;navigation&quot;:&quot;both&quot;,&quot;autoplay&quot;:&quot;yes&quot;,&quot;pause_on_hover&quot;:&quot;yes&quot;,&quot;pause_on_interaction&quot;:&quot;yes&quot;,&quot;autoplay_speed&quot;:5000,&quot;infinite&quot;:&quot;yes&quot;,&quot;speed&quot;:500}\" data-widget_type=\"image-carousel.default\">\n\t\t\t\t<div class=\"elementor-widget-container\">\n\t\t\t\t\t\t\t<div class=\"elementor-image-carousel-wrapper swiper\" role=\"region\" aria-roledescription=\"carousel\" aria-label=\"Obr\u00e1zkov\u00fd kot\u00fa\u010d\" dir=\"ltr\">\n\t\t\t<div class=\"elementor-image-carousel swiper-wrapper\" aria-live=\"off\">\n\t\t\t\t\t\t\t\t<div class=\"swiper-slide\" role=\"group\" aria-roledescription=\"slide\" aria-label=\"1 of 6\"><figure class=\"swiper-slide-inner\"><img decoding=\"async\" class=\"swiper-slide-image\" src=\"https:\/\/www.youthforequality.sk\/wp-content\/uploads\/2022\/01\/FB_IMG_1641213567005-150x150.jpg\" alt=\"FB_IMG_1641213567005\" \/><\/figure><\/div><div class=\"swiper-slide\" role=\"group\" aria-roledescription=\"slide\" aria-label=\"2 of 6\"><figure class=\"swiper-slide-inner\"><img decoding=\"async\" class=\"swiper-slide-image\" src=\"https:\/\/www.youthforequality.sk\/wp-content\/uploads\/2022\/01\/IMG_20211205_122516-150x150.jpg\" alt=\"IMG_20211205_122516\" \/><\/figure><\/div><div class=\"swiper-slide\" role=\"group\" aria-roledescription=\"slide\" aria-label=\"3 of 6\"><figure class=\"swiper-slide-inner\"><img decoding=\"async\" class=\"swiper-slide-image\" src=\"https:\/\/www.youthforequality.sk\/wp-content\/uploads\/2022\/01\/IMG_20211205_124041-150x150.jpg\" alt=\"IMG_20211205_124041\" \/><\/figure><\/div><div class=\"swiper-slide\" role=\"group\" aria-roledescription=\"slide\" aria-label=\"4 of 6\"><figure class=\"swiper-slide-inner\"><img decoding=\"async\" class=\"swiper-slide-image\" src=\"https:\/\/www.youthforequality.sk\/wp-content\/uploads\/2022\/01\/IMG_20211205_130718-150x150.jpg\" alt=\"IMG_20211205_130718\" \/><\/figure><\/div><div class=\"swiper-slide\" role=\"group\" aria-roledescription=\"slide\" aria-label=\"5 of 6\"><figure class=\"swiper-slide-inner\"><img decoding=\"async\" class=\"swiper-slide-image\" src=\"https:\/\/www.youthforequality.sk\/wp-content\/uploads\/2022\/01\/IMG_20211203_220922-150x150.jpg\" alt=\"IMG_20211203_220922\" \/><\/figure><\/div><div class=\"swiper-slide\" role=\"group\" aria-roledescription=\"slide\" aria-label=\"6 of 6\"><figure class=\"swiper-slide-inner\"><img decoding=\"async\" class=\"swiper-slide-image\" src=\"https:\/\/www.youthforequality.sk\/wp-content\/uploads\/2022\/01\/IMG_20211202_184603-150x150.jpg\" alt=\"IMG_20211202_184603\" \/><\/figure><\/div>\t\t\t<\/div>\n\t\t\t\t\t\t\t\t\t\t\t\t<div class=\"elementor-swiper-button elementor-swiper-button-prev\" role=\"button\" tabindex=\"0\">\n\t\t\t\t\t\t<i aria-hidden=\"true\" class=\"eicon-chevron-left\"><\/i>\t\t\t\t\t<\/div>\n\t\t\t\t\t<div class=\"elementor-swiper-button elementor-swiper-button-next\" role=\"button\" tabindex=\"0\">\n\t\t\t\t\t\t<i aria-hidden=\"true\" class=\"eicon-chevron-right\"><\/i>\t\t\t\t\t<\/div>\n\t\t\t\t\n\t\t\t\t\t\t\t\t\t<div class=\"swiper-pagination\"><\/div>\n\t\t\t\t\t\t\t\t\t<\/div>\n\t\t\t\t\t\t<\/div>\n\t\t\t\t<\/div>\n\t\t\t\t\t<\/div>\n\t\t<\/div>\n\t\t\t\t\t<\/div>\n\t\t<\/section>\n\t\t\t\t<section class=\"elementor-section elementor-top-section elementor-element elementor-element-46b682e elementor-section-boxed elementor-section-height-default elementor-section-height-default\" data-id=\"46b682e\" data-element_type=\"section\" data-e-type=\"section\">\n\t\t\t\t\t\t<div class=\"elementor-container elementor-column-gap-default\">\n\t\t\t\t\t<div class=\"elementor-column elementor-col-100 elementor-top-column elementor-element elementor-element-30de7d2\" data-id=\"30de7d2\" data-element_type=\"column\" data-e-type=\"column\">\n\t\t\t<div class=\"elementor-widget-wrap elementor-element-populated\">\n\t\t\t\t\t\t<div class=\"elementor-element elementor-element-4206006 elementor-widget elementor-widget-text-editor\" data-id=\"4206006\" data-element_type=\"widget\" data-e-type=\"widget\" data-widget_type=\"text-editor.default\">\n\t\t\t\t<div class=\"elementor-widget-container\">\n\t\t\t\t\t\t\t\t\t<p><span style=\"font-weight: 400;\">N\u00e1lepky z hrn\u010dekov sa odliepaj\u00fa \u0165a\u017eko, treba ma\u0165 v\u00f4\u013eu a dostatok hor\u00facej vody. M\u00f4j hrn\u010dek s n\u00e1pisom NEMECKO bol polepen\u00fd mnoh\u00fdmi stereotypmi, a tak som sa rozhodol vyhrn\u00fa\u0165 si ruk\u00e1vy a spozna\u0165 Nemcov a Nemecko.<\/span><\/p><p>\u00a0<\/p><p><span style=\"font-weight: 400;\">Nebol som v Nemecku prv\u00fdkr\u00e1t, no pobudol som tam len nakr\u00e1tko a v Berl\u00edne som nikdy nebol. Moja predstava o nepr\u00edjemn\u00fdch \u013eu\u010foch, ktor\u00ed hovoria jazykom, kde aj vyznanie l\u00e1sky znie ako vyhr\u00e1\u017eanie sa smr\u0165ou sa v\u0161ak naplnila len s\u010dasti.\u00a0<\/span><span style=\"font-weight: 400;\">Stretol som tam mil\u00fdch \u013eud\u00ed, ktor\u00ed sa radi pustili do konverz\u00e1cie aj s \u010dlovekom, ktor\u00fd okrem slova schnitzel po nemecky nevie h\u00e1dam ni\u010d. Konverz\u00e1cie s pouli\u010dn\u00fdmi umelcami, predava\u010dkami na trhoch, \u010da\u0161n\u00edkmi, oby\u010dajn\u00fdmi spolun\u00e1hliacimi sa, \u010di interakcia s p\u00e1nom, ktor\u00fd mi podaroval bal\u00f3nov\u00e9ho ps\u00edka (to je len polopravda, lebo ke\u010f som mu odmietol zaplati\u0165, tak mi ho vzal).\u00a0<\/span><\/p><p>\u00a0<\/p><p><span style=\"font-weight: 400;\">Projekt Silence hate sa venoval nen\u00e1vistn\u00fdm prejavom na internete &#8211; t\u00e9me, ktor\u00e1 sa dennodenne dot\u00fdka ka\u017ed\u00e9ho internetov\u00e9ho u\u017e\u00edvate\u013ea, \u010di u\u017e\u00edvate\u013eky a my mus\u00edme pr\u00eds\u0165 s efekt\u00edvnymi sp\u00f4sobmi ako mu \u010deli\u0165 a bojova\u0165 proti nemu. Diskutovanie o tejto tricky t\u00e9me, by teda malo by\u0165 s\u00fa\u010das\u0165ou neform\u00e1lneho vzdel\u00e1vania. Spolo\u010dn\u00fdm cie\u013eom by mala by\u0165 pr\u00e1ve inkl\u00fazia a rovnos\u0165, a pr\u00e1ve preto je tak nutn\u00e9 bojova\u0165 proti hate speechu, ktor\u00fd tvor\u00ed prav\u00fd opak. Projekt mi pomohol v lep\u0161om orientovan\u00ed sa v t\u00e9me a uk\u00e1zal mi nov\u00e9 uhly poh\u013eadu na tento komplexn\u00fd probl\u00e9m. Aktivity, energisers, predn\u00e1\u0161ky, \u010di outdoorov\u00e1 aktivita vytvorili zauj\u00edmav\u00fd t\u00fd\u017ede\u0148.\u00a0<\/span><\/p><p>\u00a0<\/p><p><span style=\"font-weight: 400;\">V\u010faka programu mi bolo umo\u017enen\u00e9 profesion\u00e1lne r\u00e1s\u0165, ale tie\u017e z\u00edska\u0165 nov\u00e9 my\u0161lienky a stretn\u00fa\u0165 skvel\u00fdch \u013eud\u00ed, \u010di u\u017e v r\u00e1mci n\u00e1\u0161ho projektu alebo paraleln\u00e9ho projektu It&#8217;s about choice. S niektor\u00fdmi \u013eu\u010fmi sme si sadli a ani stoli\u010dky sme nepotrebovali.\u00a0<\/span><\/p><p>\u00a0<\/p><p><span style=\"font-weight: 400;\">Berl\u00edn mi ch\u00fdba\u0165 a\u017e tak nebude, pomyslel som si po\u010das projektu. Dos\u0165 som sa m\u00fdlil a dnes mi ch\u00fdba aj Berl\u00edn, aj \u013eudia :). Taaaaak, n\u00e1lepka je z hrn\u010deka odlepen\u00e1 a ja viem, \u017ee stereotypy o Nemcoch s\u00fa predsa len stereotypy a ja sa u\u017e teraz te\u0161\u00edm sa na spozn\u00e1vanie nov\u00e9ho a u\u017e\u00edvanie star\u00e9ho \ud83d\ude42<\/span><\/p><p>\u00a0<\/p><p><span style=\"font-weight: 400;\">Ayoub<\/span><\/p>\t\t\t\t\t\t\t\t<\/div>\n\t\t\t\t<\/div>\n\t\t\t\t\t<\/div>\n\t\t<\/div>\n\t\t\t\t\t<\/div>\n\t\t<\/section>\n\t\t\t\t<section class=\"elementor-section elementor-top-section elementor-element elementor-element-3fa1b69 elementor-section-boxed elementor-section-height-default elementor-section-height-default\" data-id=\"3fa1b69\" data-element_type=\"section\" data-e-type=\"section\">\n\t\t\t\t\t\t<div class=\"elementor-container elementor-column-gap-default\">\n\t\t\t\t\t<div class=\"elementor-column elementor-col-100 elementor-top-column elementor-element elementor-element-d9d9434\" data-id=\"d9d9434\" data-element_type=\"column\" data-e-type=\"column\">\n\t\t\t<div class=\"elementor-widget-wrap elementor-element-populated\">\n\t\t\t\t\t\t<div class=\"elementor-element elementor-element-5e1b617 elementor-arrows-position-inside elementor-pagination-position-outside elementor-widget elementor-widget-image-carousel\" data-id=\"5e1b617\" data-element_type=\"widget\" data-e-type=\"widget\" data-settings=\"{&quot;navigation&quot;:&quot;both&quot;,&quot;autoplay&quot;:&quot;yes&quot;,&quot;pause_on_hover&quot;:&quot;yes&quot;,&quot;pause_on_interaction&quot;:&quot;yes&quot;,&quot;autoplay_speed&quot;:5000,&quot;infinite&quot;:&quot;yes&quot;,&quot;speed&quot;:500}\" data-widget_type=\"image-carousel.default\">\n\t\t\t\t<div class=\"elementor-widget-container\">\n\t\t\t\t\t\t\t<div class=\"elementor-image-carousel-wrapper swiper\" role=\"region\" aria-roledescription=\"carousel\" aria-label=\"Obr\u00e1zkov\u00fd kot\u00fa\u010d\" dir=\"ltr\">\n\t\t\t<div class=\"elementor-image-carousel swiper-wrapper\" aria-live=\"off\">\n\t\t\t\t\t\t\t\t<div class=\"swiper-slide\" role=\"group\" aria-roledescription=\"slide\" aria-label=\"1 of 6\"><figure class=\"swiper-slide-inner\"><img decoding=\"async\" class=\"swiper-slide-image\" src=\"https:\/\/www.youthforequality.sk\/wp-content\/uploads\/2022\/01\/received_470052394539927-150x150.jpeg\" alt=\"received_470052394539927\" \/><\/figure><\/div><div class=\"swiper-slide\" role=\"group\" aria-roledescription=\"slide\" aria-label=\"2 of 6\"><figure class=\"swiper-slide-inner\"><img decoding=\"async\" class=\"swiper-slide-image\" src=\"https:\/\/www.youthforequality.sk\/wp-content\/uploads\/2022\/01\/received_457319195813858-150x150.jpeg\" alt=\"received_457319195813858\" \/><\/figure><\/div><div class=\"swiper-slide\" role=\"group\" aria-roledescription=\"slide\" aria-label=\"3 of 6\"><figure class=\"swiper-slide-inner\"><img decoding=\"async\" class=\"swiper-slide-image\" src=\"https:\/\/www.youthforequality.sk\/wp-content\/uploads\/2022\/01\/IMG_20211203_114326-150x150.jpg\" alt=\"IMG_20211203_114326\" \/><\/figure><\/div><div class=\"swiper-slide\" role=\"group\" aria-roledescription=\"slide\" aria-label=\"4 of 6\"><figure class=\"swiper-slide-inner\"><img decoding=\"async\" class=\"swiper-slide-image\" src=\"https:\/\/www.youthforequality.sk\/wp-content\/uploads\/2022\/01\/IMG_20211203_130229-150x150.jpg\" alt=\"IMG_20211203_130229\" \/><\/figure><\/div><div class=\"swiper-slide\" role=\"group\" aria-roledescription=\"slide\" aria-label=\"5 of 6\"><figure class=\"swiper-slide-inner\"><img decoding=\"async\" class=\"swiper-slide-image\" src=\"https:\/\/www.youthforequality.sk\/wp-content\/uploads\/2022\/01\/IMG_20211202_185324-150x150.jpg\" alt=\"IMG_20211202_185324\" \/><\/figure><\/div><div class=\"swiper-slide\" role=\"group\" aria-roledescription=\"slide\" aria-label=\"6 of 6\"><figure class=\"swiper-slide-inner\"><img decoding=\"async\" class=\"swiper-slide-image\" src=\"https:\/\/www.youthforequality.sk\/wp-content\/uploads\/2022\/01\/IMG_20211202_183536-150x150.jpg\" alt=\"IMG_20211202_183536\" \/><\/figure><\/div>\t\t\t<\/div>\n\t\t\t\t\t\t\t\t\t\t\t\t<div class=\"elementor-swiper-button elementor-swiper-button-prev\" role=\"button\" tabindex=\"0\">\n\t\t\t\t\t\t<i aria-hidden=\"true\" class=\"eicon-chevron-left\"><\/i>\t\t\t\t\t<\/div>\n\t\t\t\t\t<div class=\"elementor-swiper-button elementor-swiper-button-next\" role=\"button\" tabindex=\"0\">\n\t\t\t\t\t\t<i aria-hidden=\"true\" class=\"eicon-chevron-right\"><\/i>\t\t\t\t\t<\/div>\n\t\t\t\t\n\t\t\t\t\t\t\t\t\t<div class=\"swiper-pagination\"><\/div>\n\t\t\t\t\t\t\t\t\t<\/div>\n\t\t\t\t\t\t<\/div>\n\t\t\t\t<\/div>\n\t\t\t\t\t<\/div>\n\t\t<\/div>\n\t\t\t\t\t<\/div>\n\t\t<\/section>\n\t\t\t\t<section class=\"elementor-section elementor-top-section elementor-element elementor-element-24f74a4 elementor-section-boxed elementor-section-height-default elementor-section-height-default\" data-id=\"24f74a4\" data-element_type=\"section\" data-e-type=\"section\">\n\t\t\t\t\t\t<div class=\"elementor-container elementor-column-gap-default\">\n\t\t\t\t\t<div class=\"elementor-column elementor-col-100 elementor-top-column elementor-element elementor-element-d24d432\" data-id=\"d24d432\" data-element_type=\"column\" data-e-type=\"column\">\n\t\t\t<div class=\"elementor-widget-wrap elementor-element-populated\">\n\t\t\t\t\t\t<div class=\"elementor-element elementor-element-5b76975 elementor-widget elementor-widget-text-editor\" data-id=\"5b76975\" data-element_type=\"widget\" data-e-type=\"widget\" data-widget_type=\"text-editor.default\">\n\t\t\t\t<div class=\"elementor-widget-container\">\n\t\t\t\t\t\t\t\t\t<p><span style=\"font-weight: 400;\">Prv\u00fd decembrov\u00fd t\u00fd\u017ede\u0148 sme str\u00e1vili v Berl\u00edne na tr\u00e9ningovom kurze \u201eIt\u00b4s about choice\u201c. Lep\u0161ie nabudenie do predviano\u010dnej n\u00e1lady si ani neviem predstavi\u0165, berl\u00ednska atmosf\u00e9ra bola pre m\u0148a naozaj \u00fa\u017easn\u00e1. Viano\u010dn\u00e9 trhy boli v plnom pr\u00fade a kr\u00e1sna v\u00fdzdoba spolu s tematickou hudbou na m\u0148a p\u00f4sobili ako vo viano\u010dnom filme. \u010co sa t\u00fdka samotn\u00e9ho mesta, Berl\u00edn nie je \u00faplne typick\u00e1 metropola. Je svojsk\u00fd \u2013 \u010do sa mne ve\u013emi p\u00e1\u010dilo. Najviac ma zaujali n\u00e1dhern\u00e9 historick\u00e9 stavby, ktor\u00e9 tvorili zauj\u00edmav\u00fd kontrast s modernej\u0161\u00edmi\u00a0 budovami. V\u0161etko v\u0161ak pekne hralo dokopy a spolu so street artom, \u010di mno\u017estvom parkov tvorilo ucelen\u00fd komplex. Z\u00e1kutia Berl\u00edna sme spozn\u00e1vali spolu s \u010fal\u0161\u00edmi \u00fa\u010dastn\u00edkmi a op\u00e4\u0165 sa mi potvrdilo, \u017ee mi Erasmus+ vn\u00e1\u0161a do \u017eivota naozaj skvel\u00fdch \u013eud\u00ed, s ktor\u00fdmi som si tento projekt ve\u013emi u\u017eila.\u00a0<\/span><\/p><p>\u00a0<\/p><p><span style=\"font-weight: 400;\">N\u00e1\u0161 tr\u00e9ningov\u00fd kurz bol zameran\u00fd na islamof\u00f3biu. Spolo\u010dne sme diskutovali o viacer\u00fdch probl\u00e9moch v spolo\u010dnosti, ako napr\u00edklad diskrimin\u00e1cia \u010di extr\u00e9mizmus a sna\u017eili sa n\u00e1js\u0165 ich rie\u0161enia. Prostredn\u00edctvom skupinov\u00fdch aktiv\u00edt\u00a0 sme mali mo\u017enos\u0165 nahliadnu\u0165 do r\u00f4znych eur\u00f3pskych kraj\u00edn a dozvedie\u0165 sa, ak\u00e1 je ich situ\u00e1cia oh\u013eadom islamof\u00f3bie.\u00a0<\/span><\/p><p><span style=\"font-weight: 400;\">Z\u00e1ver prekvapiv\u00fd nebol, na\u0161e Slovensko je na tom skuto\u010dne zle. Pr\u00e1ve preto poklad\u00e1m Erasmus+ projekty za ve\u013emi d\u00f4le\u017eit\u00e9. Umo\u017e\u0148uje n\u00e1m vzdel\u00e1va\u0165 sa v r\u00f4znych oblastiach a n\u00e1sledne \u0161\u00edri\u0165 nov\u00e9 poznatky v na\u0161om okol\u00ed, a v mnoh\u00fdch pr\u00edpadoch by\u0165 aj inici\u00e1tormi zmien v spolo\u010dnosti a robi\u0165 v\u0161etko preto, aby aj na\u0161a krajina bola miestom, kde s\u00fa v\u0161etci v\u00edtan\u00ed, bez oh\u013eadu na rozdiely v n\u00e1rodnosti, n\u00e1bo\u017eenstve, \u010di farby pleti.\u00a0\u00a0<\/span><\/p><p>\u00a0<\/p><p><span style=\"font-weight: 400;\">Emma<\/span><\/p>\t\t\t\t\t\t\t\t<\/div>\n\t\t\t\t<\/div>\n\t\t\t\t\t<\/div>\n\t\t<\/div>\n\t\t\t\t\t<\/div>\n\t\t<\/section>\n\t\t\t\t<section class=\"elementor-section elementor-top-section elementor-element elementor-element-7d5087e elementor-section-boxed elementor-section-height-default elementor-section-height-default\" data-id=\"7d5087e\" data-element_type=\"section\" data-e-type=\"section\">\n\t\t\t\t\t\t<div class=\"elementor-container elementor-column-gap-default\">\n\t\t\t\t\t<div class=\"elementor-column elementor-col-100 elementor-top-column elementor-element elementor-element-41d44ec\" data-id=\"41d44ec\" data-element_type=\"column\" data-e-type=\"column\">\n\t\t\t<div class=\"elementor-widget-wrap elementor-element-populated\">\n\t\t\t\t\t\t<div class=\"elementor-element elementor-element-f89c998 elementor-arrows-position-inside elementor-pagination-position-outside elementor-widget elementor-widget-image-carousel\" data-id=\"f89c998\" data-element_type=\"widget\" data-e-type=\"widget\" data-settings=\"{&quot;navigation&quot;:&quot;both&quot;,&quot;autoplay&quot;:&quot;yes&quot;,&quot;pause_on_hover&quot;:&quot;yes&quot;,&quot;pause_on_interaction&quot;:&quot;yes&quot;,&quot;autoplay_speed&quot;:5000,&quot;infinite&quot;:&quot;yes&quot;,&quot;speed&quot;:500}\" data-widget_type=\"image-carousel.default\">\n\t\t\t\t<div class=\"elementor-widget-container\">\n\t\t\t\t\t\t\t<div class=\"elementor-image-carousel-wrapper swiper\" role=\"region\" aria-roledescription=\"carousel\" aria-label=\"Obr\u00e1zkov\u00fd kot\u00fa\u010d\" dir=\"ltr\">\n\t\t\t<div class=\"elementor-image-carousel swiper-wrapper\" aria-live=\"off\">\n\t\t\t\t\t\t\t\t<div class=\"swiper-slide\" role=\"group\" aria-roledescription=\"slide\" aria-label=\"1 of 5\"><figure class=\"swiper-slide-inner\"><img decoding=\"async\" class=\"swiper-slide-image\" src=\"https:\/\/www.youthforequality.sk\/wp-content\/uploads\/2022\/01\/IMG_20211203_214547-150x150.jpg\" alt=\"IMG_20211203_214547\" \/><\/figure><\/div><div class=\"swiper-slide\" role=\"group\" aria-roledescription=\"slide\" aria-label=\"2 of 5\"><figure class=\"swiper-slide-inner\"><img decoding=\"async\" class=\"swiper-slide-image\" src=\"https:\/\/www.youthforequality.sk\/wp-content\/uploads\/2022\/01\/IMG_20211205_123929-150x150.jpg\" alt=\"IMG_20211205_123929\" \/><\/figure><\/div><div class=\"swiper-slide\" role=\"group\" aria-roledescription=\"slide\" aria-label=\"3 of 5\"><figure class=\"swiper-slide-inner\"><img decoding=\"async\" class=\"swiper-slide-image\" src=\"https:\/\/www.youthforequality.sk\/wp-content\/uploads\/2022\/01\/IMG_20211205_120314-150x150.jpg\" alt=\"IMG_20211205_120314\" \/><\/figure><\/div><div class=\"swiper-slide\" role=\"group\" aria-roledescription=\"slide\" aria-label=\"4 of 5\"><figure class=\"swiper-slide-inner\"><img decoding=\"async\" class=\"swiper-slide-image\" src=\"https:\/\/www.youthforequality.sk\/wp-content\/uploads\/2022\/01\/IMG_20211205_111551-150x150.jpg\" alt=\"IMG_20211205_111551\" \/><\/figure><\/div><div class=\"swiper-slide\" role=\"group\" aria-roledescription=\"slide\" aria-label=\"5 of 5\"><figure class=\"swiper-slide-inner\"><img decoding=\"async\" class=\"swiper-slide-image\" src=\"https:\/\/www.youthforequality.sk\/wp-content\/uploads\/2022\/01\/IMG_20211205_114930-150x150.jpg\" alt=\"IMG_20211205_114930\" \/><\/figure><\/div>\t\t\t<\/div>\n\t\t\t\t\t\t\t\t\t\t\t\t<div class=\"elementor-swiper-button elementor-swiper-button-prev\" role=\"button\" tabindex=\"0\">\n\t\t\t\t\t\t<i aria-hidden=\"true\" class=\"eicon-chevron-left\"><\/i>\t\t\t\t\t<\/div>\n\t\t\t\t\t<div class=\"elementor-swiper-button elementor-swiper-button-next\" role=\"button\" tabindex=\"0\">\n\t\t\t\t\t\t<i aria-hidden=\"true\" class=\"eicon-chevron-right\"><\/i>\t\t\t\t\t<\/div>\n\t\t\t\t\n\t\t\t\t\t\t\t\t\t<div class=\"swiper-pagination\"><\/div>\n\t\t\t\t\t\t\t\t\t<\/div>\n\t\t\t\t\t\t<\/div>\n\t\t\t\t<\/div>\n\t\t\t\t\t<\/div>\n\t\t<\/div>\n\t\t\t\t\t<\/div>\n\t\t<\/section>\n\t\t\t\t<\/div>\n\t\t","protected":false},"excerpt":{"rendered":"<p>Berl\u00edn bol pre m\u0148a \u00faplne nov\u00e1 sk\u00fasenos\u0165. Mesto bolo in\u00e9 ne\u017e kdeko\u013evek, kde som doteraz bola.&nbsp; Mesto protikladov. Na jednej strane mnoho hist\u00f3rie, pamiatok a tak\u00fdch t\u00fdch miest, kde skr\u00e1tka chcete len ml\u010da\u0165. Lebo m\u00e1te pocit, \u017ee v\u0161etko, \u010do by ste povedali je nepatri\u010dn\u00e9. Na jednej strane kr\u00e1sne, nov\u00e9, \u010dist\u00e9 mesto, na druhej strane pozostatky&hellip;&nbsp;<a href=\"https:\/\/www.youthforequality.sk\/index.php\/2022\/01\/11\/skolenia-v-berline-ocami-troch-ucastnikov\/\" class=\"\" rel=\"bookmark\">\u010c\u00edta\u0165 viac &raquo;<span class=\"screen-reader-text\">\u0160kolenia v Berl\u00edne o\u010dami troch \u00fa\u010dastn\u00edkov<\/span><\/a><\/p>\n","protected":false},"author":6,"featured_media":3749,"comment_status":"closed","ping_status":"open","sticky":false,"template":"","format":"standard","meta":{"_uf_show_specific_survey":0,"_uf_disable_surveys":false,"neve_meta_sidebar":"","neve_meta_container":"","neve_meta_enable_content_width":"","neve_meta_content_width":0,"neve_meta_title_alignment":"","neve_meta_author_avatar":"","neve_post_elements_order":"","neve_meta_disable_header":"","neve_meta_disable_footer":"","neve_meta_disable_title":"","_themeisle_gutenberg_block_has_review":false,"footnotes":""},"categories":[3],"tags":[],"class_list":["post-3729","post","type-post","status-publish","format-standard","has-post-thumbnail","hentry","category-blog"],"yoast_head":"<!-- This site is optimized with the Yoast SEO plugin v27.4 - https:\/\/yoast.com\/product\/yoast-seo-wordpress\/ -->\n<title>\u0160kolenia v Berl\u00edne o\u010dami troch \u00fa\u010dastn\u00edkov |<\/title>\n<meta name=\"robots\" content=\"index, follow, max-snippet:-1, max-image-preview:large, max-video-preview:-1\" \/>\n<link rel=\"canonical\" href=\"https:\/\/www.youthforequality.sk\/index.php\/2022\/01\/11\/skolenia-v-berline-ocami-troch-ucastnikov\/\" \/>\n<meta property=\"og:locale\" content=\"sk_SK\" \/>\n<meta property=\"og:type\" content=\"article\" \/>\n<meta property=\"og:title\" content=\"\u0160kolenia v Berl\u00edne o\u010dami troch \u00fa\u010dastn\u00edkov |\" \/>\n<meta property=\"og:description\" content=\"Berl\u00edn bol pre m\u0148a \u00faplne nov\u00e1 sk\u00fasenos\u0165. Mesto bolo in\u00e9 ne\u017e kdeko\u013evek, kde som doteraz bola.&nbsp; Mesto protikladov. Na jednej strane mnoho hist\u00f3rie, pamiatok a tak\u00fdch t\u00fdch miest, kde skr\u00e1tka chcete len ml\u010da\u0165. Lebo m\u00e1te pocit, \u017ee v\u0161etko, \u010do by ste povedali je nepatri\u010dn\u00e9. Na jednej strane kr\u00e1sne, nov\u00e9, \u010dist\u00e9 mesto, na druhej strane pozostatky&hellip;&nbsp;\u010c\u00edta\u0165 viac &raquo;\u0160kolenia v Berl\u00edne o\u010dami troch \u00fa\u010dastn\u00edkov\" \/>\n<meta property=\"og:url\" content=\"https:\/\/www.youthforequality.sk\/index.php\/2022\/01\/11\/skolenia-v-berline-ocami-troch-ucastnikov\/\" \/>\n<meta property=\"article:publisher\" content=\"https:\/\/www.facebook.com\/yeslovakia\" \/>\n<meta property=\"article:published_time\" content=\"2022-01-11T10:10:07+00:00\" \/>\n<meta property=\"article:modified_time\" content=\"2022-01-11T10:15:57+00:00\" \/>\n<meta property=\"og:image\" content=\"https:\/\/www.youthforequality.sk\/wp-content\/uploads\/2022\/01\/FB_IMG_1641213557365.jpg\" \/>\n\t<meta property=\"og:image:width\" content=\"960\" \/>\n\t<meta property=\"og:image:height\" content=\"720\" \/>\n\t<meta property=\"og:image:type\" content=\"image\/jpeg\" \/>\n<meta name=\"author\" content=\"wiki\" \/>\n<meta name=\"twitter:card\" content=\"summary_large_image\" \/>\n<meta name=\"twitter:label1\" content=\"Autor\" \/>\n\t<meta name=\"twitter:data1\" content=\"wiki\" \/>\n\t<meta name=\"twitter:label2\" content=\"Predpokladan\u00fd \u010das \u010d\u00edtania\" \/>\n\t<meta name=\"twitter:data2\" content=\"8 min\u00fat\" \/>\n<script type=\"application\/ld+json\" class=\"yoast-schema-graph\">{\"@context\":\"https:\\\/\\\/schema.org\",\"@graph\":[{\"@type\":\"Article\",\"@id\":\"https:\\\/\\\/www.youthforequality.sk\\\/index.php\\\/2022\\\/01\\\/11\\\/skolenia-v-berline-ocami-troch-ucastnikov\\\/#article\",\"isPartOf\":{\"@id\":\"https:\\\/\\\/www.youthforequality.sk\\\/index.php\\\/2022\\\/01\\\/11\\\/skolenia-v-berline-ocami-troch-ucastnikov\\\/\"},\"author\":{\"name\":\"wiki\",\"@id\":\"https:\\\/\\\/www.youthforequality.sk\\\/#\\\/schema\\\/person\\\/41e987664144336433c641d34b270d1b\"},\"headline\":\"\u0160kolenia v Berl\u00edne o\u010dami troch \u00fa\u010dastn\u00edkov\",\"datePublished\":\"2022-01-11T10:10:07+00:00\",\"dateModified\":\"2022-01-11T10:15:57+00:00\",\"mainEntityOfPage\":{\"@id\":\"https:\\\/\\\/www.youthforequality.sk\\\/index.php\\\/2022\\\/01\\\/11\\\/skolenia-v-berline-ocami-troch-ucastnikov\\\/\"},\"wordCount\":1322,\"publisher\":{\"@id\":\"https:\\\/\\\/www.youthforequality.sk\\\/#organization\"},\"image\":{\"@id\":\"https:\\\/\\\/www.youthforequality.sk\\\/index.php\\\/2022\\\/01\\\/11\\\/skolenia-v-berline-ocami-troch-ucastnikov\\\/#primaryimage\"},\"thumbnailUrl\":\"https:\\\/\\\/www.youthforequality.sk\\\/wp-content\\\/uploads\\\/2022\\\/01\\\/FB_IMG_1641213557365.jpg\",\"articleSection\":[\"Blog\"],\"inLanguage\":\"sk-SK\"},{\"@type\":\"WebPage\",\"@id\":\"https:\\\/\\\/www.youthforequality.sk\\\/index.php\\\/2022\\\/01\\\/11\\\/skolenia-v-berline-ocami-troch-ucastnikov\\\/\",\"url\":\"https:\\\/\\\/www.youthforequality.sk\\\/index.php\\\/2022\\\/01\\\/11\\\/skolenia-v-berline-ocami-troch-ucastnikov\\\/\",\"name\":\"\u0160kolenia v Berl\u00edne o\u010dami troch \u00fa\u010dastn\u00edkov |\",\"isPartOf\":{\"@id\":\"https:\\\/\\\/www.youthforequality.sk\\\/#website\"},\"primaryImageOfPage\":{\"@id\":\"https:\\\/\\\/www.youthforequality.sk\\\/index.php\\\/2022\\\/01\\\/11\\\/skolenia-v-berline-ocami-troch-ucastnikov\\\/#primaryimage\"},\"image\":{\"@id\":\"https:\\\/\\\/www.youthforequality.sk\\\/index.php\\\/2022\\\/01\\\/11\\\/skolenia-v-berline-ocami-troch-ucastnikov\\\/#primaryimage\"},\"thumbnailUrl\":\"https:\\\/\\\/www.youthforequality.sk\\\/wp-content\\\/uploads\\\/2022\\\/01\\\/FB_IMG_1641213557365.jpg\",\"datePublished\":\"2022-01-11T10:10:07+00:00\",\"dateModified\":\"2022-01-11T10:15:57+00:00\",\"breadcrumb\":{\"@id\":\"https:\\\/\\\/www.youthforequality.sk\\\/index.php\\\/2022\\\/01\\\/11\\\/skolenia-v-berline-ocami-troch-ucastnikov\\\/#breadcrumb\"},\"inLanguage\":\"sk-SK\",\"potentialAction\":[{\"@type\":\"ReadAction\",\"target\":[\"https:\\\/\\\/www.youthforequality.sk\\\/index.php\\\/2022\\\/01\\\/11\\\/skolenia-v-berline-ocami-troch-ucastnikov\\\/\"]}]},{\"@type\":\"ImageObject\",\"inLanguage\":\"sk-SK\",\"@id\":\"https:\\\/\\\/www.youthforequality.sk\\\/index.php\\\/2022\\\/01\\\/11\\\/skolenia-v-berline-ocami-troch-ucastnikov\\\/#primaryimage\",\"url\":\"https:\\\/\\\/www.youthforequality.sk\\\/wp-content\\\/uploads\\\/2022\\\/01\\\/FB_IMG_1641213557365.jpg\",\"contentUrl\":\"https:\\\/\\\/www.youthforequality.sk\\\/wp-content\\\/uploads\\\/2022\\\/01\\\/FB_IMG_1641213557365.jpg\",\"width\":960,\"height\":720},{\"@type\":\"BreadcrumbList\",\"@id\":\"https:\\\/\\\/www.youthforequality.sk\\\/index.php\\\/2022\\\/01\\\/11\\\/skolenia-v-berline-ocami-troch-ucastnikov\\\/#breadcrumb\",\"itemListElement\":[{\"@type\":\"ListItem\",\"position\":1,\"name\":\"Home\",\"item\":\"https:\\\/\\\/www.youthforequality.sk\\\/\"},{\"@type\":\"ListItem\",\"position\":2,\"name\":\"\u0160kolenia v Berl\u00edne o\u010dami troch \u00fa\u010dastn\u00edkov\"}]},{\"@type\":\"WebSite\",\"@id\":\"https:\\\/\\\/www.youthforequality.sk\\\/#website\",\"url\":\"https:\\\/\\\/www.youthforequality.sk\\\/\",\"name\":\"\",\"description\":\"\",\"publisher\":{\"@id\":\"https:\\\/\\\/www.youthforequality.sk\\\/#organization\"},\"potentialAction\":[{\"@type\":\"SearchAction\",\"target\":{\"@type\":\"EntryPoint\",\"urlTemplate\":\"https:\\\/\\\/www.youthforequality.sk\\\/?s={search_term_string}\"},\"query-input\":{\"@type\":\"PropertyValueSpecification\",\"valueRequired\":true,\"valueName\":\"search_term_string\"}}],\"inLanguage\":\"sk-SK\"},{\"@type\":\"Organization\",\"@id\":\"https:\\\/\\\/www.youthforequality.sk\\\/#organization\",\"name\":\"Youth for Equality\",\"url\":\"https:\\\/\\\/www.youthforequality.sk\\\/\",\"logo\":{\"@type\":\"ImageObject\",\"inLanguage\":\"sk-SK\",\"@id\":\"https:\\\/\\\/www.youthforequality.sk\\\/#\\\/schema\\\/logo\\\/image\\\/\",\"url\":\"https:\\\/\\\/www.youthforequality.sk\\\/wp-content\\\/uploads\\\/2021\\\/01\\\/vynovene-logo-nove-farby_modra-na-web.png\",\"contentUrl\":\"https:\\\/\\\/www.youthforequality.sk\\\/wp-content\\\/uploads\\\/2021\\\/01\\\/vynovene-logo-nove-farby_modra-na-web.png\",\"width\":1,\"height\":1,\"caption\":\"Youth for Equality\"},\"image\":{\"@id\":\"https:\\\/\\\/www.youthforequality.sk\\\/#\\\/schema\\\/logo\\\/image\\\/\"},\"sameAs\":[\"https:\\\/\\\/www.facebook.com\\\/yeslovakia\"]},{\"@type\":\"Person\",\"@id\":\"https:\\\/\\\/www.youthforequality.sk\\\/#\\\/schema\\\/person\\\/41e987664144336433c641d34b270d1b\",\"name\":\"wiki\",\"image\":{\"@type\":\"ImageObject\",\"inLanguage\":\"sk-SK\",\"@id\":\"https:\\\/\\\/secure.gravatar.com\\\/avatar\\\/57cac84b94061d1af6548f41cd07cbee960ab67f3b80825c4b192af947aa3c0f?s=96&d=mm&r=g\",\"url\":\"https:\\\/\\\/secure.gravatar.com\\\/avatar\\\/57cac84b94061d1af6548f41cd07cbee960ab67f3b80825c4b192af947aa3c0f?s=96&d=mm&r=g\",\"contentUrl\":\"https:\\\/\\\/secure.gravatar.com\\\/avatar\\\/57cac84b94061d1af6548f41cd07cbee960ab67f3b80825c4b192af947aa3c0f?s=96&d=mm&r=g\",\"caption\":\"wiki\"},\"url\":\"https:\\\/\\\/www.youthforequality.sk\\\/index.php\\\/author\\\/janbor\\\/\"}]}<\/script>\n<!-- \/ Yoast SEO plugin. -->","yoast_head_json":{"title":"\u0160kolenia v Berl\u00edne o\u010dami troch \u00fa\u010dastn\u00edkov |","robots":{"index":"index","follow":"follow","max-snippet":"max-snippet:-1","max-image-preview":"max-image-preview:large","max-video-preview":"max-video-preview:-1"},"canonical":"https:\/\/www.youthforequality.sk\/index.php\/2022\/01\/11\/skolenia-v-berline-ocami-troch-ucastnikov\/","og_locale":"sk_SK","og_type":"article","og_title":"\u0160kolenia v Berl\u00edne o\u010dami troch \u00fa\u010dastn\u00edkov |","og_description":"Berl\u00edn bol pre m\u0148a \u00faplne nov\u00e1 sk\u00fasenos\u0165. Mesto bolo in\u00e9 ne\u017e kdeko\u013evek, kde som doteraz bola.&nbsp; Mesto protikladov. Na jednej strane mnoho hist\u00f3rie, pamiatok a tak\u00fdch t\u00fdch miest, kde skr\u00e1tka chcete len ml\u010da\u0165. Lebo m\u00e1te pocit, \u017ee v\u0161etko, \u010do by ste povedali je nepatri\u010dn\u00e9. Na jednej strane kr\u00e1sne, nov\u00e9, \u010dist\u00e9 mesto, na druhej strane pozostatky&hellip;&nbsp;\u010c\u00edta\u0165 viac &raquo;\u0160kolenia v Berl\u00edne o\u010dami troch \u00fa\u010dastn\u00edkov","og_url":"https:\/\/www.youthforequality.sk\/index.php\/2022\/01\/11\/skolenia-v-berline-ocami-troch-ucastnikov\/","article_publisher":"https:\/\/www.facebook.com\/yeslovakia","article_published_time":"2022-01-11T10:10:07+00:00","article_modified_time":"2022-01-11T10:15:57+00:00","og_image":[{"width":960,"height":720,"url":"https:\/\/www.youthforequality.sk\/wp-content\/uploads\/2022\/01\/FB_IMG_1641213557365.jpg","type":"image\/jpeg"}],"author":"wiki","twitter_card":"summary_large_image","twitter_misc":{"Autor":"wiki","Predpokladan\u00fd \u010das \u010d\u00edtania":"8 min\u00fat"},"schema":{"@context":"https:\/\/schema.org","@graph":[{"@type":"Article","@id":"https:\/\/www.youthforequality.sk\/index.php\/2022\/01\/11\/skolenia-v-berline-ocami-troch-ucastnikov\/#article","isPartOf":{"@id":"https:\/\/www.youthforequality.sk\/index.php\/2022\/01\/11\/skolenia-v-berline-ocami-troch-ucastnikov\/"},"author":{"name":"wiki","@id":"https:\/\/www.youthforequality.sk\/#\/schema\/person\/41e987664144336433c641d34b270d1b"},"headline":"\u0160kolenia v Berl\u00edne o\u010dami troch \u00fa\u010dastn\u00edkov","datePublished":"2022-01-11T10:10:07+00:00","dateModified":"2022-01-11T10:15:57+00:00","mainEntityOfPage":{"@id":"https:\/\/www.youthforequality.sk\/index.php\/2022\/01\/11\/skolenia-v-berline-ocami-troch-ucastnikov\/"},"wordCount":1322,"publisher":{"@id":"https:\/\/www.youthforequality.sk\/#organization"},"image":{"@id":"https:\/\/www.youthforequality.sk\/index.php\/2022\/01\/11\/skolenia-v-berline-ocami-troch-ucastnikov\/#primaryimage"},"thumbnailUrl":"https:\/\/www.youthforequality.sk\/wp-content\/uploads\/2022\/01\/FB_IMG_1641213557365.jpg","articleSection":["Blog"],"inLanguage":"sk-SK"},{"@type":"WebPage","@id":"https:\/\/www.youthforequality.sk\/index.php\/2022\/01\/11\/skolenia-v-berline-ocami-troch-ucastnikov\/","url":"https:\/\/www.youthforequality.sk\/index.php\/2022\/01\/11\/skolenia-v-berline-ocami-troch-ucastnikov\/","name":"\u0160kolenia v Berl\u00edne o\u010dami troch \u00fa\u010dastn\u00edkov |","isPartOf":{"@id":"https:\/\/www.youthforequality.sk\/#website"},"primaryImageOfPage":{"@id":"https:\/\/www.youthforequality.sk\/index.php\/2022\/01\/11\/skolenia-v-berline-ocami-troch-ucastnikov\/#primaryimage"},"image":{"@id":"https:\/\/www.youthforequality.sk\/index.php\/2022\/01\/11\/skolenia-v-berline-ocami-troch-ucastnikov\/#primaryimage"},"thumbnailUrl":"https:\/\/www.youthforequality.sk\/wp-content\/uploads\/2022\/01\/FB_IMG_1641213557365.jpg","datePublished":"2022-01-11T10:10:07+00:00","dateModified":"2022-01-11T10:15:57+00:00","breadcrumb":{"@id":"https:\/\/www.youthforequality.sk\/index.php\/2022\/01\/11\/skolenia-v-berline-ocami-troch-ucastnikov\/#breadcrumb"},"inLanguage":"sk-SK","potentialAction":[{"@type":"ReadAction","target":["https:\/\/www.youthforequality.sk\/index.php\/2022\/01\/11\/skolenia-v-berline-ocami-troch-ucastnikov\/"]}]},{"@type":"ImageObject","inLanguage":"sk-SK","@id":"https:\/\/www.youthforequality.sk\/index.php\/2022\/01\/11\/skolenia-v-berline-ocami-troch-ucastnikov\/#primaryimage","url":"https:\/\/www.youthforequality.sk\/wp-content\/uploads\/2022\/01\/FB_IMG_1641213557365.jpg","contentUrl":"https:\/\/www.youthforequality.sk\/wp-content\/uploads\/2022\/01\/FB_IMG_1641213557365.jpg","width":960,"height":720},{"@type":"BreadcrumbList","@id":"https:\/\/www.youthforequality.sk\/index.php\/2022\/01\/11\/skolenia-v-berline-ocami-troch-ucastnikov\/#breadcrumb","itemListElement":[{"@type":"ListItem","position":1,"name":"Home","item":"https:\/\/www.youthforequality.sk\/"},{"@type":"ListItem","position":2,"name":"\u0160kolenia v Berl\u00edne o\u010dami troch \u00fa\u010dastn\u00edkov"}]},{"@type":"WebSite","@id":"https:\/\/www.youthforequality.sk\/#website","url":"https:\/\/www.youthforequality.sk\/","name":"","description":"","publisher":{"@id":"https:\/\/www.youthforequality.sk\/#organization"},"potentialAction":[{"@type":"SearchAction","target":{"@type":"EntryPoint","urlTemplate":"https:\/\/www.youthforequality.sk\/?s={search_term_string}"},"query-input":{"@type":"PropertyValueSpecification","valueRequired":true,"valueName":"search_term_string"}}],"inLanguage":"sk-SK"},{"@type":"Organization","@id":"https:\/\/www.youthforequality.sk\/#organization","name":"Youth for Equality","url":"https:\/\/www.youthforequality.sk\/","logo":{"@type":"ImageObject","inLanguage":"sk-SK","@id":"https:\/\/www.youthforequality.sk\/#\/schema\/logo\/image\/","url":"https:\/\/www.youthforequality.sk\/wp-content\/uploads\/2021\/01\/vynovene-logo-nove-farby_modra-na-web.png","contentUrl":"https:\/\/www.youthforequality.sk\/wp-content\/uploads\/2021\/01\/vynovene-logo-nove-farby_modra-na-web.png","width":1,"height":1,"caption":"Youth for Equality"},"image":{"@id":"https:\/\/www.youthforequality.sk\/#\/schema\/logo\/image\/"},"sameAs":["https:\/\/www.facebook.com\/yeslovakia"]},{"@type":"Person","@id":"https:\/\/www.youthforequality.sk\/#\/schema\/person\/41e987664144336433c641d34b270d1b","name":"wiki","image":{"@type":"ImageObject","inLanguage":"sk-SK","@id":"https:\/\/secure.gravatar.com\/avatar\/57cac84b94061d1af6548f41cd07cbee960ab67f3b80825c4b192af947aa3c0f?s=96&d=mm&r=g","url":"https:\/\/secure.gravatar.com\/avatar\/57cac84b94061d1af6548f41cd07cbee960ab67f3b80825c4b192af947aa3c0f?s=96&d=mm&r=g","contentUrl":"https:\/\/secure.gravatar.com\/avatar\/57cac84b94061d1af6548f41cd07cbee960ab67f3b80825c4b192af947aa3c0f?s=96&d=mm&r=g","caption":"wiki"},"url":"https:\/\/www.youthforequality.sk\/index.php\/author\/janbor\/"}]}},"_links":{"self":[{"href":"https:\/\/www.youthforequality.sk\/index.php\/wp-json\/wp\/v2\/posts\/3729","targetHints":{"allow":["GET"]}}],"collection":[{"href":"https:\/\/www.youthforequality.sk\/index.php\/wp-json\/wp\/v2\/posts"}],"about":[{"href":"https:\/\/www.youthforequality.sk\/index.php\/wp-json\/wp\/v2\/types\/post"}],"author":[{"embeddable":true,"href":"https:\/\/www.youthforequality.sk\/index.php\/wp-json\/wp\/v2\/users\/6"}],"replies":[{"embeddable":true,"href":"https:\/\/www.youthforequality.sk\/index.php\/wp-json\/wp\/v2\/comments?post=3729"}],"version-history":[{"count":8,"href":"https:\/\/www.youthforequality.sk\/index.php\/wp-json\/wp\/v2\/posts\/3729\/revisions"}],"predecessor-version":[{"id":3756,"href":"https:\/\/www.youthforequality.sk\/index.php\/wp-json\/wp\/v2\/posts\/3729\/revisions\/3756"}],"wp:featuredmedia":[{"embeddable":true,"href":"https:\/\/www.youthforequality.sk\/index.php\/wp-json\/wp\/v2\/media\/3749"}],"wp:attachment":[{"href":"https:\/\/www.youthforequality.sk\/index.php\/wp-json\/wp\/v2\/media?parent=3729"}],"wp:term":[{"taxonomy":"category","embeddable":true,"href":"https:\/\/www.youthforequality.sk\/index.php\/wp-json\/wp\/v2\/categories?post=3729"},{"taxonomy":"post_tag","embeddable":true,"href":"https:\/\/www.youthforequality.sk\/index.php\/wp-json\/wp\/v2\/tags?post=3729"}],"curies":[{"name":"wp","href":"https:\/\/api.w.org\/{rel}","templated":true}]}}