{"id":3852,"date":"2022-03-04T19:00:54","date_gmt":"2022-03-04T18:00:54","guid":{"rendered":"https:\/\/www.youthforequality.sk\/?p=3852"},"modified":"2022-03-04T19:09:16","modified_gmt":"2022-03-04T18:09:16","slug":"istanbul-je-uplne-ina-dimenzia","status":"publish","type":"post","link":"https:\/\/www.youthforequality.sk\/index.php\/2022\/03\/04\/istanbul-je-uplne-ina-dimenzia\/","title":{"rendered":"&#8222;Istanbul je \u00faplne in\u00e1 dimenzia.&#8220;"},"content":{"rendered":"\t\t<div data-elementor-type=\"wp-post\" data-elementor-id=\"3852\" class=\"elementor elementor-3852\">\n\t\t\t\t\t\t<section class=\"elementor-section elementor-top-section elementor-element elementor-element-123bfba elementor-section-boxed elementor-section-height-default elementor-section-height-default\" data-id=\"123bfba\" data-element_type=\"section\" data-e-type=\"section\">\n\t\t\t\t\t\t<div class=\"elementor-container elementor-column-gap-default\">\n\t\t\t\t\t<div class=\"elementor-column elementor-col-100 elementor-top-column elementor-element elementor-element-14e7a10\" data-id=\"14e7a10\" data-element_type=\"column\" data-e-type=\"column\">\n\t\t\t<div class=\"elementor-widget-wrap elementor-element-populated\">\n\t\t\t\t\t\t<div class=\"elementor-element elementor-element-6e015ed elementor-widget elementor-widget-text-editor\" data-id=\"6e015ed\" data-element_type=\"widget\" data-e-type=\"widget\" data-widget_type=\"text-editor.default\">\n\t\t\t\t<div class=\"elementor-widget-container\">\n\t\t\t\t\t\t\t\t\t<p>Istanbul je in\u00e1 dimenzia. To\u013eko ruchov, vzruchov, farieb, kriku, \u013eud\u00ed a\u00a0dobr\u00e9ho vajbu som, \u00faprimne, ne\u010dakala. Vedela som, \u017ee to bude zrejme in\u00fd svet. Netu\u0161ila som v\u0161ak, \u017ee a\u017e tak. <span style=\"font-weight: 400;\">Ke\u010f som vy\u0161la z\u00a0letiska, omr\u00e1\u010dilo ma mno\u017estvo tax\u00edkov a\u00a0taxik\u00e1rov, ktor\u00ed sa prekrikovali a\u00a0predh\u00e1\u0148ali v\u00a0z\u00edskan\u00ed z\u00e1kazn\u00edka.\u00a0<\/span><\/p>\t\t\t\t\t\t\t\t<\/div>\n\t\t\t\t<\/div>\n\t\t\t\t\t<\/div>\n\t\t<\/div>\n\t\t\t\t\t<\/div>\n\t\t<\/section>\n\t\t\t\t<section class=\"elementor-section elementor-top-section elementor-element elementor-element-9312691 elementor-section-boxed elementor-section-height-default elementor-section-height-default\" data-id=\"9312691\" data-element_type=\"section\" data-e-type=\"section\">\n\t\t\t\t\t\t<div class=\"elementor-container elementor-column-gap-default\">\n\t\t\t\t\t<div class=\"elementor-column elementor-col-100 elementor-top-column elementor-element elementor-element-a917df8\" data-id=\"a917df8\" data-element_type=\"column\" data-e-type=\"column\">\n\t\t\t<div class=\"elementor-widget-wrap elementor-element-populated\">\n\t\t\t\t\t\t<div class=\"elementor-element elementor-element-c48453f elementor-arrows-position-inside elementor-pagination-position-outside elementor-widget elementor-widget-image-carousel\" data-id=\"c48453f\" data-element_type=\"widget\" data-e-type=\"widget\" data-settings=\"{&quot;navigation&quot;:&quot;both&quot;,&quot;autoplay&quot;:&quot;yes&quot;,&quot;pause_on_hover&quot;:&quot;yes&quot;,&quot;pause_on_interaction&quot;:&quot;yes&quot;,&quot;autoplay_speed&quot;:5000,&quot;infinite&quot;:&quot;yes&quot;,&quot;speed&quot;:500}\" data-widget_type=\"image-carousel.default\">\n\t\t\t\t<div class=\"elementor-widget-container\">\n\t\t\t\t\t\t\t<div class=\"elementor-image-carousel-wrapper swiper\" role=\"region\" aria-roledescription=\"carousel\" aria-label=\"Obr\u00e1zkov\u00fd kot\u00fa\u010d\" dir=\"ltr\">\n\t\t\t<div class=\"elementor-image-carousel swiper-wrapper\" aria-live=\"off\">\n\t\t\t\t\t\t\t\t<div class=\"swiper-slide\" role=\"group\" aria-roledescription=\"slide\" aria-label=\"1 of 6\"><figure class=\"swiper-slide-inner\"><img decoding=\"async\" class=\"swiper-slide-image\" src=\"https:\/\/www.youthforequality.sk\/wp-content\/uploads\/2022\/03\/WhatsApp-Image-2022-03-02-at-12.10.56-150x150.jpeg\" alt=\"WhatsApp Image 2022-03-02 at 12.10.56\" \/><\/figure><\/div><div class=\"swiper-slide\" role=\"group\" aria-roledescription=\"slide\" aria-label=\"2 of 6\"><figure class=\"swiper-slide-inner\"><img decoding=\"async\" class=\"swiper-slide-image\" src=\"https:\/\/www.youthforequality.sk\/wp-content\/uploads\/2022\/03\/WhatsApp-Image-2022-03-02-at-12.10.59-1-150x150.jpeg\" alt=\"WhatsApp Image 2022-03-02 at 12.10.59 (1)\" \/><\/figure><\/div><div class=\"swiper-slide\" role=\"group\" aria-roledescription=\"slide\" aria-label=\"3 of 6\"><figure class=\"swiper-slide-inner\"><img decoding=\"async\" class=\"swiper-slide-image\" src=\"https:\/\/www.youthforequality.sk\/wp-content\/uploads\/2022\/03\/WhatsApp-Image-2022-03-02-at-12.11.06-1-150x150.jpeg\" alt=\"WhatsApp Image 2022-03-02 at 12.11.06\" \/><\/figure><\/div><div class=\"swiper-slide\" role=\"group\" aria-roledescription=\"slide\" aria-label=\"4 of 6\"><figure class=\"swiper-slide-inner\"><img decoding=\"async\" class=\"swiper-slide-image\" src=\"https:\/\/www.youthforequality.sk\/wp-content\/uploads\/2022\/03\/WhatsApp-Image-2022-03-02-at-12.11.12-3-150x150.jpeg\" alt=\"WhatsApp Image 2022-03-02 at 12.11.12 (3)\" \/><\/figure><\/div><div class=\"swiper-slide\" role=\"group\" aria-roledescription=\"slide\" aria-label=\"5 of 6\"><figure class=\"swiper-slide-inner\"><img decoding=\"async\" class=\"swiper-slide-image\" src=\"https:\/\/www.youthforequality.sk\/wp-content\/uploads\/2022\/03\/WhatsApp-Image-2022-03-02-at-12.13.08-4-150x150.jpeg\" alt=\"WhatsApp Image 2022-03-02 at 12.13.08 (4)\" \/><\/figure><\/div><div class=\"swiper-slide\" role=\"group\" aria-roledescription=\"slide\" aria-label=\"6 of 6\"><figure class=\"swiper-slide-inner\"><img decoding=\"async\" class=\"swiper-slide-image\" src=\"https:\/\/www.youthforequality.sk\/wp-content\/uploads\/2022\/03\/WhatsApp-Image-2022-03-02-at-12.13.08-5-150x150.jpeg\" alt=\"WhatsApp Image 2022-03-02 at 12.13.08 (5)\" \/><\/figure><\/div>\t\t\t<\/div>\n\t\t\t\t\t\t\t\t\t\t\t\t<div class=\"elementor-swiper-button elementor-swiper-button-prev\" role=\"button\" tabindex=\"0\">\n\t\t\t\t\t\t<i aria-hidden=\"true\" class=\"eicon-chevron-left\"><\/i>\t\t\t\t\t<\/div>\n\t\t\t\t\t<div class=\"elementor-swiper-button elementor-swiper-button-next\" role=\"button\" tabindex=\"0\">\n\t\t\t\t\t\t<i aria-hidden=\"true\" class=\"eicon-chevron-right\"><\/i>\t\t\t\t\t<\/div>\n\t\t\t\t\n\t\t\t\t\t\t\t\t\t<div class=\"swiper-pagination\"><\/div>\n\t\t\t\t\t\t\t\t\t<\/div>\n\t\t\t\t\t\t<\/div>\n\t\t\t\t<\/div>\n\t\t\t\t\t<\/div>\n\t\t<\/div>\n\t\t\t\t\t<\/div>\n\t\t<\/section>\n\t\t\t\t<section class=\"elementor-section elementor-top-section elementor-element elementor-element-4c05f2e elementor-section-boxed elementor-section-height-default elementor-section-height-default\" data-id=\"4c05f2e\" data-element_type=\"section\" data-e-type=\"section\">\n\t\t\t\t\t\t<div class=\"elementor-container elementor-column-gap-default\">\n\t\t\t\t\t<div class=\"elementor-column elementor-col-100 elementor-top-column elementor-element elementor-element-18695d6\" data-id=\"18695d6\" data-element_type=\"column\" data-e-type=\"column\">\n\t\t\t<div class=\"elementor-widget-wrap elementor-element-populated\">\n\t\t\t\t\t\t<div class=\"elementor-element elementor-element-7d58985 elementor-widget elementor-widget-text-editor\" data-id=\"7d58985\" data-element_type=\"widget\" data-e-type=\"widget\" data-widget_type=\"text-editor.default\">\n\t\t\t\t<div class=\"elementor-widget-container\">\n\t\t\t\t\t\t\t\t\t<p><span style=\"font-weight: 400;\">N\u00e1\u0161 vzdel\u00e1vac\u00ed tr\u00e9ning Wise mind trval 5 dn\u00ed. Platforma tohto projektu vznikla z ve\u013emi jednoduchej, no z\u00e1rove\u0148 potrebnej my\u0161lienky. Starostlivos\u0165 o seba a o svoje du\u0161evn\u00e9 zdravie. Desa\u0165 rokov sa venujem pr\u00e1ci s \u013eu\u010fmi, nieko\u013ekokr\u00e1t som takmer vyhorela. Raz naozaj, a skoro nast\u00e1lo. Trvalo mi nejak\u00fa dobu, k\u00fdm som sa dala dokopy.\u00a0<\/span><\/p><p><span style=\"font-weight: 400;\">Mnoho vzdel\u00e1van\u00ed\u00a0 a\u00a0projektov sa prim\u00e1rne zameriava na skvalitnenie pr\u00e1ce a\u00a0zvy\u0161ovanie profesion\u00e1lnej \u00farovne. M\u00e1loktor\u00fd z\u00a0nich v\u0161ak na starostlivos\u0165 o\u00a0seba sam\u00e9ho. Pritom logiku to m\u00e1 ve\u013emi jednoduch\u00fa. Pokia\u013e nebudem ja v\u00a0pohode, nem\u00f4\u017eem ani dobre pom\u00e1ha\u0165 druh\u00fdm. Ke\u010f som teda dostala mo\u017enos\u0165 by\u0165 s\u00fa\u010das\u0165ou tejto iniciat\u00edvy, nev\u00e1hala som ani chv\u00ed\u013eu. T\u00e9me ment\u00e1lne zdravie a\u00a0selfcare sa venujem u\u017e nejak\u00e9 obdobie. \u010co to u\u017e viem, av\u0161ak v\u017edy je nie\u010do nov\u00e9, \u010do sa d\u00e1 nau\u010di\u0165. Nezostala som sklaman\u00e1. Tr\u00e9ningom n\u00e1s sprev\u00e1dzali naslovo vzat\u00ed odborn\u00edci, doktori a\u00a0psychol\u00f3govia, ktor\u00ed maj za sebou psychoterapeutick\u00fd v\u00fdcvik. S\u00a0odstupom \u010dasu hodnot\u00edm, \u017ee toto vzdel\u00e1vanie bolo vhodn\u00e9 aj pre \u00fapln\u00fdch za\u010diato\u010dn\u00edkov v t\u00e9me, preto\u017ee sme to zobrali pekne od podlahy. Prv\u00e9 dva dni sme sa rozpr\u00e1vali o\u00a0neurobiologick\u00fdch z\u00e1le\u017eitostiach, ako n\u00e1m funguje mozog aj telo, \u010do to znamen\u00e1 pre n\u00e1\u0161 \u017eivot, a\u00a0do akej miery s\u00a0t\u00fdm vieme nie\u010do robi\u0165. Ostatn\u00fd \u010das sme venovali pozornos\u0165 u\u017e priamym, konkr\u00e9tnym technik\u00e1m ako zvl\u00e1da\u0165 stres a\u00a0kr\u00edzov\u00e9 situ\u00e1cie v\u00a0na\u0161ich \u017eivotoch. Tie\u017e aj v\u00fdmenou dobrej praxe s\u00a0kolegami z\u00a0in\u00fdch kraj\u00edn. \u013dudia, ktor\u00fdch som mala mo\u017enos\u0165 spozna\u0165 boli skvel\u00ed, \u010di u\u017e na\u0161i lektori, organiz\u00e1tori ale \u00fa\u010dastn\u00edci z\u00a0partnersk\u00fdch organiz\u00e1ci\u00ed.<\/span><\/p><p>Viac info o projekte: <a href=\"https:\/\/wisemindproject.eu\/\">https:\/\/wisemindproject.eu\/<\/a><\/p><p><span style=\"font-weight: 400;\">\u00a0<\/span><\/p>\t\t\t\t\t\t\t\t<\/div>\n\t\t\t\t<\/div>\n\t\t\t\t\t<\/div>\n\t\t<\/div>\n\t\t\t\t\t<\/div>\n\t\t<\/section>\n\t\t\t\t<section class=\"elementor-section elementor-top-section elementor-element elementor-element-ffd6bf6 elementor-section-boxed elementor-section-height-default elementor-section-height-default\" data-id=\"ffd6bf6\" data-element_type=\"section\" data-e-type=\"section\">\n\t\t\t\t\t\t<div class=\"elementor-container elementor-column-gap-default\">\n\t\t\t\t\t<div class=\"elementor-column elementor-col-100 elementor-top-column elementor-element elementor-element-35d2275\" data-id=\"35d2275\" data-element_type=\"column\" data-e-type=\"column\">\n\t\t\t<div class=\"elementor-widget-wrap elementor-element-populated\">\n\t\t\t\t\t\t<div class=\"elementor-element elementor-element-a0351cd elementor-arrows-position-inside elementor-pagination-position-outside elementor-widget elementor-widget-image-carousel\" data-id=\"a0351cd\" data-element_type=\"widget\" data-e-type=\"widget\" data-settings=\"{&quot;navigation&quot;:&quot;both&quot;,&quot;autoplay&quot;:&quot;yes&quot;,&quot;pause_on_hover&quot;:&quot;yes&quot;,&quot;pause_on_interaction&quot;:&quot;yes&quot;,&quot;autoplay_speed&quot;:5000,&quot;infinite&quot;:&quot;yes&quot;,&quot;speed&quot;:500}\" data-widget_type=\"image-carousel.default\">\n\t\t\t\t<div class=\"elementor-widget-container\">\n\t\t\t\t\t\t\t<div class=\"elementor-image-carousel-wrapper swiper\" role=\"region\" aria-roledescription=\"carousel\" aria-label=\"Obr\u00e1zkov\u00fd kot\u00fa\u010d\" dir=\"ltr\">\n\t\t\t<div class=\"elementor-image-carousel swiper-wrapper\" aria-live=\"off\">\n\t\t\t\t\t\t\t\t<div class=\"swiper-slide\" role=\"group\" aria-roledescription=\"slide\" aria-label=\"1 of 5\"><figure class=\"swiper-slide-inner\"><img decoding=\"async\" class=\"swiper-slide-image\" src=\"https:\/\/www.youthforequality.sk\/wp-content\/uploads\/2022\/03\/WhatsApp-Image-2022-03-02-at-12.11.47-1-150x150.jpeg\" alt=\"WhatsApp Image 2022-03-02 at 12.11.47 (1)\" \/><\/figure><\/div><div class=\"swiper-slide\" role=\"group\" aria-roledescription=\"slide\" aria-label=\"2 of 5\"><figure class=\"swiper-slide-inner\"><img decoding=\"async\" class=\"swiper-slide-image\" src=\"https:\/\/www.youthforequality.sk\/wp-content\/uploads\/2022\/03\/WhatsApp-Image-2022-03-02-at-12.11.47-3-150x150.jpeg\" alt=\"WhatsApp Image 2022-03-02 at 12.11.47 (3)\" \/><\/figure><\/div><div class=\"swiper-slide\" role=\"group\" aria-roledescription=\"slide\" aria-label=\"3 of 5\"><figure class=\"swiper-slide-inner\"><img decoding=\"async\" class=\"swiper-slide-image\" src=\"https:\/\/www.youthforequality.sk\/wp-content\/uploads\/2022\/03\/WhatsApp-Image-2022-03-02-at-12.13.08-3-150x150.jpeg\" alt=\"WhatsApp Image 2022-03-02 at 12.13.08 (3)\" \/><\/figure><\/div><div class=\"swiper-slide\" role=\"group\" aria-roledescription=\"slide\" aria-label=\"4 of 5\"><figure class=\"swiper-slide-inner\"><img decoding=\"async\" class=\"swiper-slide-image\" src=\"https:\/\/www.youthforequality.sk\/wp-content\/uploads\/2022\/03\/WhatsApp-Image-2022-03-02-at-12.13.08-150x150.jpeg\" alt=\"WhatsApp Image 2022-03-02 at 12.13.08\" \/><\/figure><\/div><div class=\"swiper-slide\" role=\"group\" aria-roledescription=\"slide\" aria-label=\"5 of 5\"><figure class=\"swiper-slide-inner\"><img decoding=\"async\" class=\"swiper-slide-image\" src=\"https:\/\/www.youthforequality.sk\/wp-content\/uploads\/2022\/03\/WhatsApp-Image-2022-02-28-at-15.03.22-150x150.jpeg\" alt=\"WhatsApp Image 2022-02-28 at 15.03.22\" \/><\/figure><\/div>\t\t\t<\/div>\n\t\t\t\t\t\t\t\t\t\t\t\t<div class=\"elementor-swiper-button elementor-swiper-button-prev\" role=\"button\" tabindex=\"0\">\n\t\t\t\t\t\t<i aria-hidden=\"true\" class=\"eicon-chevron-left\"><\/i>\t\t\t\t\t<\/div>\n\t\t\t\t\t<div class=\"elementor-swiper-button elementor-swiper-button-next\" role=\"button\" tabindex=\"0\">\n\t\t\t\t\t\t<i aria-hidden=\"true\" class=\"eicon-chevron-right\"><\/i>\t\t\t\t\t<\/div>\n\t\t\t\t\n\t\t\t\t\t\t\t\t\t<div class=\"swiper-pagination\"><\/div>\n\t\t\t\t\t\t\t\t\t<\/div>\n\t\t\t\t\t\t<\/div>\n\t\t\t\t<\/div>\n\t\t\t\t\t<\/div>\n\t\t<\/div>\n\t\t\t\t\t<\/div>\n\t\t<\/section>\n\t\t\t\t<section class=\"elementor-section elementor-top-section elementor-element elementor-element-13ab760 elementor-section-boxed elementor-section-height-default elementor-section-height-default\" data-id=\"13ab760\" data-element_type=\"section\" data-e-type=\"section\">\n\t\t\t\t\t\t<div class=\"elementor-container elementor-column-gap-default\">\n\t\t\t\t\t<div class=\"elementor-column elementor-col-100 elementor-top-column elementor-element elementor-element-28ac98d\" data-id=\"28ac98d\" data-element_type=\"column\" data-e-type=\"column\">\n\t\t\t<div class=\"elementor-widget-wrap elementor-element-populated\">\n\t\t\t\t\t\t<div class=\"elementor-element elementor-element-46aaacf elementor-widget elementor-widget-text-editor\" data-id=\"46aaacf\" data-element_type=\"widget\" data-e-type=\"widget\" data-widget_type=\"text-editor.default\">\n\t\t\t\t<div class=\"elementor-widget-container\">\n\t\t\t\t\t\t\t\t\t<p><span style=\"font-weight: 400;\">Mali sme aj dos\u0165 \u010dasu objavi\u0165 kr\u00e1sy mesta, b\u00fdvali sme v\u00a0centre, tak\u017ee o\u00a0z\u00e1\u017eitky nebola n\u00fadza. Neodradil n\u00e1s ani d\u00e1\u017e\u010f, ktor\u00fd n\u00e1s sprev\u00e1dzal skoro polovicu n\u00e1\u0161ho pobytu. Jedna z\u00a0naj\u0161ialenej\u0161\u00edch vec\u00ed bolo pre m\u0148a to mno\u017estvo obchodov. A\u00a0\u00faplne so v\u0161etk\u00fdm. Na jednej ulici sme vedeli n\u00e1js\u0165 obchod s\u00a0hudobninami, potraviny, obchody s\u00a0oble\u010den\u00edm a\u00a0kvalitnou bio kozmetikou, a\u017e po cukr\u00e1re\u0148, hipi obchody a\u00a0tradi\u010dn\u00e9, lok\u00e1lne produkty. Nenadarmo mal m\u00f4j kufor o\u00a0skoro 10 k\u00edl viac ne\u017e ke\u010f som prich\u00e1dzala, ehm&#8230;<\/span><\/p><p>\u00a0<\/p><p><span style=\"font-weight: 400;\">Jedlo. Samostatn\u00e1 kapitola. Nebolo zlej re\u0161tiky, nebolo zl\u00e9ho jedla. V\u0161etko, \u010do sme kdeko\u013evek mali bolo skvel\u00e9. Niekde viac, niekde menej, av\u0161ak aj priemern\u00e9 jedlo tu bolo st\u00e1le na \u00farovni lep\u0161ej, bratislavskej re\u0161tiky. A tie ceny. Pre n\u00e1s, Eur\u00f3panov, naozaj ve\u013emi lacn\u00e9. St\u00e1le som tie l\u00fdry prepo\u010d\u00edtavala na eur\u00e1 a\u00a0st\u00e1le som myslela, \u017ee to zle rob\u00edm, ke\u010f je to tak\u00e9 lacn\u00e9.<\/span><\/p>\t\t\t\t\t\t\t\t<\/div>\n\t\t\t\t<\/div>\n\t\t\t\t\t<\/div>\n\t\t<\/div>\n\t\t\t\t\t<\/div>\n\t\t<\/section>\n\t\t\t\t<section class=\"elementor-section elementor-top-section elementor-element elementor-element-abd2f72 elementor-section-boxed elementor-section-height-default elementor-section-height-default\" data-id=\"abd2f72\" data-element_type=\"section\" data-e-type=\"section\">\n\t\t\t\t\t\t<div class=\"elementor-container elementor-column-gap-default\">\n\t\t\t\t\t<div class=\"elementor-column elementor-col-100 elementor-top-column elementor-element elementor-element-67b3e40\" data-id=\"67b3e40\" data-element_type=\"column\" data-e-type=\"column\">\n\t\t\t<div class=\"elementor-widget-wrap elementor-element-populated\">\n\t\t\t\t\t\t<div class=\"elementor-element elementor-element-9413a4b elementor-arrows-position-inside elementor-pagination-position-outside elementor-widget elementor-widget-image-carousel\" data-id=\"9413a4b\" data-element_type=\"widget\" data-e-type=\"widget\" data-settings=\"{&quot;navigation&quot;:&quot;both&quot;,&quot;autoplay&quot;:&quot;yes&quot;,&quot;pause_on_hover&quot;:&quot;yes&quot;,&quot;pause_on_interaction&quot;:&quot;yes&quot;,&quot;autoplay_speed&quot;:5000,&quot;infinite&quot;:&quot;yes&quot;,&quot;speed&quot;:500}\" data-widget_type=\"image-carousel.default\">\n\t\t\t\t<div class=\"elementor-widget-container\">\n\t\t\t\t\t\t\t<div class=\"elementor-image-carousel-wrapper swiper\" role=\"region\" aria-roledescription=\"carousel\" aria-label=\"Obr\u00e1zkov\u00fd kot\u00fa\u010d\" dir=\"ltr\">\n\t\t\t<div class=\"elementor-image-carousel swiper-wrapper\" aria-live=\"off\">\n\t\t\t\t\t\t\t\t<div class=\"swiper-slide\" role=\"group\" aria-roledescription=\"slide\" aria-label=\"1 of 8\"><figure class=\"swiper-slide-inner\"><img decoding=\"async\" class=\"swiper-slide-image\" src=\"https:\/\/www.youthforequality.sk\/wp-content\/uploads\/2022\/03\/WhatsApp-Image-2022-03-02-at-12.10.57-1-150x150.jpeg\" alt=\"WhatsApp Image 2022-03-02 at 12.10.57 (1)\" \/><\/figure><\/div><div class=\"swiper-slide\" role=\"group\" aria-roledescription=\"slide\" aria-label=\"2 of 8\"><figure class=\"swiper-slide-inner\"><img decoding=\"async\" class=\"swiper-slide-image\" src=\"https:\/\/www.youthforequality.sk\/wp-content\/uploads\/2022\/03\/WhatsApp-Image-2022-03-02-at-12.10.57-150x150.jpeg\" alt=\"WhatsApp Image 2022-03-02 at 12.10.57\" \/><\/figure><\/div><div class=\"swiper-slide\" role=\"group\" aria-roledescription=\"slide\" aria-label=\"3 of 8\"><figure class=\"swiper-slide-inner\"><img decoding=\"async\" class=\"swiper-slide-image\" src=\"https:\/\/www.youthforequality.sk\/wp-content\/uploads\/2022\/03\/WhatsApp-Image-2022-03-02-at-12.11.07-1-150x150.jpeg\" alt=\"WhatsApp Image 2022-03-02 at 12.11.07 (1)\" \/><\/figure><\/div><div class=\"swiper-slide\" role=\"group\" aria-roledescription=\"slide\" aria-label=\"4 of 8\"><figure class=\"swiper-slide-inner\"><img decoding=\"async\" class=\"swiper-slide-image\" src=\"https:\/\/www.youthforequality.sk\/wp-content\/uploads\/2022\/03\/WhatsApp-Image-2022-03-02-at-12.11.08-1-150x150.jpeg\" alt=\"WhatsApp Image 2022-03-02 at 12.11.08\" \/><\/figure><\/div><div class=\"swiper-slide\" role=\"group\" aria-roledescription=\"slide\" aria-label=\"5 of 8\"><figure class=\"swiper-slide-inner\"><img decoding=\"async\" class=\"swiper-slide-image\" src=\"https:\/\/www.youthforequality.sk\/wp-content\/uploads\/2022\/03\/WhatsApp-Image-2022-03-02-at-12.11.12-1-150x150.jpeg\" alt=\"WhatsApp Image 2022-03-02 at 12.11.12 (1)\" \/><\/figure><\/div><div class=\"swiper-slide\" role=\"group\" aria-roledescription=\"slide\" aria-label=\"6 of 8\"><figure class=\"swiper-slide-inner\"><img decoding=\"async\" class=\"swiper-slide-image\" src=\"https:\/\/www.youthforequality.sk\/wp-content\/uploads\/2022\/03\/WhatsApp-Image-2022-03-02-at-12.11.12-2-150x150.jpeg\" alt=\"WhatsApp Image 2022-03-02 at 12.11.12 (2)\" \/><\/figure><\/div><div class=\"swiper-slide\" role=\"group\" aria-roledescription=\"slide\" aria-label=\"7 of 8\"><figure class=\"swiper-slide-inner\"><img decoding=\"async\" class=\"swiper-slide-image\" src=\"https:\/\/www.youthforequality.sk\/wp-content\/uploads\/2022\/03\/WhatsApp-Image-2022-03-02-at-12.11.13-150x150.jpeg\" alt=\"WhatsApp Image 2022-03-02 at 12.11.13\" \/><\/figure><\/div><div class=\"swiper-slide\" role=\"group\" aria-roledescription=\"slide\" aria-label=\"8 of 8\"><figure class=\"swiper-slide-inner\"><img decoding=\"async\" class=\"swiper-slide-image\" src=\"https:\/\/www.youthforequality.sk\/wp-content\/uploads\/2022\/03\/WhatsApp-Image-2022-03-02-at-12.11.47-2-150x150.jpeg\" alt=\"WhatsApp Image 2022-03-02 at 12.11.47 (2)\" \/><\/figure><\/div>\t\t\t<\/div>\n\t\t\t\t\t\t\t\t\t\t\t\t<div class=\"elementor-swiper-button elementor-swiper-button-prev\" role=\"button\" tabindex=\"0\">\n\t\t\t\t\t\t<i aria-hidden=\"true\" class=\"eicon-chevron-left\"><\/i>\t\t\t\t\t<\/div>\n\t\t\t\t\t<div class=\"elementor-swiper-button elementor-swiper-button-next\" role=\"button\" tabindex=\"0\">\n\t\t\t\t\t\t<i aria-hidden=\"true\" class=\"eicon-chevron-right\"><\/i>\t\t\t\t\t<\/div>\n\t\t\t\t\n\t\t\t\t\t\t\t\t\t<div class=\"swiper-pagination\"><\/div>\n\t\t\t\t\t\t\t\t\t<\/div>\n\t\t\t\t\t\t<\/div>\n\t\t\t\t<\/div>\n\t\t\t\t\t<\/div>\n\t\t<\/div>\n\t\t\t\t\t<\/div>\n\t\t<\/section>\n\t\t\t\t<section class=\"elementor-section elementor-top-section elementor-element elementor-element-9556b56 elementor-section-boxed elementor-section-height-default elementor-section-height-default\" data-id=\"9556b56\" data-element_type=\"section\" data-e-type=\"section\">\n\t\t\t\t\t\t<div class=\"elementor-container elementor-column-gap-default\">\n\t\t\t\t\t<div class=\"elementor-column elementor-col-100 elementor-top-column elementor-element elementor-element-4694ab8\" data-id=\"4694ab8\" data-element_type=\"column\" data-e-type=\"column\">\n\t\t\t<div class=\"elementor-widget-wrap elementor-element-populated\">\n\t\t\t\t\t\t<div class=\"elementor-element elementor-element-50413f0 elementor-widget elementor-widget-text-editor\" data-id=\"50413f0\" data-element_type=\"widget\" data-e-type=\"widget\" data-widget_type=\"text-editor.default\">\n\t\t\t\t<div class=\"elementor-widget-container\">\n\t\t\t\t\t\t\t\t\t<p>Piatok sme str\u00e1vili prehliadkou po meste, ktor\u00fa n\u00e1m zorganizovali na\u0161i tureck\u00ed kolegovia, a\u00a0de\u0148 sme n\u00e1sledne zakon\u010dili v\u00fdletom na lodi. Boli sme sa pozrie\u0165 v\u00a0starom, historickom meste, obzreli sme tri najv\u00fdznamnej\u0161ie me\u0161ity, do dvoch sa n\u00e1m podarilo dosta\u0165 aj dnu. Napriek tomu, \u017ee bol piatok, \u010do je pre moslimov nie\u010do ako kres\u0165ansk\u00e1 nede\u013ea a\u00a0vstup je zak\u00e1zan\u00fd. Z\u00a0me\u0161\u00edt sa v\u017edy 5kr\u00e1t denne niesli cel\u00fdm mestom modlitby. Ak \u010dlovek zavrie o\u010di, \u013eahko m\u00f4\u017ee nadobudn\u00fa\u0165 pocit, \u017ee sa nach\u00e1dza v\u00a0nejakej orient\u00e1lnej rozpr\u00e1vke. Po me\u0161it\u00e1ch sme boli pozrie\u0165 e\u0161te Grand baz\u00e1r, \u010do je obrovsk\u00e9 trhovisko, v\u00a0ktorom sa d\u00e1 jednoducho strati\u0165. Spice baz\u00e1r je o\u00a0nie\u010do men\u0161\u00ed, v\u00f4\u0148a v\u0161etk\u00fdch koren\u00edn sveta v\u00e1m pri vstupe r\u00e1zne udrie do nosa. Z\u00a0lode sme mohli vidie\u0165 most, ktor\u00fd odde\u013euje eur\u00f3psku a\u00a0\u00e1zijsk\u00fa \u010das\u0165 mesta Istanbulu. Po\u010dasie n\u00e1m st\u00e1le neprialo, tak\u017ee v\u00fdlet sme si vychutn\u00e1vali v\u00e4\u010d\u0161inou\u00a0 zvn\u00fatra lode. Na na\u0161ej dobrej n\u00e1lade to v\u0161ak neubralo a\u00a0de\u0148 sme zakon\u010dili sl\u00e1vnostn\u00fdm odovzdan\u00edm certifik\u00e1tov.<\/p><p>Ak by sa ma niekto sp\u00fdtal, \u010di m\u00e1 \u00eds\u0165 nav\u0161t\u00edvi\u0165 Istanbul, hovor\u00edm tis\u00edckr\u00e1t \u00e1no!!!<\/p><p>Na toto vzdel\u00e1vanie budem v\u017edy s\u00a0l\u00e1skou spom\u00edna\u0165, lebo okrem toho, \u017ee som mala mo\u017enos\u0165 sa nau\u010di\u0165 nie\u010do nov\u00e9, op\u00e4\u0165 som mohla vidie\u0165 \u010fal\u0161\u00ed kus nov\u00e9ho sveta. A\u00a0kedyko\u013evek sa tu rada vr\u00e1tim.<\/p><p>\u00a0<\/p><p>Iv<\/p>\t\t\t\t\t\t\t\t<\/div>\n\t\t\t\t<\/div>\n\t\t\t\t\t<\/div>\n\t\t<\/div>\n\t\t\t\t\t<\/div>\n\t\t<\/section>\n\t\t\t\t<\/div>\n\t\t","protected":false},"excerpt":{"rendered":"<p>Istanbul je in\u00e1 dimenzia. To\u013eko ruchov, vzruchov, farieb, kriku, \u013eud\u00ed a&nbsp;dobr\u00e9ho vajbu som, \u00faprimne, ne\u010dakala. Vedela som, \u017ee to bude zrejme in\u00fd svet. Netu\u0161ila som v\u0161ak, \u017ee a\u017e tak. Ke\u010f som vy\u0161la z&nbsp;letiska, omr\u00e1\u010dilo ma mno\u017estvo tax\u00edkov a&nbsp;taxik\u00e1rov, ktor\u00ed sa prekrikovali a&nbsp;predh\u00e1\u0148ali v&nbsp;z\u00edskan\u00ed z\u00e1kazn\u00edka.&nbsp; Predo\u0161l\u00e9 \u010eal\u0161ie N\u00e1\u0161 vzdel\u00e1vac\u00ed tr\u00e9ning Wise mind trval 5 dn\u00ed. Platforma&hellip;&nbsp;<a href=\"https:\/\/www.youthforequality.sk\/index.php\/2022\/03\/04\/istanbul-je-uplne-ina-dimenzia\/\" class=\"\" rel=\"bookmark\">\u010c\u00edta\u0165 viac &raquo;<span class=\"screen-reader-text\">&#8222;Istanbul je \u00faplne in\u00e1 dimenzia.&#8220;<\/span><\/a><\/p>\n","protected":false},"author":6,"featured_media":3868,"comment_status":"closed","ping_status":"open","sticky":false,"template":"","format":"standard","meta":{"_uf_show_specific_survey":0,"_uf_disable_surveys":false,"neve_meta_sidebar":"","neve_meta_container":"","neve_meta_enable_content_width":"","neve_meta_content_width":0,"neve_meta_title_alignment":"","neve_meta_author_avatar":"","neve_post_elements_order":"","neve_meta_disable_header":"","neve_meta_disable_footer":"","neve_meta_disable_title":"","_themeisle_gutenberg_block_has_review":false,"footnotes":""},"categories":[3],"tags":[],"class_list":["post-3852","post","type-post","status-publish","format-standard","has-post-thumbnail","hentry","category-blog"],"yoast_head":"<!-- This site is optimized with the Yoast SEO plugin v27.4 - https:\/\/yoast.com\/product\/yoast-seo-wordpress\/ -->\n<title>&quot;Istanbul je \u00faplne in\u00e1 dimenzia.&quot; |<\/title>\n<meta name=\"robots\" content=\"index, follow, max-snippet:-1, max-image-preview:large, max-video-preview:-1\" \/>\n<link rel=\"canonical\" href=\"https:\/\/www.youthforequality.sk\/index.php\/2022\/03\/04\/istanbul-je-uplne-ina-dimenzia\/\" \/>\n<meta property=\"og:locale\" content=\"sk_SK\" \/>\n<meta property=\"og:type\" content=\"article\" \/>\n<meta property=\"og:title\" content=\"&quot;Istanbul je \u00faplne in\u00e1 dimenzia.&quot; |\" \/>\n<meta property=\"og:description\" content=\"Istanbul je in\u00e1 dimenzia. To\u013eko ruchov, vzruchov, farieb, kriku, \u013eud\u00ed a&nbsp;dobr\u00e9ho vajbu som, \u00faprimne, ne\u010dakala. Vedela som, \u017ee to bude zrejme in\u00fd svet. Netu\u0161ila som v\u0161ak, \u017ee a\u017e tak. Ke\u010f som vy\u0161la z&nbsp;letiska, omr\u00e1\u010dilo ma mno\u017estvo tax\u00edkov a&nbsp;taxik\u00e1rov, ktor\u00ed sa prekrikovali a&nbsp;predh\u00e1\u0148ali v&nbsp;z\u00edskan\u00ed z\u00e1kazn\u00edka.&nbsp; Predo\u0161l\u00e9 \u010eal\u0161ie N\u00e1\u0161 vzdel\u00e1vac\u00ed tr\u00e9ning Wise mind trval 5 dn\u00ed. Platforma&hellip;&nbsp;\u010c\u00edta\u0165 viac &raquo;&#8222;Istanbul je \u00faplne in\u00e1 dimenzia.&#8220;\" \/>\n<meta property=\"og:url\" content=\"https:\/\/www.youthforequality.sk\/index.php\/2022\/03\/04\/istanbul-je-uplne-ina-dimenzia\/\" \/>\n<meta property=\"article:publisher\" content=\"https:\/\/www.facebook.com\/yeslovakia\" \/>\n<meta property=\"article:published_time\" content=\"2022-03-04T18:00:54+00:00\" \/>\n<meta property=\"article:modified_time\" content=\"2022-03-04T18:09:16+00:00\" \/>\n<meta property=\"og:image\" content=\"https:\/\/www.youthforequality.sk\/wp-content\/uploads\/2022\/03\/WhatsApp-Image-2022-02-28-at-15.03.22.jpeg\" \/>\n\t<meta property=\"og:image:width\" content=\"1024\" \/>\n\t<meta property=\"og:image:height\" content=\"768\" \/>\n\t<meta property=\"og:image:type\" content=\"image\/jpeg\" \/>\n<meta name=\"author\" content=\"wiki\" \/>\n<meta name=\"twitter:card\" content=\"summary_large_image\" \/>\n<meta name=\"twitter:label1\" content=\"Autor\" \/>\n\t<meta name=\"twitter:data1\" content=\"wiki\" \/>\n\t<meta name=\"twitter:label2\" content=\"Predpokladan\u00fd \u010das \u010d\u00edtania\" \/>\n\t<meta name=\"twitter:data2\" content=\"7 min\u00fat\" \/>\n<script type=\"application\/ld+json\" class=\"yoast-schema-graph\">{\"@context\":\"https:\\\/\\\/schema.org\",\"@graph\":[{\"@type\":\"Article\",\"@id\":\"https:\\\/\\\/www.youthforequality.sk\\\/index.php\\\/2022\\\/03\\\/04\\\/istanbul-je-uplne-ina-dimenzia\\\/#article\",\"isPartOf\":{\"@id\":\"https:\\\/\\\/www.youthforequality.sk\\\/index.php\\\/2022\\\/03\\\/04\\\/istanbul-je-uplne-ina-dimenzia\\\/\"},\"author\":{\"name\":\"wiki\",\"@id\":\"https:\\\/\\\/www.youthforequality.sk\\\/#\\\/schema\\\/person\\\/41e987664144336433c641d34b270d1b\"},\"headline\":\"&#8222;Istanbul je \u00faplne in\u00e1 dimenzia.&#8220;\",\"datePublished\":\"2022-03-04T18:00:54+00:00\",\"dateModified\":\"2022-03-04T18:09:16+00:00\",\"mainEntityOfPage\":{\"@id\":\"https:\\\/\\\/www.youthforequality.sk\\\/index.php\\\/2022\\\/03\\\/04\\\/istanbul-je-uplne-ina-dimenzia\\\/\"},\"wordCount\":906,\"publisher\":{\"@id\":\"https:\\\/\\\/www.youthforequality.sk\\\/#organization\"},\"image\":{\"@id\":\"https:\\\/\\\/www.youthforequality.sk\\\/index.php\\\/2022\\\/03\\\/04\\\/istanbul-je-uplne-ina-dimenzia\\\/#primaryimage\"},\"thumbnailUrl\":\"https:\\\/\\\/www.youthforequality.sk\\\/wp-content\\\/uploads\\\/2022\\\/03\\\/WhatsApp-Image-2022-02-28-at-15.03.22.jpeg\",\"articleSection\":[\"Blog\"],\"inLanguage\":\"sk-SK\"},{\"@type\":\"WebPage\",\"@id\":\"https:\\\/\\\/www.youthforequality.sk\\\/index.php\\\/2022\\\/03\\\/04\\\/istanbul-je-uplne-ina-dimenzia\\\/\",\"url\":\"https:\\\/\\\/www.youthforequality.sk\\\/index.php\\\/2022\\\/03\\\/04\\\/istanbul-je-uplne-ina-dimenzia\\\/\",\"name\":\"\\\"Istanbul je \u00faplne in\u00e1 dimenzia.\\\" |\",\"isPartOf\":{\"@id\":\"https:\\\/\\\/www.youthforequality.sk\\\/#website\"},\"primaryImageOfPage\":{\"@id\":\"https:\\\/\\\/www.youthforequality.sk\\\/index.php\\\/2022\\\/03\\\/04\\\/istanbul-je-uplne-ina-dimenzia\\\/#primaryimage\"},\"image\":{\"@id\":\"https:\\\/\\\/www.youthforequality.sk\\\/index.php\\\/2022\\\/03\\\/04\\\/istanbul-je-uplne-ina-dimenzia\\\/#primaryimage\"},\"thumbnailUrl\":\"https:\\\/\\\/www.youthforequality.sk\\\/wp-content\\\/uploads\\\/2022\\\/03\\\/WhatsApp-Image-2022-02-28-at-15.03.22.jpeg\",\"datePublished\":\"2022-03-04T18:00:54+00:00\",\"dateModified\":\"2022-03-04T18:09:16+00:00\",\"breadcrumb\":{\"@id\":\"https:\\\/\\\/www.youthforequality.sk\\\/index.php\\\/2022\\\/03\\\/04\\\/istanbul-je-uplne-ina-dimenzia\\\/#breadcrumb\"},\"inLanguage\":\"sk-SK\",\"potentialAction\":[{\"@type\":\"ReadAction\",\"target\":[\"https:\\\/\\\/www.youthforequality.sk\\\/index.php\\\/2022\\\/03\\\/04\\\/istanbul-je-uplne-ina-dimenzia\\\/\"]}]},{\"@type\":\"ImageObject\",\"inLanguage\":\"sk-SK\",\"@id\":\"https:\\\/\\\/www.youthforequality.sk\\\/index.php\\\/2022\\\/03\\\/04\\\/istanbul-je-uplne-ina-dimenzia\\\/#primaryimage\",\"url\":\"https:\\\/\\\/www.youthforequality.sk\\\/wp-content\\\/uploads\\\/2022\\\/03\\\/WhatsApp-Image-2022-02-28-at-15.03.22.jpeg\",\"contentUrl\":\"https:\\\/\\\/www.youthforequality.sk\\\/wp-content\\\/uploads\\\/2022\\\/03\\\/WhatsApp-Image-2022-02-28-at-15.03.22.jpeg\",\"width\":1024,\"height\":768},{\"@type\":\"BreadcrumbList\",\"@id\":\"https:\\\/\\\/www.youthforequality.sk\\\/index.php\\\/2022\\\/03\\\/04\\\/istanbul-je-uplne-ina-dimenzia\\\/#breadcrumb\",\"itemListElement\":[{\"@type\":\"ListItem\",\"position\":1,\"name\":\"Home\",\"item\":\"https:\\\/\\\/www.youthforequality.sk\\\/\"},{\"@type\":\"ListItem\",\"position\":2,\"name\":\"&#8222;Istanbul je \u00faplne in\u00e1 dimenzia.&#8220;\"}]},{\"@type\":\"WebSite\",\"@id\":\"https:\\\/\\\/www.youthforequality.sk\\\/#website\",\"url\":\"https:\\\/\\\/www.youthforequality.sk\\\/\",\"name\":\"\",\"description\":\"\",\"publisher\":{\"@id\":\"https:\\\/\\\/www.youthforequality.sk\\\/#organization\"},\"potentialAction\":[{\"@type\":\"SearchAction\",\"target\":{\"@type\":\"EntryPoint\",\"urlTemplate\":\"https:\\\/\\\/www.youthforequality.sk\\\/?s={search_term_string}\"},\"query-input\":{\"@type\":\"PropertyValueSpecification\",\"valueRequired\":true,\"valueName\":\"search_term_string\"}}],\"inLanguage\":\"sk-SK\"},{\"@type\":\"Organization\",\"@id\":\"https:\\\/\\\/www.youthforequality.sk\\\/#organization\",\"name\":\"Youth for Equality\",\"url\":\"https:\\\/\\\/www.youthforequality.sk\\\/\",\"logo\":{\"@type\":\"ImageObject\",\"inLanguage\":\"sk-SK\",\"@id\":\"https:\\\/\\\/www.youthforequality.sk\\\/#\\\/schema\\\/logo\\\/image\\\/\",\"url\":\"https:\\\/\\\/www.youthforequality.sk\\\/wp-content\\\/uploads\\\/2021\\\/01\\\/vynovene-logo-nove-farby_modra-na-web.png\",\"contentUrl\":\"https:\\\/\\\/www.youthforequality.sk\\\/wp-content\\\/uploads\\\/2021\\\/01\\\/vynovene-logo-nove-farby_modra-na-web.png\",\"width\":1,\"height\":1,\"caption\":\"Youth for Equality\"},\"image\":{\"@id\":\"https:\\\/\\\/www.youthforequality.sk\\\/#\\\/schema\\\/logo\\\/image\\\/\"},\"sameAs\":[\"https:\\\/\\\/www.facebook.com\\\/yeslovakia\"]},{\"@type\":\"Person\",\"@id\":\"https:\\\/\\\/www.youthforequality.sk\\\/#\\\/schema\\\/person\\\/41e987664144336433c641d34b270d1b\",\"name\":\"wiki\",\"image\":{\"@type\":\"ImageObject\",\"inLanguage\":\"sk-SK\",\"@id\":\"https:\\\/\\\/secure.gravatar.com\\\/avatar\\\/57cac84b94061d1af6548f41cd07cbee960ab67f3b80825c4b192af947aa3c0f?s=96&d=mm&r=g\",\"url\":\"https:\\\/\\\/secure.gravatar.com\\\/avatar\\\/57cac84b94061d1af6548f41cd07cbee960ab67f3b80825c4b192af947aa3c0f?s=96&d=mm&r=g\",\"contentUrl\":\"https:\\\/\\\/secure.gravatar.com\\\/avatar\\\/57cac84b94061d1af6548f41cd07cbee960ab67f3b80825c4b192af947aa3c0f?s=96&d=mm&r=g\",\"caption\":\"wiki\"},\"url\":\"https:\\\/\\\/www.youthforequality.sk\\\/index.php\\\/author\\\/janbor\\\/\"}]}<\/script>\n<!-- \/ Yoast SEO plugin. -->","yoast_head_json":{"title":"\"Istanbul je \u00faplne in\u00e1 dimenzia.\" |","robots":{"index":"index","follow":"follow","max-snippet":"max-snippet:-1","max-image-preview":"max-image-preview:large","max-video-preview":"max-video-preview:-1"},"canonical":"https:\/\/www.youthforequality.sk\/index.php\/2022\/03\/04\/istanbul-je-uplne-ina-dimenzia\/","og_locale":"sk_SK","og_type":"article","og_title":"\"Istanbul je \u00faplne in\u00e1 dimenzia.\" |","og_description":"Istanbul je in\u00e1 dimenzia. To\u013eko ruchov, vzruchov, farieb, kriku, \u013eud\u00ed a&nbsp;dobr\u00e9ho vajbu som, \u00faprimne, ne\u010dakala. Vedela som, \u017ee to bude zrejme in\u00fd svet. Netu\u0161ila som v\u0161ak, \u017ee a\u017e tak. Ke\u010f som vy\u0161la z&nbsp;letiska, omr\u00e1\u010dilo ma mno\u017estvo tax\u00edkov a&nbsp;taxik\u00e1rov, ktor\u00ed sa prekrikovali a&nbsp;predh\u00e1\u0148ali v&nbsp;z\u00edskan\u00ed z\u00e1kazn\u00edka.&nbsp; Predo\u0161l\u00e9 \u010eal\u0161ie N\u00e1\u0161 vzdel\u00e1vac\u00ed tr\u00e9ning Wise mind trval 5 dn\u00ed. Platforma&hellip;&nbsp;\u010c\u00edta\u0165 viac &raquo;&#8222;Istanbul je \u00faplne in\u00e1 dimenzia.&#8220;","og_url":"https:\/\/www.youthforequality.sk\/index.php\/2022\/03\/04\/istanbul-je-uplne-ina-dimenzia\/","article_publisher":"https:\/\/www.facebook.com\/yeslovakia","article_published_time":"2022-03-04T18:00:54+00:00","article_modified_time":"2022-03-04T18:09:16+00:00","og_image":[{"width":1024,"height":768,"url":"https:\/\/www.youthforequality.sk\/wp-content\/uploads\/2022\/03\/WhatsApp-Image-2022-02-28-at-15.03.22.jpeg","type":"image\/jpeg"}],"author":"wiki","twitter_card":"summary_large_image","twitter_misc":{"Autor":"wiki","Predpokladan\u00fd \u010das \u010d\u00edtania":"7 min\u00fat"},"schema":{"@context":"https:\/\/schema.org","@graph":[{"@type":"Article","@id":"https:\/\/www.youthforequality.sk\/index.php\/2022\/03\/04\/istanbul-je-uplne-ina-dimenzia\/#article","isPartOf":{"@id":"https:\/\/www.youthforequality.sk\/index.php\/2022\/03\/04\/istanbul-je-uplne-ina-dimenzia\/"},"author":{"name":"wiki","@id":"https:\/\/www.youthforequality.sk\/#\/schema\/person\/41e987664144336433c641d34b270d1b"},"headline":"&#8222;Istanbul je \u00faplne in\u00e1 dimenzia.&#8220;","datePublished":"2022-03-04T18:00:54+00:00","dateModified":"2022-03-04T18:09:16+00:00","mainEntityOfPage":{"@id":"https:\/\/www.youthforequality.sk\/index.php\/2022\/03\/04\/istanbul-je-uplne-ina-dimenzia\/"},"wordCount":906,"publisher":{"@id":"https:\/\/www.youthforequality.sk\/#organization"},"image":{"@id":"https:\/\/www.youthforequality.sk\/index.php\/2022\/03\/04\/istanbul-je-uplne-ina-dimenzia\/#primaryimage"},"thumbnailUrl":"https:\/\/www.youthforequality.sk\/wp-content\/uploads\/2022\/03\/WhatsApp-Image-2022-02-28-at-15.03.22.jpeg","articleSection":["Blog"],"inLanguage":"sk-SK"},{"@type":"WebPage","@id":"https:\/\/www.youthforequality.sk\/index.php\/2022\/03\/04\/istanbul-je-uplne-ina-dimenzia\/","url":"https:\/\/www.youthforequality.sk\/index.php\/2022\/03\/04\/istanbul-je-uplne-ina-dimenzia\/","name":"\"Istanbul je \u00faplne in\u00e1 dimenzia.\" |","isPartOf":{"@id":"https:\/\/www.youthforequality.sk\/#website"},"primaryImageOfPage":{"@id":"https:\/\/www.youthforequality.sk\/index.php\/2022\/03\/04\/istanbul-je-uplne-ina-dimenzia\/#primaryimage"},"image":{"@id":"https:\/\/www.youthforequality.sk\/index.php\/2022\/03\/04\/istanbul-je-uplne-ina-dimenzia\/#primaryimage"},"thumbnailUrl":"https:\/\/www.youthforequality.sk\/wp-content\/uploads\/2022\/03\/WhatsApp-Image-2022-02-28-at-15.03.22.jpeg","datePublished":"2022-03-04T18:00:54+00:00","dateModified":"2022-03-04T18:09:16+00:00","breadcrumb":{"@id":"https:\/\/www.youthforequality.sk\/index.php\/2022\/03\/04\/istanbul-je-uplne-ina-dimenzia\/#breadcrumb"},"inLanguage":"sk-SK","potentialAction":[{"@type":"ReadAction","target":["https:\/\/www.youthforequality.sk\/index.php\/2022\/03\/04\/istanbul-je-uplne-ina-dimenzia\/"]}]},{"@type":"ImageObject","inLanguage":"sk-SK","@id":"https:\/\/www.youthforequality.sk\/index.php\/2022\/03\/04\/istanbul-je-uplne-ina-dimenzia\/#primaryimage","url":"https:\/\/www.youthforequality.sk\/wp-content\/uploads\/2022\/03\/WhatsApp-Image-2022-02-28-at-15.03.22.jpeg","contentUrl":"https:\/\/www.youthforequality.sk\/wp-content\/uploads\/2022\/03\/WhatsApp-Image-2022-02-28-at-15.03.22.jpeg","width":1024,"height":768},{"@type":"BreadcrumbList","@id":"https:\/\/www.youthforequality.sk\/index.php\/2022\/03\/04\/istanbul-je-uplne-ina-dimenzia\/#breadcrumb","itemListElement":[{"@type":"ListItem","position":1,"name":"Home","item":"https:\/\/www.youthforequality.sk\/"},{"@type":"ListItem","position":2,"name":"&#8222;Istanbul je \u00faplne in\u00e1 dimenzia.&#8220;"}]},{"@type":"WebSite","@id":"https:\/\/www.youthforequality.sk\/#website","url":"https:\/\/www.youthforequality.sk\/","name":"","description":"","publisher":{"@id":"https:\/\/www.youthforequality.sk\/#organization"},"potentialAction":[{"@type":"SearchAction","target":{"@type":"EntryPoint","urlTemplate":"https:\/\/www.youthforequality.sk\/?s={search_term_string}"},"query-input":{"@type":"PropertyValueSpecification","valueRequired":true,"valueName":"search_term_string"}}],"inLanguage":"sk-SK"},{"@type":"Organization","@id":"https:\/\/www.youthforequality.sk\/#organization","name":"Youth for Equality","url":"https:\/\/www.youthforequality.sk\/","logo":{"@type":"ImageObject","inLanguage":"sk-SK","@id":"https:\/\/www.youthforequality.sk\/#\/schema\/logo\/image\/","url":"https:\/\/www.youthforequality.sk\/wp-content\/uploads\/2021\/01\/vynovene-logo-nove-farby_modra-na-web.png","contentUrl":"https:\/\/www.youthforequality.sk\/wp-content\/uploads\/2021\/01\/vynovene-logo-nove-farby_modra-na-web.png","width":1,"height":1,"caption":"Youth for Equality"},"image":{"@id":"https:\/\/www.youthforequality.sk\/#\/schema\/logo\/image\/"},"sameAs":["https:\/\/www.facebook.com\/yeslovakia"]},{"@type":"Person","@id":"https:\/\/www.youthforequality.sk\/#\/schema\/person\/41e987664144336433c641d34b270d1b","name":"wiki","image":{"@type":"ImageObject","inLanguage":"sk-SK","@id":"https:\/\/secure.gravatar.com\/avatar\/57cac84b94061d1af6548f41cd07cbee960ab67f3b80825c4b192af947aa3c0f?s=96&d=mm&r=g","url":"https:\/\/secure.gravatar.com\/avatar\/57cac84b94061d1af6548f41cd07cbee960ab67f3b80825c4b192af947aa3c0f?s=96&d=mm&r=g","contentUrl":"https:\/\/secure.gravatar.com\/avatar\/57cac84b94061d1af6548f41cd07cbee960ab67f3b80825c4b192af947aa3c0f?s=96&d=mm&r=g","caption":"wiki"},"url":"https:\/\/www.youthforequality.sk\/index.php\/author\/janbor\/"}]}},"_links":{"self":[{"href":"https:\/\/www.youthforequality.sk\/index.php\/wp-json\/wp\/v2\/posts\/3852","targetHints":{"allow":["GET"]}}],"collection":[{"href":"https:\/\/www.youthforequality.sk\/index.php\/wp-json\/wp\/v2\/posts"}],"about":[{"href":"https:\/\/www.youthforequality.sk\/index.php\/wp-json\/wp\/v2\/types\/post"}],"author":[{"embeddable":true,"href":"https:\/\/www.youthforequality.sk\/index.php\/wp-json\/wp\/v2\/users\/6"}],"replies":[{"embeddable":true,"href":"https:\/\/www.youthforequality.sk\/index.php\/wp-json\/wp\/v2\/comments?post=3852"}],"version-history":[{"count":5,"href":"https:\/\/www.youthforequality.sk\/index.php\/wp-json\/wp\/v2\/posts\/3852\/revisions"}],"predecessor-version":[{"id":3879,"href":"https:\/\/www.youthforequality.sk\/index.php\/wp-json\/wp\/v2\/posts\/3852\/revisions\/3879"}],"wp:featuredmedia":[{"embeddable":true,"href":"https:\/\/www.youthforequality.sk\/index.php\/wp-json\/wp\/v2\/media\/3868"}],"wp:attachment":[{"href":"https:\/\/www.youthforequality.sk\/index.php\/wp-json\/wp\/v2\/media?parent=3852"}],"wp:term":[{"taxonomy":"category","embeddable":true,"href":"https:\/\/www.youthforequality.sk\/index.php\/wp-json\/wp\/v2\/categories?post=3852"},{"taxonomy":"post_tag","embeddable":true,"href":"https:\/\/www.youthforequality.sk\/index.php\/wp-json\/wp\/v2\/tags?post=3852"}],"curies":[{"name":"wp","href":"https:\/\/api.w.org\/{rel}","templated":true}]}}