{"id":4018,"date":"2022-05-06T19:11:04","date_gmt":"2022-05-06T17:11:04","guid":{"rendered":"https:\/\/www.youthforequality.sk\/?p=4018"},"modified":"2025-11-06T09:49:13","modified_gmt":"2025-11-06T08:49:13","slug":"yourb4n_europe","status":"publish","type":"post","link":"https:\/\/www.youthforequality.sk\/index.php\/2022\/05\/06\/yourb4n_europe\/","title":{"rendered":"yoURB4N_Europe"},"content":{"rendered":"\t\t<div data-elementor-type=\"wp-post\" data-elementor-id=\"4018\" class=\"elementor elementor-4018\">\n\t\t\t\t\t\t<section class=\"elementor-section elementor-top-section elementor-element elementor-element-0c895a8 elementor-section-boxed elementor-section-height-default elementor-section-height-default\" data-id=\"0c895a8\" data-element_type=\"section\" data-e-type=\"section\">\n\t\t\t\t\t\t<div class=\"elementor-container elementor-column-gap-default\">\n\t\t\t\t\t<div class=\"elementor-column elementor-col-100 elementor-top-column elementor-element elementor-element-8415205\" data-id=\"8415205\" data-element_type=\"column\" data-e-type=\"column\">\n\t\t\t<div class=\"elementor-widget-wrap elementor-element-populated\">\n\t\t\t\t\t\t<div class=\"elementor-element elementor-element-14c7913 elementor-widget elementor-widget-text-editor\" data-id=\"14c7913\" data-element_type=\"widget\" data-e-type=\"widget\" data-widget_type=\"text-editor.default\">\n\t\t\t\t<div class=\"elementor-widget-container\">\n\t\t\t\t\t\t\t\t\t<h3 data-start=\"263\" data-end=\"326\">Umenie, mesto a ml\u00e1de\u017e \u2013 spolu sme tvorili urb\u00e1nny priestor<\/h3><p data-start=\"328\" data-end=\"685\">Projekt <strong data-start=\"336\" data-end=\"354\">yoURB4N Europe<\/strong> bol realizovan\u00fd v r\u00e1mci programu <strong data-start=\"388\" data-end=\"449\">Erasmus+ KA220 \u2013 Partnerstv\u00e1 spolupr\u00e1ce v oblasti ml\u00e1de\u017ee<\/strong>.<br data-start=\"450\" data-end=\"453\" \/>Cie\u013eom projektu bolo posilni\u0165 kompetencie mlad\u00fdch \u013eud\u00ed a pracovn\u00edkov s ml\u00e1de\u017eou v oblasti <strong data-start=\"543\" data-end=\"615\">urb\u00e1nneho umenia, particip\u00e1cie v meste a tvorby akt\u00edvneho ob\u010dianstva<\/strong>.<\/p><p data-start=\"328\" data-end=\"685\">\u00a0<\/p><p data-start=\"542\" data-end=\"618\">Projekt bol realizovan\u00fd v spolupr\u00e1ci so silnou eur\u00f3pskou sie\u0165ou partnerov:<\/p><ul data-start=\"619\" data-end=\"941\"><li data-start=\"619\" data-end=\"711\">EUROFRC, Lodz (Po\u013esko)<\/li><li data-start=\"619\" data-end=\"711\"><p data-start=\"621\" data-end=\"711\">Arciragazzi Portici &#8222;Utopia Attanasio&#8220; (Taliansko)\u00a0<\/p><\/li><li data-start=\"712\" data-end=\"790\"><p data-start=\"714\" data-end=\"790\">Kasta Morrely Association, Iasi (Rumunsko)<\/p><\/li><li data-start=\"791\" data-end=\"863\"><p data-start=\"793\" data-end=\"863\">Youth for Equality, Trnava (Slovensko)<\/p><\/li><\/ul><hr data-start=\"687\" data-end=\"690\" \/><h3 data-start=\"692\" data-end=\"715\">Ciele projektu<\/h3><p data-start=\"716\" data-end=\"741\">Projekt sa zameriaval na:<\/p><ul data-start=\"742\" data-end=\"1086\"><li data-start=\"742\" data-end=\"854\"><p data-start=\"744\" data-end=\"854\">rozvoj kreat\u00edvnych a participat\u00edvnych pr\u00edstupov k mestsk\u00e9mu prostrediu prostredn\u00edctvom <strong data-start=\"831\" data-end=\"851\">urb\u00e1nneho umenia<\/strong>,<\/p><\/li><li data-start=\"855\" data-end=\"1000\"><p data-start=\"857\" data-end=\"1000\">posilnenie kompetenci\u00ed pracovn\u00edkov s ml\u00e1de\u017eou, tr\u00e9nerov a umelcov, aby dok\u00e1zali efekt\u00edvne zap\u00e1ja\u0165 mlad\u00fdch \u013eud\u00ed do tvorby verejn\u00e9ho priestoru,<\/p><\/li><li data-start=\"1001\" data-end=\"1086\"><p data-start=\"1003\" data-end=\"1086\">podporu <strong data-start=\"1011\" data-end=\"1059\">akt\u00edvneho ob\u010dianstva a komunitnej spolupr\u00e1ce<\/strong> v mest\u00e1ch naprie\u010d Eur\u00f3pou.<\/p><\/li><\/ul><hr data-start=\"1088\" data-end=\"1091\" \/><h3 data-start=\"1093\" data-end=\"1117\">Cie\u013eov\u00e9 skupiny<\/h3><p data-start=\"1118\" data-end=\"1141\">Projekt bol ur\u010den\u00fd pre:<\/p><ul data-start=\"1142\" data-end=\"1343\"><li data-start=\"1142\" data-end=\"1226\"><p data-start=\"1144\" data-end=\"1226\"><strong data-start=\"1144\" data-end=\"1170\">pracovn\u00edkov s ml\u00e1de\u017eou<\/strong>, lektorov a umelcov p\u00f4sobiacich v mestskom prostred\u00ed,<\/p><\/li><li data-start=\"1227\" data-end=\"1343\"><p data-start=\"1229\" data-end=\"1343\"><strong data-start=\"1229\" data-end=\"1265\">mlad\u00fdch \u013eud\u00ed vo veku 18\u201330 rokov<\/strong>, ktor\u00ed mali z\u00e1ujem o urb\u00e1nne umenie, particip\u00e1ciu a spolutvorbu svojho mesta.<\/p><\/li><\/ul><hr data-start=\"1345\" data-end=\"1348\" \/><h3 data-start=\"1350\" data-end=\"1374\">Hlavn\u00e9 aktivity<\/h3><p data-start=\"1375\" data-end=\"1499\">Po\u010das trvania projektu prebehlo viacero medzin\u00e1rodn\u00fdch stretnut\u00ed, tr\u00e9ningov a umeleck\u00fdch intervenci\u00ed v mestskom priestore:<\/p><ul data-start=\"1500\" data-end=\"1890\"><li data-start=\"1500\" data-end=\"1631\"><p data-start=\"1502\" data-end=\"1631\"><strong data-start=\"1502\" data-end=\"1537\">mobilitn\u00e9 podujatia a workshopy<\/strong> sa uskuto\u010dnili v Portici (Taliansko), Trnave (Slovensko), Iasi (Rumunsko) a \u0141\u00f3d\u017ai (Po\u013esko),<\/p><\/li><li data-start=\"1632\" data-end=\"1768\"><p data-start=\"1634\" data-end=\"1768\">\u00fa\u010dastn\u00edci sa z\u00fa\u010dastnili <strong data-start=\"1658\" data-end=\"1701\">praktick\u00fdch workshopov urb\u00e1nneho umenia<\/strong>, kde vytv\u00e1rali komunitn\u00e9 umeleck\u00e9 z\u00e1sahy do verejn\u00e9ho priestoru,<\/p><\/li><li data-start=\"1769\" data-end=\"1890\"><p data-start=\"1771\" data-end=\"1890\">prebehli aj <strong data-start=\"1783\" data-end=\"1804\">multiplier eventy<\/strong> v ka\u017edej partnerskej krajine, ktor\u00e9 predstavili v\u00fdsledky projektu \u0161irokej verejnosti.<\/p><\/li><\/ul><hr data-start=\"1892\" data-end=\"1895\" \/><h3 data-start=\"1897\" data-end=\"1930\">\u00da\u010das\u0165 Youth for Equality<\/h3><p data-start=\"1931\" data-end=\"2341\">Organiz\u00e1cia <strong data-start=\"1943\" data-end=\"1965\">Youth for Equality<\/strong> sa zapojila ako slovensk\u00fd partner projektu.<br data-start=\"2009\" data-end=\"2012\" \/>V Trnave sme po\u010das projektu zorganizovali s\u00e9riu <strong data-start=\"2060\" data-end=\"2091\">workshopov pre mlad\u00fdch \u013eud\u00ed<\/strong>, ktor\u00e9 sp\u00e1jali <strong data-start=\"2107\" data-end=\"2148\">umenie, aktivizmus a miestnu komunitu<\/strong>.<\/p><p data-start=\"1931\" data-end=\"2341\"><br data-start=\"2149\" data-end=\"2152\" \/>\u00da\u010dastn\u00edci pracovali s mestsk\u00fdm priestorom, budovami ako <a href=\"https:\/\/yourb4neurope.eu\/index.php\/slovakia\/\">Prach\u00e1re\u0148, Kalokagatia, Depo at\u010f<\/a>, diskutovali o v\u00fdzname verejn\u00e9ho umenia a spolu vytvorili mal\u00e9 umeleck\u00e9 z\u00e1sahy, ktor\u00e9 reflektovali ich poh\u013ead na mesto, identitu a spolupatri\u010dnos\u0165.<\/p><hr data-start=\"2343\" data-end=\"2346\" \/><h3 data-start=\"2348\" data-end=\"2372\">V\u00fdstupy a dopad<\/h3><ul data-start=\"2373\" data-end=\"2764\"><li data-start=\"2373\" data-end=\"2519\"><p data-start=\"2375\" data-end=\"2519\">vznikol <strong data-start=\"2383\" data-end=\"2414\">praktick\u00fd metodick\u00fd toolkit<\/strong> pre pracovn\u00edkov s ml\u00e1de\u017eou a mlad\u00fdch umelcov zameran\u00fd na vyu\u017eitie urb\u00e1nneho umenia v komunitnej pr\u00e1ci,<\/p><\/li><li data-start=\"2520\" data-end=\"2654\"><p data-start=\"2522\" data-end=\"2654\">vytvorila sa <strong data-start=\"2535\" data-end=\"2575\">eur\u00f3pska sie\u0165 akt\u00edvnych mlad\u00fdch \u013eud\u00ed<\/strong> a profesion\u00e1lov, ktor\u00ed pokra\u010duj\u00fa v iniciovan\u00ed vlastn\u00fdch projektov v mest\u00e1ch,<\/p><\/li><li data-start=\"2655\" data-end=\"2764\"><p data-start=\"2657\" data-end=\"2764\">projekt posilnil povedomie o tom, \u017ee <strong data-start=\"2694\" data-end=\"2763\">umenie m\u00f4\u017ee by\u0165 n\u00e1strojom particip\u00e1cie, dial\u00f3gu a soci\u00e1lnej zmeny<\/strong>.<\/p><\/li><\/ul><hr data-start=\"2766\" data-end=\"2769\" \/><h3 data-start=\"2771\" data-end=\"2795\">Viac inform\u00e1ci\u00ed<\/h3><p data-start=\"2796\" data-end=\"2952\">Ofici\u00e1lna str\u00e1nka projektu: <a class=\"decorated-link\" href=\"https:\/\/yourb4neurope.eu\/?utm_source=chatgpt.com\" target=\"_new\" rel=\"noopener\" data-start=\"2824\" data-end=\"2873\">www.yourb4neurope.eu<\/a><\/p>\t\t\t\t\t\t\t\t<\/div>\n\t\t\t\t<\/div>\n\t\t\t\t\t<\/div>\n\t\t<\/div>\n\t\t\t\t\t<\/div>\n\t\t<\/section>\n\t\t\t\t<section class=\"elementor-section elementor-top-section elementor-element elementor-element-8864874 elementor-section-boxed elementor-section-height-default elementor-section-height-default\" data-id=\"8864874\" data-element_type=\"section\" data-e-type=\"section\">\n\t\t\t\t\t\t<div class=\"elementor-container elementor-column-gap-default\">\n\t\t\t\t\t<div class=\"elementor-column elementor-col-100 elementor-top-column elementor-element elementor-element-8375ae3\" data-id=\"8375ae3\" data-element_type=\"column\" data-e-type=\"column\">\n\t\t\t<div class=\"elementor-widget-wrap elementor-element-populated\">\n\t\t\t\t\t\t<div class=\"elementor-element elementor-element-d2b48f4 elementor-widget elementor-widget-image\" data-id=\"d2b48f4\" data-element_type=\"widget\" data-e-type=\"widget\" data-widget_type=\"image.default\">\n\t\t\t\t<div class=\"elementor-widget-container\">\n\t\t\t\t\t\t\t\t\t\t\t\t\t\t\t<img fetchpriority=\"high\" decoding=\"async\" width=\"940\" height=\"788\" src=\"https:\/\/www.youthforequality.sk\/wp-content\/uploads\/2022\/05\/urban-revitalization.png\" class=\"attachment-large size-large wp-image-4329\" alt=\"\" srcset=\"https:\/\/www.youthforequality.sk\/wp-content\/uploads\/2022\/05\/urban-revitalization.png 940w, https:\/\/www.youthforequality.sk\/wp-content\/uploads\/2022\/05\/urban-revitalization-300x251.png 300w, https:\/\/www.youthforequality.sk\/wp-content\/uploads\/2022\/05\/urban-revitalization-768x644.png 768w\" sizes=\"(max-width: 940px) 100vw, 940px\" \/>\t\t\t\t\t\t\t\t\t\t\t\t\t\t\t<\/div>\n\t\t\t\t<\/div>\n\t\t\t\t<div class=\"elementor-element elementor-element-c58fb93 elementor-widget elementor-widget-spacer\" data-id=\"c58fb93\" data-element_type=\"widget\" data-e-type=\"widget\" data-widget_type=\"spacer.default\">\n\t\t\t\t<div class=\"elementor-widget-container\">\n\t\t\t\t\t\t\t<div class=\"elementor-spacer\">\n\t\t\t<div class=\"elementor-spacer-inner\"><\/div>\n\t\t<\/div>\n\t\t\t\t\t\t<\/div>\n\t\t\t\t<\/div>\n\t\t\t\t<div class=\"elementor-element elementor-element-697ee68 elementor-widget elementor-widget-image\" data-id=\"697ee68\" data-element_type=\"widget\" data-e-type=\"widget\" data-widget_type=\"image.default\">\n\t\t\t\t<div class=\"elementor-widget-container\">\n\t\t\t\t\t\t\t\t\t\t\t\t\t\t\t<img decoding=\"async\" width=\"940\" height=\"788\" src=\"https:\/\/www.youthforequality.sk\/wp-content\/uploads\/2022\/05\/training-start.png\" class=\"attachment-large size-large wp-image-4395\" alt=\"\" srcset=\"https:\/\/www.youthforequality.sk\/wp-content\/uploads\/2022\/05\/training-start.png 940w, https:\/\/www.youthforequality.sk\/wp-content\/uploads\/2022\/05\/training-start-300x251.png 300w, https:\/\/www.youthforequality.sk\/wp-content\/uploads\/2022\/05\/training-start-768x644.png 768w\" sizes=\"(max-width: 940px) 100vw, 940px\" \/>\t\t\t\t\t\t\t\t\t\t\t\t\t\t\t<\/div>\n\t\t\t\t<\/div>\n\t\t\t\t\t<\/div>\n\t\t<\/div>\n\t\t\t\t\t<\/div>\n\t\t<\/section>\n\t\t\t\t<section class=\"elementor-section elementor-top-section elementor-element elementor-element-3b2fd61 elementor-section-boxed elementor-section-height-default elementor-section-height-default\" data-id=\"3b2fd61\" data-element_type=\"section\" data-e-type=\"section\">\n\t\t\t\t\t\t<div class=\"elementor-container elementor-column-gap-default\">\n\t\t\t\t\t<div class=\"elementor-column elementor-col-100 elementor-top-column elementor-element elementor-element-6767b37\" data-id=\"6767b37\" data-element_type=\"column\" data-e-type=\"column\">\n\t\t\t<div class=\"elementor-widget-wrap elementor-element-populated\">\n\t\t\t\t\t\t<div class=\"elementor-element elementor-element-c4b39b9 elementor-widget elementor-widget-image\" data-id=\"c4b39b9\" data-element_type=\"widget\" data-e-type=\"widget\" data-widget_type=\"image.default\">\n\t\t\t\t<div class=\"elementor-widget-container\">\n\t\t\t\t\t\t\t\t\t\t\t\t\t\t\t<img decoding=\"async\" width=\"1024\" height=\"724\" src=\"https:\/\/www.youthforequality.sk\/wp-content\/uploads\/2022\/05\/2-1-1024x724.png\" class=\"attachment-large size-large wp-image-10000\" alt=\"\" srcset=\"https:\/\/www.youthforequality.sk\/wp-content\/uploads\/2022\/05\/2-1-1024x724.png 1024w, https:\/\/www.youthforequality.sk\/wp-content\/uploads\/2022\/05\/2-1-300x212.png 300w, https:\/\/www.youthforequality.sk\/wp-content\/uploads\/2022\/05\/2-1-768x543.png 768w, https:\/\/www.youthforequality.sk\/wp-content\/uploads\/2022\/05\/2-1-1536x1086.png 1536w, https:\/\/www.youthforequality.sk\/wp-content\/uploads\/2022\/05\/2-1-2048x1448.png 2048w\" sizes=\"(max-width: 1024px) 100vw, 1024px\" \/>\t\t\t\t\t\t\t\t\t\t\t\t\t\t\t<\/div>\n\t\t\t\t<\/div>\n\t\t\t\t\t<\/div>\n\t\t<\/div>\n\t\t\t\t\t<\/div>\n\t\t<\/section>\n\t\t\t\t<section class=\"elementor-section elementor-top-section elementor-element elementor-element-cba66eb elementor-section-boxed elementor-section-height-default elementor-section-height-default\" data-id=\"cba66eb\" data-element_type=\"section\" data-e-type=\"section\">\n\t\t\t\t\t\t<div class=\"elementor-container elementor-column-gap-default\">\n\t\t\t\t\t<div class=\"elementor-column elementor-col-100 elementor-top-column elementor-element elementor-element-fb36255\" data-id=\"fb36255\" data-element_type=\"column\" data-e-type=\"column\">\n\t\t\t<div class=\"elementor-widget-wrap elementor-element-populated\">\n\t\t\t\t\t\t<div class=\"elementor-element elementor-element-218fb78 elementor-widget elementor-widget-image\" data-id=\"218fb78\" data-element_type=\"widget\" data-e-type=\"widget\" data-widget_type=\"image.default\">\n\t\t\t\t<div class=\"elementor-widget-container\">\n\t\t\t\t\t\t\t\t\t\t\t\t\t\t\t<img loading=\"lazy\" decoding=\"async\" width=\"1024\" height=\"724\" src=\"https:\/\/www.youthforequality.sk\/wp-content\/uploads\/2022\/05\/3-1-1024x724.png\" class=\"attachment-large size-large wp-image-10001\" alt=\"\" srcset=\"https:\/\/www.youthforequality.sk\/wp-content\/uploads\/2022\/05\/3-1-1024x724.png 1024w, https:\/\/www.youthforequality.sk\/wp-content\/uploads\/2022\/05\/3-1-300x212.png 300w, https:\/\/www.youthforequality.sk\/wp-content\/uploads\/2022\/05\/3-1-768x543.png 768w, https:\/\/www.youthforequality.sk\/wp-content\/uploads\/2022\/05\/3-1-1536x1086.png 1536w, https:\/\/www.youthforequality.sk\/wp-content\/uploads\/2022\/05\/3-1-2048x1448.png 2048w\" sizes=\"(max-width: 1024px) 100vw, 1024px\" \/>\t\t\t\t\t\t\t\t\t\t\t\t\t\t\t<\/div>\n\t\t\t\t<\/div>\n\t\t\t\t\t<\/div>\n\t\t<\/div>\n\t\t\t\t\t<\/div>\n\t\t<\/section>\n\t\t\t\t<section class=\"elementor-section elementor-top-section elementor-element elementor-element-d62a369 elementor-section-boxed elementor-section-height-default elementor-section-height-default\" data-id=\"d62a369\" data-element_type=\"section\" data-e-type=\"section\">\n\t\t\t\t\t\t<div class=\"elementor-container elementor-column-gap-default\">\n\t\t\t\t\t<div class=\"elementor-column elementor-col-100 elementor-top-column elementor-element elementor-element-6d3c9a1\" data-id=\"6d3c9a1\" data-element_type=\"column\" data-e-type=\"column\">\n\t\t\t<div class=\"elementor-widget-wrap elementor-element-populated\">\n\t\t\t\t\t\t<div class=\"elementor-element elementor-element-d622111 elementor-widget elementor-widget-image\" data-id=\"d622111\" data-element_type=\"widget\" data-e-type=\"widget\" data-widget_type=\"image.default\">\n\t\t\t\t<div class=\"elementor-widget-container\">\n\t\t\t\t\t\t\t\t\t\t\t\t\t\t\t<img loading=\"lazy\" decoding=\"async\" width=\"1024\" height=\"724\" src=\"https:\/\/www.youthforequality.sk\/wp-content\/uploads\/2022\/05\/1-1-1024x724.png\" class=\"attachment-large size-large wp-image-9998\" alt=\"\" srcset=\"https:\/\/www.youthforequality.sk\/wp-content\/uploads\/2022\/05\/1-1-1024x724.png 1024w, https:\/\/www.youthforequality.sk\/wp-content\/uploads\/2022\/05\/1-1-300x212.png 300w, https:\/\/www.youthforequality.sk\/wp-content\/uploads\/2022\/05\/1-1-768x543.png 768w, https:\/\/www.youthforequality.sk\/wp-content\/uploads\/2022\/05\/1-1-1536x1086.png 1536w, https:\/\/www.youthforequality.sk\/wp-content\/uploads\/2022\/05\/1-1-2048x1448.png 2048w\" sizes=\"(max-width: 1024px) 100vw, 1024px\" \/>\t\t\t\t\t\t\t\t\t\t\t\t\t\t\t<\/div>\n\t\t\t\t<\/div>\n\t\t\t\t\t<\/div>\n\t\t<\/div>\n\t\t\t\t\t<\/div>\n\t\t<\/section>\n\t\t\t\t<section class=\"elementor-section elementor-top-section elementor-element elementor-element-d2f9f1b elementor-section-boxed elementor-section-height-default elementor-section-height-default\" data-id=\"d2f9f1b\" data-element_type=\"section\" data-e-type=\"section\">\n\t\t\t\t\t\t<div class=\"elementor-container elementor-column-gap-default\">\n\t\t\t\t\t<div class=\"elementor-column elementor-col-100 elementor-top-column elementor-element elementor-element-ccd808e\" data-id=\"ccd808e\" data-element_type=\"column\" data-e-type=\"column\">\n\t\t\t<div class=\"elementor-widget-wrap elementor-element-populated\">\n\t\t\t\t\t\t<div class=\"elementor-element elementor-element-08f3e1f elementor-widget elementor-widget-image\" data-id=\"08f3e1f\" data-element_type=\"widget\" data-e-type=\"widget\" data-widget_type=\"image.default\">\n\t\t\t\t<div class=\"elementor-widget-container\">\n\t\t\t\t\t\t\t\t\t\t\t\t\t\t\t<img decoding=\"async\" src=\"https:\/\/www.youthforequality.sk\/wp-content\/plugins\/elementor\/assets\/images\/placeholder.png\" title=\"\" alt=\"\" loading=\"lazy\" \/>\t\t\t\t\t\t\t\t\t\t\t\t\t\t\t<\/div>\n\t\t\t\t<\/div>\n\t\t\t\t\t<\/div>\n\t\t<\/div>\n\t\t\t\t\t<\/div>\n\t\t<\/section>\n\t\t\t\t<\/div>\n\t\t","protected":false},"excerpt":{"rendered":"<p>Umenie, mesto a ml\u00e1de\u017e \u2013 spolu sme tvorili urb\u00e1nny priestor Projekt yoURB4N Europe bol realizovan\u00fd v r\u00e1mci programu Erasmus+ KA220 \u2013 Partnerstv\u00e1 spolupr\u00e1ce v oblasti ml\u00e1de\u017ee.Cie\u013eom projektu bolo posilni\u0165 kompetencie mlad\u00fdch \u013eud\u00ed a pracovn\u00edkov s ml\u00e1de\u017eou v oblasti urb\u00e1nneho umenia, particip\u00e1cie v meste a tvorby akt\u00edvneho ob\u010dianstva. \u00a0 Projekt bol realizovan\u00fd v spolupr\u00e1ci so silnou&hellip;&nbsp;<a href=\"https:\/\/www.youthforequality.sk\/index.php\/2022\/05\/06\/yourb4n_europe\/\" class=\"\" rel=\"bookmark\">\u010c\u00edta\u0165 viac &raquo;<span class=\"screen-reader-text\">yoURB4N_Europe<\/span><\/a><\/p>\n","protected":false},"author":6,"featured_media":4023,"comment_status":"closed","ping_status":"open","sticky":false,"template":"","format":"standard","meta":{"_uf_show_specific_survey":0,"_uf_disable_surveys":false,"neve_meta_sidebar":"","neve_meta_container":"","neve_meta_enable_content_width":"","neve_meta_content_width":0,"neve_meta_title_alignment":"","neve_meta_author_avatar":"","neve_post_elements_order":"","neve_meta_disable_header":"","neve_meta_disable_footer":"","neve_meta_disable_title":"","_themeisle_gutenberg_block_has_review":false,"footnotes":""},"categories":[51],"tags":[],"class_list":["post-4018","post","type-post","status-publish","format-standard","has-post-thumbnail","hentry","category-https-www-youthforequality-sk-index-php-activitiy-strategickepartnerstva-predosle-strategicke-partnerstva"],"yoast_head":"<!-- This site is optimized with the Yoast SEO plugin v27.4 - https:\/\/yoast.com\/product\/yoast-seo-wordpress\/ -->\n<title>yoURB4N_Europe |<\/title>\n<meta name=\"robots\" content=\"index, follow, max-snippet:-1, max-image-preview:large, max-video-preview:-1\" \/>\n<link rel=\"canonical\" href=\"https:\/\/www.youthforequality.sk\/index.php\/2022\/05\/06\/yourb4n_europe\/\" \/>\n<meta property=\"og:locale\" content=\"sk_SK\" \/>\n<meta property=\"og:type\" content=\"article\" \/>\n<meta property=\"og:title\" content=\"yoURB4N_Europe |\" \/>\n<meta property=\"og:description\" content=\"Umenie, mesto a ml\u00e1de\u017e \u2013 spolu sme tvorili urb\u00e1nny priestor Projekt yoURB4N Europe bol realizovan\u00fd v r\u00e1mci programu Erasmus+ KA220 \u2013 Partnerstv\u00e1 spolupr\u00e1ce v oblasti ml\u00e1de\u017ee.Cie\u013eom projektu bolo posilni\u0165 kompetencie mlad\u00fdch \u013eud\u00ed a pracovn\u00edkov s ml\u00e1de\u017eou v oblasti urb\u00e1nneho umenia, particip\u00e1cie v meste a tvorby akt\u00edvneho ob\u010dianstva. \u00a0 Projekt bol realizovan\u00fd v spolupr\u00e1ci so silnou&hellip;&nbsp;\u010c\u00edta\u0165 viac &raquo;yoURB4N_Europe\" \/>\n<meta property=\"og:url\" content=\"https:\/\/www.youthforequality.sk\/index.php\/2022\/05\/06\/yourb4n_europe\/\" \/>\n<meta property=\"article:publisher\" content=\"https:\/\/www.facebook.com\/yeslovakia\" \/>\n<meta property=\"article:published_time\" content=\"2022-05-06T17:11:04+00:00\" \/>\n<meta property=\"article:modified_time\" content=\"2025-11-06T08:49:13+00:00\" \/>\n<meta property=\"og:image\" content=\"https:\/\/www.youthforequality.sk\/wp-content\/uploads\/2022\/05\/ouzutut.png\" \/>\n\t<meta property=\"og:image:width\" content=\"1204\" \/>\n\t<meta property=\"og:image:height\" content=\"694\" \/>\n\t<meta property=\"og:image:type\" content=\"image\/png\" \/>\n<meta name=\"author\" content=\"wiki\" \/>\n<meta name=\"twitter:card\" content=\"summary_large_image\" \/>\n<meta name=\"twitter:label1\" content=\"Autor\" \/>\n\t<meta name=\"twitter:data1\" content=\"wiki\" \/>\n\t<meta name=\"twitter:label2\" content=\"Predpokladan\u00fd \u010das \u010d\u00edtania\" \/>\n\t<meta name=\"twitter:data2\" content=\"4 min\u00faty\" \/>\n<script type=\"application\/ld+json\" class=\"yoast-schema-graph\">{\"@context\":\"https:\\\/\\\/schema.org\",\"@graph\":[{\"@type\":\"Article\",\"@id\":\"https:\\\/\\\/www.youthforequality.sk\\\/index.php\\\/2022\\\/05\\\/06\\\/yourb4n_europe\\\/#article\",\"isPartOf\":{\"@id\":\"https:\\\/\\\/www.youthforequality.sk\\\/index.php\\\/2022\\\/05\\\/06\\\/yourb4n_europe\\\/\"},\"author\":{\"name\":\"wiki\",\"@id\":\"https:\\\/\\\/www.youthforequality.sk\\\/#\\\/schema\\\/person\\\/41e987664144336433c641d34b270d1b\"},\"headline\":\"yoURB4N_Europe\",\"datePublished\":\"2022-05-06T17:11:04+00:00\",\"dateModified\":\"2025-11-06T08:49:13+00:00\",\"mainEntityOfPage\":{\"@id\":\"https:\\\/\\\/www.youthforequality.sk\\\/index.php\\\/2022\\\/05\\\/06\\\/yourb4n_europe\\\/\"},\"wordCount\":444,\"publisher\":{\"@id\":\"https:\\\/\\\/www.youthforequality.sk\\\/#organization\"},\"image\":{\"@id\":\"https:\\\/\\\/www.youthforequality.sk\\\/index.php\\\/2022\\\/05\\\/06\\\/yourb4n_europe\\\/#primaryimage\"},\"thumbnailUrl\":\"https:\\\/\\\/www.youthforequality.sk\\\/wp-content\\\/uploads\\\/2022\\\/05\\\/ouzutut.png\",\"articleSection\":[\"Predo\u0161l\u00e9 Strategick\u00e9 partnerstv\u00e1\"],\"inLanguage\":\"sk-SK\"},{\"@type\":\"WebPage\",\"@id\":\"https:\\\/\\\/www.youthforequality.sk\\\/index.php\\\/2022\\\/05\\\/06\\\/yourb4n_europe\\\/\",\"url\":\"https:\\\/\\\/www.youthforequality.sk\\\/index.php\\\/2022\\\/05\\\/06\\\/yourb4n_europe\\\/\",\"name\":\"yoURB4N_Europe |\",\"isPartOf\":{\"@id\":\"https:\\\/\\\/www.youthforequality.sk\\\/#website\"},\"primaryImageOfPage\":{\"@id\":\"https:\\\/\\\/www.youthforequality.sk\\\/index.php\\\/2022\\\/05\\\/06\\\/yourb4n_europe\\\/#primaryimage\"},\"image\":{\"@id\":\"https:\\\/\\\/www.youthforequality.sk\\\/index.php\\\/2022\\\/05\\\/06\\\/yourb4n_europe\\\/#primaryimage\"},\"thumbnailUrl\":\"https:\\\/\\\/www.youthforequality.sk\\\/wp-content\\\/uploads\\\/2022\\\/05\\\/ouzutut.png\",\"datePublished\":\"2022-05-06T17:11:04+00:00\",\"dateModified\":\"2025-11-06T08:49:13+00:00\",\"breadcrumb\":{\"@id\":\"https:\\\/\\\/www.youthforequality.sk\\\/index.php\\\/2022\\\/05\\\/06\\\/yourb4n_europe\\\/#breadcrumb\"},\"inLanguage\":\"sk-SK\",\"potentialAction\":[{\"@type\":\"ReadAction\",\"target\":[\"https:\\\/\\\/www.youthforequality.sk\\\/index.php\\\/2022\\\/05\\\/06\\\/yourb4n_europe\\\/\"]}]},{\"@type\":\"ImageObject\",\"inLanguage\":\"sk-SK\",\"@id\":\"https:\\\/\\\/www.youthforequality.sk\\\/index.php\\\/2022\\\/05\\\/06\\\/yourb4n_europe\\\/#primaryimage\",\"url\":\"https:\\\/\\\/www.youthforequality.sk\\\/wp-content\\\/uploads\\\/2022\\\/05\\\/ouzutut.png\",\"contentUrl\":\"https:\\\/\\\/www.youthforequality.sk\\\/wp-content\\\/uploads\\\/2022\\\/05\\\/ouzutut.png\",\"width\":1204,\"height\":694},{\"@type\":\"BreadcrumbList\",\"@id\":\"https:\\\/\\\/www.youthforequality.sk\\\/index.php\\\/2022\\\/05\\\/06\\\/yourb4n_europe\\\/#breadcrumb\",\"itemListElement\":[{\"@type\":\"ListItem\",\"position\":1,\"name\":\"Home\",\"item\":\"https:\\\/\\\/www.youthforequality.sk\\\/\"},{\"@type\":\"ListItem\",\"position\":2,\"name\":\"yoURB4N_Europe\"}]},{\"@type\":\"WebSite\",\"@id\":\"https:\\\/\\\/www.youthforequality.sk\\\/#website\",\"url\":\"https:\\\/\\\/www.youthforequality.sk\\\/\",\"name\":\"\",\"description\":\"\",\"publisher\":{\"@id\":\"https:\\\/\\\/www.youthforequality.sk\\\/#organization\"},\"potentialAction\":[{\"@type\":\"SearchAction\",\"target\":{\"@type\":\"EntryPoint\",\"urlTemplate\":\"https:\\\/\\\/www.youthforequality.sk\\\/?s={search_term_string}\"},\"query-input\":{\"@type\":\"PropertyValueSpecification\",\"valueRequired\":true,\"valueName\":\"search_term_string\"}}],\"inLanguage\":\"sk-SK\"},{\"@type\":\"Organization\",\"@id\":\"https:\\\/\\\/www.youthforequality.sk\\\/#organization\",\"name\":\"Youth for Equality\",\"url\":\"https:\\\/\\\/www.youthforequality.sk\\\/\",\"logo\":{\"@type\":\"ImageObject\",\"inLanguage\":\"sk-SK\",\"@id\":\"https:\\\/\\\/www.youthforequality.sk\\\/#\\\/schema\\\/logo\\\/image\\\/\",\"url\":\"https:\\\/\\\/www.youthforequality.sk\\\/wp-content\\\/uploads\\\/2021\\\/01\\\/vynovene-logo-nove-farby_modra-na-web.png\",\"contentUrl\":\"https:\\\/\\\/www.youthforequality.sk\\\/wp-content\\\/uploads\\\/2021\\\/01\\\/vynovene-logo-nove-farby_modra-na-web.png\",\"width\":1,\"height\":1,\"caption\":\"Youth for Equality\"},\"image\":{\"@id\":\"https:\\\/\\\/www.youthforequality.sk\\\/#\\\/schema\\\/logo\\\/image\\\/\"},\"sameAs\":[\"https:\\\/\\\/www.facebook.com\\\/yeslovakia\"]},{\"@type\":\"Person\",\"@id\":\"https:\\\/\\\/www.youthforequality.sk\\\/#\\\/schema\\\/person\\\/41e987664144336433c641d34b270d1b\",\"name\":\"wiki\",\"image\":{\"@type\":\"ImageObject\",\"inLanguage\":\"sk-SK\",\"@id\":\"https:\\\/\\\/secure.gravatar.com\\\/avatar\\\/57cac84b94061d1af6548f41cd07cbee960ab67f3b80825c4b192af947aa3c0f?s=96&d=mm&r=g\",\"url\":\"https:\\\/\\\/secure.gravatar.com\\\/avatar\\\/57cac84b94061d1af6548f41cd07cbee960ab67f3b80825c4b192af947aa3c0f?s=96&d=mm&r=g\",\"contentUrl\":\"https:\\\/\\\/secure.gravatar.com\\\/avatar\\\/57cac84b94061d1af6548f41cd07cbee960ab67f3b80825c4b192af947aa3c0f?s=96&d=mm&r=g\",\"caption\":\"wiki\"},\"url\":\"https:\\\/\\\/www.youthforequality.sk\\\/index.php\\\/author\\\/janbor\\\/\"}]}<\/script>\n<!-- \/ Yoast SEO plugin. -->","yoast_head_json":{"title":"yoURB4N_Europe |","robots":{"index":"index","follow":"follow","max-snippet":"max-snippet:-1","max-image-preview":"max-image-preview:large","max-video-preview":"max-video-preview:-1"},"canonical":"https:\/\/www.youthforequality.sk\/index.php\/2022\/05\/06\/yourb4n_europe\/","og_locale":"sk_SK","og_type":"article","og_title":"yoURB4N_Europe |","og_description":"Umenie, mesto a ml\u00e1de\u017e \u2013 spolu sme tvorili urb\u00e1nny priestor Projekt yoURB4N Europe bol realizovan\u00fd v r\u00e1mci programu Erasmus+ KA220 \u2013 Partnerstv\u00e1 spolupr\u00e1ce v oblasti ml\u00e1de\u017ee.Cie\u013eom projektu bolo posilni\u0165 kompetencie mlad\u00fdch \u013eud\u00ed a pracovn\u00edkov s ml\u00e1de\u017eou v oblasti urb\u00e1nneho umenia, particip\u00e1cie v meste a tvorby akt\u00edvneho ob\u010dianstva. \u00a0 Projekt bol realizovan\u00fd v spolupr\u00e1ci so silnou&hellip;&nbsp;\u010c\u00edta\u0165 viac &raquo;yoURB4N_Europe","og_url":"https:\/\/www.youthforequality.sk\/index.php\/2022\/05\/06\/yourb4n_europe\/","article_publisher":"https:\/\/www.facebook.com\/yeslovakia","article_published_time":"2022-05-06T17:11:04+00:00","article_modified_time":"2025-11-06T08:49:13+00:00","og_image":[{"width":1204,"height":694,"url":"https:\/\/www.youthforequality.sk\/wp-content\/uploads\/2022\/05\/ouzutut.png","type":"image\/png"}],"author":"wiki","twitter_card":"summary_large_image","twitter_misc":{"Autor":"wiki","Predpokladan\u00fd \u010das \u010d\u00edtania":"4 min\u00faty"},"schema":{"@context":"https:\/\/schema.org","@graph":[{"@type":"Article","@id":"https:\/\/www.youthforequality.sk\/index.php\/2022\/05\/06\/yourb4n_europe\/#article","isPartOf":{"@id":"https:\/\/www.youthforequality.sk\/index.php\/2022\/05\/06\/yourb4n_europe\/"},"author":{"name":"wiki","@id":"https:\/\/www.youthforequality.sk\/#\/schema\/person\/41e987664144336433c641d34b270d1b"},"headline":"yoURB4N_Europe","datePublished":"2022-05-06T17:11:04+00:00","dateModified":"2025-11-06T08:49:13+00:00","mainEntityOfPage":{"@id":"https:\/\/www.youthforequality.sk\/index.php\/2022\/05\/06\/yourb4n_europe\/"},"wordCount":444,"publisher":{"@id":"https:\/\/www.youthforequality.sk\/#organization"},"image":{"@id":"https:\/\/www.youthforequality.sk\/index.php\/2022\/05\/06\/yourb4n_europe\/#primaryimage"},"thumbnailUrl":"https:\/\/www.youthforequality.sk\/wp-content\/uploads\/2022\/05\/ouzutut.png","articleSection":["Predo\u0161l\u00e9 Strategick\u00e9 partnerstv\u00e1"],"inLanguage":"sk-SK"},{"@type":"WebPage","@id":"https:\/\/www.youthforequality.sk\/index.php\/2022\/05\/06\/yourb4n_europe\/","url":"https:\/\/www.youthforequality.sk\/index.php\/2022\/05\/06\/yourb4n_europe\/","name":"yoURB4N_Europe |","isPartOf":{"@id":"https:\/\/www.youthforequality.sk\/#website"},"primaryImageOfPage":{"@id":"https:\/\/www.youthforequality.sk\/index.php\/2022\/05\/06\/yourb4n_europe\/#primaryimage"},"image":{"@id":"https:\/\/www.youthforequality.sk\/index.php\/2022\/05\/06\/yourb4n_europe\/#primaryimage"},"thumbnailUrl":"https:\/\/www.youthforequality.sk\/wp-content\/uploads\/2022\/05\/ouzutut.png","datePublished":"2022-05-06T17:11:04+00:00","dateModified":"2025-11-06T08:49:13+00:00","breadcrumb":{"@id":"https:\/\/www.youthforequality.sk\/index.php\/2022\/05\/06\/yourb4n_europe\/#breadcrumb"},"inLanguage":"sk-SK","potentialAction":[{"@type":"ReadAction","target":["https:\/\/www.youthforequality.sk\/index.php\/2022\/05\/06\/yourb4n_europe\/"]}]},{"@type":"ImageObject","inLanguage":"sk-SK","@id":"https:\/\/www.youthforequality.sk\/index.php\/2022\/05\/06\/yourb4n_europe\/#primaryimage","url":"https:\/\/www.youthforequality.sk\/wp-content\/uploads\/2022\/05\/ouzutut.png","contentUrl":"https:\/\/www.youthforequality.sk\/wp-content\/uploads\/2022\/05\/ouzutut.png","width":1204,"height":694},{"@type":"BreadcrumbList","@id":"https:\/\/www.youthforequality.sk\/index.php\/2022\/05\/06\/yourb4n_europe\/#breadcrumb","itemListElement":[{"@type":"ListItem","position":1,"name":"Home","item":"https:\/\/www.youthforequality.sk\/"},{"@type":"ListItem","position":2,"name":"yoURB4N_Europe"}]},{"@type":"WebSite","@id":"https:\/\/www.youthforequality.sk\/#website","url":"https:\/\/www.youthforequality.sk\/","name":"","description":"","publisher":{"@id":"https:\/\/www.youthforequality.sk\/#organization"},"potentialAction":[{"@type":"SearchAction","target":{"@type":"EntryPoint","urlTemplate":"https:\/\/www.youthforequality.sk\/?s={search_term_string}"},"query-input":{"@type":"PropertyValueSpecification","valueRequired":true,"valueName":"search_term_string"}}],"inLanguage":"sk-SK"},{"@type":"Organization","@id":"https:\/\/www.youthforequality.sk\/#organization","name":"Youth for Equality","url":"https:\/\/www.youthforequality.sk\/","logo":{"@type":"ImageObject","inLanguage":"sk-SK","@id":"https:\/\/www.youthforequality.sk\/#\/schema\/logo\/image\/","url":"https:\/\/www.youthforequality.sk\/wp-content\/uploads\/2021\/01\/vynovene-logo-nove-farby_modra-na-web.png","contentUrl":"https:\/\/www.youthforequality.sk\/wp-content\/uploads\/2021\/01\/vynovene-logo-nove-farby_modra-na-web.png","width":1,"height":1,"caption":"Youth for Equality"},"image":{"@id":"https:\/\/www.youthforequality.sk\/#\/schema\/logo\/image\/"},"sameAs":["https:\/\/www.facebook.com\/yeslovakia"]},{"@type":"Person","@id":"https:\/\/www.youthforequality.sk\/#\/schema\/person\/41e987664144336433c641d34b270d1b","name":"wiki","image":{"@type":"ImageObject","inLanguage":"sk-SK","@id":"https:\/\/secure.gravatar.com\/avatar\/57cac84b94061d1af6548f41cd07cbee960ab67f3b80825c4b192af947aa3c0f?s=96&d=mm&r=g","url":"https:\/\/secure.gravatar.com\/avatar\/57cac84b94061d1af6548f41cd07cbee960ab67f3b80825c4b192af947aa3c0f?s=96&d=mm&r=g","contentUrl":"https:\/\/secure.gravatar.com\/avatar\/57cac84b94061d1af6548f41cd07cbee960ab67f3b80825c4b192af947aa3c0f?s=96&d=mm&r=g","caption":"wiki"},"url":"https:\/\/www.youthforequality.sk\/index.php\/author\/janbor\/"}]}},"_links":{"self":[{"href":"https:\/\/www.youthforequality.sk\/index.php\/wp-json\/wp\/v2\/posts\/4018","targetHints":{"allow":["GET"]}}],"collection":[{"href":"https:\/\/www.youthforequality.sk\/index.php\/wp-json\/wp\/v2\/posts"}],"about":[{"href":"https:\/\/www.youthforequality.sk\/index.php\/wp-json\/wp\/v2\/types\/post"}],"author":[{"embeddable":true,"href":"https:\/\/www.youthforequality.sk\/index.php\/wp-json\/wp\/v2\/users\/6"}],"replies":[{"embeddable":true,"href":"https:\/\/www.youthforequality.sk\/index.php\/wp-json\/wp\/v2\/comments?post=4018"}],"version-history":[{"count":16,"href":"https:\/\/www.youthforequality.sk\/index.php\/wp-json\/wp\/v2\/posts\/4018\/revisions"}],"predecessor-version":[{"id":10005,"href":"https:\/\/www.youthforequality.sk\/index.php\/wp-json\/wp\/v2\/posts\/4018\/revisions\/10005"}],"wp:featuredmedia":[{"embeddable":true,"href":"https:\/\/www.youthforequality.sk\/index.php\/wp-json\/wp\/v2\/media\/4023"}],"wp:attachment":[{"href":"https:\/\/www.youthforequality.sk\/index.php\/wp-json\/wp\/v2\/media?parent=4018"}],"wp:term":[{"taxonomy":"category","embeddable":true,"href":"https:\/\/www.youthforequality.sk\/index.php\/wp-json\/wp\/v2\/categories?post=4018"},{"taxonomy":"post_tag","embeddable":true,"href":"https:\/\/www.youthforequality.sk\/index.php\/wp-json\/wp\/v2\/tags?post=4018"}],"curies":[{"name":"wp","href":"https:\/\/api.w.org\/{rel}","templated":true}]}}