{"id":4043,"date":"2022-05-09T13:20:21","date_gmt":"2022-05-09T11:20:21","guid":{"rendered":"https:\/\/www.youthforequality.sk\/?p=4043"},"modified":"2022-05-09T13:29:16","modified_gmt":"2022-05-09T11:29:16","slug":"berlin-uzasny-zazitok","status":"publish","type":"post","link":"https:\/\/www.youthforequality.sk\/index.php\/2022\/05\/09\/berlin-uzasny-zazitok\/","title":{"rendered":"&#8222;Berl\u00edn. \u00da\u017easn\u00fd z\u00e1\u017eitok.&#8220;"},"content":{"rendered":"\t\t<div data-elementor-type=\"wp-post\" data-elementor-id=\"4043\" class=\"elementor elementor-4043\">\n\t\t\t\t\t\t<section class=\"elementor-section elementor-top-section elementor-element elementor-element-885b0e8 elementor-section-boxed elementor-section-height-default elementor-section-height-default\" data-id=\"885b0e8\" data-element_type=\"section\" data-e-type=\"section\">\n\t\t\t\t\t\t<div class=\"elementor-container elementor-column-gap-default\">\n\t\t\t\t\t<div class=\"elementor-column elementor-col-100 elementor-top-column elementor-element elementor-element-3843c6c\" data-id=\"3843c6c\" data-element_type=\"column\" data-e-type=\"column\">\n\t\t\t<div class=\"elementor-widget-wrap elementor-element-populated\">\n\t\t\t\t\t\t<div class=\"elementor-element elementor-element-22b9812 elementor-widget elementor-widget-text-editor\" data-id=\"22b9812\" data-element_type=\"widget\" data-e-type=\"widget\" data-widget_type=\"text-editor.default\">\n\t\t\t\t<div class=\"elementor-widget-container\">\n\t\t\t\t\t\t\t\t\t<p>Berl\u00edn. \u00da\u017easn\u00fd z\u00e1\u017eitok.<\/p><p><br \/>Koncom marca som mal mo\u017enos\u0165 z\u00fa\u010dastni\u0165 sa \u0161kolenia InnoBoost, ktor\u00e9 bolo zameran\u00e9 na pracovn\u00edkov s ml\u00e1de\u017eou, ktor\u00fdch kompetenciou je najm\u00e4 projektov\u00fd mana\u017ement. Pracovn\u00edci s ml\u00e1de\u017eou, ktor\u00ed riadia projekt, \u010delia ka\u017edodenn\u00fdm praktick\u00fdm riaden\u00edm aktiv\u00edt tak, aby zodpovedali potreb\u00e1m pr\u00edjemcov a v\u00edzi\u00e1m darcu.<\/p><p><br \/>Spolu s \u00fa\u010dastn\u00edkmi z 12 kraj\u00edn sme pracovali na v\u00fdvoji vlastn\u00fdch projektov s neust\u00e1lou podporou profesion\u00e1lov z InterCollage. Cel\u00fd tento tr\u00e9ningov\u00fd kurz bol s\u00edce nam\u00e1hav\u00fd, no ohromne bohat\u00fd na nov\u00e9 vedomosti, sk\u00fasenosti, a hlavne som mal mo\u017enos\u0165 stretn\u00fa\u0165 a spozna\u0165 \u013eud\u00ed s podobnou v\u00e1\u0161\u0148ou pre tvorbu projektov pre mlad\u00fdch, v\u010faka \u010domu som si ohromne roz\u0161\u00edril svoju sie\u0165 dobr\u00fdch kontaktov.<\/p><p><br \/>Mali sme mo\u017enos\u0165 otestova\u0165 si aj svoje schopnosti time managementu, ke\u010f n\u00e1s po\u010das n\u00e1v\u0161tevy Berl\u00edna \u010dakali r\u00f4zne \u00falohy spojen\u00e9 najm\u00e4 s n\u00e1v\u0161tevou historick\u00fdch pamiatok z\u00e1padnej \u010dasti mesta.\u00a0No projekt samotn\u00fd sa odohr\u00e1val v n\u00e1rodnom parku v okol\u00ed Berl\u00edna, \u010do n\u00e1m zaru\u010dilo nepretr\u017eit\u00fd pr\u00edstup k \u00fa\u017easnej pr\u00edrode, kde sme po\u010das vo\u013en\u00e9ho \u010dasu vedeli pr\u00edjemne relaxova\u0165.<\/p><p>\u00a0<\/p><p>Za t\u00fato pr\u00edle\u017eitos\u0165 som v\u010fa\u010dn\u00fd aj organiz\u00e1cii Youth for Equality, kde aj napriek men\u0161\u00edm obav\u00e1m, \u017ee tento projekt bude vzh\u013eadom k mojim sk\u00fasenostiam dos\u0165 pokro\u010dil\u00fd, som dal do toho \u010do som mohol, a l\u00fa\u010dil sa so v\u0161etk\u00fdmi ako s kolegami, s ktor\u00fdmi sme odviedli kus dobrej roboty.<\/p><p>\u00a0<\/p><p>Dominik<\/p>\t\t\t\t\t\t\t\t<\/div>\n\t\t\t\t<\/div>\n\t\t\t\t\t<\/div>\n\t\t<\/div>\n\t\t\t\t\t<\/div>\n\t\t<\/section>\n\t\t\t\t<section class=\"elementor-section elementor-top-section elementor-element elementor-element-c1d99db elementor-section-boxed elementor-section-height-default elementor-section-height-default\" data-id=\"c1d99db\" data-element_type=\"section\" data-e-type=\"section\">\n\t\t\t\t\t\t<div class=\"elementor-container elementor-column-gap-default\">\n\t\t\t\t\t<div class=\"elementor-column elementor-col-100 elementor-top-column elementor-element elementor-element-fbd39c3\" data-id=\"fbd39c3\" data-element_type=\"column\" data-e-type=\"column\">\n\t\t\t<div class=\"elementor-widget-wrap elementor-element-populated\">\n\t\t\t\t\t\t<div class=\"elementor-element elementor-element-3cf9a60 elementor-arrows-position-inside elementor-pagination-position-outside elementor-widget elementor-widget-image-carousel\" data-id=\"3cf9a60\" data-element_type=\"widget\" data-e-type=\"widget\" data-settings=\"{&quot;navigation&quot;:&quot;both&quot;,&quot;autoplay&quot;:&quot;yes&quot;,&quot;pause_on_hover&quot;:&quot;yes&quot;,&quot;pause_on_interaction&quot;:&quot;yes&quot;,&quot;autoplay_speed&quot;:5000,&quot;infinite&quot;:&quot;yes&quot;,&quot;speed&quot;:500}\" data-widget_type=\"image-carousel.default\">\n\t\t\t\t<div class=\"elementor-widget-container\">\n\t\t\t\t\t\t\t<div class=\"elementor-image-carousel-wrapper swiper\" role=\"region\" aria-roledescription=\"carousel\" aria-label=\"Obr\u00e1zkov\u00fd kot\u00fa\u010d\" dir=\"ltr\">\n\t\t\t<div class=\"elementor-image-carousel swiper-wrapper\" aria-live=\"off\">\n\t\t\t\t\t\t\t\t<div class=\"swiper-slide\" role=\"group\" aria-roledescription=\"slide\" aria-label=\"1 of 5\"><figure class=\"swiper-slide-inner\"><img decoding=\"async\" class=\"swiper-slide-image\" src=\"https:\/\/www.youthforequality.sk\/wp-content\/uploads\/2022\/05\/image4-150x150.jpeg\" alt=\"image4\" \/><\/figure><\/div><div class=\"swiper-slide\" role=\"group\" aria-roledescription=\"slide\" aria-label=\"2 of 5\"><figure class=\"swiper-slide-inner\"><img decoding=\"async\" class=\"swiper-slide-image\" src=\"https:\/\/www.youthforequality.sk\/wp-content\/uploads\/2022\/05\/image1-150x150.jpeg\" alt=\"image1\" \/><\/figure><\/div><div class=\"swiper-slide\" role=\"group\" aria-roledescription=\"slide\" aria-label=\"3 of 5\"><figure class=\"swiper-slide-inner\"><img decoding=\"async\" class=\"swiper-slide-image\" src=\"https:\/\/www.youthforequality.sk\/wp-content\/uploads\/2022\/05\/image0-150x150.jpeg\" alt=\"image0\" \/><\/figure><\/div><div class=\"swiper-slide\" role=\"group\" aria-roledescription=\"slide\" aria-label=\"4 of 5\"><figure class=\"swiper-slide-inner\"><img decoding=\"async\" class=\"swiper-slide-image\" src=\"https:\/\/www.youthforequality.sk\/wp-content\/uploads\/2022\/05\/image2-150x150.jpeg\" alt=\"image2\" \/><\/figure><\/div><div class=\"swiper-slide\" role=\"group\" aria-roledescription=\"slide\" aria-label=\"5 of 5\"><figure class=\"swiper-slide-inner\"><img decoding=\"async\" class=\"swiper-slide-image\" src=\"https:\/\/www.youthforequality.sk\/wp-content\/uploads\/2022\/05\/image3-150x150.jpeg\" alt=\"image3\" \/><\/figure><\/div>\t\t\t<\/div>\n\t\t\t\t\t\t\t\t\t\t\t\t<div class=\"elementor-swiper-button elementor-swiper-button-prev\" role=\"button\" tabindex=\"0\">\n\t\t\t\t\t\t<i aria-hidden=\"true\" class=\"eicon-chevron-left\"><\/i>\t\t\t\t\t<\/div>\n\t\t\t\t\t<div class=\"elementor-swiper-button elementor-swiper-button-next\" role=\"button\" tabindex=\"0\">\n\t\t\t\t\t\t<i aria-hidden=\"true\" class=\"eicon-chevron-right\"><\/i>\t\t\t\t\t<\/div>\n\t\t\t\t\n\t\t\t\t\t\t\t\t\t<div class=\"swiper-pagination\"><\/div>\n\t\t\t\t\t\t\t\t\t<\/div>\n\t\t\t\t\t\t<\/div>\n\t\t\t\t<\/div>\n\t\t\t\t\t<\/div>\n\t\t<\/div>\n\t\t\t\t\t<\/div>\n\t\t<\/section>\n\t\t\t\t<\/div>\n\t\t","protected":false},"excerpt":{"rendered":"<p>Berl\u00edn. \u00da\u017easn\u00fd z\u00e1\u017eitok. Koncom marca som mal mo\u017enos\u0165 z\u00fa\u010dastni\u0165 sa \u0161kolenia InnoBoost, ktor\u00e9 bolo zameran\u00e9 na pracovn\u00edkov s ml\u00e1de\u017eou, ktor\u00fdch kompetenciou je najm\u00e4 projektov\u00fd mana\u017ement. Pracovn\u00edci s ml\u00e1de\u017eou, ktor\u00ed riadia projekt, \u010delia ka\u017edodenn\u00fdm praktick\u00fdm riaden\u00edm aktiv\u00edt tak, aby zodpovedali potreb\u00e1m pr\u00edjemcov a v\u00edzi\u00e1m darcu. Spolu s \u00fa\u010dastn\u00edkmi z 12 kraj\u00edn sme pracovali na v\u00fdvoji vlastn\u00fdch&hellip;&nbsp;<a href=\"https:\/\/www.youthforequality.sk\/index.php\/2022\/05\/09\/berlin-uzasny-zazitok\/\" class=\"\" rel=\"bookmark\">\u010c\u00edta\u0165 viac &raquo;<span class=\"screen-reader-text\">&#8222;Berl\u00edn. \u00da\u017easn\u00fd z\u00e1\u017eitok.&#8220;<\/span><\/a><\/p>\n","protected":false},"author":6,"featured_media":4045,"comment_status":"closed","ping_status":"open","sticky":false,"template":"","format":"standard","meta":{"_uf_show_specific_survey":0,"_uf_disable_surveys":false,"neve_meta_sidebar":"","neve_meta_container":"","neve_meta_enable_content_width":"","neve_meta_content_width":0,"neve_meta_title_alignment":"","neve_meta_author_avatar":"","neve_post_elements_order":"","neve_meta_disable_header":"","neve_meta_disable_footer":"","neve_meta_disable_title":"","_themeisle_gutenberg_block_has_review":false,"footnotes":""},"categories":[3],"tags":[],"class_list":["post-4043","post","type-post","status-publish","format-standard","has-post-thumbnail","hentry","category-blog"],"yoast_head":"<!-- This site is optimized with the Yoast SEO plugin v27.4 - https:\/\/yoast.com\/product\/yoast-seo-wordpress\/ -->\n<title>&quot;Berl\u00edn. \u00da\u017easn\u00fd z\u00e1\u017eitok.&quot; |<\/title>\n<meta name=\"robots\" content=\"index, follow, max-snippet:-1, max-image-preview:large, max-video-preview:-1\" \/>\n<link rel=\"canonical\" href=\"https:\/\/www.youthforequality.sk\/index.php\/2022\/05\/09\/berlin-uzasny-zazitok\/\" \/>\n<meta property=\"og:locale\" content=\"sk_SK\" \/>\n<meta property=\"og:type\" content=\"article\" \/>\n<meta property=\"og:title\" content=\"&quot;Berl\u00edn. \u00da\u017easn\u00fd z\u00e1\u017eitok.&quot; |\" \/>\n<meta property=\"og:description\" content=\"Berl\u00edn. \u00da\u017easn\u00fd z\u00e1\u017eitok. Koncom marca som mal mo\u017enos\u0165 z\u00fa\u010dastni\u0165 sa \u0161kolenia InnoBoost, ktor\u00e9 bolo zameran\u00e9 na pracovn\u00edkov s ml\u00e1de\u017eou, ktor\u00fdch kompetenciou je najm\u00e4 projektov\u00fd mana\u017ement. Pracovn\u00edci s ml\u00e1de\u017eou, ktor\u00ed riadia projekt, \u010delia ka\u017edodenn\u00fdm praktick\u00fdm riaden\u00edm aktiv\u00edt tak, aby zodpovedali potreb\u00e1m pr\u00edjemcov a v\u00edzi\u00e1m darcu. Spolu s \u00fa\u010dastn\u00edkmi z 12 kraj\u00edn sme pracovali na v\u00fdvoji vlastn\u00fdch&hellip;&nbsp;\u010c\u00edta\u0165 viac &raquo;&#8222;Berl\u00edn. \u00da\u017easn\u00fd z\u00e1\u017eitok.&#8220;\" \/>\n<meta property=\"og:url\" content=\"https:\/\/www.youthforequality.sk\/index.php\/2022\/05\/09\/berlin-uzasny-zazitok\/\" \/>\n<meta property=\"article:publisher\" content=\"https:\/\/www.facebook.com\/yeslovakia\" \/>\n<meta property=\"article:published_time\" content=\"2022-05-09T11:20:21+00:00\" \/>\n<meta property=\"article:modified_time\" content=\"2022-05-09T11:29:16+00:00\" \/>\n<meta property=\"og:image\" content=\"https:\/\/www.youthforequality.sk\/wp-content\/uploads\/2022\/05\/image3.jpeg\" \/>\n\t<meta property=\"og:image:width\" content=\"960\" \/>\n\t<meta property=\"og:image:height\" content=\"720\" \/>\n\t<meta property=\"og:image:type\" content=\"image\/jpeg\" \/>\n<meta name=\"author\" content=\"wiki\" \/>\n<meta name=\"twitter:card\" content=\"summary_large_image\" \/>\n<meta name=\"twitter:label1\" content=\"Autor\" \/>\n\t<meta name=\"twitter:data1\" content=\"wiki\" \/>\n\t<meta name=\"twitter:label2\" content=\"Predpokladan\u00fd \u010das \u010d\u00edtania\" \/>\n\t<meta name=\"twitter:data2\" content=\"2 min\u00faty\" \/>\n<script type=\"application\/ld+json\" class=\"yoast-schema-graph\">{\"@context\":\"https:\\\/\\\/schema.org\",\"@graph\":[{\"@type\":\"Article\",\"@id\":\"https:\\\/\\\/www.youthforequality.sk\\\/index.php\\\/2022\\\/05\\\/09\\\/berlin-uzasny-zazitok\\\/#article\",\"isPartOf\":{\"@id\":\"https:\\\/\\\/www.youthforequality.sk\\\/index.php\\\/2022\\\/05\\\/09\\\/berlin-uzasny-zazitok\\\/\"},\"author\":{\"name\":\"wiki\",\"@id\":\"https:\\\/\\\/www.youthforequality.sk\\\/#\\\/schema\\\/person\\\/41e987664144336433c641d34b270d1b\"},\"headline\":\"&#8222;Berl\u00edn. \u00da\u017easn\u00fd z\u00e1\u017eitok.&#8220;\",\"datePublished\":\"2022-05-09T11:20:21+00:00\",\"dateModified\":\"2022-05-09T11:29:16+00:00\",\"mainEntityOfPage\":{\"@id\":\"https:\\\/\\\/www.youthforequality.sk\\\/index.php\\\/2022\\\/05\\\/09\\\/berlin-uzasny-zazitok\\\/\"},\"wordCount\":289,\"publisher\":{\"@id\":\"https:\\\/\\\/www.youthforequality.sk\\\/#organization\"},\"image\":{\"@id\":\"https:\\\/\\\/www.youthforequality.sk\\\/index.php\\\/2022\\\/05\\\/09\\\/berlin-uzasny-zazitok\\\/#primaryimage\"},\"thumbnailUrl\":\"https:\\\/\\\/www.youthforequality.sk\\\/wp-content\\\/uploads\\\/2022\\\/05\\\/image3.jpeg\",\"articleSection\":[\"Blog\"],\"inLanguage\":\"sk-SK\"},{\"@type\":\"WebPage\",\"@id\":\"https:\\\/\\\/www.youthforequality.sk\\\/index.php\\\/2022\\\/05\\\/09\\\/berlin-uzasny-zazitok\\\/\",\"url\":\"https:\\\/\\\/www.youthforequality.sk\\\/index.php\\\/2022\\\/05\\\/09\\\/berlin-uzasny-zazitok\\\/\",\"name\":\"\\\"Berl\u00edn. \u00da\u017easn\u00fd z\u00e1\u017eitok.\\\" |\",\"isPartOf\":{\"@id\":\"https:\\\/\\\/www.youthforequality.sk\\\/#website\"},\"primaryImageOfPage\":{\"@id\":\"https:\\\/\\\/www.youthforequality.sk\\\/index.php\\\/2022\\\/05\\\/09\\\/berlin-uzasny-zazitok\\\/#primaryimage\"},\"image\":{\"@id\":\"https:\\\/\\\/www.youthforequality.sk\\\/index.php\\\/2022\\\/05\\\/09\\\/berlin-uzasny-zazitok\\\/#primaryimage\"},\"thumbnailUrl\":\"https:\\\/\\\/www.youthforequality.sk\\\/wp-content\\\/uploads\\\/2022\\\/05\\\/image3.jpeg\",\"datePublished\":\"2022-05-09T11:20:21+00:00\",\"dateModified\":\"2022-05-09T11:29:16+00:00\",\"breadcrumb\":{\"@id\":\"https:\\\/\\\/www.youthforequality.sk\\\/index.php\\\/2022\\\/05\\\/09\\\/berlin-uzasny-zazitok\\\/#breadcrumb\"},\"inLanguage\":\"sk-SK\",\"potentialAction\":[{\"@type\":\"ReadAction\",\"target\":[\"https:\\\/\\\/www.youthforequality.sk\\\/index.php\\\/2022\\\/05\\\/09\\\/berlin-uzasny-zazitok\\\/\"]}]},{\"@type\":\"ImageObject\",\"inLanguage\":\"sk-SK\",\"@id\":\"https:\\\/\\\/www.youthforequality.sk\\\/index.php\\\/2022\\\/05\\\/09\\\/berlin-uzasny-zazitok\\\/#primaryimage\",\"url\":\"https:\\\/\\\/www.youthforequality.sk\\\/wp-content\\\/uploads\\\/2022\\\/05\\\/image3.jpeg\",\"contentUrl\":\"https:\\\/\\\/www.youthforequality.sk\\\/wp-content\\\/uploads\\\/2022\\\/05\\\/image3.jpeg\",\"width\":960,\"height\":720},{\"@type\":\"BreadcrumbList\",\"@id\":\"https:\\\/\\\/www.youthforequality.sk\\\/index.php\\\/2022\\\/05\\\/09\\\/berlin-uzasny-zazitok\\\/#breadcrumb\",\"itemListElement\":[{\"@type\":\"ListItem\",\"position\":1,\"name\":\"Home\",\"item\":\"https:\\\/\\\/www.youthforequality.sk\\\/\"},{\"@type\":\"ListItem\",\"position\":2,\"name\":\"&#8222;Berl\u00edn. \u00da\u017easn\u00fd z\u00e1\u017eitok.&#8220;\"}]},{\"@type\":\"WebSite\",\"@id\":\"https:\\\/\\\/www.youthforequality.sk\\\/#website\",\"url\":\"https:\\\/\\\/www.youthforequality.sk\\\/\",\"name\":\"\",\"description\":\"\",\"publisher\":{\"@id\":\"https:\\\/\\\/www.youthforequality.sk\\\/#organization\"},\"potentialAction\":[{\"@type\":\"SearchAction\",\"target\":{\"@type\":\"EntryPoint\",\"urlTemplate\":\"https:\\\/\\\/www.youthforequality.sk\\\/?s={search_term_string}\"},\"query-input\":{\"@type\":\"PropertyValueSpecification\",\"valueRequired\":true,\"valueName\":\"search_term_string\"}}],\"inLanguage\":\"sk-SK\"},{\"@type\":\"Organization\",\"@id\":\"https:\\\/\\\/www.youthforequality.sk\\\/#organization\",\"name\":\"Youth for Equality\",\"url\":\"https:\\\/\\\/www.youthforequality.sk\\\/\",\"logo\":{\"@type\":\"ImageObject\",\"inLanguage\":\"sk-SK\",\"@id\":\"https:\\\/\\\/www.youthforequality.sk\\\/#\\\/schema\\\/logo\\\/image\\\/\",\"url\":\"https:\\\/\\\/www.youthforequality.sk\\\/wp-content\\\/uploads\\\/2021\\\/01\\\/vynovene-logo-nove-farby_modra-na-web.png\",\"contentUrl\":\"https:\\\/\\\/www.youthforequality.sk\\\/wp-content\\\/uploads\\\/2021\\\/01\\\/vynovene-logo-nove-farby_modra-na-web.png\",\"width\":1,\"height\":1,\"caption\":\"Youth for Equality\"},\"image\":{\"@id\":\"https:\\\/\\\/www.youthforequality.sk\\\/#\\\/schema\\\/logo\\\/image\\\/\"},\"sameAs\":[\"https:\\\/\\\/www.facebook.com\\\/yeslovakia\"]},{\"@type\":\"Person\",\"@id\":\"https:\\\/\\\/www.youthforequality.sk\\\/#\\\/schema\\\/person\\\/41e987664144336433c641d34b270d1b\",\"name\":\"wiki\",\"image\":{\"@type\":\"ImageObject\",\"inLanguage\":\"sk-SK\",\"@id\":\"https:\\\/\\\/secure.gravatar.com\\\/avatar\\\/57cac84b94061d1af6548f41cd07cbee960ab67f3b80825c4b192af947aa3c0f?s=96&d=mm&r=g\",\"url\":\"https:\\\/\\\/secure.gravatar.com\\\/avatar\\\/57cac84b94061d1af6548f41cd07cbee960ab67f3b80825c4b192af947aa3c0f?s=96&d=mm&r=g\",\"contentUrl\":\"https:\\\/\\\/secure.gravatar.com\\\/avatar\\\/57cac84b94061d1af6548f41cd07cbee960ab67f3b80825c4b192af947aa3c0f?s=96&d=mm&r=g\",\"caption\":\"wiki\"},\"url\":\"https:\\\/\\\/www.youthforequality.sk\\\/index.php\\\/author\\\/janbor\\\/\"}]}<\/script>\n<!-- \/ Yoast SEO plugin. -->","yoast_head_json":{"title":"\"Berl\u00edn. \u00da\u017easn\u00fd z\u00e1\u017eitok.\" |","robots":{"index":"index","follow":"follow","max-snippet":"max-snippet:-1","max-image-preview":"max-image-preview:large","max-video-preview":"max-video-preview:-1"},"canonical":"https:\/\/www.youthforequality.sk\/index.php\/2022\/05\/09\/berlin-uzasny-zazitok\/","og_locale":"sk_SK","og_type":"article","og_title":"\"Berl\u00edn. \u00da\u017easn\u00fd z\u00e1\u017eitok.\" |","og_description":"Berl\u00edn. \u00da\u017easn\u00fd z\u00e1\u017eitok. Koncom marca som mal mo\u017enos\u0165 z\u00fa\u010dastni\u0165 sa \u0161kolenia InnoBoost, ktor\u00e9 bolo zameran\u00e9 na pracovn\u00edkov s ml\u00e1de\u017eou, ktor\u00fdch kompetenciou je najm\u00e4 projektov\u00fd mana\u017ement. Pracovn\u00edci s ml\u00e1de\u017eou, ktor\u00ed riadia projekt, \u010delia ka\u017edodenn\u00fdm praktick\u00fdm riaden\u00edm aktiv\u00edt tak, aby zodpovedali potreb\u00e1m pr\u00edjemcov a v\u00edzi\u00e1m darcu. Spolu s \u00fa\u010dastn\u00edkmi z 12 kraj\u00edn sme pracovali na v\u00fdvoji vlastn\u00fdch&hellip;&nbsp;\u010c\u00edta\u0165 viac &raquo;&#8222;Berl\u00edn. \u00da\u017easn\u00fd z\u00e1\u017eitok.&#8220;","og_url":"https:\/\/www.youthforequality.sk\/index.php\/2022\/05\/09\/berlin-uzasny-zazitok\/","article_publisher":"https:\/\/www.facebook.com\/yeslovakia","article_published_time":"2022-05-09T11:20:21+00:00","article_modified_time":"2022-05-09T11:29:16+00:00","og_image":[{"width":960,"height":720,"url":"https:\/\/www.youthforequality.sk\/wp-content\/uploads\/2022\/05\/image3.jpeg","type":"image\/jpeg"}],"author":"wiki","twitter_card":"summary_large_image","twitter_misc":{"Autor":"wiki","Predpokladan\u00fd \u010das \u010d\u00edtania":"2 min\u00faty"},"schema":{"@context":"https:\/\/schema.org","@graph":[{"@type":"Article","@id":"https:\/\/www.youthforequality.sk\/index.php\/2022\/05\/09\/berlin-uzasny-zazitok\/#article","isPartOf":{"@id":"https:\/\/www.youthforequality.sk\/index.php\/2022\/05\/09\/berlin-uzasny-zazitok\/"},"author":{"name":"wiki","@id":"https:\/\/www.youthforequality.sk\/#\/schema\/person\/41e987664144336433c641d34b270d1b"},"headline":"&#8222;Berl\u00edn. \u00da\u017easn\u00fd z\u00e1\u017eitok.&#8220;","datePublished":"2022-05-09T11:20:21+00:00","dateModified":"2022-05-09T11:29:16+00:00","mainEntityOfPage":{"@id":"https:\/\/www.youthforequality.sk\/index.php\/2022\/05\/09\/berlin-uzasny-zazitok\/"},"wordCount":289,"publisher":{"@id":"https:\/\/www.youthforequality.sk\/#organization"},"image":{"@id":"https:\/\/www.youthforequality.sk\/index.php\/2022\/05\/09\/berlin-uzasny-zazitok\/#primaryimage"},"thumbnailUrl":"https:\/\/www.youthforequality.sk\/wp-content\/uploads\/2022\/05\/image3.jpeg","articleSection":["Blog"],"inLanguage":"sk-SK"},{"@type":"WebPage","@id":"https:\/\/www.youthforequality.sk\/index.php\/2022\/05\/09\/berlin-uzasny-zazitok\/","url":"https:\/\/www.youthforequality.sk\/index.php\/2022\/05\/09\/berlin-uzasny-zazitok\/","name":"\"Berl\u00edn. \u00da\u017easn\u00fd z\u00e1\u017eitok.\" |","isPartOf":{"@id":"https:\/\/www.youthforequality.sk\/#website"},"primaryImageOfPage":{"@id":"https:\/\/www.youthforequality.sk\/index.php\/2022\/05\/09\/berlin-uzasny-zazitok\/#primaryimage"},"image":{"@id":"https:\/\/www.youthforequality.sk\/index.php\/2022\/05\/09\/berlin-uzasny-zazitok\/#primaryimage"},"thumbnailUrl":"https:\/\/www.youthforequality.sk\/wp-content\/uploads\/2022\/05\/image3.jpeg","datePublished":"2022-05-09T11:20:21+00:00","dateModified":"2022-05-09T11:29:16+00:00","breadcrumb":{"@id":"https:\/\/www.youthforequality.sk\/index.php\/2022\/05\/09\/berlin-uzasny-zazitok\/#breadcrumb"},"inLanguage":"sk-SK","potentialAction":[{"@type":"ReadAction","target":["https:\/\/www.youthforequality.sk\/index.php\/2022\/05\/09\/berlin-uzasny-zazitok\/"]}]},{"@type":"ImageObject","inLanguage":"sk-SK","@id":"https:\/\/www.youthforequality.sk\/index.php\/2022\/05\/09\/berlin-uzasny-zazitok\/#primaryimage","url":"https:\/\/www.youthforequality.sk\/wp-content\/uploads\/2022\/05\/image3.jpeg","contentUrl":"https:\/\/www.youthforequality.sk\/wp-content\/uploads\/2022\/05\/image3.jpeg","width":960,"height":720},{"@type":"BreadcrumbList","@id":"https:\/\/www.youthforequality.sk\/index.php\/2022\/05\/09\/berlin-uzasny-zazitok\/#breadcrumb","itemListElement":[{"@type":"ListItem","position":1,"name":"Home","item":"https:\/\/www.youthforequality.sk\/"},{"@type":"ListItem","position":2,"name":"&#8222;Berl\u00edn. \u00da\u017easn\u00fd z\u00e1\u017eitok.&#8220;"}]},{"@type":"WebSite","@id":"https:\/\/www.youthforequality.sk\/#website","url":"https:\/\/www.youthforequality.sk\/","name":"","description":"","publisher":{"@id":"https:\/\/www.youthforequality.sk\/#organization"},"potentialAction":[{"@type":"SearchAction","target":{"@type":"EntryPoint","urlTemplate":"https:\/\/www.youthforequality.sk\/?s={search_term_string}"},"query-input":{"@type":"PropertyValueSpecification","valueRequired":true,"valueName":"search_term_string"}}],"inLanguage":"sk-SK"},{"@type":"Organization","@id":"https:\/\/www.youthforequality.sk\/#organization","name":"Youth for Equality","url":"https:\/\/www.youthforequality.sk\/","logo":{"@type":"ImageObject","inLanguage":"sk-SK","@id":"https:\/\/www.youthforequality.sk\/#\/schema\/logo\/image\/","url":"https:\/\/www.youthforequality.sk\/wp-content\/uploads\/2021\/01\/vynovene-logo-nove-farby_modra-na-web.png","contentUrl":"https:\/\/www.youthforequality.sk\/wp-content\/uploads\/2021\/01\/vynovene-logo-nove-farby_modra-na-web.png","width":1,"height":1,"caption":"Youth for Equality"},"image":{"@id":"https:\/\/www.youthforequality.sk\/#\/schema\/logo\/image\/"},"sameAs":["https:\/\/www.facebook.com\/yeslovakia"]},{"@type":"Person","@id":"https:\/\/www.youthforequality.sk\/#\/schema\/person\/41e987664144336433c641d34b270d1b","name":"wiki","image":{"@type":"ImageObject","inLanguage":"sk-SK","@id":"https:\/\/secure.gravatar.com\/avatar\/57cac84b94061d1af6548f41cd07cbee960ab67f3b80825c4b192af947aa3c0f?s=96&d=mm&r=g","url":"https:\/\/secure.gravatar.com\/avatar\/57cac84b94061d1af6548f41cd07cbee960ab67f3b80825c4b192af947aa3c0f?s=96&d=mm&r=g","contentUrl":"https:\/\/secure.gravatar.com\/avatar\/57cac84b94061d1af6548f41cd07cbee960ab67f3b80825c4b192af947aa3c0f?s=96&d=mm&r=g","caption":"wiki"},"url":"https:\/\/www.youthforequality.sk\/index.php\/author\/janbor\/"}]}},"_links":{"self":[{"href":"https:\/\/www.youthforequality.sk\/index.php\/wp-json\/wp\/v2\/posts\/4043","targetHints":{"allow":["GET"]}}],"collection":[{"href":"https:\/\/www.youthforequality.sk\/index.php\/wp-json\/wp\/v2\/posts"}],"about":[{"href":"https:\/\/www.youthforequality.sk\/index.php\/wp-json\/wp\/v2\/types\/post"}],"author":[{"embeddable":true,"href":"https:\/\/www.youthforequality.sk\/index.php\/wp-json\/wp\/v2\/users\/6"}],"replies":[{"embeddable":true,"href":"https:\/\/www.youthforequality.sk\/index.php\/wp-json\/wp\/v2\/comments?post=4043"}],"version-history":[{"count":5,"href":"https:\/\/www.youthforequality.sk\/index.php\/wp-json\/wp\/v2\/posts\/4043\/revisions"}],"predecessor-version":[{"id":4053,"href":"https:\/\/www.youthforequality.sk\/index.php\/wp-json\/wp\/v2\/posts\/4043\/revisions\/4053"}],"wp:featuredmedia":[{"embeddable":true,"href":"https:\/\/www.youthforequality.sk\/index.php\/wp-json\/wp\/v2\/media\/4045"}],"wp:attachment":[{"href":"https:\/\/www.youthforequality.sk\/index.php\/wp-json\/wp\/v2\/media?parent=4043"}],"wp:term":[{"taxonomy":"category","embeddable":true,"href":"https:\/\/www.youthforequality.sk\/index.php\/wp-json\/wp\/v2\/categories?post=4043"},{"taxonomy":"post_tag","embeddable":true,"href":"https:\/\/www.youthforequality.sk\/index.php\/wp-json\/wp\/v2\/tags?post=4043"}],"curies":[{"name":"wp","href":"https:\/\/api.w.org\/{rel}","templated":true}]}}