{"id":4075,"date":"2022-05-09T19:10:08","date_gmt":"2022-05-09T17:10:08","guid":{"rendered":"https:\/\/www.youthforequality.sk\/?p=4075"},"modified":"2025-11-06T09:49:28","modified_gmt":"2025-11-06T08:49:28","slug":"green-three-seas-initiative-for-youth","status":"publish","type":"post","link":"https:\/\/www.youthforequality.sk\/index.php\/2022\/05\/09\/green-three-seas-initiative-for-youth\/","title":{"rendered":"Green three seas initiative for youth"},"content":{"rendered":"\t\t<div data-elementor-type=\"wp-post\" data-elementor-id=\"4075\" class=\"elementor elementor-4075\">\n\t\t\t\t\t\t<section class=\"elementor-section elementor-top-section elementor-element elementor-element-5f12270 elementor-section-boxed elementor-section-height-default elementor-section-height-default\" data-id=\"5f12270\" data-element_type=\"section\" data-e-type=\"section\">\n\t\t\t\t\t\t<div class=\"elementor-container elementor-column-gap-default\">\n\t\t\t\t\t<div class=\"elementor-column elementor-col-100 elementor-top-column elementor-element elementor-element-caae2a9\" data-id=\"caae2a9\" data-element_type=\"column\" data-e-type=\"column\">\n\t\t\t<div class=\"elementor-widget-wrap elementor-element-populated\">\n\t\t\t\t\t\t<div class=\"elementor-element elementor-element-3e0e235 elementor-widget elementor-widget-text-editor\" data-id=\"3e0e235\" data-element_type=\"widget\" data-e-type=\"widget\" data-widget_type=\"text-editor.default\">\n\t\t\t\t<div class=\"elementor-widget-container\">\n\t\t\t\t\t\t\t\t\t<p>Spolupr\u00e1ca s cie\u013eom vybudovania partnerstiev ml\u00e1de\u017en\u00edckych organiz\u00e1ci\u00ed a in\u0161tit\u00faci\u00ed, ktor\u00e9 maj\u00fa aktivity na zlep\u0161enie klimatickej kr\u00edzy prostredn\u00edctvom disemina\u010dn\u00fdch podujat\u00ed a soci\u00e1lnej kampane. Iniciat\u00edva m\u00e1 za \u00falohu prostredn\u00edctvom propaga\u010dn\u00fdch podujat\u00ed, soci\u00e1lnych kampan\u00ed a vzdel\u00e1vac\u00edch semin\u00e1rov budova\u0165 partnerstv\u00e1 a zlep\u0161ova\u0165 zru\u010dnosti mlad\u00fdch \u013eud\u00ed pre bud\u00faci trh s ekologick\u00fdmi pracovn\u00fdmi miestami.<\/p><p>Projekt \u201eGreen Three Seas Initiative for Youth\u201c je s\u00fa\u010das\u0165ou \u00fasilia Eur\u00f3pskej \u00fanie dosiahnu\u0165 do roku 2050 klimaticky neutr\u00e1lny kontinent.\u00a0\u00a0<\/p><p>Z\u00fa\u010dastnen\u00ed partneri: Piast z Po\u013eska, Karvina Sustainably z \u010ceska, Youth For Equality zo Slovenska, Active Youth z Litvy, Poate z Rumunska,\u00a0 ECRRED z Loty\u0161ska, Zentrum fur Inovative Bildung z Rak\u00faska, Sushal Hub z Bulharska, Tudatos Tervezesert z Ma\u010farska, Bodi Svetloba zo Srbska.\u00a0<\/p>\t\t\t\t\t\t\t\t<\/div>\n\t\t\t\t<\/div>\n\t\t\t\t\t<\/div>\n\t\t<\/div>\n\t\t\t\t\t<\/div>\n\t\t<\/section>\n\t\t\t\t<section class=\"elementor-section elementor-top-section elementor-element elementor-element-f65a4d7 elementor-section-boxed elementor-section-height-default elementor-section-height-default\" data-id=\"f65a4d7\" data-element_type=\"section\" data-e-type=\"section\">\n\t\t\t\t\t\t<div class=\"elementor-container elementor-column-gap-default\">\n\t\t\t\t\t<div class=\"elementor-column elementor-col-100 elementor-top-column elementor-element elementor-element-0250d65\" data-id=\"0250d65\" data-element_type=\"column\" data-e-type=\"column\">\n\t\t\t<div class=\"elementor-widget-wrap elementor-element-populated\">\n\t\t\t\t\t\t<div class=\"elementor-element elementor-element-3c1dbe2 elementor-widget elementor-widget-text-editor\" data-id=\"3c1dbe2\" data-element_type=\"widget\" data-e-type=\"widget\" data-widget_type=\"text-editor.default\">\n\t\t\t\t<div class=\"elementor-widget-container\">\n\t\t\t\t\t\t\t\t\t<p dir=\"ltr\" style=\"line-height: 1.7999999999999998; margin-top: 0pt; margin-bottom: 0pt;\"><span style=\"color: #000000; font-family: Roboto, sans-serif; font-size: 12pt; white-space-collapse: preserve; letter-spacing: 0px;\">Po\u010das projektu sa na stretnutiach v ka\u017edej partnerskej krajine vytvorili zmyslupln\u00e9 kontakty, ktor\u00e9 polo\u017eili z\u00e1klady pre spolupr\u00e1cu. Mysl\u00edme si, \u017ee je ve\u013emi d\u00f4le\u017eit\u00e9, aby ml\u00e1de\u017e disponovala vedomos\u0165ami a schopnos\u0165ami \u00fa\u010dinne rie\u0161i\u0165 environment\u00e1lne v\u00fdzvy. Najm\u00e4 workshopy, ktor\u00e9 sa uskuto\u010dnili na stredn\u00fdch \u0161kol\u00e1ch, posl\u00fa\u017eili ako \u00fa\u010dinn\u00e1 platforma, ktor\u00e1 zapojila 60 \u017eiakov do preh\u013abenia ich ch\u00e1pania iniciat\u00edvy a umo\u017enila im pozit\u00edvne ovplyvni\u0165 plan\u00e9tu. Tieto workshopy zohrali k\u013e\u00fa\u010dov\u00fa \u00falohu pri posil\u0148ovan\u00ed environment\u00e1lneho povedomia mladej gener\u00e1cie. V\u010faka praktick\u00e9mu pr\u00edstupu a podpore akt\u00edvnej \u00fa\u010dasti z\u00edskali \u00fa\u010dastn\u00edci praktick\u00e9 poznatky o iniciat\u00edve Green Three Seas. U\u010debn\u00fd pl\u00e1n sa zameriaval nielen na naliehavos\u0165 opatren\u00ed v oblasti kl\u00edmy, ale aj na vybavenie mlad\u00fdch \u013eud\u00ed zru\u010dnos\u0165ami potrebn\u00fdmi na to, aby mohli zmysluplne prispie\u0165 k udr\u017eate\u013en\u00fdm iniciat\u00edvam. Vytvorili sme taktie\u017e aj detailn\u00fa strat\u00e9giu, v ktorej sa m\u00f4\u017eete do\u010d\u00edta\u0165 viac o zelenom trhu pr\u00e1ce, spravodlivom prechode, inkluz\u00edvnej politike v oblasti kl\u00edmy alebo enviroment\u00e1lnej v\u00fdchove. <\/span><\/p><p>\u00a0<\/p><p dir=\"ltr\" style=\"line-height: 1.7999999999999998; margin-top: 0pt; margin-bottom: 0pt;\"><span style=\"font-size: 12pt; font-family: Roboto,sans-serif; color: #000000; background-color: #ffffff; font-weight: 400; font-style: normal; font-variant: normal; text-decoration: none; vertical-align: baseline; white-space: pre-wrap;\">Na oslavu t\u00fdchto \u00faspechov sa uskuto\u010dn\u00ed z\u00e1vere\u010dn\u00e9 stretnutie v Karvinej, ktor\u00e9 bude sprev\u00e1dza\u0165 miestne podujatie 12. marca v na\u0161ej kancel\u00e1rii. Toto podujatie vyzdvihne \u00faspech workshopov a spoj\u00ed r\u00f4zne zainteresovan\u00e9 strany, aby prezentovali \u00faspechy projektu a predstavili obohaten\u00e9 u\u010debn\u00e9 osnovy, ktor\u00e9 posil\u0148uj\u00fa mlad\u00fa gener\u00e1ciu pre udr\u017eate\u013en\u00fa bud\u00facnos\u0165.<\/span><\/p>\t\t\t\t\t\t\t\t<\/div>\n\t\t\t\t<\/div>\n\t\t\t\t\t<\/div>\n\t\t<\/div>\n\t\t\t\t\t<\/div>\n\t\t<\/section>\n\t\t\t\t<section class=\"elementor-section elementor-top-section elementor-element elementor-element-9ab5225 elementor-section-boxed elementor-section-height-default elementor-section-height-default\" data-id=\"9ab5225\" data-element_type=\"section\" data-e-type=\"section\">\n\t\t\t\t\t\t<div class=\"elementor-container elementor-column-gap-default\">\n\t\t\t\t\t<div class=\"elementor-column elementor-col-100 elementor-top-column elementor-element elementor-element-6e3c081\" data-id=\"6e3c081\" data-element_type=\"column\" data-e-type=\"column\">\n\t\t\t<div class=\"elementor-widget-wrap elementor-element-populated\">\n\t\t\t\t\t\t<div class=\"elementor-element elementor-element-092f5bf elementor-arrows-position-inside elementor-pagination-position-outside elementor-widget elementor-widget-image-carousel\" data-id=\"092f5bf\" data-element_type=\"widget\" data-e-type=\"widget\" data-settings=\"{&quot;navigation&quot;:&quot;both&quot;,&quot;autoplay&quot;:&quot;yes&quot;,&quot;pause_on_hover&quot;:&quot;yes&quot;,&quot;pause_on_interaction&quot;:&quot;yes&quot;,&quot;autoplay_speed&quot;:5000,&quot;infinite&quot;:&quot;yes&quot;,&quot;speed&quot;:500}\" data-widget_type=\"image-carousel.default\">\n\t\t\t\t<div class=\"elementor-widget-container\">\n\t\t\t\t\t\t\t<div class=\"elementor-image-carousel-wrapper swiper\" role=\"region\" aria-roledescription=\"carousel\" aria-label=\"Obr\u00e1zkov\u00fd kot\u00fa\u010d\" dir=\"ltr\">\n\t\t\t<div class=\"elementor-image-carousel swiper-wrapper\" aria-live=\"off\">\n\t\t\t\t\t\t\t\t<div class=\"swiper-slide\" role=\"group\" aria-roledescription=\"slide\" aria-label=\"1 of 6\"><figure class=\"swiper-slide-inner\"><img decoding=\"async\" class=\"swiper-slide-image\" src=\"https:\/\/www.youthforequality.sk\/wp-content\/uploads\/2022\/10\/DSC_1671-150x150.jpg\" alt=\"Trnava, Slovakia\" \/><\/figure><\/div><div class=\"swiper-slide\" role=\"group\" aria-roledescription=\"slide\" aria-label=\"2 of 6\"><figure class=\"swiper-slide-inner\"><img decoding=\"async\" class=\"swiper-slide-image\" src=\"https:\/\/www.youthforequality.sk\/wp-content\/uploads\/2022\/06\/WhatsApp-Image-2022-06-15-at-17.10.58-150x150.jpeg\" alt=\"Vienna, Austria\" \/><\/figure><\/div><div class=\"swiper-slide\" role=\"group\" aria-roledescription=\"slide\" aria-label=\"3 of 6\"><figure class=\"swiper-slide-inner\"><img decoding=\"async\" class=\"swiper-slide-image\" src=\"https:\/\/www.youthforequality.sk\/wp-content\/uploads\/2022\/10\/DSC01237-150x150.jpg\" alt=\"Riga, Latvia\" \/><\/figure><\/div><div class=\"swiper-slide\" role=\"group\" aria-roledescription=\"slide\" aria-label=\"4 of 6\"><figure class=\"swiper-slide-inner\"><img decoding=\"async\" class=\"swiper-slide-image\" src=\"https:\/\/www.youthforequality.sk\/wp-content\/uploads\/2022\/10\/DSC08913-150x150.jpg\" alt=\"Gliwice, Poland\" \/><\/figure><\/div><div class=\"swiper-slide\" role=\"group\" aria-roledescription=\"slide\" aria-label=\"5 of 6\"><figure class=\"swiper-slide-inner\"><img decoding=\"async\" class=\"swiper-slide-image\" src=\"https:\/\/www.youthforequality.sk\/wp-content\/uploads\/2022\/06\/WhatsApp-Image-2022-06-15-at-17.10.58-1-150x150.jpeg\" alt=\"WhatsApp Image 2022-06-15 at 17.10.58 (1)\" \/><\/figure><\/div><div class=\"swiper-slide\" role=\"group\" aria-roledescription=\"slide\" aria-label=\"6 of 6\"><figure class=\"swiper-slide-inner\"><img decoding=\"async\" class=\"swiper-slide-image\" src=\"https:\/\/www.youthforequality.sk\/wp-content\/uploads\/2022\/06\/WhatsApp-Image-2022-06-15-at-17.10.57-150x150.jpeg\" alt=\"Vienna, Austria\" \/><\/figure><\/div>\t\t\t<\/div>\n\t\t\t\t\t\t\t\t\t\t\t\t<div class=\"elementor-swiper-button elementor-swiper-button-prev\" role=\"button\" tabindex=\"0\">\n\t\t\t\t\t\t<i aria-hidden=\"true\" class=\"eicon-chevron-left\"><\/i>\t\t\t\t\t<\/div>\n\t\t\t\t\t<div class=\"elementor-swiper-button elementor-swiper-button-next\" role=\"button\" tabindex=\"0\">\n\t\t\t\t\t\t<i aria-hidden=\"true\" class=\"eicon-chevron-right\"><\/i>\t\t\t\t\t<\/div>\n\t\t\t\t\n\t\t\t\t\t\t\t\t\t<div class=\"swiper-pagination\"><\/div>\n\t\t\t\t\t\t\t\t\t<\/div>\n\t\t\t\t\t\t<\/div>\n\t\t\t\t<\/div>\n\t\t\t\t\t<\/div>\n\t\t<\/div>\n\t\t\t\t\t<\/div>\n\t\t<\/section>\n\t\t\t\t<section class=\"elementor-section elementor-top-section elementor-element elementor-element-54e71f2 elementor-section-boxed elementor-section-height-default elementor-section-height-default\" data-id=\"54e71f2\" data-element_type=\"section\" data-e-type=\"section\">\n\t\t\t\t\t\t<div class=\"elementor-container elementor-column-gap-default\">\n\t\t\t\t\t<div class=\"elementor-column elementor-col-100 elementor-top-column elementor-element elementor-element-2752bb1\" data-id=\"2752bb1\" data-element_type=\"column\" data-e-type=\"column\">\n\t\t\t<div class=\"elementor-widget-wrap elementor-element-populated\">\n\t\t\t\t\t\t<div class=\"elementor-element elementor-element-fe53f11 elementor-widget elementor-widget-heading\" data-id=\"fe53f11\" data-element_type=\"widget\" data-e-type=\"widget\" data-widget_type=\"heading.default\">\n\t\t\t\t<div class=\"elementor-widget-container\">\n\t\t\t\t\t<h2 class=\"elementor-heading-title elementor-size-default\">strategy ( slovak )<\/h2>\t\t\t\t<\/div>\n\t\t\t\t<\/div>\n\t\t\t\t\t<\/div>\n\t\t<\/div>\n\t\t\t\t\t<\/div>\n\t\t<\/section>\n\t\t\t\t<section class=\"elementor-section elementor-top-section elementor-element elementor-element-530d647 elementor-section-boxed elementor-section-height-default elementor-section-height-default\" data-id=\"530d647\" data-element_type=\"section\" data-e-type=\"section\">\n\t\t\t\t\t\t<div class=\"elementor-container elementor-column-gap-default\">\n\t\t\t\t\t<div class=\"elementor-column elementor-col-100 elementor-top-column elementor-element elementor-element-e32fa80\" data-id=\"e32fa80\" data-element_type=\"column\" data-e-type=\"column\">\n\t\t\t<div class=\"elementor-widget-wrap elementor-element-populated\">\n\t\t\t\t\t\t<div class=\"elementor-element elementor-element-6ec0030 elementor-widget elementor-widget-pdfjs_viewer\" data-id=\"6ec0030\" data-element_type=\"widget\" data-e-type=\"widget\" data-widget_type=\"pdfjs_viewer.default\">\n\t\t\t\t<div class=\"elementor-widget-container\">\n\t\t\t\t\t<iframe src=\"https:\/\/www.youthforequality.sk\/wp-content\/plugins\/pdf-viewer-for-elementor\/assets\/pdfjs\/web\/viewer.html?file=https:\/\/www.youthforequality.sk\/wp-content\/uploads\/2022\/05\/Green-Three-Seas-Slovak.pdf&amp;embedded=true\" style=\"display: block; margin-left: auto; margin-right: auto; width: 790px; height: 625px;\" frameborder=\"1\" marginheight=\"0px\" marginwidth=\"0px\" allowfullscreen><\/iframe>\t\t\t\t<\/div>\n\t\t\t\t<\/div>\n\t\t\t\t\t<\/div>\n\t\t<\/div>\n\t\t\t\t\t<\/div>\n\t\t<\/section>\n\t\t\t\t<section class=\"elementor-section elementor-top-section elementor-element elementor-element-4ccac7d elementor-section-boxed elementor-section-height-default elementor-section-height-default\" data-id=\"4ccac7d\" data-element_type=\"section\" data-e-type=\"section\">\n\t\t\t\t\t\t<div class=\"elementor-container elementor-column-gap-default\">\n\t\t\t\t\t<div class=\"elementor-column elementor-col-100 elementor-top-column elementor-element elementor-element-3dfc95a\" data-id=\"3dfc95a\" data-element_type=\"column\" data-e-type=\"column\">\n\t\t\t<div class=\"elementor-widget-wrap elementor-element-populated\">\n\t\t\t\t\t\t<section class=\"elementor-section elementor-inner-section elementor-element elementor-element-6acd43a elementor-section-boxed elementor-section-height-default elementor-section-height-default\" data-id=\"6acd43a\" data-element_type=\"section\" data-e-type=\"section\">\n\t\t\t\t\t\t<div class=\"elementor-container elementor-column-gap-default\">\n\t\t\t\t\t<div class=\"elementor-column elementor-col-50 elementor-inner-column elementor-element elementor-element-523c2d7\" data-id=\"523c2d7\" data-element_type=\"column\" data-e-type=\"column\">\n\t\t\t<div class=\"elementor-widget-wrap\">\n\t\t\t\t\t\t\t<\/div>\n\t\t<\/div>\n\t\t\t\t<div class=\"elementor-column elementor-col-50 elementor-inner-column elementor-element elementor-element-92bc6b7\" data-id=\"92bc6b7\" data-element_type=\"column\" data-e-type=\"column\">\n\t\t\t<div class=\"elementor-widget-wrap\">\n\t\t\t\t\t\t\t<\/div>\n\t\t<\/div>\n\t\t\t\t\t<\/div>\n\t\t<\/section>\n\t\t\t\t\t<\/div>\n\t\t<\/div>\n\t\t\t\t\t<\/div>\n\t\t<\/section>\n\t\t\t\t<\/div>\n\t\t","protected":false},"excerpt":{"rendered":"<p>Spolupr\u00e1ca s cie\u013eom vybudovania partnerstiev ml\u00e1de\u017en\u00edckych organiz\u00e1ci\u00ed a in\u0161tit\u00faci\u00ed, ktor\u00e9 maj\u00fa aktivity na zlep\u0161enie klimatickej kr\u00edzy prostredn\u00edctvom disemina\u010dn\u00fdch podujat\u00ed a soci\u00e1lnej kampane. Iniciat\u00edva m\u00e1 za \u00falohu prostredn\u00edctvom propaga\u010dn\u00fdch podujat\u00ed, soci\u00e1lnych kampan\u00ed a vzdel\u00e1vac\u00edch semin\u00e1rov budova\u0165 partnerstv\u00e1 a zlep\u0161ova\u0165 zru\u010dnosti mlad\u00fdch \u013eud\u00ed pre bud\u00faci trh s ekologick\u00fdmi pracovn\u00fdmi miestami. Projekt \u201eGreen Three Seas Initiative for Youth\u201c&hellip;&nbsp;<a href=\"https:\/\/www.youthforequality.sk\/index.php\/2022\/05\/09\/green-three-seas-initiative-for-youth\/\" class=\"\" rel=\"bookmark\">\u010c\u00edta\u0165 viac &raquo;<span class=\"screen-reader-text\">Green three seas initiative for youth<\/span><\/a><\/p>\n","protected":false},"author":6,"featured_media":4509,"comment_status":"closed","ping_status":"open","sticky":false,"template":"","format":"standard","meta":{"_uf_show_specific_survey":0,"_uf_disable_surveys":false,"neve_meta_sidebar":"","neve_meta_container":"","neve_meta_enable_content_width":"off","neve_meta_content_width":70,"neve_meta_title_alignment":"","neve_meta_author_avatar":"","neve_post_elements_order":"","neve_meta_disable_header":"","neve_meta_disable_footer":"","neve_meta_disable_title":"","_themeisle_gutenberg_block_has_review":false,"footnotes":""},"categories":[51],"tags":[],"class_list":["post-4075","post","type-post","status-publish","format-standard","has-post-thumbnail","hentry","category-https-www-youthforequality-sk-index-php-activitiy-strategickepartnerstva-predosle-strategicke-partnerstva"],"yoast_head":"<!-- This site is optimized with the Yoast SEO plugin v27.4 - https:\/\/yoast.com\/product\/yoast-seo-wordpress\/ -->\n<title>Green three seas initiative for youth |<\/title>\n<meta name=\"robots\" content=\"index, follow, max-snippet:-1, max-image-preview:large, max-video-preview:-1\" \/>\n<link rel=\"canonical\" href=\"https:\/\/www.youthforequality.sk\/index.php\/2022\/05\/09\/green-three-seas-initiative-for-youth\/\" \/>\n<meta property=\"og:locale\" content=\"sk_SK\" \/>\n<meta property=\"og:type\" content=\"article\" \/>\n<meta property=\"og:title\" content=\"Green three seas initiative for youth |\" \/>\n<meta property=\"og:description\" content=\"Spolupr\u00e1ca s cie\u013eom vybudovania partnerstiev ml\u00e1de\u017en\u00edckych organiz\u00e1ci\u00ed a in\u0161tit\u00faci\u00ed, ktor\u00e9 maj\u00fa aktivity na zlep\u0161enie klimatickej kr\u00edzy prostredn\u00edctvom disemina\u010dn\u00fdch podujat\u00ed a soci\u00e1lnej kampane. Iniciat\u00edva m\u00e1 za \u00falohu prostredn\u00edctvom propaga\u010dn\u00fdch podujat\u00ed, soci\u00e1lnych kampan\u00ed a vzdel\u00e1vac\u00edch semin\u00e1rov budova\u0165 partnerstv\u00e1 a zlep\u0161ova\u0165 zru\u010dnosti mlad\u00fdch \u013eud\u00ed pre bud\u00faci trh s ekologick\u00fdmi pracovn\u00fdmi miestami. Projekt \u201eGreen Three Seas Initiative for Youth\u201c&hellip;&nbsp;\u010c\u00edta\u0165 viac &raquo;Green three seas initiative for youth\" \/>\n<meta property=\"og:url\" content=\"https:\/\/www.youthforequality.sk\/index.php\/2022\/05\/09\/green-three-seas-initiative-for-youth\/\" \/>\n<meta property=\"article:publisher\" content=\"https:\/\/www.facebook.com\/yeslovakia\" \/>\n<meta property=\"article:published_time\" content=\"2022-05-09T17:10:08+00:00\" \/>\n<meta property=\"article:modified_time\" content=\"2025-11-06T08:49:28+00:00\" \/>\n<meta property=\"og:image\" content=\"https:\/\/www.youthforequality.sk\/wp-content\/uploads\/2022\/05\/Screen-Shot-2022-12-01-at-19.36.33.png\" \/>\n\t<meta property=\"og:image:width\" content=\"662\" \/>\n\t<meta property=\"og:image:height\" content=\"714\" \/>\n\t<meta property=\"og:image:type\" content=\"image\/png\" \/>\n<meta name=\"author\" content=\"wiki\" \/>\n<meta name=\"twitter:card\" content=\"summary_large_image\" \/>\n<meta name=\"twitter:label1\" content=\"Autor\" \/>\n\t<meta name=\"twitter:data1\" content=\"wiki\" \/>\n\t<meta name=\"twitter:label2\" content=\"Predpokladan\u00fd \u010das \u010d\u00edtania\" \/>\n\t<meta name=\"twitter:data2\" content=\"3 min\u00faty\" \/>\n<script type=\"application\/ld+json\" class=\"yoast-schema-graph\">{\"@context\":\"https:\\\/\\\/schema.org\",\"@graph\":[{\"@type\":\"Article\",\"@id\":\"https:\\\/\\\/www.youthforequality.sk\\\/index.php\\\/2022\\\/05\\\/09\\\/green-three-seas-initiative-for-youth\\\/#article\",\"isPartOf\":{\"@id\":\"https:\\\/\\\/www.youthforequality.sk\\\/index.php\\\/2022\\\/05\\\/09\\\/green-three-seas-initiative-for-youth\\\/\"},\"author\":{\"name\":\"wiki\",\"@id\":\"https:\\\/\\\/www.youthforequality.sk\\\/#\\\/schema\\\/person\\\/41e987664144336433c641d34b270d1b\"},\"headline\":\"Green three seas initiative for youth\",\"datePublished\":\"2022-05-09T17:10:08+00:00\",\"dateModified\":\"2025-11-06T08:49:28+00:00\",\"mainEntityOfPage\":{\"@id\":\"https:\\\/\\\/www.youthforequality.sk\\\/index.php\\\/2022\\\/05\\\/09\\\/green-three-seas-initiative-for-youth\\\/\"},\"wordCount\":407,\"publisher\":{\"@id\":\"https:\\\/\\\/www.youthforequality.sk\\\/#organization\"},\"image\":{\"@id\":\"https:\\\/\\\/www.youthforequality.sk\\\/index.php\\\/2022\\\/05\\\/09\\\/green-three-seas-initiative-for-youth\\\/#primaryimage\"},\"thumbnailUrl\":\"https:\\\/\\\/www.youthforequality.sk\\\/wp-content\\\/uploads\\\/2022\\\/05\\\/Screen-Shot-2022-12-01-at-19.36.33.png\",\"articleSection\":[\"Predo\u0161l\u00e9 Strategick\u00e9 partnerstv\u00e1\"],\"inLanguage\":\"sk-SK\"},{\"@type\":\"WebPage\",\"@id\":\"https:\\\/\\\/www.youthforequality.sk\\\/index.php\\\/2022\\\/05\\\/09\\\/green-three-seas-initiative-for-youth\\\/\",\"url\":\"https:\\\/\\\/www.youthforequality.sk\\\/index.php\\\/2022\\\/05\\\/09\\\/green-three-seas-initiative-for-youth\\\/\",\"name\":\"Green three seas initiative for youth |\",\"isPartOf\":{\"@id\":\"https:\\\/\\\/www.youthforequality.sk\\\/#website\"},\"primaryImageOfPage\":{\"@id\":\"https:\\\/\\\/www.youthforequality.sk\\\/index.php\\\/2022\\\/05\\\/09\\\/green-three-seas-initiative-for-youth\\\/#primaryimage\"},\"image\":{\"@id\":\"https:\\\/\\\/www.youthforequality.sk\\\/index.php\\\/2022\\\/05\\\/09\\\/green-three-seas-initiative-for-youth\\\/#primaryimage\"},\"thumbnailUrl\":\"https:\\\/\\\/www.youthforequality.sk\\\/wp-content\\\/uploads\\\/2022\\\/05\\\/Screen-Shot-2022-12-01-at-19.36.33.png\",\"datePublished\":\"2022-05-09T17:10:08+00:00\",\"dateModified\":\"2025-11-06T08:49:28+00:00\",\"breadcrumb\":{\"@id\":\"https:\\\/\\\/www.youthforequality.sk\\\/index.php\\\/2022\\\/05\\\/09\\\/green-three-seas-initiative-for-youth\\\/#breadcrumb\"},\"inLanguage\":\"sk-SK\",\"potentialAction\":[{\"@type\":\"ReadAction\",\"target\":[\"https:\\\/\\\/www.youthforequality.sk\\\/index.php\\\/2022\\\/05\\\/09\\\/green-three-seas-initiative-for-youth\\\/\"]}]},{\"@type\":\"ImageObject\",\"inLanguage\":\"sk-SK\",\"@id\":\"https:\\\/\\\/www.youthforequality.sk\\\/index.php\\\/2022\\\/05\\\/09\\\/green-three-seas-initiative-for-youth\\\/#primaryimage\",\"url\":\"https:\\\/\\\/www.youthforequality.sk\\\/wp-content\\\/uploads\\\/2022\\\/05\\\/Screen-Shot-2022-12-01-at-19.36.33.png\",\"contentUrl\":\"https:\\\/\\\/www.youthforequality.sk\\\/wp-content\\\/uploads\\\/2022\\\/05\\\/Screen-Shot-2022-12-01-at-19.36.33.png\",\"width\":662,\"height\":714},{\"@type\":\"BreadcrumbList\",\"@id\":\"https:\\\/\\\/www.youthforequality.sk\\\/index.php\\\/2022\\\/05\\\/09\\\/green-three-seas-initiative-for-youth\\\/#breadcrumb\",\"itemListElement\":[{\"@type\":\"ListItem\",\"position\":1,\"name\":\"Home\",\"item\":\"https:\\\/\\\/www.youthforequality.sk\\\/\"},{\"@type\":\"ListItem\",\"position\":2,\"name\":\"Green three seas initiative for youth\"}]},{\"@type\":\"WebSite\",\"@id\":\"https:\\\/\\\/www.youthforequality.sk\\\/#website\",\"url\":\"https:\\\/\\\/www.youthforequality.sk\\\/\",\"name\":\"\",\"description\":\"\",\"publisher\":{\"@id\":\"https:\\\/\\\/www.youthforequality.sk\\\/#organization\"},\"potentialAction\":[{\"@type\":\"SearchAction\",\"target\":{\"@type\":\"EntryPoint\",\"urlTemplate\":\"https:\\\/\\\/www.youthforequality.sk\\\/?s={search_term_string}\"},\"query-input\":{\"@type\":\"PropertyValueSpecification\",\"valueRequired\":true,\"valueName\":\"search_term_string\"}}],\"inLanguage\":\"sk-SK\"},{\"@type\":\"Organization\",\"@id\":\"https:\\\/\\\/www.youthforequality.sk\\\/#organization\",\"name\":\"Youth for Equality\",\"url\":\"https:\\\/\\\/www.youthforequality.sk\\\/\",\"logo\":{\"@type\":\"ImageObject\",\"inLanguage\":\"sk-SK\",\"@id\":\"https:\\\/\\\/www.youthforequality.sk\\\/#\\\/schema\\\/logo\\\/image\\\/\",\"url\":\"https:\\\/\\\/www.youthforequality.sk\\\/wp-content\\\/uploads\\\/2021\\\/01\\\/vynovene-logo-nove-farby_modra-na-web.png\",\"contentUrl\":\"https:\\\/\\\/www.youthforequality.sk\\\/wp-content\\\/uploads\\\/2021\\\/01\\\/vynovene-logo-nove-farby_modra-na-web.png\",\"width\":1,\"height\":1,\"caption\":\"Youth for Equality\"},\"image\":{\"@id\":\"https:\\\/\\\/www.youthforequality.sk\\\/#\\\/schema\\\/logo\\\/image\\\/\"},\"sameAs\":[\"https:\\\/\\\/www.facebook.com\\\/yeslovakia\"]},{\"@type\":\"Person\",\"@id\":\"https:\\\/\\\/www.youthforequality.sk\\\/#\\\/schema\\\/person\\\/41e987664144336433c641d34b270d1b\",\"name\":\"wiki\",\"image\":{\"@type\":\"ImageObject\",\"inLanguage\":\"sk-SK\",\"@id\":\"https:\\\/\\\/secure.gravatar.com\\\/avatar\\\/57cac84b94061d1af6548f41cd07cbee960ab67f3b80825c4b192af947aa3c0f?s=96&d=mm&r=g\",\"url\":\"https:\\\/\\\/secure.gravatar.com\\\/avatar\\\/57cac84b94061d1af6548f41cd07cbee960ab67f3b80825c4b192af947aa3c0f?s=96&d=mm&r=g\",\"contentUrl\":\"https:\\\/\\\/secure.gravatar.com\\\/avatar\\\/57cac84b94061d1af6548f41cd07cbee960ab67f3b80825c4b192af947aa3c0f?s=96&d=mm&r=g\",\"caption\":\"wiki\"},\"url\":\"https:\\\/\\\/www.youthforequality.sk\\\/index.php\\\/author\\\/janbor\\\/\"}]}<\/script>\n<!-- \/ Yoast SEO plugin. -->","yoast_head_json":{"title":"Green three seas initiative for youth |","robots":{"index":"index","follow":"follow","max-snippet":"max-snippet:-1","max-image-preview":"max-image-preview:large","max-video-preview":"max-video-preview:-1"},"canonical":"https:\/\/www.youthforequality.sk\/index.php\/2022\/05\/09\/green-three-seas-initiative-for-youth\/","og_locale":"sk_SK","og_type":"article","og_title":"Green three seas initiative for youth |","og_description":"Spolupr\u00e1ca s cie\u013eom vybudovania partnerstiev ml\u00e1de\u017en\u00edckych organiz\u00e1ci\u00ed a in\u0161tit\u00faci\u00ed, ktor\u00e9 maj\u00fa aktivity na zlep\u0161enie klimatickej kr\u00edzy prostredn\u00edctvom disemina\u010dn\u00fdch podujat\u00ed a soci\u00e1lnej kampane. Iniciat\u00edva m\u00e1 za \u00falohu prostredn\u00edctvom propaga\u010dn\u00fdch podujat\u00ed, soci\u00e1lnych kampan\u00ed a vzdel\u00e1vac\u00edch semin\u00e1rov budova\u0165 partnerstv\u00e1 a zlep\u0161ova\u0165 zru\u010dnosti mlad\u00fdch \u013eud\u00ed pre bud\u00faci trh s ekologick\u00fdmi pracovn\u00fdmi miestami. Projekt \u201eGreen Three Seas Initiative for Youth\u201c&hellip;&nbsp;\u010c\u00edta\u0165 viac &raquo;Green three seas initiative for youth","og_url":"https:\/\/www.youthforequality.sk\/index.php\/2022\/05\/09\/green-three-seas-initiative-for-youth\/","article_publisher":"https:\/\/www.facebook.com\/yeslovakia","article_published_time":"2022-05-09T17:10:08+00:00","article_modified_time":"2025-11-06T08:49:28+00:00","og_image":[{"width":662,"height":714,"url":"https:\/\/www.youthforequality.sk\/wp-content\/uploads\/2022\/05\/Screen-Shot-2022-12-01-at-19.36.33.png","type":"image\/png"}],"author":"wiki","twitter_card":"summary_large_image","twitter_misc":{"Autor":"wiki","Predpokladan\u00fd \u010das \u010d\u00edtania":"3 min\u00faty"},"schema":{"@context":"https:\/\/schema.org","@graph":[{"@type":"Article","@id":"https:\/\/www.youthforequality.sk\/index.php\/2022\/05\/09\/green-three-seas-initiative-for-youth\/#article","isPartOf":{"@id":"https:\/\/www.youthforequality.sk\/index.php\/2022\/05\/09\/green-three-seas-initiative-for-youth\/"},"author":{"name":"wiki","@id":"https:\/\/www.youthforequality.sk\/#\/schema\/person\/41e987664144336433c641d34b270d1b"},"headline":"Green three seas initiative for youth","datePublished":"2022-05-09T17:10:08+00:00","dateModified":"2025-11-06T08:49:28+00:00","mainEntityOfPage":{"@id":"https:\/\/www.youthforequality.sk\/index.php\/2022\/05\/09\/green-three-seas-initiative-for-youth\/"},"wordCount":407,"publisher":{"@id":"https:\/\/www.youthforequality.sk\/#organization"},"image":{"@id":"https:\/\/www.youthforequality.sk\/index.php\/2022\/05\/09\/green-three-seas-initiative-for-youth\/#primaryimage"},"thumbnailUrl":"https:\/\/www.youthforequality.sk\/wp-content\/uploads\/2022\/05\/Screen-Shot-2022-12-01-at-19.36.33.png","articleSection":["Predo\u0161l\u00e9 Strategick\u00e9 partnerstv\u00e1"],"inLanguage":"sk-SK"},{"@type":"WebPage","@id":"https:\/\/www.youthforequality.sk\/index.php\/2022\/05\/09\/green-three-seas-initiative-for-youth\/","url":"https:\/\/www.youthforequality.sk\/index.php\/2022\/05\/09\/green-three-seas-initiative-for-youth\/","name":"Green three seas initiative for youth |","isPartOf":{"@id":"https:\/\/www.youthforequality.sk\/#website"},"primaryImageOfPage":{"@id":"https:\/\/www.youthforequality.sk\/index.php\/2022\/05\/09\/green-three-seas-initiative-for-youth\/#primaryimage"},"image":{"@id":"https:\/\/www.youthforequality.sk\/index.php\/2022\/05\/09\/green-three-seas-initiative-for-youth\/#primaryimage"},"thumbnailUrl":"https:\/\/www.youthforequality.sk\/wp-content\/uploads\/2022\/05\/Screen-Shot-2022-12-01-at-19.36.33.png","datePublished":"2022-05-09T17:10:08+00:00","dateModified":"2025-11-06T08:49:28+00:00","breadcrumb":{"@id":"https:\/\/www.youthforequality.sk\/index.php\/2022\/05\/09\/green-three-seas-initiative-for-youth\/#breadcrumb"},"inLanguage":"sk-SK","potentialAction":[{"@type":"ReadAction","target":["https:\/\/www.youthforequality.sk\/index.php\/2022\/05\/09\/green-three-seas-initiative-for-youth\/"]}]},{"@type":"ImageObject","inLanguage":"sk-SK","@id":"https:\/\/www.youthforequality.sk\/index.php\/2022\/05\/09\/green-three-seas-initiative-for-youth\/#primaryimage","url":"https:\/\/www.youthforequality.sk\/wp-content\/uploads\/2022\/05\/Screen-Shot-2022-12-01-at-19.36.33.png","contentUrl":"https:\/\/www.youthforequality.sk\/wp-content\/uploads\/2022\/05\/Screen-Shot-2022-12-01-at-19.36.33.png","width":662,"height":714},{"@type":"BreadcrumbList","@id":"https:\/\/www.youthforequality.sk\/index.php\/2022\/05\/09\/green-three-seas-initiative-for-youth\/#breadcrumb","itemListElement":[{"@type":"ListItem","position":1,"name":"Home","item":"https:\/\/www.youthforequality.sk\/"},{"@type":"ListItem","position":2,"name":"Green three seas initiative for youth"}]},{"@type":"WebSite","@id":"https:\/\/www.youthforequality.sk\/#website","url":"https:\/\/www.youthforequality.sk\/","name":"","description":"","publisher":{"@id":"https:\/\/www.youthforequality.sk\/#organization"},"potentialAction":[{"@type":"SearchAction","target":{"@type":"EntryPoint","urlTemplate":"https:\/\/www.youthforequality.sk\/?s={search_term_string}"},"query-input":{"@type":"PropertyValueSpecification","valueRequired":true,"valueName":"search_term_string"}}],"inLanguage":"sk-SK"},{"@type":"Organization","@id":"https:\/\/www.youthforequality.sk\/#organization","name":"Youth for Equality","url":"https:\/\/www.youthforequality.sk\/","logo":{"@type":"ImageObject","inLanguage":"sk-SK","@id":"https:\/\/www.youthforequality.sk\/#\/schema\/logo\/image\/","url":"https:\/\/www.youthforequality.sk\/wp-content\/uploads\/2021\/01\/vynovene-logo-nove-farby_modra-na-web.png","contentUrl":"https:\/\/www.youthforequality.sk\/wp-content\/uploads\/2021\/01\/vynovene-logo-nove-farby_modra-na-web.png","width":1,"height":1,"caption":"Youth for Equality"},"image":{"@id":"https:\/\/www.youthforequality.sk\/#\/schema\/logo\/image\/"},"sameAs":["https:\/\/www.facebook.com\/yeslovakia"]},{"@type":"Person","@id":"https:\/\/www.youthforequality.sk\/#\/schema\/person\/41e987664144336433c641d34b270d1b","name":"wiki","image":{"@type":"ImageObject","inLanguage":"sk-SK","@id":"https:\/\/secure.gravatar.com\/avatar\/57cac84b94061d1af6548f41cd07cbee960ab67f3b80825c4b192af947aa3c0f?s=96&d=mm&r=g","url":"https:\/\/secure.gravatar.com\/avatar\/57cac84b94061d1af6548f41cd07cbee960ab67f3b80825c4b192af947aa3c0f?s=96&d=mm&r=g","contentUrl":"https:\/\/secure.gravatar.com\/avatar\/57cac84b94061d1af6548f41cd07cbee960ab67f3b80825c4b192af947aa3c0f?s=96&d=mm&r=g","caption":"wiki"},"url":"https:\/\/www.youthforequality.sk\/index.php\/author\/janbor\/"}]}},"_links":{"self":[{"href":"https:\/\/www.youthforequality.sk\/index.php\/wp-json\/wp\/v2\/posts\/4075","targetHints":{"allow":["GET"]}}],"collection":[{"href":"https:\/\/www.youthforequality.sk\/index.php\/wp-json\/wp\/v2\/posts"}],"about":[{"href":"https:\/\/www.youthforequality.sk\/index.php\/wp-json\/wp\/v2\/types\/post"}],"author":[{"embeddable":true,"href":"https:\/\/www.youthforequality.sk\/index.php\/wp-json\/wp\/v2\/users\/6"}],"replies":[{"embeddable":true,"href":"https:\/\/www.youthforequality.sk\/index.php\/wp-json\/wp\/v2\/comments?post=4075"}],"version-history":[{"count":26,"href":"https:\/\/www.youthforequality.sk\/index.php\/wp-json\/wp\/v2\/posts\/4075\/revisions"}],"predecessor-version":[{"id":6544,"href":"https:\/\/www.youthforequality.sk\/index.php\/wp-json\/wp\/v2\/posts\/4075\/revisions\/6544"}],"wp:featuredmedia":[{"embeddable":true,"href":"https:\/\/www.youthforequality.sk\/index.php\/wp-json\/wp\/v2\/media\/4509"}],"wp:attachment":[{"href":"https:\/\/www.youthforequality.sk\/index.php\/wp-json\/wp\/v2\/media?parent=4075"}],"wp:term":[{"taxonomy":"category","embeddable":true,"href":"https:\/\/www.youthforequality.sk\/index.php\/wp-json\/wp\/v2\/categories?post=4075"},{"taxonomy":"post_tag","embeddable":true,"href":"https:\/\/www.youthforequality.sk\/index.php\/wp-json\/wp\/v2\/tags?post=4075"}],"curies":[{"name":"wp","href":"https:\/\/api.w.org\/{rel}","templated":true}]}}