{"id":4099,"date":"2022-06-02T15:48:09","date_gmt":"2022-06-02T13:48:09","guid":{"rendered":"https:\/\/www.youthforequality.sk\/?p=4099"},"modified":"2022-06-02T15:51:31","modified_gmt":"2022-06-02T13:51:31","slug":"rights-are-4-all","status":"publish","type":"post","link":"https:\/\/www.youthforequality.sk\/index.php\/2022\/06\/02\/rights-are-4-all\/","title":{"rendered":"Rights are 4 ALL"},"content":{"rendered":"\t\t<div data-elementor-type=\"wp-post\" data-elementor-id=\"4099\" class=\"elementor elementor-4099\">\n\t\t\t\t\t\t<section class=\"elementor-section elementor-top-section elementor-element elementor-element-7566f2c elementor-section-boxed elementor-section-height-default elementor-section-height-default\" data-id=\"7566f2c\" data-element_type=\"section\" data-e-type=\"section\">\n\t\t\t\t\t\t<div class=\"elementor-container elementor-column-gap-default\">\n\t\t\t\t\t<div class=\"elementor-column elementor-col-100 elementor-top-column elementor-element elementor-element-ad324aa\" data-id=\"ad324aa\" data-element_type=\"column\" data-e-type=\"column\">\n\t\t\t<div class=\"elementor-widget-wrap elementor-element-populated\">\n\t\t\t\t\t\t<div class=\"elementor-element elementor-element-221873f elementor-widget elementor-widget-text-editor\" data-id=\"221873f\" data-element_type=\"widget\" data-e-type=\"widget\" data-widget_type=\"text-editor.default\">\n\t\t\t\t<div class=\"elementor-widget-container\">\n\t\t\t\t\t\t\t\t\t<p>Na tr\u00e9ningovom kurze Rights are 4 ALL konaj\u00facom sa v m\u00e1ji v andal\u00fazskom meste\u010dku Benalm\u00e1dena sme mali mo\u017enos\u0165 sa stretn\u00fa\u0165 s rovesn\u00edkmi zo 7 eur\u00f3pskych kraj\u00edn.<\/p><p>\u00a0<\/p><p>Po\u010das 7 dn\u00ed sme sa prostredn\u00edctvom aktiv\u00edt mohli neform\u00e1lne vzdel\u00e1va\u0165 o tom, ako sa m\u00f4\u017eeme akt\u00edvne podie\u013ea\u0165 na na\u0161ej spolo\u010dnosti v s\u00favislosti s problematikou \u013eudsk\u00fdch pr\u00e1v men\u0161\u00edn. Vymenili sme si mno\u017estvo poznatkov a dozvedeli sa o tom, \u010do n\u00e1s v na\u0161ich krajin\u00e1ch tr\u00e1pi, pri\u010dom sme \u010dasto mali spolo\u010dn\u00e9 probl\u00e9my.<\/p><p>\u00a0<\/p><p>\u00a0<\/p><p>Okrem in\u00e9ho sme mali mo\u017enos\u0165 spozn\u00e1va\u0165 okolie pr\u00edmorskej Benalm\u00e1deny. 7 jarn\u00fdch dn\u00ed v \u0160panielsku ubehlo ako voda a okrem praktick\u00e9ho vzdelania do \u017eivota sme si odniesli mno\u017estvo nezabudnute\u013en\u00fdch z\u00e1\u017eitkov a kamar\u00e1tstiev.<\/p><p>\u00a0<\/p><p>Kuki<\/p>\t\t\t\t\t\t\t\t<\/div>\n\t\t\t\t<\/div>\n\t\t\t\t\t<\/div>\n\t\t<\/div>\n\t\t\t\t\t<\/div>\n\t\t<\/section>\n\t\t\t\t<section class=\"elementor-section elementor-top-section elementor-element elementor-element-41e7f53 elementor-section-boxed elementor-section-height-default elementor-section-height-default\" data-id=\"41e7f53\" data-element_type=\"section\" data-e-type=\"section\">\n\t\t\t\t\t\t<div class=\"elementor-container elementor-column-gap-default\">\n\t\t\t\t\t<div class=\"elementor-column elementor-col-100 elementor-top-column elementor-element elementor-element-1a15ff4\" data-id=\"1a15ff4\" data-element_type=\"column\" data-e-type=\"column\">\n\t\t\t<div class=\"elementor-widget-wrap elementor-element-populated\">\n\t\t\t\t\t\t<div class=\"elementor-element elementor-element-2a7606e elementor-widget elementor-widget-image\" data-id=\"2a7606e\" data-element_type=\"widget\" data-e-type=\"widget\" data-widget_type=\"image.default\">\n\t\t\t\t<div class=\"elementor-widget-container\">\n\t\t\t\t\t\t\t\t\t\t\t\t\t\t\t<img fetchpriority=\"high\" decoding=\"async\" width=\"768\" height=\"1024\" src=\"https:\/\/www.youthforequality.sk\/wp-content\/uploads\/2022\/06\/IMG-7284-768x1024.jpg\" class=\"attachment-large size-large wp-image-4102\" alt=\"\" srcset=\"https:\/\/www.youthforequality.sk\/wp-content\/uploads\/2022\/06\/IMG-7284-768x1024.jpg 768w, https:\/\/www.youthforequality.sk\/wp-content\/uploads\/2022\/06\/IMG-7284-225x300.jpg 225w, https:\/\/www.youthforequality.sk\/wp-content\/uploads\/2022\/06\/IMG-7284-1152x1536.jpg 1152w, https:\/\/www.youthforequality.sk\/wp-content\/uploads\/2022\/06\/IMG-7284-1536x2048.jpg 1536w, https:\/\/www.youthforequality.sk\/wp-content\/uploads\/2022\/06\/IMG-7284-scaled.jpg 1920w\" sizes=\"(max-width: 768px) 100vw, 768px\" \/>\t\t\t\t\t\t\t\t\t\t\t\t\t\t\t<\/div>\n\t\t\t\t<\/div>\n\t\t\t\t\t<\/div>\n\t\t<\/div>\n\t\t\t\t\t<\/div>\n\t\t<\/section>\n\t\t\t\t<\/div>\n\t\t","protected":false},"excerpt":{"rendered":"<p>Na tr\u00e9ningovom kurze Rights are 4 ALL konaj\u00facom sa v m\u00e1ji v andal\u00fazskom meste\u010dku Benalm\u00e1dena sme mali mo\u017enos\u0165 sa stretn\u00fa\u0165 s rovesn\u00edkmi zo 7 eur\u00f3pskych kraj\u00edn. Po\u010das 7 dn\u00ed sme sa prostredn\u00edctvom aktiv\u00edt mohli neform\u00e1lne vzdel\u00e1va\u0165 o tom, ako sa m\u00f4\u017eeme akt\u00edvne podie\u013ea\u0165 na na\u0161ej spolo\u010dnosti v s\u00favislosti s problematikou \u013eudsk\u00fdch pr\u00e1v men\u0161\u00edn. Vymenili sme&hellip;&nbsp;<a href=\"https:\/\/www.youthforequality.sk\/index.php\/2022\/06\/02\/rights-are-4-all\/\" class=\"\" rel=\"bookmark\">\u010c\u00edta\u0165 viac &raquo;<span class=\"screen-reader-text\">Rights are 4 ALL<\/span><\/a><\/p>\n","protected":false},"author":6,"featured_media":4101,"comment_status":"closed","ping_status":"open","sticky":false,"template":"","format":"standard","meta":{"_uf_show_specific_survey":0,"_uf_disable_surveys":false,"neve_meta_sidebar":"","neve_meta_container":"","neve_meta_enable_content_width":"","neve_meta_content_width":0,"neve_meta_title_alignment":"","neve_meta_author_avatar":"","neve_post_elements_order":"","neve_meta_disable_header":"","neve_meta_disable_footer":"","neve_meta_disable_title":"","_themeisle_gutenberg_block_has_review":false,"footnotes":""},"categories":[3],"tags":[],"class_list":["post-4099","post","type-post","status-publish","format-standard","has-post-thumbnail","hentry","category-blog"],"yoast_head":"<!-- This site is optimized with the Yoast SEO plugin v27.4 - https:\/\/yoast.com\/product\/yoast-seo-wordpress\/ -->\n<title>Rights are 4 ALL |<\/title>\n<meta name=\"robots\" content=\"index, follow, max-snippet:-1, max-image-preview:large, max-video-preview:-1\" \/>\n<link rel=\"canonical\" href=\"https:\/\/www.youthforequality.sk\/index.php\/2022\/06\/02\/rights-are-4-all\/\" \/>\n<meta property=\"og:locale\" content=\"sk_SK\" \/>\n<meta property=\"og:type\" content=\"article\" \/>\n<meta property=\"og:title\" content=\"Rights are 4 ALL |\" \/>\n<meta property=\"og:description\" content=\"Na tr\u00e9ningovom kurze Rights are 4 ALL konaj\u00facom sa v m\u00e1ji v andal\u00fazskom meste\u010dku Benalm\u00e1dena sme mali mo\u017enos\u0165 sa stretn\u00fa\u0165 s rovesn\u00edkmi zo 7 eur\u00f3pskych kraj\u00edn. Po\u010das 7 dn\u00ed sme sa prostredn\u00edctvom aktiv\u00edt mohli neform\u00e1lne vzdel\u00e1va\u0165 o tom, ako sa m\u00f4\u017eeme akt\u00edvne podie\u013ea\u0165 na na\u0161ej spolo\u010dnosti v s\u00favislosti s problematikou \u013eudsk\u00fdch pr\u00e1v men\u0161\u00edn. Vymenili sme&hellip;&nbsp;\u010c\u00edta\u0165 viac &raquo;Rights are 4 ALL\" \/>\n<meta property=\"og:url\" content=\"https:\/\/www.youthforequality.sk\/index.php\/2022\/06\/02\/rights-are-4-all\/\" \/>\n<meta property=\"article:publisher\" content=\"https:\/\/www.facebook.com\/yeslovakia\" \/>\n<meta property=\"article:published_time\" content=\"2022-06-02T13:48:09+00:00\" \/>\n<meta property=\"article:modified_time\" content=\"2022-06-02T13:51:31+00:00\" \/>\n<meta property=\"og:image\" content=\"https:\/\/www.youthforequality.sk\/wp-content\/uploads\/2022\/06\/853e029f-fbd8-403a-89c2-eed369ce4312.jpg\" \/>\n\t<meta property=\"og:image:width\" content=\"1600\" \/>\n\t<meta property=\"og:image:height\" content=\"1200\" \/>\n\t<meta property=\"og:image:type\" content=\"image\/jpeg\" \/>\n<meta name=\"author\" content=\"wiki\" \/>\n<meta name=\"twitter:card\" content=\"summary_large_image\" \/>\n<meta name=\"twitter:label1\" content=\"Autor\" \/>\n\t<meta name=\"twitter:data1\" content=\"wiki\" \/>\n\t<meta name=\"twitter:label2\" content=\"Predpokladan\u00fd \u010das \u010d\u00edtania\" \/>\n\t<meta name=\"twitter:data2\" content=\"1 min\u00fata\" \/>\n<script type=\"application\/ld+json\" class=\"yoast-schema-graph\">{\"@context\":\"https:\\\/\\\/schema.org\",\"@graph\":[{\"@type\":\"Article\",\"@id\":\"https:\\\/\\\/www.youthforequality.sk\\\/index.php\\\/2022\\\/06\\\/02\\\/rights-are-4-all\\\/#article\",\"isPartOf\":{\"@id\":\"https:\\\/\\\/www.youthforequality.sk\\\/index.php\\\/2022\\\/06\\\/02\\\/rights-are-4-all\\\/\"},\"author\":{\"name\":\"wiki\",\"@id\":\"https:\\\/\\\/www.youthforequality.sk\\\/#\\\/schema\\\/person\\\/41e987664144336433c641d34b270d1b\"},\"headline\":\"Rights are 4 ALL\",\"datePublished\":\"2022-06-02T13:48:09+00:00\",\"dateModified\":\"2022-06-02T13:51:31+00:00\",\"mainEntityOfPage\":{\"@id\":\"https:\\\/\\\/www.youthforequality.sk\\\/index.php\\\/2022\\\/06\\\/02\\\/rights-are-4-all\\\/\"},\"wordCount\":150,\"publisher\":{\"@id\":\"https:\\\/\\\/www.youthforequality.sk\\\/#organization\"},\"image\":{\"@id\":\"https:\\\/\\\/www.youthforequality.sk\\\/index.php\\\/2022\\\/06\\\/02\\\/rights-are-4-all\\\/#primaryimage\"},\"thumbnailUrl\":\"https:\\\/\\\/www.youthforequality.sk\\\/wp-content\\\/uploads\\\/2022\\\/06\\\/853e029f-fbd8-403a-89c2-eed369ce4312.jpg\",\"articleSection\":[\"Blog\"],\"inLanguage\":\"sk-SK\"},{\"@type\":\"WebPage\",\"@id\":\"https:\\\/\\\/www.youthforequality.sk\\\/index.php\\\/2022\\\/06\\\/02\\\/rights-are-4-all\\\/\",\"url\":\"https:\\\/\\\/www.youthforequality.sk\\\/index.php\\\/2022\\\/06\\\/02\\\/rights-are-4-all\\\/\",\"name\":\"Rights are 4 ALL |\",\"isPartOf\":{\"@id\":\"https:\\\/\\\/www.youthforequality.sk\\\/#website\"},\"primaryImageOfPage\":{\"@id\":\"https:\\\/\\\/www.youthforequality.sk\\\/index.php\\\/2022\\\/06\\\/02\\\/rights-are-4-all\\\/#primaryimage\"},\"image\":{\"@id\":\"https:\\\/\\\/www.youthforequality.sk\\\/index.php\\\/2022\\\/06\\\/02\\\/rights-are-4-all\\\/#primaryimage\"},\"thumbnailUrl\":\"https:\\\/\\\/www.youthforequality.sk\\\/wp-content\\\/uploads\\\/2022\\\/06\\\/853e029f-fbd8-403a-89c2-eed369ce4312.jpg\",\"datePublished\":\"2022-06-02T13:48:09+00:00\",\"dateModified\":\"2022-06-02T13:51:31+00:00\",\"breadcrumb\":{\"@id\":\"https:\\\/\\\/www.youthforequality.sk\\\/index.php\\\/2022\\\/06\\\/02\\\/rights-are-4-all\\\/#breadcrumb\"},\"inLanguage\":\"sk-SK\",\"potentialAction\":[{\"@type\":\"ReadAction\",\"target\":[\"https:\\\/\\\/www.youthforequality.sk\\\/index.php\\\/2022\\\/06\\\/02\\\/rights-are-4-all\\\/\"]}]},{\"@type\":\"ImageObject\",\"inLanguage\":\"sk-SK\",\"@id\":\"https:\\\/\\\/www.youthforequality.sk\\\/index.php\\\/2022\\\/06\\\/02\\\/rights-are-4-all\\\/#primaryimage\",\"url\":\"https:\\\/\\\/www.youthforequality.sk\\\/wp-content\\\/uploads\\\/2022\\\/06\\\/853e029f-fbd8-403a-89c2-eed369ce4312.jpg\",\"contentUrl\":\"https:\\\/\\\/www.youthforequality.sk\\\/wp-content\\\/uploads\\\/2022\\\/06\\\/853e029f-fbd8-403a-89c2-eed369ce4312.jpg\",\"width\":1600,\"height\":1200},{\"@type\":\"BreadcrumbList\",\"@id\":\"https:\\\/\\\/www.youthforequality.sk\\\/index.php\\\/2022\\\/06\\\/02\\\/rights-are-4-all\\\/#breadcrumb\",\"itemListElement\":[{\"@type\":\"ListItem\",\"position\":1,\"name\":\"Home\",\"item\":\"https:\\\/\\\/www.youthforequality.sk\\\/\"},{\"@type\":\"ListItem\",\"position\":2,\"name\":\"Rights are 4 ALL\"}]},{\"@type\":\"WebSite\",\"@id\":\"https:\\\/\\\/www.youthforequality.sk\\\/#website\",\"url\":\"https:\\\/\\\/www.youthforequality.sk\\\/\",\"name\":\"\",\"description\":\"\",\"publisher\":{\"@id\":\"https:\\\/\\\/www.youthforequality.sk\\\/#organization\"},\"potentialAction\":[{\"@type\":\"SearchAction\",\"target\":{\"@type\":\"EntryPoint\",\"urlTemplate\":\"https:\\\/\\\/www.youthforequality.sk\\\/?s={search_term_string}\"},\"query-input\":{\"@type\":\"PropertyValueSpecification\",\"valueRequired\":true,\"valueName\":\"search_term_string\"}}],\"inLanguage\":\"sk-SK\"},{\"@type\":\"Organization\",\"@id\":\"https:\\\/\\\/www.youthforequality.sk\\\/#organization\",\"name\":\"Youth for Equality\",\"url\":\"https:\\\/\\\/www.youthforequality.sk\\\/\",\"logo\":{\"@type\":\"ImageObject\",\"inLanguage\":\"sk-SK\",\"@id\":\"https:\\\/\\\/www.youthforequality.sk\\\/#\\\/schema\\\/logo\\\/image\\\/\",\"url\":\"https:\\\/\\\/www.youthforequality.sk\\\/wp-content\\\/uploads\\\/2021\\\/01\\\/vynovene-logo-nove-farby_modra-na-web.png\",\"contentUrl\":\"https:\\\/\\\/www.youthforequality.sk\\\/wp-content\\\/uploads\\\/2021\\\/01\\\/vynovene-logo-nove-farby_modra-na-web.png\",\"width\":1,\"height\":1,\"caption\":\"Youth for Equality\"},\"image\":{\"@id\":\"https:\\\/\\\/www.youthforequality.sk\\\/#\\\/schema\\\/logo\\\/image\\\/\"},\"sameAs\":[\"https:\\\/\\\/www.facebook.com\\\/yeslovakia\"]},{\"@type\":\"Person\",\"@id\":\"https:\\\/\\\/www.youthforequality.sk\\\/#\\\/schema\\\/person\\\/41e987664144336433c641d34b270d1b\",\"name\":\"wiki\",\"image\":{\"@type\":\"ImageObject\",\"inLanguage\":\"sk-SK\",\"@id\":\"https:\\\/\\\/secure.gravatar.com\\\/avatar\\\/57cac84b94061d1af6548f41cd07cbee960ab67f3b80825c4b192af947aa3c0f?s=96&d=mm&r=g\",\"url\":\"https:\\\/\\\/secure.gravatar.com\\\/avatar\\\/57cac84b94061d1af6548f41cd07cbee960ab67f3b80825c4b192af947aa3c0f?s=96&d=mm&r=g\",\"contentUrl\":\"https:\\\/\\\/secure.gravatar.com\\\/avatar\\\/57cac84b94061d1af6548f41cd07cbee960ab67f3b80825c4b192af947aa3c0f?s=96&d=mm&r=g\",\"caption\":\"wiki\"},\"url\":\"https:\\\/\\\/www.youthforequality.sk\\\/index.php\\\/author\\\/janbor\\\/\"}]}<\/script>\n<!-- \/ Yoast SEO plugin. -->","yoast_head_json":{"title":"Rights are 4 ALL |","robots":{"index":"index","follow":"follow","max-snippet":"max-snippet:-1","max-image-preview":"max-image-preview:large","max-video-preview":"max-video-preview:-1"},"canonical":"https:\/\/www.youthforequality.sk\/index.php\/2022\/06\/02\/rights-are-4-all\/","og_locale":"sk_SK","og_type":"article","og_title":"Rights are 4 ALL |","og_description":"Na tr\u00e9ningovom kurze Rights are 4 ALL konaj\u00facom sa v m\u00e1ji v andal\u00fazskom meste\u010dku Benalm\u00e1dena sme mali mo\u017enos\u0165 sa stretn\u00fa\u0165 s rovesn\u00edkmi zo 7 eur\u00f3pskych kraj\u00edn. Po\u010das 7 dn\u00ed sme sa prostredn\u00edctvom aktiv\u00edt mohli neform\u00e1lne vzdel\u00e1va\u0165 o tom, ako sa m\u00f4\u017eeme akt\u00edvne podie\u013ea\u0165 na na\u0161ej spolo\u010dnosti v s\u00favislosti s problematikou \u013eudsk\u00fdch pr\u00e1v men\u0161\u00edn. Vymenili sme&hellip;&nbsp;\u010c\u00edta\u0165 viac &raquo;Rights are 4 ALL","og_url":"https:\/\/www.youthforequality.sk\/index.php\/2022\/06\/02\/rights-are-4-all\/","article_publisher":"https:\/\/www.facebook.com\/yeslovakia","article_published_time":"2022-06-02T13:48:09+00:00","article_modified_time":"2022-06-02T13:51:31+00:00","og_image":[{"width":1600,"height":1200,"url":"https:\/\/www.youthforequality.sk\/wp-content\/uploads\/2022\/06\/853e029f-fbd8-403a-89c2-eed369ce4312.jpg","type":"image\/jpeg"}],"author":"wiki","twitter_card":"summary_large_image","twitter_misc":{"Autor":"wiki","Predpokladan\u00fd \u010das \u010d\u00edtania":"1 min\u00fata"},"schema":{"@context":"https:\/\/schema.org","@graph":[{"@type":"Article","@id":"https:\/\/www.youthforequality.sk\/index.php\/2022\/06\/02\/rights-are-4-all\/#article","isPartOf":{"@id":"https:\/\/www.youthforequality.sk\/index.php\/2022\/06\/02\/rights-are-4-all\/"},"author":{"name":"wiki","@id":"https:\/\/www.youthforequality.sk\/#\/schema\/person\/41e987664144336433c641d34b270d1b"},"headline":"Rights are 4 ALL","datePublished":"2022-06-02T13:48:09+00:00","dateModified":"2022-06-02T13:51:31+00:00","mainEntityOfPage":{"@id":"https:\/\/www.youthforequality.sk\/index.php\/2022\/06\/02\/rights-are-4-all\/"},"wordCount":150,"publisher":{"@id":"https:\/\/www.youthforequality.sk\/#organization"},"image":{"@id":"https:\/\/www.youthforequality.sk\/index.php\/2022\/06\/02\/rights-are-4-all\/#primaryimage"},"thumbnailUrl":"https:\/\/www.youthforequality.sk\/wp-content\/uploads\/2022\/06\/853e029f-fbd8-403a-89c2-eed369ce4312.jpg","articleSection":["Blog"],"inLanguage":"sk-SK"},{"@type":"WebPage","@id":"https:\/\/www.youthforequality.sk\/index.php\/2022\/06\/02\/rights-are-4-all\/","url":"https:\/\/www.youthforequality.sk\/index.php\/2022\/06\/02\/rights-are-4-all\/","name":"Rights are 4 ALL |","isPartOf":{"@id":"https:\/\/www.youthforequality.sk\/#website"},"primaryImageOfPage":{"@id":"https:\/\/www.youthforequality.sk\/index.php\/2022\/06\/02\/rights-are-4-all\/#primaryimage"},"image":{"@id":"https:\/\/www.youthforequality.sk\/index.php\/2022\/06\/02\/rights-are-4-all\/#primaryimage"},"thumbnailUrl":"https:\/\/www.youthforequality.sk\/wp-content\/uploads\/2022\/06\/853e029f-fbd8-403a-89c2-eed369ce4312.jpg","datePublished":"2022-06-02T13:48:09+00:00","dateModified":"2022-06-02T13:51:31+00:00","breadcrumb":{"@id":"https:\/\/www.youthforequality.sk\/index.php\/2022\/06\/02\/rights-are-4-all\/#breadcrumb"},"inLanguage":"sk-SK","potentialAction":[{"@type":"ReadAction","target":["https:\/\/www.youthforequality.sk\/index.php\/2022\/06\/02\/rights-are-4-all\/"]}]},{"@type":"ImageObject","inLanguage":"sk-SK","@id":"https:\/\/www.youthforequality.sk\/index.php\/2022\/06\/02\/rights-are-4-all\/#primaryimage","url":"https:\/\/www.youthforequality.sk\/wp-content\/uploads\/2022\/06\/853e029f-fbd8-403a-89c2-eed369ce4312.jpg","contentUrl":"https:\/\/www.youthforequality.sk\/wp-content\/uploads\/2022\/06\/853e029f-fbd8-403a-89c2-eed369ce4312.jpg","width":1600,"height":1200},{"@type":"BreadcrumbList","@id":"https:\/\/www.youthforequality.sk\/index.php\/2022\/06\/02\/rights-are-4-all\/#breadcrumb","itemListElement":[{"@type":"ListItem","position":1,"name":"Home","item":"https:\/\/www.youthforequality.sk\/"},{"@type":"ListItem","position":2,"name":"Rights are 4 ALL"}]},{"@type":"WebSite","@id":"https:\/\/www.youthforequality.sk\/#website","url":"https:\/\/www.youthforequality.sk\/","name":"","description":"","publisher":{"@id":"https:\/\/www.youthforequality.sk\/#organization"},"potentialAction":[{"@type":"SearchAction","target":{"@type":"EntryPoint","urlTemplate":"https:\/\/www.youthforequality.sk\/?s={search_term_string}"},"query-input":{"@type":"PropertyValueSpecification","valueRequired":true,"valueName":"search_term_string"}}],"inLanguage":"sk-SK"},{"@type":"Organization","@id":"https:\/\/www.youthforequality.sk\/#organization","name":"Youth for Equality","url":"https:\/\/www.youthforequality.sk\/","logo":{"@type":"ImageObject","inLanguage":"sk-SK","@id":"https:\/\/www.youthforequality.sk\/#\/schema\/logo\/image\/","url":"https:\/\/www.youthforequality.sk\/wp-content\/uploads\/2021\/01\/vynovene-logo-nove-farby_modra-na-web.png","contentUrl":"https:\/\/www.youthforequality.sk\/wp-content\/uploads\/2021\/01\/vynovene-logo-nove-farby_modra-na-web.png","width":1,"height":1,"caption":"Youth for Equality"},"image":{"@id":"https:\/\/www.youthforequality.sk\/#\/schema\/logo\/image\/"},"sameAs":["https:\/\/www.facebook.com\/yeslovakia"]},{"@type":"Person","@id":"https:\/\/www.youthforequality.sk\/#\/schema\/person\/41e987664144336433c641d34b270d1b","name":"wiki","image":{"@type":"ImageObject","inLanguage":"sk-SK","@id":"https:\/\/secure.gravatar.com\/avatar\/57cac84b94061d1af6548f41cd07cbee960ab67f3b80825c4b192af947aa3c0f?s=96&d=mm&r=g","url":"https:\/\/secure.gravatar.com\/avatar\/57cac84b94061d1af6548f41cd07cbee960ab67f3b80825c4b192af947aa3c0f?s=96&d=mm&r=g","contentUrl":"https:\/\/secure.gravatar.com\/avatar\/57cac84b94061d1af6548f41cd07cbee960ab67f3b80825c4b192af947aa3c0f?s=96&d=mm&r=g","caption":"wiki"},"url":"https:\/\/www.youthforequality.sk\/index.php\/author\/janbor\/"}]}},"_links":{"self":[{"href":"https:\/\/www.youthforequality.sk\/index.php\/wp-json\/wp\/v2\/posts\/4099","targetHints":{"allow":["GET"]}}],"collection":[{"href":"https:\/\/www.youthforequality.sk\/index.php\/wp-json\/wp\/v2\/posts"}],"about":[{"href":"https:\/\/www.youthforequality.sk\/index.php\/wp-json\/wp\/v2\/types\/post"}],"author":[{"embeddable":true,"href":"https:\/\/www.youthforequality.sk\/index.php\/wp-json\/wp\/v2\/users\/6"}],"replies":[{"embeddable":true,"href":"https:\/\/www.youthforequality.sk\/index.php\/wp-json\/wp\/v2\/comments?post=4099"}],"version-history":[{"count":5,"href":"https:\/\/www.youthforequality.sk\/index.php\/wp-json\/wp\/v2\/posts\/4099\/revisions"}],"predecessor-version":[{"id":4106,"href":"https:\/\/www.youthforequality.sk\/index.php\/wp-json\/wp\/v2\/posts\/4099\/revisions\/4106"}],"wp:featuredmedia":[{"embeddable":true,"href":"https:\/\/www.youthforequality.sk\/index.php\/wp-json\/wp\/v2\/media\/4101"}],"wp:attachment":[{"href":"https:\/\/www.youthforequality.sk\/index.php\/wp-json\/wp\/v2\/media?parent=4099"}],"wp:term":[{"taxonomy":"category","embeddable":true,"href":"https:\/\/www.youthforequality.sk\/index.php\/wp-json\/wp\/v2\/categories?post=4099"},{"taxonomy":"post_tag","embeddable":true,"href":"https:\/\/www.youthforequality.sk\/index.php\/wp-json\/wp\/v2\/tags?post=4099"}],"curies":[{"name":"wp","href":"https:\/\/api.w.org\/{rel}","templated":true}]}}