{"id":4220,"date":"2022-07-26T12:51:38","date_gmt":"2022-07-26T10:51:38","guid":{"rendered":"https:\/\/www.youthforequality.sk\/?p=4220"},"modified":"2022-07-26T12:58:19","modified_gmt":"2022-07-26T10:58:19","slug":"zazitky-z-mladeznickej-vymeny-east-meets-west-for-gender-equality","status":"publish","type":"post","link":"https:\/\/www.youthforequality.sk\/index.php\/2022\/07\/26\/zazitky-z-mladeznickej-vymeny-east-meets-west-for-gender-equality\/","title":{"rendered":"Z\u00e1\u017eitky z ml\u00e1de\u017en\u00edckej v\u00fdmeny &#8222;East meets west &#8211; for gender equality&#8220;"},"content":{"rendered":"\t\t<div data-elementor-type=\"wp-post\" data-elementor-id=\"4220\" class=\"elementor elementor-4220\">\n\t\t\t\t\t\t<section class=\"elementor-section elementor-top-section elementor-element elementor-element-02d1f2a elementor-section-boxed elementor-section-height-default elementor-section-height-default\" data-id=\"02d1f2a\" data-element_type=\"section\" data-e-type=\"section\">\n\t\t\t\t\t\t<div class=\"elementor-container elementor-column-gap-default\">\n\t\t\t\t\t<div class=\"elementor-column elementor-col-100 elementor-top-column elementor-element elementor-element-35142ac\" data-id=\"35142ac\" data-element_type=\"column\" data-e-type=\"column\">\n\t\t\t<div class=\"elementor-widget-wrap elementor-element-populated\">\n\t\t\t\t\t\t<div class=\"elementor-element elementor-element-597a46d elementor-widget elementor-widget-text-editor\" data-id=\"597a46d\" data-element_type=\"widget\" data-e-type=\"widget\" data-widget_type=\"text-editor.default\">\n\t\t\t\t<div class=\"elementor-widget-container\">\n\t\t\t\t\t\t\t\t\t<div class=\"kvgmc6g5 cxmmr5t8 oygrvhab hcukyx3x c1et5uql ii04i59q\"><div dir=\"auto\">Jeden z najspont\u00e1nnej\u0161\u00edch projektov, ktor\u00e9 som kedy za\u017eila, bol pr\u00e1ve tento projekt-East meets west for gender equality. Nar\u00fdchlo sme zabookovali letenky, zbalili kufre a na posledn\u00fa chv\u00ed\u013eu sme vyrazili do Bulharska. V\u00fdlet n\u00e1m za\u010dal v Tren\u010d\u00edne, odkia\u013e sme vlakom cestovali do Bratislavy. V BA sme vyu\u017eili MHD, kde sme skoro dostali pokutu 180 \u20ac, ke\u010f\u017ee sme si neorazili l\u00edstok (amat\u00e9ri), no p\u00e1n kontrol\u00f3r sa z\u013eutoval nad na\u0161imi bankov\u00fdmi \u00fa\u010dtami a my sme s mal\u00fdmi du\u0161i\u010dkami pokra\u010dovali na letisko. <span class=\"pq6dq46d tbxw36s4 knj5qynh kvgmc6g5 ditlmg2l oygrvhab nvdbi5me sf5mxxl7 gl3lb2sf hhz5lgdu\"><img decoding=\"async\" src=\"https:\/\/static.xx.fbcdn.net\/images\/emoji.php\/v9\/taa\/1.5\/16\/1f603.png\" alt=\"\ud83d\ude03\" width=\"16\" height=\"16\" \/><\/span><\/div><\/div><div class=\"cxmmr5t8 oygrvhab hcukyx3x c1et5uql o9v6fnle ii04i59q\"><div dir=\"auto\">Let prebehol hladko a ani nevieme ako, a u\u017e sme boli v Bulharsku. Prekvapilo n\u00e1s p\u00edsmo, preto\u017ee sme nevedeli ani \u0148. Niektor\u00ed si pom\u00e1hali azbukou, no t\u00ed \u010do nemali ru\u0161tinu, d\u00fafali len v to, \u017ee stretneme niekoho, kto vie po anglicky&#8230; <span class=\"pq6dq46d tbxw36s4 knj5qynh kvgmc6g5 ditlmg2l oygrvhab nvdbi5me sf5mxxl7 gl3lb2sf hhz5lgdu\"><img decoding=\"async\" src=\"https:\/\/static.xx.fbcdn.net\/images\/emoji.php\/v9\/taa\/1.5\/16\/1f603.png\" alt=\"\ud83d\ude03\" width=\"16\" height=\"16\" \/><\/span><\/div><div dir=\"auto\">Do Starej Zagory sme pri\u0161li neskoro ve\u010der. V hoteli n\u00e1s priv\u00edtali pr\u00edjemn\u00ed \u013eudia, ktor\u00ed n\u00e1s ubytovali a dali n\u00e1m jes\u0165. Unaven\u00ed po celom dni cestovania, bolo jedlo pr\u00e1ve to, na \u010do sme sa v\u0161etci te\u0161ili.<\/div><\/div><div class=\"cxmmr5t8 oygrvhab hcukyx3x c1et5uql o9v6fnle ii04i59q\"><div dir=\"auto\">Program po\u010das cel\u00e9ho projektu bol fajn. Mnoho aktiv\u00edt, pri ktor\u00fdch sme mali mo\u017enos\u0165 zamyslie\u0165 sa nad problematikou rodovej nerovnosti, boli s\u00fa\u010das\u0165ou projektu. Vytv\u00e1rali sme video, ktor\u00e9ho hlavnou t\u00e9mou bola rodov\u00e1 nerovnos\u0165, preberali sme r\u00f4zne t\u00e9my, vytv\u00e1rali &#8222;z\u00e1kony&#8220; pre opa\u010dn\u00e9 pohlavia, no hlavne sme sa nau\u010dili prevteli\u0165 do opa\u010dn\u00e9ho pohlavia a pok\u00fa\u0161ali sme sa ich ch\u00e1pa\u0165 a re\u0161pektova\u0165.<\/div><\/div><div class=\"cxmmr5t8 oygrvhab hcukyx3x c1et5uql o9v6fnle ii04i59q\"><div dir=\"auto\">Pre m\u0148a osobne bola najd\u00f4le\u017eitej\u0161ia komunita. Ako t\u00edm sme si spolu vych\u00e1dzali a nenastal \u017eiadny ve\u013ek\u00fd probl\u00e9m, ktor\u00fd by naru\u0161il atmosf\u00e9ru v komunite. V\u0161etci sme sa bavili, boli sme priate\u013esk\u00ed, no z\u00e1rove\u0148 sme sa vedeli bavi\u0165 do h\u013abky a prebera\u0165 veci, ktor\u00e9 by mali by\u0165 rie\u0161en\u00e9.<\/div><\/div><div class=\"cxmmr5t8 oygrvhab hcukyx3x c1et5uql o9v6fnle ii04i59q\"><div dir=\"auto\">Boli sme na v\u00fdlete v Starej Zagore, kde sme si tro\u0161ku obzreli bulharsk\u00fa kult\u00faru. Roz\u0161\u00edrili sa n\u00e1m obzory pri &#8222;Intercultural evening&#8220;, preto\u017ee sme sa dozvedeli viac o in\u00fdch n\u00e1rodoch. Vysk\u00fa\u0161ali sme ich typick\u00e9 jedl\u00e1, sladkosti a nau\u010dili sme sa mnoho nov\u00fdch inform\u00e1ci\u00ed, ktor\u00e9 sa n\u00e1m z\u00eddu.<\/div><\/div><div class=\"cxmmr5t8 oygrvhab hcukyx3x c1et5uql o9v6fnle ii04i59q\"><div dir=\"auto\">V mene cel\u00e9ho t\u00edmu, by som sa chcela, ako l\u00edderka, po\u010fakova\u0165. Nie ka\u017ed\u00fd \u010dlovek m\u00e1 mo\u017enos\u0165 za\u017ei\u0165 to, \u010do sme za\u017eili my. Okrem z\u00e1\u017eitkov, sme z\u00edskali aj mnoho sk\u00fasenost\u00ed, ktor\u00e9 n\u00e1m v bud\u00facnosti zjednodu\u0161ia \u017eivot a sme obohaten\u00ed poznatkami, ktor\u00e9 n\u00e1m na\u0161e \u017eivoty obohatili. <span class=\"pq6dq46d tbxw36s4 knj5qynh kvgmc6g5 ditlmg2l oygrvhab nvdbi5me sf5mxxl7 gl3lb2sf hhz5lgdu\"><img decoding=\"async\" src=\"https:\/\/static.xx.fbcdn.net\/images\/emoji.php\/v9\/ta5\/1.5\/16\/1f642.png\" alt=\"\ud83d\ude42\" width=\"16\" height=\"16\" \/><\/span><\/div><div dir=\"auto\">\u010eakujem aj slovensk\u00e9mu t\u00edmu, \u017ee mi ochotne a na\u010das poslali a zazdielali potrebn\u00e9 inform\u00e1cie a dokumenty, ale hlavne za to, \u017ee som ich mohla spozna\u0165. Ste \u00fa\u017easn\u00ed.<\/div><\/div><div dir=\"auto\">\u00a0<\/div><div dir=\"auto\">Sandra<\/div>\t\t\t\t\t\t\t\t<\/div>\n\t\t\t\t<\/div>\n\t\t\t\t\t<\/div>\n\t\t<\/div>\n\t\t\t\t\t<\/div>\n\t\t<\/section>\n\t\t\t\t<section class=\"elementor-section elementor-top-section elementor-element elementor-element-ab75a5d elementor-section-boxed elementor-section-height-default elementor-section-height-default\" data-id=\"ab75a5d\" data-element_type=\"section\" data-e-type=\"section\">\n\t\t\t\t\t\t<div class=\"elementor-container elementor-column-gap-default\">\n\t\t\t\t\t<div class=\"elementor-column elementor-col-100 elementor-top-column elementor-element elementor-element-527193d\" data-id=\"527193d\" data-element_type=\"column\" data-e-type=\"column\">\n\t\t\t<div class=\"elementor-widget-wrap elementor-element-populated\">\n\t\t\t\t\t\t<div class=\"elementor-element elementor-element-d78e565 elementor-arrows-position-inside elementor-pagination-position-outside elementor-widget elementor-widget-image-carousel\" data-id=\"d78e565\" data-element_type=\"widget\" data-e-type=\"widget\" data-settings=\"{&quot;navigation&quot;:&quot;both&quot;,&quot;autoplay&quot;:&quot;yes&quot;,&quot;pause_on_hover&quot;:&quot;yes&quot;,&quot;pause_on_interaction&quot;:&quot;yes&quot;,&quot;autoplay_speed&quot;:5000,&quot;infinite&quot;:&quot;yes&quot;,&quot;speed&quot;:500}\" data-widget_type=\"image-carousel.default\">\n\t\t\t\t<div class=\"elementor-widget-container\">\n\t\t\t\t\t\t\t<div class=\"elementor-image-carousel-wrapper swiper\" role=\"region\" aria-roledescription=\"carousel\" aria-label=\"Obr\u00e1zkov\u00fd kot\u00fa\u010d\" dir=\"ltr\">\n\t\t\t<div class=\"elementor-image-carousel swiper-wrapper\" aria-live=\"off\">\n\t\t\t\t\t\t\t\t<div class=\"swiper-slide\" role=\"group\" aria-roledescription=\"slide\" aria-label=\"1 of 4\"><figure class=\"swiper-slide-inner\"><img decoding=\"async\" class=\"swiper-slide-image\" src=\"https:\/\/www.youthforequality.sk\/wp-content\/uploads\/2022\/07\/291520631_3171512229788545_905067705509531555_n-150x150.jpg\" alt=\"291520631_3171512229788545_905067705509531555_n\" \/><\/figure><\/div><div class=\"swiper-slide\" role=\"group\" aria-roledescription=\"slide\" aria-label=\"2 of 4\"><figure class=\"swiper-slide-inner\"><img decoding=\"async\" class=\"swiper-slide-image\" src=\"https:\/\/www.youthforequality.sk\/wp-content\/uploads\/2022\/07\/293944318_1109404979647078_4672074024303774735_n-150x150.jpg\" alt=\"293944318_1109404979647078_4672074024303774735_n\" \/><\/figure><\/div><div class=\"swiper-slide\" role=\"group\" aria-roledescription=\"slide\" aria-label=\"3 of 4\"><figure class=\"swiper-slide-inner\"><img decoding=\"async\" class=\"swiper-slide-image\" src=\"https:\/\/www.youthforequality.sk\/wp-content\/uploads\/2022\/07\/291584478_405557811590583_8130143666652208413_n-150x150.jpg\" alt=\"291584478_405557811590583_8130143666652208413_n\" \/><\/figure><\/div><div class=\"swiper-slide\" role=\"group\" aria-roledescription=\"slide\" aria-label=\"4 of 4\"><figure class=\"swiper-slide-inner\"><img decoding=\"async\" class=\"swiper-slide-image\" src=\"https:\/\/www.youthforequality.sk\/wp-content\/uploads\/2022\/07\/292013571_7651690401571843_4691960574866473447_n-150x150.jpg\" alt=\"292013571_7651690401571843_4691960574866473447_n\" \/><\/figure><\/div>\t\t\t<\/div>\n\t\t\t\t\t\t\t\t\t\t\t\t<div class=\"elementor-swiper-button elementor-swiper-button-prev\" role=\"button\" tabindex=\"0\">\n\t\t\t\t\t\t<i aria-hidden=\"true\" class=\"eicon-chevron-left\"><\/i>\t\t\t\t\t<\/div>\n\t\t\t\t\t<div class=\"elementor-swiper-button elementor-swiper-button-next\" role=\"button\" tabindex=\"0\">\n\t\t\t\t\t\t<i aria-hidden=\"true\" class=\"eicon-chevron-right\"><\/i>\t\t\t\t\t<\/div>\n\t\t\t\t\n\t\t\t\t\t\t\t\t\t<div class=\"swiper-pagination\"><\/div>\n\t\t\t\t\t\t\t\t\t<\/div>\n\t\t\t\t\t\t<\/div>\n\t\t\t\t<\/div>\n\t\t\t\t\t<\/div>\n\t\t<\/div>\n\t\t\t\t\t<\/div>\n\t\t<\/section>\n\t\t\t\t<section class=\"elementor-section elementor-top-section elementor-element elementor-element-e513ed4 elementor-section-boxed elementor-section-height-default elementor-section-height-default\" data-id=\"e513ed4\" data-element_type=\"section\" data-e-type=\"section\">\n\t\t\t\t\t\t<div class=\"elementor-container elementor-column-gap-default\">\n\t\t\t\t\t<div class=\"elementor-column elementor-col-100 elementor-top-column elementor-element elementor-element-23dea82\" data-id=\"23dea82\" data-element_type=\"column\" data-e-type=\"column\">\n\t\t\t<div class=\"elementor-widget-wrap elementor-element-populated\">\n\t\t\t\t\t\t<div class=\"elementor-element elementor-element-02ce6b8 elementor-widget elementor-widget-text-editor\" data-id=\"02ce6b8\" data-element_type=\"widget\" data-e-type=\"widget\" data-widget_type=\"text-editor.default\">\n\t\t\t\t<div class=\"elementor-widget-container\">\n\t\t\t\t\t\t\t\t\t<p>Tento projekt bol m\u00f4j prv\u00fd a neskuto\u010dne som si ho u\u017eila, dokonca prekro\u010dil moje o\u010dak\u00e1vania v dobrom slova zmysle. <span class=\"pq6dq46d tbxw36s4 knj5qynh kvgmc6g5 ditlmg2l oygrvhab nvdbi5me sf5mxxl7 gl3lb2sf hhz5lgdu\"><img decoding=\"async\" src=\"https:\/\/static.xx.fbcdn.net\/images\/emoji.php\/v9\/t82\/1.5\/16\/263a.png\" alt=\"\u263a\ufe0f\" width=\"16\" height=\"16\" \/> <\/span>Stretla som tam \u00fa\u017easn\u00fdch \u013eud\u00ed, s ktor\u00fdmi som doteraz v kontakte. Program ktor\u00fd sme mali bol tie\u017e super a dal mi toho ve\u013ea. Najviac som si u\u017eila vytv\u00e1ranie interview, robenie klipu na pesni\u010dku a nat\u00e1\u010danie reklamy. Projekt mi pomohol aj v zlep\u0161en\u00ed komunik\u00e1cie v Anglickom jazyku a obohatil ma o v\u0161eobecn\u00fd rozh\u013ead. Ur\u010dite tak\u00fato sk\u00fasenos\u0165 v\u0161etk\u00fdm odpor\u00fa\u010dam a sama sa e\u0161te ur\u010dite chcem z\u00fa\u010dastni\u0165 projektov.<span class=\"pq6dq46d tbxw36s4 knj5qynh kvgmc6g5 ditlmg2l oygrvhab nvdbi5me sf5mxxl7 gl3lb2sf hhz5lgdu\"><img loading=\"lazy\" decoding=\"async\" src=\"https:\/\/static.xx.fbcdn.net\/images\/emoji.php\/v9\/td8\/1.5\/16\/1f60a.png\" alt=\"\ud83d\ude0a\" width=\"16\" height=\"16\" \/><\/span><\/p><p>Tatiana<\/p><p>\u00a0<\/p><p>Samotn\u00fd projekt som si ve\u013emi u\u017eil. No z\u00e1rove\u0148 mi toho aj ve\u013ea dal. Okrem zlep\u0161enie angli\u010dtiny a spoznani nov\u00fdch kult\u00far som sa nau\u010dil vela o gender equality. Viac som pochopil samotn\u00fd koncept a zmenil pr\u00edstup ku nemu. Lep\u0161ie si uvedomujem rolu mu\u017ea a \u017eeny v spolo\u010dnosti. A zlomil som iste predsudky ktor\u00e9 som mal spoj\u00edte s touto tematikou. Samotn\u00e9 aktivity boli ve\u013emi kvalitne spracovan\u00e9. Ve\u013emi sa mi p\u00e1\u010dila aktivita ked sme i\u0161li do mesta a p\u00fdtali sa ob\u010danov \u010do si myslia o gender equality. N\u00e1sledne sme z toho museli spracova\u0165 article a odprezentova\u0165 to ostatn\u00fdm. Ako slovenska skupina sme pracovali ve\u013emi dobre a celkovo \u013eudia boli pr\u00edvetiv\u00fd a priate\u013esk\u00fd. Jedlo nepatrilo k t\u00edm najlep\u0161\u00edm zatia\u013e \u010do ubytovanie bolo na \u00farovni. Mysl\u00edm si \u017ee celkov\u00fd projekt prebehol uspe\u0161ne a som v\u010fa\u010dn\u00fd byt jeho s\u00fa\u010das\u0165ou.<\/p><p>Kristi\u00e1n<\/p><p>\u00a0<\/p><p>Tento projekt bol m\u00f4j prv\u00fd. U\u017eil som si ho, bavilo ma to. Aktivity boli kvalitn\u00e9. Ubytovanie bolo dobr\u00e9. Jedlo bolo diskutabiln\u00e9. Coffee machine bol very good very nice. Slovensk\u00e1 skupina, ale aj v\u0161etci ostatn\u00ed boli \u00fa\u017easn\u00ed. Organiz\u00e1tori kvalitne organizovali a priebeh projektu bol bez v\u00e4\u010d\u0161\u00edch prek\u00e1\u017eok. Ur\u010dite sa pripoj\u00edm na \u010fal\u0161\u00ed Erasmus a odpor\u00fa\u010dam aj v\u0161etk\u00fdm ostatn\u00fdm.<\/p><p>Luk\u00e1\u0161<\/p>\t\t\t\t\t\t\t\t<\/div>\n\t\t\t\t<\/div>\n\t\t\t\t\t<\/div>\n\t\t<\/div>\n\t\t\t\t\t<\/div>\n\t\t<\/section>\n\t\t\t\t<section class=\"elementor-section elementor-top-section elementor-element elementor-element-ec98edf elementor-section-boxed elementor-section-height-default elementor-section-height-default\" data-id=\"ec98edf\" data-element_type=\"section\" data-e-type=\"section\">\n\t\t\t\t\t\t<div class=\"elementor-container elementor-column-gap-default\">\n\t\t\t\t\t<div class=\"elementor-column elementor-col-100 elementor-top-column elementor-element elementor-element-12bc02a\" data-id=\"12bc02a\" data-element_type=\"column\" data-e-type=\"column\">\n\t\t\t<div class=\"elementor-widget-wrap elementor-element-populated\">\n\t\t\t\t\t\t<div class=\"elementor-element elementor-element-d951464 elementor-arrows-position-inside elementor-pagination-position-outside elementor-widget elementor-widget-image-carousel\" data-id=\"d951464\" data-element_type=\"widget\" data-e-type=\"widget\" data-settings=\"{&quot;navigation&quot;:&quot;both&quot;,&quot;autoplay&quot;:&quot;yes&quot;,&quot;pause_on_hover&quot;:&quot;yes&quot;,&quot;pause_on_interaction&quot;:&quot;yes&quot;,&quot;autoplay_speed&quot;:5000,&quot;infinite&quot;:&quot;yes&quot;,&quot;speed&quot;:500}\" data-widget_type=\"image-carousel.default\">\n\t\t\t\t<div class=\"elementor-widget-container\">\n\t\t\t\t\t\t\t<div class=\"elementor-image-carousel-wrapper swiper\" role=\"region\" aria-roledescription=\"carousel\" aria-label=\"Obr\u00e1zkov\u00fd kot\u00fa\u010d\" dir=\"ltr\">\n\t\t\t<div class=\"elementor-image-carousel swiper-wrapper\" aria-live=\"off\">\n\t\t\t\t\t\t\t\t<div class=\"swiper-slide\" role=\"group\" aria-roledescription=\"slide\" aria-label=\"1 of 4\"><figure class=\"swiper-slide-inner\"><img decoding=\"async\" class=\"swiper-slide-image\" src=\"https:\/\/www.youthforequality.sk\/wp-content\/uploads\/2022\/07\/290682987_554245716346331_246938982708474886_n-150x150.jpg\" alt=\"290682987_554245716346331_246938982708474886_n\" \/><\/figure><\/div><div class=\"swiper-slide\" role=\"group\" aria-roledescription=\"slide\" aria-label=\"2 of 4\"><figure class=\"swiper-slide-inner\"><img decoding=\"async\" class=\"swiper-slide-image\" src=\"https:\/\/www.youthforequality.sk\/wp-content\/uploads\/2022\/07\/291987124_2770744059724993_526173569161124870_n-150x150.jpg\" alt=\"291987124_2770744059724993_526173569161124870_n\" \/><\/figure><\/div><div class=\"swiper-slide\" role=\"group\" aria-roledescription=\"slide\" aria-label=\"3 of 4\"><figure class=\"swiper-slide-inner\"><img decoding=\"async\" class=\"swiper-slide-image\" src=\"https:\/\/www.youthforequality.sk\/wp-content\/uploads\/2022\/07\/293829277_2573289626138992_1955935235542729371_n-150x150.jpg\" alt=\"293829277_2573289626138992_1955935235542729371_n\" \/><\/figure><\/div><div class=\"swiper-slide\" role=\"group\" aria-roledescription=\"slide\" aria-label=\"4 of 4\"><figure class=\"swiper-slide-inner\"><img decoding=\"async\" class=\"swiper-slide-image\" src=\"https:\/\/www.youthforequality.sk\/wp-content\/uploads\/2022\/07\/293680043_1109404986313744_4265201466350562422_n-150x150.jpg\" alt=\"293680043_1109404986313744_4265201466350562422_n\" \/><\/figure><\/div>\t\t\t<\/div>\n\t\t\t\t\t\t\t\t\t\t\t\t<div class=\"elementor-swiper-button elementor-swiper-button-prev\" role=\"button\" tabindex=\"0\">\n\t\t\t\t\t\t<i aria-hidden=\"true\" class=\"eicon-chevron-left\"><\/i>\t\t\t\t\t<\/div>\n\t\t\t\t\t<div class=\"elementor-swiper-button elementor-swiper-button-next\" role=\"button\" tabindex=\"0\">\n\t\t\t\t\t\t<i aria-hidden=\"true\" class=\"eicon-chevron-right\"><\/i>\t\t\t\t\t<\/div>\n\t\t\t\t\n\t\t\t\t\t\t\t\t\t<div class=\"swiper-pagination\"><\/div>\n\t\t\t\t\t\t\t\t\t<\/div>\n\t\t\t\t\t\t<\/div>\n\t\t\t\t<\/div>\n\t\t\t\t\t<\/div>\n\t\t<\/div>\n\t\t\t\t\t<\/div>\n\t\t<\/section>\n\t\t\t\t<section class=\"elementor-section elementor-top-section elementor-element elementor-element-e09da70 elementor-section-boxed elementor-section-height-default elementor-section-height-default\" data-id=\"e09da70\" data-element_type=\"section\" data-e-type=\"section\">\n\t\t\t\t\t\t<div class=\"elementor-container elementor-column-gap-default\">\n\t\t\t\t\t<div class=\"elementor-column elementor-col-100 elementor-top-column elementor-element elementor-element-9897ca6\" data-id=\"9897ca6\" data-element_type=\"column\" data-e-type=\"column\">\n\t\t\t<div class=\"elementor-widget-wrap elementor-element-populated\">\n\t\t\t\t\t\t<div class=\"elementor-element elementor-element-3aef028 elementor-widget elementor-widget-text-editor\" data-id=\"3aef028\" data-element_type=\"widget\" data-e-type=\"widget\" data-widget_type=\"text-editor.default\">\n\t\t\t\t<div class=\"elementor-widget-container\">\n\t\t\t\t\t\t\t\t\t<div class=\"kvgmc6g5 cxmmr5t8 oygrvhab hcukyx3x c1et5uql ii04i59q\"><div dir=\"auto\">Ned\u00e1vno som sa z\u00fa\u010dastnila projektu v bulharskom meste Stara Zagora, kde som pre\u017eila jeden z najkraj\u0161\u00edch t\u00fd\u017ed\u0148ov m\u00f4jho \u017eivota&#8230; <span class=\"pq6dq46d tbxw36s4 knj5qynh kvgmc6g5 ditlmg2l oygrvhab nvdbi5me sf5mxxl7 gl3lb2sf hhz5lgdu\"><img loading=\"lazy\" decoding=\"async\" src=\"https:\/\/static.xx.fbcdn.net\/images\/emoji.php\/v9\/tf3\/1.5\/16\/2764.png\" alt=\"\u2764\ufe0f\" width=\"16\" height=\"16\" \/><\/span> \u00da\u017easn\u00ed \u013eudia, skvel\u00e9 z\u00e1\u017eitky, nezabudnute\u013en\u00e9 spomienky, nov\u00fd poh\u013ead na t\u00e9mu rovnosti mu\u017eov a \u017eien &#8211; nielen toto si odn\u00e1\u0161am z m\u00f4jho \u00faplne prv\u00e9ho projektu Erasmus plus. \u010eakujem v\u0161etk\u00fdm, ktor\u00ed mi spr\u00edjemnili m\u00f4j projekt a aj organiz\u00e1cii <span class=\"nc684nl6\">Youth for Equality <\/span>za mo\u017enos\u0165 z\u00fa\u010dastni\u0165 sa a reprezentova\u0165 Slovensko.<\/div><div dir=\"auto\">Medzi najsilnej\u0161ie z\u00e1\u017eitky patr\u00ed Intercultural night, kde ka\u017ed\u00e1 krajina prezentovala svoju kult\u00faru a \u010das\u0165 seba. \u010co sa t\u00e9my a workshopov t\u00fdka, boli kvalitne pripraven\u00e9 a skvelo zrealizovan\u00e9. Najviac mi zarezonovala aktivita, kde sme boli rozdelen\u00ed na mu\u017eov a \u017eeny, a p\u00edsali sme pravidl\u00e1 na utopick\u00e9 fungovanie v krajine, kde s\u00fa si pohlavia rovn\u00e9&#8230; Taktie\u017e bolo zauj\u00edmav\u00e9 zis\u0165ova\u0165 formou interview n\u00e1zory Bulharov zo Starej Zagory na t\u00e9mu gender equality.<\/div><div dir=\"auto\">Ve\u013ea sme komunikovali, diskutovali a zdie\u013eali n\u00e1zory medzi sebou. Moja bojazlivos\u0165, \u010di budem schopn\u00e1 sa dorozumie\u0165 a zapadn\u00fa\u0165 do skupinky, sa rozplynula v momente, ke\u010f sme za\u010dali program, hrali zoznamova\u010dky a podobne. C\u00edtila som sa prijat\u00e1, na\u0161la som si nov\u00fdch priate\u013eov, zlep\u0161ila som si svoje komun\u00e1lne schopnosti a zak\u00fasila som chu\u0165 in\u00e9ho sveta.<\/div><div dir=\"auto\">Gender equality is a human right,<\/div><div dir=\"auto\">and for that we wanna fight&#8230;<\/div><\/div><div class=\"cxmmr5t8 oygrvhab hcukyx3x c1et5uql o9v6fnle ii04i59q\"><div dir=\"auto\">Thanks <span class=\"pq6dq46d tbxw36s4 knj5qynh kvgmc6g5 ditlmg2l oygrvhab nvdbi5me sf5mxxl7 gl3lb2sf hhz5lgdu\"><img loading=\"lazy\" decoding=\"async\" src=\"https:\/\/static.xx.fbcdn.net\/images\/emoji.php\/v9\/tf3\/1.5\/16\/2764.png\" alt=\"\u2764\ufe0f\" width=\"16\" height=\"16\" \/><\/span><span class=\"pq6dq46d tbxw36s4 knj5qynh kvgmc6g5 ditlmg2l oygrvhab nvdbi5me sf5mxxl7 gl3lb2sf hhz5lgdu\"><img loading=\"lazy\" decoding=\"async\" src=\"https:\/\/static.xx.fbcdn.net\/images\/emoji.php\/v9\/tf3\/1.5\/16\/2764.png\" alt=\"\u2764\ufe0f\" width=\"16\" height=\"16\" \/><\/span><\/div><\/div><div dir=\"auto\">Lenka<\/div><div dir=\"auto\">\u00a0<\/div><div dir=\"auto\">Ve\u013emi sa mi p\u00e1\u010dilo na danom projekte. Ve\u013emi som si to u\u017eila a aj sa nau\u010dila nie\u010do nov\u00e9 a spoznala naozaj super nov\u00fdch \u013eud\u00ed s ktor\u00fdmi mame st\u00e1ly kontakt a pevne ver\u00edm, \u017ee sa stretneme aj v bud\u00facnosti. Aktivity, ktor\u00e9 bolo spojen\u00e9 s projektom boli ve\u013emi z\u00e1\u017eivn\u00e9 a dos\u0165 som sa aj nau\u010dila o danej t\u00e9me&#8230;.Gender equality a z\u00edskala nov\u00fd poh\u013ead na dan\u00fa vec&#8230; Ur\u010dite to nebol m\u00f4j posledn\u00fd projekt a v bud\u00facnosti sa chcem z\u00fa\u010dastni\u0165 aj na \u010fal\u0161\u00edch&#8230;.Bola to skvel\u00e1 sk\u00fasenos\u0165 a naozaj to odpor\u00fa\u010dam ka\u017ed\u00e9mu kto v\u00e1ha a nevie \u010di do toho \u00eds\u0165&#8230;.za m\u0148a odpor\u00fa\u010dam v\u0161etk\u00fdmi desiatimi. <span class=\"pq6dq46d tbxw36s4 knj5qynh kvgmc6g5 ditlmg2l oygrvhab nvdbi5me sf5mxxl7 gl3lb2sf hhz5lgdu\"><img loading=\"lazy\" decoding=\"async\" src=\"https:\/\/static.xx.fbcdn.net\/images\/emoji.php\/v9\/t10\/1.5\/16\/1f917.png\" alt=\"\ud83e\udd17\" width=\"16\" height=\"16\" \/><\/span><span class=\"pq6dq46d tbxw36s4 knj5qynh kvgmc6g5 ditlmg2l oygrvhab nvdbi5me sf5mxxl7 gl3lb2sf hhz5lgdu\"><img loading=\"lazy\" decoding=\"async\" src=\"https:\/\/static.xx.fbcdn.net\/images\/emoji.php\/v9\/t10\/1.5\/16\/1f917.png\" alt=\"\ud83e\udd17\" width=\"16\" height=\"16\" \/><\/span><\/div><div dir=\"auto\">Klaudia<\/div>\t\t\t\t\t\t\t\t<\/div>\n\t\t\t\t<\/div>\n\t\t\t\t\t<\/div>\n\t\t<\/div>\n\t\t\t\t\t<\/div>\n\t\t<\/section>\n\t\t\t\t<section class=\"elementor-section elementor-top-section elementor-element elementor-element-bffb442 elementor-section-boxed elementor-section-height-default elementor-section-height-default\" data-id=\"bffb442\" data-element_type=\"section\" data-e-type=\"section\">\n\t\t\t\t\t\t<div class=\"elementor-container elementor-column-gap-default\">\n\t\t\t\t\t\t<\/div>\n\t\t<\/section>\n\t\t\t\t<section class=\"elementor-section elementor-top-section elementor-element elementor-element-273b0bf elementor-section-boxed elementor-section-height-default elementor-section-height-default\" data-id=\"273b0bf\" data-element_type=\"section\" data-e-type=\"section\">\n\t\t\t\t\t\t<div class=\"elementor-container elementor-column-gap-default\">\n\t\t\t\t\t\t<\/div>\n\t\t<\/section>\n\t\t\t\t<section class=\"elementor-section elementor-top-section elementor-element elementor-element-da76c0b elementor-section-boxed elementor-section-height-default elementor-section-height-default\" data-id=\"da76c0b\" data-element_type=\"section\" data-e-type=\"section\">\n\t\t\t\t\t\t<div class=\"elementor-container elementor-column-gap-default\">\n\t\t\t\t\t\t<\/div>\n\t\t<\/section>\n\t\t\t\t<section class=\"elementor-section elementor-top-section elementor-element elementor-element-306085e elementor-section-boxed elementor-section-height-default elementor-section-height-default\" data-id=\"306085e\" data-element_type=\"section\" data-e-type=\"section\">\n\t\t\t\t\t\t<div class=\"elementor-container elementor-column-gap-default\">\n\t\t\t\t\t\t<\/div>\n\t\t<\/section>\n\t\t\t\t<section class=\"elementor-section elementor-top-section elementor-element elementor-element-a786f8b elementor-section-boxed elementor-section-height-default elementor-section-height-default\" data-id=\"a786f8b\" data-element_type=\"section\" data-e-type=\"section\">\n\t\t\t\t\t\t<div class=\"elementor-container elementor-column-gap-default\">\n\t\t\t\t\t\t<\/div>\n\t\t<\/section>\n\t\t\t\t<\/div>\n\t\t","protected":false},"excerpt":{"rendered":"<p>Jeden z najspont\u00e1nnej\u0161\u00edch projektov, ktor\u00e9 som kedy za\u017eila, bol pr\u00e1ve tento projekt-East meets west for gender equality. Nar\u00fdchlo sme zabookovali letenky, zbalili kufre a na posledn\u00fa chv\u00ed\u013eu sme vyrazili do Bulharska. V\u00fdlet n\u00e1m za\u010dal v Tren\u010d\u00edne, odkia\u013e sme vlakom cestovali do Bratislavy. V BA sme vyu\u017eili MHD, kde sme skoro dostali pokutu 180 \u20ac, ke\u010f\u017ee&hellip;&nbsp;<a href=\"https:\/\/www.youthforequality.sk\/index.php\/2022\/07\/26\/zazitky-z-mladeznickej-vymeny-east-meets-west-for-gender-equality\/\" class=\"\" rel=\"bookmark\">\u010c\u00edta\u0165 viac &raquo;<span class=\"screen-reader-text\">Z\u00e1\u017eitky z ml\u00e1de\u017en\u00edckej v\u00fdmeny &#8222;East meets west &#8211; for gender equality&#8220;<\/span><\/a><\/p>\n","protected":false},"author":6,"featured_media":4226,"comment_status":"closed","ping_status":"open","sticky":false,"template":"","format":"standard","meta":{"_uf_show_specific_survey":0,"_uf_disable_surveys":false,"neve_meta_sidebar":"","neve_meta_container":"","neve_meta_enable_content_width":"off","neve_meta_content_width":70,"neve_meta_title_alignment":"","neve_meta_author_avatar":"","neve_post_elements_order":"","neve_meta_disable_header":"","neve_meta_disable_footer":"","neve_meta_disable_title":"","_themeisle_gutenberg_block_has_review":false,"footnotes":""},"categories":[3],"tags":[],"class_list":["post-4220","post","type-post","status-publish","format-standard","has-post-thumbnail","hentry","category-blog"],"yoast_head":"<!-- This site is optimized with the Yoast SEO plugin v27.4 - https:\/\/yoast.com\/product\/yoast-seo-wordpress\/ -->\n<title>Z\u00e1\u017eitky z ml\u00e1de\u017en\u00edckej v\u00fdmeny &quot;East meets west - for gender equality&quot; |<\/title>\n<meta name=\"robots\" content=\"index, follow, max-snippet:-1, max-image-preview:large, max-video-preview:-1\" \/>\n<link rel=\"canonical\" href=\"https:\/\/www.youthforequality.sk\/index.php\/2022\/07\/26\/zazitky-z-mladeznickej-vymeny-east-meets-west-for-gender-equality\/\" \/>\n<meta property=\"og:locale\" content=\"sk_SK\" \/>\n<meta property=\"og:type\" content=\"article\" \/>\n<meta property=\"og:title\" content=\"Z\u00e1\u017eitky z ml\u00e1de\u017en\u00edckej v\u00fdmeny &quot;East meets west - for gender equality&quot; |\" \/>\n<meta property=\"og:description\" content=\"Jeden z najspont\u00e1nnej\u0161\u00edch projektov, ktor\u00e9 som kedy za\u017eila, bol pr\u00e1ve tento projekt-East meets west for gender equality. Nar\u00fdchlo sme zabookovali letenky, zbalili kufre a na posledn\u00fa chv\u00ed\u013eu sme vyrazili do Bulharska. V\u00fdlet n\u00e1m za\u010dal v Tren\u010d\u00edne, odkia\u013e sme vlakom cestovali do Bratislavy. V BA sme vyu\u017eili MHD, kde sme skoro dostali pokutu 180 \u20ac, ke\u010f\u017ee&hellip;&nbsp;\u010c\u00edta\u0165 viac &raquo;Z\u00e1\u017eitky z ml\u00e1de\u017en\u00edckej v\u00fdmeny &#8222;East meets west &#8211; for gender equality&#8220;\" \/>\n<meta property=\"og:url\" content=\"https:\/\/www.youthforequality.sk\/index.php\/2022\/07\/26\/zazitky-z-mladeznickej-vymeny-east-meets-west-for-gender-equality\/\" \/>\n<meta property=\"article:publisher\" content=\"https:\/\/www.facebook.com\/yeslovakia\" \/>\n<meta property=\"article:published_time\" content=\"2022-07-26T10:51:38+00:00\" \/>\n<meta property=\"article:modified_time\" content=\"2022-07-26T10:58:19+00:00\" \/>\n<meta property=\"og:image\" content=\"https:\/\/www.youthforequality.sk\/wp-content\/uploads\/2022\/07\/293829277_2573289626138992_1955935235542729371_n.jpg\" \/>\n\t<meta property=\"og:image:width\" content=\"1080\" \/>\n\t<meta property=\"og:image:height\" content=\"865\" \/>\n\t<meta property=\"og:image:type\" content=\"image\/jpeg\" \/>\n<meta name=\"author\" content=\"wiki\" \/>\n<meta name=\"twitter:card\" content=\"summary_large_image\" \/>\n<meta name=\"twitter:label1\" content=\"Autor\" \/>\n\t<meta name=\"twitter:data1\" content=\"wiki\" \/>\n\t<meta name=\"twitter:label2\" content=\"Predpokladan\u00fd \u010das \u010d\u00edtania\" \/>\n\t<meta name=\"twitter:data2\" content=\"6 min\u00fat\" \/>\n<script type=\"application\/ld+json\" class=\"yoast-schema-graph\">{\"@context\":\"https:\\\/\\\/schema.org\",\"@graph\":[{\"@type\":\"Article\",\"@id\":\"https:\\\/\\\/www.youthforequality.sk\\\/index.php\\\/2022\\\/07\\\/26\\\/zazitky-z-mladeznickej-vymeny-east-meets-west-for-gender-equality\\\/#article\",\"isPartOf\":{\"@id\":\"https:\\\/\\\/www.youthforequality.sk\\\/index.php\\\/2022\\\/07\\\/26\\\/zazitky-z-mladeznickej-vymeny-east-meets-west-for-gender-equality\\\/\"},\"author\":{\"name\":\"wiki\",\"@id\":\"https:\\\/\\\/www.youthforequality.sk\\\/#\\\/schema\\\/person\\\/41e987664144336433c641d34b270d1b\"},\"headline\":\"Z\u00e1\u017eitky z ml\u00e1de\u017en\u00edckej v\u00fdmeny &#8222;East meets west &#8211; for gender equality&#8220;\",\"datePublished\":\"2022-07-26T10:51:38+00:00\",\"dateModified\":\"2022-07-26T10:58:19+00:00\",\"mainEntityOfPage\":{\"@id\":\"https:\\\/\\\/www.youthforequality.sk\\\/index.php\\\/2022\\\/07\\\/26\\\/zazitky-z-mladeznickej-vymeny-east-meets-west-for-gender-equality\\\/\"},\"wordCount\":1235,\"publisher\":{\"@id\":\"https:\\\/\\\/www.youthforequality.sk\\\/#organization\"},\"image\":{\"@id\":\"https:\\\/\\\/www.youthforequality.sk\\\/index.php\\\/2022\\\/07\\\/26\\\/zazitky-z-mladeznickej-vymeny-east-meets-west-for-gender-equality\\\/#primaryimage\"},\"thumbnailUrl\":\"https:\\\/\\\/www.youthforequality.sk\\\/wp-content\\\/uploads\\\/2022\\\/07\\\/293829277_2573289626138992_1955935235542729371_n.jpg\",\"articleSection\":[\"Blog\"],\"inLanguage\":\"sk-SK\"},{\"@type\":\"WebPage\",\"@id\":\"https:\\\/\\\/www.youthforequality.sk\\\/index.php\\\/2022\\\/07\\\/26\\\/zazitky-z-mladeznickej-vymeny-east-meets-west-for-gender-equality\\\/\",\"url\":\"https:\\\/\\\/www.youthforequality.sk\\\/index.php\\\/2022\\\/07\\\/26\\\/zazitky-z-mladeznickej-vymeny-east-meets-west-for-gender-equality\\\/\",\"name\":\"Z\u00e1\u017eitky z ml\u00e1de\u017en\u00edckej v\u00fdmeny \\\"East meets west - for gender equality\\\" |\",\"isPartOf\":{\"@id\":\"https:\\\/\\\/www.youthforequality.sk\\\/#website\"},\"primaryImageOfPage\":{\"@id\":\"https:\\\/\\\/www.youthforequality.sk\\\/index.php\\\/2022\\\/07\\\/26\\\/zazitky-z-mladeznickej-vymeny-east-meets-west-for-gender-equality\\\/#primaryimage\"},\"image\":{\"@id\":\"https:\\\/\\\/www.youthforequality.sk\\\/index.php\\\/2022\\\/07\\\/26\\\/zazitky-z-mladeznickej-vymeny-east-meets-west-for-gender-equality\\\/#primaryimage\"},\"thumbnailUrl\":\"https:\\\/\\\/www.youthforequality.sk\\\/wp-content\\\/uploads\\\/2022\\\/07\\\/293829277_2573289626138992_1955935235542729371_n.jpg\",\"datePublished\":\"2022-07-26T10:51:38+00:00\",\"dateModified\":\"2022-07-26T10:58:19+00:00\",\"breadcrumb\":{\"@id\":\"https:\\\/\\\/www.youthforequality.sk\\\/index.php\\\/2022\\\/07\\\/26\\\/zazitky-z-mladeznickej-vymeny-east-meets-west-for-gender-equality\\\/#breadcrumb\"},\"inLanguage\":\"sk-SK\",\"potentialAction\":[{\"@type\":\"ReadAction\",\"target\":[\"https:\\\/\\\/www.youthforequality.sk\\\/index.php\\\/2022\\\/07\\\/26\\\/zazitky-z-mladeznickej-vymeny-east-meets-west-for-gender-equality\\\/\"]}]},{\"@type\":\"ImageObject\",\"inLanguage\":\"sk-SK\",\"@id\":\"https:\\\/\\\/www.youthforequality.sk\\\/index.php\\\/2022\\\/07\\\/26\\\/zazitky-z-mladeznickej-vymeny-east-meets-west-for-gender-equality\\\/#primaryimage\",\"url\":\"https:\\\/\\\/www.youthforequality.sk\\\/wp-content\\\/uploads\\\/2022\\\/07\\\/293829277_2573289626138992_1955935235542729371_n.jpg\",\"contentUrl\":\"https:\\\/\\\/www.youthforequality.sk\\\/wp-content\\\/uploads\\\/2022\\\/07\\\/293829277_2573289626138992_1955935235542729371_n.jpg\",\"width\":1080,\"height\":865},{\"@type\":\"BreadcrumbList\",\"@id\":\"https:\\\/\\\/www.youthforequality.sk\\\/index.php\\\/2022\\\/07\\\/26\\\/zazitky-z-mladeznickej-vymeny-east-meets-west-for-gender-equality\\\/#breadcrumb\",\"itemListElement\":[{\"@type\":\"ListItem\",\"position\":1,\"name\":\"Home\",\"item\":\"https:\\\/\\\/www.youthforequality.sk\\\/\"},{\"@type\":\"ListItem\",\"position\":2,\"name\":\"Z\u00e1\u017eitky z ml\u00e1de\u017en\u00edckej v\u00fdmeny &#8220;East meets west &#8211; for gender equality&#8221;\"}]},{\"@type\":\"WebSite\",\"@id\":\"https:\\\/\\\/www.youthforequality.sk\\\/#website\",\"url\":\"https:\\\/\\\/www.youthforequality.sk\\\/\",\"name\":\"\",\"description\":\"\",\"publisher\":{\"@id\":\"https:\\\/\\\/www.youthforequality.sk\\\/#organization\"},\"potentialAction\":[{\"@type\":\"SearchAction\",\"target\":{\"@type\":\"EntryPoint\",\"urlTemplate\":\"https:\\\/\\\/www.youthforequality.sk\\\/?s={search_term_string}\"},\"query-input\":{\"@type\":\"PropertyValueSpecification\",\"valueRequired\":true,\"valueName\":\"search_term_string\"}}],\"inLanguage\":\"sk-SK\"},{\"@type\":\"Organization\",\"@id\":\"https:\\\/\\\/www.youthforequality.sk\\\/#organization\",\"name\":\"Youth for Equality\",\"url\":\"https:\\\/\\\/www.youthforequality.sk\\\/\",\"logo\":{\"@type\":\"ImageObject\",\"inLanguage\":\"sk-SK\",\"@id\":\"https:\\\/\\\/www.youthforequality.sk\\\/#\\\/schema\\\/logo\\\/image\\\/\",\"url\":\"https:\\\/\\\/www.youthforequality.sk\\\/wp-content\\\/uploads\\\/2021\\\/01\\\/vynovene-logo-nove-farby_modra-na-web.png\",\"contentUrl\":\"https:\\\/\\\/www.youthforequality.sk\\\/wp-content\\\/uploads\\\/2021\\\/01\\\/vynovene-logo-nove-farby_modra-na-web.png\",\"width\":1,\"height\":1,\"caption\":\"Youth for Equality\"},\"image\":{\"@id\":\"https:\\\/\\\/www.youthforequality.sk\\\/#\\\/schema\\\/logo\\\/image\\\/\"},\"sameAs\":[\"https:\\\/\\\/www.facebook.com\\\/yeslovakia\"]},{\"@type\":\"Person\",\"@id\":\"https:\\\/\\\/www.youthforequality.sk\\\/#\\\/schema\\\/person\\\/41e987664144336433c641d34b270d1b\",\"name\":\"wiki\",\"image\":{\"@type\":\"ImageObject\",\"inLanguage\":\"sk-SK\",\"@id\":\"https:\\\/\\\/secure.gravatar.com\\\/avatar\\\/57cac84b94061d1af6548f41cd07cbee960ab67f3b80825c4b192af947aa3c0f?s=96&d=mm&r=g\",\"url\":\"https:\\\/\\\/secure.gravatar.com\\\/avatar\\\/57cac84b94061d1af6548f41cd07cbee960ab67f3b80825c4b192af947aa3c0f?s=96&d=mm&r=g\",\"contentUrl\":\"https:\\\/\\\/secure.gravatar.com\\\/avatar\\\/57cac84b94061d1af6548f41cd07cbee960ab67f3b80825c4b192af947aa3c0f?s=96&d=mm&r=g\",\"caption\":\"wiki\"},\"url\":\"https:\\\/\\\/www.youthforequality.sk\\\/index.php\\\/author\\\/janbor\\\/\"}]}<\/script>\n<!-- \/ Yoast SEO plugin. -->","yoast_head_json":{"title":"Z\u00e1\u017eitky z ml\u00e1de\u017en\u00edckej v\u00fdmeny \"East meets west - for gender equality\" |","robots":{"index":"index","follow":"follow","max-snippet":"max-snippet:-1","max-image-preview":"max-image-preview:large","max-video-preview":"max-video-preview:-1"},"canonical":"https:\/\/www.youthforequality.sk\/index.php\/2022\/07\/26\/zazitky-z-mladeznickej-vymeny-east-meets-west-for-gender-equality\/","og_locale":"sk_SK","og_type":"article","og_title":"Z\u00e1\u017eitky z ml\u00e1de\u017en\u00edckej v\u00fdmeny \"East meets west - for gender equality\" |","og_description":"Jeden z najspont\u00e1nnej\u0161\u00edch projektov, ktor\u00e9 som kedy za\u017eila, bol pr\u00e1ve tento projekt-East meets west for gender equality. Nar\u00fdchlo sme zabookovali letenky, zbalili kufre a na posledn\u00fa chv\u00ed\u013eu sme vyrazili do Bulharska. V\u00fdlet n\u00e1m za\u010dal v Tren\u010d\u00edne, odkia\u013e sme vlakom cestovali do Bratislavy. V BA sme vyu\u017eili MHD, kde sme skoro dostali pokutu 180 \u20ac, ke\u010f\u017ee&hellip;&nbsp;\u010c\u00edta\u0165 viac &raquo;Z\u00e1\u017eitky z ml\u00e1de\u017en\u00edckej v\u00fdmeny &#8222;East meets west &#8211; for gender equality&#8220;","og_url":"https:\/\/www.youthforequality.sk\/index.php\/2022\/07\/26\/zazitky-z-mladeznickej-vymeny-east-meets-west-for-gender-equality\/","article_publisher":"https:\/\/www.facebook.com\/yeslovakia","article_published_time":"2022-07-26T10:51:38+00:00","article_modified_time":"2022-07-26T10:58:19+00:00","og_image":[{"width":1080,"height":865,"url":"https:\/\/www.youthforequality.sk\/wp-content\/uploads\/2022\/07\/293829277_2573289626138992_1955935235542729371_n.jpg","type":"image\/jpeg"}],"author":"wiki","twitter_card":"summary_large_image","twitter_misc":{"Autor":"wiki","Predpokladan\u00fd \u010das \u010d\u00edtania":"6 min\u00fat"},"schema":{"@context":"https:\/\/schema.org","@graph":[{"@type":"Article","@id":"https:\/\/www.youthforequality.sk\/index.php\/2022\/07\/26\/zazitky-z-mladeznickej-vymeny-east-meets-west-for-gender-equality\/#article","isPartOf":{"@id":"https:\/\/www.youthforequality.sk\/index.php\/2022\/07\/26\/zazitky-z-mladeznickej-vymeny-east-meets-west-for-gender-equality\/"},"author":{"name":"wiki","@id":"https:\/\/www.youthforequality.sk\/#\/schema\/person\/41e987664144336433c641d34b270d1b"},"headline":"Z\u00e1\u017eitky z ml\u00e1de\u017en\u00edckej v\u00fdmeny &#8222;East meets west &#8211; for gender equality&#8220;","datePublished":"2022-07-26T10:51:38+00:00","dateModified":"2022-07-26T10:58:19+00:00","mainEntityOfPage":{"@id":"https:\/\/www.youthforequality.sk\/index.php\/2022\/07\/26\/zazitky-z-mladeznickej-vymeny-east-meets-west-for-gender-equality\/"},"wordCount":1235,"publisher":{"@id":"https:\/\/www.youthforequality.sk\/#organization"},"image":{"@id":"https:\/\/www.youthforequality.sk\/index.php\/2022\/07\/26\/zazitky-z-mladeznickej-vymeny-east-meets-west-for-gender-equality\/#primaryimage"},"thumbnailUrl":"https:\/\/www.youthforequality.sk\/wp-content\/uploads\/2022\/07\/293829277_2573289626138992_1955935235542729371_n.jpg","articleSection":["Blog"],"inLanguage":"sk-SK"},{"@type":"WebPage","@id":"https:\/\/www.youthforequality.sk\/index.php\/2022\/07\/26\/zazitky-z-mladeznickej-vymeny-east-meets-west-for-gender-equality\/","url":"https:\/\/www.youthforequality.sk\/index.php\/2022\/07\/26\/zazitky-z-mladeznickej-vymeny-east-meets-west-for-gender-equality\/","name":"Z\u00e1\u017eitky z ml\u00e1de\u017en\u00edckej v\u00fdmeny \"East meets west - for gender equality\" |","isPartOf":{"@id":"https:\/\/www.youthforequality.sk\/#website"},"primaryImageOfPage":{"@id":"https:\/\/www.youthforequality.sk\/index.php\/2022\/07\/26\/zazitky-z-mladeznickej-vymeny-east-meets-west-for-gender-equality\/#primaryimage"},"image":{"@id":"https:\/\/www.youthforequality.sk\/index.php\/2022\/07\/26\/zazitky-z-mladeznickej-vymeny-east-meets-west-for-gender-equality\/#primaryimage"},"thumbnailUrl":"https:\/\/www.youthforequality.sk\/wp-content\/uploads\/2022\/07\/293829277_2573289626138992_1955935235542729371_n.jpg","datePublished":"2022-07-26T10:51:38+00:00","dateModified":"2022-07-26T10:58:19+00:00","breadcrumb":{"@id":"https:\/\/www.youthforequality.sk\/index.php\/2022\/07\/26\/zazitky-z-mladeznickej-vymeny-east-meets-west-for-gender-equality\/#breadcrumb"},"inLanguage":"sk-SK","potentialAction":[{"@type":"ReadAction","target":["https:\/\/www.youthforequality.sk\/index.php\/2022\/07\/26\/zazitky-z-mladeznickej-vymeny-east-meets-west-for-gender-equality\/"]}]},{"@type":"ImageObject","inLanguage":"sk-SK","@id":"https:\/\/www.youthforequality.sk\/index.php\/2022\/07\/26\/zazitky-z-mladeznickej-vymeny-east-meets-west-for-gender-equality\/#primaryimage","url":"https:\/\/www.youthforequality.sk\/wp-content\/uploads\/2022\/07\/293829277_2573289626138992_1955935235542729371_n.jpg","contentUrl":"https:\/\/www.youthforequality.sk\/wp-content\/uploads\/2022\/07\/293829277_2573289626138992_1955935235542729371_n.jpg","width":1080,"height":865},{"@type":"BreadcrumbList","@id":"https:\/\/www.youthforequality.sk\/index.php\/2022\/07\/26\/zazitky-z-mladeznickej-vymeny-east-meets-west-for-gender-equality\/#breadcrumb","itemListElement":[{"@type":"ListItem","position":1,"name":"Home","item":"https:\/\/www.youthforequality.sk\/"},{"@type":"ListItem","position":2,"name":"Z\u00e1\u017eitky z ml\u00e1de\u017en\u00edckej v\u00fdmeny &#8220;East meets west &#8211; for gender equality&#8221;"}]},{"@type":"WebSite","@id":"https:\/\/www.youthforequality.sk\/#website","url":"https:\/\/www.youthforequality.sk\/","name":"","description":"","publisher":{"@id":"https:\/\/www.youthforequality.sk\/#organization"},"potentialAction":[{"@type":"SearchAction","target":{"@type":"EntryPoint","urlTemplate":"https:\/\/www.youthforequality.sk\/?s={search_term_string}"},"query-input":{"@type":"PropertyValueSpecification","valueRequired":true,"valueName":"search_term_string"}}],"inLanguage":"sk-SK"},{"@type":"Organization","@id":"https:\/\/www.youthforequality.sk\/#organization","name":"Youth for Equality","url":"https:\/\/www.youthforequality.sk\/","logo":{"@type":"ImageObject","inLanguage":"sk-SK","@id":"https:\/\/www.youthforequality.sk\/#\/schema\/logo\/image\/","url":"https:\/\/www.youthforequality.sk\/wp-content\/uploads\/2021\/01\/vynovene-logo-nove-farby_modra-na-web.png","contentUrl":"https:\/\/www.youthforequality.sk\/wp-content\/uploads\/2021\/01\/vynovene-logo-nove-farby_modra-na-web.png","width":1,"height":1,"caption":"Youth for Equality"},"image":{"@id":"https:\/\/www.youthforequality.sk\/#\/schema\/logo\/image\/"},"sameAs":["https:\/\/www.facebook.com\/yeslovakia"]},{"@type":"Person","@id":"https:\/\/www.youthforequality.sk\/#\/schema\/person\/41e987664144336433c641d34b270d1b","name":"wiki","image":{"@type":"ImageObject","inLanguage":"sk-SK","@id":"https:\/\/secure.gravatar.com\/avatar\/57cac84b94061d1af6548f41cd07cbee960ab67f3b80825c4b192af947aa3c0f?s=96&d=mm&r=g","url":"https:\/\/secure.gravatar.com\/avatar\/57cac84b94061d1af6548f41cd07cbee960ab67f3b80825c4b192af947aa3c0f?s=96&d=mm&r=g","contentUrl":"https:\/\/secure.gravatar.com\/avatar\/57cac84b94061d1af6548f41cd07cbee960ab67f3b80825c4b192af947aa3c0f?s=96&d=mm&r=g","caption":"wiki"},"url":"https:\/\/www.youthforequality.sk\/index.php\/author\/janbor\/"}]}},"_links":{"self":[{"href":"https:\/\/www.youthforequality.sk\/index.php\/wp-json\/wp\/v2\/posts\/4220","targetHints":{"allow":["GET"]}}],"collection":[{"href":"https:\/\/www.youthforequality.sk\/index.php\/wp-json\/wp\/v2\/posts"}],"about":[{"href":"https:\/\/www.youthforequality.sk\/index.php\/wp-json\/wp\/v2\/types\/post"}],"author":[{"embeddable":true,"href":"https:\/\/www.youthforequality.sk\/index.php\/wp-json\/wp\/v2\/users\/6"}],"replies":[{"embeddable":true,"href":"https:\/\/www.youthforequality.sk\/index.php\/wp-json\/wp\/v2\/comments?post=4220"}],"version-history":[{"count":7,"href":"https:\/\/www.youthforequality.sk\/index.php\/wp-json\/wp\/v2\/posts\/4220\/revisions"}],"predecessor-version":[{"id":4235,"href":"https:\/\/www.youthforequality.sk\/index.php\/wp-json\/wp\/v2\/posts\/4220\/revisions\/4235"}],"wp:featuredmedia":[{"embeddable":true,"href":"https:\/\/www.youthforequality.sk\/index.php\/wp-json\/wp\/v2\/media\/4226"}],"wp:attachment":[{"href":"https:\/\/www.youthforequality.sk\/index.php\/wp-json\/wp\/v2\/media?parent=4220"}],"wp:term":[{"taxonomy":"category","embeddable":true,"href":"https:\/\/www.youthforequality.sk\/index.php\/wp-json\/wp\/v2\/categories?post=4220"},{"taxonomy":"post_tag","embeddable":true,"href":"https:\/\/www.youthforequality.sk\/index.php\/wp-json\/wp\/v2\/tags?post=4220"}],"curies":[{"name":"wp","href":"https:\/\/api.w.org\/{rel}","templated":true}]}}