{"id":4262,"date":"2022-08-02T16:35:06","date_gmt":"2022-08-02T14:35:06","guid":{"rendered":"https:\/\/www.youthforequality.sk\/?p=4262"},"modified":"2022-08-02T16:38:58","modified_gmt":"2022-08-02T14:38:58","slug":"mladeznicka-vymena-populism-is-no-joke","status":"publish","type":"post","link":"https:\/\/www.youthforequality.sk\/index.php\/2022\/08\/02\/mladeznicka-vymena-populism-is-no-joke\/","title":{"rendered":"Ml\u00e1de\u017en\u00edcka v\u00fdmena Populism is No Joke"},"content":{"rendered":"\t\t<div data-elementor-type=\"wp-post\" data-elementor-id=\"4262\" class=\"elementor elementor-4262\">\n\t\t\t\t\t\t<section class=\"elementor-section elementor-top-section elementor-element elementor-element-2c52f64 elementor-section-boxed elementor-section-height-default elementor-section-height-default\" data-id=\"2c52f64\" data-element_type=\"section\" data-e-type=\"section\">\n\t\t\t\t\t\t<div class=\"elementor-container elementor-column-gap-default\">\n\t\t\t\t\t<div class=\"elementor-column elementor-col-100 elementor-top-column elementor-element elementor-element-f23637e\" data-id=\"f23637e\" data-element_type=\"column\" data-e-type=\"column\">\n\t\t\t<div class=\"elementor-widget-wrap elementor-element-populated\">\n\t\t\t\t\t\t<div class=\"elementor-element elementor-element-dc20940 elementor-widget elementor-widget-text-editor\" data-id=\"dc20940\" data-element_type=\"widget\" data-e-type=\"widget\" data-widget_type=\"text-editor.default\">\n\t\t\t\t<div class=\"elementor-widget-container\">\n\t\t\t\t\t\t\t\t\t<p>Pred p\u00e1r d\u0148ami sa skon\u010dila ml\u00e1de\u017en\u00edcka v\u00fdmena s n\u00e1zvom Populism is No Joke. V chorv\u00e1tskej dedine Orahovica sa stretlo viac ako 40 \u00fa\u010dastn\u00edkov z 8 kraj\u00edn sveta. \u00da\u010dastn\u00edci vyu\u017e\u00edvali met\u00f3dy neform\u00e1lneho vzdel\u00e1vania na presk\u00famanie hlavn\u00fdch princ\u00edpov liber\u00e1lnej demokracie a ako populizmus spochyb\u0148uje tieto princ\u00edpy. Sk\u00famali aj postmodernizmus, woke ideol\u00f3giu \u2013 hnutie, ktor\u00e9 je medzi mlad\u00fdmi \u013eu\u010fmi ve\u013emi ob\u013e\u00faben\u00e9 \u2013 a jeho podobnosti s niektor\u00fdmi z\u00e1kladn\u00fdmi princ\u00edpmi populizmu.<\/p><p>\u00a0<\/p><p>Ka\u017ed\u00e1 krajina si vysk\u00fa\u0161ala aj organiz\u00e1ciu vlastn\u00e9ho workshopu, ktor\u00e1 n\u00e1s tie\u017e ve\u013ea nau\u010dila. Krajiny po\u0148ali pr\u00edpravu svojich workshopov odli\u0161ne a ka\u017ed\u00fd z \u00fa\u010dastn\u00edkov mal mo\u017enos\u0165 uk\u00e1za\u0165 svoje kreat\u00edvne \u201cja\u201d.<\/p><p>\u00a0<\/p><p>Po\u010das &#8222;intercultural night&#8220; sme mali mo\u017enos\u0165 vysk\u00fa\u0161a\u0165 jedl\u00e1 a n\u00e1poje in\u00fdch kult\u00far a zatancova\u0165 si ich tradi\u010dn\u00e9 tance. Cez vo\u013en\u00fd \u010das sa v\u00e4\u010d\u0161ina participantov rozhodla degustova\u0165 lok\u00e1lne v\u00edno v miestnom vin\u00e1rstve alebo \u00eds\u0165 na viacer\u00e9 t\u00fary. Na jednej z nich sa n\u00e1m dokonca podarilo aj strati\u0165, tak\u017ee sa za\u010dal boj o \u017eivot v chorv\u00e1tskych lesoch . O z\u00e1bavu sme mali postaran\u00e9 \ud83d\ude01<\/p><p>\u00a0<\/p><p>Sima<\/p>\t\t\t\t\t\t\t\t<\/div>\n\t\t\t\t<\/div>\n\t\t\t\t\t<\/div>\n\t\t<\/div>\n\t\t\t\t\t<\/div>\n\t\t<\/section>\n\t\t\t\t<section class=\"elementor-section elementor-top-section elementor-element elementor-element-ca707cb elementor-section-boxed elementor-section-height-default elementor-section-height-default\" data-id=\"ca707cb\" data-element_type=\"section\" data-e-type=\"section\">\n\t\t\t\t\t\t<div class=\"elementor-container elementor-column-gap-default\">\n\t\t\t\t\t\t<\/div>\n\t\t<\/section>\n\t\t\t\t<section class=\"elementor-section elementor-top-section elementor-element elementor-element-de7366a elementor-section-boxed elementor-section-height-default elementor-section-height-default\" data-id=\"de7366a\" data-element_type=\"section\" data-e-type=\"section\">\n\t\t\t\t\t\t<div class=\"elementor-container elementor-column-gap-default\">\n\t\t\t\t\t\t<\/div>\n\t\t<\/section>\n\t\t\t\t<section class=\"elementor-section elementor-top-section elementor-element elementor-element-0c9f9af elementor-section-boxed elementor-section-height-default elementor-section-height-default\" data-id=\"0c9f9af\" data-element_type=\"section\" data-e-type=\"section\">\n\t\t\t\t\t\t<div class=\"elementor-container elementor-column-gap-default\">\n\t\t\t\t\t\t<\/div>\n\t\t<\/section>\n\t\t\t\t<section class=\"elementor-section elementor-top-section elementor-element elementor-element-0eee8c6 elementor-section-boxed elementor-section-height-default elementor-section-height-default\" data-id=\"0eee8c6\" data-element_type=\"section\" data-e-type=\"section\">\n\t\t\t\t\t\t<div class=\"elementor-container elementor-column-gap-default\">\n\t\t\t\t\t\t<\/div>\n\t\t<\/section>\n\t\t\t\t<section class=\"elementor-section elementor-top-section elementor-element elementor-element-34e86ae elementor-section-boxed elementor-section-height-default elementor-section-height-default\" data-id=\"34e86ae\" data-element_type=\"section\" data-e-type=\"section\">\n\t\t\t\t\t\t<div class=\"elementor-container elementor-column-gap-default\">\n\t\t\t\t\t\t<\/div>\n\t\t<\/section>\n\t\t\t\t<section class=\"elementor-section elementor-top-section elementor-element elementor-element-da14a79 elementor-section-boxed elementor-section-height-default elementor-section-height-default\" data-id=\"da14a79\" data-element_type=\"section\" data-e-type=\"section\">\n\t\t\t\t\t\t<div class=\"elementor-container elementor-column-gap-default\">\n\t\t\t\t\t<div class=\"elementor-column elementor-col-100 elementor-top-column elementor-element elementor-element-bb443c8\" data-id=\"bb443c8\" data-element_type=\"column\" data-e-type=\"column\">\n\t\t\t<div class=\"elementor-widget-wrap elementor-element-populated\">\n\t\t\t\t\t\t<div class=\"elementor-element elementor-element-41967e4 elementor-widget elementor-widget-image\" data-id=\"41967e4\" data-element_type=\"widget\" data-e-type=\"widget\" data-widget_type=\"image.default\">\n\t\t\t\t<div class=\"elementor-widget-container\">\n\t\t\t\t\t\t\t\t\t\t\t\t\t\t\t<img fetchpriority=\"high\" decoding=\"async\" width=\"1024\" height=\"768\" src=\"https:\/\/www.youthforequality.sk\/wp-content\/uploads\/2022\/08\/295855564_593812748886646_810810073126396426_n-1024x768.jpg\" class=\"attachment-large size-large wp-image-4265\" alt=\"\" srcset=\"https:\/\/www.youthforequality.sk\/wp-content\/uploads\/2022\/08\/295855564_593812748886646_810810073126396426_n-1024x768.jpg 1024w, https:\/\/www.youthforequality.sk\/wp-content\/uploads\/2022\/08\/295855564_593812748886646_810810073126396426_n-300x225.jpg 300w, https:\/\/www.youthforequality.sk\/wp-content\/uploads\/2022\/08\/295855564_593812748886646_810810073126396426_n-768x576.jpg 768w, https:\/\/www.youthforequality.sk\/wp-content\/uploads\/2022\/08\/295855564_593812748886646_810810073126396426_n-1536x1152.jpg 1536w, https:\/\/www.youthforequality.sk\/wp-content\/uploads\/2022\/08\/295855564_593812748886646_810810073126396426_n.jpg 2048w\" sizes=\"(max-width: 1024px) 100vw, 1024px\" \/>\t\t\t\t\t\t\t\t\t\t\t\t\t\t\t<\/div>\n\t\t\t\t<\/div>\n\t\t\t\t\t<\/div>\n\t\t<\/div>\n\t\t\t\t\t<\/div>\n\t\t<\/section>\n\t\t\t\t<\/div>\n\t\t","protected":false},"excerpt":{"rendered":"<p>Pred p\u00e1r d\u0148ami sa skon\u010dila ml\u00e1de\u017en\u00edcka v\u00fdmena s n\u00e1zvom Populism is No Joke. V chorv\u00e1tskej dedine Orahovica sa stretlo viac ako 40 \u00fa\u010dastn\u00edkov z 8 kraj\u00edn sveta. \u00da\u010dastn\u00edci vyu\u017e\u00edvali met\u00f3dy neform\u00e1lneho vzdel\u00e1vania na presk\u00famanie hlavn\u00fdch princ\u00edpov liber\u00e1lnej demokracie a ako populizmus spochyb\u0148uje tieto princ\u00edpy. Sk\u00famali aj postmodernizmus, woke ideol\u00f3giu \u2013 hnutie, ktor\u00e9 je medzi mlad\u00fdmi&hellip;&nbsp;<a href=\"https:\/\/www.youthforequality.sk\/index.php\/2022\/08\/02\/mladeznicka-vymena-populism-is-no-joke\/\" class=\"\" rel=\"bookmark\">\u010c\u00edta\u0165 viac &raquo;<span class=\"screen-reader-text\">Ml\u00e1de\u017en\u00edcka v\u00fdmena Populism is No Joke<\/span><\/a><\/p>\n","protected":false},"author":6,"featured_media":4263,"comment_status":"closed","ping_status":"open","sticky":false,"template":"","format":"standard","meta":{"_uf_show_specific_survey":0,"_uf_disable_surveys":false,"neve_meta_sidebar":"","neve_meta_container":"","neve_meta_enable_content_width":"off","neve_meta_content_width":70,"neve_meta_title_alignment":"","neve_meta_author_avatar":"","neve_post_elements_order":"","neve_meta_disable_header":"","neve_meta_disable_footer":"","neve_meta_disable_title":"","_themeisle_gutenberg_block_has_review":false,"footnotes":""},"categories":[3],"tags":[],"class_list":["post-4262","post","type-post","status-publish","format-standard","has-post-thumbnail","hentry","category-blog"],"yoast_head":"<!-- This site is optimized with the Yoast SEO plugin v27.4 - https:\/\/yoast.com\/product\/yoast-seo-wordpress\/ -->\n<title>Ml\u00e1de\u017en\u00edcka v\u00fdmena Populism is No Joke |<\/title>\n<meta name=\"robots\" content=\"index, follow, max-snippet:-1, max-image-preview:large, max-video-preview:-1\" \/>\n<link rel=\"canonical\" href=\"https:\/\/www.youthforequality.sk\/index.php\/2022\/08\/02\/mladeznicka-vymena-populism-is-no-joke\/\" \/>\n<meta property=\"og:locale\" content=\"sk_SK\" \/>\n<meta property=\"og:type\" content=\"article\" \/>\n<meta property=\"og:title\" content=\"Ml\u00e1de\u017en\u00edcka v\u00fdmena Populism is No Joke |\" \/>\n<meta property=\"og:description\" content=\"Pred p\u00e1r d\u0148ami sa skon\u010dila ml\u00e1de\u017en\u00edcka v\u00fdmena s n\u00e1zvom Populism is No Joke. V chorv\u00e1tskej dedine Orahovica sa stretlo viac ako 40 \u00fa\u010dastn\u00edkov z 8 kraj\u00edn sveta. \u00da\u010dastn\u00edci vyu\u017e\u00edvali met\u00f3dy neform\u00e1lneho vzdel\u00e1vania na presk\u00famanie hlavn\u00fdch princ\u00edpov liber\u00e1lnej demokracie a ako populizmus spochyb\u0148uje tieto princ\u00edpy. Sk\u00famali aj postmodernizmus, woke ideol\u00f3giu \u2013 hnutie, ktor\u00e9 je medzi mlad\u00fdmi&hellip;&nbsp;\u010c\u00edta\u0165 viac &raquo;Ml\u00e1de\u017en\u00edcka v\u00fdmena Populism is No Joke\" \/>\n<meta property=\"og:url\" content=\"https:\/\/www.youthforequality.sk\/index.php\/2022\/08\/02\/mladeznicka-vymena-populism-is-no-joke\/\" \/>\n<meta property=\"article:publisher\" content=\"https:\/\/www.facebook.com\/yeslovakia\" \/>\n<meta property=\"article:published_time\" content=\"2022-08-02T14:35:06+00:00\" \/>\n<meta property=\"article:modified_time\" content=\"2022-08-02T14:38:58+00:00\" \/>\n<meta property=\"og:image\" content=\"https:\/\/www.youthforequality.sk\/wp-content\/uploads\/2022\/08\/295433568_3244188392459380_4956019176297992588_n.jpg\" \/>\n\t<meta property=\"og:image:width\" content=\"1024\" \/>\n\t<meta property=\"og:image:height\" content=\"768\" \/>\n\t<meta property=\"og:image:type\" content=\"image\/jpeg\" \/>\n<meta name=\"author\" content=\"wiki\" \/>\n<meta name=\"twitter:card\" content=\"summary_large_image\" \/>\n<meta name=\"twitter:label1\" content=\"Autor\" \/>\n\t<meta name=\"twitter:data1\" content=\"wiki\" \/>\n\t<meta name=\"twitter:label2\" content=\"Predpokladan\u00fd \u010das \u010d\u00edtania\" \/>\n\t<meta name=\"twitter:data2\" content=\"1 min\u00fata\" \/>\n<script type=\"application\/ld+json\" class=\"yoast-schema-graph\">{\"@context\":\"https:\\\/\\\/schema.org\",\"@graph\":[{\"@type\":\"Article\",\"@id\":\"https:\\\/\\\/www.youthforequality.sk\\\/index.php\\\/2022\\\/08\\\/02\\\/mladeznicka-vymena-populism-is-no-joke\\\/#article\",\"isPartOf\":{\"@id\":\"https:\\\/\\\/www.youthforequality.sk\\\/index.php\\\/2022\\\/08\\\/02\\\/mladeznicka-vymena-populism-is-no-joke\\\/\"},\"author\":{\"name\":\"wiki\",\"@id\":\"https:\\\/\\\/www.youthforequality.sk\\\/#\\\/schema\\\/person\\\/41e987664144336433c641d34b270d1b\"},\"headline\":\"Ml\u00e1de\u017en\u00edcka v\u00fdmena Populism is No Joke\",\"datePublished\":\"2022-08-02T14:35:06+00:00\",\"dateModified\":\"2022-08-02T14:38:58+00:00\",\"mainEntityOfPage\":{\"@id\":\"https:\\\/\\\/www.youthforequality.sk\\\/index.php\\\/2022\\\/08\\\/02\\\/mladeznicka-vymena-populism-is-no-joke\\\/\"},\"wordCount\":228,\"publisher\":{\"@id\":\"https:\\\/\\\/www.youthforequality.sk\\\/#organization\"},\"image\":{\"@id\":\"https:\\\/\\\/www.youthforequality.sk\\\/index.php\\\/2022\\\/08\\\/02\\\/mladeznicka-vymena-populism-is-no-joke\\\/#primaryimage\"},\"thumbnailUrl\":\"https:\\\/\\\/www.youthforequality.sk\\\/wp-content\\\/uploads\\\/2022\\\/08\\\/295433568_3244188392459380_4956019176297992588_n.jpg\",\"articleSection\":[\"Blog\"],\"inLanguage\":\"sk-SK\"},{\"@type\":\"WebPage\",\"@id\":\"https:\\\/\\\/www.youthforequality.sk\\\/index.php\\\/2022\\\/08\\\/02\\\/mladeznicka-vymena-populism-is-no-joke\\\/\",\"url\":\"https:\\\/\\\/www.youthforequality.sk\\\/index.php\\\/2022\\\/08\\\/02\\\/mladeznicka-vymena-populism-is-no-joke\\\/\",\"name\":\"Ml\u00e1de\u017en\u00edcka v\u00fdmena Populism is No Joke |\",\"isPartOf\":{\"@id\":\"https:\\\/\\\/www.youthforequality.sk\\\/#website\"},\"primaryImageOfPage\":{\"@id\":\"https:\\\/\\\/www.youthforequality.sk\\\/index.php\\\/2022\\\/08\\\/02\\\/mladeznicka-vymena-populism-is-no-joke\\\/#primaryimage\"},\"image\":{\"@id\":\"https:\\\/\\\/www.youthforequality.sk\\\/index.php\\\/2022\\\/08\\\/02\\\/mladeznicka-vymena-populism-is-no-joke\\\/#primaryimage\"},\"thumbnailUrl\":\"https:\\\/\\\/www.youthforequality.sk\\\/wp-content\\\/uploads\\\/2022\\\/08\\\/295433568_3244188392459380_4956019176297992588_n.jpg\",\"datePublished\":\"2022-08-02T14:35:06+00:00\",\"dateModified\":\"2022-08-02T14:38:58+00:00\",\"breadcrumb\":{\"@id\":\"https:\\\/\\\/www.youthforequality.sk\\\/index.php\\\/2022\\\/08\\\/02\\\/mladeznicka-vymena-populism-is-no-joke\\\/#breadcrumb\"},\"inLanguage\":\"sk-SK\",\"potentialAction\":[{\"@type\":\"ReadAction\",\"target\":[\"https:\\\/\\\/www.youthforequality.sk\\\/index.php\\\/2022\\\/08\\\/02\\\/mladeznicka-vymena-populism-is-no-joke\\\/\"]}]},{\"@type\":\"ImageObject\",\"inLanguage\":\"sk-SK\",\"@id\":\"https:\\\/\\\/www.youthforequality.sk\\\/index.php\\\/2022\\\/08\\\/02\\\/mladeznicka-vymena-populism-is-no-joke\\\/#primaryimage\",\"url\":\"https:\\\/\\\/www.youthforequality.sk\\\/wp-content\\\/uploads\\\/2022\\\/08\\\/295433568_3244188392459380_4956019176297992588_n.jpg\",\"contentUrl\":\"https:\\\/\\\/www.youthforequality.sk\\\/wp-content\\\/uploads\\\/2022\\\/08\\\/295433568_3244188392459380_4956019176297992588_n.jpg\",\"width\":1024,\"height\":768},{\"@type\":\"BreadcrumbList\",\"@id\":\"https:\\\/\\\/www.youthforequality.sk\\\/index.php\\\/2022\\\/08\\\/02\\\/mladeznicka-vymena-populism-is-no-joke\\\/#breadcrumb\",\"itemListElement\":[{\"@type\":\"ListItem\",\"position\":1,\"name\":\"Home\",\"item\":\"https:\\\/\\\/www.youthforequality.sk\\\/\"},{\"@type\":\"ListItem\",\"position\":2,\"name\":\"Ml\u00e1de\u017en\u00edcka v\u00fdmena Populism is No Joke\"}]},{\"@type\":\"WebSite\",\"@id\":\"https:\\\/\\\/www.youthforequality.sk\\\/#website\",\"url\":\"https:\\\/\\\/www.youthforequality.sk\\\/\",\"name\":\"\",\"description\":\"\",\"publisher\":{\"@id\":\"https:\\\/\\\/www.youthforequality.sk\\\/#organization\"},\"potentialAction\":[{\"@type\":\"SearchAction\",\"target\":{\"@type\":\"EntryPoint\",\"urlTemplate\":\"https:\\\/\\\/www.youthforequality.sk\\\/?s={search_term_string}\"},\"query-input\":{\"@type\":\"PropertyValueSpecification\",\"valueRequired\":true,\"valueName\":\"search_term_string\"}}],\"inLanguage\":\"sk-SK\"},{\"@type\":\"Organization\",\"@id\":\"https:\\\/\\\/www.youthforequality.sk\\\/#organization\",\"name\":\"Youth for Equality\",\"url\":\"https:\\\/\\\/www.youthforequality.sk\\\/\",\"logo\":{\"@type\":\"ImageObject\",\"inLanguage\":\"sk-SK\",\"@id\":\"https:\\\/\\\/www.youthforequality.sk\\\/#\\\/schema\\\/logo\\\/image\\\/\",\"url\":\"https:\\\/\\\/www.youthforequality.sk\\\/wp-content\\\/uploads\\\/2021\\\/01\\\/vynovene-logo-nove-farby_modra-na-web.png\",\"contentUrl\":\"https:\\\/\\\/www.youthforequality.sk\\\/wp-content\\\/uploads\\\/2021\\\/01\\\/vynovene-logo-nove-farby_modra-na-web.png\",\"width\":1,\"height\":1,\"caption\":\"Youth for Equality\"},\"image\":{\"@id\":\"https:\\\/\\\/www.youthforequality.sk\\\/#\\\/schema\\\/logo\\\/image\\\/\"},\"sameAs\":[\"https:\\\/\\\/www.facebook.com\\\/yeslovakia\"]},{\"@type\":\"Person\",\"@id\":\"https:\\\/\\\/www.youthforequality.sk\\\/#\\\/schema\\\/person\\\/41e987664144336433c641d34b270d1b\",\"name\":\"wiki\",\"image\":{\"@type\":\"ImageObject\",\"inLanguage\":\"sk-SK\",\"@id\":\"https:\\\/\\\/secure.gravatar.com\\\/avatar\\\/57cac84b94061d1af6548f41cd07cbee960ab67f3b80825c4b192af947aa3c0f?s=96&d=mm&r=g\",\"url\":\"https:\\\/\\\/secure.gravatar.com\\\/avatar\\\/57cac84b94061d1af6548f41cd07cbee960ab67f3b80825c4b192af947aa3c0f?s=96&d=mm&r=g\",\"contentUrl\":\"https:\\\/\\\/secure.gravatar.com\\\/avatar\\\/57cac84b94061d1af6548f41cd07cbee960ab67f3b80825c4b192af947aa3c0f?s=96&d=mm&r=g\",\"caption\":\"wiki\"},\"url\":\"https:\\\/\\\/www.youthforequality.sk\\\/index.php\\\/author\\\/janbor\\\/\"}]}<\/script>\n<!-- \/ Yoast SEO plugin. -->","yoast_head_json":{"title":"Ml\u00e1de\u017en\u00edcka v\u00fdmena Populism is No Joke |","robots":{"index":"index","follow":"follow","max-snippet":"max-snippet:-1","max-image-preview":"max-image-preview:large","max-video-preview":"max-video-preview:-1"},"canonical":"https:\/\/www.youthforequality.sk\/index.php\/2022\/08\/02\/mladeznicka-vymena-populism-is-no-joke\/","og_locale":"sk_SK","og_type":"article","og_title":"Ml\u00e1de\u017en\u00edcka v\u00fdmena Populism is No Joke |","og_description":"Pred p\u00e1r d\u0148ami sa skon\u010dila ml\u00e1de\u017en\u00edcka v\u00fdmena s n\u00e1zvom Populism is No Joke. V chorv\u00e1tskej dedine Orahovica sa stretlo viac ako 40 \u00fa\u010dastn\u00edkov z 8 kraj\u00edn sveta. \u00da\u010dastn\u00edci vyu\u017e\u00edvali met\u00f3dy neform\u00e1lneho vzdel\u00e1vania na presk\u00famanie hlavn\u00fdch princ\u00edpov liber\u00e1lnej demokracie a ako populizmus spochyb\u0148uje tieto princ\u00edpy. Sk\u00famali aj postmodernizmus, woke ideol\u00f3giu \u2013 hnutie, ktor\u00e9 je medzi mlad\u00fdmi&hellip;&nbsp;\u010c\u00edta\u0165 viac &raquo;Ml\u00e1de\u017en\u00edcka v\u00fdmena Populism is No Joke","og_url":"https:\/\/www.youthforequality.sk\/index.php\/2022\/08\/02\/mladeznicka-vymena-populism-is-no-joke\/","article_publisher":"https:\/\/www.facebook.com\/yeslovakia","article_published_time":"2022-08-02T14:35:06+00:00","article_modified_time":"2022-08-02T14:38:58+00:00","og_image":[{"width":1024,"height":768,"url":"https:\/\/www.youthforequality.sk\/wp-content\/uploads\/2022\/08\/295433568_3244188392459380_4956019176297992588_n.jpg","type":"image\/jpeg"}],"author":"wiki","twitter_card":"summary_large_image","twitter_misc":{"Autor":"wiki","Predpokladan\u00fd \u010das \u010d\u00edtania":"1 min\u00fata"},"schema":{"@context":"https:\/\/schema.org","@graph":[{"@type":"Article","@id":"https:\/\/www.youthforequality.sk\/index.php\/2022\/08\/02\/mladeznicka-vymena-populism-is-no-joke\/#article","isPartOf":{"@id":"https:\/\/www.youthforequality.sk\/index.php\/2022\/08\/02\/mladeznicka-vymena-populism-is-no-joke\/"},"author":{"name":"wiki","@id":"https:\/\/www.youthforequality.sk\/#\/schema\/person\/41e987664144336433c641d34b270d1b"},"headline":"Ml\u00e1de\u017en\u00edcka v\u00fdmena Populism is No Joke","datePublished":"2022-08-02T14:35:06+00:00","dateModified":"2022-08-02T14:38:58+00:00","mainEntityOfPage":{"@id":"https:\/\/www.youthforequality.sk\/index.php\/2022\/08\/02\/mladeznicka-vymena-populism-is-no-joke\/"},"wordCount":228,"publisher":{"@id":"https:\/\/www.youthforequality.sk\/#organization"},"image":{"@id":"https:\/\/www.youthforequality.sk\/index.php\/2022\/08\/02\/mladeznicka-vymena-populism-is-no-joke\/#primaryimage"},"thumbnailUrl":"https:\/\/www.youthforequality.sk\/wp-content\/uploads\/2022\/08\/295433568_3244188392459380_4956019176297992588_n.jpg","articleSection":["Blog"],"inLanguage":"sk-SK"},{"@type":"WebPage","@id":"https:\/\/www.youthforequality.sk\/index.php\/2022\/08\/02\/mladeznicka-vymena-populism-is-no-joke\/","url":"https:\/\/www.youthforequality.sk\/index.php\/2022\/08\/02\/mladeznicka-vymena-populism-is-no-joke\/","name":"Ml\u00e1de\u017en\u00edcka v\u00fdmena Populism is No Joke |","isPartOf":{"@id":"https:\/\/www.youthforequality.sk\/#website"},"primaryImageOfPage":{"@id":"https:\/\/www.youthforequality.sk\/index.php\/2022\/08\/02\/mladeznicka-vymena-populism-is-no-joke\/#primaryimage"},"image":{"@id":"https:\/\/www.youthforequality.sk\/index.php\/2022\/08\/02\/mladeznicka-vymena-populism-is-no-joke\/#primaryimage"},"thumbnailUrl":"https:\/\/www.youthforequality.sk\/wp-content\/uploads\/2022\/08\/295433568_3244188392459380_4956019176297992588_n.jpg","datePublished":"2022-08-02T14:35:06+00:00","dateModified":"2022-08-02T14:38:58+00:00","breadcrumb":{"@id":"https:\/\/www.youthforequality.sk\/index.php\/2022\/08\/02\/mladeznicka-vymena-populism-is-no-joke\/#breadcrumb"},"inLanguage":"sk-SK","potentialAction":[{"@type":"ReadAction","target":["https:\/\/www.youthforequality.sk\/index.php\/2022\/08\/02\/mladeznicka-vymena-populism-is-no-joke\/"]}]},{"@type":"ImageObject","inLanguage":"sk-SK","@id":"https:\/\/www.youthforequality.sk\/index.php\/2022\/08\/02\/mladeznicka-vymena-populism-is-no-joke\/#primaryimage","url":"https:\/\/www.youthforequality.sk\/wp-content\/uploads\/2022\/08\/295433568_3244188392459380_4956019176297992588_n.jpg","contentUrl":"https:\/\/www.youthforequality.sk\/wp-content\/uploads\/2022\/08\/295433568_3244188392459380_4956019176297992588_n.jpg","width":1024,"height":768},{"@type":"BreadcrumbList","@id":"https:\/\/www.youthforequality.sk\/index.php\/2022\/08\/02\/mladeznicka-vymena-populism-is-no-joke\/#breadcrumb","itemListElement":[{"@type":"ListItem","position":1,"name":"Home","item":"https:\/\/www.youthforequality.sk\/"},{"@type":"ListItem","position":2,"name":"Ml\u00e1de\u017en\u00edcka v\u00fdmena Populism is No Joke"}]},{"@type":"WebSite","@id":"https:\/\/www.youthforequality.sk\/#website","url":"https:\/\/www.youthforequality.sk\/","name":"","description":"","publisher":{"@id":"https:\/\/www.youthforequality.sk\/#organization"},"potentialAction":[{"@type":"SearchAction","target":{"@type":"EntryPoint","urlTemplate":"https:\/\/www.youthforequality.sk\/?s={search_term_string}"},"query-input":{"@type":"PropertyValueSpecification","valueRequired":true,"valueName":"search_term_string"}}],"inLanguage":"sk-SK"},{"@type":"Organization","@id":"https:\/\/www.youthforequality.sk\/#organization","name":"Youth for Equality","url":"https:\/\/www.youthforequality.sk\/","logo":{"@type":"ImageObject","inLanguage":"sk-SK","@id":"https:\/\/www.youthforequality.sk\/#\/schema\/logo\/image\/","url":"https:\/\/www.youthforequality.sk\/wp-content\/uploads\/2021\/01\/vynovene-logo-nove-farby_modra-na-web.png","contentUrl":"https:\/\/www.youthforequality.sk\/wp-content\/uploads\/2021\/01\/vynovene-logo-nove-farby_modra-na-web.png","width":1,"height":1,"caption":"Youth for Equality"},"image":{"@id":"https:\/\/www.youthforequality.sk\/#\/schema\/logo\/image\/"},"sameAs":["https:\/\/www.facebook.com\/yeslovakia"]},{"@type":"Person","@id":"https:\/\/www.youthforequality.sk\/#\/schema\/person\/41e987664144336433c641d34b270d1b","name":"wiki","image":{"@type":"ImageObject","inLanguage":"sk-SK","@id":"https:\/\/secure.gravatar.com\/avatar\/57cac84b94061d1af6548f41cd07cbee960ab67f3b80825c4b192af947aa3c0f?s=96&d=mm&r=g","url":"https:\/\/secure.gravatar.com\/avatar\/57cac84b94061d1af6548f41cd07cbee960ab67f3b80825c4b192af947aa3c0f?s=96&d=mm&r=g","contentUrl":"https:\/\/secure.gravatar.com\/avatar\/57cac84b94061d1af6548f41cd07cbee960ab67f3b80825c4b192af947aa3c0f?s=96&d=mm&r=g","caption":"wiki"},"url":"https:\/\/www.youthforequality.sk\/index.php\/author\/janbor\/"}]}},"_links":{"self":[{"href":"https:\/\/www.youthforequality.sk\/index.php\/wp-json\/wp\/v2\/posts\/4262","targetHints":{"allow":["GET"]}}],"collection":[{"href":"https:\/\/www.youthforequality.sk\/index.php\/wp-json\/wp\/v2\/posts"}],"about":[{"href":"https:\/\/www.youthforequality.sk\/index.php\/wp-json\/wp\/v2\/types\/post"}],"author":[{"embeddable":true,"href":"https:\/\/www.youthforequality.sk\/index.php\/wp-json\/wp\/v2\/users\/6"}],"replies":[{"embeddable":true,"href":"https:\/\/www.youthforequality.sk\/index.php\/wp-json\/wp\/v2\/comments?post=4262"}],"version-history":[{"count":8,"href":"https:\/\/www.youthforequality.sk\/index.php\/wp-json\/wp\/v2\/posts\/4262\/revisions"}],"predecessor-version":[{"id":4273,"href":"https:\/\/www.youthforequality.sk\/index.php\/wp-json\/wp\/v2\/posts\/4262\/revisions\/4273"}],"wp:featuredmedia":[{"embeddable":true,"href":"https:\/\/www.youthforequality.sk\/index.php\/wp-json\/wp\/v2\/media\/4263"}],"wp:attachment":[{"href":"https:\/\/www.youthforequality.sk\/index.php\/wp-json\/wp\/v2\/media?parent=4262"}],"wp:term":[{"taxonomy":"category","embeddable":true,"href":"https:\/\/www.youthforequality.sk\/index.php\/wp-json\/wp\/v2\/categories?post=4262"},{"taxonomy":"post_tag","embeddable":true,"href":"https:\/\/www.youthforequality.sk\/index.php\/wp-json\/wp\/v2\/tags?post=4262"}],"curies":[{"name":"wp","href":"https:\/\/api.w.org\/{rel}","templated":true}]}}