{"id":4276,"date":"2022-08-12T15:17:45","date_gmt":"2022-08-12T13:17:45","guid":{"rendered":"https:\/\/www.youthforequality.sk\/?p=4276"},"modified":"2022-10-11T16:22:23","modified_gmt":"2022-10-11T14:22:23","slug":"sustainable-compass-19-9-28-9-puente-genil-spanielsko","status":"publish","type":"post","link":"https:\/\/www.youthforequality.sk\/index.php\/2022\/08\/12\/sustainable-compass-19-9-28-9-puente-genil-spanielsko\/","title":{"rendered":"Sustainable compass | 19.9.-28.9. | Puente Genil, \u0160panielsko"},"content":{"rendered":"\t\t<div data-elementor-type=\"wp-post\" data-elementor-id=\"4276\" class=\"elementor elementor-4276\">\n\t\t\t\t\t\t<section class=\"elementor-section elementor-top-section elementor-element elementor-element-d85d5bf elementor-section-boxed elementor-section-height-default elementor-section-height-default\" data-id=\"d85d5bf\" data-element_type=\"section\" data-e-type=\"section\">\n\t\t\t\t\t\t<div class=\"elementor-container elementor-column-gap-default\">\n\t\t\t\t\t<div class=\"elementor-column elementor-col-100 elementor-top-column elementor-element elementor-element-d475d81\" data-id=\"d475d81\" data-element_type=\"column\" data-e-type=\"column\">\n\t\t\t<div class=\"elementor-widget-wrap elementor-element-populated\">\n\t\t\t\t\t\t<div class=\"elementor-element elementor-element-c0caa6e elementor-widget elementor-widget-text-editor\" data-id=\"c0caa6e\" data-element_type=\"widget\" data-e-type=\"widget\" data-widget_type=\"text-editor.default\">\n\t\t\t\t<div class=\"elementor-widget-container\">\n\t\t\t\t\t\t\t\t\t<p>Ml\u00e1de\u017en\u00edcka v\u00fdmena zdru\u017e\u00ed mlad\u00fdch \u013eud\u00ed z r\u00f4znych kraj\u00edn s cie\u013eom zv\u00fd\u0161i\u0165 povedomie o udr\u017eate\u013enom \u017eivote, klimatickej kr\u00edze, obnovite\u013en\u00fdch zdrojoch energie. Po\u010f sa nau\u010di\u0165 viac o tom, ako \u017ei\u0165 v harm\u00f3nii s prostred\u00edm okolo seba a \u017ei\u0165 zdrav\u0161\u00ed \u017eivot.\u00a0<\/p><p>\u00a0<\/p><p>H\u013ead\u00e1me 5 \u00fa\u010dastn\u00edkov vo veku 18-30 rokov a jedn\u00e9ho l\u00eddra skupiny bez vekov\u00e9ho obmedzenia.\u00a0<\/p><p>\u00a0<\/p><p>Te\u0161\u00edme sa na prihl\u00e1\u0161ky do 18.8.!<\/p>\t\t\t\t\t\t\t\t<\/div>\n\t\t\t\t<\/div>\n\t\t\t\t\t<\/div>\n\t\t<\/div>\n\t\t\t\t\t<\/div>\n\t\t<\/section>\n\t\t\t\t<section class=\"elementor-section elementor-top-section elementor-element elementor-element-1c6de46 elementor-section-boxed elementor-section-height-default elementor-section-height-default\" data-id=\"1c6de46\" data-element_type=\"section\" data-e-type=\"section\">\n\t\t\t\t\t\t<div class=\"elementor-container elementor-column-gap-default\">\n\t\t\t\t\t<div class=\"elementor-column elementor-col-100 elementor-top-column elementor-element elementor-element-4f539b7\" data-id=\"4f539b7\" data-element_type=\"column\" data-e-type=\"column\">\n\t\t\t<div class=\"elementor-widget-wrap elementor-element-populated\">\n\t\t\t\t\t\t<div class=\"elementor-element elementor-element-a952d59 elementor-widget elementor-widget-button\" data-id=\"a952d59\" data-element_type=\"widget\" data-e-type=\"widget\" data-widget_type=\"button.default\">\n\t\t\t\t<div class=\"elementor-widget-container\">\n\t\t\t\t\t\t\t\t\t<div class=\"elementor-button-wrapper\">\n\t\t\t\t\t<a class=\"elementor-button elementor-button-link elementor-size-sm\" href=\"https:\/\/docs.google.com\/forms\/d\/14RW6MZBZxb6BSwnYCPKPUkjNtmG13u5cpFbAFDJfI8I\/edit?fbclid=IwAR3ZAOTkgYBAjgRyE8FV4zb9QjA7p01BGYzp8Phrg8pFRnrI9fLoeAKIGcI\">\n\t\t\t\t\t\t<span class=\"elementor-button-content-wrapper\">\n\t\t\t\t\t\t\t\t\t<span class=\"elementor-button-text\">Prihl\u00e1\u0161ka<\/span>\n\t\t\t\t\t<\/span>\n\t\t\t\t\t<\/a>\n\t\t\t\t<\/div>\n\t\t\t\t\t\t\t\t<\/div>\n\t\t\t\t<\/div>\n\t\t\t\t\t<\/div>\n\t\t<\/div>\n\t\t\t\t\t<\/div>\n\t\t<\/section>\n\t\t\t\t<section class=\"elementor-section elementor-top-section elementor-element elementor-element-476d00d elementor-section-boxed elementor-section-height-default elementor-section-height-default\" data-id=\"476d00d\" data-element_type=\"section\" data-e-type=\"section\">\n\t\t\t\t\t\t<div class=\"elementor-container elementor-column-gap-default\">\n\t\t\t\t\t<div class=\"elementor-column elementor-col-100 elementor-top-column elementor-element elementor-element-26067dc\" data-id=\"26067dc\" data-element_type=\"column\" data-e-type=\"column\">\n\t\t\t<div class=\"elementor-widget-wrap elementor-element-populated\">\n\t\t\t\t\t\t<div class=\"elementor-element elementor-element-792439b elementor-widget elementor-widget-button\" data-id=\"792439b\" data-element_type=\"widget\" data-e-type=\"widget\" data-widget_type=\"button.default\">\n\t\t\t\t<div class=\"elementor-widget-container\">\n\t\t\t\t\t\t\t\t\t<div class=\"elementor-button-wrapper\">\n\t\t\t\t\t<a class=\"elementor-button elementor-button-link elementor-size-sm\" href=\"https:\/\/drive.google.com\/file\/d\/1dHoE3oT8RKFOjwuM7tUnUlciJKNitp6K\/view?usp=sharing\">\n\t\t\t\t\t\t<span class=\"elementor-button-content-wrapper\">\n\t\t\t\t\t\t\t\t\t<span class=\"elementor-button-text\">Viac o projekte<\/span>\n\t\t\t\t\t<\/span>\n\t\t\t\t\t<\/a>\n\t\t\t\t<\/div>\n\t\t\t\t\t\t\t\t<\/div>\n\t\t\t\t<\/div>\n\t\t\t\t\t<\/div>\n\t\t<\/div>\n\t\t\t\t\t<\/div>\n\t\t<\/section>\n\t\t\t\t<\/div>\n\t\t","protected":false},"excerpt":{"rendered":"<p>Ml\u00e1de\u017en\u00edcka v\u00fdmena zdru\u017e\u00ed mlad\u00fdch \u013eud\u00ed z r\u00f4znych kraj\u00edn s cie\u013eom zv\u00fd\u0161i\u0165 povedomie o udr\u017eate\u013enom \u017eivote, klimatickej kr\u00edze, obnovite\u013en\u00fdch zdrojoch energie. Po\u010f sa nau\u010di\u0165 viac o tom, ako \u017ei\u0165 v harm\u00f3nii s prostred\u00edm okolo seba a \u017ei\u0165 zdrav\u0161\u00ed \u017eivot. H\u013ead\u00e1me 5 \u00fa\u010dastn\u00edkov vo veku 18-30 rokov a jedn\u00e9ho l\u00eddra skupiny bez vekov\u00e9ho obmedzenia. Te\u0161\u00edme sa na&hellip;&nbsp;<a href=\"https:\/\/www.youthforequality.sk\/index.php\/2022\/08\/12\/sustainable-compass-19-9-28-9-puente-genil-spanielsko\/\" class=\"\" rel=\"bookmark\">\u010c\u00edta\u0165 viac &raquo;<span class=\"screen-reader-text\">Sustainable compass | 19.9.-28.9. | Puente Genil, \u0160panielsko<\/span><\/a><\/p>\n","protected":false},"author":6,"featured_media":4280,"comment_status":"closed","ping_status":"open","sticky":false,"template":"","format":"standard","meta":{"_uf_show_specific_survey":0,"_uf_disable_surveys":false,"neve_meta_sidebar":"","neve_meta_container":"","neve_meta_enable_content_width":"off","neve_meta_content_width":70,"neve_meta_title_alignment":"","neve_meta_author_avatar":"","neve_post_elements_order":"","neve_meta_disable_header":"","neve_meta_disable_footer":"","neve_meta_disable_title":"","_themeisle_gutenberg_block_has_review":false,"footnotes":""},"categories":[1],"tags":[],"class_list":["post-4276","post","type-post","status-publish","format-standard","has-post-thumbnail","hentry","category-uncategorized"],"yoast_head":"<!-- This site is optimized with the Yoast SEO plugin v27.4 - https:\/\/yoast.com\/product\/yoast-seo-wordpress\/ -->\n<title>Sustainable compass | 19.9.-28.9. | Puente Genil, \u0160panielsko |<\/title>\n<meta name=\"robots\" content=\"index, follow, max-snippet:-1, max-image-preview:large, max-video-preview:-1\" \/>\n<link rel=\"canonical\" href=\"https:\/\/www.youthforequality.sk\/index.php\/2022\/08\/12\/sustainable-compass-19-9-28-9-puente-genil-spanielsko\/\" \/>\n<meta property=\"og:locale\" content=\"sk_SK\" \/>\n<meta property=\"og:type\" content=\"article\" \/>\n<meta property=\"og:title\" content=\"Sustainable compass | 19.9.-28.9. | Puente Genil, \u0160panielsko |\" \/>\n<meta property=\"og:description\" content=\"Ml\u00e1de\u017en\u00edcka v\u00fdmena zdru\u017e\u00ed mlad\u00fdch \u013eud\u00ed z r\u00f4znych kraj\u00edn s cie\u013eom zv\u00fd\u0161i\u0165 povedomie o udr\u017eate\u013enom \u017eivote, klimatickej kr\u00edze, obnovite\u013en\u00fdch zdrojoch energie. Po\u010f sa nau\u010di\u0165 viac o tom, ako \u017ei\u0165 v harm\u00f3nii s prostred\u00edm okolo seba a \u017ei\u0165 zdrav\u0161\u00ed \u017eivot. H\u013ead\u00e1me 5 \u00fa\u010dastn\u00edkov vo veku 18-30 rokov a jedn\u00e9ho l\u00eddra skupiny bez vekov\u00e9ho obmedzenia. Te\u0161\u00edme sa na&hellip;&nbsp;\u010c\u00edta\u0165 viac &raquo;Sustainable compass | 19.9.-28.9. | Puente Genil, \u0160panielsko\" \/>\n<meta property=\"og:url\" content=\"https:\/\/www.youthforequality.sk\/index.php\/2022\/08\/12\/sustainable-compass-19-9-28-9-puente-genil-spanielsko\/\" \/>\n<meta property=\"article:publisher\" content=\"https:\/\/www.facebook.com\/yeslovakia\" \/>\n<meta property=\"article:published_time\" content=\"2022-08-12T13:17:45+00:00\" \/>\n<meta property=\"article:modified_time\" content=\"2022-10-11T14:22:23+00:00\" \/>\n<meta property=\"og:image\" content=\"https:\/\/www.youthforequality.sk\/wp-content\/uploads\/2022\/08\/YE-Sustainable-Compass-1-724x1024.png\" \/>\n\t<meta property=\"og:image:width\" content=\"724\" \/>\n\t<meta property=\"og:image:height\" content=\"1024\" \/>\n\t<meta property=\"og:image:type\" content=\"image\/png\" \/>\n<meta name=\"author\" content=\"wiki\" \/>\n<meta name=\"twitter:card\" content=\"summary_large_image\" \/>\n<meta name=\"twitter:label1\" content=\"Autor\" \/>\n\t<meta name=\"twitter:data1\" content=\"wiki\" \/>\n<script type=\"application\/ld+json\" class=\"yoast-schema-graph\">{\"@context\":\"https:\\\/\\\/schema.org\",\"@graph\":[{\"@type\":\"Article\",\"@id\":\"https:\\\/\\\/www.youthforequality.sk\\\/index.php\\\/2022\\\/08\\\/12\\\/sustainable-compass-19-9-28-9-puente-genil-spanielsko\\\/#article\",\"isPartOf\":{\"@id\":\"https:\\\/\\\/www.youthforequality.sk\\\/index.php\\\/2022\\\/08\\\/12\\\/sustainable-compass-19-9-28-9-puente-genil-spanielsko\\\/\"},\"author\":{\"name\":\"wiki\",\"@id\":\"https:\\\/\\\/www.youthforequality.sk\\\/#\\\/schema\\\/person\\\/41e987664144336433c641d34b270d1b\"},\"headline\":\"Sustainable compass | 19.9.-28.9. | Puente Genil, \u0160panielsko\",\"datePublished\":\"2022-08-12T13:17:45+00:00\",\"dateModified\":\"2022-10-11T14:22:23+00:00\",\"mainEntityOfPage\":{\"@id\":\"https:\\\/\\\/www.youthforequality.sk\\\/index.php\\\/2022\\\/08\\\/12\\\/sustainable-compass-19-9-28-9-puente-genil-spanielsko\\\/\"},\"wordCount\":92,\"publisher\":{\"@id\":\"https:\\\/\\\/www.youthforequality.sk\\\/#organization\"},\"image\":{\"@id\":\"https:\\\/\\\/www.youthforequality.sk\\\/index.php\\\/2022\\\/08\\\/12\\\/sustainable-compass-19-9-28-9-puente-genil-spanielsko\\\/#primaryimage\"},\"thumbnailUrl\":\"https:\\\/\\\/www.youthforequality.sk\\\/wp-content\\\/uploads\\\/2022\\\/08\\\/YE-Sustainable-Compass-1.png\",\"articleSection\":[\"Uncategorized\"],\"inLanguage\":\"sk-SK\"},{\"@type\":\"WebPage\",\"@id\":\"https:\\\/\\\/www.youthforequality.sk\\\/index.php\\\/2022\\\/08\\\/12\\\/sustainable-compass-19-9-28-9-puente-genil-spanielsko\\\/\",\"url\":\"https:\\\/\\\/www.youthforequality.sk\\\/index.php\\\/2022\\\/08\\\/12\\\/sustainable-compass-19-9-28-9-puente-genil-spanielsko\\\/\",\"name\":\"Sustainable compass | 19.9.-28.9. | Puente Genil, \u0160panielsko |\",\"isPartOf\":{\"@id\":\"https:\\\/\\\/www.youthforequality.sk\\\/#website\"},\"primaryImageOfPage\":{\"@id\":\"https:\\\/\\\/www.youthforequality.sk\\\/index.php\\\/2022\\\/08\\\/12\\\/sustainable-compass-19-9-28-9-puente-genil-spanielsko\\\/#primaryimage\"},\"image\":{\"@id\":\"https:\\\/\\\/www.youthforequality.sk\\\/index.php\\\/2022\\\/08\\\/12\\\/sustainable-compass-19-9-28-9-puente-genil-spanielsko\\\/#primaryimage\"},\"thumbnailUrl\":\"https:\\\/\\\/www.youthforequality.sk\\\/wp-content\\\/uploads\\\/2022\\\/08\\\/YE-Sustainable-Compass-1.png\",\"datePublished\":\"2022-08-12T13:17:45+00:00\",\"dateModified\":\"2022-10-11T14:22:23+00:00\",\"breadcrumb\":{\"@id\":\"https:\\\/\\\/www.youthforequality.sk\\\/index.php\\\/2022\\\/08\\\/12\\\/sustainable-compass-19-9-28-9-puente-genil-spanielsko\\\/#breadcrumb\"},\"inLanguage\":\"sk-SK\",\"potentialAction\":[{\"@type\":\"ReadAction\",\"target\":[\"https:\\\/\\\/www.youthforequality.sk\\\/index.php\\\/2022\\\/08\\\/12\\\/sustainable-compass-19-9-28-9-puente-genil-spanielsko\\\/\"]}]},{\"@type\":\"ImageObject\",\"inLanguage\":\"sk-SK\",\"@id\":\"https:\\\/\\\/www.youthforequality.sk\\\/index.php\\\/2022\\\/08\\\/12\\\/sustainable-compass-19-9-28-9-puente-genil-spanielsko\\\/#primaryimage\",\"url\":\"https:\\\/\\\/www.youthforequality.sk\\\/wp-content\\\/uploads\\\/2022\\\/08\\\/YE-Sustainable-Compass-1.png\",\"contentUrl\":\"https:\\\/\\\/www.youthforequality.sk\\\/wp-content\\\/uploads\\\/2022\\\/08\\\/YE-Sustainable-Compass-1.png\",\"width\":1587,\"height\":2245},{\"@type\":\"BreadcrumbList\",\"@id\":\"https:\\\/\\\/www.youthforequality.sk\\\/index.php\\\/2022\\\/08\\\/12\\\/sustainable-compass-19-9-28-9-puente-genil-spanielsko\\\/#breadcrumb\",\"itemListElement\":[{\"@type\":\"ListItem\",\"position\":1,\"name\":\"Home\",\"item\":\"https:\\\/\\\/www.youthforequality.sk\\\/\"},{\"@type\":\"ListItem\",\"position\":2,\"name\":\"Sustainable compass | 19.9.-28.9. | Puente Genil, \u0160panielsko\"}]},{\"@type\":\"WebSite\",\"@id\":\"https:\\\/\\\/www.youthforequality.sk\\\/#website\",\"url\":\"https:\\\/\\\/www.youthforequality.sk\\\/\",\"name\":\"\",\"description\":\"\",\"publisher\":{\"@id\":\"https:\\\/\\\/www.youthforequality.sk\\\/#organization\"},\"potentialAction\":[{\"@type\":\"SearchAction\",\"target\":{\"@type\":\"EntryPoint\",\"urlTemplate\":\"https:\\\/\\\/www.youthforequality.sk\\\/?s={search_term_string}\"},\"query-input\":{\"@type\":\"PropertyValueSpecification\",\"valueRequired\":true,\"valueName\":\"search_term_string\"}}],\"inLanguage\":\"sk-SK\"},{\"@type\":\"Organization\",\"@id\":\"https:\\\/\\\/www.youthforequality.sk\\\/#organization\",\"name\":\"Youth for Equality\",\"url\":\"https:\\\/\\\/www.youthforequality.sk\\\/\",\"logo\":{\"@type\":\"ImageObject\",\"inLanguage\":\"sk-SK\",\"@id\":\"https:\\\/\\\/www.youthforequality.sk\\\/#\\\/schema\\\/logo\\\/image\\\/\",\"url\":\"https:\\\/\\\/www.youthforequality.sk\\\/wp-content\\\/uploads\\\/2021\\\/01\\\/vynovene-logo-nove-farby_modra-na-web.png\",\"contentUrl\":\"https:\\\/\\\/www.youthforequality.sk\\\/wp-content\\\/uploads\\\/2021\\\/01\\\/vynovene-logo-nove-farby_modra-na-web.png\",\"width\":1,\"height\":1,\"caption\":\"Youth for Equality\"},\"image\":{\"@id\":\"https:\\\/\\\/www.youthforequality.sk\\\/#\\\/schema\\\/logo\\\/image\\\/\"},\"sameAs\":[\"https:\\\/\\\/www.facebook.com\\\/yeslovakia\"]},{\"@type\":\"Person\",\"@id\":\"https:\\\/\\\/www.youthforequality.sk\\\/#\\\/schema\\\/person\\\/41e987664144336433c641d34b270d1b\",\"name\":\"wiki\",\"image\":{\"@type\":\"ImageObject\",\"inLanguage\":\"sk-SK\",\"@id\":\"https:\\\/\\\/secure.gravatar.com\\\/avatar\\\/57cac84b94061d1af6548f41cd07cbee960ab67f3b80825c4b192af947aa3c0f?s=96&d=mm&r=g\",\"url\":\"https:\\\/\\\/secure.gravatar.com\\\/avatar\\\/57cac84b94061d1af6548f41cd07cbee960ab67f3b80825c4b192af947aa3c0f?s=96&d=mm&r=g\",\"contentUrl\":\"https:\\\/\\\/secure.gravatar.com\\\/avatar\\\/57cac84b94061d1af6548f41cd07cbee960ab67f3b80825c4b192af947aa3c0f?s=96&d=mm&r=g\",\"caption\":\"wiki\"},\"url\":\"https:\\\/\\\/www.youthforequality.sk\\\/index.php\\\/author\\\/janbor\\\/\"}]}<\/script>\n<!-- \/ Yoast SEO plugin. -->","yoast_head_json":{"title":"Sustainable compass | 19.9.-28.9. | Puente Genil, \u0160panielsko |","robots":{"index":"index","follow":"follow","max-snippet":"max-snippet:-1","max-image-preview":"max-image-preview:large","max-video-preview":"max-video-preview:-1"},"canonical":"https:\/\/www.youthforequality.sk\/index.php\/2022\/08\/12\/sustainable-compass-19-9-28-9-puente-genil-spanielsko\/","og_locale":"sk_SK","og_type":"article","og_title":"Sustainable compass | 19.9.-28.9. | Puente Genil, \u0160panielsko |","og_description":"Ml\u00e1de\u017en\u00edcka v\u00fdmena zdru\u017e\u00ed mlad\u00fdch \u013eud\u00ed z r\u00f4znych kraj\u00edn s cie\u013eom zv\u00fd\u0161i\u0165 povedomie o udr\u017eate\u013enom \u017eivote, klimatickej kr\u00edze, obnovite\u013en\u00fdch zdrojoch energie. Po\u010f sa nau\u010di\u0165 viac o tom, ako \u017ei\u0165 v harm\u00f3nii s prostred\u00edm okolo seba a \u017ei\u0165 zdrav\u0161\u00ed \u017eivot. H\u013ead\u00e1me 5 \u00fa\u010dastn\u00edkov vo veku 18-30 rokov a jedn\u00e9ho l\u00eddra skupiny bez vekov\u00e9ho obmedzenia. Te\u0161\u00edme sa na&hellip;&nbsp;\u010c\u00edta\u0165 viac &raquo;Sustainable compass | 19.9.-28.9. | Puente Genil, \u0160panielsko","og_url":"https:\/\/www.youthforequality.sk\/index.php\/2022\/08\/12\/sustainable-compass-19-9-28-9-puente-genil-spanielsko\/","article_publisher":"https:\/\/www.facebook.com\/yeslovakia","article_published_time":"2022-08-12T13:17:45+00:00","article_modified_time":"2022-10-11T14:22:23+00:00","og_image":[{"width":724,"height":1024,"url":"https:\/\/www.youthforequality.sk\/wp-content\/uploads\/2022\/08\/YE-Sustainable-Compass-1-724x1024.png","type":"image\/png"}],"author":"wiki","twitter_card":"summary_large_image","twitter_misc":{"Autor":"wiki"},"schema":{"@context":"https:\/\/schema.org","@graph":[{"@type":"Article","@id":"https:\/\/www.youthforequality.sk\/index.php\/2022\/08\/12\/sustainable-compass-19-9-28-9-puente-genil-spanielsko\/#article","isPartOf":{"@id":"https:\/\/www.youthforequality.sk\/index.php\/2022\/08\/12\/sustainable-compass-19-9-28-9-puente-genil-spanielsko\/"},"author":{"name":"wiki","@id":"https:\/\/www.youthforequality.sk\/#\/schema\/person\/41e987664144336433c641d34b270d1b"},"headline":"Sustainable compass | 19.9.-28.9. | Puente Genil, \u0160panielsko","datePublished":"2022-08-12T13:17:45+00:00","dateModified":"2022-10-11T14:22:23+00:00","mainEntityOfPage":{"@id":"https:\/\/www.youthforequality.sk\/index.php\/2022\/08\/12\/sustainable-compass-19-9-28-9-puente-genil-spanielsko\/"},"wordCount":92,"publisher":{"@id":"https:\/\/www.youthforequality.sk\/#organization"},"image":{"@id":"https:\/\/www.youthforequality.sk\/index.php\/2022\/08\/12\/sustainable-compass-19-9-28-9-puente-genil-spanielsko\/#primaryimage"},"thumbnailUrl":"https:\/\/www.youthforequality.sk\/wp-content\/uploads\/2022\/08\/YE-Sustainable-Compass-1.png","articleSection":["Uncategorized"],"inLanguage":"sk-SK"},{"@type":"WebPage","@id":"https:\/\/www.youthforequality.sk\/index.php\/2022\/08\/12\/sustainable-compass-19-9-28-9-puente-genil-spanielsko\/","url":"https:\/\/www.youthforequality.sk\/index.php\/2022\/08\/12\/sustainable-compass-19-9-28-9-puente-genil-spanielsko\/","name":"Sustainable compass | 19.9.-28.9. | Puente Genil, \u0160panielsko |","isPartOf":{"@id":"https:\/\/www.youthforequality.sk\/#website"},"primaryImageOfPage":{"@id":"https:\/\/www.youthforequality.sk\/index.php\/2022\/08\/12\/sustainable-compass-19-9-28-9-puente-genil-spanielsko\/#primaryimage"},"image":{"@id":"https:\/\/www.youthforequality.sk\/index.php\/2022\/08\/12\/sustainable-compass-19-9-28-9-puente-genil-spanielsko\/#primaryimage"},"thumbnailUrl":"https:\/\/www.youthforequality.sk\/wp-content\/uploads\/2022\/08\/YE-Sustainable-Compass-1.png","datePublished":"2022-08-12T13:17:45+00:00","dateModified":"2022-10-11T14:22:23+00:00","breadcrumb":{"@id":"https:\/\/www.youthforequality.sk\/index.php\/2022\/08\/12\/sustainable-compass-19-9-28-9-puente-genil-spanielsko\/#breadcrumb"},"inLanguage":"sk-SK","potentialAction":[{"@type":"ReadAction","target":["https:\/\/www.youthforequality.sk\/index.php\/2022\/08\/12\/sustainable-compass-19-9-28-9-puente-genil-spanielsko\/"]}]},{"@type":"ImageObject","inLanguage":"sk-SK","@id":"https:\/\/www.youthforequality.sk\/index.php\/2022\/08\/12\/sustainable-compass-19-9-28-9-puente-genil-spanielsko\/#primaryimage","url":"https:\/\/www.youthforequality.sk\/wp-content\/uploads\/2022\/08\/YE-Sustainable-Compass-1.png","contentUrl":"https:\/\/www.youthforequality.sk\/wp-content\/uploads\/2022\/08\/YE-Sustainable-Compass-1.png","width":1587,"height":2245},{"@type":"BreadcrumbList","@id":"https:\/\/www.youthforequality.sk\/index.php\/2022\/08\/12\/sustainable-compass-19-9-28-9-puente-genil-spanielsko\/#breadcrumb","itemListElement":[{"@type":"ListItem","position":1,"name":"Home","item":"https:\/\/www.youthforequality.sk\/"},{"@type":"ListItem","position":2,"name":"Sustainable compass | 19.9.-28.9. | Puente Genil, \u0160panielsko"}]},{"@type":"WebSite","@id":"https:\/\/www.youthforequality.sk\/#website","url":"https:\/\/www.youthforequality.sk\/","name":"","description":"","publisher":{"@id":"https:\/\/www.youthforequality.sk\/#organization"},"potentialAction":[{"@type":"SearchAction","target":{"@type":"EntryPoint","urlTemplate":"https:\/\/www.youthforequality.sk\/?s={search_term_string}"},"query-input":{"@type":"PropertyValueSpecification","valueRequired":true,"valueName":"search_term_string"}}],"inLanguage":"sk-SK"},{"@type":"Organization","@id":"https:\/\/www.youthforequality.sk\/#organization","name":"Youth for Equality","url":"https:\/\/www.youthforequality.sk\/","logo":{"@type":"ImageObject","inLanguage":"sk-SK","@id":"https:\/\/www.youthforequality.sk\/#\/schema\/logo\/image\/","url":"https:\/\/www.youthforequality.sk\/wp-content\/uploads\/2021\/01\/vynovene-logo-nove-farby_modra-na-web.png","contentUrl":"https:\/\/www.youthforequality.sk\/wp-content\/uploads\/2021\/01\/vynovene-logo-nove-farby_modra-na-web.png","width":1,"height":1,"caption":"Youth for Equality"},"image":{"@id":"https:\/\/www.youthforequality.sk\/#\/schema\/logo\/image\/"},"sameAs":["https:\/\/www.facebook.com\/yeslovakia"]},{"@type":"Person","@id":"https:\/\/www.youthforequality.sk\/#\/schema\/person\/41e987664144336433c641d34b270d1b","name":"wiki","image":{"@type":"ImageObject","inLanguage":"sk-SK","@id":"https:\/\/secure.gravatar.com\/avatar\/57cac84b94061d1af6548f41cd07cbee960ab67f3b80825c4b192af947aa3c0f?s=96&d=mm&r=g","url":"https:\/\/secure.gravatar.com\/avatar\/57cac84b94061d1af6548f41cd07cbee960ab67f3b80825c4b192af947aa3c0f?s=96&d=mm&r=g","contentUrl":"https:\/\/secure.gravatar.com\/avatar\/57cac84b94061d1af6548f41cd07cbee960ab67f3b80825c4b192af947aa3c0f?s=96&d=mm&r=g","caption":"wiki"},"url":"https:\/\/www.youthforequality.sk\/index.php\/author\/janbor\/"}]}},"_links":{"self":[{"href":"https:\/\/www.youthforequality.sk\/index.php\/wp-json\/wp\/v2\/posts\/4276","targetHints":{"allow":["GET"]}}],"collection":[{"href":"https:\/\/www.youthforequality.sk\/index.php\/wp-json\/wp\/v2\/posts"}],"about":[{"href":"https:\/\/www.youthforequality.sk\/index.php\/wp-json\/wp\/v2\/types\/post"}],"author":[{"embeddable":true,"href":"https:\/\/www.youthforequality.sk\/index.php\/wp-json\/wp\/v2\/users\/6"}],"replies":[{"embeddable":true,"href":"https:\/\/www.youthforequality.sk\/index.php\/wp-json\/wp\/v2\/comments?post=4276"}],"version-history":[{"count":4,"href":"https:\/\/www.youthforequality.sk\/index.php\/wp-json\/wp\/v2\/posts\/4276\/revisions"}],"predecessor-version":[{"id":4281,"href":"https:\/\/www.youthforequality.sk\/index.php\/wp-json\/wp\/v2\/posts\/4276\/revisions\/4281"}],"wp:featuredmedia":[{"embeddable":true,"href":"https:\/\/www.youthforequality.sk\/index.php\/wp-json\/wp\/v2\/media\/4280"}],"wp:attachment":[{"href":"https:\/\/www.youthforequality.sk\/index.php\/wp-json\/wp\/v2\/media?parent=4276"}],"wp:term":[{"taxonomy":"category","embeddable":true,"href":"https:\/\/www.youthforequality.sk\/index.php\/wp-json\/wp\/v2\/categories?post=4276"},{"taxonomy":"post_tag","embeddable":true,"href":"https:\/\/www.youthforequality.sk\/index.php\/wp-json\/wp\/v2\/tags?post=4276"}],"curies":[{"name":"wp","href":"https:\/\/api.w.org\/{rel}","templated":true}]}}