{"id":4282,"date":"2022-08-12T16:03:48","date_gmt":"2022-08-12T14:03:48","guid":{"rendered":"https:\/\/www.youthforequality.sk\/?p=4282"},"modified":"2022-11-10T15:56:48","modified_gmt":"2022-11-10T14:56:48","slug":"be-a-roof-for-someone-12-10-19-10-2022-brusel-belgicko","status":"publish","type":"post","link":"https:\/\/www.youthforequality.sk\/index.php\/2022\/08\/12\/be-a-roof-for-someone-12-10-19-10-2022-brusel-belgicko\/","title":{"rendered":"Be a Roof For Someone | 12.10.-19.10.2022 | Brusel, Belgicko"},"content":{"rendered":"\t\t<div data-elementor-type=\"wp-post\" data-elementor-id=\"4282\" class=\"elementor elementor-4282\">\n\t\t\t\t\t\t<section class=\"elementor-section elementor-top-section elementor-element elementor-element-59b2dc8 elementor-section-boxed elementor-section-height-default elementor-section-height-default\" data-id=\"59b2dc8\" data-element_type=\"section\" data-e-type=\"section\">\n\t\t\t\t\t\t<div class=\"elementor-container elementor-column-gap-default\">\n\t\t\t\t\t<div class=\"elementor-column elementor-col-100 elementor-top-column elementor-element elementor-element-afd3f48\" data-id=\"afd3f48\" data-element_type=\"column\" data-e-type=\"column\">\n\t\t\t<div class=\"elementor-widget-wrap elementor-element-populated\">\n\t\t\t\t\t\t<div class=\"elementor-element elementor-element-c115613 elementor-widget elementor-widget-text-editor\" data-id=\"c115613\" data-element_type=\"widget\" data-e-type=\"widget\" data-widget_type=\"text-editor.default\">\n\t\t\t\t<div class=\"elementor-widget-container\">\n\t\t\t\t\t\t\t\t\t<p>T\u00e1to ml\u00e1de\u017en\u00edcka v\u00fdmena v Bruseli sa venuje t\u00e9me bezdomovectva. Stretne sa tu skupina mlad\u00fdch \u013eud\u00ed s r\u00f4znych kraj\u00edn a bud\u00fa zdie\u013ea\u0165 svoje sk\u00fasenosti, vh\u013eady a n\u00e1pady. \u00da\u010delom je porozumenie probl\u00e9mu a jeho pr\u00ed\u010dina a n\u00e1sledkov, prevencia, zvidite\u013enenie.\u00a0<\/p><p>\u00a0<\/p><p>Ak \u0164a zauj\u00edma t\u00e1to t\u00e9ma, prihl\u00e1s sa do 20.8.!\u00a0<\/p><p>\u00a0<\/p><p>H\u013ead\u00e1me 5 \u00fa\u010dastn\u00edkov vo veku 16-25 rokov.\u00a0<\/p>\t\t\t\t\t\t\t\t<\/div>\n\t\t\t\t<\/div>\n\t\t\t\t\t<\/div>\n\t\t<\/div>\n\t\t\t\t\t<\/div>\n\t\t<\/section>\n\t\t\t\t<section class=\"elementor-section elementor-top-section elementor-element elementor-element-4f12cb6 elementor-section-boxed elementor-section-height-default elementor-section-height-default\" data-id=\"4f12cb6\" data-element_type=\"section\" data-e-type=\"section\">\n\t\t\t\t\t\t<div class=\"elementor-container elementor-column-gap-default\">\n\t\t\t\t\t<div class=\"elementor-column elementor-col-100 elementor-top-column elementor-element elementor-element-f673ff0\" data-id=\"f673ff0\" data-element_type=\"column\" data-e-type=\"column\">\n\t\t\t<div class=\"elementor-widget-wrap elementor-element-populated\">\n\t\t\t\t\t\t<div class=\"elementor-element elementor-element-61fc6a8 elementor-widget elementor-widget-button\" data-id=\"61fc6a8\" data-element_type=\"widget\" data-e-type=\"widget\" data-widget_type=\"button.default\">\n\t\t\t\t<div class=\"elementor-widget-container\">\n\t\t\t\t\t\t\t\t\t<div class=\"elementor-button-wrapper\">\n\t\t\t\t\t<a class=\"elementor-button elementor-size-sm\" role=\"button\">\n\t\t\t\t\t\t<span class=\"elementor-button-content-wrapper\">\n\t\t\t\t\t\t\t\t\t<span class=\"elementor-button-text\">Viac o projekte<\/span>\n\t\t\t\t\t<\/span>\n\t\t\t\t\t<\/a>\n\t\t\t\t<\/div>\n\t\t\t\t\t\t\t\t<\/div>\n\t\t\t\t<\/div>\n\t\t\t\t\t<\/div>\n\t\t<\/div>\n\t\t\t\t\t<\/div>\n\t\t<\/section>\n\t\t\t\t<section class=\"elementor-section elementor-top-section elementor-element elementor-element-7b4be03 elementor-section-boxed elementor-section-height-default elementor-section-height-default\" data-id=\"7b4be03\" data-element_type=\"section\" data-e-type=\"section\">\n\t\t\t\t\t\t<div class=\"elementor-container elementor-column-gap-default\">\n\t\t\t\t\t<div class=\"elementor-column elementor-col-100 elementor-top-column elementor-element elementor-element-d4424d5\" data-id=\"d4424d5\" data-element_type=\"column\" data-e-type=\"column\">\n\t\t\t<div class=\"elementor-widget-wrap elementor-element-populated\">\n\t\t\t\t\t\t<div class=\"elementor-element elementor-element-e876c86 elementor-widget elementor-widget-button\" data-id=\"e876c86\" data-element_type=\"widget\" data-e-type=\"widget\" data-widget_type=\"button.default\">\n\t\t\t\t<div class=\"elementor-widget-container\">\n\t\t\t\t\t\t\t\t\t<div class=\"elementor-button-wrapper\">\n\t\t\t\t\t<a class=\"elementor-button elementor-button-link elementor-size-sm\" href=\"https:\/\/docs.google.com\/forms\/d\/14RW6MZBZxb6BSwnYCPKPUkjNtmG13u5cpFbAFDJfI8I\">\n\t\t\t\t\t\t<span class=\"elementor-button-content-wrapper\">\n\t\t\t\t\t\t\t\t\t<span class=\"elementor-button-text\">Prihl\u00e1\u0161ka<\/span>\n\t\t\t\t\t<\/span>\n\t\t\t\t\t<\/a>\n\t\t\t\t<\/div>\n\t\t\t\t\t\t\t\t<\/div>\n\t\t\t\t<\/div>\n\t\t\t\t\t<\/div>\n\t\t<\/div>\n\t\t\t\t\t<\/div>\n\t\t<\/section>\n\t\t\t\t<\/div>\n\t\t","protected":false},"excerpt":{"rendered":"<p>T\u00e1to ml\u00e1de\u017en\u00edcka v\u00fdmena v Bruseli sa venuje t\u00e9me bezdomovectva. Stretne sa tu skupina mlad\u00fdch \u013eud\u00ed s r\u00f4znych kraj\u00edn a bud\u00fa zdie\u013ea\u0165 svoje sk\u00fasenosti, vh\u013eady a n\u00e1pady. \u00da\u010delom je porozumenie probl\u00e9mu a jeho pr\u00ed\u010dina a n\u00e1sledkov, prevencia, zvidite\u013enenie. Ak \u0164a zauj\u00edma t\u00e1to t\u00e9ma, prihl\u00e1s sa do 20.8.! H\u013ead\u00e1me 5 \u00fa\u010dastn\u00edkov vo veku 16-25 rokov. Viac o&hellip;&nbsp;<a href=\"https:\/\/www.youthforequality.sk\/index.php\/2022\/08\/12\/be-a-roof-for-someone-12-10-19-10-2022-brusel-belgicko\/\" class=\"\" rel=\"bookmark\">\u010c\u00edta\u0165 viac &raquo;<span class=\"screen-reader-text\">Be a Roof For Someone | 12.10.-19.10.2022 | Brusel, Belgicko<\/span><\/a><\/p>\n","protected":false},"author":6,"featured_media":4286,"comment_status":"closed","ping_status":"open","sticky":false,"template":"","format":"standard","meta":{"_uf_show_specific_survey":0,"_uf_disable_surveys":false,"neve_meta_sidebar":"","neve_meta_container":"","neve_meta_enable_content_width":"off","neve_meta_content_width":70,"neve_meta_title_alignment":"","neve_meta_author_avatar":"","neve_post_elements_order":"","neve_meta_disable_header":"","neve_meta_disable_footer":"","neve_meta_disable_title":"","_themeisle_gutenberg_block_has_review":false,"footnotes":""},"categories":[1],"tags":[],"class_list":["post-4282","post","type-post","status-publish","format-standard","has-post-thumbnail","hentry","category-uncategorized"],"yoast_head":"<!-- This site is optimized with the Yoast SEO plugin v27.4 - https:\/\/yoast.com\/product\/yoast-seo-wordpress\/ -->\n<title>Be a Roof For Someone | 12.10.-19.10.2022 | Brusel, Belgicko |<\/title>\n<meta name=\"robots\" content=\"index, follow, max-snippet:-1, max-image-preview:large, max-video-preview:-1\" \/>\n<link rel=\"canonical\" href=\"https:\/\/www.youthforequality.sk\/index.php\/2022\/08\/12\/be-a-roof-for-someone-12-10-19-10-2022-brusel-belgicko\/\" \/>\n<meta property=\"og:locale\" content=\"sk_SK\" \/>\n<meta property=\"og:type\" content=\"article\" \/>\n<meta property=\"og:title\" content=\"Be a Roof For Someone | 12.10.-19.10.2022 | Brusel, Belgicko |\" \/>\n<meta property=\"og:description\" content=\"T\u00e1to ml\u00e1de\u017en\u00edcka v\u00fdmena v Bruseli sa venuje t\u00e9me bezdomovectva. Stretne sa tu skupina mlad\u00fdch \u013eud\u00ed s r\u00f4znych kraj\u00edn a bud\u00fa zdie\u013ea\u0165 svoje sk\u00fasenosti, vh\u013eady a n\u00e1pady. \u00da\u010delom je porozumenie probl\u00e9mu a jeho pr\u00ed\u010dina a n\u00e1sledkov, prevencia, zvidite\u013enenie. Ak \u0164a zauj\u00edma t\u00e1to t\u00e9ma, prihl\u00e1s sa do 20.8.! H\u013ead\u00e1me 5 \u00fa\u010dastn\u00edkov vo veku 16-25 rokov. Viac o&hellip;&nbsp;\u010c\u00edta\u0165 viac &raquo;Be a Roof For Someone | 12.10.-19.10.2022 | Brusel, Belgicko\" \/>\n<meta property=\"og:url\" content=\"https:\/\/www.youthforequality.sk\/index.php\/2022\/08\/12\/be-a-roof-for-someone-12-10-19-10-2022-brusel-belgicko\/\" \/>\n<meta property=\"article:publisher\" content=\"https:\/\/www.facebook.com\/yeslovakia\" \/>\n<meta property=\"article:published_time\" content=\"2022-08-12T14:03:48+00:00\" \/>\n<meta property=\"article:modified_time\" content=\"2022-11-10T14:56:48+00:00\" \/>\n<meta property=\"og:image\" content=\"https:\/\/www.youthforequality.sk\/wp-content\/uploads\/2022\/08\/yyysd.png\" \/>\n\t<meta property=\"og:image:width\" content=\"789\" \/>\n\t<meta property=\"og:image:height\" content=\"686\" \/>\n\t<meta property=\"og:image:type\" content=\"image\/png\" \/>\n<meta name=\"author\" content=\"wiki\" \/>\n<meta name=\"twitter:card\" content=\"summary_large_image\" \/>\n<meta name=\"twitter:label1\" content=\"Autor\" \/>\n\t<meta name=\"twitter:data1\" content=\"wiki\" \/>\n<script type=\"application\/ld+json\" class=\"yoast-schema-graph\">{\"@context\":\"https:\\\/\\\/schema.org\",\"@graph\":[{\"@type\":\"Article\",\"@id\":\"https:\\\/\\\/www.youthforequality.sk\\\/index.php\\\/2022\\\/08\\\/12\\\/be-a-roof-for-someone-12-10-19-10-2022-brusel-belgicko\\\/#article\",\"isPartOf\":{\"@id\":\"https:\\\/\\\/www.youthforequality.sk\\\/index.php\\\/2022\\\/08\\\/12\\\/be-a-roof-for-someone-12-10-19-10-2022-brusel-belgicko\\\/\"},\"author\":{\"name\":\"wiki\",\"@id\":\"https:\\\/\\\/www.youthforequality.sk\\\/#\\\/schema\\\/person\\\/41e987664144336433c641d34b270d1b\"},\"headline\":\"Be a Roof For Someone | 12.10.-19.10.2022 | Brusel, Belgicko\",\"datePublished\":\"2022-08-12T14:03:48+00:00\",\"dateModified\":\"2022-11-10T14:56:48+00:00\",\"mainEntityOfPage\":{\"@id\":\"https:\\\/\\\/www.youthforequality.sk\\\/index.php\\\/2022\\\/08\\\/12\\\/be-a-roof-for-someone-12-10-19-10-2022-brusel-belgicko\\\/\"},\"wordCount\":88,\"publisher\":{\"@id\":\"https:\\\/\\\/www.youthforequality.sk\\\/#organization\"},\"image\":{\"@id\":\"https:\\\/\\\/www.youthforequality.sk\\\/index.php\\\/2022\\\/08\\\/12\\\/be-a-roof-for-someone-12-10-19-10-2022-brusel-belgicko\\\/#primaryimage\"},\"thumbnailUrl\":\"https:\\\/\\\/www.youthforequality.sk\\\/wp-content\\\/uploads\\\/2022\\\/08\\\/yyysd.png\",\"articleSection\":[\"Uncategorized\"],\"inLanguage\":\"sk-SK\"},{\"@type\":\"WebPage\",\"@id\":\"https:\\\/\\\/www.youthforequality.sk\\\/index.php\\\/2022\\\/08\\\/12\\\/be-a-roof-for-someone-12-10-19-10-2022-brusel-belgicko\\\/\",\"url\":\"https:\\\/\\\/www.youthforequality.sk\\\/index.php\\\/2022\\\/08\\\/12\\\/be-a-roof-for-someone-12-10-19-10-2022-brusel-belgicko\\\/\",\"name\":\"Be a Roof For Someone | 12.10.-19.10.2022 | Brusel, Belgicko |\",\"isPartOf\":{\"@id\":\"https:\\\/\\\/www.youthforequality.sk\\\/#website\"},\"primaryImageOfPage\":{\"@id\":\"https:\\\/\\\/www.youthforequality.sk\\\/index.php\\\/2022\\\/08\\\/12\\\/be-a-roof-for-someone-12-10-19-10-2022-brusel-belgicko\\\/#primaryimage\"},\"image\":{\"@id\":\"https:\\\/\\\/www.youthforequality.sk\\\/index.php\\\/2022\\\/08\\\/12\\\/be-a-roof-for-someone-12-10-19-10-2022-brusel-belgicko\\\/#primaryimage\"},\"thumbnailUrl\":\"https:\\\/\\\/www.youthforequality.sk\\\/wp-content\\\/uploads\\\/2022\\\/08\\\/yyysd.png\",\"datePublished\":\"2022-08-12T14:03:48+00:00\",\"dateModified\":\"2022-11-10T14:56:48+00:00\",\"breadcrumb\":{\"@id\":\"https:\\\/\\\/www.youthforequality.sk\\\/index.php\\\/2022\\\/08\\\/12\\\/be-a-roof-for-someone-12-10-19-10-2022-brusel-belgicko\\\/#breadcrumb\"},\"inLanguage\":\"sk-SK\",\"potentialAction\":[{\"@type\":\"ReadAction\",\"target\":[\"https:\\\/\\\/www.youthforequality.sk\\\/index.php\\\/2022\\\/08\\\/12\\\/be-a-roof-for-someone-12-10-19-10-2022-brusel-belgicko\\\/\"]}]},{\"@type\":\"ImageObject\",\"inLanguage\":\"sk-SK\",\"@id\":\"https:\\\/\\\/www.youthforequality.sk\\\/index.php\\\/2022\\\/08\\\/12\\\/be-a-roof-for-someone-12-10-19-10-2022-brusel-belgicko\\\/#primaryimage\",\"url\":\"https:\\\/\\\/www.youthforequality.sk\\\/wp-content\\\/uploads\\\/2022\\\/08\\\/yyysd.png\",\"contentUrl\":\"https:\\\/\\\/www.youthforequality.sk\\\/wp-content\\\/uploads\\\/2022\\\/08\\\/yyysd.png\",\"width\":789,\"height\":686},{\"@type\":\"BreadcrumbList\",\"@id\":\"https:\\\/\\\/www.youthforequality.sk\\\/index.php\\\/2022\\\/08\\\/12\\\/be-a-roof-for-someone-12-10-19-10-2022-brusel-belgicko\\\/#breadcrumb\",\"itemListElement\":[{\"@type\":\"ListItem\",\"position\":1,\"name\":\"Home\",\"item\":\"https:\\\/\\\/www.youthforequality.sk\\\/\"},{\"@type\":\"ListItem\",\"position\":2,\"name\":\"Be a Roof For Someone | 12.10.-19.10.2022 | Brusel, Belgicko\"}]},{\"@type\":\"WebSite\",\"@id\":\"https:\\\/\\\/www.youthforequality.sk\\\/#website\",\"url\":\"https:\\\/\\\/www.youthforequality.sk\\\/\",\"name\":\"\",\"description\":\"\",\"publisher\":{\"@id\":\"https:\\\/\\\/www.youthforequality.sk\\\/#organization\"},\"potentialAction\":[{\"@type\":\"SearchAction\",\"target\":{\"@type\":\"EntryPoint\",\"urlTemplate\":\"https:\\\/\\\/www.youthforequality.sk\\\/?s={search_term_string}\"},\"query-input\":{\"@type\":\"PropertyValueSpecification\",\"valueRequired\":true,\"valueName\":\"search_term_string\"}}],\"inLanguage\":\"sk-SK\"},{\"@type\":\"Organization\",\"@id\":\"https:\\\/\\\/www.youthforequality.sk\\\/#organization\",\"name\":\"Youth for Equality\",\"url\":\"https:\\\/\\\/www.youthforequality.sk\\\/\",\"logo\":{\"@type\":\"ImageObject\",\"inLanguage\":\"sk-SK\",\"@id\":\"https:\\\/\\\/www.youthforequality.sk\\\/#\\\/schema\\\/logo\\\/image\\\/\",\"url\":\"https:\\\/\\\/www.youthforequality.sk\\\/wp-content\\\/uploads\\\/2021\\\/01\\\/vynovene-logo-nove-farby_modra-na-web.png\",\"contentUrl\":\"https:\\\/\\\/www.youthforequality.sk\\\/wp-content\\\/uploads\\\/2021\\\/01\\\/vynovene-logo-nove-farby_modra-na-web.png\",\"width\":1,\"height\":1,\"caption\":\"Youth for Equality\"},\"image\":{\"@id\":\"https:\\\/\\\/www.youthforequality.sk\\\/#\\\/schema\\\/logo\\\/image\\\/\"},\"sameAs\":[\"https:\\\/\\\/www.facebook.com\\\/yeslovakia\"]},{\"@type\":\"Person\",\"@id\":\"https:\\\/\\\/www.youthforequality.sk\\\/#\\\/schema\\\/person\\\/41e987664144336433c641d34b270d1b\",\"name\":\"wiki\",\"image\":{\"@type\":\"ImageObject\",\"inLanguage\":\"sk-SK\",\"@id\":\"https:\\\/\\\/secure.gravatar.com\\\/avatar\\\/57cac84b94061d1af6548f41cd07cbee960ab67f3b80825c4b192af947aa3c0f?s=96&d=mm&r=g\",\"url\":\"https:\\\/\\\/secure.gravatar.com\\\/avatar\\\/57cac84b94061d1af6548f41cd07cbee960ab67f3b80825c4b192af947aa3c0f?s=96&d=mm&r=g\",\"contentUrl\":\"https:\\\/\\\/secure.gravatar.com\\\/avatar\\\/57cac84b94061d1af6548f41cd07cbee960ab67f3b80825c4b192af947aa3c0f?s=96&d=mm&r=g\",\"caption\":\"wiki\"},\"url\":\"https:\\\/\\\/www.youthforequality.sk\\\/index.php\\\/author\\\/janbor\\\/\"}]}<\/script>\n<!-- \/ Yoast SEO plugin. -->","yoast_head_json":{"title":"Be a Roof For Someone | 12.10.-19.10.2022 | Brusel, Belgicko |","robots":{"index":"index","follow":"follow","max-snippet":"max-snippet:-1","max-image-preview":"max-image-preview:large","max-video-preview":"max-video-preview:-1"},"canonical":"https:\/\/www.youthforequality.sk\/index.php\/2022\/08\/12\/be-a-roof-for-someone-12-10-19-10-2022-brusel-belgicko\/","og_locale":"sk_SK","og_type":"article","og_title":"Be a Roof For Someone | 12.10.-19.10.2022 | Brusel, Belgicko |","og_description":"T\u00e1to ml\u00e1de\u017en\u00edcka v\u00fdmena v Bruseli sa venuje t\u00e9me bezdomovectva. Stretne sa tu skupina mlad\u00fdch \u013eud\u00ed s r\u00f4znych kraj\u00edn a bud\u00fa zdie\u013ea\u0165 svoje sk\u00fasenosti, vh\u013eady a n\u00e1pady. \u00da\u010delom je porozumenie probl\u00e9mu a jeho pr\u00ed\u010dina a n\u00e1sledkov, prevencia, zvidite\u013enenie. Ak \u0164a zauj\u00edma t\u00e1to t\u00e9ma, prihl\u00e1s sa do 20.8.! H\u013ead\u00e1me 5 \u00fa\u010dastn\u00edkov vo veku 16-25 rokov. Viac o&hellip;&nbsp;\u010c\u00edta\u0165 viac &raquo;Be a Roof For Someone | 12.10.-19.10.2022 | Brusel, Belgicko","og_url":"https:\/\/www.youthforequality.sk\/index.php\/2022\/08\/12\/be-a-roof-for-someone-12-10-19-10-2022-brusel-belgicko\/","article_publisher":"https:\/\/www.facebook.com\/yeslovakia","article_published_time":"2022-08-12T14:03:48+00:00","article_modified_time":"2022-11-10T14:56:48+00:00","og_image":[{"width":789,"height":686,"url":"https:\/\/www.youthforequality.sk\/wp-content\/uploads\/2022\/08\/yyysd.png","type":"image\/png"}],"author":"wiki","twitter_card":"summary_large_image","twitter_misc":{"Autor":"wiki"},"schema":{"@context":"https:\/\/schema.org","@graph":[{"@type":"Article","@id":"https:\/\/www.youthforequality.sk\/index.php\/2022\/08\/12\/be-a-roof-for-someone-12-10-19-10-2022-brusel-belgicko\/#article","isPartOf":{"@id":"https:\/\/www.youthforequality.sk\/index.php\/2022\/08\/12\/be-a-roof-for-someone-12-10-19-10-2022-brusel-belgicko\/"},"author":{"name":"wiki","@id":"https:\/\/www.youthforequality.sk\/#\/schema\/person\/41e987664144336433c641d34b270d1b"},"headline":"Be a Roof For Someone | 12.10.-19.10.2022 | Brusel, Belgicko","datePublished":"2022-08-12T14:03:48+00:00","dateModified":"2022-11-10T14:56:48+00:00","mainEntityOfPage":{"@id":"https:\/\/www.youthforequality.sk\/index.php\/2022\/08\/12\/be-a-roof-for-someone-12-10-19-10-2022-brusel-belgicko\/"},"wordCount":88,"publisher":{"@id":"https:\/\/www.youthforequality.sk\/#organization"},"image":{"@id":"https:\/\/www.youthforequality.sk\/index.php\/2022\/08\/12\/be-a-roof-for-someone-12-10-19-10-2022-brusel-belgicko\/#primaryimage"},"thumbnailUrl":"https:\/\/www.youthforequality.sk\/wp-content\/uploads\/2022\/08\/yyysd.png","articleSection":["Uncategorized"],"inLanguage":"sk-SK"},{"@type":"WebPage","@id":"https:\/\/www.youthforequality.sk\/index.php\/2022\/08\/12\/be-a-roof-for-someone-12-10-19-10-2022-brusel-belgicko\/","url":"https:\/\/www.youthforequality.sk\/index.php\/2022\/08\/12\/be-a-roof-for-someone-12-10-19-10-2022-brusel-belgicko\/","name":"Be a Roof For Someone | 12.10.-19.10.2022 | Brusel, Belgicko |","isPartOf":{"@id":"https:\/\/www.youthforequality.sk\/#website"},"primaryImageOfPage":{"@id":"https:\/\/www.youthforequality.sk\/index.php\/2022\/08\/12\/be-a-roof-for-someone-12-10-19-10-2022-brusel-belgicko\/#primaryimage"},"image":{"@id":"https:\/\/www.youthforequality.sk\/index.php\/2022\/08\/12\/be-a-roof-for-someone-12-10-19-10-2022-brusel-belgicko\/#primaryimage"},"thumbnailUrl":"https:\/\/www.youthforequality.sk\/wp-content\/uploads\/2022\/08\/yyysd.png","datePublished":"2022-08-12T14:03:48+00:00","dateModified":"2022-11-10T14:56:48+00:00","breadcrumb":{"@id":"https:\/\/www.youthforequality.sk\/index.php\/2022\/08\/12\/be-a-roof-for-someone-12-10-19-10-2022-brusel-belgicko\/#breadcrumb"},"inLanguage":"sk-SK","potentialAction":[{"@type":"ReadAction","target":["https:\/\/www.youthforequality.sk\/index.php\/2022\/08\/12\/be-a-roof-for-someone-12-10-19-10-2022-brusel-belgicko\/"]}]},{"@type":"ImageObject","inLanguage":"sk-SK","@id":"https:\/\/www.youthforequality.sk\/index.php\/2022\/08\/12\/be-a-roof-for-someone-12-10-19-10-2022-brusel-belgicko\/#primaryimage","url":"https:\/\/www.youthforequality.sk\/wp-content\/uploads\/2022\/08\/yyysd.png","contentUrl":"https:\/\/www.youthforequality.sk\/wp-content\/uploads\/2022\/08\/yyysd.png","width":789,"height":686},{"@type":"BreadcrumbList","@id":"https:\/\/www.youthforequality.sk\/index.php\/2022\/08\/12\/be-a-roof-for-someone-12-10-19-10-2022-brusel-belgicko\/#breadcrumb","itemListElement":[{"@type":"ListItem","position":1,"name":"Home","item":"https:\/\/www.youthforequality.sk\/"},{"@type":"ListItem","position":2,"name":"Be a Roof For Someone | 12.10.-19.10.2022 | Brusel, Belgicko"}]},{"@type":"WebSite","@id":"https:\/\/www.youthforequality.sk\/#website","url":"https:\/\/www.youthforequality.sk\/","name":"","description":"","publisher":{"@id":"https:\/\/www.youthforequality.sk\/#organization"},"potentialAction":[{"@type":"SearchAction","target":{"@type":"EntryPoint","urlTemplate":"https:\/\/www.youthforequality.sk\/?s={search_term_string}"},"query-input":{"@type":"PropertyValueSpecification","valueRequired":true,"valueName":"search_term_string"}}],"inLanguage":"sk-SK"},{"@type":"Organization","@id":"https:\/\/www.youthforequality.sk\/#organization","name":"Youth for Equality","url":"https:\/\/www.youthforequality.sk\/","logo":{"@type":"ImageObject","inLanguage":"sk-SK","@id":"https:\/\/www.youthforequality.sk\/#\/schema\/logo\/image\/","url":"https:\/\/www.youthforequality.sk\/wp-content\/uploads\/2021\/01\/vynovene-logo-nove-farby_modra-na-web.png","contentUrl":"https:\/\/www.youthforequality.sk\/wp-content\/uploads\/2021\/01\/vynovene-logo-nove-farby_modra-na-web.png","width":1,"height":1,"caption":"Youth for Equality"},"image":{"@id":"https:\/\/www.youthforequality.sk\/#\/schema\/logo\/image\/"},"sameAs":["https:\/\/www.facebook.com\/yeslovakia"]},{"@type":"Person","@id":"https:\/\/www.youthforequality.sk\/#\/schema\/person\/41e987664144336433c641d34b270d1b","name":"wiki","image":{"@type":"ImageObject","inLanguage":"sk-SK","@id":"https:\/\/secure.gravatar.com\/avatar\/57cac84b94061d1af6548f41cd07cbee960ab67f3b80825c4b192af947aa3c0f?s=96&d=mm&r=g","url":"https:\/\/secure.gravatar.com\/avatar\/57cac84b94061d1af6548f41cd07cbee960ab67f3b80825c4b192af947aa3c0f?s=96&d=mm&r=g","contentUrl":"https:\/\/secure.gravatar.com\/avatar\/57cac84b94061d1af6548f41cd07cbee960ab67f3b80825c4b192af947aa3c0f?s=96&d=mm&r=g","caption":"wiki"},"url":"https:\/\/www.youthforequality.sk\/index.php\/author\/janbor\/"}]}},"_links":{"self":[{"href":"https:\/\/www.youthforequality.sk\/index.php\/wp-json\/wp\/v2\/posts\/4282","targetHints":{"allow":["GET"]}}],"collection":[{"href":"https:\/\/www.youthforequality.sk\/index.php\/wp-json\/wp\/v2\/posts"}],"about":[{"href":"https:\/\/www.youthforequality.sk\/index.php\/wp-json\/wp\/v2\/types\/post"}],"author":[{"embeddable":true,"href":"https:\/\/www.youthforequality.sk\/index.php\/wp-json\/wp\/v2\/users\/6"}],"replies":[{"embeddable":true,"href":"https:\/\/www.youthforequality.sk\/index.php\/wp-json\/wp\/v2\/comments?post=4282"}],"version-history":[{"count":4,"href":"https:\/\/www.youthforequality.sk\/index.php\/wp-json\/wp\/v2\/posts\/4282\/revisions"}],"predecessor-version":[{"id":4287,"href":"https:\/\/www.youthforequality.sk\/index.php\/wp-json\/wp\/v2\/posts\/4282\/revisions\/4287"}],"wp:featuredmedia":[{"embeddable":true,"href":"https:\/\/www.youthforequality.sk\/index.php\/wp-json\/wp\/v2\/media\/4286"}],"wp:attachment":[{"href":"https:\/\/www.youthforequality.sk\/index.php\/wp-json\/wp\/v2\/media?parent=4282"}],"wp:term":[{"taxonomy":"category","embeddable":true,"href":"https:\/\/www.youthforequality.sk\/index.php\/wp-json\/wp\/v2\/categories?post=4282"},{"taxonomy":"post_tag","embeddable":true,"href":"https:\/\/www.youthforequality.sk\/index.php\/wp-json\/wp\/v2\/tags?post=4282"}],"curies":[{"name":"wp","href":"https:\/\/api.w.org\/{rel}","templated":true}]}}