{"id":4288,"date":"2022-08-19T13:35:54","date_gmt":"2022-08-19T11:35:54","guid":{"rendered":"https:\/\/www.youthforequality.sk\/?p=4288"},"modified":"2025-11-17T14:59:29","modified_gmt":"2025-11-17T13:59:29","slug":"dobrovolnicky-rozvojovy-program-pre-studentov-strednych-skol-v-trnave","status":"publish","type":"post","link":"https:\/\/www.youthforequality.sk\/index.php\/2022\/08\/19\/dobrovolnicky-rozvojovy-program-pre-studentov-strednych-skol-v-trnave\/","title":{"rendered":"Dobrovo\u013en\u00edcky rozvojov\u00fd program pre \u0161tudentov stredn\u00fdch \u0161k\u00f4l v Trnave"},"content":{"rendered":"\t\t<div data-elementor-type=\"wp-post\" data-elementor-id=\"4288\" class=\"elementor elementor-4288\">\n\t\t\t\t\t\t<section class=\"elementor-section elementor-top-section elementor-element elementor-element-a7117d0 elementor-section-boxed elementor-section-height-default elementor-section-height-default\" data-id=\"a7117d0\" data-element_type=\"section\" data-e-type=\"section\">\n\t\t\t\t\t\t<div class=\"elementor-container elementor-column-gap-default\">\n\t\t\t\t\t<div class=\"elementor-column elementor-col-100 elementor-top-column elementor-element elementor-element-adc5fa1\" data-id=\"adc5fa1\" data-element_type=\"column\" data-e-type=\"column\">\n\t\t\t<div class=\"elementor-widget-wrap elementor-element-populated\">\n\t\t\t\t\t\t<div class=\"elementor-element elementor-element-ed3664e elementor-widget elementor-widget-text-editor\" data-id=\"ed3664e\" data-element_type=\"widget\" data-e-type=\"widget\" data-widget_type=\"text-editor.default\">\n\t\t\t\t<div class=\"elementor-widget-container\">\n\t\t\t\t\t\t\t\t\t<p><strong>Spolu s Trnavskou arcidiec\u00e9znou charitou pon\u00fakame 25 stredo\u0161kol\u00e1kom pr\u00edle\u017eitos\u0165 na rozvoj a realiz\u00e1ciu ich n\u00e1padov, prospe\u0161n\u00fdch pre komunitu.<\/strong><\/p><p>\u00a0<\/p><p>V\u00a0septembri od\u0161tartuje v\u00a0Trnave nov\u00fd rozvojov\u00fd program pre \u0161tudentov stredn\u00fdch k\u00f4l, ktor\u00fd pripravila\u00a0<strong>Trnavsk\u00e1 arcidiec\u00e9zna charita<\/strong>\u00a0v\u00a0spolupr\u00e1ci s\u00a0organiz\u00e1ciou\u00a0<strong>Youth for equality<\/strong>.<\/p><p>\u00a0<\/p><p>Organiz\u00e1cie s\u00eddliace len k\u00fasok od seba sa rozhodli prepoji\u0165 svoje know-how a\u00a0sk\u00fasenosti, v\u010faka \u010domu vznikol nov\u00fd program pre mlad\u00fdch \u013eud\u00ed. Prep\u00e1ja v\u00a0sebe vzdel\u00e1vanie, prax a\u00a0dobrovo\u013en\u00edcke pr\u00edle\u017eitosti. \u201e<em>Po\u010das 10-tich t\u00fd\u017ed\u0148ov \u0161tudenti absolvuj\u00fa praktick\u00e9 workshopy zameran\u00e9 na sebapozn\u00e1vanie a\u00a0z\u00edskanie kompetenci\u00ed v\u00a0oblastiach ako s\u00fa time management, spolupr\u00e1ca a vedenie \u013eud\u00ed, \u010falej projektov\u00fd mana\u017ement, marketing, komunik\u00e1cia a\u00a0fundraising, a\u017e po tvorbu podnikate\u013esk\u00e9ho pl\u00e1nu. N\u00e1sledne sa bud\u00fa venova\u0165 pr\u00e1ci na vlastnom projekte prospe\u0161nom pre komunitu, v\u010faka \u010domu si s podporou mentorov vysk\u00fa\u0161aj\u00fa z\u00edskan\u00e9 vedomosti a\u00a0zru\u010dnosti v\u00a0praxi,\u201c<\/em>\u00a0vysvet\u013euje Jana \u017di\u0161kov\u00e1, projektov\u00e1 mana\u017e\u00e9rka Trnavskej arcidiec\u00e9znej charity.<\/p><p>\u00a0<\/p><p>Okrem toho si \u0161tudenti bud\u00fa m\u00f4c\u0165 vybra\u0165 zo \u0161irokej ponuky dobrovo\u013en\u00edckych aktiv\u00edt, ktor\u00e9 realizuje Trnavsk\u00e1 arcidiec\u00e9zna charita a za\u017ei\u0165 si tak dobrovo\u013en\u00edctvo na vlastnej ko\u017ei. M\u00f4\u017eu sa napr\u00edklad sta\u0165 s\u00fa\u010das\u0165ou projektov charity, venova\u0165 sa seniorom v projekte\u00a0<a href=\"https:\/\/charitatt.sk\/projekty\/dobrovolnicke-centrum\/\">Dobr\u00e1 du\u0161a<\/a>\u00a0alebo \u013eu\u010fom bez domova v\u00a0projekte\u00a0<a href=\"https:\/\/charitatt.sk\/nase-sluzby\/streetwork\/\">Streetwork<\/a>, zapoji\u0165 sa do potravinovej a\u00a0materi\u00e1lnej pomoci v\u00a0r\u00e1mci projektu\u00a0<a href=\"https:\/\/charitatt.sk\/nase-sluzby\/siet-pomoci\/\">Sie\u0165 pomoci<\/a>, do praktick\u00fdch a kreat\u00edvnych aktiv\u00edt v\u00a0<a href=\"https:\/\/charitatt.sk\/projekty\/dobrovolnicke-centrum\/\">dobrovo\u013en\u00edckom centre \u0160pit\u00e1lik<\/a>, \u010di do charitn\u00fdch zbierok. V\u00edtan\u00ed s\u00fa aj mlad\u00ed kreat\u00edvci, ktor\u00ed navrhn\u00fa vlastn\u00fa dobrovo\u013en\u00edcku aktivitu, \u010di projekt, ktor\u00fd charite pom\u00f4\u017ee zlep\u0161i\u0165 poskytovan\u00e9 slu\u017eby, \u010di lep\u0161ie reflektova\u0165 potreby \u013eud\u00ed, ktor\u00fdm pom\u00e1ha.<\/p><p>\u00a0<\/p><p><big><strong>\u0160tudenti sa m\u00f4\u017eu prihl\u00e1si\u0165 do programu<\/strong>\u00a0<a href=\"https:\/\/docs.google.com\/forms\/d\/e\/1FAIpQLSfe2yqKGUl-VTay83mnTaSTcwetzqlG_GpQ8mieFq5shSQqyA\/viewform\" target=\"_blank\" rel=\"noopener\"><strong>vyplnen\u00edm online dotazn\u00edka<\/strong><\/a> <strong>do 20. septembra<\/strong>.<\/big><\/p><p>\u00a0<\/p><p>N\u00e1sledne ich bud\u00fa kontaktova\u0165 zamestnanci Trnavskej arcidiec\u00e9znej charity. Samotn\u00fd program bude prebieha\u0165 v\u00a0term\u00edne september \u2013 december 2022, v\u017edy raz t\u00fd\u017edenne v\u00a0popolud\u0148aj\u0161\u00edch hodin\u00e1ch v\u00a0priestoroch charity alebo organiz\u00e1cie Youth for Equality na Hlavnej ulici v\u00a0Trnave a\u00a0pre \u0161tudentov bude bezplatn\u00fd.<\/p><p>\u00a0<\/p><p><em>\u201eNa\u0161im cie\u013eom je vytvori\u0165 mlad\u00fdm pr\u00edle\u017eitos\u0165 nau\u010di\u0165 sa nie\u010do nov\u00e9, rozv\u00edja\u0165 sa, vyu\u017ei\u0165 svoj potenci\u00e1l pre dobr\u00fa vec a\u00a0z\u00e1rove\u0148 spozna\u0165 nov\u00fdch \u013eud\u00ed. Radi by sme v nich touto cestou vzbudili z\u00e1ujem o\u00a0akt\u00edvne dobrovo\u013en\u00edctvo a\u00a0pomoc komunite, v\u00a0ktorej \u017eij\u00fa,\u201c<\/em>\u00a0vysvet\u013euje Krist\u00edna Ry\u0161av\u00e1, spoluautorka programu a koordin\u00e1torka dobrovo\u013en\u00edkov na Trnavskej arcidiec\u00e9znej charite.<\/p><p>\u00a0<\/p><p><em>Tento program je realizovan\u00fd v\u010faka podpore z dot\u00e1ci\u00ed Ministerstva \u0161kolstva, vedy, v\u00fdskumu a\u00a0\u0161portu v oblasti pr\u00e1ce s ml\u00e1de\u017eou, ktor\u00e9 administruje IUVENTA \u2013 Slovensk\u00fd in\u0161tit\u00fat ml\u00e1de\u017ee.<\/em><\/p>\t\t\t\t\t\t\t\t<\/div>\n\t\t\t\t<\/div>\n\t\t\t\t\t<\/div>\n\t\t<\/div>\n\t\t\t\t\t<\/div>\n\t\t<\/section>\n\t\t\t\t<\/div>\n\t\t","protected":false},"excerpt":{"rendered":"<p>Spolu s Trnavskou arcidiec\u00e9znou charitou pon\u00fakame 25 stredo\u0161kol\u00e1kom pr\u00edle\u017eitos\u0165 na rozvoj a realiz\u00e1ciu ich n\u00e1padov, prospe\u0161n\u00fdch pre komunitu. \u00a0 V\u00a0septembri od\u0161tartuje v\u00a0Trnave nov\u00fd rozvojov\u00fd program pre \u0161tudentov stredn\u00fdch k\u00f4l, ktor\u00fd pripravila\u00a0Trnavsk\u00e1 arcidiec\u00e9zna charita\u00a0v\u00a0spolupr\u00e1ci s\u00a0organiz\u00e1ciou\u00a0Youth for equality. \u00a0 Organiz\u00e1cie s\u00eddliace len k\u00fasok od seba sa rozhodli prepoji\u0165 svoje know-how a\u00a0sk\u00fasenosti, v\u010faka \u010domu vznikol nov\u00fd program pre&hellip;&nbsp;<a href=\"https:\/\/www.youthforequality.sk\/index.php\/2022\/08\/19\/dobrovolnicky-rozvojovy-program-pre-studentov-strednych-skol-v-trnave\/\" class=\"\" rel=\"bookmark\">\u010c\u00edta\u0165 viac &raquo;<span class=\"screen-reader-text\">Dobrovo\u013en\u00edcky rozvojov\u00fd program pre \u0161tudentov stredn\u00fdch \u0161k\u00f4l v Trnave<\/span><\/a><\/p>\n","protected":false},"author":6,"featured_media":4293,"comment_status":"closed","ping_status":"open","sticky":false,"template":"","format":"standard","meta":{"_uf_show_specific_survey":0,"_uf_disable_surveys":false,"neve_meta_sidebar":"","neve_meta_container":"","neve_meta_enable_content_width":"off","neve_meta_content_width":70,"neve_meta_title_alignment":"","neve_meta_author_avatar":"","neve_post_elements_order":"","neve_meta_disable_header":"","neve_meta_disable_footer":"","neve_meta_disable_title":"","_themeisle_gutenberg_block_has_review":false,"footnotes":""},"categories":[53],"tags":[],"class_list":["post-4288","post","type-post","status-publish","format-standard","has-post-thumbnail","hentry","category-miestne-projekty-predosle"],"yoast_head":"<!-- This site is optimized with the Yoast SEO plugin v27.4 - https:\/\/yoast.com\/product\/yoast-seo-wordpress\/ -->\n<title>Dobrovo\u013en\u00edcky rozvojov\u00fd program pre \u0161tudentov stredn\u00fdch \u0161k\u00f4l v Trnave |<\/title>\n<meta name=\"robots\" content=\"index, follow, max-snippet:-1, max-image-preview:large, max-video-preview:-1\" \/>\n<link rel=\"canonical\" href=\"https:\/\/www.youthforequality.sk\/index.php\/2022\/08\/19\/dobrovolnicky-rozvojovy-program-pre-studentov-strednych-skol-v-trnave\/\" \/>\n<meta property=\"og:locale\" content=\"sk_SK\" \/>\n<meta property=\"og:type\" content=\"article\" \/>\n<meta property=\"og:title\" content=\"Dobrovo\u013en\u00edcky rozvojov\u00fd program pre \u0161tudentov stredn\u00fdch \u0161k\u00f4l v Trnave |\" \/>\n<meta property=\"og:description\" content=\"Spolu s Trnavskou arcidiec\u00e9znou charitou pon\u00fakame 25 stredo\u0161kol\u00e1kom pr\u00edle\u017eitos\u0165 na rozvoj a realiz\u00e1ciu ich n\u00e1padov, prospe\u0161n\u00fdch pre komunitu. \u00a0 V\u00a0septembri od\u0161tartuje v\u00a0Trnave nov\u00fd rozvojov\u00fd program pre \u0161tudentov stredn\u00fdch k\u00f4l, ktor\u00fd pripravila\u00a0Trnavsk\u00e1 arcidiec\u00e9zna charita\u00a0v\u00a0spolupr\u00e1ci s\u00a0organiz\u00e1ciou\u00a0Youth for equality. \u00a0 Organiz\u00e1cie s\u00eddliace len k\u00fasok od seba sa rozhodli prepoji\u0165 svoje know-how a\u00a0sk\u00fasenosti, v\u010faka \u010domu vznikol nov\u00fd program pre&hellip;&nbsp;\u010c\u00edta\u0165 viac &raquo;Dobrovo\u013en\u00edcky rozvojov\u00fd program pre \u0161tudentov stredn\u00fdch \u0161k\u00f4l v Trnave\" \/>\n<meta property=\"og:url\" content=\"https:\/\/www.youthforequality.sk\/index.php\/2022\/08\/19\/dobrovolnicky-rozvojovy-program-pre-studentov-strednych-skol-v-trnave\/\" \/>\n<meta property=\"article:publisher\" content=\"https:\/\/www.facebook.com\/yeslovakia\" \/>\n<meta property=\"article:published_time\" content=\"2022-08-19T11:35:54+00:00\" \/>\n<meta property=\"article:modified_time\" content=\"2025-11-17T13:59:29+00:00\" \/>\n<meta property=\"og:image\" content=\"https:\/\/www.youthforequality.sk\/wp-content\/uploads\/2022\/08\/motivacia.png\" \/>\n\t<meta property=\"og:image:width\" content=\"1156\" \/>\n\t<meta property=\"og:image:height\" content=\"687\" \/>\n\t<meta property=\"og:image:type\" content=\"image\/png\" \/>\n<meta name=\"author\" content=\"wiki\" \/>\n<meta name=\"twitter:card\" content=\"summary_large_image\" \/>\n<meta name=\"twitter:label1\" content=\"Autor\" \/>\n\t<meta name=\"twitter:data1\" content=\"wiki\" \/>\n\t<meta name=\"twitter:label2\" content=\"Predpokladan\u00fd \u010das \u010d\u00edtania\" \/>\n\t<meta name=\"twitter:data2\" content=\"2 min\u00faty\" \/>\n<script type=\"application\/ld+json\" class=\"yoast-schema-graph\">{\"@context\":\"https:\\\/\\\/schema.org\",\"@graph\":[{\"@type\":\"Article\",\"@id\":\"https:\\\/\\\/www.youthforequality.sk\\\/index.php\\\/2022\\\/08\\\/19\\\/dobrovolnicky-rozvojovy-program-pre-studentov-strednych-skol-v-trnave\\\/#article\",\"isPartOf\":{\"@id\":\"https:\\\/\\\/www.youthforequality.sk\\\/index.php\\\/2022\\\/08\\\/19\\\/dobrovolnicky-rozvojovy-program-pre-studentov-strednych-skol-v-trnave\\\/\"},\"author\":{\"name\":\"wiki\",\"@id\":\"https:\\\/\\\/www.youthforequality.sk\\\/#\\\/schema\\\/person\\\/41e987664144336433c641d34b270d1b\"},\"headline\":\"Dobrovo\u013en\u00edcky rozvojov\u00fd program pre \u0161tudentov stredn\u00fdch \u0161k\u00f4l v Trnave\",\"datePublished\":\"2022-08-19T11:35:54+00:00\",\"dateModified\":\"2025-11-17T13:59:29+00:00\",\"mainEntityOfPage\":{\"@id\":\"https:\\\/\\\/www.youthforequality.sk\\\/index.php\\\/2022\\\/08\\\/19\\\/dobrovolnicky-rozvojovy-program-pre-studentov-strednych-skol-v-trnave\\\/\"},\"wordCount\":505,\"publisher\":{\"@id\":\"https:\\\/\\\/www.youthforequality.sk\\\/#organization\"},\"image\":{\"@id\":\"https:\\\/\\\/www.youthforequality.sk\\\/index.php\\\/2022\\\/08\\\/19\\\/dobrovolnicky-rozvojovy-program-pre-studentov-strednych-skol-v-trnave\\\/#primaryimage\"},\"thumbnailUrl\":\"https:\\\/\\\/www.youthforequality.sk\\\/wp-content\\\/uploads\\\/2022\\\/08\\\/motivacia.png\",\"articleSection\":[\"miestne projekty predosle\"],\"inLanguage\":\"sk-SK\"},{\"@type\":\"WebPage\",\"@id\":\"https:\\\/\\\/www.youthforequality.sk\\\/index.php\\\/2022\\\/08\\\/19\\\/dobrovolnicky-rozvojovy-program-pre-studentov-strednych-skol-v-trnave\\\/\",\"url\":\"https:\\\/\\\/www.youthforequality.sk\\\/index.php\\\/2022\\\/08\\\/19\\\/dobrovolnicky-rozvojovy-program-pre-studentov-strednych-skol-v-trnave\\\/\",\"name\":\"Dobrovo\u013en\u00edcky rozvojov\u00fd program pre \u0161tudentov stredn\u00fdch \u0161k\u00f4l v Trnave |\",\"isPartOf\":{\"@id\":\"https:\\\/\\\/www.youthforequality.sk\\\/#website\"},\"primaryImageOfPage\":{\"@id\":\"https:\\\/\\\/www.youthforequality.sk\\\/index.php\\\/2022\\\/08\\\/19\\\/dobrovolnicky-rozvojovy-program-pre-studentov-strednych-skol-v-trnave\\\/#primaryimage\"},\"image\":{\"@id\":\"https:\\\/\\\/www.youthforequality.sk\\\/index.php\\\/2022\\\/08\\\/19\\\/dobrovolnicky-rozvojovy-program-pre-studentov-strednych-skol-v-trnave\\\/#primaryimage\"},\"thumbnailUrl\":\"https:\\\/\\\/www.youthforequality.sk\\\/wp-content\\\/uploads\\\/2022\\\/08\\\/motivacia.png\",\"datePublished\":\"2022-08-19T11:35:54+00:00\",\"dateModified\":\"2025-11-17T13:59:29+00:00\",\"breadcrumb\":{\"@id\":\"https:\\\/\\\/www.youthforequality.sk\\\/index.php\\\/2022\\\/08\\\/19\\\/dobrovolnicky-rozvojovy-program-pre-studentov-strednych-skol-v-trnave\\\/#breadcrumb\"},\"inLanguage\":\"sk-SK\",\"potentialAction\":[{\"@type\":\"ReadAction\",\"target\":[\"https:\\\/\\\/www.youthforequality.sk\\\/index.php\\\/2022\\\/08\\\/19\\\/dobrovolnicky-rozvojovy-program-pre-studentov-strednych-skol-v-trnave\\\/\"]}]},{\"@type\":\"ImageObject\",\"inLanguage\":\"sk-SK\",\"@id\":\"https:\\\/\\\/www.youthforequality.sk\\\/index.php\\\/2022\\\/08\\\/19\\\/dobrovolnicky-rozvojovy-program-pre-studentov-strednych-skol-v-trnave\\\/#primaryimage\",\"url\":\"https:\\\/\\\/www.youthforequality.sk\\\/wp-content\\\/uploads\\\/2022\\\/08\\\/motivacia.png\",\"contentUrl\":\"https:\\\/\\\/www.youthforequality.sk\\\/wp-content\\\/uploads\\\/2022\\\/08\\\/motivacia.png\",\"width\":1156,\"height\":687},{\"@type\":\"BreadcrumbList\",\"@id\":\"https:\\\/\\\/www.youthforequality.sk\\\/index.php\\\/2022\\\/08\\\/19\\\/dobrovolnicky-rozvojovy-program-pre-studentov-strednych-skol-v-trnave\\\/#breadcrumb\",\"itemListElement\":[{\"@type\":\"ListItem\",\"position\":1,\"name\":\"Home\",\"item\":\"https:\\\/\\\/www.youthforequality.sk\\\/\"},{\"@type\":\"ListItem\",\"position\":2,\"name\":\"Dobrovo\u013en\u00edcky rozvojov\u00fd program pre \u0161tudentov stredn\u00fdch \u0161k\u00f4l v Trnave\"}]},{\"@type\":\"WebSite\",\"@id\":\"https:\\\/\\\/www.youthforequality.sk\\\/#website\",\"url\":\"https:\\\/\\\/www.youthforequality.sk\\\/\",\"name\":\"\",\"description\":\"\",\"publisher\":{\"@id\":\"https:\\\/\\\/www.youthforequality.sk\\\/#organization\"},\"potentialAction\":[{\"@type\":\"SearchAction\",\"target\":{\"@type\":\"EntryPoint\",\"urlTemplate\":\"https:\\\/\\\/www.youthforequality.sk\\\/?s={search_term_string}\"},\"query-input\":{\"@type\":\"PropertyValueSpecification\",\"valueRequired\":true,\"valueName\":\"search_term_string\"}}],\"inLanguage\":\"sk-SK\"},{\"@type\":\"Organization\",\"@id\":\"https:\\\/\\\/www.youthforequality.sk\\\/#organization\",\"name\":\"Youth for Equality\",\"url\":\"https:\\\/\\\/www.youthforequality.sk\\\/\",\"logo\":{\"@type\":\"ImageObject\",\"inLanguage\":\"sk-SK\",\"@id\":\"https:\\\/\\\/www.youthforequality.sk\\\/#\\\/schema\\\/logo\\\/image\\\/\",\"url\":\"https:\\\/\\\/www.youthforequality.sk\\\/wp-content\\\/uploads\\\/2021\\\/01\\\/vynovene-logo-nove-farby_modra-na-web.png\",\"contentUrl\":\"https:\\\/\\\/www.youthforequality.sk\\\/wp-content\\\/uploads\\\/2021\\\/01\\\/vynovene-logo-nove-farby_modra-na-web.png\",\"width\":1,\"height\":1,\"caption\":\"Youth for Equality\"},\"image\":{\"@id\":\"https:\\\/\\\/www.youthforequality.sk\\\/#\\\/schema\\\/logo\\\/image\\\/\"},\"sameAs\":[\"https:\\\/\\\/www.facebook.com\\\/yeslovakia\"]},{\"@type\":\"Person\",\"@id\":\"https:\\\/\\\/www.youthforequality.sk\\\/#\\\/schema\\\/person\\\/41e987664144336433c641d34b270d1b\",\"name\":\"wiki\",\"image\":{\"@type\":\"ImageObject\",\"inLanguage\":\"sk-SK\",\"@id\":\"https:\\\/\\\/secure.gravatar.com\\\/avatar\\\/57cac84b94061d1af6548f41cd07cbee960ab67f3b80825c4b192af947aa3c0f?s=96&d=mm&r=g\",\"url\":\"https:\\\/\\\/secure.gravatar.com\\\/avatar\\\/57cac84b94061d1af6548f41cd07cbee960ab67f3b80825c4b192af947aa3c0f?s=96&d=mm&r=g\",\"contentUrl\":\"https:\\\/\\\/secure.gravatar.com\\\/avatar\\\/57cac84b94061d1af6548f41cd07cbee960ab67f3b80825c4b192af947aa3c0f?s=96&d=mm&r=g\",\"caption\":\"wiki\"},\"url\":\"https:\\\/\\\/www.youthforequality.sk\\\/index.php\\\/author\\\/janbor\\\/\"}]}<\/script>\n<!-- \/ Yoast SEO plugin. -->","yoast_head_json":{"title":"Dobrovo\u013en\u00edcky rozvojov\u00fd program pre \u0161tudentov stredn\u00fdch \u0161k\u00f4l v Trnave |","robots":{"index":"index","follow":"follow","max-snippet":"max-snippet:-1","max-image-preview":"max-image-preview:large","max-video-preview":"max-video-preview:-1"},"canonical":"https:\/\/www.youthforequality.sk\/index.php\/2022\/08\/19\/dobrovolnicky-rozvojovy-program-pre-studentov-strednych-skol-v-trnave\/","og_locale":"sk_SK","og_type":"article","og_title":"Dobrovo\u013en\u00edcky rozvojov\u00fd program pre \u0161tudentov stredn\u00fdch \u0161k\u00f4l v Trnave |","og_description":"Spolu s Trnavskou arcidiec\u00e9znou charitou pon\u00fakame 25 stredo\u0161kol\u00e1kom pr\u00edle\u017eitos\u0165 na rozvoj a realiz\u00e1ciu ich n\u00e1padov, prospe\u0161n\u00fdch pre komunitu. \u00a0 V\u00a0septembri od\u0161tartuje v\u00a0Trnave nov\u00fd rozvojov\u00fd program pre \u0161tudentov stredn\u00fdch k\u00f4l, ktor\u00fd pripravila\u00a0Trnavsk\u00e1 arcidiec\u00e9zna charita\u00a0v\u00a0spolupr\u00e1ci s\u00a0organiz\u00e1ciou\u00a0Youth for equality. \u00a0 Organiz\u00e1cie s\u00eddliace len k\u00fasok od seba sa rozhodli prepoji\u0165 svoje know-how a\u00a0sk\u00fasenosti, v\u010faka \u010domu vznikol nov\u00fd program pre&hellip;&nbsp;\u010c\u00edta\u0165 viac &raquo;Dobrovo\u013en\u00edcky rozvojov\u00fd program pre \u0161tudentov stredn\u00fdch \u0161k\u00f4l v Trnave","og_url":"https:\/\/www.youthforequality.sk\/index.php\/2022\/08\/19\/dobrovolnicky-rozvojovy-program-pre-studentov-strednych-skol-v-trnave\/","article_publisher":"https:\/\/www.facebook.com\/yeslovakia","article_published_time":"2022-08-19T11:35:54+00:00","article_modified_time":"2025-11-17T13:59:29+00:00","og_image":[{"width":1156,"height":687,"url":"https:\/\/www.youthforequality.sk\/wp-content\/uploads\/2022\/08\/motivacia.png","type":"image\/png"}],"author":"wiki","twitter_card":"summary_large_image","twitter_misc":{"Autor":"wiki","Predpokladan\u00fd \u010das \u010d\u00edtania":"2 min\u00faty"},"schema":{"@context":"https:\/\/schema.org","@graph":[{"@type":"Article","@id":"https:\/\/www.youthforequality.sk\/index.php\/2022\/08\/19\/dobrovolnicky-rozvojovy-program-pre-studentov-strednych-skol-v-trnave\/#article","isPartOf":{"@id":"https:\/\/www.youthforequality.sk\/index.php\/2022\/08\/19\/dobrovolnicky-rozvojovy-program-pre-studentov-strednych-skol-v-trnave\/"},"author":{"name":"wiki","@id":"https:\/\/www.youthforequality.sk\/#\/schema\/person\/41e987664144336433c641d34b270d1b"},"headline":"Dobrovo\u013en\u00edcky rozvojov\u00fd program pre \u0161tudentov stredn\u00fdch \u0161k\u00f4l v Trnave","datePublished":"2022-08-19T11:35:54+00:00","dateModified":"2025-11-17T13:59:29+00:00","mainEntityOfPage":{"@id":"https:\/\/www.youthforequality.sk\/index.php\/2022\/08\/19\/dobrovolnicky-rozvojovy-program-pre-studentov-strednych-skol-v-trnave\/"},"wordCount":505,"publisher":{"@id":"https:\/\/www.youthforequality.sk\/#organization"},"image":{"@id":"https:\/\/www.youthforequality.sk\/index.php\/2022\/08\/19\/dobrovolnicky-rozvojovy-program-pre-studentov-strednych-skol-v-trnave\/#primaryimage"},"thumbnailUrl":"https:\/\/www.youthforequality.sk\/wp-content\/uploads\/2022\/08\/motivacia.png","articleSection":["miestne projekty predosle"],"inLanguage":"sk-SK"},{"@type":"WebPage","@id":"https:\/\/www.youthforequality.sk\/index.php\/2022\/08\/19\/dobrovolnicky-rozvojovy-program-pre-studentov-strednych-skol-v-trnave\/","url":"https:\/\/www.youthforequality.sk\/index.php\/2022\/08\/19\/dobrovolnicky-rozvojovy-program-pre-studentov-strednych-skol-v-trnave\/","name":"Dobrovo\u013en\u00edcky rozvojov\u00fd program pre \u0161tudentov stredn\u00fdch \u0161k\u00f4l v Trnave |","isPartOf":{"@id":"https:\/\/www.youthforequality.sk\/#website"},"primaryImageOfPage":{"@id":"https:\/\/www.youthforequality.sk\/index.php\/2022\/08\/19\/dobrovolnicky-rozvojovy-program-pre-studentov-strednych-skol-v-trnave\/#primaryimage"},"image":{"@id":"https:\/\/www.youthforequality.sk\/index.php\/2022\/08\/19\/dobrovolnicky-rozvojovy-program-pre-studentov-strednych-skol-v-trnave\/#primaryimage"},"thumbnailUrl":"https:\/\/www.youthforequality.sk\/wp-content\/uploads\/2022\/08\/motivacia.png","datePublished":"2022-08-19T11:35:54+00:00","dateModified":"2025-11-17T13:59:29+00:00","breadcrumb":{"@id":"https:\/\/www.youthforequality.sk\/index.php\/2022\/08\/19\/dobrovolnicky-rozvojovy-program-pre-studentov-strednych-skol-v-trnave\/#breadcrumb"},"inLanguage":"sk-SK","potentialAction":[{"@type":"ReadAction","target":["https:\/\/www.youthforequality.sk\/index.php\/2022\/08\/19\/dobrovolnicky-rozvojovy-program-pre-studentov-strednych-skol-v-trnave\/"]}]},{"@type":"ImageObject","inLanguage":"sk-SK","@id":"https:\/\/www.youthforequality.sk\/index.php\/2022\/08\/19\/dobrovolnicky-rozvojovy-program-pre-studentov-strednych-skol-v-trnave\/#primaryimage","url":"https:\/\/www.youthforequality.sk\/wp-content\/uploads\/2022\/08\/motivacia.png","contentUrl":"https:\/\/www.youthforequality.sk\/wp-content\/uploads\/2022\/08\/motivacia.png","width":1156,"height":687},{"@type":"BreadcrumbList","@id":"https:\/\/www.youthforequality.sk\/index.php\/2022\/08\/19\/dobrovolnicky-rozvojovy-program-pre-studentov-strednych-skol-v-trnave\/#breadcrumb","itemListElement":[{"@type":"ListItem","position":1,"name":"Home","item":"https:\/\/www.youthforequality.sk\/"},{"@type":"ListItem","position":2,"name":"Dobrovo\u013en\u00edcky rozvojov\u00fd program pre \u0161tudentov stredn\u00fdch \u0161k\u00f4l v Trnave"}]},{"@type":"WebSite","@id":"https:\/\/www.youthforequality.sk\/#website","url":"https:\/\/www.youthforequality.sk\/","name":"","description":"","publisher":{"@id":"https:\/\/www.youthforequality.sk\/#organization"},"potentialAction":[{"@type":"SearchAction","target":{"@type":"EntryPoint","urlTemplate":"https:\/\/www.youthforequality.sk\/?s={search_term_string}"},"query-input":{"@type":"PropertyValueSpecification","valueRequired":true,"valueName":"search_term_string"}}],"inLanguage":"sk-SK"},{"@type":"Organization","@id":"https:\/\/www.youthforequality.sk\/#organization","name":"Youth for Equality","url":"https:\/\/www.youthforequality.sk\/","logo":{"@type":"ImageObject","inLanguage":"sk-SK","@id":"https:\/\/www.youthforequality.sk\/#\/schema\/logo\/image\/","url":"https:\/\/www.youthforequality.sk\/wp-content\/uploads\/2021\/01\/vynovene-logo-nove-farby_modra-na-web.png","contentUrl":"https:\/\/www.youthforequality.sk\/wp-content\/uploads\/2021\/01\/vynovene-logo-nove-farby_modra-na-web.png","width":1,"height":1,"caption":"Youth for Equality"},"image":{"@id":"https:\/\/www.youthforequality.sk\/#\/schema\/logo\/image\/"},"sameAs":["https:\/\/www.facebook.com\/yeslovakia"]},{"@type":"Person","@id":"https:\/\/www.youthforequality.sk\/#\/schema\/person\/41e987664144336433c641d34b270d1b","name":"wiki","image":{"@type":"ImageObject","inLanguage":"sk-SK","@id":"https:\/\/secure.gravatar.com\/avatar\/57cac84b94061d1af6548f41cd07cbee960ab67f3b80825c4b192af947aa3c0f?s=96&d=mm&r=g","url":"https:\/\/secure.gravatar.com\/avatar\/57cac84b94061d1af6548f41cd07cbee960ab67f3b80825c4b192af947aa3c0f?s=96&d=mm&r=g","contentUrl":"https:\/\/secure.gravatar.com\/avatar\/57cac84b94061d1af6548f41cd07cbee960ab67f3b80825c4b192af947aa3c0f?s=96&d=mm&r=g","caption":"wiki"},"url":"https:\/\/www.youthforequality.sk\/index.php\/author\/janbor\/"}]}},"_links":{"self":[{"href":"https:\/\/www.youthforequality.sk\/index.php\/wp-json\/wp\/v2\/posts\/4288","targetHints":{"allow":["GET"]}}],"collection":[{"href":"https:\/\/www.youthforequality.sk\/index.php\/wp-json\/wp\/v2\/posts"}],"about":[{"href":"https:\/\/www.youthforequality.sk\/index.php\/wp-json\/wp\/v2\/types\/post"}],"author":[{"embeddable":true,"href":"https:\/\/www.youthforequality.sk\/index.php\/wp-json\/wp\/v2\/users\/6"}],"replies":[{"embeddable":true,"href":"https:\/\/www.youthforequality.sk\/index.php\/wp-json\/wp\/v2\/comments?post=4288"}],"version-history":[{"count":7,"href":"https:\/\/www.youthforequality.sk\/index.php\/wp-json\/wp\/v2\/posts\/4288\/revisions"}],"predecessor-version":[{"id":4335,"href":"https:\/\/www.youthforequality.sk\/index.php\/wp-json\/wp\/v2\/posts\/4288\/revisions\/4335"}],"wp:featuredmedia":[{"embeddable":true,"href":"https:\/\/www.youthforequality.sk\/index.php\/wp-json\/wp\/v2\/media\/4293"}],"wp:attachment":[{"href":"https:\/\/www.youthforequality.sk\/index.php\/wp-json\/wp\/v2\/media?parent=4288"}],"wp:term":[{"taxonomy":"category","embeddable":true,"href":"https:\/\/www.youthforequality.sk\/index.php\/wp-json\/wp\/v2\/categories?post=4288"},{"taxonomy":"post_tag","embeddable":true,"href":"https:\/\/www.youthforequality.sk\/index.php\/wp-json\/wp\/v2\/tags?post=4288"}],"curies":[{"name":"wp","href":"https:\/\/api.w.org\/{rel}","templated":true}]}}