{"id":4297,"date":"2022-08-25T14:08:41","date_gmt":"2022-08-25T12:08:41","guid":{"rendered":"https:\/\/www.youthforequality.sk\/?p=4297"},"modified":"2022-11-10T15:56:11","modified_gmt":"2022-11-10T14:56:11","slug":"5r-to-zero-waste-14-10-24-10-kaunas-litva","status":"publish","type":"post","link":"https:\/\/www.youthforequality.sk\/index.php\/2022\/08\/25\/5r-to-zero-waste-14-10-24-10-kaunas-litva\/","title":{"rendered":"5R to Zero Waste | 14.10.-24.10. | Kaunas, Litva"},"content":{"rendered":"\t\t<div data-elementor-type=\"wp-post\" data-elementor-id=\"4297\" class=\"elementor elementor-4297\">\n\t\t\t\t\t\t<section class=\"elementor-section elementor-top-section elementor-element elementor-element-2db04d0 elementor-section-boxed elementor-section-height-default elementor-section-height-default\" data-id=\"2db04d0\" data-element_type=\"section\" data-e-type=\"section\">\n\t\t\t\t\t\t<div class=\"elementor-container elementor-column-gap-default\">\n\t\t\t\t\t<div class=\"elementor-column elementor-col-100 elementor-top-column elementor-element elementor-element-be27ee3\" data-id=\"be27ee3\" data-element_type=\"column\" data-e-type=\"column\">\n\t\t\t<div class=\"elementor-widget-wrap elementor-element-populated\">\n\t\t\t\t\t\t<div class=\"elementor-element elementor-element-86db6ca elementor-widget elementor-widget-text-editor\" data-id=\"86db6ca\" data-element_type=\"widget\" data-e-type=\"widget\" data-widget_type=\"text-editor.default\">\n\t\t\t\t<div class=\"elementor-widget-container\">\n\t\t\t\t\t\t\t\t\t<p>Ml\u00e1de\u017en\u00edcka v\u00fdmena v Litve bude stretnutie 35 mlad\u00fdch \u013eud\u00ed, ktor\u00fdm z\u00e1le\u017e\u00ed na \u017eivotnom prostred\u00ed a chc\u00fa sa nau\u010di\u0165 ak\u00fdmi krokmi vedia prispie\u0165 k udr\u017eate\u013en\u00e9mu \u017eivotu na zem.<\/p><p>Projekt je zalo\u017een\u00fd hlavne na met\u00f3de 5R:<\/p><p>REFUSE &#8211; odmietnu\u0165 produkty, ktor\u00e9 skon\u010dia ako odpad;<\/p><p>REDUCE &#8211; redukova\u0165 mno\u017estvo odpadu, ktor\u00fd produkuj\u00fa;<\/p><p>REUSE &#8211; znova pou\u017e\u00edva\u0165 veci, ktor\u00e9 u\u017e maj\u00fa;<\/p><p>REPAIR &#8211; opravi\u0165 veci namiesto kupovania nov\u00fdch;<\/p><p>RECYCLE &#8211; recyklova\u0165 to, \u010do sa d\u00e1 znova pou\u017ei\u0165.\u00a0\u00a0<br \/>&#8230;A takto sa postupne dopracova\u0165 ku konceptu Zero Waste.<\/p><p>\u00a0<\/p><p>H\u013ead\u00e1me 5 \u00fa\u010dastn\u00edkov vo veku 17-25 rokov a l\u00eddra skupiny bez vekov\u00e9ho obmedzenia.\u00a0<\/p><p>\u00a0<\/p><p>Te\u0161\u00edme sa na Va\u0161e prihl\u00e1\u0161ky!<\/p>\t\t\t\t\t\t\t\t<\/div>\n\t\t\t\t<\/div>\n\t\t\t\t\t<\/div>\n\t\t<\/div>\n\t\t\t\t\t<\/div>\n\t\t<\/section>\n\t\t\t\t<section class=\"elementor-section elementor-top-section elementor-element elementor-element-e44ae31 elementor-section-boxed elementor-section-height-default elementor-section-height-default\" data-id=\"e44ae31\" data-element_type=\"section\" data-e-type=\"section\">\n\t\t\t\t\t\t<div class=\"elementor-container elementor-column-gap-default\">\n\t\t\t\t\t<div class=\"elementor-column elementor-col-100 elementor-top-column elementor-element elementor-element-67afba1\" data-id=\"67afba1\" data-element_type=\"column\" data-e-type=\"column\">\n\t\t\t<div class=\"elementor-widget-wrap elementor-element-populated\">\n\t\t\t\t\t\t<div class=\"elementor-element elementor-element-dbbd81b elementor-widget elementor-widget-button\" data-id=\"dbbd81b\" data-element_type=\"widget\" data-e-type=\"widget\" data-widget_type=\"button.default\">\n\t\t\t\t<div class=\"elementor-widget-container\">\n\t\t\t\t\t\t\t\t\t<div class=\"elementor-button-wrapper\">\n\t\t\t\t\t<a class=\"elementor-button elementor-button-link elementor-size-sm\" href=\"https:\/\/drive.google.com\/file\/d\/1lvYxCL0ZnfZaeX9LB0Mu7i9evH3PsN6j\/view?usp=sharing\">\n\t\t\t\t\t\t<span class=\"elementor-button-content-wrapper\">\n\t\t\t\t\t\t\t\t\t<span class=\"elementor-button-text\">Viac info tu<\/span>\n\t\t\t\t\t<\/span>\n\t\t\t\t\t<\/a>\n\t\t\t\t<\/div>\n\t\t\t\t\t\t\t\t<\/div>\n\t\t\t\t<\/div>\n\t\t\t\t\t<\/div>\n\t\t<\/div>\n\t\t\t\t\t<\/div>\n\t\t<\/section>\n\t\t\t\t<section class=\"elementor-section elementor-top-section elementor-element elementor-element-96feaf6 elementor-section-boxed elementor-section-height-default elementor-section-height-default\" data-id=\"96feaf6\" data-element_type=\"section\" data-e-type=\"section\">\n\t\t\t\t\t\t<div class=\"elementor-container elementor-column-gap-default\">\n\t\t\t\t\t<div class=\"elementor-column elementor-col-100 elementor-top-column elementor-element elementor-element-8f51e3c\" data-id=\"8f51e3c\" data-element_type=\"column\" data-e-type=\"column\">\n\t\t\t<div class=\"elementor-widget-wrap elementor-element-populated\">\n\t\t\t\t\t\t<div class=\"elementor-element elementor-element-701aa64 elementor-widget elementor-widget-button\" data-id=\"701aa64\" data-element_type=\"widget\" data-e-type=\"widget\" data-widget_type=\"button.default\">\n\t\t\t\t<div class=\"elementor-widget-container\">\n\t\t\t\t\t\t\t\t\t<div class=\"elementor-button-wrapper\">\n\t\t\t\t\t<a class=\"elementor-button elementor-button-link elementor-size-sm\" href=\"https:\/\/docs.google.com\/forms\/u\/1\/d\/14RW6MZBZxb6BSwnYCPKPUkjNtmG13u5cpFbAFDJfI8I\">\n\t\t\t\t\t\t<span class=\"elementor-button-content-wrapper\">\n\t\t\t\t\t\t\t\t\t<span class=\"elementor-button-text\">Prihl\u00e1\u0161ka<\/span>\n\t\t\t\t\t<\/span>\n\t\t\t\t\t<\/a>\n\t\t\t\t<\/div>\n\t\t\t\t\t\t\t\t<\/div>\n\t\t\t\t<\/div>\n\t\t\t\t\t<\/div>\n\t\t<\/div>\n\t\t\t\t\t<\/div>\n\t\t<\/section>\n\t\t\t\t<\/div>\n\t\t","protected":false},"excerpt":{"rendered":"<p>Ml\u00e1de\u017en\u00edcka v\u00fdmena v Litve bude stretnutie 35 mlad\u00fdch \u013eud\u00ed, ktor\u00fdm z\u00e1le\u017e\u00ed na \u017eivotnom prostred\u00ed a chc\u00fa sa nau\u010di\u0165 ak\u00fdmi krokmi vedia prispie\u0165 k udr\u017eate\u013en\u00e9mu \u017eivotu na zem. Projekt je zalo\u017een\u00fd hlavne na met\u00f3de 5R: REFUSE &#8211; odmietnu\u0165 produkty, ktor\u00e9 skon\u010dia ako odpad; REDUCE &#8211; redukova\u0165 mno\u017estvo odpadu, ktor\u00fd produkuj\u00fa; REUSE &#8211; znova pou\u017e\u00edva\u0165 veci, ktor\u00e9&hellip;&nbsp;<a href=\"https:\/\/www.youthforequality.sk\/index.php\/2022\/08\/25\/5r-to-zero-waste-14-10-24-10-kaunas-litva\/\" class=\"\" rel=\"bookmark\">\u010c\u00edta\u0165 viac &raquo;<span class=\"screen-reader-text\">5R to Zero Waste | 14.10.-24.10. | Kaunas, Litva<\/span><\/a><\/p>\n","protected":false},"author":6,"featured_media":4301,"comment_status":"closed","ping_status":"open","sticky":false,"template":"","format":"standard","meta":{"_uf_show_specific_survey":0,"_uf_disable_surveys":false,"neve_meta_sidebar":"","neve_meta_container":"","neve_meta_enable_content_width":"off","neve_meta_content_width":70,"neve_meta_title_alignment":"","neve_meta_author_avatar":"","neve_post_elements_order":"","neve_meta_disable_header":"","neve_meta_disable_footer":"","neve_meta_disable_title":"","_themeisle_gutenberg_block_has_review":false,"footnotes":""},"categories":[1],"tags":[],"class_list":["post-4297","post","type-post","status-publish","format-standard","has-post-thumbnail","hentry","category-uncategorized"],"yoast_head":"<!-- This site is optimized with the Yoast SEO plugin v27.4 - https:\/\/yoast.com\/product\/yoast-seo-wordpress\/ -->\n<title>5R to Zero Waste | 14.10.-24.10. | Kaunas, Litva |<\/title>\n<meta name=\"robots\" content=\"index, follow, max-snippet:-1, max-image-preview:large, max-video-preview:-1\" \/>\n<link rel=\"canonical\" href=\"https:\/\/www.youthforequality.sk\/index.php\/2022\/08\/25\/5r-to-zero-waste-14-10-24-10-kaunas-litva\/\" \/>\n<meta property=\"og:locale\" content=\"sk_SK\" \/>\n<meta property=\"og:type\" content=\"article\" \/>\n<meta property=\"og:title\" content=\"5R to Zero Waste | 14.10.-24.10. | Kaunas, Litva |\" \/>\n<meta property=\"og:description\" content=\"Ml\u00e1de\u017en\u00edcka v\u00fdmena v Litve bude stretnutie 35 mlad\u00fdch \u013eud\u00ed, ktor\u00fdm z\u00e1le\u017e\u00ed na \u017eivotnom prostred\u00ed a chc\u00fa sa nau\u010di\u0165 ak\u00fdmi krokmi vedia prispie\u0165 k udr\u017eate\u013en\u00e9mu \u017eivotu na zem. Projekt je zalo\u017een\u00fd hlavne na met\u00f3de 5R: REFUSE &#8211; odmietnu\u0165 produkty, ktor\u00e9 skon\u010dia ako odpad; REDUCE &#8211; redukova\u0165 mno\u017estvo odpadu, ktor\u00fd produkuj\u00fa; REUSE &#8211; znova pou\u017e\u00edva\u0165 veci, ktor\u00e9&hellip;&nbsp;\u010c\u00edta\u0165 viac &raquo;5R to Zero Waste | 14.10.-24.10. | Kaunas, Litva\" \/>\n<meta property=\"og:url\" content=\"https:\/\/www.youthforequality.sk\/index.php\/2022\/08\/25\/5r-to-zero-waste-14-10-24-10-kaunas-litva\/\" \/>\n<meta property=\"article:publisher\" content=\"https:\/\/www.facebook.com\/yeslovakia\" \/>\n<meta property=\"article:published_time\" content=\"2022-08-25T12:08:41+00:00\" \/>\n<meta property=\"article:modified_time\" content=\"2022-11-10T14:56:11+00:00\" \/>\n<meta property=\"og:image\" content=\"https:\/\/www.youthforequality.sk\/wp-content\/uploads\/2022\/08\/5r.png\" \/>\n\t<meta property=\"og:image:width\" content=\"698\" \/>\n\t<meta property=\"og:image:height\" content=\"726\" \/>\n\t<meta property=\"og:image:type\" content=\"image\/png\" \/>\n<meta name=\"author\" content=\"wiki\" \/>\n<meta name=\"twitter:card\" content=\"summary_large_image\" \/>\n<meta name=\"twitter:label1\" content=\"Autor\" \/>\n\t<meta name=\"twitter:data1\" content=\"wiki\" \/>\n\t<meta name=\"twitter:label2\" content=\"Predpokladan\u00fd \u010das \u010d\u00edtania\" \/>\n\t<meta name=\"twitter:data2\" content=\"1 min\u00fata\" \/>\n<script type=\"application\/ld+json\" class=\"yoast-schema-graph\">{\"@context\":\"https:\\\/\\\/schema.org\",\"@graph\":[{\"@type\":\"Article\",\"@id\":\"https:\\\/\\\/www.youthforequality.sk\\\/index.php\\\/2022\\\/08\\\/25\\\/5r-to-zero-waste-14-10-24-10-kaunas-litva\\\/#article\",\"isPartOf\":{\"@id\":\"https:\\\/\\\/www.youthforequality.sk\\\/index.php\\\/2022\\\/08\\\/25\\\/5r-to-zero-waste-14-10-24-10-kaunas-litva\\\/\"},\"author\":{\"name\":\"wiki\",\"@id\":\"https:\\\/\\\/www.youthforequality.sk\\\/#\\\/schema\\\/person\\\/41e987664144336433c641d34b270d1b\"},\"headline\":\"5R to Zero Waste | 14.10.-24.10. | Kaunas, Litva\",\"datePublished\":\"2022-08-25T12:08:41+00:00\",\"dateModified\":\"2022-11-10T14:56:11+00:00\",\"mainEntityOfPage\":{\"@id\":\"https:\\\/\\\/www.youthforequality.sk\\\/index.php\\\/2022\\\/08\\\/25\\\/5r-to-zero-waste-14-10-24-10-kaunas-litva\\\/\"},\"wordCount\":137,\"publisher\":{\"@id\":\"https:\\\/\\\/www.youthforequality.sk\\\/#organization\"},\"image\":{\"@id\":\"https:\\\/\\\/www.youthforequality.sk\\\/index.php\\\/2022\\\/08\\\/25\\\/5r-to-zero-waste-14-10-24-10-kaunas-litva\\\/#primaryimage\"},\"thumbnailUrl\":\"https:\\\/\\\/www.youthforequality.sk\\\/wp-content\\\/uploads\\\/2022\\\/08\\\/5r.png\",\"articleSection\":[\"Uncategorized\"],\"inLanguage\":\"sk-SK\"},{\"@type\":\"WebPage\",\"@id\":\"https:\\\/\\\/www.youthforequality.sk\\\/index.php\\\/2022\\\/08\\\/25\\\/5r-to-zero-waste-14-10-24-10-kaunas-litva\\\/\",\"url\":\"https:\\\/\\\/www.youthforequality.sk\\\/index.php\\\/2022\\\/08\\\/25\\\/5r-to-zero-waste-14-10-24-10-kaunas-litva\\\/\",\"name\":\"5R to Zero Waste | 14.10.-24.10. | Kaunas, Litva |\",\"isPartOf\":{\"@id\":\"https:\\\/\\\/www.youthforequality.sk\\\/#website\"},\"primaryImageOfPage\":{\"@id\":\"https:\\\/\\\/www.youthforequality.sk\\\/index.php\\\/2022\\\/08\\\/25\\\/5r-to-zero-waste-14-10-24-10-kaunas-litva\\\/#primaryimage\"},\"image\":{\"@id\":\"https:\\\/\\\/www.youthforequality.sk\\\/index.php\\\/2022\\\/08\\\/25\\\/5r-to-zero-waste-14-10-24-10-kaunas-litva\\\/#primaryimage\"},\"thumbnailUrl\":\"https:\\\/\\\/www.youthforequality.sk\\\/wp-content\\\/uploads\\\/2022\\\/08\\\/5r.png\",\"datePublished\":\"2022-08-25T12:08:41+00:00\",\"dateModified\":\"2022-11-10T14:56:11+00:00\",\"breadcrumb\":{\"@id\":\"https:\\\/\\\/www.youthforequality.sk\\\/index.php\\\/2022\\\/08\\\/25\\\/5r-to-zero-waste-14-10-24-10-kaunas-litva\\\/#breadcrumb\"},\"inLanguage\":\"sk-SK\",\"potentialAction\":[{\"@type\":\"ReadAction\",\"target\":[\"https:\\\/\\\/www.youthforequality.sk\\\/index.php\\\/2022\\\/08\\\/25\\\/5r-to-zero-waste-14-10-24-10-kaunas-litva\\\/\"]}]},{\"@type\":\"ImageObject\",\"inLanguage\":\"sk-SK\",\"@id\":\"https:\\\/\\\/www.youthforequality.sk\\\/index.php\\\/2022\\\/08\\\/25\\\/5r-to-zero-waste-14-10-24-10-kaunas-litva\\\/#primaryimage\",\"url\":\"https:\\\/\\\/www.youthforequality.sk\\\/wp-content\\\/uploads\\\/2022\\\/08\\\/5r.png\",\"contentUrl\":\"https:\\\/\\\/www.youthforequality.sk\\\/wp-content\\\/uploads\\\/2022\\\/08\\\/5r.png\",\"width\":698,\"height\":726},{\"@type\":\"BreadcrumbList\",\"@id\":\"https:\\\/\\\/www.youthforequality.sk\\\/index.php\\\/2022\\\/08\\\/25\\\/5r-to-zero-waste-14-10-24-10-kaunas-litva\\\/#breadcrumb\",\"itemListElement\":[{\"@type\":\"ListItem\",\"position\":1,\"name\":\"Home\",\"item\":\"https:\\\/\\\/www.youthforequality.sk\\\/\"},{\"@type\":\"ListItem\",\"position\":2,\"name\":\"5R to Zero Waste | 14.10.-24.10. | Kaunas, Litva\"}]},{\"@type\":\"WebSite\",\"@id\":\"https:\\\/\\\/www.youthforequality.sk\\\/#website\",\"url\":\"https:\\\/\\\/www.youthforequality.sk\\\/\",\"name\":\"\",\"description\":\"\",\"publisher\":{\"@id\":\"https:\\\/\\\/www.youthforequality.sk\\\/#organization\"},\"potentialAction\":[{\"@type\":\"SearchAction\",\"target\":{\"@type\":\"EntryPoint\",\"urlTemplate\":\"https:\\\/\\\/www.youthforequality.sk\\\/?s={search_term_string}\"},\"query-input\":{\"@type\":\"PropertyValueSpecification\",\"valueRequired\":true,\"valueName\":\"search_term_string\"}}],\"inLanguage\":\"sk-SK\"},{\"@type\":\"Organization\",\"@id\":\"https:\\\/\\\/www.youthforequality.sk\\\/#organization\",\"name\":\"Youth for Equality\",\"url\":\"https:\\\/\\\/www.youthforequality.sk\\\/\",\"logo\":{\"@type\":\"ImageObject\",\"inLanguage\":\"sk-SK\",\"@id\":\"https:\\\/\\\/www.youthforequality.sk\\\/#\\\/schema\\\/logo\\\/image\\\/\",\"url\":\"https:\\\/\\\/www.youthforequality.sk\\\/wp-content\\\/uploads\\\/2021\\\/01\\\/vynovene-logo-nove-farby_modra-na-web.png\",\"contentUrl\":\"https:\\\/\\\/www.youthforequality.sk\\\/wp-content\\\/uploads\\\/2021\\\/01\\\/vynovene-logo-nove-farby_modra-na-web.png\",\"width\":1,\"height\":1,\"caption\":\"Youth for Equality\"},\"image\":{\"@id\":\"https:\\\/\\\/www.youthforequality.sk\\\/#\\\/schema\\\/logo\\\/image\\\/\"},\"sameAs\":[\"https:\\\/\\\/www.facebook.com\\\/yeslovakia\"]},{\"@type\":\"Person\",\"@id\":\"https:\\\/\\\/www.youthforequality.sk\\\/#\\\/schema\\\/person\\\/41e987664144336433c641d34b270d1b\",\"name\":\"wiki\",\"image\":{\"@type\":\"ImageObject\",\"inLanguage\":\"sk-SK\",\"@id\":\"https:\\\/\\\/secure.gravatar.com\\\/avatar\\\/57cac84b94061d1af6548f41cd07cbee960ab67f3b80825c4b192af947aa3c0f?s=96&d=mm&r=g\",\"url\":\"https:\\\/\\\/secure.gravatar.com\\\/avatar\\\/57cac84b94061d1af6548f41cd07cbee960ab67f3b80825c4b192af947aa3c0f?s=96&d=mm&r=g\",\"contentUrl\":\"https:\\\/\\\/secure.gravatar.com\\\/avatar\\\/57cac84b94061d1af6548f41cd07cbee960ab67f3b80825c4b192af947aa3c0f?s=96&d=mm&r=g\",\"caption\":\"wiki\"},\"url\":\"https:\\\/\\\/www.youthforequality.sk\\\/index.php\\\/author\\\/janbor\\\/\"}]}<\/script>\n<!-- \/ Yoast SEO plugin. -->","yoast_head_json":{"title":"5R to Zero Waste | 14.10.-24.10. | Kaunas, Litva |","robots":{"index":"index","follow":"follow","max-snippet":"max-snippet:-1","max-image-preview":"max-image-preview:large","max-video-preview":"max-video-preview:-1"},"canonical":"https:\/\/www.youthforequality.sk\/index.php\/2022\/08\/25\/5r-to-zero-waste-14-10-24-10-kaunas-litva\/","og_locale":"sk_SK","og_type":"article","og_title":"5R to Zero Waste | 14.10.-24.10. | Kaunas, Litva |","og_description":"Ml\u00e1de\u017en\u00edcka v\u00fdmena v Litve bude stretnutie 35 mlad\u00fdch \u013eud\u00ed, ktor\u00fdm z\u00e1le\u017e\u00ed na \u017eivotnom prostred\u00ed a chc\u00fa sa nau\u010di\u0165 ak\u00fdmi krokmi vedia prispie\u0165 k udr\u017eate\u013en\u00e9mu \u017eivotu na zem. Projekt je zalo\u017een\u00fd hlavne na met\u00f3de 5R: REFUSE &#8211; odmietnu\u0165 produkty, ktor\u00e9 skon\u010dia ako odpad; REDUCE &#8211; redukova\u0165 mno\u017estvo odpadu, ktor\u00fd produkuj\u00fa; REUSE &#8211; znova pou\u017e\u00edva\u0165 veci, ktor\u00e9&hellip;&nbsp;\u010c\u00edta\u0165 viac &raquo;5R to Zero Waste | 14.10.-24.10. | Kaunas, Litva","og_url":"https:\/\/www.youthforequality.sk\/index.php\/2022\/08\/25\/5r-to-zero-waste-14-10-24-10-kaunas-litva\/","article_publisher":"https:\/\/www.facebook.com\/yeslovakia","article_published_time":"2022-08-25T12:08:41+00:00","article_modified_time":"2022-11-10T14:56:11+00:00","og_image":[{"width":698,"height":726,"url":"https:\/\/www.youthforequality.sk\/wp-content\/uploads\/2022\/08\/5r.png","type":"image\/png"}],"author":"wiki","twitter_card":"summary_large_image","twitter_misc":{"Autor":"wiki","Predpokladan\u00fd \u010das \u010d\u00edtania":"1 min\u00fata"},"schema":{"@context":"https:\/\/schema.org","@graph":[{"@type":"Article","@id":"https:\/\/www.youthforequality.sk\/index.php\/2022\/08\/25\/5r-to-zero-waste-14-10-24-10-kaunas-litva\/#article","isPartOf":{"@id":"https:\/\/www.youthforequality.sk\/index.php\/2022\/08\/25\/5r-to-zero-waste-14-10-24-10-kaunas-litva\/"},"author":{"name":"wiki","@id":"https:\/\/www.youthforequality.sk\/#\/schema\/person\/41e987664144336433c641d34b270d1b"},"headline":"5R to Zero Waste | 14.10.-24.10. | Kaunas, Litva","datePublished":"2022-08-25T12:08:41+00:00","dateModified":"2022-11-10T14:56:11+00:00","mainEntityOfPage":{"@id":"https:\/\/www.youthforequality.sk\/index.php\/2022\/08\/25\/5r-to-zero-waste-14-10-24-10-kaunas-litva\/"},"wordCount":137,"publisher":{"@id":"https:\/\/www.youthforequality.sk\/#organization"},"image":{"@id":"https:\/\/www.youthforequality.sk\/index.php\/2022\/08\/25\/5r-to-zero-waste-14-10-24-10-kaunas-litva\/#primaryimage"},"thumbnailUrl":"https:\/\/www.youthforequality.sk\/wp-content\/uploads\/2022\/08\/5r.png","articleSection":["Uncategorized"],"inLanguage":"sk-SK"},{"@type":"WebPage","@id":"https:\/\/www.youthforequality.sk\/index.php\/2022\/08\/25\/5r-to-zero-waste-14-10-24-10-kaunas-litva\/","url":"https:\/\/www.youthforequality.sk\/index.php\/2022\/08\/25\/5r-to-zero-waste-14-10-24-10-kaunas-litva\/","name":"5R to Zero Waste | 14.10.-24.10. | Kaunas, Litva |","isPartOf":{"@id":"https:\/\/www.youthforequality.sk\/#website"},"primaryImageOfPage":{"@id":"https:\/\/www.youthforequality.sk\/index.php\/2022\/08\/25\/5r-to-zero-waste-14-10-24-10-kaunas-litva\/#primaryimage"},"image":{"@id":"https:\/\/www.youthforequality.sk\/index.php\/2022\/08\/25\/5r-to-zero-waste-14-10-24-10-kaunas-litva\/#primaryimage"},"thumbnailUrl":"https:\/\/www.youthforequality.sk\/wp-content\/uploads\/2022\/08\/5r.png","datePublished":"2022-08-25T12:08:41+00:00","dateModified":"2022-11-10T14:56:11+00:00","breadcrumb":{"@id":"https:\/\/www.youthforequality.sk\/index.php\/2022\/08\/25\/5r-to-zero-waste-14-10-24-10-kaunas-litva\/#breadcrumb"},"inLanguage":"sk-SK","potentialAction":[{"@type":"ReadAction","target":["https:\/\/www.youthforequality.sk\/index.php\/2022\/08\/25\/5r-to-zero-waste-14-10-24-10-kaunas-litva\/"]}]},{"@type":"ImageObject","inLanguage":"sk-SK","@id":"https:\/\/www.youthforequality.sk\/index.php\/2022\/08\/25\/5r-to-zero-waste-14-10-24-10-kaunas-litva\/#primaryimage","url":"https:\/\/www.youthforequality.sk\/wp-content\/uploads\/2022\/08\/5r.png","contentUrl":"https:\/\/www.youthforequality.sk\/wp-content\/uploads\/2022\/08\/5r.png","width":698,"height":726},{"@type":"BreadcrumbList","@id":"https:\/\/www.youthforequality.sk\/index.php\/2022\/08\/25\/5r-to-zero-waste-14-10-24-10-kaunas-litva\/#breadcrumb","itemListElement":[{"@type":"ListItem","position":1,"name":"Home","item":"https:\/\/www.youthforequality.sk\/"},{"@type":"ListItem","position":2,"name":"5R to Zero Waste | 14.10.-24.10. | Kaunas, Litva"}]},{"@type":"WebSite","@id":"https:\/\/www.youthforequality.sk\/#website","url":"https:\/\/www.youthforequality.sk\/","name":"","description":"","publisher":{"@id":"https:\/\/www.youthforequality.sk\/#organization"},"potentialAction":[{"@type":"SearchAction","target":{"@type":"EntryPoint","urlTemplate":"https:\/\/www.youthforequality.sk\/?s={search_term_string}"},"query-input":{"@type":"PropertyValueSpecification","valueRequired":true,"valueName":"search_term_string"}}],"inLanguage":"sk-SK"},{"@type":"Organization","@id":"https:\/\/www.youthforequality.sk\/#organization","name":"Youth for Equality","url":"https:\/\/www.youthforequality.sk\/","logo":{"@type":"ImageObject","inLanguage":"sk-SK","@id":"https:\/\/www.youthforequality.sk\/#\/schema\/logo\/image\/","url":"https:\/\/www.youthforequality.sk\/wp-content\/uploads\/2021\/01\/vynovene-logo-nove-farby_modra-na-web.png","contentUrl":"https:\/\/www.youthforequality.sk\/wp-content\/uploads\/2021\/01\/vynovene-logo-nove-farby_modra-na-web.png","width":1,"height":1,"caption":"Youth for Equality"},"image":{"@id":"https:\/\/www.youthforequality.sk\/#\/schema\/logo\/image\/"},"sameAs":["https:\/\/www.facebook.com\/yeslovakia"]},{"@type":"Person","@id":"https:\/\/www.youthforequality.sk\/#\/schema\/person\/41e987664144336433c641d34b270d1b","name":"wiki","image":{"@type":"ImageObject","inLanguage":"sk-SK","@id":"https:\/\/secure.gravatar.com\/avatar\/57cac84b94061d1af6548f41cd07cbee960ab67f3b80825c4b192af947aa3c0f?s=96&d=mm&r=g","url":"https:\/\/secure.gravatar.com\/avatar\/57cac84b94061d1af6548f41cd07cbee960ab67f3b80825c4b192af947aa3c0f?s=96&d=mm&r=g","contentUrl":"https:\/\/secure.gravatar.com\/avatar\/57cac84b94061d1af6548f41cd07cbee960ab67f3b80825c4b192af947aa3c0f?s=96&d=mm&r=g","caption":"wiki"},"url":"https:\/\/www.youthforequality.sk\/index.php\/author\/janbor\/"}]}},"_links":{"self":[{"href":"https:\/\/www.youthforequality.sk\/index.php\/wp-json\/wp\/v2\/posts\/4297","targetHints":{"allow":["GET"]}}],"collection":[{"href":"https:\/\/www.youthforequality.sk\/index.php\/wp-json\/wp\/v2\/posts"}],"about":[{"href":"https:\/\/www.youthforequality.sk\/index.php\/wp-json\/wp\/v2\/types\/post"}],"author":[{"embeddable":true,"href":"https:\/\/www.youthforequality.sk\/index.php\/wp-json\/wp\/v2\/users\/6"}],"replies":[{"embeddable":true,"href":"https:\/\/www.youthforequality.sk\/index.php\/wp-json\/wp\/v2\/comments?post=4297"}],"version-history":[{"count":4,"href":"https:\/\/www.youthforequality.sk\/index.php\/wp-json\/wp\/v2\/posts\/4297\/revisions"}],"predecessor-version":[{"id":4302,"href":"https:\/\/www.youthforequality.sk\/index.php\/wp-json\/wp\/v2\/posts\/4297\/revisions\/4302"}],"wp:featuredmedia":[{"embeddable":true,"href":"https:\/\/www.youthforequality.sk\/index.php\/wp-json\/wp\/v2\/media\/4301"}],"wp:attachment":[{"href":"https:\/\/www.youthforequality.sk\/index.php\/wp-json\/wp\/v2\/media?parent=4297"}],"wp:term":[{"taxonomy":"category","embeddable":true,"href":"https:\/\/www.youthforequality.sk\/index.php\/wp-json\/wp\/v2\/categories?post=4297"},{"taxonomy":"post_tag","embeddable":true,"href":"https:\/\/www.youthforequality.sk\/index.php\/wp-json\/wp\/v2\/tags?post=4297"}],"curies":[{"name":"wp","href":"https:\/\/api.w.org\/{rel}","templated":true}]}}