{"id":4443,"date":"2022-11-09T10:16:40","date_gmt":"2022-11-09T09:16:40","guid":{"rendered":"https:\/\/www.youthforequality.sk\/?p=4443"},"modified":"2022-11-10T13:03:13","modified_gmt":"2022-11-10T12:03:13","slug":"be-a-roof-for-someone-v-belgickom-hlavnom-meste-bruseli","status":"publish","type":"post","link":"https:\/\/www.youthforequality.sk\/index.php\/2022\/11\/09\/be-a-roof-for-someone-v-belgickom-hlavnom-meste-bruseli\/","title":{"rendered":",,Be a\u00a0roof for someone\u201d v belgickom hlavnom meste Bruseli"},"content":{"rendered":"\t\t<div data-elementor-type=\"wp-post\" data-elementor-id=\"4443\" class=\"elementor elementor-4443\">\n\t\t\t\t\t\t<section class=\"elementor-section elementor-top-section elementor-element elementor-element-2a52c9f elementor-section-boxed elementor-section-height-default elementor-section-height-default\" data-id=\"2a52c9f\" data-element_type=\"section\" data-e-type=\"section\">\n\t\t\t\t\t\t<div class=\"elementor-container elementor-column-gap-default\">\n\t\t\t\t\t<div class=\"elementor-column elementor-col-100 elementor-top-column elementor-element elementor-element-8e6afe4\" data-id=\"8e6afe4\" data-element_type=\"column\" data-e-type=\"column\">\n\t\t\t<div class=\"elementor-widget-wrap elementor-element-populated\">\n\t\t\t\t\t\t<div class=\"elementor-element elementor-element-4981590 elementor-widget elementor-widget-text-editor\" data-id=\"4981590\" data-element_type=\"widget\" data-e-type=\"widget\" data-widget_type=\"text-editor.default\">\n\t\t\t\t<div class=\"elementor-widget-container\">\n\t\t\t\t\t\t\t\t\t<p>V polovici okt\u00f3bra sme sa skupinka Slov\u00e1kov z\u00fa\u010dastnili ml\u00e1de\u017en\u00edckej v\u00fdmeny na t\u00e9mu bezdomovectvo priamo v hlavnom meste Eur\u00f3py, teda v Bruseli.<\/p><p>\u00a0<\/p><p>Po\u010das projektu ,, Be a roof for someone \u201c sme sa venovali r\u00f4znym z\u00e1bavn\u00fdm, ale z\u00e1rove\u0148 aj ve\u013emi n\u00e1u\u010dn\u00fdm aktivit\u00e1m, pri ktor\u00fdch sme rozoberali tento s\u00fa\u010dasn\u00fd probl\u00e9m, ktor\u00fd je \u010d\u00edm \u010falej roz\u0161\u00edrenej\u0161\u00edm a v\u00fdrazne ovplyvnen\u00fd pand\u00e9miou Covid- 19, ktor\u00e1 to iba zhor\u0161ila. Spolo\u010dne v skupin\u00e1ch sme to podrobne rozoberali, ak\u00e1 je situ\u00e1cia v in\u00fdch krajin\u00e1ch a spolo\u010dn\u00fdm otvoren\u00fdm diskutovan\u00edm sme sa sna\u017eili pr\u00eds\u0165 na rie\u0161enia, ako tomuto pred\u00eds\u0165. N\u00e1padov a in\u0161pir\u00e1cie bolo naozaj ve\u013ea v\u010faka akt\u00edvnemu pr\u00edstupu ka\u017ed\u00e9ho jedn\u00e9ho \u00fa\u010dastn\u00edka. Svoje n\u00e1vrhy sme prezentovali prostredn\u00edctvom kreat\u00edvnych projektov, ktor\u00e9 sme vytv\u00e1rali po\u010das cel\u00e9ho pobytu.<\/p><p>\u00a0<\/p><p>Ml\u00e1de\u017en\u00edcka v\u00fdmena sa niesla ve\u013emi skvelou, pr\u00edjemnou a priate\u013eskou atmosf\u00e9rou. Fantastick\u00e9 ubytovanie, zauj\u00edmav\u00fd program a skvel\u00e9 jedlo to cele iba spr\u00edjem\u0148ovali. Ve\u010dery sme si vychutn\u00e1vali prech\u00e1dzkami Bruselsk\u00fdmi uli\u010dkami, v ktor\u00fdch sa \u0161\u00edrila n\u00e1dhern\u00e1 jesenn\u00e1 atmosf\u00e9ra. Vytvorili sme si navz\u00e1jom \u00fa\u017easn\u00e9 kamar\u00e1tstva s pevn\u00fdmi putami obohaten\u00e9 vtipn\u00fdmi a nezabudnute\u013en\u00fdmi spomienkami. Z\u00e1ver projektu sme si spr\u00edjemnili nat\u00e1\u010dan\u00edm origin\u00e1lnych vide\u00ed, ktor\u00e9 zachyt\u00e1vali dan\u00fa t\u00e9mu. Nesk\u00f4r sme z nich vytvorili nieko\u013eko kr\u00e1tkych filmov, ktor\u00e9 sme si v posledn\u00fd ve\u010der vychutnali a ohodnotili na Noci Oskarov.<\/p><p>\u00a0<\/p><p>Romana<\/p>\t\t\t\t\t\t\t\t<\/div>\n\t\t\t\t<\/div>\n\t\t\t\t\t<\/div>\n\t\t<\/div>\n\t\t\t\t\t<\/div>\n\t\t<\/section>\n\t\t\t\t<section class=\"elementor-section elementor-top-section elementor-element elementor-element-b863d07 elementor-section-boxed elementor-section-height-default elementor-section-height-default\" data-id=\"b863d07\" data-element_type=\"section\" data-e-type=\"section\">\n\t\t\t\t\t\t<div class=\"elementor-container elementor-column-gap-default\">\n\t\t\t\t\t<div class=\"elementor-column elementor-col-100 elementor-top-column elementor-element elementor-element-213fd8d\" data-id=\"213fd8d\" data-element_type=\"column\" data-e-type=\"column\">\n\t\t\t<div class=\"elementor-widget-wrap elementor-element-populated\">\n\t\t\t\t\t\t<div class=\"elementor-element elementor-element-9a81fa3 elementor-arrows-position-inside elementor-pagination-position-outside elementor-widget elementor-widget-image-carousel\" data-id=\"9a81fa3\" data-element_type=\"widget\" data-e-type=\"widget\" data-settings=\"{&quot;navigation&quot;:&quot;both&quot;,&quot;autoplay&quot;:&quot;yes&quot;,&quot;pause_on_hover&quot;:&quot;yes&quot;,&quot;pause_on_interaction&quot;:&quot;yes&quot;,&quot;autoplay_speed&quot;:5000,&quot;infinite&quot;:&quot;yes&quot;,&quot;speed&quot;:500}\" data-widget_type=\"image-carousel.default\">\n\t\t\t\t<div class=\"elementor-widget-container\">\n\t\t\t\t\t\t\t<div class=\"elementor-image-carousel-wrapper swiper\" role=\"region\" aria-roledescription=\"carousel\" aria-label=\"Obr\u00e1zkov\u00fd kot\u00fa\u010d\" dir=\"ltr\">\n\t\t\t<div class=\"elementor-image-carousel swiper-wrapper\" aria-live=\"off\">\n\t\t\t\t\t\t\t\t<div class=\"swiper-slide\" role=\"group\" aria-roledescription=\"slide\" aria-label=\"1 of 5\"><figure class=\"swiper-slide-inner\"><img decoding=\"async\" class=\"swiper-slide-image\" src=\"https:\/\/www.youthforequality.sk\/wp-content\/uploads\/2022\/11\/unnamed-5-150x150.jpg\" alt=\"unnamed (5)\" \/><\/figure><\/div><div class=\"swiper-slide\" role=\"group\" aria-roledescription=\"slide\" aria-label=\"2 of 5\"><figure class=\"swiper-slide-inner\"><img decoding=\"async\" class=\"swiper-slide-image\" src=\"https:\/\/www.youthforequality.sk\/wp-content\/uploads\/2022\/11\/unnamed-4-150x150.jpg\" alt=\"unnamed (4)\" \/><\/figure><\/div><div class=\"swiper-slide\" role=\"group\" aria-roledescription=\"slide\" aria-label=\"3 of 5\"><figure class=\"swiper-slide-inner\"><img decoding=\"async\" class=\"swiper-slide-image\" src=\"https:\/\/www.youthforequality.sk\/wp-content\/uploads\/2022\/11\/unnamed-3-150x150.jpg\" alt=\"unnamed (3)\" \/><\/figure><\/div><div class=\"swiper-slide\" role=\"group\" aria-roledescription=\"slide\" aria-label=\"4 of 5\"><figure class=\"swiper-slide-inner\"><img decoding=\"async\" class=\"swiper-slide-image\" src=\"https:\/\/www.youthforequality.sk\/wp-content\/uploads\/2022\/11\/unnamed-2-150x150.jpg\" alt=\"unnamed (2)\" \/><\/figure><\/div><div class=\"swiper-slide\" role=\"group\" aria-roledescription=\"slide\" aria-label=\"5 of 5\"><figure class=\"swiper-slide-inner\"><img decoding=\"async\" class=\"swiper-slide-image\" src=\"https:\/\/www.youthforequality.sk\/wp-content\/uploads\/2022\/11\/unnamed-1-150x150.jpg\" alt=\"unnamed (1)\" \/><\/figure><\/div>\t\t\t<\/div>\n\t\t\t\t\t\t\t\t\t\t\t\t<div class=\"elementor-swiper-button elementor-swiper-button-prev\" role=\"button\" tabindex=\"0\">\n\t\t\t\t\t\t<i aria-hidden=\"true\" class=\"eicon-chevron-left\"><\/i>\t\t\t\t\t<\/div>\n\t\t\t\t\t<div class=\"elementor-swiper-button elementor-swiper-button-next\" role=\"button\" tabindex=\"0\">\n\t\t\t\t\t\t<i aria-hidden=\"true\" class=\"eicon-chevron-right\"><\/i>\t\t\t\t\t<\/div>\n\t\t\t\t\n\t\t\t\t\t\t\t\t\t<div class=\"swiper-pagination\"><\/div>\n\t\t\t\t\t\t\t\t\t<\/div>\n\t\t\t\t\t\t<\/div>\n\t\t\t\t<\/div>\n\t\t\t\t\t<\/div>\n\t\t<\/div>\n\t\t\t\t\t<\/div>\n\t\t<\/section>\n\t\t\t\t<\/div>\n\t\t","protected":false},"excerpt":{"rendered":"<p>V polovici okt\u00f3bra sme sa skupinka Slov\u00e1kov z\u00fa\u010dastnili ml\u00e1de\u017en\u00edckej v\u00fdmeny na t\u00e9mu bezdomovectvo priamo v hlavnom meste Eur\u00f3py, teda v Bruseli. Po\u010das projektu ,, Be a roof for someone \u201c sme sa venovali r\u00f4znym z\u00e1bavn\u00fdm, ale z\u00e1rove\u0148 aj ve\u013emi n\u00e1u\u010dn\u00fdm aktivit\u00e1m, pri ktor\u00fdch sme rozoberali tento s\u00fa\u010dasn\u00fd probl\u00e9m, ktor\u00fd je \u010d\u00edm \u010falej roz\u0161\u00edrenej\u0161\u00edm a v\u00fdrazne&hellip;&nbsp;<a href=\"https:\/\/www.youthforequality.sk\/index.php\/2022\/11\/09\/be-a-roof-for-someone-v-belgickom-hlavnom-meste-bruseli\/\" class=\"\" rel=\"bookmark\">\u010c\u00edta\u0165 viac &raquo;<span class=\"screen-reader-text\">,,Be a\u00a0roof for someone\u201d v belgickom hlavnom meste Bruseli<\/span><\/a><\/p>\n","protected":false},"author":6,"featured_media":4460,"comment_status":"closed","ping_status":"open","sticky":false,"template":"","format":"standard","meta":{"_uf_show_specific_survey":0,"_uf_disable_surveys":false,"neve_meta_sidebar":"","neve_meta_container":"","neve_meta_enable_content_width":"off","neve_meta_content_width":70,"neve_meta_title_alignment":"","neve_meta_author_avatar":"","neve_post_elements_order":"","neve_meta_disable_header":"","neve_meta_disable_footer":"","neve_meta_disable_title":"","_themeisle_gutenberg_block_has_review":false,"footnotes":""},"categories":[3],"tags":[],"class_list":["post-4443","post","type-post","status-publish","format-standard","has-post-thumbnail","hentry","category-blog"],"yoast_head":"<!-- This site is optimized with the Yoast SEO plugin v27.4 - https:\/\/yoast.com\/product\/yoast-seo-wordpress\/ -->\n<title>,,Be a\u00a0roof for someone\u201d v belgickom hlavnom meste Bruseli |<\/title>\n<meta name=\"robots\" content=\"index, follow, max-snippet:-1, max-image-preview:large, max-video-preview:-1\" \/>\n<link rel=\"canonical\" href=\"https:\/\/www.youthforequality.sk\/index.php\/2022\/11\/09\/be-a-roof-for-someone-v-belgickom-hlavnom-meste-bruseli\/\" \/>\n<meta property=\"og:locale\" content=\"sk_SK\" \/>\n<meta property=\"og:type\" content=\"article\" \/>\n<meta property=\"og:title\" content=\",,Be a\u00a0roof for someone\u201d v belgickom hlavnom meste Bruseli |\" \/>\n<meta property=\"og:description\" content=\"V polovici okt\u00f3bra sme sa skupinka Slov\u00e1kov z\u00fa\u010dastnili ml\u00e1de\u017en\u00edckej v\u00fdmeny na t\u00e9mu bezdomovectvo priamo v hlavnom meste Eur\u00f3py, teda v Bruseli. Po\u010das projektu ,, Be a roof for someone \u201c sme sa venovali r\u00f4znym z\u00e1bavn\u00fdm, ale z\u00e1rove\u0148 aj ve\u013emi n\u00e1u\u010dn\u00fdm aktivit\u00e1m, pri ktor\u00fdch sme rozoberali tento s\u00fa\u010dasn\u00fd probl\u00e9m, ktor\u00fd je \u010d\u00edm \u010falej roz\u0161\u00edrenej\u0161\u00edm a v\u00fdrazne&hellip;&nbsp;\u010c\u00edta\u0165 viac &raquo;,,Be a\u00a0roof for someone\u201d v belgickom hlavnom meste Bruseli\" \/>\n<meta property=\"og:url\" content=\"https:\/\/www.youthforequality.sk\/index.php\/2022\/11\/09\/be-a-roof-for-someone-v-belgickom-hlavnom-meste-bruseli\/\" \/>\n<meta property=\"article:publisher\" content=\"https:\/\/www.facebook.com\/yeslovakia\" \/>\n<meta property=\"article:published_time\" content=\"2022-11-09T09:16:40+00:00\" \/>\n<meta property=\"article:modified_time\" content=\"2022-11-10T12:03:13+00:00\" \/>\n<meta property=\"og:image\" content=\"https:\/\/www.youthforequality.sk\/wp-content\/uploads\/2022\/11\/unnamed-6.jpg\" \/>\n\t<meta property=\"og:image:width\" content=\"2000\" \/>\n\t<meta property=\"og:image:height\" content=\"1500\" \/>\n\t<meta property=\"og:image:type\" content=\"image\/jpeg\" \/>\n<meta name=\"author\" content=\"wiki\" \/>\n<meta name=\"twitter:card\" content=\"summary_large_image\" \/>\n<meta name=\"twitter:label1\" content=\"Autor\" \/>\n\t<meta name=\"twitter:data1\" content=\"wiki\" \/>\n\t<meta name=\"twitter:label2\" content=\"Predpokladan\u00fd \u010das \u010d\u00edtania\" \/>\n\t<meta name=\"twitter:data2\" content=\"1 min\u00fata\" \/>\n<script type=\"application\/ld+json\" class=\"yoast-schema-graph\">{\"@context\":\"https:\\\/\\\/schema.org\",\"@graph\":[{\"@type\":\"Article\",\"@id\":\"https:\\\/\\\/www.youthforequality.sk\\\/index.php\\\/2022\\\/11\\\/09\\\/be-a-roof-for-someone-v-belgickom-hlavnom-meste-bruseli\\\/#article\",\"isPartOf\":{\"@id\":\"https:\\\/\\\/www.youthforequality.sk\\\/index.php\\\/2022\\\/11\\\/09\\\/be-a-roof-for-someone-v-belgickom-hlavnom-meste-bruseli\\\/\"},\"author\":{\"name\":\"wiki\",\"@id\":\"https:\\\/\\\/www.youthforequality.sk\\\/#\\\/schema\\\/person\\\/41e987664144336433c641d34b270d1b\"},\"headline\":\",,Be a\u00a0roof for someone\u201d v belgickom hlavnom meste Bruseli\",\"datePublished\":\"2022-11-09T09:16:40+00:00\",\"dateModified\":\"2022-11-10T12:03:13+00:00\",\"mainEntityOfPage\":{\"@id\":\"https:\\\/\\\/www.youthforequality.sk\\\/index.php\\\/2022\\\/11\\\/09\\\/be-a-roof-for-someone-v-belgickom-hlavnom-meste-bruseli\\\/\"},\"wordCount\":300,\"publisher\":{\"@id\":\"https:\\\/\\\/www.youthforequality.sk\\\/#organization\"},\"image\":{\"@id\":\"https:\\\/\\\/www.youthforequality.sk\\\/index.php\\\/2022\\\/11\\\/09\\\/be-a-roof-for-someone-v-belgickom-hlavnom-meste-bruseli\\\/#primaryimage\"},\"thumbnailUrl\":\"https:\\\/\\\/www.youthforequality.sk\\\/wp-content\\\/uploads\\\/2022\\\/11\\\/unnamed-6.jpg\",\"articleSection\":[\"Blog\"],\"inLanguage\":\"sk-SK\"},{\"@type\":\"WebPage\",\"@id\":\"https:\\\/\\\/www.youthforequality.sk\\\/index.php\\\/2022\\\/11\\\/09\\\/be-a-roof-for-someone-v-belgickom-hlavnom-meste-bruseli\\\/\",\"url\":\"https:\\\/\\\/www.youthforequality.sk\\\/index.php\\\/2022\\\/11\\\/09\\\/be-a-roof-for-someone-v-belgickom-hlavnom-meste-bruseli\\\/\",\"name\":\",,Be a\u00a0roof for someone\u201d v belgickom hlavnom meste Bruseli |\",\"isPartOf\":{\"@id\":\"https:\\\/\\\/www.youthforequality.sk\\\/#website\"},\"primaryImageOfPage\":{\"@id\":\"https:\\\/\\\/www.youthforequality.sk\\\/index.php\\\/2022\\\/11\\\/09\\\/be-a-roof-for-someone-v-belgickom-hlavnom-meste-bruseli\\\/#primaryimage\"},\"image\":{\"@id\":\"https:\\\/\\\/www.youthforequality.sk\\\/index.php\\\/2022\\\/11\\\/09\\\/be-a-roof-for-someone-v-belgickom-hlavnom-meste-bruseli\\\/#primaryimage\"},\"thumbnailUrl\":\"https:\\\/\\\/www.youthforequality.sk\\\/wp-content\\\/uploads\\\/2022\\\/11\\\/unnamed-6.jpg\",\"datePublished\":\"2022-11-09T09:16:40+00:00\",\"dateModified\":\"2022-11-10T12:03:13+00:00\",\"breadcrumb\":{\"@id\":\"https:\\\/\\\/www.youthforequality.sk\\\/index.php\\\/2022\\\/11\\\/09\\\/be-a-roof-for-someone-v-belgickom-hlavnom-meste-bruseli\\\/#breadcrumb\"},\"inLanguage\":\"sk-SK\",\"potentialAction\":[{\"@type\":\"ReadAction\",\"target\":[\"https:\\\/\\\/www.youthforequality.sk\\\/index.php\\\/2022\\\/11\\\/09\\\/be-a-roof-for-someone-v-belgickom-hlavnom-meste-bruseli\\\/\"]}]},{\"@type\":\"ImageObject\",\"inLanguage\":\"sk-SK\",\"@id\":\"https:\\\/\\\/www.youthforequality.sk\\\/index.php\\\/2022\\\/11\\\/09\\\/be-a-roof-for-someone-v-belgickom-hlavnom-meste-bruseli\\\/#primaryimage\",\"url\":\"https:\\\/\\\/www.youthforequality.sk\\\/wp-content\\\/uploads\\\/2022\\\/11\\\/unnamed-6.jpg\",\"contentUrl\":\"https:\\\/\\\/www.youthforequality.sk\\\/wp-content\\\/uploads\\\/2022\\\/11\\\/unnamed-6.jpg\",\"width\":2000,\"height\":1500},{\"@type\":\"BreadcrumbList\",\"@id\":\"https:\\\/\\\/www.youthforequality.sk\\\/index.php\\\/2022\\\/11\\\/09\\\/be-a-roof-for-someone-v-belgickom-hlavnom-meste-bruseli\\\/#breadcrumb\",\"itemListElement\":[{\"@type\":\"ListItem\",\"position\":1,\"name\":\"Home\",\"item\":\"https:\\\/\\\/www.youthforequality.sk\\\/\"},{\"@type\":\"ListItem\",\"position\":2,\"name\":\",,Be a\u00a0roof for someone\u201d v belgickom hlavnom meste Bruseli\"}]},{\"@type\":\"WebSite\",\"@id\":\"https:\\\/\\\/www.youthforequality.sk\\\/#website\",\"url\":\"https:\\\/\\\/www.youthforequality.sk\\\/\",\"name\":\"\",\"description\":\"\",\"publisher\":{\"@id\":\"https:\\\/\\\/www.youthforequality.sk\\\/#organization\"},\"potentialAction\":[{\"@type\":\"SearchAction\",\"target\":{\"@type\":\"EntryPoint\",\"urlTemplate\":\"https:\\\/\\\/www.youthforequality.sk\\\/?s={search_term_string}\"},\"query-input\":{\"@type\":\"PropertyValueSpecification\",\"valueRequired\":true,\"valueName\":\"search_term_string\"}}],\"inLanguage\":\"sk-SK\"},{\"@type\":\"Organization\",\"@id\":\"https:\\\/\\\/www.youthforequality.sk\\\/#organization\",\"name\":\"Youth for Equality\",\"url\":\"https:\\\/\\\/www.youthforequality.sk\\\/\",\"logo\":{\"@type\":\"ImageObject\",\"inLanguage\":\"sk-SK\",\"@id\":\"https:\\\/\\\/www.youthforequality.sk\\\/#\\\/schema\\\/logo\\\/image\\\/\",\"url\":\"https:\\\/\\\/www.youthforequality.sk\\\/wp-content\\\/uploads\\\/2021\\\/01\\\/vynovene-logo-nove-farby_modra-na-web.png\",\"contentUrl\":\"https:\\\/\\\/www.youthforequality.sk\\\/wp-content\\\/uploads\\\/2021\\\/01\\\/vynovene-logo-nove-farby_modra-na-web.png\",\"width\":1,\"height\":1,\"caption\":\"Youth for Equality\"},\"image\":{\"@id\":\"https:\\\/\\\/www.youthforequality.sk\\\/#\\\/schema\\\/logo\\\/image\\\/\"},\"sameAs\":[\"https:\\\/\\\/www.facebook.com\\\/yeslovakia\"]},{\"@type\":\"Person\",\"@id\":\"https:\\\/\\\/www.youthforequality.sk\\\/#\\\/schema\\\/person\\\/41e987664144336433c641d34b270d1b\",\"name\":\"wiki\",\"image\":{\"@type\":\"ImageObject\",\"inLanguage\":\"sk-SK\",\"@id\":\"https:\\\/\\\/secure.gravatar.com\\\/avatar\\\/57cac84b94061d1af6548f41cd07cbee960ab67f3b80825c4b192af947aa3c0f?s=96&d=mm&r=g\",\"url\":\"https:\\\/\\\/secure.gravatar.com\\\/avatar\\\/57cac84b94061d1af6548f41cd07cbee960ab67f3b80825c4b192af947aa3c0f?s=96&d=mm&r=g\",\"contentUrl\":\"https:\\\/\\\/secure.gravatar.com\\\/avatar\\\/57cac84b94061d1af6548f41cd07cbee960ab67f3b80825c4b192af947aa3c0f?s=96&d=mm&r=g\",\"caption\":\"wiki\"},\"url\":\"https:\\\/\\\/www.youthforequality.sk\\\/index.php\\\/author\\\/janbor\\\/\"}]}<\/script>\n<!-- \/ Yoast SEO plugin. -->","yoast_head_json":{"title":",,Be a\u00a0roof for someone\u201d v belgickom hlavnom meste Bruseli |","robots":{"index":"index","follow":"follow","max-snippet":"max-snippet:-1","max-image-preview":"max-image-preview:large","max-video-preview":"max-video-preview:-1"},"canonical":"https:\/\/www.youthforequality.sk\/index.php\/2022\/11\/09\/be-a-roof-for-someone-v-belgickom-hlavnom-meste-bruseli\/","og_locale":"sk_SK","og_type":"article","og_title":",,Be a\u00a0roof for someone\u201d v belgickom hlavnom meste Bruseli |","og_description":"V polovici okt\u00f3bra sme sa skupinka Slov\u00e1kov z\u00fa\u010dastnili ml\u00e1de\u017en\u00edckej v\u00fdmeny na t\u00e9mu bezdomovectvo priamo v hlavnom meste Eur\u00f3py, teda v Bruseli. Po\u010das projektu ,, Be a roof for someone \u201c sme sa venovali r\u00f4znym z\u00e1bavn\u00fdm, ale z\u00e1rove\u0148 aj ve\u013emi n\u00e1u\u010dn\u00fdm aktivit\u00e1m, pri ktor\u00fdch sme rozoberali tento s\u00fa\u010dasn\u00fd probl\u00e9m, ktor\u00fd je \u010d\u00edm \u010falej roz\u0161\u00edrenej\u0161\u00edm a v\u00fdrazne&hellip;&nbsp;\u010c\u00edta\u0165 viac &raquo;,,Be a\u00a0roof for someone\u201d v belgickom hlavnom meste Bruseli","og_url":"https:\/\/www.youthforequality.sk\/index.php\/2022\/11\/09\/be-a-roof-for-someone-v-belgickom-hlavnom-meste-bruseli\/","article_publisher":"https:\/\/www.facebook.com\/yeslovakia","article_published_time":"2022-11-09T09:16:40+00:00","article_modified_time":"2022-11-10T12:03:13+00:00","og_image":[{"width":2000,"height":1500,"url":"https:\/\/www.youthforequality.sk\/wp-content\/uploads\/2022\/11\/unnamed-6.jpg","type":"image\/jpeg"}],"author":"wiki","twitter_card":"summary_large_image","twitter_misc":{"Autor":"wiki","Predpokladan\u00fd \u010das \u010d\u00edtania":"1 min\u00fata"},"schema":{"@context":"https:\/\/schema.org","@graph":[{"@type":"Article","@id":"https:\/\/www.youthforequality.sk\/index.php\/2022\/11\/09\/be-a-roof-for-someone-v-belgickom-hlavnom-meste-bruseli\/#article","isPartOf":{"@id":"https:\/\/www.youthforequality.sk\/index.php\/2022\/11\/09\/be-a-roof-for-someone-v-belgickom-hlavnom-meste-bruseli\/"},"author":{"name":"wiki","@id":"https:\/\/www.youthforequality.sk\/#\/schema\/person\/41e987664144336433c641d34b270d1b"},"headline":",,Be a\u00a0roof for someone\u201d v belgickom hlavnom meste Bruseli","datePublished":"2022-11-09T09:16:40+00:00","dateModified":"2022-11-10T12:03:13+00:00","mainEntityOfPage":{"@id":"https:\/\/www.youthforequality.sk\/index.php\/2022\/11\/09\/be-a-roof-for-someone-v-belgickom-hlavnom-meste-bruseli\/"},"wordCount":300,"publisher":{"@id":"https:\/\/www.youthforequality.sk\/#organization"},"image":{"@id":"https:\/\/www.youthforequality.sk\/index.php\/2022\/11\/09\/be-a-roof-for-someone-v-belgickom-hlavnom-meste-bruseli\/#primaryimage"},"thumbnailUrl":"https:\/\/www.youthforequality.sk\/wp-content\/uploads\/2022\/11\/unnamed-6.jpg","articleSection":["Blog"],"inLanguage":"sk-SK"},{"@type":"WebPage","@id":"https:\/\/www.youthforequality.sk\/index.php\/2022\/11\/09\/be-a-roof-for-someone-v-belgickom-hlavnom-meste-bruseli\/","url":"https:\/\/www.youthforequality.sk\/index.php\/2022\/11\/09\/be-a-roof-for-someone-v-belgickom-hlavnom-meste-bruseli\/","name":",,Be a\u00a0roof for someone\u201d v belgickom hlavnom meste Bruseli |","isPartOf":{"@id":"https:\/\/www.youthforequality.sk\/#website"},"primaryImageOfPage":{"@id":"https:\/\/www.youthforequality.sk\/index.php\/2022\/11\/09\/be-a-roof-for-someone-v-belgickom-hlavnom-meste-bruseli\/#primaryimage"},"image":{"@id":"https:\/\/www.youthforequality.sk\/index.php\/2022\/11\/09\/be-a-roof-for-someone-v-belgickom-hlavnom-meste-bruseli\/#primaryimage"},"thumbnailUrl":"https:\/\/www.youthforequality.sk\/wp-content\/uploads\/2022\/11\/unnamed-6.jpg","datePublished":"2022-11-09T09:16:40+00:00","dateModified":"2022-11-10T12:03:13+00:00","breadcrumb":{"@id":"https:\/\/www.youthforequality.sk\/index.php\/2022\/11\/09\/be-a-roof-for-someone-v-belgickom-hlavnom-meste-bruseli\/#breadcrumb"},"inLanguage":"sk-SK","potentialAction":[{"@type":"ReadAction","target":["https:\/\/www.youthforequality.sk\/index.php\/2022\/11\/09\/be-a-roof-for-someone-v-belgickom-hlavnom-meste-bruseli\/"]}]},{"@type":"ImageObject","inLanguage":"sk-SK","@id":"https:\/\/www.youthforequality.sk\/index.php\/2022\/11\/09\/be-a-roof-for-someone-v-belgickom-hlavnom-meste-bruseli\/#primaryimage","url":"https:\/\/www.youthforequality.sk\/wp-content\/uploads\/2022\/11\/unnamed-6.jpg","contentUrl":"https:\/\/www.youthforequality.sk\/wp-content\/uploads\/2022\/11\/unnamed-6.jpg","width":2000,"height":1500},{"@type":"BreadcrumbList","@id":"https:\/\/www.youthforequality.sk\/index.php\/2022\/11\/09\/be-a-roof-for-someone-v-belgickom-hlavnom-meste-bruseli\/#breadcrumb","itemListElement":[{"@type":"ListItem","position":1,"name":"Home","item":"https:\/\/www.youthforequality.sk\/"},{"@type":"ListItem","position":2,"name":",,Be a\u00a0roof for someone\u201d v belgickom hlavnom meste Bruseli"}]},{"@type":"WebSite","@id":"https:\/\/www.youthforequality.sk\/#website","url":"https:\/\/www.youthforequality.sk\/","name":"","description":"","publisher":{"@id":"https:\/\/www.youthforequality.sk\/#organization"},"potentialAction":[{"@type":"SearchAction","target":{"@type":"EntryPoint","urlTemplate":"https:\/\/www.youthforequality.sk\/?s={search_term_string}"},"query-input":{"@type":"PropertyValueSpecification","valueRequired":true,"valueName":"search_term_string"}}],"inLanguage":"sk-SK"},{"@type":"Organization","@id":"https:\/\/www.youthforequality.sk\/#organization","name":"Youth for Equality","url":"https:\/\/www.youthforequality.sk\/","logo":{"@type":"ImageObject","inLanguage":"sk-SK","@id":"https:\/\/www.youthforequality.sk\/#\/schema\/logo\/image\/","url":"https:\/\/www.youthforequality.sk\/wp-content\/uploads\/2021\/01\/vynovene-logo-nove-farby_modra-na-web.png","contentUrl":"https:\/\/www.youthforequality.sk\/wp-content\/uploads\/2021\/01\/vynovene-logo-nove-farby_modra-na-web.png","width":1,"height":1,"caption":"Youth for Equality"},"image":{"@id":"https:\/\/www.youthforequality.sk\/#\/schema\/logo\/image\/"},"sameAs":["https:\/\/www.facebook.com\/yeslovakia"]},{"@type":"Person","@id":"https:\/\/www.youthforequality.sk\/#\/schema\/person\/41e987664144336433c641d34b270d1b","name":"wiki","image":{"@type":"ImageObject","inLanguage":"sk-SK","@id":"https:\/\/secure.gravatar.com\/avatar\/57cac84b94061d1af6548f41cd07cbee960ab67f3b80825c4b192af947aa3c0f?s=96&d=mm&r=g","url":"https:\/\/secure.gravatar.com\/avatar\/57cac84b94061d1af6548f41cd07cbee960ab67f3b80825c4b192af947aa3c0f?s=96&d=mm&r=g","contentUrl":"https:\/\/secure.gravatar.com\/avatar\/57cac84b94061d1af6548f41cd07cbee960ab67f3b80825c4b192af947aa3c0f?s=96&d=mm&r=g","caption":"wiki"},"url":"https:\/\/www.youthforequality.sk\/index.php\/author\/janbor\/"}]}},"_links":{"self":[{"href":"https:\/\/www.youthforequality.sk\/index.php\/wp-json\/wp\/v2\/posts\/4443","targetHints":{"allow":["GET"]}}],"collection":[{"href":"https:\/\/www.youthforequality.sk\/index.php\/wp-json\/wp\/v2\/posts"}],"about":[{"href":"https:\/\/www.youthforequality.sk\/index.php\/wp-json\/wp\/v2\/types\/post"}],"author":[{"embeddable":true,"href":"https:\/\/www.youthforequality.sk\/index.php\/wp-json\/wp\/v2\/users\/6"}],"replies":[{"embeddable":true,"href":"https:\/\/www.youthforequality.sk\/index.php\/wp-json\/wp\/v2\/comments?post=4443"}],"version-history":[{"count":10,"href":"https:\/\/www.youthforequality.sk\/index.php\/wp-json\/wp\/v2\/posts\/4443\/revisions"}],"predecessor-version":[{"id":4469,"href":"https:\/\/www.youthforequality.sk\/index.php\/wp-json\/wp\/v2\/posts\/4443\/revisions\/4469"}],"wp:featuredmedia":[{"embeddable":true,"href":"https:\/\/www.youthforequality.sk\/index.php\/wp-json\/wp\/v2\/media\/4460"}],"wp:attachment":[{"href":"https:\/\/www.youthforequality.sk\/index.php\/wp-json\/wp\/v2\/media?parent=4443"}],"wp:term":[{"taxonomy":"category","embeddable":true,"href":"https:\/\/www.youthforequality.sk\/index.php\/wp-json\/wp\/v2\/categories?post=4443"},{"taxonomy":"post_tag","embeddable":true,"href":"https:\/\/www.youthforequality.sk\/index.php\/wp-json\/wp\/v2\/tags?post=4443"}],"curies":[{"name":"wp","href":"https:\/\/api.w.org\/{rel}","templated":true}]}}