{"id":4450,"date":"2022-11-09T10:26:20","date_gmt":"2022-11-09T09:26:20","guid":{"rendered":"https:\/\/www.youthforequality.sk\/?p=4450"},"modified":"2022-11-09T10:29:04","modified_gmt":"2022-11-09T09:29:04","slug":"domov-nie-je-len-miesto-ale-hlavne-pocit-v-srdci","status":"publish","type":"post","link":"https:\/\/www.youthforequality.sk\/index.php\/2022\/11\/09\/domov-nie-je-len-miesto-ale-hlavne-pocit-v-srdci\/","title":{"rendered":"&#8222;Domov nie je len miesto, ale hlavne pocit v\u00a0srdci.&#8220;"},"content":{"rendered":"\t\t<div data-elementor-type=\"wp-post\" data-elementor-id=\"4450\" class=\"elementor elementor-4450\">\n\t\t\t\t\t\t<section class=\"elementor-section elementor-top-section elementor-element elementor-element-f2550da elementor-section-boxed elementor-section-height-default elementor-section-height-default\" data-id=\"f2550da\" data-element_type=\"section\" data-e-type=\"section\">\n\t\t\t\t\t\t<div class=\"elementor-container elementor-column-gap-default\">\n\t\t\t\t\t<div class=\"elementor-column elementor-col-100 elementor-top-column elementor-element elementor-element-1589057\" data-id=\"1589057\" data-element_type=\"column\" data-e-type=\"column\">\n\t\t\t<div class=\"elementor-widget-wrap elementor-element-populated\">\n\t\t\t\t\t\t<div class=\"elementor-element elementor-element-a878e17 elementor-widget elementor-widget-text-editor\" data-id=\"a878e17\" data-element_type=\"widget\" data-e-type=\"widget\" data-widget_type=\"text-editor.default\">\n\t\t\t\t<div class=\"elementor-widget-container\">\n\t\t\t\t\t\t\t\t\t<p>Posledn\u00e9 augustov\u00e9 dni sme str\u00e1vili v\u00a0\u0160panielsku na projekte Sustain-ability. Po vst\u00fapen\u00ed do tejto krajiny plnej \u017eivota, Slnka a\u00a0\u00fa\u017easn\u00fdch \u013eud\u00ed, sme sa nevedeli do\u010dka\u0165, \u010do n\u00e1m projekt prinesie.<\/p><p>\u00a0<\/p><p>Po\u010das cesty do vzdialen\u00e9ho meste\u010dka Calarreona na juhu krajiny, sme sa v\u0161etci slovensk\u00ed \u00fa\u010dastn\u00edci stihli spozna\u0165 a\u00a0vytvori\u0165 dobr\u00e9 kamar\u00e1tstva. Priv\u00edtala n\u00e1s ochotn\u00e1 organiz\u00e1torka, ktor\u00e1 n\u00e1s sprev\u00e1dzala s\u00a0\u00fasmevom na tv\u00e1ri cel\u00fd t\u00fd\u017ede\u0148. Vytvorili sme \u00fa\u017easn\u00fa skupinu \u013eud\u00ed z\u00a0r\u00f4znych kraj\u00edn a\u00a0to \u0160panielsko, Taliansko, Maced\u00f3nsko a\u00a0Slovensko. Spozn\u00e1vali sme sa a\u00a0z\u00e1rove\u0148 sme spoznali ich kult\u00fary, zvyky a\u00a0aj tradi\u010dn\u00e9 jedl\u00e1. Za\u017eili sme kopec z\u00e1bavy u\u017e len pri tom, ako sme sa ich v\u0161etk\u00fdch sna\u017eili nau\u010di\u0165 tancova\u0165 kari\u010dku :D.<\/p><p>\u00a0<\/p><p>T\u00e9ma projektu n\u00e1s don\u00fatila sa zamyslie\u0165 nad t\u00fdm, \u010do sme spravili pre na\u0161u Zem. Na\u0161a pr\u00edroda sa men\u00ed a za\u017e\u00edva \u0165a\u017ekosti, za ktor\u00e9 sme zodpovedn\u00ed my. Nau\u010dili sme sa, \u017ee nem\u00f4\u017eme osta\u0165 ne\u010dinn\u00ed lebo pr\u00e1ve my m\u00f4\u017eeme \u017eivot na na\u0161ej plan\u00e9te zmeni\u0165 k lep\u0161iemu. Vzdel\u00e1vali sme sa spolo\u010dne, hrav\u00fdmi a kreat\u00edvnymi sp\u00f4sobmi, ktor\u00e9 n\u00e1s ka\u017ed\u00fdm d\u0148om zbli\u017eovali. Napriek jazykov\u00fdm bari\u00e9ram sme si vedeli pom\u00f4c\u0165 a komunikova\u0165 ako dlhoro\u010dn\u00ed priatelia. Vo\u013en\u00e9 chv\u00edle sme spolo\u010dne tr\u00e1vili na pl\u00e1\u017ei, pri sledovan\u00ed z\u00e1padu slnka a po\u010d\u00favan\u00ed n\u00e1dhern\u00fdch piesn\u00ed ka\u017edej krajiny.<\/p><p>\u00a0<\/p><p>Cel\u00fd projekt ubehol ve\u013emi r\u00fdchlo a na konci padali slzy, pr\u00edjemn\u00e9 slov\u00e1, \u00fasmevy a objatia. Ak\u00e9 skvel\u00e9 je spozna\u0165 \u00fa\u017easn\u00fdch \u013eud\u00ed za tak\u00fd kr\u00e1tky \u010das? Hoci \u010faleko od domova sme si spolo\u010dne vytvorili n\u00e1\u0161 do\u010dasn\u00fd domov pr\u00e1ve tam. A tak viem, \u017ee domov nie je len miesto, ale hlavne pocit v srdci, \u017ee v\u00e1m je dobre s \u013eu\u010fmi, ktor\u00ed s\u00fa okolo v\u00e1s.<\/p><p><br \/>\u0160arlota Slaminkov\u00e1<\/p>\t\t\t\t\t\t\t\t<\/div>\n\t\t\t\t<\/div>\n\t\t\t\t\t<\/div>\n\t\t<\/div>\n\t\t\t\t\t<\/div>\n\t\t<\/section>\n\t\t\t\t<section class=\"elementor-section elementor-top-section elementor-element elementor-element-4e00525 elementor-section-boxed elementor-section-height-default elementor-section-height-default\" data-id=\"4e00525\" data-element_type=\"section\" data-e-type=\"section\">\n\t\t\t\t\t\t<div class=\"elementor-container elementor-column-gap-default\">\n\t\t\t\t\t<div class=\"elementor-column elementor-col-100 elementor-top-column elementor-element elementor-element-c0db7e8\" data-id=\"c0db7e8\" data-element_type=\"column\" data-e-type=\"column\">\n\t\t\t<div class=\"elementor-widget-wrap elementor-element-populated\">\n\t\t\t\t\t\t<div class=\"elementor-element elementor-element-cec7648 elementor-arrows-position-inside elementor-pagination-position-outside elementor-widget elementor-widget-image-carousel\" data-id=\"cec7648\" data-element_type=\"widget\" data-e-type=\"widget\" data-settings=\"{&quot;navigation&quot;:&quot;both&quot;,&quot;autoplay&quot;:&quot;yes&quot;,&quot;pause_on_hover&quot;:&quot;yes&quot;,&quot;pause_on_interaction&quot;:&quot;yes&quot;,&quot;autoplay_speed&quot;:5000,&quot;infinite&quot;:&quot;yes&quot;,&quot;speed&quot;:500}\" data-widget_type=\"image-carousel.default\">\n\t\t\t\t<div class=\"elementor-widget-container\">\n\t\t\t\t\t\t\t<div class=\"elementor-image-carousel-wrapper swiper\" role=\"region\" aria-roledescription=\"carousel\" aria-label=\"Obr\u00e1zkov\u00fd kot\u00fa\u010d\" dir=\"ltr\">\n\t\t\t<div class=\"elementor-image-carousel swiper-wrapper\" aria-live=\"off\">\n\t\t\t\t\t\t\t\t<div class=\"swiper-slide\" role=\"group\" aria-roledescription=\"slide\" aria-label=\"1 of 4\"><figure class=\"swiper-slide-inner\"><img decoding=\"async\" class=\"swiper-slide-image\" src=\"https:\/\/www.youthforequality.sk\/wp-content\/uploads\/2022\/11\/image4-1-150x150.jpeg\" alt=\"image4 (1)\" \/><\/figure><\/div><div class=\"swiper-slide\" role=\"group\" aria-roledescription=\"slide\" aria-label=\"2 of 4\"><figure class=\"swiper-slide-inner\"><img decoding=\"async\" class=\"swiper-slide-image\" src=\"https:\/\/www.youthforequality.sk\/wp-content\/uploads\/2022\/11\/image3-1-150x150.jpeg\" alt=\"image3 (1)\" \/><\/figure><\/div><div class=\"swiper-slide\" role=\"group\" aria-roledescription=\"slide\" aria-label=\"3 of 4\"><figure class=\"swiper-slide-inner\"><img decoding=\"async\" class=\"swiper-slide-image\" src=\"https:\/\/www.youthforequality.sk\/wp-content\/uploads\/2022\/11\/image2-1-150x150.jpeg\" alt=\"image2 (1)\" \/><\/figure><\/div><div class=\"swiper-slide\" role=\"group\" aria-roledescription=\"slide\" aria-label=\"4 of 4\"><figure class=\"swiper-slide-inner\"><img decoding=\"async\" class=\"swiper-slide-image\" src=\"https:\/\/www.youthforequality.sk\/wp-content\/uploads\/2022\/11\/image1-1-150x150.jpeg\" alt=\"image1 (1)\" \/><\/figure><\/div>\t\t\t<\/div>\n\t\t\t\t\t\t\t\t\t\t\t\t<div class=\"elementor-swiper-button elementor-swiper-button-prev\" role=\"button\" tabindex=\"0\">\n\t\t\t\t\t\t<i aria-hidden=\"true\" class=\"eicon-chevron-left\"><\/i>\t\t\t\t\t<\/div>\n\t\t\t\t\t<div class=\"elementor-swiper-button elementor-swiper-button-next\" role=\"button\" tabindex=\"0\">\n\t\t\t\t\t\t<i aria-hidden=\"true\" class=\"eicon-chevron-right\"><\/i>\t\t\t\t\t<\/div>\n\t\t\t\t\n\t\t\t\t\t\t\t\t\t<div class=\"swiper-pagination\"><\/div>\n\t\t\t\t\t\t\t\t\t<\/div>\n\t\t\t\t\t\t<\/div>\n\t\t\t\t<\/div>\n\t\t\t\t\t<\/div>\n\t\t<\/div>\n\t\t\t\t\t<\/div>\n\t\t<\/section>\n\t\t\t\t<\/div>\n\t\t","protected":false},"excerpt":{"rendered":"<p>Posledn\u00e9 augustov\u00e9 dni sme str\u00e1vili v\u00a0\u0160panielsku na projekte Sustain-ability. Po vst\u00fapen\u00ed do tejto krajiny plnej \u017eivota, Slnka a\u00a0\u00fa\u017easn\u00fdch \u013eud\u00ed, sme sa nevedeli do\u010dka\u0165, \u010do n\u00e1m projekt prinesie. Po\u010das cesty do vzdialen\u00e9ho meste\u010dka Calarreona na juhu krajiny, sme sa v\u0161etci slovensk\u00ed \u00fa\u010dastn\u00edci stihli spozna\u0165 a\u00a0vytvori\u0165 dobr\u00e9 kamar\u00e1tstva. Priv\u00edtala n\u00e1s ochotn\u00e1 organiz\u00e1torka, ktor\u00e1 n\u00e1s sprev\u00e1dzala s\u00a0\u00fasmevom na&hellip;&nbsp;<a href=\"https:\/\/www.youthforequality.sk\/index.php\/2022\/11\/09\/domov-nie-je-len-miesto-ale-hlavne-pocit-v-srdci\/\" class=\"\" rel=\"bookmark\">\u010c\u00edta\u0165 viac &raquo;<span class=\"screen-reader-text\">&#8222;Domov nie je len miesto, ale hlavne pocit v\u00a0srdci.&#8220;<\/span><\/a><\/p>\n","protected":false},"author":6,"featured_media":4455,"comment_status":"closed","ping_status":"open","sticky":false,"template":"","format":"standard","meta":{"_uf_show_specific_survey":0,"_uf_disable_surveys":false,"neve_meta_sidebar":"","neve_meta_container":"","neve_meta_enable_content_width":"off","neve_meta_content_width":70,"neve_meta_title_alignment":"","neve_meta_author_avatar":"","neve_post_elements_order":"","neve_meta_disable_header":"","neve_meta_disable_footer":"","neve_meta_disable_title":"","_themeisle_gutenberg_block_has_review":false,"footnotes":""},"categories":[3],"tags":[],"class_list":["post-4450","post","type-post","status-publish","format-standard","has-post-thumbnail","hentry","category-blog"],"yoast_head":"<!-- This site is optimized with the Yoast SEO plugin v27.4 - https:\/\/yoast.com\/product\/yoast-seo-wordpress\/ -->\n<title>&quot;Domov nie je len miesto, ale hlavne pocit v\u00a0srdci.&quot; |<\/title>\n<meta name=\"robots\" content=\"index, follow, max-snippet:-1, max-image-preview:large, max-video-preview:-1\" \/>\n<link rel=\"canonical\" href=\"https:\/\/www.youthforequality.sk\/index.php\/2022\/11\/09\/domov-nie-je-len-miesto-ale-hlavne-pocit-v-srdci\/\" \/>\n<meta property=\"og:locale\" content=\"sk_SK\" \/>\n<meta property=\"og:type\" content=\"article\" \/>\n<meta property=\"og:title\" content=\"&quot;Domov nie je len miesto, ale hlavne pocit v\u00a0srdci.&quot; |\" \/>\n<meta property=\"og:description\" content=\"Posledn\u00e9 augustov\u00e9 dni sme str\u00e1vili v\u00a0\u0160panielsku na projekte Sustain-ability. Po vst\u00fapen\u00ed do tejto krajiny plnej \u017eivota, Slnka a\u00a0\u00fa\u017easn\u00fdch \u013eud\u00ed, sme sa nevedeli do\u010dka\u0165, \u010do n\u00e1m projekt prinesie. Po\u010das cesty do vzdialen\u00e9ho meste\u010dka Calarreona na juhu krajiny, sme sa v\u0161etci slovensk\u00ed \u00fa\u010dastn\u00edci stihli spozna\u0165 a\u00a0vytvori\u0165 dobr\u00e9 kamar\u00e1tstva. Priv\u00edtala n\u00e1s ochotn\u00e1 organiz\u00e1torka, ktor\u00e1 n\u00e1s sprev\u00e1dzala s\u00a0\u00fasmevom na&hellip;&nbsp;\u010c\u00edta\u0165 viac &raquo;&#8222;Domov nie je len miesto, ale hlavne pocit v\u00a0srdci.&#8220;\" \/>\n<meta property=\"og:url\" content=\"https:\/\/www.youthforequality.sk\/index.php\/2022\/11\/09\/domov-nie-je-len-miesto-ale-hlavne-pocit-v-srdci\/\" \/>\n<meta property=\"article:publisher\" content=\"https:\/\/www.facebook.com\/yeslovakia\" \/>\n<meta property=\"article:published_time\" content=\"2022-11-09T09:26:20+00:00\" \/>\n<meta property=\"article:modified_time\" content=\"2022-11-09T09:29:04+00:00\" \/>\n<meta property=\"og:image\" content=\"https:\/\/www.youthforequality.sk\/wp-content\/uploads\/2022\/11\/image0-1.jpeg\" \/>\n\t<meta property=\"og:image:width\" content=\"2048\" \/>\n\t<meta property=\"og:image:height\" content=\"1536\" \/>\n\t<meta property=\"og:image:type\" content=\"image\/jpeg\" \/>\n<meta name=\"author\" content=\"wiki\" \/>\n<meta name=\"twitter:card\" content=\"summary_large_image\" \/>\n<meta name=\"twitter:label1\" content=\"Autor\" \/>\n\t<meta name=\"twitter:data1\" content=\"wiki\" \/>\n\t<meta name=\"twitter:label2\" content=\"Predpokladan\u00fd \u010das \u010d\u00edtania\" \/>\n\t<meta name=\"twitter:data2\" content=\"2 min\u00faty\" \/>\n<script type=\"application\/ld+json\" class=\"yoast-schema-graph\">{\"@context\":\"https:\\\/\\\/schema.org\",\"@graph\":[{\"@type\":\"Article\",\"@id\":\"https:\\\/\\\/www.youthforequality.sk\\\/index.php\\\/2022\\\/11\\\/09\\\/domov-nie-je-len-miesto-ale-hlavne-pocit-v-srdci\\\/#article\",\"isPartOf\":{\"@id\":\"https:\\\/\\\/www.youthforequality.sk\\\/index.php\\\/2022\\\/11\\\/09\\\/domov-nie-je-len-miesto-ale-hlavne-pocit-v-srdci\\\/\"},\"author\":{\"name\":\"wiki\",\"@id\":\"https:\\\/\\\/www.youthforequality.sk\\\/#\\\/schema\\\/person\\\/41e987664144336433c641d34b270d1b\"},\"headline\":\"&#8222;Domov nie je len miesto, ale hlavne pocit v\u00a0srdci.&#8220;\",\"datePublished\":\"2022-11-09T09:26:20+00:00\",\"dateModified\":\"2022-11-09T09:29:04+00:00\",\"mainEntityOfPage\":{\"@id\":\"https:\\\/\\\/www.youthforequality.sk\\\/index.php\\\/2022\\\/11\\\/09\\\/domov-nie-je-len-miesto-ale-hlavne-pocit-v-srdci\\\/\"},\"wordCount\":357,\"publisher\":{\"@id\":\"https:\\\/\\\/www.youthforequality.sk\\\/#organization\"},\"image\":{\"@id\":\"https:\\\/\\\/www.youthforequality.sk\\\/index.php\\\/2022\\\/11\\\/09\\\/domov-nie-je-len-miesto-ale-hlavne-pocit-v-srdci\\\/#primaryimage\"},\"thumbnailUrl\":\"https:\\\/\\\/www.youthforequality.sk\\\/wp-content\\\/uploads\\\/2022\\\/11\\\/image0-1.jpeg\",\"articleSection\":[\"Blog\"],\"inLanguage\":\"sk-SK\"},{\"@type\":\"WebPage\",\"@id\":\"https:\\\/\\\/www.youthforequality.sk\\\/index.php\\\/2022\\\/11\\\/09\\\/domov-nie-je-len-miesto-ale-hlavne-pocit-v-srdci\\\/\",\"url\":\"https:\\\/\\\/www.youthforequality.sk\\\/index.php\\\/2022\\\/11\\\/09\\\/domov-nie-je-len-miesto-ale-hlavne-pocit-v-srdci\\\/\",\"name\":\"\\\"Domov nie je len miesto, ale hlavne pocit v\u00a0srdci.\\\" |\",\"isPartOf\":{\"@id\":\"https:\\\/\\\/www.youthforequality.sk\\\/#website\"},\"primaryImageOfPage\":{\"@id\":\"https:\\\/\\\/www.youthforequality.sk\\\/index.php\\\/2022\\\/11\\\/09\\\/domov-nie-je-len-miesto-ale-hlavne-pocit-v-srdci\\\/#primaryimage\"},\"image\":{\"@id\":\"https:\\\/\\\/www.youthforequality.sk\\\/index.php\\\/2022\\\/11\\\/09\\\/domov-nie-je-len-miesto-ale-hlavne-pocit-v-srdci\\\/#primaryimage\"},\"thumbnailUrl\":\"https:\\\/\\\/www.youthforequality.sk\\\/wp-content\\\/uploads\\\/2022\\\/11\\\/image0-1.jpeg\",\"datePublished\":\"2022-11-09T09:26:20+00:00\",\"dateModified\":\"2022-11-09T09:29:04+00:00\",\"breadcrumb\":{\"@id\":\"https:\\\/\\\/www.youthforequality.sk\\\/index.php\\\/2022\\\/11\\\/09\\\/domov-nie-je-len-miesto-ale-hlavne-pocit-v-srdci\\\/#breadcrumb\"},\"inLanguage\":\"sk-SK\",\"potentialAction\":[{\"@type\":\"ReadAction\",\"target\":[\"https:\\\/\\\/www.youthforequality.sk\\\/index.php\\\/2022\\\/11\\\/09\\\/domov-nie-je-len-miesto-ale-hlavne-pocit-v-srdci\\\/\"]}]},{\"@type\":\"ImageObject\",\"inLanguage\":\"sk-SK\",\"@id\":\"https:\\\/\\\/www.youthforequality.sk\\\/index.php\\\/2022\\\/11\\\/09\\\/domov-nie-je-len-miesto-ale-hlavne-pocit-v-srdci\\\/#primaryimage\",\"url\":\"https:\\\/\\\/www.youthforequality.sk\\\/wp-content\\\/uploads\\\/2022\\\/11\\\/image0-1.jpeg\",\"contentUrl\":\"https:\\\/\\\/www.youthforequality.sk\\\/wp-content\\\/uploads\\\/2022\\\/11\\\/image0-1.jpeg\",\"width\":2048,\"height\":1536},{\"@type\":\"BreadcrumbList\",\"@id\":\"https:\\\/\\\/www.youthforequality.sk\\\/index.php\\\/2022\\\/11\\\/09\\\/domov-nie-je-len-miesto-ale-hlavne-pocit-v-srdci\\\/#breadcrumb\",\"itemListElement\":[{\"@type\":\"ListItem\",\"position\":1,\"name\":\"Home\",\"item\":\"https:\\\/\\\/www.youthforequality.sk\\\/\"},{\"@type\":\"ListItem\",\"position\":2,\"name\":\"&#8220;Domov nie je len miesto, ale hlavne pocit v\u00a0srdci.&#8221;\"}]},{\"@type\":\"WebSite\",\"@id\":\"https:\\\/\\\/www.youthforequality.sk\\\/#website\",\"url\":\"https:\\\/\\\/www.youthforequality.sk\\\/\",\"name\":\"\",\"description\":\"\",\"publisher\":{\"@id\":\"https:\\\/\\\/www.youthforequality.sk\\\/#organization\"},\"potentialAction\":[{\"@type\":\"SearchAction\",\"target\":{\"@type\":\"EntryPoint\",\"urlTemplate\":\"https:\\\/\\\/www.youthforequality.sk\\\/?s={search_term_string}\"},\"query-input\":{\"@type\":\"PropertyValueSpecification\",\"valueRequired\":true,\"valueName\":\"search_term_string\"}}],\"inLanguage\":\"sk-SK\"},{\"@type\":\"Organization\",\"@id\":\"https:\\\/\\\/www.youthforequality.sk\\\/#organization\",\"name\":\"Youth for Equality\",\"url\":\"https:\\\/\\\/www.youthforequality.sk\\\/\",\"logo\":{\"@type\":\"ImageObject\",\"inLanguage\":\"sk-SK\",\"@id\":\"https:\\\/\\\/www.youthforequality.sk\\\/#\\\/schema\\\/logo\\\/image\\\/\",\"url\":\"https:\\\/\\\/www.youthforequality.sk\\\/wp-content\\\/uploads\\\/2021\\\/01\\\/vynovene-logo-nove-farby_modra-na-web.png\",\"contentUrl\":\"https:\\\/\\\/www.youthforequality.sk\\\/wp-content\\\/uploads\\\/2021\\\/01\\\/vynovene-logo-nove-farby_modra-na-web.png\",\"width\":1,\"height\":1,\"caption\":\"Youth for Equality\"},\"image\":{\"@id\":\"https:\\\/\\\/www.youthforequality.sk\\\/#\\\/schema\\\/logo\\\/image\\\/\"},\"sameAs\":[\"https:\\\/\\\/www.facebook.com\\\/yeslovakia\"]},{\"@type\":\"Person\",\"@id\":\"https:\\\/\\\/www.youthforequality.sk\\\/#\\\/schema\\\/person\\\/41e987664144336433c641d34b270d1b\",\"name\":\"wiki\",\"image\":{\"@type\":\"ImageObject\",\"inLanguage\":\"sk-SK\",\"@id\":\"https:\\\/\\\/secure.gravatar.com\\\/avatar\\\/57cac84b94061d1af6548f41cd07cbee960ab67f3b80825c4b192af947aa3c0f?s=96&d=mm&r=g\",\"url\":\"https:\\\/\\\/secure.gravatar.com\\\/avatar\\\/57cac84b94061d1af6548f41cd07cbee960ab67f3b80825c4b192af947aa3c0f?s=96&d=mm&r=g\",\"contentUrl\":\"https:\\\/\\\/secure.gravatar.com\\\/avatar\\\/57cac84b94061d1af6548f41cd07cbee960ab67f3b80825c4b192af947aa3c0f?s=96&d=mm&r=g\",\"caption\":\"wiki\"},\"url\":\"https:\\\/\\\/www.youthforequality.sk\\\/index.php\\\/author\\\/janbor\\\/\"}]}<\/script>\n<!-- \/ Yoast SEO plugin. -->","yoast_head_json":{"title":"\"Domov nie je len miesto, ale hlavne pocit v\u00a0srdci.\" |","robots":{"index":"index","follow":"follow","max-snippet":"max-snippet:-1","max-image-preview":"max-image-preview:large","max-video-preview":"max-video-preview:-1"},"canonical":"https:\/\/www.youthforequality.sk\/index.php\/2022\/11\/09\/domov-nie-je-len-miesto-ale-hlavne-pocit-v-srdci\/","og_locale":"sk_SK","og_type":"article","og_title":"\"Domov nie je len miesto, ale hlavne pocit v\u00a0srdci.\" |","og_description":"Posledn\u00e9 augustov\u00e9 dni sme str\u00e1vili v\u00a0\u0160panielsku na projekte Sustain-ability. Po vst\u00fapen\u00ed do tejto krajiny plnej \u017eivota, Slnka a\u00a0\u00fa\u017easn\u00fdch \u013eud\u00ed, sme sa nevedeli do\u010dka\u0165, \u010do n\u00e1m projekt prinesie. Po\u010das cesty do vzdialen\u00e9ho meste\u010dka Calarreona na juhu krajiny, sme sa v\u0161etci slovensk\u00ed \u00fa\u010dastn\u00edci stihli spozna\u0165 a\u00a0vytvori\u0165 dobr\u00e9 kamar\u00e1tstva. Priv\u00edtala n\u00e1s ochotn\u00e1 organiz\u00e1torka, ktor\u00e1 n\u00e1s sprev\u00e1dzala s\u00a0\u00fasmevom na&hellip;&nbsp;\u010c\u00edta\u0165 viac &raquo;&#8222;Domov nie je len miesto, ale hlavne pocit v\u00a0srdci.&#8220;","og_url":"https:\/\/www.youthforequality.sk\/index.php\/2022\/11\/09\/domov-nie-je-len-miesto-ale-hlavne-pocit-v-srdci\/","article_publisher":"https:\/\/www.facebook.com\/yeslovakia","article_published_time":"2022-11-09T09:26:20+00:00","article_modified_time":"2022-11-09T09:29:04+00:00","og_image":[{"width":2048,"height":1536,"url":"https:\/\/www.youthforequality.sk\/wp-content\/uploads\/2022\/11\/image0-1.jpeg","type":"image\/jpeg"}],"author":"wiki","twitter_card":"summary_large_image","twitter_misc":{"Autor":"wiki","Predpokladan\u00fd \u010das \u010d\u00edtania":"2 min\u00faty"},"schema":{"@context":"https:\/\/schema.org","@graph":[{"@type":"Article","@id":"https:\/\/www.youthforequality.sk\/index.php\/2022\/11\/09\/domov-nie-je-len-miesto-ale-hlavne-pocit-v-srdci\/#article","isPartOf":{"@id":"https:\/\/www.youthforequality.sk\/index.php\/2022\/11\/09\/domov-nie-je-len-miesto-ale-hlavne-pocit-v-srdci\/"},"author":{"name":"wiki","@id":"https:\/\/www.youthforequality.sk\/#\/schema\/person\/41e987664144336433c641d34b270d1b"},"headline":"&#8222;Domov nie je len miesto, ale hlavne pocit v\u00a0srdci.&#8220;","datePublished":"2022-11-09T09:26:20+00:00","dateModified":"2022-11-09T09:29:04+00:00","mainEntityOfPage":{"@id":"https:\/\/www.youthforequality.sk\/index.php\/2022\/11\/09\/domov-nie-je-len-miesto-ale-hlavne-pocit-v-srdci\/"},"wordCount":357,"publisher":{"@id":"https:\/\/www.youthforequality.sk\/#organization"},"image":{"@id":"https:\/\/www.youthforequality.sk\/index.php\/2022\/11\/09\/domov-nie-je-len-miesto-ale-hlavne-pocit-v-srdci\/#primaryimage"},"thumbnailUrl":"https:\/\/www.youthforequality.sk\/wp-content\/uploads\/2022\/11\/image0-1.jpeg","articleSection":["Blog"],"inLanguage":"sk-SK"},{"@type":"WebPage","@id":"https:\/\/www.youthforequality.sk\/index.php\/2022\/11\/09\/domov-nie-je-len-miesto-ale-hlavne-pocit-v-srdci\/","url":"https:\/\/www.youthforequality.sk\/index.php\/2022\/11\/09\/domov-nie-je-len-miesto-ale-hlavne-pocit-v-srdci\/","name":"\"Domov nie je len miesto, ale hlavne pocit v\u00a0srdci.\" |","isPartOf":{"@id":"https:\/\/www.youthforequality.sk\/#website"},"primaryImageOfPage":{"@id":"https:\/\/www.youthforequality.sk\/index.php\/2022\/11\/09\/domov-nie-je-len-miesto-ale-hlavne-pocit-v-srdci\/#primaryimage"},"image":{"@id":"https:\/\/www.youthforequality.sk\/index.php\/2022\/11\/09\/domov-nie-je-len-miesto-ale-hlavne-pocit-v-srdci\/#primaryimage"},"thumbnailUrl":"https:\/\/www.youthforequality.sk\/wp-content\/uploads\/2022\/11\/image0-1.jpeg","datePublished":"2022-11-09T09:26:20+00:00","dateModified":"2022-11-09T09:29:04+00:00","breadcrumb":{"@id":"https:\/\/www.youthforequality.sk\/index.php\/2022\/11\/09\/domov-nie-je-len-miesto-ale-hlavne-pocit-v-srdci\/#breadcrumb"},"inLanguage":"sk-SK","potentialAction":[{"@type":"ReadAction","target":["https:\/\/www.youthforequality.sk\/index.php\/2022\/11\/09\/domov-nie-je-len-miesto-ale-hlavne-pocit-v-srdci\/"]}]},{"@type":"ImageObject","inLanguage":"sk-SK","@id":"https:\/\/www.youthforequality.sk\/index.php\/2022\/11\/09\/domov-nie-je-len-miesto-ale-hlavne-pocit-v-srdci\/#primaryimage","url":"https:\/\/www.youthforequality.sk\/wp-content\/uploads\/2022\/11\/image0-1.jpeg","contentUrl":"https:\/\/www.youthforequality.sk\/wp-content\/uploads\/2022\/11\/image0-1.jpeg","width":2048,"height":1536},{"@type":"BreadcrumbList","@id":"https:\/\/www.youthforequality.sk\/index.php\/2022\/11\/09\/domov-nie-je-len-miesto-ale-hlavne-pocit-v-srdci\/#breadcrumb","itemListElement":[{"@type":"ListItem","position":1,"name":"Home","item":"https:\/\/www.youthforequality.sk\/"},{"@type":"ListItem","position":2,"name":"&#8220;Domov nie je len miesto, ale hlavne pocit v\u00a0srdci.&#8221;"}]},{"@type":"WebSite","@id":"https:\/\/www.youthforequality.sk\/#website","url":"https:\/\/www.youthforequality.sk\/","name":"","description":"","publisher":{"@id":"https:\/\/www.youthforequality.sk\/#organization"},"potentialAction":[{"@type":"SearchAction","target":{"@type":"EntryPoint","urlTemplate":"https:\/\/www.youthforequality.sk\/?s={search_term_string}"},"query-input":{"@type":"PropertyValueSpecification","valueRequired":true,"valueName":"search_term_string"}}],"inLanguage":"sk-SK"},{"@type":"Organization","@id":"https:\/\/www.youthforequality.sk\/#organization","name":"Youth for Equality","url":"https:\/\/www.youthforequality.sk\/","logo":{"@type":"ImageObject","inLanguage":"sk-SK","@id":"https:\/\/www.youthforequality.sk\/#\/schema\/logo\/image\/","url":"https:\/\/www.youthforequality.sk\/wp-content\/uploads\/2021\/01\/vynovene-logo-nove-farby_modra-na-web.png","contentUrl":"https:\/\/www.youthforequality.sk\/wp-content\/uploads\/2021\/01\/vynovene-logo-nove-farby_modra-na-web.png","width":1,"height":1,"caption":"Youth for Equality"},"image":{"@id":"https:\/\/www.youthforequality.sk\/#\/schema\/logo\/image\/"},"sameAs":["https:\/\/www.facebook.com\/yeslovakia"]},{"@type":"Person","@id":"https:\/\/www.youthforequality.sk\/#\/schema\/person\/41e987664144336433c641d34b270d1b","name":"wiki","image":{"@type":"ImageObject","inLanguage":"sk-SK","@id":"https:\/\/secure.gravatar.com\/avatar\/57cac84b94061d1af6548f41cd07cbee960ab67f3b80825c4b192af947aa3c0f?s=96&d=mm&r=g","url":"https:\/\/secure.gravatar.com\/avatar\/57cac84b94061d1af6548f41cd07cbee960ab67f3b80825c4b192af947aa3c0f?s=96&d=mm&r=g","contentUrl":"https:\/\/secure.gravatar.com\/avatar\/57cac84b94061d1af6548f41cd07cbee960ab67f3b80825c4b192af947aa3c0f?s=96&d=mm&r=g","caption":"wiki"},"url":"https:\/\/www.youthforequality.sk\/index.php\/author\/janbor\/"}]}},"_links":{"self":[{"href":"https:\/\/www.youthforequality.sk\/index.php\/wp-json\/wp\/v2\/posts\/4450","targetHints":{"allow":["GET"]}}],"collection":[{"href":"https:\/\/www.youthforequality.sk\/index.php\/wp-json\/wp\/v2\/posts"}],"about":[{"href":"https:\/\/www.youthforequality.sk\/index.php\/wp-json\/wp\/v2\/types\/post"}],"author":[{"embeddable":true,"href":"https:\/\/www.youthforequality.sk\/index.php\/wp-json\/wp\/v2\/users\/6"}],"replies":[{"embeddable":true,"href":"https:\/\/www.youthforequality.sk\/index.php\/wp-json\/wp\/v2\/comments?post=4450"}],"version-history":[{"count":4,"href":"https:\/\/www.youthforequality.sk\/index.php\/wp-json\/wp\/v2\/posts\/4450\/revisions"}],"predecessor-version":[{"id":4459,"href":"https:\/\/www.youthforequality.sk\/index.php\/wp-json\/wp\/v2\/posts\/4450\/revisions\/4459"}],"wp:featuredmedia":[{"embeddable":true,"href":"https:\/\/www.youthforequality.sk\/index.php\/wp-json\/wp\/v2\/media\/4455"}],"wp:attachment":[{"href":"https:\/\/www.youthforequality.sk\/index.php\/wp-json\/wp\/v2\/media?parent=4450"}],"wp:term":[{"taxonomy":"category","embeddable":true,"href":"https:\/\/www.youthforequality.sk\/index.php\/wp-json\/wp\/v2\/categories?post=4450"},{"taxonomy":"post_tag","embeddable":true,"href":"https:\/\/www.youthforequality.sk\/index.php\/wp-json\/wp\/v2\/tags?post=4450"}],"curies":[{"name":"wp","href":"https:\/\/api.w.org\/{rel}","templated":true}]}}