{"id":4552,"date":"2022-12-05T14:21:57","date_gmt":"2022-12-05T13:21:57","guid":{"rendered":"https:\/\/www.youthforequality.sk\/index.php\/2022\/12\/05\/domov-nie-je-len-miesto-ale-hlavne-pocit-v-srdci-copy-copy\/"},"modified":"2022-12-05T14:27:58","modified_gmt":"2022-12-05T13:27:58","slug":"domov-nie-je-len-miesto-ale-hlavne-pocit-v-srdci-copy-copy","status":"publish","type":"post","link":"https:\/\/www.youthforequality.sk\/index.php\/2022\/12\/05\/domov-nie-je-len-miesto-ale-hlavne-pocit-v-srdci-copy-copy\/","title":{"rendered":"\u010co mi dali 2 t\u00fd\u017edne v\u00a0Est\u00f3nsku"},"content":{"rendered":"\t\t<div data-elementor-type=\"wp-post\" data-elementor-id=\"4552\" class=\"elementor elementor-4552\">\n\t\t\t\t\t\t<section class=\"elementor-section elementor-top-section elementor-element elementor-element-f2550da elementor-section-boxed elementor-section-height-default elementor-section-height-default\" data-id=\"f2550da\" data-element_type=\"section\" data-e-type=\"section\">\n\t\t\t\t\t\t<div class=\"elementor-container elementor-column-gap-default\">\n\t\t\t\t\t<div class=\"elementor-column elementor-col-100 elementor-top-column elementor-element elementor-element-1589057\" data-id=\"1589057\" data-element_type=\"column\" data-e-type=\"column\">\n\t\t\t<div class=\"elementor-widget-wrap elementor-element-populated\">\n\t\t\t\t\t\t<div class=\"elementor-element elementor-element-a878e17 elementor-widget elementor-widget-text-editor\" data-id=\"a878e17\" data-element_type=\"widget\" data-e-type=\"widget\" data-widget_type=\"text-editor.default\">\n\t\t\t\t<div class=\"elementor-widget-container\">\n\t\t\t\t\t\t\t\t\t<p>Z\u00fa\u010dastni\u0165 sa projektu organizovan\u00e9ho prostredn\u00edctvom Erasmus + \u201eFeel Yourself\u201c bolo jedno<\/p><p>z najlep\u0161\u00edch rozhodnut\u00ed, ktor\u00e9 som mohla urobi\u0165. Projekt bol organizovan\u00fd v Est\u00f3nsku,<\/p><p>v malebnej dedinke bl\u00edzko hlavn\u00e9ho mesta v term\u00edne od 7.11. do 17.11.2022. Dedinka Aegviidu<\/p><p>je asi 45 min\u00fat vlakom od Tallinnu. Cie\u013eom projektu bolo rozvitie zru\u010dnosti emocion\u00e1lnej<\/p><p>inteligencie, empatie a schopnosti vedie\u0165 navonok vyjadri\u0165 aj svoje pocity.<\/p><p>Ka\u017ed\u00fd jeden de\u0148 sme mali celodenn\u00fd program, tak\u017ee nuda nehrozila a\u00a0 uv\u00edtala by som aj trochu<\/p><p>viac vo\u013en\u00e9ho \u010dasu. S programom sme za\u010d\u00ednali o 10 hodine doobeda a na za\u010diatku ka\u017edej aktivity<\/p><p>bol v\u017edy energizer, \u010do bola kr\u00e1tka pohybov\u00e1 aktivita, aby sa n\u00e1m lep\u0161ie rozm\u00fd\u0161\u013ealo. Potom<\/p><p>nasledovali hlavn\u00e9 aktivity, kde sme v\u00e4\u010d\u0161inou pracovali v skupin\u00e1ch po 3 alebo 5. Organiz\u00e1tori,<\/p><p>alebo ako sme ich my volali hlavn\u00ed l\u00eddri, n\u00e1m v\u017edy zadali kopec \u00faloh, ktor\u00e9 sme museli stihn\u00fa\u0165<\/p><p>dokon\u010di\u0165 do obeda. Po obede sme mali hodinku vo\u013eno a potom sme pokra\u010dovali v programe.<\/p><p>Poobedn\u00fd program v\u00e4\u010d\u0161inou tvorili workshopy, ktor\u00e9 organizovali jednotliv\u00e9 t\u00edmy z Est\u00f3nska,<\/p><p>Rumunska a n\u00e1\u0161 t\u00edm. Na z\u00e1vere ka\u017edej aktivity sme sa vyjadrili, ak\u00fd sme mali dojem, ako sa n\u00e1m<\/p><p>to p\u00e1\u010dilo a \u010do sme sa pri tom dozvedeli. Hne\u010f na tret\u00ed de\u0148 sme nav\u0161t\u00edvili Tallinn. Doobeda n\u00e1s<\/p><p>rozdelili do 3 skup\u00edn a mali sme za \u00falohu oslovi\u0165 \u013eud\u00ed priradenej vekovej kateg\u00f3rie. P\u00fdtali sme sa<\/p><p>ich, \u010di vedia, \u010do je emocion\u00e1lna inteligencia, \u010di by sa o nej chceli dozvedie\u0165 viac a \u010di je to<\/p><p>podstatn\u00e9 pre deti v rannom veku. Poobede sme mali vo\u013eno a mohli sme sa \u00eds\u0165 pozrie\u0165 do<\/p><p>kr\u00e1sneho star\u00e9ho mesta, do pr\u00edstavu alebo k jazeru ved\u013ea letiska. \u010eal\u0161ie dni sme mali program<\/p><p>v are\u00e1li, dokonca n\u00e1m aj svietilo slnko, \u010do je pre Aegviidu neobvykl\u00e9. Do Tallinu sme sa dostali<\/p><p>e\u0161te jeden de\u0148. Op\u00e4\u0165 sme pracovali v skupin\u00e1ch. Tento raz sme nat\u00e1\u010dali interview so skupinami<\/p><p>\u013eud\u00ed. P\u00fdtali sme sa ich, \u010di vedia \u010do je empatia a ako sa d\u00e1 zv\u00fd\u0161i\u0165 jej miera. \u0160\u0165astie n\u00e1m prialo<\/p><p>a mesto bolo pln\u00e9 \u0161tudentov z Erasmu, ktor\u00ed n\u00e1m radi odpovedali na ot\u00e1zky a neb\u00e1li sa postavi\u0165<\/p><p>sa pred kameru. Zvy\u0161ok d\u0148a sme pracovali na smartphone groups, kde sme v r\u00f4znych skupin\u00e1ch<\/p><p>nat\u00e1\u010dali a fotili priebeh projektu. Okrem dn\u00ed v Tallinne sa mi ve\u013emi p\u00e1\u010dili kult\u00farne noci, kde sme<\/p><p>prezentovali na\u0161e krajiny, varili sme tradi\u010dn\u00e9 jedl\u00e1 a nesmela ch\u00fdba\u0165 ani ochutn\u00e1vka sladkost\u00ed.<\/p><p>V\u0161etci \u00fa\u010dastn\u00edci boli prekvapen\u00ed z na\u0161ich Ve\u013ekono\u010dn\u00fdch trad\u00edcii, zazneli aj hl\u00e1\u0161ky ako: ,,Ke\u010f<\/p><p>chcem umy\u0165 auto idem do um\u00fdva\u010dky a ke\u010f chcem umy\u0165 \u017eenu, pr\u00eddem na Slovensko.\u201c Ka\u017ed\u00e9mu<\/p><p>chutili dom\u00e1ce lango\u0161e a bryndzov\u00e1 n\u00e1tierka. S krupicovou ka\u0161ou boli menej odv\u00e1\u017eni, ale ka\u017ed\u00fd,<\/p><p>kto ju ochutnal povedal, \u017ee lep\u0161\u00ed dezert nejedol. Ope\u010den\u00e9 chleb\u00ed\u010dky so slaninou a om\u00e1\u010dkou<\/p><p>z Rumunska sa tie\u017e ve\u013emi r\u00fdchlo minuli. Najviac sme sa zabavili, ke\u010f sme sa u\u010dili est\u00f3nske slov\u00e1<\/p><p>a vety. Som rada, \u017ee sme sa v\u0161etci vedeli dorozumie\u0165 po anglicky. Ke\u010f m\u00e1m porovna\u0165 moje<\/p><p>komunikat\u00edvne zru\u010dnosti v cudzom jazyku pred a po projekte, zlep\u0161enie je vidite\u013en\u00e9. Mysl\u00edm si,<\/p><p>\u017ee je skvel\u00e9 pre \u010dloveka v mojom veku m\u00f4c\u0165 sa zlep\u0161i\u0165 v angli\u010dtine pobytom v zahrani\u010d\u00ed. Po<\/p><p>anglicky sme rozpr\u00e1vali st\u00e1le, dokonca aj my Slov\u00e1ci medzi sebou. T\u00e9ma projektu bola pr\u00ednosn\u00e1<\/p><p>pre ka\u017ed\u00e9ho \u00fa\u010dastn\u00edka- hlavne dnes, ke\u010f s\u00fa na mnoh\u00fdch z n\u00e1s kladen\u00e9 ve\u013ek\u00e9 n\u00e1roky v \u0161kole<\/p><p>i doma, \u010do nie ka\u017ed\u00fd vie zvl\u00e1dnu\u0165 a vyjadri\u0165 svoje pocity \u010di obavy z mo\u017en\u00e9ho zlyhania. Ak sa<\/p><p>niekto zauj\u00edmal o emocion\u00e1lnu inteligenciu predt\u00fdm menej, zdie\u013eanie n\u00e1zorov s ostatn\u00fdmi ho<\/p><p>r\u00fdchlo vtiahlo do deja. Som ve\u013emi rada, \u017ee som sa mohla dozvedie\u0165 o \u013eudskej mysli a du\u0161evnom<\/p><p>zdrav\u00ed nie\u010do viac, \u010di u\u017e u seba alebo u ostatn\u00fdch. Stretla som tam v\u00fdnimo\u010dn\u00fdch \u013eud\u00ed, s ktor\u00fdmi<\/p><p>som nadviazala \u00fa\u017easn\u00e9 priate\u013estv\u00e1 a ver\u00edm, \u017ee sa s nimi e\u0161te niekedy stretnem, mo\u017eno aj pri<\/p><p>inom projekte Erasmus.<\/p>\t\t\t\t\t\t\t\t<\/div>\n\t\t\t\t<\/div>\n\t\t\t\t\t<\/div>\n\t\t<\/div>\n\t\t\t\t\t<\/div>\n\t\t<\/section>\n\t\t\t\t<section class=\"elementor-section elementor-top-section elementor-element elementor-element-4e00525 elementor-section-boxed elementor-section-height-default elementor-section-height-default\" data-id=\"4e00525\" data-element_type=\"section\" data-e-type=\"section\">\n\t\t\t\t\t\t<div class=\"elementor-container elementor-column-gap-default\">\n\t\t\t\t\t<div class=\"elementor-column elementor-col-100 elementor-top-column elementor-element elementor-element-c0db7e8\" data-id=\"c0db7e8\" data-element_type=\"column\" data-e-type=\"column\">\n\t\t\t<div class=\"elementor-widget-wrap elementor-element-populated\">\n\t\t\t\t\t\t<div class=\"elementor-element elementor-element-cec7648 elementor-arrows-position-inside elementor-pagination-position-outside elementor-widget elementor-widget-image-carousel\" data-id=\"cec7648\" data-element_type=\"widget\" data-e-type=\"widget\" data-settings=\"{&quot;navigation&quot;:&quot;both&quot;,&quot;autoplay&quot;:&quot;yes&quot;,&quot;pause_on_hover&quot;:&quot;yes&quot;,&quot;pause_on_interaction&quot;:&quot;yes&quot;,&quot;autoplay_speed&quot;:5000,&quot;infinite&quot;:&quot;yes&quot;,&quot;speed&quot;:500}\" data-widget_type=\"image-carousel.default\">\n\t\t\t\t<div class=\"elementor-widget-container\">\n\t\t\t\t\t\t\t<div class=\"elementor-image-carousel-wrapper swiper\" role=\"region\" aria-roledescription=\"carousel\" aria-label=\"Obr\u00e1zkov\u00fd kot\u00fa\u010d\" dir=\"ltr\">\n\t\t\t<div class=\"elementor-image-carousel swiper-wrapper\" aria-live=\"off\">\n\t\t\t\t\t\t\t\t<div class=\"swiper-slide\" role=\"group\" aria-roledescription=\"slide\" aria-label=\"1 of 3\"><figure class=\"swiper-slide-inner\"><img decoding=\"async\" class=\"swiper-slide-image\" src=\"https:\/\/www.youthforequality.sk\/wp-content\/uploads\/2022\/12\/WhatsApp-Image-2022-11-09-at-13.05.41-150x150.jpeg\" alt=\"WhatsApp Image 2022-11-09 at 13.05.41\" \/><\/figure><\/div><div class=\"swiper-slide\" role=\"group\" aria-roledescription=\"slide\" aria-label=\"2 of 3\"><figure class=\"swiper-slide-inner\"><img decoding=\"async\" class=\"swiper-slide-image\" src=\"https:\/\/www.youthforequality.sk\/wp-content\/uploads\/2022\/12\/WhatsApp-Image-2022-11-08-at-19.52.56-150x150.jpeg\" alt=\"WhatsApp Image 2022-11-08 at 19.52.56\" \/><\/figure><\/div><div class=\"swiper-slide\" role=\"group\" aria-roledescription=\"slide\" aria-label=\"3 of 3\"><figure class=\"swiper-slide-inner\"><img decoding=\"async\" class=\"swiper-slide-image\" src=\"https:\/\/www.youthforequality.sk\/wp-content\/uploads\/2022\/12\/WhatsApp-Image-2022-11-08-at-17.15.02-1-150x150.jpeg\" alt=\"WhatsApp Image 2022-11-08 at 17.15.02 (1)\" \/><\/figure><\/div>\t\t\t<\/div>\n\t\t\t\t\t\t\t\t\t\t\t\t<div class=\"elementor-swiper-button elementor-swiper-button-prev\" role=\"button\" tabindex=\"0\">\n\t\t\t\t\t\t<i aria-hidden=\"true\" class=\"eicon-chevron-left\"><\/i>\t\t\t\t\t<\/div>\n\t\t\t\t\t<div class=\"elementor-swiper-button elementor-swiper-button-next\" role=\"button\" tabindex=\"0\">\n\t\t\t\t\t\t<i aria-hidden=\"true\" class=\"eicon-chevron-right\"><\/i>\t\t\t\t\t<\/div>\n\t\t\t\t\n\t\t\t\t\t\t\t\t\t<div class=\"swiper-pagination\"><\/div>\n\t\t\t\t\t\t\t\t\t<\/div>\n\t\t\t\t\t\t<\/div>\n\t\t\t\t<\/div>\n\t\t\t\t\t<\/div>\n\t\t<\/div>\n\t\t\t\t\t<\/div>\n\t\t<\/section>\n\t\t\t\t<\/div>\n\t\t","protected":false},"excerpt":{"rendered":"<p>Z\u00fa\u010dastni\u0165 sa projektu organizovan\u00e9ho prostredn\u00edctvom Erasmus + \u201eFeel Yourself\u201c bolo jedno z najlep\u0161\u00edch rozhodnut\u00ed, ktor\u00e9 som mohla urobi\u0165. Projekt bol organizovan\u00fd v Est\u00f3nsku, v malebnej dedinke bl\u00edzko hlavn\u00e9ho mesta v term\u00edne od 7.11. do 17.11.2022. Dedinka Aegviidu je asi 45 min\u00fat vlakom od Tallinnu. Cie\u013eom projektu bolo rozvitie zru\u010dnosti emocion\u00e1lnej inteligencie, empatie a schopnosti vedie\u0165&hellip;&nbsp;<a href=\"https:\/\/www.youthforequality.sk\/index.php\/2022\/12\/05\/domov-nie-je-len-miesto-ale-hlavne-pocit-v-srdci-copy-copy\/\" class=\"\" rel=\"bookmark\">\u010c\u00edta\u0165 viac &raquo;<span class=\"screen-reader-text\">\u010co mi dali 2 t\u00fd\u017edne v\u00a0Est\u00f3nsku<\/span><\/a><\/p>\n","protected":false},"author":8,"featured_media":4554,"comment_status":"closed","ping_status":"open","sticky":false,"template":"","format":"standard","meta":{"_uf_show_specific_survey":0,"_uf_disable_surveys":false,"neve_meta_sidebar":"","neve_meta_container":"","neve_meta_enable_content_width":"off","neve_meta_content_width":70,"neve_meta_title_alignment":"","neve_meta_author_avatar":"","neve_post_elements_order":"","neve_meta_disable_header":"","neve_meta_disable_footer":"","neve_meta_disable_title":"","_themeisle_gutenberg_block_has_review":false,"footnotes":""},"categories":[3],"tags":[],"class_list":["post-4552","post","type-post","status-publish","format-standard","has-post-thumbnail","hentry","category-blog"],"yoast_head":"<!-- This site is optimized with the Yoast SEO plugin v27.4 - https:\/\/yoast.com\/product\/yoast-seo-wordpress\/ -->\n<title>\u010co mi dali 2 t\u00fd\u017edne v\u00a0Est\u00f3nsku |<\/title>\n<meta name=\"robots\" content=\"index, follow, max-snippet:-1, max-image-preview:large, max-video-preview:-1\" \/>\n<link rel=\"canonical\" href=\"https:\/\/www.youthforequality.sk\/index.php\/2022\/12\/05\/domov-nie-je-len-miesto-ale-hlavne-pocit-v-srdci-copy-copy\/\" \/>\n<meta property=\"og:locale\" content=\"sk_SK\" \/>\n<meta property=\"og:type\" content=\"article\" \/>\n<meta property=\"og:title\" content=\"\u010co mi dali 2 t\u00fd\u017edne v\u00a0Est\u00f3nsku |\" \/>\n<meta property=\"og:description\" content=\"Z\u00fa\u010dastni\u0165 sa projektu organizovan\u00e9ho prostredn\u00edctvom Erasmus + \u201eFeel Yourself\u201c bolo jedno z najlep\u0161\u00edch rozhodnut\u00ed, ktor\u00e9 som mohla urobi\u0165. Projekt bol organizovan\u00fd v Est\u00f3nsku, v malebnej dedinke bl\u00edzko hlavn\u00e9ho mesta v term\u00edne od 7.11. do 17.11.2022. Dedinka Aegviidu je asi 45 min\u00fat vlakom od Tallinnu. Cie\u013eom projektu bolo rozvitie zru\u010dnosti emocion\u00e1lnej inteligencie, empatie a schopnosti vedie\u0165&hellip;&nbsp;\u010c\u00edta\u0165 viac &raquo;\u010co mi dali 2 t\u00fd\u017edne v\u00a0Est\u00f3nsku\" \/>\n<meta property=\"og:url\" content=\"https:\/\/www.youthforequality.sk\/index.php\/2022\/12\/05\/domov-nie-je-len-miesto-ale-hlavne-pocit-v-srdci-copy-copy\/\" \/>\n<meta property=\"article:publisher\" content=\"https:\/\/www.facebook.com\/yeslovakia\" \/>\n<meta property=\"article:published_time\" content=\"2022-12-05T13:21:57+00:00\" \/>\n<meta property=\"article:modified_time\" content=\"2022-12-05T13:27:58+00:00\" \/>\n<meta property=\"og:image\" content=\"https:\/\/www.youthforequality.sk\/wp-content\/uploads\/2022\/12\/WhatsApp-Image-2022-11-08-at-19.52.56.jpeg\" \/>\n\t<meta property=\"og:image:width\" content=\"2048\" \/>\n\t<meta property=\"og:image:height\" content=\"1536\" \/>\n\t<meta property=\"og:image:type\" content=\"image\/jpeg\" \/>\n<meta name=\"author\" content=\"Yoana\" \/>\n<meta name=\"twitter:card\" content=\"summary_large_image\" \/>\n<meta name=\"twitter:label1\" content=\"Autor\" \/>\n\t<meta name=\"twitter:data1\" content=\"Yoana\" \/>\n\t<meta name=\"twitter:label2\" content=\"Predpokladan\u00fd \u010das \u010d\u00edtania\" \/>\n\t<meta name=\"twitter:data2\" content=\"4 min\u00faty\" \/>\n<script type=\"application\/ld+json\" class=\"yoast-schema-graph\">{\"@context\":\"https:\\\/\\\/schema.org\",\"@graph\":[{\"@type\":\"Article\",\"@id\":\"https:\\\/\\\/www.youthforequality.sk\\\/index.php\\\/2022\\\/12\\\/05\\\/domov-nie-je-len-miesto-ale-hlavne-pocit-v-srdci-copy-copy\\\/#article\",\"isPartOf\":{\"@id\":\"https:\\\/\\\/www.youthforequality.sk\\\/index.php\\\/2022\\\/12\\\/05\\\/domov-nie-je-len-miesto-ale-hlavne-pocit-v-srdci-copy-copy\\\/\"},\"author\":{\"name\":\"Yoana\",\"@id\":\"https:\\\/\\\/www.youthforequality.sk\\\/#\\\/schema\\\/person\\\/f68f7ffe79f5a2bba235fb60e0283347\"},\"headline\":\"\u010co mi dali 2 t\u00fd\u017edne v\u00a0Est\u00f3nsku\",\"datePublished\":\"2022-12-05T13:21:57+00:00\",\"dateModified\":\"2022-12-05T13:27:58+00:00\",\"mainEntityOfPage\":{\"@id\":\"https:\\\/\\\/www.youthforequality.sk\\\/index.php\\\/2022\\\/12\\\/05\\\/domov-nie-je-len-miesto-ale-hlavne-pocit-v-srdci-copy-copy\\\/\"},\"wordCount\":765,\"publisher\":{\"@id\":\"https:\\\/\\\/www.youthforequality.sk\\\/#organization\"},\"image\":{\"@id\":\"https:\\\/\\\/www.youthforequality.sk\\\/index.php\\\/2022\\\/12\\\/05\\\/domov-nie-je-len-miesto-ale-hlavne-pocit-v-srdci-copy-copy\\\/#primaryimage\"},\"thumbnailUrl\":\"https:\\\/\\\/www.youthforequality.sk\\\/wp-content\\\/uploads\\\/2022\\\/12\\\/WhatsApp-Image-2022-11-08-at-19.52.56.jpeg\",\"articleSection\":[\"Blog\"],\"inLanguage\":\"sk-SK\"},{\"@type\":\"WebPage\",\"@id\":\"https:\\\/\\\/www.youthforequality.sk\\\/index.php\\\/2022\\\/12\\\/05\\\/domov-nie-je-len-miesto-ale-hlavne-pocit-v-srdci-copy-copy\\\/\",\"url\":\"https:\\\/\\\/www.youthforequality.sk\\\/index.php\\\/2022\\\/12\\\/05\\\/domov-nie-je-len-miesto-ale-hlavne-pocit-v-srdci-copy-copy\\\/\",\"name\":\"\u010co mi dali 2 t\u00fd\u017edne v\u00a0Est\u00f3nsku |\",\"isPartOf\":{\"@id\":\"https:\\\/\\\/www.youthforequality.sk\\\/#website\"},\"primaryImageOfPage\":{\"@id\":\"https:\\\/\\\/www.youthforequality.sk\\\/index.php\\\/2022\\\/12\\\/05\\\/domov-nie-je-len-miesto-ale-hlavne-pocit-v-srdci-copy-copy\\\/#primaryimage\"},\"image\":{\"@id\":\"https:\\\/\\\/www.youthforequality.sk\\\/index.php\\\/2022\\\/12\\\/05\\\/domov-nie-je-len-miesto-ale-hlavne-pocit-v-srdci-copy-copy\\\/#primaryimage\"},\"thumbnailUrl\":\"https:\\\/\\\/www.youthforequality.sk\\\/wp-content\\\/uploads\\\/2022\\\/12\\\/WhatsApp-Image-2022-11-08-at-19.52.56.jpeg\",\"datePublished\":\"2022-12-05T13:21:57+00:00\",\"dateModified\":\"2022-12-05T13:27:58+00:00\",\"breadcrumb\":{\"@id\":\"https:\\\/\\\/www.youthforequality.sk\\\/index.php\\\/2022\\\/12\\\/05\\\/domov-nie-je-len-miesto-ale-hlavne-pocit-v-srdci-copy-copy\\\/#breadcrumb\"},\"inLanguage\":\"sk-SK\",\"potentialAction\":[{\"@type\":\"ReadAction\",\"target\":[\"https:\\\/\\\/www.youthforequality.sk\\\/index.php\\\/2022\\\/12\\\/05\\\/domov-nie-je-len-miesto-ale-hlavne-pocit-v-srdci-copy-copy\\\/\"]}]},{\"@type\":\"ImageObject\",\"inLanguage\":\"sk-SK\",\"@id\":\"https:\\\/\\\/www.youthforequality.sk\\\/index.php\\\/2022\\\/12\\\/05\\\/domov-nie-je-len-miesto-ale-hlavne-pocit-v-srdci-copy-copy\\\/#primaryimage\",\"url\":\"https:\\\/\\\/www.youthforequality.sk\\\/wp-content\\\/uploads\\\/2022\\\/12\\\/WhatsApp-Image-2022-11-08-at-19.52.56.jpeg\",\"contentUrl\":\"https:\\\/\\\/www.youthforequality.sk\\\/wp-content\\\/uploads\\\/2022\\\/12\\\/WhatsApp-Image-2022-11-08-at-19.52.56.jpeg\",\"width\":2048,\"height\":1536},{\"@type\":\"BreadcrumbList\",\"@id\":\"https:\\\/\\\/www.youthforequality.sk\\\/index.php\\\/2022\\\/12\\\/05\\\/domov-nie-je-len-miesto-ale-hlavne-pocit-v-srdci-copy-copy\\\/#breadcrumb\",\"itemListElement\":[{\"@type\":\"ListItem\",\"position\":1,\"name\":\"Home\",\"item\":\"https:\\\/\\\/www.youthforequality.sk\\\/\"},{\"@type\":\"ListItem\",\"position\":2,\"name\":\"\u010co mi dali 2 t\u00fd\u017edne v\u00a0Est\u00f3nsku\"}]},{\"@type\":\"WebSite\",\"@id\":\"https:\\\/\\\/www.youthforequality.sk\\\/#website\",\"url\":\"https:\\\/\\\/www.youthforequality.sk\\\/\",\"name\":\"\",\"description\":\"\",\"publisher\":{\"@id\":\"https:\\\/\\\/www.youthforequality.sk\\\/#organization\"},\"potentialAction\":[{\"@type\":\"SearchAction\",\"target\":{\"@type\":\"EntryPoint\",\"urlTemplate\":\"https:\\\/\\\/www.youthforequality.sk\\\/?s={search_term_string}\"},\"query-input\":{\"@type\":\"PropertyValueSpecification\",\"valueRequired\":true,\"valueName\":\"search_term_string\"}}],\"inLanguage\":\"sk-SK\"},{\"@type\":\"Organization\",\"@id\":\"https:\\\/\\\/www.youthforequality.sk\\\/#organization\",\"name\":\"Youth for Equality\",\"url\":\"https:\\\/\\\/www.youthforequality.sk\\\/\",\"logo\":{\"@type\":\"ImageObject\",\"inLanguage\":\"sk-SK\",\"@id\":\"https:\\\/\\\/www.youthforequality.sk\\\/#\\\/schema\\\/logo\\\/image\\\/\",\"url\":\"https:\\\/\\\/www.youthforequality.sk\\\/wp-content\\\/uploads\\\/2021\\\/01\\\/vynovene-logo-nove-farby_modra-na-web.png\",\"contentUrl\":\"https:\\\/\\\/www.youthforequality.sk\\\/wp-content\\\/uploads\\\/2021\\\/01\\\/vynovene-logo-nove-farby_modra-na-web.png\",\"width\":1,\"height\":1,\"caption\":\"Youth for Equality\"},\"image\":{\"@id\":\"https:\\\/\\\/www.youthforequality.sk\\\/#\\\/schema\\\/logo\\\/image\\\/\"},\"sameAs\":[\"https:\\\/\\\/www.facebook.com\\\/yeslovakia\"]},{\"@type\":\"Person\",\"@id\":\"https:\\\/\\\/www.youthforequality.sk\\\/#\\\/schema\\\/person\\\/f68f7ffe79f5a2bba235fb60e0283347\",\"name\":\"Yoana\",\"image\":{\"@type\":\"ImageObject\",\"inLanguage\":\"sk-SK\",\"@id\":\"https:\\\/\\\/secure.gravatar.com\\\/avatar\\\/f5889cd61205e50db708a0aee253e7dd1c444eef2df020270b30bb0594b8e643?s=96&d=mm&r=g\",\"url\":\"https:\\\/\\\/secure.gravatar.com\\\/avatar\\\/f5889cd61205e50db708a0aee253e7dd1c444eef2df020270b30bb0594b8e643?s=96&d=mm&r=g\",\"contentUrl\":\"https:\\\/\\\/secure.gravatar.com\\\/avatar\\\/f5889cd61205e50db708a0aee253e7dd1c444eef2df020270b30bb0594b8e643?s=96&d=mm&r=g\",\"caption\":\"Yoana\"},\"url\":\"https:\\\/\\\/www.youthforequality.sk\\\/index.php\\\/author\\\/yoana\\\/\"}]}<\/script>\n<!-- \/ Yoast SEO plugin. -->","yoast_head_json":{"title":"\u010co mi dali 2 t\u00fd\u017edne v\u00a0Est\u00f3nsku |","robots":{"index":"index","follow":"follow","max-snippet":"max-snippet:-1","max-image-preview":"max-image-preview:large","max-video-preview":"max-video-preview:-1"},"canonical":"https:\/\/www.youthforequality.sk\/index.php\/2022\/12\/05\/domov-nie-je-len-miesto-ale-hlavne-pocit-v-srdci-copy-copy\/","og_locale":"sk_SK","og_type":"article","og_title":"\u010co mi dali 2 t\u00fd\u017edne v\u00a0Est\u00f3nsku |","og_description":"Z\u00fa\u010dastni\u0165 sa projektu organizovan\u00e9ho prostredn\u00edctvom Erasmus + \u201eFeel Yourself\u201c bolo jedno z najlep\u0161\u00edch rozhodnut\u00ed, ktor\u00e9 som mohla urobi\u0165. Projekt bol organizovan\u00fd v Est\u00f3nsku, v malebnej dedinke bl\u00edzko hlavn\u00e9ho mesta v term\u00edne od 7.11. do 17.11.2022. Dedinka Aegviidu je asi 45 min\u00fat vlakom od Tallinnu. Cie\u013eom projektu bolo rozvitie zru\u010dnosti emocion\u00e1lnej inteligencie, empatie a schopnosti vedie\u0165&hellip;&nbsp;\u010c\u00edta\u0165 viac &raquo;\u010co mi dali 2 t\u00fd\u017edne v\u00a0Est\u00f3nsku","og_url":"https:\/\/www.youthforequality.sk\/index.php\/2022\/12\/05\/domov-nie-je-len-miesto-ale-hlavne-pocit-v-srdci-copy-copy\/","article_publisher":"https:\/\/www.facebook.com\/yeslovakia","article_published_time":"2022-12-05T13:21:57+00:00","article_modified_time":"2022-12-05T13:27:58+00:00","og_image":[{"width":2048,"height":1536,"url":"https:\/\/www.youthforequality.sk\/wp-content\/uploads\/2022\/12\/WhatsApp-Image-2022-11-08-at-19.52.56.jpeg","type":"image\/jpeg"}],"author":"Yoana","twitter_card":"summary_large_image","twitter_misc":{"Autor":"Yoana","Predpokladan\u00fd \u010das \u010d\u00edtania":"4 min\u00faty"},"schema":{"@context":"https:\/\/schema.org","@graph":[{"@type":"Article","@id":"https:\/\/www.youthforequality.sk\/index.php\/2022\/12\/05\/domov-nie-je-len-miesto-ale-hlavne-pocit-v-srdci-copy-copy\/#article","isPartOf":{"@id":"https:\/\/www.youthforequality.sk\/index.php\/2022\/12\/05\/domov-nie-je-len-miesto-ale-hlavne-pocit-v-srdci-copy-copy\/"},"author":{"name":"Yoana","@id":"https:\/\/www.youthforequality.sk\/#\/schema\/person\/f68f7ffe79f5a2bba235fb60e0283347"},"headline":"\u010co mi dali 2 t\u00fd\u017edne v\u00a0Est\u00f3nsku","datePublished":"2022-12-05T13:21:57+00:00","dateModified":"2022-12-05T13:27:58+00:00","mainEntityOfPage":{"@id":"https:\/\/www.youthforequality.sk\/index.php\/2022\/12\/05\/domov-nie-je-len-miesto-ale-hlavne-pocit-v-srdci-copy-copy\/"},"wordCount":765,"publisher":{"@id":"https:\/\/www.youthforequality.sk\/#organization"},"image":{"@id":"https:\/\/www.youthforequality.sk\/index.php\/2022\/12\/05\/domov-nie-je-len-miesto-ale-hlavne-pocit-v-srdci-copy-copy\/#primaryimage"},"thumbnailUrl":"https:\/\/www.youthforequality.sk\/wp-content\/uploads\/2022\/12\/WhatsApp-Image-2022-11-08-at-19.52.56.jpeg","articleSection":["Blog"],"inLanguage":"sk-SK"},{"@type":"WebPage","@id":"https:\/\/www.youthforequality.sk\/index.php\/2022\/12\/05\/domov-nie-je-len-miesto-ale-hlavne-pocit-v-srdci-copy-copy\/","url":"https:\/\/www.youthforequality.sk\/index.php\/2022\/12\/05\/domov-nie-je-len-miesto-ale-hlavne-pocit-v-srdci-copy-copy\/","name":"\u010co mi dali 2 t\u00fd\u017edne v\u00a0Est\u00f3nsku |","isPartOf":{"@id":"https:\/\/www.youthforequality.sk\/#website"},"primaryImageOfPage":{"@id":"https:\/\/www.youthforequality.sk\/index.php\/2022\/12\/05\/domov-nie-je-len-miesto-ale-hlavne-pocit-v-srdci-copy-copy\/#primaryimage"},"image":{"@id":"https:\/\/www.youthforequality.sk\/index.php\/2022\/12\/05\/domov-nie-je-len-miesto-ale-hlavne-pocit-v-srdci-copy-copy\/#primaryimage"},"thumbnailUrl":"https:\/\/www.youthforequality.sk\/wp-content\/uploads\/2022\/12\/WhatsApp-Image-2022-11-08-at-19.52.56.jpeg","datePublished":"2022-12-05T13:21:57+00:00","dateModified":"2022-12-05T13:27:58+00:00","breadcrumb":{"@id":"https:\/\/www.youthforequality.sk\/index.php\/2022\/12\/05\/domov-nie-je-len-miesto-ale-hlavne-pocit-v-srdci-copy-copy\/#breadcrumb"},"inLanguage":"sk-SK","potentialAction":[{"@type":"ReadAction","target":["https:\/\/www.youthforequality.sk\/index.php\/2022\/12\/05\/domov-nie-je-len-miesto-ale-hlavne-pocit-v-srdci-copy-copy\/"]}]},{"@type":"ImageObject","inLanguage":"sk-SK","@id":"https:\/\/www.youthforequality.sk\/index.php\/2022\/12\/05\/domov-nie-je-len-miesto-ale-hlavne-pocit-v-srdci-copy-copy\/#primaryimage","url":"https:\/\/www.youthforequality.sk\/wp-content\/uploads\/2022\/12\/WhatsApp-Image-2022-11-08-at-19.52.56.jpeg","contentUrl":"https:\/\/www.youthforequality.sk\/wp-content\/uploads\/2022\/12\/WhatsApp-Image-2022-11-08-at-19.52.56.jpeg","width":2048,"height":1536},{"@type":"BreadcrumbList","@id":"https:\/\/www.youthforequality.sk\/index.php\/2022\/12\/05\/domov-nie-je-len-miesto-ale-hlavne-pocit-v-srdci-copy-copy\/#breadcrumb","itemListElement":[{"@type":"ListItem","position":1,"name":"Home","item":"https:\/\/www.youthforequality.sk\/"},{"@type":"ListItem","position":2,"name":"\u010co mi dali 2 t\u00fd\u017edne v\u00a0Est\u00f3nsku"}]},{"@type":"WebSite","@id":"https:\/\/www.youthforequality.sk\/#website","url":"https:\/\/www.youthforequality.sk\/","name":"","description":"","publisher":{"@id":"https:\/\/www.youthforequality.sk\/#organization"},"potentialAction":[{"@type":"SearchAction","target":{"@type":"EntryPoint","urlTemplate":"https:\/\/www.youthforequality.sk\/?s={search_term_string}"},"query-input":{"@type":"PropertyValueSpecification","valueRequired":true,"valueName":"search_term_string"}}],"inLanguage":"sk-SK"},{"@type":"Organization","@id":"https:\/\/www.youthforequality.sk\/#organization","name":"Youth for Equality","url":"https:\/\/www.youthforequality.sk\/","logo":{"@type":"ImageObject","inLanguage":"sk-SK","@id":"https:\/\/www.youthforequality.sk\/#\/schema\/logo\/image\/","url":"https:\/\/www.youthforequality.sk\/wp-content\/uploads\/2021\/01\/vynovene-logo-nove-farby_modra-na-web.png","contentUrl":"https:\/\/www.youthforequality.sk\/wp-content\/uploads\/2021\/01\/vynovene-logo-nove-farby_modra-na-web.png","width":1,"height":1,"caption":"Youth for Equality"},"image":{"@id":"https:\/\/www.youthforequality.sk\/#\/schema\/logo\/image\/"},"sameAs":["https:\/\/www.facebook.com\/yeslovakia"]},{"@type":"Person","@id":"https:\/\/www.youthforequality.sk\/#\/schema\/person\/f68f7ffe79f5a2bba235fb60e0283347","name":"Yoana","image":{"@type":"ImageObject","inLanguage":"sk-SK","@id":"https:\/\/secure.gravatar.com\/avatar\/f5889cd61205e50db708a0aee253e7dd1c444eef2df020270b30bb0594b8e643?s=96&d=mm&r=g","url":"https:\/\/secure.gravatar.com\/avatar\/f5889cd61205e50db708a0aee253e7dd1c444eef2df020270b30bb0594b8e643?s=96&d=mm&r=g","contentUrl":"https:\/\/secure.gravatar.com\/avatar\/f5889cd61205e50db708a0aee253e7dd1c444eef2df020270b30bb0594b8e643?s=96&d=mm&r=g","caption":"Yoana"},"url":"https:\/\/www.youthforequality.sk\/index.php\/author\/yoana\/"}]}},"_links":{"self":[{"href":"https:\/\/www.youthforequality.sk\/index.php\/wp-json\/wp\/v2\/posts\/4552","targetHints":{"allow":["GET"]}}],"collection":[{"href":"https:\/\/www.youthforequality.sk\/index.php\/wp-json\/wp\/v2\/posts"}],"about":[{"href":"https:\/\/www.youthforequality.sk\/index.php\/wp-json\/wp\/v2\/types\/post"}],"author":[{"embeddable":true,"href":"https:\/\/www.youthforequality.sk\/index.php\/wp-json\/wp\/v2\/users\/8"}],"replies":[{"embeddable":true,"href":"https:\/\/www.youthforequality.sk\/index.php\/wp-json\/wp\/v2\/comments?post=4552"}],"version-history":[{"count":4,"href":"https:\/\/www.youthforequality.sk\/index.php\/wp-json\/wp\/v2\/posts\/4552\/revisions"}],"predecessor-version":[{"id":4560,"href":"https:\/\/www.youthforequality.sk\/index.php\/wp-json\/wp\/v2\/posts\/4552\/revisions\/4560"}],"wp:featuredmedia":[{"embeddable":true,"href":"https:\/\/www.youthforequality.sk\/index.php\/wp-json\/wp\/v2\/media\/4554"}],"wp:attachment":[{"href":"https:\/\/www.youthforequality.sk\/index.php\/wp-json\/wp\/v2\/media?parent=4552"}],"wp:term":[{"taxonomy":"category","embeddable":true,"href":"https:\/\/www.youthforequality.sk\/index.php\/wp-json\/wp\/v2\/categories?post=4552"},{"taxonomy":"post_tag","embeddable":true,"href":"https:\/\/www.youthforequality.sk\/index.php\/wp-json\/wp\/v2\/tags?post=4552"}],"curies":[{"name":"wp","href":"https:\/\/api.w.org\/{rel}","templated":true}]}}