{"id":4563,"date":"2023-01-09T10:01:00","date_gmt":"2023-01-09T09:01:00","guid":{"rendered":"https:\/\/www.youthforequality.sk\/index.php\/2023\/01\/09\/domov-nie-je-len-miesto-ale-hlavne-pocit-v-srdci-copy-copy-copy\/"},"modified":"2023-01-09T10:19:23","modified_gmt":"2023-01-09T09:19:23","slug":"domov-nie-je-len-miesto-ale-hlavne-pocit-v-srdci-copy-copy-copy","status":"publish","type":"post","link":"https:\/\/www.youthforequality.sk\/index.php\/2023\/01\/09\/domov-nie-je-len-miesto-ale-hlavne-pocit-v-srdci-copy-copy-copy\/","title":{"rendered":"We Are Europe! Re: LOAD"},"content":{"rendered":"\t\t<div data-elementor-type=\"wp-post\" data-elementor-id=\"4563\" class=\"elementor elementor-4563\">\n\t\t\t\t\t\t<section class=\"elementor-section elementor-top-section elementor-element elementor-element-f2550da elementor-section-boxed elementor-section-height-default elementor-section-height-default\" data-id=\"f2550da\" data-element_type=\"section\" data-e-type=\"section\">\n\t\t\t\t\t\t<div class=\"elementor-container elementor-column-gap-default\">\n\t\t\t\t\t<div class=\"elementor-column elementor-col-100 elementor-top-column elementor-element elementor-element-1589057\" data-id=\"1589057\" data-element_type=\"column\" data-e-type=\"column\">\n\t\t\t<div class=\"elementor-widget-wrap elementor-element-populated\">\n\t\t\t\t\t\t<div class=\"elementor-element elementor-element-a878e17 elementor-widget elementor-widget-text-editor\" data-id=\"a878e17\" data-element_type=\"widget\" data-e-type=\"widget\" data-widget_type=\"text-editor.default\">\n\t\t\t\t<div class=\"elementor-widget-container\">\n\t\t\t\t\t\t\t\t\t<div class=\"gmail_default\" style=\"font-family: arial, helvetica, sans-serif; color: #0b5394;\">Where to begin? This Erasmus+ project was one of the best experiences of our lives. For some of us, it was our first time attending a youth exchange, others already had some previous experience. It took place in sunny Mollina in Spain. Since day one, we have been doing so many educational and funny activities which we really enjoyed. These activities were focused on the topics of European values such as human dignity, democracy, human rights, rule of law and many more. This project was a great opportunity to learn about the rights of the young generation and about the power that young people have for changing the world into a better place.<\/div><div class=\"gmail_default\" style=\"font-family: arial, helvetica, sans-serif; color: #0b5394;\"><br \/>We were also doing so many activities in different teams where we had a chance to get to know so many inspirational people from countries like Spain, Italy, Portugal, Romania, Poland and of course our own country, Slovakia. We were sharing our own ideas, opinions and thoughts about the society we live in. We really enjoyed an activity during which we could create our own country with our own rules, laws, language, rights etc. I appreciated the fact that all the countries created by 6 different teams had rules like No discrimination, no judgement, no racism, no homophobia and so on.<\/div><div class=\"gmail_default\" style=\"font-family: arial, helvetica, sans-serif; color: #0b5394;\"><br \/>We also loved all the energizers before every activity where we were supposed to train our logical, oral and mental skills. Between activities, we had coffee breaks where we could relax a little bit and talk to other people. In these coffee breaks, every country represented their own typical food and snacks. Every day it was a different country and this also included presentations or videos about the specific country which was a great way to get closer to the country\u2019s culture and lifestyle. \u201eWe Are Europe\u201d really opened my eyes. I was fascinated by the fact that so many young people are really creative, fair and smart. They know how to build a better society and they are really open-minded. That\u2019s why I also made so many amazing and strong friendships with these people and when we had to say goodbye to each other, everybody was crying. This project will always stay in my heart because every time when I think about it, only the best memories cross my mind.<\/div><div class=\"gmail_default\" style=\"font-family: arial, helvetica, sans-serif; color: #0b5394;\">\u00a0<\/div>\t\t\t\t\t\t\t\t<\/div>\n\t\t\t\t<\/div>\n\t\t\t\t\t<\/div>\n\t\t<\/div>\n\t\t\t\t\t<\/div>\n\t\t<\/section>\n\t\t\t\t<section class=\"elementor-section elementor-top-section elementor-element elementor-element-4e00525 elementor-section-boxed elementor-section-height-default elementor-section-height-default\" data-id=\"4e00525\" data-element_type=\"section\" data-e-type=\"section\">\n\t\t\t\t\t\t<div class=\"elementor-container elementor-column-gap-default\">\n\t\t\t\t\t<div class=\"elementor-column elementor-col-100 elementor-top-column elementor-element elementor-element-c0db7e8\" data-id=\"c0db7e8\" data-element_type=\"column\" data-e-type=\"column\">\n\t\t\t<div class=\"elementor-widget-wrap elementor-element-populated\">\n\t\t\t\t\t\t<div class=\"elementor-element elementor-element-cec7648 elementor-arrows-position-inside elementor-pagination-position-outside elementor-widget elementor-widget-image-carousel\" data-id=\"cec7648\" data-element_type=\"widget\" data-e-type=\"widget\" data-settings=\"{&quot;navigation&quot;:&quot;both&quot;,&quot;autoplay&quot;:&quot;yes&quot;,&quot;pause_on_hover&quot;:&quot;yes&quot;,&quot;pause_on_interaction&quot;:&quot;yes&quot;,&quot;autoplay_speed&quot;:5000,&quot;infinite&quot;:&quot;yes&quot;,&quot;speed&quot;:500}\" data-widget_type=\"image-carousel.default\">\n\t\t\t\t<div class=\"elementor-widget-container\">\n\t\t\t\t\t\t\t<div class=\"elementor-image-carousel-wrapper swiper\" role=\"region\" aria-roledescription=\"carousel\" aria-label=\"Obr\u00e1zkov\u00fd kot\u00fa\u010d\" dir=\"ltr\">\n\t\t\t<div class=\"elementor-image-carousel swiper-wrapper\" aria-live=\"off\">\n\t\t\t\t\t\t\t\t<div class=\"swiper-slide\" role=\"group\" aria-roledescription=\"slide\" aria-label=\"1 of 3\"><figure class=\"swiper-slide-inner\"><img decoding=\"async\" class=\"swiper-slide-image\" src=\"https:\/\/www.youthforequality.sk\/wp-content\/uploads\/2023\/01\/323137123_683345633230343_302396441228642984_n-150x150.jpg\" alt=\"323137123_683345633230343_302396441228642984_n\" \/><\/figure><\/div><div class=\"swiper-slide\" role=\"group\" aria-roledescription=\"slide\" aria-label=\"2 of 3\"><figure class=\"swiper-slide-inner\"><img decoding=\"async\" class=\"swiper-slide-image\" src=\"https:\/\/www.youthforequality.sk\/wp-content\/uploads\/2023\/01\/323529126_684304419967430_210565857744830815_n-150x150.jpg\" alt=\"323529126_684304419967430_210565857744830815_n\" \/><\/figure><\/div><div class=\"swiper-slide\" role=\"group\" aria-roledescription=\"slide\" aria-label=\"3 of 3\"><figure class=\"swiper-slide-inner\"><img decoding=\"async\" class=\"swiper-slide-image\" src=\"https:\/\/www.youthforequality.sk\/wp-content\/uploads\/2023\/01\/323102308_459433506208872_2381813614011570319_n-150x150.jpg\" alt=\"323102308_459433506208872_2381813614011570319_n\" \/><\/figure><\/div>\t\t\t<\/div>\n\t\t\t\t\t\t\t\t\t\t\t\t<div class=\"elementor-swiper-button elementor-swiper-button-prev\" role=\"button\" tabindex=\"0\">\n\t\t\t\t\t\t<i aria-hidden=\"true\" class=\"eicon-chevron-left\"><\/i>\t\t\t\t\t<\/div>\n\t\t\t\t\t<div class=\"elementor-swiper-button elementor-swiper-button-next\" role=\"button\" tabindex=\"0\">\n\t\t\t\t\t\t<i aria-hidden=\"true\" class=\"eicon-chevron-right\"><\/i>\t\t\t\t\t<\/div>\n\t\t\t\t\n\t\t\t\t\t\t\t\t\t<div class=\"swiper-pagination\"><\/div>\n\t\t\t\t\t\t\t\t\t<\/div>\n\t\t\t\t\t\t<\/div>\n\t\t\t\t<\/div>\n\t\t\t\t\t<\/div>\n\t\t<\/div>\n\t\t\t\t\t<\/div>\n\t\t<\/section>\n\t\t\t\t<\/div>\n\t\t","protected":false},"excerpt":{"rendered":"<p>Where to begin? This Erasmus+ project was one of the best experiences of our lives. For some of us, it was our first time attending a youth exchange, others already had some previous experience. It took place in sunny Mollina in Spain. Since day one, we have been doing so many educational and funny activities&hellip;&nbsp;<a href=\"https:\/\/www.youthforequality.sk\/index.php\/2023\/01\/09\/domov-nie-je-len-miesto-ale-hlavne-pocit-v-srdci-copy-copy-copy\/\" class=\"\" rel=\"bookmark\">\u010c\u00edta\u0165 viac &raquo;<span class=\"screen-reader-text\">We Are Europe! Re: LOAD<\/span><\/a><\/p>\n","protected":false},"author":8,"featured_media":4565,"comment_status":"closed","ping_status":"open","sticky":false,"template":"","format":"standard","meta":{"_uf_show_specific_survey":0,"_uf_disable_surveys":false,"neve_meta_sidebar":"","neve_meta_container":"","neve_meta_enable_content_width":"off","neve_meta_content_width":70,"neve_meta_title_alignment":"","neve_meta_author_avatar":"","neve_post_elements_order":"","neve_meta_disable_header":"","neve_meta_disable_footer":"","neve_meta_disable_title":"","_themeisle_gutenberg_block_has_review":false,"footnotes":""},"categories":[3],"tags":[],"class_list":["post-4563","post","type-post","status-publish","format-standard","has-post-thumbnail","hentry","category-blog"],"yoast_head":"<!-- This site is optimized with the Yoast SEO plugin v27.4 - https:\/\/yoast.com\/product\/yoast-seo-wordpress\/ -->\n<title>We Are Europe! Re: LOAD |<\/title>\n<meta name=\"robots\" content=\"index, follow, max-snippet:-1, max-image-preview:large, max-video-preview:-1\" \/>\n<link rel=\"canonical\" href=\"https:\/\/www.youthforequality.sk\/index.php\/2023\/01\/09\/domov-nie-je-len-miesto-ale-hlavne-pocit-v-srdci-copy-copy-copy\/\" \/>\n<meta property=\"og:locale\" content=\"sk_SK\" \/>\n<meta property=\"og:type\" content=\"article\" \/>\n<meta property=\"og:title\" content=\"We Are Europe! Re: LOAD |\" \/>\n<meta property=\"og:description\" content=\"Where to begin? This Erasmus+ project was one of the best experiences of our lives. For some of us, it was our first time attending a youth exchange, others already had some previous experience. It took place in sunny Mollina in Spain. Since day one, we have been doing so many educational and funny activities&hellip;&nbsp;\u010c\u00edta\u0165 viac &raquo;We Are Europe! Re: LOAD\" \/>\n<meta property=\"og:url\" content=\"https:\/\/www.youthforequality.sk\/index.php\/2023\/01\/09\/domov-nie-je-len-miesto-ale-hlavne-pocit-v-srdci-copy-copy-copy\/\" \/>\n<meta property=\"article:publisher\" content=\"https:\/\/www.facebook.com\/yeslovakia\" \/>\n<meta property=\"article:published_time\" content=\"2023-01-09T09:01:00+00:00\" \/>\n<meta property=\"article:modified_time\" content=\"2023-01-09T09:19:23+00:00\" \/>\n<meta property=\"og:image\" content=\"https:\/\/www.youthforequality.sk\/wp-content\/uploads\/2023\/01\/323529126_684304419967430_210565857744830815_n.jpg\" \/>\n\t<meta property=\"og:image:width\" content=\"1125\" \/>\n\t<meta property=\"og:image:height\" content=\"842\" \/>\n\t<meta property=\"og:image:type\" content=\"image\/jpeg\" \/>\n<meta name=\"author\" content=\"Yoana\" \/>\n<meta name=\"twitter:card\" content=\"summary_large_image\" \/>\n<meta name=\"twitter:label1\" content=\"Autor\" \/>\n\t<meta name=\"twitter:data1\" content=\"Yoana\" \/>\n\t<meta name=\"twitter:label2\" content=\"Predpokladan\u00fd \u010das \u010d\u00edtania\" \/>\n\t<meta name=\"twitter:data2\" content=\"2 min\u00faty\" \/>\n<script type=\"application\/ld+json\" class=\"yoast-schema-graph\">{\"@context\":\"https:\\\/\\\/schema.org\",\"@graph\":[{\"@type\":\"Article\",\"@id\":\"https:\\\/\\\/www.youthforequality.sk\\\/index.php\\\/2023\\\/01\\\/09\\\/domov-nie-je-len-miesto-ale-hlavne-pocit-v-srdci-copy-copy-copy\\\/#article\",\"isPartOf\":{\"@id\":\"https:\\\/\\\/www.youthforequality.sk\\\/index.php\\\/2023\\\/01\\\/09\\\/domov-nie-je-len-miesto-ale-hlavne-pocit-v-srdci-copy-copy-copy\\\/\"},\"author\":{\"name\":\"Yoana\",\"@id\":\"https:\\\/\\\/www.youthforequality.sk\\\/#\\\/schema\\\/person\\\/f68f7ffe79f5a2bba235fb60e0283347\"},\"headline\":\"We Are Europe! Re: LOAD\",\"datePublished\":\"2023-01-09T09:01:00+00:00\",\"dateModified\":\"2023-01-09T09:19:23+00:00\",\"mainEntityOfPage\":{\"@id\":\"https:\\\/\\\/www.youthforequality.sk\\\/index.php\\\/2023\\\/01\\\/09\\\/domov-nie-je-len-miesto-ale-hlavne-pocit-v-srdci-copy-copy-copy\\\/\"},\"wordCount\":395,\"publisher\":{\"@id\":\"https:\\\/\\\/www.youthforequality.sk\\\/#organization\"},\"image\":{\"@id\":\"https:\\\/\\\/www.youthforequality.sk\\\/index.php\\\/2023\\\/01\\\/09\\\/domov-nie-je-len-miesto-ale-hlavne-pocit-v-srdci-copy-copy-copy\\\/#primaryimage\"},\"thumbnailUrl\":\"https:\\\/\\\/www.youthforequality.sk\\\/wp-content\\\/uploads\\\/2023\\\/01\\\/323529126_684304419967430_210565857744830815_n.jpg\",\"articleSection\":[\"Blog\"],\"inLanguage\":\"sk-SK\"},{\"@type\":\"WebPage\",\"@id\":\"https:\\\/\\\/www.youthforequality.sk\\\/index.php\\\/2023\\\/01\\\/09\\\/domov-nie-je-len-miesto-ale-hlavne-pocit-v-srdci-copy-copy-copy\\\/\",\"url\":\"https:\\\/\\\/www.youthforequality.sk\\\/index.php\\\/2023\\\/01\\\/09\\\/domov-nie-je-len-miesto-ale-hlavne-pocit-v-srdci-copy-copy-copy\\\/\",\"name\":\"We Are Europe! Re: LOAD |\",\"isPartOf\":{\"@id\":\"https:\\\/\\\/www.youthforequality.sk\\\/#website\"},\"primaryImageOfPage\":{\"@id\":\"https:\\\/\\\/www.youthforequality.sk\\\/index.php\\\/2023\\\/01\\\/09\\\/domov-nie-je-len-miesto-ale-hlavne-pocit-v-srdci-copy-copy-copy\\\/#primaryimage\"},\"image\":{\"@id\":\"https:\\\/\\\/www.youthforequality.sk\\\/index.php\\\/2023\\\/01\\\/09\\\/domov-nie-je-len-miesto-ale-hlavne-pocit-v-srdci-copy-copy-copy\\\/#primaryimage\"},\"thumbnailUrl\":\"https:\\\/\\\/www.youthforequality.sk\\\/wp-content\\\/uploads\\\/2023\\\/01\\\/323529126_684304419967430_210565857744830815_n.jpg\",\"datePublished\":\"2023-01-09T09:01:00+00:00\",\"dateModified\":\"2023-01-09T09:19:23+00:00\",\"breadcrumb\":{\"@id\":\"https:\\\/\\\/www.youthforequality.sk\\\/index.php\\\/2023\\\/01\\\/09\\\/domov-nie-je-len-miesto-ale-hlavne-pocit-v-srdci-copy-copy-copy\\\/#breadcrumb\"},\"inLanguage\":\"sk-SK\",\"potentialAction\":[{\"@type\":\"ReadAction\",\"target\":[\"https:\\\/\\\/www.youthforequality.sk\\\/index.php\\\/2023\\\/01\\\/09\\\/domov-nie-je-len-miesto-ale-hlavne-pocit-v-srdci-copy-copy-copy\\\/\"]}]},{\"@type\":\"ImageObject\",\"inLanguage\":\"sk-SK\",\"@id\":\"https:\\\/\\\/www.youthforequality.sk\\\/index.php\\\/2023\\\/01\\\/09\\\/domov-nie-je-len-miesto-ale-hlavne-pocit-v-srdci-copy-copy-copy\\\/#primaryimage\",\"url\":\"https:\\\/\\\/www.youthforequality.sk\\\/wp-content\\\/uploads\\\/2023\\\/01\\\/323529126_684304419967430_210565857744830815_n.jpg\",\"contentUrl\":\"https:\\\/\\\/www.youthforequality.sk\\\/wp-content\\\/uploads\\\/2023\\\/01\\\/323529126_684304419967430_210565857744830815_n.jpg\",\"width\":1125,\"height\":842},{\"@type\":\"BreadcrumbList\",\"@id\":\"https:\\\/\\\/www.youthforequality.sk\\\/index.php\\\/2023\\\/01\\\/09\\\/domov-nie-je-len-miesto-ale-hlavne-pocit-v-srdci-copy-copy-copy\\\/#breadcrumb\",\"itemListElement\":[{\"@type\":\"ListItem\",\"position\":1,\"name\":\"Home\",\"item\":\"https:\\\/\\\/www.youthforequality.sk\\\/\"},{\"@type\":\"ListItem\",\"position\":2,\"name\":\"We Are Europe! Re: LOAD\"}]},{\"@type\":\"WebSite\",\"@id\":\"https:\\\/\\\/www.youthforequality.sk\\\/#website\",\"url\":\"https:\\\/\\\/www.youthforequality.sk\\\/\",\"name\":\"\",\"description\":\"\",\"publisher\":{\"@id\":\"https:\\\/\\\/www.youthforequality.sk\\\/#organization\"},\"potentialAction\":[{\"@type\":\"SearchAction\",\"target\":{\"@type\":\"EntryPoint\",\"urlTemplate\":\"https:\\\/\\\/www.youthforequality.sk\\\/?s={search_term_string}\"},\"query-input\":{\"@type\":\"PropertyValueSpecification\",\"valueRequired\":true,\"valueName\":\"search_term_string\"}}],\"inLanguage\":\"sk-SK\"},{\"@type\":\"Organization\",\"@id\":\"https:\\\/\\\/www.youthforequality.sk\\\/#organization\",\"name\":\"Youth for Equality\",\"url\":\"https:\\\/\\\/www.youthforequality.sk\\\/\",\"logo\":{\"@type\":\"ImageObject\",\"inLanguage\":\"sk-SK\",\"@id\":\"https:\\\/\\\/www.youthforequality.sk\\\/#\\\/schema\\\/logo\\\/image\\\/\",\"url\":\"https:\\\/\\\/www.youthforequality.sk\\\/wp-content\\\/uploads\\\/2021\\\/01\\\/vynovene-logo-nove-farby_modra-na-web.png\",\"contentUrl\":\"https:\\\/\\\/www.youthforequality.sk\\\/wp-content\\\/uploads\\\/2021\\\/01\\\/vynovene-logo-nove-farby_modra-na-web.png\",\"width\":1,\"height\":1,\"caption\":\"Youth for Equality\"},\"image\":{\"@id\":\"https:\\\/\\\/www.youthforequality.sk\\\/#\\\/schema\\\/logo\\\/image\\\/\"},\"sameAs\":[\"https:\\\/\\\/www.facebook.com\\\/yeslovakia\"]},{\"@type\":\"Person\",\"@id\":\"https:\\\/\\\/www.youthforequality.sk\\\/#\\\/schema\\\/person\\\/f68f7ffe79f5a2bba235fb60e0283347\",\"name\":\"Yoana\",\"image\":{\"@type\":\"ImageObject\",\"inLanguage\":\"sk-SK\",\"@id\":\"https:\\\/\\\/secure.gravatar.com\\\/avatar\\\/f5889cd61205e50db708a0aee253e7dd1c444eef2df020270b30bb0594b8e643?s=96&d=mm&r=g\",\"url\":\"https:\\\/\\\/secure.gravatar.com\\\/avatar\\\/f5889cd61205e50db708a0aee253e7dd1c444eef2df020270b30bb0594b8e643?s=96&d=mm&r=g\",\"contentUrl\":\"https:\\\/\\\/secure.gravatar.com\\\/avatar\\\/f5889cd61205e50db708a0aee253e7dd1c444eef2df020270b30bb0594b8e643?s=96&d=mm&r=g\",\"caption\":\"Yoana\"},\"url\":\"https:\\\/\\\/www.youthforequality.sk\\\/index.php\\\/author\\\/yoana\\\/\"}]}<\/script>\n<!-- \/ Yoast SEO plugin. -->","yoast_head_json":{"title":"We Are Europe! Re: LOAD |","robots":{"index":"index","follow":"follow","max-snippet":"max-snippet:-1","max-image-preview":"max-image-preview:large","max-video-preview":"max-video-preview:-1"},"canonical":"https:\/\/www.youthforequality.sk\/index.php\/2023\/01\/09\/domov-nie-je-len-miesto-ale-hlavne-pocit-v-srdci-copy-copy-copy\/","og_locale":"sk_SK","og_type":"article","og_title":"We Are Europe! Re: LOAD |","og_description":"Where to begin? This Erasmus+ project was one of the best experiences of our lives. For some of us, it was our first time attending a youth exchange, others already had some previous experience. It took place in sunny Mollina in Spain. Since day one, we have been doing so many educational and funny activities&hellip;&nbsp;\u010c\u00edta\u0165 viac &raquo;We Are Europe! Re: LOAD","og_url":"https:\/\/www.youthforequality.sk\/index.php\/2023\/01\/09\/domov-nie-je-len-miesto-ale-hlavne-pocit-v-srdci-copy-copy-copy\/","article_publisher":"https:\/\/www.facebook.com\/yeslovakia","article_published_time":"2023-01-09T09:01:00+00:00","article_modified_time":"2023-01-09T09:19:23+00:00","og_image":[{"width":1125,"height":842,"url":"https:\/\/www.youthforequality.sk\/wp-content\/uploads\/2023\/01\/323529126_684304419967430_210565857744830815_n.jpg","type":"image\/jpeg"}],"author":"Yoana","twitter_card":"summary_large_image","twitter_misc":{"Autor":"Yoana","Predpokladan\u00fd \u010das \u010d\u00edtania":"2 min\u00faty"},"schema":{"@context":"https:\/\/schema.org","@graph":[{"@type":"Article","@id":"https:\/\/www.youthforequality.sk\/index.php\/2023\/01\/09\/domov-nie-je-len-miesto-ale-hlavne-pocit-v-srdci-copy-copy-copy\/#article","isPartOf":{"@id":"https:\/\/www.youthforequality.sk\/index.php\/2023\/01\/09\/domov-nie-je-len-miesto-ale-hlavne-pocit-v-srdci-copy-copy-copy\/"},"author":{"name":"Yoana","@id":"https:\/\/www.youthforequality.sk\/#\/schema\/person\/f68f7ffe79f5a2bba235fb60e0283347"},"headline":"We Are Europe! Re: LOAD","datePublished":"2023-01-09T09:01:00+00:00","dateModified":"2023-01-09T09:19:23+00:00","mainEntityOfPage":{"@id":"https:\/\/www.youthforequality.sk\/index.php\/2023\/01\/09\/domov-nie-je-len-miesto-ale-hlavne-pocit-v-srdci-copy-copy-copy\/"},"wordCount":395,"publisher":{"@id":"https:\/\/www.youthforequality.sk\/#organization"},"image":{"@id":"https:\/\/www.youthforequality.sk\/index.php\/2023\/01\/09\/domov-nie-je-len-miesto-ale-hlavne-pocit-v-srdci-copy-copy-copy\/#primaryimage"},"thumbnailUrl":"https:\/\/www.youthforequality.sk\/wp-content\/uploads\/2023\/01\/323529126_684304419967430_210565857744830815_n.jpg","articleSection":["Blog"],"inLanguage":"sk-SK"},{"@type":"WebPage","@id":"https:\/\/www.youthforequality.sk\/index.php\/2023\/01\/09\/domov-nie-je-len-miesto-ale-hlavne-pocit-v-srdci-copy-copy-copy\/","url":"https:\/\/www.youthforequality.sk\/index.php\/2023\/01\/09\/domov-nie-je-len-miesto-ale-hlavne-pocit-v-srdci-copy-copy-copy\/","name":"We Are Europe! Re: LOAD |","isPartOf":{"@id":"https:\/\/www.youthforequality.sk\/#website"},"primaryImageOfPage":{"@id":"https:\/\/www.youthforequality.sk\/index.php\/2023\/01\/09\/domov-nie-je-len-miesto-ale-hlavne-pocit-v-srdci-copy-copy-copy\/#primaryimage"},"image":{"@id":"https:\/\/www.youthforequality.sk\/index.php\/2023\/01\/09\/domov-nie-je-len-miesto-ale-hlavne-pocit-v-srdci-copy-copy-copy\/#primaryimage"},"thumbnailUrl":"https:\/\/www.youthforequality.sk\/wp-content\/uploads\/2023\/01\/323529126_684304419967430_210565857744830815_n.jpg","datePublished":"2023-01-09T09:01:00+00:00","dateModified":"2023-01-09T09:19:23+00:00","breadcrumb":{"@id":"https:\/\/www.youthforequality.sk\/index.php\/2023\/01\/09\/domov-nie-je-len-miesto-ale-hlavne-pocit-v-srdci-copy-copy-copy\/#breadcrumb"},"inLanguage":"sk-SK","potentialAction":[{"@type":"ReadAction","target":["https:\/\/www.youthforequality.sk\/index.php\/2023\/01\/09\/domov-nie-je-len-miesto-ale-hlavne-pocit-v-srdci-copy-copy-copy\/"]}]},{"@type":"ImageObject","inLanguage":"sk-SK","@id":"https:\/\/www.youthforequality.sk\/index.php\/2023\/01\/09\/domov-nie-je-len-miesto-ale-hlavne-pocit-v-srdci-copy-copy-copy\/#primaryimage","url":"https:\/\/www.youthforequality.sk\/wp-content\/uploads\/2023\/01\/323529126_684304419967430_210565857744830815_n.jpg","contentUrl":"https:\/\/www.youthforequality.sk\/wp-content\/uploads\/2023\/01\/323529126_684304419967430_210565857744830815_n.jpg","width":1125,"height":842},{"@type":"BreadcrumbList","@id":"https:\/\/www.youthforequality.sk\/index.php\/2023\/01\/09\/domov-nie-je-len-miesto-ale-hlavne-pocit-v-srdci-copy-copy-copy\/#breadcrumb","itemListElement":[{"@type":"ListItem","position":1,"name":"Home","item":"https:\/\/www.youthforequality.sk\/"},{"@type":"ListItem","position":2,"name":"We Are Europe! Re: LOAD"}]},{"@type":"WebSite","@id":"https:\/\/www.youthforequality.sk\/#website","url":"https:\/\/www.youthforequality.sk\/","name":"","description":"","publisher":{"@id":"https:\/\/www.youthforequality.sk\/#organization"},"potentialAction":[{"@type":"SearchAction","target":{"@type":"EntryPoint","urlTemplate":"https:\/\/www.youthforequality.sk\/?s={search_term_string}"},"query-input":{"@type":"PropertyValueSpecification","valueRequired":true,"valueName":"search_term_string"}}],"inLanguage":"sk-SK"},{"@type":"Organization","@id":"https:\/\/www.youthforequality.sk\/#organization","name":"Youth for Equality","url":"https:\/\/www.youthforequality.sk\/","logo":{"@type":"ImageObject","inLanguage":"sk-SK","@id":"https:\/\/www.youthforequality.sk\/#\/schema\/logo\/image\/","url":"https:\/\/www.youthforequality.sk\/wp-content\/uploads\/2021\/01\/vynovene-logo-nove-farby_modra-na-web.png","contentUrl":"https:\/\/www.youthforequality.sk\/wp-content\/uploads\/2021\/01\/vynovene-logo-nove-farby_modra-na-web.png","width":1,"height":1,"caption":"Youth for Equality"},"image":{"@id":"https:\/\/www.youthforequality.sk\/#\/schema\/logo\/image\/"},"sameAs":["https:\/\/www.facebook.com\/yeslovakia"]},{"@type":"Person","@id":"https:\/\/www.youthforequality.sk\/#\/schema\/person\/f68f7ffe79f5a2bba235fb60e0283347","name":"Yoana","image":{"@type":"ImageObject","inLanguage":"sk-SK","@id":"https:\/\/secure.gravatar.com\/avatar\/f5889cd61205e50db708a0aee253e7dd1c444eef2df020270b30bb0594b8e643?s=96&d=mm&r=g","url":"https:\/\/secure.gravatar.com\/avatar\/f5889cd61205e50db708a0aee253e7dd1c444eef2df020270b30bb0594b8e643?s=96&d=mm&r=g","contentUrl":"https:\/\/secure.gravatar.com\/avatar\/f5889cd61205e50db708a0aee253e7dd1c444eef2df020270b30bb0594b8e643?s=96&d=mm&r=g","caption":"Yoana"},"url":"https:\/\/www.youthforequality.sk\/index.php\/author\/yoana\/"}]}},"_links":{"self":[{"href":"https:\/\/www.youthforequality.sk\/index.php\/wp-json\/wp\/v2\/posts\/4563","targetHints":{"allow":["GET"]}}],"collection":[{"href":"https:\/\/www.youthforequality.sk\/index.php\/wp-json\/wp\/v2\/posts"}],"about":[{"href":"https:\/\/www.youthforequality.sk\/index.php\/wp-json\/wp\/v2\/types\/post"}],"author":[{"embeddable":true,"href":"https:\/\/www.youthforequality.sk\/index.php\/wp-json\/wp\/v2\/users\/8"}],"replies":[{"embeddable":true,"href":"https:\/\/www.youthforequality.sk\/index.php\/wp-json\/wp\/v2\/comments?post=4563"}],"version-history":[{"count":11,"href":"https:\/\/www.youthforequality.sk\/index.php\/wp-json\/wp\/v2\/posts\/4563\/revisions"}],"predecessor-version":[{"id":4581,"href":"https:\/\/www.youthforequality.sk\/index.php\/wp-json\/wp\/v2\/posts\/4563\/revisions\/4581"}],"wp:featuredmedia":[{"embeddable":true,"href":"https:\/\/www.youthforequality.sk\/index.php\/wp-json\/wp\/v2\/media\/4565"}],"wp:attachment":[{"href":"https:\/\/www.youthforequality.sk\/index.php\/wp-json\/wp\/v2\/media?parent=4563"}],"wp:term":[{"taxonomy":"category","embeddable":true,"href":"https:\/\/www.youthforequality.sk\/index.php\/wp-json\/wp\/v2\/categories?post=4563"},{"taxonomy":"post_tag","embeddable":true,"href":"https:\/\/www.youthforequality.sk\/index.php\/wp-json\/wp\/v2\/tags?post=4563"}],"curies":[{"name":"wp","href":"https:\/\/api.w.org\/{rel}","templated":true}]}}