{"id":4775,"date":"2023-03-02T17:25:29","date_gmt":"2023-03-02T16:25:29","guid":{"rendered":"https:\/\/www.youthforequality.sk\/index.php\/2023\/03\/02\/domov-nie-je-len-miesto-ale-hlavne-pocit-v-srdci-copy-copy-copy-copy-copy-copy\/"},"modified":"2023-03-07T16:53:14","modified_gmt":"2023-03-07T15:53:14","slug":"domov-nie-je-len-miesto-ale-hlavne-pocit-v-srdci-copy-copy-copy-copy-copy-copy","status":"publish","type":"post","link":"https:\/\/www.youthforequality.sk\/index.php\/2023\/03\/02\/domov-nie-je-len-miesto-ale-hlavne-pocit-v-srdci-copy-copy-copy-copy-copy-copy\/","title":{"rendered":"\ud83c\udf1f\ud83c\uddee\ud83c\uddf9\ud83d\udc65 Empowering Youth Employability: An Unforgettable Experience in Italy with Erasmus+ Project &#8222;Empl@y&#8220; \ud83d\udcbc\ud83d\udcc8"},"content":{"rendered":"\t\t<div data-elementor-type=\"wp-post\" data-elementor-id=\"4775\" class=\"elementor elementor-4775\">\n\t\t\t\t\t\t<section class=\"elementor-section elementor-top-section elementor-element elementor-element-f2550da elementor-section-boxed elementor-section-height-default elementor-section-height-default\" data-id=\"f2550da\" data-element_type=\"section\" data-e-type=\"section\">\n\t\t\t\t\t\t<div class=\"elementor-container elementor-column-gap-default\">\n\t\t\t\t\t<div class=\"elementor-column elementor-col-100 elementor-top-column elementor-element elementor-element-1589057\" data-id=\"1589057\" data-element_type=\"column\" data-e-type=\"column\">\n\t\t\t<div class=\"elementor-widget-wrap elementor-element-populated\">\n\t\t\t\t\t\t<div class=\"elementor-element elementor-element-a878e17 elementor-widget elementor-widget-text-editor\" data-id=\"a878e17\" data-element_type=\"widget\" data-e-type=\"widget\" data-widget_type=\"text-editor.default\">\n\t\t\t\t<div class=\"elementor-widget-container\">\n\t\t\t\t\t\t\t\t\t<div class=\"gmail_default\" style=\"font-family: arial, helvetica, sans-serif; color: #0b5394;\"><div class=\"x11i5rnm xat24cr x1mh8g0r x1vvkbs xdj266r x126k92a\"><div dir=\"auto\"><div class=\"x11i5rnm xat24cr x1mh8g0r x1vvkbs xdj266r x126k92a\"><div dir=\"auto\">English version:<\/div><div dir=\"auto\">\u00a0<\/div><div dir=\"auto\"><p>\ud83d\udc65 Ema and I recently participated in an Erasmus+ project called empl@y in the stunning region of Calabria, Italy. \ud83c\udf05\ud83c\uddee\ud83c\uddf9 Our adventure started before we even arrived, as we met many fascinating people on the way. The picturesque landscape and environment left us breathless and we savoured every moment of it. \ud83e\udd29<\/p><p>\ud83d\udcda However, empl@y was not just a leisurely vacation. It was a challenging project that taught us invaluable lessons about youth employability, utilizing diverse methods of informal learning. \ud83e\uddd0<\/p><p>\ud83d\udca1 We had a remarkable opportunity to contemplate our future careers, create a career path, and even develop a business plan for our future company or business. \ud83d\udcdd This was particularly beneficial for those who are still unsure about their career paths. With the help of all the concepts, soft skills, and ideas that we were taught and exposed to, we feel more educated and confident in the area of employability. \ud83e\udd13\ud83d\udcaa<\/p><p>\ud83d\ude4f We are grateful to all the participants, trainers, and our sending organization for granting us this incredible opportunity to learn and expand our knowledge. It was an enriching experience that we will never forget. \ud83e\udd17\ud83c\udf1f<\/p><p>\u00a0<\/p><\/div><p>Slovak version:<\/p><p>\u00a0<\/p><div dir=\"auto\">Ned\u00e1vno sme ja a moja spolu\u017eia\u010dka Ema boli vybran\u00e9 do projektu Erasmus+ s n\u00e1zvom empl@y, ktor\u00fd sa konal v talianskej Kal\u00e1brii. \u010cakalo n\u00e1s ve\u013ea cestovania, tak\u017ee na\u0161e dobrodru\u017estvo sa za\u010dalo e\u0161te pred pr\u00edchodom do Talianska. Cestou sme stretli ve\u013ea zauj\u00edmav\u00fdch a mil\u00fdch \u013eud\u00ed. Prostredie a krajina boli \u00fachvatn\u00e9 a my sme si u\u017e\u00edvali ka\u017ed\u00fa sekundu. Samozrejme, nebol to oddychov\u00fd v\u00fdlet. Tento projekt bol pln\u00fd v\u00fdziev, niekedy \u0165a\u017ek\u00fd, n\u00e1dhern\u00fd, ale hlavne n\u00e1s ve\u013ea nau\u010dil. Od za\u010diatku projektu sme sa oboznamovali s problematikou, \u0165a\u017ekos\u0165ami, prek\u00e1\u017ekami a v\u00fdzvami spojen\u00fdmi s t\u00e9mou zamestnate\u013enosti mlad\u00fdch \u013eud\u00ed. Pomocou r\u00f4znych met\u00f3d neform\u00e1lneho vzdel\u00e1vania sme boli schopn\u00ed sami analyzova\u0165 tak\u00e9to t\u00e9my na r\u00f4znych \u00farovniach (miestnej, krajovej, region\u00e1lnej a eur\u00f3pskej). Namiesto toho, aby sme sa venovali t\u00e9me zamestnate\u013enosti len v\u0161eobecne, sme mali skvel\u00fa pr\u00edle\u017eitos\u0165 zamyslie\u0165 sa nad vlastnou bud\u00facou pr\u00e1cou a vytvorili sme si vlastn\u00fa kari\u00e9rnu cestu, po ktorej by sme raz chceli kr\u00e1\u010da\u0165. Vytvorili sme si aj podnikate\u013esk\u00fd pl\u00e1n vlastnej spolo\u010dnosti alebo podniku, ktor\u00fd by sme chceli zalo\u017ei\u0165. Pod\u013ea n\u00e1\u0161ho n\u00e1zoru to bolo svoj\u00edm sp\u00f4sobom ve\u013emi pr\u00ednosn\u00e9 pre \u013eud\u00ed, ktor\u00ed si st\u00e1le nie s\u00fa ist\u00ed alebo maj\u00fa nejasnosti oh\u013eadom svojej bud\u00facej kari\u00e9ry. Pred nami je v\u0161ak e\u0161te online \u010das\u0165 projektu, na ktorej sa mus\u00edme z\u00fa\u010dastni\u0165. Nakoniec sme s pomocou v\u0161etk\u00fdch faktov, m\u00e4kk\u00fdch zru\u010dnost\u00ed, n\u00e1zorov a pojmov, ktor\u00e9 sme sa dozvedeli a ktor\u00e9 n\u00e1m boli predstaven\u00e9, ove\u013ea vzdelanej\u0161\u00ed a sebavedomej\u0161\u00ed v oblasti zamestnate\u013enosti. A na z\u00e1ver by som sa chcela po\u010fakova\u0165 v\u0161etk\u00fdm \u00fa\u010dastn\u00edkom, tr\u00e9nerom a na\u0161ej vysielaj\u00facej organiz\u00e1cii za to, \u017ee n\u00e1m poskytli t\u00fato neuverite\u013en\u00fa pr\u00edle\u017eitos\u0165 r\u00e1s\u0165 a roz\u0161irova\u0165 svoje vedomosti.<\/div><\/div><\/div><\/div><\/div>\t\t\t\t\t\t\t\t<\/div>\n\t\t\t\t<\/div>\n\t\t\t\t\t<\/div>\n\t\t<\/div>\n\t\t\t\t\t<\/div>\n\t\t<\/section>\n\t\t\t\t<section class=\"elementor-section elementor-top-section elementor-element elementor-element-a85c5f6 elementor-section-boxed elementor-section-height-default elementor-section-height-default\" data-id=\"a85c5f6\" data-element_type=\"section\" data-e-type=\"section\">\n\t\t\t\t\t\t<div class=\"elementor-container elementor-column-gap-default\">\n\t\t\t\t\t<div class=\"elementor-column elementor-col-100 elementor-top-column elementor-element elementor-element-ae0704b\" data-id=\"ae0704b\" data-element_type=\"column\" data-e-type=\"column\">\n\t\t\t<div class=\"elementor-widget-wrap elementor-element-populated\">\n\t\t\t\t\t\t<div class=\"elementor-element elementor-element-a84c296 elementor-arrows-position-inside elementor-pagination-position-outside elementor-widget elementor-widget-image-carousel\" data-id=\"a84c296\" data-element_type=\"widget\" data-e-type=\"widget\" data-settings=\"{&quot;navigation&quot;:&quot;both&quot;,&quot;autoplay&quot;:&quot;yes&quot;,&quot;pause_on_hover&quot;:&quot;yes&quot;,&quot;pause_on_interaction&quot;:&quot;yes&quot;,&quot;autoplay_speed&quot;:5000,&quot;infinite&quot;:&quot;yes&quot;,&quot;speed&quot;:500}\" data-widget_type=\"image-carousel.default\">\n\t\t\t\t<div class=\"elementor-widget-container\">\n\t\t\t\t\t\t\t<div class=\"elementor-image-carousel-wrapper swiper\" role=\"region\" aria-roledescription=\"carousel\" aria-label=\"Obr\u00e1zkov\u00fd kot\u00fa\u010d\" dir=\"ltr\">\n\t\t\t<div class=\"elementor-image-carousel swiper-wrapper\" aria-live=\"off\">\n\t\t\t\t\t\t\t\t<div class=\"swiper-slide\" role=\"group\" aria-roledescription=\"slide\" aria-label=\"1 of 3\"><figure class=\"swiper-slide-inner\"><img decoding=\"async\" class=\"swiper-slide-image\" src=\"https:\/\/www.youthforequality.sk\/wp-content\/uploads\/2023\/03\/323370416_1243880879883829_4965769360856602753_n-150x150.jpg\" alt=\"323370416_1243880879883829_4965769360856602753_n\" \/><\/figure><\/div><div class=\"swiper-slide\" role=\"group\" aria-roledescription=\"slide\" aria-label=\"2 of 3\"><figure class=\"swiper-slide-inner\"><img decoding=\"async\" class=\"swiper-slide-image\" src=\"https:\/\/www.youthforequality.sk\/wp-content\/uploads\/2023\/03\/332975329_1035812471140497_6428649287776501422_n-150x150.jpg\" alt=\"332975329_1035812471140497_6428649287776501422_n\" \/><\/figure><\/div><div class=\"swiper-slide\" role=\"group\" aria-roledescription=\"slide\" aria-label=\"3 of 3\"><figure class=\"swiper-slide-inner\"><img decoding=\"async\" class=\"swiper-slide-image\" src=\"https:\/\/www.youthforequality.sk\/wp-content\/uploads\/2023\/03\/332071394_986865985610614_1417879595513841509_n-150x150.jpg\" alt=\"332071394_986865985610614_1417879595513841509_n\" \/><\/figure><\/div>\t\t\t<\/div>\n\t\t\t\t\t\t\t\t\t\t\t\t<div class=\"elementor-swiper-button elementor-swiper-button-prev\" role=\"button\" tabindex=\"0\">\n\t\t\t\t\t\t<i aria-hidden=\"true\" class=\"eicon-chevron-left\"><\/i>\t\t\t\t\t<\/div>\n\t\t\t\t\t<div class=\"elementor-swiper-button elementor-swiper-button-next\" role=\"button\" tabindex=\"0\">\n\t\t\t\t\t\t<i aria-hidden=\"true\" class=\"eicon-chevron-right\"><\/i>\t\t\t\t\t<\/div>\n\t\t\t\t\n\t\t\t\t\t\t\t\t\t<div class=\"swiper-pagination\"><\/div>\n\t\t\t\t\t\t\t\t\t<\/div>\n\t\t\t\t\t\t<\/div>\n\t\t\t\t<\/div>\n\t\t\t\t\t<\/div>\n\t\t<\/div>\n\t\t\t\t\t<\/div>\n\t\t<\/section>\n\t\t\t\t<\/div>\n\t\t","protected":false},"excerpt":{"rendered":"<p>English version: \ud83d\udc65 Ema and I recently participated in an Erasmus+ project called empl@y in the stunning region of Calabria, Italy. \ud83c\udf05\ud83c\uddee\ud83c\uddf9 Our adventure started before we even arrived, as we met many fascinating people on the way. The picturesque landscape and environment left us breathless and we savoured every moment of it. \ud83e\udd29 \ud83d\udcda&hellip;&nbsp;<a href=\"https:\/\/www.youthforequality.sk\/index.php\/2023\/03\/02\/domov-nie-je-len-miesto-ale-hlavne-pocit-v-srdci-copy-copy-copy-copy-copy-copy\/\" class=\"\" rel=\"bookmark\">\u010c\u00edta\u0165 viac &raquo;<span class=\"screen-reader-text\">\ud83c\udf1f\ud83c\uddee\ud83c\uddf9\ud83d\udc65 Empowering Youth Employability: An Unforgettable Experience in Italy with Erasmus+ Project &#8222;Empl@y&#8220; \ud83d\udcbc\ud83d\udcc8<\/span><\/a><\/p>\n","protected":false},"author":8,"featured_media":4778,"comment_status":"closed","ping_status":"open","sticky":false,"template":"","format":"standard","meta":{"_uf_show_specific_survey":0,"_uf_disable_surveys":false,"neve_meta_sidebar":"","neve_meta_container":"","neve_meta_enable_content_width":"off","neve_meta_content_width":70,"neve_meta_title_alignment":"","neve_meta_author_avatar":"","neve_post_elements_order":"","neve_meta_disable_header":"","neve_meta_disable_footer":"","neve_meta_disable_title":"","_themeisle_gutenberg_block_has_review":false,"footnotes":""},"categories":[3],"tags":[],"class_list":["post-4775","post","type-post","status-publish","format-standard","has-post-thumbnail","hentry","category-blog"],"yoast_head":"<!-- This site is optimized with the Yoast SEO plugin v27.4 - https:\/\/yoast.com\/product\/yoast-seo-wordpress\/ -->\n<title>\ud83c\udf1f\ud83c\uddee\ud83c\uddf9\ud83d\udc65 Empowering Youth Employability: An Unforgettable Experience in Italy with Erasmus+ Project &quot;Empl@y&quot; \ud83d\udcbc\ud83d\udcc8 |<\/title>\n<meta name=\"robots\" content=\"index, follow, max-snippet:-1, max-image-preview:large, max-video-preview:-1\" \/>\n<link rel=\"canonical\" href=\"https:\/\/www.youthforequality.sk\/index.php\/2023\/03\/02\/domov-nie-je-len-miesto-ale-hlavne-pocit-v-srdci-copy-copy-copy-copy-copy-copy\/\" \/>\n<meta property=\"og:locale\" content=\"sk_SK\" \/>\n<meta property=\"og:type\" content=\"article\" \/>\n<meta property=\"og:title\" content=\"\ud83c\udf1f\ud83c\uddee\ud83c\uddf9\ud83d\udc65 Empowering Youth Employability: An Unforgettable Experience in Italy with Erasmus+ Project &quot;Empl@y&quot; \ud83d\udcbc\ud83d\udcc8 |\" \/>\n<meta property=\"og:description\" content=\"English version: \ud83d\udc65 Ema and I recently participated in an Erasmus+ project called empl@y in the stunning region of Calabria, Italy. \ud83c\udf05\ud83c\uddee\ud83c\uddf9 Our adventure started before we even arrived, as we met many fascinating people on the way. The picturesque landscape and environment left us breathless and we savoured every moment of it. \ud83e\udd29 \ud83d\udcda&hellip;&nbsp;\u010c\u00edta\u0165 viac &raquo;\ud83c\udf1f\ud83c\uddee\ud83c\uddf9\ud83d\udc65 Empowering Youth Employability: An Unforgettable Experience in Italy with Erasmus+ Project &#8222;Empl@y&#8220; \ud83d\udcbc\ud83d\udcc8\" \/>\n<meta property=\"og:url\" content=\"https:\/\/www.youthforequality.sk\/index.php\/2023\/03\/02\/domov-nie-je-len-miesto-ale-hlavne-pocit-v-srdci-copy-copy-copy-copy-copy-copy\/\" \/>\n<meta property=\"article:publisher\" content=\"https:\/\/www.facebook.com\/yeslovakia\" \/>\n<meta property=\"article:published_time\" content=\"2023-03-02T16:25:29+00:00\" \/>\n<meta property=\"article:modified_time\" content=\"2023-03-07T15:53:14+00:00\" \/>\n<meta property=\"og:image\" content=\"https:\/\/www.youthforequality.sk\/wp-content\/uploads\/2023\/03\/323370416_1243880879883829_4965769360856602753_n.jpg\" \/>\n\t<meta property=\"og:image:width\" content=\"1536\" \/>\n\t<meta property=\"og:image:height\" content=\"2048\" \/>\n\t<meta property=\"og:image:type\" content=\"image\/jpeg\" \/>\n<meta name=\"author\" content=\"Yoana\" \/>\n<meta name=\"twitter:card\" content=\"summary_large_image\" \/>\n<meta name=\"twitter:label1\" content=\"Autor\" \/>\n\t<meta name=\"twitter:data1\" content=\"Yoana\" \/>\n\t<meta name=\"twitter:label2\" content=\"Predpokladan\u00fd \u010das \u010d\u00edtania\" \/>\n\t<meta name=\"twitter:data2\" content=\"3 min\u00faty\" \/>\n<script type=\"application\/ld+json\" class=\"yoast-schema-graph\">{\"@context\":\"https:\\\/\\\/schema.org\",\"@graph\":[{\"@type\":\"Article\",\"@id\":\"https:\\\/\\\/www.youthforequality.sk\\\/index.php\\\/2023\\\/03\\\/02\\\/domov-nie-je-len-miesto-ale-hlavne-pocit-v-srdci-copy-copy-copy-copy-copy-copy\\\/#article\",\"isPartOf\":{\"@id\":\"https:\\\/\\\/www.youthforequality.sk\\\/index.php\\\/2023\\\/03\\\/02\\\/domov-nie-je-len-miesto-ale-hlavne-pocit-v-srdci-copy-copy-copy-copy-copy-copy\\\/\"},\"author\":{\"name\":\"Yoana\",\"@id\":\"https:\\\/\\\/www.youthforequality.sk\\\/#\\\/schema\\\/person\\\/f68f7ffe79f5a2bba235fb60e0283347\"},\"headline\":\"\ud83c\udf1f\ud83c\uddee\ud83c\uddf9\ud83d\udc65 Empowering Youth Employability: An Unforgettable Experience in Italy with Erasmus+ Project &#8222;Empl@y&#8220; \ud83d\udcbc\ud83d\udcc8\",\"datePublished\":\"2023-03-02T16:25:29+00:00\",\"dateModified\":\"2023-03-07T15:53:14+00:00\",\"mainEntityOfPage\":{\"@id\":\"https:\\\/\\\/www.youthforequality.sk\\\/index.php\\\/2023\\\/03\\\/02\\\/domov-nie-je-len-miesto-ale-hlavne-pocit-v-srdci-copy-copy-copy-copy-copy-copy\\\/\"},\"wordCount\":550,\"publisher\":{\"@id\":\"https:\\\/\\\/www.youthforequality.sk\\\/#organization\"},\"image\":{\"@id\":\"https:\\\/\\\/www.youthforequality.sk\\\/index.php\\\/2023\\\/03\\\/02\\\/domov-nie-je-len-miesto-ale-hlavne-pocit-v-srdci-copy-copy-copy-copy-copy-copy\\\/#primaryimage\"},\"thumbnailUrl\":\"https:\\\/\\\/www.youthforequality.sk\\\/wp-content\\\/uploads\\\/2023\\\/03\\\/323370416_1243880879883829_4965769360856602753_n.jpg\",\"articleSection\":[\"Blog\"],\"inLanguage\":\"sk-SK\"},{\"@type\":\"WebPage\",\"@id\":\"https:\\\/\\\/www.youthforequality.sk\\\/index.php\\\/2023\\\/03\\\/02\\\/domov-nie-je-len-miesto-ale-hlavne-pocit-v-srdci-copy-copy-copy-copy-copy-copy\\\/\",\"url\":\"https:\\\/\\\/www.youthforequality.sk\\\/index.php\\\/2023\\\/03\\\/02\\\/domov-nie-je-len-miesto-ale-hlavne-pocit-v-srdci-copy-copy-copy-copy-copy-copy\\\/\",\"name\":\"\ud83c\udf1f\ud83c\uddee\ud83c\uddf9\ud83d\udc65 Empowering Youth Employability: An Unforgettable Experience in Italy with Erasmus+ Project \\\"Empl@y\\\" \ud83d\udcbc\ud83d\udcc8 |\",\"isPartOf\":{\"@id\":\"https:\\\/\\\/www.youthforequality.sk\\\/#website\"},\"primaryImageOfPage\":{\"@id\":\"https:\\\/\\\/www.youthforequality.sk\\\/index.php\\\/2023\\\/03\\\/02\\\/domov-nie-je-len-miesto-ale-hlavne-pocit-v-srdci-copy-copy-copy-copy-copy-copy\\\/#primaryimage\"},\"image\":{\"@id\":\"https:\\\/\\\/www.youthforequality.sk\\\/index.php\\\/2023\\\/03\\\/02\\\/domov-nie-je-len-miesto-ale-hlavne-pocit-v-srdci-copy-copy-copy-copy-copy-copy\\\/#primaryimage\"},\"thumbnailUrl\":\"https:\\\/\\\/www.youthforequality.sk\\\/wp-content\\\/uploads\\\/2023\\\/03\\\/323370416_1243880879883829_4965769360856602753_n.jpg\",\"datePublished\":\"2023-03-02T16:25:29+00:00\",\"dateModified\":\"2023-03-07T15:53:14+00:00\",\"breadcrumb\":{\"@id\":\"https:\\\/\\\/www.youthforequality.sk\\\/index.php\\\/2023\\\/03\\\/02\\\/domov-nie-je-len-miesto-ale-hlavne-pocit-v-srdci-copy-copy-copy-copy-copy-copy\\\/#breadcrumb\"},\"inLanguage\":\"sk-SK\",\"potentialAction\":[{\"@type\":\"ReadAction\",\"target\":[\"https:\\\/\\\/www.youthforequality.sk\\\/index.php\\\/2023\\\/03\\\/02\\\/domov-nie-je-len-miesto-ale-hlavne-pocit-v-srdci-copy-copy-copy-copy-copy-copy\\\/\"]}]},{\"@type\":\"ImageObject\",\"inLanguage\":\"sk-SK\",\"@id\":\"https:\\\/\\\/www.youthforequality.sk\\\/index.php\\\/2023\\\/03\\\/02\\\/domov-nie-je-len-miesto-ale-hlavne-pocit-v-srdci-copy-copy-copy-copy-copy-copy\\\/#primaryimage\",\"url\":\"https:\\\/\\\/www.youthforequality.sk\\\/wp-content\\\/uploads\\\/2023\\\/03\\\/323370416_1243880879883829_4965769360856602753_n.jpg\",\"contentUrl\":\"https:\\\/\\\/www.youthforequality.sk\\\/wp-content\\\/uploads\\\/2023\\\/03\\\/323370416_1243880879883829_4965769360856602753_n.jpg\",\"width\":1536,\"height\":2048},{\"@type\":\"BreadcrumbList\",\"@id\":\"https:\\\/\\\/www.youthforequality.sk\\\/index.php\\\/2023\\\/03\\\/02\\\/domov-nie-je-len-miesto-ale-hlavne-pocit-v-srdci-copy-copy-copy-copy-copy-copy\\\/#breadcrumb\",\"itemListElement\":[{\"@type\":\"ListItem\",\"position\":1,\"name\":\"Home\",\"item\":\"https:\\\/\\\/www.youthforequality.sk\\\/\"},{\"@type\":\"ListItem\",\"position\":2,\"name\":\"\ud83c\udf1f\ud83c\uddee\ud83c\uddf9\ud83d\udc65 Empowering Youth Employability: An Unforgettable Experience in Italy with Erasmus+ Project &#8220;Empl@y&#8221; \ud83d\udcbc\ud83d\udcc8\"}]},{\"@type\":\"WebSite\",\"@id\":\"https:\\\/\\\/www.youthforequality.sk\\\/#website\",\"url\":\"https:\\\/\\\/www.youthforequality.sk\\\/\",\"name\":\"\",\"description\":\"\",\"publisher\":{\"@id\":\"https:\\\/\\\/www.youthforequality.sk\\\/#organization\"},\"potentialAction\":[{\"@type\":\"SearchAction\",\"target\":{\"@type\":\"EntryPoint\",\"urlTemplate\":\"https:\\\/\\\/www.youthforequality.sk\\\/?s={search_term_string}\"},\"query-input\":{\"@type\":\"PropertyValueSpecification\",\"valueRequired\":true,\"valueName\":\"search_term_string\"}}],\"inLanguage\":\"sk-SK\"},{\"@type\":\"Organization\",\"@id\":\"https:\\\/\\\/www.youthforequality.sk\\\/#organization\",\"name\":\"Youth for Equality\",\"url\":\"https:\\\/\\\/www.youthforequality.sk\\\/\",\"logo\":{\"@type\":\"ImageObject\",\"inLanguage\":\"sk-SK\",\"@id\":\"https:\\\/\\\/www.youthforequality.sk\\\/#\\\/schema\\\/logo\\\/image\\\/\",\"url\":\"https:\\\/\\\/www.youthforequality.sk\\\/wp-content\\\/uploads\\\/2021\\\/01\\\/vynovene-logo-nove-farby_modra-na-web.png\",\"contentUrl\":\"https:\\\/\\\/www.youthforequality.sk\\\/wp-content\\\/uploads\\\/2021\\\/01\\\/vynovene-logo-nove-farby_modra-na-web.png\",\"width\":1,\"height\":1,\"caption\":\"Youth for Equality\"},\"image\":{\"@id\":\"https:\\\/\\\/www.youthforequality.sk\\\/#\\\/schema\\\/logo\\\/image\\\/\"},\"sameAs\":[\"https:\\\/\\\/www.facebook.com\\\/yeslovakia\"]},{\"@type\":\"Person\",\"@id\":\"https:\\\/\\\/www.youthforequality.sk\\\/#\\\/schema\\\/person\\\/f68f7ffe79f5a2bba235fb60e0283347\",\"name\":\"Yoana\",\"image\":{\"@type\":\"ImageObject\",\"inLanguage\":\"sk-SK\",\"@id\":\"https:\\\/\\\/secure.gravatar.com\\\/avatar\\\/f5889cd61205e50db708a0aee253e7dd1c444eef2df020270b30bb0594b8e643?s=96&d=mm&r=g\",\"url\":\"https:\\\/\\\/secure.gravatar.com\\\/avatar\\\/f5889cd61205e50db708a0aee253e7dd1c444eef2df020270b30bb0594b8e643?s=96&d=mm&r=g\",\"contentUrl\":\"https:\\\/\\\/secure.gravatar.com\\\/avatar\\\/f5889cd61205e50db708a0aee253e7dd1c444eef2df020270b30bb0594b8e643?s=96&d=mm&r=g\",\"caption\":\"Yoana\"},\"url\":\"https:\\\/\\\/www.youthforequality.sk\\\/index.php\\\/author\\\/yoana\\\/\"}]}<\/script>\n<!-- \/ Yoast SEO plugin. -->","yoast_head_json":{"title":"\ud83c\udf1f\ud83c\uddee\ud83c\uddf9\ud83d\udc65 Empowering Youth Employability: An Unforgettable Experience in Italy with Erasmus+ Project \"Empl@y\" \ud83d\udcbc\ud83d\udcc8 |","robots":{"index":"index","follow":"follow","max-snippet":"max-snippet:-1","max-image-preview":"max-image-preview:large","max-video-preview":"max-video-preview:-1"},"canonical":"https:\/\/www.youthforequality.sk\/index.php\/2023\/03\/02\/domov-nie-je-len-miesto-ale-hlavne-pocit-v-srdci-copy-copy-copy-copy-copy-copy\/","og_locale":"sk_SK","og_type":"article","og_title":"\ud83c\udf1f\ud83c\uddee\ud83c\uddf9\ud83d\udc65 Empowering Youth Employability: An Unforgettable Experience in Italy with Erasmus+ Project \"Empl@y\" \ud83d\udcbc\ud83d\udcc8 |","og_description":"English version: \ud83d\udc65 Ema and I recently participated in an Erasmus+ project called empl@y in the stunning region of Calabria, Italy. \ud83c\udf05\ud83c\uddee\ud83c\uddf9 Our adventure started before we even arrived, as we met many fascinating people on the way. The picturesque landscape and environment left us breathless and we savoured every moment of it. \ud83e\udd29 \ud83d\udcda&hellip;&nbsp;\u010c\u00edta\u0165 viac &raquo;\ud83c\udf1f\ud83c\uddee\ud83c\uddf9\ud83d\udc65 Empowering Youth Employability: An Unforgettable Experience in Italy with Erasmus+ Project &#8222;Empl@y&#8220; \ud83d\udcbc\ud83d\udcc8","og_url":"https:\/\/www.youthforequality.sk\/index.php\/2023\/03\/02\/domov-nie-je-len-miesto-ale-hlavne-pocit-v-srdci-copy-copy-copy-copy-copy-copy\/","article_publisher":"https:\/\/www.facebook.com\/yeslovakia","article_published_time":"2023-03-02T16:25:29+00:00","article_modified_time":"2023-03-07T15:53:14+00:00","og_image":[{"width":1536,"height":2048,"url":"https:\/\/www.youthforequality.sk\/wp-content\/uploads\/2023\/03\/323370416_1243880879883829_4965769360856602753_n.jpg","type":"image\/jpeg"}],"author":"Yoana","twitter_card":"summary_large_image","twitter_misc":{"Autor":"Yoana","Predpokladan\u00fd \u010das \u010d\u00edtania":"3 min\u00faty"},"schema":{"@context":"https:\/\/schema.org","@graph":[{"@type":"Article","@id":"https:\/\/www.youthforequality.sk\/index.php\/2023\/03\/02\/domov-nie-je-len-miesto-ale-hlavne-pocit-v-srdci-copy-copy-copy-copy-copy-copy\/#article","isPartOf":{"@id":"https:\/\/www.youthforequality.sk\/index.php\/2023\/03\/02\/domov-nie-je-len-miesto-ale-hlavne-pocit-v-srdci-copy-copy-copy-copy-copy-copy\/"},"author":{"name":"Yoana","@id":"https:\/\/www.youthforequality.sk\/#\/schema\/person\/f68f7ffe79f5a2bba235fb60e0283347"},"headline":"\ud83c\udf1f\ud83c\uddee\ud83c\uddf9\ud83d\udc65 Empowering Youth Employability: An Unforgettable Experience in Italy with Erasmus+ Project &#8222;Empl@y&#8220; \ud83d\udcbc\ud83d\udcc8","datePublished":"2023-03-02T16:25:29+00:00","dateModified":"2023-03-07T15:53:14+00:00","mainEntityOfPage":{"@id":"https:\/\/www.youthforequality.sk\/index.php\/2023\/03\/02\/domov-nie-je-len-miesto-ale-hlavne-pocit-v-srdci-copy-copy-copy-copy-copy-copy\/"},"wordCount":550,"publisher":{"@id":"https:\/\/www.youthforequality.sk\/#organization"},"image":{"@id":"https:\/\/www.youthforequality.sk\/index.php\/2023\/03\/02\/domov-nie-je-len-miesto-ale-hlavne-pocit-v-srdci-copy-copy-copy-copy-copy-copy\/#primaryimage"},"thumbnailUrl":"https:\/\/www.youthforequality.sk\/wp-content\/uploads\/2023\/03\/323370416_1243880879883829_4965769360856602753_n.jpg","articleSection":["Blog"],"inLanguage":"sk-SK"},{"@type":"WebPage","@id":"https:\/\/www.youthforequality.sk\/index.php\/2023\/03\/02\/domov-nie-je-len-miesto-ale-hlavne-pocit-v-srdci-copy-copy-copy-copy-copy-copy\/","url":"https:\/\/www.youthforequality.sk\/index.php\/2023\/03\/02\/domov-nie-je-len-miesto-ale-hlavne-pocit-v-srdci-copy-copy-copy-copy-copy-copy\/","name":"\ud83c\udf1f\ud83c\uddee\ud83c\uddf9\ud83d\udc65 Empowering Youth Employability: An Unforgettable Experience in Italy with Erasmus+ Project \"Empl@y\" \ud83d\udcbc\ud83d\udcc8 |","isPartOf":{"@id":"https:\/\/www.youthforequality.sk\/#website"},"primaryImageOfPage":{"@id":"https:\/\/www.youthforequality.sk\/index.php\/2023\/03\/02\/domov-nie-je-len-miesto-ale-hlavne-pocit-v-srdci-copy-copy-copy-copy-copy-copy\/#primaryimage"},"image":{"@id":"https:\/\/www.youthforequality.sk\/index.php\/2023\/03\/02\/domov-nie-je-len-miesto-ale-hlavne-pocit-v-srdci-copy-copy-copy-copy-copy-copy\/#primaryimage"},"thumbnailUrl":"https:\/\/www.youthforequality.sk\/wp-content\/uploads\/2023\/03\/323370416_1243880879883829_4965769360856602753_n.jpg","datePublished":"2023-03-02T16:25:29+00:00","dateModified":"2023-03-07T15:53:14+00:00","breadcrumb":{"@id":"https:\/\/www.youthforequality.sk\/index.php\/2023\/03\/02\/domov-nie-je-len-miesto-ale-hlavne-pocit-v-srdci-copy-copy-copy-copy-copy-copy\/#breadcrumb"},"inLanguage":"sk-SK","potentialAction":[{"@type":"ReadAction","target":["https:\/\/www.youthforequality.sk\/index.php\/2023\/03\/02\/domov-nie-je-len-miesto-ale-hlavne-pocit-v-srdci-copy-copy-copy-copy-copy-copy\/"]}]},{"@type":"ImageObject","inLanguage":"sk-SK","@id":"https:\/\/www.youthforequality.sk\/index.php\/2023\/03\/02\/domov-nie-je-len-miesto-ale-hlavne-pocit-v-srdci-copy-copy-copy-copy-copy-copy\/#primaryimage","url":"https:\/\/www.youthforequality.sk\/wp-content\/uploads\/2023\/03\/323370416_1243880879883829_4965769360856602753_n.jpg","contentUrl":"https:\/\/www.youthforequality.sk\/wp-content\/uploads\/2023\/03\/323370416_1243880879883829_4965769360856602753_n.jpg","width":1536,"height":2048},{"@type":"BreadcrumbList","@id":"https:\/\/www.youthforequality.sk\/index.php\/2023\/03\/02\/domov-nie-je-len-miesto-ale-hlavne-pocit-v-srdci-copy-copy-copy-copy-copy-copy\/#breadcrumb","itemListElement":[{"@type":"ListItem","position":1,"name":"Home","item":"https:\/\/www.youthforequality.sk\/"},{"@type":"ListItem","position":2,"name":"\ud83c\udf1f\ud83c\uddee\ud83c\uddf9\ud83d\udc65 Empowering Youth Employability: An Unforgettable Experience in Italy with Erasmus+ Project &#8220;Empl@y&#8221; \ud83d\udcbc\ud83d\udcc8"}]},{"@type":"WebSite","@id":"https:\/\/www.youthforequality.sk\/#website","url":"https:\/\/www.youthforequality.sk\/","name":"","description":"","publisher":{"@id":"https:\/\/www.youthforequality.sk\/#organization"},"potentialAction":[{"@type":"SearchAction","target":{"@type":"EntryPoint","urlTemplate":"https:\/\/www.youthforequality.sk\/?s={search_term_string}"},"query-input":{"@type":"PropertyValueSpecification","valueRequired":true,"valueName":"search_term_string"}}],"inLanguage":"sk-SK"},{"@type":"Organization","@id":"https:\/\/www.youthforequality.sk\/#organization","name":"Youth for Equality","url":"https:\/\/www.youthforequality.sk\/","logo":{"@type":"ImageObject","inLanguage":"sk-SK","@id":"https:\/\/www.youthforequality.sk\/#\/schema\/logo\/image\/","url":"https:\/\/www.youthforequality.sk\/wp-content\/uploads\/2021\/01\/vynovene-logo-nove-farby_modra-na-web.png","contentUrl":"https:\/\/www.youthforequality.sk\/wp-content\/uploads\/2021\/01\/vynovene-logo-nove-farby_modra-na-web.png","width":1,"height":1,"caption":"Youth for Equality"},"image":{"@id":"https:\/\/www.youthforequality.sk\/#\/schema\/logo\/image\/"},"sameAs":["https:\/\/www.facebook.com\/yeslovakia"]},{"@type":"Person","@id":"https:\/\/www.youthforequality.sk\/#\/schema\/person\/f68f7ffe79f5a2bba235fb60e0283347","name":"Yoana","image":{"@type":"ImageObject","inLanguage":"sk-SK","@id":"https:\/\/secure.gravatar.com\/avatar\/f5889cd61205e50db708a0aee253e7dd1c444eef2df020270b30bb0594b8e643?s=96&d=mm&r=g","url":"https:\/\/secure.gravatar.com\/avatar\/f5889cd61205e50db708a0aee253e7dd1c444eef2df020270b30bb0594b8e643?s=96&d=mm&r=g","contentUrl":"https:\/\/secure.gravatar.com\/avatar\/f5889cd61205e50db708a0aee253e7dd1c444eef2df020270b30bb0594b8e643?s=96&d=mm&r=g","caption":"Yoana"},"url":"https:\/\/www.youthforequality.sk\/index.php\/author\/yoana\/"}]}},"_links":{"self":[{"href":"https:\/\/www.youthforequality.sk\/index.php\/wp-json\/wp\/v2\/posts\/4775","targetHints":{"allow":["GET"]}}],"collection":[{"href":"https:\/\/www.youthforequality.sk\/index.php\/wp-json\/wp\/v2\/posts"}],"about":[{"href":"https:\/\/www.youthforequality.sk\/index.php\/wp-json\/wp\/v2\/types\/post"}],"author":[{"embeddable":true,"href":"https:\/\/www.youthforequality.sk\/index.php\/wp-json\/wp\/v2\/users\/8"}],"replies":[{"embeddable":true,"href":"https:\/\/www.youthforequality.sk\/index.php\/wp-json\/wp\/v2\/comments?post=4775"}],"version-history":[{"count":8,"href":"https:\/\/www.youthforequality.sk\/index.php\/wp-json\/wp\/v2\/posts\/4775\/revisions"}],"predecessor-version":[{"id":4788,"href":"https:\/\/www.youthforequality.sk\/index.php\/wp-json\/wp\/v2\/posts\/4775\/revisions\/4788"}],"wp:featuredmedia":[{"embeddable":true,"href":"https:\/\/www.youthforequality.sk\/index.php\/wp-json\/wp\/v2\/media\/4778"}],"wp:attachment":[{"href":"https:\/\/www.youthforequality.sk\/index.php\/wp-json\/wp\/v2\/media?parent=4775"}],"wp:term":[{"taxonomy":"category","embeddable":true,"href":"https:\/\/www.youthforequality.sk\/index.php\/wp-json\/wp\/v2\/categories?post=4775"},{"taxonomy":"post_tag","embeddable":true,"href":"https:\/\/www.youthforequality.sk\/index.php\/wp-json\/wp\/v2\/tags?post=4775"}],"curies":[{"name":"wp","href":"https:\/\/api.w.org\/{rel}","templated":true}]}}