{"id":4910,"date":"2023-03-09T13:12:34","date_gmt":"2023-03-09T12:12:34","guid":{"rendered":"https:\/\/www.youthforequality.sk\/index.php\/2023\/03\/09\/individual-wellness-for-mindful-youthwork-copy\/"},"modified":"2024-01-31T10:10:48","modified_gmt":"2024-01-31T09:10:48","slug":"green-skills-training","status":"publish","type":"post","link":"https:\/\/www.youthforequality.sk\/index.php\/2023\/03\/09\/green-skills-training\/","title":{"rendered":"&#8222;Greening&#8220; skills of young people"},"content":{"rendered":"\t\t<div data-elementor-type=\"wp-post\" data-elementor-id=\"4910\" class=\"elementor elementor-4910\">\n\t\t\t\t\t\t<section class=\"elementor-section elementor-top-section elementor-element elementor-element-f2550da elementor-section-boxed elementor-section-height-default elementor-section-height-default\" data-id=\"f2550da\" data-element_type=\"section\" data-e-type=\"section\">\n\t\t\t\t\t\t<div class=\"elementor-container elementor-column-gap-default\">\n\t\t\t\t\t<div class=\"elementor-column elementor-col-100 elementor-top-column elementor-element elementor-element-1589057\" data-id=\"1589057\" data-element_type=\"column\" data-e-type=\"column\">\n\t\t\t<div class=\"elementor-widget-wrap elementor-element-populated\">\n\t\t\t\t\t\t<div class=\"elementor-element elementor-element-a878e17 elementor-widget elementor-widget-text-editor\" data-id=\"a878e17\" data-element_type=\"widget\" data-e-type=\"widget\" data-widget_type=\"text-editor.default\">\n\t\t\t\t<div class=\"elementor-widget-container\">\n\t\t\t\t\t\t\t\t\t<p><b>Greening Skills of Young People\u00a0 April 2023<\/b><\/p><p><i>Ekologick\u00e9 zru\u010dnosti mlad\u00fdch \u013eud\u00ed\u00a0<\/i><\/p><p><img decoding=\"async\" style=\"background-color: var(--nv-site-bg); color: var(--nv-text-color); font-family: Roboto, var(--nv-fallback-ff); letter-spacing: 0px;\" src=\"https:\/\/static.xx.fbcdn.net\/images\/emoji.php\/v9\/t98\/1.5\/16\/1f30d.png\" alt=\"\ud83c\udf0d\" width=\"16\" height=\"16\" \/> Projekt spojil 24 mlad\u00fdch \u013eud\u00ed zo Slovenska, \u010ceska, Po\u013eska, Rumunska, \u0160panielska, Litvy, Turecka a Maced\u00f3nska na 6-d\u0148ovom programe mobility\/\u0161kolenia. Po\u010das tohto programu sa z\u00fa\u010dastnili r\u00f4znych neform\u00e1lnych aktiv\u00edt, workshopov a zdie\u013eali osved\u010den\u00e9 postupy s ostatn\u00fdmi \u00fa\u010dastn\u00edkmi.<\/p><p><img decoding=\"async\" style=\"background-color: var(--nv-site-bg); color: var(--nv-text-color); font-family: Roboto, var(--nv-fallback-ff); letter-spacing: 0px;\" src=\"https:\/\/static.xx.fbcdn.net\/images\/emoji.php\/v9\/t5a\/1.5\/16\/1f4c8.png\" alt=\"\ud83d\udcc8\" width=\"16\" height=\"16\" \/> Cie\u013eom tohto projektu bolo zdie\u013ea\u0165 pr\u00edklady zelen\u00fdch pracovn\u00fdch miest a podnikov v r\u00f4znych oblastiach <span style=\"background-color: var(--nv-site-bg); color: var(--nv-text-color); font-family: Roboto, var(--nv-fallback-ff); letter-spacing: 0px;\">kraj\u00edn a diskutova\u0165 o bud\u00facich mo\u017enostiach, ako z\u00edska\u0165 s\u00fabor zelen\u00fdch kompetenci\u00ed \u00fa\u010dastn\u00edkov, ktor\u00e9 by mohli vyu\u017ei\u0165 pre svoje vlastn\u00e9 profesion\u00e1lne potreby, ale najm\u00e4 ich prenies\u0165 na in\u00fdch mlad\u00fdch \u013eud\u00ed.<\/span><\/p><p><img decoding=\"async\" style=\"background-color: var(--nv-site-bg); color: var(--nv-text-color); font-family: Roboto, var(--nv-fallback-ff); letter-spacing: 0px;\" src=\"https:\/\/static.xx.fbcdn.net\/images\/emoji.php\/v9\/tbd\/1.5\/16\/1f91d.png\" alt=\"\ud83e\udd1d\" width=\"16\" height=\"16\" \/> Mali mo\u017enos\u0165 spoji\u0165 sa s ostatn\u00fdmi \u00fa\u010dastn\u00edkmi projektu, mentormi, odborn\u00edkmi, zainteresovan\u00fdmi stranami a partnermi. Spolo\u010dne vytvorili skvel\u00fa p\u00f4du pre \u010fal\u0161iu spolupr\u00e1cu.<\/p><p>V r\u00e1mc\u00ed projektu participanti vytvorili pl\u00e1n neform\u00e1lnych aktiv\u00edt pre \u0161tudentov stredn\u00fdch \u0161k\u00f4l a tie\u017e vlastn\u00e9 biznis pl\u00e1ny oh\u013eadom mo\u017enost\u00ed &#8222;zelen\u00e9ho&#8220; podnikania.<\/p><hr \/><div><div dir=\"auto\"><img loading=\"lazy\" decoding=\"async\" src=\"https:\/\/static.xx.fbcdn.net\/images\/emoji.php\/v9\/t98\/1.5\/16\/1f30d.png\" alt=\"\ud83c\udf0d\" width=\"16\" height=\"16\" \/> The project brought together 24 young people from Slovakia, Czechia, Poland, Romania, Spain, Lithuania, Turkey and Macedonia for a 6-day mobility\/training program. During this program, participants took part in various non-formal activities, workshops, and shared good practices with other participants.<\/div><\/div><div><div dir=\"auto\"><img loading=\"lazy\" decoding=\"async\" src=\"https:\/\/static.xx.fbcdn.net\/images\/emoji.php\/v9\/t5a\/1.5\/16\/1f4c8.png\" alt=\"\ud83d\udcc8\" width=\"16\" height=\"16\" \/> The goal of this project was to share examples of green jobs and enterprises in different<br \/>countries and discuss the future options, to gain a set of green competencies of participants which might be<br \/>used for their own professional needs but mostly to transfer them to<br \/>other young people.<\/div><\/div><div><div dir=\"auto\"><img loading=\"lazy\" decoding=\"async\" src=\"https:\/\/static.xx.fbcdn.net\/images\/emoji.php\/v9\/tbd\/1.5\/16\/1f91d.png\" alt=\"\ud83e\udd1d\" width=\"16\" height=\"16\" \/> Participants had the opportunity to connect with other project participants, mentors, experts, stakeholders, and partners. Together, they created a common ground for great collaboration and future cooperation. <img loading=\"lazy\" decoding=\"async\" src=\"https:\/\/static.xx.fbcdn.net\/images\/emoji.php\/v9\/tc5\/1.5\/16\/1f4aa.png\" alt=\"\ud83d\udcaa\" width=\"16\" height=\"16\" \/><\/div><\/div><div><div dir=\"auto\">Within the framework of the project, the participants created a plan of non-formal activities for high school students and also their own business plans regarding the possibilities of &#8222;green&#8220; business.<\/div><div dir=\"auto\">\u00a0<\/div><div dir=\"auto\"><i style=\"text-align: start;\">This project was funded under the Erasmus+ program.<\/i><\/div><div dir=\"auto\"><span style=\"background-color: var(--nv-site-bg);\">\u00a0<\/span><\/div><\/div>\t\t\t\t\t\t\t\t<\/div>\n\t\t\t\t<\/div>\n\t\t\t\t\t<\/div>\n\t\t<\/div>\n\t\t\t\t\t<\/div>\n\t\t<\/section>\n\t\t\t\t<section class=\"elementor-section elementor-top-section elementor-element elementor-element-ebf8ac1 elementor-section-boxed elementor-section-height-default elementor-section-height-default\" data-id=\"ebf8ac1\" data-element_type=\"section\" data-e-type=\"section\">\n\t\t\t\t\t\t<div class=\"elementor-container elementor-column-gap-default\">\n\t\t\t\t\t<div class=\"elementor-column elementor-col-20 elementor-top-column elementor-element elementor-element-832511a\" data-id=\"832511a\" data-element_type=\"column\" data-e-type=\"column\">\n\t\t\t<div class=\"elementor-widget-wrap elementor-element-populated\">\n\t\t\t\t\t\t<div class=\"elementor-element elementor-element-1153393 elementor-widget elementor-widget-image\" data-id=\"1153393\" data-element_type=\"widget\" data-e-type=\"widget\" data-widget_type=\"image.default\">\n\t\t\t\t<div class=\"elementor-widget-container\">\n\t\t\t\t\t\t\t\t\t\t\t\t\t\t\t<img loading=\"lazy\" decoding=\"async\" width=\"1024\" height=\"768\" src=\"https:\/\/www.youthforequality.sk\/wp-content\/uploads\/2023\/03\/IMG_3260-1024x768.jpg\" class=\"attachment-large size-large wp-image-5886\" alt=\"\" srcset=\"https:\/\/www.youthforequality.sk\/wp-content\/uploads\/2023\/03\/IMG_3260-1024x768.jpg 1024w, https:\/\/www.youthforequality.sk\/wp-content\/uploads\/2023\/03\/IMG_3260-300x225.jpg 300w, https:\/\/www.youthforequality.sk\/wp-content\/uploads\/2023\/03\/IMG_3260-768x576.jpg 768w, https:\/\/www.youthforequality.sk\/wp-content\/uploads\/2023\/03\/IMG_3260-1536x1152.jpg 1536w, https:\/\/www.youthforequality.sk\/wp-content\/uploads\/2023\/03\/IMG_3260-2048x1536.jpg 2048w\" sizes=\"(max-width: 1024px) 100vw, 1024px\" \/>\t\t\t\t\t\t\t\t\t\t\t\t\t\t\t<\/div>\n\t\t\t\t<\/div>\n\t\t\t\t\t<\/div>\n\t\t<\/div>\n\t\t\t\t<div class=\"elementor-column elementor-col-20 elementor-top-column elementor-element elementor-element-37aae41\" data-id=\"37aae41\" data-element_type=\"column\" data-e-type=\"column\">\n\t\t\t<div class=\"elementor-widget-wrap elementor-element-populated\">\n\t\t\t\t\t\t<div class=\"elementor-element elementor-element-cd72375 elementor-widget elementor-widget-image\" data-id=\"cd72375\" data-element_type=\"widget\" data-e-type=\"widget\" data-widget_type=\"image.default\">\n\t\t\t\t<div class=\"elementor-widget-container\">\n\t\t\t\t\t\t\t\t\t\t\t\t\t\t\t<img loading=\"lazy\" decoding=\"async\" width=\"1024\" height=\"768\" src=\"https:\/\/www.youthforequality.sk\/wp-content\/uploads\/2023\/03\/IMG_3216-1024x768.jpg\" class=\"attachment-large size-large wp-image-5880\" alt=\"\" srcset=\"https:\/\/www.youthforequality.sk\/wp-content\/uploads\/2023\/03\/IMG_3216-1024x768.jpg 1024w, https:\/\/www.youthforequality.sk\/wp-content\/uploads\/2023\/03\/IMG_3216-300x225.jpg 300w, https:\/\/www.youthforequality.sk\/wp-content\/uploads\/2023\/03\/IMG_3216-768x576.jpg 768w, https:\/\/www.youthforequality.sk\/wp-content\/uploads\/2023\/03\/IMG_3216-1536x1152.jpg 1536w, https:\/\/www.youthforequality.sk\/wp-content\/uploads\/2023\/03\/IMG_3216-2048x1536.jpg 2048w\" sizes=\"(max-width: 1024px) 100vw, 1024px\" \/>\t\t\t\t\t\t\t\t\t\t\t\t\t\t\t<\/div>\n\t\t\t\t<\/div>\n\t\t\t\t\t<\/div>\n\t\t<\/div>\n\t\t\t\t<div class=\"elementor-column elementor-col-20 elementor-top-column elementor-element elementor-element-713c0f7\" data-id=\"713c0f7\" data-element_type=\"column\" data-e-type=\"column\">\n\t\t\t<div class=\"elementor-widget-wrap elementor-element-populated\">\n\t\t\t\t\t\t<div class=\"elementor-element elementor-element-f9caf11 elementor-widget elementor-widget-image\" data-id=\"f9caf11\" data-element_type=\"widget\" data-e-type=\"widget\" data-widget_type=\"image.default\">\n\t\t\t\t<div class=\"elementor-widget-container\">\n\t\t\t\t\t\t\t\t\t\t\t\t\t\t\t<img loading=\"lazy\" decoding=\"async\" width=\"1024\" height=\"768\" src=\"https:\/\/www.youthforequality.sk\/wp-content\/uploads\/2023\/03\/IMG_20230413_120914-1024x768.jpg\" class=\"attachment-large size-large wp-image-5867\" alt=\"\" srcset=\"https:\/\/www.youthforequality.sk\/wp-content\/uploads\/2023\/03\/IMG_20230413_120914-1024x768.jpg 1024w, https:\/\/www.youthforequality.sk\/wp-content\/uploads\/2023\/03\/IMG_20230413_120914-300x225.jpg 300w, https:\/\/www.youthforequality.sk\/wp-content\/uploads\/2023\/03\/IMG_20230413_120914-768x576.jpg 768w, https:\/\/www.youthforequality.sk\/wp-content\/uploads\/2023\/03\/IMG_20230413_120914-1536x1152.jpg 1536w, https:\/\/www.youthforequality.sk\/wp-content\/uploads\/2023\/03\/IMG_20230413_120914-2048x1536.jpg 2048w\" sizes=\"(max-width: 1024px) 100vw, 1024px\" \/>\t\t\t\t\t\t\t\t\t\t\t\t\t\t\t<\/div>\n\t\t\t\t<\/div>\n\t\t\t\t\t<\/div>\n\t\t<\/div>\n\t\t\t\t<div class=\"elementor-column elementor-col-20 elementor-top-column elementor-element elementor-element-06defd3\" data-id=\"06defd3\" data-element_type=\"column\" data-e-type=\"column\">\n\t\t\t<div class=\"elementor-widget-wrap elementor-element-populated\">\n\t\t\t\t\t\t<div class=\"elementor-element elementor-element-7c2219e elementor-widget elementor-widget-image\" data-id=\"7c2219e\" data-element_type=\"widget\" data-e-type=\"widget\" data-widget_type=\"image.default\">\n\t\t\t\t<div class=\"elementor-widget-container\">\n\t\t\t\t\t\t\t\t\t\t\t\t\t\t\t<img loading=\"lazy\" decoding=\"async\" width=\"1024\" height=\"576\" src=\"https:\/\/www.youthforequality.sk\/wp-content\/uploads\/2023\/03\/IMG_20230417_150342-1024x576.jpg\" class=\"attachment-large size-large wp-image-5868\" alt=\"\" srcset=\"https:\/\/www.youthforequality.sk\/wp-content\/uploads\/2023\/03\/IMG_20230417_150342-1024x576.jpg 1024w, https:\/\/www.youthforequality.sk\/wp-content\/uploads\/2023\/03\/IMG_20230417_150342-300x169.jpg 300w, https:\/\/www.youthforequality.sk\/wp-content\/uploads\/2023\/03\/IMG_20230417_150342-768x432.jpg 768w, https:\/\/www.youthforequality.sk\/wp-content\/uploads\/2023\/03\/IMG_20230417_150342-1536x864.jpg 1536w, https:\/\/www.youthforequality.sk\/wp-content\/uploads\/2023\/03\/IMG_20230417_150342-2048x1152.jpg 2048w\" sizes=\"(max-width: 1024px) 100vw, 1024px\" \/>\t\t\t\t\t\t\t\t\t\t\t\t\t\t\t<\/div>\n\t\t\t\t<\/div>\n\t\t\t\t\t<\/div>\n\t\t<\/div>\n\t\t\t\t<div class=\"elementor-column elementor-col-20 elementor-top-column elementor-element elementor-element-fa109bc\" data-id=\"fa109bc\" data-element_type=\"column\" data-e-type=\"column\">\n\t\t\t<div class=\"elementor-widget-wrap elementor-element-populated\">\n\t\t\t\t\t\t<div class=\"elementor-element elementor-element-e030c7b elementor-widget elementor-widget-image\" data-id=\"e030c7b\" data-element_type=\"widget\" data-e-type=\"widget\" data-widget_type=\"image.default\">\n\t\t\t\t<div class=\"elementor-widget-container\">\n\t\t\t\t\t\t\t\t\t\t\t\t\t\t\t<img loading=\"lazy\" decoding=\"async\" width=\"1024\" height=\"768\" src=\"https:\/\/www.youthforequality.sk\/wp-content\/uploads\/2023\/03\/IMG_3211-1024x768.jpg\" class=\"attachment-large size-large wp-image-5879\" alt=\"\" srcset=\"https:\/\/www.youthforequality.sk\/wp-content\/uploads\/2023\/03\/IMG_3211-1024x768.jpg 1024w, https:\/\/www.youthforequality.sk\/wp-content\/uploads\/2023\/03\/IMG_3211-300x225.jpg 300w, https:\/\/www.youthforequality.sk\/wp-content\/uploads\/2023\/03\/IMG_3211-768x576.jpg 768w, https:\/\/www.youthforequality.sk\/wp-content\/uploads\/2023\/03\/IMG_3211-1536x1152.jpg 1536w, https:\/\/www.youthforequality.sk\/wp-content\/uploads\/2023\/03\/IMG_3211-2048x1536.jpg 2048w\" sizes=\"(max-width: 1024px) 100vw, 1024px\" \/>\t\t\t\t\t\t\t\t\t\t\t\t\t\t\t<\/div>\n\t\t\t\t<\/div>\n\t\t\t\t\t<\/div>\n\t\t<\/div>\n\t\t\t\t\t<\/div>\n\t\t<\/section>\n\t\t\t\t<section class=\"elementor-section elementor-top-section elementor-element elementor-element-9e32d75 elementor-section-boxed elementor-section-height-default elementor-section-height-default\" data-id=\"9e32d75\" data-element_type=\"section\" data-e-type=\"section\">\n\t\t\t\t\t\t<div class=\"elementor-container elementor-column-gap-default\">\n\t\t\t\t\t<div class=\"elementor-column elementor-col-100 elementor-top-column elementor-element elementor-element-3a7f84b\" data-id=\"3a7f84b\" data-element_type=\"column\" data-e-type=\"column\">\n\t\t\t<div class=\"elementor-widget-wrap\">\n\t\t\t\t\t\t\t<\/div>\n\t\t<\/div>\n\t\t\t\t\t<\/div>\n\t\t<\/section>\n\t\t\t\t<section class=\"elementor-section elementor-top-section elementor-element elementor-element-592fdee elementor-section-boxed elementor-section-height-default elementor-section-height-default\" data-id=\"592fdee\" data-element_type=\"section\" data-e-type=\"section\">\n\t\t\t\t\t\t<div class=\"elementor-container elementor-column-gap-default\">\n\t\t\t\t\t<div class=\"elementor-column elementor-col-100 elementor-top-column elementor-element elementor-element-cc6c6b4\" data-id=\"cc6c6b4\" data-element_type=\"column\" data-e-type=\"column\">\n\t\t\t<div class=\"elementor-widget-wrap elementor-element-populated\">\n\t\t\t\t\t\t<div class=\"elementor-element elementor-element-06450e6 elementor-widget elementor-widget-image\" data-id=\"06450e6\" data-element_type=\"widget\" data-e-type=\"widget\" data-widget_type=\"image.default\">\n\t\t\t\t<div class=\"elementor-widget-container\">\n\t\t\t\t\t\t\t\t\t\t\t\t\t\t\t<img loading=\"lazy\" decoding=\"async\" width=\"1024\" height=\"218\" src=\"https:\/\/www.youthforequality.sk\/wp-content\/uploads\/2023\/03\/Erasmus-logo-color-1024x218.png\" class=\"attachment-large size-large wp-image-6526\" alt=\"\" srcset=\"https:\/\/www.youthforequality.sk\/wp-content\/uploads\/2023\/03\/Erasmus-logo-color-1024x218.png 1024w, https:\/\/www.youthforequality.sk\/wp-content\/uploads\/2023\/03\/Erasmus-logo-color-300x64.png 300w, https:\/\/www.youthforequality.sk\/wp-content\/uploads\/2023\/03\/Erasmus-logo-color-768x164.png 768w, https:\/\/www.youthforequality.sk\/wp-content\/uploads\/2023\/03\/Erasmus-logo-color-1536x327.png 1536w, https:\/\/www.youthforequality.sk\/wp-content\/uploads\/2023\/03\/Erasmus-logo-color.png 1779w\" sizes=\"(max-width: 1024px) 100vw, 1024px\" \/>\t\t\t\t\t\t\t\t\t\t\t\t\t\t\t<\/div>\n\t\t\t\t<\/div>\n\t\t\t\t\t<\/div>\n\t\t<\/div>\n\t\t\t\t\t<\/div>\n\t\t<\/section>\n\t\t\t\t<\/div>\n\t\t","protected":false},"excerpt":{"rendered":"<p>Greening Skills of Young People\u00a0 April 2023 Ekologick\u00e9 zru\u010dnosti mlad\u00fdch \u013eud\u00ed\u00a0 Projekt spojil 24 mlad\u00fdch \u013eud\u00ed zo Slovenska, \u010ceska, Po\u013eska, Rumunska, \u0160panielska, Litvy, Turecka a Maced\u00f3nska na 6-d\u0148ovom programe mobility\/\u0161kolenia. Po\u010das tohto programu sa z\u00fa\u010dastnili r\u00f4znych neform\u00e1lnych aktiv\u00edt, workshopov a zdie\u013eali osved\u010den\u00e9 postupy s ostatn\u00fdmi \u00fa\u010dastn\u00edkmi. Cie\u013eom tohto projektu bolo zdie\u013ea\u0165 pr\u00edklady zelen\u00fdch pracovn\u00fdch miest&hellip;&nbsp;<a href=\"https:\/\/www.youthforequality.sk\/index.php\/2023\/03\/09\/green-skills-training\/\" class=\"\" rel=\"bookmark\">\u010c\u00edta\u0165 viac &raquo;<span class=\"screen-reader-text\">&#8222;Greening&#8220; skills of young people<\/span><\/a><\/p>\n","protected":false},"author":7,"featured_media":4912,"comment_status":"closed","ping_status":"open","sticky":false,"template":"","format":"standard","meta":{"_uf_show_specific_survey":0,"_uf_disable_surveys":false,"neve_meta_sidebar":"","neve_meta_container":"","neve_meta_enable_content_width":"off","neve_meta_content_width":70,"neve_meta_title_alignment":"","neve_meta_author_avatar":"","neve_post_elements_order":"","neve_meta_disable_header":"","neve_meta_disable_footer":"","neve_meta_disable_title":"","_themeisle_gutenberg_block_has_review":false,"footnotes":""},"categories":[37],"tags":[],"class_list":["post-4910","post","type-post","status-publish","format-standard","has-post-thumbnail","hentry","category-skolenia-pre-pracovnikov-s-mladezou-predosle-projekty"],"yoast_head":"<!-- This site is optimized with the Yoast SEO plugin v27.4 - https:\/\/yoast.com\/product\/yoast-seo-wordpress\/ -->\n<title>&quot;Greening&quot; skills of young people |<\/title>\n<meta name=\"robots\" content=\"index, follow, max-snippet:-1, max-image-preview:large, max-video-preview:-1\" \/>\n<link rel=\"canonical\" href=\"https:\/\/www.youthforequality.sk\/index.php\/2023\/03\/09\/green-skills-training\/\" \/>\n<meta property=\"og:locale\" content=\"sk_SK\" \/>\n<meta property=\"og:type\" content=\"article\" \/>\n<meta property=\"og:title\" content=\"&quot;Greening&quot; skills of young people |\" \/>\n<meta property=\"og:description\" content=\"Greening Skills of Young People\u00a0 April 2023 Ekologick\u00e9 zru\u010dnosti mlad\u00fdch \u013eud\u00ed\u00a0 Projekt spojil 24 mlad\u00fdch \u013eud\u00ed zo Slovenska, \u010ceska, Po\u013eska, Rumunska, \u0160panielska, Litvy, Turecka a Maced\u00f3nska na 6-d\u0148ovom programe mobility\/\u0161kolenia. Po\u010das tohto programu sa z\u00fa\u010dastnili r\u00f4znych neform\u00e1lnych aktiv\u00edt, workshopov a zdie\u013eali osved\u010den\u00e9 postupy s ostatn\u00fdmi \u00fa\u010dastn\u00edkmi. Cie\u013eom tohto projektu bolo zdie\u013ea\u0165 pr\u00edklady zelen\u00fdch pracovn\u00fdch miest&hellip;&nbsp;\u010c\u00edta\u0165 viac &raquo;&#8222;Greening&#8220; skills of young people\" \/>\n<meta property=\"og:url\" content=\"https:\/\/www.youthforequality.sk\/index.php\/2023\/03\/09\/green-skills-training\/\" \/>\n<meta property=\"article:publisher\" content=\"https:\/\/www.facebook.com\/yeslovakia\" \/>\n<meta property=\"article:published_time\" content=\"2023-03-09T12:12:34+00:00\" \/>\n<meta property=\"article:modified_time\" content=\"2024-01-31T09:10:48+00:00\" \/>\n<meta property=\"og:image\" content=\"https:\/\/www.youthforequality.sk\/wp-content\/uploads\/2023\/03\/Greening-skills-of-young-people.png\" \/>\n\t<meta property=\"og:image:width\" content=\"2000\" \/>\n\t<meta property=\"og:image:height\" content=\"1414\" \/>\n\t<meta property=\"og:image:type\" content=\"image\/png\" \/>\n<meta name=\"author\" content=\"Silvia Jasenecova\" \/>\n<meta name=\"twitter:card\" content=\"summary_large_image\" \/>\n<meta name=\"twitter:label1\" content=\"Autor\" \/>\n\t<meta name=\"twitter:data1\" content=\"Silvia Jasenecova\" \/>\n\t<meta name=\"twitter:label2\" content=\"Predpokladan\u00fd \u010das \u010d\u00edtania\" \/>\n\t<meta name=\"twitter:data2\" content=\"2 min\u00faty\" \/>\n<script type=\"application\/ld+json\" class=\"yoast-schema-graph\">{\"@context\":\"https:\\\/\\\/schema.org\",\"@graph\":[{\"@type\":\"Article\",\"@id\":\"https:\\\/\\\/www.youthforequality.sk\\\/index.php\\\/2023\\\/03\\\/09\\\/green-skills-training\\\/#article\",\"isPartOf\":{\"@id\":\"https:\\\/\\\/www.youthforequality.sk\\\/index.php\\\/2023\\\/03\\\/09\\\/green-skills-training\\\/\"},\"author\":{\"name\":\"Silvia Jasenecova\",\"@id\":\"https:\\\/\\\/www.youthforequality.sk\\\/#\\\/schema\\\/person\\\/d342f25e638d824527d3b78bbfb97324\"},\"headline\":\"&#8222;Greening&#8220; skills of young people\",\"datePublished\":\"2023-03-09T12:12:34+00:00\",\"dateModified\":\"2024-01-31T09:10:48+00:00\",\"mainEntityOfPage\":{\"@id\":\"https:\\\/\\\/www.youthforequality.sk\\\/index.php\\\/2023\\\/03\\\/09\\\/green-skills-training\\\/\"},\"wordCount\":337,\"publisher\":{\"@id\":\"https:\\\/\\\/www.youthforequality.sk\\\/#organization\"},\"image\":{\"@id\":\"https:\\\/\\\/www.youthforequality.sk\\\/index.php\\\/2023\\\/03\\\/09\\\/green-skills-training\\\/#primaryimage\"},\"thumbnailUrl\":\"https:\\\/\\\/www.youthforequality.sk\\\/wp-content\\\/uploads\\\/2023\\\/03\\\/Greening-skills-of-young-people.png\",\"articleSection\":[\"\u0160kolenia pre pracovn\u00edkov s ml\u00e1de\u017eou - predo\u0161l\u00e9 projekty\"],\"inLanguage\":\"sk-SK\"},{\"@type\":\"WebPage\",\"@id\":\"https:\\\/\\\/www.youthforequality.sk\\\/index.php\\\/2023\\\/03\\\/09\\\/green-skills-training\\\/\",\"url\":\"https:\\\/\\\/www.youthforequality.sk\\\/index.php\\\/2023\\\/03\\\/09\\\/green-skills-training\\\/\",\"name\":\"\\\"Greening\\\" skills of young people |\",\"isPartOf\":{\"@id\":\"https:\\\/\\\/www.youthforequality.sk\\\/#website\"},\"primaryImageOfPage\":{\"@id\":\"https:\\\/\\\/www.youthforequality.sk\\\/index.php\\\/2023\\\/03\\\/09\\\/green-skills-training\\\/#primaryimage\"},\"image\":{\"@id\":\"https:\\\/\\\/www.youthforequality.sk\\\/index.php\\\/2023\\\/03\\\/09\\\/green-skills-training\\\/#primaryimage\"},\"thumbnailUrl\":\"https:\\\/\\\/www.youthforequality.sk\\\/wp-content\\\/uploads\\\/2023\\\/03\\\/Greening-skills-of-young-people.png\",\"datePublished\":\"2023-03-09T12:12:34+00:00\",\"dateModified\":\"2024-01-31T09:10:48+00:00\",\"breadcrumb\":{\"@id\":\"https:\\\/\\\/www.youthforequality.sk\\\/index.php\\\/2023\\\/03\\\/09\\\/green-skills-training\\\/#breadcrumb\"},\"inLanguage\":\"sk-SK\",\"potentialAction\":[{\"@type\":\"ReadAction\",\"target\":[\"https:\\\/\\\/www.youthforequality.sk\\\/index.php\\\/2023\\\/03\\\/09\\\/green-skills-training\\\/\"]}]},{\"@type\":\"ImageObject\",\"inLanguage\":\"sk-SK\",\"@id\":\"https:\\\/\\\/www.youthforequality.sk\\\/index.php\\\/2023\\\/03\\\/09\\\/green-skills-training\\\/#primaryimage\",\"url\":\"https:\\\/\\\/www.youthforequality.sk\\\/wp-content\\\/uploads\\\/2023\\\/03\\\/Greening-skills-of-young-people.png\",\"contentUrl\":\"https:\\\/\\\/www.youthforequality.sk\\\/wp-content\\\/uploads\\\/2023\\\/03\\\/Greening-skills-of-young-people.png\",\"width\":2000,\"height\":1414},{\"@type\":\"BreadcrumbList\",\"@id\":\"https:\\\/\\\/www.youthforequality.sk\\\/index.php\\\/2023\\\/03\\\/09\\\/green-skills-training\\\/#breadcrumb\",\"itemListElement\":[{\"@type\":\"ListItem\",\"position\":1,\"name\":\"Home\",\"item\":\"https:\\\/\\\/www.youthforequality.sk\\\/\"},{\"@type\":\"ListItem\",\"position\":2,\"name\":\"&#8220;Greening&#8221; skills of young people\"}]},{\"@type\":\"WebSite\",\"@id\":\"https:\\\/\\\/www.youthforequality.sk\\\/#website\",\"url\":\"https:\\\/\\\/www.youthforequality.sk\\\/\",\"name\":\"\",\"description\":\"\",\"publisher\":{\"@id\":\"https:\\\/\\\/www.youthforequality.sk\\\/#organization\"},\"potentialAction\":[{\"@type\":\"SearchAction\",\"target\":{\"@type\":\"EntryPoint\",\"urlTemplate\":\"https:\\\/\\\/www.youthforequality.sk\\\/?s={search_term_string}\"},\"query-input\":{\"@type\":\"PropertyValueSpecification\",\"valueRequired\":true,\"valueName\":\"search_term_string\"}}],\"inLanguage\":\"sk-SK\"},{\"@type\":\"Organization\",\"@id\":\"https:\\\/\\\/www.youthforequality.sk\\\/#organization\",\"name\":\"Youth for Equality\",\"url\":\"https:\\\/\\\/www.youthforequality.sk\\\/\",\"logo\":{\"@type\":\"ImageObject\",\"inLanguage\":\"sk-SK\",\"@id\":\"https:\\\/\\\/www.youthforequality.sk\\\/#\\\/schema\\\/logo\\\/image\\\/\",\"url\":\"https:\\\/\\\/www.youthforequality.sk\\\/wp-content\\\/uploads\\\/2021\\\/01\\\/vynovene-logo-nove-farby_modra-na-web.png\",\"contentUrl\":\"https:\\\/\\\/www.youthforequality.sk\\\/wp-content\\\/uploads\\\/2021\\\/01\\\/vynovene-logo-nove-farby_modra-na-web.png\",\"width\":1,\"height\":1,\"caption\":\"Youth for Equality\"},\"image\":{\"@id\":\"https:\\\/\\\/www.youthforequality.sk\\\/#\\\/schema\\\/logo\\\/image\\\/\"},\"sameAs\":[\"https:\\\/\\\/www.facebook.com\\\/yeslovakia\"]},{\"@type\":\"Person\",\"@id\":\"https:\\\/\\\/www.youthforequality.sk\\\/#\\\/schema\\\/person\\\/d342f25e638d824527d3b78bbfb97324\",\"name\":\"Silvia Jasenecova\",\"image\":{\"@type\":\"ImageObject\",\"inLanguage\":\"sk-SK\",\"@id\":\"https:\\\/\\\/secure.gravatar.com\\\/avatar\\\/43a8960df19336b9cc573e7be97a8f9c2f855c68a8e7248718d7ba5b039477bb?s=96&d=mm&r=g\",\"url\":\"https:\\\/\\\/secure.gravatar.com\\\/avatar\\\/43a8960df19336b9cc573e7be97a8f9c2f855c68a8e7248718d7ba5b039477bb?s=96&d=mm&r=g\",\"contentUrl\":\"https:\\\/\\\/secure.gravatar.com\\\/avatar\\\/43a8960df19336b9cc573e7be97a8f9c2f855c68a8e7248718d7ba5b039477bb?s=96&d=mm&r=g\",\"caption\":\"Silvia Jasenecova\"},\"url\":\"https:\\\/\\\/www.youthforequality.sk\\\/index.php\\\/author\\\/natalier\\\/\"}]}<\/script>\n<!-- \/ Yoast SEO plugin. -->","yoast_head_json":{"title":"\"Greening\" skills of young people |","robots":{"index":"index","follow":"follow","max-snippet":"max-snippet:-1","max-image-preview":"max-image-preview:large","max-video-preview":"max-video-preview:-1"},"canonical":"https:\/\/www.youthforequality.sk\/index.php\/2023\/03\/09\/green-skills-training\/","og_locale":"sk_SK","og_type":"article","og_title":"\"Greening\" skills of young people |","og_description":"Greening Skills of Young People\u00a0 April 2023 Ekologick\u00e9 zru\u010dnosti mlad\u00fdch \u013eud\u00ed\u00a0 Projekt spojil 24 mlad\u00fdch \u013eud\u00ed zo Slovenska, \u010ceska, Po\u013eska, Rumunska, \u0160panielska, Litvy, Turecka a Maced\u00f3nska na 6-d\u0148ovom programe mobility\/\u0161kolenia. Po\u010das tohto programu sa z\u00fa\u010dastnili r\u00f4znych neform\u00e1lnych aktiv\u00edt, workshopov a zdie\u013eali osved\u010den\u00e9 postupy s ostatn\u00fdmi \u00fa\u010dastn\u00edkmi. Cie\u013eom tohto projektu bolo zdie\u013ea\u0165 pr\u00edklady zelen\u00fdch pracovn\u00fdch miest&hellip;&nbsp;\u010c\u00edta\u0165 viac &raquo;&#8222;Greening&#8220; skills of young people","og_url":"https:\/\/www.youthforequality.sk\/index.php\/2023\/03\/09\/green-skills-training\/","article_publisher":"https:\/\/www.facebook.com\/yeslovakia","article_published_time":"2023-03-09T12:12:34+00:00","article_modified_time":"2024-01-31T09:10:48+00:00","og_image":[{"width":2000,"height":1414,"url":"https:\/\/www.youthforequality.sk\/wp-content\/uploads\/2023\/03\/Greening-skills-of-young-people.png","type":"image\/png"}],"author":"Silvia Jasenecova","twitter_card":"summary_large_image","twitter_misc":{"Autor":"Silvia Jasenecova","Predpokladan\u00fd \u010das \u010d\u00edtania":"2 min\u00faty"},"schema":{"@context":"https:\/\/schema.org","@graph":[{"@type":"Article","@id":"https:\/\/www.youthforequality.sk\/index.php\/2023\/03\/09\/green-skills-training\/#article","isPartOf":{"@id":"https:\/\/www.youthforequality.sk\/index.php\/2023\/03\/09\/green-skills-training\/"},"author":{"name":"Silvia Jasenecova","@id":"https:\/\/www.youthforequality.sk\/#\/schema\/person\/d342f25e638d824527d3b78bbfb97324"},"headline":"&#8222;Greening&#8220; skills of young people","datePublished":"2023-03-09T12:12:34+00:00","dateModified":"2024-01-31T09:10:48+00:00","mainEntityOfPage":{"@id":"https:\/\/www.youthforequality.sk\/index.php\/2023\/03\/09\/green-skills-training\/"},"wordCount":337,"publisher":{"@id":"https:\/\/www.youthforequality.sk\/#organization"},"image":{"@id":"https:\/\/www.youthforequality.sk\/index.php\/2023\/03\/09\/green-skills-training\/#primaryimage"},"thumbnailUrl":"https:\/\/www.youthforequality.sk\/wp-content\/uploads\/2023\/03\/Greening-skills-of-young-people.png","articleSection":["\u0160kolenia pre pracovn\u00edkov s ml\u00e1de\u017eou - predo\u0161l\u00e9 projekty"],"inLanguage":"sk-SK"},{"@type":"WebPage","@id":"https:\/\/www.youthforequality.sk\/index.php\/2023\/03\/09\/green-skills-training\/","url":"https:\/\/www.youthforequality.sk\/index.php\/2023\/03\/09\/green-skills-training\/","name":"\"Greening\" skills of young people |","isPartOf":{"@id":"https:\/\/www.youthforequality.sk\/#website"},"primaryImageOfPage":{"@id":"https:\/\/www.youthforequality.sk\/index.php\/2023\/03\/09\/green-skills-training\/#primaryimage"},"image":{"@id":"https:\/\/www.youthforequality.sk\/index.php\/2023\/03\/09\/green-skills-training\/#primaryimage"},"thumbnailUrl":"https:\/\/www.youthforequality.sk\/wp-content\/uploads\/2023\/03\/Greening-skills-of-young-people.png","datePublished":"2023-03-09T12:12:34+00:00","dateModified":"2024-01-31T09:10:48+00:00","breadcrumb":{"@id":"https:\/\/www.youthforequality.sk\/index.php\/2023\/03\/09\/green-skills-training\/#breadcrumb"},"inLanguage":"sk-SK","potentialAction":[{"@type":"ReadAction","target":["https:\/\/www.youthforequality.sk\/index.php\/2023\/03\/09\/green-skills-training\/"]}]},{"@type":"ImageObject","inLanguage":"sk-SK","@id":"https:\/\/www.youthforequality.sk\/index.php\/2023\/03\/09\/green-skills-training\/#primaryimage","url":"https:\/\/www.youthforequality.sk\/wp-content\/uploads\/2023\/03\/Greening-skills-of-young-people.png","contentUrl":"https:\/\/www.youthforequality.sk\/wp-content\/uploads\/2023\/03\/Greening-skills-of-young-people.png","width":2000,"height":1414},{"@type":"BreadcrumbList","@id":"https:\/\/www.youthforequality.sk\/index.php\/2023\/03\/09\/green-skills-training\/#breadcrumb","itemListElement":[{"@type":"ListItem","position":1,"name":"Home","item":"https:\/\/www.youthforequality.sk\/"},{"@type":"ListItem","position":2,"name":"&#8220;Greening&#8221; skills of young people"}]},{"@type":"WebSite","@id":"https:\/\/www.youthforequality.sk\/#website","url":"https:\/\/www.youthforequality.sk\/","name":"","description":"","publisher":{"@id":"https:\/\/www.youthforequality.sk\/#organization"},"potentialAction":[{"@type":"SearchAction","target":{"@type":"EntryPoint","urlTemplate":"https:\/\/www.youthforequality.sk\/?s={search_term_string}"},"query-input":{"@type":"PropertyValueSpecification","valueRequired":true,"valueName":"search_term_string"}}],"inLanguage":"sk-SK"},{"@type":"Organization","@id":"https:\/\/www.youthforequality.sk\/#organization","name":"Youth for Equality","url":"https:\/\/www.youthforequality.sk\/","logo":{"@type":"ImageObject","inLanguage":"sk-SK","@id":"https:\/\/www.youthforequality.sk\/#\/schema\/logo\/image\/","url":"https:\/\/www.youthforequality.sk\/wp-content\/uploads\/2021\/01\/vynovene-logo-nove-farby_modra-na-web.png","contentUrl":"https:\/\/www.youthforequality.sk\/wp-content\/uploads\/2021\/01\/vynovene-logo-nove-farby_modra-na-web.png","width":1,"height":1,"caption":"Youth for Equality"},"image":{"@id":"https:\/\/www.youthforequality.sk\/#\/schema\/logo\/image\/"},"sameAs":["https:\/\/www.facebook.com\/yeslovakia"]},{"@type":"Person","@id":"https:\/\/www.youthforequality.sk\/#\/schema\/person\/d342f25e638d824527d3b78bbfb97324","name":"Silvia Jasenecova","image":{"@type":"ImageObject","inLanguage":"sk-SK","@id":"https:\/\/secure.gravatar.com\/avatar\/43a8960df19336b9cc573e7be97a8f9c2f855c68a8e7248718d7ba5b039477bb?s=96&d=mm&r=g","url":"https:\/\/secure.gravatar.com\/avatar\/43a8960df19336b9cc573e7be97a8f9c2f855c68a8e7248718d7ba5b039477bb?s=96&d=mm&r=g","contentUrl":"https:\/\/secure.gravatar.com\/avatar\/43a8960df19336b9cc573e7be97a8f9c2f855c68a8e7248718d7ba5b039477bb?s=96&d=mm&r=g","caption":"Silvia Jasenecova"},"url":"https:\/\/www.youthforequality.sk\/index.php\/author\/natalier\/"}]}},"_links":{"self":[{"href":"https:\/\/www.youthforequality.sk\/index.php\/wp-json\/wp\/v2\/posts\/4910","targetHints":{"allow":["GET"]}}],"collection":[{"href":"https:\/\/www.youthforequality.sk\/index.php\/wp-json\/wp\/v2\/posts"}],"about":[{"href":"https:\/\/www.youthforequality.sk\/index.php\/wp-json\/wp\/v2\/types\/post"}],"author":[{"embeddable":true,"href":"https:\/\/www.youthforequality.sk\/index.php\/wp-json\/wp\/v2\/users\/7"}],"replies":[{"embeddable":true,"href":"https:\/\/www.youthforequality.sk\/index.php\/wp-json\/wp\/v2\/comments?post=4910"}],"version-history":[{"count":46,"href":"https:\/\/www.youthforequality.sk\/index.php\/wp-json\/wp\/v2\/posts\/4910\/revisions"}],"predecessor-version":[{"id":6532,"href":"https:\/\/www.youthforequality.sk\/index.php\/wp-json\/wp\/v2\/posts\/4910\/revisions\/6532"}],"wp:featuredmedia":[{"embeddable":true,"href":"https:\/\/www.youthforequality.sk\/index.php\/wp-json\/wp\/v2\/media\/4912"}],"wp:attachment":[{"href":"https:\/\/www.youthforequality.sk\/index.php\/wp-json\/wp\/v2\/media?parent=4910"}],"wp:term":[{"taxonomy":"category","embeddable":true,"href":"https:\/\/www.youthforequality.sk\/index.php\/wp-json\/wp\/v2\/categories?post=4910"},{"taxonomy":"post_tag","embeddable":true,"href":"https:\/\/www.youthforequality.sk\/index.php\/wp-json\/wp\/v2\/tags?post=4910"}],"curies":[{"name":"wp","href":"https:\/\/api.w.org\/{rel}","templated":true}]}}