{"id":5300,"date":"2023-06-28T10:59:28","date_gmt":"2023-06-28T08:59:28","guid":{"rendered":"https:\/\/www.youthforequality.sk\/index.php\/2023\/06\/28\/city-health-second-week-esc-team-volunteering-copy\/"},"modified":"2023-06-28T11:01:57","modified_gmt":"2023-06-28T09:01:57","slug":"individual-wellness-for-mindful-youth-work-tc-in-austria_1-9th-april","status":"publish","type":"post","link":"https:\/\/www.youthforequality.sk\/index.php\/2023\/06\/28\/individual-wellness-for-mindful-youth-work-tc-in-austria_1-9th-april\/","title":{"rendered":"Individual Wellness for Mindful Youth Work TC in Austria_1-9th April"},"content":{"rendered":"\t\t<div data-elementor-type=\"wp-post\" data-elementor-id=\"5300\" class=\"elementor elementor-5300\">\n\t\t\t\t\t\t<section class=\"elementor-section elementor-top-section elementor-element elementor-element-f2550da elementor-section-boxed elementor-section-height-default elementor-section-height-default\" data-id=\"f2550da\" data-element_type=\"section\" data-e-type=\"section\">\n\t\t\t\t\t\t<div class=\"elementor-container elementor-column-gap-default\">\n\t\t\t\t\t<div class=\"elementor-column elementor-col-100 elementor-top-column elementor-element elementor-element-1589057\" data-id=\"1589057\" data-element_type=\"column\" data-e-type=\"column\">\n\t\t\t<div class=\"elementor-widget-wrap elementor-element-populated\">\n\t\t\t\t\t\t<div class=\"elementor-element elementor-element-a878e17 elementor-widget elementor-widget-text-editor\" data-id=\"a878e17\" data-element_type=\"widget\" data-e-type=\"widget\" data-widget_type=\"text-editor.default\">\n\t\t\t\t<div class=\"elementor-widget-container\">\n\t\t\t\t\t\t\t\t\t<p><span style=\"font-weight: 400;\">Being part of your lives was like a fortune cookie that said: <\/span><span style=\"font-weight: 400;\">Be thankful for your luck.<\/span><\/p><p><span style=\"font-weight: 400;\">Although I am not as <\/span><span style=\"font-weight: 400;\">kind<\/span><span style=\"font-weight: 400;\"> as <\/span><span style=\"font-weight: 400;\">Barbora<\/span><span style=\"font-weight: 400;\">, or as <\/span><span style=\"font-weight: 400;\">observative<\/span><span style=\"font-weight: 400;\"> as <\/span><span style=\"font-weight: 400;\">Nick<\/span><span style=\"font-weight: 400;\">, or as <\/span><span style=\"font-weight: 400;\">knowledgeable<\/span><span style=\"font-weight: 400;\"> as <\/span><span style=\"font-weight: 400;\">Nayden<\/span><span style=\"font-weight: 400;\">, or as <\/span><span style=\"font-weight: 400;\">adventurous<\/span><span style=\"font-weight: 400;\"> as <\/span><span style=\"font-weight: 400;\">Joanna<\/span><span style=\"font-weight: 400;\">, or as <\/span><span style=\"font-weight: 400;\">flexible<\/span><span style=\"font-weight: 400;\"> as <\/span><span style=\"font-weight: 400;\">Orsie<\/span><span style=\"font-weight: 400;\">, or as <\/span><span style=\"font-weight: 400;\">dynamic<\/span><span style=\"font-weight: 400;\"> as <\/span><span style=\"font-weight: 400;\">Sophie<\/span><span style=\"font-weight: 400;\">, or as <\/span><span style=\"font-weight: 400;\">fiery<\/span><span style=\"font-weight: 400;\"> as <\/span><span style=\"font-weight: 400;\">Femke<\/span><span style=\"font-weight: 400;\">, or as <\/span><span style=\"font-weight: 400;\">poetic<\/span><span style=\"font-weight: 400;\"> as <\/span><span style=\"font-weight: 400;\">Lorena<\/span><span style=\"font-weight: 400;\">, or as <\/span><span style=\"font-weight: 400;\">supportive<\/span><span style=\"font-weight: 400;\"> as <\/span><span style=\"font-weight: 400;\">Nathalie<\/span><span style=\"font-weight: 400;\">, or as <\/span><span style=\"font-weight: 400;\">thoughtful<\/span><span style=\"font-weight: 400;\"> as <\/span><span style=\"font-weight: 400;\">Chiara<\/span><span style=\"font-weight: 400;\">, or as <\/span><span style=\"font-weight: 400;\">erotic<\/span><span style=\"font-weight: 400;\"> as <\/span><span style=\"font-weight: 400;\">Raul<\/span><span style=\"font-weight: 400;\">, or as <\/span><span style=\"font-weight: 400;\">loyal<\/span><span style=\"font-weight: 400;\"> as <\/span><span style=\"font-weight: 400;\">Sedat<\/span><span style=\"font-weight: 400;\">, or as <\/span><span style=\"font-weight: 400;\">pure<\/span><span style=\"font-weight: 400;\"> as <\/span><span style=\"font-weight: 400;\">Ploumi<\/span><span style=\"font-weight: 400;\">, or as <\/span><span style=\"font-weight: 400;\">sharpy<\/span><span style=\"font-weight: 400;\"> as <\/span><span style=\"font-weight: 400;\">Dawid<\/span><span style=\"font-weight: 400;\">, or as <\/span><span style=\"font-weight: 400;\">appealing<\/span><span style=\"font-weight: 400;\"> as <\/span><span style=\"font-weight: 400;\">Zuzanka<\/span><span style=\"font-weight: 400;\">, or as <\/span><span style=\"font-weight: 400;\">playful<\/span><span style=\"font-weight: 400;\"> as <\/span><span style=\"font-weight: 400;\">Richard<\/span><span style=\"font-weight: 400;\">, or as <\/span><span style=\"font-weight: 400;\">peaceful<\/span><span style=\"font-weight: 400;\"> as <\/span><span style=\"font-weight: 400;\">Jay<\/span><span style=\"font-weight: 400;\">, or as <\/span><span style=\"font-weight: 400;\">artistic<\/span><span style=\"font-weight: 400;\"> as <\/span><span style=\"font-weight: 400;\">Klara<\/span><span style=\"font-weight: 400;\">, or as <\/span><span style=\"font-weight: 400;\">sweet<\/span><span style=\"font-weight: 400;\"> as <\/span><span style=\"font-weight: 400;\">Zeynep<\/span><span style=\"font-weight: 400;\">, or as <\/span><span style=\"font-weight: 400;\">brave<\/span><span style=\"font-weight: 400;\"> as <\/span><span style=\"font-weight: 400;\">Rebeca<\/span><span style=\"font-weight: 400;\">, or as <\/span><span style=\"font-weight: 400;\">consistent<\/span><span style=\"font-weight: 400;\"> as <\/span><span style=\"font-weight: 400;\">Veselin<\/span><span style=\"font-weight: 400;\">, or an <\/span><span style=\"font-weight: 400;\">overthinker<\/span><span style=\"font-weight: 400;\"> as <\/span><span style=\"font-weight: 400;\">Layla<\/span><span style=\"font-weight: 400;\">, or an <\/span><span style=\"font-weight: 400;\">explorer<\/span><span style=\"font-weight: 400;\"> as <\/span><span style=\"font-weight: 400;\">Giordano<\/span><span style=\"font-weight: 400;\">, or a <\/span><span style=\"font-weight: 400;\">good listener<\/span><span style=\"font-weight: 400;\"> as <\/span><span style=\"font-weight: 400;\">Arletta<\/span><span style=\"font-weight: 400;\">, or an <\/span><span style=\"font-weight: 400;\">achiever<\/span><span style=\"font-weight: 400;\"> as <\/span><span style=\"font-weight: 400;\">Francesco<\/span><span style=\"font-weight: 400;\">, or a <\/span><span style=\"font-weight: 400;\">warrior<\/span><span style=\"font-weight: 400;\"> as <\/span><span style=\"font-weight: 400;\">Davide<\/span><span style=\"font-weight: 400;\">, or a good cooker aa <\/span><span style=\"font-weight: 400;\">Mikey<\/span><span style=\"font-weight: 400;\">, I am the most grateful, because I deeply appreciate all the small things you all have done for me so thank you <\/span><b>Davide<\/b><span style=\"font-weight: 400;\"> for teaching me martial arts, thank you <\/span><b>Nick<\/b><span style=\"font-weight: 400;\"> for supporting the Greek team, thank you <\/span><b>Nayden<\/b><span style=\"font-weight: 400;\"> for reflecting all of us in your music, thank you <\/span><b>Raul<\/b><span style=\"font-weight: 400;\"> for always smiling back at me, thank you <\/span><b>Barbora<\/b><span style=\"font-weight: 400;\"> for waking me up in the morning, thank you <\/span><b>Joanna<\/b><span style=\"font-weight: 400;\"> for being always willing to listen, thank you <\/span><b>Nathalie<\/b><span style=\"font-weight: 400;\"> for adding in my stupidity and being a silent hug for everyone, thank you <\/span><b>Layla<\/b><span style=\"font-weight: 400;\"> for open your heart to us, thank you <\/span><b>Chiara<\/b><span style=\"font-weight: 400;\"> for cherishing us through your writing, thank you <\/span><b>Sedat<\/b><span style=\"font-weight: 400;\"> for your silent love, thank you <\/span><b>Arletta<\/b><span style=\"font-weight: 400;\"> for trying to respect everyone, thank you <\/span><b>Ploumi<\/b><span style=\"font-weight: 400;\"> for being the last warrior in dancing, thank you <\/span><b>Klara<\/b><span style=\"font-weight: 400;\"> for laughing with some stupid jokes of mine, thank you <\/span><b>Zuzanka<\/b><span style=\"font-weight: 400;\"> for always joining the vibe of the team, thank you <\/span><b>Orsie<\/b><span style=\"font-weight: 400;\"> for teaching us all these things, thank you <\/span><b>Lorena<\/b><span style=\"font-weight: 400;\"> for your calming touch, thank you <\/span><b>Francesco<\/b><span style=\"font-weight: 400;\"> for the yogurt with marmalade, thank you <\/span><b>Richard<\/b><span style=\"font-weight: 400;\"> for observing my weird feelings, thank you <\/span><b>Dawid<\/b><span style=\"font-weight: 400;\"> for playing ninja with me (and the mug), thank you <\/span><b>Veselin<\/b><span style=\"font-weight: 400;\"> for teaching us how to attempt to dance with patience, thank you <\/span><b>Rebeca<\/b><span style=\"font-weight: 400;\"> for trying to learn Greek phrases, thank you <\/span><b>Giordano<\/b><span style=\"font-weight: 400;\"> for the massage and the laughter, thank you <\/span><b>Zeynep<\/b><span style=\"font-weight: 400;\"> for cherish me all the time, thank you <\/span><b>Femke<\/b><span style=\"font-weight: 400;\"> for having the most enjoyable laughter in the whole project,\u00a0 thank you <\/span><b>Jay<\/b><span style=\"font-weight: 400;\"> for taking me to the train station, thank you <\/span><b>Sophia<\/b><span style=\"font-weight: 400;\"> for offering me to make me a new March, thank you <\/span><b>Mikey<\/b><span style=\"font-weight: 400;\"> for calling me the sunshine.\u00a0<\/span><\/p><p>\u00a0<\/p><p><span style=\"font-weight: 400;\">So, if you all have to remember only one thing about me (even though it may sound contradicted) then I wish in the world where everyone tries to be special and extraordinary, you be simple. You enjoy every moment. Love simplicity, all these moments that forms us today were every day plain things. They worth everything and people do not consider them as rich, people do not pay attention.\u00a0<\/span><\/p><p><i><span style=\"font-weight: 400;\">This was the springboard for me and my lifestyle:<\/span><\/i><span style=\"font-weight: 400;\"> https:\/\/youtu.be\/ZnT-8dDajGs<\/span><\/p><p><span style=\"font-weight: 400;\">\u00a0For all these reasons please do not throw me out of the balloon, because even though I could not pay you back enough for the little moments you gave me, I will be the one who wherever I am or wherever I reach I will carry you all with me.\u00a0<\/span><\/p><p><span style=\"font-weight: 400;\">\u00a0<\/span><b>Be a simple kind of man<\/b><span style=\"font-weight: 400;\"> https:\/\/www.youtube.com\/watch?v=3SniMv8EGiY&amp;ab_channel=PinkLyrics<\/span><\/p>\t\t\t\t\t\t\t\t<\/div>\n\t\t\t\t<\/div>\n\t\t\t\t\t<\/div>\n\t\t<\/div>\n\t\t\t\t\t<\/div>\n\t\t<\/section>\n\t\t\t\t<section class=\"elementor-section elementor-top-section elementor-element elementor-element-aa848a8 elementor-section-boxed elementor-section-height-default elementor-section-height-default\" data-id=\"aa848a8\" data-element_type=\"section\" data-e-type=\"section\">\n\t\t\t\t\t\t<div class=\"elementor-container elementor-column-gap-default\">\n\t\t\t\t\t<div class=\"elementor-column elementor-col-100 elementor-top-column elementor-element elementor-element-453db18\" data-id=\"453db18\" data-element_type=\"column\" data-e-type=\"column\">\n\t\t\t<div class=\"elementor-widget-wrap elementor-element-populated\">\n\t\t\t\t\t\t<div class=\"elementor-element elementor-element-4a3bdff elementor-widget elementor-widget-image\" data-id=\"4a3bdff\" data-element_type=\"widget\" data-e-type=\"widget\" data-widget_type=\"image.default\">\n\t\t\t\t<div class=\"elementor-widget-container\">\n\t\t\t\t\t\t\t\t\t\t\t\t\t\t\t<img fetchpriority=\"high\" decoding=\"async\" width=\"1024\" height=\"461\" src=\"https:\/\/www.youthforequality.sk\/wp-content\/uploads\/2023\/06\/493ac71f-72e5-4fda-8b7a-f010a390510f-1024x461.jpg\" class=\"attachment-large size-large wp-image-5303\" alt=\"\" srcset=\"https:\/\/www.youthforequality.sk\/wp-content\/uploads\/2023\/06\/493ac71f-72e5-4fda-8b7a-f010a390510f-1024x461.jpg 1024w, https:\/\/www.youthforequality.sk\/wp-content\/uploads\/2023\/06\/493ac71f-72e5-4fda-8b7a-f010a390510f-300x135.jpg 300w, https:\/\/www.youthforequality.sk\/wp-content\/uploads\/2023\/06\/493ac71f-72e5-4fda-8b7a-f010a390510f-768x346.jpg 768w, https:\/\/www.youthforequality.sk\/wp-content\/uploads\/2023\/06\/493ac71f-72e5-4fda-8b7a-f010a390510f-1536x691.jpg 1536w, https:\/\/www.youthforequality.sk\/wp-content\/uploads\/2023\/06\/493ac71f-72e5-4fda-8b7a-f010a390510f.jpg 2000w\" sizes=\"(max-width: 1024px) 100vw, 1024px\" \/>\t\t\t\t\t\t\t\t\t\t\t\t\t\t\t<\/div>\n\t\t\t\t<\/div>\n\t\t\t\t\t<\/div>\n\t\t<\/div>\n\t\t\t\t\t<\/div>\n\t\t<\/section>\n\t\t\t\t<\/div>\n\t\t","protected":false},"excerpt":{"rendered":"<p>Being part of your lives was like a fortune cookie that said: Be thankful for your luck. Although I am not as kind as Barbora, or as observative as Nick, or as knowledgeable as Nayden, or as adventurous as Joanna, or as flexible as Orsie, or as dynamic as Sophie, or as fiery as Femke,&hellip;&nbsp;<a href=\"https:\/\/www.youthforequality.sk\/index.php\/2023\/06\/28\/individual-wellness-for-mindful-youth-work-tc-in-austria_1-9th-april\/\" class=\"\" rel=\"bookmark\">\u010c\u00edta\u0165 viac &raquo;<span class=\"screen-reader-text\">Individual Wellness for Mindful Youth Work TC in Austria_1-9th April<\/span><\/a><\/p>\n","protected":false},"author":2,"featured_media":5302,"comment_status":"closed","ping_status":"open","sticky":false,"template":"","format":"standard","meta":{"_uf_show_specific_survey":0,"_uf_disable_surveys":false,"neve_meta_sidebar":"","neve_meta_container":"","neve_meta_enable_content_width":"off","neve_meta_content_width":70,"neve_meta_title_alignment":"","neve_meta_author_avatar":"","neve_post_elements_order":"","neve_meta_disable_header":"","neve_meta_disable_footer":"","neve_meta_disable_title":"","_themeisle_gutenberg_block_has_review":false,"footnotes":""},"categories":[3],"tags":[],"class_list":["post-5300","post","type-post","status-publish","format-standard","has-post-thumbnail","hentry","category-blog"],"yoast_head":"<!-- This site is optimized with the Yoast SEO plugin v27.4 - https:\/\/yoast.com\/product\/yoast-seo-wordpress\/ -->\n<title>Individual Wellness for Mindful Youth Work TC in Austria_1-9th April |<\/title>\n<meta name=\"robots\" content=\"index, follow, max-snippet:-1, max-image-preview:large, max-video-preview:-1\" \/>\n<link rel=\"canonical\" href=\"https:\/\/www.youthforequality.sk\/index.php\/2023\/06\/28\/individual-wellness-for-mindful-youth-work-tc-in-austria_1-9th-april\/\" \/>\n<meta property=\"og:locale\" content=\"sk_SK\" \/>\n<meta property=\"og:type\" content=\"article\" \/>\n<meta property=\"og:title\" content=\"Individual Wellness for Mindful Youth Work TC in Austria_1-9th April |\" \/>\n<meta property=\"og:description\" content=\"Being part of your lives was like a fortune cookie that said: Be thankful for your luck. Although I am not as kind as Barbora, or as observative as Nick, or as knowledgeable as Nayden, or as adventurous as Joanna, or as flexible as Orsie, or as dynamic as Sophie, or as fiery as Femke,&hellip;&nbsp;\u010c\u00edta\u0165 viac &raquo;Individual Wellness for Mindful Youth Work TC in Austria_1-9th April\" \/>\n<meta property=\"og:url\" content=\"https:\/\/www.youthforequality.sk\/index.php\/2023\/06\/28\/individual-wellness-for-mindful-youth-work-tc-in-austria_1-9th-april\/\" \/>\n<meta property=\"article:publisher\" content=\"https:\/\/www.facebook.com\/yeslovakia\" \/>\n<meta property=\"article:published_time\" content=\"2023-06-28T08:59:28+00:00\" \/>\n<meta property=\"article:modified_time\" content=\"2023-06-28T09:01:57+00:00\" \/>\n<meta property=\"og:image\" content=\"https:\/\/www.youthforequality.sk\/wp-content\/uploads\/2023\/06\/df1c854f-6ba4-4fc9-b136-b2d710c961e3.jpg\" \/>\n\t<meta property=\"og:image:width\" content=\"1640\" \/>\n\t<meta property=\"og:image:height\" content=\"738\" \/>\n\t<meta property=\"og:image:type\" content=\"image\/jpeg\" \/>\n<meta name=\"author\" content=\"Diana Ja\u0161ekov\u00e1\" \/>\n<meta name=\"twitter:card\" content=\"summary_large_image\" \/>\n<meta name=\"twitter:label1\" content=\"Autor\" \/>\n\t<meta name=\"twitter:data1\" content=\"Diana Ja\u0161ekov\u00e1\" \/>\n\t<meta name=\"twitter:label2\" content=\"Predpokladan\u00fd \u010das \u010d\u00edtania\" \/>\n\t<meta name=\"twitter:data2\" content=\"3 min\u00faty\" \/>\n<script type=\"application\/ld+json\" class=\"yoast-schema-graph\">{\"@context\":\"https:\\\/\\\/schema.org\",\"@graph\":[{\"@type\":\"Article\",\"@id\":\"https:\\\/\\\/www.youthforequality.sk\\\/index.php\\\/2023\\\/06\\\/28\\\/individual-wellness-for-mindful-youth-work-tc-in-austria_1-9th-april\\\/#article\",\"isPartOf\":{\"@id\":\"https:\\\/\\\/www.youthforequality.sk\\\/index.php\\\/2023\\\/06\\\/28\\\/individual-wellness-for-mindful-youth-work-tc-in-austria_1-9th-april\\\/\"},\"author\":{\"name\":\"Diana Ja\u0161ekov\u00e1\",\"@id\":\"https:\\\/\\\/www.youthforequality.sk\\\/#\\\/schema\\\/person\\\/be8fe75a4ed9c28400bc99a029218b24\"},\"headline\":\"Individual Wellness for Mindful Youth Work TC in Austria_1-9th April\",\"datePublished\":\"2023-06-28T08:59:28+00:00\",\"dateModified\":\"2023-06-28T09:01:57+00:00\",\"mainEntityOfPage\":{\"@id\":\"https:\\\/\\\/www.youthforequality.sk\\\/index.php\\\/2023\\\/06\\\/28\\\/individual-wellness-for-mindful-youth-work-tc-in-austria_1-9th-april\\\/\"},\"wordCount\":601,\"publisher\":{\"@id\":\"https:\\\/\\\/www.youthforequality.sk\\\/#organization\"},\"image\":{\"@id\":\"https:\\\/\\\/www.youthforequality.sk\\\/index.php\\\/2023\\\/06\\\/28\\\/individual-wellness-for-mindful-youth-work-tc-in-austria_1-9th-april\\\/#primaryimage\"},\"thumbnailUrl\":\"https:\\\/\\\/www.youthforequality.sk\\\/wp-content\\\/uploads\\\/2023\\\/06\\\/df1c854f-6ba4-4fc9-b136-b2d710c961e3.jpg\",\"articleSection\":[\"Blog\"],\"inLanguage\":\"sk-SK\"},{\"@type\":\"WebPage\",\"@id\":\"https:\\\/\\\/www.youthforequality.sk\\\/index.php\\\/2023\\\/06\\\/28\\\/individual-wellness-for-mindful-youth-work-tc-in-austria_1-9th-april\\\/\",\"url\":\"https:\\\/\\\/www.youthforequality.sk\\\/index.php\\\/2023\\\/06\\\/28\\\/individual-wellness-for-mindful-youth-work-tc-in-austria_1-9th-april\\\/\",\"name\":\"Individual Wellness for Mindful Youth Work TC in Austria_1-9th April |\",\"isPartOf\":{\"@id\":\"https:\\\/\\\/www.youthforequality.sk\\\/#website\"},\"primaryImageOfPage\":{\"@id\":\"https:\\\/\\\/www.youthforequality.sk\\\/index.php\\\/2023\\\/06\\\/28\\\/individual-wellness-for-mindful-youth-work-tc-in-austria_1-9th-april\\\/#primaryimage\"},\"image\":{\"@id\":\"https:\\\/\\\/www.youthforequality.sk\\\/index.php\\\/2023\\\/06\\\/28\\\/individual-wellness-for-mindful-youth-work-tc-in-austria_1-9th-april\\\/#primaryimage\"},\"thumbnailUrl\":\"https:\\\/\\\/www.youthforequality.sk\\\/wp-content\\\/uploads\\\/2023\\\/06\\\/df1c854f-6ba4-4fc9-b136-b2d710c961e3.jpg\",\"datePublished\":\"2023-06-28T08:59:28+00:00\",\"dateModified\":\"2023-06-28T09:01:57+00:00\",\"breadcrumb\":{\"@id\":\"https:\\\/\\\/www.youthforequality.sk\\\/index.php\\\/2023\\\/06\\\/28\\\/individual-wellness-for-mindful-youth-work-tc-in-austria_1-9th-april\\\/#breadcrumb\"},\"inLanguage\":\"sk-SK\",\"potentialAction\":[{\"@type\":\"ReadAction\",\"target\":[\"https:\\\/\\\/www.youthforequality.sk\\\/index.php\\\/2023\\\/06\\\/28\\\/individual-wellness-for-mindful-youth-work-tc-in-austria_1-9th-april\\\/\"]}]},{\"@type\":\"ImageObject\",\"inLanguage\":\"sk-SK\",\"@id\":\"https:\\\/\\\/www.youthforequality.sk\\\/index.php\\\/2023\\\/06\\\/28\\\/individual-wellness-for-mindful-youth-work-tc-in-austria_1-9th-april\\\/#primaryimage\",\"url\":\"https:\\\/\\\/www.youthforequality.sk\\\/wp-content\\\/uploads\\\/2023\\\/06\\\/df1c854f-6ba4-4fc9-b136-b2d710c961e3.jpg\",\"contentUrl\":\"https:\\\/\\\/www.youthforequality.sk\\\/wp-content\\\/uploads\\\/2023\\\/06\\\/df1c854f-6ba4-4fc9-b136-b2d710c961e3.jpg\",\"width\":1640,\"height\":738},{\"@type\":\"BreadcrumbList\",\"@id\":\"https:\\\/\\\/www.youthforequality.sk\\\/index.php\\\/2023\\\/06\\\/28\\\/individual-wellness-for-mindful-youth-work-tc-in-austria_1-9th-april\\\/#breadcrumb\",\"itemListElement\":[{\"@type\":\"ListItem\",\"position\":1,\"name\":\"Home\",\"item\":\"https:\\\/\\\/www.youthforequality.sk\\\/\"},{\"@type\":\"ListItem\",\"position\":2,\"name\":\"Individual Wellness for Mindful Youth Work TC in Austria_1-9th April\"}]},{\"@type\":\"WebSite\",\"@id\":\"https:\\\/\\\/www.youthforequality.sk\\\/#website\",\"url\":\"https:\\\/\\\/www.youthforequality.sk\\\/\",\"name\":\"\",\"description\":\"\",\"publisher\":{\"@id\":\"https:\\\/\\\/www.youthforequality.sk\\\/#organization\"},\"potentialAction\":[{\"@type\":\"SearchAction\",\"target\":{\"@type\":\"EntryPoint\",\"urlTemplate\":\"https:\\\/\\\/www.youthforequality.sk\\\/?s={search_term_string}\"},\"query-input\":{\"@type\":\"PropertyValueSpecification\",\"valueRequired\":true,\"valueName\":\"search_term_string\"}}],\"inLanguage\":\"sk-SK\"},{\"@type\":\"Organization\",\"@id\":\"https:\\\/\\\/www.youthforequality.sk\\\/#organization\",\"name\":\"Youth for Equality\",\"url\":\"https:\\\/\\\/www.youthforequality.sk\\\/\",\"logo\":{\"@type\":\"ImageObject\",\"inLanguage\":\"sk-SK\",\"@id\":\"https:\\\/\\\/www.youthforequality.sk\\\/#\\\/schema\\\/logo\\\/image\\\/\",\"url\":\"https:\\\/\\\/www.youthforequality.sk\\\/wp-content\\\/uploads\\\/2021\\\/01\\\/vynovene-logo-nove-farby_modra-na-web.png\",\"contentUrl\":\"https:\\\/\\\/www.youthforequality.sk\\\/wp-content\\\/uploads\\\/2021\\\/01\\\/vynovene-logo-nove-farby_modra-na-web.png\",\"width\":1,\"height\":1,\"caption\":\"Youth for Equality\"},\"image\":{\"@id\":\"https:\\\/\\\/www.youthforequality.sk\\\/#\\\/schema\\\/logo\\\/image\\\/\"},\"sameAs\":[\"https:\\\/\\\/www.facebook.com\\\/yeslovakia\"]},{\"@type\":\"Person\",\"@id\":\"https:\\\/\\\/www.youthforequality.sk\\\/#\\\/schema\\\/person\\\/be8fe75a4ed9c28400bc99a029218b24\",\"name\":\"Diana Ja\u0161ekov\u00e1\",\"image\":{\"@type\":\"ImageObject\",\"inLanguage\":\"sk-SK\",\"@id\":\"https:\\\/\\\/secure.gravatar.com\\\/avatar\\\/8c7454049523c9673804cf321f89b38fd4fcd5aa5ad8961f32caaf292dfd996f?s=96&d=mm&r=g\",\"url\":\"https:\\\/\\\/secure.gravatar.com\\\/avatar\\\/8c7454049523c9673804cf321f89b38fd4fcd5aa5ad8961f32caaf292dfd996f?s=96&d=mm&r=g\",\"contentUrl\":\"https:\\\/\\\/secure.gravatar.com\\\/avatar\\\/8c7454049523c9673804cf321f89b38fd4fcd5aa5ad8961f32caaf292dfd996f?s=96&d=mm&r=g\",\"caption\":\"Diana Ja\u0161ekov\u00e1\"},\"url\":\"https:\\\/\\\/www.youthforequality.sk\\\/index.php\\\/author\\\/diajas\\\/\"}]}<\/script>\n<!-- \/ Yoast SEO plugin. -->","yoast_head_json":{"title":"Individual Wellness for Mindful Youth Work TC in Austria_1-9th April |","robots":{"index":"index","follow":"follow","max-snippet":"max-snippet:-1","max-image-preview":"max-image-preview:large","max-video-preview":"max-video-preview:-1"},"canonical":"https:\/\/www.youthforequality.sk\/index.php\/2023\/06\/28\/individual-wellness-for-mindful-youth-work-tc-in-austria_1-9th-april\/","og_locale":"sk_SK","og_type":"article","og_title":"Individual Wellness for Mindful Youth Work TC in Austria_1-9th April |","og_description":"Being part of your lives was like a fortune cookie that said: Be thankful for your luck. Although I am not as kind as Barbora, or as observative as Nick, or as knowledgeable as Nayden, or as adventurous as Joanna, or as flexible as Orsie, or as dynamic as Sophie, or as fiery as Femke,&hellip;&nbsp;\u010c\u00edta\u0165 viac &raquo;Individual Wellness for Mindful Youth Work TC in Austria_1-9th April","og_url":"https:\/\/www.youthforequality.sk\/index.php\/2023\/06\/28\/individual-wellness-for-mindful-youth-work-tc-in-austria_1-9th-april\/","article_publisher":"https:\/\/www.facebook.com\/yeslovakia","article_published_time":"2023-06-28T08:59:28+00:00","article_modified_time":"2023-06-28T09:01:57+00:00","og_image":[{"width":1640,"height":738,"url":"https:\/\/www.youthforequality.sk\/wp-content\/uploads\/2023\/06\/df1c854f-6ba4-4fc9-b136-b2d710c961e3.jpg","type":"image\/jpeg"}],"author":"Diana Ja\u0161ekov\u00e1","twitter_card":"summary_large_image","twitter_misc":{"Autor":"Diana Ja\u0161ekov\u00e1","Predpokladan\u00fd \u010das \u010d\u00edtania":"3 min\u00faty"},"schema":{"@context":"https:\/\/schema.org","@graph":[{"@type":"Article","@id":"https:\/\/www.youthforequality.sk\/index.php\/2023\/06\/28\/individual-wellness-for-mindful-youth-work-tc-in-austria_1-9th-april\/#article","isPartOf":{"@id":"https:\/\/www.youthforequality.sk\/index.php\/2023\/06\/28\/individual-wellness-for-mindful-youth-work-tc-in-austria_1-9th-april\/"},"author":{"name":"Diana Ja\u0161ekov\u00e1","@id":"https:\/\/www.youthforequality.sk\/#\/schema\/person\/be8fe75a4ed9c28400bc99a029218b24"},"headline":"Individual Wellness for Mindful Youth Work TC in Austria_1-9th April","datePublished":"2023-06-28T08:59:28+00:00","dateModified":"2023-06-28T09:01:57+00:00","mainEntityOfPage":{"@id":"https:\/\/www.youthforequality.sk\/index.php\/2023\/06\/28\/individual-wellness-for-mindful-youth-work-tc-in-austria_1-9th-april\/"},"wordCount":601,"publisher":{"@id":"https:\/\/www.youthforequality.sk\/#organization"},"image":{"@id":"https:\/\/www.youthforequality.sk\/index.php\/2023\/06\/28\/individual-wellness-for-mindful-youth-work-tc-in-austria_1-9th-april\/#primaryimage"},"thumbnailUrl":"https:\/\/www.youthforequality.sk\/wp-content\/uploads\/2023\/06\/df1c854f-6ba4-4fc9-b136-b2d710c961e3.jpg","articleSection":["Blog"],"inLanguage":"sk-SK"},{"@type":"WebPage","@id":"https:\/\/www.youthforequality.sk\/index.php\/2023\/06\/28\/individual-wellness-for-mindful-youth-work-tc-in-austria_1-9th-april\/","url":"https:\/\/www.youthforequality.sk\/index.php\/2023\/06\/28\/individual-wellness-for-mindful-youth-work-tc-in-austria_1-9th-april\/","name":"Individual Wellness for Mindful Youth Work TC in Austria_1-9th April |","isPartOf":{"@id":"https:\/\/www.youthforequality.sk\/#website"},"primaryImageOfPage":{"@id":"https:\/\/www.youthforequality.sk\/index.php\/2023\/06\/28\/individual-wellness-for-mindful-youth-work-tc-in-austria_1-9th-april\/#primaryimage"},"image":{"@id":"https:\/\/www.youthforequality.sk\/index.php\/2023\/06\/28\/individual-wellness-for-mindful-youth-work-tc-in-austria_1-9th-april\/#primaryimage"},"thumbnailUrl":"https:\/\/www.youthforequality.sk\/wp-content\/uploads\/2023\/06\/df1c854f-6ba4-4fc9-b136-b2d710c961e3.jpg","datePublished":"2023-06-28T08:59:28+00:00","dateModified":"2023-06-28T09:01:57+00:00","breadcrumb":{"@id":"https:\/\/www.youthforequality.sk\/index.php\/2023\/06\/28\/individual-wellness-for-mindful-youth-work-tc-in-austria_1-9th-april\/#breadcrumb"},"inLanguage":"sk-SK","potentialAction":[{"@type":"ReadAction","target":["https:\/\/www.youthforequality.sk\/index.php\/2023\/06\/28\/individual-wellness-for-mindful-youth-work-tc-in-austria_1-9th-april\/"]}]},{"@type":"ImageObject","inLanguage":"sk-SK","@id":"https:\/\/www.youthforequality.sk\/index.php\/2023\/06\/28\/individual-wellness-for-mindful-youth-work-tc-in-austria_1-9th-april\/#primaryimage","url":"https:\/\/www.youthforequality.sk\/wp-content\/uploads\/2023\/06\/df1c854f-6ba4-4fc9-b136-b2d710c961e3.jpg","contentUrl":"https:\/\/www.youthforequality.sk\/wp-content\/uploads\/2023\/06\/df1c854f-6ba4-4fc9-b136-b2d710c961e3.jpg","width":1640,"height":738},{"@type":"BreadcrumbList","@id":"https:\/\/www.youthforequality.sk\/index.php\/2023\/06\/28\/individual-wellness-for-mindful-youth-work-tc-in-austria_1-9th-april\/#breadcrumb","itemListElement":[{"@type":"ListItem","position":1,"name":"Home","item":"https:\/\/www.youthforequality.sk\/"},{"@type":"ListItem","position":2,"name":"Individual Wellness for Mindful Youth Work TC in Austria_1-9th April"}]},{"@type":"WebSite","@id":"https:\/\/www.youthforequality.sk\/#website","url":"https:\/\/www.youthforequality.sk\/","name":"","description":"","publisher":{"@id":"https:\/\/www.youthforequality.sk\/#organization"},"potentialAction":[{"@type":"SearchAction","target":{"@type":"EntryPoint","urlTemplate":"https:\/\/www.youthforequality.sk\/?s={search_term_string}"},"query-input":{"@type":"PropertyValueSpecification","valueRequired":true,"valueName":"search_term_string"}}],"inLanguage":"sk-SK"},{"@type":"Organization","@id":"https:\/\/www.youthforequality.sk\/#organization","name":"Youth for Equality","url":"https:\/\/www.youthforequality.sk\/","logo":{"@type":"ImageObject","inLanguage":"sk-SK","@id":"https:\/\/www.youthforequality.sk\/#\/schema\/logo\/image\/","url":"https:\/\/www.youthforequality.sk\/wp-content\/uploads\/2021\/01\/vynovene-logo-nove-farby_modra-na-web.png","contentUrl":"https:\/\/www.youthforequality.sk\/wp-content\/uploads\/2021\/01\/vynovene-logo-nove-farby_modra-na-web.png","width":1,"height":1,"caption":"Youth for Equality"},"image":{"@id":"https:\/\/www.youthforequality.sk\/#\/schema\/logo\/image\/"},"sameAs":["https:\/\/www.facebook.com\/yeslovakia"]},{"@type":"Person","@id":"https:\/\/www.youthforequality.sk\/#\/schema\/person\/be8fe75a4ed9c28400bc99a029218b24","name":"Diana Ja\u0161ekov\u00e1","image":{"@type":"ImageObject","inLanguage":"sk-SK","@id":"https:\/\/secure.gravatar.com\/avatar\/8c7454049523c9673804cf321f89b38fd4fcd5aa5ad8961f32caaf292dfd996f?s=96&d=mm&r=g","url":"https:\/\/secure.gravatar.com\/avatar\/8c7454049523c9673804cf321f89b38fd4fcd5aa5ad8961f32caaf292dfd996f?s=96&d=mm&r=g","contentUrl":"https:\/\/secure.gravatar.com\/avatar\/8c7454049523c9673804cf321f89b38fd4fcd5aa5ad8961f32caaf292dfd996f?s=96&d=mm&r=g","caption":"Diana Ja\u0161ekov\u00e1"},"url":"https:\/\/www.youthforequality.sk\/index.php\/author\/diajas\/"}]}},"_links":{"self":[{"href":"https:\/\/www.youthforequality.sk\/index.php\/wp-json\/wp\/v2\/posts\/5300","targetHints":{"allow":["GET"]}}],"collection":[{"href":"https:\/\/www.youthforequality.sk\/index.php\/wp-json\/wp\/v2\/posts"}],"about":[{"href":"https:\/\/www.youthforequality.sk\/index.php\/wp-json\/wp\/v2\/types\/post"}],"author":[{"embeddable":true,"href":"https:\/\/www.youthforequality.sk\/index.php\/wp-json\/wp\/v2\/users\/2"}],"replies":[{"embeddable":true,"href":"https:\/\/www.youthforequality.sk\/index.php\/wp-json\/wp\/v2\/comments?post=5300"}],"version-history":[{"count":4,"href":"https:\/\/www.youthforequality.sk\/index.php\/wp-json\/wp\/v2\/posts\/5300\/revisions"}],"predecessor-version":[{"id":5306,"href":"https:\/\/www.youthforequality.sk\/index.php\/wp-json\/wp\/v2\/posts\/5300\/revisions\/5306"}],"wp:featuredmedia":[{"embeddable":true,"href":"https:\/\/www.youthforequality.sk\/index.php\/wp-json\/wp\/v2\/media\/5302"}],"wp:attachment":[{"href":"https:\/\/www.youthforequality.sk\/index.php\/wp-json\/wp\/v2\/media?parent=5300"}],"wp:term":[{"taxonomy":"category","embeddable":true,"href":"https:\/\/www.youthforequality.sk\/index.php\/wp-json\/wp\/v2\/categories?post=5300"},{"taxonomy":"post_tag","embeddable":true,"href":"https:\/\/www.youthforequality.sk\/index.php\/wp-json\/wp\/v2\/tags?post=5300"}],"curies":[{"name":"wp","href":"https:\/\/api.w.org\/{rel}","templated":true}]}}