{"id":5315,"date":"2023-06-28T11:23:50","date_gmt":"2023-06-28T09:23:50","guid":{"rendered":"https:\/\/www.youthforequality.sk\/index.php\/2023\/06\/28\/self-employer-in-rural-area-why-not-copy\/"},"modified":"2023-06-28T11:26:53","modified_gmt":"2023-06-28T09:26:53","slug":"from-followers-to-leaders","status":"publish","type":"post","link":"https:\/\/www.youthforequality.sk\/index.php\/2023\/06\/28\/from-followers-to-leaders\/","title":{"rendered":"From followers to leaders"},"content":{"rendered":"\t\t<div data-elementor-type=\"wp-post\" data-elementor-id=\"5315\" class=\"elementor elementor-5315\">\n\t\t\t\t\t\t<section class=\"elementor-section elementor-top-section elementor-element elementor-element-f2550da elementor-section-boxed elementor-section-height-default elementor-section-height-default\" data-id=\"f2550da\" data-element_type=\"section\" data-e-type=\"section\">\n\t\t\t\t\t\t<div class=\"elementor-container elementor-column-gap-default\">\n\t\t\t\t\t<div class=\"elementor-column elementor-col-100 elementor-top-column elementor-element elementor-element-1589057\" data-id=\"1589057\" data-element_type=\"column\" data-e-type=\"column\">\n\t\t\t<div class=\"elementor-widget-wrap elementor-element-populated\">\n\t\t\t\t\t\t<div class=\"elementor-element elementor-element-a878e17 elementor-widget elementor-widget-text-editor\" data-id=\"a878e17\" data-element_type=\"widget\" data-e-type=\"widget\" data-widget_type=\"text-editor.default\">\n\t\t\t\t<div class=\"elementor-widget-container\">\n\t\t\t\t\t\t\t\t\t<div dir=\"auto\">Summary of my first ever erasmus+ project in Greece\u2728\ud83c\uddec\ud83c\uddf7 The experiences and knowledge I gained during my time with this project have been truly invaluable. I learned how to create my own project and how i can become a leader but above all i understood that even better, you can use what you have learned as a follower to make yourself a better leader\ud83d\ude09 <br \/>I will always cherish the memories with bunch of great people from around Europe and the knowledge I gained.<br \/>~as i always say if you want something in life reach out and grab it~<br \/>And YES Erasmus looks so cool on pictures <br \/>The podcast link here<br \/>\ud83d\udc47\ud83c\udffb\ud83d\udc47\ud83c\udffb\ud83d\udc47\ud83c\udffb\ud83d\udc47\ud83c\udffb\ud83d\udc47\ud83c\udffb\ud83d\udc47\ud83c\udffb\ud83d\udc47\ud83c\udffb\ud83d\udc47\ud83c\udffb<br \/>https:\/\/www.buzzsprout.com\/2167898\/12599694<\/div>\t\t\t\t\t\t\t\t<\/div>\n\t\t\t\t<\/div>\n\t\t\t\t\t<\/div>\n\t\t<\/div>\n\t\t\t\t\t<\/div>\n\t\t<\/section>\n\t\t\t\t<section class=\"elementor-section elementor-top-section elementor-element elementor-element-aa848a8 elementor-section-boxed elementor-section-height-default elementor-section-height-default\" data-id=\"aa848a8\" data-element_type=\"section\" data-e-type=\"section\">\n\t\t\t\t\t\t<div class=\"elementor-container elementor-column-gap-default\">\n\t\t\t\t\t<div class=\"elementor-column elementor-col-100 elementor-top-column elementor-element elementor-element-453db18\" data-id=\"453db18\" data-element_type=\"column\" data-e-type=\"column\">\n\t\t\t<div class=\"elementor-widget-wrap elementor-element-populated\">\n\t\t\t\t\t\t<div class=\"elementor-element elementor-element-4a3bdff elementor-widget elementor-widget-image\" data-id=\"4a3bdff\" data-element_type=\"widget\" data-e-type=\"widget\" data-widget_type=\"image.default\">\n\t\t\t\t<div class=\"elementor-widget-container\">\n\t\t\t\t\t\t\t\t\t\t\t\t\t\t\t<img fetchpriority=\"high\" decoding=\"async\" width=\"1024\" height=\"768\" src=\"https:\/\/www.youthforequality.sk\/wp-content\/uploads\/2023\/06\/344190246_628665625944163_2498486010694015109_n-1024x768.jpg\" class=\"attachment-large size-large wp-image-5317\" alt=\"\" srcset=\"https:\/\/www.youthforequality.sk\/wp-content\/uploads\/2023\/06\/344190246_628665625944163_2498486010694015109_n-1024x768.jpg 1024w, https:\/\/www.youthforequality.sk\/wp-content\/uploads\/2023\/06\/344190246_628665625944163_2498486010694015109_n-300x225.jpg 300w, https:\/\/www.youthforequality.sk\/wp-content\/uploads\/2023\/06\/344190246_628665625944163_2498486010694015109_n-768x576.jpg 768w, https:\/\/www.youthforequality.sk\/wp-content\/uploads\/2023\/06\/344190246_628665625944163_2498486010694015109_n-1536x1152.jpg 1536w, https:\/\/www.youthforequality.sk\/wp-content\/uploads\/2023\/06\/344190246_628665625944163_2498486010694015109_n.jpg 1824w\" sizes=\"(max-width: 1024px) 100vw, 1024px\" \/>\t\t\t\t\t\t\t\t\t\t\t\t\t\t\t<\/div>\n\t\t\t\t<\/div>\n\t\t\t\t\t<\/div>\n\t\t<\/div>\n\t\t\t\t\t<\/div>\n\t\t<\/section>\n\t\t\t\t<\/div>\n\t\t","protected":false},"excerpt":{"rendered":"<p>Summary of my first ever erasmus+ project in Greece\u2728\ud83c\uddec\ud83c\uddf7 The experiences and knowledge I gained during my time with this project have been truly invaluable. I learned how to create my own project and how i can become a leader but above all i understood that even better, you can use what you have learned&hellip;&nbsp;<a href=\"https:\/\/www.youthforequality.sk\/index.php\/2023\/06\/28\/from-followers-to-leaders\/\" class=\"\" rel=\"bookmark\">\u010c\u00edta\u0165 viac &raquo;<span class=\"screen-reader-text\">From followers to leaders<\/span><\/a><\/p>\n","protected":false},"author":2,"featured_media":5318,"comment_status":"closed","ping_status":"open","sticky":false,"template":"","format":"standard","meta":{"_uf_show_specific_survey":0,"_uf_disable_surveys":false,"neve_meta_sidebar":"","neve_meta_container":"","neve_meta_enable_content_width":"off","neve_meta_content_width":70,"neve_meta_title_alignment":"","neve_meta_author_avatar":"","neve_post_elements_order":"","neve_meta_disable_header":"","neve_meta_disable_footer":"","neve_meta_disable_title":"","_themeisle_gutenberg_block_has_review":false,"footnotes":""},"categories":[3],"tags":[],"class_list":["post-5315","post","type-post","status-publish","format-standard","has-post-thumbnail","hentry","category-blog"],"yoast_head":"<!-- This site is optimized with the Yoast SEO plugin v27.4 - https:\/\/yoast.com\/product\/yoast-seo-wordpress\/ -->\n<title>From followers to leaders |<\/title>\n<meta name=\"robots\" content=\"index, follow, max-snippet:-1, max-image-preview:large, max-video-preview:-1\" \/>\n<link rel=\"canonical\" href=\"https:\/\/www.youthforequality.sk\/index.php\/2023\/06\/28\/from-followers-to-leaders\/\" \/>\n<meta property=\"og:locale\" content=\"sk_SK\" \/>\n<meta property=\"og:type\" content=\"article\" \/>\n<meta property=\"og:title\" content=\"From followers to leaders |\" \/>\n<meta property=\"og:description\" content=\"Summary of my first ever erasmus+ project in Greece\u2728\ud83c\uddec\ud83c\uddf7 The experiences and knowledge I gained during my time with this project have been truly invaluable. I learned how to create my own project and how i can become a leader but above all i understood that even better, you can use what you have learned&hellip;&nbsp;\u010c\u00edta\u0165 viac &raquo;From followers to leaders\" \/>\n<meta property=\"og:url\" content=\"https:\/\/www.youthforequality.sk\/index.php\/2023\/06\/28\/from-followers-to-leaders\/\" \/>\n<meta property=\"article:publisher\" content=\"https:\/\/www.facebook.com\/yeslovakia\" \/>\n<meta property=\"article:published_time\" content=\"2023-06-28T09:23:50+00:00\" \/>\n<meta property=\"article:modified_time\" content=\"2023-06-28T09:26:53+00:00\" \/>\n<meta property=\"og:image\" content=\"https:\/\/www.youthforequality.sk\/wp-content\/uploads\/2023\/06\/344203934_610343534110748_8316742122633424498_n.jpg\" \/>\n\t<meta property=\"og:image:width\" content=\"2048\" \/>\n\t<meta property=\"og:image:height\" content=\"1536\" \/>\n\t<meta property=\"og:image:type\" content=\"image\/jpeg\" \/>\n<meta name=\"author\" content=\"Diana Ja\u0161ekov\u00e1\" \/>\n<meta name=\"twitter:card\" content=\"summary_large_image\" \/>\n<meta name=\"twitter:label1\" content=\"Autor\" \/>\n\t<meta name=\"twitter:data1\" content=\"Diana Ja\u0161ekov\u00e1\" \/>\n\t<meta name=\"twitter:label2\" content=\"Predpokladan\u00fd \u010das \u010d\u00edtania\" \/>\n\t<meta name=\"twitter:data2\" content=\"1 min\u00fata\" \/>\n<script type=\"application\/ld+json\" class=\"yoast-schema-graph\">{\"@context\":\"https:\\\/\\\/schema.org\",\"@graph\":[{\"@type\":\"Article\",\"@id\":\"https:\\\/\\\/www.youthforequality.sk\\\/index.php\\\/2023\\\/06\\\/28\\\/from-followers-to-leaders\\\/#article\",\"isPartOf\":{\"@id\":\"https:\\\/\\\/www.youthforequality.sk\\\/index.php\\\/2023\\\/06\\\/28\\\/from-followers-to-leaders\\\/\"},\"author\":{\"name\":\"Diana Ja\u0161ekov\u00e1\",\"@id\":\"https:\\\/\\\/www.youthforequality.sk\\\/#\\\/schema\\\/person\\\/be8fe75a4ed9c28400bc99a029218b24\"},\"headline\":\"From followers to leaders\",\"datePublished\":\"2023-06-28T09:23:50+00:00\",\"dateModified\":\"2023-06-28T09:26:53+00:00\",\"mainEntityOfPage\":{\"@id\":\"https:\\\/\\\/www.youthforequality.sk\\\/index.php\\\/2023\\\/06\\\/28\\\/from-followers-to-leaders\\\/\"},\"wordCount\":118,\"publisher\":{\"@id\":\"https:\\\/\\\/www.youthforequality.sk\\\/#organization\"},\"image\":{\"@id\":\"https:\\\/\\\/www.youthforequality.sk\\\/index.php\\\/2023\\\/06\\\/28\\\/from-followers-to-leaders\\\/#primaryimage\"},\"thumbnailUrl\":\"https:\\\/\\\/www.youthforequality.sk\\\/wp-content\\\/uploads\\\/2023\\\/06\\\/344203934_610343534110748_8316742122633424498_n.jpg\",\"articleSection\":[\"Blog\"],\"inLanguage\":\"sk-SK\"},{\"@type\":\"WebPage\",\"@id\":\"https:\\\/\\\/www.youthforequality.sk\\\/index.php\\\/2023\\\/06\\\/28\\\/from-followers-to-leaders\\\/\",\"url\":\"https:\\\/\\\/www.youthforequality.sk\\\/index.php\\\/2023\\\/06\\\/28\\\/from-followers-to-leaders\\\/\",\"name\":\"From followers to leaders |\",\"isPartOf\":{\"@id\":\"https:\\\/\\\/www.youthforequality.sk\\\/#website\"},\"primaryImageOfPage\":{\"@id\":\"https:\\\/\\\/www.youthforequality.sk\\\/index.php\\\/2023\\\/06\\\/28\\\/from-followers-to-leaders\\\/#primaryimage\"},\"image\":{\"@id\":\"https:\\\/\\\/www.youthforequality.sk\\\/index.php\\\/2023\\\/06\\\/28\\\/from-followers-to-leaders\\\/#primaryimage\"},\"thumbnailUrl\":\"https:\\\/\\\/www.youthforequality.sk\\\/wp-content\\\/uploads\\\/2023\\\/06\\\/344203934_610343534110748_8316742122633424498_n.jpg\",\"datePublished\":\"2023-06-28T09:23:50+00:00\",\"dateModified\":\"2023-06-28T09:26:53+00:00\",\"breadcrumb\":{\"@id\":\"https:\\\/\\\/www.youthforequality.sk\\\/index.php\\\/2023\\\/06\\\/28\\\/from-followers-to-leaders\\\/#breadcrumb\"},\"inLanguage\":\"sk-SK\",\"potentialAction\":[{\"@type\":\"ReadAction\",\"target\":[\"https:\\\/\\\/www.youthforequality.sk\\\/index.php\\\/2023\\\/06\\\/28\\\/from-followers-to-leaders\\\/\"]}]},{\"@type\":\"ImageObject\",\"inLanguage\":\"sk-SK\",\"@id\":\"https:\\\/\\\/www.youthforequality.sk\\\/index.php\\\/2023\\\/06\\\/28\\\/from-followers-to-leaders\\\/#primaryimage\",\"url\":\"https:\\\/\\\/www.youthforequality.sk\\\/wp-content\\\/uploads\\\/2023\\\/06\\\/344203934_610343534110748_8316742122633424498_n.jpg\",\"contentUrl\":\"https:\\\/\\\/www.youthforequality.sk\\\/wp-content\\\/uploads\\\/2023\\\/06\\\/344203934_610343534110748_8316742122633424498_n.jpg\",\"width\":2048,\"height\":1536},{\"@type\":\"BreadcrumbList\",\"@id\":\"https:\\\/\\\/www.youthforequality.sk\\\/index.php\\\/2023\\\/06\\\/28\\\/from-followers-to-leaders\\\/#breadcrumb\",\"itemListElement\":[{\"@type\":\"ListItem\",\"position\":1,\"name\":\"Home\",\"item\":\"https:\\\/\\\/www.youthforequality.sk\\\/\"},{\"@type\":\"ListItem\",\"position\":2,\"name\":\"From followers to leaders\"}]},{\"@type\":\"WebSite\",\"@id\":\"https:\\\/\\\/www.youthforequality.sk\\\/#website\",\"url\":\"https:\\\/\\\/www.youthforequality.sk\\\/\",\"name\":\"\",\"description\":\"\",\"publisher\":{\"@id\":\"https:\\\/\\\/www.youthforequality.sk\\\/#organization\"},\"potentialAction\":[{\"@type\":\"SearchAction\",\"target\":{\"@type\":\"EntryPoint\",\"urlTemplate\":\"https:\\\/\\\/www.youthforequality.sk\\\/?s={search_term_string}\"},\"query-input\":{\"@type\":\"PropertyValueSpecification\",\"valueRequired\":true,\"valueName\":\"search_term_string\"}}],\"inLanguage\":\"sk-SK\"},{\"@type\":\"Organization\",\"@id\":\"https:\\\/\\\/www.youthforequality.sk\\\/#organization\",\"name\":\"Youth for Equality\",\"url\":\"https:\\\/\\\/www.youthforequality.sk\\\/\",\"logo\":{\"@type\":\"ImageObject\",\"inLanguage\":\"sk-SK\",\"@id\":\"https:\\\/\\\/www.youthforequality.sk\\\/#\\\/schema\\\/logo\\\/image\\\/\",\"url\":\"https:\\\/\\\/www.youthforequality.sk\\\/wp-content\\\/uploads\\\/2021\\\/01\\\/vynovene-logo-nove-farby_modra-na-web.png\",\"contentUrl\":\"https:\\\/\\\/www.youthforequality.sk\\\/wp-content\\\/uploads\\\/2021\\\/01\\\/vynovene-logo-nove-farby_modra-na-web.png\",\"width\":1,\"height\":1,\"caption\":\"Youth for Equality\"},\"image\":{\"@id\":\"https:\\\/\\\/www.youthforequality.sk\\\/#\\\/schema\\\/logo\\\/image\\\/\"},\"sameAs\":[\"https:\\\/\\\/www.facebook.com\\\/yeslovakia\"]},{\"@type\":\"Person\",\"@id\":\"https:\\\/\\\/www.youthforequality.sk\\\/#\\\/schema\\\/person\\\/be8fe75a4ed9c28400bc99a029218b24\",\"name\":\"Diana Ja\u0161ekov\u00e1\",\"image\":{\"@type\":\"ImageObject\",\"inLanguage\":\"sk-SK\",\"@id\":\"https:\\\/\\\/secure.gravatar.com\\\/avatar\\\/8c7454049523c9673804cf321f89b38fd4fcd5aa5ad8961f32caaf292dfd996f?s=96&d=mm&r=g\",\"url\":\"https:\\\/\\\/secure.gravatar.com\\\/avatar\\\/8c7454049523c9673804cf321f89b38fd4fcd5aa5ad8961f32caaf292dfd996f?s=96&d=mm&r=g\",\"contentUrl\":\"https:\\\/\\\/secure.gravatar.com\\\/avatar\\\/8c7454049523c9673804cf321f89b38fd4fcd5aa5ad8961f32caaf292dfd996f?s=96&d=mm&r=g\",\"caption\":\"Diana Ja\u0161ekov\u00e1\"},\"url\":\"https:\\\/\\\/www.youthforequality.sk\\\/index.php\\\/author\\\/diajas\\\/\"}]}<\/script>\n<!-- \/ Yoast SEO plugin. -->","yoast_head_json":{"title":"From followers to leaders |","robots":{"index":"index","follow":"follow","max-snippet":"max-snippet:-1","max-image-preview":"max-image-preview:large","max-video-preview":"max-video-preview:-1"},"canonical":"https:\/\/www.youthforequality.sk\/index.php\/2023\/06\/28\/from-followers-to-leaders\/","og_locale":"sk_SK","og_type":"article","og_title":"From followers to leaders |","og_description":"Summary of my first ever erasmus+ project in Greece\u2728\ud83c\uddec\ud83c\uddf7 The experiences and knowledge I gained during my time with this project have been truly invaluable. I learned how to create my own project and how i can become a leader but above all i understood that even better, you can use what you have learned&hellip;&nbsp;\u010c\u00edta\u0165 viac &raquo;From followers to leaders","og_url":"https:\/\/www.youthforequality.sk\/index.php\/2023\/06\/28\/from-followers-to-leaders\/","article_publisher":"https:\/\/www.facebook.com\/yeslovakia","article_published_time":"2023-06-28T09:23:50+00:00","article_modified_time":"2023-06-28T09:26:53+00:00","og_image":[{"width":2048,"height":1536,"url":"https:\/\/www.youthforequality.sk\/wp-content\/uploads\/2023\/06\/344203934_610343534110748_8316742122633424498_n.jpg","type":"image\/jpeg"}],"author":"Diana Ja\u0161ekov\u00e1","twitter_card":"summary_large_image","twitter_misc":{"Autor":"Diana Ja\u0161ekov\u00e1","Predpokladan\u00fd \u010das \u010d\u00edtania":"1 min\u00fata"},"schema":{"@context":"https:\/\/schema.org","@graph":[{"@type":"Article","@id":"https:\/\/www.youthforequality.sk\/index.php\/2023\/06\/28\/from-followers-to-leaders\/#article","isPartOf":{"@id":"https:\/\/www.youthforequality.sk\/index.php\/2023\/06\/28\/from-followers-to-leaders\/"},"author":{"name":"Diana Ja\u0161ekov\u00e1","@id":"https:\/\/www.youthforequality.sk\/#\/schema\/person\/be8fe75a4ed9c28400bc99a029218b24"},"headline":"From followers to leaders","datePublished":"2023-06-28T09:23:50+00:00","dateModified":"2023-06-28T09:26:53+00:00","mainEntityOfPage":{"@id":"https:\/\/www.youthforequality.sk\/index.php\/2023\/06\/28\/from-followers-to-leaders\/"},"wordCount":118,"publisher":{"@id":"https:\/\/www.youthforequality.sk\/#organization"},"image":{"@id":"https:\/\/www.youthforequality.sk\/index.php\/2023\/06\/28\/from-followers-to-leaders\/#primaryimage"},"thumbnailUrl":"https:\/\/www.youthforequality.sk\/wp-content\/uploads\/2023\/06\/344203934_610343534110748_8316742122633424498_n.jpg","articleSection":["Blog"],"inLanguage":"sk-SK"},{"@type":"WebPage","@id":"https:\/\/www.youthforequality.sk\/index.php\/2023\/06\/28\/from-followers-to-leaders\/","url":"https:\/\/www.youthforequality.sk\/index.php\/2023\/06\/28\/from-followers-to-leaders\/","name":"From followers to leaders |","isPartOf":{"@id":"https:\/\/www.youthforequality.sk\/#website"},"primaryImageOfPage":{"@id":"https:\/\/www.youthforequality.sk\/index.php\/2023\/06\/28\/from-followers-to-leaders\/#primaryimage"},"image":{"@id":"https:\/\/www.youthforequality.sk\/index.php\/2023\/06\/28\/from-followers-to-leaders\/#primaryimage"},"thumbnailUrl":"https:\/\/www.youthforequality.sk\/wp-content\/uploads\/2023\/06\/344203934_610343534110748_8316742122633424498_n.jpg","datePublished":"2023-06-28T09:23:50+00:00","dateModified":"2023-06-28T09:26:53+00:00","breadcrumb":{"@id":"https:\/\/www.youthforequality.sk\/index.php\/2023\/06\/28\/from-followers-to-leaders\/#breadcrumb"},"inLanguage":"sk-SK","potentialAction":[{"@type":"ReadAction","target":["https:\/\/www.youthforequality.sk\/index.php\/2023\/06\/28\/from-followers-to-leaders\/"]}]},{"@type":"ImageObject","inLanguage":"sk-SK","@id":"https:\/\/www.youthforequality.sk\/index.php\/2023\/06\/28\/from-followers-to-leaders\/#primaryimage","url":"https:\/\/www.youthforequality.sk\/wp-content\/uploads\/2023\/06\/344203934_610343534110748_8316742122633424498_n.jpg","contentUrl":"https:\/\/www.youthforequality.sk\/wp-content\/uploads\/2023\/06\/344203934_610343534110748_8316742122633424498_n.jpg","width":2048,"height":1536},{"@type":"BreadcrumbList","@id":"https:\/\/www.youthforequality.sk\/index.php\/2023\/06\/28\/from-followers-to-leaders\/#breadcrumb","itemListElement":[{"@type":"ListItem","position":1,"name":"Home","item":"https:\/\/www.youthforequality.sk\/"},{"@type":"ListItem","position":2,"name":"From followers to leaders"}]},{"@type":"WebSite","@id":"https:\/\/www.youthforequality.sk\/#website","url":"https:\/\/www.youthforequality.sk\/","name":"","description":"","publisher":{"@id":"https:\/\/www.youthforequality.sk\/#organization"},"potentialAction":[{"@type":"SearchAction","target":{"@type":"EntryPoint","urlTemplate":"https:\/\/www.youthforequality.sk\/?s={search_term_string}"},"query-input":{"@type":"PropertyValueSpecification","valueRequired":true,"valueName":"search_term_string"}}],"inLanguage":"sk-SK"},{"@type":"Organization","@id":"https:\/\/www.youthforequality.sk\/#organization","name":"Youth for Equality","url":"https:\/\/www.youthforequality.sk\/","logo":{"@type":"ImageObject","inLanguage":"sk-SK","@id":"https:\/\/www.youthforequality.sk\/#\/schema\/logo\/image\/","url":"https:\/\/www.youthforequality.sk\/wp-content\/uploads\/2021\/01\/vynovene-logo-nove-farby_modra-na-web.png","contentUrl":"https:\/\/www.youthforequality.sk\/wp-content\/uploads\/2021\/01\/vynovene-logo-nove-farby_modra-na-web.png","width":1,"height":1,"caption":"Youth for Equality"},"image":{"@id":"https:\/\/www.youthforequality.sk\/#\/schema\/logo\/image\/"},"sameAs":["https:\/\/www.facebook.com\/yeslovakia"]},{"@type":"Person","@id":"https:\/\/www.youthforequality.sk\/#\/schema\/person\/be8fe75a4ed9c28400bc99a029218b24","name":"Diana Ja\u0161ekov\u00e1","image":{"@type":"ImageObject","inLanguage":"sk-SK","@id":"https:\/\/secure.gravatar.com\/avatar\/8c7454049523c9673804cf321f89b38fd4fcd5aa5ad8961f32caaf292dfd996f?s=96&d=mm&r=g","url":"https:\/\/secure.gravatar.com\/avatar\/8c7454049523c9673804cf321f89b38fd4fcd5aa5ad8961f32caaf292dfd996f?s=96&d=mm&r=g","contentUrl":"https:\/\/secure.gravatar.com\/avatar\/8c7454049523c9673804cf321f89b38fd4fcd5aa5ad8961f32caaf292dfd996f?s=96&d=mm&r=g","caption":"Diana Ja\u0161ekov\u00e1"},"url":"https:\/\/www.youthforequality.sk\/index.php\/author\/diajas\/"}]}},"_links":{"self":[{"href":"https:\/\/www.youthforequality.sk\/index.php\/wp-json\/wp\/v2\/posts\/5315","targetHints":{"allow":["GET"]}}],"collection":[{"href":"https:\/\/www.youthforequality.sk\/index.php\/wp-json\/wp\/v2\/posts"}],"about":[{"href":"https:\/\/www.youthforequality.sk\/index.php\/wp-json\/wp\/v2\/types\/post"}],"author":[{"embeddable":true,"href":"https:\/\/www.youthforequality.sk\/index.php\/wp-json\/wp\/v2\/users\/2"}],"replies":[{"embeddable":true,"href":"https:\/\/www.youthforequality.sk\/index.php\/wp-json\/wp\/v2\/comments?post=5315"}],"version-history":[{"count":4,"href":"https:\/\/www.youthforequality.sk\/index.php\/wp-json\/wp\/v2\/posts\/5315\/revisions"}],"predecessor-version":[{"id":5321,"href":"https:\/\/www.youthforequality.sk\/index.php\/wp-json\/wp\/v2\/posts\/5315\/revisions\/5321"}],"wp:featuredmedia":[{"embeddable":true,"href":"https:\/\/www.youthforequality.sk\/index.php\/wp-json\/wp\/v2\/media\/5318"}],"wp:attachment":[{"href":"https:\/\/www.youthforequality.sk\/index.php\/wp-json\/wp\/v2\/media?parent=5315"}],"wp:term":[{"taxonomy":"category","embeddable":true,"href":"https:\/\/www.youthforequality.sk\/index.php\/wp-json\/wp\/v2\/categories?post=5315"},{"taxonomy":"post_tag","embeddable":true,"href":"https:\/\/www.youthforequality.sk\/index.php\/wp-json\/wp\/v2\/tags?post=5315"}],"curies":[{"name":"wp","href":"https:\/\/api.w.org\/{rel}","templated":true}]}}