{"id":5593,"date":"2023-05-30T14:39:03","date_gmt":"2023-05-30T12:39:03","guid":{"rendered":"https:\/\/www.youthforequality.sk\/index.php\/2023\/08\/30\/naturally-entrepreneur-27-may-4-june-2023-copy\/"},"modified":"2023-09-04T12:00:01","modified_gmt":"2023-09-04T10:00:01","slug":"power-of-mental-health-article","status":"publish","type":"post","link":"https:\/\/www.youthforequality.sk\/index.php\/2023\/05\/30\/power-of-mental-health-article\/","title":{"rendered":"Power of Mental Health-Article May"},"content":{"rendered":"\t\t<div data-elementor-type=\"wp-post\" data-elementor-id=\"5593\" class=\"elementor elementor-5593\">\n\t\t\t\t\t\t<section class=\"elementor-section elementor-top-section elementor-element elementor-element-f2550da elementor-section-boxed elementor-section-height-default elementor-section-height-default\" data-id=\"f2550da\" data-element_type=\"section\" data-e-type=\"section\">\n\t\t\t\t\t\t<div class=\"elementor-container elementor-column-gap-default\">\n\t\t\t\t\t<div class=\"elementor-column elementor-col-100 elementor-top-column elementor-element elementor-element-1589057\" data-id=\"1589057\" data-element_type=\"column\" data-e-type=\"column\">\n\t\t\t<div class=\"elementor-widget-wrap elementor-element-populated\">\n\t\t\t\t\t\t<div class=\"elementor-element elementor-element-a878e17 elementor-widget elementor-widget-text-editor\" data-id=\"a878e17\" data-element_type=\"widget\" data-e-type=\"widget\" data-widget_type=\"text-editor.default\">\n\t\t\t\t<div class=\"elementor-widget-container\">\n\t\t\t\t\t\t\t\t\t<div dir=\"auto\"><div dir=\"auto\"><div class=\"xdj266r x11i5rnm xat24cr x1mh8g0r x1vvkbs x126k92a\"><div dir=\"auto\"><p><span style=\"font-weight: 400;\">I had the opportunity to participate in art therapy workshops several times, and that experience had a profound impact on me. Throughout my whole\u00a0 life, I\u00a0 always wanted to seek therapy by visiting a psychologist, but I never had the chance, courage or resources to do so. However, when I first heard about art therapy, I found myself wondering what it is and how it could help me.<\/span><\/p><p><span style=\"font-weight: 400;\">As it turned out, art therapy is something entirely different. It provides a unique space for expressing one&#8217;s feelings without the need for words or talking.\u00a0 And sometimes, when dealing with intense emotions, it&#8217;s the only thing you need.<\/span><\/p><p><span style=\"font-weight: 400;\">During my first workshop, the theme was &#8218;touching.&#8216; We began by shortly discussing our perceptions of touch, how it feels when people touch us. Then, the art therapist played music and gave us paints to illustrate our emotions. We lay down, and other participants drew our shapes. Afterward, we used these drawings to create new art. I thoroughly enjoyed the entire project. It helped me overcome stress stemming from my experiences during and after the war. It gave me a sense of relaxation. We also had discussions where we shared our thoughts on each other&#8217;s paintings and the emotions they conveyed. Our experienced art therapist even offered insights into our characteristics and personalities based on our artwork.<\/span><\/p><p><span style=\"font-weight: 400;\">My most\u00a0 favourite workshop was called &#8218;kintsugi.&#8216; If I remember correctly, it&#8217;s a Japanese method. It was fascinating. The therapist asked us to draw a vase, to colour it to make the most beautiful vase for ourselves. We all did that and we liked it. Then, she handed us scissors and asked us to cut it. During that moment, we were shocked because we had made it so beautiful, and now we had to cut it. But as we split it, it felt as if we were breaking our emotions. Afterward, she provided us with small golden papers and glue, telling us to use them to put the pieces back together. We did, and the vase turned out even more beautiful than before. This method serves as a reminder to stay optimistic when things fall apart and to celebrate the flaws and missteps in life. Everyone can use this method in everyday life, when you feel depressed and anxious, just try to fill your life with good and positive things or do the things which really give you enjoyment.<\/span><\/p><p><span style=\"font-weight: 400;\">Every time I left a workshop, I felt a sense of harmony. Even during the workshops, I felt like I had hidden talents. I am very proud and grateful for the opportunity I had. Mental health is crucial these days, and I hope that similar projects will be available in the future. I believe they are not only beneficial for those who have survived wars but also for everyone. They provide a space to explore one&#8217;s true self and discover hidden talents. If they organise new art therapy workshops, I will definitely be one of the active participants.<\/span><\/p><\/div><\/div><\/div><\/div>\t\t\t\t\t\t\t\t<\/div>\n\t\t\t\t<\/div>\n\t\t\t\t\t<\/div>\n\t\t<\/div>\n\t\t\t\t\t<\/div>\n\t\t<\/section>\n\t\t\t\t<section class=\"elementor-section elementor-top-section elementor-element elementor-element-aa848a8 elementor-section-boxed elementor-section-height-default elementor-section-height-default\" data-id=\"aa848a8\" data-element_type=\"section\" data-e-type=\"section\">\n\t\t\t\t\t\t<div class=\"elementor-container elementor-column-gap-default\">\n\t\t\t\t\t<div class=\"elementor-column elementor-col-100 elementor-top-column elementor-element elementor-element-453db18\" data-id=\"453db18\" data-element_type=\"column\" data-e-type=\"column\">\n\t\t\t<div class=\"elementor-widget-wrap elementor-element-populated\">\n\t\t\t\t\t\t<div class=\"elementor-element elementor-element-4a3bdff elementor-widget elementor-widget-image\" data-id=\"4a3bdff\" data-element_type=\"widget\" data-e-type=\"widget\" data-widget_type=\"image.default\">\n\t\t\t\t<div class=\"elementor-widget-container\">\n\t\t\t\t\t\t\t\t\t\t\t\t\t\t\t<img fetchpriority=\"high\" decoding=\"async\" width=\"750\" height=\"1000\" src=\"https:\/\/www.youthforequality.sk\/wp-content\/uploads\/2023\/08\/art5.jpg\" class=\"attachment-large size-large wp-image-5600\" alt=\"\" srcset=\"https:\/\/www.youthforequality.sk\/wp-content\/uploads\/2023\/08\/art5.jpg 750w, https:\/\/www.youthforequality.sk\/wp-content\/uploads\/2023\/08\/art5-225x300.jpg 225w\" sizes=\"(max-width: 750px) 100vw, 750px\" \/>\t\t\t\t\t\t\t\t\t\t\t\t\t\t\t<\/div>\n\t\t\t\t<\/div>\n\t\t\t\t\t<\/div>\n\t\t<\/div>\n\t\t\t\t\t<\/div>\n\t\t<\/section>\n\t\t\t\t<\/div>\n\t\t","protected":false},"excerpt":{"rendered":"<p>I had the opportunity to participate in art therapy workshops several times, and that experience had a profound impact on me. Throughout my whole\u00a0 life, I\u00a0 always wanted to seek therapy by visiting a psychologist, but I never had the chance, courage or resources to do so. However, when I first heard about art therapy,&hellip;&nbsp;<a href=\"https:\/\/www.youthforequality.sk\/index.php\/2023\/05\/30\/power-of-mental-health-article\/\" class=\"\" rel=\"bookmark\">\u010c\u00edta\u0165 viac &raquo;<span class=\"screen-reader-text\">Power of Mental Health-Article May<\/span><\/a><\/p>\n","protected":false},"author":2,"featured_media":5598,"comment_status":"closed","ping_status":"open","sticky":false,"template":"","format":"standard","meta":{"_uf_show_specific_survey":0,"_uf_disable_surveys":false,"neve_meta_sidebar":"","neve_meta_container":"","neve_meta_enable_content_width":"off","neve_meta_content_width":70,"neve_meta_title_alignment":"","neve_meta_author_avatar":"","neve_post_elements_order":"","neve_meta_disable_header":"","neve_meta_disable_footer":"","neve_meta_disable_title":"","_themeisle_gutenberg_block_has_review":false,"footnotes":""},"categories":[3],"tags":[],"class_list":["post-5593","post","type-post","status-publish","format-standard","has-post-thumbnail","hentry","category-blog"],"yoast_head":"<!-- This site is optimized with the Yoast SEO plugin v27.4 - https:\/\/yoast.com\/product\/yoast-seo-wordpress\/ -->\n<title>Power of Mental Health-Article May |<\/title>\n<meta name=\"robots\" content=\"index, follow, max-snippet:-1, max-image-preview:large, max-video-preview:-1\" \/>\n<link rel=\"canonical\" href=\"https:\/\/www.youthforequality.sk\/index.php\/2023\/05\/30\/power-of-mental-health-article\/\" \/>\n<meta property=\"og:locale\" content=\"sk_SK\" \/>\n<meta property=\"og:type\" content=\"article\" \/>\n<meta property=\"og:title\" content=\"Power of Mental Health-Article May |\" \/>\n<meta property=\"og:description\" content=\"I had the opportunity to participate in art therapy workshops several times, and that experience had a profound impact on me. Throughout my whole\u00a0 life, I\u00a0 always wanted to seek therapy by visiting a psychologist, but I never had the chance, courage or resources to do so. However, when I first heard about art therapy,&hellip;&nbsp;\u010c\u00edta\u0165 viac &raquo;Power of Mental Health-Article May\" \/>\n<meta property=\"og:url\" content=\"https:\/\/www.youthforequality.sk\/index.php\/2023\/05\/30\/power-of-mental-health-article\/\" \/>\n<meta property=\"article:publisher\" content=\"https:\/\/www.facebook.com\/yeslovakia\" \/>\n<meta property=\"article:published_time\" content=\"2023-05-30T12:39:03+00:00\" \/>\n<meta property=\"article:modified_time\" content=\"2023-09-04T10:00:01+00:00\" \/>\n<meta property=\"og:image\" content=\"https:\/\/www.youthforequality.sk\/wp-content\/uploads\/2023\/08\/art3.jpg\" \/>\n\t<meta property=\"og:image:width\" content=\"1536\" \/>\n\t<meta property=\"og:image:height\" content=\"2048\" \/>\n\t<meta property=\"og:image:type\" content=\"image\/jpeg\" \/>\n<meta name=\"author\" content=\"Diana Ja\u0161ekov\u00e1\" \/>\n<meta name=\"twitter:card\" content=\"summary_large_image\" \/>\n<meta name=\"twitter:label1\" content=\"Autor\" \/>\n\t<meta name=\"twitter:data1\" content=\"Diana Ja\u0161ekov\u00e1\" \/>\n\t<meta name=\"twitter:label2\" content=\"Predpokladan\u00fd \u010das \u010d\u00edtania\" \/>\n\t<meta name=\"twitter:data2\" content=\"3 min\u00faty\" \/>\n<script type=\"application\/ld+json\" class=\"yoast-schema-graph\">{\"@context\":\"https:\\\/\\\/schema.org\",\"@graph\":[{\"@type\":\"Article\",\"@id\":\"https:\\\/\\\/www.youthforequality.sk\\\/index.php\\\/2023\\\/05\\\/30\\\/power-of-mental-health-article\\\/#article\",\"isPartOf\":{\"@id\":\"https:\\\/\\\/www.youthforequality.sk\\\/index.php\\\/2023\\\/05\\\/30\\\/power-of-mental-health-article\\\/\"},\"author\":{\"name\":\"Diana Ja\u0161ekov\u00e1\",\"@id\":\"https:\\\/\\\/www.youthforequality.sk\\\/#\\\/schema\\\/person\\\/be8fe75a4ed9c28400bc99a029218b24\"},\"headline\":\"Power of Mental Health-Article May\",\"datePublished\":\"2023-05-30T12:39:03+00:00\",\"dateModified\":\"2023-09-04T10:00:01+00:00\",\"mainEntityOfPage\":{\"@id\":\"https:\\\/\\\/www.youthforequality.sk\\\/index.php\\\/2023\\\/05\\\/30\\\/power-of-mental-health-article\\\/\"},\"wordCount\":511,\"publisher\":{\"@id\":\"https:\\\/\\\/www.youthforequality.sk\\\/#organization\"},\"image\":{\"@id\":\"https:\\\/\\\/www.youthforequality.sk\\\/index.php\\\/2023\\\/05\\\/30\\\/power-of-mental-health-article\\\/#primaryimage\"},\"thumbnailUrl\":\"https:\\\/\\\/www.youthforequality.sk\\\/wp-content\\\/uploads\\\/2023\\\/08\\\/art3.jpg\",\"articleSection\":[\"Blog\"],\"inLanguage\":\"sk-SK\"},{\"@type\":\"WebPage\",\"@id\":\"https:\\\/\\\/www.youthforequality.sk\\\/index.php\\\/2023\\\/05\\\/30\\\/power-of-mental-health-article\\\/\",\"url\":\"https:\\\/\\\/www.youthforequality.sk\\\/index.php\\\/2023\\\/05\\\/30\\\/power-of-mental-health-article\\\/\",\"name\":\"Power of Mental Health-Article May |\",\"isPartOf\":{\"@id\":\"https:\\\/\\\/www.youthforequality.sk\\\/#website\"},\"primaryImageOfPage\":{\"@id\":\"https:\\\/\\\/www.youthforequality.sk\\\/index.php\\\/2023\\\/05\\\/30\\\/power-of-mental-health-article\\\/#primaryimage\"},\"image\":{\"@id\":\"https:\\\/\\\/www.youthforequality.sk\\\/index.php\\\/2023\\\/05\\\/30\\\/power-of-mental-health-article\\\/#primaryimage\"},\"thumbnailUrl\":\"https:\\\/\\\/www.youthforequality.sk\\\/wp-content\\\/uploads\\\/2023\\\/08\\\/art3.jpg\",\"datePublished\":\"2023-05-30T12:39:03+00:00\",\"dateModified\":\"2023-09-04T10:00:01+00:00\",\"breadcrumb\":{\"@id\":\"https:\\\/\\\/www.youthforequality.sk\\\/index.php\\\/2023\\\/05\\\/30\\\/power-of-mental-health-article\\\/#breadcrumb\"},\"inLanguage\":\"sk-SK\",\"potentialAction\":[{\"@type\":\"ReadAction\",\"target\":[\"https:\\\/\\\/www.youthforequality.sk\\\/index.php\\\/2023\\\/05\\\/30\\\/power-of-mental-health-article\\\/\"]}]},{\"@type\":\"ImageObject\",\"inLanguage\":\"sk-SK\",\"@id\":\"https:\\\/\\\/www.youthforequality.sk\\\/index.php\\\/2023\\\/05\\\/30\\\/power-of-mental-health-article\\\/#primaryimage\",\"url\":\"https:\\\/\\\/www.youthforequality.sk\\\/wp-content\\\/uploads\\\/2023\\\/08\\\/art3.jpg\",\"contentUrl\":\"https:\\\/\\\/www.youthforequality.sk\\\/wp-content\\\/uploads\\\/2023\\\/08\\\/art3.jpg\",\"width\":1536,\"height\":2048},{\"@type\":\"BreadcrumbList\",\"@id\":\"https:\\\/\\\/www.youthforequality.sk\\\/index.php\\\/2023\\\/05\\\/30\\\/power-of-mental-health-article\\\/#breadcrumb\",\"itemListElement\":[{\"@type\":\"ListItem\",\"position\":1,\"name\":\"Home\",\"item\":\"https:\\\/\\\/www.youthforequality.sk\\\/\"},{\"@type\":\"ListItem\",\"position\":2,\"name\":\"Power of Mental Health-Article May\"}]},{\"@type\":\"WebSite\",\"@id\":\"https:\\\/\\\/www.youthforequality.sk\\\/#website\",\"url\":\"https:\\\/\\\/www.youthforequality.sk\\\/\",\"name\":\"\",\"description\":\"\",\"publisher\":{\"@id\":\"https:\\\/\\\/www.youthforequality.sk\\\/#organization\"},\"potentialAction\":[{\"@type\":\"SearchAction\",\"target\":{\"@type\":\"EntryPoint\",\"urlTemplate\":\"https:\\\/\\\/www.youthforequality.sk\\\/?s={search_term_string}\"},\"query-input\":{\"@type\":\"PropertyValueSpecification\",\"valueRequired\":true,\"valueName\":\"search_term_string\"}}],\"inLanguage\":\"sk-SK\"},{\"@type\":\"Organization\",\"@id\":\"https:\\\/\\\/www.youthforequality.sk\\\/#organization\",\"name\":\"Youth for Equality\",\"url\":\"https:\\\/\\\/www.youthforequality.sk\\\/\",\"logo\":{\"@type\":\"ImageObject\",\"inLanguage\":\"sk-SK\",\"@id\":\"https:\\\/\\\/www.youthforequality.sk\\\/#\\\/schema\\\/logo\\\/image\\\/\",\"url\":\"https:\\\/\\\/www.youthforequality.sk\\\/wp-content\\\/uploads\\\/2021\\\/01\\\/vynovene-logo-nove-farby_modra-na-web.png\",\"contentUrl\":\"https:\\\/\\\/www.youthforequality.sk\\\/wp-content\\\/uploads\\\/2021\\\/01\\\/vynovene-logo-nove-farby_modra-na-web.png\",\"width\":1,\"height\":1,\"caption\":\"Youth for Equality\"},\"image\":{\"@id\":\"https:\\\/\\\/www.youthforequality.sk\\\/#\\\/schema\\\/logo\\\/image\\\/\"},\"sameAs\":[\"https:\\\/\\\/www.facebook.com\\\/yeslovakia\"]},{\"@type\":\"Person\",\"@id\":\"https:\\\/\\\/www.youthforequality.sk\\\/#\\\/schema\\\/person\\\/be8fe75a4ed9c28400bc99a029218b24\",\"name\":\"Diana Ja\u0161ekov\u00e1\",\"image\":{\"@type\":\"ImageObject\",\"inLanguage\":\"sk-SK\",\"@id\":\"https:\\\/\\\/secure.gravatar.com\\\/avatar\\\/8c7454049523c9673804cf321f89b38fd4fcd5aa5ad8961f32caaf292dfd996f?s=96&d=mm&r=g\",\"url\":\"https:\\\/\\\/secure.gravatar.com\\\/avatar\\\/8c7454049523c9673804cf321f89b38fd4fcd5aa5ad8961f32caaf292dfd996f?s=96&d=mm&r=g\",\"contentUrl\":\"https:\\\/\\\/secure.gravatar.com\\\/avatar\\\/8c7454049523c9673804cf321f89b38fd4fcd5aa5ad8961f32caaf292dfd996f?s=96&d=mm&r=g\",\"caption\":\"Diana Ja\u0161ekov\u00e1\"},\"url\":\"https:\\\/\\\/www.youthforequality.sk\\\/index.php\\\/author\\\/diajas\\\/\"}]}<\/script>\n<!-- \/ Yoast SEO plugin. -->","yoast_head_json":{"title":"Power of Mental Health-Article May |","robots":{"index":"index","follow":"follow","max-snippet":"max-snippet:-1","max-image-preview":"max-image-preview:large","max-video-preview":"max-video-preview:-1"},"canonical":"https:\/\/www.youthforequality.sk\/index.php\/2023\/05\/30\/power-of-mental-health-article\/","og_locale":"sk_SK","og_type":"article","og_title":"Power of Mental Health-Article May |","og_description":"I had the opportunity to participate in art therapy workshops several times, and that experience had a profound impact on me. Throughout my whole\u00a0 life, I\u00a0 always wanted to seek therapy by visiting a psychologist, but I never had the chance, courage or resources to do so. However, when I first heard about art therapy,&hellip;&nbsp;\u010c\u00edta\u0165 viac &raquo;Power of Mental Health-Article May","og_url":"https:\/\/www.youthforequality.sk\/index.php\/2023\/05\/30\/power-of-mental-health-article\/","article_publisher":"https:\/\/www.facebook.com\/yeslovakia","article_published_time":"2023-05-30T12:39:03+00:00","article_modified_time":"2023-09-04T10:00:01+00:00","og_image":[{"width":1536,"height":2048,"url":"https:\/\/www.youthforequality.sk\/wp-content\/uploads\/2023\/08\/art3.jpg","type":"image\/jpeg"}],"author":"Diana Ja\u0161ekov\u00e1","twitter_card":"summary_large_image","twitter_misc":{"Autor":"Diana Ja\u0161ekov\u00e1","Predpokladan\u00fd \u010das \u010d\u00edtania":"3 min\u00faty"},"schema":{"@context":"https:\/\/schema.org","@graph":[{"@type":"Article","@id":"https:\/\/www.youthforequality.sk\/index.php\/2023\/05\/30\/power-of-mental-health-article\/#article","isPartOf":{"@id":"https:\/\/www.youthforequality.sk\/index.php\/2023\/05\/30\/power-of-mental-health-article\/"},"author":{"name":"Diana Ja\u0161ekov\u00e1","@id":"https:\/\/www.youthforequality.sk\/#\/schema\/person\/be8fe75a4ed9c28400bc99a029218b24"},"headline":"Power of Mental Health-Article May","datePublished":"2023-05-30T12:39:03+00:00","dateModified":"2023-09-04T10:00:01+00:00","mainEntityOfPage":{"@id":"https:\/\/www.youthforequality.sk\/index.php\/2023\/05\/30\/power-of-mental-health-article\/"},"wordCount":511,"publisher":{"@id":"https:\/\/www.youthforequality.sk\/#organization"},"image":{"@id":"https:\/\/www.youthforequality.sk\/index.php\/2023\/05\/30\/power-of-mental-health-article\/#primaryimage"},"thumbnailUrl":"https:\/\/www.youthforequality.sk\/wp-content\/uploads\/2023\/08\/art3.jpg","articleSection":["Blog"],"inLanguage":"sk-SK"},{"@type":"WebPage","@id":"https:\/\/www.youthforequality.sk\/index.php\/2023\/05\/30\/power-of-mental-health-article\/","url":"https:\/\/www.youthforequality.sk\/index.php\/2023\/05\/30\/power-of-mental-health-article\/","name":"Power of Mental Health-Article May |","isPartOf":{"@id":"https:\/\/www.youthforequality.sk\/#website"},"primaryImageOfPage":{"@id":"https:\/\/www.youthforequality.sk\/index.php\/2023\/05\/30\/power-of-mental-health-article\/#primaryimage"},"image":{"@id":"https:\/\/www.youthforequality.sk\/index.php\/2023\/05\/30\/power-of-mental-health-article\/#primaryimage"},"thumbnailUrl":"https:\/\/www.youthforequality.sk\/wp-content\/uploads\/2023\/08\/art3.jpg","datePublished":"2023-05-30T12:39:03+00:00","dateModified":"2023-09-04T10:00:01+00:00","breadcrumb":{"@id":"https:\/\/www.youthforequality.sk\/index.php\/2023\/05\/30\/power-of-mental-health-article\/#breadcrumb"},"inLanguage":"sk-SK","potentialAction":[{"@type":"ReadAction","target":["https:\/\/www.youthforequality.sk\/index.php\/2023\/05\/30\/power-of-mental-health-article\/"]}]},{"@type":"ImageObject","inLanguage":"sk-SK","@id":"https:\/\/www.youthforequality.sk\/index.php\/2023\/05\/30\/power-of-mental-health-article\/#primaryimage","url":"https:\/\/www.youthforequality.sk\/wp-content\/uploads\/2023\/08\/art3.jpg","contentUrl":"https:\/\/www.youthforequality.sk\/wp-content\/uploads\/2023\/08\/art3.jpg","width":1536,"height":2048},{"@type":"BreadcrumbList","@id":"https:\/\/www.youthforequality.sk\/index.php\/2023\/05\/30\/power-of-mental-health-article\/#breadcrumb","itemListElement":[{"@type":"ListItem","position":1,"name":"Home","item":"https:\/\/www.youthforequality.sk\/"},{"@type":"ListItem","position":2,"name":"Power of Mental Health-Article May"}]},{"@type":"WebSite","@id":"https:\/\/www.youthforequality.sk\/#website","url":"https:\/\/www.youthforequality.sk\/","name":"","description":"","publisher":{"@id":"https:\/\/www.youthforequality.sk\/#organization"},"potentialAction":[{"@type":"SearchAction","target":{"@type":"EntryPoint","urlTemplate":"https:\/\/www.youthforequality.sk\/?s={search_term_string}"},"query-input":{"@type":"PropertyValueSpecification","valueRequired":true,"valueName":"search_term_string"}}],"inLanguage":"sk-SK"},{"@type":"Organization","@id":"https:\/\/www.youthforequality.sk\/#organization","name":"Youth for Equality","url":"https:\/\/www.youthforequality.sk\/","logo":{"@type":"ImageObject","inLanguage":"sk-SK","@id":"https:\/\/www.youthforequality.sk\/#\/schema\/logo\/image\/","url":"https:\/\/www.youthforequality.sk\/wp-content\/uploads\/2021\/01\/vynovene-logo-nove-farby_modra-na-web.png","contentUrl":"https:\/\/www.youthforequality.sk\/wp-content\/uploads\/2021\/01\/vynovene-logo-nove-farby_modra-na-web.png","width":1,"height":1,"caption":"Youth for Equality"},"image":{"@id":"https:\/\/www.youthforequality.sk\/#\/schema\/logo\/image\/"},"sameAs":["https:\/\/www.facebook.com\/yeslovakia"]},{"@type":"Person","@id":"https:\/\/www.youthforequality.sk\/#\/schema\/person\/be8fe75a4ed9c28400bc99a029218b24","name":"Diana Ja\u0161ekov\u00e1","image":{"@type":"ImageObject","inLanguage":"sk-SK","@id":"https:\/\/secure.gravatar.com\/avatar\/8c7454049523c9673804cf321f89b38fd4fcd5aa5ad8961f32caaf292dfd996f?s=96&d=mm&r=g","url":"https:\/\/secure.gravatar.com\/avatar\/8c7454049523c9673804cf321f89b38fd4fcd5aa5ad8961f32caaf292dfd996f?s=96&d=mm&r=g","contentUrl":"https:\/\/secure.gravatar.com\/avatar\/8c7454049523c9673804cf321f89b38fd4fcd5aa5ad8961f32caaf292dfd996f?s=96&d=mm&r=g","caption":"Diana Ja\u0161ekov\u00e1"},"url":"https:\/\/www.youthforequality.sk\/index.php\/author\/diajas\/"}]}},"_links":{"self":[{"href":"https:\/\/www.youthforequality.sk\/index.php\/wp-json\/wp\/v2\/posts\/5593","targetHints":{"allow":["GET"]}}],"collection":[{"href":"https:\/\/www.youthforequality.sk\/index.php\/wp-json\/wp\/v2\/posts"}],"about":[{"href":"https:\/\/www.youthforequality.sk\/index.php\/wp-json\/wp\/v2\/types\/post"}],"author":[{"embeddable":true,"href":"https:\/\/www.youthforequality.sk\/index.php\/wp-json\/wp\/v2\/users\/2"}],"replies":[{"embeddable":true,"href":"https:\/\/www.youthforequality.sk\/index.php\/wp-json\/wp\/v2\/comments?post=5593"}],"version-history":[{"count":5,"href":"https:\/\/www.youthforequality.sk\/index.php\/wp-json\/wp\/v2\/posts\/5593\/revisions"}],"predecessor-version":[{"id":5612,"href":"https:\/\/www.youthforequality.sk\/index.php\/wp-json\/wp\/v2\/posts\/5593\/revisions\/5612"}],"wp:featuredmedia":[{"embeddable":true,"href":"https:\/\/www.youthforequality.sk\/index.php\/wp-json\/wp\/v2\/media\/5598"}],"wp:attachment":[{"href":"https:\/\/www.youthforequality.sk\/index.php\/wp-json\/wp\/v2\/media?parent=5593"}],"wp:term":[{"taxonomy":"category","embeddable":true,"href":"https:\/\/www.youthforequality.sk\/index.php\/wp-json\/wp\/v2\/categories?post=5593"},{"taxonomy":"post_tag","embeddable":true,"href":"https:\/\/www.youthforequality.sk\/index.php\/wp-json\/wp\/v2\/tags?post=5593"}],"curies":[{"name":"wp","href":"https:\/\/api.w.org\/{rel}","templated":true}]}}