{"id":5613,"date":"2023-04-29T14:50:36","date_gmt":"2023-04-29T12:50:36","guid":{"rendered":"https:\/\/www.youthforequality.sk\/index.php\/2023\/08\/30\/power-of-mental-health-article-copy\/"},"modified":"2023-09-04T11:56:35","modified_gmt":"2023-09-04T09:56:35","slug":"power-of-mental-health-article-april","status":"publish","type":"post","link":"https:\/\/www.youthforequality.sk\/index.php\/2023\/04\/29\/power-of-mental-health-article-april\/","title":{"rendered":"Power of Mental Health-Article April"},"content":{"rendered":"\t\t<div data-elementor-type=\"wp-post\" data-elementor-id=\"5613\" class=\"elementor elementor-5613\">\n\t\t\t\t\t\t<section class=\"elementor-section elementor-top-section elementor-element elementor-element-f2550da elementor-section-boxed elementor-section-height-default elementor-section-height-default\" data-id=\"f2550da\" data-element_type=\"section\" data-e-type=\"section\">\n\t\t\t\t\t\t<div class=\"elementor-container elementor-column-gap-default\">\n\t\t\t\t\t<div class=\"elementor-column elementor-col-100 elementor-top-column elementor-element elementor-element-1589057\" data-id=\"1589057\" data-element_type=\"column\" data-e-type=\"column\">\n\t\t\t<div class=\"elementor-widget-wrap elementor-element-populated\">\n\t\t\t\t\t\t<div class=\"elementor-element elementor-element-a878e17 elementor-widget elementor-widget-text-editor\" data-id=\"a878e17\" data-element_type=\"widget\" data-e-type=\"widget\" data-widget_type=\"text-editor.default\">\n\t\t\t\t<div class=\"elementor-widget-container\">\n\t\t\t\t\t\t\t\t\t<div dir=\"auto\">\n<div dir=\"auto\">\n<div class=\"xdj266r x11i5rnm xat24cr x1mh8g0r x1vvkbs x126k92a\">\n<div dir=\"auto\">\n<p>The first step of our art therapy adventure was to connect with the natural elements &#8211; earth, water, fire, and wind. As participants, we each chose the element that resonated with us the most. This process alone was a fascinating exercise in self-reflection. I found myself drawn&nbsp;to the calming influence of water, while others were drawn to the warmth of fire, the stability of earth, or the freedom of the wind. These choices set the stage for what was to come, as we were grouped with those who shared our elemental affinity.<\/p><p><br><\/p>\n<p>Once we were grouped, it was time to explore the musical aspect of our journey. Each group consisted of individuals representing different elements, creating a diverse and harmonious blend of energies. We were given various natural instruments such as drums, flutes, and&nbsp;even stones, each symbolizing one of the elements. The process of creating a musical composition with these natural instruments was nothing short of magical. We had to listen intently to one another, attuning ourselves to the rhythm and energy of our respective elements. It was remarkable how the different elements came&nbsp;together to form a beautiful and unified musical piece. This collaborative effort not only highlighted the power of unity but also allowed us to experience firsthand how our individual&nbsp;energies could complement one another. Expressing Our Connection to Nature Through Art With our musical composition completed, we moved on to the visual art aspect of the therapy session. We were given the opportunity to paint and draw images inspired by nature&nbsp;and how it symbolized us individually.<\/p><p><br><\/p><p>&nbsp;This exercise allowed us to explore our connection to the natural world and how it reflected aspects of our personalities.&nbsp;<span style=\"background-color: var(--nv-site-bg); color: var(--nv-text-color); font-family: Roboto, var(--nv-fallback-ff); letter-spacing: 0px;\">As I put brush to canvas, I found myself creating a serene landscape with a flowing river \u2013 a representation of my affinity for water. Others in the group crafted fiery sunsets, lush earthy scenes, and ethereal wind-inspired artworks. It was fascinating to see how our chosen&nbsp;<\/span><span style=\"background-color: var(--nv-site-bg); color: var(--nv-text-color); font-family: Roboto, var(--nv-fallback-ff); letter-spacing: 0px;\">elements influenced our artistic expressions, and it served as a powerful reminder of the deep connections we share with nature.&nbsp;<\/span><span style=\"background-color: var(--nv-site-bg); color: var(--nv-text-color); font-family: Roboto, var(--nv-fallback-ff); letter-spacing: 0px;\">Participating in this art therapy event was a journey of self-discovery, collaboration, andcreative expression. Through our connection to the elements, the creation of a unique musical composition, and the artistic exploration of our relationship with nature, we were&nbsp;<\/span><span style=\"background-color: var(--nv-site-bg); color: var(--nv-text-color); font-family: Roboto, var(--nv-fallback-ff); letter-spacing: 0px;\">able to delve deep into our inner selves. This art therapy experience taught me the value of self-reflection, the beauty of harmonizing&nbsp;<\/span><span style=\"background-color: var(--nv-site-bg); color: var(--nv-text-color); font-family: Roboto, var(--nv-fallback-ff); letter-spacing: 0px;\">with others, and the importance of connecting with the natural world around us. It was a truly transformative event that left me with a greater understanding of myself and a newfound appreciation for the therapeutic power of art. I would highly recommend such an event to&nbsp;<\/span><span style=\"background-color: var(--nv-site-bg); color: var(--nv-text-color); font-family: Roboto, var(--nv-fallback-ff); letter-spacing: 0px;\">anyone seeking a profound and enriching journey of self-discovery and healing.<\/span><\/p>\n<\/div>\n<\/div>\n<\/div>\n<\/div>\t\t\t\t\t\t\t\t<\/div>\n\t\t\t\t<\/div>\n\t\t\t\t\t<\/div>\n\t\t<\/div>\n\t\t\t\t\t<\/div>\n\t\t<\/section>\n\t\t\t\t<section class=\"elementor-section elementor-top-section elementor-element elementor-element-aa848a8 elementor-section-boxed elementor-section-height-default elementor-section-height-default\" data-id=\"aa848a8\" data-element_type=\"section\" data-e-type=\"section\">\n\t\t\t\t\t\t<div class=\"elementor-container elementor-column-gap-default\">\n\t\t\t\t\t<div class=\"elementor-column elementor-col-100 elementor-top-column elementor-element elementor-element-453db18\" data-id=\"453db18\" data-element_type=\"column\" data-e-type=\"column\">\n\t\t\t<div class=\"elementor-widget-wrap elementor-element-populated\">\n\t\t\t\t\t\t<div class=\"elementor-element elementor-element-4a3bdff elementor-widget elementor-widget-image\" data-id=\"4a3bdff\" data-element_type=\"widget\" data-e-type=\"widget\" data-widget_type=\"image.default\">\n\t\t\t\t<div class=\"elementor-widget-container\">\n\t\t\t\t\t\t\t\t\t\t\t\t\t\t\t<img fetchpriority=\"high\" decoding=\"async\" width=\"768\" height=\"1024\" src=\"https:\/\/www.youthforequality.sk\/wp-content\/uploads\/2023\/08\/art8-768x1024.jpg\" class=\"attachment-large size-large wp-image-5603\" alt=\"\" srcset=\"https:\/\/www.youthforequality.sk\/wp-content\/uploads\/2023\/08\/art8-768x1024.jpg 768w, https:\/\/www.youthforequality.sk\/wp-content\/uploads\/2023\/08\/art8-225x300.jpg 225w, https:\/\/www.youthforequality.sk\/wp-content\/uploads\/2023\/08\/art8-1152x1536.jpg 1152w, https:\/\/www.youthforequality.sk\/wp-content\/uploads\/2023\/08\/art8.jpg 1536w\" sizes=\"(max-width: 768px) 100vw, 768px\" \/>\t\t\t\t\t\t\t\t\t\t\t\t\t\t\t<\/div>\n\t\t\t\t<\/div>\n\t\t\t\t\t<\/div>\n\t\t<\/div>\n\t\t\t\t\t<\/div>\n\t\t<\/section>\n\t\t\t\t<\/div>\n\t\t","protected":false},"excerpt":{"rendered":"<p>The first step of our art therapy adventure was to connect with the natural elements &#8211; earth, water, fire, and wind. As participants, we each chose the element that resonated with us the most. This process alone was a fascinating exercise in self-reflection. I found myself drawn&nbsp;to the calming influence of water, while others were&hellip;&nbsp;<a href=\"https:\/\/www.youthforequality.sk\/index.php\/2023\/04\/29\/power-of-mental-health-article-april\/\" class=\"\" rel=\"bookmark\">\u010c\u00edta\u0165 viac &raquo;<span class=\"screen-reader-text\">Power of Mental Health-Article April<\/span><\/a><\/p>\n","protected":false},"author":2,"featured_media":5602,"comment_status":"closed","ping_status":"open","sticky":false,"template":"","format":"standard","meta":{"_uf_show_specific_survey":0,"_uf_disable_surveys":false,"neve_meta_sidebar":"","neve_meta_container":"","neve_meta_enable_content_width":"off","neve_meta_content_width":70,"neve_meta_title_alignment":"","neve_meta_author_avatar":"","neve_post_elements_order":"","neve_meta_disable_header":"","neve_meta_disable_footer":"","neve_meta_disable_title":"","_themeisle_gutenberg_block_has_review":false,"footnotes":""},"categories":[3],"tags":[],"class_list":["post-5613","post","type-post","status-publish","format-standard","has-post-thumbnail","hentry","category-blog"],"yoast_head":"<!-- This site is optimized with the Yoast SEO plugin v27.4 - https:\/\/yoast.com\/product\/yoast-seo-wordpress\/ -->\n<title>Power of Mental Health-Article April |<\/title>\n<meta name=\"robots\" content=\"index, follow, max-snippet:-1, max-image-preview:large, max-video-preview:-1\" \/>\n<link rel=\"canonical\" href=\"https:\/\/www.youthforequality.sk\/index.php\/2023\/04\/29\/power-of-mental-health-article-april\/\" \/>\n<meta property=\"og:locale\" content=\"sk_SK\" \/>\n<meta property=\"og:type\" content=\"article\" \/>\n<meta property=\"og:title\" content=\"Power of Mental Health-Article April |\" \/>\n<meta property=\"og:description\" content=\"The first step of our art therapy adventure was to connect with the natural elements &#8211; earth, water, fire, and wind. As participants, we each chose the element that resonated with us the most. This process alone was a fascinating exercise in self-reflection. I found myself drawn&nbsp;to the calming influence of water, while others were&hellip;&nbsp;\u010c\u00edta\u0165 viac &raquo;Power of Mental Health-Article April\" \/>\n<meta property=\"og:url\" content=\"https:\/\/www.youthforequality.sk\/index.php\/2023\/04\/29\/power-of-mental-health-article-april\/\" \/>\n<meta property=\"article:publisher\" content=\"https:\/\/www.facebook.com\/yeslovakia\" \/>\n<meta property=\"article:published_time\" content=\"2023-04-29T12:50:36+00:00\" \/>\n<meta property=\"article:modified_time\" content=\"2023-09-04T09:56:35+00:00\" \/>\n<meta property=\"og:image\" content=\"https:\/\/www.youthforequality.sk\/wp-content\/uploads\/2023\/08\/art7.jpg\" \/>\n\t<meta property=\"og:image:width\" content=\"1536\" \/>\n\t<meta property=\"og:image:height\" content=\"2048\" \/>\n\t<meta property=\"og:image:type\" content=\"image\/jpeg\" \/>\n<meta name=\"author\" content=\"Diana Ja\u0161ekov\u00e1\" \/>\n<meta name=\"twitter:card\" content=\"summary_large_image\" \/>\n<meta name=\"twitter:label1\" content=\"Autor\" \/>\n\t<meta name=\"twitter:data1\" content=\"Diana Ja\u0161ekov\u00e1\" \/>\n\t<meta name=\"twitter:label2\" content=\"Predpokladan\u00fd \u010das \u010d\u00edtania\" \/>\n\t<meta name=\"twitter:data2\" content=\"2 min\u00faty\" \/>\n<script type=\"application\/ld+json\" class=\"yoast-schema-graph\">{\"@context\":\"https:\\\/\\\/schema.org\",\"@graph\":[{\"@type\":\"Article\",\"@id\":\"https:\\\/\\\/www.youthforequality.sk\\\/index.php\\\/2023\\\/04\\\/29\\\/power-of-mental-health-article-april\\\/#article\",\"isPartOf\":{\"@id\":\"https:\\\/\\\/www.youthforequality.sk\\\/index.php\\\/2023\\\/04\\\/29\\\/power-of-mental-health-article-april\\\/\"},\"author\":{\"name\":\"Diana Ja\u0161ekov\u00e1\",\"@id\":\"https:\\\/\\\/www.youthforequality.sk\\\/#\\\/schema\\\/person\\\/be8fe75a4ed9c28400bc99a029218b24\"},\"headline\":\"Power of Mental Health-Article April\",\"datePublished\":\"2023-04-29T12:50:36+00:00\",\"dateModified\":\"2023-09-04T09:56:35+00:00\",\"mainEntityOfPage\":{\"@id\":\"https:\\\/\\\/www.youthforequality.sk\\\/index.php\\\/2023\\\/04\\\/29\\\/power-of-mental-health-article-april\\\/\"},\"wordCount\":483,\"publisher\":{\"@id\":\"https:\\\/\\\/www.youthforequality.sk\\\/#organization\"},\"image\":{\"@id\":\"https:\\\/\\\/www.youthforequality.sk\\\/index.php\\\/2023\\\/04\\\/29\\\/power-of-mental-health-article-april\\\/#primaryimage\"},\"thumbnailUrl\":\"https:\\\/\\\/www.youthforequality.sk\\\/wp-content\\\/uploads\\\/2023\\\/08\\\/art7.jpg\",\"articleSection\":[\"Blog\"],\"inLanguage\":\"sk-SK\"},{\"@type\":\"WebPage\",\"@id\":\"https:\\\/\\\/www.youthforequality.sk\\\/index.php\\\/2023\\\/04\\\/29\\\/power-of-mental-health-article-april\\\/\",\"url\":\"https:\\\/\\\/www.youthforequality.sk\\\/index.php\\\/2023\\\/04\\\/29\\\/power-of-mental-health-article-april\\\/\",\"name\":\"Power of Mental Health-Article April |\",\"isPartOf\":{\"@id\":\"https:\\\/\\\/www.youthforequality.sk\\\/#website\"},\"primaryImageOfPage\":{\"@id\":\"https:\\\/\\\/www.youthforequality.sk\\\/index.php\\\/2023\\\/04\\\/29\\\/power-of-mental-health-article-april\\\/#primaryimage\"},\"image\":{\"@id\":\"https:\\\/\\\/www.youthforequality.sk\\\/index.php\\\/2023\\\/04\\\/29\\\/power-of-mental-health-article-april\\\/#primaryimage\"},\"thumbnailUrl\":\"https:\\\/\\\/www.youthforequality.sk\\\/wp-content\\\/uploads\\\/2023\\\/08\\\/art7.jpg\",\"datePublished\":\"2023-04-29T12:50:36+00:00\",\"dateModified\":\"2023-09-04T09:56:35+00:00\",\"breadcrumb\":{\"@id\":\"https:\\\/\\\/www.youthforequality.sk\\\/index.php\\\/2023\\\/04\\\/29\\\/power-of-mental-health-article-april\\\/#breadcrumb\"},\"inLanguage\":\"sk-SK\",\"potentialAction\":[{\"@type\":\"ReadAction\",\"target\":[\"https:\\\/\\\/www.youthforequality.sk\\\/index.php\\\/2023\\\/04\\\/29\\\/power-of-mental-health-article-april\\\/\"]}]},{\"@type\":\"ImageObject\",\"inLanguage\":\"sk-SK\",\"@id\":\"https:\\\/\\\/www.youthforequality.sk\\\/index.php\\\/2023\\\/04\\\/29\\\/power-of-mental-health-article-april\\\/#primaryimage\",\"url\":\"https:\\\/\\\/www.youthforequality.sk\\\/wp-content\\\/uploads\\\/2023\\\/08\\\/art7.jpg\",\"contentUrl\":\"https:\\\/\\\/www.youthforequality.sk\\\/wp-content\\\/uploads\\\/2023\\\/08\\\/art7.jpg\",\"width\":1536,\"height\":2048},{\"@type\":\"BreadcrumbList\",\"@id\":\"https:\\\/\\\/www.youthforequality.sk\\\/index.php\\\/2023\\\/04\\\/29\\\/power-of-mental-health-article-april\\\/#breadcrumb\",\"itemListElement\":[{\"@type\":\"ListItem\",\"position\":1,\"name\":\"Home\",\"item\":\"https:\\\/\\\/www.youthforequality.sk\\\/\"},{\"@type\":\"ListItem\",\"position\":2,\"name\":\"Power of Mental Health-Article April\"}]},{\"@type\":\"WebSite\",\"@id\":\"https:\\\/\\\/www.youthforequality.sk\\\/#website\",\"url\":\"https:\\\/\\\/www.youthforequality.sk\\\/\",\"name\":\"\",\"description\":\"\",\"publisher\":{\"@id\":\"https:\\\/\\\/www.youthforequality.sk\\\/#organization\"},\"potentialAction\":[{\"@type\":\"SearchAction\",\"target\":{\"@type\":\"EntryPoint\",\"urlTemplate\":\"https:\\\/\\\/www.youthforequality.sk\\\/?s={search_term_string}\"},\"query-input\":{\"@type\":\"PropertyValueSpecification\",\"valueRequired\":true,\"valueName\":\"search_term_string\"}}],\"inLanguage\":\"sk-SK\"},{\"@type\":\"Organization\",\"@id\":\"https:\\\/\\\/www.youthforequality.sk\\\/#organization\",\"name\":\"Youth for Equality\",\"url\":\"https:\\\/\\\/www.youthforequality.sk\\\/\",\"logo\":{\"@type\":\"ImageObject\",\"inLanguage\":\"sk-SK\",\"@id\":\"https:\\\/\\\/www.youthforequality.sk\\\/#\\\/schema\\\/logo\\\/image\\\/\",\"url\":\"https:\\\/\\\/www.youthforequality.sk\\\/wp-content\\\/uploads\\\/2021\\\/01\\\/vynovene-logo-nove-farby_modra-na-web.png\",\"contentUrl\":\"https:\\\/\\\/www.youthforequality.sk\\\/wp-content\\\/uploads\\\/2021\\\/01\\\/vynovene-logo-nove-farby_modra-na-web.png\",\"width\":1,\"height\":1,\"caption\":\"Youth for Equality\"},\"image\":{\"@id\":\"https:\\\/\\\/www.youthforequality.sk\\\/#\\\/schema\\\/logo\\\/image\\\/\"},\"sameAs\":[\"https:\\\/\\\/www.facebook.com\\\/yeslovakia\"]},{\"@type\":\"Person\",\"@id\":\"https:\\\/\\\/www.youthforequality.sk\\\/#\\\/schema\\\/person\\\/be8fe75a4ed9c28400bc99a029218b24\",\"name\":\"Diana Ja\u0161ekov\u00e1\",\"image\":{\"@type\":\"ImageObject\",\"inLanguage\":\"sk-SK\",\"@id\":\"https:\\\/\\\/secure.gravatar.com\\\/avatar\\\/8c7454049523c9673804cf321f89b38fd4fcd5aa5ad8961f32caaf292dfd996f?s=96&d=mm&r=g\",\"url\":\"https:\\\/\\\/secure.gravatar.com\\\/avatar\\\/8c7454049523c9673804cf321f89b38fd4fcd5aa5ad8961f32caaf292dfd996f?s=96&d=mm&r=g\",\"contentUrl\":\"https:\\\/\\\/secure.gravatar.com\\\/avatar\\\/8c7454049523c9673804cf321f89b38fd4fcd5aa5ad8961f32caaf292dfd996f?s=96&d=mm&r=g\",\"caption\":\"Diana Ja\u0161ekov\u00e1\"},\"url\":\"https:\\\/\\\/www.youthforequality.sk\\\/index.php\\\/author\\\/diajas\\\/\"}]}<\/script>\n<!-- \/ Yoast SEO plugin. -->","yoast_head_json":{"title":"Power of Mental Health-Article April |","robots":{"index":"index","follow":"follow","max-snippet":"max-snippet:-1","max-image-preview":"max-image-preview:large","max-video-preview":"max-video-preview:-1"},"canonical":"https:\/\/www.youthforequality.sk\/index.php\/2023\/04\/29\/power-of-mental-health-article-april\/","og_locale":"sk_SK","og_type":"article","og_title":"Power of Mental Health-Article April |","og_description":"The first step of our art therapy adventure was to connect with the natural elements &#8211; earth, water, fire, and wind. As participants, we each chose the element that resonated with us the most. This process alone was a fascinating exercise in self-reflection. I found myself drawn&nbsp;to the calming influence of water, while others were&hellip;&nbsp;\u010c\u00edta\u0165 viac &raquo;Power of Mental Health-Article April","og_url":"https:\/\/www.youthforequality.sk\/index.php\/2023\/04\/29\/power-of-mental-health-article-april\/","article_publisher":"https:\/\/www.facebook.com\/yeslovakia","article_published_time":"2023-04-29T12:50:36+00:00","article_modified_time":"2023-09-04T09:56:35+00:00","og_image":[{"width":1536,"height":2048,"url":"https:\/\/www.youthforequality.sk\/wp-content\/uploads\/2023\/08\/art7.jpg","type":"image\/jpeg"}],"author":"Diana Ja\u0161ekov\u00e1","twitter_card":"summary_large_image","twitter_misc":{"Autor":"Diana Ja\u0161ekov\u00e1","Predpokladan\u00fd \u010das \u010d\u00edtania":"2 min\u00faty"},"schema":{"@context":"https:\/\/schema.org","@graph":[{"@type":"Article","@id":"https:\/\/www.youthforequality.sk\/index.php\/2023\/04\/29\/power-of-mental-health-article-april\/#article","isPartOf":{"@id":"https:\/\/www.youthforequality.sk\/index.php\/2023\/04\/29\/power-of-mental-health-article-april\/"},"author":{"name":"Diana Ja\u0161ekov\u00e1","@id":"https:\/\/www.youthforequality.sk\/#\/schema\/person\/be8fe75a4ed9c28400bc99a029218b24"},"headline":"Power of Mental Health-Article April","datePublished":"2023-04-29T12:50:36+00:00","dateModified":"2023-09-04T09:56:35+00:00","mainEntityOfPage":{"@id":"https:\/\/www.youthforequality.sk\/index.php\/2023\/04\/29\/power-of-mental-health-article-april\/"},"wordCount":483,"publisher":{"@id":"https:\/\/www.youthforequality.sk\/#organization"},"image":{"@id":"https:\/\/www.youthforequality.sk\/index.php\/2023\/04\/29\/power-of-mental-health-article-april\/#primaryimage"},"thumbnailUrl":"https:\/\/www.youthforequality.sk\/wp-content\/uploads\/2023\/08\/art7.jpg","articleSection":["Blog"],"inLanguage":"sk-SK"},{"@type":"WebPage","@id":"https:\/\/www.youthforequality.sk\/index.php\/2023\/04\/29\/power-of-mental-health-article-april\/","url":"https:\/\/www.youthforequality.sk\/index.php\/2023\/04\/29\/power-of-mental-health-article-april\/","name":"Power of Mental Health-Article April |","isPartOf":{"@id":"https:\/\/www.youthforequality.sk\/#website"},"primaryImageOfPage":{"@id":"https:\/\/www.youthforequality.sk\/index.php\/2023\/04\/29\/power-of-mental-health-article-april\/#primaryimage"},"image":{"@id":"https:\/\/www.youthforequality.sk\/index.php\/2023\/04\/29\/power-of-mental-health-article-april\/#primaryimage"},"thumbnailUrl":"https:\/\/www.youthforequality.sk\/wp-content\/uploads\/2023\/08\/art7.jpg","datePublished":"2023-04-29T12:50:36+00:00","dateModified":"2023-09-04T09:56:35+00:00","breadcrumb":{"@id":"https:\/\/www.youthforequality.sk\/index.php\/2023\/04\/29\/power-of-mental-health-article-april\/#breadcrumb"},"inLanguage":"sk-SK","potentialAction":[{"@type":"ReadAction","target":["https:\/\/www.youthforequality.sk\/index.php\/2023\/04\/29\/power-of-mental-health-article-april\/"]}]},{"@type":"ImageObject","inLanguage":"sk-SK","@id":"https:\/\/www.youthforequality.sk\/index.php\/2023\/04\/29\/power-of-mental-health-article-april\/#primaryimage","url":"https:\/\/www.youthforequality.sk\/wp-content\/uploads\/2023\/08\/art7.jpg","contentUrl":"https:\/\/www.youthforequality.sk\/wp-content\/uploads\/2023\/08\/art7.jpg","width":1536,"height":2048},{"@type":"BreadcrumbList","@id":"https:\/\/www.youthforequality.sk\/index.php\/2023\/04\/29\/power-of-mental-health-article-april\/#breadcrumb","itemListElement":[{"@type":"ListItem","position":1,"name":"Home","item":"https:\/\/www.youthforequality.sk\/"},{"@type":"ListItem","position":2,"name":"Power of Mental Health-Article April"}]},{"@type":"WebSite","@id":"https:\/\/www.youthforequality.sk\/#website","url":"https:\/\/www.youthforequality.sk\/","name":"","description":"","publisher":{"@id":"https:\/\/www.youthforequality.sk\/#organization"},"potentialAction":[{"@type":"SearchAction","target":{"@type":"EntryPoint","urlTemplate":"https:\/\/www.youthforequality.sk\/?s={search_term_string}"},"query-input":{"@type":"PropertyValueSpecification","valueRequired":true,"valueName":"search_term_string"}}],"inLanguage":"sk-SK"},{"@type":"Organization","@id":"https:\/\/www.youthforequality.sk\/#organization","name":"Youth for Equality","url":"https:\/\/www.youthforequality.sk\/","logo":{"@type":"ImageObject","inLanguage":"sk-SK","@id":"https:\/\/www.youthforequality.sk\/#\/schema\/logo\/image\/","url":"https:\/\/www.youthforequality.sk\/wp-content\/uploads\/2021\/01\/vynovene-logo-nove-farby_modra-na-web.png","contentUrl":"https:\/\/www.youthforequality.sk\/wp-content\/uploads\/2021\/01\/vynovene-logo-nove-farby_modra-na-web.png","width":1,"height":1,"caption":"Youth for Equality"},"image":{"@id":"https:\/\/www.youthforequality.sk\/#\/schema\/logo\/image\/"},"sameAs":["https:\/\/www.facebook.com\/yeslovakia"]},{"@type":"Person","@id":"https:\/\/www.youthforequality.sk\/#\/schema\/person\/be8fe75a4ed9c28400bc99a029218b24","name":"Diana Ja\u0161ekov\u00e1","image":{"@type":"ImageObject","inLanguage":"sk-SK","@id":"https:\/\/secure.gravatar.com\/avatar\/8c7454049523c9673804cf321f89b38fd4fcd5aa5ad8961f32caaf292dfd996f?s=96&d=mm&r=g","url":"https:\/\/secure.gravatar.com\/avatar\/8c7454049523c9673804cf321f89b38fd4fcd5aa5ad8961f32caaf292dfd996f?s=96&d=mm&r=g","contentUrl":"https:\/\/secure.gravatar.com\/avatar\/8c7454049523c9673804cf321f89b38fd4fcd5aa5ad8961f32caaf292dfd996f?s=96&d=mm&r=g","caption":"Diana Ja\u0161ekov\u00e1"},"url":"https:\/\/www.youthforequality.sk\/index.php\/author\/diajas\/"}]}},"_links":{"self":[{"href":"https:\/\/www.youthforequality.sk\/index.php\/wp-json\/wp\/v2\/posts\/5613","targetHints":{"allow":["GET"]}}],"collection":[{"href":"https:\/\/www.youthforequality.sk\/index.php\/wp-json\/wp\/v2\/posts"}],"about":[{"href":"https:\/\/www.youthforequality.sk\/index.php\/wp-json\/wp\/v2\/types\/post"}],"author":[{"embeddable":true,"href":"https:\/\/www.youthforequality.sk\/index.php\/wp-json\/wp\/v2\/users\/2"}],"replies":[{"embeddable":true,"href":"https:\/\/www.youthforequality.sk\/index.php\/wp-json\/wp\/v2\/comments?post=5613"}],"version-history":[{"count":10,"href":"https:\/\/www.youthforequality.sk\/index.php\/wp-json\/wp\/v2\/posts\/5613\/revisions"}],"predecessor-version":[{"id":5637,"href":"https:\/\/www.youthforequality.sk\/index.php\/wp-json\/wp\/v2\/posts\/5613\/revisions\/5637"}],"wp:featuredmedia":[{"embeddable":true,"href":"https:\/\/www.youthforequality.sk\/index.php\/wp-json\/wp\/v2\/media\/5602"}],"wp:attachment":[{"href":"https:\/\/www.youthforequality.sk\/index.php\/wp-json\/wp\/v2\/media?parent=5613"}],"wp:term":[{"taxonomy":"category","embeddable":true,"href":"https:\/\/www.youthforequality.sk\/index.php\/wp-json\/wp\/v2\/categories?post=5613"},{"taxonomy":"post_tag","embeddable":true,"href":"https:\/\/www.youthforequality.sk\/index.php\/wp-json\/wp\/v2\/tags?post=5613"}],"curies":[{"name":"wp","href":"https:\/\/api.w.org\/{rel}","templated":true}]}}