{"id":5622,"date":"2023-06-30T14:53:03","date_gmt":"2023-06-30T12:53:03","guid":{"rendered":"https:\/\/www.youthforequality.sk\/index.php\/2023\/08\/30\/power-of-mental-health-exhibition-copy\/"},"modified":"2023-10-29T22:04:09","modified_gmt":"2023-10-29T21:04:09","slug":"power-of-mental-health-exhibition-copy","status":"publish","type":"post","link":"https:\/\/www.youthforequality.sk\/index.php\/2023\/06\/30\/power-of-mental-health-exhibition-copy\/","title":{"rendered":"Power of Mental Health-EXHIBITION"},"content":{"rendered":"\t\t<div data-elementor-type=\"wp-post\" data-elementor-id=\"5622\" class=\"elementor elementor-5622\">\n\t\t\t\t\t\t<section class=\"elementor-section elementor-top-section elementor-element elementor-element-e4048d9 elementor-section-boxed elementor-section-height-default elementor-section-height-default\" data-id=\"e4048d9\" data-element_type=\"section\" data-e-type=\"section\">\n\t\t\t\t\t\t<div class=\"elementor-container elementor-column-gap-default\">\n\t\t\t\t\t<div class=\"elementor-column elementor-col-100 elementor-top-column elementor-element elementor-element-3f9c875\" data-id=\"3f9c875\" data-element_type=\"column\" data-e-type=\"column\">\n\t\t\t<div class=\"elementor-widget-wrap elementor-element-populated\">\n\t\t\t\t\t\t<div class=\"elementor-element elementor-element-d81a560 elementor-widget elementor-widget-text-editor\" data-id=\"d81a560\" data-element_type=\"widget\" data-e-type=\"widget\" data-widget_type=\"text-editor.default\">\n\t\t\t\t<div class=\"elementor-widget-container\">\n\t\t\t\t\t\t\t\t\t<p>The project, &#8222;The Power of Mental Health: Promoting Mental Health and Wellbeing,&#8220; saw that young people dealing with the mental effects of war, isolation, and being moved around needed help right away. With this in mind, the project set out to give young people a safe and therapeutic place where they could express themselves, talk about their experiences, and learn ways to deal with their mental health problems.<\/p>\n<p>One of the most interesting things about this project was how much it focused on the healing power of art and culture. Art therapy groups, music and dance classes, and cultural events were set up to help these young people get in touch with their creative sides. These exercises helped people express themselves, feel better, and get stronger.<\/p><p><br><\/p>\n<p>The art therapy show was the result of months of hard work and artistic study by the people involved in the project. The art in the gallery was a colorful tapestry of feelings, ideas, and stories, each of which was shown in a different way. Visitors were asked to step into this world of creativity and strength, and the experience was nothing short of breathtaking.<span style=\"background-color: var(--nv-site-bg); color: var(--nv-text-color); font-family: Roboto, var(--nv-fallback-ff); letter-spacing: 0px;\">There were paintings that showed the pain of loss and the hope for a better future, as well as statues that showed how strong and determined the young artists were. Each piece seemed to be a window into the artist&#8217;s soul and a powerful reminder that art can help the human spirit find peace and strength in the middle of chaos and war.<\/span><\/p><p><span style=\"background-color: var(--nv-site-bg); color: var(--nv-text-color); font-family: Roboto, var(--nv-fallback-ff); letter-spacing: 0px;\"><br><\/span><\/p>\n<p>One visitor said this about the exhibition: &#8222;As I walked through the gallery, the depth of emotion and skill on display made me cry. These young artists have turned their pain into something beautiful and moving. It&#8217;s a powerful message that art can be a source of healing and hope even when things are hard.&nbsp;<span style=\"background-color: var(--nv-site-bg); color: var(--nv-text-color); font-family: Roboto, var(--nv-fallback-ff); letter-spacing: 0px;\">The exhibition also gave the artists a chance to tell the community about their lives and work. They talked about how art was a form of therapy for them and how it helped them deal with stress and uncertainty. It was a powerful lesson that art can not only heal but also help people understand and care about each other. It was a tribute to the strength of the human spirit and a sign of hope for people who have been through hard times. It told us that even in the worst of times, art and culture can help us find our way back to the light through their ability to change.<\/span><\/p><p><span style=\"background-color: var(--nv-site-bg); color: var(--nv-text-color); font-family: Roboto, var(--nv-fallback-ff); letter-spacing: 0px;\"><br><\/span><\/p>\n<p>As the exhibition ended, it left a lasting impression on the hearts and thoughts of everyone who saw it. It was a lesson that creativity can be a lifeline in hard times, and art can be a way to heal and start over. The project exhibition will be remembered not only for the beauty of the artworks but also for the powerful message it sent: that the human spirit can thrive and find peace through the power of creativity and expression, even in the most difficult situations.<\/p>\n<div>&nbsp;<\/div>\n<p><span style=\"vertical-align: inherit;\"><span style=\"vertical-align: inherit;\">Project reference: 11089.1.PA.2023 Power of Mental Health <\/span><\/span><br><span style=\"vertical-align: inherit;\"><span style=\"vertical-align: inherit;\">Venue: Trnava, Slovakia <\/span><\/span><br><span style=\"vertical-align: inherit;\"><span style=\"vertical-align: inherit;\">The project will be carried out with the support of the European Youth Foundation.<\/span><\/span><\/p>\n<p><span style=\"font-weight: 400;\"><span style=\"vertical-align: inherit;\"><span style=\"vertical-align: inherit;\">&nbsp;<\/span><\/span><\/span><\/p>\n<p><span style=\"font-weight: 400;\"><span style=\"vertical-align: inherit;\"><span style=\"vertical-align: inherit;\">&nbsp;<\/span><\/span><\/span><\/p>\t\t\t\t\t\t\t\t<\/div>\n\t\t\t\t<\/div>\n\t\t\t\t\t<\/div>\n\t\t<\/div>\n\t\t\t\t\t<\/div>\n\t\t<\/section>\n\t\t\t\t<section class=\"elementor-section elementor-top-section elementor-element elementor-element-55b0e67 elementor-section-boxed elementor-section-height-default elementor-section-height-default\" data-id=\"55b0e67\" data-element_type=\"section\" data-e-type=\"section\">\n\t\t\t\t\t\t<div class=\"elementor-container elementor-column-gap-default\">\n\t\t\t\t\t<div class=\"elementor-column elementor-col-100 elementor-top-column elementor-element elementor-element-76299be\" data-id=\"76299be\" data-element_type=\"column\" data-e-type=\"column\">\n\t\t\t<div class=\"elementor-widget-wrap elementor-element-populated\">\n\t\t\t\t\t\t<div class=\"elementor-element elementor-element-4d89540 elementor-widget elementor-widget-image\" data-id=\"4d89540\" data-element_type=\"widget\" data-e-type=\"widget\" data-widget_type=\"image.default\">\n\t\t\t\t<div class=\"elementor-widget-container\">\n\t\t\t\t\t\t\t\t\t\t\t\t\t\t\t<img fetchpriority=\"high\" decoding=\"async\" width=\"768\" height=\"1024\" src=\"https:\/\/www.youthforequality.sk\/wp-content\/uploads\/2023\/08\/IMG_5877-768x1024.jpg\" class=\"attachment-large size-large wp-image-5626\" alt=\"\" srcset=\"https:\/\/www.youthforequality.sk\/wp-content\/uploads\/2023\/08\/IMG_5877-768x1024.jpg 768w, https:\/\/www.youthforequality.sk\/wp-content\/uploads\/2023\/08\/IMG_5877-225x300.jpg 225w, https:\/\/www.youthforequality.sk\/wp-content\/uploads\/2023\/08\/IMG_5877-1152x1536.jpg 1152w, https:\/\/www.youthforequality.sk\/wp-content\/uploads\/2023\/08\/IMG_5877-1536x2048.jpg 1536w, https:\/\/www.youthforequality.sk\/wp-content\/uploads\/2023\/08\/IMG_5877-scaled.jpg 1920w\" sizes=\"(max-width: 768px) 100vw, 768px\" \/>\t\t\t\t\t\t\t\t\t\t\t\t\t\t\t<\/div>\n\t\t\t\t<\/div>\n\t\t\t\t\t<\/div>\n\t\t<\/div>\n\t\t\t\t\t<\/div>\n\t\t<\/section>\n\t\t\t\t<\/div>\n\t\t","protected":false},"excerpt":{"rendered":"<p>The project, &#8222;The Power of Mental Health: Promoting Mental Health and Wellbeing,&#8220; saw that young people dealing with the mental effects of war, isolation, and being moved around needed help right away. With this in mind, the project set out to give young people a safe and therapeutic place where they could express themselves, talk&hellip;&nbsp;<a href=\"https:\/\/www.youthforequality.sk\/index.php\/2023\/06\/30\/power-of-mental-health-exhibition-copy\/\" class=\"\" rel=\"bookmark\">\u010c\u00edta\u0165 viac &raquo;<span class=\"screen-reader-text\">Power of Mental Health-EXHIBITION<\/span><\/a><\/p>\n","protected":false},"author":2,"featured_media":5631,"comment_status":"closed","ping_status":"open","sticky":false,"template":"","format":"standard","meta":{"_uf_show_specific_survey":0,"_uf_disable_surveys":false,"neve_meta_sidebar":"","neve_meta_container":"","neve_meta_enable_content_width":"off","neve_meta_content_width":70,"neve_meta_title_alignment":"","neve_meta_author_avatar":"","neve_post_elements_order":"","neve_meta_disable_header":"","neve_meta_disable_footer":"","neve_meta_disable_title":"","_themeisle_gutenberg_block_has_review":false,"footnotes":""},"categories":[3],"tags":[],"class_list":["post-5622","post","type-post","status-publish","format-standard","has-post-thumbnail","hentry","category-blog"],"yoast_head":"<!-- This site is optimized with the Yoast SEO plugin v27.4 - https:\/\/yoast.com\/product\/yoast-seo-wordpress\/ -->\n<title>Power of Mental Health-EXHIBITION |<\/title>\n<meta name=\"robots\" content=\"index, follow, max-snippet:-1, max-image-preview:large, max-video-preview:-1\" \/>\n<link rel=\"canonical\" href=\"https:\/\/www.youthforequality.sk\/index.php\/2023\/06\/30\/power-of-mental-health-exhibition-copy\/\" \/>\n<meta property=\"og:locale\" content=\"sk_SK\" \/>\n<meta property=\"og:type\" content=\"article\" \/>\n<meta property=\"og:title\" content=\"Power of Mental Health-EXHIBITION |\" \/>\n<meta property=\"og:description\" content=\"The project, &#8222;The Power of Mental Health: Promoting Mental Health and Wellbeing,&#8220; saw that young people dealing with the mental effects of war, isolation, and being moved around needed help right away. With this in mind, the project set out to give young people a safe and therapeutic place where they could express themselves, talk&hellip;&nbsp;\u010c\u00edta\u0165 viac &raquo;Power of Mental Health-EXHIBITION\" \/>\n<meta property=\"og:url\" content=\"https:\/\/www.youthforequality.sk\/index.php\/2023\/06\/30\/power-of-mental-health-exhibition-copy\/\" \/>\n<meta property=\"article:publisher\" content=\"https:\/\/www.facebook.com\/yeslovakia\" \/>\n<meta property=\"article:published_time\" content=\"2023-06-30T12:53:03+00:00\" \/>\n<meta property=\"article:modified_time\" content=\"2023-10-29T21:04:09+00:00\" \/>\n<meta property=\"og:image\" content=\"https:\/\/www.youthforequality.sk\/wp-content\/uploads\/2023\/08\/IMG_5851-scaled.jpg\" \/>\n\t<meta property=\"og:image:width\" content=\"1920\" \/>\n\t<meta property=\"og:image:height\" content=\"2560\" \/>\n\t<meta property=\"og:image:type\" content=\"image\/jpeg\" \/>\n<meta name=\"author\" content=\"Diana Ja\u0161ekov\u00e1\" \/>\n<meta name=\"twitter:card\" content=\"summary_large_image\" \/>\n<meta name=\"twitter:label1\" content=\"Autor\" \/>\n\t<meta name=\"twitter:data1\" content=\"Diana Ja\u0161ekov\u00e1\" \/>\n\t<meta name=\"twitter:label2\" content=\"Predpokladan\u00fd \u010das \u010d\u00edtania\" \/>\n\t<meta name=\"twitter:data2\" content=\"11 min\u00fat\" \/>\n<script type=\"application\/ld+json\" class=\"yoast-schema-graph\">{\"@context\":\"https:\\\/\\\/schema.org\",\"@graph\":[{\"@type\":\"Article\",\"@id\":\"https:\\\/\\\/www.youthforequality.sk\\\/index.php\\\/2023\\\/06\\\/30\\\/power-of-mental-health-exhibition-copy\\\/#article\",\"isPartOf\":{\"@id\":\"https:\\\/\\\/www.youthforequality.sk\\\/index.php\\\/2023\\\/06\\\/30\\\/power-of-mental-health-exhibition-copy\\\/\"},\"author\":{\"name\":\"Diana Ja\u0161ekov\u00e1\",\"@id\":\"https:\\\/\\\/www.youthforequality.sk\\\/#\\\/schema\\\/person\\\/be8fe75a4ed9c28400bc99a029218b24\"},\"headline\":\"Power of Mental Health-EXHIBITION\",\"datePublished\":\"2023-06-30T12:53:03+00:00\",\"dateModified\":\"2023-10-29T21:04:09+00:00\",\"mainEntityOfPage\":{\"@id\":\"https:\\\/\\\/www.youthforequality.sk\\\/index.php\\\/2023\\\/06\\\/30\\\/power-of-mental-health-exhibition-copy\\\/\"},\"wordCount\":542,\"publisher\":{\"@id\":\"https:\\\/\\\/www.youthforequality.sk\\\/#organization\"},\"image\":{\"@id\":\"https:\\\/\\\/www.youthforequality.sk\\\/index.php\\\/2023\\\/06\\\/30\\\/power-of-mental-health-exhibition-copy\\\/#primaryimage\"},\"thumbnailUrl\":\"https:\\\/\\\/www.youthforequality.sk\\\/wp-content\\\/uploads\\\/2023\\\/08\\\/IMG_5851-scaled.jpg\",\"articleSection\":[\"Blog\"],\"inLanguage\":\"sk-SK\"},{\"@type\":\"WebPage\",\"@id\":\"https:\\\/\\\/www.youthforequality.sk\\\/index.php\\\/2023\\\/06\\\/30\\\/power-of-mental-health-exhibition-copy\\\/\",\"url\":\"https:\\\/\\\/www.youthforequality.sk\\\/index.php\\\/2023\\\/06\\\/30\\\/power-of-mental-health-exhibition-copy\\\/\",\"name\":\"Power of Mental Health-EXHIBITION |\",\"isPartOf\":{\"@id\":\"https:\\\/\\\/www.youthforequality.sk\\\/#website\"},\"primaryImageOfPage\":{\"@id\":\"https:\\\/\\\/www.youthforequality.sk\\\/index.php\\\/2023\\\/06\\\/30\\\/power-of-mental-health-exhibition-copy\\\/#primaryimage\"},\"image\":{\"@id\":\"https:\\\/\\\/www.youthforequality.sk\\\/index.php\\\/2023\\\/06\\\/30\\\/power-of-mental-health-exhibition-copy\\\/#primaryimage\"},\"thumbnailUrl\":\"https:\\\/\\\/www.youthforequality.sk\\\/wp-content\\\/uploads\\\/2023\\\/08\\\/IMG_5851-scaled.jpg\",\"datePublished\":\"2023-06-30T12:53:03+00:00\",\"dateModified\":\"2023-10-29T21:04:09+00:00\",\"breadcrumb\":{\"@id\":\"https:\\\/\\\/www.youthforequality.sk\\\/index.php\\\/2023\\\/06\\\/30\\\/power-of-mental-health-exhibition-copy\\\/#breadcrumb\"},\"inLanguage\":\"sk-SK\",\"potentialAction\":[{\"@type\":\"ReadAction\",\"target\":[\"https:\\\/\\\/www.youthforequality.sk\\\/index.php\\\/2023\\\/06\\\/30\\\/power-of-mental-health-exhibition-copy\\\/\"]}]},{\"@type\":\"ImageObject\",\"inLanguage\":\"sk-SK\",\"@id\":\"https:\\\/\\\/www.youthforequality.sk\\\/index.php\\\/2023\\\/06\\\/30\\\/power-of-mental-health-exhibition-copy\\\/#primaryimage\",\"url\":\"https:\\\/\\\/www.youthforequality.sk\\\/wp-content\\\/uploads\\\/2023\\\/08\\\/IMG_5851-scaled.jpg\",\"contentUrl\":\"https:\\\/\\\/www.youthforequality.sk\\\/wp-content\\\/uploads\\\/2023\\\/08\\\/IMG_5851-scaled.jpg\",\"width\":1920,\"height\":2560},{\"@type\":\"BreadcrumbList\",\"@id\":\"https:\\\/\\\/www.youthforequality.sk\\\/index.php\\\/2023\\\/06\\\/30\\\/power-of-mental-health-exhibition-copy\\\/#breadcrumb\",\"itemListElement\":[{\"@type\":\"ListItem\",\"position\":1,\"name\":\"Home\",\"item\":\"https:\\\/\\\/www.youthforequality.sk\\\/\"},{\"@type\":\"ListItem\",\"position\":2,\"name\":\"Power of Mental Health-EXHIBITION\"}]},{\"@type\":\"WebSite\",\"@id\":\"https:\\\/\\\/www.youthforequality.sk\\\/#website\",\"url\":\"https:\\\/\\\/www.youthforequality.sk\\\/\",\"name\":\"\",\"description\":\"\",\"publisher\":{\"@id\":\"https:\\\/\\\/www.youthforequality.sk\\\/#organization\"},\"potentialAction\":[{\"@type\":\"SearchAction\",\"target\":{\"@type\":\"EntryPoint\",\"urlTemplate\":\"https:\\\/\\\/www.youthforequality.sk\\\/?s={search_term_string}\"},\"query-input\":{\"@type\":\"PropertyValueSpecification\",\"valueRequired\":true,\"valueName\":\"search_term_string\"}}],\"inLanguage\":\"sk-SK\"},{\"@type\":\"Organization\",\"@id\":\"https:\\\/\\\/www.youthforequality.sk\\\/#organization\",\"name\":\"Youth for Equality\",\"url\":\"https:\\\/\\\/www.youthforequality.sk\\\/\",\"logo\":{\"@type\":\"ImageObject\",\"inLanguage\":\"sk-SK\",\"@id\":\"https:\\\/\\\/www.youthforequality.sk\\\/#\\\/schema\\\/logo\\\/image\\\/\",\"url\":\"https:\\\/\\\/www.youthforequality.sk\\\/wp-content\\\/uploads\\\/2021\\\/01\\\/vynovene-logo-nove-farby_modra-na-web.png\",\"contentUrl\":\"https:\\\/\\\/www.youthforequality.sk\\\/wp-content\\\/uploads\\\/2021\\\/01\\\/vynovene-logo-nove-farby_modra-na-web.png\",\"width\":1,\"height\":1,\"caption\":\"Youth for Equality\"},\"image\":{\"@id\":\"https:\\\/\\\/www.youthforequality.sk\\\/#\\\/schema\\\/logo\\\/image\\\/\"},\"sameAs\":[\"https:\\\/\\\/www.facebook.com\\\/yeslovakia\"]},{\"@type\":\"Person\",\"@id\":\"https:\\\/\\\/www.youthforequality.sk\\\/#\\\/schema\\\/person\\\/be8fe75a4ed9c28400bc99a029218b24\",\"name\":\"Diana Ja\u0161ekov\u00e1\",\"image\":{\"@type\":\"ImageObject\",\"inLanguage\":\"sk-SK\",\"@id\":\"https:\\\/\\\/secure.gravatar.com\\\/avatar\\\/8c7454049523c9673804cf321f89b38fd4fcd5aa5ad8961f32caaf292dfd996f?s=96&d=mm&r=g\",\"url\":\"https:\\\/\\\/secure.gravatar.com\\\/avatar\\\/8c7454049523c9673804cf321f89b38fd4fcd5aa5ad8961f32caaf292dfd996f?s=96&d=mm&r=g\",\"contentUrl\":\"https:\\\/\\\/secure.gravatar.com\\\/avatar\\\/8c7454049523c9673804cf321f89b38fd4fcd5aa5ad8961f32caaf292dfd996f?s=96&d=mm&r=g\",\"caption\":\"Diana Ja\u0161ekov\u00e1\"},\"url\":\"https:\\\/\\\/www.youthforequality.sk\\\/index.php\\\/author\\\/diajas\\\/\"}]}<\/script>\n<!-- \/ Yoast SEO plugin. -->","yoast_head_json":{"title":"Power of Mental Health-EXHIBITION |","robots":{"index":"index","follow":"follow","max-snippet":"max-snippet:-1","max-image-preview":"max-image-preview:large","max-video-preview":"max-video-preview:-1"},"canonical":"https:\/\/www.youthforequality.sk\/index.php\/2023\/06\/30\/power-of-mental-health-exhibition-copy\/","og_locale":"sk_SK","og_type":"article","og_title":"Power of Mental Health-EXHIBITION |","og_description":"The project, &#8222;The Power of Mental Health: Promoting Mental Health and Wellbeing,&#8220; saw that young people dealing with the mental effects of war, isolation, and being moved around needed help right away. With this in mind, the project set out to give young people a safe and therapeutic place where they could express themselves, talk&hellip;&nbsp;\u010c\u00edta\u0165 viac &raquo;Power of Mental Health-EXHIBITION","og_url":"https:\/\/www.youthforequality.sk\/index.php\/2023\/06\/30\/power-of-mental-health-exhibition-copy\/","article_publisher":"https:\/\/www.facebook.com\/yeslovakia","article_published_time":"2023-06-30T12:53:03+00:00","article_modified_time":"2023-10-29T21:04:09+00:00","og_image":[{"width":1920,"height":2560,"url":"https:\/\/www.youthforequality.sk\/wp-content\/uploads\/2023\/08\/IMG_5851-scaled.jpg","type":"image\/jpeg"}],"author":"Diana Ja\u0161ekov\u00e1","twitter_card":"summary_large_image","twitter_misc":{"Autor":"Diana Ja\u0161ekov\u00e1","Predpokladan\u00fd \u010das \u010d\u00edtania":"11 min\u00fat"},"schema":{"@context":"https:\/\/schema.org","@graph":[{"@type":"Article","@id":"https:\/\/www.youthforequality.sk\/index.php\/2023\/06\/30\/power-of-mental-health-exhibition-copy\/#article","isPartOf":{"@id":"https:\/\/www.youthforequality.sk\/index.php\/2023\/06\/30\/power-of-mental-health-exhibition-copy\/"},"author":{"name":"Diana Ja\u0161ekov\u00e1","@id":"https:\/\/www.youthforequality.sk\/#\/schema\/person\/be8fe75a4ed9c28400bc99a029218b24"},"headline":"Power of Mental Health-EXHIBITION","datePublished":"2023-06-30T12:53:03+00:00","dateModified":"2023-10-29T21:04:09+00:00","mainEntityOfPage":{"@id":"https:\/\/www.youthforequality.sk\/index.php\/2023\/06\/30\/power-of-mental-health-exhibition-copy\/"},"wordCount":542,"publisher":{"@id":"https:\/\/www.youthforequality.sk\/#organization"},"image":{"@id":"https:\/\/www.youthforequality.sk\/index.php\/2023\/06\/30\/power-of-mental-health-exhibition-copy\/#primaryimage"},"thumbnailUrl":"https:\/\/www.youthforequality.sk\/wp-content\/uploads\/2023\/08\/IMG_5851-scaled.jpg","articleSection":["Blog"],"inLanguage":"sk-SK"},{"@type":"WebPage","@id":"https:\/\/www.youthforequality.sk\/index.php\/2023\/06\/30\/power-of-mental-health-exhibition-copy\/","url":"https:\/\/www.youthforequality.sk\/index.php\/2023\/06\/30\/power-of-mental-health-exhibition-copy\/","name":"Power of Mental Health-EXHIBITION |","isPartOf":{"@id":"https:\/\/www.youthforequality.sk\/#website"},"primaryImageOfPage":{"@id":"https:\/\/www.youthforequality.sk\/index.php\/2023\/06\/30\/power-of-mental-health-exhibition-copy\/#primaryimage"},"image":{"@id":"https:\/\/www.youthforequality.sk\/index.php\/2023\/06\/30\/power-of-mental-health-exhibition-copy\/#primaryimage"},"thumbnailUrl":"https:\/\/www.youthforequality.sk\/wp-content\/uploads\/2023\/08\/IMG_5851-scaled.jpg","datePublished":"2023-06-30T12:53:03+00:00","dateModified":"2023-10-29T21:04:09+00:00","breadcrumb":{"@id":"https:\/\/www.youthforequality.sk\/index.php\/2023\/06\/30\/power-of-mental-health-exhibition-copy\/#breadcrumb"},"inLanguage":"sk-SK","potentialAction":[{"@type":"ReadAction","target":["https:\/\/www.youthforequality.sk\/index.php\/2023\/06\/30\/power-of-mental-health-exhibition-copy\/"]}]},{"@type":"ImageObject","inLanguage":"sk-SK","@id":"https:\/\/www.youthforequality.sk\/index.php\/2023\/06\/30\/power-of-mental-health-exhibition-copy\/#primaryimage","url":"https:\/\/www.youthforequality.sk\/wp-content\/uploads\/2023\/08\/IMG_5851-scaled.jpg","contentUrl":"https:\/\/www.youthforequality.sk\/wp-content\/uploads\/2023\/08\/IMG_5851-scaled.jpg","width":1920,"height":2560},{"@type":"BreadcrumbList","@id":"https:\/\/www.youthforequality.sk\/index.php\/2023\/06\/30\/power-of-mental-health-exhibition-copy\/#breadcrumb","itemListElement":[{"@type":"ListItem","position":1,"name":"Home","item":"https:\/\/www.youthforequality.sk\/"},{"@type":"ListItem","position":2,"name":"Power of Mental Health-EXHIBITION"}]},{"@type":"WebSite","@id":"https:\/\/www.youthforequality.sk\/#website","url":"https:\/\/www.youthforequality.sk\/","name":"","description":"","publisher":{"@id":"https:\/\/www.youthforequality.sk\/#organization"},"potentialAction":[{"@type":"SearchAction","target":{"@type":"EntryPoint","urlTemplate":"https:\/\/www.youthforequality.sk\/?s={search_term_string}"},"query-input":{"@type":"PropertyValueSpecification","valueRequired":true,"valueName":"search_term_string"}}],"inLanguage":"sk-SK"},{"@type":"Organization","@id":"https:\/\/www.youthforequality.sk\/#organization","name":"Youth for Equality","url":"https:\/\/www.youthforequality.sk\/","logo":{"@type":"ImageObject","inLanguage":"sk-SK","@id":"https:\/\/www.youthforequality.sk\/#\/schema\/logo\/image\/","url":"https:\/\/www.youthforequality.sk\/wp-content\/uploads\/2021\/01\/vynovene-logo-nove-farby_modra-na-web.png","contentUrl":"https:\/\/www.youthforequality.sk\/wp-content\/uploads\/2021\/01\/vynovene-logo-nove-farby_modra-na-web.png","width":1,"height":1,"caption":"Youth for Equality"},"image":{"@id":"https:\/\/www.youthforequality.sk\/#\/schema\/logo\/image\/"},"sameAs":["https:\/\/www.facebook.com\/yeslovakia"]},{"@type":"Person","@id":"https:\/\/www.youthforequality.sk\/#\/schema\/person\/be8fe75a4ed9c28400bc99a029218b24","name":"Diana Ja\u0161ekov\u00e1","image":{"@type":"ImageObject","inLanguage":"sk-SK","@id":"https:\/\/secure.gravatar.com\/avatar\/8c7454049523c9673804cf321f89b38fd4fcd5aa5ad8961f32caaf292dfd996f?s=96&d=mm&r=g","url":"https:\/\/secure.gravatar.com\/avatar\/8c7454049523c9673804cf321f89b38fd4fcd5aa5ad8961f32caaf292dfd996f?s=96&d=mm&r=g","contentUrl":"https:\/\/secure.gravatar.com\/avatar\/8c7454049523c9673804cf321f89b38fd4fcd5aa5ad8961f32caaf292dfd996f?s=96&d=mm&r=g","caption":"Diana Ja\u0161ekov\u00e1"},"url":"https:\/\/www.youthforequality.sk\/index.php\/author\/diajas\/"}]}},"_links":{"self":[{"href":"https:\/\/www.youthforequality.sk\/index.php\/wp-json\/wp\/v2\/posts\/5622","targetHints":{"allow":["GET"]}}],"collection":[{"href":"https:\/\/www.youthforequality.sk\/index.php\/wp-json\/wp\/v2\/posts"}],"about":[{"href":"https:\/\/www.youthforequality.sk\/index.php\/wp-json\/wp\/v2\/types\/post"}],"author":[{"embeddable":true,"href":"https:\/\/www.youthforequality.sk\/index.php\/wp-json\/wp\/v2\/users\/2"}],"replies":[{"embeddable":true,"href":"https:\/\/www.youthforequality.sk\/index.php\/wp-json\/wp\/v2\/comments?post=5622"}],"version-history":[{"count":10,"href":"https:\/\/www.youthforequality.sk\/index.php\/wp-json\/wp\/v2\/posts\/5622\/revisions"}],"predecessor-version":[{"id":5640,"href":"https:\/\/www.youthforequality.sk\/index.php\/wp-json\/wp\/v2\/posts\/5622\/revisions\/5640"}],"wp:featuredmedia":[{"embeddable":true,"href":"https:\/\/www.youthforequality.sk\/index.php\/wp-json\/wp\/v2\/media\/5631"}],"wp:attachment":[{"href":"https:\/\/www.youthforequality.sk\/index.php\/wp-json\/wp\/v2\/media?parent=5622"}],"wp:term":[{"taxonomy":"category","embeddable":true,"href":"https:\/\/www.youthforequality.sk\/index.php\/wp-json\/wp\/v2\/categories?post=5622"},{"taxonomy":"post_tag","embeddable":true,"href":"https:\/\/www.youthforequality.sk\/index.php\/wp-json\/wp\/v2\/tags?post=5622"}],"curies":[{"name":"wp","href":"https:\/\/api.w.org\/{rel}","templated":true}]}}