{"id":5693,"date":"2023-10-19T11:06:41","date_gmt":"2023-10-19T09:06:41","guid":{"rendered":"https:\/\/www.youthforequality.sk\/index.php\/2023\/10\/19\/act-green-for-a-week-chania-crete-copy\/"},"modified":"2023-10-19T11:15:09","modified_gmt":"2023-10-19T09:15:09","slug":"youth-exchange-lets-exchange","status":"publish","type":"post","link":"https:\/\/www.youthforequality.sk\/index.php\/2023\/10\/19\/youth-exchange-lets-exchange\/","title":{"rendered":"Youth Exchange Let&#8217;s exchange- C A L A R R E O N A , SP A I N  24 August-1 September 2023"},"content":{"rendered":"\t\t<div data-elementor-type=\"wp-post\" data-elementor-id=\"5693\" class=\"elementor elementor-5693\">\n\t\t\t\t\t\t<section class=\"elementor-section elementor-top-section elementor-element elementor-element-f2550da elementor-section-boxed elementor-section-height-default elementor-section-height-default\" data-id=\"f2550da\" data-element_type=\"section\" data-e-type=\"section\">\n\t\t\t\t\t\t<div class=\"elementor-container elementor-column-gap-default\">\n\t\t\t\t\t<div class=\"elementor-column elementor-col-100 elementor-top-column elementor-element elementor-element-1589057\" data-id=\"1589057\" data-element_type=\"column\" data-e-type=\"column\">\n\t\t\t<div class=\"elementor-widget-wrap elementor-element-populated\">\n\t\t\t\t\t\t<div class=\"elementor-element elementor-element-a878e17 elementor-widget elementor-widget-text-editor\" data-id=\"a878e17\" data-element_type=\"widget\" data-e-type=\"widget\" data-widget_type=\"text-editor.default\">\n\t\t\t\t<div class=\"elementor-widget-container\">\n\t\t\t\t\t\t\t\t\t<div>Hey everyone! We&#8217;ve got an amazing story to share about our incredible journey with the Calarreona Youth Exchange in Spain. It&#8217;s not your typical exchange program; it&#8217;s an adventure into sustainability and active citizenship that transformed all of us. Let&#8217;s tell you our story and why we think this experience is something everyone should be part of.<br \/><br \/>The best part about this exchange is that it&#8217;s not just about seeing a new place; it&#8217;s about becoming part of a community. We all learned how to be active, responsible citizens, and that&#8217;s a big deal for young people like us.<br \/>Calarreona is a dreamy place, and it&#8217;s not just a tourist destination. It&#8217;s a classroom for learning about the environment. We got to see firsthand the beauty of our planet and why it&#8217;s so important to protect it.<br \/>The program really got us thinking about our daily habits and how we use resources. We learned to be smart and considerate consumers.<br \/>It wasn&#8217;t just about talking; it was about taking action. We were inspired to reduce our environmental footprint and make positive changes in our lives.<br \/>Calarreona&#8217;s stunning Mediterranean backdrop made all of this even more special.<br \/>But the best part? We made friends from all over the world. It&#8217;s a cultural exchange and an eco-adventure rolled into one. We shared our stories, our traditions, and our dreams. It&#8217;s an experience that creates connections that last a lifetime.<br \/>As a group, we want to shout from the mountaintops about how incredible this program is. It&#8217;s not just a youth exchange; it&#8217;s a journey that broadens your horizons and leaves you with a deep sense of responsibility for our planet. It&#8217;s an experience you won&#8217;t forget.<br \/><br \/>So, if you&#8217;re looking for an adventure that&#8217;s both exciting and life-changing, we wholeheartedly recommend the Calarreona Youth Exchange. It&#8217;s not just a trip; it&#8217;s a chance to be part of something bigger and greener. Get ready for your own unforgettable eco-adventure!<\/div><div>\u00a0<\/div><div><i>Kind regards\u00a0<\/i><\/div><div><i>\u00a0<\/i><\/div><div><i>D\u00e1vid, Veronika and their team\u00a0<\/i><\/div>\t\t\t\t\t\t\t\t<\/div>\n\t\t\t\t<\/div>\n\t\t\t\t\t<\/div>\n\t\t<\/div>\n\t\t\t\t\t<\/div>\n\t\t<\/section>\n\t\t\t\t<section class=\"elementor-section elementor-top-section elementor-element elementor-element-aa848a8 elementor-section-boxed elementor-section-height-default elementor-section-height-default\" data-id=\"aa848a8\" data-element_type=\"section\" data-e-type=\"section\">\n\t\t\t\t\t\t<div class=\"elementor-container elementor-column-gap-default\">\n\t\t\t\t\t<div class=\"elementor-column elementor-col-100 elementor-top-column elementor-element elementor-element-453db18\" data-id=\"453db18\" data-element_type=\"column\" data-e-type=\"column\">\n\t\t\t<div class=\"elementor-widget-wrap elementor-element-populated\">\n\t\t\t\t\t\t<div class=\"elementor-element elementor-element-4a3bdff elementor-widget elementor-widget-image\" data-id=\"4a3bdff\" data-element_type=\"widget\" data-e-type=\"widget\" data-widget_type=\"image.default\">\n\t\t\t\t<div class=\"elementor-widget-container\">\n\t\t\t\t\t\t\t\t\t\t\t\t\t\t\t<img fetchpriority=\"high\" decoding=\"async\" width=\"1024\" height=\"768\" src=\"https:\/\/www.youthforequality.sk\/wp-content\/uploads\/2023\/10\/5ad753ec-3d62-474a-a482-9662c3283304-1024x768.jpeg\" class=\"attachment-large size-large wp-image-5706\" alt=\"\" srcset=\"https:\/\/www.youthforequality.sk\/wp-content\/uploads\/2023\/10\/5ad753ec-3d62-474a-a482-9662c3283304-1024x768.jpeg 1024w, https:\/\/www.youthforequality.sk\/wp-content\/uploads\/2023\/10\/5ad753ec-3d62-474a-a482-9662c3283304-300x225.jpeg 300w, https:\/\/www.youthforequality.sk\/wp-content\/uploads\/2023\/10\/5ad753ec-3d62-474a-a482-9662c3283304-768x576.jpeg 768w, https:\/\/www.youthforequality.sk\/wp-content\/uploads\/2023\/10\/5ad753ec-3d62-474a-a482-9662c3283304-1536x1152.jpeg 1536w, https:\/\/www.youthforequality.sk\/wp-content\/uploads\/2023\/10\/5ad753ec-3d62-474a-a482-9662c3283304.jpeg 1600w\" sizes=\"(max-width: 1024px) 100vw, 1024px\" \/>\t\t\t\t\t\t\t\t\t\t\t\t\t\t\t<\/div>\n\t\t\t\t<\/div>\n\t\t\t\t\t<\/div>\n\t\t<\/div>\n\t\t\t\t\t<\/div>\n\t\t<\/section>\n\t\t\t\t<section class=\"elementor-section elementor-top-section elementor-element elementor-element-8f6c347 elementor-section-boxed elementor-section-height-default elementor-section-height-default\" data-id=\"8f6c347\" data-element_type=\"section\" data-e-type=\"section\">\n\t\t\t\t\t\t<div class=\"elementor-container elementor-column-gap-default\">\n\t\t\t\t\t<div class=\"elementor-column elementor-col-100 elementor-top-column elementor-element elementor-element-f32e84d\" data-id=\"f32e84d\" data-element_type=\"column\" data-e-type=\"column\">\n\t\t\t<div class=\"elementor-widget-wrap elementor-element-populated\">\n\t\t\t\t\t\t<div class=\"elementor-element elementor-element-8df5661 elementor-widget elementor-widget-video\" data-id=\"8df5661\" data-element_type=\"widget\" data-e-type=\"widget\" data-settings=\"{&quot;youtube_url&quot;:&quot;https:\\\/\\\/www.youtube.com\\\/watch?si=8pKcGpokG50qi542&amp;v=7iyRH6T9q20&amp;feature=youtu.be&quot;,&quot;video_type&quot;:&quot;youtube&quot;,&quot;controls&quot;:&quot;yes&quot;}\" data-widget_type=\"video.default\">\n\t\t\t\t<div class=\"elementor-widget-container\">\n\t\t\t\t\t\t\t<div class=\"elementor-wrapper elementor-open-inline\">\n\t\t\t<div class=\"elementor-video\"><\/div>\t\t<\/div>\n\t\t\t\t\t\t<\/div>\n\t\t\t\t<\/div>\n\t\t\t\t\t<\/div>\n\t\t<\/div>\n\t\t\t\t\t<\/div>\n\t\t<\/section>\n\t\t\t\t<\/div>\n\t\t","protected":false},"excerpt":{"rendered":"<p>Hey everyone! We&#8217;ve got an amazing story to share about our incredible journey with the Calarreona Youth Exchange in Spain. It&#8217;s not your typical exchange program; it&#8217;s an adventure into sustainability and active citizenship that transformed all of us. Let&#8217;s tell you our story and why we think this experience is something everyone should be&hellip;&nbsp;<a href=\"https:\/\/www.youthforequality.sk\/index.php\/2023\/10\/19\/youth-exchange-lets-exchange\/\" class=\"\" rel=\"bookmark\">\u010c\u00edta\u0165 viac &raquo;<span class=\"screen-reader-text\">Youth Exchange Let&#8217;s exchange- C A L A R R E O N A , SP A I N  24 August-1 September 2023<\/span><\/a><\/p>\n","protected":false},"author":2,"featured_media":5696,"comment_status":"closed","ping_status":"open","sticky":false,"template":"","format":"standard","meta":{"_uf_show_specific_survey":0,"_uf_disable_surveys":false,"neve_meta_sidebar":"","neve_meta_container":"","neve_meta_enable_content_width":"off","neve_meta_content_width":70,"neve_meta_title_alignment":"","neve_meta_author_avatar":"","neve_post_elements_order":"","neve_meta_disable_header":"","neve_meta_disable_footer":"","neve_meta_disable_title":"","_themeisle_gutenberg_block_has_review":false,"footnotes":""},"categories":[3],"tags":[],"class_list":["post-5693","post","type-post","status-publish","format-standard","has-post-thumbnail","hentry","category-blog"],"yoast_head":"<!-- This site is optimized with the Yoast SEO plugin v27.4 - https:\/\/yoast.com\/product\/yoast-seo-wordpress\/ -->\n<title>Youth Exchange Let&#039;s exchange- C A L A R R E O N A , SP A I N 24 August-1 September 2023 |<\/title>\n<meta name=\"robots\" content=\"index, follow, max-snippet:-1, max-image-preview:large, max-video-preview:-1\" \/>\n<link rel=\"canonical\" href=\"https:\/\/www.youthforequality.sk\/index.php\/2023\/10\/19\/youth-exchange-lets-exchange\/\" \/>\n<meta property=\"og:locale\" content=\"sk_SK\" \/>\n<meta property=\"og:type\" content=\"article\" \/>\n<meta property=\"og:title\" content=\"Youth Exchange Let&#039;s exchange- C A L A R R E O N A , SP A I N 24 August-1 September 2023 |\" \/>\n<meta property=\"og:description\" content=\"Hey everyone! We&#8217;ve got an amazing story to share about our incredible journey with the Calarreona Youth Exchange in Spain. It&#8217;s not your typical exchange program; it&#8217;s an adventure into sustainability and active citizenship that transformed all of us. Let&#8217;s tell you our story and why we think this experience is something everyone should be&hellip;&nbsp;\u010c\u00edta\u0165 viac &raquo;Youth Exchange Let&#8217;s exchange- C A L A R R E O N A , SP A I N 24 August-1 September 2023\" \/>\n<meta property=\"og:url\" content=\"https:\/\/www.youthforequality.sk\/index.php\/2023\/10\/19\/youth-exchange-lets-exchange\/\" \/>\n<meta property=\"article:publisher\" content=\"https:\/\/www.facebook.com\/yeslovakia\" \/>\n<meta property=\"article:published_time\" content=\"2023-10-19T09:06:41+00:00\" \/>\n<meta property=\"article:modified_time\" content=\"2023-10-19T09:15:09+00:00\" \/>\n<meta property=\"og:image\" content=\"https:\/\/www.youthforequality.sk\/wp-content\/uploads\/2023\/10\/e8daed68-99a9-460b-b477-8120b9882d9a.jpeg\" \/>\n\t<meta property=\"og:image:width\" content=\"1536\" \/>\n\t<meta property=\"og:image:height\" content=\"2048\" \/>\n\t<meta property=\"og:image:type\" content=\"image\/jpeg\" \/>\n<meta name=\"author\" content=\"Diana Ja\u0161ekov\u00e1\" \/>\n<meta name=\"twitter:card\" content=\"summary_large_image\" \/>\n<meta name=\"twitter:label1\" content=\"Autor\" \/>\n\t<meta name=\"twitter:data1\" content=\"Diana Ja\u0161ekov\u00e1\" \/>\n\t<meta name=\"twitter:label2\" content=\"Predpokladan\u00fd \u010das \u010d\u00edtania\" \/>\n\t<meta name=\"twitter:data2\" content=\"2 min\u00faty\" \/>\n<script type=\"application\/ld+json\" class=\"yoast-schema-graph\">{\"@context\":\"https:\\\/\\\/schema.org\",\"@graph\":[{\"@type\":\"Article\",\"@id\":\"https:\\\/\\\/www.youthforequality.sk\\\/index.php\\\/2023\\\/10\\\/19\\\/youth-exchange-lets-exchange\\\/#article\",\"isPartOf\":{\"@id\":\"https:\\\/\\\/www.youthforequality.sk\\\/index.php\\\/2023\\\/10\\\/19\\\/youth-exchange-lets-exchange\\\/\"},\"author\":{\"name\":\"Diana Ja\u0161ekov\u00e1\",\"@id\":\"https:\\\/\\\/www.youthforequality.sk\\\/#\\\/schema\\\/person\\\/be8fe75a4ed9c28400bc99a029218b24\"},\"headline\":\"Youth Exchange Let&#8217;s exchange- C A L A R R E O N A , SP A I N 24 August-1 September 2023\",\"datePublished\":\"2023-10-19T09:06:41+00:00\",\"dateModified\":\"2023-10-19T09:15:09+00:00\",\"mainEntityOfPage\":{\"@id\":\"https:\\\/\\\/www.youthforequality.sk\\\/index.php\\\/2023\\\/10\\\/19\\\/youth-exchange-lets-exchange\\\/\"},\"wordCount\":392,\"publisher\":{\"@id\":\"https:\\\/\\\/www.youthforequality.sk\\\/#organization\"},\"image\":{\"@id\":\"https:\\\/\\\/www.youthforequality.sk\\\/index.php\\\/2023\\\/10\\\/19\\\/youth-exchange-lets-exchange\\\/#primaryimage\"},\"thumbnailUrl\":\"https:\\\/\\\/www.youthforequality.sk\\\/wp-content\\\/uploads\\\/2023\\\/10\\\/e8daed68-99a9-460b-b477-8120b9882d9a.jpeg\",\"articleSection\":[\"Blog\"],\"inLanguage\":\"sk-SK\"},{\"@type\":\"WebPage\",\"@id\":\"https:\\\/\\\/www.youthforequality.sk\\\/index.php\\\/2023\\\/10\\\/19\\\/youth-exchange-lets-exchange\\\/\",\"url\":\"https:\\\/\\\/www.youthforequality.sk\\\/index.php\\\/2023\\\/10\\\/19\\\/youth-exchange-lets-exchange\\\/\",\"name\":\"Youth Exchange Let's exchange- C A L A R R E O N A , SP A I N 24 August-1 September 2023 |\",\"isPartOf\":{\"@id\":\"https:\\\/\\\/www.youthforequality.sk\\\/#website\"},\"primaryImageOfPage\":{\"@id\":\"https:\\\/\\\/www.youthforequality.sk\\\/index.php\\\/2023\\\/10\\\/19\\\/youth-exchange-lets-exchange\\\/#primaryimage\"},\"image\":{\"@id\":\"https:\\\/\\\/www.youthforequality.sk\\\/index.php\\\/2023\\\/10\\\/19\\\/youth-exchange-lets-exchange\\\/#primaryimage\"},\"thumbnailUrl\":\"https:\\\/\\\/www.youthforequality.sk\\\/wp-content\\\/uploads\\\/2023\\\/10\\\/e8daed68-99a9-460b-b477-8120b9882d9a.jpeg\",\"datePublished\":\"2023-10-19T09:06:41+00:00\",\"dateModified\":\"2023-10-19T09:15:09+00:00\",\"breadcrumb\":{\"@id\":\"https:\\\/\\\/www.youthforequality.sk\\\/index.php\\\/2023\\\/10\\\/19\\\/youth-exchange-lets-exchange\\\/#breadcrumb\"},\"inLanguage\":\"sk-SK\",\"potentialAction\":[{\"@type\":\"ReadAction\",\"target\":[\"https:\\\/\\\/www.youthforequality.sk\\\/index.php\\\/2023\\\/10\\\/19\\\/youth-exchange-lets-exchange\\\/\"]}]},{\"@type\":\"ImageObject\",\"inLanguage\":\"sk-SK\",\"@id\":\"https:\\\/\\\/www.youthforequality.sk\\\/index.php\\\/2023\\\/10\\\/19\\\/youth-exchange-lets-exchange\\\/#primaryimage\",\"url\":\"https:\\\/\\\/www.youthforequality.sk\\\/wp-content\\\/uploads\\\/2023\\\/10\\\/e8daed68-99a9-460b-b477-8120b9882d9a.jpeg\",\"contentUrl\":\"https:\\\/\\\/www.youthforequality.sk\\\/wp-content\\\/uploads\\\/2023\\\/10\\\/e8daed68-99a9-460b-b477-8120b9882d9a.jpeg\",\"width\":1536,\"height\":2048},{\"@type\":\"BreadcrumbList\",\"@id\":\"https:\\\/\\\/www.youthforequality.sk\\\/index.php\\\/2023\\\/10\\\/19\\\/youth-exchange-lets-exchange\\\/#breadcrumb\",\"itemListElement\":[{\"@type\":\"ListItem\",\"position\":1,\"name\":\"Home\",\"item\":\"https:\\\/\\\/www.youthforequality.sk\\\/\"},{\"@type\":\"ListItem\",\"position\":2,\"name\":\"Youth Exchange Let&#8217;s exchange- C A L A R R E O N A , SP A I N 24 August-1 September 2023\"}]},{\"@type\":\"WebSite\",\"@id\":\"https:\\\/\\\/www.youthforequality.sk\\\/#website\",\"url\":\"https:\\\/\\\/www.youthforequality.sk\\\/\",\"name\":\"\",\"description\":\"\",\"publisher\":{\"@id\":\"https:\\\/\\\/www.youthforequality.sk\\\/#organization\"},\"potentialAction\":[{\"@type\":\"SearchAction\",\"target\":{\"@type\":\"EntryPoint\",\"urlTemplate\":\"https:\\\/\\\/www.youthforequality.sk\\\/?s={search_term_string}\"},\"query-input\":{\"@type\":\"PropertyValueSpecification\",\"valueRequired\":true,\"valueName\":\"search_term_string\"}}],\"inLanguage\":\"sk-SK\"},{\"@type\":\"Organization\",\"@id\":\"https:\\\/\\\/www.youthforequality.sk\\\/#organization\",\"name\":\"Youth for Equality\",\"url\":\"https:\\\/\\\/www.youthforequality.sk\\\/\",\"logo\":{\"@type\":\"ImageObject\",\"inLanguage\":\"sk-SK\",\"@id\":\"https:\\\/\\\/www.youthforequality.sk\\\/#\\\/schema\\\/logo\\\/image\\\/\",\"url\":\"https:\\\/\\\/www.youthforequality.sk\\\/wp-content\\\/uploads\\\/2021\\\/01\\\/vynovene-logo-nove-farby_modra-na-web.png\",\"contentUrl\":\"https:\\\/\\\/www.youthforequality.sk\\\/wp-content\\\/uploads\\\/2021\\\/01\\\/vynovene-logo-nove-farby_modra-na-web.png\",\"width\":1,\"height\":1,\"caption\":\"Youth for Equality\"},\"image\":{\"@id\":\"https:\\\/\\\/www.youthforequality.sk\\\/#\\\/schema\\\/logo\\\/image\\\/\"},\"sameAs\":[\"https:\\\/\\\/www.facebook.com\\\/yeslovakia\"]},{\"@type\":\"Person\",\"@id\":\"https:\\\/\\\/www.youthforequality.sk\\\/#\\\/schema\\\/person\\\/be8fe75a4ed9c28400bc99a029218b24\",\"name\":\"Diana Ja\u0161ekov\u00e1\",\"image\":{\"@type\":\"ImageObject\",\"inLanguage\":\"sk-SK\",\"@id\":\"https:\\\/\\\/secure.gravatar.com\\\/avatar\\\/8c7454049523c9673804cf321f89b38fd4fcd5aa5ad8961f32caaf292dfd996f?s=96&d=mm&r=g\",\"url\":\"https:\\\/\\\/secure.gravatar.com\\\/avatar\\\/8c7454049523c9673804cf321f89b38fd4fcd5aa5ad8961f32caaf292dfd996f?s=96&d=mm&r=g\",\"contentUrl\":\"https:\\\/\\\/secure.gravatar.com\\\/avatar\\\/8c7454049523c9673804cf321f89b38fd4fcd5aa5ad8961f32caaf292dfd996f?s=96&d=mm&r=g\",\"caption\":\"Diana Ja\u0161ekov\u00e1\"},\"url\":\"https:\\\/\\\/www.youthforequality.sk\\\/index.php\\\/author\\\/diajas\\\/\"}]}<\/script>\n<!-- \/ Yoast SEO plugin. -->","yoast_head_json":{"title":"Youth Exchange Let's exchange- C A L A R R E O N A , SP A I N 24 August-1 September 2023 |","robots":{"index":"index","follow":"follow","max-snippet":"max-snippet:-1","max-image-preview":"max-image-preview:large","max-video-preview":"max-video-preview:-1"},"canonical":"https:\/\/www.youthforequality.sk\/index.php\/2023\/10\/19\/youth-exchange-lets-exchange\/","og_locale":"sk_SK","og_type":"article","og_title":"Youth Exchange Let's exchange- C A L A R R E O N A , SP A I N 24 August-1 September 2023 |","og_description":"Hey everyone! We&#8217;ve got an amazing story to share about our incredible journey with the Calarreona Youth Exchange in Spain. It&#8217;s not your typical exchange program; it&#8217;s an adventure into sustainability and active citizenship that transformed all of us. Let&#8217;s tell you our story and why we think this experience is something everyone should be&hellip;&nbsp;\u010c\u00edta\u0165 viac &raquo;Youth Exchange Let&#8217;s exchange- C A L A R R E O N A , SP A I N 24 August-1 September 2023","og_url":"https:\/\/www.youthforequality.sk\/index.php\/2023\/10\/19\/youth-exchange-lets-exchange\/","article_publisher":"https:\/\/www.facebook.com\/yeslovakia","article_published_time":"2023-10-19T09:06:41+00:00","article_modified_time":"2023-10-19T09:15:09+00:00","og_image":[{"width":1536,"height":2048,"url":"https:\/\/www.youthforequality.sk\/wp-content\/uploads\/2023\/10\/e8daed68-99a9-460b-b477-8120b9882d9a.jpeg","type":"image\/jpeg"}],"author":"Diana Ja\u0161ekov\u00e1","twitter_card":"summary_large_image","twitter_misc":{"Autor":"Diana Ja\u0161ekov\u00e1","Predpokladan\u00fd \u010das \u010d\u00edtania":"2 min\u00faty"},"schema":{"@context":"https:\/\/schema.org","@graph":[{"@type":"Article","@id":"https:\/\/www.youthforequality.sk\/index.php\/2023\/10\/19\/youth-exchange-lets-exchange\/#article","isPartOf":{"@id":"https:\/\/www.youthforequality.sk\/index.php\/2023\/10\/19\/youth-exchange-lets-exchange\/"},"author":{"name":"Diana Ja\u0161ekov\u00e1","@id":"https:\/\/www.youthforequality.sk\/#\/schema\/person\/be8fe75a4ed9c28400bc99a029218b24"},"headline":"Youth Exchange Let&#8217;s exchange- C A L A R R E O N A , SP A I N 24 August-1 September 2023","datePublished":"2023-10-19T09:06:41+00:00","dateModified":"2023-10-19T09:15:09+00:00","mainEntityOfPage":{"@id":"https:\/\/www.youthforequality.sk\/index.php\/2023\/10\/19\/youth-exchange-lets-exchange\/"},"wordCount":392,"publisher":{"@id":"https:\/\/www.youthforequality.sk\/#organization"},"image":{"@id":"https:\/\/www.youthforequality.sk\/index.php\/2023\/10\/19\/youth-exchange-lets-exchange\/#primaryimage"},"thumbnailUrl":"https:\/\/www.youthforequality.sk\/wp-content\/uploads\/2023\/10\/e8daed68-99a9-460b-b477-8120b9882d9a.jpeg","articleSection":["Blog"],"inLanguage":"sk-SK"},{"@type":"WebPage","@id":"https:\/\/www.youthforequality.sk\/index.php\/2023\/10\/19\/youth-exchange-lets-exchange\/","url":"https:\/\/www.youthforequality.sk\/index.php\/2023\/10\/19\/youth-exchange-lets-exchange\/","name":"Youth Exchange Let's exchange- C A L A R R E O N A , SP A I N 24 August-1 September 2023 |","isPartOf":{"@id":"https:\/\/www.youthforequality.sk\/#website"},"primaryImageOfPage":{"@id":"https:\/\/www.youthforequality.sk\/index.php\/2023\/10\/19\/youth-exchange-lets-exchange\/#primaryimage"},"image":{"@id":"https:\/\/www.youthforequality.sk\/index.php\/2023\/10\/19\/youth-exchange-lets-exchange\/#primaryimage"},"thumbnailUrl":"https:\/\/www.youthforequality.sk\/wp-content\/uploads\/2023\/10\/e8daed68-99a9-460b-b477-8120b9882d9a.jpeg","datePublished":"2023-10-19T09:06:41+00:00","dateModified":"2023-10-19T09:15:09+00:00","breadcrumb":{"@id":"https:\/\/www.youthforequality.sk\/index.php\/2023\/10\/19\/youth-exchange-lets-exchange\/#breadcrumb"},"inLanguage":"sk-SK","potentialAction":[{"@type":"ReadAction","target":["https:\/\/www.youthforequality.sk\/index.php\/2023\/10\/19\/youth-exchange-lets-exchange\/"]}]},{"@type":"ImageObject","inLanguage":"sk-SK","@id":"https:\/\/www.youthforequality.sk\/index.php\/2023\/10\/19\/youth-exchange-lets-exchange\/#primaryimage","url":"https:\/\/www.youthforequality.sk\/wp-content\/uploads\/2023\/10\/e8daed68-99a9-460b-b477-8120b9882d9a.jpeg","contentUrl":"https:\/\/www.youthforequality.sk\/wp-content\/uploads\/2023\/10\/e8daed68-99a9-460b-b477-8120b9882d9a.jpeg","width":1536,"height":2048},{"@type":"BreadcrumbList","@id":"https:\/\/www.youthforequality.sk\/index.php\/2023\/10\/19\/youth-exchange-lets-exchange\/#breadcrumb","itemListElement":[{"@type":"ListItem","position":1,"name":"Home","item":"https:\/\/www.youthforequality.sk\/"},{"@type":"ListItem","position":2,"name":"Youth Exchange Let&#8217;s exchange- C A L A R R E O N A , SP A I N 24 August-1 September 2023"}]},{"@type":"WebSite","@id":"https:\/\/www.youthforequality.sk\/#website","url":"https:\/\/www.youthforequality.sk\/","name":"","description":"","publisher":{"@id":"https:\/\/www.youthforequality.sk\/#organization"},"potentialAction":[{"@type":"SearchAction","target":{"@type":"EntryPoint","urlTemplate":"https:\/\/www.youthforequality.sk\/?s={search_term_string}"},"query-input":{"@type":"PropertyValueSpecification","valueRequired":true,"valueName":"search_term_string"}}],"inLanguage":"sk-SK"},{"@type":"Organization","@id":"https:\/\/www.youthforequality.sk\/#organization","name":"Youth for Equality","url":"https:\/\/www.youthforequality.sk\/","logo":{"@type":"ImageObject","inLanguage":"sk-SK","@id":"https:\/\/www.youthforequality.sk\/#\/schema\/logo\/image\/","url":"https:\/\/www.youthforequality.sk\/wp-content\/uploads\/2021\/01\/vynovene-logo-nove-farby_modra-na-web.png","contentUrl":"https:\/\/www.youthforequality.sk\/wp-content\/uploads\/2021\/01\/vynovene-logo-nove-farby_modra-na-web.png","width":1,"height":1,"caption":"Youth for Equality"},"image":{"@id":"https:\/\/www.youthforequality.sk\/#\/schema\/logo\/image\/"},"sameAs":["https:\/\/www.facebook.com\/yeslovakia"]},{"@type":"Person","@id":"https:\/\/www.youthforequality.sk\/#\/schema\/person\/be8fe75a4ed9c28400bc99a029218b24","name":"Diana Ja\u0161ekov\u00e1","image":{"@type":"ImageObject","inLanguage":"sk-SK","@id":"https:\/\/secure.gravatar.com\/avatar\/8c7454049523c9673804cf321f89b38fd4fcd5aa5ad8961f32caaf292dfd996f?s=96&d=mm&r=g","url":"https:\/\/secure.gravatar.com\/avatar\/8c7454049523c9673804cf321f89b38fd4fcd5aa5ad8961f32caaf292dfd996f?s=96&d=mm&r=g","contentUrl":"https:\/\/secure.gravatar.com\/avatar\/8c7454049523c9673804cf321f89b38fd4fcd5aa5ad8961f32caaf292dfd996f?s=96&d=mm&r=g","caption":"Diana Ja\u0161ekov\u00e1"},"url":"https:\/\/www.youthforequality.sk\/index.php\/author\/diajas\/"}]}},"_links":{"self":[{"href":"https:\/\/www.youthforequality.sk\/index.php\/wp-json\/wp\/v2\/posts\/5693","targetHints":{"allow":["GET"]}}],"collection":[{"href":"https:\/\/www.youthforequality.sk\/index.php\/wp-json\/wp\/v2\/posts"}],"about":[{"href":"https:\/\/www.youthforequality.sk\/index.php\/wp-json\/wp\/v2\/types\/post"}],"author":[{"embeddable":true,"href":"https:\/\/www.youthforequality.sk\/index.php\/wp-json\/wp\/v2\/users\/2"}],"replies":[{"embeddable":true,"href":"https:\/\/www.youthforequality.sk\/index.php\/wp-json\/wp\/v2\/comments?post=5693"}],"version-history":[{"count":13,"href":"https:\/\/www.youthforequality.sk\/index.php\/wp-json\/wp\/v2\/posts\/5693\/revisions"}],"predecessor-version":[{"id":5709,"href":"https:\/\/www.youthforequality.sk\/index.php\/wp-json\/wp\/v2\/posts\/5693\/revisions\/5709"}],"wp:featuredmedia":[{"embeddable":true,"href":"https:\/\/www.youthforequality.sk\/index.php\/wp-json\/wp\/v2\/media\/5696"}],"wp:attachment":[{"href":"https:\/\/www.youthforequality.sk\/index.php\/wp-json\/wp\/v2\/media?parent=5693"}],"wp:term":[{"taxonomy":"category","embeddable":true,"href":"https:\/\/www.youthforequality.sk\/index.php\/wp-json\/wp\/v2\/categories?post=5693"},{"taxonomy":"post_tag","embeddable":true,"href":"https:\/\/www.youthforequality.sk\/index.php\/wp-json\/wp\/v2\/tags?post=5693"}],"curies":[{"name":"wp","href":"https:\/\/api.w.org\/{rel}","templated":true}]}}