{"id":5723,"date":"2023-10-19T11:24:40","date_gmt":"2023-10-19T09:24:40","guid":{"rendered":"https:\/\/www.youthforequality.sk\/index.php\/2023\/10\/19\/cyber-traffic-copy\/"},"modified":"2023-10-26T10:08:23","modified_gmt":"2023-10-26T08:08:23","slug":"return-to-the-self","status":"publish","type":"post","link":"https:\/\/www.youthforequality.sk\/index.php\/2023\/10\/19\/return-to-the-self\/","title":{"rendered":"Return to the Self-4 &#8211; 10 SEPTEMBER 2023 , Bellavista Hotel, Qawra, Malta"},"content":{"rendered":"\t\t<div data-elementor-type=\"wp-post\" data-elementor-id=\"5723\" class=\"elementor elementor-5723\">\n\t\t\t\t\t\t<section class=\"elementor-section elementor-top-section elementor-element elementor-element-f2550da elementor-section-boxed elementor-section-height-default elementor-section-height-default\" data-id=\"f2550da\" data-element_type=\"section\" data-e-type=\"section\">\n\t\t\t\t\t\t<div class=\"elementor-container elementor-column-gap-default\">\n\t\t\t\t\t<div class=\"elementor-column elementor-col-100 elementor-top-column elementor-element elementor-element-1589057\" data-id=\"1589057\" data-element_type=\"column\" data-e-type=\"column\">\n\t\t\t<div class=\"elementor-widget-wrap elementor-element-populated\">\n\t\t\t\t\t\t<div class=\"elementor-element elementor-element-a878e17 elementor-widget elementor-widget-text-editor\" data-id=\"a878e17\" data-element_type=\"widget\" data-e-type=\"widget\" data-widget_type=\"text-editor.default\">\n\t\t\t\t<div class=\"elementor-widget-container\">\n\t\t\t\t\t\t\t\t\t<p>I am really thankful for experience we had during project. The main theme of project was Return to the self. It was training course to help us focus on our needs and getting to know ourselves better. We tried meditations, we used our creativity in lots of activities, we danced and had a lot of fun during project. We got to know Malta and visited beautiful beaches. We had activities in nature to connect to our inner self better. This exchange was very emotional because we really opened up ourselves to participants. We created meaningful connections with each other and made friends with people from different countries. This experience was one of a kind, it helped me to connect to myself and to my inner child. <strong>&#8222;Marianka Scerbakova&#8220;<\/strong><\/p><p>\u00a0<\/p><p>I couldn&#8217;t think of a better decision than to travel to Malta with Youth for Equality this September. This Erasmus was truly a life experience for me.I am very grateful to the organizers who put their heart into our theme and thought of every single detail. They were extremely passionate about the topic, which was very surprising for me. All the participants were youth workers or close in the field, which made it much more enjoyable. We all agreed that we were a very special group. We really bonded during the course and I made some really strong friendships. Everyone was very open, friendly and willing to work on themselves.I am very happy to have participated in this project and would recommend this experience to anyone who likes to travel and briden their horizons. <strong>&#8222;Krist\u00edna Ostricov\u00e1&#8220;<\/strong><\/p><p>\u00a0<\/p><h3 class=\"iw\">\u00a0<\/h3>\t\t\t\t\t\t\t\t<\/div>\n\t\t\t\t<\/div>\n\t\t\t\t\t<\/div>\n\t\t<\/div>\n\t\t\t\t\t<\/div>\n\t\t<\/section>\n\t\t\t\t<section class=\"elementor-section elementor-top-section elementor-element elementor-element-95680e5 elementor-section-boxed elementor-section-height-default elementor-section-height-default\" data-id=\"95680e5\" data-element_type=\"section\" data-e-type=\"section\">\n\t\t\t\t\t\t<div class=\"elementor-container elementor-column-gap-default\">\n\t\t\t\t\t<div class=\"elementor-column elementor-col-25 elementor-top-column elementor-element elementor-element-aa21750\" data-id=\"aa21750\" data-element_type=\"column\" data-e-type=\"column\">\n\t\t\t<div class=\"elementor-widget-wrap elementor-element-populated\">\n\t\t\t\t\t\t<div class=\"elementor-element elementor-element-6bb463f elementor-widget elementor-widget-image\" data-id=\"6bb463f\" data-element_type=\"widget\" data-e-type=\"widget\" data-widget_type=\"image.default\">\n\t\t\t\t<div class=\"elementor-widget-container\">\n\t\t\t\t\t\t\t\t\t\t\t\t\t\t\t<img fetchpriority=\"high\" decoding=\"async\" width=\"900\" height=\"1600\" src=\"https:\/\/www.youthforequality.sk\/wp-content\/uploads\/2023\/10\/aa68d52c-b4e5-4e26-b6e0-b0fde0d7ad4a.jpeg\" class=\"attachment-2048x2048 size-2048x2048 wp-image-5814\" alt=\"\" srcset=\"https:\/\/www.youthforequality.sk\/wp-content\/uploads\/2023\/10\/aa68d52c-b4e5-4e26-b6e0-b0fde0d7ad4a.jpeg 900w, https:\/\/www.youthforequality.sk\/wp-content\/uploads\/2023\/10\/aa68d52c-b4e5-4e26-b6e0-b0fde0d7ad4a-169x300.jpeg 169w, https:\/\/www.youthforequality.sk\/wp-content\/uploads\/2023\/10\/aa68d52c-b4e5-4e26-b6e0-b0fde0d7ad4a-576x1024.jpeg 576w, https:\/\/www.youthforequality.sk\/wp-content\/uploads\/2023\/10\/aa68d52c-b4e5-4e26-b6e0-b0fde0d7ad4a-768x1365.jpeg 768w, https:\/\/www.youthforequality.sk\/wp-content\/uploads\/2023\/10\/aa68d52c-b4e5-4e26-b6e0-b0fde0d7ad4a-864x1536.jpeg 864w\" sizes=\"(max-width: 900px) 100vw, 900px\" \/>\t\t\t\t\t\t\t\t\t\t\t\t\t\t\t<\/div>\n\t\t\t\t<\/div>\n\t\t\t\t\t<\/div>\n\t\t<\/div>\n\t\t\t\t<div class=\"elementor-column elementor-col-25 elementor-top-column elementor-element elementor-element-70ac1ce\" data-id=\"70ac1ce\" data-element_type=\"column\" data-e-type=\"column\">\n\t\t\t<div class=\"elementor-widget-wrap elementor-element-populated\">\n\t\t\t\t\t\t<div class=\"elementor-element elementor-element-8162ef6 elementor-widget elementor-widget-image\" data-id=\"8162ef6\" data-element_type=\"widget\" data-e-type=\"widget\" data-widget_type=\"image.default\">\n\t\t\t\t<div class=\"elementor-widget-container\">\n\t\t\t\t\t\t\t\t\t\t\t\t\t\t\t<img decoding=\"async\" width=\"1200\" height=\"1600\" src=\"https:\/\/www.youthforequality.sk\/wp-content\/uploads\/2023\/10\/d44ebce1-6a15-46ab-889b-2d536c5cb062.jpeg\" class=\"attachment-2048x2048 size-2048x2048 wp-image-5816\" alt=\"\" srcset=\"https:\/\/www.youthforequality.sk\/wp-content\/uploads\/2023\/10\/d44ebce1-6a15-46ab-889b-2d536c5cb062.jpeg 1200w, https:\/\/www.youthforequality.sk\/wp-content\/uploads\/2023\/10\/d44ebce1-6a15-46ab-889b-2d536c5cb062-225x300.jpeg 225w, https:\/\/www.youthforequality.sk\/wp-content\/uploads\/2023\/10\/d44ebce1-6a15-46ab-889b-2d536c5cb062-768x1024.jpeg 768w, https:\/\/www.youthforequality.sk\/wp-content\/uploads\/2023\/10\/d44ebce1-6a15-46ab-889b-2d536c5cb062-1152x1536.jpeg 1152w\" sizes=\"(max-width: 1200px) 100vw, 1200px\" \/>\t\t\t\t\t\t\t\t\t\t\t\t\t\t\t<\/div>\n\t\t\t\t<\/div>\n\t\t\t\t\t<\/div>\n\t\t<\/div>\n\t\t\t\t<div class=\"elementor-column elementor-col-25 elementor-top-column elementor-element elementor-element-62e82b0\" data-id=\"62e82b0\" data-element_type=\"column\" data-e-type=\"column\">\n\t\t\t<div class=\"elementor-widget-wrap elementor-element-populated\">\n\t\t\t\t\t\t<div class=\"elementor-element elementor-element-94a3261 elementor-widget elementor-widget-image\" data-id=\"94a3261\" data-element_type=\"widget\" data-e-type=\"widget\" data-widget_type=\"image.default\">\n\t\t\t\t<div class=\"elementor-widget-container\">\n\t\t\t\t\t\t\t\t\t\t\t\t\t\t\t<img decoding=\"async\" width=\"1152\" height=\"1536\" src=\"https:\/\/www.youthforequality.sk\/wp-content\/uploads\/2023\/10\/8fadc598-2173-4b30-b689-c0dec60da09d-1152x1536.jpeg\" class=\"attachment-1536x1536 size-1536x1536 wp-image-5813\" alt=\"\" srcset=\"https:\/\/www.youthforequality.sk\/wp-content\/uploads\/2023\/10\/8fadc598-2173-4b30-b689-c0dec60da09d-1152x1536.jpeg 1152w, https:\/\/www.youthforequality.sk\/wp-content\/uploads\/2023\/10\/8fadc598-2173-4b30-b689-c0dec60da09d-225x300.jpeg 225w, https:\/\/www.youthforequality.sk\/wp-content\/uploads\/2023\/10\/8fadc598-2173-4b30-b689-c0dec60da09d-768x1024.jpeg 768w, https:\/\/www.youthforequality.sk\/wp-content\/uploads\/2023\/10\/8fadc598-2173-4b30-b689-c0dec60da09d.jpeg 1200w\" sizes=\"(max-width: 1152px) 100vw, 1152px\" \/>\t\t\t\t\t\t\t\t\t\t\t\t\t\t\t<\/div>\n\t\t\t\t<\/div>\n\t\t\t\t\t<\/div>\n\t\t<\/div>\n\t\t\t\t<div class=\"elementor-column elementor-col-25 elementor-top-column elementor-element elementor-element-6faa2b9\" data-id=\"6faa2b9\" data-element_type=\"column\" data-e-type=\"column\">\n\t\t\t<div class=\"elementor-widget-wrap elementor-element-populated\">\n\t\t\t\t\t\t<div class=\"elementor-element elementor-element-be322c5 elementor-widget elementor-widget-image\" data-id=\"be322c5\" data-element_type=\"widget\" data-e-type=\"widget\" data-widget_type=\"image.default\">\n\t\t\t\t<div class=\"elementor-widget-container\">\n\t\t\t\t\t\t\t\t\t\t\t\t\t\t\t<img loading=\"lazy\" decoding=\"async\" width=\"1600\" height=\"1200\" src=\"https:\/\/www.youthforequality.sk\/wp-content\/uploads\/2023\/10\/c621f21a-3bd3-453c-a1d2-63160c9557dd.jpeg\" class=\"attachment-2048x2048 size-2048x2048 wp-image-5815\" alt=\"\" srcset=\"https:\/\/www.youthforequality.sk\/wp-content\/uploads\/2023\/10\/c621f21a-3bd3-453c-a1d2-63160c9557dd.jpeg 1600w, https:\/\/www.youthforequality.sk\/wp-content\/uploads\/2023\/10\/c621f21a-3bd3-453c-a1d2-63160c9557dd-300x225.jpeg 300w, https:\/\/www.youthforequality.sk\/wp-content\/uploads\/2023\/10\/c621f21a-3bd3-453c-a1d2-63160c9557dd-1024x768.jpeg 1024w, https:\/\/www.youthforequality.sk\/wp-content\/uploads\/2023\/10\/c621f21a-3bd3-453c-a1d2-63160c9557dd-768x576.jpeg 768w, https:\/\/www.youthforequality.sk\/wp-content\/uploads\/2023\/10\/c621f21a-3bd3-453c-a1d2-63160c9557dd-1536x1152.jpeg 1536w\" sizes=\"(max-width: 1600px) 100vw, 1600px\" \/>\t\t\t\t\t\t\t\t\t\t\t\t\t\t\t<\/div>\n\t\t\t\t<\/div>\n\t\t\t\t\t<\/div>\n\t\t<\/div>\n\t\t\t\t\t<\/div>\n\t\t<\/section>\n\t\t\t\t<\/div>\n\t\t","protected":false},"excerpt":{"rendered":"<p>I am really thankful for experience we had during project. The main theme of project was Return to the self. It was training course to help us focus on our needs and getting to know ourselves better. We tried meditations, we used our creativity in lots of activities, we danced and had a lot of&hellip;&nbsp;<a href=\"https:\/\/www.youthforequality.sk\/index.php\/2023\/10\/19\/return-to-the-self\/\" class=\"\" rel=\"bookmark\">\u010c\u00edta\u0165 viac &raquo;<span class=\"screen-reader-text\">Return to the Self-4 &#8211; 10 SEPTEMBER 2023 , Bellavista Hotel, Qawra, Malta<\/span><\/a><\/p>\n","protected":false},"author":2,"featured_media":5809,"comment_status":"closed","ping_status":"open","sticky":false,"template":"","format":"standard","meta":{"_uf_show_specific_survey":0,"_uf_disable_surveys":false,"neve_meta_sidebar":"","neve_meta_container":"","neve_meta_enable_content_width":"off","neve_meta_content_width":70,"neve_meta_title_alignment":"","neve_meta_author_avatar":"","neve_post_elements_order":"","neve_meta_disable_header":"","neve_meta_disable_footer":"","neve_meta_disable_title":"","_themeisle_gutenberg_block_has_review":false,"footnotes":""},"categories":[3],"tags":[],"class_list":["post-5723","post","type-post","status-publish","format-standard","has-post-thumbnail","hentry","category-blog"],"yoast_head":"<!-- This site is optimized with the Yoast SEO plugin v27.4 - https:\/\/yoast.com\/product\/yoast-seo-wordpress\/ -->\n<title>Return to the Self-4 - 10 SEPTEMBER 2023 , Bellavista Hotel, Qawra, Malta |<\/title>\n<meta name=\"robots\" content=\"index, follow, max-snippet:-1, max-image-preview:large, max-video-preview:-1\" \/>\n<link rel=\"canonical\" href=\"https:\/\/www.youthforequality.sk\/index.php\/2023\/10\/19\/return-to-the-self\/\" \/>\n<meta property=\"og:locale\" content=\"sk_SK\" \/>\n<meta property=\"og:type\" content=\"article\" \/>\n<meta property=\"og:title\" content=\"Return to the Self-4 - 10 SEPTEMBER 2023 , Bellavista Hotel, Qawra, Malta |\" \/>\n<meta property=\"og:description\" content=\"I am really thankful for experience we had during project. The main theme of project was Return to the self. It was training course to help us focus on our needs and getting to know ourselves better. We tried meditations, we used our creativity in lots of activities, we danced and had a lot of&hellip;&nbsp;\u010c\u00edta\u0165 viac &raquo;Return to the Self-4 &#8211; 10 SEPTEMBER 2023 , Bellavista Hotel, Qawra, Malta\" \/>\n<meta property=\"og:url\" content=\"https:\/\/www.youthforequality.sk\/index.php\/2023\/10\/19\/return-to-the-self\/\" \/>\n<meta property=\"article:publisher\" content=\"https:\/\/www.facebook.com\/yeslovakia\" \/>\n<meta property=\"article:published_time\" content=\"2023-10-19T09:24:40+00:00\" \/>\n<meta property=\"article:modified_time\" content=\"2023-10-26T08:08:23+00:00\" \/>\n<meta property=\"og:image\" content=\"https:\/\/www.youthforequality.sk\/wp-content\/uploads\/2023\/10\/1c56fba1-cdb4-4299-a07c-87fe5c999f23.jpeg\" \/>\n\t<meta property=\"og:image:width\" content=\"1600\" \/>\n\t<meta property=\"og:image:height\" content=\"1200\" \/>\n\t<meta property=\"og:image:type\" content=\"image\/jpeg\" \/>\n<meta name=\"author\" content=\"Diana Ja\u0161ekov\u00e1\" \/>\n<meta name=\"twitter:card\" content=\"summary_large_image\" \/>\n<meta name=\"twitter:label1\" content=\"Autor\" \/>\n\t<meta name=\"twitter:data1\" content=\"Diana Ja\u0161ekov\u00e1\" \/>\n\t<meta name=\"twitter:label2\" content=\"Predpokladan\u00fd \u010das \u010d\u00edtania\" \/>\n\t<meta name=\"twitter:data2\" content=\"1 min\u00fata\" \/>\n<script type=\"application\/ld+json\" class=\"yoast-schema-graph\">{\"@context\":\"https:\\\/\\\/schema.org\",\"@graph\":[{\"@type\":\"Article\",\"@id\":\"https:\\\/\\\/www.youthforequality.sk\\\/index.php\\\/2023\\\/10\\\/19\\\/return-to-the-self\\\/#article\",\"isPartOf\":{\"@id\":\"https:\\\/\\\/www.youthforequality.sk\\\/index.php\\\/2023\\\/10\\\/19\\\/return-to-the-self\\\/\"},\"author\":{\"name\":\"Diana Ja\u0161ekov\u00e1\",\"@id\":\"https:\\\/\\\/www.youthforequality.sk\\\/#\\\/schema\\\/person\\\/be8fe75a4ed9c28400bc99a029218b24\"},\"headline\":\"Return to the Self-4 &#8211; 10 SEPTEMBER 2023 , Bellavista Hotel, Qawra, Malta\",\"datePublished\":\"2023-10-19T09:24:40+00:00\",\"dateModified\":\"2023-10-26T08:08:23+00:00\",\"mainEntityOfPage\":{\"@id\":\"https:\\\/\\\/www.youthforequality.sk\\\/index.php\\\/2023\\\/10\\\/19\\\/return-to-the-self\\\/\"},\"wordCount\":278,\"publisher\":{\"@id\":\"https:\\\/\\\/www.youthforequality.sk\\\/#organization\"},\"image\":{\"@id\":\"https:\\\/\\\/www.youthforequality.sk\\\/index.php\\\/2023\\\/10\\\/19\\\/return-to-the-self\\\/#primaryimage\"},\"thumbnailUrl\":\"https:\\\/\\\/www.youthforequality.sk\\\/wp-content\\\/uploads\\\/2023\\\/10\\\/1c56fba1-cdb4-4299-a07c-87fe5c999f23.jpeg\",\"articleSection\":[\"Blog\"],\"inLanguage\":\"sk-SK\"},{\"@type\":\"WebPage\",\"@id\":\"https:\\\/\\\/www.youthforequality.sk\\\/index.php\\\/2023\\\/10\\\/19\\\/return-to-the-self\\\/\",\"url\":\"https:\\\/\\\/www.youthforequality.sk\\\/index.php\\\/2023\\\/10\\\/19\\\/return-to-the-self\\\/\",\"name\":\"Return to the Self-4 - 10 SEPTEMBER 2023 , Bellavista Hotel, Qawra, Malta |\",\"isPartOf\":{\"@id\":\"https:\\\/\\\/www.youthforequality.sk\\\/#website\"},\"primaryImageOfPage\":{\"@id\":\"https:\\\/\\\/www.youthforequality.sk\\\/index.php\\\/2023\\\/10\\\/19\\\/return-to-the-self\\\/#primaryimage\"},\"image\":{\"@id\":\"https:\\\/\\\/www.youthforequality.sk\\\/index.php\\\/2023\\\/10\\\/19\\\/return-to-the-self\\\/#primaryimage\"},\"thumbnailUrl\":\"https:\\\/\\\/www.youthforequality.sk\\\/wp-content\\\/uploads\\\/2023\\\/10\\\/1c56fba1-cdb4-4299-a07c-87fe5c999f23.jpeg\",\"datePublished\":\"2023-10-19T09:24:40+00:00\",\"dateModified\":\"2023-10-26T08:08:23+00:00\",\"breadcrumb\":{\"@id\":\"https:\\\/\\\/www.youthforequality.sk\\\/index.php\\\/2023\\\/10\\\/19\\\/return-to-the-self\\\/#breadcrumb\"},\"inLanguage\":\"sk-SK\",\"potentialAction\":[{\"@type\":\"ReadAction\",\"target\":[\"https:\\\/\\\/www.youthforequality.sk\\\/index.php\\\/2023\\\/10\\\/19\\\/return-to-the-self\\\/\"]}]},{\"@type\":\"ImageObject\",\"inLanguage\":\"sk-SK\",\"@id\":\"https:\\\/\\\/www.youthforequality.sk\\\/index.php\\\/2023\\\/10\\\/19\\\/return-to-the-self\\\/#primaryimage\",\"url\":\"https:\\\/\\\/www.youthforequality.sk\\\/wp-content\\\/uploads\\\/2023\\\/10\\\/1c56fba1-cdb4-4299-a07c-87fe5c999f23.jpeg\",\"contentUrl\":\"https:\\\/\\\/www.youthforequality.sk\\\/wp-content\\\/uploads\\\/2023\\\/10\\\/1c56fba1-cdb4-4299-a07c-87fe5c999f23.jpeg\",\"width\":1600,\"height\":1200},{\"@type\":\"BreadcrumbList\",\"@id\":\"https:\\\/\\\/www.youthforequality.sk\\\/index.php\\\/2023\\\/10\\\/19\\\/return-to-the-self\\\/#breadcrumb\",\"itemListElement\":[{\"@type\":\"ListItem\",\"position\":1,\"name\":\"Home\",\"item\":\"https:\\\/\\\/www.youthforequality.sk\\\/\"},{\"@type\":\"ListItem\",\"position\":2,\"name\":\"Return to the Self-4 &#8211; 10 SEPTEMBER 2023 , Bellavista Hotel, Qawra, Malta\"}]},{\"@type\":\"WebSite\",\"@id\":\"https:\\\/\\\/www.youthforequality.sk\\\/#website\",\"url\":\"https:\\\/\\\/www.youthforequality.sk\\\/\",\"name\":\"\",\"description\":\"\",\"publisher\":{\"@id\":\"https:\\\/\\\/www.youthforequality.sk\\\/#organization\"},\"potentialAction\":[{\"@type\":\"SearchAction\",\"target\":{\"@type\":\"EntryPoint\",\"urlTemplate\":\"https:\\\/\\\/www.youthforequality.sk\\\/?s={search_term_string}\"},\"query-input\":{\"@type\":\"PropertyValueSpecification\",\"valueRequired\":true,\"valueName\":\"search_term_string\"}}],\"inLanguage\":\"sk-SK\"},{\"@type\":\"Organization\",\"@id\":\"https:\\\/\\\/www.youthforequality.sk\\\/#organization\",\"name\":\"Youth for Equality\",\"url\":\"https:\\\/\\\/www.youthforequality.sk\\\/\",\"logo\":{\"@type\":\"ImageObject\",\"inLanguage\":\"sk-SK\",\"@id\":\"https:\\\/\\\/www.youthforequality.sk\\\/#\\\/schema\\\/logo\\\/image\\\/\",\"url\":\"https:\\\/\\\/www.youthforequality.sk\\\/wp-content\\\/uploads\\\/2021\\\/01\\\/vynovene-logo-nove-farby_modra-na-web.png\",\"contentUrl\":\"https:\\\/\\\/www.youthforequality.sk\\\/wp-content\\\/uploads\\\/2021\\\/01\\\/vynovene-logo-nove-farby_modra-na-web.png\",\"width\":1,\"height\":1,\"caption\":\"Youth for Equality\"},\"image\":{\"@id\":\"https:\\\/\\\/www.youthforequality.sk\\\/#\\\/schema\\\/logo\\\/image\\\/\"},\"sameAs\":[\"https:\\\/\\\/www.facebook.com\\\/yeslovakia\"]},{\"@type\":\"Person\",\"@id\":\"https:\\\/\\\/www.youthforequality.sk\\\/#\\\/schema\\\/person\\\/be8fe75a4ed9c28400bc99a029218b24\",\"name\":\"Diana Ja\u0161ekov\u00e1\",\"image\":{\"@type\":\"ImageObject\",\"inLanguage\":\"sk-SK\",\"@id\":\"https:\\\/\\\/secure.gravatar.com\\\/avatar\\\/8c7454049523c9673804cf321f89b38fd4fcd5aa5ad8961f32caaf292dfd996f?s=96&d=mm&r=g\",\"url\":\"https:\\\/\\\/secure.gravatar.com\\\/avatar\\\/8c7454049523c9673804cf321f89b38fd4fcd5aa5ad8961f32caaf292dfd996f?s=96&d=mm&r=g\",\"contentUrl\":\"https:\\\/\\\/secure.gravatar.com\\\/avatar\\\/8c7454049523c9673804cf321f89b38fd4fcd5aa5ad8961f32caaf292dfd996f?s=96&d=mm&r=g\",\"caption\":\"Diana Ja\u0161ekov\u00e1\"},\"url\":\"https:\\\/\\\/www.youthforequality.sk\\\/index.php\\\/author\\\/diajas\\\/\"}]}<\/script>\n<!-- \/ Yoast SEO plugin. -->","yoast_head_json":{"title":"Return to the Self-4 - 10 SEPTEMBER 2023 , Bellavista Hotel, Qawra, Malta |","robots":{"index":"index","follow":"follow","max-snippet":"max-snippet:-1","max-image-preview":"max-image-preview:large","max-video-preview":"max-video-preview:-1"},"canonical":"https:\/\/www.youthforequality.sk\/index.php\/2023\/10\/19\/return-to-the-self\/","og_locale":"sk_SK","og_type":"article","og_title":"Return to the Self-4 - 10 SEPTEMBER 2023 , Bellavista Hotel, Qawra, Malta |","og_description":"I am really thankful for experience we had during project. The main theme of project was Return to the self. It was training course to help us focus on our needs and getting to know ourselves better. We tried meditations, we used our creativity in lots of activities, we danced and had a lot of&hellip;&nbsp;\u010c\u00edta\u0165 viac &raquo;Return to the Self-4 &#8211; 10 SEPTEMBER 2023 , Bellavista Hotel, Qawra, Malta","og_url":"https:\/\/www.youthforequality.sk\/index.php\/2023\/10\/19\/return-to-the-self\/","article_publisher":"https:\/\/www.facebook.com\/yeslovakia","article_published_time":"2023-10-19T09:24:40+00:00","article_modified_time":"2023-10-26T08:08:23+00:00","og_image":[{"width":1600,"height":1200,"url":"https:\/\/www.youthforequality.sk\/wp-content\/uploads\/2023\/10\/1c56fba1-cdb4-4299-a07c-87fe5c999f23.jpeg","type":"image\/jpeg"}],"author":"Diana Ja\u0161ekov\u00e1","twitter_card":"summary_large_image","twitter_misc":{"Autor":"Diana Ja\u0161ekov\u00e1","Predpokladan\u00fd \u010das \u010d\u00edtania":"1 min\u00fata"},"schema":{"@context":"https:\/\/schema.org","@graph":[{"@type":"Article","@id":"https:\/\/www.youthforequality.sk\/index.php\/2023\/10\/19\/return-to-the-self\/#article","isPartOf":{"@id":"https:\/\/www.youthforequality.sk\/index.php\/2023\/10\/19\/return-to-the-self\/"},"author":{"name":"Diana Ja\u0161ekov\u00e1","@id":"https:\/\/www.youthforequality.sk\/#\/schema\/person\/be8fe75a4ed9c28400bc99a029218b24"},"headline":"Return to the Self-4 &#8211; 10 SEPTEMBER 2023 , Bellavista Hotel, Qawra, Malta","datePublished":"2023-10-19T09:24:40+00:00","dateModified":"2023-10-26T08:08:23+00:00","mainEntityOfPage":{"@id":"https:\/\/www.youthforequality.sk\/index.php\/2023\/10\/19\/return-to-the-self\/"},"wordCount":278,"publisher":{"@id":"https:\/\/www.youthforequality.sk\/#organization"},"image":{"@id":"https:\/\/www.youthforequality.sk\/index.php\/2023\/10\/19\/return-to-the-self\/#primaryimage"},"thumbnailUrl":"https:\/\/www.youthforequality.sk\/wp-content\/uploads\/2023\/10\/1c56fba1-cdb4-4299-a07c-87fe5c999f23.jpeg","articleSection":["Blog"],"inLanguage":"sk-SK"},{"@type":"WebPage","@id":"https:\/\/www.youthforequality.sk\/index.php\/2023\/10\/19\/return-to-the-self\/","url":"https:\/\/www.youthforequality.sk\/index.php\/2023\/10\/19\/return-to-the-self\/","name":"Return to the Self-4 - 10 SEPTEMBER 2023 , Bellavista Hotel, Qawra, Malta |","isPartOf":{"@id":"https:\/\/www.youthforequality.sk\/#website"},"primaryImageOfPage":{"@id":"https:\/\/www.youthforequality.sk\/index.php\/2023\/10\/19\/return-to-the-self\/#primaryimage"},"image":{"@id":"https:\/\/www.youthforequality.sk\/index.php\/2023\/10\/19\/return-to-the-self\/#primaryimage"},"thumbnailUrl":"https:\/\/www.youthforequality.sk\/wp-content\/uploads\/2023\/10\/1c56fba1-cdb4-4299-a07c-87fe5c999f23.jpeg","datePublished":"2023-10-19T09:24:40+00:00","dateModified":"2023-10-26T08:08:23+00:00","breadcrumb":{"@id":"https:\/\/www.youthforequality.sk\/index.php\/2023\/10\/19\/return-to-the-self\/#breadcrumb"},"inLanguage":"sk-SK","potentialAction":[{"@type":"ReadAction","target":["https:\/\/www.youthforequality.sk\/index.php\/2023\/10\/19\/return-to-the-self\/"]}]},{"@type":"ImageObject","inLanguage":"sk-SK","@id":"https:\/\/www.youthforequality.sk\/index.php\/2023\/10\/19\/return-to-the-self\/#primaryimage","url":"https:\/\/www.youthforequality.sk\/wp-content\/uploads\/2023\/10\/1c56fba1-cdb4-4299-a07c-87fe5c999f23.jpeg","contentUrl":"https:\/\/www.youthforequality.sk\/wp-content\/uploads\/2023\/10\/1c56fba1-cdb4-4299-a07c-87fe5c999f23.jpeg","width":1600,"height":1200},{"@type":"BreadcrumbList","@id":"https:\/\/www.youthforequality.sk\/index.php\/2023\/10\/19\/return-to-the-self\/#breadcrumb","itemListElement":[{"@type":"ListItem","position":1,"name":"Home","item":"https:\/\/www.youthforequality.sk\/"},{"@type":"ListItem","position":2,"name":"Return to the Self-4 &#8211; 10 SEPTEMBER 2023 , Bellavista Hotel, Qawra, Malta"}]},{"@type":"WebSite","@id":"https:\/\/www.youthforequality.sk\/#website","url":"https:\/\/www.youthforequality.sk\/","name":"","description":"","publisher":{"@id":"https:\/\/www.youthforequality.sk\/#organization"},"potentialAction":[{"@type":"SearchAction","target":{"@type":"EntryPoint","urlTemplate":"https:\/\/www.youthforequality.sk\/?s={search_term_string}"},"query-input":{"@type":"PropertyValueSpecification","valueRequired":true,"valueName":"search_term_string"}}],"inLanguage":"sk-SK"},{"@type":"Organization","@id":"https:\/\/www.youthforequality.sk\/#organization","name":"Youth for Equality","url":"https:\/\/www.youthforequality.sk\/","logo":{"@type":"ImageObject","inLanguage":"sk-SK","@id":"https:\/\/www.youthforequality.sk\/#\/schema\/logo\/image\/","url":"https:\/\/www.youthforequality.sk\/wp-content\/uploads\/2021\/01\/vynovene-logo-nove-farby_modra-na-web.png","contentUrl":"https:\/\/www.youthforequality.sk\/wp-content\/uploads\/2021\/01\/vynovene-logo-nove-farby_modra-na-web.png","width":1,"height":1,"caption":"Youth for Equality"},"image":{"@id":"https:\/\/www.youthforequality.sk\/#\/schema\/logo\/image\/"},"sameAs":["https:\/\/www.facebook.com\/yeslovakia"]},{"@type":"Person","@id":"https:\/\/www.youthforequality.sk\/#\/schema\/person\/be8fe75a4ed9c28400bc99a029218b24","name":"Diana Ja\u0161ekov\u00e1","image":{"@type":"ImageObject","inLanguage":"sk-SK","@id":"https:\/\/secure.gravatar.com\/avatar\/8c7454049523c9673804cf321f89b38fd4fcd5aa5ad8961f32caaf292dfd996f?s=96&d=mm&r=g","url":"https:\/\/secure.gravatar.com\/avatar\/8c7454049523c9673804cf321f89b38fd4fcd5aa5ad8961f32caaf292dfd996f?s=96&d=mm&r=g","contentUrl":"https:\/\/secure.gravatar.com\/avatar\/8c7454049523c9673804cf321f89b38fd4fcd5aa5ad8961f32caaf292dfd996f?s=96&d=mm&r=g","caption":"Diana Ja\u0161ekov\u00e1"},"url":"https:\/\/www.youthforequality.sk\/index.php\/author\/diajas\/"}]}},"_links":{"self":[{"href":"https:\/\/www.youthforequality.sk\/index.php\/wp-json\/wp\/v2\/posts\/5723","targetHints":{"allow":["GET"]}}],"collection":[{"href":"https:\/\/www.youthforequality.sk\/index.php\/wp-json\/wp\/v2\/posts"}],"about":[{"href":"https:\/\/www.youthforequality.sk\/index.php\/wp-json\/wp\/v2\/types\/post"}],"author":[{"embeddable":true,"href":"https:\/\/www.youthforequality.sk\/index.php\/wp-json\/wp\/v2\/users\/2"}],"replies":[{"embeddable":true,"href":"https:\/\/www.youthforequality.sk\/index.php\/wp-json\/wp\/v2\/comments?post=5723"}],"version-history":[{"count":10,"href":"https:\/\/www.youthforequality.sk\/index.php\/wp-json\/wp\/v2\/posts\/5723\/revisions"}],"predecessor-version":[{"id":5819,"href":"https:\/\/www.youthforequality.sk\/index.php\/wp-json\/wp\/v2\/posts\/5723\/revisions\/5819"}],"wp:featuredmedia":[{"embeddable":true,"href":"https:\/\/www.youthforequality.sk\/index.php\/wp-json\/wp\/v2\/media\/5809"}],"wp:attachment":[{"href":"https:\/\/www.youthforequality.sk\/index.php\/wp-json\/wp\/v2\/media?parent=5723"}],"wp:term":[{"taxonomy":"category","embeddable":true,"href":"https:\/\/www.youthforequality.sk\/index.php\/wp-json\/wp\/v2\/categories?post=5723"},{"taxonomy":"post_tag","embeddable":true,"href":"https:\/\/www.youthforequality.sk\/index.php\/wp-json\/wp\/v2\/tags?post=5723"}],"curies":[{"name":"wp","href":"https:\/\/api.w.org\/{rel}","templated":true}]}}