{"id":5744,"date":"2023-10-20T10:08:58","date_gmt":"2023-10-20T08:08:58","guid":{"rendered":"https:\/\/www.youthforequality.sk\/index.php\/2023\/10\/20\/cyber-traffic-copy\/"},"modified":"2023-11-08T16:14:01","modified_gmt":"2023-11-08T15:14:01","slug":"empowereu-shaping-youth-goals-for-a-stronger-europe","status":"publish","type":"post","link":"https:\/\/www.youthforequality.sk\/index.php\/2023\/10\/20\/empowereu-shaping-youth-goals-for-a-stronger-europe\/","title":{"rendered":"\u201cEmpowerEU: Shaping Youth Goals for a Stronger Europe&#8220; in Kaunas in Lithuania,"},"content":{"rendered":"\t\t<div data-elementor-type=\"wp-post\" data-elementor-id=\"5744\" class=\"elementor elementor-5744\">\n\t\t\t\t\t\t<section class=\"elementor-section elementor-top-section elementor-element elementor-element-f2550da elementor-section-boxed elementor-section-height-default elementor-section-height-default\" data-id=\"f2550da\" data-element_type=\"section\" data-e-type=\"section\">\n\t\t\t\t\t\t<div class=\"elementor-container elementor-column-gap-default\">\n\t\t\t\t\t<div class=\"elementor-column elementor-col-100 elementor-top-column elementor-element elementor-element-1589057\" data-id=\"1589057\" data-element_type=\"column\" data-e-type=\"column\">\n\t\t\t<div class=\"elementor-widget-wrap elementor-element-populated\">\n\t\t\t\t\t\t<div class=\"elementor-element elementor-element-a878e17 elementor-widget elementor-widget-text-editor\" data-id=\"a878e17\" data-element_type=\"widget\" data-e-type=\"widget\" data-widget_type=\"text-editor.default\">\n\t\t\t\t<div class=\"elementor-widget-container\">\n\t\t\t\t\t\t\t\t\t<div><span style=\"background-color: var(--nv-site-bg); color: var(--nv-text-color); font-family: Roboto, var(--nv-fallback-ff); letter-spacing: 0px;\">&#8222;When I first saw the opportunity to take part in Erasmus mobility \u201cEmpowerEU: Shaping Youth Goals for a Stronger Europe&#8220; in Kaunas in Lithuania, I didn&#8217;t hesitate a single moment. Not only have I never been in Lithuania before, but the whole topic seemed very&nbsp;interesting to me. And I wasn&#8217;t disappointed.<\/span><span style=\"color: var(--nv-text-color); font-family: Roboto, var(--nv-fallback-ff); letter-spacing: 0px; background-color: var(--nv-site-bg);\">&nbsp;<\/span><br><\/div>\n<div>Since the project took place in Kaunas, I decided to spend two extra days in Vilnius to take&nbsp;all the possibilities Lithuania is&nbsp;offering. I was enchanted by the beauty of the&nbsp;old town where&nbsp;I stayed, as well as U\u017eupis district, known for colorful street art and functional art projects. But nothing could prepare me for the project venue in Kaunas.&nbsp;<\/div>\n<div>&nbsp;<\/div>\n<div>I&#8217;ve been to a few projects, but I&#8217;ve never lived above the church, along with nuns and priests, just a few steps away from the city castle. We held a lot of our activities at the grass field under the castle, catching the sunshine and enjoying the amazing surroundings while diving deeper into the course.&nbsp;<span style=\"background-color: var(--nv-site-bg); color: var(--nv-text-color); font-family: Roboto, var(--nv-fallback-ff); letter-spacing: 0px;\">We started the very first day with couple of introduction games and continued the second day, where we started discussion of the European Youth strategy and Youth goals. During the next few days we dived deeper into each one of the goals through various workshops and activities.&nbsp;<\/span><\/div>\n<div>&nbsp;<\/div>\n<div>We created our own heroes representing the goals and held a mind-mapping session. As a Slovak team we even facilitated an activity focused on sharing our knowledge on 8 key lifelong learning competencies gained over the last days. It&#8217;s always a whole different experience while stepping out as a trainer for a moment and I truly found myself into this one, as we help the participants to better understand the competences and recap what they learned for each of them.&nbsp;<span style=\"background-color: var(--nv-site-bg); color: var(--nv-text-color); font-family: Roboto, var(--nv-fallback-ff); letter-spacing: 0px;\">One of the new and very fascinating activities for me was a Silent Discussion, where we wrote our opinions or questions on the given topic on one big poster and held votings, debates and shared our sometimes very various or controversial&nbsp;opinions quite&nbsp;anonymously. As we switched between the tables with posters, it was very interesting to follow the flow and evolution of each one of them as the discussions grew.&nbsp;<\/span><\/div>\n<div>&nbsp;<\/div>\n<div>The most fun we probably had during the activity where we needed to create a podcast on a given topic. Our topic was &#8222;The challenges faced by rural youth&#8220; and as a girl from a small village in the land of &#8222;nothing&#8220;, I had a lot to say. Our team found a nice sunny place near the castle where we sat on yoga mats and started the discussion so naturally, that someone just pressed &#8222;record&#8220; and the whole podcast came out as the nicest debate among the couple of friends from different countries. We shared plenty of different ideas and opportunities and found weak spots in the system, where NGO&#8217;s&nbsp;can really come in handy.&nbsp;<\/div>\n<div>&nbsp;<\/div>\n<div>Later on we jumped into speed dating activity, where we discussed various topics and situations about &#8222;Mental health and Wellbeing&#8220; for 1 minute, each one with different participant. After getting through all of the Youth goals, sharing our countries realities, finding problems and offering possible solutions we once again gathered to create a strategy and toolkit for youth workers. Each group received a different youth goal and together we created a bunch of various and interesting tools, each one of them unique for a specific settlement. We had a leaflet, presentation, handbook or poster that can be used as instructions for any youth worker.<\/div>\n<div>&nbsp;<\/div>\n<div>During the Intercultural night we taught other participants some traditional Slovak folk dances and learned a couple of others from Bulgaria, Turkey and Hungary. But one of the most spectacular moments outside of planned activities was the hymn singing, where participants, who were late to the activities, needed to sign their national anthem. We heard the anthems of Algeria, Turkey, Bangladesh and Lithuania. We also had a guided tour around the Kaunas, heard some legends and stories about various locations in the city, some of them from far far history, some of them connected with recent events.&nbsp;<\/div>\n<div>&nbsp;<\/div>\n<div>In conclusion, I really found myself into this training course, as I gained more knowledge about the whole process of informal education, types of workshops and leadership. I also really enjoyed working with various tools for creating such as Canva or CapCut. This whole experience just&nbsp;reassured me that I want to continue my journey after school in informal education and who knows, maybe one day I&#8217;ll be reading such articles&nbsp;from participants on my project.&#8220;<\/div>\t\t\t\t\t\t\t\t<\/div>\n\t\t\t\t<\/div>\n\t\t\t\t\t<\/div>\n\t\t<\/div>\n\t\t\t\t\t<\/div>\n\t\t<\/section>\n\t\t\t\t<section class=\"elementor-section elementor-top-section elementor-element elementor-element-aa848a8 elementor-section-boxed elementor-section-height-default elementor-section-height-default\" data-id=\"aa848a8\" data-element_type=\"section\" data-e-type=\"section\">\n\t\t\t\t\t\t<div class=\"elementor-container elementor-column-gap-default\">\n\t\t\t\t\t<div class=\"elementor-column elementor-col-100 elementor-top-column elementor-element elementor-element-453db18\" data-id=\"453db18\" data-element_type=\"column\" data-e-type=\"column\">\n\t\t\t<div class=\"elementor-widget-wrap elementor-element-populated\">\n\t\t\t\t\t\t<div class=\"elementor-element elementor-element-4a3bdff elementor-widget elementor-widget-image\" data-id=\"4a3bdff\" data-element_type=\"widget\" data-e-type=\"widget\" data-widget_type=\"image.default\">\n\t\t\t\t<div class=\"elementor-widget-container\">\n\t\t\t\t\t\t\t\t\t\t\t\t\t\t\t<img fetchpriority=\"high\" decoding=\"async\" width=\"1024\" height=\"576\" src=\"https:\/\/www.youthforequality.sk\/wp-content\/uploads\/2023\/10\/DSC06682-1024x576.jpg\" class=\"attachment-large size-large wp-image-5752\" alt=\"\" srcset=\"https:\/\/www.youthforequality.sk\/wp-content\/uploads\/2023\/10\/DSC06682-1024x576.jpg 1024w, https:\/\/www.youthforequality.sk\/wp-content\/uploads\/2023\/10\/DSC06682-300x169.jpg 300w, https:\/\/www.youthforequality.sk\/wp-content\/uploads\/2023\/10\/DSC06682-768x432.jpg 768w, https:\/\/www.youthforequality.sk\/wp-content\/uploads\/2023\/10\/DSC06682-1536x865.jpg 1536w, https:\/\/www.youthforequality.sk\/wp-content\/uploads\/2023\/10\/DSC06682-2048x1153.jpg 2048w\" sizes=\"(max-width: 1024px) 100vw, 1024px\" \/>\t\t\t\t\t\t\t\t\t\t\t\t\t\t\t<\/div>\n\t\t\t\t<\/div>\n\t\t\t\t\t<\/div>\n\t\t<\/div>\n\t\t\t\t\t<\/div>\n\t\t<\/section>\n\t\t\t\t<section class=\"elementor-section elementor-top-section elementor-element elementor-element-ed536d9 elementor-section-boxed elementor-section-height-default elementor-section-height-default\" data-id=\"ed536d9\" data-element_type=\"section\" data-e-type=\"section\">\n\t\t\t\t\t\t<div class=\"elementor-container elementor-column-gap-default\">\n\t\t\t\t\t<div class=\"elementor-column elementor-col-25 elementor-top-column elementor-element elementor-element-38aeb24\" data-id=\"38aeb24\" data-element_type=\"column\" data-e-type=\"column\">\n\t\t\t<div class=\"elementor-widget-wrap elementor-element-populated\">\n\t\t\t\t\t\t<div class=\"elementor-element elementor-element-b783700 elementor-widget elementor-widget-image\" data-id=\"b783700\" data-element_type=\"widget\" data-e-type=\"widget\" data-widget_type=\"image.default\">\n\t\t\t\t<div class=\"elementor-widget-container\">\n\t\t\t\t\t\t\t\t\t\t\t\t\t\t\t<img decoding=\"async\" width=\"1024\" height=\"576\" src=\"https:\/\/www.youthforequality.sk\/wp-content\/uploads\/2023\/10\/DSC07197-1024x576.jpg\" class=\"attachment-large size-large wp-image-5751\" alt=\"\" srcset=\"https:\/\/www.youthforequality.sk\/wp-content\/uploads\/2023\/10\/DSC07197-1024x576.jpg 1024w, https:\/\/www.youthforequality.sk\/wp-content\/uploads\/2023\/10\/DSC07197-300x169.jpg 300w, https:\/\/www.youthforequality.sk\/wp-content\/uploads\/2023\/10\/DSC07197-768x432.jpg 768w, https:\/\/www.youthforequality.sk\/wp-content\/uploads\/2023\/10\/DSC07197-1536x865.jpg 1536w, https:\/\/www.youthforequality.sk\/wp-content\/uploads\/2023\/10\/DSC07197-2048x1153.jpg 2048w\" sizes=\"(max-width: 1024px) 100vw, 1024px\" \/>\t\t\t\t\t\t\t\t\t\t\t\t\t\t\t<\/div>\n\t\t\t\t<\/div>\n\t\t\t\t\t<\/div>\n\t\t<\/div>\n\t\t\t\t<div class=\"elementor-column elementor-col-25 elementor-top-column elementor-element elementor-element-56a98c5\" data-id=\"56a98c5\" data-element_type=\"column\" data-e-type=\"column\">\n\t\t\t<div class=\"elementor-widget-wrap elementor-element-populated\">\n\t\t\t\t\t\t<div class=\"elementor-element elementor-element-bf41da6 elementor-widget elementor-widget-image\" data-id=\"bf41da6\" data-element_type=\"widget\" data-e-type=\"widget\" data-widget_type=\"image.default\">\n\t\t\t\t<div class=\"elementor-widget-container\">\n\t\t\t\t\t\t\t\t\t\t\t\t\t\t\t<img decoding=\"async\" width=\"1024\" height=\"576\" src=\"https:\/\/www.youthforequality.sk\/wp-content\/uploads\/2023\/10\/DSC07562-1024x576.jpg\" class=\"attachment-large size-large wp-image-5748\" alt=\"\" srcset=\"https:\/\/www.youthforequality.sk\/wp-content\/uploads\/2023\/10\/DSC07562-1024x576.jpg 1024w, https:\/\/www.youthforequality.sk\/wp-content\/uploads\/2023\/10\/DSC07562-300x169.jpg 300w, https:\/\/www.youthforequality.sk\/wp-content\/uploads\/2023\/10\/DSC07562-768x432.jpg 768w, https:\/\/www.youthforequality.sk\/wp-content\/uploads\/2023\/10\/DSC07562-1536x865.jpg 1536w, https:\/\/www.youthforequality.sk\/wp-content\/uploads\/2023\/10\/DSC07562-2048x1153.jpg 2048w\" sizes=\"(max-width: 1024px) 100vw, 1024px\" \/>\t\t\t\t\t\t\t\t\t\t\t\t\t\t\t<\/div>\n\t\t\t\t<\/div>\n\t\t\t\t\t<\/div>\n\t\t<\/div>\n\t\t\t\t<div class=\"elementor-column elementor-col-25 elementor-top-column elementor-element elementor-element-0f1252a\" data-id=\"0f1252a\" data-element_type=\"column\" data-e-type=\"column\">\n\t\t\t<div class=\"elementor-widget-wrap elementor-element-populated\">\n\t\t\t\t\t\t<div class=\"elementor-element elementor-element-9c64cf1 elementor-widget elementor-widget-image\" data-id=\"9c64cf1\" data-element_type=\"widget\" data-e-type=\"widget\" data-widget_type=\"image.default\">\n\t\t\t\t<div class=\"elementor-widget-container\">\n\t\t\t\t\t\t\t\t\t\t\t\t\t\t\t<img loading=\"lazy\" decoding=\"async\" width=\"1024\" height=\"576\" src=\"https:\/\/www.youthforequality.sk\/wp-content\/uploads\/2023\/10\/DSC06419-1024x576.jpg\" class=\"attachment-large size-large wp-image-5750\" alt=\"\" srcset=\"https:\/\/www.youthforequality.sk\/wp-content\/uploads\/2023\/10\/DSC06419-1024x576.jpg 1024w, https:\/\/www.youthforequality.sk\/wp-content\/uploads\/2023\/10\/DSC06419-300x169.jpg 300w, https:\/\/www.youthforequality.sk\/wp-content\/uploads\/2023\/10\/DSC06419-768x432.jpg 768w, https:\/\/www.youthforequality.sk\/wp-content\/uploads\/2023\/10\/DSC06419-1536x865.jpg 1536w, https:\/\/www.youthforequality.sk\/wp-content\/uploads\/2023\/10\/DSC06419-2048x1153.jpg 2048w\" sizes=\"(max-width: 1024px) 100vw, 1024px\" \/>\t\t\t\t\t\t\t\t\t\t\t\t\t\t\t<\/div>\n\t\t\t\t<\/div>\n\t\t\t\t\t<\/div>\n\t\t<\/div>\n\t\t\t\t<div class=\"elementor-column elementor-col-25 elementor-top-column elementor-element elementor-element-2e81808\" data-id=\"2e81808\" data-element_type=\"column\" data-e-type=\"column\">\n\t\t\t<div class=\"elementor-widget-wrap elementor-element-populated\">\n\t\t\t\t\t\t<div class=\"elementor-element elementor-element-e61eecc elementor-widget elementor-widget-image\" data-id=\"e61eecc\" data-element_type=\"widget\" data-e-type=\"widget\" data-widget_type=\"image.default\">\n\t\t\t\t<div class=\"elementor-widget-container\">\n\t\t\t\t\t\t\t\t\t\t\t\t\t\t\t<img loading=\"lazy\" decoding=\"async\" width=\"1024\" height=\"576\" src=\"https:\/\/www.youthforequality.sk\/wp-content\/uploads\/2023\/10\/DSC05156-1024x576.jpg\" class=\"attachment-large size-large wp-image-5747\" alt=\"\" srcset=\"https:\/\/www.youthforequality.sk\/wp-content\/uploads\/2023\/10\/DSC05156-1024x576.jpg 1024w, https:\/\/www.youthforequality.sk\/wp-content\/uploads\/2023\/10\/DSC05156-300x169.jpg 300w, https:\/\/www.youthforequality.sk\/wp-content\/uploads\/2023\/10\/DSC05156-768x432.jpg 768w, https:\/\/www.youthforequality.sk\/wp-content\/uploads\/2023\/10\/DSC05156-1536x865.jpg 1536w, https:\/\/www.youthforequality.sk\/wp-content\/uploads\/2023\/10\/DSC05156-2048x1153.jpg 2048w\" sizes=\"(max-width: 1024px) 100vw, 1024px\" \/>\t\t\t\t\t\t\t\t\t\t\t\t\t\t\t<\/div>\n\t\t\t\t<\/div>\n\t\t\t\t\t<\/div>\n\t\t<\/div>\n\t\t\t\t\t<\/div>\n\t\t<\/section>\n\t\t\t\t<\/div>\n\t\t","protected":false},"excerpt":{"rendered":"<p>&#8222;When I first saw the opportunity to take part in Erasmus mobility \u201cEmpowerEU: Shaping Youth Goals for a Stronger Europe&#8220; in Kaunas in Lithuania, I didn&#8217;t hesitate a single moment. Not only have I never been in Lithuania before, but the whole topic seemed very&nbsp;interesting to me. And I wasn&#8217;t disappointed.&nbsp; Since the project took&hellip;&nbsp;<a href=\"https:\/\/www.youthforequality.sk\/index.php\/2023\/10\/20\/empowereu-shaping-youth-goals-for-a-stronger-europe\/\" class=\"\" rel=\"bookmark\">\u010c\u00edta\u0165 viac &raquo;<span class=\"screen-reader-text\">\u201cEmpowerEU: Shaping Youth Goals for a Stronger Europe&#8220; in Kaunas in Lithuania,<\/span><\/a><\/p>\n","protected":false},"author":2,"featured_media":5749,"comment_status":"closed","ping_status":"open","sticky":false,"template":"","format":"standard","meta":{"_uf_show_specific_survey":0,"_uf_disable_surveys":false,"neve_meta_sidebar":"","neve_meta_container":"","neve_meta_enable_content_width":"off","neve_meta_content_width":70,"neve_meta_title_alignment":"","neve_meta_author_avatar":"","neve_post_elements_order":"","neve_meta_disable_header":"","neve_meta_disable_footer":"","neve_meta_disable_title":"","_themeisle_gutenberg_block_has_review":false,"footnotes":""},"categories":[3],"tags":[],"class_list":["post-5744","post","type-post","status-publish","format-standard","has-post-thumbnail","hentry","category-blog"],"yoast_head":"<!-- This site is optimized with the Yoast SEO plugin v27.4 - https:\/\/yoast.com\/product\/yoast-seo-wordpress\/ -->\n<title>\u201cEmpowerEU: Shaping Youth Goals for a Stronger Europe&quot; in Kaunas in Lithuania, |<\/title>\n<meta name=\"robots\" content=\"index, follow, max-snippet:-1, max-image-preview:large, max-video-preview:-1\" \/>\n<link rel=\"canonical\" href=\"https:\/\/www.youthforequality.sk\/index.php\/2023\/10\/20\/empowereu-shaping-youth-goals-for-a-stronger-europe\/\" \/>\n<meta property=\"og:locale\" content=\"sk_SK\" \/>\n<meta property=\"og:type\" content=\"article\" \/>\n<meta property=\"og:title\" content=\"\u201cEmpowerEU: Shaping Youth Goals for a Stronger Europe&quot; in Kaunas in Lithuania, |\" \/>\n<meta property=\"og:description\" content=\"&#8222;When I first saw the opportunity to take part in Erasmus mobility \u201cEmpowerEU: Shaping Youth Goals for a Stronger Europe&#8220; in Kaunas in Lithuania, I didn&#8217;t hesitate a single moment. Not only have I never been in Lithuania before, but the whole topic seemed very&nbsp;interesting to me. And I wasn&#8217;t disappointed.&nbsp; Since the project took&hellip;&nbsp;\u010c\u00edta\u0165 viac &raquo;\u201cEmpowerEU: Shaping Youth Goals for a Stronger Europe&#8220; in Kaunas in Lithuania,\" \/>\n<meta property=\"og:url\" content=\"https:\/\/www.youthforequality.sk\/index.php\/2023\/10\/20\/empowereu-shaping-youth-goals-for-a-stronger-europe\/\" \/>\n<meta property=\"article:publisher\" content=\"https:\/\/www.facebook.com\/yeslovakia\" \/>\n<meta property=\"article:published_time\" content=\"2023-10-20T08:08:58+00:00\" \/>\n<meta property=\"article:modified_time\" content=\"2023-11-08T15:14:01+00:00\" \/>\n<meta property=\"og:image\" content=\"https:\/\/www.youthforequality.sk\/wp-content\/uploads\/2023\/10\/382460544_693849349448234_6622183378271627712_n.jpg\" \/>\n\t<meta property=\"og:image:width\" content=\"940\" \/>\n\t<meta property=\"og:image:height\" content=\"788\" \/>\n\t<meta property=\"og:image:type\" content=\"image\/jpeg\" \/>\n<meta name=\"author\" content=\"Diana Ja\u0161ekov\u00e1\" \/>\n<meta name=\"twitter:card\" content=\"summary_large_image\" \/>\n<meta name=\"twitter:label1\" content=\"Autor\" \/>\n\t<meta name=\"twitter:data1\" content=\"Diana Ja\u0161ekov\u00e1\" \/>\n\t<meta name=\"twitter:label2\" content=\"Predpokladan\u00fd \u010das \u010d\u00edtania\" \/>\n\t<meta name=\"twitter:data2\" content=\"4 min\u00faty\" \/>\n<script type=\"application\/ld+json\" class=\"yoast-schema-graph\">{\"@context\":\"https:\\\/\\\/schema.org\",\"@graph\":[{\"@type\":\"Article\",\"@id\":\"https:\\\/\\\/www.youthforequality.sk\\\/index.php\\\/2023\\\/10\\\/20\\\/empowereu-shaping-youth-goals-for-a-stronger-europe\\\/#article\",\"isPartOf\":{\"@id\":\"https:\\\/\\\/www.youthforequality.sk\\\/index.php\\\/2023\\\/10\\\/20\\\/empowereu-shaping-youth-goals-for-a-stronger-europe\\\/\"},\"author\":{\"name\":\"Diana Ja\u0161ekov\u00e1\",\"@id\":\"https:\\\/\\\/www.youthforequality.sk\\\/#\\\/schema\\\/person\\\/be8fe75a4ed9c28400bc99a029218b24\"},\"headline\":\"\u201cEmpowerEU: Shaping Youth Goals for a Stronger Europe&#8220; in Kaunas in Lithuania,\",\"datePublished\":\"2023-10-20T08:08:58+00:00\",\"dateModified\":\"2023-11-08T15:14:01+00:00\",\"mainEntityOfPage\":{\"@id\":\"https:\\\/\\\/www.youthforequality.sk\\\/index.php\\\/2023\\\/10\\\/20\\\/empowereu-shaping-youth-goals-for-a-stronger-europe\\\/\"},\"wordCount\":801,\"publisher\":{\"@id\":\"https:\\\/\\\/www.youthforequality.sk\\\/#organization\"},\"image\":{\"@id\":\"https:\\\/\\\/www.youthforequality.sk\\\/index.php\\\/2023\\\/10\\\/20\\\/empowereu-shaping-youth-goals-for-a-stronger-europe\\\/#primaryimage\"},\"thumbnailUrl\":\"https:\\\/\\\/www.youthforequality.sk\\\/wp-content\\\/uploads\\\/2023\\\/10\\\/382460544_693849349448234_6622183378271627712_n.jpg\",\"articleSection\":[\"Blog\"],\"inLanguage\":\"sk-SK\"},{\"@type\":\"WebPage\",\"@id\":\"https:\\\/\\\/www.youthforequality.sk\\\/index.php\\\/2023\\\/10\\\/20\\\/empowereu-shaping-youth-goals-for-a-stronger-europe\\\/\",\"url\":\"https:\\\/\\\/www.youthforequality.sk\\\/index.php\\\/2023\\\/10\\\/20\\\/empowereu-shaping-youth-goals-for-a-stronger-europe\\\/\",\"name\":\"\u201cEmpowerEU: Shaping Youth Goals for a Stronger Europe\\\" in Kaunas in Lithuania, |\",\"isPartOf\":{\"@id\":\"https:\\\/\\\/www.youthforequality.sk\\\/#website\"},\"primaryImageOfPage\":{\"@id\":\"https:\\\/\\\/www.youthforequality.sk\\\/index.php\\\/2023\\\/10\\\/20\\\/empowereu-shaping-youth-goals-for-a-stronger-europe\\\/#primaryimage\"},\"image\":{\"@id\":\"https:\\\/\\\/www.youthforequality.sk\\\/index.php\\\/2023\\\/10\\\/20\\\/empowereu-shaping-youth-goals-for-a-stronger-europe\\\/#primaryimage\"},\"thumbnailUrl\":\"https:\\\/\\\/www.youthforequality.sk\\\/wp-content\\\/uploads\\\/2023\\\/10\\\/382460544_693849349448234_6622183378271627712_n.jpg\",\"datePublished\":\"2023-10-20T08:08:58+00:00\",\"dateModified\":\"2023-11-08T15:14:01+00:00\",\"breadcrumb\":{\"@id\":\"https:\\\/\\\/www.youthforequality.sk\\\/index.php\\\/2023\\\/10\\\/20\\\/empowereu-shaping-youth-goals-for-a-stronger-europe\\\/#breadcrumb\"},\"inLanguage\":\"sk-SK\",\"potentialAction\":[{\"@type\":\"ReadAction\",\"target\":[\"https:\\\/\\\/www.youthforequality.sk\\\/index.php\\\/2023\\\/10\\\/20\\\/empowereu-shaping-youth-goals-for-a-stronger-europe\\\/\"]}]},{\"@type\":\"ImageObject\",\"inLanguage\":\"sk-SK\",\"@id\":\"https:\\\/\\\/www.youthforequality.sk\\\/index.php\\\/2023\\\/10\\\/20\\\/empowereu-shaping-youth-goals-for-a-stronger-europe\\\/#primaryimage\",\"url\":\"https:\\\/\\\/www.youthforequality.sk\\\/wp-content\\\/uploads\\\/2023\\\/10\\\/382460544_693849349448234_6622183378271627712_n.jpg\",\"contentUrl\":\"https:\\\/\\\/www.youthforequality.sk\\\/wp-content\\\/uploads\\\/2023\\\/10\\\/382460544_693849349448234_6622183378271627712_n.jpg\",\"width\":940,\"height\":788},{\"@type\":\"BreadcrumbList\",\"@id\":\"https:\\\/\\\/www.youthforequality.sk\\\/index.php\\\/2023\\\/10\\\/20\\\/empowereu-shaping-youth-goals-for-a-stronger-europe\\\/#breadcrumb\",\"itemListElement\":[{\"@type\":\"ListItem\",\"position\":1,\"name\":\"Home\",\"item\":\"https:\\\/\\\/www.youthforequality.sk\\\/\"},{\"@type\":\"ListItem\",\"position\":2,\"name\":\"\u201cEmpowerEU: Shaping Youth Goals for a Stronger Europe&#8221; in Kaunas in Lithuania,\"}]},{\"@type\":\"WebSite\",\"@id\":\"https:\\\/\\\/www.youthforequality.sk\\\/#website\",\"url\":\"https:\\\/\\\/www.youthforequality.sk\\\/\",\"name\":\"\",\"description\":\"\",\"publisher\":{\"@id\":\"https:\\\/\\\/www.youthforequality.sk\\\/#organization\"},\"potentialAction\":[{\"@type\":\"SearchAction\",\"target\":{\"@type\":\"EntryPoint\",\"urlTemplate\":\"https:\\\/\\\/www.youthforequality.sk\\\/?s={search_term_string}\"},\"query-input\":{\"@type\":\"PropertyValueSpecification\",\"valueRequired\":true,\"valueName\":\"search_term_string\"}}],\"inLanguage\":\"sk-SK\"},{\"@type\":\"Organization\",\"@id\":\"https:\\\/\\\/www.youthforequality.sk\\\/#organization\",\"name\":\"Youth for Equality\",\"url\":\"https:\\\/\\\/www.youthforequality.sk\\\/\",\"logo\":{\"@type\":\"ImageObject\",\"inLanguage\":\"sk-SK\",\"@id\":\"https:\\\/\\\/www.youthforequality.sk\\\/#\\\/schema\\\/logo\\\/image\\\/\",\"url\":\"https:\\\/\\\/www.youthforequality.sk\\\/wp-content\\\/uploads\\\/2021\\\/01\\\/vynovene-logo-nove-farby_modra-na-web.png\",\"contentUrl\":\"https:\\\/\\\/www.youthforequality.sk\\\/wp-content\\\/uploads\\\/2021\\\/01\\\/vynovene-logo-nove-farby_modra-na-web.png\",\"width\":1,\"height\":1,\"caption\":\"Youth for Equality\"},\"image\":{\"@id\":\"https:\\\/\\\/www.youthforequality.sk\\\/#\\\/schema\\\/logo\\\/image\\\/\"},\"sameAs\":[\"https:\\\/\\\/www.facebook.com\\\/yeslovakia\"]},{\"@type\":\"Person\",\"@id\":\"https:\\\/\\\/www.youthforequality.sk\\\/#\\\/schema\\\/person\\\/be8fe75a4ed9c28400bc99a029218b24\",\"name\":\"Diana Ja\u0161ekov\u00e1\",\"image\":{\"@type\":\"ImageObject\",\"inLanguage\":\"sk-SK\",\"@id\":\"https:\\\/\\\/secure.gravatar.com\\\/avatar\\\/8c7454049523c9673804cf321f89b38fd4fcd5aa5ad8961f32caaf292dfd996f?s=96&d=mm&r=g\",\"url\":\"https:\\\/\\\/secure.gravatar.com\\\/avatar\\\/8c7454049523c9673804cf321f89b38fd4fcd5aa5ad8961f32caaf292dfd996f?s=96&d=mm&r=g\",\"contentUrl\":\"https:\\\/\\\/secure.gravatar.com\\\/avatar\\\/8c7454049523c9673804cf321f89b38fd4fcd5aa5ad8961f32caaf292dfd996f?s=96&d=mm&r=g\",\"caption\":\"Diana Ja\u0161ekov\u00e1\"},\"url\":\"https:\\\/\\\/www.youthforequality.sk\\\/index.php\\\/author\\\/diajas\\\/\"}]}<\/script>\n<!-- \/ Yoast SEO plugin. -->","yoast_head_json":{"title":"\u201cEmpowerEU: Shaping Youth Goals for a Stronger Europe\" in Kaunas in Lithuania, |","robots":{"index":"index","follow":"follow","max-snippet":"max-snippet:-1","max-image-preview":"max-image-preview:large","max-video-preview":"max-video-preview:-1"},"canonical":"https:\/\/www.youthforequality.sk\/index.php\/2023\/10\/20\/empowereu-shaping-youth-goals-for-a-stronger-europe\/","og_locale":"sk_SK","og_type":"article","og_title":"\u201cEmpowerEU: Shaping Youth Goals for a Stronger Europe\" in Kaunas in Lithuania, |","og_description":"&#8222;When I first saw the opportunity to take part in Erasmus mobility \u201cEmpowerEU: Shaping Youth Goals for a Stronger Europe&#8220; in Kaunas in Lithuania, I didn&#8217;t hesitate a single moment. Not only have I never been in Lithuania before, but the whole topic seemed very&nbsp;interesting to me. And I wasn&#8217;t disappointed.&nbsp; Since the project took&hellip;&nbsp;\u010c\u00edta\u0165 viac &raquo;\u201cEmpowerEU: Shaping Youth Goals for a Stronger Europe&#8220; in Kaunas in Lithuania,","og_url":"https:\/\/www.youthforequality.sk\/index.php\/2023\/10\/20\/empowereu-shaping-youth-goals-for-a-stronger-europe\/","article_publisher":"https:\/\/www.facebook.com\/yeslovakia","article_published_time":"2023-10-20T08:08:58+00:00","article_modified_time":"2023-11-08T15:14:01+00:00","og_image":[{"width":940,"height":788,"url":"https:\/\/www.youthforequality.sk\/wp-content\/uploads\/2023\/10\/382460544_693849349448234_6622183378271627712_n.jpg","type":"image\/jpeg"}],"author":"Diana Ja\u0161ekov\u00e1","twitter_card":"summary_large_image","twitter_misc":{"Autor":"Diana Ja\u0161ekov\u00e1","Predpokladan\u00fd \u010das \u010d\u00edtania":"4 min\u00faty"},"schema":{"@context":"https:\/\/schema.org","@graph":[{"@type":"Article","@id":"https:\/\/www.youthforequality.sk\/index.php\/2023\/10\/20\/empowereu-shaping-youth-goals-for-a-stronger-europe\/#article","isPartOf":{"@id":"https:\/\/www.youthforequality.sk\/index.php\/2023\/10\/20\/empowereu-shaping-youth-goals-for-a-stronger-europe\/"},"author":{"name":"Diana Ja\u0161ekov\u00e1","@id":"https:\/\/www.youthforequality.sk\/#\/schema\/person\/be8fe75a4ed9c28400bc99a029218b24"},"headline":"\u201cEmpowerEU: Shaping Youth Goals for a Stronger Europe&#8220; in Kaunas in Lithuania,","datePublished":"2023-10-20T08:08:58+00:00","dateModified":"2023-11-08T15:14:01+00:00","mainEntityOfPage":{"@id":"https:\/\/www.youthforequality.sk\/index.php\/2023\/10\/20\/empowereu-shaping-youth-goals-for-a-stronger-europe\/"},"wordCount":801,"publisher":{"@id":"https:\/\/www.youthforequality.sk\/#organization"},"image":{"@id":"https:\/\/www.youthforequality.sk\/index.php\/2023\/10\/20\/empowereu-shaping-youth-goals-for-a-stronger-europe\/#primaryimage"},"thumbnailUrl":"https:\/\/www.youthforequality.sk\/wp-content\/uploads\/2023\/10\/382460544_693849349448234_6622183378271627712_n.jpg","articleSection":["Blog"],"inLanguage":"sk-SK"},{"@type":"WebPage","@id":"https:\/\/www.youthforequality.sk\/index.php\/2023\/10\/20\/empowereu-shaping-youth-goals-for-a-stronger-europe\/","url":"https:\/\/www.youthforequality.sk\/index.php\/2023\/10\/20\/empowereu-shaping-youth-goals-for-a-stronger-europe\/","name":"\u201cEmpowerEU: Shaping Youth Goals for a Stronger Europe\" in Kaunas in Lithuania, |","isPartOf":{"@id":"https:\/\/www.youthforequality.sk\/#website"},"primaryImageOfPage":{"@id":"https:\/\/www.youthforequality.sk\/index.php\/2023\/10\/20\/empowereu-shaping-youth-goals-for-a-stronger-europe\/#primaryimage"},"image":{"@id":"https:\/\/www.youthforequality.sk\/index.php\/2023\/10\/20\/empowereu-shaping-youth-goals-for-a-stronger-europe\/#primaryimage"},"thumbnailUrl":"https:\/\/www.youthforequality.sk\/wp-content\/uploads\/2023\/10\/382460544_693849349448234_6622183378271627712_n.jpg","datePublished":"2023-10-20T08:08:58+00:00","dateModified":"2023-11-08T15:14:01+00:00","breadcrumb":{"@id":"https:\/\/www.youthforequality.sk\/index.php\/2023\/10\/20\/empowereu-shaping-youth-goals-for-a-stronger-europe\/#breadcrumb"},"inLanguage":"sk-SK","potentialAction":[{"@type":"ReadAction","target":["https:\/\/www.youthforequality.sk\/index.php\/2023\/10\/20\/empowereu-shaping-youth-goals-for-a-stronger-europe\/"]}]},{"@type":"ImageObject","inLanguage":"sk-SK","@id":"https:\/\/www.youthforequality.sk\/index.php\/2023\/10\/20\/empowereu-shaping-youth-goals-for-a-stronger-europe\/#primaryimage","url":"https:\/\/www.youthforequality.sk\/wp-content\/uploads\/2023\/10\/382460544_693849349448234_6622183378271627712_n.jpg","contentUrl":"https:\/\/www.youthforequality.sk\/wp-content\/uploads\/2023\/10\/382460544_693849349448234_6622183378271627712_n.jpg","width":940,"height":788},{"@type":"BreadcrumbList","@id":"https:\/\/www.youthforequality.sk\/index.php\/2023\/10\/20\/empowereu-shaping-youth-goals-for-a-stronger-europe\/#breadcrumb","itemListElement":[{"@type":"ListItem","position":1,"name":"Home","item":"https:\/\/www.youthforequality.sk\/"},{"@type":"ListItem","position":2,"name":"\u201cEmpowerEU: Shaping Youth Goals for a Stronger Europe&#8221; in Kaunas in Lithuania,"}]},{"@type":"WebSite","@id":"https:\/\/www.youthforequality.sk\/#website","url":"https:\/\/www.youthforequality.sk\/","name":"","description":"","publisher":{"@id":"https:\/\/www.youthforequality.sk\/#organization"},"potentialAction":[{"@type":"SearchAction","target":{"@type":"EntryPoint","urlTemplate":"https:\/\/www.youthforequality.sk\/?s={search_term_string}"},"query-input":{"@type":"PropertyValueSpecification","valueRequired":true,"valueName":"search_term_string"}}],"inLanguage":"sk-SK"},{"@type":"Organization","@id":"https:\/\/www.youthforequality.sk\/#organization","name":"Youth for Equality","url":"https:\/\/www.youthforequality.sk\/","logo":{"@type":"ImageObject","inLanguage":"sk-SK","@id":"https:\/\/www.youthforequality.sk\/#\/schema\/logo\/image\/","url":"https:\/\/www.youthforequality.sk\/wp-content\/uploads\/2021\/01\/vynovene-logo-nove-farby_modra-na-web.png","contentUrl":"https:\/\/www.youthforequality.sk\/wp-content\/uploads\/2021\/01\/vynovene-logo-nove-farby_modra-na-web.png","width":1,"height":1,"caption":"Youth for Equality"},"image":{"@id":"https:\/\/www.youthforequality.sk\/#\/schema\/logo\/image\/"},"sameAs":["https:\/\/www.facebook.com\/yeslovakia"]},{"@type":"Person","@id":"https:\/\/www.youthforequality.sk\/#\/schema\/person\/be8fe75a4ed9c28400bc99a029218b24","name":"Diana Ja\u0161ekov\u00e1","image":{"@type":"ImageObject","inLanguage":"sk-SK","@id":"https:\/\/secure.gravatar.com\/avatar\/8c7454049523c9673804cf321f89b38fd4fcd5aa5ad8961f32caaf292dfd996f?s=96&d=mm&r=g","url":"https:\/\/secure.gravatar.com\/avatar\/8c7454049523c9673804cf321f89b38fd4fcd5aa5ad8961f32caaf292dfd996f?s=96&d=mm&r=g","contentUrl":"https:\/\/secure.gravatar.com\/avatar\/8c7454049523c9673804cf321f89b38fd4fcd5aa5ad8961f32caaf292dfd996f?s=96&d=mm&r=g","caption":"Diana Ja\u0161ekov\u00e1"},"url":"https:\/\/www.youthforequality.sk\/index.php\/author\/diajas\/"}]}},"_links":{"self":[{"href":"https:\/\/www.youthforequality.sk\/index.php\/wp-json\/wp\/v2\/posts\/5744","targetHints":{"allow":["GET"]}}],"collection":[{"href":"https:\/\/www.youthforequality.sk\/index.php\/wp-json\/wp\/v2\/posts"}],"about":[{"href":"https:\/\/www.youthforequality.sk\/index.php\/wp-json\/wp\/v2\/types\/post"}],"author":[{"embeddable":true,"href":"https:\/\/www.youthforequality.sk\/index.php\/wp-json\/wp\/v2\/users\/2"}],"replies":[{"embeddable":true,"href":"https:\/\/www.youthforequality.sk\/index.php\/wp-json\/wp\/v2\/comments?post=5744"}],"version-history":[{"count":10,"href":"https:\/\/www.youthforequality.sk\/index.php\/wp-json\/wp\/v2\/posts\/5744\/revisions"}],"predecessor-version":[{"id":5770,"href":"https:\/\/www.youthforequality.sk\/index.php\/wp-json\/wp\/v2\/posts\/5744\/revisions\/5770"}],"wp:featuredmedia":[{"embeddable":true,"href":"https:\/\/www.youthforequality.sk\/index.php\/wp-json\/wp\/v2\/media\/5749"}],"wp:attachment":[{"href":"https:\/\/www.youthforequality.sk\/index.php\/wp-json\/wp\/v2\/media?parent=5744"}],"wp:term":[{"taxonomy":"category","embeddable":true,"href":"https:\/\/www.youthforequality.sk\/index.php\/wp-json\/wp\/v2\/categories?post=5744"},{"taxonomy":"post_tag","embeddable":true,"href":"https:\/\/www.youthforequality.sk\/index.php\/wp-json\/wp\/v2\/tags?post=5744"}],"curies":[{"name":"wp","href":"https:\/\/api.w.org\/{rel}","templated":true}]}}