{"id":6223,"date":"2023-11-16T11:55:16","date_gmt":"2023-11-16T10:55:16","guid":{"rendered":"https:\/\/www.youthforequality.sk\/?p=6223"},"modified":"2024-05-07T16:13:26","modified_gmt":"2024-05-07T14:13:26","slug":"wellbeing-of-youth-in-the-digital-age","status":"publish","type":"post","link":"https:\/\/www.youthforequality.sk\/index.php\/2023\/11\/16\/wellbeing-of-youth-in-the-digital-age\/","title":{"rendered":"Wellbeing of you(th) in the digital age"},"content":{"rendered":"\t\t<div data-elementor-type=\"wp-post\" data-elementor-id=\"6223\" class=\"elementor elementor-6223\">\n\t\t\t\t\t\t<section class=\"elementor-section elementor-top-section elementor-element elementor-element-e890e2f elementor-section-boxed elementor-section-height-default elementor-section-height-default\" data-id=\"e890e2f\" data-element_type=\"section\" data-e-type=\"section\">\n\t\t\t\t\t\t<div class=\"elementor-container elementor-column-gap-default\">\n\t\t\t\t\t<div class=\"elementor-column elementor-col-100 elementor-top-column elementor-element elementor-element-7de7f65\" data-id=\"7de7f65\" data-element_type=\"column\" data-e-type=\"column\">\n\t\t\t<div class=\"elementor-widget-wrap elementor-element-populated\">\n\t\t\t\t\t\t<div class=\"elementor-element elementor-element-43aabde elementor-widget elementor-widget-text-editor\" data-id=\"43aabde\" data-element_type=\"widget\" data-e-type=\"widget\" data-widget_type=\"text-editor.default\">\n\t\t\t\t<div class=\"elementor-widget-container\">\n\t\t\t\t\t\t\t\t\t<p><span style=\"font-weight: 400;\">Na ml\u00e1de\u017en\u00edckej v\u00fdmene s n\u00e1zvom Wellbeing of youth in the digital age sa z\u00fa\u010dastnilo dokopy 42 \u00fa\u010dastn\u00edkov zo 7 kraj\u00edn(\u0160panielsko, Taliansko, Turecko, Severn\u00e1 Maced\u00f3nia, Bulharsko, \u010cesko a Slovensko). Ml\u00e1de\u017en\u00edcka v\u00fdmena sa konala v Trnave v d\u0148och 11-17. Okt\u00f3ber 2023. Cie\u013eom projektu bolo roz\u0161\u00edri\u0165 vedomosti a obzory mlad\u00fdch \u013eud\u00ed, otvori\u0165 ich myse\u013e, nau\u010di\u0165 sa nov\u00e9 veci a za\u017ei\u0165 medzikult\u00farnu v\u00fdmenu.D\u00f4le\u017eit\u00fdm prvkom nebolo len medzikult\u00farne u\u010denie sa, ale aj fyzick\u00fd rozvoj (joga, prech\u00e1dzky\/turistika) ako s\u00fa\u010das\u0165 pohody. Po\u010das aktivity mohli \u00fa\u010dastn\u00edci: &#8211; zdie\u013ea\u0165 svoje pr\u00edbehy, sk\u00fasenosti, n\u00e1pady alebo probl\u00e9my,\u00a0 nau\u010dili sa nov\u00e9 met\u00f3dy relaxa\u010dn\u00fdch techn\u00edk, t\u00fdm, \u017ee sa stretli s mlad\u00fdmi \u013eu\u010fmi z \u00faplne odli\u0161n\u00fdch \u010dast\u00ed sveta, a pochopili, \u017ee du\u0161evn\u00e9 zdravie a probl\u00e9my spojen\u00e9 s n\u00edm s\u00fa s\u00fa\u010das\u0165ou ka\u017ed\u00e9ho \u017eivota mlad\u00e9ho \u010dloveka.<\/span><\/p><p><span style=\"font-weight: 400;\">\u010co sa t\u00fdka konkr\u00e9tnych aktiv\u00edt, \u00fa\u010dastn\u00edci mali mo\u017enos\u0165 vysk\u00fa\u0161a\u0165 si r\u00f4zne n\u00e1stroje na udr\u017eiavanie pohody. V\u0161etky inform\u00e1cie sa \u00fa\u010dastn\u00edkom pod\u00e1vali pomocou neform\u00e1lneho vzdel\u00e1vania. Nau\u010dili sa, ako implementova\u0165 do svojho ka\u017edodenn\u00e9ho \u017eivota vedom\u00e9 stravovanie sa, medit\u00e1ciu, cvi\u010denie, hudbu, ako si uvedomi\u0165 \u010do m\u00e1me a by\u0165 za to v\u010fa\u010dn\u00fd, \u010do znamen\u00e1 milova\u0165 seba a druh\u00fdch. Z\u00fa\u010dastnili sme sa workshopu ktor\u00e9 si pre n\u00e1s pripravilo psychologick\u00e9 centrum IP\u010dko, kde sme mali workshop s psychologi\u010dkou na t\u00e9mu ment\u00e1lneho zdravia a soci\u00e1lnych siet\u00ed. N\u00e1sledne sa \u00fa\u010dastn\u00edci venovali tvorbe pl\u00e1nu na to, ako efekt\u00edvne vyu\u017e\u00edva\u0165 soci\u00e1lne siete a redukova\u0165 \u010das, ktor\u00fd na \u0148om tr\u00e1via. Vytvorili pl\u00e1n s 10 krokmi, ktor\u00fd m\u00f4\u017eu pou\u017e\u00edva\u0165 vo svojom ka\u017edodennom \u017eivote.<\/span><\/p><p><span style=\"font-weight: 400;\">\u00da\u010dastn\u00edci na z\u00e1ver projektu vytvorili bro\u017euru, ktorej s\u00fa\u010das\u0165ou s\u00fa tipy ako na sebal\u00e1sku, ako sa postavi\u0165 vo\u010di spolo\u010densk\u00e9mu tlaku, ako sa vysporiada\u0165 so \u0161ikanou, poruchy pr\u00edjmu potravy a pochopenie bez s\u00fadenia.\u00a0<\/span><\/p><p><span style=\"font-weight: 400;\">Projekt bol podporen\u00fd grantom Eur\u00f3pskej Komisie (ide o program Erasmus+) a ml\u00e1de\u017en\u00edckou organiz\u00e1ciou Iuventa. Podobn\u00e9 ml\u00e1de\u017en\u00edcke v\u00fdmeny s\u00fa realizovan\u00e9 v celej Eur\u00f3pe a s\u00fa ur\u010den\u00e9 najm\u00e4 pre mlad\u00fdch \u013eud\u00ed s nedostatkom pr\u00edle\u017eitost\u00ed. Nako\u013eko s\u00fa projekty pokryt\u00e9 grantami, mlad\u00fdm \u013eu\u010fom vznik\u00e1 n\u00e1rok z\u00fa\u010dastni\u0165 sa zadarmo. Zlep\u0161ia svoje schopnosti, poznatky v danej t\u00e9me, maj\u00fa mo\u017enos\u0165 komunikova\u0165 v cudzom jazyku, cestova\u0165, spozn\u00e1va\u0165 in\u00e9 kult\u00fary a vytv\u00e1ra\u0165 medzin\u00e1rodn\u00e9 priate\u013estv\u00e1.<\/span><\/p><p><span style=\"font-weight: 400;\">Na\u0161i partneri:<\/span><\/p><p><span style=\"font-weight: 400;\">Association of Young Psychologists in Bulgaria &#8222;4th April&#8220;- Bulharsko<\/span><\/p><p><span style=\"font-weight: 400;\">Istanbul Aile ve Sosyal Hizmetler Il Mudurlugu- Turecko<\/span><\/p><p><span style=\"font-weight: 400;\">Coda di Lupo- Taliansko<\/span><\/p><p><span style=\"font-weight: 400;\">Young Initiative z.s.- \u010cesk\u00e1 republika<\/span><\/p><p><span style=\"font-weight: 400;\">ASOCIACI\u00d3N CON RUMBO PROPIO- \u0160panielsko<\/span><\/p><p><span style=\"font-weight: 400;\">ASSOCIATION FOR ENVIRONMENTAL PROTECTION- Severn\u00e9 Maced\u00f3nsko<\/span><\/p><p><span style=\"font-weight: 400;\">\u00a0<\/span><\/p><p><span style=\"font-weight: 400;\">\u2014&#8212;&#8212;&#8212;&#8212;&#8212;&#8212;&#8212;&#8212;&#8212;&#8212;&#8212;&#8212;&#8212;&#8212;&#8212;&#8212;&#8212;&#8212;&#8212;&#8212;&#8212;&#8212;&#8212;&#8212;&#8212;&#8212;&#8212;&#8212;&#8212;&#8212;&#8212;&#8212;&#8212;&#8212;&#8212;&#8212;&#8212;&#8212;&#8212;&#8212;&#8212;&#8212;&#8212;&#8212;&#8212;&#8212;&#8212;&#8212;&#8212;&#8212;&#8212;&#8212;&#8211;<\/span><\/p><p><span style=\"font-weight: 400;\">\u00a0<\/span><\/p><p><span style=\"font-weight: 400;\">A total of 42 participants from 7 countries (Spain, Italy, Turkey, North Macedonia, Bulgaria, Czech Republic and Slovakia) took part in the youth exchange entitled Wellbeing of youth in the digital age. The youth exchange took place in Trnava from 11-17. The aim of the project was to broaden the knowledge and horizons of young people, to open their minds, to learn new things and to experience intercultural exchange.An important element was not only intercultural learning, but also physical development (yoga, walks\/tourism) as part of well-being. During the activity, participants were able to: &#8211; share their stories, experiences, ideas or problems, learn new methods of relaxation techniques, by meeting young people from completely different parts of the world, and understand that mental health and the problems associated with it are part of every young person&#8217;s life.<\/span><\/p><p><span style=\"font-weight: 400;\">In terms of specific activities, participants had the opportunity to try out different tools to maintain wellbeing. All information was given to the participants through non-formal education. They learned how to implement mindful eating, meditation, exercise, music, how to be aware of what we have and be grateful for it, what it means to love ourselves and others in our daily lives. We participated in a workshop prepared by the psychological center IPcko, where we had a workshop with a psychologist on mental health and social networks.\u00a0<\/span><\/p><p><span style=\"font-weight: 400;\">Participants then worked on creating a plan for how to use social media effectively and reduce the time they spend on it. They created a 10-step plan that they can use in their daily lives.<\/span><\/p><p><span style=\"font-weight: 400;\">At the end of the project, participants created a brochure that included tips on self-care, how to confront social pressure, how to deal with bullying, eating disorders, and understanding without judging.\u00a0<\/span><\/p><p><span style=\"font-weight: 400;\">The project was supported by a grant from the European Commission (this is the Erasmus+ programme) and the youth organisation Iuventa. Similar youth exchanges are being implemented across Europe and are especially aimed at young people with a lack of opportunities. As the projects are covered by grants, young people are entitled to participate for free. They improve their skills, knowledge of the subject, have the opportunity to communicate in a foreign language, travel, experience other cultures and build international friendships.<\/span><\/p><p><span style=\"font-weight: 400;\">Our partners:<\/span><\/p><p><span style=\"font-weight: 400;\">Association of Young Psychologists in Bulgaria &#8222;4th April&#8220;- Bulgaria<\/span><\/p><p><span style=\"font-weight: 400;\">Istanbul Aile ve Sosyal Hizmetler Il Mudurlugu- Turkey<\/span><\/p><p><span style=\"font-weight: 400;\">Coda di Lupo- Italy<\/span><\/p><p><span style=\"font-weight: 400;\">Young Initiative z.s.- Czech republic<\/span><\/p><p><span style=\"font-weight: 400;\">ASOCIACI\u00d3N CON RUMBO PROPIO- Spain<\/span><\/p><p><span style=\"font-weight: 400;\">ASSOCIATION FOR ENVIRONMENTAL PROTECTION- North Macedonia<\/span><\/p><p><span style=\"font-weight: 400;\">\u00a0<\/span><\/p><p><i>This project was funded under the Erasmus+ program.<\/i><span style=\"font-weight: 400;\"><br \/><\/span><\/p>\t\t\t\t\t\t\t\t<\/div>\n\t\t\t\t<\/div>\n\t\t\t\t\t<\/div>\n\t\t<\/div>\n\t\t\t\t\t<\/div>\n\t\t<\/section>\n\t\t\t\t<section class=\"elementor-section elementor-top-section elementor-element elementor-element-3565ad7 elementor-section-boxed elementor-section-height-default elementor-section-height-default\" data-id=\"3565ad7\" data-element_type=\"section\" data-e-type=\"section\">\n\t\t\t\t\t\t<div class=\"elementor-container elementor-column-gap-default\">\n\t\t\t\t\t<div class=\"elementor-column elementor-col-20 elementor-top-column elementor-element elementor-element-354ca48\" data-id=\"354ca48\" data-element_type=\"column\" data-e-type=\"column\">\n\t\t\t<div class=\"elementor-widget-wrap elementor-element-populated\">\n\t\t\t\t\t\t<div class=\"elementor-element elementor-element-8c21651 elementor-widget elementor-widget-image\" data-id=\"8c21651\" data-element_type=\"widget\" data-e-type=\"widget\" data-widget_type=\"image.default\">\n\t\t\t\t<div class=\"elementor-widget-container\">\n\t\t\t\t\t\t\t\t\t\t\t\t\t\t\t<img fetchpriority=\"high\" decoding=\"async\" width=\"1024\" height=\"473\" src=\"https:\/\/www.youthforequality.sk\/wp-content\/uploads\/2023\/11\/4dbb3c1f-ecce-45cc-89e8-57cd4515e738-1024x473.jpg\" class=\"attachment-large size-large wp-image-6232\" alt=\"\" srcset=\"https:\/\/www.youthforequality.sk\/wp-content\/uploads\/2023\/11\/4dbb3c1f-ecce-45cc-89e8-57cd4515e738-1024x473.jpg 1024w, https:\/\/www.youthforequality.sk\/wp-content\/uploads\/2023\/11\/4dbb3c1f-ecce-45cc-89e8-57cd4515e738-300x139.jpg 300w, https:\/\/www.youthforequality.sk\/wp-content\/uploads\/2023\/11\/4dbb3c1f-ecce-45cc-89e8-57cd4515e738-768x355.jpg 768w, https:\/\/www.youthforequality.sk\/wp-content\/uploads\/2023\/11\/4dbb3c1f-ecce-45cc-89e8-57cd4515e738-1536x709.jpg 1536w, https:\/\/www.youthforequality.sk\/wp-content\/uploads\/2023\/11\/4dbb3c1f-ecce-45cc-89e8-57cd4515e738.jpg 1600w\" sizes=\"(max-width: 1024px) 100vw, 1024px\" \/>\t\t\t\t\t\t\t\t\t\t\t\t\t\t\t<\/div>\n\t\t\t\t<\/div>\n\t\t\t\t\t<\/div>\n\t\t<\/div>\n\t\t\t\t<div class=\"elementor-column elementor-col-20 elementor-top-column elementor-element elementor-element-f9b7bf3\" data-id=\"f9b7bf3\" data-element_type=\"column\" data-e-type=\"column\">\n\t\t\t<div class=\"elementor-widget-wrap elementor-element-populated\">\n\t\t\t\t\t\t<div class=\"elementor-element elementor-element-3735ebe elementor-widget elementor-widget-image\" data-id=\"3735ebe\" data-element_type=\"widget\" data-e-type=\"widget\" data-widget_type=\"image.default\">\n\t\t\t\t<div class=\"elementor-widget-container\">\n\t\t\t\t\t\t\t\t\t\t\t\t\t\t\t<img decoding=\"async\" width=\"768\" height=\"1024\" src=\"https:\/\/www.youthforequality.sk\/wp-content\/uploads\/2023\/11\/IMG_3933-768x1024.jpg\" class=\"attachment-large size-large wp-image-6281\" alt=\"\" srcset=\"https:\/\/www.youthforequality.sk\/wp-content\/uploads\/2023\/11\/IMG_3933-768x1024.jpg 768w, https:\/\/www.youthforequality.sk\/wp-content\/uploads\/2023\/11\/IMG_3933-225x300.jpg 225w, https:\/\/www.youthforequality.sk\/wp-content\/uploads\/2023\/11\/IMG_3933-1152x1536.jpg 1152w, https:\/\/www.youthforequality.sk\/wp-content\/uploads\/2023\/11\/IMG_3933-1536x2048.jpg 1536w, https:\/\/www.youthforequality.sk\/wp-content\/uploads\/2023\/11\/IMG_3933-scaled.jpg 1920w\" sizes=\"(max-width: 768px) 100vw, 768px\" \/>\t\t\t\t\t\t\t\t\t\t\t\t\t\t\t<\/div>\n\t\t\t\t<\/div>\n\t\t\t\t\t<\/div>\n\t\t<\/div>\n\t\t\t\t<div class=\"elementor-column elementor-col-20 elementor-top-column elementor-element elementor-element-911f847\" data-id=\"911f847\" data-element_type=\"column\" data-e-type=\"column\">\n\t\t\t<div class=\"elementor-widget-wrap elementor-element-populated\">\n\t\t\t\t\t\t<div class=\"elementor-element elementor-element-dd892ab elementor-widget elementor-widget-image\" data-id=\"dd892ab\" data-element_type=\"widget\" data-e-type=\"widget\" data-widget_type=\"image.default\">\n\t\t\t\t<div class=\"elementor-widget-container\">\n\t\t\t\t\t\t\t\t\t\t\t\t\t\t\t<img decoding=\"async\" width=\"768\" height=\"1024\" src=\"https:\/\/www.youthforequality.sk\/wp-content\/uploads\/2023\/11\/IMG_3927-768x1024.jpg\" class=\"attachment-large size-large wp-image-6279\" alt=\"\" srcset=\"https:\/\/www.youthforequality.sk\/wp-content\/uploads\/2023\/11\/IMG_3927-768x1024.jpg 768w, https:\/\/www.youthforequality.sk\/wp-content\/uploads\/2023\/11\/IMG_3927-225x300.jpg 225w, https:\/\/www.youthforequality.sk\/wp-content\/uploads\/2023\/11\/IMG_3927-1152x1536.jpg 1152w, https:\/\/www.youthforequality.sk\/wp-content\/uploads\/2023\/11\/IMG_3927-1536x2048.jpg 1536w, https:\/\/www.youthforequality.sk\/wp-content\/uploads\/2023\/11\/IMG_3927-scaled.jpg 1920w\" sizes=\"(max-width: 768px) 100vw, 768px\" \/>\t\t\t\t\t\t\t\t\t\t\t\t\t\t\t<\/div>\n\t\t\t\t<\/div>\n\t\t\t\t\t<\/div>\n\t\t<\/div>\n\t\t\t\t<div class=\"elementor-column elementor-col-20 elementor-top-column elementor-element elementor-element-4c0210d\" data-id=\"4c0210d\" data-element_type=\"column\" data-e-type=\"column\">\n\t\t\t<div class=\"elementor-widget-wrap elementor-element-populated\">\n\t\t\t\t\t\t<div class=\"elementor-element elementor-element-3a89bcd elementor-widget elementor-widget-image\" data-id=\"3a89bcd\" data-element_type=\"widget\" data-e-type=\"widget\" data-widget_type=\"image.default\">\n\t\t\t\t<div class=\"elementor-widget-container\">\n\t\t\t\t\t\t\t\t\t\t\t\t\t\t\t<img loading=\"lazy\" decoding=\"async\" width=\"768\" height=\"1024\" src=\"https:\/\/www.youthforequality.sk\/wp-content\/uploads\/2023\/11\/7.Health-on-the-plate-768x1024.jpg\" class=\"attachment-large size-large wp-image-6278\" alt=\"\" srcset=\"https:\/\/www.youthforequality.sk\/wp-content\/uploads\/2023\/11\/7.Health-on-the-plate-768x1024.jpg 768w, https:\/\/www.youthforequality.sk\/wp-content\/uploads\/2023\/11\/7.Health-on-the-plate-225x300.jpg 225w, https:\/\/www.youthforequality.sk\/wp-content\/uploads\/2023\/11\/7.Health-on-the-plate-1152x1536.jpg 1152w, https:\/\/www.youthforequality.sk\/wp-content\/uploads\/2023\/11\/7.Health-on-the-plate-1536x2048.jpg 1536w, https:\/\/www.youthforequality.sk\/wp-content\/uploads\/2023\/11\/7.Health-on-the-plate-scaled.jpg 1920w\" sizes=\"(max-width: 768px) 100vw, 768px\" \/>\t\t\t\t\t\t\t\t\t\t\t\t\t\t\t<\/div>\n\t\t\t\t<\/div>\n\t\t\t\t\t<\/div>\n\t\t<\/div>\n\t\t\t\t<div class=\"elementor-column elementor-col-20 elementor-top-column elementor-element elementor-element-0dea445\" data-id=\"0dea445\" data-element_type=\"column\" data-e-type=\"column\">\n\t\t\t<div class=\"elementor-widget-wrap elementor-element-populated\">\n\t\t\t\t\t\t<div class=\"elementor-element elementor-element-cf11365 elementor-widget elementor-widget-image\" data-id=\"cf11365\" data-element_type=\"widget\" data-e-type=\"widget\" data-widget_type=\"image.default\">\n\t\t\t\t<div class=\"elementor-widget-container\">\n\t\t\t\t\t\t\t\t\t\t\t\t\t\t\t<img loading=\"lazy\" decoding=\"async\" width=\"768\" height=\"1024\" src=\"https:\/\/www.youthforequality.sk\/wp-content\/uploads\/2023\/11\/2.-Understanding-the-erasmus-possibilities-768x1024.jpg\" class=\"attachment-large size-large wp-image-6277\" alt=\"\" srcset=\"https:\/\/www.youthforequality.sk\/wp-content\/uploads\/2023\/11\/2.-Understanding-the-erasmus-possibilities-768x1024.jpg 768w, https:\/\/www.youthforequality.sk\/wp-content\/uploads\/2023\/11\/2.-Understanding-the-erasmus-possibilities-225x300.jpg 225w, https:\/\/www.youthforequality.sk\/wp-content\/uploads\/2023\/11\/2.-Understanding-the-erasmus-possibilities-1152x1536.jpg 1152w, https:\/\/www.youthforequality.sk\/wp-content\/uploads\/2023\/11\/2.-Understanding-the-erasmus-possibilities-1536x2048.jpg 1536w, https:\/\/www.youthforequality.sk\/wp-content\/uploads\/2023\/11\/2.-Understanding-the-erasmus-possibilities-scaled.jpg 1920w\" sizes=\"(max-width: 768px) 100vw, 768px\" \/>\t\t\t\t\t\t\t\t\t\t\t\t\t\t\t<\/div>\n\t\t\t\t<\/div>\n\t\t\t\t\t<\/div>\n\t\t<\/div>\n\t\t\t\t\t<\/div>\n\t\t<\/section>\n\t\t\t\t<section class=\"elementor-section elementor-top-section elementor-element elementor-element-4631834 elementor-section-boxed elementor-section-height-default elementor-section-height-default\" data-id=\"4631834\" data-element_type=\"section\" data-e-type=\"section\">\n\t\t\t\t\t\t<div class=\"elementor-container elementor-column-gap-default\">\n\t\t\t\t\t<div class=\"elementor-column elementor-col-100 elementor-top-column elementor-element elementor-element-852132b\" data-id=\"852132b\" data-element_type=\"column\" data-e-type=\"column\">\n\t\t\t<div class=\"elementor-widget-wrap elementor-element-populated\">\n\t\t\t\t\t\t<div class=\"elementor-element elementor-element-402747b elementor-widget elementor-widget-video\" data-id=\"402747b\" data-element_type=\"widget\" data-e-type=\"widget\" data-settings=\"{&quot;video_type&quot;:&quot;hosted&quot;,&quot;controls&quot;:&quot;yes&quot;}\" data-widget_type=\"video.default\">\n\t\t\t\t<div class=\"elementor-widget-container\">\n\t\t\t\t\t\t\t<div class=\"e-hosted-video elementor-wrapper elementor-open-inline\">\n\t\t\t\t\t<video class=\"elementor-video\" src=\"https:\/\/www.youthforequality.sk\/wp-content\/uploads\/2023\/11\/Selflove-video.mov\" controls=\"\" preload=\"metadata\" controlsList=\"nodownload\"><\/video>\n\t\t\t\t<\/div>\n\t\t\t\t\t\t<\/div>\n\t\t\t\t<\/div>\n\t\t\t\t\t<\/div>\n\t\t<\/div>\n\t\t\t\t\t<\/div>\n\t\t<\/section>\n\t\t\t\t<section class=\"elementor-section elementor-top-section elementor-element elementor-element-46c84d7 elementor-section-boxed elementor-section-height-default elementor-section-height-default\" data-id=\"46c84d7\" data-element_type=\"section\" data-e-type=\"section\">\n\t\t\t\t\t\t<div class=\"elementor-container elementor-column-gap-default\">\n\t\t\t\t\t<div class=\"elementor-column elementor-col-100 elementor-top-column elementor-element elementor-element-8047e21\" data-id=\"8047e21\" data-element_type=\"column\" data-e-type=\"column\">\n\t\t\t<div class=\"elementor-widget-wrap elementor-element-populated\">\n\t\t\t\t\t\t<div class=\"elementor-element elementor-element-d7e6ef4 elementor-widget elementor-widget-image\" data-id=\"d7e6ef4\" data-element_type=\"widget\" data-e-type=\"widget\" data-widget_type=\"image.default\">\n\t\t\t\t<div class=\"elementor-widget-container\">\n\t\t\t\t\t\t\t\t\t\t\t\t\t\t\t<img loading=\"lazy\" decoding=\"async\" width=\"300\" height=\"64\" src=\"https:\/\/www.youthforequality.sk\/wp-content\/uploads\/2023\/03\/Erasmus-logo-color-300x64.png\" class=\"attachment-medium size-medium wp-image-6526\" alt=\"\" srcset=\"https:\/\/www.youthforequality.sk\/wp-content\/uploads\/2023\/03\/Erasmus-logo-color-300x64.png 300w, https:\/\/www.youthforequality.sk\/wp-content\/uploads\/2023\/03\/Erasmus-logo-color-1024x218.png 1024w, https:\/\/www.youthforequality.sk\/wp-content\/uploads\/2023\/03\/Erasmus-logo-color-768x164.png 768w, https:\/\/www.youthforequality.sk\/wp-content\/uploads\/2023\/03\/Erasmus-logo-color-1536x327.png 1536w, https:\/\/www.youthforequality.sk\/wp-content\/uploads\/2023\/03\/Erasmus-logo-color.png 1779w\" sizes=\"(max-width: 300px) 100vw, 300px\" \/>\t\t\t\t\t\t\t\t\t\t\t\t\t\t\t<\/div>\n\t\t\t\t<\/div>\n\t\t\t\t\t<\/div>\n\t\t<\/div>\n\t\t\t\t\t<\/div>\n\t\t<\/section>\n\t\t\t\t<section class=\"elementor-section elementor-top-section elementor-element elementor-element-f8325ca elementor-section-boxed elementor-section-height-default elementor-section-height-default\" data-id=\"f8325ca\" data-element_type=\"section\" data-e-type=\"section\">\n\t\t\t\t\t\t<div class=\"elementor-container elementor-column-gap-default\">\n\t\t\t\t\t<div class=\"elementor-column elementor-col-100 elementor-top-column elementor-element elementor-element-2214c23\" data-id=\"2214c23\" data-element_type=\"column\" data-e-type=\"column\">\n\t\t\t<div class=\"elementor-widget-wrap elementor-element-populated\">\n\t\t\t\t\t\t<div class=\"elementor-element elementor-element-d12c1d5 elementor-widget elementor-widget-image\" data-id=\"d12c1d5\" data-element_type=\"widget\" data-e-type=\"widget\" data-widget_type=\"image.default\">\n\t\t\t\t<div class=\"elementor-widget-container\">\n\t\t\t\t\t\t\t\t\t\t\t\t\t\t\t<img loading=\"lazy\" decoding=\"async\" width=\"300\" height=\"63\" src=\"https:\/\/www.youthforequality.sk\/wp-content\/uploads\/2023\/10\/EN-Co-funded-by-the-EU_POS-300x63.jpg\" class=\"attachment-medium size-medium wp-image-6940\" alt=\"\" srcset=\"https:\/\/www.youthforequality.sk\/wp-content\/uploads\/2023\/10\/EN-Co-funded-by-the-EU_POS-300x63.jpg 300w, https:\/\/www.youthforequality.sk\/wp-content\/uploads\/2023\/10\/EN-Co-funded-by-the-EU_POS-1024x215.jpg 1024w, https:\/\/www.youthforequality.sk\/wp-content\/uploads\/2023\/10\/EN-Co-funded-by-the-EU_POS-768x161.jpg 768w, https:\/\/www.youthforequality.sk\/wp-content\/uploads\/2023\/10\/EN-Co-funded-by-the-EU_POS-1536x322.jpg 1536w, https:\/\/www.youthforequality.sk\/wp-content\/uploads\/2023\/10\/EN-Co-funded-by-the-EU_POS-2048x430.jpg 2048w\" sizes=\"(max-width: 300px) 100vw, 300px\" \/>\t\t\t\t\t\t\t\t\t\t\t\t\t\t\t<\/div>\n\t\t\t\t<\/div>\n\t\t\t\t\t<\/div>\n\t\t<\/div>\n\t\t\t\t\t<\/div>\n\t\t<\/section>\n\t\t\t\t<section class=\"elementor-section elementor-top-section elementor-element elementor-element-b368c24 elementor-section-boxed elementor-section-height-default elementor-section-height-default\" data-id=\"b368c24\" data-element_type=\"section\" data-e-type=\"section\">\n\t\t\t\t\t\t<div class=\"elementor-container elementor-column-gap-default\">\n\t\t\t\t\t<div class=\"elementor-column elementor-col-100 elementor-top-column elementor-element elementor-element-e57725d\" data-id=\"e57725d\" data-element_type=\"column\" data-e-type=\"column\">\n\t\t\t<div class=\"elementor-widget-wrap elementor-element-populated\">\n\t\t\t\t\t\t<div class=\"elementor-element elementor-element-77ac779 elementor-widget elementor-widget-pdf_viewer\" data-id=\"77ac779\" data-element_type=\"widget\" data-e-type=\"widget\" data-widget_type=\"pdf_viewer.default\">\n\t\t\t\t<div class=\"elementor-widget-container\">\n\t\t\t\t\t<iframe src=\"https:\/\/docs.google.com\/viewer?url=https:\/\/www.youthforequality.sk\/wp-content\/uploads\/2023\/11\/Brochure-Mental-Health-and-Well-being.pdf&amp;embedded=true\" style=\"display: block; margin-left: auto; margin-right: auto; width: 640px; height: 1020px;\" frameborder=\"1\" marginheight=\"0px\" marginwidth=\"0px\" allowfullscreen><\/iframe>\t\t\t\t<\/div>\n\t\t\t\t<\/div>\n\t\t\t\t\t<\/div>\n\t\t<\/div>\n\t\t\t\t\t<\/div>\n\t\t<\/section>\n\t\t\t\t<\/div>\n\t\t","protected":false},"excerpt":{"rendered":"<p>Na ml\u00e1de\u017en\u00edckej v\u00fdmene s n\u00e1zvom Wellbeing of youth in the digital age sa z\u00fa\u010dastnilo dokopy 42 \u00fa\u010dastn\u00edkov zo 7 kraj\u00edn(\u0160panielsko, Taliansko, Turecko, Severn\u00e1 Maced\u00f3nia, Bulharsko, \u010cesko a Slovensko). Ml\u00e1de\u017en\u00edcka v\u00fdmena sa konala v Trnave v d\u0148och 11-17. Okt\u00f3ber 2023. Cie\u013eom projektu bolo roz\u0161\u00edri\u0165 vedomosti a obzory mlad\u00fdch \u013eud\u00ed, otvori\u0165 ich myse\u013e, nau\u010di\u0165 sa nov\u00e9 veci&hellip;&nbsp;<a href=\"https:\/\/www.youthforequality.sk\/index.php\/2023\/11\/16\/wellbeing-of-youth-in-the-digital-age\/\" class=\"\" rel=\"bookmark\">\u010c\u00edta\u0165 viac &raquo;<span class=\"screen-reader-text\">Wellbeing of you(th) in the digital age<\/span><\/a><\/p>\n","protected":false},"author":7,"featured_media":6229,"comment_status":"closed","ping_status":"open","sticky":false,"template":"","format":"standard","meta":{"_uf_show_specific_survey":0,"_uf_disable_surveys":false,"neve_meta_sidebar":"","neve_meta_container":"","neve_meta_enable_content_width":"off","neve_meta_content_width":70,"neve_meta_title_alignment":"","neve_meta_author_avatar":"","neve_post_elements_order":"","neve_meta_disable_header":"","neve_meta_disable_footer":"","neve_meta_disable_title":"","_themeisle_gutenberg_block_has_review":false,"footnotes":""},"categories":[22],"tags":[],"class_list":["post-6223","post","type-post","status-publish","format-standard","has-post-thumbnail","hentry","category-mladeznicke-projekty"],"yoast_head":"<!-- This site is optimized with the Yoast SEO plugin v27.4 - https:\/\/yoast.com\/product\/yoast-seo-wordpress\/ -->\n<title>Wellbeing of you(th) in the digital age |<\/title>\n<meta name=\"robots\" content=\"index, follow, max-snippet:-1, max-image-preview:large, max-video-preview:-1\" \/>\n<link rel=\"canonical\" href=\"https:\/\/www.youthforequality.sk\/index.php\/2023\/11\/16\/wellbeing-of-youth-in-the-digital-age\/\" \/>\n<meta property=\"og:locale\" content=\"sk_SK\" \/>\n<meta property=\"og:type\" content=\"article\" \/>\n<meta property=\"og:title\" content=\"Wellbeing of you(th) in the digital age |\" \/>\n<meta property=\"og:description\" content=\"Na ml\u00e1de\u017en\u00edckej v\u00fdmene s n\u00e1zvom Wellbeing of youth in the digital age sa z\u00fa\u010dastnilo dokopy 42 \u00fa\u010dastn\u00edkov zo 7 kraj\u00edn(\u0160panielsko, Taliansko, Turecko, Severn\u00e1 Maced\u00f3nia, Bulharsko, \u010cesko a Slovensko). Ml\u00e1de\u017en\u00edcka v\u00fdmena sa konala v Trnave v d\u0148och 11-17. Okt\u00f3ber 2023. Cie\u013eom projektu bolo roz\u0161\u00edri\u0165 vedomosti a obzory mlad\u00fdch \u013eud\u00ed, otvori\u0165 ich myse\u013e, nau\u010di\u0165 sa nov\u00e9 veci&hellip;&nbsp;\u010c\u00edta\u0165 viac &raquo;Wellbeing of you(th) in the digital age\" \/>\n<meta property=\"og:url\" content=\"https:\/\/www.youthforequality.sk\/index.php\/2023\/11\/16\/wellbeing-of-youth-in-the-digital-age\/\" \/>\n<meta property=\"article:publisher\" content=\"https:\/\/www.facebook.com\/yeslovakia\" \/>\n<meta property=\"article:published_time\" content=\"2023-11-16T10:55:16+00:00\" \/>\n<meta property=\"article:modified_time\" content=\"2024-05-07T14:13:26+00:00\" \/>\n<meta property=\"og:image\" content=\"https:\/\/www.youthforequality.sk\/wp-content\/uploads\/2023\/11\/wellbeing-YE-banner-1024x728.png\" \/>\n\t<meta property=\"og:image:width\" content=\"1024\" \/>\n\t<meta property=\"og:image:height\" content=\"728\" \/>\n\t<meta property=\"og:image:type\" content=\"image\/png\" \/>\n<meta name=\"author\" content=\"Silvia Jasenecova\" \/>\n<meta name=\"twitter:card\" content=\"summary_large_image\" \/>\n<meta name=\"twitter:label1\" content=\"Autor\" \/>\n\t<meta name=\"twitter:data1\" content=\"Silvia Jasenecova\" \/>\n\t<meta name=\"twitter:label2\" content=\"Predpokladan\u00fd \u010das \u010d\u00edtania\" \/>\n\t<meta name=\"twitter:data2\" content=\"5 min\u00fat\" \/>\n<script type=\"application\/ld+json\" class=\"yoast-schema-graph\">{\"@context\":\"https:\\\/\\\/schema.org\",\"@graph\":[{\"@type\":\"Article\",\"@id\":\"https:\\\/\\\/www.youthforequality.sk\\\/index.php\\\/2023\\\/11\\\/16\\\/wellbeing-of-youth-in-the-digital-age\\\/#article\",\"isPartOf\":{\"@id\":\"https:\\\/\\\/www.youthforequality.sk\\\/index.php\\\/2023\\\/11\\\/16\\\/wellbeing-of-youth-in-the-digital-age\\\/\"},\"author\":{\"name\":\"Silvia Jasenecova\",\"@id\":\"https:\\\/\\\/www.youthforequality.sk\\\/#\\\/schema\\\/person\\\/d342f25e638d824527d3b78bbfb97324\"},\"headline\":\"Wellbeing of you(th) in the digital age\",\"datePublished\":\"2023-11-16T10:55:16+00:00\",\"dateModified\":\"2024-05-07T14:13:26+00:00\",\"mainEntityOfPage\":{\"@id\":\"https:\\\/\\\/www.youthforequality.sk\\\/index.php\\\/2023\\\/11\\\/16\\\/wellbeing-of-youth-in-the-digital-age\\\/\"},\"wordCount\":943,\"publisher\":{\"@id\":\"https:\\\/\\\/www.youthforequality.sk\\\/#organization\"},\"image\":{\"@id\":\"https:\\\/\\\/www.youthforequality.sk\\\/index.php\\\/2023\\\/11\\\/16\\\/wellbeing-of-youth-in-the-digital-age\\\/#primaryimage\"},\"thumbnailUrl\":\"https:\\\/\\\/www.youthforequality.sk\\\/wp-content\\\/uploads\\\/2023\\\/11\\\/wellbeing-YE-banner.png\",\"articleSection\":[\"Ml\u00e1de\u017en\u00edcke projekty - predo\u0161l\u00e9 projekty\"],\"inLanguage\":\"sk-SK\"},{\"@type\":\"WebPage\",\"@id\":\"https:\\\/\\\/www.youthforequality.sk\\\/index.php\\\/2023\\\/11\\\/16\\\/wellbeing-of-youth-in-the-digital-age\\\/\",\"url\":\"https:\\\/\\\/www.youthforequality.sk\\\/index.php\\\/2023\\\/11\\\/16\\\/wellbeing-of-youth-in-the-digital-age\\\/\",\"name\":\"Wellbeing of you(th) in the digital age |\",\"isPartOf\":{\"@id\":\"https:\\\/\\\/www.youthforequality.sk\\\/#website\"},\"primaryImageOfPage\":{\"@id\":\"https:\\\/\\\/www.youthforequality.sk\\\/index.php\\\/2023\\\/11\\\/16\\\/wellbeing-of-youth-in-the-digital-age\\\/#primaryimage\"},\"image\":{\"@id\":\"https:\\\/\\\/www.youthforequality.sk\\\/index.php\\\/2023\\\/11\\\/16\\\/wellbeing-of-youth-in-the-digital-age\\\/#primaryimage\"},\"thumbnailUrl\":\"https:\\\/\\\/www.youthforequality.sk\\\/wp-content\\\/uploads\\\/2023\\\/11\\\/wellbeing-YE-banner.png\",\"datePublished\":\"2023-11-16T10:55:16+00:00\",\"dateModified\":\"2024-05-07T14:13:26+00:00\",\"breadcrumb\":{\"@id\":\"https:\\\/\\\/www.youthforequality.sk\\\/index.php\\\/2023\\\/11\\\/16\\\/wellbeing-of-youth-in-the-digital-age\\\/#breadcrumb\"},\"inLanguage\":\"sk-SK\",\"potentialAction\":[{\"@type\":\"ReadAction\",\"target\":[\"https:\\\/\\\/www.youthforequality.sk\\\/index.php\\\/2023\\\/11\\\/16\\\/wellbeing-of-youth-in-the-digital-age\\\/\"]}]},{\"@type\":\"ImageObject\",\"inLanguage\":\"sk-SK\",\"@id\":\"https:\\\/\\\/www.youthforequality.sk\\\/index.php\\\/2023\\\/11\\\/16\\\/wellbeing-of-youth-in-the-digital-age\\\/#primaryimage\",\"url\":\"https:\\\/\\\/www.youthforequality.sk\\\/wp-content\\\/uploads\\\/2023\\\/11\\\/wellbeing-YE-banner.png\",\"contentUrl\":\"https:\\\/\\\/www.youthforequality.sk\\\/wp-content\\\/uploads\\\/2023\\\/11\\\/wellbeing-YE-banner.png\",\"width\":1672,\"height\":1188},{\"@type\":\"BreadcrumbList\",\"@id\":\"https:\\\/\\\/www.youthforequality.sk\\\/index.php\\\/2023\\\/11\\\/16\\\/wellbeing-of-youth-in-the-digital-age\\\/#breadcrumb\",\"itemListElement\":[{\"@type\":\"ListItem\",\"position\":1,\"name\":\"Home\",\"item\":\"https:\\\/\\\/www.youthforequality.sk\\\/\"},{\"@type\":\"ListItem\",\"position\":2,\"name\":\"Wellbeing of you(th) in the digital age\"}]},{\"@type\":\"WebSite\",\"@id\":\"https:\\\/\\\/www.youthforequality.sk\\\/#website\",\"url\":\"https:\\\/\\\/www.youthforequality.sk\\\/\",\"name\":\"\",\"description\":\"\",\"publisher\":{\"@id\":\"https:\\\/\\\/www.youthforequality.sk\\\/#organization\"},\"potentialAction\":[{\"@type\":\"SearchAction\",\"target\":{\"@type\":\"EntryPoint\",\"urlTemplate\":\"https:\\\/\\\/www.youthforequality.sk\\\/?s={search_term_string}\"},\"query-input\":{\"@type\":\"PropertyValueSpecification\",\"valueRequired\":true,\"valueName\":\"search_term_string\"}}],\"inLanguage\":\"sk-SK\"},{\"@type\":\"Organization\",\"@id\":\"https:\\\/\\\/www.youthforequality.sk\\\/#organization\",\"name\":\"Youth for Equality\",\"url\":\"https:\\\/\\\/www.youthforequality.sk\\\/\",\"logo\":{\"@type\":\"ImageObject\",\"inLanguage\":\"sk-SK\",\"@id\":\"https:\\\/\\\/www.youthforequality.sk\\\/#\\\/schema\\\/logo\\\/image\\\/\",\"url\":\"https:\\\/\\\/www.youthforequality.sk\\\/wp-content\\\/uploads\\\/2021\\\/01\\\/vynovene-logo-nove-farby_modra-na-web.png\",\"contentUrl\":\"https:\\\/\\\/www.youthforequality.sk\\\/wp-content\\\/uploads\\\/2021\\\/01\\\/vynovene-logo-nove-farby_modra-na-web.png\",\"width\":1,\"height\":1,\"caption\":\"Youth for Equality\"},\"image\":{\"@id\":\"https:\\\/\\\/www.youthforequality.sk\\\/#\\\/schema\\\/logo\\\/image\\\/\"},\"sameAs\":[\"https:\\\/\\\/www.facebook.com\\\/yeslovakia\"]},{\"@type\":\"Person\",\"@id\":\"https:\\\/\\\/www.youthforequality.sk\\\/#\\\/schema\\\/person\\\/d342f25e638d824527d3b78bbfb97324\",\"name\":\"Silvia Jasenecova\",\"image\":{\"@type\":\"ImageObject\",\"inLanguage\":\"sk-SK\",\"@id\":\"https:\\\/\\\/secure.gravatar.com\\\/avatar\\\/43a8960df19336b9cc573e7be97a8f9c2f855c68a8e7248718d7ba5b039477bb?s=96&d=mm&r=g\",\"url\":\"https:\\\/\\\/secure.gravatar.com\\\/avatar\\\/43a8960df19336b9cc573e7be97a8f9c2f855c68a8e7248718d7ba5b039477bb?s=96&d=mm&r=g\",\"contentUrl\":\"https:\\\/\\\/secure.gravatar.com\\\/avatar\\\/43a8960df19336b9cc573e7be97a8f9c2f855c68a8e7248718d7ba5b039477bb?s=96&d=mm&r=g\",\"caption\":\"Silvia Jasenecova\"},\"url\":\"https:\\\/\\\/www.youthforequality.sk\\\/index.php\\\/author\\\/natalier\\\/\"}]}<\/script>\n<!-- \/ Yoast SEO plugin. -->","yoast_head_json":{"title":"Wellbeing of you(th) in the digital age |","robots":{"index":"index","follow":"follow","max-snippet":"max-snippet:-1","max-image-preview":"max-image-preview:large","max-video-preview":"max-video-preview:-1"},"canonical":"https:\/\/www.youthforequality.sk\/index.php\/2023\/11\/16\/wellbeing-of-youth-in-the-digital-age\/","og_locale":"sk_SK","og_type":"article","og_title":"Wellbeing of you(th) in the digital age |","og_description":"Na ml\u00e1de\u017en\u00edckej v\u00fdmene s n\u00e1zvom Wellbeing of youth in the digital age sa z\u00fa\u010dastnilo dokopy 42 \u00fa\u010dastn\u00edkov zo 7 kraj\u00edn(\u0160panielsko, Taliansko, Turecko, Severn\u00e1 Maced\u00f3nia, Bulharsko, \u010cesko a Slovensko). Ml\u00e1de\u017en\u00edcka v\u00fdmena sa konala v Trnave v d\u0148och 11-17. Okt\u00f3ber 2023. Cie\u013eom projektu bolo roz\u0161\u00edri\u0165 vedomosti a obzory mlad\u00fdch \u013eud\u00ed, otvori\u0165 ich myse\u013e, nau\u010di\u0165 sa nov\u00e9 veci&hellip;&nbsp;\u010c\u00edta\u0165 viac &raquo;Wellbeing of you(th) in the digital age","og_url":"https:\/\/www.youthforequality.sk\/index.php\/2023\/11\/16\/wellbeing-of-youth-in-the-digital-age\/","article_publisher":"https:\/\/www.facebook.com\/yeslovakia","article_published_time":"2023-11-16T10:55:16+00:00","article_modified_time":"2024-05-07T14:13:26+00:00","og_image":[{"width":1024,"height":728,"url":"https:\/\/www.youthforequality.sk\/wp-content\/uploads\/2023\/11\/wellbeing-YE-banner-1024x728.png","type":"image\/png"}],"author":"Silvia Jasenecova","twitter_card":"summary_large_image","twitter_misc":{"Autor":"Silvia Jasenecova","Predpokladan\u00fd \u010das \u010d\u00edtania":"5 min\u00fat"},"schema":{"@context":"https:\/\/schema.org","@graph":[{"@type":"Article","@id":"https:\/\/www.youthforequality.sk\/index.php\/2023\/11\/16\/wellbeing-of-youth-in-the-digital-age\/#article","isPartOf":{"@id":"https:\/\/www.youthforequality.sk\/index.php\/2023\/11\/16\/wellbeing-of-youth-in-the-digital-age\/"},"author":{"name":"Silvia Jasenecova","@id":"https:\/\/www.youthforequality.sk\/#\/schema\/person\/d342f25e638d824527d3b78bbfb97324"},"headline":"Wellbeing of you(th) in the digital age","datePublished":"2023-11-16T10:55:16+00:00","dateModified":"2024-05-07T14:13:26+00:00","mainEntityOfPage":{"@id":"https:\/\/www.youthforequality.sk\/index.php\/2023\/11\/16\/wellbeing-of-youth-in-the-digital-age\/"},"wordCount":943,"publisher":{"@id":"https:\/\/www.youthforequality.sk\/#organization"},"image":{"@id":"https:\/\/www.youthforequality.sk\/index.php\/2023\/11\/16\/wellbeing-of-youth-in-the-digital-age\/#primaryimage"},"thumbnailUrl":"https:\/\/www.youthforequality.sk\/wp-content\/uploads\/2023\/11\/wellbeing-YE-banner.png","articleSection":["Ml\u00e1de\u017en\u00edcke projekty - predo\u0161l\u00e9 projekty"],"inLanguage":"sk-SK"},{"@type":"WebPage","@id":"https:\/\/www.youthforequality.sk\/index.php\/2023\/11\/16\/wellbeing-of-youth-in-the-digital-age\/","url":"https:\/\/www.youthforequality.sk\/index.php\/2023\/11\/16\/wellbeing-of-youth-in-the-digital-age\/","name":"Wellbeing of you(th) in the digital age |","isPartOf":{"@id":"https:\/\/www.youthforequality.sk\/#website"},"primaryImageOfPage":{"@id":"https:\/\/www.youthforequality.sk\/index.php\/2023\/11\/16\/wellbeing-of-youth-in-the-digital-age\/#primaryimage"},"image":{"@id":"https:\/\/www.youthforequality.sk\/index.php\/2023\/11\/16\/wellbeing-of-youth-in-the-digital-age\/#primaryimage"},"thumbnailUrl":"https:\/\/www.youthforequality.sk\/wp-content\/uploads\/2023\/11\/wellbeing-YE-banner.png","datePublished":"2023-11-16T10:55:16+00:00","dateModified":"2024-05-07T14:13:26+00:00","breadcrumb":{"@id":"https:\/\/www.youthforequality.sk\/index.php\/2023\/11\/16\/wellbeing-of-youth-in-the-digital-age\/#breadcrumb"},"inLanguage":"sk-SK","potentialAction":[{"@type":"ReadAction","target":["https:\/\/www.youthforequality.sk\/index.php\/2023\/11\/16\/wellbeing-of-youth-in-the-digital-age\/"]}]},{"@type":"ImageObject","inLanguage":"sk-SK","@id":"https:\/\/www.youthforequality.sk\/index.php\/2023\/11\/16\/wellbeing-of-youth-in-the-digital-age\/#primaryimage","url":"https:\/\/www.youthforequality.sk\/wp-content\/uploads\/2023\/11\/wellbeing-YE-banner.png","contentUrl":"https:\/\/www.youthforequality.sk\/wp-content\/uploads\/2023\/11\/wellbeing-YE-banner.png","width":1672,"height":1188},{"@type":"BreadcrumbList","@id":"https:\/\/www.youthforequality.sk\/index.php\/2023\/11\/16\/wellbeing-of-youth-in-the-digital-age\/#breadcrumb","itemListElement":[{"@type":"ListItem","position":1,"name":"Home","item":"https:\/\/www.youthforequality.sk\/"},{"@type":"ListItem","position":2,"name":"Wellbeing of you(th) in the digital age"}]},{"@type":"WebSite","@id":"https:\/\/www.youthforequality.sk\/#website","url":"https:\/\/www.youthforequality.sk\/","name":"","description":"","publisher":{"@id":"https:\/\/www.youthforequality.sk\/#organization"},"potentialAction":[{"@type":"SearchAction","target":{"@type":"EntryPoint","urlTemplate":"https:\/\/www.youthforequality.sk\/?s={search_term_string}"},"query-input":{"@type":"PropertyValueSpecification","valueRequired":true,"valueName":"search_term_string"}}],"inLanguage":"sk-SK"},{"@type":"Organization","@id":"https:\/\/www.youthforequality.sk\/#organization","name":"Youth for Equality","url":"https:\/\/www.youthforequality.sk\/","logo":{"@type":"ImageObject","inLanguage":"sk-SK","@id":"https:\/\/www.youthforequality.sk\/#\/schema\/logo\/image\/","url":"https:\/\/www.youthforequality.sk\/wp-content\/uploads\/2021\/01\/vynovene-logo-nove-farby_modra-na-web.png","contentUrl":"https:\/\/www.youthforequality.sk\/wp-content\/uploads\/2021\/01\/vynovene-logo-nove-farby_modra-na-web.png","width":1,"height":1,"caption":"Youth for Equality"},"image":{"@id":"https:\/\/www.youthforequality.sk\/#\/schema\/logo\/image\/"},"sameAs":["https:\/\/www.facebook.com\/yeslovakia"]},{"@type":"Person","@id":"https:\/\/www.youthforequality.sk\/#\/schema\/person\/d342f25e638d824527d3b78bbfb97324","name":"Silvia Jasenecova","image":{"@type":"ImageObject","inLanguage":"sk-SK","@id":"https:\/\/secure.gravatar.com\/avatar\/43a8960df19336b9cc573e7be97a8f9c2f855c68a8e7248718d7ba5b039477bb?s=96&d=mm&r=g","url":"https:\/\/secure.gravatar.com\/avatar\/43a8960df19336b9cc573e7be97a8f9c2f855c68a8e7248718d7ba5b039477bb?s=96&d=mm&r=g","contentUrl":"https:\/\/secure.gravatar.com\/avatar\/43a8960df19336b9cc573e7be97a8f9c2f855c68a8e7248718d7ba5b039477bb?s=96&d=mm&r=g","caption":"Silvia Jasenecova"},"url":"https:\/\/www.youthforequality.sk\/index.php\/author\/natalier\/"}]}},"_links":{"self":[{"href":"https:\/\/www.youthforequality.sk\/index.php\/wp-json\/wp\/v2\/posts\/6223","targetHints":{"allow":["GET"]}}],"collection":[{"href":"https:\/\/www.youthforequality.sk\/index.php\/wp-json\/wp\/v2\/posts"}],"about":[{"href":"https:\/\/www.youthforequality.sk\/index.php\/wp-json\/wp\/v2\/types\/post"}],"author":[{"embeddable":true,"href":"https:\/\/www.youthforequality.sk\/index.php\/wp-json\/wp\/v2\/users\/7"}],"replies":[{"embeddable":true,"href":"https:\/\/www.youthforequality.sk\/index.php\/wp-json\/wp\/v2\/comments?post=6223"}],"version-history":[{"count":19,"href":"https:\/\/www.youthforequality.sk\/index.php\/wp-json\/wp\/v2\/posts\/6223\/revisions"}],"predecessor-version":[{"id":7183,"href":"https:\/\/www.youthforequality.sk\/index.php\/wp-json\/wp\/v2\/posts\/6223\/revisions\/7183"}],"wp:featuredmedia":[{"embeddable":true,"href":"https:\/\/www.youthforequality.sk\/index.php\/wp-json\/wp\/v2\/media\/6229"}],"wp:attachment":[{"href":"https:\/\/www.youthforequality.sk\/index.php\/wp-json\/wp\/v2\/media?parent=6223"}],"wp:term":[{"taxonomy":"category","embeddable":true,"href":"https:\/\/www.youthforequality.sk\/index.php\/wp-json\/wp\/v2\/categories?post=6223"},{"taxonomy":"post_tag","embeddable":true,"href":"https:\/\/www.youthforequality.sk\/index.php\/wp-json\/wp\/v2\/tags?post=6223"}],"curies":[{"name":"wp","href":"https:\/\/api.w.org\/{rel}","templated":true}]}}