{"id":6353,"date":"2023-12-20T13:01:04","date_gmt":"2023-12-20T12:01:04","guid":{"rendered":"https:\/\/www.youthforequality.sk\/?p=6353"},"modified":"2025-07-23T11:25:09","modified_gmt":"2025-07-23T09:25:09","slug":"esc-my-volunteering-journey-by-viki","status":"publish","type":"post","link":"https:\/\/www.youthforequality.sk\/index.php\/2023\/12\/20\/esc-my-volunteering-journey-by-viki\/","title":{"rendered":"ESC: My volunteering journey by Viki"},"content":{"rendered":"\t\t<div data-elementor-type=\"wp-post\" data-elementor-id=\"6353\" class=\"elementor elementor-6353\">\n\t\t\t\t\t\t<section class=\"elementor-section elementor-top-section elementor-element elementor-element-6942abe9 elementor-section-boxed elementor-section-height-default elementor-section-height-default\" data-id=\"6942abe9\" data-element_type=\"section\" data-e-type=\"section\">\n\t\t\t\t\t\t<div class=\"elementor-container elementor-column-gap-default\">\n\t\t\t\t\t<div class=\"elementor-column elementor-col-100 elementor-top-column elementor-element elementor-element-562c817f\" data-id=\"562c817f\" data-element_type=\"column\" data-e-type=\"column\">\n\t\t\t<div class=\"elementor-widget-wrap elementor-element-populated\">\n\t\t\t\t\t\t<div class=\"elementor-element elementor-element-3fb8ed18 elementor-widget elementor-widget-text-editor\" data-id=\"3fb8ed18\" data-element_type=\"widget\" data-e-type=\"widget\" data-widget_type=\"text-editor.default\">\n\t\t\t\t<div class=\"elementor-widget-container\">\n\t\t\t\t\t\t\t\t\t<p data-start=\"350\" data-end=\"722\">For the past year, I\u2019ve had the incredible opportunity to volunteer with Youth for Equality. This experience has been truly transformative \u2014 it allowed me to develop valuable skills, build meaningful connections, and immerse myself in a dynamic and multicultural environment.<\/p><p data-start=\"350\" data-end=\"722\">\u00a0<\/p><p data-start=\"724\" data-end=\"1274\">Between February and December, I actively supported the organization\u2019s team in a wide range of community and educational activities, all aimed at making a positive impact on both local and international levels. One of the most memorable parts of this journey was contributing to workshops in for students and young people. By assisting in their preparation and delivery, I improved my presentation and communication skills, learned how to better engage different age groups, and became more confident in explaining complex topics in an accessible way.<\/p><p data-start=\"724\" data-end=\"1274\">\u00a0<\/p><p data-start=\"1276\" data-end=\"1596\">Another valuable part of my volunteering experience was collaborating with a local stakeholders, what supported\u00a0ongoing initiatives. This gave me practical insight into grassroots community work, and helped me strengthen skills in project coordination, teamwork, and problem-solving.<\/p><p data-start=\"1276\" data-end=\"1596\">\u00a0<\/p><p data-start=\"1598\" data-end=\"1979\">One of the most enriching aspects of volunteering with Youth for Equality was the cultural exchange. Working alongside other international volunteers and the local team exposed me to a variety of worldviews and communication styles. This deepened my sense of empathy, openness, and intercultural understanding \u2014 qualities that are essential in today\u2019s interconnected world.<\/p><p data-start=\"1598\" data-end=\"1979\">\u00a0<\/p><p data-start=\"1981\" data-end=\"2303\">Throughout the year, I also helped support the planning and implementation of events and projects, which pushed me to think critically and adapt quickly. Whether assisting in logistics, brainstorming creative approaches, or solving unexpected issues, I learned how to stay flexible and focused in dynamic environments.<\/p><p data-start=\"1981\" data-end=\"2303\">\u00a0<\/p><p data-start=\"2305\" data-end=\"2755\">One particularly fulfilling experience was the opportunity to share my passion for yoga by leading occasional sessions as part of our community-based programs. With guidance and support from the organization, I was able to combine physical well-being and mindfulness with youth work. Through this, I strengthened my facilitation and teaching skills and saw firsthand how wellness-focused activities can create inclusive and empowering spaces.<\/p><p data-start=\"2305\" data-end=\"2755\">\u00a0<\/p><p data-start=\"2757\" data-end=\"3154\">Looking back, I\u2019m incredibly grateful for the experiences and learning this journey provided. Volunteering with Youth for Equality not only gave me practical skills, but also helped shape my values and boosted my confidence in contributing to positive change. As I move forward, I carry the lessons, friendships, and inspiration from this chapter with me \u2014 and I\u2019m excited for what comes next.<\/p><p data-start=\"2757\" data-end=\"3154\">\u00a0<\/p><p data-start=\"2757\" data-end=\"3154\">Viki<\/p>\t\t\t\t\t\t\t\t<\/div>\n\t\t\t\t<\/div>\n\t\t\t\t\t<\/div>\n\t\t<\/div>\n\t\t\t\t\t<\/div>\n\t\t<\/section>\n\t\t\t\t<section class=\"elementor-section elementor-top-section elementor-element elementor-element-170d86e elementor-section-boxed elementor-section-height-default elementor-section-height-default\" data-id=\"170d86e\" data-element_type=\"section\" data-e-type=\"section\">\n\t\t\t\t\t\t<div class=\"elementor-container elementor-column-gap-default\">\n\t\t\t\t\t<div class=\"elementor-column elementor-col-33 elementor-top-column elementor-element elementor-element-ba109a9\" data-id=\"ba109a9\" data-element_type=\"column\" data-e-type=\"column\">\n\t\t\t<div class=\"elementor-widget-wrap elementor-element-populated\">\n\t\t\t\t\t\t<div class=\"elementor-element elementor-element-9466e93 elementor-widget elementor-widget-image\" data-id=\"9466e93\" data-element_type=\"widget\" data-e-type=\"widget\" data-widget_type=\"image.default\">\n\t\t\t\t<div class=\"elementor-widget-container\">\n\t\t\t\t\t\t\t\t\t\t\t\t\t\t\t<img fetchpriority=\"high\" decoding=\"async\" width=\"1024\" height=\"768\" src=\"https:\/\/www.youthforequality.sk\/wp-content\/uploads\/2023\/12\/WhatsApp-Image-2023-12-20-at-12.58.02.jpeg\" class=\"attachment-large size-large wp-image-6356\" alt=\"\" srcset=\"https:\/\/www.youthforequality.sk\/wp-content\/uploads\/2023\/12\/WhatsApp-Image-2023-12-20-at-12.58.02.jpeg 1024w, https:\/\/www.youthforequality.sk\/wp-content\/uploads\/2023\/12\/WhatsApp-Image-2023-12-20-at-12.58.02-300x225.jpeg 300w, https:\/\/www.youthforequality.sk\/wp-content\/uploads\/2023\/12\/WhatsApp-Image-2023-12-20-at-12.58.02-768x576.jpeg 768w\" sizes=\"(max-width: 1024px) 100vw, 1024px\" \/>\t\t\t\t\t\t\t\t\t\t\t\t\t\t\t<\/div>\n\t\t\t\t<\/div>\n\t\t\t\t\t<\/div>\n\t\t<\/div>\n\t\t\t\t<div class=\"elementor-column elementor-col-33 elementor-top-column elementor-element elementor-element-0653371\" data-id=\"0653371\" data-element_type=\"column\" data-e-type=\"column\">\n\t\t\t<div class=\"elementor-widget-wrap elementor-element-populated\">\n\t\t\t\t\t\t<div class=\"elementor-element elementor-element-9ad449a elementor-widget elementor-widget-image\" data-id=\"9ad449a\" data-element_type=\"widget\" data-e-type=\"widget\" data-widget_type=\"image.default\">\n\t\t\t\t<div class=\"elementor-widget-container\">\n\t\t\t\t\t\t\t\t\t\t\t\t\t\t\t<img decoding=\"async\" width=\"1024\" height=\"683\" src=\"https:\/\/www.youthforequality.sk\/wp-content\/uploads\/2023\/12\/WhatsApp-Image-2023-12-20-at-12.58.02-1.jpeg\" class=\"attachment-large size-large wp-image-6354\" alt=\"\" srcset=\"https:\/\/www.youthforequality.sk\/wp-content\/uploads\/2023\/12\/WhatsApp-Image-2023-12-20-at-12.58.02-1.jpeg 1024w, https:\/\/www.youthforequality.sk\/wp-content\/uploads\/2023\/12\/WhatsApp-Image-2023-12-20-at-12.58.02-1-300x200.jpeg 300w, https:\/\/www.youthforequality.sk\/wp-content\/uploads\/2023\/12\/WhatsApp-Image-2023-12-20-at-12.58.02-1-768x512.jpeg 768w, https:\/\/www.youthforequality.sk\/wp-content\/uploads\/2023\/12\/WhatsApp-Image-2023-12-20-at-12.58.02-1-930x620.jpeg 930w\" sizes=\"(max-width: 1024px) 100vw, 1024px\" \/>\t\t\t\t\t\t\t\t\t\t\t\t\t\t\t<\/div>\n\t\t\t\t<\/div>\n\t\t\t\t\t<\/div>\n\t\t<\/div>\n\t\t\t\t<div class=\"elementor-column elementor-col-33 elementor-top-column elementor-element elementor-element-d2d869d\" data-id=\"d2d869d\" data-element_type=\"column\" data-e-type=\"column\">\n\t\t\t<div class=\"elementor-widget-wrap elementor-element-populated\">\n\t\t\t\t\t\t<div class=\"elementor-element elementor-element-0643561 elementor-widget elementor-widget-image\" data-id=\"0643561\" data-element_type=\"widget\" data-e-type=\"widget\" data-widget_type=\"image.default\">\n\t\t\t\t<div class=\"elementor-widget-container\">\n\t\t\t\t\t\t\t\t\t\t\t\t\t\t\t<img decoding=\"async\" width=\"768\" height=\"1024\" src=\"https:\/\/www.youthforequality.sk\/wp-content\/uploads\/2023\/12\/WhatsApp-Image-2023-12-20-at-12.58.02-2.jpeg\" class=\"attachment-large size-large wp-image-6355\" alt=\"\" srcset=\"https:\/\/www.youthforequality.sk\/wp-content\/uploads\/2023\/12\/WhatsApp-Image-2023-12-20-at-12.58.02-2.jpeg 768w, https:\/\/www.youthforequality.sk\/wp-content\/uploads\/2023\/12\/WhatsApp-Image-2023-12-20-at-12.58.02-2-225x300.jpeg 225w\" sizes=\"(max-width: 768px) 100vw, 768px\" \/>\t\t\t\t\t\t\t\t\t\t\t\t\t\t\t<\/div>\n\t\t\t\t<\/div>\n\t\t\t\t\t<\/div>\n\t\t<\/div>\n\t\t\t\t\t<\/div>\n\t\t<\/section>\n\t\t\t\t<\/div>\n\t\t","protected":false},"excerpt":{"rendered":"<p>For the past year, I\u2019ve had the incredible opportunity to volunteer with Youth for Equality. This experience has been truly transformative \u2014 it allowed me to develop valuable skills, build meaningful connections, and immerse myself in a dynamic and multicultural environment. \u00a0 Between February and December, I actively supported the organization\u2019s team in a wide&hellip;&nbsp;<a href=\"https:\/\/www.youthforequality.sk\/index.php\/2023\/12\/20\/esc-my-volunteering-journey-by-viki\/\" class=\"\" rel=\"bookmark\">\u010c\u00edta\u0165 viac &raquo;<span class=\"screen-reader-text\">ESC: My volunteering journey by Viki<\/span><\/a><\/p>\n","protected":false},"author":7,"featured_media":6362,"comment_status":"closed","ping_status":"open","sticky":false,"template":"","format":"standard","meta":{"_uf_show_specific_survey":0,"_uf_disable_surveys":false,"neve_meta_sidebar":"","neve_meta_container":"","neve_meta_enable_content_width":"off","neve_meta_content_width":70,"neve_meta_title_alignment":"","neve_meta_author_avatar":"","neve_post_elements_order":"","neve_meta_disable_header":"","neve_meta_disable_footer":"","neve_meta_disable_title":"","_themeisle_gutenberg_block_has_review":false,"footnotes":""},"categories":[3,45,1],"tags":[],"class_list":["post-6353","post","type-post","status-publish","format-standard","has-post-thumbnail","hentry","category-blog","category-individualne-dobrovolnictvo","category-uncategorized"],"yoast_head":"<!-- This site is optimized with the Yoast SEO plugin v27.4 - https:\/\/yoast.com\/product\/yoast-seo-wordpress\/ -->\n<title>ESC: My volunteering journey by Viki |<\/title>\n<meta name=\"robots\" content=\"index, follow, max-snippet:-1, max-image-preview:large, max-video-preview:-1\" \/>\n<link rel=\"canonical\" href=\"https:\/\/www.youthforequality.sk\/index.php\/2023\/12\/20\/esc-my-volunteering-journey-by-viki\/\" \/>\n<meta property=\"og:locale\" content=\"sk_SK\" \/>\n<meta property=\"og:type\" content=\"article\" \/>\n<meta property=\"og:title\" content=\"ESC: My volunteering journey by Viki |\" \/>\n<meta property=\"og:description\" content=\"For the past year, I\u2019ve had the incredible opportunity to volunteer with Youth for Equality. This experience has been truly transformative \u2014 it allowed me to develop valuable skills, build meaningful connections, and immerse myself in a dynamic and multicultural environment. \u00a0 Between February and December, I actively supported the organization\u2019s team in a wide&hellip;&nbsp;\u010c\u00edta\u0165 viac &raquo;ESC: My volunteering journey by Viki\" \/>\n<meta property=\"og:url\" content=\"https:\/\/www.youthforequality.sk\/index.php\/2023\/12\/20\/esc-my-volunteering-journey-by-viki\/\" \/>\n<meta property=\"article:publisher\" content=\"https:\/\/www.facebook.com\/yeslovakia\" \/>\n<meta property=\"article:published_time\" content=\"2023-12-20T12:01:04+00:00\" \/>\n<meta property=\"article:modified_time\" content=\"2025-07-23T09:25:09+00:00\" \/>\n<meta property=\"og:image\" content=\"https:\/\/www.youthforequality.sk\/wp-content\/uploads\/2023\/12\/WhatsApp-Image-2023-12-20-at-13.02.12.jpeg\" \/>\n\t<meta property=\"og:image:width\" content=\"1024\" \/>\n\t<meta property=\"og:image:height\" content=\"682\" \/>\n\t<meta property=\"og:image:type\" content=\"image\/jpeg\" \/>\n<meta name=\"author\" content=\"Silvia Jasenecova\" \/>\n<meta name=\"twitter:card\" content=\"summary_large_image\" \/>\n<meta name=\"twitter:label1\" content=\"Autor\" \/>\n\t<meta name=\"twitter:data1\" content=\"Silvia Jasenecova\" \/>\n\t<meta name=\"twitter:label2\" content=\"Predpokladan\u00fd \u010das \u010d\u00edtania\" \/>\n\t<meta name=\"twitter:data2\" content=\"3 min\u00faty\" \/>\n<script type=\"application\/ld+json\" class=\"yoast-schema-graph\">{\"@context\":\"https:\\\/\\\/schema.org\",\"@graph\":[{\"@type\":\"Article\",\"@id\":\"https:\\\/\\\/www.youthforequality.sk\\\/index.php\\\/2023\\\/12\\\/20\\\/esc-my-volunteering-journey-by-viki\\\/#article\",\"isPartOf\":{\"@id\":\"https:\\\/\\\/www.youthforequality.sk\\\/index.php\\\/2023\\\/12\\\/20\\\/esc-my-volunteering-journey-by-viki\\\/\"},\"author\":{\"name\":\"Silvia Jasenecova\",\"@id\":\"https:\\\/\\\/www.youthforequality.sk\\\/#\\\/schema\\\/person\\\/d342f25e638d824527d3b78bbfb97324\"},\"headline\":\"ESC: My volunteering journey by Viki\",\"datePublished\":\"2023-12-20T12:01:04+00:00\",\"dateModified\":\"2025-07-23T09:25:09+00:00\",\"mainEntityOfPage\":{\"@id\":\"https:\\\/\\\/www.youthforequality.sk\\\/index.php\\\/2023\\\/12\\\/20\\\/esc-my-volunteering-journey-by-viki\\\/\"},\"wordCount\":398,\"publisher\":{\"@id\":\"https:\\\/\\\/www.youthforequality.sk\\\/#organization\"},\"image\":{\"@id\":\"https:\\\/\\\/www.youthforequality.sk\\\/index.php\\\/2023\\\/12\\\/20\\\/esc-my-volunteering-journey-by-viki\\\/#primaryimage\"},\"thumbnailUrl\":\"https:\\\/\\\/www.youthforequality.sk\\\/wp-content\\\/uploads\\\/2023\\\/12\\\/WhatsApp-Image-2023-12-20-at-13.02.12.jpeg\",\"articleSection\":[\"Blog\",\"Individu\u00e1lne dobrovo\u013en\u00edctvo\",\"Uncategorized\"],\"inLanguage\":\"sk-SK\"},{\"@type\":\"WebPage\",\"@id\":\"https:\\\/\\\/www.youthforequality.sk\\\/index.php\\\/2023\\\/12\\\/20\\\/esc-my-volunteering-journey-by-viki\\\/\",\"url\":\"https:\\\/\\\/www.youthforequality.sk\\\/index.php\\\/2023\\\/12\\\/20\\\/esc-my-volunteering-journey-by-viki\\\/\",\"name\":\"ESC: My volunteering journey by Viki |\",\"isPartOf\":{\"@id\":\"https:\\\/\\\/www.youthforequality.sk\\\/#website\"},\"primaryImageOfPage\":{\"@id\":\"https:\\\/\\\/www.youthforequality.sk\\\/index.php\\\/2023\\\/12\\\/20\\\/esc-my-volunteering-journey-by-viki\\\/#primaryimage\"},\"image\":{\"@id\":\"https:\\\/\\\/www.youthforequality.sk\\\/index.php\\\/2023\\\/12\\\/20\\\/esc-my-volunteering-journey-by-viki\\\/#primaryimage\"},\"thumbnailUrl\":\"https:\\\/\\\/www.youthforequality.sk\\\/wp-content\\\/uploads\\\/2023\\\/12\\\/WhatsApp-Image-2023-12-20-at-13.02.12.jpeg\",\"datePublished\":\"2023-12-20T12:01:04+00:00\",\"dateModified\":\"2025-07-23T09:25:09+00:00\",\"breadcrumb\":{\"@id\":\"https:\\\/\\\/www.youthforequality.sk\\\/index.php\\\/2023\\\/12\\\/20\\\/esc-my-volunteering-journey-by-viki\\\/#breadcrumb\"},\"inLanguage\":\"sk-SK\",\"potentialAction\":[{\"@type\":\"ReadAction\",\"target\":[\"https:\\\/\\\/www.youthforequality.sk\\\/index.php\\\/2023\\\/12\\\/20\\\/esc-my-volunteering-journey-by-viki\\\/\"]}]},{\"@type\":\"ImageObject\",\"inLanguage\":\"sk-SK\",\"@id\":\"https:\\\/\\\/www.youthforequality.sk\\\/index.php\\\/2023\\\/12\\\/20\\\/esc-my-volunteering-journey-by-viki\\\/#primaryimage\",\"url\":\"https:\\\/\\\/www.youthforequality.sk\\\/wp-content\\\/uploads\\\/2023\\\/12\\\/WhatsApp-Image-2023-12-20-at-13.02.12.jpeg\",\"contentUrl\":\"https:\\\/\\\/www.youthforequality.sk\\\/wp-content\\\/uploads\\\/2023\\\/12\\\/WhatsApp-Image-2023-12-20-at-13.02.12.jpeg\",\"width\":1024,\"height\":682},{\"@type\":\"BreadcrumbList\",\"@id\":\"https:\\\/\\\/www.youthforequality.sk\\\/index.php\\\/2023\\\/12\\\/20\\\/esc-my-volunteering-journey-by-viki\\\/#breadcrumb\",\"itemListElement\":[{\"@type\":\"ListItem\",\"position\":1,\"name\":\"Home\",\"item\":\"https:\\\/\\\/www.youthforequality.sk\\\/\"},{\"@type\":\"ListItem\",\"position\":2,\"name\":\"ESC: My volunteering journey by Viki\"}]},{\"@type\":\"WebSite\",\"@id\":\"https:\\\/\\\/www.youthforequality.sk\\\/#website\",\"url\":\"https:\\\/\\\/www.youthforequality.sk\\\/\",\"name\":\"\",\"description\":\"\",\"publisher\":{\"@id\":\"https:\\\/\\\/www.youthforequality.sk\\\/#organization\"},\"potentialAction\":[{\"@type\":\"SearchAction\",\"target\":{\"@type\":\"EntryPoint\",\"urlTemplate\":\"https:\\\/\\\/www.youthforequality.sk\\\/?s={search_term_string}\"},\"query-input\":{\"@type\":\"PropertyValueSpecification\",\"valueRequired\":true,\"valueName\":\"search_term_string\"}}],\"inLanguage\":\"sk-SK\"},{\"@type\":\"Organization\",\"@id\":\"https:\\\/\\\/www.youthforequality.sk\\\/#organization\",\"name\":\"Youth for Equality\",\"url\":\"https:\\\/\\\/www.youthforequality.sk\\\/\",\"logo\":{\"@type\":\"ImageObject\",\"inLanguage\":\"sk-SK\",\"@id\":\"https:\\\/\\\/www.youthforequality.sk\\\/#\\\/schema\\\/logo\\\/image\\\/\",\"url\":\"https:\\\/\\\/www.youthforequality.sk\\\/wp-content\\\/uploads\\\/2021\\\/01\\\/vynovene-logo-nove-farby_modra-na-web.png\",\"contentUrl\":\"https:\\\/\\\/www.youthforequality.sk\\\/wp-content\\\/uploads\\\/2021\\\/01\\\/vynovene-logo-nove-farby_modra-na-web.png\",\"width\":1,\"height\":1,\"caption\":\"Youth for Equality\"},\"image\":{\"@id\":\"https:\\\/\\\/www.youthforequality.sk\\\/#\\\/schema\\\/logo\\\/image\\\/\"},\"sameAs\":[\"https:\\\/\\\/www.facebook.com\\\/yeslovakia\"]},{\"@type\":\"Person\",\"@id\":\"https:\\\/\\\/www.youthforequality.sk\\\/#\\\/schema\\\/person\\\/d342f25e638d824527d3b78bbfb97324\",\"name\":\"Silvia Jasenecova\",\"image\":{\"@type\":\"ImageObject\",\"inLanguage\":\"sk-SK\",\"@id\":\"https:\\\/\\\/secure.gravatar.com\\\/avatar\\\/43a8960df19336b9cc573e7be97a8f9c2f855c68a8e7248718d7ba5b039477bb?s=96&d=mm&r=g\",\"url\":\"https:\\\/\\\/secure.gravatar.com\\\/avatar\\\/43a8960df19336b9cc573e7be97a8f9c2f855c68a8e7248718d7ba5b039477bb?s=96&d=mm&r=g\",\"contentUrl\":\"https:\\\/\\\/secure.gravatar.com\\\/avatar\\\/43a8960df19336b9cc573e7be97a8f9c2f855c68a8e7248718d7ba5b039477bb?s=96&d=mm&r=g\",\"caption\":\"Silvia Jasenecova\"},\"url\":\"https:\\\/\\\/www.youthforequality.sk\\\/index.php\\\/author\\\/natalier\\\/\"}]}<\/script>\n<!-- \/ Yoast SEO plugin. -->","yoast_head_json":{"title":"ESC: My volunteering journey by Viki |","robots":{"index":"index","follow":"follow","max-snippet":"max-snippet:-1","max-image-preview":"max-image-preview:large","max-video-preview":"max-video-preview:-1"},"canonical":"https:\/\/www.youthforequality.sk\/index.php\/2023\/12\/20\/esc-my-volunteering-journey-by-viki\/","og_locale":"sk_SK","og_type":"article","og_title":"ESC: My volunteering journey by Viki |","og_description":"For the past year, I\u2019ve had the incredible opportunity to volunteer with Youth for Equality. This experience has been truly transformative \u2014 it allowed me to develop valuable skills, build meaningful connections, and immerse myself in a dynamic and multicultural environment. \u00a0 Between February and December, I actively supported the organization\u2019s team in a wide&hellip;&nbsp;\u010c\u00edta\u0165 viac &raquo;ESC: My volunteering journey by Viki","og_url":"https:\/\/www.youthforequality.sk\/index.php\/2023\/12\/20\/esc-my-volunteering-journey-by-viki\/","article_publisher":"https:\/\/www.facebook.com\/yeslovakia","article_published_time":"2023-12-20T12:01:04+00:00","article_modified_time":"2025-07-23T09:25:09+00:00","og_image":[{"width":1024,"height":682,"url":"https:\/\/www.youthforequality.sk\/wp-content\/uploads\/2023\/12\/WhatsApp-Image-2023-12-20-at-13.02.12.jpeg","type":"image\/jpeg"}],"author":"Silvia Jasenecova","twitter_card":"summary_large_image","twitter_misc":{"Autor":"Silvia Jasenecova","Predpokladan\u00fd \u010das \u010d\u00edtania":"3 min\u00faty"},"schema":{"@context":"https:\/\/schema.org","@graph":[{"@type":"Article","@id":"https:\/\/www.youthforequality.sk\/index.php\/2023\/12\/20\/esc-my-volunteering-journey-by-viki\/#article","isPartOf":{"@id":"https:\/\/www.youthforequality.sk\/index.php\/2023\/12\/20\/esc-my-volunteering-journey-by-viki\/"},"author":{"name":"Silvia Jasenecova","@id":"https:\/\/www.youthforequality.sk\/#\/schema\/person\/d342f25e638d824527d3b78bbfb97324"},"headline":"ESC: My volunteering journey by Viki","datePublished":"2023-12-20T12:01:04+00:00","dateModified":"2025-07-23T09:25:09+00:00","mainEntityOfPage":{"@id":"https:\/\/www.youthforequality.sk\/index.php\/2023\/12\/20\/esc-my-volunteering-journey-by-viki\/"},"wordCount":398,"publisher":{"@id":"https:\/\/www.youthforequality.sk\/#organization"},"image":{"@id":"https:\/\/www.youthforequality.sk\/index.php\/2023\/12\/20\/esc-my-volunteering-journey-by-viki\/#primaryimage"},"thumbnailUrl":"https:\/\/www.youthforequality.sk\/wp-content\/uploads\/2023\/12\/WhatsApp-Image-2023-12-20-at-13.02.12.jpeg","articleSection":["Blog","Individu\u00e1lne dobrovo\u013en\u00edctvo","Uncategorized"],"inLanguage":"sk-SK"},{"@type":"WebPage","@id":"https:\/\/www.youthforequality.sk\/index.php\/2023\/12\/20\/esc-my-volunteering-journey-by-viki\/","url":"https:\/\/www.youthforequality.sk\/index.php\/2023\/12\/20\/esc-my-volunteering-journey-by-viki\/","name":"ESC: My volunteering journey by Viki |","isPartOf":{"@id":"https:\/\/www.youthforequality.sk\/#website"},"primaryImageOfPage":{"@id":"https:\/\/www.youthforequality.sk\/index.php\/2023\/12\/20\/esc-my-volunteering-journey-by-viki\/#primaryimage"},"image":{"@id":"https:\/\/www.youthforequality.sk\/index.php\/2023\/12\/20\/esc-my-volunteering-journey-by-viki\/#primaryimage"},"thumbnailUrl":"https:\/\/www.youthforequality.sk\/wp-content\/uploads\/2023\/12\/WhatsApp-Image-2023-12-20-at-13.02.12.jpeg","datePublished":"2023-12-20T12:01:04+00:00","dateModified":"2025-07-23T09:25:09+00:00","breadcrumb":{"@id":"https:\/\/www.youthforequality.sk\/index.php\/2023\/12\/20\/esc-my-volunteering-journey-by-viki\/#breadcrumb"},"inLanguage":"sk-SK","potentialAction":[{"@type":"ReadAction","target":["https:\/\/www.youthforequality.sk\/index.php\/2023\/12\/20\/esc-my-volunteering-journey-by-viki\/"]}]},{"@type":"ImageObject","inLanguage":"sk-SK","@id":"https:\/\/www.youthforequality.sk\/index.php\/2023\/12\/20\/esc-my-volunteering-journey-by-viki\/#primaryimage","url":"https:\/\/www.youthforequality.sk\/wp-content\/uploads\/2023\/12\/WhatsApp-Image-2023-12-20-at-13.02.12.jpeg","contentUrl":"https:\/\/www.youthforequality.sk\/wp-content\/uploads\/2023\/12\/WhatsApp-Image-2023-12-20-at-13.02.12.jpeg","width":1024,"height":682},{"@type":"BreadcrumbList","@id":"https:\/\/www.youthforequality.sk\/index.php\/2023\/12\/20\/esc-my-volunteering-journey-by-viki\/#breadcrumb","itemListElement":[{"@type":"ListItem","position":1,"name":"Home","item":"https:\/\/www.youthforequality.sk\/"},{"@type":"ListItem","position":2,"name":"ESC: My volunteering journey by Viki"}]},{"@type":"WebSite","@id":"https:\/\/www.youthforequality.sk\/#website","url":"https:\/\/www.youthforequality.sk\/","name":"","description":"","publisher":{"@id":"https:\/\/www.youthforequality.sk\/#organization"},"potentialAction":[{"@type":"SearchAction","target":{"@type":"EntryPoint","urlTemplate":"https:\/\/www.youthforequality.sk\/?s={search_term_string}"},"query-input":{"@type":"PropertyValueSpecification","valueRequired":true,"valueName":"search_term_string"}}],"inLanguage":"sk-SK"},{"@type":"Organization","@id":"https:\/\/www.youthforequality.sk\/#organization","name":"Youth for Equality","url":"https:\/\/www.youthforequality.sk\/","logo":{"@type":"ImageObject","inLanguage":"sk-SK","@id":"https:\/\/www.youthforequality.sk\/#\/schema\/logo\/image\/","url":"https:\/\/www.youthforequality.sk\/wp-content\/uploads\/2021\/01\/vynovene-logo-nove-farby_modra-na-web.png","contentUrl":"https:\/\/www.youthforequality.sk\/wp-content\/uploads\/2021\/01\/vynovene-logo-nove-farby_modra-na-web.png","width":1,"height":1,"caption":"Youth for Equality"},"image":{"@id":"https:\/\/www.youthforequality.sk\/#\/schema\/logo\/image\/"},"sameAs":["https:\/\/www.facebook.com\/yeslovakia"]},{"@type":"Person","@id":"https:\/\/www.youthforequality.sk\/#\/schema\/person\/d342f25e638d824527d3b78bbfb97324","name":"Silvia Jasenecova","image":{"@type":"ImageObject","inLanguage":"sk-SK","@id":"https:\/\/secure.gravatar.com\/avatar\/43a8960df19336b9cc573e7be97a8f9c2f855c68a8e7248718d7ba5b039477bb?s=96&d=mm&r=g","url":"https:\/\/secure.gravatar.com\/avatar\/43a8960df19336b9cc573e7be97a8f9c2f855c68a8e7248718d7ba5b039477bb?s=96&d=mm&r=g","contentUrl":"https:\/\/secure.gravatar.com\/avatar\/43a8960df19336b9cc573e7be97a8f9c2f855c68a8e7248718d7ba5b039477bb?s=96&d=mm&r=g","caption":"Silvia Jasenecova"},"url":"https:\/\/www.youthforequality.sk\/index.php\/author\/natalier\/"}]}},"_links":{"self":[{"href":"https:\/\/www.youthforequality.sk\/index.php\/wp-json\/wp\/v2\/posts\/6353","targetHints":{"allow":["GET"]}}],"collection":[{"href":"https:\/\/www.youthforequality.sk\/index.php\/wp-json\/wp\/v2\/posts"}],"about":[{"href":"https:\/\/www.youthforequality.sk\/index.php\/wp-json\/wp\/v2\/types\/post"}],"author":[{"embeddable":true,"href":"https:\/\/www.youthforequality.sk\/index.php\/wp-json\/wp\/v2\/users\/7"}],"replies":[{"embeddable":true,"href":"https:\/\/www.youthforequality.sk\/index.php\/wp-json\/wp\/v2\/comments?post=6353"}],"version-history":[{"count":10,"href":"https:\/\/www.youthforequality.sk\/index.php\/wp-json\/wp\/v2\/posts\/6353\/revisions"}],"predecessor-version":[{"id":9470,"href":"https:\/\/www.youthforequality.sk\/index.php\/wp-json\/wp\/v2\/posts\/6353\/revisions\/9470"}],"wp:featuredmedia":[{"embeddable":true,"href":"https:\/\/www.youthforequality.sk\/index.php\/wp-json\/wp\/v2\/media\/6362"}],"wp:attachment":[{"href":"https:\/\/www.youthforequality.sk\/index.php\/wp-json\/wp\/v2\/media?parent=6353"}],"wp:term":[{"taxonomy":"category","embeddable":true,"href":"https:\/\/www.youthforequality.sk\/index.php\/wp-json\/wp\/v2\/categories?post=6353"},{"taxonomy":"post_tag","embeddable":true,"href":"https:\/\/www.youthforequality.sk\/index.php\/wp-json\/wp\/v2\/tags?post=6353"}],"curies":[{"name":"wp","href":"https:\/\/api.w.org\/{rel}","templated":true}]}}