{"id":6384,"date":"2024-01-09T14:42:06","date_gmt":"2024-01-09T13:42:06","guid":{"rendered":"https:\/\/www.youthforequality.sk\/index.php\/2024\/01\/09\/green-three-seas-initiative-for-youth-copy-copy\/"},"modified":"2025-11-06T09:50:45","modified_gmt":"2025-11-06T08:50:45","slug":"believe-in-youth","status":"publish","type":"post","link":"https:\/\/www.youthforequality.sk\/index.php\/2024\/01\/09\/believe-in-youth\/","title":{"rendered":"Believe in Youth"},"content":{"rendered":"\t\t<div data-elementor-type=\"wp-post\" data-elementor-id=\"6384\" class=\"elementor elementor-6384\">\n\t\t\t\t\t\t<section class=\"elementor-section elementor-top-section elementor-element elementor-element-5f12270 elementor-section-boxed elementor-section-height-default elementor-section-height-default\" data-id=\"5f12270\" data-element_type=\"section\" data-e-type=\"section\">\n\t\t\t\t\t\t<div class=\"elementor-container elementor-column-gap-default\">\n\t\t\t\t\t<div class=\"elementor-column elementor-col-100 elementor-top-column elementor-element elementor-element-caae2a9\" data-id=\"caae2a9\" data-element_type=\"column\" data-e-type=\"column\">\n\t\t\t<div class=\"elementor-widget-wrap elementor-element-populated\">\n\t\t\t\t\t\t<div class=\"elementor-element elementor-element-3e0e235 elementor-widget elementor-widget-text-editor\" data-id=\"3e0e235\" data-element_type=\"widget\" data-e-type=\"widget\" data-widget_type=\"text-editor.default\">\n\t\t\t\t<div class=\"elementor-widget-container\">\n\t\t\t\t\t\t\t\t\t<h3 data-start=\"396\" data-end=\"454\">Pom\u00e1hame mlad\u00fdm \u013eu\u010fom veri\u0165 v seba a svoju bud\u00facnos\u0165<\/h3>\n<p data-start=\"456\" data-end=\"758\">Projekt <strong data-start=\"464\" data-end=\"484\">Believe in YOUth<\/strong> je realizovan\u00fd v r\u00e1mci programu <strong data-start=\"517\" data-end=\"595\">Erasmus+ Youth \u2013 K\u013e\u00fa\u010dov\u00e1 akcia 2: Partnerstv\u00e1 spolupr\u00e1ce v oblasti ml\u00e1de\u017ee&nbsp;<\/strong>a koordinuje ho organiz\u00e1cia <strong data-start=\"626\" data-end=\"699\">Institut R\u00e9gional d\u2019Insertion Professionnelle et Sociale (Franc\u00fazsko) pod grantom<\/strong>&nbsp;<strong data-start=\"720\" data-end=\"755\">2022-2-FR02-KA220-YOU-000102180<\/strong>.<\/p><p data-start=\"456\" data-end=\"758\"><br><\/p>\n<p data-start=\"456\" data-end=\"758\">\n<\/p><p data-start=\"760\" data-end=\"1058\">Na projekte spolupracuj\u00fa partneri z piatich eur\u00f3pskych kraj\u00edn:<br data-start=\"822\" data-end=\"825\"><img decoding=\"async\" class=\"emoji\" role=\"img\" draggable=\"false\" src=\"https:\/\/s.w.org\/images\/core\/emoji\/16.0.1\/svg\/1f1eb-1f1f7.svg\" alt=\"\ud83c\uddeb\ud83c\uddf7\"> <strong data-start=\"830\" data-end=\"839\">IRIPS<\/strong> (Franc\u00fazsko) \u2013 koordin\u00e1tor projektu<br data-start=\"875\" data-end=\"878\"><img decoding=\"async\" class=\"emoji\" role=\"img\" draggable=\"false\" src=\"https:\/\/s.w.org\/images\/core\/emoji\/16.0.1\/svg\/1f1f8-1f1f0.svg\" alt=\"\ud83c\uddf8\ud83c\uddf0\"> <strong data-start=\"883\" data-end=\"905\">Youth for Equality<\/strong> (Slovensko)<br data-start=\"917\" data-end=\"920\"><img decoding=\"async\" class=\"emoji\" role=\"img\" draggable=\"false\" src=\"https:\/\/s.w.org\/images\/core\/emoji\/16.0.1\/svg\/1f1ea-1f1f8.svg\" alt=\"\ud83c\uddea\ud83c\uddf8\"> <strong data-start=\"925\" data-end=\"936\">INFODEF<\/strong> (\u0160panielsko)<br data-start=\"949\" data-end=\"952\"><img decoding=\"async\" class=\"emoji\" role=\"img\" draggable=\"false\" src=\"https:\/\/s.w.org\/images\/core\/emoji\/16.0.1\/svg\/1f1ec-1f1f7.svg\" alt=\"\ud83c\uddec\ud83c\uddf7\"> <strong data-start=\"957\" data-end=\"966\">IASIS<\/strong> (Gr\u00e9cko)<br data-start=\"975\" data-end=\"978\"><img decoding=\"async\" class=\"emoji\" role=\"img\" draggable=\"false\" src=\"https:\/\/s.w.org\/images\/core\/emoji\/16.0.1\/svg\/1f1f9-1f1f7.svg\" alt=\"\ud83c\uddf9\ud83c\uddf7\"> <strong data-start=\"983\" data-end=\"1015\">Government of Istanbul (GOI)<\/strong> (Turecko)<br data-start=\"1025\" data-end=\"1028\"><img decoding=\"async\" class=\"emoji\" role=\"img\" draggable=\"false\" src=\"https:\/\/s.w.org\/images\/core\/emoji\/16.0.1\/svg\/1f1eb-1f1ee.svg\" alt=\"\ud83c\uddeb\ud83c\uddee\"> <strong data-start=\"1033\" data-end=\"1047\">SYSTEM &amp; G<\/strong> (F\u00ednsko)<\/p>\n<hr data-start=\"1060\" data-end=\"1063\">\n<h3 data-start=\"1065\" data-end=\"1087\">Cie\u013e projektu<\/h3>\n<p data-start=\"1088\" data-end=\"1488\">Projekt <strong data-start=\"1096\" data-end=\"1116\">Believe in YOUth<\/strong> reaguje na rast\u00facu neistotu mlad\u00fdch \u013eud\u00ed, ktor\u00ed \u010delia tlaku pri rozhodovan\u00ed o svojej bud\u00facnosti.<br data-start=\"1213\" data-end=\"1216\">Jeho hlavn\u00fdm cie\u013eom je pom\u00f4c\u0165 mlad\u00fdm \u013eu\u010fom \u2013 najm\u00e4 t\u00fdm, ktor\u00ed s\u00fa v situ\u00e1cii <strong data-start=\"1292\" data-end=\"1300\">NEET<\/strong> (nie s\u00fa zamestnan\u00ed, nevzdel\u00e1vaj\u00fa sa ani ne\u0161kolia) \u2013 prekona\u0165 <strong data-start=\"1364\" data-end=\"1387\">\u00fazkos\u0165 z bud\u00facnosti<\/strong>, objavi\u0165 svoj potenci\u00e1l a <strong data-start=\"1414\" data-end=\"1436\">z\u00edska\u0165 sebavedomie<\/strong> pri pl\u00e1novan\u00ed kari\u00e9ry alebo \u010fal\u0161ieho vzdel\u00e1vania.<\/p>\n<p data-start=\"1490\" data-end=\"1652\">Projekt sa z\u00e1rove\u0148 zameriava na <strong data-start=\"1522\" data-end=\"1548\">pracovn\u00edkov s ml\u00e1de\u017eou<\/strong>, ktor\u00ed s mlad\u00fdmi NEET osobami pracuj\u00fa, a poskytuje im nov\u00e9 n\u00e1stroje, metodiky a tr\u00e9ningov\u00e9 materi\u00e1ly.<\/p>\n<hr data-start=\"1654\" data-end=\"1657\">\n<h2 data-start=\"1659\" data-end=\"1688\">&nbsp;<\/h2>\n<h2 data-start=\"1659\" data-end=\"1688\">Hlavn\u00e9 v\u00fdstupy projektu<\/h2>\n<h3 data-start=\"1690\" data-end=\"1735\"><strong data-start=\"1697\" data-end=\"1735\">OUTPUT 1 \u2013 Career Planning Toolkit<\/strong><\/h3>\n<p data-start=\"1736\" data-end=\"1909\">Vytvorili sme praktick\u00fd <strong data-start=\"1756\" data-end=\"1786\">kari\u00e9rny pl\u00e1novac\u00ed n\u00e1stroj<\/strong>, ktor\u00fd pom\u00f4\u017ee mlad\u00fdm \u013eu\u010fom krok za krokom pl\u00e1nova\u0165 svoju profesijn\u00fa dr\u00e1hu \u2013 v oblasti pr\u00e1ce, \u0161portu alebo vzdel\u00e1vania.<\/p>\n<p data-start=\"1911\" data-end=\"2159\">N\u00e1stroj z\u00e1rove\u0148 sl\u00fa\u017ei&nbsp;<strong data-start=\"1939\" data-end=\"1965\">pracovn\u00edkom s ml\u00e1de\u017eou<\/strong> v centr\u00e1ch a organiz\u00e1ci\u00e1ch, aby mohli poskytova\u0165 kvalitnej\u0161ie poradenstvo.<br data-start=\"2040\" data-end=\"2043\">Taktie\u017e vznikol&nbsp;<strong data-start=\"2074\" data-end=\"2095\">ECVET u\u010debn\u00fd pl\u00e1n<\/strong>, ktor\u00fd umo\u017en\u00ed vyu\u017e\u00edva\u0165 aktivity na spolo\u010dnom eur\u00f3pskom z\u00e1klade.<\/p>\n<hr data-start=\"2161\" data-end=\"2164\">\n<h3 data-start=\"2166\" data-end=\"2210\"><strong data-start=\"2173\" data-end=\"2210\">OUTPUT 2 \u2013 Career Guide for Youth<\/strong><\/h3>\n<p data-start=\"2211\" data-end=\"2360\">Druh\u00fd v\u00fdstup prinesol&nbsp;<strong data-start=\"2233\" data-end=\"2271\">inovat\u00edvneho kari\u00e9rneho sprievodcu<\/strong>, ktor\u00fd je dostupn\u00fd v ml\u00e1de\u017en\u00edckych centr\u00e1ch aj <strong data-start=\"2321\" data-end=\"2331\">online<\/strong>.<br data-start=\"2332\" data-end=\"2335\">Sprievodca sa zameria na:<\/p>\n<ul data-start=\"2361\" data-end=\"2690\">\n<li data-start=\"2361\" data-end=\"2464\">\n<p data-start=\"2363\" data-end=\"2464\">rozpozn\u00e1vanie <strong data-start=\"2377\" data-end=\"2413\">m\u00e4kk\u00fdch a ka\u017edodenn\u00fdch zru\u010dnost\u00ed<\/strong>, \u010dasto skryt\u00fdch v be\u017en\u00fdch aktivit\u00e1ch a z\u00e1\u013eub\u00e1ch,<\/p>\n<\/li>\n<li data-start=\"2465\" data-end=\"2560\">\n<p data-start=\"2467\" data-end=\"2560\">prepojenie t\u00fdchto zru\u010dnost\u00ed so schopnos\u0165ami potrebn\u00fdmi pre vzdel\u00e1vanie alebo kari\u00e9rny rast,<\/p>\n<\/li>\n<li data-start=\"2561\" data-end=\"2690\">\n<p data-start=\"2563\" data-end=\"2690\"><strong data-start=\"2563\" data-end=\"2587\">sebahodnotiacu \u0161k\u00e1lu<\/strong>, ktor\u00e1 pom\u00f4\u017ee mlad\u00fdm lep\u0161ie spozna\u0165 svoje siln\u00e9 str\u00e1nky a nasmerova\u0165 sa k vhodnej profesijnej ceste.<\/p>\n<\/li>\n<\/ul>\n<p data-start=\"2692\" data-end=\"2810\">Cie\u013eom je zn\u00ed\u017ei\u0165 \u00fazkos\u0165 z bud\u00facnosti a uk\u00e1za\u0165, \u017ee ka\u017ed\u00fd mlad\u00fd \u010dlovek m\u00e1 schopnosti, ktor\u00e9 sa daj\u00fa rozv\u00edja\u0165 a uplatni\u0165.<\/p>\n<hr data-start=\"2812\" data-end=\"2815\">\n<h3 data-start=\"2817\" data-end=\"2862\"><strong data-start=\"2824\" data-end=\"2862\">OUTPUT 3 \u2013 E-learningov\u00e1 platforma<\/strong><\/h3>\n<p data-start=\"2863\" data-end=\"2975\">Z\u00e1vere\u010dn\u00fdm v\u00fdstupom je modern\u00e1 <a href=\"https:\/\/believelms.infodef.com.es\/\"><strong data-start=\"2896\" data-end=\"2923\">e-learningov\u00e1 platforma<\/strong><\/a>, ktor\u00e1 spr\u00edstup\u0148uje v\u0161etky v\u00fdstupy projektu online:<\/p>\n<ul data-start=\"2976\" data-end=\"3096\">\n<li data-start=\"2976\" data-end=\"3005\">\n<p data-start=\"2978\" data-end=\"3005\"><em data-start=\"2978\" data-end=\"3003\">Career Planning Toolkit<\/em><\/p>\n<\/li>\n<li data-start=\"3006\" data-end=\"3049\">\n<p data-start=\"3008\" data-end=\"3049\"><em data-start=\"3008\" data-end=\"3047\">Transversal Skills Based Career Guide<\/em><\/p>\n<\/li>\n<li data-start=\"3050\" data-end=\"3096\">\n<p data-start=\"3052\" data-end=\"3096\">e-learningov\u00e9 materi\u00e1ly a <strong data-start=\"3078\" data-end=\"3094\">Insight Bank<\/strong><\/p>\n<\/li>\n<\/ul>\n<p data-start=\"3098\" data-end=\"3286\">Platforma je&nbsp;<strong data-start=\"3113\" data-end=\"3150\">bezplatn\u00e1 a otvoren\u00e1 pre v\u0161etk\u00fdch<\/strong>, \u010do umo\u017e\u0148uje mlad\u00fdm \u013eu\u010fom u\u010di\u0165 sa z ak\u00e9hoko\u013evek miesta.<br data-start=\"3204\" data-end=\"3207\">Podporuje tak digit\u00e1lnu transform\u00e1ciu, inkl\u00faziu a rovnos\u0165 pr\u00edstupu k vzdel\u00e1vaniu.<\/p>\n<hr data-start=\"3288\" data-end=\"3291\">\n<h2 data-start=\"3293\" data-end=\"3324\">Cie\u013eov\u00e9 skupiny a pr\u00ednosy<\/h2>\n<h3 data-start=\"3326\" data-end=\"3358\">Pracovn\u00edci s ml\u00e1de\u017eou:<\/h3>\n<ul data-start=\"3359\" data-end=\"3531\">\n<li data-start=\"3359\" data-end=\"3422\">\n<p data-start=\"3361\" data-end=\"3422\">zlep\u0161ili svoje kompetencie v oblasti kari\u00e9rneho poradenstva,<\/p>\n<\/li>\n<li data-start=\"3423\" data-end=\"3472\">\n<p data-start=\"3425\" data-end=\"3472\">z\u00edskali nov\u00e9 metodiky a vzdel\u00e1vacie n\u00e1stroje,<\/p>\n<\/li>\n<li data-start=\"3473\" data-end=\"3531\">\n<p data-start=\"3475\" data-end=\"3531\">posilnili svoju profesionalitu a celo\u017eivotn\u00e9 vzdel\u00e1vanie.<\/p>\n<\/li>\n<\/ul>\n<h3 data-start=\"3533\" data-end=\"3588\">Mlad\u00ed \u013eudia (najm\u00e4 NEET vo veku 15\u201324 rokov):<\/h3>\n<ul data-start=\"3589\" data-end=\"3849\">\n<li data-start=\"3589\" data-end=\"3658\">\n<p data-start=\"3591\" data-end=\"3658\">z\u00edskali pr\u00edstup k inkluz\u00edvnym vzdel\u00e1vac\u00edm a kari\u00e9rnym materi\u00e1lom,<\/p>\n<\/li>\n<li data-start=\"3659\" data-end=\"3715\">\n<p data-start=\"3661\" data-end=\"3715\">prekon\u00e1vaj\u00fa \u00fazkos\u0165 z bud\u00facnosti a posil\u0148uj\u00fa sebad\u00f4veru,<\/p>\n<\/li>\n<li data-start=\"3716\" data-end=\"3785\">\n<p data-start=\"3718\" data-end=\"3785\">objavuj\u00fa nov\u00e9 kari\u00e9rne cesty a zru\u010dnosti vyu\u017eite\u013en\u00e9 na trhu pr\u00e1ce,<\/p>\n<\/li>\n<li data-start=\"3786\" data-end=\"3849\">\n<p data-start=\"3788\" data-end=\"3849\">rozv\u00edjaj\u00fa povedomie o svojom potenci\u00e1li a mo\u017enostiach v Eur\u00f3pe.<\/p>\n<\/li>\n<\/ul>\n<hr data-start=\"3851\" data-end=\"3854\">\n<h3 data-start=\"3856\" data-end=\"3878\"><img decoding=\"async\" class=\"emoji\" role=\"img\" draggable=\"false\" src=\"https:\/\/s.w.org\/images\/core\/emoji\/16.0.1\/svg\/1f30d.svg\" alt=\"\ud83c\udf0d\"> Viac o projekte<\/h3>\n<p data-start=\"3879\" data-end=\"4107\">Web: <a class=\"decorated-link\" href=\"https:\/\/www.believeinyouth.eu\" target=\"_new\" rel=\"noopener\" data-start=\"3884\" data-end=\"3938\">www.believeinyouth.eu<\/a><br data-start=\"3938\" data-end=\"3941\">Facebook: <a class=\"decorated-link\" href=\"https:\/\/www.facebook.com\/profile.php?id=61552052672425\" target=\"_new\" rel=\"noopener\" data-start=\"3951\" data-end=\"4025\">Believe in YOUth Project<\/a><br data-start=\"4025\" data-end=\"4028\">Instagram: <a class=\"decorated-link\" href=\"https:\/\/www.instagram.com\/believe.in.youth\/\" target=\"_new\" rel=\"noopener\" data-start=\"4039\" data-end=\"4105\">believeinyouth<\/a><\/p>\n<p data-start=\"3879\" data-end=\"4107\">LinkedIN: <a href=\"https:\/\/www.linkedin.com\/company\/99505510\/admin\/dashboard\/\">BelieveInYOUth<\/a><\/p>\n<hr data-start=\"4109\" data-end=\"4112\">\n<p data-start=\"4114\" data-end=\"4188\">\n<\/p><p data-start=\"4114\" data-end=\"4188\"><img decoding=\"async\" class=\"emoji\" role=\"img\" draggable=\"false\" src=\"https:\/\/s.w.org\/images\/core\/emoji\/16.0.1\/svg\/1f1ea-1f1fa.svg\" alt=\"\ud83c\uddea\ud83c\uddfa\"> <em data-start=\"4119\" data-end=\"4186\">Projekt je financovan\u00fd Eur\u00f3pskou \u00faniou v r\u00e1mci programu Erasmus+.<\/em><\/p>\t\t\t\t\t\t\t\t<\/div>\n\t\t\t\t<\/div>\n\t\t\t\t\t<\/div>\n\t\t<\/div>\n\t\t\t\t\t<\/div>\n\t\t<\/section>\n\t\t\t\t<section class=\"elementor-section elementor-top-section elementor-element elementor-element-5e9bad1 elementor-section-boxed elementor-section-height-default elementor-section-height-default\" data-id=\"5e9bad1\" data-element_type=\"section\" data-e-type=\"section\">\n\t\t\t\t\t\t<div class=\"elementor-container elementor-column-gap-default\">\n\t\t\t\t\t<div class=\"elementor-column elementor-col-100 elementor-top-column elementor-element elementor-element-f3a6e98\" data-id=\"f3a6e98\" data-element_type=\"column\" data-e-type=\"column\">\n\t\t\t<div class=\"elementor-widget-wrap elementor-element-populated\">\n\t\t\t\t\t\t<div class=\"elementor-element elementor-element-5ca528e elementor-widget elementor-widget-image\" data-id=\"5ca528e\" data-element_type=\"widget\" data-e-type=\"widget\" data-widget_type=\"image.default\">\n\t\t\t\t<div class=\"elementor-widget-container\">\n\t\t\t\t\t\t\t\t\t\t\t\t\t\t\t<img fetchpriority=\"high\" decoding=\"async\" width=\"768\" height=\"161\" src=\"https:\/\/www.youthforequality.sk\/wp-content\/uploads\/2024\/01\/EN-Co-funded-by-the-EU_POS-768x161.jpg\" class=\"attachment-medium_large size-medium_large wp-image-6432\" alt=\"\" srcset=\"https:\/\/www.youthforequality.sk\/wp-content\/uploads\/2024\/01\/EN-Co-funded-by-the-EU_POS-768x161.jpg 768w, https:\/\/www.youthforequality.sk\/wp-content\/uploads\/2024\/01\/EN-Co-funded-by-the-EU_POS-300x63.jpg 300w, https:\/\/www.youthforequality.sk\/wp-content\/uploads\/2024\/01\/EN-Co-funded-by-the-EU_POS-1024x215.jpg 1024w, https:\/\/www.youthforequality.sk\/wp-content\/uploads\/2024\/01\/EN-Co-funded-by-the-EU_POS-1536x322.jpg 1536w, https:\/\/www.youthforequality.sk\/wp-content\/uploads\/2024\/01\/EN-Co-funded-by-the-EU_POS-2048x430.jpg 2048w\" sizes=\"(max-width: 768px) 100vw, 768px\" \/>\t\t\t\t\t\t\t\t\t\t\t\t\t\t\t<\/div>\n\t\t\t\t<\/div>\n\t\t\t\t\t<\/div>\n\t\t<\/div>\n\t\t\t\t\t<\/div>\n\t\t<\/section>\n\t\t\t\t<section class=\"elementor-section elementor-top-section elementor-element elementor-element-770b58c elementor-section-boxed elementor-section-height-default elementor-section-height-default\" data-id=\"770b58c\" data-element_type=\"section\" data-e-type=\"section\">\n\t\t\t\t\t\t<div class=\"elementor-container elementor-column-gap-default\">\n\t\t\t\t\t<div class=\"elementor-column elementor-col-100 elementor-top-column elementor-element elementor-element-8710dff\" data-id=\"8710dff\" data-element_type=\"column\" data-e-type=\"column\">\n\t\t\t<div class=\"elementor-widget-wrap elementor-element-populated\">\n\t\t\t\t\t\t<div class=\"elementor-element elementor-element-de99264 elementor-widget elementor-widget-text-editor\" data-id=\"de99264\" data-element_type=\"widget\" data-e-type=\"widget\" data-widget_type=\"text-editor.default\">\n\t\t\t\t<div class=\"elementor-widget-container\">\n\t\t\t\t\t\t\t\t\t<p><strong>Toolkit\u00a0<\/strong><\/p>\t\t\t\t\t\t\t\t<\/div>\n\t\t\t\t<\/div>\n\t\t\t\t\t<\/div>\n\t\t<\/div>\n\t\t\t\t\t<\/div>\n\t\t<\/section>\n\t\t\t\t<section class=\"elementor-section elementor-top-section elementor-element elementor-element-5209159 elementor-section-boxed elementor-section-height-default elementor-section-height-default\" data-id=\"5209159\" data-element_type=\"section\" data-e-type=\"section\">\n\t\t\t\t\t\t<div class=\"elementor-container elementor-column-gap-default\">\n\t\t\t\t\t<div class=\"elementor-column elementor-col-100 elementor-top-column elementor-element elementor-element-47c2d99\" data-id=\"47c2d99\" data-element_type=\"column\" data-e-type=\"column\">\n\t\t\t<div class=\"elementor-widget-wrap elementor-element-populated\">\n\t\t\t\t\t\t<div class=\"elementor-element elementor-element-9129ccc elementor-widget elementor-widget-pdfjs_viewer\" data-id=\"9129ccc\" data-element_type=\"widget\" data-e-type=\"widget\" data-widget_type=\"pdfjs_viewer.default\">\n\t\t\t\t<div class=\"elementor-widget-container\">\n\t\t\t\t\t<iframe src=\"https:\/\/www.youthforequality.sk\/wp-content\/plugins\/pdf-viewer-for-elementor\/assets\/pdfjs\/web\/viewer.html?file=https:\/\/www.youthforequality.sk\/wp-content\/uploads\/2024\/01\/Believe-in-Youth-brochure.pdf&amp;embedded=true\" style=\"display: block; margin-left: auto; margin-right: auto; width: 640px; height: 1020px;\" frameborder=\"1\" marginheight=\"0px\" marginwidth=\"0px\" allowfullscreen><\/iframe>\t\t\t\t<\/div>\n\t\t\t\t<\/div>\n\t\t\t\t\t<\/div>\n\t\t<\/div>\n\t\t\t\t\t<\/div>\n\t\t<\/section>\n\t\t\t\t<\/div>\n\t\t","protected":false},"excerpt":{"rendered":"<p>Pom\u00e1hame mlad\u00fdm \u013eu\u010fom veri\u0165 v seba a svoju bud\u00facnos\u0165 Projekt Believe in YOUth je realizovan\u00fd v r\u00e1mci programu Erasmus+ Youth \u2013 K\u013e\u00fa\u010dov\u00e1 akcia 2: Partnerstv\u00e1 spolupr\u00e1ce v oblasti ml\u00e1de\u017ee&nbsp;a koordinuje ho organiz\u00e1cia Institut R\u00e9gional d\u2019Insertion Professionnelle et Sociale (Franc\u00fazsko) pod grantom&nbsp;2022-2-FR02-KA220-YOU-000102180. Na projekte spolupracuj\u00fa partneri z piatich eur\u00f3pskych kraj\u00edn: IRIPS (Franc\u00fazsko) \u2013 koordin\u00e1tor projektu Youth&hellip;&nbsp;<a href=\"https:\/\/www.youthforequality.sk\/index.php\/2024\/01\/09\/believe-in-youth\/\" class=\"\" rel=\"bookmark\">\u010c\u00edta\u0165 viac &raquo;<span class=\"screen-reader-text\">Believe in Youth<\/span><\/a><\/p>\n","protected":false},"author":8,"featured_media":6386,"comment_status":"closed","ping_status":"open","sticky":false,"template":"","format":"standard","meta":{"_uf_show_specific_survey":0,"_uf_disable_surveys":false,"neve_meta_sidebar":"","neve_meta_container":"","neve_meta_enable_content_width":"off","neve_meta_content_width":70,"neve_meta_title_alignment":"","neve_meta_author_avatar":"","neve_post_elements_order":"","neve_meta_disable_header":"","neve_meta_disable_footer":"","neve_meta_disable_title":"","_themeisle_gutenberg_block_has_review":false,"footnotes":""},"categories":[51],"tags":[],"class_list":["post-6384","post","type-post","status-publish","format-standard","has-post-thumbnail","hentry","category-https-www-youthforequality-sk-index-php-activitiy-strategickepartnerstva-predosle-strategicke-partnerstva"],"yoast_head":"<!-- This site is optimized with the Yoast SEO plugin v27.4 - https:\/\/yoast.com\/product\/yoast-seo-wordpress\/ -->\n<title>Believe in Youth |<\/title>\n<meta name=\"robots\" content=\"index, follow, max-snippet:-1, max-image-preview:large, max-video-preview:-1\" \/>\n<link rel=\"canonical\" href=\"https:\/\/www.youthforequality.sk\/index.php\/2024\/01\/09\/believe-in-youth\/\" \/>\n<meta property=\"og:locale\" content=\"sk_SK\" \/>\n<meta property=\"og:type\" content=\"article\" \/>\n<meta property=\"og:title\" content=\"Believe in Youth |\" \/>\n<meta property=\"og:description\" content=\"Pom\u00e1hame mlad\u00fdm \u013eu\u010fom veri\u0165 v seba a svoju bud\u00facnos\u0165 Projekt Believe in YOUth je realizovan\u00fd v r\u00e1mci programu Erasmus+ Youth \u2013 K\u013e\u00fa\u010dov\u00e1 akcia 2: Partnerstv\u00e1 spolupr\u00e1ce v oblasti ml\u00e1de\u017ee&nbsp;a koordinuje ho organiz\u00e1cia Institut R\u00e9gional d\u2019Insertion Professionnelle et Sociale (Franc\u00fazsko) pod grantom&nbsp;2022-2-FR02-KA220-YOU-000102180. Na projekte spolupracuj\u00fa partneri z piatich eur\u00f3pskych kraj\u00edn: IRIPS (Franc\u00fazsko) \u2013 koordin\u00e1tor projektu Youth&hellip;&nbsp;\u010c\u00edta\u0165 viac &raquo;Believe in Youth\" \/>\n<meta property=\"og:url\" content=\"https:\/\/www.youthforequality.sk\/index.php\/2024\/01\/09\/believe-in-youth\/\" \/>\n<meta property=\"article:publisher\" content=\"https:\/\/www.facebook.com\/yeslovakia\" \/>\n<meta property=\"article:published_time\" content=\"2024-01-09T13:42:06+00:00\" \/>\n<meta property=\"article:modified_time\" content=\"2025-11-06T08:50:45+00:00\" \/>\n<meta property=\"og:image\" content=\"https:\/\/www.youthforequality.sk\/wp-content\/uploads\/2024\/01\/TPM-info-pack-Believe-in-Youth-.jpg\" \/>\n\t<meta property=\"og:image:width\" content=\"2000\" \/>\n\t<meta property=\"og:image:height\" content=\"1414\" \/>\n\t<meta property=\"og:image:type\" content=\"image\/jpeg\" \/>\n<meta name=\"author\" content=\"Yoana\" \/>\n<meta name=\"twitter:card\" content=\"summary_large_image\" \/>\n<meta name=\"twitter:label1\" content=\"Autor\" \/>\n\t<meta name=\"twitter:data1\" content=\"Yoana\" \/>\n\t<meta name=\"twitter:label2\" content=\"Predpokladan\u00fd \u010das \u010d\u00edtania\" \/>\n\t<meta name=\"twitter:data2\" content=\"5 min\u00fat\" \/>\n<script type=\"application\/ld+json\" class=\"yoast-schema-graph\">{\"@context\":\"https:\\\/\\\/schema.org\",\"@graph\":[{\"@type\":\"Article\",\"@id\":\"https:\\\/\\\/www.youthforequality.sk\\\/index.php\\\/2024\\\/01\\\/09\\\/believe-in-youth\\\/#article\",\"isPartOf\":{\"@id\":\"https:\\\/\\\/www.youthforequality.sk\\\/index.php\\\/2024\\\/01\\\/09\\\/believe-in-youth\\\/\"},\"author\":{\"name\":\"Yoana\",\"@id\":\"https:\\\/\\\/www.youthforequality.sk\\\/#\\\/schema\\\/person\\\/f68f7ffe79f5a2bba235fb60e0283347\"},\"headline\":\"Believe in Youth\",\"datePublished\":\"2024-01-09T13:42:06+00:00\",\"dateModified\":\"2025-11-06T08:50:45+00:00\",\"mainEntityOfPage\":{\"@id\":\"https:\\\/\\\/www.youthforequality.sk\\\/index.php\\\/2024\\\/01\\\/09\\\/believe-in-youth\\\/\"},\"wordCount\":617,\"publisher\":{\"@id\":\"https:\\\/\\\/www.youthforequality.sk\\\/#organization\"},\"image\":{\"@id\":\"https:\\\/\\\/www.youthforequality.sk\\\/index.php\\\/2024\\\/01\\\/09\\\/believe-in-youth\\\/#primaryimage\"},\"thumbnailUrl\":\"https:\\\/\\\/www.youthforequality.sk\\\/wp-content\\\/uploads\\\/2024\\\/01\\\/TPM-info-pack-Believe-in-Youth-.jpg\",\"articleSection\":[\"Predo\u0161l\u00e9 Strategick\u00e9 partnerstv\u00e1\"],\"inLanguage\":\"sk-SK\"},{\"@type\":\"WebPage\",\"@id\":\"https:\\\/\\\/www.youthforequality.sk\\\/index.php\\\/2024\\\/01\\\/09\\\/believe-in-youth\\\/\",\"url\":\"https:\\\/\\\/www.youthforequality.sk\\\/index.php\\\/2024\\\/01\\\/09\\\/believe-in-youth\\\/\",\"name\":\"Believe in Youth |\",\"isPartOf\":{\"@id\":\"https:\\\/\\\/www.youthforequality.sk\\\/#website\"},\"primaryImageOfPage\":{\"@id\":\"https:\\\/\\\/www.youthforequality.sk\\\/index.php\\\/2024\\\/01\\\/09\\\/believe-in-youth\\\/#primaryimage\"},\"image\":{\"@id\":\"https:\\\/\\\/www.youthforequality.sk\\\/index.php\\\/2024\\\/01\\\/09\\\/believe-in-youth\\\/#primaryimage\"},\"thumbnailUrl\":\"https:\\\/\\\/www.youthforequality.sk\\\/wp-content\\\/uploads\\\/2024\\\/01\\\/TPM-info-pack-Believe-in-Youth-.jpg\",\"datePublished\":\"2024-01-09T13:42:06+00:00\",\"dateModified\":\"2025-11-06T08:50:45+00:00\",\"breadcrumb\":{\"@id\":\"https:\\\/\\\/www.youthforequality.sk\\\/index.php\\\/2024\\\/01\\\/09\\\/believe-in-youth\\\/#breadcrumb\"},\"inLanguage\":\"sk-SK\",\"potentialAction\":[{\"@type\":\"ReadAction\",\"target\":[\"https:\\\/\\\/www.youthforequality.sk\\\/index.php\\\/2024\\\/01\\\/09\\\/believe-in-youth\\\/\"]}]},{\"@type\":\"ImageObject\",\"inLanguage\":\"sk-SK\",\"@id\":\"https:\\\/\\\/www.youthforequality.sk\\\/index.php\\\/2024\\\/01\\\/09\\\/believe-in-youth\\\/#primaryimage\",\"url\":\"https:\\\/\\\/www.youthforequality.sk\\\/wp-content\\\/uploads\\\/2024\\\/01\\\/TPM-info-pack-Believe-in-Youth-.jpg\",\"contentUrl\":\"https:\\\/\\\/www.youthforequality.sk\\\/wp-content\\\/uploads\\\/2024\\\/01\\\/TPM-info-pack-Believe-in-Youth-.jpg\",\"width\":2000,\"height\":1414},{\"@type\":\"BreadcrumbList\",\"@id\":\"https:\\\/\\\/www.youthforequality.sk\\\/index.php\\\/2024\\\/01\\\/09\\\/believe-in-youth\\\/#breadcrumb\",\"itemListElement\":[{\"@type\":\"ListItem\",\"position\":1,\"name\":\"Home\",\"item\":\"https:\\\/\\\/www.youthforequality.sk\\\/\"},{\"@type\":\"ListItem\",\"position\":2,\"name\":\"Believe in Youth\"}]},{\"@type\":\"WebSite\",\"@id\":\"https:\\\/\\\/www.youthforequality.sk\\\/#website\",\"url\":\"https:\\\/\\\/www.youthforequality.sk\\\/\",\"name\":\"\",\"description\":\"\",\"publisher\":{\"@id\":\"https:\\\/\\\/www.youthforequality.sk\\\/#organization\"},\"potentialAction\":[{\"@type\":\"SearchAction\",\"target\":{\"@type\":\"EntryPoint\",\"urlTemplate\":\"https:\\\/\\\/www.youthforequality.sk\\\/?s={search_term_string}\"},\"query-input\":{\"@type\":\"PropertyValueSpecification\",\"valueRequired\":true,\"valueName\":\"search_term_string\"}}],\"inLanguage\":\"sk-SK\"},{\"@type\":\"Organization\",\"@id\":\"https:\\\/\\\/www.youthforequality.sk\\\/#organization\",\"name\":\"Youth for Equality\",\"url\":\"https:\\\/\\\/www.youthforequality.sk\\\/\",\"logo\":{\"@type\":\"ImageObject\",\"inLanguage\":\"sk-SK\",\"@id\":\"https:\\\/\\\/www.youthforequality.sk\\\/#\\\/schema\\\/logo\\\/image\\\/\",\"url\":\"https:\\\/\\\/www.youthforequality.sk\\\/wp-content\\\/uploads\\\/2021\\\/01\\\/vynovene-logo-nove-farby_modra-na-web.png\",\"contentUrl\":\"https:\\\/\\\/www.youthforequality.sk\\\/wp-content\\\/uploads\\\/2021\\\/01\\\/vynovene-logo-nove-farby_modra-na-web.png\",\"width\":1,\"height\":1,\"caption\":\"Youth for Equality\"},\"image\":{\"@id\":\"https:\\\/\\\/www.youthforequality.sk\\\/#\\\/schema\\\/logo\\\/image\\\/\"},\"sameAs\":[\"https:\\\/\\\/www.facebook.com\\\/yeslovakia\"]},{\"@type\":\"Person\",\"@id\":\"https:\\\/\\\/www.youthforequality.sk\\\/#\\\/schema\\\/person\\\/f68f7ffe79f5a2bba235fb60e0283347\",\"name\":\"Yoana\",\"image\":{\"@type\":\"ImageObject\",\"inLanguage\":\"sk-SK\",\"@id\":\"https:\\\/\\\/secure.gravatar.com\\\/avatar\\\/f5889cd61205e50db708a0aee253e7dd1c444eef2df020270b30bb0594b8e643?s=96&d=mm&r=g\",\"url\":\"https:\\\/\\\/secure.gravatar.com\\\/avatar\\\/f5889cd61205e50db708a0aee253e7dd1c444eef2df020270b30bb0594b8e643?s=96&d=mm&r=g\",\"contentUrl\":\"https:\\\/\\\/secure.gravatar.com\\\/avatar\\\/f5889cd61205e50db708a0aee253e7dd1c444eef2df020270b30bb0594b8e643?s=96&d=mm&r=g\",\"caption\":\"Yoana\"},\"url\":\"https:\\\/\\\/www.youthforequality.sk\\\/index.php\\\/author\\\/yoana\\\/\"}]}<\/script>\n<!-- \/ Yoast SEO plugin. -->","yoast_head_json":{"title":"Believe in Youth |","robots":{"index":"index","follow":"follow","max-snippet":"max-snippet:-1","max-image-preview":"max-image-preview:large","max-video-preview":"max-video-preview:-1"},"canonical":"https:\/\/www.youthforequality.sk\/index.php\/2024\/01\/09\/believe-in-youth\/","og_locale":"sk_SK","og_type":"article","og_title":"Believe in Youth |","og_description":"Pom\u00e1hame mlad\u00fdm \u013eu\u010fom veri\u0165 v seba a svoju bud\u00facnos\u0165 Projekt Believe in YOUth je realizovan\u00fd v r\u00e1mci programu Erasmus+ Youth \u2013 K\u013e\u00fa\u010dov\u00e1 akcia 2: Partnerstv\u00e1 spolupr\u00e1ce v oblasti ml\u00e1de\u017ee&nbsp;a koordinuje ho organiz\u00e1cia Institut R\u00e9gional d\u2019Insertion Professionnelle et Sociale (Franc\u00fazsko) pod grantom&nbsp;2022-2-FR02-KA220-YOU-000102180. Na projekte spolupracuj\u00fa partneri z piatich eur\u00f3pskych kraj\u00edn: IRIPS (Franc\u00fazsko) \u2013 koordin\u00e1tor projektu Youth&hellip;&nbsp;\u010c\u00edta\u0165 viac &raquo;Believe in Youth","og_url":"https:\/\/www.youthforequality.sk\/index.php\/2024\/01\/09\/believe-in-youth\/","article_publisher":"https:\/\/www.facebook.com\/yeslovakia","article_published_time":"2024-01-09T13:42:06+00:00","article_modified_time":"2025-11-06T08:50:45+00:00","og_image":[{"width":2000,"height":1414,"url":"https:\/\/www.youthforequality.sk\/wp-content\/uploads\/2024\/01\/TPM-info-pack-Believe-in-Youth-.jpg","type":"image\/jpeg"}],"author":"Yoana","twitter_card":"summary_large_image","twitter_misc":{"Autor":"Yoana","Predpokladan\u00fd \u010das \u010d\u00edtania":"5 min\u00fat"},"schema":{"@context":"https:\/\/schema.org","@graph":[{"@type":"Article","@id":"https:\/\/www.youthforequality.sk\/index.php\/2024\/01\/09\/believe-in-youth\/#article","isPartOf":{"@id":"https:\/\/www.youthforequality.sk\/index.php\/2024\/01\/09\/believe-in-youth\/"},"author":{"name":"Yoana","@id":"https:\/\/www.youthforequality.sk\/#\/schema\/person\/f68f7ffe79f5a2bba235fb60e0283347"},"headline":"Believe in Youth","datePublished":"2024-01-09T13:42:06+00:00","dateModified":"2025-11-06T08:50:45+00:00","mainEntityOfPage":{"@id":"https:\/\/www.youthforequality.sk\/index.php\/2024\/01\/09\/believe-in-youth\/"},"wordCount":617,"publisher":{"@id":"https:\/\/www.youthforequality.sk\/#organization"},"image":{"@id":"https:\/\/www.youthforequality.sk\/index.php\/2024\/01\/09\/believe-in-youth\/#primaryimage"},"thumbnailUrl":"https:\/\/www.youthforequality.sk\/wp-content\/uploads\/2024\/01\/TPM-info-pack-Believe-in-Youth-.jpg","articleSection":["Predo\u0161l\u00e9 Strategick\u00e9 partnerstv\u00e1"],"inLanguage":"sk-SK"},{"@type":"WebPage","@id":"https:\/\/www.youthforequality.sk\/index.php\/2024\/01\/09\/believe-in-youth\/","url":"https:\/\/www.youthforequality.sk\/index.php\/2024\/01\/09\/believe-in-youth\/","name":"Believe in Youth |","isPartOf":{"@id":"https:\/\/www.youthforequality.sk\/#website"},"primaryImageOfPage":{"@id":"https:\/\/www.youthforequality.sk\/index.php\/2024\/01\/09\/believe-in-youth\/#primaryimage"},"image":{"@id":"https:\/\/www.youthforequality.sk\/index.php\/2024\/01\/09\/believe-in-youth\/#primaryimage"},"thumbnailUrl":"https:\/\/www.youthforequality.sk\/wp-content\/uploads\/2024\/01\/TPM-info-pack-Believe-in-Youth-.jpg","datePublished":"2024-01-09T13:42:06+00:00","dateModified":"2025-11-06T08:50:45+00:00","breadcrumb":{"@id":"https:\/\/www.youthforequality.sk\/index.php\/2024\/01\/09\/believe-in-youth\/#breadcrumb"},"inLanguage":"sk-SK","potentialAction":[{"@type":"ReadAction","target":["https:\/\/www.youthforequality.sk\/index.php\/2024\/01\/09\/believe-in-youth\/"]}]},{"@type":"ImageObject","inLanguage":"sk-SK","@id":"https:\/\/www.youthforequality.sk\/index.php\/2024\/01\/09\/believe-in-youth\/#primaryimage","url":"https:\/\/www.youthforequality.sk\/wp-content\/uploads\/2024\/01\/TPM-info-pack-Believe-in-Youth-.jpg","contentUrl":"https:\/\/www.youthforequality.sk\/wp-content\/uploads\/2024\/01\/TPM-info-pack-Believe-in-Youth-.jpg","width":2000,"height":1414},{"@type":"BreadcrumbList","@id":"https:\/\/www.youthforequality.sk\/index.php\/2024\/01\/09\/believe-in-youth\/#breadcrumb","itemListElement":[{"@type":"ListItem","position":1,"name":"Home","item":"https:\/\/www.youthforequality.sk\/"},{"@type":"ListItem","position":2,"name":"Believe in Youth"}]},{"@type":"WebSite","@id":"https:\/\/www.youthforequality.sk\/#website","url":"https:\/\/www.youthforequality.sk\/","name":"","description":"","publisher":{"@id":"https:\/\/www.youthforequality.sk\/#organization"},"potentialAction":[{"@type":"SearchAction","target":{"@type":"EntryPoint","urlTemplate":"https:\/\/www.youthforequality.sk\/?s={search_term_string}"},"query-input":{"@type":"PropertyValueSpecification","valueRequired":true,"valueName":"search_term_string"}}],"inLanguage":"sk-SK"},{"@type":"Organization","@id":"https:\/\/www.youthforequality.sk\/#organization","name":"Youth for Equality","url":"https:\/\/www.youthforequality.sk\/","logo":{"@type":"ImageObject","inLanguage":"sk-SK","@id":"https:\/\/www.youthforequality.sk\/#\/schema\/logo\/image\/","url":"https:\/\/www.youthforequality.sk\/wp-content\/uploads\/2021\/01\/vynovene-logo-nove-farby_modra-na-web.png","contentUrl":"https:\/\/www.youthforequality.sk\/wp-content\/uploads\/2021\/01\/vynovene-logo-nove-farby_modra-na-web.png","width":1,"height":1,"caption":"Youth for Equality"},"image":{"@id":"https:\/\/www.youthforequality.sk\/#\/schema\/logo\/image\/"},"sameAs":["https:\/\/www.facebook.com\/yeslovakia"]},{"@type":"Person","@id":"https:\/\/www.youthforequality.sk\/#\/schema\/person\/f68f7ffe79f5a2bba235fb60e0283347","name":"Yoana","image":{"@type":"ImageObject","inLanguage":"sk-SK","@id":"https:\/\/secure.gravatar.com\/avatar\/f5889cd61205e50db708a0aee253e7dd1c444eef2df020270b30bb0594b8e643?s=96&d=mm&r=g","url":"https:\/\/secure.gravatar.com\/avatar\/f5889cd61205e50db708a0aee253e7dd1c444eef2df020270b30bb0594b8e643?s=96&d=mm&r=g","contentUrl":"https:\/\/secure.gravatar.com\/avatar\/f5889cd61205e50db708a0aee253e7dd1c444eef2df020270b30bb0594b8e643?s=96&d=mm&r=g","caption":"Yoana"},"url":"https:\/\/www.youthforequality.sk\/index.php\/author\/yoana\/"}]}},"_links":{"self":[{"href":"https:\/\/www.youthforequality.sk\/index.php\/wp-json\/wp\/v2\/posts\/6384","targetHints":{"allow":["GET"]}}],"collection":[{"href":"https:\/\/www.youthforequality.sk\/index.php\/wp-json\/wp\/v2\/posts"}],"about":[{"href":"https:\/\/www.youthforequality.sk\/index.php\/wp-json\/wp\/v2\/types\/post"}],"author":[{"embeddable":true,"href":"https:\/\/www.youthforequality.sk\/index.php\/wp-json\/wp\/v2\/users\/8"}],"replies":[{"embeddable":true,"href":"https:\/\/www.youthforequality.sk\/index.php\/wp-json\/wp\/v2\/comments?post=6384"}],"version-history":[{"count":25,"href":"https:\/\/www.youthforequality.sk\/index.php\/wp-json\/wp\/v2\/posts\/6384\/revisions"}],"predecessor-version":[{"id":9978,"href":"https:\/\/www.youthforequality.sk\/index.php\/wp-json\/wp\/v2\/posts\/6384\/revisions\/9978"}],"wp:featuredmedia":[{"embeddable":true,"href":"https:\/\/www.youthforequality.sk\/index.php\/wp-json\/wp\/v2\/media\/6386"}],"wp:attachment":[{"href":"https:\/\/www.youthforequality.sk\/index.php\/wp-json\/wp\/v2\/media?parent=6384"}],"wp:term":[{"taxonomy":"category","embeddable":true,"href":"https:\/\/www.youthforequality.sk\/index.php\/wp-json\/wp\/v2\/categories?post=6384"},{"taxonomy":"post_tag","embeddable":true,"href":"https:\/\/www.youthforequality.sk\/index.php\/wp-json\/wp\/v2\/tags?post=6384"}],"curies":[{"name":"wp","href":"https:\/\/api.w.org\/{rel}","templated":true}]}}