{"id":6481,"date":"2024-01-22T11:36:00","date_gmt":"2024-01-22T10:36:00","guid":{"rendered":"https:\/\/www.youthforequality.sk\/?p=6481"},"modified":"2024-01-22T11:39:32","modified_gmt":"2024-01-22T10:39:32","slug":"mladeznicka-vymena-meet-me-in-eu-estonia","status":"publish","type":"post","link":"https:\/\/www.youthforequality.sk\/index.php\/2024\/01\/22\/mladeznicka-vymena-meet-me-in-eu-estonia\/","title":{"rendered":"Ml\u00e1de\u017en\u00edcka v\u00fdmena: Meet me in EU, Estonia"},"content":{"rendered":"\t\t<div data-elementor-type=\"wp-post\" data-elementor-id=\"6481\" class=\"elementor elementor-6481\">\n\t\t\t\t\t\t<section class=\"elementor-section elementor-top-section elementor-element elementor-element-2f5dabd1 elementor-section-boxed elementor-section-height-default elementor-section-height-default\" data-id=\"2f5dabd1\" data-element_type=\"section\" data-e-type=\"section\">\n\t\t\t\t\t\t<div class=\"elementor-container elementor-column-gap-default\">\n\t\t\t\t\t<div class=\"elementor-column elementor-col-100 elementor-top-column elementor-element elementor-element-3a8a9442\" data-id=\"3a8a9442\" data-element_type=\"column\" data-e-type=\"column\">\n\t\t\t<div class=\"elementor-widget-wrap elementor-element-populated\">\n\t\t\t\t\t\t<div class=\"elementor-element elementor-element-44290c00 elementor-widget elementor-widget-text-editor\" data-id=\"44290c00\" data-element_type=\"widget\" data-e-type=\"widget\" data-widget_type=\"text-editor.default\">\n\t\t\t\t<div class=\"elementor-widget-container\">\n\t\t\t\t\t\t\t\t\tV rozpr\u00e1vkovo zasne\u017eenej krajine Est\u00f3nska sa stretli \u00fa\u010dastn\u00edci zo Slovenska, Franc\u00fazska, Rumunska, \u0160panielska, Est\u00f3nska, Talianska a Po\u013eska na ml\u00e1de\u017en\u00edckej v\u00fdmene \u201cMeet me in EU\u201d. Aj v\u010faka pozad\u00ed zimnej krajiny s priemernou teplotou -20 \u00b0C sa stal tento projekt unik\u00e1tnym objavovan\u00edm d\u00f4le\u017eitosti Eur\u00f3pskej \u00fanie (E\u00da). V srdci est\u00f3nskej zimnej krajiny si \u00fa\u010dastn\u00edci vo vo\u013enom \u010dase u\u017e\u00edvali r\u00f4zne zimn\u00e9 aktivity, vr\u00e1tane kor\u010du\u013eovania kde sa v\u010faka \u00fa\u010dastn\u00ed\u010dke zo \u0160panielska nau\u010dili piruety, s\u00e1nkovania, gu\u013eovania, strelnici a osvie\u017euj\u00facej v\u00fdzvy otu\u017eovania v zamrznutom jazere. V\u00e4\u010d\u0161ina \u00fa\u010dastn\u00edkov videla sneh po prv\u00fd kr\u00e1t v \u017eivote. Tieto spolo\u010dn\u00e9 z\u00e1\u017eitky pomohli prekon\u00e1va\u0165 kult\u00farne bari\u00e9ry a vytv\u00e1ra\u0165 trval\u00e9 priate\u013estv\u00e1 medzi \u00fa\u010dastn\u00edkmi. Po\u010das projektu sa kolekt\u00edvne diskutovali a uvedomovali sa d\u00f4le\u017eitosti E\u00da. \u00da\u010dastn\u00edci sa prostredn\u00edctvom workshopov a interakt\u00edvnych stretnut\u00ed ponorili do \u0161iestich z\u00e1kladn\u00fdch hodn\u00f4t E\u00da: demokracie, \u013eudskej d\u00f4stojnosti, slobody, rovnosti, pr\u00e1vneho \u0161t\u00e1tu a \u013eudsk\u00fdch pr\u00e1v. V\u0161etky nov\u00e9 poznatky zd\u00f4raznili d\u00f4le\u017eitos\u0165 jednoty a spolupr\u00e1ce naprie\u010d hranicami. V\u00fdznamn\u00fa \u00falohu t\u00e1to ml\u00e1de\u017enick\u00e1 v\u00fdmena pridelila aj multilingual competence, ke\u010f\u017ee \u00fa\u010dastn\u00edci z r\u00f4znych jazykov\u00fdch prostred\u00ed mohli zdiela\u0165 r\u00f4zne jazyky. Sk\u00fasenos\u0165 pod\u010diarkla d\u00f4le\u017eitos\u0165 efekt\u00edvnej komunik\u00e1cie v multikult\u00farnom prostred\u00ed a oslavovala bohatstvo kult\u00farnej rozmanitosti v r\u00e1mci eur\u00f3pskej komunity. Okrem \u0161tandardn\u00fdch aktiv\u00edt sa organizovali kult\u00farne ve\u010dery, na ktor\u00fdch ka\u017ed\u00e1 krajina zdielala svoje jedine\u010dn\u00e9 trad\u00edcie. Na est\u00f3nskej noci sme napr\u00edklad mali mo\u017enos\u0165 z\u00fa\u010dastni\u0165 sa pretekov a vysk\u00fa\u0161a\u0165 si majstrovstv\u00e1 v nosen\u00ed man\u017eelky. Bolo to z\u00e1bavn\u00e9, prispelo to k lep\u0161iemu porozumeniu est\u00f3nskej kult\u00fary. Okrem toho sme mali pr\u00edle\u017eitos\u0165 ochutna\u0165 r\u00f4zne sladkosti a \u0161peciality z pr\u00edtomn\u00fdch kraj\u00edn. Ale aj vypo\u010du\u0165 si hudbu a d\u00f4le\u017eit\u00e9 zauj\u00edmavosti o krajin\u00e1ch z oblasti hist\u00f3rie. To n\u00e1m pomohlo nau\u010di\u0165 sa mnoho nov\u00e9ho, no z\u00e1rove\u0148 objavi\u0165 aj to, \u010do m\u00e1me spolo\u010dn\u00e9. \u010eal\u0161\u00edm zauj\u00edmav\u00fdm momentom v\u00fdmeny bola n\u00e1v\u0161teva mesta Tartu, kde sme mohli obdivova\u0165 historick\u00e9 budovy, ako napr\u00edklad najstar\u0161iu univerzitu v Est\u00f3nsku. T\u00e1to univerzita o\u017eivila na\u0161e povedomie o bohatstve est\u00f3nskej hist\u00f3rie a vzdelania. Nav\u0161t\u00edvili sme aj AHHAA Science Centre. Inovat\u00edvne atrakcie n\u00e1m umo\u017enili objavova\u0165 fascinuj\u00face aspekty vedy a technol\u00f3gie v interakt\u00edvnom prostred\u00ed. Boli sme fascinovan\u00ed experimentmi, interakt\u00edvnymi v\u00fdstavami a vzdel\u00e1vac\u00edmi aktivitami, ktor\u00e9 n\u00e1s priv\u00edtali u\u017e pred vstupom do tohto centra. Presk\u00famavanie politick\u00e9ho prostredia E\u00da \u00fa\u010dastn\u00edkom poskytlo poh\u013eady do fungovania Eur\u00f3pskeho parlamentu a v\u00fdznamu r\u00f4znych politick\u00fdch str\u00e1n. Porozumenie politick\u00fdm dynamik\u00e1m v r\u00e1mci E\u00da roz\u0161\u00edrilo poh\u013eady a umo\u017enilo \u00fa\u010dastn\u00edkom by\u0165 informovan\u00fdmi a akt\u00edvnymi ob\u010danmi. Nedelite\u013enou s\u00fa\u010das\u0165ou projektu bola v\u00fdmena inform\u00e1ci\u00ed o n\u00e1rodn\u00fdch hodnot\u00e1ch ka\u017edej z\u00fa\u010dastnenej krajiny. Zdielanie a u\u010denie sa o r\u00f4znych kult\u00farach, trad\u00edci\u00e1ch a dejin\u00e1ch posilnilo ocenenie eur\u00f3pskej spolupatri\u010dnosti. V\u00fdznamnou lekciou, ktor\u00fa \u00fa\u010dastn\u00edci z\u00edskali po\u010das v\u00fdmeny, bola d\u00f4le\u017eitos\u0165 \u0161\u00edrenia v\u00fdznamu volieb do Eur\u00f3pskeho parlamentu. \u00da\u010dastn\u00edci si uvedomili zodpovednos\u0165 \u0161\u00edri\u0165 d\u00f4le\u017eitos\u0165 akt\u00edvnej \u00fa\u010dasti v demokratickom procese medzi priate\u013emi, rodinou, spolu\u017eiakmi a kolegami. Ml\u00e1de\u017en\u00edcka v\u00fdmena v Est\u00f3nsku presiahla hranice jednoduch\u00e9ho dobrodru\u017estva v zasne\u017eenej krajine. Stala sa hlbok\u00fdm objavovan\u00edm jednoty, spolo\u010dn\u00fdch hodn\u00f4t a k\u013e\u00fa\u010dovej \u00falohy, ktor\u00fa ka\u017ed\u00fd \u00fa\u010dastn\u00edk zohr\u00e1va pri formovan\u00ed bud\u00facnosti Eur\u00f3pskej \u00fanie. Ako sa \u00fa\u010dastn\u00edci vr\u00e1tia do svojich kraj\u00edn, nenes\u00fa so sebou len spomienky na zimn\u00e9 kr\u00e1sy, ale aj hlbok\u00fd pocit spojenia s v\u00e4\u010d\u0161ou eur\u00f3pskou komunitou.\t\t\t\t\t\t\t\t<\/div>\n\t\t\t\t<\/div>\n\t\t\t\t\t<\/div>\n\t\t<\/div>\n\t\t\t\t\t<\/div>\n\t\t<\/section>\n\t\t\t\t<section class=\"elementor-section elementor-top-section elementor-element elementor-element-b07b0b3 elementor-section-boxed elementor-section-height-default elementor-section-height-default\" data-id=\"b07b0b3\" data-element_type=\"section\" data-e-type=\"section\">\n\t\t\t\t\t\t<div class=\"elementor-container elementor-column-gap-default\">\n\t\t\t\t\t<div class=\"elementor-column elementor-col-25 elementor-top-column elementor-element elementor-element-2ee386d\" data-id=\"2ee386d\" data-element_type=\"column\" data-e-type=\"column\">\n\t\t\t<div class=\"elementor-widget-wrap elementor-element-populated\">\n\t\t\t\t\t\t<div class=\"elementor-element elementor-element-cf0bebd elementor-widget elementor-widget-image\" data-id=\"cf0bebd\" data-element_type=\"widget\" data-e-type=\"widget\" data-widget_type=\"image.default\">\n\t\t\t\t<div class=\"elementor-widget-container\">\n\t\t\t\t\t\t\t\t\t\t\t\t\t\t\t<img fetchpriority=\"high\" decoding=\"async\" width=\"768\" height=\"1024\" src=\"https:\/\/www.youthforequality.sk\/wp-content\/uploads\/2024\/01\/WhatsApp-Image-2024-01-22-at-11.26.55-768x1024.jpeg\" class=\"attachment-large size-large wp-image-6486\" alt=\"\" srcset=\"https:\/\/www.youthforequality.sk\/wp-content\/uploads\/2024\/01\/WhatsApp-Image-2024-01-22-at-11.26.55-768x1024.jpeg 768w, https:\/\/www.youthforequality.sk\/wp-content\/uploads\/2024\/01\/WhatsApp-Image-2024-01-22-at-11.26.55-225x300.jpeg 225w, https:\/\/www.youthforequality.sk\/wp-content\/uploads\/2024\/01\/WhatsApp-Image-2024-01-22-at-11.26.55-1152x1536.jpeg 1152w, https:\/\/www.youthforequality.sk\/wp-content\/uploads\/2024\/01\/WhatsApp-Image-2024-01-22-at-11.26.55.jpeg 1500w\" sizes=\"(max-width: 768px) 100vw, 768px\" \/>\t\t\t\t\t\t\t\t\t\t\t\t\t\t\t<\/div>\n\t\t\t\t<\/div>\n\t\t\t\t\t<\/div>\n\t\t<\/div>\n\t\t\t\t<div class=\"elementor-column elementor-col-25 elementor-top-column elementor-element elementor-element-07db47d\" data-id=\"07db47d\" data-element_type=\"column\" data-e-type=\"column\">\n\t\t\t<div class=\"elementor-widget-wrap elementor-element-populated\">\n\t\t\t\t\t\t<div class=\"elementor-element elementor-element-125ec55 elementor-widget elementor-widget-image\" data-id=\"125ec55\" data-element_type=\"widget\" data-e-type=\"widget\" data-widget_type=\"image.default\">\n\t\t\t\t<div class=\"elementor-widget-container\">\n\t\t\t\t\t\t\t\t\t\t\t\t\t\t\t<img decoding=\"async\" width=\"768\" height=\"1024\" src=\"https:\/\/www.youthforequality.sk\/wp-content\/uploads\/2024\/01\/WhatsApp-Image-2024-01-22-at-11.26.56-768x1024.jpeg\" class=\"attachment-large size-large wp-image-6487\" alt=\"\" srcset=\"https:\/\/www.youthforequality.sk\/wp-content\/uploads\/2024\/01\/WhatsApp-Image-2024-01-22-at-11.26.56-768x1024.jpeg 768w, https:\/\/www.youthforequality.sk\/wp-content\/uploads\/2024\/01\/WhatsApp-Image-2024-01-22-at-11.26.56-225x300.jpeg 225w, https:\/\/www.youthforequality.sk\/wp-content\/uploads\/2024\/01\/WhatsApp-Image-2024-01-22-at-11.26.56-1152x1536.jpeg 1152w, https:\/\/www.youthforequality.sk\/wp-content\/uploads\/2024\/01\/WhatsApp-Image-2024-01-22-at-11.26.56.jpeg 1500w\" sizes=\"(max-width: 768px) 100vw, 768px\" \/>\t\t\t\t\t\t\t\t\t\t\t\t\t\t\t<\/div>\n\t\t\t\t<\/div>\n\t\t\t\t\t<\/div>\n\t\t<\/div>\n\t\t\t\t<div class=\"elementor-column elementor-col-25 elementor-top-column elementor-element elementor-element-d9b8238\" data-id=\"d9b8238\" data-element_type=\"column\" data-e-type=\"column\">\n\t\t\t<div class=\"elementor-widget-wrap elementor-element-populated\">\n\t\t\t\t\t\t<div class=\"elementor-element elementor-element-2a2d0be elementor-widget elementor-widget-image\" data-id=\"2a2d0be\" data-element_type=\"widget\" data-e-type=\"widget\" data-widget_type=\"image.default\">\n\t\t\t\t<div class=\"elementor-widget-container\">\n\t\t\t\t\t\t\t\t\t\t\t\t\t\t\t<img decoding=\"async\" width=\"768\" height=\"1024\" src=\"https:\/\/www.youthforequality.sk\/wp-content\/uploads\/2024\/01\/WhatsApp-Image-2024-01-22-at-11.26.55-1-768x1024.jpeg\" class=\"attachment-large size-large wp-image-6484\" alt=\"\" srcset=\"https:\/\/www.youthforequality.sk\/wp-content\/uploads\/2024\/01\/WhatsApp-Image-2024-01-22-at-11.26.55-1-768x1024.jpeg 768w, https:\/\/www.youthforequality.sk\/wp-content\/uploads\/2024\/01\/WhatsApp-Image-2024-01-22-at-11.26.55-1-225x300.jpeg 225w, https:\/\/www.youthforequality.sk\/wp-content\/uploads\/2024\/01\/WhatsApp-Image-2024-01-22-at-11.26.55-1-1152x1536.jpeg 1152w, https:\/\/www.youthforequality.sk\/wp-content\/uploads\/2024\/01\/WhatsApp-Image-2024-01-22-at-11.26.55-1.jpeg 1500w\" sizes=\"(max-width: 768px) 100vw, 768px\" \/>\t\t\t\t\t\t\t\t\t\t\t\t\t\t\t<\/div>\n\t\t\t\t<\/div>\n\t\t\t\t\t<\/div>\n\t\t<\/div>\n\t\t\t\t<div class=\"elementor-column elementor-col-25 elementor-top-column elementor-element elementor-element-513f133\" data-id=\"513f133\" data-element_type=\"column\" data-e-type=\"column\">\n\t\t\t<div class=\"elementor-widget-wrap elementor-element-populated\">\n\t\t\t\t\t\t<div class=\"elementor-element elementor-element-6e5896a elementor-widget elementor-widget-image\" data-id=\"6e5896a\" data-element_type=\"widget\" data-e-type=\"widget\" data-widget_type=\"image.default\">\n\t\t\t\t<div class=\"elementor-widget-container\">\n\t\t\t\t\t\t\t\t\t\t\t\t\t\t\t<img loading=\"lazy\" decoding=\"async\" width=\"768\" height=\"1024\" src=\"https:\/\/www.youthforequality.sk\/wp-content\/uploads\/2024\/01\/WhatsApp-Image-2024-01-22-at-11.26.54-768x1024.jpeg\" class=\"attachment-large size-large wp-image-6483\" alt=\"\" srcset=\"https:\/\/www.youthforequality.sk\/wp-content\/uploads\/2024\/01\/WhatsApp-Image-2024-01-22-at-11.26.54-768x1024.jpeg 768w, https:\/\/www.youthforequality.sk\/wp-content\/uploads\/2024\/01\/WhatsApp-Image-2024-01-22-at-11.26.54-225x300.jpeg 225w, https:\/\/www.youthforequality.sk\/wp-content\/uploads\/2024\/01\/WhatsApp-Image-2024-01-22-at-11.26.54-1152x1536.jpeg 1152w, https:\/\/www.youthforequality.sk\/wp-content\/uploads\/2024\/01\/WhatsApp-Image-2024-01-22-at-11.26.54.jpeg 1536w\" sizes=\"(max-width: 768px) 100vw, 768px\" \/>\t\t\t\t\t\t\t\t\t\t\t\t\t\t\t<\/div>\n\t\t\t\t<\/div>\n\t\t\t\t\t<\/div>\n\t\t<\/div>\n\t\t\t\t\t<\/div>\n\t\t<\/section>\n\t\t\t\t<\/div>\n\t\t","protected":false},"excerpt":{"rendered":"<p>V rozpr\u00e1vkovo zasne\u017eenej krajine Est\u00f3nska sa stretli \u00fa\u010dastn\u00edci zo Slovenska, Franc\u00fazska, Rumunska, \u0160panielska, Est\u00f3nska, Talianska a Po\u013eska na ml\u00e1de\u017en\u00edckej v\u00fdmene \u201cMeet me in EU\u201d. Aj v\u010faka pozad\u00ed zimnej krajiny s priemernou teplotou -20 \u00b0C sa stal tento projekt unik\u00e1tnym objavovan\u00edm d\u00f4le\u017eitosti Eur\u00f3pskej \u00fanie (E\u00da). V srdci est\u00f3nskej zimnej krajiny si \u00fa\u010dastn\u00edci vo vo\u013enom \u010dase u\u017e\u00edvali&hellip;&nbsp;<a href=\"https:\/\/www.youthforequality.sk\/index.php\/2024\/01\/22\/mladeznicka-vymena-meet-me-in-eu-estonia\/\" class=\"\" rel=\"bookmark\">\u010c\u00edta\u0165 viac &raquo;<span class=\"screen-reader-text\">Ml\u00e1de\u017en\u00edcka v\u00fdmena: Meet me in EU, Estonia<\/span><\/a><\/p>\n","protected":false},"author":7,"featured_media":6485,"comment_status":"closed","ping_status":"open","sticky":false,"template":"","format":"standard","meta":{"_uf_show_specific_survey":0,"_uf_disable_surveys":false,"neve_meta_sidebar":"","neve_meta_container":"","neve_meta_enable_content_width":"off","neve_meta_content_width":70,"neve_meta_title_alignment":"","neve_meta_author_avatar":"","neve_post_elements_order":"","neve_meta_disable_header":"","neve_meta_disable_footer":"","neve_meta_disable_title":"","_themeisle_gutenberg_block_has_review":false,"footnotes":""},"categories":[3],"tags":[],"class_list":["post-6481","post","type-post","status-publish","format-standard","has-post-thumbnail","hentry","category-blog"],"yoast_head":"<!-- This site is optimized with the Yoast SEO plugin v27.4 - https:\/\/yoast.com\/product\/yoast-seo-wordpress\/ -->\n<title>Ml\u00e1de\u017en\u00edcka v\u00fdmena: Meet me in EU, Estonia |<\/title>\n<meta name=\"robots\" content=\"index, follow, max-snippet:-1, max-image-preview:large, max-video-preview:-1\" \/>\n<link rel=\"canonical\" href=\"https:\/\/www.youthforequality.sk\/index.php\/2024\/01\/22\/mladeznicka-vymena-meet-me-in-eu-estonia\/\" \/>\n<meta property=\"og:locale\" content=\"sk_SK\" \/>\n<meta property=\"og:type\" content=\"article\" \/>\n<meta property=\"og:title\" content=\"Ml\u00e1de\u017en\u00edcka v\u00fdmena: Meet me in EU, Estonia |\" \/>\n<meta property=\"og:description\" content=\"V rozpr\u00e1vkovo zasne\u017eenej krajine Est\u00f3nska sa stretli \u00fa\u010dastn\u00edci zo Slovenska, Franc\u00fazska, Rumunska, \u0160panielska, Est\u00f3nska, Talianska a Po\u013eska na ml\u00e1de\u017en\u00edckej v\u00fdmene \u201cMeet me in EU\u201d. Aj v\u010faka pozad\u00ed zimnej krajiny s priemernou teplotou -20 \u00b0C sa stal tento projekt unik\u00e1tnym objavovan\u00edm d\u00f4le\u017eitosti Eur\u00f3pskej \u00fanie (E\u00da). V srdci est\u00f3nskej zimnej krajiny si \u00fa\u010dastn\u00edci vo vo\u013enom \u010dase u\u017e\u00edvali&hellip;&nbsp;\u010c\u00edta\u0165 viac &raquo;Ml\u00e1de\u017en\u00edcka v\u00fdmena: Meet me in EU, Estonia\" \/>\n<meta property=\"og:url\" content=\"https:\/\/www.youthforequality.sk\/index.php\/2024\/01\/22\/mladeznicka-vymena-meet-me-in-eu-estonia\/\" \/>\n<meta property=\"article:publisher\" content=\"https:\/\/www.facebook.com\/yeslovakia\" \/>\n<meta property=\"article:published_time\" content=\"2024-01-22T10:36:00+00:00\" \/>\n<meta property=\"article:modified_time\" content=\"2024-01-22T10:39:32+00:00\" \/>\n<meta property=\"og:image\" content=\"https:\/\/www.youthforequality.sk\/wp-content\/uploads\/2024\/01\/WhatsApp-Image-2024-01-22-at-11.26.55-2.jpeg\" \/>\n\t<meta property=\"og:image:width\" content=\"1536\" \/>\n\t<meta property=\"og:image:height\" content=\"2048\" \/>\n\t<meta property=\"og:image:type\" content=\"image\/jpeg\" \/>\n<meta name=\"author\" content=\"Silvia Jasenecova\" \/>\n<meta name=\"twitter:card\" content=\"summary_large_image\" \/>\n<meta name=\"twitter:label1\" content=\"Autor\" \/>\n\t<meta name=\"twitter:data1\" content=\"Silvia Jasenecova\" \/>\n\t<meta name=\"twitter:label2\" content=\"Predpokladan\u00fd \u010das \u010d\u00edtania\" \/>\n\t<meta name=\"twitter:data2\" content=\"4 min\u00faty\" \/>\n<script type=\"application\/ld+json\" class=\"yoast-schema-graph\">{\"@context\":\"https:\\\/\\\/schema.org\",\"@graph\":[{\"@type\":\"Article\",\"@id\":\"https:\\\/\\\/www.youthforequality.sk\\\/index.php\\\/2024\\\/01\\\/22\\\/mladeznicka-vymena-meet-me-in-eu-estonia\\\/#article\",\"isPartOf\":{\"@id\":\"https:\\\/\\\/www.youthforequality.sk\\\/index.php\\\/2024\\\/01\\\/22\\\/mladeznicka-vymena-meet-me-in-eu-estonia\\\/\"},\"author\":{\"name\":\"Silvia Jasenecova\",\"@id\":\"https:\\\/\\\/www.youthforequality.sk\\\/#\\\/schema\\\/person\\\/d342f25e638d824527d3b78bbfb97324\"},\"headline\":\"Ml\u00e1de\u017en\u00edcka v\u00fdmena: Meet me in EU, Estonia\",\"datePublished\":\"2024-01-22T10:36:00+00:00\",\"dateModified\":\"2024-01-22T10:39:32+00:00\",\"mainEntityOfPage\":{\"@id\":\"https:\\\/\\\/www.youthforequality.sk\\\/index.php\\\/2024\\\/01\\\/22\\\/mladeznicka-vymena-meet-me-in-eu-estonia\\\/\"},\"wordCount\":711,\"publisher\":{\"@id\":\"https:\\\/\\\/www.youthforequality.sk\\\/#organization\"},\"image\":{\"@id\":\"https:\\\/\\\/www.youthforequality.sk\\\/index.php\\\/2024\\\/01\\\/22\\\/mladeznicka-vymena-meet-me-in-eu-estonia\\\/#primaryimage\"},\"thumbnailUrl\":\"https:\\\/\\\/www.youthforequality.sk\\\/wp-content\\\/uploads\\\/2024\\\/01\\\/WhatsApp-Image-2024-01-22-at-11.26.55-2.jpeg\",\"articleSection\":[\"Blog\"],\"inLanguage\":\"sk-SK\"},{\"@type\":\"WebPage\",\"@id\":\"https:\\\/\\\/www.youthforequality.sk\\\/index.php\\\/2024\\\/01\\\/22\\\/mladeznicka-vymena-meet-me-in-eu-estonia\\\/\",\"url\":\"https:\\\/\\\/www.youthforequality.sk\\\/index.php\\\/2024\\\/01\\\/22\\\/mladeznicka-vymena-meet-me-in-eu-estonia\\\/\",\"name\":\"Ml\u00e1de\u017en\u00edcka v\u00fdmena: Meet me in EU, Estonia |\",\"isPartOf\":{\"@id\":\"https:\\\/\\\/www.youthforequality.sk\\\/#website\"},\"primaryImageOfPage\":{\"@id\":\"https:\\\/\\\/www.youthforequality.sk\\\/index.php\\\/2024\\\/01\\\/22\\\/mladeznicka-vymena-meet-me-in-eu-estonia\\\/#primaryimage\"},\"image\":{\"@id\":\"https:\\\/\\\/www.youthforequality.sk\\\/index.php\\\/2024\\\/01\\\/22\\\/mladeznicka-vymena-meet-me-in-eu-estonia\\\/#primaryimage\"},\"thumbnailUrl\":\"https:\\\/\\\/www.youthforequality.sk\\\/wp-content\\\/uploads\\\/2024\\\/01\\\/WhatsApp-Image-2024-01-22-at-11.26.55-2.jpeg\",\"datePublished\":\"2024-01-22T10:36:00+00:00\",\"dateModified\":\"2024-01-22T10:39:32+00:00\",\"breadcrumb\":{\"@id\":\"https:\\\/\\\/www.youthforequality.sk\\\/index.php\\\/2024\\\/01\\\/22\\\/mladeznicka-vymena-meet-me-in-eu-estonia\\\/#breadcrumb\"},\"inLanguage\":\"sk-SK\",\"potentialAction\":[{\"@type\":\"ReadAction\",\"target\":[\"https:\\\/\\\/www.youthforequality.sk\\\/index.php\\\/2024\\\/01\\\/22\\\/mladeznicka-vymena-meet-me-in-eu-estonia\\\/\"]}]},{\"@type\":\"ImageObject\",\"inLanguage\":\"sk-SK\",\"@id\":\"https:\\\/\\\/www.youthforequality.sk\\\/index.php\\\/2024\\\/01\\\/22\\\/mladeznicka-vymena-meet-me-in-eu-estonia\\\/#primaryimage\",\"url\":\"https:\\\/\\\/www.youthforequality.sk\\\/wp-content\\\/uploads\\\/2024\\\/01\\\/WhatsApp-Image-2024-01-22-at-11.26.55-2.jpeg\",\"contentUrl\":\"https:\\\/\\\/www.youthforequality.sk\\\/wp-content\\\/uploads\\\/2024\\\/01\\\/WhatsApp-Image-2024-01-22-at-11.26.55-2.jpeg\",\"width\":1536,\"height\":2048},{\"@type\":\"BreadcrumbList\",\"@id\":\"https:\\\/\\\/www.youthforequality.sk\\\/index.php\\\/2024\\\/01\\\/22\\\/mladeznicka-vymena-meet-me-in-eu-estonia\\\/#breadcrumb\",\"itemListElement\":[{\"@type\":\"ListItem\",\"position\":1,\"name\":\"Home\",\"item\":\"https:\\\/\\\/www.youthforequality.sk\\\/\"},{\"@type\":\"ListItem\",\"position\":2,\"name\":\"Ml\u00e1de\u017en\u00edcka v\u00fdmena: Meet me in EU, Estonia\"}]},{\"@type\":\"WebSite\",\"@id\":\"https:\\\/\\\/www.youthforequality.sk\\\/#website\",\"url\":\"https:\\\/\\\/www.youthforequality.sk\\\/\",\"name\":\"\",\"description\":\"\",\"publisher\":{\"@id\":\"https:\\\/\\\/www.youthforequality.sk\\\/#organization\"},\"potentialAction\":[{\"@type\":\"SearchAction\",\"target\":{\"@type\":\"EntryPoint\",\"urlTemplate\":\"https:\\\/\\\/www.youthforequality.sk\\\/?s={search_term_string}\"},\"query-input\":{\"@type\":\"PropertyValueSpecification\",\"valueRequired\":true,\"valueName\":\"search_term_string\"}}],\"inLanguage\":\"sk-SK\"},{\"@type\":\"Organization\",\"@id\":\"https:\\\/\\\/www.youthforequality.sk\\\/#organization\",\"name\":\"Youth for Equality\",\"url\":\"https:\\\/\\\/www.youthforequality.sk\\\/\",\"logo\":{\"@type\":\"ImageObject\",\"inLanguage\":\"sk-SK\",\"@id\":\"https:\\\/\\\/www.youthforequality.sk\\\/#\\\/schema\\\/logo\\\/image\\\/\",\"url\":\"https:\\\/\\\/www.youthforequality.sk\\\/wp-content\\\/uploads\\\/2021\\\/01\\\/vynovene-logo-nove-farby_modra-na-web.png\",\"contentUrl\":\"https:\\\/\\\/www.youthforequality.sk\\\/wp-content\\\/uploads\\\/2021\\\/01\\\/vynovene-logo-nove-farby_modra-na-web.png\",\"width\":1,\"height\":1,\"caption\":\"Youth for Equality\"},\"image\":{\"@id\":\"https:\\\/\\\/www.youthforequality.sk\\\/#\\\/schema\\\/logo\\\/image\\\/\"},\"sameAs\":[\"https:\\\/\\\/www.facebook.com\\\/yeslovakia\"]},{\"@type\":\"Person\",\"@id\":\"https:\\\/\\\/www.youthforequality.sk\\\/#\\\/schema\\\/person\\\/d342f25e638d824527d3b78bbfb97324\",\"name\":\"Silvia Jasenecova\",\"image\":{\"@type\":\"ImageObject\",\"inLanguage\":\"sk-SK\",\"@id\":\"https:\\\/\\\/secure.gravatar.com\\\/avatar\\\/43a8960df19336b9cc573e7be97a8f9c2f855c68a8e7248718d7ba5b039477bb?s=96&d=mm&r=g\",\"url\":\"https:\\\/\\\/secure.gravatar.com\\\/avatar\\\/43a8960df19336b9cc573e7be97a8f9c2f855c68a8e7248718d7ba5b039477bb?s=96&d=mm&r=g\",\"contentUrl\":\"https:\\\/\\\/secure.gravatar.com\\\/avatar\\\/43a8960df19336b9cc573e7be97a8f9c2f855c68a8e7248718d7ba5b039477bb?s=96&d=mm&r=g\",\"caption\":\"Silvia Jasenecova\"},\"url\":\"https:\\\/\\\/www.youthforequality.sk\\\/index.php\\\/author\\\/natalier\\\/\"}]}<\/script>\n<!-- \/ Yoast SEO plugin. -->","yoast_head_json":{"title":"Ml\u00e1de\u017en\u00edcka v\u00fdmena: Meet me in EU, Estonia |","robots":{"index":"index","follow":"follow","max-snippet":"max-snippet:-1","max-image-preview":"max-image-preview:large","max-video-preview":"max-video-preview:-1"},"canonical":"https:\/\/www.youthforequality.sk\/index.php\/2024\/01\/22\/mladeznicka-vymena-meet-me-in-eu-estonia\/","og_locale":"sk_SK","og_type":"article","og_title":"Ml\u00e1de\u017en\u00edcka v\u00fdmena: Meet me in EU, Estonia |","og_description":"V rozpr\u00e1vkovo zasne\u017eenej krajine Est\u00f3nska sa stretli \u00fa\u010dastn\u00edci zo Slovenska, Franc\u00fazska, Rumunska, \u0160panielska, Est\u00f3nska, Talianska a Po\u013eska na ml\u00e1de\u017en\u00edckej v\u00fdmene \u201cMeet me in EU\u201d. Aj v\u010faka pozad\u00ed zimnej krajiny s priemernou teplotou -20 \u00b0C sa stal tento projekt unik\u00e1tnym objavovan\u00edm d\u00f4le\u017eitosti Eur\u00f3pskej \u00fanie (E\u00da). V srdci est\u00f3nskej zimnej krajiny si \u00fa\u010dastn\u00edci vo vo\u013enom \u010dase u\u017e\u00edvali&hellip;&nbsp;\u010c\u00edta\u0165 viac &raquo;Ml\u00e1de\u017en\u00edcka v\u00fdmena: Meet me in EU, Estonia","og_url":"https:\/\/www.youthforequality.sk\/index.php\/2024\/01\/22\/mladeznicka-vymena-meet-me-in-eu-estonia\/","article_publisher":"https:\/\/www.facebook.com\/yeslovakia","article_published_time":"2024-01-22T10:36:00+00:00","article_modified_time":"2024-01-22T10:39:32+00:00","og_image":[{"width":1536,"height":2048,"url":"https:\/\/www.youthforequality.sk\/wp-content\/uploads\/2024\/01\/WhatsApp-Image-2024-01-22-at-11.26.55-2.jpeg","type":"image\/jpeg"}],"author":"Silvia Jasenecova","twitter_card":"summary_large_image","twitter_misc":{"Autor":"Silvia Jasenecova","Predpokladan\u00fd \u010das \u010d\u00edtania":"4 min\u00faty"},"schema":{"@context":"https:\/\/schema.org","@graph":[{"@type":"Article","@id":"https:\/\/www.youthforequality.sk\/index.php\/2024\/01\/22\/mladeznicka-vymena-meet-me-in-eu-estonia\/#article","isPartOf":{"@id":"https:\/\/www.youthforequality.sk\/index.php\/2024\/01\/22\/mladeznicka-vymena-meet-me-in-eu-estonia\/"},"author":{"name":"Silvia Jasenecova","@id":"https:\/\/www.youthforequality.sk\/#\/schema\/person\/d342f25e638d824527d3b78bbfb97324"},"headline":"Ml\u00e1de\u017en\u00edcka v\u00fdmena: Meet me in EU, Estonia","datePublished":"2024-01-22T10:36:00+00:00","dateModified":"2024-01-22T10:39:32+00:00","mainEntityOfPage":{"@id":"https:\/\/www.youthforequality.sk\/index.php\/2024\/01\/22\/mladeznicka-vymena-meet-me-in-eu-estonia\/"},"wordCount":711,"publisher":{"@id":"https:\/\/www.youthforequality.sk\/#organization"},"image":{"@id":"https:\/\/www.youthforequality.sk\/index.php\/2024\/01\/22\/mladeznicka-vymena-meet-me-in-eu-estonia\/#primaryimage"},"thumbnailUrl":"https:\/\/www.youthforequality.sk\/wp-content\/uploads\/2024\/01\/WhatsApp-Image-2024-01-22-at-11.26.55-2.jpeg","articleSection":["Blog"],"inLanguage":"sk-SK"},{"@type":"WebPage","@id":"https:\/\/www.youthforequality.sk\/index.php\/2024\/01\/22\/mladeznicka-vymena-meet-me-in-eu-estonia\/","url":"https:\/\/www.youthforequality.sk\/index.php\/2024\/01\/22\/mladeznicka-vymena-meet-me-in-eu-estonia\/","name":"Ml\u00e1de\u017en\u00edcka v\u00fdmena: Meet me in EU, Estonia |","isPartOf":{"@id":"https:\/\/www.youthforequality.sk\/#website"},"primaryImageOfPage":{"@id":"https:\/\/www.youthforequality.sk\/index.php\/2024\/01\/22\/mladeznicka-vymena-meet-me-in-eu-estonia\/#primaryimage"},"image":{"@id":"https:\/\/www.youthforequality.sk\/index.php\/2024\/01\/22\/mladeznicka-vymena-meet-me-in-eu-estonia\/#primaryimage"},"thumbnailUrl":"https:\/\/www.youthforequality.sk\/wp-content\/uploads\/2024\/01\/WhatsApp-Image-2024-01-22-at-11.26.55-2.jpeg","datePublished":"2024-01-22T10:36:00+00:00","dateModified":"2024-01-22T10:39:32+00:00","breadcrumb":{"@id":"https:\/\/www.youthforequality.sk\/index.php\/2024\/01\/22\/mladeznicka-vymena-meet-me-in-eu-estonia\/#breadcrumb"},"inLanguage":"sk-SK","potentialAction":[{"@type":"ReadAction","target":["https:\/\/www.youthforequality.sk\/index.php\/2024\/01\/22\/mladeznicka-vymena-meet-me-in-eu-estonia\/"]}]},{"@type":"ImageObject","inLanguage":"sk-SK","@id":"https:\/\/www.youthforequality.sk\/index.php\/2024\/01\/22\/mladeznicka-vymena-meet-me-in-eu-estonia\/#primaryimage","url":"https:\/\/www.youthforequality.sk\/wp-content\/uploads\/2024\/01\/WhatsApp-Image-2024-01-22-at-11.26.55-2.jpeg","contentUrl":"https:\/\/www.youthforequality.sk\/wp-content\/uploads\/2024\/01\/WhatsApp-Image-2024-01-22-at-11.26.55-2.jpeg","width":1536,"height":2048},{"@type":"BreadcrumbList","@id":"https:\/\/www.youthforequality.sk\/index.php\/2024\/01\/22\/mladeznicka-vymena-meet-me-in-eu-estonia\/#breadcrumb","itemListElement":[{"@type":"ListItem","position":1,"name":"Home","item":"https:\/\/www.youthforequality.sk\/"},{"@type":"ListItem","position":2,"name":"Ml\u00e1de\u017en\u00edcka v\u00fdmena: Meet me in EU, Estonia"}]},{"@type":"WebSite","@id":"https:\/\/www.youthforequality.sk\/#website","url":"https:\/\/www.youthforequality.sk\/","name":"","description":"","publisher":{"@id":"https:\/\/www.youthforequality.sk\/#organization"},"potentialAction":[{"@type":"SearchAction","target":{"@type":"EntryPoint","urlTemplate":"https:\/\/www.youthforequality.sk\/?s={search_term_string}"},"query-input":{"@type":"PropertyValueSpecification","valueRequired":true,"valueName":"search_term_string"}}],"inLanguage":"sk-SK"},{"@type":"Organization","@id":"https:\/\/www.youthforequality.sk\/#organization","name":"Youth for Equality","url":"https:\/\/www.youthforequality.sk\/","logo":{"@type":"ImageObject","inLanguage":"sk-SK","@id":"https:\/\/www.youthforequality.sk\/#\/schema\/logo\/image\/","url":"https:\/\/www.youthforequality.sk\/wp-content\/uploads\/2021\/01\/vynovene-logo-nove-farby_modra-na-web.png","contentUrl":"https:\/\/www.youthforequality.sk\/wp-content\/uploads\/2021\/01\/vynovene-logo-nove-farby_modra-na-web.png","width":1,"height":1,"caption":"Youth for Equality"},"image":{"@id":"https:\/\/www.youthforequality.sk\/#\/schema\/logo\/image\/"},"sameAs":["https:\/\/www.facebook.com\/yeslovakia"]},{"@type":"Person","@id":"https:\/\/www.youthforequality.sk\/#\/schema\/person\/d342f25e638d824527d3b78bbfb97324","name":"Silvia Jasenecova","image":{"@type":"ImageObject","inLanguage":"sk-SK","@id":"https:\/\/secure.gravatar.com\/avatar\/43a8960df19336b9cc573e7be97a8f9c2f855c68a8e7248718d7ba5b039477bb?s=96&d=mm&r=g","url":"https:\/\/secure.gravatar.com\/avatar\/43a8960df19336b9cc573e7be97a8f9c2f855c68a8e7248718d7ba5b039477bb?s=96&d=mm&r=g","contentUrl":"https:\/\/secure.gravatar.com\/avatar\/43a8960df19336b9cc573e7be97a8f9c2f855c68a8e7248718d7ba5b039477bb?s=96&d=mm&r=g","caption":"Silvia Jasenecova"},"url":"https:\/\/www.youthforequality.sk\/index.php\/author\/natalier\/"}]}},"_links":{"self":[{"href":"https:\/\/www.youthforequality.sk\/index.php\/wp-json\/wp\/v2\/posts\/6481","targetHints":{"allow":["GET"]}}],"collection":[{"href":"https:\/\/www.youthforequality.sk\/index.php\/wp-json\/wp\/v2\/posts"}],"about":[{"href":"https:\/\/www.youthforequality.sk\/index.php\/wp-json\/wp\/v2\/types\/post"}],"author":[{"embeddable":true,"href":"https:\/\/www.youthforequality.sk\/index.php\/wp-json\/wp\/v2\/users\/7"}],"replies":[{"embeddable":true,"href":"https:\/\/www.youthforequality.sk\/index.php\/wp-json\/wp\/v2\/comments?post=6481"}],"version-history":[{"count":5,"href":"https:\/\/www.youthforequality.sk\/index.php\/wp-json\/wp\/v2\/posts\/6481\/revisions"}],"predecessor-version":[{"id":6491,"href":"https:\/\/www.youthforequality.sk\/index.php\/wp-json\/wp\/v2\/posts\/6481\/revisions\/6491"}],"wp:featuredmedia":[{"embeddable":true,"href":"https:\/\/www.youthforequality.sk\/index.php\/wp-json\/wp\/v2\/media\/6485"}],"wp:attachment":[{"href":"https:\/\/www.youthforequality.sk\/index.php\/wp-json\/wp\/v2\/media?parent=6481"}],"wp:term":[{"taxonomy":"category","embeddable":true,"href":"https:\/\/www.youthforequality.sk\/index.php\/wp-json\/wp\/v2\/categories?post=6481"},{"taxonomy":"post_tag","embeddable":true,"href":"https:\/\/www.youthforequality.sk\/index.php\/wp-json\/wp\/v2\/tags?post=6481"}],"curies":[{"name":"wp","href":"https:\/\/api.w.org\/{rel}","templated":true}]}}