{"id":6826,"date":"2024-03-13T14:12:57","date_gmt":"2024-03-13T13:12:57","guid":{"rendered":"https:\/\/www.youthforequality.sk\/index.php\/2024\/03\/13\/esc-team-volunteering-city-heatlh-week-8-30-5-2024-copy\/"},"modified":"2024-12-18T10:23:42","modified_gmt":"2024-12-18T09:23:42","slug":"esc-team-volunteering-an-invitation-toact","status":"publish","type":"post","link":"https:\/\/www.youthforequality.sk\/index.php\/2024\/03\/13\/esc-team-volunteering-an-invitation-toact\/","title":{"rendered":"ESC team volunteering: An invitation to ACT in Greece"},"content":{"rendered":"\t\t<div data-elementor-type=\"wp-post\" data-elementor-id=\"6826\" class=\"elementor elementor-6826\">\n\t\t\t\t\t\t<section class=\"elementor-section elementor-top-section elementor-element elementor-element-761947ce elementor-section-boxed elementor-section-height-default elementor-section-height-default\" data-id=\"761947ce\" data-element_type=\"section\" data-e-type=\"section\">\n\t\t\t\t\t\t<div class=\"elementor-container elementor-column-gap-default\">\n\t\t\t\t\t<div class=\"elementor-column elementor-col-100 elementor-top-column elementor-element elementor-element-382c6700\" data-id=\"382c6700\" data-element_type=\"column\" data-e-type=\"column\">\n\t\t\t<div class=\"elementor-widget-wrap elementor-element-populated\">\n\t\t\t\t\t\t<div class=\"elementor-element elementor-element-3235bff elementor-widget elementor-widget-image\" data-id=\"3235bff\" data-element_type=\"widget\" data-e-type=\"widget\" data-widget_type=\"image.default\">\n\t\t\t\t<div class=\"elementor-widget-container\">\n\t\t\t\t\t\t\t\t\t\t\t\t\t\t\t<img fetchpriority=\"high\" decoding=\"async\" width=\"1024\" height=\"762\" src=\"https:\/\/www.youthforequality.sk\/wp-content\/uploads\/2024\/03\/ESC-greece-pic-1024x762.png\" class=\"attachment-large size-large wp-image-6827\" alt=\"\" srcset=\"https:\/\/www.youthforequality.sk\/wp-content\/uploads\/2024\/03\/ESC-greece-pic-1024x762.png 1024w, https:\/\/www.youthforequality.sk\/wp-content\/uploads\/2024\/03\/ESC-greece-pic-300x223.png 300w, https:\/\/www.youthforequality.sk\/wp-content\/uploads\/2024\/03\/ESC-greece-pic-768x572.png 768w, https:\/\/www.youthforequality.sk\/wp-content\/uploads\/2024\/03\/ESC-greece-pic.png 1448w\" sizes=\"(max-width: 1024px) 100vw, 1024px\" \/>\t\t\t\t\t\t\t\t\t\t\t\t\t\t\t<\/div>\n\t\t\t\t<\/div>\n\t\t\t\t<div class=\"elementor-element elementor-element-1079674e elementor-widget elementor-widget-text-editor\" data-id=\"1079674e\" data-element_type=\"widget\" data-e-type=\"widget\" data-widget_type=\"text-editor.default\">\n\t\t\t\t<div class=\"elementor-widget-container\">\n\t\t\t\t\t\t\t\t\t<p><span style=\"color: var(--nv-text-color); font-family: var(--bodyfontfamily),var(--nv-fallback-ff); font-size: var(--bodyfontsize); font-weight: var(--bodyfontweight); letter-spacing: var(--bodyletterspacing); text-transform: var(--bodytexttransform); background-color: var(--nv-site-bg);\">H\u013ead\u00e1me 12 SLOVENSK\u00ddCH \u00fa\u010dastn\u00edkov pre nadch\u00e1dzaj\u00faci t\u00edmov\u00fd dobrovo\u013en\u00edcky projekt &#8222;<\/span><span style=\"color: var(--nv-text-color); font-family: var(--bodyfontfamily),var(--nv-fallback-ff); font-size: var(--bodyfontsize); font-weight: var(--bodyfontweight); letter-spacing: var(--bodyletterspacing); text-transform: var(--bodytexttransform); background-color: var(--nv-site-bg);\">AINTA: POZV\u00c1NKA KONA\u0164&#8220; v Ioannine, Gr\u00e9cko.<\/span><\/p><p><span style=\"background-color: var(--nv-site-bg); color: var(--nv-text-color); font-family: var(--bodyfontfamily),var(--nv-fallback-ff); font-size: var(--bodyfontsize); font-weight: var(--bodyfontweight); letter-spacing: var(--bodyletterspacing); text-transform: var(--bodytexttransform);\">\ud83d\uddd3\u00a0<\/span>TERM\u00cdNY DOBROVO\u013dN\u00cdCTVA: <strong>16.06 -11.08.2024<\/strong><\/p><p>DE\u0147 PR\u00cdLETU: 16.06.2024<\/p><p>DE\u0147 ODLETU: 11.08.2024<\/p><p>VEK \u00da\u010cASTN\u00cdKOV:<span style=\"color: var(--nv-text-color); font-family: var(--bodyfontfamily),var(--nv-fallback-ff); font-size: var(--bodyfontsize); font-weight: var(--bodyfontweight); letter-spacing: var(--bodyletterspacing); text-transform: var(--bodytexttransform); background-color: var(--nv-site-bg);\">\u00a018-30 rokov<\/span><\/p><p><span style=\"background-color: var(--nv-site-bg); color: var(--nv-text-color); font-family: var(--bodyfontfamily),var(--nv-fallback-ff); font-size: var(--bodyfontsize); font-weight: var(--bodyfontweight); letter-spacing: var(--bodyletterspacing); text-transform: var(--bodytexttransform);\">\ud83c\udfc6\u00a0<\/span>Pripravte sa na skuto\u010dn\u00fa zmenu v \u017eivotoch ute\u010dencov s na\u0161\u00edm projektom!<\/p><p>Nie sme tu len preto, aby sme sa dozvedeli o ich probl\u00e9moch \u2013 vyh\u0155\u0148ame si ruk\u00e1vy, aby sme boli silou pozit\u00edvnej zmeny. Spolo\u010dne vybudujeme podporn\u00fa komunitu, ktor\u00e1 presadzuje blahobyt a soci\u00e1lne za\u010dlenenie ute\u010dencov a podporuje solidaritu v celej E\u00da. T\u00fdm v\u0161ak nekon\u010d\u00edme \u2013 prostredn\u00edctvom dynamick\u00fdch, praktick\u00fdch aktiv\u00edt pretv\u00e1rame na\u0161e vlastn\u00e9 n\u00e1vyky a zru\u010dnosti, a to v\u0161etko pri presadzovan\u00ed povedomia o zdrav\u00ed a \u017eivotnom prostred\u00ed. Ako dobrovo\u013en\u00edci budeme v popred\u00ed podpory zapojenia ml\u00e1de\u017ee do spolo\u010dnosti a budeme \u0161\u00edri\u0165 posolstvo, \u017ee ka\u017ed\u00fd, bez oh\u013eadu na p\u00f4vod, si zasl\u00fa\u017ei \u0161ancu prosperova\u0165 a prispieva\u0165 k na\u0161im miestnym komunit\u00e1m.<\/p><p>Pridajte sa k n\u00e1m na tejto in\u0161pirat\u00edvnej ceste a vytvorme svet, do ktor\u00e9ho patr\u00ed\u00a0<span style=\"background-color: var(--nv-site-bg); color: var(--nv-text-color); font-family: var(--bodyfontfamily),var(--nv-fallback-ff); font-size: var(--bodyfontsize); font-weight: var(--bodyfontweight); letter-spacing: var(--bodyletterspacing); text-transform: var(--bodytexttransform);\">ka\u017ed\u00fd<\/span><span style=\"background-color: var(--nv-site-bg); color: var(--nv-text-color); font-family: var(--bodyfontfamily),var(--nv-fallback-ff); font-size: var(--bodyfontsize); font-weight: var(--bodyfontweight); letter-spacing: var(--bodyletterspacing); text-transform: var(--bodytexttransform);\">!<\/span><\/p><p>Viac info:\u00a0<a style=\"background-color: var(--nv-site-bg); font-family: var(--bodyfontfamily),var(--nv-fallback-ff); font-size: var(--bodyfontsize); font-weight: var(--bodyfontweight); letter-spacing: var(--bodyletterspacing); text-transform: var(--bodytexttransform);\" href=\"https:\/\/drive.google.com\/file\/d\/1ffoeC2l6_zMhnUdIGSSVycsk7BDdcw67\/view?usp=sharing\" target=\"_blank\" rel=\"noopener\">INFOPACK<\/a><\/p><p><span style=\"background-color: var(--nv-site-bg); color: var(--nv-text-color); font-family: var(--bodyfontfamily),var(--nv-fallback-ff); font-size: var(--bodyfontsize); font-weight: var(--bodyfontweight); letter-spacing: var(--bodyletterspacing); text-transform: var(--bodytexttransform);\">\u00a0<\/span><span style=\"background-color: var(--nv-site-bg); color: var(--nv-text-color); font-family: var(--bodyfontfamily),var(--nv-fallback-ff); font-size: var(--bodyfontsize); font-weight: var(--bodyfontweight); letter-spacing: var(--bodyletterspacing); text-transform: var(--bodytexttransform);\">\u2705\u00a0<\/span>Prihl\u00e1s sa:\u00a0<a style=\"background-color: var(--nv-site-bg); font-family: var(--bodyfontfamily),var(--nv-fallback-ff); font-size: var(--bodyfontsize); font-weight: var(--bodyfontweight); letter-spacing: var(--bodyletterspacing); text-transform: var(--bodytexttransform);\" href=\"https:\/\/docs.google.com\/forms\/d\/e\/1FAIpQLSda0sEj4VZ_WJgOKyyMww9glPBBKr43ZhLe4Q4Xz_YlPMlD_g\/viewform\" target=\"_blank\" rel=\"noopener\">TU<\/a><\/p><div>\u00a0<\/div>\t\t\t\t\t\t\t\t<\/div>\n\t\t\t\t<\/div>\n\t\t\t\t\t<\/div>\n\t\t<\/div>\n\t\t\t\t\t<\/div>\n\t\t<\/section>\n\t\t\t\t<section class=\"elementor-section elementor-top-section elementor-element elementor-element-8206568 elementor-section-boxed elementor-section-height-default elementor-section-height-default\" data-id=\"8206568\" data-element_type=\"section\" data-e-type=\"section\">\n\t\t\t\t\t\t<div class=\"elementor-container elementor-column-gap-default\">\n\t\t\t\t\t<div class=\"elementor-column elementor-col-100 elementor-top-column elementor-element elementor-element-0853460\" data-id=\"0853460\" data-element_type=\"column\" data-e-type=\"column\">\n\t\t\t<div class=\"elementor-widget-wrap\">\n\t\t\t\t\t\t\t<\/div>\n\t\t<\/div>\n\t\t\t\t\t<\/div>\n\t\t<\/section>\n\t\t\t\t<\/div>\n\t\t","protected":false},"excerpt":{"rendered":"<p>H\u013ead\u00e1me 12 SLOVENSK\u00ddCH \u00fa\u010dastn\u00edkov pre nadch\u00e1dzaj\u00faci t\u00edmov\u00fd dobrovo\u013en\u00edcky projekt &#8222;AINTA: POZV\u00c1NKA KONA\u0164&#8220; v Ioannine, Gr\u00e9cko. \ud83d\uddd3\u00a0TERM\u00cdNY DOBROVO\u013dN\u00cdCTVA: 16.06 -11.08.2024 DE\u0147 PR\u00cdLETU: 16.06.2024 DE\u0147 ODLETU: 11.08.2024 VEK \u00da\u010cASTN\u00cdKOV:\u00a018-30 rokov \ud83c\udfc6\u00a0Pripravte sa na skuto\u010dn\u00fa zmenu v \u017eivotoch ute\u010dencov s na\u0161\u00edm projektom! Nie sme tu len preto, aby sme sa dozvedeli o ich probl\u00e9moch \u2013 vyh\u0155\u0148ame si ruk\u00e1vy,&hellip;&nbsp;<a href=\"https:\/\/www.youthforequality.sk\/index.php\/2024\/03\/13\/esc-team-volunteering-an-invitation-toact\/\" class=\"\" rel=\"bookmark\">\u010c\u00edta\u0165 viac &raquo;<span class=\"screen-reader-text\">ESC team volunteering: An invitation to ACT in Greece<\/span><\/a><\/p>\n","protected":false},"author":7,"featured_media":6827,"comment_status":"closed","ping_status":"open","sticky":false,"template":"elementor_header_footer","format":"standard","meta":{"_uf_show_specific_survey":0,"_uf_disable_surveys":false,"neve_meta_sidebar":"","neve_meta_container":"","neve_meta_enable_content_width":"off","neve_meta_content_width":70,"neve_meta_title_alignment":"","neve_meta_author_avatar":"","neve_post_elements_order":"","neve_meta_disable_header":"","neve_meta_disable_footer":"","neve_meta_disable_title":"","_themeisle_gutenberg_block_has_review":false,"footnotes":""},"categories":[34],"tags":[],"class_list":["post-6826","post","type-post","status-publish","format-standard","has-post-thumbnail","hentry","category-dobrovolnictvo-predosle-projekty"],"yoast_head":"<!-- This site is optimized with the Yoast SEO plugin v27.4 - https:\/\/yoast.com\/product\/yoast-seo-wordpress\/ -->\n<title>ESC team volunteering: An invitation to ACT in Greece |<\/title>\n<meta name=\"robots\" content=\"index, follow, max-snippet:-1, max-image-preview:large, max-video-preview:-1\" \/>\n<link rel=\"canonical\" href=\"https:\/\/www.youthforequality.sk\/index.php\/2024\/03\/13\/esc-team-volunteering-an-invitation-toact\/\" \/>\n<meta property=\"og:locale\" content=\"sk_SK\" \/>\n<meta property=\"og:type\" content=\"article\" \/>\n<meta property=\"og:title\" content=\"ESC team volunteering: An invitation to ACT in Greece |\" \/>\n<meta property=\"og:description\" content=\"H\u013ead\u00e1me 12 SLOVENSK\u00ddCH \u00fa\u010dastn\u00edkov pre nadch\u00e1dzaj\u00faci t\u00edmov\u00fd dobrovo\u013en\u00edcky projekt &#8222;AINTA: POZV\u00c1NKA KONA\u0164&#8220; v Ioannine, Gr\u00e9cko. \ud83d\uddd3\u00a0TERM\u00cdNY DOBROVO\u013dN\u00cdCTVA: 16.06 -11.08.2024 DE\u0147 PR\u00cdLETU: 16.06.2024 DE\u0147 ODLETU: 11.08.2024 VEK \u00da\u010cASTN\u00cdKOV:\u00a018-30 rokov \ud83c\udfc6\u00a0Pripravte sa na skuto\u010dn\u00fa zmenu v \u017eivotoch ute\u010dencov s na\u0161\u00edm projektom! Nie sme tu len preto, aby sme sa dozvedeli o ich probl\u00e9moch \u2013 vyh\u0155\u0148ame si ruk\u00e1vy,&hellip;&nbsp;\u010c\u00edta\u0165 viac &raquo;ESC team volunteering: An invitation to ACT in Greece\" \/>\n<meta property=\"og:url\" content=\"https:\/\/www.youthforequality.sk\/index.php\/2024\/03\/13\/esc-team-volunteering-an-invitation-toact\/\" \/>\n<meta property=\"article:publisher\" content=\"https:\/\/www.facebook.com\/yeslovakia\" \/>\n<meta property=\"article:published_time\" content=\"2024-03-13T13:12:57+00:00\" \/>\n<meta property=\"article:modified_time\" content=\"2024-12-18T09:23:42+00:00\" \/>\n<meta property=\"og:image\" content=\"https:\/\/www.youthforequality.sk\/wp-content\/uploads\/2024\/03\/ESC-greece-pic.png\" \/>\n\t<meta property=\"og:image:width\" content=\"1448\" \/>\n\t<meta property=\"og:image:height\" content=\"1078\" \/>\n\t<meta property=\"og:image:type\" content=\"image\/png\" \/>\n<meta name=\"author\" content=\"Silvia Jasenecova\" \/>\n<meta name=\"twitter:card\" content=\"summary_large_image\" \/>\n<meta name=\"twitter:label1\" content=\"Autor\" \/>\n\t<meta name=\"twitter:data1\" content=\"Silvia Jasenecova\" \/>\n\t<meta name=\"twitter:label2\" content=\"Predpokladan\u00fd \u010das \u010d\u00edtania\" \/>\n\t<meta name=\"twitter:data2\" content=\"1 min\u00fata\" \/>\n<script type=\"application\/ld+json\" class=\"yoast-schema-graph\">{\"@context\":\"https:\\\/\\\/schema.org\",\"@graph\":[{\"@type\":\"Article\",\"@id\":\"https:\\\/\\\/www.youthforequality.sk\\\/index.php\\\/2024\\\/03\\\/13\\\/esc-team-volunteering-an-invitation-toact\\\/#article\",\"isPartOf\":{\"@id\":\"https:\\\/\\\/www.youthforequality.sk\\\/index.php\\\/2024\\\/03\\\/13\\\/esc-team-volunteering-an-invitation-toact\\\/\"},\"author\":{\"name\":\"Silvia Jasenecova\",\"@id\":\"https:\\\/\\\/www.youthforequality.sk\\\/#\\\/schema\\\/person\\\/d342f25e638d824527d3b78bbfb97324\"},\"headline\":\"ESC team volunteering: An invitation to ACT in Greece\",\"datePublished\":\"2024-03-13T13:12:57+00:00\",\"dateModified\":\"2024-12-18T09:23:42+00:00\",\"mainEntityOfPage\":{\"@id\":\"https:\\\/\\\/www.youthforequality.sk\\\/index.php\\\/2024\\\/03\\\/13\\\/esc-team-volunteering-an-invitation-toact\\\/\"},\"wordCount\":214,\"publisher\":{\"@id\":\"https:\\\/\\\/www.youthforequality.sk\\\/#organization\"},\"image\":{\"@id\":\"https:\\\/\\\/www.youthforequality.sk\\\/index.php\\\/2024\\\/03\\\/13\\\/esc-team-volunteering-an-invitation-toact\\\/#primaryimage\"},\"thumbnailUrl\":\"https:\\\/\\\/www.youthforequality.sk\\\/wp-content\\\/uploads\\\/2024\\\/03\\\/ESC-greece-pic.png\",\"articleSection\":[\"Dobrovo\u013en\u00edctvo - predo\u0161l\u00e9 projekty\"],\"inLanguage\":\"sk-SK\"},{\"@type\":\"WebPage\",\"@id\":\"https:\\\/\\\/www.youthforequality.sk\\\/index.php\\\/2024\\\/03\\\/13\\\/esc-team-volunteering-an-invitation-toact\\\/\",\"url\":\"https:\\\/\\\/www.youthforequality.sk\\\/index.php\\\/2024\\\/03\\\/13\\\/esc-team-volunteering-an-invitation-toact\\\/\",\"name\":\"ESC team volunteering: An invitation to ACT in Greece |\",\"isPartOf\":{\"@id\":\"https:\\\/\\\/www.youthforequality.sk\\\/#website\"},\"primaryImageOfPage\":{\"@id\":\"https:\\\/\\\/www.youthforequality.sk\\\/index.php\\\/2024\\\/03\\\/13\\\/esc-team-volunteering-an-invitation-toact\\\/#primaryimage\"},\"image\":{\"@id\":\"https:\\\/\\\/www.youthforequality.sk\\\/index.php\\\/2024\\\/03\\\/13\\\/esc-team-volunteering-an-invitation-toact\\\/#primaryimage\"},\"thumbnailUrl\":\"https:\\\/\\\/www.youthforequality.sk\\\/wp-content\\\/uploads\\\/2024\\\/03\\\/ESC-greece-pic.png\",\"datePublished\":\"2024-03-13T13:12:57+00:00\",\"dateModified\":\"2024-12-18T09:23:42+00:00\",\"breadcrumb\":{\"@id\":\"https:\\\/\\\/www.youthforequality.sk\\\/index.php\\\/2024\\\/03\\\/13\\\/esc-team-volunteering-an-invitation-toact\\\/#breadcrumb\"},\"inLanguage\":\"sk-SK\",\"potentialAction\":[{\"@type\":\"ReadAction\",\"target\":[\"https:\\\/\\\/www.youthforequality.sk\\\/index.php\\\/2024\\\/03\\\/13\\\/esc-team-volunteering-an-invitation-toact\\\/\"]}]},{\"@type\":\"ImageObject\",\"inLanguage\":\"sk-SK\",\"@id\":\"https:\\\/\\\/www.youthforequality.sk\\\/index.php\\\/2024\\\/03\\\/13\\\/esc-team-volunteering-an-invitation-toact\\\/#primaryimage\",\"url\":\"https:\\\/\\\/www.youthforequality.sk\\\/wp-content\\\/uploads\\\/2024\\\/03\\\/ESC-greece-pic.png\",\"contentUrl\":\"https:\\\/\\\/www.youthforequality.sk\\\/wp-content\\\/uploads\\\/2024\\\/03\\\/ESC-greece-pic.png\",\"width\":1448,\"height\":1078},{\"@type\":\"BreadcrumbList\",\"@id\":\"https:\\\/\\\/www.youthforequality.sk\\\/index.php\\\/2024\\\/03\\\/13\\\/esc-team-volunteering-an-invitation-toact\\\/#breadcrumb\",\"itemListElement\":[{\"@type\":\"ListItem\",\"position\":1,\"name\":\"Home\",\"item\":\"https:\\\/\\\/www.youthforequality.sk\\\/\"},{\"@type\":\"ListItem\",\"position\":2,\"name\":\"ESC team volunteering: An invitation to ACT in Greece\"}]},{\"@type\":\"WebSite\",\"@id\":\"https:\\\/\\\/www.youthforequality.sk\\\/#website\",\"url\":\"https:\\\/\\\/www.youthforequality.sk\\\/\",\"name\":\"\",\"description\":\"\",\"publisher\":{\"@id\":\"https:\\\/\\\/www.youthforequality.sk\\\/#organization\"},\"potentialAction\":[{\"@type\":\"SearchAction\",\"target\":{\"@type\":\"EntryPoint\",\"urlTemplate\":\"https:\\\/\\\/www.youthforequality.sk\\\/?s={search_term_string}\"},\"query-input\":{\"@type\":\"PropertyValueSpecification\",\"valueRequired\":true,\"valueName\":\"search_term_string\"}}],\"inLanguage\":\"sk-SK\"},{\"@type\":\"Organization\",\"@id\":\"https:\\\/\\\/www.youthforequality.sk\\\/#organization\",\"name\":\"Youth for Equality\",\"url\":\"https:\\\/\\\/www.youthforequality.sk\\\/\",\"logo\":{\"@type\":\"ImageObject\",\"inLanguage\":\"sk-SK\",\"@id\":\"https:\\\/\\\/www.youthforequality.sk\\\/#\\\/schema\\\/logo\\\/image\\\/\",\"url\":\"https:\\\/\\\/www.youthforequality.sk\\\/wp-content\\\/uploads\\\/2021\\\/01\\\/vynovene-logo-nove-farby_modra-na-web.png\",\"contentUrl\":\"https:\\\/\\\/www.youthforequality.sk\\\/wp-content\\\/uploads\\\/2021\\\/01\\\/vynovene-logo-nove-farby_modra-na-web.png\",\"width\":1,\"height\":1,\"caption\":\"Youth for Equality\"},\"image\":{\"@id\":\"https:\\\/\\\/www.youthforequality.sk\\\/#\\\/schema\\\/logo\\\/image\\\/\"},\"sameAs\":[\"https:\\\/\\\/www.facebook.com\\\/yeslovakia\"]},{\"@type\":\"Person\",\"@id\":\"https:\\\/\\\/www.youthforequality.sk\\\/#\\\/schema\\\/person\\\/d342f25e638d824527d3b78bbfb97324\",\"name\":\"Silvia Jasenecova\",\"image\":{\"@type\":\"ImageObject\",\"inLanguage\":\"sk-SK\",\"@id\":\"https:\\\/\\\/secure.gravatar.com\\\/avatar\\\/43a8960df19336b9cc573e7be97a8f9c2f855c68a8e7248718d7ba5b039477bb?s=96&d=mm&r=g\",\"url\":\"https:\\\/\\\/secure.gravatar.com\\\/avatar\\\/43a8960df19336b9cc573e7be97a8f9c2f855c68a8e7248718d7ba5b039477bb?s=96&d=mm&r=g\",\"contentUrl\":\"https:\\\/\\\/secure.gravatar.com\\\/avatar\\\/43a8960df19336b9cc573e7be97a8f9c2f855c68a8e7248718d7ba5b039477bb?s=96&d=mm&r=g\",\"caption\":\"Silvia Jasenecova\"},\"url\":\"https:\\\/\\\/www.youthforequality.sk\\\/index.php\\\/author\\\/natalier\\\/\"}]}<\/script>\n<!-- \/ Yoast SEO plugin. -->","yoast_head_json":{"title":"ESC team volunteering: An invitation to ACT in Greece |","robots":{"index":"index","follow":"follow","max-snippet":"max-snippet:-1","max-image-preview":"max-image-preview:large","max-video-preview":"max-video-preview:-1"},"canonical":"https:\/\/www.youthforequality.sk\/index.php\/2024\/03\/13\/esc-team-volunteering-an-invitation-toact\/","og_locale":"sk_SK","og_type":"article","og_title":"ESC team volunteering: An invitation to ACT in Greece |","og_description":"H\u013ead\u00e1me 12 SLOVENSK\u00ddCH \u00fa\u010dastn\u00edkov pre nadch\u00e1dzaj\u00faci t\u00edmov\u00fd dobrovo\u013en\u00edcky projekt &#8222;AINTA: POZV\u00c1NKA KONA\u0164&#8220; v Ioannine, Gr\u00e9cko. \ud83d\uddd3\u00a0TERM\u00cdNY DOBROVO\u013dN\u00cdCTVA: 16.06 -11.08.2024 DE\u0147 PR\u00cdLETU: 16.06.2024 DE\u0147 ODLETU: 11.08.2024 VEK \u00da\u010cASTN\u00cdKOV:\u00a018-30 rokov \ud83c\udfc6\u00a0Pripravte sa na skuto\u010dn\u00fa zmenu v \u017eivotoch ute\u010dencov s na\u0161\u00edm projektom! Nie sme tu len preto, aby sme sa dozvedeli o ich probl\u00e9moch \u2013 vyh\u0155\u0148ame si ruk\u00e1vy,&hellip;&nbsp;\u010c\u00edta\u0165 viac &raquo;ESC team volunteering: An invitation to ACT in Greece","og_url":"https:\/\/www.youthforequality.sk\/index.php\/2024\/03\/13\/esc-team-volunteering-an-invitation-toact\/","article_publisher":"https:\/\/www.facebook.com\/yeslovakia","article_published_time":"2024-03-13T13:12:57+00:00","article_modified_time":"2024-12-18T09:23:42+00:00","og_image":[{"width":1448,"height":1078,"url":"https:\/\/www.youthforequality.sk\/wp-content\/uploads\/2024\/03\/ESC-greece-pic.png","type":"image\/png"}],"author":"Silvia Jasenecova","twitter_card":"summary_large_image","twitter_misc":{"Autor":"Silvia Jasenecova","Predpokladan\u00fd \u010das \u010d\u00edtania":"1 min\u00fata"},"schema":{"@context":"https:\/\/schema.org","@graph":[{"@type":"Article","@id":"https:\/\/www.youthforequality.sk\/index.php\/2024\/03\/13\/esc-team-volunteering-an-invitation-toact\/#article","isPartOf":{"@id":"https:\/\/www.youthforequality.sk\/index.php\/2024\/03\/13\/esc-team-volunteering-an-invitation-toact\/"},"author":{"name":"Silvia Jasenecova","@id":"https:\/\/www.youthforequality.sk\/#\/schema\/person\/d342f25e638d824527d3b78bbfb97324"},"headline":"ESC team volunteering: An invitation to ACT in Greece","datePublished":"2024-03-13T13:12:57+00:00","dateModified":"2024-12-18T09:23:42+00:00","mainEntityOfPage":{"@id":"https:\/\/www.youthforequality.sk\/index.php\/2024\/03\/13\/esc-team-volunteering-an-invitation-toact\/"},"wordCount":214,"publisher":{"@id":"https:\/\/www.youthforequality.sk\/#organization"},"image":{"@id":"https:\/\/www.youthforequality.sk\/index.php\/2024\/03\/13\/esc-team-volunteering-an-invitation-toact\/#primaryimage"},"thumbnailUrl":"https:\/\/www.youthforequality.sk\/wp-content\/uploads\/2024\/03\/ESC-greece-pic.png","articleSection":["Dobrovo\u013en\u00edctvo - predo\u0161l\u00e9 projekty"],"inLanguage":"sk-SK"},{"@type":"WebPage","@id":"https:\/\/www.youthforequality.sk\/index.php\/2024\/03\/13\/esc-team-volunteering-an-invitation-toact\/","url":"https:\/\/www.youthforequality.sk\/index.php\/2024\/03\/13\/esc-team-volunteering-an-invitation-toact\/","name":"ESC team volunteering: An invitation to ACT in Greece |","isPartOf":{"@id":"https:\/\/www.youthforequality.sk\/#website"},"primaryImageOfPage":{"@id":"https:\/\/www.youthforequality.sk\/index.php\/2024\/03\/13\/esc-team-volunteering-an-invitation-toact\/#primaryimage"},"image":{"@id":"https:\/\/www.youthforequality.sk\/index.php\/2024\/03\/13\/esc-team-volunteering-an-invitation-toact\/#primaryimage"},"thumbnailUrl":"https:\/\/www.youthforequality.sk\/wp-content\/uploads\/2024\/03\/ESC-greece-pic.png","datePublished":"2024-03-13T13:12:57+00:00","dateModified":"2024-12-18T09:23:42+00:00","breadcrumb":{"@id":"https:\/\/www.youthforequality.sk\/index.php\/2024\/03\/13\/esc-team-volunteering-an-invitation-toact\/#breadcrumb"},"inLanguage":"sk-SK","potentialAction":[{"@type":"ReadAction","target":["https:\/\/www.youthforequality.sk\/index.php\/2024\/03\/13\/esc-team-volunteering-an-invitation-toact\/"]}]},{"@type":"ImageObject","inLanguage":"sk-SK","@id":"https:\/\/www.youthforequality.sk\/index.php\/2024\/03\/13\/esc-team-volunteering-an-invitation-toact\/#primaryimage","url":"https:\/\/www.youthforequality.sk\/wp-content\/uploads\/2024\/03\/ESC-greece-pic.png","contentUrl":"https:\/\/www.youthforequality.sk\/wp-content\/uploads\/2024\/03\/ESC-greece-pic.png","width":1448,"height":1078},{"@type":"BreadcrumbList","@id":"https:\/\/www.youthforequality.sk\/index.php\/2024\/03\/13\/esc-team-volunteering-an-invitation-toact\/#breadcrumb","itemListElement":[{"@type":"ListItem","position":1,"name":"Home","item":"https:\/\/www.youthforequality.sk\/"},{"@type":"ListItem","position":2,"name":"ESC team volunteering: An invitation to ACT in Greece"}]},{"@type":"WebSite","@id":"https:\/\/www.youthforequality.sk\/#website","url":"https:\/\/www.youthforequality.sk\/","name":"","description":"","publisher":{"@id":"https:\/\/www.youthforequality.sk\/#organization"},"potentialAction":[{"@type":"SearchAction","target":{"@type":"EntryPoint","urlTemplate":"https:\/\/www.youthforequality.sk\/?s={search_term_string}"},"query-input":{"@type":"PropertyValueSpecification","valueRequired":true,"valueName":"search_term_string"}}],"inLanguage":"sk-SK"},{"@type":"Organization","@id":"https:\/\/www.youthforequality.sk\/#organization","name":"Youth for Equality","url":"https:\/\/www.youthforequality.sk\/","logo":{"@type":"ImageObject","inLanguage":"sk-SK","@id":"https:\/\/www.youthforequality.sk\/#\/schema\/logo\/image\/","url":"https:\/\/www.youthforequality.sk\/wp-content\/uploads\/2021\/01\/vynovene-logo-nove-farby_modra-na-web.png","contentUrl":"https:\/\/www.youthforequality.sk\/wp-content\/uploads\/2021\/01\/vynovene-logo-nove-farby_modra-na-web.png","width":1,"height":1,"caption":"Youth for Equality"},"image":{"@id":"https:\/\/www.youthforequality.sk\/#\/schema\/logo\/image\/"},"sameAs":["https:\/\/www.facebook.com\/yeslovakia"]},{"@type":"Person","@id":"https:\/\/www.youthforequality.sk\/#\/schema\/person\/d342f25e638d824527d3b78bbfb97324","name":"Silvia Jasenecova","image":{"@type":"ImageObject","inLanguage":"sk-SK","@id":"https:\/\/secure.gravatar.com\/avatar\/43a8960df19336b9cc573e7be97a8f9c2f855c68a8e7248718d7ba5b039477bb?s=96&d=mm&r=g","url":"https:\/\/secure.gravatar.com\/avatar\/43a8960df19336b9cc573e7be97a8f9c2f855c68a8e7248718d7ba5b039477bb?s=96&d=mm&r=g","contentUrl":"https:\/\/secure.gravatar.com\/avatar\/43a8960df19336b9cc573e7be97a8f9c2f855c68a8e7248718d7ba5b039477bb?s=96&d=mm&r=g","caption":"Silvia Jasenecova"},"url":"https:\/\/www.youthforequality.sk\/index.php\/author\/natalier\/"}]}},"_links":{"self":[{"href":"https:\/\/www.youthforequality.sk\/index.php\/wp-json\/wp\/v2\/posts\/6826","targetHints":{"allow":["GET"]}}],"collection":[{"href":"https:\/\/www.youthforequality.sk\/index.php\/wp-json\/wp\/v2\/posts"}],"about":[{"href":"https:\/\/www.youthforequality.sk\/index.php\/wp-json\/wp\/v2\/types\/post"}],"author":[{"embeddable":true,"href":"https:\/\/www.youthforequality.sk\/index.php\/wp-json\/wp\/v2\/users\/7"}],"replies":[{"embeddable":true,"href":"https:\/\/www.youthforequality.sk\/index.php\/wp-json\/wp\/v2\/comments?post=6826"}],"version-history":[{"count":13,"href":"https:\/\/www.youthforequality.sk\/index.php\/wp-json\/wp\/v2\/posts\/6826\/revisions"}],"predecessor-version":[{"id":6841,"href":"https:\/\/www.youthforequality.sk\/index.php\/wp-json\/wp\/v2\/posts\/6826\/revisions\/6841"}],"wp:featuredmedia":[{"embeddable":true,"href":"https:\/\/www.youthforequality.sk\/index.php\/wp-json\/wp\/v2\/media\/6827"}],"wp:attachment":[{"href":"https:\/\/www.youthforequality.sk\/index.php\/wp-json\/wp\/v2\/media?parent=6826"}],"wp:term":[{"taxonomy":"category","embeddable":true,"href":"https:\/\/www.youthforequality.sk\/index.php\/wp-json\/wp\/v2\/categories?post=6826"},{"taxonomy":"post_tag","embeddable":true,"href":"https:\/\/www.youthforequality.sk\/index.php\/wp-json\/wp\/v2\/tags?post=6826"}],"curies":[{"name":"wp","href":"https:\/\/api.w.org\/{rel}","templated":true}]}}