{"id":7267,"date":"2024-05-28T14:36:22","date_gmt":"2024-05-28T12:36:22","guid":{"rendered":"https:\/\/www.youthforequality.sk\/index.php\/2024\/05\/28\/esc-my-volunteering-journey-by-viki-copy\/"},"modified":"2025-07-23T11:15:50","modified_gmt":"2025-07-23T09:15:50","slug":"young-leaders-a-journey-story-from-mahmut","status":"publish","type":"post","link":"https:\/\/www.youthforequality.sk\/index.php\/2024\/05\/28\/young-leaders-a-journey-story-from-mahmut\/","title":{"rendered":"10 Months of Skills I Gained in the European Solidarity Corps Program (Young Leaders): A Journey Story from Mahmut U\u011fur"},"content":{"rendered":"\t\t<div data-elementor-type=\"wp-post\" data-elementor-id=\"7267\" class=\"elementor elementor-7267\">\n\t\t\t\t\t\t<section class=\"elementor-section elementor-top-section elementor-element elementor-element-6942abe9 elementor-section-boxed elementor-section-height-default elementor-section-height-default\" data-id=\"6942abe9\" data-element_type=\"section\" data-e-type=\"section\">\n\t\t\t\t\t\t<div class=\"elementor-container elementor-column-gap-default\">\n\t\t\t\t\t<div class=\"elementor-column elementor-col-100 elementor-top-column elementor-element elementor-element-562c817f\" data-id=\"562c817f\" data-element_type=\"column\" data-e-type=\"column\">\n\t\t\t<div class=\"elementor-widget-wrap elementor-element-populated\">\n\t\t\t\t\t\t<div class=\"elementor-element elementor-element-3fb8ed18 elementor-widget elementor-widget-text-editor\" data-id=\"3fb8ed18\" data-element_type=\"widget\" data-e-type=\"widget\" data-widget_type=\"text-editor.default\">\n\t\t\t\t<div class=\"elementor-widget-container\">\n\t\t\t\t\t\t\t\t\t<p data-start=\"278\" data-end=\"602\">It all started the day I applied to join the European Solidarity Corps (ESC) program. I was full of excitement \u2014 and just a little anxious. I was about to begin an unfamiliar journey, surrounded by people I had never met before. But deep down, I had a strong feeling that this experience would help me grow in many ways.<\/p><p data-start=\"278\" data-end=\"602\">\u00a0<\/p><p data-start=\"604\" data-end=\"1138\">On the first day, as I stepped into the hall where the program kicked off, I looked around, searching for new friends. At first, we were all strangers \u2014 but soon warm conversations began. In those early days, I supported various team-building and leadership activities, guided by the experienced youth workers from Youth for Equality. Together, we explored the basics of project planning and event organization. Every activity taught me something new \u2014 not only about leadership, but also about how to collaborate effectively.<\/p><p data-start=\"604\" data-end=\"1138\">\u00a0<\/p><p data-start=\"1140\" data-end=\"1561\">One day, I shared an idea with the team: starting a multilingual speaking club. The aim was to help participants overcome language barriers and strengthen intercultural understanding. With the support of the organization, we practiced English and held informal conversations in several languages. This experience helped me improve my own communication skills, especially with people from diverse cultural backgrounds.<\/p><p data-start=\"1140\" data-end=\"1561\">\u00a0<\/p><p data-start=\"1563\" data-end=\"1913\">Another important part of my ESC journey was supporting the team in visits to local high schools, where we provided information about Erasmus+ opportunities and international volunteering. It was truly fulfilling to help inspire young people to explore the world \u2014 and I gained valuable public speaking and presentation skills in the process.<\/p><p data-start=\"1563\" data-end=\"1913\">\u00a0<\/p><p data-start=\"1915\" data-end=\"2245\">Throughout the project, I also discovered my entrepreneurial spirit. By helping to develop activities like project proposals, assisting with event logistics, and co-leading language club sessions, I learned how to turn creative ideas into action. \ud83d\udca1 I also started seeing challenges as opportunities to learn and grow.<\/p><p data-start=\"1915\" data-end=\"2245\">\u00a0<\/p><p data-start=\"2247\" data-end=\"2663\">The ESC program also introduced me to new digital tools. I supported the team by working on WordPress websites and creating visual content in Canva. \ud83c\udf1f These experiences gave me practical skills in digital communication and helped amplify our projects to a broader audience. I even got a behind-the-scenes look at Erasmus+ portals, which helped me better understand how international youth work is organized.<\/p><p data-start=\"2247\" data-end=\"2663\">\u00a0<\/p><p data-start=\"2665\" data-end=\"2977\">This 10-month journey has given me far more than just technical skills. It gave me unforgettable memories, new friendships, and a deeper understanding of what it means to be part of a team working for social good. \ud83d\udcab With everything I\u2019ve learned, I now look to the future with greater confidence and clarity.<\/p><p data-start=\"2665\" data-end=\"2977\">\u00a0<\/p><p data-start=\"2979\" data-end=\"3157\"><strong data-start=\"2979\" data-end=\"3157\">The European Solidarity Corps gave me the space to grow \u2014 both personally and professionally \u2014 and I know that this experience will guide me as I take the next steps in life.<\/strong><\/p><p data-start=\"2979\" data-end=\"3157\">\u00a0<\/p><p data-start=\"2979\" data-end=\"3157\">Mahmut<\/p>\t\t\t\t\t\t\t\t<\/div>\n\t\t\t\t<\/div>\n\t\t\t\t\t<\/div>\n\t\t<\/div>\n\t\t\t\t\t<\/div>\n\t\t<\/section>\n\t\t\t\t<section class=\"elementor-section elementor-top-section elementor-element elementor-element-52f776d elementor-section-boxed elementor-section-height-default elementor-section-height-default\" data-id=\"52f776d\" data-element_type=\"section\" data-e-type=\"section\">\n\t\t\t\t\t\t<div class=\"elementor-container elementor-column-gap-default\">\n\t\t\t\t\t<div class=\"elementor-column elementor-col-50 elementor-top-column elementor-element elementor-element-bf79d9e\" data-id=\"bf79d9e\" data-element_type=\"column\" data-e-type=\"column\">\n\t\t\t<div class=\"elementor-widget-wrap elementor-element-populated\">\n\t\t\t\t\t\t<div class=\"elementor-element elementor-element-2e5548a elementor-widget elementor-widget-image\" data-id=\"2e5548a\" data-element_type=\"widget\" data-e-type=\"widget\" data-widget_type=\"image.default\">\n\t\t\t\t<div class=\"elementor-widget-container\">\n\t\t\t\t\t\t\t\t\t\t\t\t\t\t\t<img fetchpriority=\"high\" decoding=\"async\" width=\"1024\" height=\"683\" src=\"https:\/\/www.youthforequality.sk\/wp-content\/uploads\/2024\/05\/FB_IMG_1716573609079-1024x683.jpg\" class=\"attachment-large size-large wp-image-7269\" alt=\"\" srcset=\"https:\/\/www.youthforequality.sk\/wp-content\/uploads\/2024\/05\/FB_IMG_1716573609079-1024x683.jpg 1024w, https:\/\/www.youthforequality.sk\/wp-content\/uploads\/2024\/05\/FB_IMG_1716573609079-300x200.jpg 300w, https:\/\/www.youthforequality.sk\/wp-content\/uploads\/2024\/05\/FB_IMG_1716573609079-768x512.jpg 768w, https:\/\/www.youthforequality.sk\/wp-content\/uploads\/2024\/05\/FB_IMG_1716573609079-930x620.jpg 930w, https:\/\/www.youthforequality.sk\/wp-content\/uploads\/2024\/05\/FB_IMG_1716573609079.jpg 1079w\" sizes=\"(max-width: 1024px) 100vw, 1024px\" \/>\t\t\t\t\t\t\t\t\t\t\t\t\t\t\t<\/div>\n\t\t\t\t<\/div>\n\t\t\t\t\t<\/div>\n\t\t<\/div>\n\t\t\t\t<div class=\"elementor-column elementor-col-50 elementor-top-column elementor-element elementor-element-86828c6\" data-id=\"86828c6\" data-element_type=\"column\" data-e-type=\"column\">\n\t\t\t<div class=\"elementor-widget-wrap elementor-element-populated\">\n\t\t\t\t\t\t<div class=\"elementor-element elementor-element-0595315 elementor-widget elementor-widget-image\" data-id=\"0595315\" data-element_type=\"widget\" data-e-type=\"widget\" data-widget_type=\"image.default\">\n\t\t\t\t<div class=\"elementor-widget-container\">\n\t\t\t\t\t\t\t\t\t\t\t\t\t\t\t<img decoding=\"async\" width=\"819\" height=\"1024\" src=\"https:\/\/www.youthforequality.sk\/wp-content\/uploads\/2024\/05\/IMG_20240301_160751_279-819x1024.webp\" class=\"attachment-large size-large wp-image-7270\" alt=\"\" srcset=\"https:\/\/www.youthforequality.sk\/wp-content\/uploads\/2024\/05\/IMG_20240301_160751_279-819x1024.webp 819w, https:\/\/www.youthforequality.sk\/wp-content\/uploads\/2024\/05\/IMG_20240301_160751_279-240x300.webp 240w, https:\/\/www.youthforequality.sk\/wp-content\/uploads\/2024\/05\/IMG_20240301_160751_279-768x960.webp 768w, https:\/\/www.youthforequality.sk\/wp-content\/uploads\/2024\/05\/IMG_20240301_160751_279-1229x1536.webp 1229w, https:\/\/www.youthforequality.sk\/wp-content\/uploads\/2024\/05\/IMG_20240301_160751_279.webp 1440w\" sizes=\"(max-width: 819px) 100vw, 819px\" \/>\t\t\t\t\t\t\t\t\t\t\t\t\t\t\t<\/div>\n\t\t\t\t<\/div>\n\t\t\t\t\t<\/div>\n\t\t<\/div>\n\t\t\t\t\t<\/div>\n\t\t<\/section>\n\t\t\t\t<\/div>\n\t\t","protected":false},"excerpt":{"rendered":"<p>It all started the day I applied to join the European Solidarity Corps (ESC) program. I was full of excitement \u2014 and just a little anxious. I was about to begin an unfamiliar journey, surrounded by people I had never met before. But deep down, I had a strong feeling that this experience would help&hellip;&nbsp;<a href=\"https:\/\/www.youthforequality.sk\/index.php\/2024\/05\/28\/young-leaders-a-journey-story-from-mahmut\/\" class=\"\" rel=\"bookmark\">\u010c\u00edta\u0165 viac &raquo;<span class=\"screen-reader-text\">10 Months of Skills I Gained in the European Solidarity Corps Program (Young Leaders): A Journey Story from Mahmut U\u011fur<\/span><\/a><\/p>\n","protected":false},"author":7,"featured_media":7275,"comment_status":"closed","ping_status":"open","sticky":false,"template":"","format":"standard","meta":{"_uf_show_specific_survey":0,"_uf_disable_surveys":false,"neve_meta_sidebar":"","neve_meta_container":"","neve_meta_enable_content_width":"off","neve_meta_content_width":70,"neve_meta_title_alignment":"","neve_meta_author_avatar":"","neve_post_elements_order":"","neve_meta_disable_header":"","neve_meta_disable_footer":"","neve_meta_disable_title":"","_themeisle_gutenberg_block_has_review":false,"footnotes":""},"categories":[3,45,1],"tags":[],"class_list":["post-7267","post","type-post","status-publish","format-standard","has-post-thumbnail","hentry","category-blog","category-individualne-dobrovolnictvo","category-uncategorized"],"yoast_head":"<!-- This site is optimized with the Yoast SEO plugin v27.4 - https:\/\/yoast.com\/product\/yoast-seo-wordpress\/ -->\n<title>10 Months of Skills I Gained in the European Solidarity Corps Program (Young Leaders): A Journey Story from Mahmut U\u011fur |<\/title>\n<meta name=\"robots\" content=\"index, follow, max-snippet:-1, max-image-preview:large, max-video-preview:-1\" \/>\n<link rel=\"canonical\" href=\"https:\/\/www.youthforequality.sk\/index.php\/2024\/05\/28\/young-leaders-a-journey-story-from-mahmut\/\" \/>\n<meta property=\"og:locale\" content=\"sk_SK\" \/>\n<meta property=\"og:type\" content=\"article\" \/>\n<meta property=\"og:title\" content=\"10 Months of Skills I Gained in the European Solidarity Corps Program (Young Leaders): A Journey Story from Mahmut U\u011fur |\" \/>\n<meta property=\"og:description\" content=\"It all started the day I applied to join the European Solidarity Corps (ESC) program. I was full of excitement \u2014 and just a little anxious. I was about to begin an unfamiliar journey, surrounded by people I had never met before. But deep down, I had a strong feeling that this experience would help&hellip;&nbsp;\u010c\u00edta\u0165 viac &raquo;10 Months of Skills I Gained in the European Solidarity Corps Program (Young Leaders): A Journey Story from Mahmut U\u011fur\" \/>\n<meta property=\"og:url\" content=\"https:\/\/www.youthforequality.sk\/index.php\/2024\/05\/28\/young-leaders-a-journey-story-from-mahmut\/\" \/>\n<meta property=\"article:publisher\" content=\"https:\/\/www.facebook.com\/yeslovakia\" \/>\n<meta property=\"article:published_time\" content=\"2024-05-28T12:36:22+00:00\" \/>\n<meta property=\"article:modified_time\" content=\"2025-07-23T09:15:50+00:00\" \/>\n<meta property=\"og:image\" content=\"https:\/\/www.youthforequality.sk\/wp-content\/uploads\/2024\/05\/IMG_20240518_154404-1.jpg\" \/>\n\t<meta property=\"og:image:width\" content=\"2189\" \/>\n\t<meta property=\"og:image:height\" content=\"2052\" \/>\n\t<meta property=\"og:image:type\" content=\"image\/jpeg\" \/>\n<meta name=\"author\" content=\"Silvia Jasenecova\" \/>\n<meta name=\"twitter:card\" content=\"summary_large_image\" \/>\n<meta name=\"twitter:label1\" content=\"Autor\" \/>\n\t<meta name=\"twitter:data1\" content=\"Silvia Jasenecova\" \/>\n\t<meta name=\"twitter:label2\" content=\"Predpokladan\u00fd \u010das \u010d\u00edtania\" \/>\n\t<meta name=\"twitter:data2\" content=\"4 min\u00faty\" \/>\n<script type=\"application\/ld+json\" class=\"yoast-schema-graph\">{\"@context\":\"https:\\\/\\\/schema.org\",\"@graph\":[{\"@type\":\"Article\",\"@id\":\"https:\\\/\\\/www.youthforequality.sk\\\/index.php\\\/2024\\\/05\\\/28\\\/young-leaders-a-journey-story-from-mahmut\\\/#article\",\"isPartOf\":{\"@id\":\"https:\\\/\\\/www.youthforequality.sk\\\/index.php\\\/2024\\\/05\\\/28\\\/young-leaders-a-journey-story-from-mahmut\\\/\"},\"author\":{\"name\":\"Silvia Jasenecova\",\"@id\":\"https:\\\/\\\/www.youthforequality.sk\\\/#\\\/schema\\\/person\\\/d342f25e638d824527d3b78bbfb97324\"},\"headline\":\"10 Months of Skills I Gained in the European Solidarity Corps Program (Young Leaders): A Journey Story from Mahmut U\u011fur\",\"datePublished\":\"2024-05-28T12:36:22+00:00\",\"dateModified\":\"2025-07-23T09:15:50+00:00\",\"mainEntityOfPage\":{\"@id\":\"https:\\\/\\\/www.youthforequality.sk\\\/index.php\\\/2024\\\/05\\\/28\\\/young-leaders-a-journey-story-from-mahmut\\\/\"},\"wordCount\":466,\"publisher\":{\"@id\":\"https:\\\/\\\/www.youthforequality.sk\\\/#organization\"},\"image\":{\"@id\":\"https:\\\/\\\/www.youthforequality.sk\\\/index.php\\\/2024\\\/05\\\/28\\\/young-leaders-a-journey-story-from-mahmut\\\/#primaryimage\"},\"thumbnailUrl\":\"https:\\\/\\\/www.youthforequality.sk\\\/wp-content\\\/uploads\\\/2024\\\/05\\\/IMG_20240518_154404-1.jpg\",\"articleSection\":[\"Blog\",\"Individu\u00e1lne dobrovo\u013en\u00edctvo\",\"Uncategorized\"],\"inLanguage\":\"sk-SK\"},{\"@type\":\"WebPage\",\"@id\":\"https:\\\/\\\/www.youthforequality.sk\\\/index.php\\\/2024\\\/05\\\/28\\\/young-leaders-a-journey-story-from-mahmut\\\/\",\"url\":\"https:\\\/\\\/www.youthforequality.sk\\\/index.php\\\/2024\\\/05\\\/28\\\/young-leaders-a-journey-story-from-mahmut\\\/\",\"name\":\"10 Months of Skills I Gained in the European Solidarity Corps Program (Young Leaders): A Journey Story from Mahmut U\u011fur |\",\"isPartOf\":{\"@id\":\"https:\\\/\\\/www.youthforequality.sk\\\/#website\"},\"primaryImageOfPage\":{\"@id\":\"https:\\\/\\\/www.youthforequality.sk\\\/index.php\\\/2024\\\/05\\\/28\\\/young-leaders-a-journey-story-from-mahmut\\\/#primaryimage\"},\"image\":{\"@id\":\"https:\\\/\\\/www.youthforequality.sk\\\/index.php\\\/2024\\\/05\\\/28\\\/young-leaders-a-journey-story-from-mahmut\\\/#primaryimage\"},\"thumbnailUrl\":\"https:\\\/\\\/www.youthforequality.sk\\\/wp-content\\\/uploads\\\/2024\\\/05\\\/IMG_20240518_154404-1.jpg\",\"datePublished\":\"2024-05-28T12:36:22+00:00\",\"dateModified\":\"2025-07-23T09:15:50+00:00\",\"breadcrumb\":{\"@id\":\"https:\\\/\\\/www.youthforequality.sk\\\/index.php\\\/2024\\\/05\\\/28\\\/young-leaders-a-journey-story-from-mahmut\\\/#breadcrumb\"},\"inLanguage\":\"sk-SK\",\"potentialAction\":[{\"@type\":\"ReadAction\",\"target\":[\"https:\\\/\\\/www.youthforequality.sk\\\/index.php\\\/2024\\\/05\\\/28\\\/young-leaders-a-journey-story-from-mahmut\\\/\"]}]},{\"@type\":\"ImageObject\",\"inLanguage\":\"sk-SK\",\"@id\":\"https:\\\/\\\/www.youthforequality.sk\\\/index.php\\\/2024\\\/05\\\/28\\\/young-leaders-a-journey-story-from-mahmut\\\/#primaryimage\",\"url\":\"https:\\\/\\\/www.youthforequality.sk\\\/wp-content\\\/uploads\\\/2024\\\/05\\\/IMG_20240518_154404-1.jpg\",\"contentUrl\":\"https:\\\/\\\/www.youthforequality.sk\\\/wp-content\\\/uploads\\\/2024\\\/05\\\/IMG_20240518_154404-1.jpg\",\"width\":2189,\"height\":2052},{\"@type\":\"BreadcrumbList\",\"@id\":\"https:\\\/\\\/www.youthforequality.sk\\\/index.php\\\/2024\\\/05\\\/28\\\/young-leaders-a-journey-story-from-mahmut\\\/#breadcrumb\",\"itemListElement\":[{\"@type\":\"ListItem\",\"position\":1,\"name\":\"Home\",\"item\":\"https:\\\/\\\/www.youthforequality.sk\\\/\"},{\"@type\":\"ListItem\",\"position\":2,\"name\":\"10 Months of Skills I Gained in the European Solidarity Corps Program (Young Leaders): A Journey Story from Mahmut U\u011fur\"}]},{\"@type\":\"WebSite\",\"@id\":\"https:\\\/\\\/www.youthforequality.sk\\\/#website\",\"url\":\"https:\\\/\\\/www.youthforequality.sk\\\/\",\"name\":\"\",\"description\":\"\",\"publisher\":{\"@id\":\"https:\\\/\\\/www.youthforequality.sk\\\/#organization\"},\"potentialAction\":[{\"@type\":\"SearchAction\",\"target\":{\"@type\":\"EntryPoint\",\"urlTemplate\":\"https:\\\/\\\/www.youthforequality.sk\\\/?s={search_term_string}\"},\"query-input\":{\"@type\":\"PropertyValueSpecification\",\"valueRequired\":true,\"valueName\":\"search_term_string\"}}],\"inLanguage\":\"sk-SK\"},{\"@type\":\"Organization\",\"@id\":\"https:\\\/\\\/www.youthforequality.sk\\\/#organization\",\"name\":\"Youth for Equality\",\"url\":\"https:\\\/\\\/www.youthforequality.sk\\\/\",\"logo\":{\"@type\":\"ImageObject\",\"inLanguage\":\"sk-SK\",\"@id\":\"https:\\\/\\\/www.youthforequality.sk\\\/#\\\/schema\\\/logo\\\/image\\\/\",\"url\":\"https:\\\/\\\/www.youthforequality.sk\\\/wp-content\\\/uploads\\\/2021\\\/01\\\/vynovene-logo-nove-farby_modra-na-web.png\",\"contentUrl\":\"https:\\\/\\\/www.youthforequality.sk\\\/wp-content\\\/uploads\\\/2021\\\/01\\\/vynovene-logo-nove-farby_modra-na-web.png\",\"width\":1,\"height\":1,\"caption\":\"Youth for Equality\"},\"image\":{\"@id\":\"https:\\\/\\\/www.youthforequality.sk\\\/#\\\/schema\\\/logo\\\/image\\\/\"},\"sameAs\":[\"https:\\\/\\\/www.facebook.com\\\/yeslovakia\"]},{\"@type\":\"Person\",\"@id\":\"https:\\\/\\\/www.youthforequality.sk\\\/#\\\/schema\\\/person\\\/d342f25e638d824527d3b78bbfb97324\",\"name\":\"Silvia Jasenecova\",\"image\":{\"@type\":\"ImageObject\",\"inLanguage\":\"sk-SK\",\"@id\":\"https:\\\/\\\/secure.gravatar.com\\\/avatar\\\/43a8960df19336b9cc573e7be97a8f9c2f855c68a8e7248718d7ba5b039477bb?s=96&d=mm&r=g\",\"url\":\"https:\\\/\\\/secure.gravatar.com\\\/avatar\\\/43a8960df19336b9cc573e7be97a8f9c2f855c68a8e7248718d7ba5b039477bb?s=96&d=mm&r=g\",\"contentUrl\":\"https:\\\/\\\/secure.gravatar.com\\\/avatar\\\/43a8960df19336b9cc573e7be97a8f9c2f855c68a8e7248718d7ba5b039477bb?s=96&d=mm&r=g\",\"caption\":\"Silvia Jasenecova\"},\"url\":\"https:\\\/\\\/www.youthforequality.sk\\\/index.php\\\/author\\\/natalier\\\/\"}]}<\/script>\n<!-- \/ Yoast SEO plugin. -->","yoast_head_json":{"title":"10 Months of Skills I Gained in the European Solidarity Corps Program (Young Leaders): A Journey Story from Mahmut U\u011fur |","robots":{"index":"index","follow":"follow","max-snippet":"max-snippet:-1","max-image-preview":"max-image-preview:large","max-video-preview":"max-video-preview:-1"},"canonical":"https:\/\/www.youthforequality.sk\/index.php\/2024\/05\/28\/young-leaders-a-journey-story-from-mahmut\/","og_locale":"sk_SK","og_type":"article","og_title":"10 Months of Skills I Gained in the European Solidarity Corps Program (Young Leaders): A Journey Story from Mahmut U\u011fur |","og_description":"It all started the day I applied to join the European Solidarity Corps (ESC) program. I was full of excitement \u2014 and just a little anxious. I was about to begin an unfamiliar journey, surrounded by people I had never met before. But deep down, I had a strong feeling that this experience would help&hellip;&nbsp;\u010c\u00edta\u0165 viac &raquo;10 Months of Skills I Gained in the European Solidarity Corps Program (Young Leaders): A Journey Story from Mahmut U\u011fur","og_url":"https:\/\/www.youthforequality.sk\/index.php\/2024\/05\/28\/young-leaders-a-journey-story-from-mahmut\/","article_publisher":"https:\/\/www.facebook.com\/yeslovakia","article_published_time":"2024-05-28T12:36:22+00:00","article_modified_time":"2025-07-23T09:15:50+00:00","og_image":[{"width":2189,"height":2052,"url":"https:\/\/www.youthforequality.sk\/wp-content\/uploads\/2024\/05\/IMG_20240518_154404-1.jpg","type":"image\/jpeg"}],"author":"Silvia Jasenecova","twitter_card":"summary_large_image","twitter_misc":{"Autor":"Silvia Jasenecova","Predpokladan\u00fd \u010das \u010d\u00edtania":"4 min\u00faty"},"schema":{"@context":"https:\/\/schema.org","@graph":[{"@type":"Article","@id":"https:\/\/www.youthforequality.sk\/index.php\/2024\/05\/28\/young-leaders-a-journey-story-from-mahmut\/#article","isPartOf":{"@id":"https:\/\/www.youthforequality.sk\/index.php\/2024\/05\/28\/young-leaders-a-journey-story-from-mahmut\/"},"author":{"name":"Silvia Jasenecova","@id":"https:\/\/www.youthforequality.sk\/#\/schema\/person\/d342f25e638d824527d3b78bbfb97324"},"headline":"10 Months of Skills I Gained in the European Solidarity Corps Program (Young Leaders): A Journey Story from Mahmut U\u011fur","datePublished":"2024-05-28T12:36:22+00:00","dateModified":"2025-07-23T09:15:50+00:00","mainEntityOfPage":{"@id":"https:\/\/www.youthforequality.sk\/index.php\/2024\/05\/28\/young-leaders-a-journey-story-from-mahmut\/"},"wordCount":466,"publisher":{"@id":"https:\/\/www.youthforequality.sk\/#organization"},"image":{"@id":"https:\/\/www.youthforequality.sk\/index.php\/2024\/05\/28\/young-leaders-a-journey-story-from-mahmut\/#primaryimage"},"thumbnailUrl":"https:\/\/www.youthforequality.sk\/wp-content\/uploads\/2024\/05\/IMG_20240518_154404-1.jpg","articleSection":["Blog","Individu\u00e1lne dobrovo\u013en\u00edctvo","Uncategorized"],"inLanguage":"sk-SK"},{"@type":"WebPage","@id":"https:\/\/www.youthforequality.sk\/index.php\/2024\/05\/28\/young-leaders-a-journey-story-from-mahmut\/","url":"https:\/\/www.youthforequality.sk\/index.php\/2024\/05\/28\/young-leaders-a-journey-story-from-mahmut\/","name":"10 Months of Skills I Gained in the European Solidarity Corps Program (Young Leaders): A Journey Story from Mahmut U\u011fur |","isPartOf":{"@id":"https:\/\/www.youthforequality.sk\/#website"},"primaryImageOfPage":{"@id":"https:\/\/www.youthforequality.sk\/index.php\/2024\/05\/28\/young-leaders-a-journey-story-from-mahmut\/#primaryimage"},"image":{"@id":"https:\/\/www.youthforequality.sk\/index.php\/2024\/05\/28\/young-leaders-a-journey-story-from-mahmut\/#primaryimage"},"thumbnailUrl":"https:\/\/www.youthforequality.sk\/wp-content\/uploads\/2024\/05\/IMG_20240518_154404-1.jpg","datePublished":"2024-05-28T12:36:22+00:00","dateModified":"2025-07-23T09:15:50+00:00","breadcrumb":{"@id":"https:\/\/www.youthforequality.sk\/index.php\/2024\/05\/28\/young-leaders-a-journey-story-from-mahmut\/#breadcrumb"},"inLanguage":"sk-SK","potentialAction":[{"@type":"ReadAction","target":["https:\/\/www.youthforequality.sk\/index.php\/2024\/05\/28\/young-leaders-a-journey-story-from-mahmut\/"]}]},{"@type":"ImageObject","inLanguage":"sk-SK","@id":"https:\/\/www.youthforequality.sk\/index.php\/2024\/05\/28\/young-leaders-a-journey-story-from-mahmut\/#primaryimage","url":"https:\/\/www.youthforequality.sk\/wp-content\/uploads\/2024\/05\/IMG_20240518_154404-1.jpg","contentUrl":"https:\/\/www.youthforequality.sk\/wp-content\/uploads\/2024\/05\/IMG_20240518_154404-1.jpg","width":2189,"height":2052},{"@type":"BreadcrumbList","@id":"https:\/\/www.youthforequality.sk\/index.php\/2024\/05\/28\/young-leaders-a-journey-story-from-mahmut\/#breadcrumb","itemListElement":[{"@type":"ListItem","position":1,"name":"Home","item":"https:\/\/www.youthforequality.sk\/"},{"@type":"ListItem","position":2,"name":"10 Months of Skills I Gained in the European Solidarity Corps Program (Young Leaders): A Journey Story from Mahmut U\u011fur"}]},{"@type":"WebSite","@id":"https:\/\/www.youthforequality.sk\/#website","url":"https:\/\/www.youthforequality.sk\/","name":"","description":"","publisher":{"@id":"https:\/\/www.youthforequality.sk\/#organization"},"potentialAction":[{"@type":"SearchAction","target":{"@type":"EntryPoint","urlTemplate":"https:\/\/www.youthforequality.sk\/?s={search_term_string}"},"query-input":{"@type":"PropertyValueSpecification","valueRequired":true,"valueName":"search_term_string"}}],"inLanguage":"sk-SK"},{"@type":"Organization","@id":"https:\/\/www.youthforequality.sk\/#organization","name":"Youth for Equality","url":"https:\/\/www.youthforequality.sk\/","logo":{"@type":"ImageObject","inLanguage":"sk-SK","@id":"https:\/\/www.youthforequality.sk\/#\/schema\/logo\/image\/","url":"https:\/\/www.youthforequality.sk\/wp-content\/uploads\/2021\/01\/vynovene-logo-nove-farby_modra-na-web.png","contentUrl":"https:\/\/www.youthforequality.sk\/wp-content\/uploads\/2021\/01\/vynovene-logo-nove-farby_modra-na-web.png","width":1,"height":1,"caption":"Youth for Equality"},"image":{"@id":"https:\/\/www.youthforequality.sk\/#\/schema\/logo\/image\/"},"sameAs":["https:\/\/www.facebook.com\/yeslovakia"]},{"@type":"Person","@id":"https:\/\/www.youthforequality.sk\/#\/schema\/person\/d342f25e638d824527d3b78bbfb97324","name":"Silvia Jasenecova","image":{"@type":"ImageObject","inLanguage":"sk-SK","@id":"https:\/\/secure.gravatar.com\/avatar\/43a8960df19336b9cc573e7be97a8f9c2f855c68a8e7248718d7ba5b039477bb?s=96&d=mm&r=g","url":"https:\/\/secure.gravatar.com\/avatar\/43a8960df19336b9cc573e7be97a8f9c2f855c68a8e7248718d7ba5b039477bb?s=96&d=mm&r=g","contentUrl":"https:\/\/secure.gravatar.com\/avatar\/43a8960df19336b9cc573e7be97a8f9c2f855c68a8e7248718d7ba5b039477bb?s=96&d=mm&r=g","caption":"Silvia Jasenecova"},"url":"https:\/\/www.youthforequality.sk\/index.php\/author\/natalier\/"}]}},"_links":{"self":[{"href":"https:\/\/www.youthforequality.sk\/index.php\/wp-json\/wp\/v2\/posts\/7267","targetHints":{"allow":["GET"]}}],"collection":[{"href":"https:\/\/www.youthforequality.sk\/index.php\/wp-json\/wp\/v2\/posts"}],"about":[{"href":"https:\/\/www.youthforequality.sk\/index.php\/wp-json\/wp\/v2\/types\/post"}],"author":[{"embeddable":true,"href":"https:\/\/www.youthforequality.sk\/index.php\/wp-json\/wp\/v2\/users\/7"}],"replies":[{"embeddable":true,"href":"https:\/\/www.youthforequality.sk\/index.php\/wp-json\/wp\/v2\/comments?post=7267"}],"version-history":[{"count":11,"href":"https:\/\/www.youthforequality.sk\/index.php\/wp-json\/wp\/v2\/posts\/7267\/revisions"}],"predecessor-version":[{"id":9461,"href":"https:\/\/www.youthforequality.sk\/index.php\/wp-json\/wp\/v2\/posts\/7267\/revisions\/9461"}],"wp:featuredmedia":[{"embeddable":true,"href":"https:\/\/www.youthforequality.sk\/index.php\/wp-json\/wp\/v2\/media\/7275"}],"wp:attachment":[{"href":"https:\/\/www.youthforequality.sk\/index.php\/wp-json\/wp\/v2\/media?parent=7267"}],"wp:term":[{"taxonomy":"category","embeddable":true,"href":"https:\/\/www.youthforequality.sk\/index.php\/wp-json\/wp\/v2\/categories?post=7267"},{"taxonomy":"post_tag","embeddable":true,"href":"https:\/\/www.youthforequality.sk\/index.php\/wp-json\/wp\/v2\/tags?post=7267"}],"curies":[{"name":"wp","href":"https:\/\/api.w.org\/{rel}","templated":true}]}}