{"id":7280,"date":"2024-05-28T16:38:11","date_gmt":"2024-05-28T14:38:11","guid":{"rendered":"https:\/\/www.youthforequality.sk\/index.php\/2024\/05\/28\/youth-exchange-in-serbia-step-up-4-your-goal-copy\/"},"modified":"2024-05-30T16:48:56","modified_gmt":"2024-05-30T14:48:56","slug":"erasmus-projekt-portugalsko-green-rhapsody-of-optimistic-world","status":"publish","type":"post","link":"https:\/\/www.youthforequality.sk\/index.php\/2024\/05\/28\/erasmus-projekt-portugalsko-green-rhapsody-of-optimistic-world\/","title":{"rendered":"Erasmus+ projekt, Portugalsko &#8222;Green Rhapsody of Optimistic World&#8220;"},"content":{"rendered":"\t\t<div data-elementor-type=\"wp-post\" data-elementor-id=\"7280\" class=\"elementor elementor-7280\">\n\t\t\t\t\t\t<section class=\"elementor-section elementor-top-section elementor-element elementor-element-653c0938 elementor-section-boxed elementor-section-height-default elementor-section-height-default\" data-id=\"653c0938\" data-element_type=\"section\" data-e-type=\"section\">\n\t\t\t\t\t\t<div class=\"elementor-container elementor-column-gap-default\">\n\t\t\t\t\t<div class=\"elementor-column elementor-col-100 elementor-top-column elementor-element elementor-element-5ef9e613\" data-id=\"5ef9e613\" data-element_type=\"column\" data-e-type=\"column\">\n\t\t\t<div class=\"elementor-widget-wrap elementor-element-populated\">\n\t\t\t\t\t\t<div class=\"elementor-element elementor-element-463869f7 elementor-widget elementor-widget-text-editor\" data-id=\"463869f7\" data-element_type=\"widget\" data-e-type=\"widget\" data-widget_type=\"text-editor.default\">\n\t\t\t\t<div class=\"elementor-widget-container\">\n\t\t\t\t\t\t\t\t\t<p>10.5. &#8211; N\u00e1\u0161 de\u0148 sa za\u010dal cestovan\u00edm z Trnavy do Bratislavy, kde sme mali chv\u00ed\u013eu \u010das na prestup autobusu do Viedne. Tento \u010das sme vyu\u017eili na obed. Na letisko sme pri\u0161li s \u010dasovou rezervou a na\u0161li svoj &#8222;gate&#8220;. Let trval cca 3 hodiny. V Porte n\u00e1s pr\u00edjemne prekvapilo po\u010dasie, ktor\u00e9 sme ocenili a vydali sa smerom na ubytovanie. Mestskou hromadnou dopravou sme pri\u0161li na hotel. Pozit\u00edvne n\u00e1s prekvapilo ubytovanie bl\u00edzko pl\u00e1\u017ee a ve\u010dera (kebab s hranolkami a zeleninou), ktorou n\u00e1s na hoteli priv\u00edtali. Po n\u00e1ro\u010dnej ceste sme sa zhodli, \u017ee zostaneme oddychova\u0165 na izbe a na\u010derp\u00e1me sily na \u010fal\u0161\u00ed de\u0148.<\/p><p>\u00a0<\/p><p>11.5 &#8211; De\u0148 sme za\u010dali ra\u0148ajkami po ktor\u00fdch sme sa presunuli na pl\u00e1\u017e a pomocou projektov\u00fdch aktiv\u00edt sme spoznali \u013eud\u00ed z in\u00fdch kraj\u00edn (Portugalsko, Nemecko, Ma\u010farsko, Franc\u00fazsko). Nasledoval obed a obedn\u00e1 prest\u00e1vka po ktorej sme pokra\u010dovali plnen\u00edm zadan\u00fdch \u00faloh. Na ve\u010deru sme i\u0161li do lok\u00e1lnej re\u0161taur\u00e1cie, kde sme mali mo\u017enos\u0165 ochutna\u0165 morsk\u00e9 jedlo. Tento de\u0148 sme zakon\u010dili obhliadkou mesta Porto. Ve\u013emi sa n\u00e1m p\u00e1\u010dila mestsk\u00e1 atmosf\u00e9ra a architekt\u00fara.<\/p><p>\u00a0<\/p><p>12.5 &#8211; Vlakom sme sa presunuli z Porta do ne\u010falek\u00e9ho mesta Ovar, kde str\u00e1vime zvy\u0161n\u00e9 dni. Za\u010dali sme sa zoznamova\u0165 s t\u00e9mou projektu aby sme vedeli \u010do n\u00e1s \u010dak\u00e1.<\/p><p>\u00a0<\/p><p>13.5 &#8211; Za\u010dali sme prezentovan\u00edm na\u0161ej krajiny v oblasti environmentalistky a taktie\u017e mali mo\u017enos\u0165 vypo\u010du\u0165 si prezent\u00e1cie \u013eud\u00ed z in\u00fdch kraj\u00edn. Po obede nasledovala kult\u00farna noc kde svoju krajinu prezentovali Nemecko a Franc\u00fazsko. Zatancovali sme si n\u00e1rodn\u00e9 tance, ochutnali tradi\u010dn\u00e9 cukrovinky a nakoniec zahrali kv\u00edz.<\/p><p>\u00a0<\/p><p>14.5 &#8211; Zobudili sme sa do slne\u010dn\u00e9ho r\u00e1na. Na\u0161ou \u00falohou bolo vymyslie\u0165 a n\u00e1sledne prezentova\u0165 rie\u0161enia na environment\u00e1lne probl\u00e9my z predch\u00e1dzaj\u00faceho d\u0148a o ktor\u00fdch sme n\u00e1sledne debatovali a vypo\u010duli si sp\u00e4tn\u00fa v\u00e4zbu od \u010fal\u0161\u00edch \u00fa\u010dastn\u00edkov. Na obed sme absolvovali men\u0161iu prech\u00e1dzku v pr\u00edrode a presunuli sa do re\u0161taur\u00e1cie. Ako \u010fal\u0161iu aktivitu sme mali mo\u017enos\u0165 absolvova\u0165 hodinu medit\u00e1cie v lese.<\/p><p>\u00a0<\/p><p>15.5 &#8211; Ako prv\u00fa \u00falohu sme mali vymyslie\u0165 mal\u00e9 divadlo na r\u00f4zne t\u00e9my. Moja skupina mala t\u00e9mu aktivizmus. N\u00e1sledne sme si pozreli nacvi\u010den\u00e9 sc\u00e9nky ka\u017edej skupiny. Po obede sme sa presunuli na najbli\u017e\u0161iu pl\u00e1\u017e, z ktorej sme zbierali odpadky. Nazbierali sme viac ako 10 pln\u00fdch ta\u0161iek odpadu.<\/p><p>\u00a0<\/p><p>16.5 &#8211; Cel\u00fd de\u0148 sme pracovali na kr\u00e1tkom filme, ktor\u00fd sme mali nato\u010di\u0165 v t\u00edmoch. Rozhodli sme sa nato\u010di\u0165 film o d\u00f4le\u017eitosti recyklovania a triedenia odpadu. Ve\u010der sme sa v\u0161etci stretli v spolo\u010dnej miestnosti na \u201cOSCAR NIGHT\u201d kde sme si pozreli v\u0161etky filmy, ktor\u00e9 sme vytvorili. N\u00e1\u0161 film vyhral ocenenie za najlep\u0161\u00ed scen\u00e1r.<\/p><p>\u00a0<\/p><p>17.5. &#8211; Za\u010d\u00ednali sme aktivitou ktorej cie\u013eom bolo dok\u00e1za\u0165, \u017ee aj z \u201codpadu\u201d sa d\u00e1 vytvori\u0165 nie\u010do u\u017eito\u010dn\u00e9. Po t\u00edmoch sme pracovali na tvoren\u00ed oble\u010denia z pou\u017eit\u00fdch materi\u00e1lov (PET f\u013ea\u0161e, papiere, kart\u00f3ny, mikrot\u00e9nov\u00e9 ta\u0161ky&#8230;), nasledovala m\u00f3dna prehliadka kde sme svoje n\u00e1pady prezentovali. Po aktivite nasledovalo vo\u013eno, ktor\u00e9 sme vyu\u017eili na v\u00fdlet do mesta Porto. Nav\u0161t\u00edvili sme pamiatky a u\u017e\u00edvali zvy\u0161ok slne\u010dn\u00e9ho d\u0148a.<\/p><p>\u00a0<\/p><p>18.5 &#8211; Ofici\u00e1lne posledn\u00fd de\u0148 projektu. Po ra\u0148ajk\u00e1ch sme sa presunuli do tr\u00e9ningovej miestnosti, kde sme si spolu pre\u0161li n\u00e1\u0161 spolo\u010dn\u00fd t\u00fd\u017ede\u0148 a vybavili potrebn\u00e9 administrat\u00edvne veci. Po obede sme sa pomocou hry dozvedeli kto bol n\u00e1\u0161 \u201ctajn\u00fd priate\u013e\u201d (po\u010das cel\u00e9ho projektu n\u00e1m p\u00edsal spr\u00e1vy alebo obdarov\u00e1val mal\u00fdmi dar\u010dekmi). Bohu\u017eia\u013e to bol pre slovensk\u00fdch \u00fa\u010dastn\u00edkov posledn\u00fd de\u0148, preto\u017ee n\u00e1m lietadlo letelo v rann\u00fdch hodin\u00e1ch, a tak sme sa rozl\u00fa\u010dili a vydali na letisko.<\/p><p>\u00a0<\/p><p>19.5 &#8211; Po noci str\u00e1venej na letisku sme cestovali smerom do Barcelony, kde sme prestupovali na let do Viedne. Na\u0161e lietadlo malo me\u0161kanie, \u010do n\u00e1m sp\u00f4sobilo mierny stres, \u017ee nestihneme autobus do Bratislavy no na\u0161\u0165astie sme v\u0161etko stihli a \u00faspe\u0161ne dopravili domov. Bol to n\u00e1ro\u010dn\u00fd de\u0148 preto n\u00e1m nezost\u00e1valo ni\u010d in\u00e9 ako \u00eds\u0165 do postele a na\u010derpa\u0165 sily na \u010fal\u0161\u00ed de\u0148.<\/p><p><a href=\"https:\/\/vm.tiktok.com\/ZGeXXDCT8\/\">VIDEO<\/a><\/p><p>\u00a0<\/p><p>\u00a0<\/p><p>\u010c\u00edm ma projekt obohatil?<br \/>Po pr\u00edchode ma zarazilo, \u017ee som bol najmlad\u0161\u00edm \u00fa\u010dastn\u00edkom projektu, no nakoniec som zistil, \u017ee sa nebolo \u010doho ob\u00e1va\u0165. \u013dudia boli mil\u00ed, komunikat\u00edvni, tak\u017ee sme mali mo\u017enos\u0165 tr\u00e9nova\u0165 anglick\u00fd jazyk najviac ako sa len dalo. Vytvoril som si ve\u013emi ve\u013ea medzin\u00e1rodn\u00fdch priate\u013estiev, spoznal mnoho in\u0161pirat\u00edvnych \u013eud\u00ed z r\u00f4znych kraj\u00edn sveta (Nemecko reprezentovali \u0161tudenti z Turecka, Indie a Egyptu). Angli\u010dtina nebola jedin\u00fdm jazykom na komunikovanie, sna\u017eil som sa vyu\u017ei\u0165 moje komunika\u010dn\u00e9 schopnosti v nem\u010dine a nau\u010dil sa z\u00e1kladn\u00e9 slov\u00e1 v egypt\u010dine. Po\u010das cel\u00e9ho projektu som si uvedomil d\u00f4le\u017eitos\u0165 o \u0161\u00edren\u00ed povedomia o klimatickej kr\u00edze a jej dopadu na na\u0161u plan\u00e9tu.<\/p><p>\u00a0<\/p><p>\u00a0<\/p><p>Od: Radovan Belokostolsk\u00fd<\/p>\t\t\t\t\t\t\t\t<\/div>\n\t\t\t\t<\/div>\n\t\t\t\t\t<\/div>\n\t\t<\/div>\n\t\t\t\t\t<\/div>\n\t\t<\/section>\n\t\t\t\t<section class=\"elementor-section elementor-top-section elementor-element elementor-element-34111d1 elementor-section-boxed elementor-section-height-default elementor-section-height-default\" data-id=\"34111d1\" data-element_type=\"section\" data-e-type=\"section\">\n\t\t\t\t\t\t<div class=\"elementor-container elementor-column-gap-default\">\n\t\t\t\t\t<div class=\"elementor-column elementor-col-25 elementor-top-column elementor-element elementor-element-aaddf87\" data-id=\"aaddf87\" data-element_type=\"column\" data-e-type=\"column\">\n\t\t\t<div class=\"elementor-widget-wrap elementor-element-populated\">\n\t\t\t\t\t\t<div class=\"elementor-element elementor-element-d056ddb elementor-widget elementor-widget-image\" data-id=\"d056ddb\" data-element_type=\"widget\" data-e-type=\"widget\" data-widget_type=\"image.default\">\n\t\t\t\t<div class=\"elementor-widget-container\">\n\t\t\t\t\t\t\t\t\t\t\t\t\t\t\t<img fetchpriority=\"high\" decoding=\"async\" width=\"1024\" height=\"577\" src=\"https:\/\/www.youthforequality.sk\/wp-content\/uploads\/2024\/05\/WhatsApp-Image-2024-05-28-at-22.12.12-1024x577.jpeg\" class=\"attachment-large size-large wp-image-7289\" alt=\"\" srcset=\"https:\/\/www.youthforequality.sk\/wp-content\/uploads\/2024\/05\/WhatsApp-Image-2024-05-28-at-22.12.12-1024x577.jpeg 1024w, https:\/\/www.youthforequality.sk\/wp-content\/uploads\/2024\/05\/WhatsApp-Image-2024-05-28-at-22.12.12-300x169.jpeg 300w, https:\/\/www.youthforequality.sk\/wp-content\/uploads\/2024\/05\/WhatsApp-Image-2024-05-28-at-22.12.12-768x432.jpeg 768w, https:\/\/www.youthforequality.sk\/wp-content\/uploads\/2024\/05\/WhatsApp-Image-2024-05-28-at-22.12.12-1536x865.jpeg 1536w, https:\/\/www.youthforequality.sk\/wp-content\/uploads\/2024\/05\/WhatsApp-Image-2024-05-28-at-22.12.12.jpeg 1600w\" sizes=\"(max-width: 1024px) 100vw, 1024px\" \/>\t\t\t\t\t\t\t\t\t\t\t\t\t\t\t<\/div>\n\t\t\t\t<\/div>\n\t\t\t\t\t<\/div>\n\t\t<\/div>\n\t\t\t\t<div class=\"elementor-column elementor-col-25 elementor-top-column elementor-element elementor-element-0b48714\" data-id=\"0b48714\" data-element_type=\"column\" data-e-type=\"column\">\n\t\t\t<div class=\"elementor-widget-wrap elementor-element-populated\">\n\t\t\t\t\t\t<div class=\"elementor-element elementor-element-d636efb elementor-widget elementor-widget-image\" data-id=\"d636efb\" data-element_type=\"widget\" data-e-type=\"widget\" data-widget_type=\"image.default\">\n\t\t\t\t<div class=\"elementor-widget-container\">\n\t\t\t\t\t\t\t\t\t\t\t\t\t\t\t<img decoding=\"async\" width=\"768\" height=\"1024\" src=\"https:\/\/www.youthforequality.sk\/wp-content\/uploads\/2024\/05\/WhatsApp-Image-2024-05-28-at-22.12.18-768x1024.jpeg\" class=\"attachment-large size-large wp-image-7290\" alt=\"\" srcset=\"https:\/\/www.youthforequality.sk\/wp-content\/uploads\/2024\/05\/WhatsApp-Image-2024-05-28-at-22.12.18-768x1024.jpeg 768w, https:\/\/www.youthforequality.sk\/wp-content\/uploads\/2024\/05\/WhatsApp-Image-2024-05-28-at-22.12.18-225x300.jpeg 225w, https:\/\/www.youthforequality.sk\/wp-content\/uploads\/2024\/05\/WhatsApp-Image-2024-05-28-at-22.12.18-1152x1536.jpeg 1152w, https:\/\/www.youthforequality.sk\/wp-content\/uploads\/2024\/05\/WhatsApp-Image-2024-05-28-at-22.12.18.jpeg 1200w\" sizes=\"(max-width: 768px) 100vw, 768px\" \/>\t\t\t\t\t\t\t\t\t\t\t\t\t\t\t<\/div>\n\t\t\t\t<\/div>\n\t\t\t\t\t<\/div>\n\t\t<\/div>\n\t\t\t\t<div class=\"elementor-column elementor-col-25 elementor-top-column elementor-element elementor-element-22abdb5\" data-id=\"22abdb5\" data-element_type=\"column\" data-e-type=\"column\">\n\t\t\t<div class=\"elementor-widget-wrap elementor-element-populated\">\n\t\t\t\t\t\t<div class=\"elementor-element elementor-element-a512a93 elementor-widget elementor-widget-image\" data-id=\"a512a93\" data-element_type=\"widget\" data-e-type=\"widget\" data-widget_type=\"image.default\">\n\t\t\t\t<div class=\"elementor-widget-container\">\n\t\t\t\t\t\t\t\t\t\t\t\t\t\t\t<img decoding=\"async\" width=\"768\" height=\"1024\" src=\"https:\/\/www.youthforequality.sk\/wp-content\/uploads\/2024\/05\/WhatsApp-Image-2024-05-28-at-22.12.27-768x1024.jpeg\" class=\"attachment-large size-large wp-image-7292\" alt=\"\" srcset=\"https:\/\/www.youthforequality.sk\/wp-content\/uploads\/2024\/05\/WhatsApp-Image-2024-05-28-at-22.12.27-768x1024.jpeg 768w, https:\/\/www.youthforequality.sk\/wp-content\/uploads\/2024\/05\/WhatsApp-Image-2024-05-28-at-22.12.27-225x300.jpeg 225w, https:\/\/www.youthforequality.sk\/wp-content\/uploads\/2024\/05\/WhatsApp-Image-2024-05-28-at-22.12.27-1152x1536.jpeg 1152w, https:\/\/www.youthforequality.sk\/wp-content\/uploads\/2024\/05\/WhatsApp-Image-2024-05-28-at-22.12.27.jpeg 1200w\" sizes=\"(max-width: 768px) 100vw, 768px\" \/>\t\t\t\t\t\t\t\t\t\t\t\t\t\t\t<\/div>\n\t\t\t\t<\/div>\n\t\t\t\t\t<\/div>\n\t\t<\/div>\n\t\t\t\t<div class=\"elementor-column elementor-col-25 elementor-top-column elementor-element elementor-element-fe60333\" data-id=\"fe60333\" data-element_type=\"column\" data-e-type=\"column\">\n\t\t\t<div class=\"elementor-widget-wrap elementor-element-populated\">\n\t\t\t\t\t\t<div class=\"elementor-element elementor-element-9c505dc elementor-widget elementor-widget-image\" data-id=\"9c505dc\" data-element_type=\"widget\" data-e-type=\"widget\" data-widget_type=\"image.default\">\n\t\t\t\t<div class=\"elementor-widget-container\">\n\t\t\t\t\t\t\t\t\t\t\t\t\t\t\t<img loading=\"lazy\" decoding=\"async\" width=\"1024\" height=\"768\" src=\"https:\/\/www.youthforequality.sk\/wp-content\/uploads\/2024\/05\/WhatsApp-Image-2024-05-28-at-22.12.22-1024x768.jpeg\" class=\"attachment-large size-large wp-image-7291\" alt=\"\" srcset=\"https:\/\/www.youthforequality.sk\/wp-content\/uploads\/2024\/05\/WhatsApp-Image-2024-05-28-at-22.12.22-1024x768.jpeg 1024w, https:\/\/www.youthforequality.sk\/wp-content\/uploads\/2024\/05\/WhatsApp-Image-2024-05-28-at-22.12.22-300x225.jpeg 300w, https:\/\/www.youthforequality.sk\/wp-content\/uploads\/2024\/05\/WhatsApp-Image-2024-05-28-at-22.12.22-768x576.jpeg 768w, https:\/\/www.youthforequality.sk\/wp-content\/uploads\/2024\/05\/WhatsApp-Image-2024-05-28-at-22.12.22-1536x1152.jpeg 1536w, https:\/\/www.youthforequality.sk\/wp-content\/uploads\/2024\/05\/WhatsApp-Image-2024-05-28-at-22.12.22.jpeg 1600w\" sizes=\"(max-width: 1024px) 100vw, 1024px\" \/>\t\t\t\t\t\t\t\t\t\t\t\t\t\t\t<\/div>\n\t\t\t\t<\/div>\n\t\t\t\t\t<\/div>\n\t\t<\/div>\n\t\t\t\t\t<\/div>\n\t\t<\/section>\n\t\t\t\t<\/div>\n\t\t","protected":false},"excerpt":{"rendered":"<p>10.5. &#8211; N\u00e1\u0161 de\u0148 sa za\u010dal cestovan\u00edm z Trnavy do Bratislavy, kde sme mali chv\u00ed\u013eu \u010das na prestup autobusu do Viedne. Tento \u010das sme vyu\u017eili na obed. Na letisko sme pri\u0161li s \u010dasovou rezervou a na\u0161li svoj &#8222;gate&#8220;. Let trval cca 3 hodiny. V Porte n\u00e1s pr\u00edjemne prekvapilo po\u010dasie, ktor\u00e9 sme ocenili a vydali sa&hellip;&nbsp;<a href=\"https:\/\/www.youthforequality.sk\/index.php\/2024\/05\/28\/erasmus-projekt-portugalsko-green-rhapsody-of-optimistic-world\/\" class=\"\" rel=\"bookmark\">\u010c\u00edta\u0165 viac &raquo;<span class=\"screen-reader-text\">Erasmus+ projekt, Portugalsko &#8222;Green Rhapsody of Optimistic World&#8220;<\/span><\/a><\/p>\n","protected":false},"author":7,"featured_media":7285,"comment_status":"closed","ping_status":"open","sticky":false,"template":"","format":"standard","meta":{"_uf_show_specific_survey":0,"_uf_disable_surveys":false,"neve_meta_sidebar":"","neve_meta_container":"","neve_meta_enable_content_width":"off","neve_meta_content_width":70,"neve_meta_title_alignment":"","neve_meta_author_avatar":"","neve_post_elements_order":"","neve_meta_disable_header":"","neve_meta_disable_footer":"","neve_meta_disable_title":"","_themeisle_gutenberg_block_has_review":false,"footnotes":""},"categories":[3],"tags":[],"class_list":["post-7280","post","type-post","status-publish","format-standard","has-post-thumbnail","hentry","category-blog"],"yoast_head":"<!-- This site is optimized with the Yoast SEO plugin v27.4 - https:\/\/yoast.com\/product\/yoast-seo-wordpress\/ -->\n<title>Erasmus+ projekt, Portugalsko &quot;Green Rhapsody of Optimistic World&quot; |<\/title>\n<meta name=\"robots\" content=\"index, follow, max-snippet:-1, max-image-preview:large, max-video-preview:-1\" \/>\n<link rel=\"canonical\" href=\"https:\/\/www.youthforequality.sk\/index.php\/2024\/05\/28\/erasmus-projekt-portugalsko-green-rhapsody-of-optimistic-world\/\" \/>\n<meta property=\"og:locale\" content=\"sk_SK\" \/>\n<meta property=\"og:type\" content=\"article\" \/>\n<meta property=\"og:title\" content=\"Erasmus+ projekt, Portugalsko &quot;Green Rhapsody of Optimistic World&quot; |\" \/>\n<meta property=\"og:description\" content=\"10.5. &#8211; N\u00e1\u0161 de\u0148 sa za\u010dal cestovan\u00edm z Trnavy do Bratislavy, kde sme mali chv\u00ed\u013eu \u010das na prestup autobusu do Viedne. Tento \u010das sme vyu\u017eili na obed. Na letisko sme pri\u0161li s \u010dasovou rezervou a na\u0161li svoj &#8222;gate&#8220;. Let trval cca 3 hodiny. V Porte n\u00e1s pr\u00edjemne prekvapilo po\u010dasie, ktor\u00e9 sme ocenili a vydali sa&hellip;&nbsp;\u010c\u00edta\u0165 viac &raquo;Erasmus+ projekt, Portugalsko &#8222;Green Rhapsody of Optimistic World&#8220;\" \/>\n<meta property=\"og:url\" content=\"https:\/\/www.youthforequality.sk\/index.php\/2024\/05\/28\/erasmus-projekt-portugalsko-green-rhapsody-of-optimistic-world\/\" \/>\n<meta property=\"article:publisher\" content=\"https:\/\/www.facebook.com\/yeslovakia\" \/>\n<meta property=\"article:published_time\" content=\"2024-05-28T14:38:11+00:00\" \/>\n<meta property=\"article:modified_time\" content=\"2024-05-30T14:48:56+00:00\" \/>\n<meta property=\"og:image\" content=\"https:\/\/www.youthforequality.sk\/wp-content\/uploads\/2024\/05\/WhatsApp-Image-2024-05-13-at-11.03.09-1.jpeg\" \/>\n\t<meta property=\"og:image:width\" content=\"895\" \/>\n\t<meta property=\"og:image:height\" content=\"875\" \/>\n\t<meta property=\"og:image:type\" content=\"image\/jpeg\" \/>\n<meta name=\"author\" content=\"Silvia Jasenecova\" \/>\n<meta name=\"twitter:card\" content=\"summary_large_image\" \/>\n<meta name=\"twitter:label1\" content=\"Autor\" \/>\n\t<meta name=\"twitter:data1\" content=\"Silvia Jasenecova\" \/>\n\t<meta name=\"twitter:label2\" content=\"Predpokladan\u00fd \u010das \u010d\u00edtania\" \/>\n\t<meta name=\"twitter:data2\" content=\"5 min\u00fat\" \/>\n<script type=\"application\/ld+json\" class=\"yoast-schema-graph\">{\"@context\":\"https:\\\/\\\/schema.org\",\"@graph\":[{\"@type\":\"Article\",\"@id\":\"https:\\\/\\\/www.youthforequality.sk\\\/index.php\\\/2024\\\/05\\\/28\\\/erasmus-projekt-portugalsko-green-rhapsody-of-optimistic-world\\\/#article\",\"isPartOf\":{\"@id\":\"https:\\\/\\\/www.youthforequality.sk\\\/index.php\\\/2024\\\/05\\\/28\\\/erasmus-projekt-portugalsko-green-rhapsody-of-optimistic-world\\\/\"},\"author\":{\"name\":\"Silvia Jasenecova\",\"@id\":\"https:\\\/\\\/www.youthforequality.sk\\\/#\\\/schema\\\/person\\\/d342f25e638d824527d3b78bbfb97324\"},\"headline\":\"Erasmus+ projekt, Portugalsko &#8222;Green Rhapsody of Optimistic World&#8220;\",\"datePublished\":\"2024-05-28T14:38:11+00:00\",\"dateModified\":\"2024-05-30T14:48:56+00:00\",\"mainEntityOfPage\":{\"@id\":\"https:\\\/\\\/www.youthforequality.sk\\\/index.php\\\/2024\\\/05\\\/28\\\/erasmus-projekt-portugalsko-green-rhapsody-of-optimistic-world\\\/\"},\"wordCount\":911,\"publisher\":{\"@id\":\"https:\\\/\\\/www.youthforequality.sk\\\/#organization\"},\"image\":{\"@id\":\"https:\\\/\\\/www.youthforequality.sk\\\/index.php\\\/2024\\\/05\\\/28\\\/erasmus-projekt-portugalsko-green-rhapsody-of-optimistic-world\\\/#primaryimage\"},\"thumbnailUrl\":\"https:\\\/\\\/www.youthforequality.sk\\\/wp-content\\\/uploads\\\/2024\\\/05\\\/WhatsApp-Image-2024-05-13-at-11.03.09-1.jpeg\",\"articleSection\":[\"Blog\"],\"inLanguage\":\"sk-SK\"},{\"@type\":\"WebPage\",\"@id\":\"https:\\\/\\\/www.youthforequality.sk\\\/index.php\\\/2024\\\/05\\\/28\\\/erasmus-projekt-portugalsko-green-rhapsody-of-optimistic-world\\\/\",\"url\":\"https:\\\/\\\/www.youthforequality.sk\\\/index.php\\\/2024\\\/05\\\/28\\\/erasmus-projekt-portugalsko-green-rhapsody-of-optimistic-world\\\/\",\"name\":\"Erasmus+ projekt, Portugalsko \\\"Green Rhapsody of Optimistic World\\\" |\",\"isPartOf\":{\"@id\":\"https:\\\/\\\/www.youthforequality.sk\\\/#website\"},\"primaryImageOfPage\":{\"@id\":\"https:\\\/\\\/www.youthforequality.sk\\\/index.php\\\/2024\\\/05\\\/28\\\/erasmus-projekt-portugalsko-green-rhapsody-of-optimistic-world\\\/#primaryimage\"},\"image\":{\"@id\":\"https:\\\/\\\/www.youthforequality.sk\\\/index.php\\\/2024\\\/05\\\/28\\\/erasmus-projekt-portugalsko-green-rhapsody-of-optimistic-world\\\/#primaryimage\"},\"thumbnailUrl\":\"https:\\\/\\\/www.youthforequality.sk\\\/wp-content\\\/uploads\\\/2024\\\/05\\\/WhatsApp-Image-2024-05-13-at-11.03.09-1.jpeg\",\"datePublished\":\"2024-05-28T14:38:11+00:00\",\"dateModified\":\"2024-05-30T14:48:56+00:00\",\"breadcrumb\":{\"@id\":\"https:\\\/\\\/www.youthforequality.sk\\\/index.php\\\/2024\\\/05\\\/28\\\/erasmus-projekt-portugalsko-green-rhapsody-of-optimistic-world\\\/#breadcrumb\"},\"inLanguage\":\"sk-SK\",\"potentialAction\":[{\"@type\":\"ReadAction\",\"target\":[\"https:\\\/\\\/www.youthforequality.sk\\\/index.php\\\/2024\\\/05\\\/28\\\/erasmus-projekt-portugalsko-green-rhapsody-of-optimistic-world\\\/\"]}]},{\"@type\":\"ImageObject\",\"inLanguage\":\"sk-SK\",\"@id\":\"https:\\\/\\\/www.youthforequality.sk\\\/index.php\\\/2024\\\/05\\\/28\\\/erasmus-projekt-portugalsko-green-rhapsody-of-optimistic-world\\\/#primaryimage\",\"url\":\"https:\\\/\\\/www.youthforequality.sk\\\/wp-content\\\/uploads\\\/2024\\\/05\\\/WhatsApp-Image-2024-05-13-at-11.03.09-1.jpeg\",\"contentUrl\":\"https:\\\/\\\/www.youthforequality.sk\\\/wp-content\\\/uploads\\\/2024\\\/05\\\/WhatsApp-Image-2024-05-13-at-11.03.09-1.jpeg\",\"width\":895,\"height\":875},{\"@type\":\"BreadcrumbList\",\"@id\":\"https:\\\/\\\/www.youthforequality.sk\\\/index.php\\\/2024\\\/05\\\/28\\\/erasmus-projekt-portugalsko-green-rhapsody-of-optimistic-world\\\/#breadcrumb\",\"itemListElement\":[{\"@type\":\"ListItem\",\"position\":1,\"name\":\"Home\",\"item\":\"https:\\\/\\\/www.youthforequality.sk\\\/\"},{\"@type\":\"ListItem\",\"position\":2,\"name\":\"Erasmus+ projekt, Portugalsko &#8220;Green Rhapsody of Optimistic World&#8221;\"}]},{\"@type\":\"WebSite\",\"@id\":\"https:\\\/\\\/www.youthforequality.sk\\\/#website\",\"url\":\"https:\\\/\\\/www.youthforequality.sk\\\/\",\"name\":\"\",\"description\":\"\",\"publisher\":{\"@id\":\"https:\\\/\\\/www.youthforequality.sk\\\/#organization\"},\"potentialAction\":[{\"@type\":\"SearchAction\",\"target\":{\"@type\":\"EntryPoint\",\"urlTemplate\":\"https:\\\/\\\/www.youthforequality.sk\\\/?s={search_term_string}\"},\"query-input\":{\"@type\":\"PropertyValueSpecification\",\"valueRequired\":true,\"valueName\":\"search_term_string\"}}],\"inLanguage\":\"sk-SK\"},{\"@type\":\"Organization\",\"@id\":\"https:\\\/\\\/www.youthforequality.sk\\\/#organization\",\"name\":\"Youth for Equality\",\"url\":\"https:\\\/\\\/www.youthforequality.sk\\\/\",\"logo\":{\"@type\":\"ImageObject\",\"inLanguage\":\"sk-SK\",\"@id\":\"https:\\\/\\\/www.youthforequality.sk\\\/#\\\/schema\\\/logo\\\/image\\\/\",\"url\":\"https:\\\/\\\/www.youthforequality.sk\\\/wp-content\\\/uploads\\\/2021\\\/01\\\/vynovene-logo-nove-farby_modra-na-web.png\",\"contentUrl\":\"https:\\\/\\\/www.youthforequality.sk\\\/wp-content\\\/uploads\\\/2021\\\/01\\\/vynovene-logo-nove-farby_modra-na-web.png\",\"width\":1,\"height\":1,\"caption\":\"Youth for Equality\"},\"image\":{\"@id\":\"https:\\\/\\\/www.youthforequality.sk\\\/#\\\/schema\\\/logo\\\/image\\\/\"},\"sameAs\":[\"https:\\\/\\\/www.facebook.com\\\/yeslovakia\"]},{\"@type\":\"Person\",\"@id\":\"https:\\\/\\\/www.youthforequality.sk\\\/#\\\/schema\\\/person\\\/d342f25e638d824527d3b78bbfb97324\",\"name\":\"Silvia Jasenecova\",\"image\":{\"@type\":\"ImageObject\",\"inLanguage\":\"sk-SK\",\"@id\":\"https:\\\/\\\/secure.gravatar.com\\\/avatar\\\/43a8960df19336b9cc573e7be97a8f9c2f855c68a8e7248718d7ba5b039477bb?s=96&d=mm&r=g\",\"url\":\"https:\\\/\\\/secure.gravatar.com\\\/avatar\\\/43a8960df19336b9cc573e7be97a8f9c2f855c68a8e7248718d7ba5b039477bb?s=96&d=mm&r=g\",\"contentUrl\":\"https:\\\/\\\/secure.gravatar.com\\\/avatar\\\/43a8960df19336b9cc573e7be97a8f9c2f855c68a8e7248718d7ba5b039477bb?s=96&d=mm&r=g\",\"caption\":\"Silvia Jasenecova\"},\"url\":\"https:\\\/\\\/www.youthforequality.sk\\\/index.php\\\/author\\\/natalier\\\/\"}]}<\/script>\n<!-- \/ Yoast SEO plugin. -->","yoast_head_json":{"title":"Erasmus+ projekt, Portugalsko \"Green Rhapsody of Optimistic World\" |","robots":{"index":"index","follow":"follow","max-snippet":"max-snippet:-1","max-image-preview":"max-image-preview:large","max-video-preview":"max-video-preview:-1"},"canonical":"https:\/\/www.youthforequality.sk\/index.php\/2024\/05\/28\/erasmus-projekt-portugalsko-green-rhapsody-of-optimistic-world\/","og_locale":"sk_SK","og_type":"article","og_title":"Erasmus+ projekt, Portugalsko \"Green Rhapsody of Optimistic World\" |","og_description":"10.5. &#8211; N\u00e1\u0161 de\u0148 sa za\u010dal cestovan\u00edm z Trnavy do Bratislavy, kde sme mali chv\u00ed\u013eu \u010das na prestup autobusu do Viedne. Tento \u010das sme vyu\u017eili na obed. Na letisko sme pri\u0161li s \u010dasovou rezervou a na\u0161li svoj &#8222;gate&#8220;. Let trval cca 3 hodiny. V Porte n\u00e1s pr\u00edjemne prekvapilo po\u010dasie, ktor\u00e9 sme ocenili a vydali sa&hellip;&nbsp;\u010c\u00edta\u0165 viac &raquo;Erasmus+ projekt, Portugalsko &#8222;Green Rhapsody of Optimistic World&#8220;","og_url":"https:\/\/www.youthforequality.sk\/index.php\/2024\/05\/28\/erasmus-projekt-portugalsko-green-rhapsody-of-optimistic-world\/","article_publisher":"https:\/\/www.facebook.com\/yeslovakia","article_published_time":"2024-05-28T14:38:11+00:00","article_modified_time":"2024-05-30T14:48:56+00:00","og_image":[{"width":895,"height":875,"url":"https:\/\/www.youthforequality.sk\/wp-content\/uploads\/2024\/05\/WhatsApp-Image-2024-05-13-at-11.03.09-1.jpeg","type":"image\/jpeg"}],"author":"Silvia Jasenecova","twitter_card":"summary_large_image","twitter_misc":{"Autor":"Silvia Jasenecova","Predpokladan\u00fd \u010das \u010d\u00edtania":"5 min\u00fat"},"schema":{"@context":"https:\/\/schema.org","@graph":[{"@type":"Article","@id":"https:\/\/www.youthforequality.sk\/index.php\/2024\/05\/28\/erasmus-projekt-portugalsko-green-rhapsody-of-optimistic-world\/#article","isPartOf":{"@id":"https:\/\/www.youthforequality.sk\/index.php\/2024\/05\/28\/erasmus-projekt-portugalsko-green-rhapsody-of-optimistic-world\/"},"author":{"name":"Silvia Jasenecova","@id":"https:\/\/www.youthforequality.sk\/#\/schema\/person\/d342f25e638d824527d3b78bbfb97324"},"headline":"Erasmus+ projekt, Portugalsko &#8222;Green Rhapsody of Optimistic World&#8220;","datePublished":"2024-05-28T14:38:11+00:00","dateModified":"2024-05-30T14:48:56+00:00","mainEntityOfPage":{"@id":"https:\/\/www.youthforequality.sk\/index.php\/2024\/05\/28\/erasmus-projekt-portugalsko-green-rhapsody-of-optimistic-world\/"},"wordCount":911,"publisher":{"@id":"https:\/\/www.youthforequality.sk\/#organization"},"image":{"@id":"https:\/\/www.youthforequality.sk\/index.php\/2024\/05\/28\/erasmus-projekt-portugalsko-green-rhapsody-of-optimistic-world\/#primaryimage"},"thumbnailUrl":"https:\/\/www.youthforequality.sk\/wp-content\/uploads\/2024\/05\/WhatsApp-Image-2024-05-13-at-11.03.09-1.jpeg","articleSection":["Blog"],"inLanguage":"sk-SK"},{"@type":"WebPage","@id":"https:\/\/www.youthforequality.sk\/index.php\/2024\/05\/28\/erasmus-projekt-portugalsko-green-rhapsody-of-optimistic-world\/","url":"https:\/\/www.youthforequality.sk\/index.php\/2024\/05\/28\/erasmus-projekt-portugalsko-green-rhapsody-of-optimistic-world\/","name":"Erasmus+ projekt, Portugalsko \"Green Rhapsody of Optimistic World\" |","isPartOf":{"@id":"https:\/\/www.youthforequality.sk\/#website"},"primaryImageOfPage":{"@id":"https:\/\/www.youthforequality.sk\/index.php\/2024\/05\/28\/erasmus-projekt-portugalsko-green-rhapsody-of-optimistic-world\/#primaryimage"},"image":{"@id":"https:\/\/www.youthforequality.sk\/index.php\/2024\/05\/28\/erasmus-projekt-portugalsko-green-rhapsody-of-optimistic-world\/#primaryimage"},"thumbnailUrl":"https:\/\/www.youthforequality.sk\/wp-content\/uploads\/2024\/05\/WhatsApp-Image-2024-05-13-at-11.03.09-1.jpeg","datePublished":"2024-05-28T14:38:11+00:00","dateModified":"2024-05-30T14:48:56+00:00","breadcrumb":{"@id":"https:\/\/www.youthforequality.sk\/index.php\/2024\/05\/28\/erasmus-projekt-portugalsko-green-rhapsody-of-optimistic-world\/#breadcrumb"},"inLanguage":"sk-SK","potentialAction":[{"@type":"ReadAction","target":["https:\/\/www.youthforequality.sk\/index.php\/2024\/05\/28\/erasmus-projekt-portugalsko-green-rhapsody-of-optimistic-world\/"]}]},{"@type":"ImageObject","inLanguage":"sk-SK","@id":"https:\/\/www.youthforequality.sk\/index.php\/2024\/05\/28\/erasmus-projekt-portugalsko-green-rhapsody-of-optimistic-world\/#primaryimage","url":"https:\/\/www.youthforequality.sk\/wp-content\/uploads\/2024\/05\/WhatsApp-Image-2024-05-13-at-11.03.09-1.jpeg","contentUrl":"https:\/\/www.youthforequality.sk\/wp-content\/uploads\/2024\/05\/WhatsApp-Image-2024-05-13-at-11.03.09-1.jpeg","width":895,"height":875},{"@type":"BreadcrumbList","@id":"https:\/\/www.youthforequality.sk\/index.php\/2024\/05\/28\/erasmus-projekt-portugalsko-green-rhapsody-of-optimistic-world\/#breadcrumb","itemListElement":[{"@type":"ListItem","position":1,"name":"Home","item":"https:\/\/www.youthforequality.sk\/"},{"@type":"ListItem","position":2,"name":"Erasmus+ projekt, Portugalsko &#8220;Green Rhapsody of Optimistic World&#8221;"}]},{"@type":"WebSite","@id":"https:\/\/www.youthforequality.sk\/#website","url":"https:\/\/www.youthforequality.sk\/","name":"","description":"","publisher":{"@id":"https:\/\/www.youthforequality.sk\/#organization"},"potentialAction":[{"@type":"SearchAction","target":{"@type":"EntryPoint","urlTemplate":"https:\/\/www.youthforequality.sk\/?s={search_term_string}"},"query-input":{"@type":"PropertyValueSpecification","valueRequired":true,"valueName":"search_term_string"}}],"inLanguage":"sk-SK"},{"@type":"Organization","@id":"https:\/\/www.youthforequality.sk\/#organization","name":"Youth for Equality","url":"https:\/\/www.youthforequality.sk\/","logo":{"@type":"ImageObject","inLanguage":"sk-SK","@id":"https:\/\/www.youthforequality.sk\/#\/schema\/logo\/image\/","url":"https:\/\/www.youthforequality.sk\/wp-content\/uploads\/2021\/01\/vynovene-logo-nove-farby_modra-na-web.png","contentUrl":"https:\/\/www.youthforequality.sk\/wp-content\/uploads\/2021\/01\/vynovene-logo-nove-farby_modra-na-web.png","width":1,"height":1,"caption":"Youth for Equality"},"image":{"@id":"https:\/\/www.youthforequality.sk\/#\/schema\/logo\/image\/"},"sameAs":["https:\/\/www.facebook.com\/yeslovakia"]},{"@type":"Person","@id":"https:\/\/www.youthforequality.sk\/#\/schema\/person\/d342f25e638d824527d3b78bbfb97324","name":"Silvia Jasenecova","image":{"@type":"ImageObject","inLanguage":"sk-SK","@id":"https:\/\/secure.gravatar.com\/avatar\/43a8960df19336b9cc573e7be97a8f9c2f855c68a8e7248718d7ba5b039477bb?s=96&d=mm&r=g","url":"https:\/\/secure.gravatar.com\/avatar\/43a8960df19336b9cc573e7be97a8f9c2f855c68a8e7248718d7ba5b039477bb?s=96&d=mm&r=g","contentUrl":"https:\/\/secure.gravatar.com\/avatar\/43a8960df19336b9cc573e7be97a8f9c2f855c68a8e7248718d7ba5b039477bb?s=96&d=mm&r=g","caption":"Silvia Jasenecova"},"url":"https:\/\/www.youthforequality.sk\/index.php\/author\/natalier\/"}]}},"_links":{"self":[{"href":"https:\/\/www.youthforequality.sk\/index.php\/wp-json\/wp\/v2\/posts\/7280","targetHints":{"allow":["GET"]}}],"collection":[{"href":"https:\/\/www.youthforequality.sk\/index.php\/wp-json\/wp\/v2\/posts"}],"about":[{"href":"https:\/\/www.youthforequality.sk\/index.php\/wp-json\/wp\/v2\/types\/post"}],"author":[{"embeddable":true,"href":"https:\/\/www.youthforequality.sk\/index.php\/wp-json\/wp\/v2\/users\/7"}],"replies":[{"embeddable":true,"href":"https:\/\/www.youthforequality.sk\/index.php\/wp-json\/wp\/v2\/comments?post=7280"}],"version-history":[{"count":10,"href":"https:\/\/www.youthforequality.sk\/index.php\/wp-json\/wp\/v2\/posts\/7280\/revisions"}],"predecessor-version":[{"id":7295,"href":"https:\/\/www.youthforequality.sk\/index.php\/wp-json\/wp\/v2\/posts\/7280\/revisions\/7295"}],"wp:featuredmedia":[{"embeddable":true,"href":"https:\/\/www.youthforequality.sk\/index.php\/wp-json\/wp\/v2\/media\/7285"}],"wp:attachment":[{"href":"https:\/\/www.youthforequality.sk\/index.php\/wp-json\/wp\/v2\/media?parent=7280"}],"wp:term":[{"taxonomy":"category","embeddable":true,"href":"https:\/\/www.youthforequality.sk\/index.php\/wp-json\/wp\/v2\/categories?post=7280"},{"taxonomy":"post_tag","embeddable":true,"href":"https:\/\/www.youthforequality.sk\/index.php\/wp-json\/wp\/v2\/tags?post=7280"}],"curies":[{"name":"wp","href":"https:\/\/api.w.org\/{rel}","templated":true}]}}